{"id":470126,"date":"2023-10-12T09:00:00","date_gmt":"2023-10-12T12:00:00","guid":{"rendered":"https:\/\/www.suno.com.br\/noticias\/?p=470126"},"modified":"2023-10-12T18:51:54","modified_gmt":"2023-10-12T21:51:54","slug":"editoria-fundos-vale-vale3-investem-gss","status":"publish","type":"post","link":"https:\/\/www.suno.com.br\/noticias\/editoria-fundos-vale-vale3-investem-gss\/","title":{"rendered":"Quais s\u00e3o os fundos que mais investem na Vale (VALE3)?"},"content":{"rendered":"<p>A <a class=\"suno-keyword\" data-force=\"yes\" data-priority=\"2\" href=\"https:\/\/www.suno.com.br\/acoes\/VALE3\/\" target=\"_blank\" rel=\"noopener\">Vale (VALE3)<\/a> n\u00e3o \u00e9 mais uma empresa estatal desde 1997 e, 20 anos ap\u00f3s a privatiza\u00e7\u00e3o, passou por outra importante mudan\u00e7a. Em 2017, a mineradora se tornou uma \u201ccorporation\u201d. Ou seja: passou a ser uma empresa sem controlador definido. Na Vale, n\u00e3o h\u00e1 a figura do <a class=\"suno-keyword\" data-force=\"no\" data-priority=\"1\" href=\"https:\/\/www.suno.com.br\/artigos\/acionista-controlador\/\" target=\"_blank\" rel=\"noopener\">acionista controlador<\/a> nem bloco de controle, e o <a class=\"suno-keyword\" data-force=\"no\" data-priority=\"1\" href=\"https:\/\/www.suno.com.br\/artigos\/free-float\/\" target=\"_blank\" rel=\"noopener\">free float<\/a> \u00e9 superior a 50% das a\u00e7\u00f5es da companhia.<\/p>\t<div class=\"wrapper-featured-image\">\n\t\t<figure class=\"spotlightImg\">\n\n\t\t\t<picture>\n\t\t\t\t<source media=\"(max-width: 768px)\" srcset=\"https:\/\/files.sunoresearch.com.br\/n\/uploads\/2023\/04\/vale_vale3-1-400x200.jpg\">\n\t\t\t\t<img loading=\"lazy\" decoding=\"async\" class=\"newsContent__article__imgCapa lazyloadDisabled \" src=\"https:\/\/files.sunoresearch.com.br\/n\/uploads\/2023\/04\/vale_vale3-1-800x450.jpg\" width=\"800\" height=\"450\" alt=\"Quais s\u00e3o os fundos que mais investem na Vale (VALE3)?\" fetchpriority=high \/>\n\t\t\t<\/picture>\n\n\t\t\t<figcaption class=\"wp-caption-text wp-caption-text--show\">Vale sobe 1,92% e lidera ganhos do dia. Foto: Ag\u00eancia Vale<\/figcaption>\n\t\t<\/figure>\n\t<\/div>\n\n\n\n\n\n\t<p>\n\t\t<a href=\"\" target=\"_blank\" data-element=\"shortcode-suno-banner\" title=\"Banner SUNO, clique e saiba mais\">\n\t\t\t<picture>\n\t\t\t\t<source media=\"(max-width: 500px)\" srcset=\"\">\n\t\t\t\t<img class=\"newsContent__article__imgCapa newsContent__article__imgCapa--banner\"\n\t\t\t\t\tsrc=\"\"\n\t\t\t\t\tdata-promo-id=\"250706\"\t\t\t\t\t\t\t\t\t\t\t\t\t\t\talt=\"\"\n\t\t\t\t>\n\t\t\t<\/picture>\n\t\t<\/a>\n\t<\/p>\n\n\n\n\n\n\n\n<p>\u201cA Vale era controlada por uma estrutura bem complexa de holdings. Quando essa <strong>estrutura da Vale<\/strong> foi desfeita e os acionistas passaram a estar diretamente na empresa. Esse controle passou a ser mais pulverizado\u201d, explica Vitor Duarte, CIO da Suno Asset. <\/p>\n\n\n\n<p>\u201cAtualmente, a maior concentra\u00e7\u00e3o de <strong>a\u00e7\u00f5es da Vale<\/strong> est\u00e1 nas m\u00e3os de algumas institui\u00e7\u00f5es, incluindo a Previ do Banco do Brasil (BBAS3), Mitsui e BlackRock, todas detendo mais de 6% do capital total da empresa. Essa \u00e9, de fato, a finalidade de uma corporation: ter decis\u00f5es descentralizadas que envolvem diversos players, tornando a tomada de decis\u00f5es mais complexa e menos monocr\u00e1tica\u201d, completa o analista Vinicius Steniski.<\/p>\n\n\n\n<p>Al\u00e9m das fatias significativas detidas pelas institui\u00e7\u00f5es citadas acima, \u00e9 natural que muitos <a class=\"suno-keyword\" data-force=\"no\" data-priority=\"2\" href=\"https:\/\/www.suno.com.br\/artigos\/fundos-de-investimento-exterior\/\" target=\"_blank\" rel=\"noopener\"><strong>fundos de investimento<\/strong><\/a> tamb\u00e9m apliquem na Vale, tendo em vista que ela \u00e9 a empresa com maior participa\u00e7\u00e3o e peso no Ibovespa. Alguns, ali\u00e1s, possuem apenas <strong>pap\u00e9is da mineradora<\/strong> em seu portf\u00f3lio. \u00c9 o caso do <strong>Carteira Ativa II FIA,<\/strong> da Funcef, com cerca de R$ 1,5 bilh\u00e3o investidos na mineradora, maior valor entre todos os fundos.<\/p>\n\n\n\n<p>O segundo da lista, <strong>Caixa FMP FGTS Vale II<\/strong>, vai na mesma linha, assim como o <strong>Caixa FIA Vale do Rio Doce<\/strong>, terceiro fundo com maior participa\u00e7\u00e3o na mineradora. Al\u00e9m de terem em comum o investimento apenas nos pap\u00e9is Vale, esses tr\u00eas fundos t\u00eam uma outra semelhan\u00e7a: todos s\u00e3o geridos pela Caixa. O Carteira Ativa II FIA, por exemplo, \u00e9 o fundo de pens\u00e3o que gerencia a previd\u00eancia dos funcion\u00e1rios do banco, enquanto os outros dois s\u00e3o voltados para o p\u00fablico geral. Juntos, eles investem mais de R$ 2,8 bilh\u00f5es na Vale.<\/p>\n\n\n\n<p>\u201cO Caixa FIA Vale do Rio Doce, por exemplo, \u00e9 um <strong>fundo da Caixa<\/strong> para <a class=\"suno-keyword\" data-force=\"no\" data-priority=\"2\" href=\"https:\/\/www.suno.com.br\/artigos\/pessoa-fisica\/\" target=\"_blank\" rel=\"noopener\">pessoas f\u00edsicas<\/a>. Um fundo monotem\u00e1tico que investe s\u00f3 naquela a\u00e7\u00e3o. O Caixa FMP FGTS Vale II tem a mesma estrat\u00e9gia e foi criado em 2002, quando pessoas puderam direcionar parte do seu FGTS para a\u00e7\u00f5es da Vale, algo parecido com o que aconteceu recentemente com a Eletrobras\u201d, afirma Vitor Duarte.<\/p>\n\n\n\t<p>\n\t\t<a href=\"https:\/\/lp.suno.com.br\/ebook-como-analisar-uma-acao\/\" target=\"_blank\" data-element=\"shortcode-suno-banner\" title=\"Banner SUNO, clique e saiba mais\">\n\t\t\t<picture>\n\t\t\t\t<source media=\"(max-width: 500px)\" srcset=\"https:\/\/files.sunoresearch.com.br\/n\/uploads\/2023\/03\/Ebook-Acoes-Mobile.jpg\">\n\t\t\t\t<img class=\"newsContent__article__imgCapa newsContent__article__imgCapa--banner\"\n\t\t\t\t\tsrc=\"https:\/\/files.sunoresearch.com.br\/n\/uploads\/2023\/03\/Ebook-Acoes-Desktop.jpg\"\n\t\t\t\t\tdata-promo-id=\"378302\"\t\t\t\t\t\t\t\t\t\twidth='1420' height='286'\t\t\t\t\talt=\"https:\/\/files.sunoresearch.com.br\/n\/uploads\/2023\/03\/Ebook-Acoes-Desktop.jpg\"\n\t\t\t\t>\n\t\t\t<\/picture>\n\t\t<\/a>\n\t<\/p>\n\n\n\n\n\n<h2 class=\"wp-block-heading\">Vale: um dos fundos tem US$ 609 mi investidos na mineradora<\/h2>\n\n\n\n<p>O Singular FIA, da Funda\u00e7\u00e3o Cesp, \u00e9 o quarto fundo de maior <strong>participa\u00e7\u00e3o na Vale<\/strong>, com cerca de R$ 609 milh\u00f5es investidos nos pap\u00e9is da companhia. O portf\u00f3lio do fundo \u00e9 91% composto por a\u00e7\u00f5es da mineradora, e o restante \u00e9 aplicado na holding Litela Participa\u00e7\u00f5es (LTLA3B).<\/p>\n\n\n\n<p>O FIA Alvorada, outro<strong> fundo de pens\u00e3o<\/strong> dos funcion\u00e1rios da Caixa, completa o top 5 com cerca de R$ 553 milh\u00f5es investidos na Vale. Esse \u00e9 o \u00fanico da lista com um portf\u00f3lio mais diversificado, que conta tamb\u00e9m com a\u00e7\u00f5es da <a class=\"suno-keyword\" data-force=\"yes\" data-priority=\"2\" href=\"https:\/\/www.suno.com.br\/acoes\/PETR4\/\" target=\"_blank\" rel=\"noopener\">Petrobras (PETR4)<\/a>, <a class=\"suno-keyword\" data-force=\"yes\" data-priority=\"2\" href=\"https:\/\/www.suno.com.br\/acoes\/ELET3\/\" target=\"_blank\" rel=\"noopener\">Eletrobras (ELET3)<\/a>, <a class=\"suno-keyword\" data-force=\"yes\" data-priority=\"2\" href=\"https:\/\/www.suno.com.br\/acoes\/B3SA3\/\" target=\"_blank\" rel=\"noopener\">B3 (B3SA3)<\/a>, Banco do Brasil (BBSA3), <a class=\"suno-keyword\" data-force=\"yes\" data-priority=\"2\" href=\"https:\/\/www.suno.com.br\/acoes\/ITUB4\/\" target=\"_blank\" rel=\"noopener\">Ita\u00fa (ITUB4)<\/a> e <a class=\"suno-keyword\" data-force=\"yes\" data-priority=\"2\" href=\"https:\/\/www.suno.com.br\/acoes\/BBDC4\/\" target=\"_blank\" rel=\"noopener\">Bradesco (BBDC4)<\/a>, por exemplo.<\/p>\n\n\n\n<p>\u201cEm rela\u00e7\u00e3o \u00e0 estrat\u00e9gia dos fundos, a maioria deles s\u00e3o <a class=\"suno-keyword\" target=\"_blank\" data-force=\"no\" data-priority=\"2\" href=\"https:\/\/www.suno.com.br\/artigos\/fundos-de-investimento-exterior\/\" rel=\"noopener\">fundos de investimento<\/a> em a\u00e7\u00f5es (FIA) com estrat\u00e9gias de <a class=\"suno-keyword\" target=\"_blank\" data-force=\"no\" data-priority=\"1\" href=\"https:\/\/www.suno.com.br\/artigos\/longo-prazo\/\" rel=\"noopener\">longo prazo<\/a>, alguns com \u00eanfase em <a class=\"suno-keyword\" target=\"_blank\" data-force=\"no\" data-priority=\"1\" href=\"https:\/\/www.suno.com.br\/guias\/dividendos\/\" rel=\"noopener\">dividendos<\/a>. \u00c9 importante observar que os fundos com foco em dividendos n\u00e3o distribuem os proventos aos cotistas, mas os reinvestem no pr\u00f3prio fundo\u201d, comenta Vinicius Steniski.<\/p>\n\n\n\n<p>Dado o tamanho desses fundos, Vitor Duarte chama a aten\u00e7\u00e3o para a poss\u00edvel influ\u00eancia que eles exercem dentro da companhia, sobretudo quando se pensa na Caixa Econ\u00f4mica Federal.<\/p>\n\n\n\n<p>\u201cExiste uma influ\u00eancia desses fundos de pens\u00e3o como o da Funcef e o da Cesp na Vale, quando se fala por exemplo em elei\u00e7\u00f5es dos membros do conselho. N\u00e3o s\u00e3o controladores da empresa diretamente, mas exercem influ\u00eancia, sim. Ent\u00e3o como a Caixa \u00e9 uma gestora, ela representa esses cotistas. Caso queira exercer sua influ\u00eancia, o faz por meio das vota\u00e7\u00f5es\u201d, afirma.<\/p>\n\n\n\n<p>Vinicius Steniski, por sua vez, relativiza essa influ\u00eancia, citando uma baixa participa\u00e7\u00e3o dos fundos no <a class=\"suno-keyword\" target=\"_blank\" data-force=\"no\" data-priority=\"2\" href=\"https:\/\/www.suno.com.br\/artigos\/capital-social\/\" rel=\"noopener\">capital social<\/a> da Vale.<\/p>\n\n\n\n<p>\u201cCom a transi\u00e7\u00e3o para o formato de corporation, as institui\u00e7\u00f5es acabam perdendo poder de voto, e os fundos e gestoras listados n\u00e3o chegam a exercer influ\u00eancia significativa na gest\u00e3o da empresa. Para entendermos mais profundamente: os fundos possuem participa\u00e7\u00e3o menor que 1% do total do <a class=\"suno-keyword\" data-force=\"no\" data-priority=\"1\" href=\"https:\/\/www.suno.com.br\/artigos\/valor-de-mercado\/\" target=\"_blank\" rel=\"noopener\">valor de mercado<\/a> da companhia. Quando agrupamos os fundos da mesma gestora, tamb\u00e9m n\u00e3o vemos participa\u00e7\u00f5es que cheguem a 1% do <a class=\"suno-keyword\" data-force=\"no\" data-priority=\"2\" href=\"https:\/\/www.suno.com.br\/artigos\/capital-social\/\" target=\"_blank\" rel=\"noopener\">capital social<\/a> total\u201d, completa, ao falar dos fundos da <strong>Vale<\/strong>.<\/p>\n\n\n\t<p>\n\t\t<a href=\"https:\/\/lp.suno.com.br\/plataforma-de-controle-de-investimentos\/\" target=\"_blank\" data-element=\"shortcode-suno-banner\" title=\"Banner SUNO, clique e saiba mais\">\n\t\t\t<picture>\n\t\t\t\t<source media=\"(max-width: 500px)\" srcset=\"https:\/\/files.sunoresearch.com.br\/n\/uploads\/2023\/03\/400x300-Controle-de-Investimentos.png\">\n\t\t\t\t<img class=\"newsContent__article__imgCapa newsContent__article__imgCapa--banner\"\n\t\t\t\t\tsrc=\"https:\/\/files.sunoresearch.com.br\/n\/uploads\/2023\/03\/1420x240-Controle-de-Investimentos.png\"\n\t\t\t\t\tdata-promo-id=\"383162\"\t\t\t\t\t\t\t\t\t\twidth='1420' height='240'\t\t\t\t\talt=\"https:\/\/files.sunoresearch.com.br\/n\/uploads\/2023\/03\/1420x240-Controle-de-Investimentos.png\"\n\t\t\t\t>\n\t\t\t<\/picture>\n\t\t<\/a>\n\t<\/p>\n\n\n","protected":false},"excerpt":{"rendered":"<p>A Vale (VALE3) n\u00e3o \u00e9 mais uma empresa estatal desde 1997 e, 20 anos ap\u00f3s a privatiza\u00e7\u00e3o, passou por outra importante mudan\u00e7a. Em 2017, a mineradora se tornou uma \u201ccorporation\u201d. Ou seja: passou a ser uma empresa sem controlador definido. Na Vale, n\u00e3o h\u00e1 a figura do acionista controlador nem bloco de controle, e o [&hellip;]<\/p>\n","protected":false},"author":322,"featured_media":394402,"comment_status":"closed","ping_status":"closed","sticky":false,"template":"","format":"standard","meta":[],"categories":[60],"tags":[286,313,676],"suno_strategy":[],"class_list":["post-470126","post","type-post","status-publish","format-standard","has-post-thumbnail","hentry","category-mercado","tag-acoes","tag-fundos-de-investimento","tag-vale-vale3"],"yoast_head":"<!-- This site is optimized with the Yoast SEO plugin v24.4 - https:\/\/yoast.com\/wordpress\/plugins\/seo\/ -->\n<title>Quais s\u00e3o os fundos que mais investem na Vale (VALE3)?<\/title>\n<meta name=\"description\" content=\"A Vale n\u00e3o tem acionista controlador nem bloco de controle, e o free float \u00e9 superior a 50% das a\u00e7\u00f5es da companhia. Que fundos investem?\" \/>\n<meta name=\"robots\" content=\"index, follow, max-snippet:-1, max-image-preview:large, max-video-preview:-1\" \/>\n<link rel=\"canonical\" href=\"https:\/\/www.suno.com.br\/noticias\/editoria-fundos-vale-vale3-investem-gss\/\" \/>\n<meta property=\"og:locale\" content=\"pt_BR\" \/>\n<meta property=\"og:type\" content=\"article\" \/>\n<meta property=\"og:title\" content=\"Quais s\u00e3o os fundos que mais investem na Vale (VALE3)?\" \/>\n<meta property=\"og:description\" content=\"A Vale n\u00e3o tem acionista controlador nem bloco de controle, e o free float \u00e9 superior a 50% das a\u00e7\u00f5es da companhia. Que fundos investem?\" \/>\n<meta property=\"og:url\" content=\"https:\/\/www.suno.com.br\/noticias\/editoria-fundos-vale-vale3-investem-gss\/\" \/>\n<meta property=\"og:site_name\" content=\"Suno Not\u00edcias\" \/>\n<meta property=\"article:publisher\" content=\"https:\/\/facebook.com\/sunoresearch\" \/>\n<meta property=\"og:image\" content=\"https:\/\/files.sunoresearch.com.br\/n\/uploads\/2023\/04\/vale_vale3-1.jpg\" \/>\n\t<meta property=\"og:image:width\" content=\"1200\" \/>\n\t<meta property=\"og:image:height\" content=\"801\" \/>\n\t<meta property=\"og:image:type\" content=\"image\/jpeg\" \/>\n<meta name=\"author\" content=\"Guilherme Serrano Silva\" \/>\n<meta name=\"twitter:card\" content=\"summary_large_image\" \/>\n<meta name=\"twitter:creator\" content=\"@sunoresearch\" \/>\n<meta name=\"twitter:site\" content=\"@sunoresearch\" \/>\n<meta name=\"twitter:label1\" content=\"Escrito por\" \/>\n\t<meta name=\"twitter:data1\" content=\"Guilherme Serrano Silva\" \/>\n\t<meta name=\"twitter:label2\" content=\"Est. tempo de leitura\" \/>\n\t<meta name=\"twitter:data2\" content=\"5 minutos\" \/>\n<script type=\"application\/ld+json\" class=\"yoast-schema-graph\">{\"@context\":\"https:\/\/schema.org\",\"@graph\":[{\"@type\":\"NewsArticle\",\"@id\":\"https:\/\/www.suno.com.br\/noticias\/editoria-fundos-vale-vale3-investem-gss\/#article\",\"isPartOf\":{\"@id\":\"https:\/\/www.suno.com.br\/noticias\/editoria-fundos-vale-vale3-investem-gss\/\"},\"author\":{\"name\":\"Guilherme Serrano Silva\",\"@id\":\"https:\/\/www.suno.com.br\/noticias\/#\/schema\/person\/4a72de8e10febe6d8a50711404b010b3\"},\"headline\":\"Quais s\u00e3o os fundos que mais investem na Vale (VALE3)?\",\"datePublished\":\"2023-10-12T12:00:00+00:00\",\"dateModified\":\"2023-10-12T21:51:54+00:00\",\"mainEntityOfPage\":{\"@id\":\"https:\/\/www.suno.com.br\/noticias\/editoria-fundos-vale-vale3-investem-gss\/\"},\"wordCount\":825,\"publisher\":{\"@id\":\"https:\/\/www.suno.com.br\/noticias\/#organization\"},\"image\":{\"@id\":\"https:\/\/www.suno.com.br\/noticias\/editoria-fundos-vale-vale3-investem-gss\/#primaryimage\"},\"thumbnailUrl\":\"https:\/\/files.sunoresearch.com.br\/n\/uploads\/2023\/04\/vale_vale3-1.jpg\",\"keywords\":[\"A\u00e7\u00f5es\",\"Fundos de investimento\",\"Vale (VALE3)\"],\"articleSection\":[\"Mercado\"],\"inLanguage\":\"pt-BR\"},{\"@type\":\"WebPage\",\"@id\":\"https:\/\/www.suno.com.br\/noticias\/editoria-fundos-vale-vale3-investem-gss\/\",\"url\":\"https:\/\/www.suno.com.br\/noticias\/editoria-fundos-vale-vale3-investem-gss\/\",\"name\":\"Quais s\u00e3o os fundos que mais investem na Vale (VALE3)?\",\"isPartOf\":{\"@id\":\"https:\/\/www.suno.com.br\/noticias\/#website\"},\"primaryImageOfPage\":{\"@id\":\"https:\/\/www.suno.com.br\/noticias\/editoria-fundos-vale-vale3-investem-gss\/#primaryimage\"},\"image\":{\"@id\":\"https:\/\/www.suno.com.br\/noticias\/editoria-fundos-vale-vale3-investem-gss\/#primaryimage\"},\"thumbnailUrl\":\"https:\/\/files.sunoresearch.com.br\/n\/uploads\/2023\/04\/vale_vale3-1.jpg\",\"datePublished\":\"2023-10-12T12:00:00+00:00\",\"dateModified\":\"2023-10-12T21:51:54+00:00\",\"description\":\"A Vale n\u00e3o tem acionista controlador nem bloco de controle, e o free float \u00e9 superior a 50% das a\u00e7\u00f5es da companhia. Que fundos investem?\",\"breadcrumb\":{\"@id\":\"https:\/\/www.suno.com.br\/noticias\/editoria-fundos-vale-vale3-investem-gss\/#breadcrumb\"},\"inLanguage\":\"pt-BR\",\"potentialAction\":[{\"@type\":\"ReadAction\",\"target\":[\"https:\/\/www.suno.com.br\/noticias\/editoria-fundos-vale-vale3-investem-gss\/\"]}]},{\"@type\":\"ImageObject\",\"inLanguage\":\"pt-BR\",\"@id\":\"https:\/\/www.suno.com.br\/noticias\/editoria-fundos-vale-vale3-investem-gss\/#primaryimage\",\"url\":\"https:\/\/files.sunoresearch.com.br\/n\/uploads\/2023\/04\/vale_vale3-1.jpg\",\"contentUrl\":\"https:\/\/files.sunoresearch.com.br\/n\/uploads\/2023\/04\/vale_vale3-1.jpg\",\"width\":1200,\"height\":801,\"caption\":\"Vale sobe 1,92% e lidera ganhos do dia. Foto: Ag\u00eancia Vale\"},{\"@type\":\"BreadcrumbList\",\"@id\":\"https:\/\/www.suno.com.br\/noticias\/editoria-fundos-vale-vale3-investem-gss\/#breadcrumb\",\"itemListElement\":[{\"@type\":\"ListItem\",\"position\":1,\"name\":\"Not\u00edcias\",\"item\":\"https:\/\/www.suno.com.br\/noticias\/\"},{\"@type\":\"ListItem\",\"position\":2,\"name\":\"Mercado\",\"item\":\"https:\/\/www.suno.com.br\/noticias\/mercado\/\"},{\"@type\":\"ListItem\",\"position\":3,\"name\":\"Quais s\u00e3o os fundos que mais investem na Vale (VALE3)?\"}]},{\"@type\":\"WebSite\",\"@id\":\"https:\/\/www.suno.com.br\/noticias\/#website\",\"url\":\"https:\/\/www.suno.com.br\/noticias\/\",\"name\":\"Suno Not\u00edcias\",\"description\":\"Seu portal de informa\u00e7\u00e3o sobre o mundo dos investimentos\",\"publisher\":{\"@id\":\"https:\/\/www.suno.com.br\/noticias\/#organization\"},\"potentialAction\":[{\"@type\":\"SearchAction\",\"target\":{\"@type\":\"EntryPoint\",\"urlTemplate\":\"https:\/\/www.suno.com.br\/noticias\/?s={search_term_string}\"},\"query-input\":{\"@type\":\"PropertyValueSpecification\",\"valueRequired\":true,\"valueName\":\"search_term_string\"}}],\"inLanguage\":\"pt-BR\"},{\"@type\":\"Organization\",\"@id\":\"https:\/\/www.suno.com.br\/noticias\/#organization\",\"name\":\"Suno Not\u00edcias\",\"url\":\"https:\/\/www.suno.com.br\/noticias\/\",\"logo\":{\"@type\":\"ImageObject\",\"inLanguage\":\"pt-BR\",\"@id\":\"https:\/\/www.suno.com.br\/noticias\/#\/schema\/logo\/image\/\",\"url\":\"https:\/\/files.sunoresearch.com.br\/n\/uploads\/2021\/09\/suno-logo.png\",\"contentUrl\":\"https:\/\/files.sunoresearch.com.br\/n\/uploads\/2021\/09\/suno-logo.png\",\"width\":180,\"height\":180,\"caption\":\"Suno Not\u00edcias\"},\"image\":{\"@id\":\"https:\/\/www.suno.com.br\/noticias\/#\/schema\/logo\/image\/\"},\"sameAs\":[\"https:\/\/facebook.com\/sunoresearch\",\"https:\/\/x.com\/sunoresearch\",\"https:\/\/www.instagram.com\/suno\",\"https:\/\/www.linkedin.com\/company\/suno-research\/\",\"https:\/\/www.youtube.com\/c\/sunoresearch\"]},{\"@type\":\"Person\",\"@id\":\"https:\/\/www.suno.com.br\/noticias\/#\/schema\/person\/4a72de8e10febe6d8a50711404b010b3\",\"name\":\"Guilherme Serrano Silva\",\"image\":{\"@type\":\"ImageObject\",\"inLanguage\":\"pt-BR\",\"@id\":\"https:\/\/www.suno.com.br\/noticias\/#\/schema\/person\/image\/\",\"url\":\"https:\/\/secure.gravatar.com\/avatar\/aba5eb082d0443f542e94a82c79e9d50?s=96&r=g\",\"contentUrl\":\"https:\/\/secure.gravatar.com\/avatar\/aba5eb082d0443f542e94a82c79e9d50?s=96&r=g\",\"caption\":\"Guilherme Serrano Silva\"},\"description\":\"Jornalista formado pela Faculdade C\u00e1sper L\u00edbero e p\u00f3s-graduado em Can\u00e7\u00e3o Popular pela Faculdade Santa Marcelina. Passagens por R\u00e1dio Gazeta AM, gazetaesportiva.com e TC R\u00e1dio.\",\"url\":\"https:\/\/www.suno.com.br\/noticias\/author\/guilhermeserranosilvagmail-com\/\"}]}<\/script>\n<!-- \/ Yoast SEO plugin. -->","yoast_head_json":{"title":"Quais s\u00e3o os fundos que mais investem na Vale (VALE3)?","description":"A Vale n\u00e3o tem acionista controlador nem bloco de controle, e o free float \u00e9 superior a 50% das a\u00e7\u00f5es da companhia. Que fundos investem?","robots":{"index":"index","follow":"follow","max-snippet":"max-snippet:-1","max-image-preview":"max-image-preview:large","max-video-preview":"max-video-preview:-1"},"canonical":"https:\/\/www.suno.com.br\/noticias\/editoria-fundos-vale-vale3-investem-gss\/","og_locale":"pt_BR","og_type":"article","og_title":"Quais s\u00e3o os fundos que mais investem na Vale (VALE3)?","og_description":"A Vale n\u00e3o tem acionista controlador nem bloco de controle, e o free float \u00e9 superior a 50% das a\u00e7\u00f5es da companhia. Que fundos investem?","og_url":"https:\/\/www.suno.com.br\/noticias\/editoria-fundos-vale-vale3-investem-gss\/","og_site_name":"Suno Not\u00edcias","article_publisher":"https:\/\/facebook.com\/sunoresearch","og_image":[{"width":1200,"height":801,"url":"https:\/\/files.sunoresearch.com.br\/n\/uploads\/2023\/04\/vale_vale3-1.jpg","type":"image\/jpeg"}],"author":"Guilherme Serrano Silva","twitter_card":"summary_large_image","twitter_creator":"@sunoresearch","twitter_site":"@sunoresearch","twitter_misc":{"Escrito por":"Guilherme Serrano Silva","Est. tempo de leitura":"5 minutos"},"schema":{"@context":"https:\/\/schema.org","@graph":[{"@type":"NewsArticle","@id":"https:\/\/www.suno.com.br\/noticias\/editoria-fundos-vale-vale3-investem-gss\/#article","isPartOf":{"@id":"https:\/\/www.suno.com.br\/noticias\/editoria-fundos-vale-vale3-investem-gss\/"},"author":{"name":"Guilherme Serrano Silva","@id":"https:\/\/www.suno.com.br\/noticias\/#\/schema\/person\/4a72de8e10febe6d8a50711404b010b3"},"headline":"Quais s\u00e3o os fundos que mais investem na Vale (VALE3)?","datePublished":"2023-10-12T12:00:00+00:00","dateModified":"2023-10-12T21:51:54+00:00","mainEntityOfPage":{"@id":"https:\/\/www.suno.com.br\/noticias\/editoria-fundos-vale-vale3-investem-gss\/"},"wordCount":825,"publisher":{"@id":"https:\/\/www.suno.com.br\/noticias\/#organization"},"image":{"@id":"https:\/\/www.suno.com.br\/noticias\/editoria-fundos-vale-vale3-investem-gss\/#primaryimage"},"thumbnailUrl":"https:\/\/files.sunoresearch.com.br\/n\/uploads\/2023\/04\/vale_vale3-1.jpg","keywords":["A\u00e7\u00f5es","Fundos de investimento","Vale (VALE3)"],"articleSection":["Mercado"],"inLanguage":"pt-BR"},{"@type":"WebPage","@id":"https:\/\/www.suno.com.br\/noticias\/editoria-fundos-vale-vale3-investem-gss\/","url":"https:\/\/www.suno.com.br\/noticias\/editoria-fundos-vale-vale3-investem-gss\/","name":"Quais s\u00e3o os fundos que mais investem na Vale (VALE3)?","isPartOf":{"@id":"https:\/\/www.suno.com.br\/noticias\/#website"},"primaryImageOfPage":{"@id":"https:\/\/www.suno.com.br\/noticias\/editoria-fundos-vale-vale3-investem-gss\/#primaryimage"},"image":{"@id":"https:\/\/www.suno.com.br\/noticias\/editoria-fundos-vale-vale3-investem-gss\/#primaryimage"},"thumbnailUrl":"https:\/\/files.sunoresearch.com.br\/n\/uploads\/2023\/04\/vale_vale3-1.jpg","datePublished":"2023-10-12T12:00:00+00:00","dateModified":"2023-10-12T21:51:54+00:00","description":"A Vale n\u00e3o tem acionista controlador nem bloco de controle, e o free float \u00e9 superior a 50% das a\u00e7\u00f5es da companhia. Que fundos investem?","breadcrumb":{"@id":"https:\/\/www.suno.com.br\/noticias\/editoria-fundos-vale-vale3-investem-gss\/#breadcrumb"},"inLanguage":"pt-BR","potentialAction":[{"@type":"ReadAction","target":["https:\/\/www.suno.com.br\/noticias\/editoria-fundos-vale-vale3-investem-gss\/"]}]},{"@type":"ImageObject","inLanguage":"pt-BR","@id":"https:\/\/www.suno.com.br\/noticias\/editoria-fundos-vale-vale3-investem-gss\/#primaryimage","url":"https:\/\/files.sunoresearch.com.br\/n\/uploads\/2023\/04\/vale_vale3-1.jpg","contentUrl":"https:\/\/files.sunoresearch.com.br\/n\/uploads\/2023\/04\/vale_vale3-1.jpg","width":1200,"height":801,"caption":"Vale sobe 1,92% e lidera ganhos do dia. Foto: Ag\u00eancia Vale"},{"@type":"BreadcrumbList","@id":"https:\/\/www.suno.com.br\/noticias\/editoria-fundos-vale-vale3-investem-gss\/#breadcrumb","itemListElement":[{"@type":"ListItem","position":1,"name":"Not\u00edcias","item":"https:\/\/www.suno.com.br\/noticias\/"},{"@type":"ListItem","position":2,"name":"Mercado","item":"https:\/\/www.suno.com.br\/noticias\/mercado\/"},{"@type":"ListItem","position":3,"name":"Quais s\u00e3o os fundos que mais investem na Vale (VALE3)?"}]},{"@type":"WebSite","@id":"https:\/\/www.suno.com.br\/noticias\/#website","url":"https:\/\/www.suno.com.br\/noticias\/","name":"Suno Not\u00edcias","description":"Seu portal de informa\u00e7\u00e3o sobre o mundo dos investimentos","publisher":{"@id":"https:\/\/www.suno.com.br\/noticias\/#organization"},"potentialAction":[{"@type":"SearchAction","target":{"@type":"EntryPoint","urlTemplate":"https:\/\/www.suno.com.br\/noticias\/?s={search_term_string}"},"query-input":{"@type":"PropertyValueSpecification","valueRequired":true,"valueName":"search_term_string"}}],"inLanguage":"pt-BR"},{"@type":"Organization","@id":"https:\/\/www.suno.com.br\/noticias\/#organization","name":"Suno Not\u00edcias","url":"https:\/\/www.suno.com.br\/noticias\/","logo":{"@type":"ImageObject","inLanguage":"pt-BR","@id":"https:\/\/www.suno.com.br\/noticias\/#\/schema\/logo\/image\/","url":"https:\/\/files.sunoresearch.com.br\/n\/uploads\/2021\/09\/suno-logo.png","contentUrl":"https:\/\/files.sunoresearch.com.br\/n\/uploads\/2021\/09\/suno-logo.png","width":180,"height":180,"caption":"Suno Not\u00edcias"},"image":{"@id":"https:\/\/www.suno.com.br\/noticias\/#\/schema\/logo\/image\/"},"sameAs":["https:\/\/facebook.com\/sunoresearch","https:\/\/x.com\/sunoresearch","https:\/\/www.instagram.com\/suno","https:\/\/www.linkedin.com\/company\/suno-research\/","https:\/\/www.youtube.com\/c\/sunoresearch"]},{"@type":"Person","@id":"https:\/\/www.suno.com.br\/noticias\/#\/schema\/person\/4a72de8e10febe6d8a50711404b010b3","name":"Guilherme Serrano Silva","image":{"@type":"ImageObject","inLanguage":"pt-BR","@id":"https:\/\/www.suno.com.br\/noticias\/#\/schema\/person\/image\/","url":"https:\/\/secure.gravatar.com\/avatar\/aba5eb082d0443f542e94a82c79e9d50?s=96&r=g","contentUrl":"https:\/\/secure.gravatar.com\/avatar\/aba5eb082d0443f542e94a82c79e9d50?s=96&r=g","caption":"Guilherme Serrano Silva"},"description":"Jornalista formado pela Faculdade C\u00e1sper L\u00edbero e p\u00f3s-graduado em Can\u00e7\u00e3o Popular pela Faculdade Santa Marcelina. Passagens por R\u00e1dio Gazeta AM, gazetaesportiva.com e TC R\u00e1dio.","url":"https:\/\/www.suno.com.br\/noticias\/author\/guilhermeserranosilvagmail-com\/"}]}},"default_loop_html":"<div class=\"cardsPage__listCard__boxs\"><div class=\"cardsPage__listCard__boxs__img\"><a href=\"https:\/\/www.suno.com.br\/noticias\/editoria-fundos-vale-vale3-investem-gss\/\"><img class=\"mask\" src=\"https:\/\/www.suno.com.br\/noticias\/wp-content\/themes\/suno\/resources\/images\/spotlight\/spotlight1img\/bg-mask.png\" alt=\"Image Mask\"\/><img src=\"https:\/\/files.sunoresearch.com.br\/n\/uploads\/2023\/04\/vale_vale3-1-400x200.jpg\" alt=\"Quais s\u00e3o os fundos que mais investem na Vale (VALE3)?\"\/><\/a><span class=\"spotlightCategory\"><a href=\"https:\/\/www.suno.com.br\/noticias\/mercado\/\">Mercado<\/a><\/span><\/div><div class=\"cardsPage__listCard__boxs__content\"><a href=\"https:\/\/www.suno.com.br\/noticias\/editoria-fundos-vale-vale3-investem-gss\/\"><h2 class=\"content__title\">Quais s\u00e3o os fundos que mais investem na Vale (VALE3)?<\/h2><\/a><div class=\"newsContent__article__meta\"><div class=\"newsContent__article__meta__authorBox\"><a href=\"https:\/\/www.suno.com.br\/noticias\/author\/guilhermeserranosilvagmail-com\/\" class=\"authorBox__avatar noMobi\"><img src=\"https:\/\/files.sunoresearch.com.br\/n\/uploads\/2023\/09\/WhatsApp-Image-2023-09-05-at-11.02.17-150x150.jpeg\" alt=\"Guilherme Serrano Silva\"><\/a><div class=\"authorBox__name\"><span>por\n\t\t\t<a href=\"https:\/\/www.suno.com.br\/noticias\/author\/guilhermeserranosilvagmail-com\/\"><span itemprop=\"author\">Guilherme Serrano Silva<\/span><\/a><\/span><time datetime=\"2023-10-12T09:00:00-03:00\" itemprop=\"datePublished\">12\/10\/2023 09:00<\/time><\/div><\/div><\/div><\/div><\/div>","single_layout":"posts","amp_enabled":true,"_links":{"self":[{"href":"https:\/\/www.suno.com.br\/noticias\/wp-json\/wp\/v2\/posts\/470126"}],"collection":[{"href":"https:\/\/www.suno.com.br\/noticias\/wp-json\/wp\/v2\/posts"}],"about":[{"href":"https:\/\/www.suno.com.br\/noticias\/wp-json\/wp\/v2\/types\/post"}],"author":[{"embeddable":true,"href":"https:\/\/www.suno.com.br\/noticias\/wp-json\/wp\/v2\/users\/322"}],"replies":[{"embeddable":true,"href":"https:\/\/www.suno.com.br\/noticias\/wp-json\/wp\/v2\/comments?post=470126"}],"version-history":[{"count":3,"href":"https:\/\/www.suno.com.br\/noticias\/wp-json\/wp\/v2\/posts\/470126\/revisions"}],"predecessor-version":[{"id":470352,"href":"https:\/\/www.suno.com.br\/noticias\/wp-json\/wp\/v2\/posts\/470126\/revisions\/470352"}],"wp:featuredmedia":[{"embeddable":true,"href":"https:\/\/www.suno.com.br\/noticias\/wp-json\/wp\/v2\/media\/394402"}],"wp:attachment":[{"href":"https:\/\/www.suno.com.br\/noticias\/wp-json\/wp\/v2\/media?parent=470126"}],"wp:term":[{"taxonomy":"category","embeddable":true,"href":"https:\/\/www.suno.com.br\/noticias\/wp-json\/wp\/v2\/categories?post=470126"},{"taxonomy":"post_tag","embeddable":true,"href":"https:\/\/www.suno.com.br\/noticias\/wp-json\/wp\/v2\/tags?post=470126"},{"taxonomy":"suno_strategy","embeddable":true,"href":"https:\/\/www.suno.com.br\/noticias\/wp-json\/wp\/v2\/suno_strategy?post=470126"}],"curies":[{"name":"wp","href":"https:\/\/api.w.org\/{rel}","templated":true}]}}