{"id":469661,"date":"2023-10-11T10:30:02","date_gmt":"2023-10-11T13:30:02","guid":{"rendered":"https:\/\/www.suno.com.br\/noticias\/?p=469661"},"modified":"2023-10-11T10:30:09","modified_gmt":"2023-10-11T13:30:09","slug":"destaques-americanas-amer3-telefonica-e-mais-va","status":"publish","type":"post","link":"https:\/\/www.suno.com.br\/noticias\/destaques-americanas-amer3-telefonica-e-mais-va\/","title":{"rendered":"Americanas (AMER3), Telef\u00f4nica (VIVT3) e Azul (AZUL4) est\u00e3o no foco do mercado nesta quarta-feira (11); veja mais destaques\u00a0"},"content":{"rendered":"<p>A informa\u00e7\u00e3o de que a<strong> Americanas<\/strong> (AMER3) apresentou uma nova proposta aos seus credores est\u00e1 entre os destaques desta quarta-feira (11).&nbsp;<\/p>\t<div class=\"wrapper-featured-image\">\n\t\t<figure class=\"spotlightImg\">\n\n\t\t\t<picture>\n\t\t\t\t<source media=\"(max-width: 768px)\" srcset=\"https:\/\/files.sunoresearch.com.br\/n\/uploads\/2023\/09\/mercado-pixabay-400x200.jpg\">\n\t\t\t\t<img loading=\"lazy\" decoding=\"async\" class=\"newsContent__article__imgCapa lazyloadDisabled \" src=\"https:\/\/files.sunoresearch.com.br\/n\/uploads\/2023\/09\/mercado-pixabay-800x450.jpg\" width=\"800\" height=\"450\" alt=\"Americanas (AMER3), Telef\u00f4nica (VIVT3) e Azul (AZUL4) est\u00e3o no foco do mercado nesta quarta-feira (11); veja mais destaques\u00a0\" fetchpriority=high \/>\n\t\t\t<\/picture>\n\n\t\t\t<figcaption class=\"wp-caption-text wp-caption-text--show\">A\u00e7\u00f5es para 2024. Foto: PIxabay<\/figcaption>\n\t\t<\/figure>\n\t<\/div>\n\n\n\n\n\n\t<p>\n\t\t<a href=\"https:\/\/lp.suno.com.br\/planilha-da-vida-financeira\/\" target=\"_blank\" data-element=\"shortcode-suno-banner\" title=\"Banner SUNO, clique e saiba mais\">\n\t\t\t<picture>\n\t\t\t\t<source media=\"(max-width: 500px)\" srcset=\"https:\/\/files.sunoresearch.com.br\/n\/uploads\/2023\/04\/400x300-Planilha-vida-financeira-true.png\">\n\t\t\t\t<img class=\"newsContent__article__imgCapa newsContent__article__imgCapa--banner\"\n\t\t\t\t\tsrc=\"https:\/\/files.sunoresearch.com.br\/n\/uploads\/2023\/04\/1420x240-Planilha-vida-financeira-true.png\"\n\t\t\t\t\tdata-promo-id=\"106682\"\t\t\t\t\t\t\t\t\t\twidth='1420' height='240'\t\t\t\t\talt=\"https:\/\/files.sunoresearch.com.br\/n\/uploads\/2023\/04\/1420x240-Planilha-vida-financeira-true.png\"\n\t\t\t\t>\n\t\t\t<\/picture>\n\t\t<\/a>\n\t<\/p>\n\n\n\n\n\n<p>Tamb\u00e9m est\u00e1 entre os<strong> destaques do mercado financeiro<\/strong> a <a class=\"suno-keyword\" data-force=\"yes\" data-priority=\"2\" href=\"https:\/\/www.suno.com.br\/acoes\/VIVT3\/\" target=\"_blank\" rel=\"noopener\">Telef\u00f4nica (VIVT3)<\/a>, dona da Vivo, ap\u00f3s aprovar o pagamento de R$ 150 milh\u00f5es em <a class=\"suno-keyword\" data-force=\"no\" data-priority=\"1\" href=\"https:\/\/www.suno.com.br\/artigos\/entenda-o-jcp\/\" target=\"_blank\" rel=\"noopener\">juros sobre capital pr\u00f3prio<\/a> (JCP).<\/p>\n\n\n\n<p>A <a class=\"suno-keyword\" target=\"_blank\" data-force=\"yes\" data-priority=\"2\" href=\"https:\/\/www.suno.com.br\/acoes\/AZUL4\/\" rel=\"noopener\">Azul (AZUL4)<\/a> tamb\u00e9m \u00e9 destaque hoje, depois de informar que seu tr\u00e1fego de passageiros consolidado (RPK) aumentou em setembro.<\/p>\n\n\n\n<p>Veja os <strong>destaques do mercado financeiro<\/strong> hoje:<\/p>\n\n\n\n<h2 class=\"wp-block-heading\">Americanas&nbsp;<\/h2>\n\n\n\n<p>A Americanas (<strong>AMER3<\/strong>), que est\u00e1 em recupera\u00e7\u00e3o judicial, apresentou uma proposta aos seus credores. A varejista fez uma nova reuni\u00e3o com bancos nesta ter\u00e7a-feira, 10, e manteve a capitaliza\u00e7\u00e3o de R$ 12 bilh\u00f5es da d\u00edvida da empresa.<\/p>\n\n\n\n<p>A varejista deu detalhes sobre seus planos, que incluem emiss\u00e3o de nova d\u00edvida e um <a class=\"suno-keyword\" data-force=\"no\" data-priority=\"1\" href=\"https:\/\/www.suno.com.br\/artigos\/aumento-capital\/\" target=\"_blank\" rel=\"noopener\">aumento de capital<\/a> de R$ 12 bilh\u00f5es \u2013 DIP (\u201cdebtor-in-possession\u201d, na sigla em ingl\u00eas) j\u00e1 aportado e comunicado pela Americanas.<\/p>\n\n\n\t<div data-element=\"shortcode-read-more\" class=\"knowMore\">\n\t\t\t\t<span class=\"knowMore__title\">Leia mais<\/span>\n\t\t\t\t<a class=\"knowMore__link\" href=\"https:\/\/www.suno.com.br\/noticias\/americanas-amer3-aumente-de-capital-12-bilhoes-evm\/\">\n\t\t\tProposta apresentada aos credores: Americanas (AMER3) quer aumento de capital de R$ 12 bilh\u00f5es\t\t<\/a>\n\t<\/div>\n\n\n\n\n<h2 class=\"wp-block-heading\">Telef\u00f4nica&nbsp;<\/h2>\n\n\n\n<p>O <a class=\"suno-keyword\" data-force=\"no\" data-priority=\"1\" href=\"https:\/\/www.suno.com.br\/artigos\/conselho-administracao\/\" target=\"_blank\" rel=\"noopener\">conselho de administra\u00e7\u00e3o<\/a> da <strong>Telef\u00f4nica (VIVT3)<\/strong> aprovou o pagamento de R$ 150 milh\u00f5es em <a class=\"suno-keyword\" data-force=\"no\" data-priority=\"1\" href=\"https:\/\/www.suno.com.br\/artigos\/entenda-o-jcp\/\" target=\"_blank\" rel=\"noopener\">juros sobre capital pr\u00f3prio<\/a> (JCP).<\/p>\n\n\n\t<p>\n\t\t<a href=\"https:\/\/lp.suno.com.br\/ebook-como-analisar-uma-acao\/\" target=\"_blank\" data-element=\"shortcode-suno-banner\" title=\"Banner SUNO, clique e saiba mais\">\n\t\t\t<picture>\n\t\t\t\t<source media=\"(max-width: 500px)\" srcset=\"https:\/\/files.sunoresearch.com.br\/n\/uploads\/2023\/03\/Ebook-Acoes-Mobile.jpg\">\n\t\t\t\t<img class=\"newsContent__article__imgCapa newsContent__article__imgCapa--banner\"\n\t\t\t\t\tsrc=\"https:\/\/files.sunoresearch.com.br\/n\/uploads\/2023\/03\/Ebook-Acoes-Desktop.jpg\"\n\t\t\t\t\tdata-promo-id=\"378302\"\t\t\t\t\t\t\t\t\t\twidth='1420' height='286'\t\t\t\t\talt=\"https:\/\/files.sunoresearch.com.br\/n\/uploads\/2023\/03\/Ebook-Acoes-Desktop.jpg\"\n\t\t\t\t>\n\t\t\t<\/picture>\n\t\t<\/a>\n\t<\/p>\n\n\n\n\n\n<p>Os <strong>JCP da Telef\u00f4nica<\/strong> t\u00eam o valor de R$ 0,09054928471 por a\u00e7\u00e3o, ou R$ 0,07696689200 por a\u00e7\u00e3o j\u00e1 descontado o imposto de renda.<\/p>\n\n\n\n<h2 class=\"wp-block-heading\">Azul&nbsp;<\/h2>\n\n\n\n<p>A <a class=\"suno-keyword\" data-force=\"yes\" data-priority=\"2\" href=\"https:\/\/www.suno.com.br\/acoes\/AZUL4\/\" target=\"_blank\" rel=\"noopener\"><strong>Azul (AZUL4)<\/strong><\/a> informou que o tr\u00e1fego de passageiros consolidado (RPK) aumentou, em setembro, 18,7% na compara\u00e7\u00e3o anual.<\/p>\n\n\n\n<p>A capacidade (ASKs), por sua vez, apresentou um salto de 15,0% no mesmo intervalo de compara\u00e7\u00e3o. Com isso, a taxa de ocupa\u00e7\u00e3o da Azul em rela\u00e7\u00e3o a setembro de 2022 subiu 2,6 pontos percentuais, passando para 81,7%.<\/p>\n\n\n\t<div data-element=\"shortcode-read-more\" class=\"knowMore\">\n\t\t\t\t<span class=\"knowMore__title\">Leia mais<\/span>\n\t\t\t\t<a class=\"knowMore__link\" href=\"https:\/\/www.suno.com.br\/noticias\/azul-azul4-trafego-passageiros-gpj\/\">\n\t\t\tAzul (AZUL4): tr\u00e1fego total de passageiros aumenta 18,7% em setembro na compara\u00e7\u00e3o anual\t\t<\/a>\n\t<\/div>\n\n\n\n\n<h2 class=\"wp-block-heading\">Allos&nbsp;<\/h2>\n\n\n\n<p>O <a class=\"suno-keyword\" data-force=\"no\" data-priority=\"1\" href=\"https:\/\/www.suno.com.br\/artigos\/conselho-administracao\/\" target=\"_blank\" rel=\"noopener\">conselho de administra\u00e7\u00e3o<\/a> da <strong>Allos (ALSO3)<\/strong>, ex-Aliansce Sonae, aprovou seu novo programa de <a class=\"suno-keyword\" data-force=\"no\" data-priority=\"1\" href=\"https:\/\/www.suno.com.br\/artigos\/recompra-de-acoes\/\" target=\"_blank\" rel=\"noopener\">recompra de a\u00e7\u00f5es<\/a>.\u00a0<\/p>\n\n\n\n<p>A quantidade m\u00e1xima de a\u00e7\u00f5es da Allos a serem compradas ser\u00e1 de at\u00e9 26,6 milh\u00f5es. Essa quantia representa 5% do total dos mais de 533,2 milh\u00f5es de pap\u00e9is em circula\u00e7\u00e3o.<\/p>\n\n\n\n<p>O programa de recompra de a\u00e7\u00f5es da Allos ter\u00e1 prazo de dura\u00e7\u00e3o de um ano, com in\u00edcio no dia 11 de outubro de 2023 e t\u00e9rmino at\u00e9 10 de outubro de 2024.<\/p>\n\n\n\t<div data-element=\"shortcode-read-more\" class=\"knowMore\">\n\t\t\t\t<span class=\"knowMore__title\">Leia mais<\/span>\n\t\t\t\t<a class=\"knowMore__link\" href=\"https:\/\/www.suno.com.br\/noticias\/allos-also3-programa-recompra-acoes-gpj\/\">\n\t\t\tAllos (ALSO3) anuncia novo programa de recompra de a\u00e7\u00f5es\t\t<\/a>\n\t<\/div>\n\n\n\n\n<h2 class=\"wp-block-heading\">3R Petroleum&nbsp;&nbsp;<\/h2>\n\n\n\n<p>Em <a class=\"suno-keyword\" data-force=\"no\" data-priority=\"1\" href=\"https:\/\/www.suno.com.br\/artigos\/fato-relevante\/\" target=\"_blank\" rel=\"noopener\">fato relevante<\/a>, a <a class=\"suno-keyword\" data-force=\"yes\" data-priority=\"2\" href=\"https:\/\/www.suno.com.br\/acoes\/RRRP3\/\" target=\"_blank\" rel=\"noopener\"><strong>3R Petroleum (RRRP3)<\/strong><\/a> anunciou que seu <a class=\"suno-keyword\" data-force=\"no\" data-priority=\"1\" href=\"https:\/\/www.suno.com.br\/artigos\/conselho-administracao\/\" target=\"_blank\" rel=\"noopener\">conselho de administra\u00e7\u00e3o<\/a> aprovou a oferta p\u00fablica de distribui\u00e7\u00e3o da 3\u00aa (terceira) emiss\u00e3o de deb\u00eantures simples.<\/p>\n\n\n\n<p>No \u00e2mbito da oferta, ser\u00e3o emitidas 1 milh\u00e3o de deb\u00eantures simples, n\u00e3o convers\u00edveis em a\u00e7\u00f5es, com <a class=\"suno-keyword\" target=\"_blank\" data-force=\"no\" data-priority=\"1\" href=\"https:\/\/www.suno.com.br\/artigos\/valor-nominal\/\" rel=\"noopener\">valor nominal<\/a> unit\u00e1rio de R$ 1 mil, totalizando valor de R$ 1 bilh\u00e3o.<\/p>\n\n\n\n<h2 class=\"wp-block-heading\">RD&nbsp;<\/h2>\n\n\n\n<p>A <strong>RD (RADL3)<\/strong> anunciou que o J.P. Morgan Chase &amp; Co. reduziu sua participa\u00e7\u00e3o acion\u00e1ria na companhia, passando a deter 85.882.614 a\u00e7\u00f5es, equivalentes a 4,99% do total de a\u00e7\u00f5es.\u00a0<\/p>\n\n\n\n<h2 class=\"wp-block-heading\">Oncocl\u00ednicas&nbsp;<\/h2>\n\n\n\n<p>A <strong>Oncocl\u00ednicas (ONCO3)<\/strong> informou que celebrou um contrato de loca\u00e7\u00e3o at\u00edpico de im\u00f3vel n\u00e3o residencial, sob a modalidade <a class=\"suno-keyword\" data-force=\"no\" data-priority=\"1\" href=\"https:\/\/www.suno.com.br\/artigos\/built-to-suit\/\" target=\"_blank\" rel=\"noopener\">Built To Suit<\/a> (BTS), com dura\u00e7\u00e3o de 30 anos, com fundo de investimento imobili\u00e1rio detido pela Cedro, para constru\u00e7\u00e3o de seu primeiro Cancer Center.<\/p>\n\n\n\n<p>O Cancer Center S\u00e3o Paulo ser\u00e1 localizado na Rua Vergueiro, 470, regi\u00e3o central da cidade, pr\u00f3ximo a importantes vias.&nbsp;<\/p>\n\n\n\n<p>O empreendimento contar\u00e1 com uma \u00e1rea em torno de 48 mil metros quadrados, aproximadamente 360 leitos e in\u00edcio das opera\u00e7\u00f5es previsto para 2026. O investimento por parte da companhia, associado sobretudo aos equipamentos e mobili\u00e1rio, \u00e9 estimado em aproximadamente R$ 300 milh\u00f5es.<\/p>\n\n\n\n<h2 class=\"wp-block-heading\">B3&nbsp;<\/h2>\n\n\n\n<p>A <a class=\"suno-keyword\" data-force=\"yes\" data-priority=\"2\" href=\"https:\/\/www.suno.com.br\/acoes\/B3SA3\/\" target=\"_blank\" rel=\"noopener\"><strong>B3 (B3SA3)<\/strong><\/a> divulgou os destaques operacionais de setembro de 2023, reportando um volume m\u00e9dio di\u00e1rio de a\u00e7\u00f5es de R$ 23,321 bilh\u00f5es no m\u00eas.<\/p>\n\n\n\n<p>Em rela\u00e7\u00e3o ao mesmo per\u00edodo do ano passado, ou seja, setembro de 2022, o novo volume de negocia\u00e7\u00e3o de a\u00e7\u00f5es divulgado pela B3 mostra um recuo anual de 20,9%.<\/p>\n\n\n\t<div data-element=\"shortcode-read-more\" class=\"knowMore\">\n\t\t\t\t<span class=\"knowMore__title\">Leia mais<\/span>\n\t\t\t\t<a class=\"knowMore__link\" href=\"https:\/\/www.suno.com.br\/noticias\/b3-b3sa3-volume-negociacao-investidores-gpj\/\">\n\t\t\tB3 (B3SA3) tem queda anual de 20,9% no volume de negocia\u00e7\u00e3o de a\u00e7\u00f5es, mas n\u00famero de investidores cresce\t\t<\/a>\n\t<\/div>\n\n\n\n\n<h2 class=\"wp-block-heading\">Camil&nbsp;<\/h2>\n\n\n\n<p>A <a class=\"suno-keyword\" data-force=\"yes\" data-priority=\"2\" href=\"https:\/\/www.suno.com.br\/acoes\/CAML3\/\" target=\"_blank\" rel=\"noopener\"><strong>Camil (CAML3)<\/strong><\/a> registrou <a class=\"suno-keyword\" data-force=\"no\" data-priority=\"1\" href=\"https:\/\/www.suno.com.br\/artigos\/lucro-liquido\/\" target=\"_blank\" rel=\"noopener\">lucro l\u00edquido<\/a> de R$ 46,9 milh\u00f5es no segundo trimestre de 2023 encerrado em agosto, queda de 50% na compara\u00e7\u00e3o anual.\u00a0<\/p>\n\n\n\n<p>O Ebitda (lucro antes de juros, impostos, deprecia\u00e7\u00f5es e amortiza\u00e7\u00f5es foi de R$ 212,4 milh\u00f5es, alta anual de 1,9%.<\/p>\n\n\n\n<h2 class=\"wp-block-heading\">Direcional&nbsp;<\/h2>\n\n\n\n<p>A <a class=\"suno-keyword\" data-force=\"yes\" data-priority=\"2\" href=\"https:\/\/www.suno.com.br\/acoes\/DIRR3\/\" target=\"_blank\" rel=\"noopener\"><strong>Direcional (DIRR3)<\/strong><\/a> anunciou que, no terceiro trimestre de 2023,\u00a0 o seu VGV lan\u00e7ado chegou a R$ 1,4 bilh\u00e3o, volume 18% maior que no 3T22. As vendas l\u00edquidas atingiram\u00a0 R$ 1 bilh\u00e3o.<\/p>\n\n\n\n<h2 class=\"wp-block-heading\">Cury&nbsp;<\/h2>\n\n\n\n<p>A incorporadora <strong>Cury (CURY3)<\/strong> divulgou que registrou vendas l\u00edquidas de R$ 972,6 milh\u00f5es no 3T23,\u00a0 alta de 9,8% em rela\u00e7\u00e3o ao ano passado. O VGV foi de R$ 941,7 milh\u00f5es.<\/p>\n\n\n\n<p>Os destaques do mercado financeiro do Suno Not\u00edcias mostram os principais acontecimentos que prometem movimentar o mercado durante o dia, como a <strong>Americanas <\/strong>(AMER3), que deve estar no foco dos investidores ao longo do dia.<\/p>\n\n\n\t<p>\n\t\t<a href=\"https:\/\/lp.suno.com.br\/planilha-da-vida-financeira\/\" target=\"_blank\" data-element=\"shortcode-suno-banner\" title=\"Banner SUNO, clique e saiba mais\">\n\t\t\t<picture>\n\t\t\t\t<source media=\"(max-width: 500px)\" srcset=\"https:\/\/files.sunoresearch.com.br\/n\/uploads\/2023\/04\/400x300-Planilha-vida-financeira-true.png\">\n\t\t\t\t<img class=\"newsContent__article__imgCapa newsContent__article__imgCapa--banner\"\n\t\t\t\t\tsrc=\"https:\/\/files.sunoresearch.com.br\/n\/uploads\/2023\/04\/1420x240-Planilha-vida-financeira-true.png\"\n\t\t\t\t\tdata-promo-id=\"383123\"\t\t\t\t\t\t\t\t\t\twidth='1420' height='240'\t\t\t\t\talt=\"https:\/\/files.sunoresearch.com.br\/n\/uploads\/2023\/04\/1420x240-Planilha-vida-financeira-true.png\"\n\t\t\t\t>\n\t\t\t<\/picture>\n\t\t<\/a>\n\t<\/p>\n\n\n","protected":false},"excerpt":{"rendered":"<p>A informa\u00e7\u00e3o de que a Americanas (AMER3) apresentou uma nova proposta aos seus credores est\u00e1 entre os destaques desta quarta-feira (11).&nbsp; A\u00e7\u00f5es para 2024. Foto: PIxabay Tamb\u00e9m est\u00e1 entre os destaques do mercado financeiro a Telef\u00f4nica (VIVT3), dona da Vivo, ap\u00f3s aprovar o pagamento de R$ 150 milh\u00f5es em juros sobre capital pr\u00f3prio (JCP). A [&hellip;]<\/p>\n","protected":false},"author":301,"featured_media":452557,"comment_status":"closed","ping_status":"closed","sticky":false,"template":"","format":"standard","meta":[],"categories":[60],"tags":[105065,286,106605,2457,367,403,101431,446,106606,613,659],"suno_strategy":[],"class_list":["post-469661","post","type-post","status-publish","format-standard","has-post-thumbnail","hentry","category-mercado","tag-3r-petroleum-rrrp3","tag-acoes","tag-americanas-s-a-amer3","tag-azul4","tag-b3-b3sa3","tag-camil-caml3","tag-cury-construtora-cury3","tag-direcional-dirr3","tag-oncoclinicas-onco3","tag-raia-drogasil-radl3","tag-telefonica-vivt3"],"yoast_head":"<!-- This site is optimized with the Yoast SEO plugin v24.4 - https:\/\/yoast.com\/wordpress\/plugins\/seo\/ -->\n<title>Americanas (AMER3) e Telef\u00f4nica (VIVT3) est\u00e3o no foco do mercado hoje<\/title>\n<meta name=\"description\" content=\"A informa\u00e7\u00e3o de que a Americanas (AMER3) apresentou uma nova proposta aos seus credores est\u00e1 entre os destaques desta quarta-feira (11).\u00a0\" \/>\n<meta name=\"robots\" content=\"index, follow, max-snippet:-1, max-image-preview:large, max-video-preview:-1\" \/>\n<link rel=\"canonical\" href=\"https:\/\/www.suno.com.br\/noticias\/destaques-americanas-amer3-telefonica-e-mais-va\/\" \/>\n<meta property=\"og:locale\" content=\"pt_BR\" \/>\n<meta property=\"og:type\" content=\"article\" \/>\n<meta property=\"og:title\" content=\"Americanas (AMER3) e Telef\u00f4nica (VIVT3) est\u00e3o no foco do mercado hoje\" \/>\n<meta property=\"og:description\" content=\"A informa\u00e7\u00e3o de que a Americanas (AMER3) apresentou uma nova proposta aos seus credores est\u00e1 entre os destaques desta quarta-feira (11).\u00a0\" \/>\n<meta property=\"og:url\" content=\"https:\/\/www.suno.com.br\/noticias\/destaques-americanas-amer3-telefonica-e-mais-va\/\" \/>\n<meta property=\"og:site_name\" content=\"Suno Not\u00edcias\" \/>\n<meta property=\"article:publisher\" content=\"https:\/\/facebook.com\/sunoresearch\" \/>\n<meta property=\"og:image\" content=\"https:\/\/files.sunoresearch.com.br\/n\/uploads\/2023\/09\/mercado-pixabay.jpg\" \/>\n\t<meta property=\"og:image:width\" content=\"1200\" \/>\n\t<meta property=\"og:image:height\" content=\"800\" \/>\n\t<meta property=\"og:image:type\" content=\"image\/jpeg\" \/>\n<meta name=\"author\" content=\"Vin\u00edcius Alves\" \/>\n<meta name=\"twitter:card\" content=\"summary_large_image\" \/>\n<meta name=\"twitter:creator\" content=\"@sunoresearch\" \/>\n<meta name=\"twitter:site\" content=\"@sunoresearch\" \/>\n<meta name=\"twitter:label1\" content=\"Escrito por\" \/>\n\t<meta name=\"twitter:data1\" content=\"Vin\u00edcius Alves\" \/>\n\t<meta name=\"twitter:label2\" content=\"Est. tempo de leitura\" \/>\n\t<meta name=\"twitter:data2\" content=\"4 minutos\" \/>\n<script type=\"application\/ld+json\" class=\"yoast-schema-graph\">{\"@context\":\"https:\/\/schema.org\",\"@graph\":[{\"@type\":\"NewsArticle\",\"@id\":\"https:\/\/www.suno.com.br\/noticias\/destaques-americanas-amer3-telefonica-e-mais-va\/#article\",\"isPartOf\":{\"@id\":\"https:\/\/www.suno.com.br\/noticias\/destaques-americanas-amer3-telefonica-e-mais-va\/\"},\"author\":{\"name\":\"Vin\u00edcius Alves\",\"@id\":\"https:\/\/www.suno.com.br\/noticias\/#\/schema\/person\/4a180549702d0e236b3e420862bcded3\"},\"headline\":\"Americanas (AMER3), Telef\u00f4nica (VIVT3) e Azul (AZUL4) est\u00e3o no foco do mercado nesta quarta-feira (11); veja mais destaques\u00a0\",\"datePublished\":\"2023-10-11T13:30:02+00:00\",\"dateModified\":\"2023-10-11T13:30:09+00:00\",\"mainEntityOfPage\":{\"@id\":\"https:\/\/www.suno.com.br\/noticias\/destaques-americanas-amer3-telefonica-e-mais-va\/\"},\"wordCount\":811,\"publisher\":{\"@id\":\"https:\/\/www.suno.com.br\/noticias\/#organization\"},\"image\":{\"@id\":\"https:\/\/www.suno.com.br\/noticias\/destaques-americanas-amer3-telefonica-e-mais-va\/#primaryimage\"},\"thumbnailUrl\":\"https:\/\/files.sunoresearch.com.br\/n\/uploads\/2023\/09\/mercado-pixabay.jpg\",\"keywords\":[\"3R Petroleum (RRRP3)\",\"A\u00e7\u00f5es\",\"Americanas (AMER3)\",\"AZUL4\",\"B3 (B3SA3)\",\"Camil (CAML3)\",\"Cury Construtora (CURY3)\",\"Direcional (DIRR3)\",\"Oncocl\u00ednicas (ONCO3)\",\"Raia Drogasil (RADL3)\",\"Telef\u00f4nica (VIVT3)\"],\"articleSection\":[\"Mercado\"],\"inLanguage\":\"pt-BR\"},{\"@type\":\"WebPage\",\"@id\":\"https:\/\/www.suno.com.br\/noticias\/destaques-americanas-amer3-telefonica-e-mais-va\/\",\"url\":\"https:\/\/www.suno.com.br\/noticias\/destaques-americanas-amer3-telefonica-e-mais-va\/\",\"name\":\"Americanas (AMER3) e Telef\u00f4nica (VIVT3) est\u00e3o no foco do mercado hoje\",\"isPartOf\":{\"@id\":\"https:\/\/www.suno.com.br\/noticias\/#website\"},\"primaryImageOfPage\":{\"@id\":\"https:\/\/www.suno.com.br\/noticias\/destaques-americanas-amer3-telefonica-e-mais-va\/#primaryimage\"},\"image\":{\"@id\":\"https:\/\/www.suno.com.br\/noticias\/destaques-americanas-amer3-telefonica-e-mais-va\/#primaryimage\"},\"thumbnailUrl\":\"https:\/\/files.sunoresearch.com.br\/n\/uploads\/2023\/09\/mercado-pixabay.jpg\",\"datePublished\":\"2023-10-11T13:30:02+00:00\",\"dateModified\":\"2023-10-11T13:30:09+00:00\",\"description\":\"A informa\u00e7\u00e3o de que a Americanas (AMER3) apresentou uma nova proposta aos seus credores est\u00e1 entre os destaques desta quarta-feira (11).\u00a0\",\"breadcrumb\":{\"@id\":\"https:\/\/www.suno.com.br\/noticias\/destaques-americanas-amer3-telefonica-e-mais-va\/#breadcrumb\"},\"inLanguage\":\"pt-BR\",\"potentialAction\":[{\"@type\":\"ReadAction\",\"target\":[\"https:\/\/www.suno.com.br\/noticias\/destaques-americanas-amer3-telefonica-e-mais-va\/\"]}]},{\"@type\":\"ImageObject\",\"inLanguage\":\"pt-BR\",\"@id\":\"https:\/\/www.suno.com.br\/noticias\/destaques-americanas-amer3-telefonica-e-mais-va\/#primaryimage\",\"url\":\"https:\/\/files.sunoresearch.com.br\/n\/uploads\/2023\/09\/mercado-pixabay.jpg\",\"contentUrl\":\"https:\/\/files.sunoresearch.com.br\/n\/uploads\/2023\/09\/mercado-pixabay.jpg\",\"width\":1200,\"height\":800,\"caption\":\"A\u00e7\u00f5es para 2024. Foto: PIxabay\"},{\"@type\":\"BreadcrumbList\",\"@id\":\"https:\/\/www.suno.com.br\/noticias\/destaques-americanas-amer3-telefonica-e-mais-va\/#breadcrumb\",\"itemListElement\":[{\"@type\":\"ListItem\",\"position\":1,\"name\":\"Not\u00edcias\",\"item\":\"https:\/\/www.suno.com.br\/noticias\/\"},{\"@type\":\"ListItem\",\"position\":2,\"name\":\"Mercado\",\"item\":\"https:\/\/www.suno.com.br\/noticias\/mercado\/\"},{\"@type\":\"ListItem\",\"position\":3,\"name\":\"Americanas (AMER3), Telef\u00f4nica (VIVT3) e Azul (AZUL4) est\u00e3o no foco do mercado nesta quarta-feira (11); veja mais destaques\u00a0\"}]},{\"@type\":\"WebSite\",\"@id\":\"https:\/\/www.suno.com.br\/noticias\/#website\",\"url\":\"https:\/\/www.suno.com.br\/noticias\/\",\"name\":\"Suno Not\u00edcias\",\"description\":\"Seu portal de informa\u00e7\u00e3o sobre o mundo dos investimentos\",\"publisher\":{\"@id\":\"https:\/\/www.suno.com.br\/noticias\/#organization\"},\"potentialAction\":[{\"@type\":\"SearchAction\",\"target\":{\"@type\":\"EntryPoint\",\"urlTemplate\":\"https:\/\/www.suno.com.br\/noticias\/?s={search_term_string}\"},\"query-input\":{\"@type\":\"PropertyValueSpecification\",\"valueRequired\":true,\"valueName\":\"search_term_string\"}}],\"inLanguage\":\"pt-BR\"},{\"@type\":\"Organization\",\"@id\":\"https:\/\/www.suno.com.br\/noticias\/#organization\",\"name\":\"Suno Not\u00edcias\",\"url\":\"https:\/\/www.suno.com.br\/noticias\/\",\"logo\":{\"@type\":\"ImageObject\",\"inLanguage\":\"pt-BR\",\"@id\":\"https:\/\/www.suno.com.br\/noticias\/#\/schema\/logo\/image\/\",\"url\":\"https:\/\/files.sunoresearch.com.br\/n\/uploads\/2021\/09\/suno-logo.png\",\"contentUrl\":\"https:\/\/files.sunoresearch.com.br\/n\/uploads\/2021\/09\/suno-logo.png\",\"width\":180,\"height\":180,\"caption\":\"Suno Not\u00edcias\"},\"image\":{\"@id\":\"https:\/\/www.suno.com.br\/noticias\/#\/schema\/logo\/image\/\"},\"sameAs\":[\"https:\/\/facebook.com\/sunoresearch\",\"https:\/\/x.com\/sunoresearch\",\"https:\/\/www.instagram.com\/suno\",\"https:\/\/www.linkedin.com\/company\/suno-research\/\",\"https:\/\/www.youtube.com\/c\/sunoresearch\"]},{\"@type\":\"Person\",\"@id\":\"https:\/\/www.suno.com.br\/noticias\/#\/schema\/person\/4a180549702d0e236b3e420862bcded3\",\"name\":\"Vin\u00edcius Alves\",\"image\":{\"@type\":\"ImageObject\",\"inLanguage\":\"pt-BR\",\"@id\":\"https:\/\/www.suno.com.br\/noticias\/#\/schema\/person\/image\/\",\"url\":\"https:\/\/secure.gravatar.com\/avatar\/a95b7fe6d1b813f7907d4f476d5a39e1?s=96&r=g\",\"contentUrl\":\"https:\/\/secure.gravatar.com\/avatar\/a95b7fe6d1b813f7907d4f476d5a39e1?s=96&r=g\",\"caption\":\"Vin\u00edcius Alves\"},\"description\":\"Jornalista formado na Faculdade C\u00e1sper L\u00edbero. Com passagens pela Ag\u00eancia Estado, InfoMoney e Editora Globo.\",\"url\":\"https:\/\/www.suno.com.br\/noticias\/author\/vini08correiagmail-com\/\"}]}<\/script>\n<!-- \/ Yoast SEO plugin. -->","yoast_head_json":{"title":"Americanas (AMER3) e Telef\u00f4nica (VIVT3) est\u00e3o no foco do mercado hoje","description":"A informa\u00e7\u00e3o de que a Americanas (AMER3) apresentou uma nova proposta aos seus credores est\u00e1 entre os destaques desta quarta-feira (11).\u00a0","robots":{"index":"index","follow":"follow","max-snippet":"max-snippet:-1","max-image-preview":"max-image-preview:large","max-video-preview":"max-video-preview:-1"},"canonical":"https:\/\/www.suno.com.br\/noticias\/destaques-americanas-amer3-telefonica-e-mais-va\/","og_locale":"pt_BR","og_type":"article","og_title":"Americanas (AMER3) e Telef\u00f4nica (VIVT3) est\u00e3o no foco do mercado hoje","og_description":"A informa\u00e7\u00e3o de que a Americanas (AMER3) apresentou uma nova proposta aos seus credores est\u00e1 entre os destaques desta quarta-feira (11).\u00a0","og_url":"https:\/\/www.suno.com.br\/noticias\/destaques-americanas-amer3-telefonica-e-mais-va\/","og_site_name":"Suno Not\u00edcias","article_publisher":"https:\/\/facebook.com\/sunoresearch","og_image":[{"width":1200,"height":800,"url":"https:\/\/files.sunoresearch.com.br\/n\/uploads\/2023\/09\/mercado-pixabay.jpg","type":"image\/jpeg"}],"author":"Vin\u00edcius Alves","twitter_card":"summary_large_image","twitter_creator":"@sunoresearch","twitter_site":"@sunoresearch","twitter_misc":{"Escrito por":"Vin\u00edcius Alves","Est. tempo de leitura":"4 minutos"},"schema":{"@context":"https:\/\/schema.org","@graph":[{"@type":"NewsArticle","@id":"https:\/\/www.suno.com.br\/noticias\/destaques-americanas-amer3-telefonica-e-mais-va\/#article","isPartOf":{"@id":"https:\/\/www.suno.com.br\/noticias\/destaques-americanas-amer3-telefonica-e-mais-va\/"},"author":{"name":"Vin\u00edcius Alves","@id":"https:\/\/www.suno.com.br\/noticias\/#\/schema\/person\/4a180549702d0e236b3e420862bcded3"},"headline":"Americanas (AMER3), Telef\u00f4nica (VIVT3) e Azul (AZUL4) est\u00e3o no foco do mercado nesta quarta-feira (11); veja mais destaques\u00a0","datePublished":"2023-10-11T13:30:02+00:00","dateModified":"2023-10-11T13:30:09+00:00","mainEntityOfPage":{"@id":"https:\/\/www.suno.com.br\/noticias\/destaques-americanas-amer3-telefonica-e-mais-va\/"},"wordCount":811,"publisher":{"@id":"https:\/\/www.suno.com.br\/noticias\/#organization"},"image":{"@id":"https:\/\/www.suno.com.br\/noticias\/destaques-americanas-amer3-telefonica-e-mais-va\/#primaryimage"},"thumbnailUrl":"https:\/\/files.sunoresearch.com.br\/n\/uploads\/2023\/09\/mercado-pixabay.jpg","keywords":["3R Petroleum (RRRP3)","A\u00e7\u00f5es","Americanas (AMER3)","AZUL4","B3 (B3SA3)","Camil (CAML3)","Cury Construtora (CURY3)","Direcional (DIRR3)","Oncocl\u00ednicas (ONCO3)","Raia Drogasil (RADL3)","Telef\u00f4nica (VIVT3)"],"articleSection":["Mercado"],"inLanguage":"pt-BR"},{"@type":"WebPage","@id":"https:\/\/www.suno.com.br\/noticias\/destaques-americanas-amer3-telefonica-e-mais-va\/","url":"https:\/\/www.suno.com.br\/noticias\/destaques-americanas-amer3-telefonica-e-mais-va\/","name":"Americanas (AMER3) e Telef\u00f4nica (VIVT3) est\u00e3o no foco do mercado hoje","isPartOf":{"@id":"https:\/\/www.suno.com.br\/noticias\/#website"},"primaryImageOfPage":{"@id":"https:\/\/www.suno.com.br\/noticias\/destaques-americanas-amer3-telefonica-e-mais-va\/#primaryimage"},"image":{"@id":"https:\/\/www.suno.com.br\/noticias\/destaques-americanas-amer3-telefonica-e-mais-va\/#primaryimage"},"thumbnailUrl":"https:\/\/files.sunoresearch.com.br\/n\/uploads\/2023\/09\/mercado-pixabay.jpg","datePublished":"2023-10-11T13:30:02+00:00","dateModified":"2023-10-11T13:30:09+00:00","description":"A informa\u00e7\u00e3o de que a Americanas (AMER3) apresentou uma nova proposta aos seus credores est\u00e1 entre os destaques desta quarta-feira (11).\u00a0","breadcrumb":{"@id":"https:\/\/www.suno.com.br\/noticias\/destaques-americanas-amer3-telefonica-e-mais-va\/#breadcrumb"},"inLanguage":"pt-BR","potentialAction":[{"@type":"ReadAction","target":["https:\/\/www.suno.com.br\/noticias\/destaques-americanas-amer3-telefonica-e-mais-va\/"]}]},{"@type":"ImageObject","inLanguage":"pt-BR","@id":"https:\/\/www.suno.com.br\/noticias\/destaques-americanas-amer3-telefonica-e-mais-va\/#primaryimage","url":"https:\/\/files.sunoresearch.com.br\/n\/uploads\/2023\/09\/mercado-pixabay.jpg","contentUrl":"https:\/\/files.sunoresearch.com.br\/n\/uploads\/2023\/09\/mercado-pixabay.jpg","width":1200,"height":800,"caption":"A\u00e7\u00f5es para 2024. Foto: PIxabay"},{"@type":"BreadcrumbList","@id":"https:\/\/www.suno.com.br\/noticias\/destaques-americanas-amer3-telefonica-e-mais-va\/#breadcrumb","itemListElement":[{"@type":"ListItem","position":1,"name":"Not\u00edcias","item":"https:\/\/www.suno.com.br\/noticias\/"},{"@type":"ListItem","position":2,"name":"Mercado","item":"https:\/\/www.suno.com.br\/noticias\/mercado\/"},{"@type":"ListItem","position":3,"name":"Americanas (AMER3), Telef\u00f4nica (VIVT3) e Azul (AZUL4) est\u00e3o no foco do mercado nesta quarta-feira (11); veja mais destaques\u00a0"}]},{"@type":"WebSite","@id":"https:\/\/www.suno.com.br\/noticias\/#website","url":"https:\/\/www.suno.com.br\/noticias\/","name":"Suno Not\u00edcias","description":"Seu portal de informa\u00e7\u00e3o sobre o mundo dos investimentos","publisher":{"@id":"https:\/\/www.suno.com.br\/noticias\/#organization"},"potentialAction":[{"@type":"SearchAction","target":{"@type":"EntryPoint","urlTemplate":"https:\/\/www.suno.com.br\/noticias\/?s={search_term_string}"},"query-input":{"@type":"PropertyValueSpecification","valueRequired":true,"valueName":"search_term_string"}}],"inLanguage":"pt-BR"},{"@type":"Organization","@id":"https:\/\/www.suno.com.br\/noticias\/#organization","name":"Suno Not\u00edcias","url":"https:\/\/www.suno.com.br\/noticias\/","logo":{"@type":"ImageObject","inLanguage":"pt-BR","@id":"https:\/\/www.suno.com.br\/noticias\/#\/schema\/logo\/image\/","url":"https:\/\/files.sunoresearch.com.br\/n\/uploads\/2021\/09\/suno-logo.png","contentUrl":"https:\/\/files.sunoresearch.com.br\/n\/uploads\/2021\/09\/suno-logo.png","width":180,"height":180,"caption":"Suno Not\u00edcias"},"image":{"@id":"https:\/\/www.suno.com.br\/noticias\/#\/schema\/logo\/image\/"},"sameAs":["https:\/\/facebook.com\/sunoresearch","https:\/\/x.com\/sunoresearch","https:\/\/www.instagram.com\/suno","https:\/\/www.linkedin.com\/company\/suno-research\/","https:\/\/www.youtube.com\/c\/sunoresearch"]},{"@type":"Person","@id":"https:\/\/www.suno.com.br\/noticias\/#\/schema\/person\/4a180549702d0e236b3e420862bcded3","name":"Vin\u00edcius Alves","image":{"@type":"ImageObject","inLanguage":"pt-BR","@id":"https:\/\/www.suno.com.br\/noticias\/#\/schema\/person\/image\/","url":"https:\/\/secure.gravatar.com\/avatar\/a95b7fe6d1b813f7907d4f476d5a39e1?s=96&r=g","contentUrl":"https:\/\/secure.gravatar.com\/avatar\/a95b7fe6d1b813f7907d4f476d5a39e1?s=96&r=g","caption":"Vin\u00edcius Alves"},"description":"Jornalista formado na Faculdade C\u00e1sper L\u00edbero. Com passagens pela Ag\u00eancia Estado, InfoMoney e Editora Globo.","url":"https:\/\/www.suno.com.br\/noticias\/author\/vini08correiagmail-com\/"}]}},"default_loop_html":"<div class=\"cardsPage__listCard__boxs\"><div class=\"cardsPage__listCard__boxs__img\"><a href=\"https:\/\/www.suno.com.br\/noticias\/destaques-americanas-amer3-telefonica-e-mais-va\/\"><img class=\"mask\" src=\"https:\/\/www.suno.com.br\/noticias\/wp-content\/themes\/suno\/resources\/images\/spotlight\/spotlight1img\/bg-mask.png\" alt=\"Image Mask\"\/><img src=\"https:\/\/files.sunoresearch.com.br\/n\/uploads\/2023\/09\/mercado-pixabay-400x200.jpg\" alt=\"Americanas (AMER3), Telef\u00f4nica (VIVT3) e Azul (AZUL4) est\u00e3o no foco do mercado nesta quarta-feira (11); veja mais destaques\u00a0\"\/><\/a><span class=\"spotlightCategory\"><a href=\"https:\/\/www.suno.com.br\/noticias\/mercado\/\">Mercado<\/a><\/span><\/div><div class=\"cardsPage__listCard__boxs__content\"><a href=\"https:\/\/www.suno.com.br\/noticias\/destaques-americanas-amer3-telefonica-e-mais-va\/\"><h2 class=\"content__title\">Americanas (AMER3), Telef\u00f4nica (VIVT3) e Azul (AZUL4) est\u00e3o no foco do mercado nesta quarta-feira (11); veja mais destaques\u00a0<\/h2><\/a><div class=\"newsContent__article__meta\"><div class=\"newsContent__article__meta__authorBox\"><a href=\"https:\/\/www.suno.com.br\/noticias\/author\/vini08correiagmail-com\/\" class=\"authorBox__avatar noMobi\"><img src=\"https:\/\/files.sunoresearch.com.br\/n\/uploads\/2026\/04\/WhatsApp-Image-2026-04-20-at-19.35.48-150x150.webp\" alt=\"Vin\u00edcius Alves\"><\/a><div class=\"authorBox__name\"><span>por\n\t\t\t<a href=\"https:\/\/www.suno.com.br\/noticias\/author\/vini08correiagmail-com\/\"><span itemprop=\"author\">Vin\u00edcius Alves<\/span><\/a><\/span><time datetime=\"2023-10-11T10:30:02-03:00\" itemprop=\"datePublished\">11\/10\/2023 10:30<\/time><\/div><\/div><\/div><\/div><\/div>","single_layout":"posts","amp_enabled":true,"_links":{"self":[{"href":"https:\/\/www.suno.com.br\/noticias\/wp-json\/wp\/v2\/posts\/469661"}],"collection":[{"href":"https:\/\/www.suno.com.br\/noticias\/wp-json\/wp\/v2\/posts"}],"about":[{"href":"https:\/\/www.suno.com.br\/noticias\/wp-json\/wp\/v2\/types\/post"}],"author":[{"embeddable":true,"href":"https:\/\/www.suno.com.br\/noticias\/wp-json\/wp\/v2\/users\/301"}],"replies":[{"embeddable":true,"href":"https:\/\/www.suno.com.br\/noticias\/wp-json\/wp\/v2\/comments?post=469661"}],"version-history":[{"count":3,"href":"https:\/\/www.suno.com.br\/noticias\/wp-json\/wp\/v2\/posts\/469661\/revisions"}],"predecessor-version":[{"id":469721,"href":"https:\/\/www.suno.com.br\/noticias\/wp-json\/wp\/v2\/posts\/469661\/revisions\/469721"}],"wp:featuredmedia":[{"embeddable":true,"href":"https:\/\/www.suno.com.br\/noticias\/wp-json\/wp\/v2\/media\/452557"}],"wp:attachment":[{"href":"https:\/\/www.suno.com.br\/noticias\/wp-json\/wp\/v2\/media?parent=469661"}],"wp:term":[{"taxonomy":"category","embeddable":true,"href":"https:\/\/www.suno.com.br\/noticias\/wp-json\/wp\/v2\/categories?post=469661"},{"taxonomy":"post_tag","embeddable":true,"href":"https:\/\/www.suno.com.br\/noticias\/wp-json\/wp\/v2\/tags?post=469661"},{"taxonomy":"suno_strategy","embeddable":true,"href":"https:\/\/www.suno.com.br\/noticias\/wp-json\/wp\/v2\/suno_strategy?post=469661"}],"curies":[{"name":"wp","href":"https:\/\/api.w.org\/{rel}","templated":true}]}}