{"id":469556,"date":"2023-10-11T08:01:44","date_gmt":"2023-10-11T11:01:44","guid":{"rendered":"https:\/\/www.suno.com.br\/noticias\/?p=469556"},"modified":"2023-10-11T08:19:54","modified_gmt":"2023-10-11T11:19:54","slug":"azul-azul4-trafego-passageiros-gpj","status":"publish","type":"post","link":"https:\/\/www.suno.com.br\/noticias\/azul-azul4-trafego-passageiros-gpj\/","title":{"rendered":"Azul (AZUL4): tr\u00e1fego total de passageiros aumenta 18,7% em setembro na compara\u00e7\u00e3o anual"},"content":{"rendered":"<p>A\u00a0<strong><a href=\"https:\/\/www.suno.com.br\/acoes\/AZUL4\/\" target=\"_blank\" rel=\"noreferrer noopener\">Azul <\/a><\/strong><a href=\"https:\/\/www.suno.com.br\/acoes\/AZUL4\/\" target=\"_blank\" rel=\"noreferrer noopener\">(AZUL4)<\/a>\u00a0informou, em comunicado divulgado ao mercado nessa ter\u00e7a-feira (10), que o tr\u00e1fego de passageiros consolidado (o RPK) aumentou, em setembro, 18,7% na compara\u00e7\u00e3o anual. A\u00a0companhia a\u00e9rea\u00a0anunciou os resultados preliminares do tr\u00e1fego no m\u00eas passado.<\/p>\t<div class=\"wrapper-featured-image\">\n\t\t<figure class=\"spotlightImg\">\n\n\t\t\t<picture>\n\t\t\t\t<source media=\"(max-width: 768px)\" srcset=\"https:\/\/files.sunoresearch.com.br\/n\/uploads\/2023\/05\/azul-aerea-cia-400x200.jpg\">\n\t\t\t\t<img loading=\"lazy\" decoding=\"async\" class=\"newsContent__article__imgCapa lazyloadDisabled \" src=\"https:\/\/files.sunoresearch.com.br\/n\/uploads\/2023\/05\/azul-aerea-cia-800x450.jpg\" width=\"800\" height=\"450\" alt=\"Azul (AZUL4): tr\u00e1fego total de passageiros aumenta 18,7% em setembro na compara\u00e7\u00e3o anual\" fetchpriority=high \/>\n\t\t\t<\/picture>\n\n\t\t\t<figcaption class=\"wp-caption-text wp-caption-text--show\">Azul (AZUL44). Foto: iStock<\/figcaption>\n\t\t<\/figure>\n\t<\/div>\n\n\n\n\n\n\n\n\t<p>\n\t\t<a href=\"https:\/\/lp.suno.com.br\/planilha-da-vida-financeira\/\" target=\"_blank\" data-element=\"shortcode-suno-banner\" title=\"Banner SUNO, clique e saiba mais\">\n\t\t\t<picture>\n\t\t\t\t<source media=\"(max-width: 500px)\" srcset=\"https:\/\/files.sunoresearch.com.br\/n\/uploads\/2023\/04\/400x300-Planilha-vida-financeira-true.png\">\n\t\t\t\t<img class=\"newsContent__article__imgCapa newsContent__article__imgCapa--banner\"\n\t\t\t\t\tsrc=\"https:\/\/files.sunoresearch.com.br\/n\/uploads\/2023\/04\/1420x240-Planilha-vida-financeira-true.png\"\n\t\t\t\t\tdata-promo-id=\"106682\"\t\t\t\t\t\t\t\t\t\twidth='1420' height='240'\t\t\t\t\talt=\"https:\/\/files.sunoresearch.com.br\/n\/uploads\/2023\/04\/1420x240-Planilha-vida-financeira-true.png\"\n\t\t\t\t>\n\t\t\t<\/picture>\n\t\t<\/a>\n\t<\/p>\n\n\n\n\n\n<p>A capacidade (ASKs), por sua vez, apresentou um salto de 15,0% no mesmo intervalo de compara\u00e7\u00e3o. Com isso, a&nbsp;<strong>taxa de ocupa\u00e7\u00e3o da Azul<\/strong>&nbsp;em rela\u00e7\u00e3o a setembro de 2022 subiu 2,6 pontos percentuais, passando para 81,7%. <\/p>\n\n\n\n<p>Segundo a Azul, o&nbsp;<strong>tr\u00e1fego de passageiros<\/strong>&nbsp;dom\u00e9stico cresceu 10,6% em rela\u00e7\u00e3o a setembro de 2022, enquanto a capacidade apontou uma expans\u00e3o de 7,4%.<\/p>\n\n\n\n<p>Isso resultou em uma taxa de ocupa\u00e7\u00e3o de 79,4%, o que representa uma alta de 2,3 pontos percentuais comparado com o mesmo per\u00edodo de 2022. <\/p>\n\n\n\n\t<div data-element=\"shortcode-read-more\" class=\"readToo\">\n\t\t\t\t<span class=\"readToo__title\">Leia mais<\/span>\n\t\t\t\t<ul class=\"readToo__list\">\n\t\t\t<li><a href=\"https:\/\/www.suno.com.br\/noticias\/b3-b3sa3-volume-negociacao-investidores-gpj\/\">B3 (B3SA3) tem queda anual de 20,9% no volume de negocia\u00e7\u00e3o de a\u00e7\u00f5es, mas n\u00famero de investidores cresce<\/a><\/li><li><a href=\"https:\/\/www.suno.com.br\/noticias\/gerdau-ggbr4-banco-recomenda-compra-alerta-mercado-brasileiro-va\/\">Gerdau (GGBR4): banco recomenda compra, mas faz um alerta sobre o mercado brasileiro; entenda<\/a><\/li><li><a href=\"https:\/\/www.suno.com.br\/noticias\/telefonica-vivt3-jcp-150-milhoes-reais-jvj\/\">Telef\u00f4nica (VIVT3) anuncia JCP de R$ 150 milh\u00f5es; veja quem tem direito e quando ser\u00e3o pagos<\/a><\/li>\t\t<\/ul>\n\t<\/div>\n\n\n\n\n<h2 class=\"wp-block-heading\">Azul: aumento de passageiros que viajam para fora do pa\u00eds<\/h2>\n\n\n\n<p>J\u00e1 no segmento internacional, o&nbsp;<strong>tr\u00e1fego de passageiros da Azul<\/strong>&nbsp;cresceu 51,1% no comparativo com o mesmo m\u00eas do ano anterior, enquanto a capacidade aumentou 49,7%.<\/p>\n\n\n\n<p>Dessa forma, a taxa de ocupa\u00e7\u00e3o do segmento ficou em 89,1%, indicando retra\u00e7\u00e3o de 0,8 ponto percentual. <\/p>\n\n\n\n<p>\u201cEm setembro, continuamos a demonstrar a nossa habilidade de equilibrar a capacidade com a demanda, o que nos permite manter taxas de ocupa\u00e7\u00e3o sustent\u00e1veis, e RASK recorde. Esperamos que essas tend\u00eancias positivas continuem durante a alta temporada de ver\u00e3o\u201d, diz John Rodgerson, <strong>CEO da Azul<\/strong>.<\/p>\n\n\n\t<p>\n\t\t<a href=\"https:\/\/lp.suno.com.br\/ebook-como-analisar-uma-acao\/\" target=\"_blank\" data-element=\"shortcode-suno-banner\" title=\"Banner SUNO, clique e saiba mais\">\n\t\t\t<picture>\n\t\t\t\t<source media=\"(max-width: 500px)\" srcset=\"https:\/\/files.sunoresearch.com.br\/n\/uploads\/2023\/03\/Ebook-Acoes-Mobile.jpg\">\n\t\t\t\t<img class=\"newsContent__article__imgCapa newsContent__article__imgCapa--banner\"\n\t\t\t\t\tsrc=\"https:\/\/files.sunoresearch.com.br\/n\/uploads\/2023\/03\/Ebook-Acoes-Desktop.jpg\"\n\t\t\t\t\tdata-promo-id=\"378302\"\t\t\t\t\t\t\t\t\t\twidth='1420' height='286'\t\t\t\t\talt=\"https:\/\/files.sunoresearch.com.br\/n\/uploads\/2023\/03\/Ebook-Acoes-Desktop.jpg\"\n\t\t\t\t>\n\t\t\t<\/picture>\n\t\t<\/a>\n\t<\/p>\n\n\n\n\n\n<h2 class=\"wp-block-heading\">Azul encerra renegocia\u00e7\u00e3o de d\u00edvidas com arrendadores e fabricantes de aeronaves<\/h2>\n\n\n\n<p>No in\u00edcio do m\u00eas, a Azul anunciou em <a href=\"https:\/\/www.suno.com.br\/artigos\/fato-relevante\/\">fato relevante<\/a> a conclus\u00e3o da restrutura\u00e7\u00e3o de suas obriga\u00e7\u00f5es com a maior parte dos arrendadores de aeronaves e fabricantes de equipamentos originais.<\/p>\n\n\n\n<p>De acordo com a Azul, a restrutura\u00e7\u00e3o envolveu os seguintes pontos:<\/p>\n\n\n\n<ul class=\"wp-block-list\">\n<li>A elimina\u00e7\u00e3o das obriga\u00e7\u00f5es de pagamento de arrendamento que haviam sido anteriormente diferidas durante a<strong>&nbsp;pandemia de Covid-19<\/strong>;<\/li>\n\n\n\n<li>A redu\u00e7\u00e3o permanente nos pagamentos contratuais de arrendamento, para novas taxas acordadas de mercado;<\/li>\n\n\n\n<li>O diferimento de determinados pagamentos a arrendadores e fabricantes, bem como obriga\u00e7\u00f5es contratuais com fornecedores;<\/li>\n\n\n\n<li>Outras concess\u00f5es, incluindo redu\u00e7\u00f5es nas obriga\u00e7\u00f5es de final de contrato de arrendamento e condi\u00e7\u00f5es de devolu\u00e7\u00e3o de aeronaves, elimina\u00e7\u00e3o de pagamentos de reservas de manuten\u00e7\u00e3o futuras e rescis\u00e3o antecipada de determinados arrendamentos de aeronaves.<\/li>\n<\/ul>\n\n\n\n<p>Como parte desses acordos, a\u00a0<strong>Azul Investments LLP<\/strong>,\u00a0<strong>subsidi\u00e1ria da Azul<\/strong>, emitiu US$ 370.490.204,00 em\u00a0t\u00edtulos de d\u00edvida\u00a0sem garantia, com vencimento em 2030 e com cupom de 7,5%.<\/p>\n\n\n\n<p>A companhia a\u00e9rea informou que arrendadores e fabricantes tamb\u00e9m concordaram em receber um total de at\u00e9 US$ 570 milh\u00f5es em&nbsp;<strong>a\u00e7\u00f5es preferenciais da Azul&nbsp;<\/strong>a um valor de R$ 36,00 por a\u00e7\u00e3o. \u201cA emiss\u00e3o de todas as <a href=\"https:\/\/www.suno.com.br\/artigos\/acoes-preferenciais\/\">a\u00e7\u00f5es preferenciais<\/a> abrangidas nesses contratos ser\u00e1 feita em parcelas trimestrais, com in\u00edcio no terceiro trimestre de 2024 e com conclus\u00e3o prevista para o quarto trimestre de 2027\u201d, destacou.<\/p>\n\n\n\n<p>De acordo com a empresa, a reestrutura\u00e7\u00e3o reduz significativamente os passivos de arrendamento da Azul, com a redu\u00e7\u00e3o dos pagamentos de arrendamento futuros em mais de R$ 1,0 bilh\u00e3o por ano.<\/p>\n\n\n\n<p>\u201cPor meio destes acordos, melhoramos significativamente a nossa <a href=\"https:\/\/www.suno.com.br\/artigos\/indicadores-estrutura-capital\/\">estrutura de capital<\/a> e fluxos de caixa, reduzindo os nossos passivos e pagamentos de\u00a0arrendamento, ao mesmo tempo que honramos o nosso compromisso de compensar integralmente os nossos parceiros\u201d, disse Alex Malfitani, diretor financeiro da companhia. \u201cAl\u00e9m disso, n\u00e3o temos vencimentos significativos at\u00e9 o final de 2028 e agora podemos contar com um forte balan\u00e7o patrimonial e posi\u00e7\u00e3o de liquidez, consistente com nossa malha superior, oferta de produtos e estrutura de custos\u201d, completou.<\/p>\n\n\n\n<h2 class=\"wp-block-heading\">Desempenho das cota\u00e7\u00f5es da Azul<\/h2>\n\n\n\n<div class=\"pluginQuotation\">\n  <p class=\"ticker\">\n    Cota\u00e7\u00e3o <span>AZUL4<\/span>\n  <\/p>\n  <div class=\"info\">\n    <div class=\"leftSide\">\n      Gr\u00e1fico gerado em: 11\/10\/2023    <\/div>\n\t\t\t\t\t<div class=\"rightSide\">\n\t\t\t\t\t<span class=\"period\">\n\t\t\t\t\t\t1 Dia\t\t\t\t\t<\/span>\n\t\t\t<\/div>\n\t\t  <\/div>\n\n  <div id=\"chart-dc54941c401213bb572afb7860be5569\" data-block-hash=\"dc54941c401213bb572afb7860be5569\"  class=\"chart\" style=\"width:100%;height:400px;\"><\/div>\n\n  <div class=\"pluginQuotation__footer\">\n    <div class=\"dataChart\">\n\n      <div class=\"dataChart__div1 variation\">\n        <div class=\"value-positive\">\n          5,57 (+0,70%)        <\/div>\n        <div class=\"text\">\n          Varia\u00e7\u00e3o do per\u00edodo\n        <\/div>\n      <\/div>\n\n      <div class=\"dataChart__div2 minMax\">\n        <div class=\"value\">\n          R$\u00a012,57        <\/div>\n        <div class=\"text\">\n          M\u00ednima\n        <\/div>\n      <\/div>\n\n      <div class=\"dataChart__div3 minMax\">\n        <div class=\"value\">\n          R$\u00a013,27        <\/div>\n        <div class=\"text\">\n          M\u00e1xima\n        <\/div>\n      <\/div>\n\n\t\t\t<div class=\"dataChart__div4 rightSide\">\n\t\t\t\t<div class=\"analiticaSource\">\n\t\t\t\t\t<span>\n\t\t\t\t\t\tFonte:\n\t\t\t\t\t<\/span>\n\t\t\t\t\t<img decoding=\"async\" class=\"analiticaLogo\" src=\"https:\/\/www.suno.com.br\/noticias\/wp-content\/plugins\/suno-block-ticker-quotation\/src\/suno-analitica-logo.png\" alt=\"Logo Suno Anal\u00edtica\" \/>\n\t\t\t\t<\/div>\n\n\t\t\t\t<a href=\"https:\/\/www.suno.com.br\/analitica\/acoes\/AZUL4\" target=\"_blank\">\n\t\t\t\t\t<span>\n\t\t\t\t\t\tVer mais cota\u00e7\u00f5es\n\t\t\t\t\t<\/span>\n\t\t\t\t\t<svg xmlns=\"http:\/\/www.w3.org\/2000\/svg\" width=\"9\" height=\"8\" viewBox=\"0 0 9 8\" fill=\"none\">\n\t\t\t\t\t\t<path d=\"M4.20996 0L3.50496 0.705L6.29496 3.5H0.209961V4.5H6.29496L3.50496 7.295L4.20996 8L8.20996 4L4.20996 0Z\" fill=\"#D42126\" \/>\n\t\t\t\t\t<\/svg>\n\t\t\t\t<\/a>\n    <\/div>\n\n    <\/div>\n  <\/div>\n<\/div>\n\n\n<script type=\"text\/javascript\">\n  let chart_dc54941c401213bb572afb7860be5569 = document.getElementById('chart-dc54941c401213bb572afb7860be5569');\n  let data_json_dc54941c401213bb572afb7860be5569 = \"[{\\\"date\\\":\\\"10\\\\\\\/10\\\\\\\/23 10:02\\\",\\\"value\\\":12.57},{\\\"date\\\":\\\"10\\\\\\\/10\\\\\\\/23 10:04\\\",\\\"value\\\":12.62},{\\\"date\\\":\\\"10\\\\\\\/10\\\\\\\/23 10:06\\\",\\\"value\\\":12.64},{\\\"date\\\":\\\"10\\\\\\\/10\\\\\\\/23 10:08\\\",\\\"value\\\":12.68},{\\\"date\\\":\\\"10\\\\\\\/10\\\\\\\/23 10:10\\\",\\\"value\\\":12.76},{\\\"date\\\":\\\"10\\\\\\\/10\\\\\\\/23 10:12\\\",\\\"value\\\":12.79},{\\\"date\\\":\\\"10\\\\\\\/10\\\\\\\/23 10:14\\\",\\\"value\\\":12.75},{\\\"date\\\":\\\"10\\\\\\\/10\\\\\\\/23 10:16\\\",\\\"value\\\":12.74},{\\\"date\\\":\\\"10\\\\\\\/10\\\\\\\/23 10:18\\\",\\\"value\\\":12.79},{\\\"date\\\":\\\"10\\\\\\\/10\\\\\\\/23 10:20\\\",\\\"value\\\":12.85},{\\\"date\\\":\\\"10\\\\\\\/10\\\\\\\/23 10:22\\\",\\\"value\\\":12.82},{\\\"date\\\":\\\"10\\\\\\\/10\\\\\\\/23 10:24\\\",\\\"value\\\":12.81},{\\\"date\\\":\\\"10\\\\\\\/10\\\\\\\/23 10:26\\\",\\\"value\\\":12.85},{\\\"date\\\":\\\"10\\\\\\\/10\\\\\\\/23 10:28\\\",\\\"value\\\":12.89},{\\\"date\\\":\\\"10\\\\\\\/10\\\\\\\/23 10:30\\\",\\\"value\\\":13},{\\\"date\\\":\\\"10\\\\\\\/10\\\\\\\/23 10:32\\\",\\\"value\\\":13.02},{\\\"date\\\":\\\"10\\\\\\\/10\\\\\\\/23 10:34\\\",\\\"value\\\":12.94},{\\\"date\\\":\\\"10\\\\\\\/10\\\\\\\/23 10:36\\\",\\\"value\\\":12.87},{\\\"date\\\":\\\"10\\\\\\\/10\\\\\\\/23 10:38\\\",\\\"value\\\":12.91},{\\\"date\\\":\\\"10\\\\\\\/10\\\\\\\/23 10:40\\\",\\\"value\\\":12.87},{\\\"date\\\":\\\"10\\\\\\\/10\\\\\\\/23 10:42\\\",\\\"value\\\":12.82},{\\\"date\\\":\\\"10\\\\\\\/10\\\\\\\/23 10:44\\\",\\\"value\\\":12.87},{\\\"date\\\":\\\"10\\\\\\\/10\\\\\\\/23 10:46\\\",\\\"value\\\":12.93},{\\\"date\\\":\\\"10\\\\\\\/10\\\\\\\/23 10:48\\\",\\\"value\\\":13.01},{\\\"date\\\":\\\"10\\\\\\\/10\\\\\\\/23 10:50\\\",\\\"value\\\":13.03},{\\\"date\\\":\\\"10\\\\\\\/10\\\\\\\/23 10:52\\\",\\\"value\\\":13},{\\\"date\\\":\\\"10\\\\\\\/10\\\\\\\/23 10:54\\\",\\\"value\\\":13.03},{\\\"date\\\":\\\"10\\\\\\\/10\\\\\\\/23 10:56\\\",\\\"value\\\":13.03},{\\\"date\\\":\\\"10\\\\\\\/10\\\\\\\/23 10:58\\\",\\\"value\\\":13.02},{\\\"date\\\":\\\"10\\\\\\\/10\\\\\\\/23 11:00\\\",\\\"value\\\":13.08},{\\\"date\\\":\\\"10\\\\\\\/10\\\\\\\/23 11:02\\\",\\\"value\\\":13.03},{\\\"date\\\":\\\"10\\\\\\\/10\\\\\\\/23 11:04\\\",\\\"value\\\":13.04},{\\\"date\\\":\\\"10\\\\\\\/10\\\\\\\/23 11:06\\\",\\\"value\\\":13.03},{\\\"date\\\":\\\"10\\\\\\\/10\\\\\\\/23 11:08\\\",\\\"value\\\":13.02},{\\\"date\\\":\\\"10\\\\\\\/10\\\\\\\/23 11:10\\\",\\\"value\\\":12.98},{\\\"date\\\":\\\"10\\\\\\\/10\\\\\\\/23 11:12\\\",\\\"value\\\":13},{\\\"date\\\":\\\"10\\\\\\\/10\\\\\\\/23 11:14\\\",\\\"value\\\":13},{\\\"date\\\":\\\"10\\\\\\\/10\\\\\\\/23 11:16\\\",\\\"value\\\":13.01},{\\\"date\\\":\\\"10\\\\\\\/10\\\\\\\/23 11:18\\\",\\\"value\\\":13.03},{\\\"date\\\":\\\"10\\\\\\\/10\\\\\\\/23 11:20\\\",\\\"value\\\":13.01},{\\\"date\\\":\\\"10\\\\\\\/10\\\\\\\/23 11:22\\\",\\\"value\\\":13.02},{\\\"date\\\":\\\"10\\\\\\\/10\\\\\\\/23 11:24\\\",\\\"value\\\":13.02},{\\\"date\\\":\\\"10\\\\\\\/10\\\\\\\/23 11:26\\\",\\\"value\\\":13.04},{\\\"date\\\":\\\"10\\\\\\\/10\\\\\\\/23 11:28\\\",\\\"value\\\":12.97},{\\\"date\\\":\\\"10\\\\\\\/10\\\\\\\/23 11:30\\\",\\\"value\\\":12.96},{\\\"date\\\":\\\"10\\\\\\\/10\\\\\\\/23 11:32\\\",\\\"value\\\":12.92},{\\\"date\\\":\\\"10\\\\\\\/10\\\\\\\/23 11:34\\\",\\\"value\\\":12.87},{\\\"date\\\":\\\"10\\\\\\\/10\\\\\\\/23 11:36\\\",\\\"value\\\":12.86},{\\\"date\\\":\\\"10\\\\\\\/10\\\\\\\/23 11:38\\\",\\\"value\\\":12.83},{\\\"date\\\":\\\"10\\\\\\\/10\\\\\\\/23 11:40\\\",\\\"value\\\":12.84},{\\\"date\\\":\\\"10\\\\\\\/10\\\\\\\/23 11:42\\\",\\\"value\\\":12.83},{\\\"date\\\":\\\"10\\\\\\\/10\\\\\\\/23 11:44\\\",\\\"value\\\":12.78},{\\\"date\\\":\\\"10\\\\\\\/10\\\\\\\/23 11:46\\\",\\\"value\\\":12.75},{\\\"date\\\":\\\"10\\\\\\\/10\\\\\\\/23 11:48\\\",\\\"value\\\":12.77},{\\\"date\\\":\\\"10\\\\\\\/10\\\\\\\/23 11:50\\\",\\\"value\\\":12.8},{\\\"date\\\":\\\"10\\\\\\\/10\\\\\\\/23 11:52\\\",\\\"value\\\":12.77},{\\\"date\\\":\\\"10\\\\\\\/10\\\\\\\/23 11:54\\\",\\\"value\\\":12.75},{\\\"date\\\":\\\"10\\\\\\\/10\\\\\\\/23 11:56\\\",\\\"value\\\":12.75},{\\\"date\\\":\\\"10\\\\\\\/10\\\\\\\/23 11:58\\\",\\\"value\\\":12.8},{\\\"date\\\":\\\"10\\\\\\\/10\\\\\\\/23 12:00\\\",\\\"value\\\":12.75},{\\\"date\\\":\\\"10\\\\\\\/10\\\\\\\/23 12:02\\\",\\\"value\\\":12.74},{\\\"date\\\":\\\"10\\\\\\\/10\\\\\\\/23 12:04\\\",\\\"value\\\":12.71},{\\\"date\\\":\\\"10\\\\\\\/10\\\\\\\/23 12:06\\\",\\\"value\\\":12.76},{\\\"date\\\":\\\"10\\\\\\\/10\\\\\\\/23 12:08\\\",\\\"value\\\":12.78},{\\\"date\\\":\\\"10\\\\\\\/10\\\\\\\/23 12:10\\\",\\\"value\\\":12.76},{\\\"date\\\":\\\"10\\\\\\\/10\\\\\\\/23 12:12\\\",\\\"value\\\":12.78},{\\\"date\\\":\\\"10\\\\\\\/10\\\\\\\/23 12:14\\\",\\\"value\\\":12.83},{\\\"date\\\":\\\"10\\\\\\\/10\\\\\\\/23 12:16\\\",\\\"value\\\":12.82},{\\\"date\\\":\\\"10\\\\\\\/10\\\\\\\/23 12:18\\\",\\\"value\\\":12.81},{\\\"date\\\":\\\"10\\\\\\\/10\\\\\\\/23 12:20\\\",\\\"value\\\":12.82},{\\\"date\\\":\\\"10\\\\\\\/10\\\\\\\/23 12:22\\\",\\\"value\\\":12.78},{\\\"date\\\":\\\"10\\\\\\\/10\\\\\\\/23 12:24\\\",\\\"value\\\":12.81},{\\\"date\\\":\\\"10\\\\\\\/10\\\\\\\/23 12:26\\\",\\\"value\\\":12.83},{\\\"date\\\":\\\"10\\\\\\\/10\\\\\\\/23 12:28\\\",\\\"value\\\":12.86},{\\\"date\\\":\\\"10\\\\\\\/10\\\\\\\/23 12:30\\\",\\\"value\\\":12.88},{\\\"date\\\":\\\"10\\\\\\\/10\\\\\\\/23 12:32\\\",\\\"value\\\":12.85},{\\\"date\\\":\\\"10\\\\\\\/10\\\\\\\/23 12:34\\\",\\\"value\\\":12.84},{\\\"date\\\":\\\"10\\\\\\\/10\\\\\\\/23 12:36\\\",\\\"value\\\":12.86},{\\\"date\\\":\\\"10\\\\\\\/10\\\\\\\/23 12:38\\\",\\\"value\\\":12.86},{\\\"date\\\":\\\"10\\\\\\\/10\\\\\\\/23 12:40\\\",\\\"value\\\":12.84},{\\\"date\\\":\\\"10\\\\\\\/10\\\\\\\/23 12:42\\\",\\\"value\\\":12.84},{\\\"date\\\":\\\"10\\\\\\\/10\\\\\\\/23 12:44\\\",\\\"value\\\":12.85},{\\\"date\\\":\\\"10\\\\\\\/10\\\\\\\/23 12:46\\\",\\\"value\\\":12.82},{\\\"date\\\":\\\"10\\\\\\\/10\\\\\\\/23 12:48\\\",\\\"value\\\":12.85},{\\\"date\\\":\\\"10\\\\\\\/10\\\\\\\/23 12:50\\\",\\\"value\\\":12.84},{\\\"date\\\":\\\"10\\\\\\\/10\\\\\\\/23 12:52\\\",\\\"value\\\":12.84},{\\\"date\\\":\\\"10\\\\\\\/10\\\\\\\/23 12:54\\\",\\\"value\\\":12.89},{\\\"date\\\":\\\"10\\\\\\\/10\\\\\\\/23 12:56\\\",\\\"value\\\":12.93},{\\\"date\\\":\\\"10\\\\\\\/10\\\\\\\/23 12:58\\\",\\\"value\\\":12.92},{\\\"date\\\":\\\"10\\\\\\\/10\\\\\\\/23 13:00\\\",\\\"value\\\":12.97},{\\\"date\\\":\\\"10\\\\\\\/10\\\\\\\/23 13:02\\\",\\\"value\\\":12.97},{\\\"date\\\":\\\"10\\\\\\\/10\\\\\\\/23 13:04\\\",\\\"value\\\":13.01},{\\\"date\\\":\\\"10\\\\\\\/10\\\\\\\/23 13:06\\\",\\\"value\\\":12.98},{\\\"date\\\":\\\"10\\\\\\\/10\\\\\\\/23 13:08\\\",\\\"value\\\":12.99},{\\\"date\\\":\\\"10\\\\\\\/10\\\\\\\/23 13:10\\\",\\\"value\\\":13.01},{\\\"date\\\":\\\"10\\\\\\\/10\\\\\\\/23 13:12\\\",\\\"value\\\":13.04},{\\\"date\\\":\\\"10\\\\\\\/10\\\\\\\/23 13:14\\\",\\\"value\\\":13.05},{\\\"date\\\":\\\"10\\\\\\\/10\\\\\\\/23 13:16\\\",\\\"value\\\":13.03},{\\\"date\\\":\\\"10\\\\\\\/10\\\\\\\/23 13:18\\\",\\\"value\\\":13.04},{\\\"date\\\":\\\"10\\\\\\\/10\\\\\\\/23 13:20\\\",\\\"value\\\":13.05},{\\\"date\\\":\\\"10\\\\\\\/10\\\\\\\/23 13:22\\\",\\\"value\\\":13.03},{\\\"date\\\":\\\"10\\\\\\\/10\\\\\\\/23 13:24\\\",\\\"value\\\":13.03},{\\\"date\\\":\\\"10\\\\\\\/10\\\\\\\/23 13:26\\\",\\\"value\\\":13.04},{\\\"date\\\":\\\"10\\\\\\\/10\\\\\\\/23 13:28\\\",\\\"value\\\":13.02},{\\\"date\\\":\\\"10\\\\\\\/10\\\\\\\/23 13:30\\\",\\\"value\\\":13},{\\\"date\\\":\\\"10\\\\\\\/10\\\\\\\/23 13:32\\\",\\\"value\\\":13.05},{\\\"date\\\":\\\"10\\\\\\\/10\\\\\\\/23 13:34\\\",\\\"value\\\":13.07},{\\\"date\\\":\\\"10\\\\\\\/10\\\\\\\/23 13:36\\\",\\\"value\\\":13.05},{\\\"date\\\":\\\"10\\\\\\\/10\\\\\\\/23 13:38\\\",\\\"value\\\":13.06},{\\\"date\\\":\\\"10\\\\\\\/10\\\\\\\/23 13:40\\\",\\\"value\\\":13.02},{\\\"date\\\":\\\"10\\\\\\\/10\\\\\\\/23 13:42\\\",\\\"value\\\":13.02},{\\\"date\\\":\\\"10\\\\\\\/10\\\\\\\/23 13:44\\\",\\\"value\\\":13.04},{\\\"date\\\":\\\"10\\\\\\\/10\\\\\\\/23 13:46\\\",\\\"value\\\":13.13},{\\\"date\\\":\\\"10\\\\\\\/10\\\\\\\/23 13:48\\\",\\\"value\\\":13.15},{\\\"date\\\":\\\"10\\\\\\\/10\\\\\\\/23 13:50\\\",\\\"value\\\":13.21},{\\\"date\\\":\\\"10\\\\\\\/10\\\\\\\/23 13:52\\\",\\\"value\\\":13.2},{\\\"date\\\":\\\"10\\\\\\\/10\\\\\\\/23 13:54\\\",\\\"value\\\":13.19},{\\\"date\\\":\\\"10\\\\\\\/10\\\\\\\/23 13:56\\\",\\\"value\\\":13.19},{\\\"date\\\":\\\"10\\\\\\\/10\\\\\\\/23 13:58\\\",\\\"value\\\":13.2},{\\\"date\\\":\\\"10\\\\\\\/10\\\\\\\/23 15:00\\\",\\\"value\\\":13.18},{\\\"date\\\":\\\"10\\\\\\\/10\\\\\\\/23 15:02\\\",\\\"value\\\":13.16},{\\\"date\\\":\\\"10\\\\\\\/10\\\\\\\/23 15:04\\\",\\\"value\\\":13.2},{\\\"date\\\":\\\"10\\\\\\\/10\\\\\\\/23 15:06\\\",\\\"value\\\":13.18},{\\\"date\\\":\\\"10\\\\\\\/10\\\\\\\/23 15:08\\\",\\\"value\\\":13.2},{\\\"date\\\":\\\"10\\\\\\\/10\\\\\\\/23 15:10\\\",\\\"value\\\":13.22},{\\\"date\\\":\\\"10\\\\\\\/10\\\\\\\/23 15:12\\\",\\\"value\\\":13.22},{\\\"date\\\":\\\"10\\\\\\\/10\\\\\\\/23 15:14\\\",\\\"value\\\":13.19},{\\\"date\\\":\\\"10\\\\\\\/10\\\\\\\/23 15:16\\\",\\\"value\\\":13.2},{\\\"date\\\":\\\"10\\\\\\\/10\\\\\\\/23 15:18\\\",\\\"value\\\":13.2},{\\\"date\\\":\\\"10\\\\\\\/10\\\\\\\/23 15:20\\\",\\\"value\\\":13.2},{\\\"date\\\":\\\"10\\\\\\\/10\\\\\\\/23 15:22\\\",\\\"value\\\":13.2},{\\\"date\\\":\\\"10\\\\\\\/10\\\\\\\/23 15:24\\\",\\\"value\\\":13.21},{\\\"date\\\":\\\"10\\\\\\\/10\\\\\\\/23 15:26\\\",\\\"value\\\":13.23},{\\\"date\\\":\\\"10\\\\\\\/10\\\\\\\/23 15:28\\\",\\\"value\\\":13.21},{\\\"date\\\":\\\"10\\\\\\\/10\\\\\\\/23 15:30\\\",\\\"value\\\":13.21},{\\\"date\\\":\\\"10\\\\\\\/10\\\\\\\/23 15:32\\\",\\\"value\\\":13.21},{\\\"date\\\":\\\"10\\\\\\\/10\\\\\\\/23 15:34\\\",\\\"value\\\":13.2},{\\\"date\\\":\\\"10\\\\\\\/10\\\\\\\/23 15:36\\\",\\\"value\\\":13.21},{\\\"date\\\":\\\"10\\\\\\\/10\\\\\\\/23 15:38\\\",\\\"value\\\":13.21},{\\\"date\\\":\\\"10\\\\\\\/10\\\\\\\/23 15:40\\\",\\\"value\\\":13.27},{\\\"date\\\":\\\"10\\\\\\\/10\\\\\\\/23 15:42\\\",\\\"value\\\":13.19},{\\\"date\\\":\\\"10\\\\\\\/10\\\\\\\/23 15:44\\\",\\\"value\\\":13.2},{\\\"date\\\":\\\"10\\\\\\\/10\\\\\\\/23 15:46\\\",\\\"value\\\":13.27}]\";\n  let isPositive_dc54941c401213bb572afb7860be5569 = true;\n\n  let color_dc54941c401213bb572afb7860be5569 = isPositive_dc54941c401213bb572afb7860be5569 ? '#3AB53A' : '#D92C2D';\n\n  let data_dc54941c401213bb572afb7860be5569 = JSON.parse(data_json_dc54941c401213bb572afb7860be5569);\n\n  const result_dc54941c401213bb572afb7860be5569 = {\n    date: [],\n    value: [],\n  };\n\n  data_dc54941c401213bb572afb7860be5569.forEach((item) => {\n    result_dc54941c401213bb572afb7860be5569.date.push(item.date);\n    result_dc54941c401213bb572afb7860be5569.value.push(Number(item.value));\n  });\n\n  let option_dc54941c401213bb572afb7860be5569 = {\n    \/\/ variavel de cor global\n    color: [color_dc54941c401213bb572afb7860be5569],\n    title: {\n      text: '',\n    },\n    tooltip: {\n      trigger: 'axis',\n      axisPointer: {\n        type: 'cross',\n        label: {\n          \/\/ cor dos valores em X e Y\n          backgroundColor: color_dc54941c401213bb572afb7860be5569,\n          formatter: (value) => {\n            if (typeof value.value === 'number') {\n              return Number(value.value).toLocaleString('pt-br', {\n                style: 'currency',\n                currency: 'BRL'\n              });\n            }\n            return value.value;\n          },\n        },\n      },\n      valueFormatter: (value) => Number(value).toLocaleString('pt-br', {\n        style: 'currency',\n        currency: 'BRL'\n      }),\n    },\n    legend: {\n      \/\/ data: ['Valor de Fechamento'],\n      show: false,\n    },\n    toolbox: {\n      feature: {\n        saveAsImage: {\n          show: false,\n        },\n      },\n    },\n    grid: {\n      left: '0px',\n      right: '0px',\n      bottom: '0px',\n      containLabel: true,\n    },\n    xAxis: [{\n      type: 'category',\n      data: result_dc54941c401213bb572afb7860be5569.date,\n      boundaryGap: true,\n    }],\n    yAxis: [{\n      type: 'value',\n      min: Math.min(...result_dc54941c401213bb572afb7860be5569.value),\n      max: Math.max(...result_dc54941c401213bb572afb7860be5569.value),\n      axisLabel: {\n        formatter: (value) => value.toLocaleString('pt-br', {\n          style: 'currency',\n          currency: 'BRL'\n        }),\n      },\n    }],\n    series: [{\n      name: 'Valor de Fechamento',\n      type: 'line',\n      stack: 'Total',\n      \/\/ cor do grafico\n      areaStyle: {},\n      emphasis: {\n        focus: 'series',\n      },\n      data: result_dc54941c401213bb572afb7860be5569.value,\n      \/\/ cor da linha\n      lineStyle: {\n        color: color_dc54941c401213bb572afb7860be5569,\n      },\n    }, ],\n  };\n\n\twindow.chart_dc54941c401213bb572afb7860be5569 = {\n\t\tel: chart_dc54941c401213bb572afb7860be5569,\n\t\toption: option_dc54941c401213bb572afb7860be5569\t};\n\n\n<\/script>\n\n\n\t<p>\n\t\t<a href=\"https:\/\/lp.suno.com.br\/planilha-da-vida-financeira\/\" target=\"_blank\" data-element=\"shortcode-suno-banner\" title=\"Banner SUNO, clique e saiba mais\">\n\t\t\t<picture>\n\t\t\t\t<source media=\"(max-width: 500px)\" srcset=\"https:\/\/files.sunoresearch.com.br\/n\/uploads\/2023\/04\/400x300-Planilha-vida-financeira-true.png\">\n\t\t\t\t<img class=\"newsContent__article__imgCapa newsContent__article__imgCapa--banner\"\n\t\t\t\t\tsrc=\"https:\/\/files.sunoresearch.com.br\/n\/uploads\/2023\/04\/1420x240-Planilha-vida-financeira-true.png\"\n\t\t\t\t\tdata-promo-id=\"383123\"\t\t\t\t\t\t\t\t\t\twidth='1420' height='240'\t\t\t\t\talt=\"https:\/\/files.sunoresearch.com.br\/n\/uploads\/2023\/04\/1420x240-Planilha-vida-financeira-true.png\"\n\t\t\t\t>\n\t\t\t<\/picture>\n\t\t<\/a>\n\t<\/p>\n\n\n","protected":false},"excerpt":{"rendered":"<p>A\u00a0Azul (AZUL4)\u00a0informou, em comunicado divulgado ao mercado nessa ter\u00e7a-feira (10), que o tr\u00e1fego de passageiros consolidado (o RPK) aumentou, em setembro, 18,7% na compara\u00e7\u00e3o anual. A\u00a0companhia a\u00e9rea\u00a0anunciou os resultados preliminares do tr\u00e1fego no m\u00eas passado. Azul (AZUL44). Foto: iStock A capacidade (ASKs), por sua vez, apresentou um salto de 15,0% no mesmo intervalo de compara\u00e7\u00e3o. [&hellip;]<\/p>\n","protected":false},"author":313,"featured_media":406422,"comment_status":"closed","ping_status":"closed","sticky":false,"template":"","format":"standard","meta":[],"categories":[64],"tags":[106932],"suno_strategy":[],"class_list":["post-469556","post","type-post","status-publish","format-standard","has-post-thumbnail","hentry","category-negocios","tag-azul-azul4"],"yoast_head":"<!-- This site is optimized with the Yoast SEO plugin v24.4 - https:\/\/yoast.com\/wordpress\/plugins\/seo\/ -->\n<title>Azul (AZUL4): tr\u00e1fego total de passageiros aumenta 18,7% em setembro<\/title>\n<meta name=\"description\" content=\"A\u00a0Azul (AZUL4)\u00a0informou em comunicado que o tr\u00e1fego de passageiros consolidado (o RPK) aumentou, em setembro, 18,7% na compara\u00e7\u00e3o anual.\" \/>\n<meta name=\"robots\" content=\"index, follow, max-snippet:-1, max-image-preview:large, max-video-preview:-1\" \/>\n<link rel=\"canonical\" href=\"https:\/\/www.suno.com.br\/noticias\/azul-azul4-trafego-passageiros-gpj\/\" \/>\n<meta property=\"og:locale\" content=\"pt_BR\" \/>\n<meta property=\"og:type\" content=\"article\" \/>\n<meta property=\"og:title\" content=\"Azul (AZUL4): tr\u00e1fego total de passageiros aumenta 18,7% em setembro\" \/>\n<meta property=\"og:description\" content=\"A\u00a0Azul (AZUL4)\u00a0informou em comunicado que o tr\u00e1fego de passageiros consolidado (o RPK) aumentou, em setembro, 18,7% na compara\u00e7\u00e3o anual.\" \/>\n<meta property=\"og:url\" content=\"https:\/\/www.suno.com.br\/noticias\/azul-azul4-trafego-passageiros-gpj\/\" \/>\n<meta property=\"og:site_name\" content=\"Suno Not\u00edcias\" \/>\n<meta property=\"article:publisher\" content=\"https:\/\/facebook.com\/sunoresearch\" \/>\n<meta property=\"og:image\" content=\"https:\/\/files.sunoresearch.com.br\/n\/uploads\/2023\/05\/azul-aerea-cia.jpg\" \/>\n\t<meta property=\"og:image:width\" content=\"1200\" \/>\n\t<meta property=\"og:image:height\" content=\"800\" \/>\n\t<meta property=\"og:image:type\" content=\"image\/jpeg\" \/>\n<meta name=\"author\" content=\"Giovanni Porf\u00edrio Jacomino\" \/>\n<meta name=\"twitter:card\" content=\"summary_large_image\" \/>\n<meta name=\"twitter:creator\" content=\"@sunoresearch\" \/>\n<meta name=\"twitter:site\" content=\"@sunoresearch\" \/>\n<meta name=\"twitter:label1\" content=\"Escrito por\" \/>\n\t<meta name=\"twitter:data1\" content=\"Giovanni Porf\u00edrio Jacomino\" \/>\n\t<meta name=\"twitter:label2\" content=\"Est. tempo de leitura\" \/>\n\t<meta name=\"twitter:data2\" content=\"4 minutos\" \/>\n<script type=\"application\/ld+json\" class=\"yoast-schema-graph\">{\"@context\":\"https:\/\/schema.org\",\"@graph\":[{\"@type\":\"NewsArticle\",\"@id\":\"https:\/\/www.suno.com.br\/noticias\/azul-azul4-trafego-passageiros-gpj\/#article\",\"isPartOf\":{\"@id\":\"https:\/\/www.suno.com.br\/noticias\/azul-azul4-trafego-passageiros-gpj\/\"},\"author\":{\"name\":\"Giovanni Porf\u00edrio Jacomino\",\"@id\":\"https:\/\/www.suno.com.br\/noticias\/#\/schema\/person\/d0f32748bbca4bee871fa191ee4e2d40\"},\"headline\":\"Azul (AZUL4): tr\u00e1fego total de passageiros aumenta 18,7% em setembro na compara\u00e7\u00e3o anual\",\"datePublished\":\"2023-10-11T11:01:44+00:00\",\"dateModified\":\"2023-10-11T11:19:54+00:00\",\"mainEntityOfPage\":{\"@id\":\"https:\/\/www.suno.com.br\/noticias\/azul-azul4-trafego-passageiros-gpj\/\"},\"wordCount\":638,\"publisher\":{\"@id\":\"https:\/\/www.suno.com.br\/noticias\/#organization\"},\"image\":{\"@id\":\"https:\/\/www.suno.com.br\/noticias\/azul-azul4-trafego-passageiros-gpj\/#primaryimage\"},\"thumbnailUrl\":\"https:\/\/files.sunoresearch.com.br\/n\/uploads\/2023\/05\/azul-aerea-cia.jpg\",\"keywords\":[\"Azul (AZUL4)\"],\"articleSection\":[\"Neg\u00f3cios\"],\"inLanguage\":\"pt-BR\"},{\"@type\":\"WebPage\",\"@id\":\"https:\/\/www.suno.com.br\/noticias\/azul-azul4-trafego-passageiros-gpj\/\",\"url\":\"https:\/\/www.suno.com.br\/noticias\/azul-azul4-trafego-passageiros-gpj\/\",\"name\":\"Azul (AZUL4): tr\u00e1fego total de passageiros aumenta 18,7% em setembro\",\"isPartOf\":{\"@id\":\"https:\/\/www.suno.com.br\/noticias\/#website\"},\"primaryImageOfPage\":{\"@id\":\"https:\/\/www.suno.com.br\/noticias\/azul-azul4-trafego-passageiros-gpj\/#primaryimage\"},\"image\":{\"@id\":\"https:\/\/www.suno.com.br\/noticias\/azul-azul4-trafego-passageiros-gpj\/#primaryimage\"},\"thumbnailUrl\":\"https:\/\/files.sunoresearch.com.br\/n\/uploads\/2023\/05\/azul-aerea-cia.jpg\",\"datePublished\":\"2023-10-11T11:01:44+00:00\",\"dateModified\":\"2023-10-11T11:19:54+00:00\",\"description\":\"A\u00a0Azul (AZUL4)\u00a0informou em comunicado que o tr\u00e1fego de passageiros consolidado (o RPK) aumentou, em setembro, 18,7% na compara\u00e7\u00e3o anual.\",\"breadcrumb\":{\"@id\":\"https:\/\/www.suno.com.br\/noticias\/azul-azul4-trafego-passageiros-gpj\/#breadcrumb\"},\"inLanguage\":\"pt-BR\",\"potentialAction\":[{\"@type\":\"ReadAction\",\"target\":[\"https:\/\/www.suno.com.br\/noticias\/azul-azul4-trafego-passageiros-gpj\/\"]}]},{\"@type\":\"ImageObject\",\"inLanguage\":\"pt-BR\",\"@id\":\"https:\/\/www.suno.com.br\/noticias\/azul-azul4-trafego-passageiros-gpj\/#primaryimage\",\"url\":\"https:\/\/files.sunoresearch.com.br\/n\/uploads\/2023\/05\/azul-aerea-cia.jpg\",\"contentUrl\":\"https:\/\/files.sunoresearch.com.br\/n\/uploads\/2023\/05\/azul-aerea-cia.jpg\",\"width\":1200,\"height\":800,\"caption\":\"Azul (AZUL44). Foto: iStock\"},{\"@type\":\"BreadcrumbList\",\"@id\":\"https:\/\/www.suno.com.br\/noticias\/azul-azul4-trafego-passageiros-gpj\/#breadcrumb\",\"itemListElement\":[{\"@type\":\"ListItem\",\"position\":1,\"name\":\"Not\u00edcias\",\"item\":\"https:\/\/www.suno.com.br\/noticias\/\"},{\"@type\":\"ListItem\",\"position\":2,\"name\":\"Neg\u00f3cios\",\"item\":\"https:\/\/www.suno.com.br\/noticias\/negocios\/\"},{\"@type\":\"ListItem\",\"position\":3,\"name\":\"Azul (AZUL4): tr\u00e1fego total de passageiros aumenta 18,7% em setembro na compara\u00e7\u00e3o anual\"}]},{\"@type\":\"WebSite\",\"@id\":\"https:\/\/www.suno.com.br\/noticias\/#website\",\"url\":\"https:\/\/www.suno.com.br\/noticias\/\",\"name\":\"Suno Not\u00edcias\",\"description\":\"Seu portal de informa\u00e7\u00e3o sobre o mundo dos investimentos\",\"publisher\":{\"@id\":\"https:\/\/www.suno.com.br\/noticias\/#organization\"},\"potentialAction\":[{\"@type\":\"SearchAction\",\"target\":{\"@type\":\"EntryPoint\",\"urlTemplate\":\"https:\/\/www.suno.com.br\/noticias\/?s={search_term_string}\"},\"query-input\":{\"@type\":\"PropertyValueSpecification\",\"valueRequired\":true,\"valueName\":\"search_term_string\"}}],\"inLanguage\":\"pt-BR\"},{\"@type\":\"Organization\",\"@id\":\"https:\/\/www.suno.com.br\/noticias\/#organization\",\"name\":\"Suno Not\u00edcias\",\"url\":\"https:\/\/www.suno.com.br\/noticias\/\",\"logo\":{\"@type\":\"ImageObject\",\"inLanguage\":\"pt-BR\",\"@id\":\"https:\/\/www.suno.com.br\/noticias\/#\/schema\/logo\/image\/\",\"url\":\"https:\/\/files.sunoresearch.com.br\/n\/uploads\/2021\/09\/suno-logo.png\",\"contentUrl\":\"https:\/\/files.sunoresearch.com.br\/n\/uploads\/2021\/09\/suno-logo.png\",\"width\":180,\"height\":180,\"caption\":\"Suno Not\u00edcias\"},\"image\":{\"@id\":\"https:\/\/www.suno.com.br\/noticias\/#\/schema\/logo\/image\/\"},\"sameAs\":[\"https:\/\/facebook.com\/sunoresearch\",\"https:\/\/x.com\/sunoresearch\",\"https:\/\/www.instagram.com\/suno\",\"https:\/\/www.linkedin.com\/company\/suno-research\/\",\"https:\/\/www.youtube.com\/c\/sunoresearch\"]},{\"@type\":\"Person\",\"@id\":\"https:\/\/www.suno.com.br\/noticias\/#\/schema\/person\/d0f32748bbca4bee871fa191ee4e2d40\",\"name\":\"Giovanni Porf\u00edrio Jacomino\",\"image\":{\"@type\":\"ImageObject\",\"inLanguage\":\"pt-BR\",\"@id\":\"https:\/\/www.suno.com.br\/noticias\/#\/schema\/person\/image\/\",\"url\":\"https:\/\/secure.gravatar.com\/avatar\/efb32e19b730a121cb7a80f41ffec01a?s=96&r=g\",\"contentUrl\":\"https:\/\/secure.gravatar.com\/avatar\/efb32e19b730a121cb7a80f41ffec01a?s=96&r=g\",\"caption\":\"Giovanni Porf\u00edrio Jacomino\"},\"description\":\"Giovanni Porf\u00edrio Jacomino \u00e9 jornalista formado pela Universidade Estadual de Londrina (UEL) e p\u00f3s-graduado em Produ\u00e7\u00e3o e Pr\u00e1ticas Jornal\u00edsticas na Contemporaneidade na Faculdade C\u00e1sper L\u00edbero (FCL). Foi editor web no Startupi e no Finsiders, atuando ainda como editor no TC Mover, portal de not\u00edcias da TradersClub, fazendo a cobertura de assuntos relacionados ao mercado financeiro interno e externo. Atualmente, \u00e9 Rep\u00f3rter do Suno Not\u00edcias.\",\"url\":\"https:\/\/www.suno.com.br\/noticias\/author\/giovanni-porfiriosuno-com-br\/\"}]}<\/script>\n<!-- \/ Yoast SEO plugin. -->","yoast_head_json":{"title":"Azul (AZUL4): tr\u00e1fego total de passageiros aumenta 18,7% em setembro","description":"A\u00a0Azul (AZUL4)\u00a0informou em comunicado que o tr\u00e1fego de passageiros consolidado (o RPK) aumentou, em setembro, 18,7% na compara\u00e7\u00e3o anual.","robots":{"index":"index","follow":"follow","max-snippet":"max-snippet:-1","max-image-preview":"max-image-preview:large","max-video-preview":"max-video-preview:-1"},"canonical":"https:\/\/www.suno.com.br\/noticias\/azul-azul4-trafego-passageiros-gpj\/","og_locale":"pt_BR","og_type":"article","og_title":"Azul (AZUL4): tr\u00e1fego total de passageiros aumenta 18,7% em setembro","og_description":"A\u00a0Azul (AZUL4)\u00a0informou em comunicado que o tr\u00e1fego de passageiros consolidado (o RPK) aumentou, em setembro, 18,7% na compara\u00e7\u00e3o anual.","og_url":"https:\/\/www.suno.com.br\/noticias\/azul-azul4-trafego-passageiros-gpj\/","og_site_name":"Suno Not\u00edcias","article_publisher":"https:\/\/facebook.com\/sunoresearch","og_image":[{"width":1200,"height":800,"url":"https:\/\/files.sunoresearch.com.br\/n\/uploads\/2023\/05\/azul-aerea-cia.jpg","type":"image\/jpeg"}],"author":"Giovanni Porf\u00edrio Jacomino","twitter_card":"summary_large_image","twitter_creator":"@sunoresearch","twitter_site":"@sunoresearch","twitter_misc":{"Escrito por":"Giovanni Porf\u00edrio Jacomino","Est. tempo de leitura":"4 minutos"},"schema":{"@context":"https:\/\/schema.org","@graph":[{"@type":"NewsArticle","@id":"https:\/\/www.suno.com.br\/noticias\/azul-azul4-trafego-passageiros-gpj\/#article","isPartOf":{"@id":"https:\/\/www.suno.com.br\/noticias\/azul-azul4-trafego-passageiros-gpj\/"},"author":{"name":"Giovanni Porf\u00edrio Jacomino","@id":"https:\/\/www.suno.com.br\/noticias\/#\/schema\/person\/d0f32748bbca4bee871fa191ee4e2d40"},"headline":"Azul (AZUL4): tr\u00e1fego total de passageiros aumenta 18,7% em setembro na compara\u00e7\u00e3o anual","datePublished":"2023-10-11T11:01:44+00:00","dateModified":"2023-10-11T11:19:54+00:00","mainEntityOfPage":{"@id":"https:\/\/www.suno.com.br\/noticias\/azul-azul4-trafego-passageiros-gpj\/"},"wordCount":638,"publisher":{"@id":"https:\/\/www.suno.com.br\/noticias\/#organization"},"image":{"@id":"https:\/\/www.suno.com.br\/noticias\/azul-azul4-trafego-passageiros-gpj\/#primaryimage"},"thumbnailUrl":"https:\/\/files.sunoresearch.com.br\/n\/uploads\/2023\/05\/azul-aerea-cia.jpg","keywords":["Azul (AZUL4)"],"articleSection":["Neg\u00f3cios"],"inLanguage":"pt-BR"},{"@type":"WebPage","@id":"https:\/\/www.suno.com.br\/noticias\/azul-azul4-trafego-passageiros-gpj\/","url":"https:\/\/www.suno.com.br\/noticias\/azul-azul4-trafego-passageiros-gpj\/","name":"Azul (AZUL4): tr\u00e1fego total de passageiros aumenta 18,7% em setembro","isPartOf":{"@id":"https:\/\/www.suno.com.br\/noticias\/#website"},"primaryImageOfPage":{"@id":"https:\/\/www.suno.com.br\/noticias\/azul-azul4-trafego-passageiros-gpj\/#primaryimage"},"image":{"@id":"https:\/\/www.suno.com.br\/noticias\/azul-azul4-trafego-passageiros-gpj\/#primaryimage"},"thumbnailUrl":"https:\/\/files.sunoresearch.com.br\/n\/uploads\/2023\/05\/azul-aerea-cia.jpg","datePublished":"2023-10-11T11:01:44+00:00","dateModified":"2023-10-11T11:19:54+00:00","description":"A\u00a0Azul (AZUL4)\u00a0informou em comunicado que o tr\u00e1fego de passageiros consolidado (o RPK) aumentou, em setembro, 18,7% na compara\u00e7\u00e3o anual.","breadcrumb":{"@id":"https:\/\/www.suno.com.br\/noticias\/azul-azul4-trafego-passageiros-gpj\/#breadcrumb"},"inLanguage":"pt-BR","potentialAction":[{"@type":"ReadAction","target":["https:\/\/www.suno.com.br\/noticias\/azul-azul4-trafego-passageiros-gpj\/"]}]},{"@type":"ImageObject","inLanguage":"pt-BR","@id":"https:\/\/www.suno.com.br\/noticias\/azul-azul4-trafego-passageiros-gpj\/#primaryimage","url":"https:\/\/files.sunoresearch.com.br\/n\/uploads\/2023\/05\/azul-aerea-cia.jpg","contentUrl":"https:\/\/files.sunoresearch.com.br\/n\/uploads\/2023\/05\/azul-aerea-cia.jpg","width":1200,"height":800,"caption":"Azul (AZUL44). Foto: iStock"},{"@type":"BreadcrumbList","@id":"https:\/\/www.suno.com.br\/noticias\/azul-azul4-trafego-passageiros-gpj\/#breadcrumb","itemListElement":[{"@type":"ListItem","position":1,"name":"Not\u00edcias","item":"https:\/\/www.suno.com.br\/noticias\/"},{"@type":"ListItem","position":2,"name":"Neg\u00f3cios","item":"https:\/\/www.suno.com.br\/noticias\/negocios\/"},{"@type":"ListItem","position":3,"name":"Azul (AZUL4): tr\u00e1fego total de passageiros aumenta 18,7% em setembro na compara\u00e7\u00e3o anual"}]},{"@type":"WebSite","@id":"https:\/\/www.suno.com.br\/noticias\/#website","url":"https:\/\/www.suno.com.br\/noticias\/","name":"Suno Not\u00edcias","description":"Seu portal de informa\u00e7\u00e3o sobre o mundo dos investimentos","publisher":{"@id":"https:\/\/www.suno.com.br\/noticias\/#organization"},"potentialAction":[{"@type":"SearchAction","target":{"@type":"EntryPoint","urlTemplate":"https:\/\/www.suno.com.br\/noticias\/?s={search_term_string}"},"query-input":{"@type":"PropertyValueSpecification","valueRequired":true,"valueName":"search_term_string"}}],"inLanguage":"pt-BR"},{"@type":"Organization","@id":"https:\/\/www.suno.com.br\/noticias\/#organization","name":"Suno Not\u00edcias","url":"https:\/\/www.suno.com.br\/noticias\/","logo":{"@type":"ImageObject","inLanguage":"pt-BR","@id":"https:\/\/www.suno.com.br\/noticias\/#\/schema\/logo\/image\/","url":"https:\/\/files.sunoresearch.com.br\/n\/uploads\/2021\/09\/suno-logo.png","contentUrl":"https:\/\/files.sunoresearch.com.br\/n\/uploads\/2021\/09\/suno-logo.png","width":180,"height":180,"caption":"Suno Not\u00edcias"},"image":{"@id":"https:\/\/www.suno.com.br\/noticias\/#\/schema\/logo\/image\/"},"sameAs":["https:\/\/facebook.com\/sunoresearch","https:\/\/x.com\/sunoresearch","https:\/\/www.instagram.com\/suno","https:\/\/www.linkedin.com\/company\/suno-research\/","https:\/\/www.youtube.com\/c\/sunoresearch"]},{"@type":"Person","@id":"https:\/\/www.suno.com.br\/noticias\/#\/schema\/person\/d0f32748bbca4bee871fa191ee4e2d40","name":"Giovanni Porf\u00edrio Jacomino","image":{"@type":"ImageObject","inLanguage":"pt-BR","@id":"https:\/\/www.suno.com.br\/noticias\/#\/schema\/person\/image\/","url":"https:\/\/secure.gravatar.com\/avatar\/efb32e19b730a121cb7a80f41ffec01a?s=96&r=g","contentUrl":"https:\/\/secure.gravatar.com\/avatar\/efb32e19b730a121cb7a80f41ffec01a?s=96&r=g","caption":"Giovanni Porf\u00edrio Jacomino"},"description":"Giovanni Porf\u00edrio Jacomino \u00e9 jornalista formado pela Universidade Estadual de Londrina (UEL) e p\u00f3s-graduado em Produ\u00e7\u00e3o e Pr\u00e1ticas Jornal\u00edsticas na Contemporaneidade na Faculdade C\u00e1sper L\u00edbero (FCL). Foi editor web no Startupi e no Finsiders, atuando ainda como editor no TC Mover, portal de not\u00edcias da TradersClub, fazendo a cobertura de assuntos relacionados ao mercado financeiro interno e externo. Atualmente, \u00e9 Rep\u00f3rter do Suno Not\u00edcias.","url":"https:\/\/www.suno.com.br\/noticias\/author\/giovanni-porfiriosuno-com-br\/"}]}},"default_loop_html":"<div class=\"cardsPage__listCard__boxs\"><div class=\"cardsPage__listCard__boxs__img\"><a href=\"https:\/\/www.suno.com.br\/noticias\/azul-azul4-trafego-passageiros-gpj\/\"><img class=\"mask\" src=\"https:\/\/www.suno.com.br\/noticias\/wp-content\/themes\/suno\/resources\/images\/spotlight\/spotlight1img\/bg-mask.png\" alt=\"Image Mask\"\/><img src=\"https:\/\/files.sunoresearch.com.br\/n\/uploads\/2023\/05\/azul-aerea-cia-400x200.jpg\" alt=\"Azul (AZUL4): tr\u00e1fego total de passageiros aumenta 18,7% em setembro na compara\u00e7\u00e3o anual\"\/><\/a><span class=\"spotlightCategory\"><a href=\"https:\/\/www.suno.com.br\/noticias\/negocios\/\">Neg\u00f3cios<\/a><\/span><\/div><div class=\"cardsPage__listCard__boxs__content\"><a href=\"https:\/\/www.suno.com.br\/noticias\/azul-azul4-trafego-passageiros-gpj\/\"><h2 class=\"content__title\">Azul (AZUL4): tr\u00e1fego total de passageiros aumenta 18,7% em setembro na compara\u00e7\u00e3o anual<\/h2><\/a><div class=\"newsContent__article__meta\"><div class=\"newsContent__article__meta__authorBox\"><a href=\"https:\/\/www.suno.com.br\/noticias\/author\/joao-vitor-jacintho\/\" class=\"authorBox__avatar noMobi\"><img src=\"https:\/\/secure.gravatar.com\/avatar\/2843227ca03ccf8cc7ccca45204c127e?s=96&#038;r=g\" alt=\"Jo\u00e3o Vitor Jacintho\"><\/a><div class=\"authorBox__name\"><span>por\n\t\t\t<a href=\"https:\/\/www.suno.com.br\/noticias\/author\/joao-vitor-jacintho\/\"><span itemprop=\"author\">Jo\u00e3o Vitor Jacintho<\/span><\/a><\/span><time datetime=\"2023-10-11T08:01:44-03:00\" itemprop=\"datePublished\">11\/10\/2023 08:01<\/time><\/div><\/div><\/div><\/div><\/div>","single_layout":"posts","amp_enabled":true,"_links":{"self":[{"href":"https:\/\/www.suno.com.br\/noticias\/wp-json\/wp\/v2\/posts\/469556"}],"collection":[{"href":"https:\/\/www.suno.com.br\/noticias\/wp-json\/wp\/v2\/posts"}],"about":[{"href":"https:\/\/www.suno.com.br\/noticias\/wp-json\/wp\/v2\/types\/post"}],"author":[{"embeddable":true,"href":"https:\/\/www.suno.com.br\/noticias\/wp-json\/wp\/v2\/users\/313"}],"replies":[{"embeddable":true,"href":"https:\/\/www.suno.com.br\/noticias\/wp-json\/wp\/v2\/comments?post=469556"}],"version-history":[{"count":2,"href":"https:\/\/www.suno.com.br\/noticias\/wp-json\/wp\/v2\/posts\/469556\/revisions"}],"predecessor-version":[{"id":469584,"href":"https:\/\/www.suno.com.br\/noticias\/wp-json\/wp\/v2\/posts\/469556\/revisions\/469584"}],"wp:featuredmedia":[{"embeddable":true,"href":"https:\/\/www.suno.com.br\/noticias\/wp-json\/wp\/v2\/media\/406422"}],"wp:attachment":[{"href":"https:\/\/www.suno.com.br\/noticias\/wp-json\/wp\/v2\/media?parent=469556"}],"wp:term":[{"taxonomy":"category","embeddable":true,"href":"https:\/\/www.suno.com.br\/noticias\/wp-json\/wp\/v2\/categories?post=469556"},{"taxonomy":"post_tag","embeddable":true,"href":"https:\/\/www.suno.com.br\/noticias\/wp-json\/wp\/v2\/tags?post=469556"},{"taxonomy":"suno_strategy","embeddable":true,"href":"https:\/\/www.suno.com.br\/noticias\/wp-json\/wp\/v2\/suno_strategy?post=469556"}],"curies":[{"name":"wp","href":"https:\/\/api.w.org\/{rel}","templated":true}]}}