{"id":46945,"date":"2019-12-06T14:22:47","date_gmt":"2019-12-06T16:22:47","guid":{"rendered":"https:\/\/www.suno.com.br\/noticias\/?p=46945"},"modified":"2019-12-06T14:22:47","modified_gmt":"2019-12-06T16:22:47","slug":"petrobras-quer-vender-fatia-na-braskem-em-ate-um-ano-segundo-ceo","status":"publish","type":"post","link":"https:\/\/www.suno.com.br\/noticias\/petrobras-quer-vender-fatia-na-braskem-em-ate-um-ano-segundo-ceo\/","title":{"rendered":"Petrobras quer vender fatia na Braskem em at\u00e9 um ano, segundo CEO"},"content":{"rendered":"<p>O presidente da Petrobras\u00a0(<strong>PETR3<\/strong>; <strong>PETR4<\/strong>), Roberto Castello Branco, disse nesta sexta-feira (6), que tem como objetivo vender a fatia da petroleira na <strong>Braskem<\/strong> em at\u00e9 um ano. Al\u00e9m disso, o CEO defende a listagem da empresa no Novo Mercado da <a href=\"https:\/\/www.suno.com.br\/artigos\/b3\/\">Bolsa de Valores de S\u00e3o Paulo (B3)<\/a>. Com isso, a companhia poderia obter maior valor na opera\u00e7\u00e3o.<\/p>\t<div class=\"wrapper-featured-image\">\n\t\t<figure class=\"spotlightImg\">\n\n\t\t\t<picture>\n\t\t\t\t<source media=\"(max-width: 768px)\" srcset=\"https:\/\/files.sunoresearch.com.br\/n\/uploads\/2019\/04\/c5788032-petrobras-400x200.webp\">\n\t\t\t\t<img loading=\"lazy\" decoding=\"async\" class=\"newsContent__article__imgCapa lazyloadDisabled newsContent__article__imgCapa--noCaption\" src=\"https:\/\/files.sunoresearch.com.br\/n\/uploads\/2019\/04\/c5788032-petrobras-800x450.webp\" width=\"800\" height=\"450\" alt=\"Petrobras quer vender fatia na Braskem em at\u00e9 um ano, segundo CEO\" fetchpriority=high \/>\n\t\t\t<\/picture>\n\n\t\t\t<figcaption class=\"wp-caption-text wp-caption-text--hide\">Petrobras (PETR4) queima US$ 1 bilh\u00e3o por m\u00eas com pre\u00e7o do petr\u00f3leo<\/figcaption>\n\t\t<\/figure>\n\t<\/div>\n\n\n\n<p>\u201cA <strong>Petrobras<\/strong> est\u00e1 fortemente comprometida em desinvestir na Braskem\u201d, afirmou Castello Branco em um encontro com analistas e <a href=\"https:\/\/www.youtube.com\/channel\/UCWDeEIDAIi_oYKDiqwfGyRg\">investidores<\/a>, realizado em Londres.<\/p>\n<p>\u201cN\u00f3s lemos recentes not\u00edcias de que a <strong>Odebrecht<\/strong>, que controla a Braskem, prop\u00f4s vender a companhia em 36 meses. N\u00f3s discordamos fortemente disso, n\u00f3s queremos vender <strong>Braskem<\/strong> em, no m\u00e1ximo, 12 meses, para o mercado de capitais, transformando a empresa em uma \u2018corporation\u2019\u201d, acrescentou o presidente da estatal petroleira.<\/p>\n<h2>Desinvestimentos da Petrobras<\/h2>\n<p>De acordo com o diretor-executivo de Explora\u00e7\u00e3o e Produ\u00e7\u00e3o da <strong>Petrobras<\/strong>, <strong>Carlos Alberto Oliveira<\/strong>, a <a href=\"https:\/\/www.suno.com.br\/artigos\/estatal-so-se-for-de-graca\/\">estatal<\/a> poder\u00e1 colocar \u00e0 venda mais campos mar\u00edtimos de petr\u00f3leo em produ\u00e7\u00e3o. As participa\u00e7\u00f5es que podem entrar para a galeria de desinvestimentos da petroleira s\u00e3o dos campos de <strong>Marlim e Papa-Terra<\/strong>, ambos localizados na <strong>Bacia de Campos<\/strong>.<\/p>\n<p><a href=\"https:\/\/www.suno.com.br\/noticias\/petrobras-entrar-opep-nao-e-opcao-brasil\/\">Veja tamb\u00e9m: Petrobras diz que entrar no Opep n\u00e3o \u00e9 op\u00e7\u00e3o para o Brasil no momento<\/a><\/p>\n<div>A afirma\u00e7\u00e3o sobre a venda desses campos foi feita na apresenta\u00e7\u00e3o do Plano Estrat\u00e9gico da estatal, em Nova York, para os anos de 2020 a 2024.<\/div>\n<div><\/div>\n<div>O total de desinvestimentos previstos pela petroleira v\u00e3o de US$ 20 bilh\u00f5es a US$ 30 bilh\u00f5es (o que totaliza cerca de R$ 84 bilh\u00f5es a R$ 126 bilh\u00f5es) no per\u00edodo citado acima.<\/div>\n<h2>Monop\u00f3lio da estatal<\/h2>\n<div>\n<p>O presidente da <strong>Petrobras<\/strong> destacou sua vis\u00e3o de que o monop\u00f3lio da estatal petroleira nos segmentos de g\u00e1s natural e refino \u00e9 prejudicial para a companhia.<\/p>\n<p>Segundo <strong>Castello<\/strong> <strong>Branco<\/strong>, o \u201cmonop\u00f3lio \u00e9 um criador de inefici\u00eancia\u201d. A afirma\u00e7\u00e3o foi feita em Londres, em um encontro com investidores.<\/p>\n<p>Castello Branco refor\u00e7ou que a <strong>Petrobras<\/strong> pretende desinvestir de oito refinarias, que s\u00e3o equivalentes a metade da capacidade de refino da empresa, al\u00e9m disso, salientou que assinou um acordo com o <a href=\"https:\/\/www.suno.com.br\/artigos\/cade\/\"><strong>Conselho Administrativo de Defesa Econ\u00f4mica (Cade)<\/strong><\/a> para estimular a <strong>concorr\u00eancia<\/strong> no mercado brasileiro de g\u00e1s.<\/p>\n<\/div>\n","protected":false},"excerpt":{"rendered":"<p>O presidente da Petrobras\u00a0(PETR3; PETR4), Roberto Castello Branco, disse nesta sexta-feira (6), que tem como objetivo vender a fatia da petroleira na Braskem em at\u00e9 um ano. Al\u00e9m disso, o CEO defende a listagem da empresa no Novo Mercado da Bolsa de Valores de S\u00e3o Paulo (B3). Com isso, a companhia poderia obter maior valor [&hellip;]<\/p>\n","protected":false},"author":19,"featured_media":20905,"comment_status":"closed","ping_status":"closed","sticky":false,"template":"","format":"standard","meta":[],"categories":[64],"tags":[395,595],"suno_strategy":[],"class_list":["post-46945","post","type-post","status-publish","format-standard","has-post-thumbnail","hentry","category-negocios","tag-braskem-brkm3-brkm5-brkm6","tag-petrobras-petr4"],"yoast_head":"<!-- This site is optimized with the Yoast SEO plugin v24.4 - https:\/\/yoast.com\/wordpress\/plugins\/seo\/ -->\n<title>Petrobras quer vender fatia na Braskem em at\u00e9 um ano, segundo CEO<\/title>\n<meta name=\"description\" content=\"O presidente da Petrobras, Roberto Castello Branco, disse que tem como objetivo vender a fatia da empresa na Braskem em at\u00e9 um ano. Saiba mais\" \/>\n<meta name=\"robots\" content=\"index, follow, max-snippet:-1, max-image-preview:large, max-video-preview:-1\" \/>\n<link rel=\"canonical\" href=\"https:\/\/www.suno.com.br\/noticias\/petrobras-quer-vender-fatia-na-braskem-em-ate-um-ano-segundo-ceo\/\" \/>\n<meta property=\"og:locale\" content=\"pt_BR\" \/>\n<meta property=\"og:type\" content=\"article\" \/>\n<meta property=\"og:title\" content=\"Petrobras quer vender fatia na Braskem em at\u00e9 um ano, segundo CEO\" \/>\n<meta property=\"og:description\" content=\"O presidente da Petrobras, Roberto Castello Branco, disse que tem como objetivo vender a fatia da empresa na Braskem em at\u00e9 um ano. Saiba mais\" \/>\n<meta property=\"og:url\" content=\"https:\/\/www.suno.com.br\/noticias\/petrobras-quer-vender-fatia-na-braskem-em-ate-um-ano-segundo-ceo\/\" \/>\n<meta property=\"og:site_name\" content=\"Suno Not\u00edcias\" \/>\n<meta property=\"article:publisher\" content=\"https:\/\/facebook.com\/sunoresearch\" \/>\n<meta property=\"og:image\" content=\"https:\/\/files.sunoresearch.com.br\/n\/uploads\/2019\/04\/c5788032-petrobras.jpg\" \/>\n\t<meta property=\"og:image:width\" content=\"1140\" \/>\n\t<meta property=\"og:image:height\" content=\"760\" \/>\n\t<meta property=\"og:image:type\" content=\"image\/jpeg\" \/>\n<meta name=\"author\" content=\"Juliano Passaro\" \/>\n<meta name=\"twitter:card\" content=\"summary_large_image\" \/>\n<meta name=\"twitter:creator\" content=\"@sunoresearch\" \/>\n<meta name=\"twitter:site\" content=\"@sunoresearch\" \/>\n<meta name=\"twitter:label1\" content=\"Escrito por\" \/>\n\t<meta name=\"twitter:data1\" content=\"Juliano Passaro\" \/>\n\t<meta name=\"twitter:label2\" content=\"Est. tempo de leitura\" \/>\n\t<meta name=\"twitter:data2\" content=\"2 minutos\" \/>\n<script type=\"application\/ld+json\" class=\"yoast-schema-graph\">{\"@context\":\"https:\/\/schema.org\",\"@graph\":[{\"@type\":\"NewsArticle\",\"@id\":\"https:\/\/www.suno.com.br\/noticias\/petrobras-quer-vender-fatia-na-braskem-em-ate-um-ano-segundo-ceo\/#article\",\"isPartOf\":{\"@id\":\"https:\/\/www.suno.com.br\/noticias\/petrobras-quer-vender-fatia-na-braskem-em-ate-um-ano-segundo-ceo\/\"},\"author\":{\"name\":\"Juliano Passaro\",\"@id\":\"https:\/\/www.suno.com.br\/noticias\/#\/schema\/person\/1db762f78ffd8919a648a63e425953e3\"},\"headline\":\"Petrobras quer vender fatia na Braskem em at\u00e9 um ano, segundo CEO\",\"datePublished\":\"2019-12-06T16:22:47+00:00\",\"mainEntityOfPage\":{\"@id\":\"https:\/\/www.suno.com.br\/noticias\/petrobras-quer-vender-fatia-na-braskem-em-ate-um-ano-segundo-ceo\/\"},\"wordCount\":396,\"publisher\":{\"@id\":\"https:\/\/www.suno.com.br\/noticias\/#organization\"},\"image\":{\"@id\":\"https:\/\/www.suno.com.br\/noticias\/petrobras-quer-vender-fatia-na-braskem-em-ate-um-ano-segundo-ceo\/#primaryimage\"},\"thumbnailUrl\":\"https:\/\/files.sunoresearch.com.br\/n\/uploads\/2019\/04\/c5788032-petrobras-jpg.webp\",\"keywords\":[\"Braskem (BRKM3\/BRKM5\/BRKM6)\",\"Petrobras (PETR4)\"],\"articleSection\":[\"Neg\u00f3cios\"],\"inLanguage\":\"pt-BR\"},{\"@type\":\"WebPage\",\"@id\":\"https:\/\/www.suno.com.br\/noticias\/petrobras-quer-vender-fatia-na-braskem-em-ate-um-ano-segundo-ceo\/\",\"url\":\"https:\/\/www.suno.com.br\/noticias\/petrobras-quer-vender-fatia-na-braskem-em-ate-um-ano-segundo-ceo\/\",\"name\":\"Petrobras quer vender fatia na Braskem em at\u00e9 um ano, segundo CEO\",\"isPartOf\":{\"@id\":\"https:\/\/www.suno.com.br\/noticias\/#website\"},\"primaryImageOfPage\":{\"@id\":\"https:\/\/www.suno.com.br\/noticias\/petrobras-quer-vender-fatia-na-braskem-em-ate-um-ano-segundo-ceo\/#primaryimage\"},\"image\":{\"@id\":\"https:\/\/www.suno.com.br\/noticias\/petrobras-quer-vender-fatia-na-braskem-em-ate-um-ano-segundo-ceo\/#primaryimage\"},\"thumbnailUrl\":\"https:\/\/files.sunoresearch.com.br\/n\/uploads\/2019\/04\/c5788032-petrobras-jpg.webp\",\"datePublished\":\"2019-12-06T16:22:47+00:00\",\"description\":\"O presidente da Petrobras, Roberto Castello Branco, disse que tem como objetivo vender a fatia da empresa na Braskem em at\u00e9 um ano. Saiba mais\",\"breadcrumb\":{\"@id\":\"https:\/\/www.suno.com.br\/noticias\/petrobras-quer-vender-fatia-na-braskem-em-ate-um-ano-segundo-ceo\/#breadcrumb\"},\"inLanguage\":\"pt-BR\",\"potentialAction\":[{\"@type\":\"ReadAction\",\"target\":[\"https:\/\/www.suno.com.br\/noticias\/petrobras-quer-vender-fatia-na-braskem-em-ate-um-ano-segundo-ceo\/\"]}]},{\"@type\":\"ImageObject\",\"inLanguage\":\"pt-BR\",\"@id\":\"https:\/\/www.suno.com.br\/noticias\/petrobras-quer-vender-fatia-na-braskem-em-ate-um-ano-segundo-ceo\/#primaryimage\",\"url\":\"https:\/\/files.sunoresearch.com.br\/n\/uploads\/2019\/04\/c5788032-petrobras-jpg.webp\",\"contentUrl\":\"https:\/\/files.sunoresearch.com.br\/n\/uploads\/2019\/04\/c5788032-petrobras-jpg.webp\",\"width\":1140,\"height\":760,\"caption\":\"Petrobras (PETR4) queima US$ 1 bilh\u00e3o por m\u00eas com pre\u00e7o do petr\u00f3leo\"},{\"@type\":\"BreadcrumbList\",\"@id\":\"https:\/\/www.suno.com.br\/noticias\/petrobras-quer-vender-fatia-na-braskem-em-ate-um-ano-segundo-ceo\/#breadcrumb\",\"itemListElement\":[{\"@type\":\"ListItem\",\"position\":1,\"name\":\"Not\u00edcias\",\"item\":\"https:\/\/www.suno.com.br\/noticias\/\"},{\"@type\":\"ListItem\",\"position\":2,\"name\":\"Neg\u00f3cios\",\"item\":\"https:\/\/www.suno.com.br\/noticias\/negocios\/\"},{\"@type\":\"ListItem\",\"position\":3,\"name\":\"Petrobras quer vender fatia na Braskem em at\u00e9 um ano, segundo CEO\"}]},{\"@type\":\"WebSite\",\"@id\":\"https:\/\/www.suno.com.br\/noticias\/#website\",\"url\":\"https:\/\/www.suno.com.br\/noticias\/\",\"name\":\"Suno Not\u00edcias\",\"description\":\"Seu portal de informa\u00e7\u00e3o sobre o mundo dos investimentos\",\"publisher\":{\"@id\":\"https:\/\/www.suno.com.br\/noticias\/#organization\"},\"potentialAction\":[{\"@type\":\"SearchAction\",\"target\":{\"@type\":\"EntryPoint\",\"urlTemplate\":\"https:\/\/www.suno.com.br\/noticias\/?s={search_term_string}\"},\"query-input\":{\"@type\":\"PropertyValueSpecification\",\"valueRequired\":true,\"valueName\":\"search_term_string\"}}],\"inLanguage\":\"pt-BR\"},{\"@type\":\"Organization\",\"@id\":\"https:\/\/www.suno.com.br\/noticias\/#organization\",\"name\":\"Suno Not\u00edcias\",\"url\":\"https:\/\/www.suno.com.br\/noticias\/\",\"logo\":{\"@type\":\"ImageObject\",\"inLanguage\":\"pt-BR\",\"@id\":\"https:\/\/www.suno.com.br\/noticias\/#\/schema\/logo\/image\/\",\"url\":\"https:\/\/files.sunoresearch.com.br\/n\/uploads\/2021\/09\/suno-logo.png\",\"contentUrl\":\"https:\/\/files.sunoresearch.com.br\/n\/uploads\/2021\/09\/suno-logo.png\",\"width\":180,\"height\":180,\"caption\":\"Suno Not\u00edcias\"},\"image\":{\"@id\":\"https:\/\/www.suno.com.br\/noticias\/#\/schema\/logo\/image\/\"},\"sameAs\":[\"https:\/\/facebook.com\/sunoresearch\",\"https:\/\/x.com\/sunoresearch\",\"https:\/\/www.instagram.com\/suno\",\"https:\/\/www.linkedin.com\/company\/suno-research\/\",\"https:\/\/www.youtube.com\/c\/sunoresearch\"]},{\"@type\":\"Person\",\"@id\":\"https:\/\/www.suno.com.br\/noticias\/#\/schema\/person\/1db762f78ffd8919a648a63e425953e3\",\"name\":\"Juliano Passaro\",\"image\":{\"@type\":\"ImageObject\",\"inLanguage\":\"pt-BR\",\"@id\":\"https:\/\/www.suno.com.br\/noticias\/#\/schema\/person\/image\/\",\"url\":\"https:\/\/secure.gravatar.com\/avatar\/743d4df28eebf6dcc46b4ad03c319e92?s=96&r=g\",\"contentUrl\":\"https:\/\/secure.gravatar.com\/avatar\/743d4df28eebf6dcc46b4ad03c319e92?s=96&r=g\",\"caption\":\"Juliano Passaro\"},\"description\":\"Juliano Passaro escreve sobre pol\u00edtica, economia e neg\u00f3cios para o portal da Suno Research. Antes da Suno, trabalhou no Portal da Band. \u00c9 formado em jornalismo pela Universidade Presbiteriana Mackenzie.\",\"url\":\"https:\/\/www.suno.com.br\/noticias\/author\/juliano\/\"}]}<\/script>\n<!-- \/ Yoast SEO plugin. -->","yoast_head_json":{"title":"Petrobras quer vender fatia na Braskem em at\u00e9 um ano, segundo CEO","description":"O presidente da Petrobras, Roberto Castello Branco, disse que tem como objetivo vender a fatia da empresa na Braskem em at\u00e9 um ano. Saiba mais","robots":{"index":"index","follow":"follow","max-snippet":"max-snippet:-1","max-image-preview":"max-image-preview:large","max-video-preview":"max-video-preview:-1"},"canonical":"https:\/\/www.suno.com.br\/noticias\/petrobras-quer-vender-fatia-na-braskem-em-ate-um-ano-segundo-ceo\/","og_locale":"pt_BR","og_type":"article","og_title":"Petrobras quer vender fatia na Braskem em at\u00e9 um ano, segundo CEO","og_description":"O presidente da Petrobras, Roberto Castello Branco, disse que tem como objetivo vender a fatia da empresa na Braskem em at\u00e9 um ano. Saiba mais","og_url":"https:\/\/www.suno.com.br\/noticias\/petrobras-quer-vender-fatia-na-braskem-em-ate-um-ano-segundo-ceo\/","og_site_name":"Suno Not\u00edcias","article_publisher":"https:\/\/facebook.com\/sunoresearch","og_image":[{"width":1140,"height":760,"url":"https:\/\/files.sunoresearch.com.br\/n\/uploads\/2019\/04\/c5788032-petrobras.jpg","type":"image\/jpeg"}],"author":"Juliano Passaro","twitter_card":"summary_large_image","twitter_creator":"@sunoresearch","twitter_site":"@sunoresearch","twitter_misc":{"Escrito por":"Juliano Passaro","Est. tempo de leitura":"2 minutos"},"schema":{"@context":"https:\/\/schema.org","@graph":[{"@type":"NewsArticle","@id":"https:\/\/www.suno.com.br\/noticias\/petrobras-quer-vender-fatia-na-braskem-em-ate-um-ano-segundo-ceo\/#article","isPartOf":{"@id":"https:\/\/www.suno.com.br\/noticias\/petrobras-quer-vender-fatia-na-braskem-em-ate-um-ano-segundo-ceo\/"},"author":{"name":"Juliano Passaro","@id":"https:\/\/www.suno.com.br\/noticias\/#\/schema\/person\/1db762f78ffd8919a648a63e425953e3"},"headline":"Petrobras quer vender fatia na Braskem em at\u00e9 um ano, segundo CEO","datePublished":"2019-12-06T16:22:47+00:00","mainEntityOfPage":{"@id":"https:\/\/www.suno.com.br\/noticias\/petrobras-quer-vender-fatia-na-braskem-em-ate-um-ano-segundo-ceo\/"},"wordCount":396,"publisher":{"@id":"https:\/\/www.suno.com.br\/noticias\/#organization"},"image":{"@id":"https:\/\/www.suno.com.br\/noticias\/petrobras-quer-vender-fatia-na-braskem-em-ate-um-ano-segundo-ceo\/#primaryimage"},"thumbnailUrl":"https:\/\/files.sunoresearch.com.br\/n\/uploads\/2019\/04\/c5788032-petrobras-jpg.webp","keywords":["Braskem (BRKM3\/BRKM5\/BRKM6)","Petrobras (PETR4)"],"articleSection":["Neg\u00f3cios"],"inLanguage":"pt-BR"},{"@type":"WebPage","@id":"https:\/\/www.suno.com.br\/noticias\/petrobras-quer-vender-fatia-na-braskem-em-ate-um-ano-segundo-ceo\/","url":"https:\/\/www.suno.com.br\/noticias\/petrobras-quer-vender-fatia-na-braskem-em-ate-um-ano-segundo-ceo\/","name":"Petrobras quer vender fatia na Braskem em at\u00e9 um ano, segundo CEO","isPartOf":{"@id":"https:\/\/www.suno.com.br\/noticias\/#website"},"primaryImageOfPage":{"@id":"https:\/\/www.suno.com.br\/noticias\/petrobras-quer-vender-fatia-na-braskem-em-ate-um-ano-segundo-ceo\/#primaryimage"},"image":{"@id":"https:\/\/www.suno.com.br\/noticias\/petrobras-quer-vender-fatia-na-braskem-em-ate-um-ano-segundo-ceo\/#primaryimage"},"thumbnailUrl":"https:\/\/files.sunoresearch.com.br\/n\/uploads\/2019\/04\/c5788032-petrobras-jpg.webp","datePublished":"2019-12-06T16:22:47+00:00","description":"O presidente da Petrobras, Roberto Castello Branco, disse que tem como objetivo vender a fatia da empresa na Braskem em at\u00e9 um ano. Saiba mais","breadcrumb":{"@id":"https:\/\/www.suno.com.br\/noticias\/petrobras-quer-vender-fatia-na-braskem-em-ate-um-ano-segundo-ceo\/#breadcrumb"},"inLanguage":"pt-BR","potentialAction":[{"@type":"ReadAction","target":["https:\/\/www.suno.com.br\/noticias\/petrobras-quer-vender-fatia-na-braskem-em-ate-um-ano-segundo-ceo\/"]}]},{"@type":"ImageObject","inLanguage":"pt-BR","@id":"https:\/\/www.suno.com.br\/noticias\/petrobras-quer-vender-fatia-na-braskem-em-ate-um-ano-segundo-ceo\/#primaryimage","url":"https:\/\/files.sunoresearch.com.br\/n\/uploads\/2019\/04\/c5788032-petrobras-jpg.webp","contentUrl":"https:\/\/files.sunoresearch.com.br\/n\/uploads\/2019\/04\/c5788032-petrobras-jpg.webp","width":1140,"height":760,"caption":"Petrobras (PETR4) queima US$ 1 bilh\u00e3o por m\u00eas com pre\u00e7o do petr\u00f3leo"},{"@type":"BreadcrumbList","@id":"https:\/\/www.suno.com.br\/noticias\/petrobras-quer-vender-fatia-na-braskem-em-ate-um-ano-segundo-ceo\/#breadcrumb","itemListElement":[{"@type":"ListItem","position":1,"name":"Not\u00edcias","item":"https:\/\/www.suno.com.br\/noticias\/"},{"@type":"ListItem","position":2,"name":"Neg\u00f3cios","item":"https:\/\/www.suno.com.br\/noticias\/negocios\/"},{"@type":"ListItem","position":3,"name":"Petrobras quer vender fatia na Braskem em at\u00e9 um ano, segundo CEO"}]},{"@type":"WebSite","@id":"https:\/\/www.suno.com.br\/noticias\/#website","url":"https:\/\/www.suno.com.br\/noticias\/","name":"Suno Not\u00edcias","description":"Seu portal de informa\u00e7\u00e3o sobre o mundo dos investimentos","publisher":{"@id":"https:\/\/www.suno.com.br\/noticias\/#organization"},"potentialAction":[{"@type":"SearchAction","target":{"@type":"EntryPoint","urlTemplate":"https:\/\/www.suno.com.br\/noticias\/?s={search_term_string}"},"query-input":{"@type":"PropertyValueSpecification","valueRequired":true,"valueName":"search_term_string"}}],"inLanguage":"pt-BR"},{"@type":"Organization","@id":"https:\/\/www.suno.com.br\/noticias\/#organization","name":"Suno Not\u00edcias","url":"https:\/\/www.suno.com.br\/noticias\/","logo":{"@type":"ImageObject","inLanguage":"pt-BR","@id":"https:\/\/www.suno.com.br\/noticias\/#\/schema\/logo\/image\/","url":"https:\/\/files.sunoresearch.com.br\/n\/uploads\/2021\/09\/suno-logo.png","contentUrl":"https:\/\/files.sunoresearch.com.br\/n\/uploads\/2021\/09\/suno-logo.png","width":180,"height":180,"caption":"Suno Not\u00edcias"},"image":{"@id":"https:\/\/www.suno.com.br\/noticias\/#\/schema\/logo\/image\/"},"sameAs":["https:\/\/facebook.com\/sunoresearch","https:\/\/x.com\/sunoresearch","https:\/\/www.instagram.com\/suno","https:\/\/www.linkedin.com\/company\/suno-research\/","https:\/\/www.youtube.com\/c\/sunoresearch"]},{"@type":"Person","@id":"https:\/\/www.suno.com.br\/noticias\/#\/schema\/person\/1db762f78ffd8919a648a63e425953e3","name":"Juliano Passaro","image":{"@type":"ImageObject","inLanguage":"pt-BR","@id":"https:\/\/www.suno.com.br\/noticias\/#\/schema\/person\/image\/","url":"https:\/\/secure.gravatar.com\/avatar\/743d4df28eebf6dcc46b4ad03c319e92?s=96&r=g","contentUrl":"https:\/\/secure.gravatar.com\/avatar\/743d4df28eebf6dcc46b4ad03c319e92?s=96&r=g","caption":"Juliano Passaro"},"description":"Juliano Passaro escreve sobre pol\u00edtica, economia e neg\u00f3cios para o portal da Suno Research. Antes da Suno, trabalhou no Portal da Band. \u00c9 formado em jornalismo pela Universidade Presbiteriana Mackenzie.","url":"https:\/\/www.suno.com.br\/noticias\/author\/juliano\/"}]}},"default_loop_html":"<div class=\"cardsPage__listCard__boxs\"><div class=\"cardsPage__listCard__boxs__img\"><a href=\"https:\/\/www.suno.com.br\/noticias\/petrobras-quer-vender-fatia-na-braskem-em-ate-um-ano-segundo-ceo\/\"><img class=\"mask\" src=\"https:\/\/www.suno.com.br\/noticias\/wp-content\/themes\/suno\/resources\/images\/spotlight\/spotlight1img\/bg-mask.png\" alt=\"Image Mask\"\/><img src=\"https:\/\/files.sunoresearch.com.br\/n\/uploads\/2019\/04\/c5788032-petrobras-400x200.webp\" alt=\"Petrobras quer vender fatia na Braskem em at\u00e9 um ano, segundo CEO\"\/><\/a><span class=\"spotlightCategory\"><a href=\"https:\/\/www.suno.com.br\/noticias\/negocios\/\">Neg\u00f3cios<\/a><\/span><\/div><div class=\"cardsPage__listCard__boxs__content\"><a href=\"https:\/\/www.suno.com.br\/noticias\/petrobras-quer-vender-fatia-na-braskem-em-ate-um-ano-segundo-ceo\/\"><h2 class=\"content__title\">Petrobras quer vender fatia na Braskem em at\u00e9 um ano, segundo CEO<\/h2><\/a><div class=\"newsContent__article__meta\"><div class=\"newsContent__article__meta__authorBox\"><a href=\"https:\/\/www.suno.com.br\/noticias\/author\/juliano\/\" class=\"authorBox__avatar noMobi\"><img src=\"https:\/\/files.sunoresearch.com.br\/n\/uploads\/2019\/06\/7cc3efea-whatsapp-image-2019-07-18-at-21.59.33-e1563499821209-150x150.webp\" alt=\"Juliano Passaro\"><\/a><div class=\"authorBox__name\"><span>por\n\t\t\t<a href=\"https:\/\/www.suno.com.br\/noticias\/author\/juliano\/\"><span itemprop=\"author\">Juliano Passaro<\/span><\/a><\/span><time datetime=\"2019-12-06T14:22:47-03:00\" itemprop=\"datePublished\">06\/12\/2019 14:22<\/time><\/div><\/div><\/div><\/div><\/div>","single_layout":"posts","amp_enabled":true,"_links":{"self":[{"href":"https:\/\/www.suno.com.br\/noticias\/wp-json\/wp\/v2\/posts\/46945"}],"collection":[{"href":"https:\/\/www.suno.com.br\/noticias\/wp-json\/wp\/v2\/posts"}],"about":[{"href":"https:\/\/www.suno.com.br\/noticias\/wp-json\/wp\/v2\/types\/post"}],"author":[{"embeddable":true,"href":"https:\/\/www.suno.com.br\/noticias\/wp-json\/wp\/v2\/users\/19"}],"replies":[{"embeddable":true,"href":"https:\/\/www.suno.com.br\/noticias\/wp-json\/wp\/v2\/comments?post=46945"}],"version-history":[{"count":0,"href":"https:\/\/www.suno.com.br\/noticias\/wp-json\/wp\/v2\/posts\/46945\/revisions"}],"wp:featuredmedia":[{"embeddable":true,"href":"https:\/\/www.suno.com.br\/noticias\/wp-json\/wp\/v2\/media\/20905"}],"wp:attachment":[{"href":"https:\/\/www.suno.com.br\/noticias\/wp-json\/wp\/v2\/media?parent=46945"}],"wp:term":[{"taxonomy":"category","embeddable":true,"href":"https:\/\/www.suno.com.br\/noticias\/wp-json\/wp\/v2\/categories?post=46945"},{"taxonomy":"post_tag","embeddable":true,"href":"https:\/\/www.suno.com.br\/noticias\/wp-json\/wp\/v2\/tags?post=46945"},{"taxonomy":"suno_strategy","embeddable":true,"href":"https:\/\/www.suno.com.br\/noticias\/wp-json\/wp\/v2\/suno_strategy?post=46945"}],"curies":[{"name":"wp","href":"https:\/\/api.w.org\/{rel}","templated":true}]}}