{"id":469447,"date":"2023-10-10T20:29:38","date_gmt":"2023-10-10T23:29:38","guid":{"rendered":"https:\/\/www.suno.com.br\/noticias\/?p=469447"},"modified":"2023-10-10T21:35:15","modified_gmt":"2023-10-11T00:35:15","slug":"americanas-amer3-aumente-de-capital-12-bilhoes-evm","status":"publish","type":"post","link":"https:\/\/www.suno.com.br\/noticias\/americanas-amer3-aumente-de-capital-12-bilhoes-evm\/","title":{"rendered":"Proposta apresentada aos credores: Americanas (AMER3) quer aumento de capital de R$ 12 bilh\u00f5es"},"content":{"rendered":"<p>A <a href=\"https:\/\/www.suno.com.br\/acoes\/amer3\" target=\"_blank\" rel=\"noreferrer noopener\"><strong>Americanas<\/strong> (AMER3)<\/a>, que est\u00e1 em <a class=\"suno-keyword\" data-force=\"no\" data-priority=\"2\" href=\"https:\/\/www.suno.com.br\/artigos\/recuperacao-judicial\/\" target=\"_blank\" rel=\"noopener\">recupera\u00e7\u00e3o judicial<\/a>, apresentou uma proposta aos seus credores. A varejista fez uma nova reuni\u00e3o com bancos nesta ter\u00e7a-feira, 10, e manteve a capitaliza\u00e7\u00e3o de R$ 12 bilh\u00f5es da d\u00edvida da empresa, segundo informa\u00e7\u00f5es divulgadas em fato relevante \u00e0 Comiss\u00e3o de Valores Mobili\u00e1rios (CVM) na tarde de hoje. <\/p>\t<div class=\"wrapper-featured-image\">\n\t\t<figure class=\"spotlightImg\">\n\n\t\t\t<picture>\n\t\t\t\t<source media=\"(max-width: 768px)\" srcset=\"https:\/\/files.sunoresearch.com.br\/n\/uploads\/2021\/01\/5ada41dc-db_011118-400x200.webp\">\n\t\t\t\t<img loading=\"lazy\" decoding=\"async\" class=\"newsContent__article__imgCapa lazyloadDisabled \" src=\"https:\/\/files.sunoresearch.com.br\/n\/uploads\/2021\/01\/5ada41dc-db_011118-800x450.webp\" width=\"800\" height=\"450\" alt=\"Proposta apresentada aos credores: Americanas (AMER3) quer aumento de capital de R$ 12 bilh\u00f5es\" fetchpriority=high \/>\n\t\t\t<\/picture>\n\n\t\t\t<figcaption class=\"wp-caption-text wp-caption-text--show\">Americanas. Foto: Divulga\u00e7\u00e3o<\/figcaption>\n\t\t<\/figure>\n\t<\/div>\n\n\n\n\n\n\t<p>\n\t\t<a href=\"\" target=\"_blank\" data-element=\"shortcode-suno-banner\" title=\"Banner SUNO, clique e saiba mais\">\n\t\t\t<picture>\n\t\t\t\t<source media=\"(max-width: 500px)\" srcset=\"\">\n\t\t\t\t<img class=\"newsContent__article__imgCapa newsContent__article__imgCapa--banner\"\n\t\t\t\t\tsrc=\"\"\n\t\t\t\t\tdata-promo-id=\"265277\"\t\t\t\t\t\t\t\t\t\t\t\t\t\t\talt=\"\"\n\t\t\t\t>\n\t\t\t<\/picture>\n\t\t<\/a>\n\t<\/p>\n\n\n\n\n\n\n\n<p>Nesta ter\u00e7a-feira (10) a varejista deu detalhes sobre seus planos, que incluem emiss\u00e3o de nova d\u00edvida e um <strong>aumento de capital<\/strong> de R$ 12 bilh\u00f5es &#8211; DIP (\u201cdebtor-in-possession\u201d, na sigla em ingl\u00eas) j\u00e1 aportado e comunicado pela Americanas.<\/p>\n\n\n\n<p>Al\u00e9m disso, os planos da companhia tamb\u00e9m contemplam uma capitaliza\u00e7\u00e3o de d\u00edvida concursal por parte dos credores, com R$ 8,7 bilh\u00f5es em dinheiro dedicados \u00e0 recompra antecipada de d\u00edvida concursal com desconto.<\/p>\n\n\n\n<p>&#8220;A proposta continua ainda a contar com a previs\u00e3o de pagamento integral das Classes I e IV e alternativas de pagamento diferenciada para nossos fornecedores, substancialmente nos termos publicados na vers\u00e3o do <a class=\"suno-keyword\" data-force=\"no\" data-priority=\"1\" href=\"https:\/\/www.suno.com.br\/artigos\/plano-de-recuperacao\/\" target=\"_blank\" rel=\"noopener\">Plano de Recupera\u00e7\u00e3o Judicial<\/a> protocolado com o ju\u00edzo da Recupera\u00e7\u00e3o Judicial em 20 de mar\u00e7o de 2023&#8243;, <a href=\"https:\/\/www.rad.cvm.gov.br\/ENET\/frmExibirArquivoIPEExterno.aspx?NumeroProtocoloEntrega=1150382\" target=\"_blank\" rel=\"noreferrer noopener\">diz o fato relevante da companhia<\/a>.<\/p>\n\n\n\n<p>A Americanas ainda afirma que a proposta continua a contar com a previs\u00e3o de pagamento integral das Classes I e IV e alternativas de pagamento diferenciada aos fornecedores.<\/p>\n\n\n\n<h2 class=\"wp-block-heading\">Americanas: formato da capitaliza\u00e7\u00e3o<\/h2>\n\n\n\n<p>O formato da <strong>capitaliza\u00e7\u00e3o da Americanas<\/strong>, por\u00e9m, mudou. Antes, a Americanas propunha um aporte de R$ 10 bilh\u00f5es por parte do trio de acionistas de refer\u00eancia, formado por Jorge Paulo Lemann, Marcel Telles e Carlos Alberto Sicupira, al\u00e9m de uma poss\u00edvel capitaliza\u00e7\u00e3o de R$ 2 bilh\u00f5es no futuro, a depender do desempenho financeiro da companhia. Pela proposta feita hoje, esses R$ 2 bilh\u00f5es tamb\u00e9m ser\u00e3o aportados no curto prazo, sem condicionantes.<\/p>\n\n\n\n<p>A <i>Coluna do Broadcast<\/i> mostrou em abril que os bancos demandavam que esses R$ 2 bilh\u00f5es futuros fossem aportados na companhia de imediato, justamente por entender que isso amplia a perspectiva de recupera\u00e7\u00e3o dos cr\u00e9ditos.<\/p>\n\n\n\n<p>Os R$ 12 bilh\u00f5es incluem ainda R$ 2 bilh\u00f5es de um empr\u00e9stimo <i>debtor-in-possession<\/i> (feito a empresas em recupera\u00e7\u00e3o judicial, e que d\u00e1 prioridade de recebimento ao credor) realizado pelo trio. Desse montante, a Americanas j\u00e1 recorreu a duas tranches &#8211; uma de R$ 1 bilh\u00e3o e outra de R$ 500 milh\u00f5es &#8211; para manter as opera\u00e7\u00f5es em funcionamento enquanto o acordo n\u00e3o acontece.<\/p>\n\n\n\n\t<div data-element=\"shortcode-read-more\" class=\"readToo\">\n\t\t\t\t<span class=\"readToo__title\">Leia mais<\/span>\n\t\t\t\t<ul class=\"readToo__list\">\n\t\t\t<li><a href=\"https:\/\/www.suno.com.br\/noticias\/americanas-amer3-funcionarios-gpj\/\">Americanas (AMER3) desligou mais de 1,1 mil funcion\u00e1rios entre agosto e setembro<\/a><\/li><li><a href=\"https:\/\/www.suno.com.br\/noticias\/americanas-amer3-bradesco-bbdc4-acordo-divida-cpf\/\">Em sinal de paz, Bradesco (BBDC4) e Americanas (AMER3) chegam a acordo sobre d\u00edvida da recupera\u00e7\u00e3o judicial<\/a><\/li><li><a href=\"https:\/\/www.suno.com.br\/noticias\/americanas-amer3-emails-revelam-reunioes-quinzenais-cpf\/\">E-mails da Americanas (AMER3) revelam reuni\u00f5es quinzenais de Comit\u00ea, com nome do trio e ex-CEO<\/a><\/li>\t\t<\/ul>\n\t<\/div>\n\n\n\n\n<p>Segundo a Americanas, a negocia\u00e7\u00e3o tamb\u00e9m inclui alternativas de pagamento diferenciado para fornecedores, nos termos do plano de recupera\u00e7\u00e3o judicial enviado \u00e0 Justi\u00e7a no dia 20 de mar\u00e7o.<\/p>\n\n\n\n<p>&#8220;A Companhia segue empenhada nas negocia\u00e7\u00f5es destes termos com seus credores financeiros, em busca de uma solu\u00e7\u00e3o sustentada que permita a continuidade de suas atividades&#8221;, diz a diretora financeira e de rela\u00e7\u00f5es com investidores, Camille Loyo Faria, no fato relevante \u00e0 CVM.<\/p>\n\n\n\n<p>A Americanas entrou em recupera\u00e7\u00e3o judicial na Justi\u00e7a do Rio com d\u00edvidas de R$ 43 bilh\u00f5es, ap\u00f3s informar uma fraude cont\u00e1bil da ordem de R$ 20 bilh\u00f5es.<\/p>\n\n\n\t<p>\n\t\t<a href=\"https:\/\/lp.suno.com.br\/planilha-da-vida-financeira\/\" target=\"_blank\" data-element=\"shortcode-suno-banner\" title=\"Banner SUNO, clique e saiba mais\">\n\t\t\t<picture>\n\t\t\t\t<source media=\"(max-width: 500px)\" srcset=\"https:\/\/files.sunoresearch.com.br\/n\/uploads\/2023\/04\/400x300-Planilha-vida-financeira-true.png\">\n\t\t\t\t<img class=\"newsContent__article__imgCapa newsContent__article__imgCapa--banner\"\n\t\t\t\t\tsrc=\"https:\/\/files.sunoresearch.com.br\/n\/uploads\/2023\/04\/1420x240-Planilha-vida-financeira-true.png\"\n\t\t\t\t\tdata-promo-id=\"383123\"\t\t\t\t\t\t\t\t\t\twidth='1420' height='240'\t\t\t\t\talt=\"https:\/\/files.sunoresearch.com.br\/n\/uploads\/2023\/04\/1420x240-Planilha-vida-financeira-true.png\"\n\t\t\t\t>\n\t\t\t<\/picture>\n\t\t<\/a>\n\t<\/p>\n\n\n\n\n\n<h2 class=\"wp-block-heading\">Americanas suspende processo de prospec\u00e7\u00e3o para venda da fatia no Grupo Uni.co<\/h2>\n\n\n\n<p>A varejista informou na \u00faltima ter\u00e7a (3), que suspendeu, neste momento, o processo formal de market sounding, iniciado em maio, para prospec\u00e7\u00e3o de interessados na aquisi\u00e7\u00e3o da participa\u00e7\u00e3o da companhia no Grupo Uni.co, tendo em vista que as condi\u00e7\u00f5es comerciais propostas n\u00e3o refletem o real valor do ativo.<\/p>\n\n\n\n\t<div data-element=\"shortcode-read-more\" class=\"readToo\">\n\t\t\t\t<span class=\"readToo__title\">Leia mais<\/span>\n\t\t\t\t<ul class=\"readToo__list\">\n\t\t\t<li><a href=\"https:\/\/www.suno.com.br\/noticias\/americanas-amer3-cpi-relatorio-final-indiciamentos-gpj\/\">Americanas (AMER3): CPI aprova relat\u00f3rio final sem indiciamentos<\/a><\/li><li><a href=\"https:\/\/www.suno.com.br\/noticias\/cade-vibra-vbbr3-americanas-amer3-parceria-fim-mal\/\">Cade aprova fim da parceria entre Vibra (VBBR3) e Americanas (AMER3) em lojas de conveni\u00eancia<\/a><\/li><li><a href=\"https:\/\/www.suno.com.br\/noticias\/cpi-americanas-amer3-sergio-rial-jvj\/\">CPI da Americanas (AMER3): Rial nega participa\u00e7\u00e3o de Lemann, Sicupira e Telles na fraude da varejista<\/a><\/li>\t\t<\/ul>\n\t<\/div>\n\n\n\n\n<p>A not\u00edcia repercutiu no mercado &#8211; negativamente. As a\u00e7\u00f5es da Americanas recuaram 2,6%, a R$ 0,75, ao <a href=\"https:\/\/www.suno.com.br\/noticias\/ibovespa-hoje-mercado-ao-vivo-041023\/\">contr\u00e1rio das varejistas<\/a>, que tiveram um dia de alta.<\/p>\n\n\n\n<p>Em comunicado ao mercado, a <strong>Americanas<\/strong> informa ainda que se reserva o direito de responder a potenciais interessados e engajar em conversas que busquem condi\u00e7\u00f5es mais atrativas que as indicadas e ir\u00e1 avaliar a possibilidade de retomar o processo organizado de market sounding em momento oportuno.<\/p>\n\n\n\t<p>\n\t\t<a href=\"https:\/\/lp.suno.com.br\/ebook-como-analisar-uma-acao\/\" target=\"_blank\" data-element=\"shortcode-suno-banner\" title=\"Banner SUNO, clique e saiba mais\">\n\t\t\t<picture>\n\t\t\t\t<source media=\"(max-width: 500px)\" srcset=\"https:\/\/files.sunoresearch.com.br\/n\/uploads\/2023\/03\/Ebook-Acoes-Mobile-1.jpg\">\n\t\t\t\t<img class=\"newsContent__article__imgCapa newsContent__article__imgCapa--banner\"\n\t\t\t\t\tsrc=\"https:\/\/files.sunoresearch.com.br\/n\/uploads\/2023\/03\/Ebook-Acoes-Desktop-1.jpg\"\n\t\t\t\t\tdata-promo-id=\"171998\"\t\t\t\t\t\t\t\t\t\twidth='1420' height='286'\t\t\t\t\talt=\"https:\/\/files.sunoresearch.com.br\/n\/uploads\/2023\/03\/Ebook-Acoes-Desktop-1.jpg\"\n\t\t\t\t>\n\t\t\t<\/picture>\n\t\t<\/a>\n\t<\/p>\n\n\n","protected":false},"excerpt":{"rendered":"<p>A Americanas (AMER3), que est\u00e1 em recupera\u00e7\u00e3o judicial, apresentou uma proposta aos seus credores. A varejista fez uma nova reuni\u00e3o com bancos nesta ter\u00e7a-feira, 10, e manteve a capitaliza\u00e7\u00e3o de R$ 12 bilh\u00f5es da d\u00edvida da empresa, segundo informa\u00e7\u00f5es divulgadas em fato relevante \u00e0 Comiss\u00e3o de Valores Mobili\u00e1rios (CVM) na tarde de hoje. Americanas. Foto: [&hellip;]<\/p>\n","protected":false},"author":73,"featured_media":114704,"comment_status":"closed","ping_status":"closed","sticky":false,"template":"","format":"standard","meta":[],"categories":[64],"tags":[106605],"suno_strategy":[],"class_list":["post-469447","post","type-post","status-publish","format-standard","has-post-thumbnail","hentry","category-negocios","tag-americanas-s-a-amer3"],"yoast_head":"<!-- This site is optimized with the Yoast SEO plugin v24.4 - https:\/\/yoast.com\/wordpress\/plugins\/seo\/ -->\n<title>Americanas (AMER3) quer aumento de capital de R$ 12 bilh\u00f5es<\/title>\n<meta name=\"description\" content=\"Al\u00e9m disso, os planos da Americanas tamb\u00e9m contemplam uma capitaliza\u00e7\u00e3o de d\u00edvida concursal por parte dos credores\" \/>\n<meta name=\"robots\" content=\"index, follow, max-snippet:-1, max-image-preview:large, max-video-preview:-1\" \/>\n<link rel=\"canonical\" href=\"https:\/\/www.suno.com.br\/noticias\/americanas-amer3-aumente-de-capital-12-bilhoes-evm\/\" \/>\n<meta property=\"og:locale\" content=\"pt_BR\" \/>\n<meta property=\"og:type\" content=\"article\" \/>\n<meta property=\"og:title\" content=\"Americanas (AMER3) quer aumento de capital de R$ 12 bilh\u00f5es\" \/>\n<meta property=\"og:description\" content=\"Al\u00e9m disso, os planos da Americanas tamb\u00e9m contemplam uma capitaliza\u00e7\u00e3o de d\u00edvida concursal por parte dos credores\" \/>\n<meta property=\"og:url\" content=\"https:\/\/www.suno.com.br\/noticias\/americanas-amer3-aumente-de-capital-12-bilhoes-evm\/\" \/>\n<meta property=\"og:site_name\" content=\"Suno Not\u00edcias\" \/>\n<meta property=\"article:publisher\" content=\"https:\/\/facebook.com\/sunoresearch\" \/>\n<meta property=\"og:image\" content=\"https:\/\/files.sunoresearch.com.br\/n\/uploads\/2021\/01\/5ada41dc-db_011118.jpg\" \/>\n\t<meta property=\"og:image:width\" content=\"1380\" \/>\n\t<meta property=\"og:image:height\" content=\"920\" \/>\n\t<meta property=\"og:image:type\" content=\"image\/jpeg\" \/>\n<meta name=\"author\" content=\"Eduardo Vargas\" \/>\n<meta name=\"twitter:card\" content=\"summary_large_image\" \/>\n<meta name=\"twitter:creator\" content=\"@sunoresearch\" \/>\n<meta name=\"twitter:site\" content=\"@sunoresearch\" \/>\n<meta name=\"twitter:label1\" content=\"Escrito por\" \/>\n\t<meta name=\"twitter:data1\" content=\"Eduardo Vargas\" \/>\n\t<meta name=\"twitter:label2\" content=\"Est. tempo de leitura\" \/>\n\t<meta name=\"twitter:data2\" content=\"4 minutos\" \/>\n<script type=\"application\/ld+json\" class=\"yoast-schema-graph\">{\"@context\":\"https:\/\/schema.org\",\"@graph\":[{\"@type\":\"NewsArticle\",\"@id\":\"https:\/\/www.suno.com.br\/noticias\/americanas-amer3-aumente-de-capital-12-bilhoes-evm\/#article\",\"isPartOf\":{\"@id\":\"https:\/\/www.suno.com.br\/noticias\/americanas-amer3-aumente-de-capital-12-bilhoes-evm\/\"},\"author\":{\"name\":\"Eduardo Vargas\",\"@id\":\"https:\/\/www.suno.com.br\/noticias\/#\/schema\/person\/7f4d362bf3518e76090143ae77bb49a5\"},\"headline\":\"Proposta apresentada aos credores: Americanas (AMER3) quer aumento de capital de R$ 12 bilh\u00f5es\",\"datePublished\":\"2023-10-10T23:29:38+00:00\",\"dateModified\":\"2023-10-11T00:35:15+00:00\",\"mainEntityOfPage\":{\"@id\":\"https:\/\/www.suno.com.br\/noticias\/americanas-amer3-aumente-de-capital-12-bilhoes-evm\/\"},\"wordCount\":684,\"publisher\":{\"@id\":\"https:\/\/www.suno.com.br\/noticias\/#organization\"},\"image\":{\"@id\":\"https:\/\/www.suno.com.br\/noticias\/americanas-amer3-aumente-de-capital-12-bilhoes-evm\/#primaryimage\"},\"thumbnailUrl\":\"https:\/\/files.sunoresearch.com.br\/n\/uploads\/2021\/01\/5ada41dc-db_011118-jpg.webp\",\"keywords\":[\"Americanas (AMER3)\"],\"articleSection\":[\"Neg\u00f3cios\"],\"inLanguage\":\"pt-BR\"},{\"@type\":\"WebPage\",\"@id\":\"https:\/\/www.suno.com.br\/noticias\/americanas-amer3-aumente-de-capital-12-bilhoes-evm\/\",\"url\":\"https:\/\/www.suno.com.br\/noticias\/americanas-amer3-aumente-de-capital-12-bilhoes-evm\/\",\"name\":\"Americanas (AMER3) quer aumento de capital de R$ 12 bilh\u00f5es\",\"isPartOf\":{\"@id\":\"https:\/\/www.suno.com.br\/noticias\/#website\"},\"primaryImageOfPage\":{\"@id\":\"https:\/\/www.suno.com.br\/noticias\/americanas-amer3-aumente-de-capital-12-bilhoes-evm\/#primaryimage\"},\"image\":{\"@id\":\"https:\/\/www.suno.com.br\/noticias\/americanas-amer3-aumente-de-capital-12-bilhoes-evm\/#primaryimage\"},\"thumbnailUrl\":\"https:\/\/files.sunoresearch.com.br\/n\/uploads\/2021\/01\/5ada41dc-db_011118-jpg.webp\",\"datePublished\":\"2023-10-10T23:29:38+00:00\",\"dateModified\":\"2023-10-11T00:35:15+00:00\",\"description\":\"Al\u00e9m disso, os planos da Americanas tamb\u00e9m contemplam uma capitaliza\u00e7\u00e3o de d\u00edvida concursal por parte dos credores\",\"breadcrumb\":{\"@id\":\"https:\/\/www.suno.com.br\/noticias\/americanas-amer3-aumente-de-capital-12-bilhoes-evm\/#breadcrumb\"},\"inLanguage\":\"pt-BR\",\"potentialAction\":[{\"@type\":\"ReadAction\",\"target\":[\"https:\/\/www.suno.com.br\/noticias\/americanas-amer3-aumente-de-capital-12-bilhoes-evm\/\"]}]},{\"@type\":\"ImageObject\",\"inLanguage\":\"pt-BR\",\"@id\":\"https:\/\/www.suno.com.br\/noticias\/americanas-amer3-aumente-de-capital-12-bilhoes-evm\/#primaryimage\",\"url\":\"https:\/\/files.sunoresearch.com.br\/n\/uploads\/2021\/01\/5ada41dc-db_011118-jpg.webp\",\"contentUrl\":\"https:\/\/files.sunoresearch.com.br\/n\/uploads\/2021\/01\/5ada41dc-db_011118-jpg.webp\",\"width\":1380,\"height\":920,\"caption\":\"Americanas. Foto: Divulga\u00e7\u00e3o\"},{\"@type\":\"BreadcrumbList\",\"@id\":\"https:\/\/www.suno.com.br\/noticias\/americanas-amer3-aumente-de-capital-12-bilhoes-evm\/#breadcrumb\",\"itemListElement\":[{\"@type\":\"ListItem\",\"position\":1,\"name\":\"Not\u00edcias\",\"item\":\"https:\/\/www.suno.com.br\/noticias\/\"},{\"@type\":\"ListItem\",\"position\":2,\"name\":\"Neg\u00f3cios\",\"item\":\"https:\/\/www.suno.com.br\/noticias\/negocios\/\"},{\"@type\":\"ListItem\",\"position\":3,\"name\":\"Proposta apresentada aos credores: Americanas (AMER3) quer aumento de capital de R$ 12 bilh\u00f5es\"}]},{\"@type\":\"WebSite\",\"@id\":\"https:\/\/www.suno.com.br\/noticias\/#website\",\"url\":\"https:\/\/www.suno.com.br\/noticias\/\",\"name\":\"Suno Not\u00edcias\",\"description\":\"Seu portal de informa\u00e7\u00e3o sobre o mundo dos investimentos\",\"publisher\":{\"@id\":\"https:\/\/www.suno.com.br\/noticias\/#organization\"},\"potentialAction\":[{\"@type\":\"SearchAction\",\"target\":{\"@type\":\"EntryPoint\",\"urlTemplate\":\"https:\/\/www.suno.com.br\/noticias\/?s={search_term_string}\"},\"query-input\":{\"@type\":\"PropertyValueSpecification\",\"valueRequired\":true,\"valueName\":\"search_term_string\"}}],\"inLanguage\":\"pt-BR\"},{\"@type\":\"Organization\",\"@id\":\"https:\/\/www.suno.com.br\/noticias\/#organization\",\"name\":\"Suno Not\u00edcias\",\"url\":\"https:\/\/www.suno.com.br\/noticias\/\",\"logo\":{\"@type\":\"ImageObject\",\"inLanguage\":\"pt-BR\",\"@id\":\"https:\/\/www.suno.com.br\/noticias\/#\/schema\/logo\/image\/\",\"url\":\"https:\/\/files.sunoresearch.com.br\/n\/uploads\/2021\/09\/suno-logo.png\",\"contentUrl\":\"https:\/\/files.sunoresearch.com.br\/n\/uploads\/2021\/09\/suno-logo.png\",\"width\":180,\"height\":180,\"caption\":\"Suno Not\u00edcias\"},\"image\":{\"@id\":\"https:\/\/www.suno.com.br\/noticias\/#\/schema\/logo\/image\/\"},\"sameAs\":[\"https:\/\/facebook.com\/sunoresearch\",\"https:\/\/x.com\/sunoresearch\",\"https:\/\/www.instagram.com\/suno\",\"https:\/\/www.linkedin.com\/company\/suno-research\/\",\"https:\/\/www.youtube.com\/c\/sunoresearch\"]},{\"@type\":\"Person\",\"@id\":\"https:\/\/www.suno.com.br\/noticias\/#\/schema\/person\/7f4d362bf3518e76090143ae77bb49a5\",\"name\":\"Eduardo Vargas\",\"image\":{\"@type\":\"ImageObject\",\"inLanguage\":\"pt-BR\",\"@id\":\"https:\/\/www.suno.com.br\/noticias\/#\/schema\/person\/image\/\",\"url\":\"https:\/\/secure.gravatar.com\/avatar\/dac340933427a22924c9f99d1eb2e3f2?s=96&r=g\",\"contentUrl\":\"https:\/\/secure.gravatar.com\/avatar\/dac340933427a22924c9f99d1eb2e3f2?s=96&r=g\",\"caption\":\"Eduardo Vargas\"},\"description\":\"Jornalista formado pela UFSC, cobre macroeconomia, neg\u00f3cios e startups para o Suno Not\u00edcias, escrevendo principalmente not\u00edcias sobre o mercado financeiro e a bolsa de valores. No YouTube e no Instagram, \u00e9 respons\u00e1vel pela produ\u00e7\u00e3o de Reels e Shorts do Suno Not\u00edcias. Anteriormente, trabalhou cobrindo economia e cotidiano no ND+ e para o ND, maior jornal impresso de Santa Catarina. Cursou um semestre letivo de Estudos de M\u00eddia na Universidad de Buenos Aires.\",\"url\":\"https:\/\/www.suno.com.br\/noticias\/author\/eduardo-vargas\/\"}]}<\/script>\n<!-- \/ Yoast SEO plugin. -->","yoast_head_json":{"title":"Americanas (AMER3) quer aumento de capital de R$ 12 bilh\u00f5es","description":"Al\u00e9m disso, os planos da Americanas tamb\u00e9m contemplam uma capitaliza\u00e7\u00e3o de d\u00edvida concursal por parte dos credores","robots":{"index":"index","follow":"follow","max-snippet":"max-snippet:-1","max-image-preview":"max-image-preview:large","max-video-preview":"max-video-preview:-1"},"canonical":"https:\/\/www.suno.com.br\/noticias\/americanas-amer3-aumente-de-capital-12-bilhoes-evm\/","og_locale":"pt_BR","og_type":"article","og_title":"Americanas (AMER3) quer aumento de capital de R$ 12 bilh\u00f5es","og_description":"Al\u00e9m disso, os planos da Americanas tamb\u00e9m contemplam uma capitaliza\u00e7\u00e3o de d\u00edvida concursal por parte dos credores","og_url":"https:\/\/www.suno.com.br\/noticias\/americanas-amer3-aumente-de-capital-12-bilhoes-evm\/","og_site_name":"Suno Not\u00edcias","article_publisher":"https:\/\/facebook.com\/sunoresearch","og_image":[{"width":1380,"height":920,"url":"https:\/\/files.sunoresearch.com.br\/n\/uploads\/2021\/01\/5ada41dc-db_011118.jpg","type":"image\/jpeg"}],"author":"Eduardo Vargas","twitter_card":"summary_large_image","twitter_creator":"@sunoresearch","twitter_site":"@sunoresearch","twitter_misc":{"Escrito por":"Eduardo Vargas","Est. tempo de leitura":"4 minutos"},"schema":{"@context":"https:\/\/schema.org","@graph":[{"@type":"NewsArticle","@id":"https:\/\/www.suno.com.br\/noticias\/americanas-amer3-aumente-de-capital-12-bilhoes-evm\/#article","isPartOf":{"@id":"https:\/\/www.suno.com.br\/noticias\/americanas-amer3-aumente-de-capital-12-bilhoes-evm\/"},"author":{"name":"Eduardo Vargas","@id":"https:\/\/www.suno.com.br\/noticias\/#\/schema\/person\/7f4d362bf3518e76090143ae77bb49a5"},"headline":"Proposta apresentada aos credores: Americanas (AMER3) quer aumento de capital de R$ 12 bilh\u00f5es","datePublished":"2023-10-10T23:29:38+00:00","dateModified":"2023-10-11T00:35:15+00:00","mainEntityOfPage":{"@id":"https:\/\/www.suno.com.br\/noticias\/americanas-amer3-aumente-de-capital-12-bilhoes-evm\/"},"wordCount":684,"publisher":{"@id":"https:\/\/www.suno.com.br\/noticias\/#organization"},"image":{"@id":"https:\/\/www.suno.com.br\/noticias\/americanas-amer3-aumente-de-capital-12-bilhoes-evm\/#primaryimage"},"thumbnailUrl":"https:\/\/files.sunoresearch.com.br\/n\/uploads\/2021\/01\/5ada41dc-db_011118-jpg.webp","keywords":["Americanas (AMER3)"],"articleSection":["Neg\u00f3cios"],"inLanguage":"pt-BR"},{"@type":"WebPage","@id":"https:\/\/www.suno.com.br\/noticias\/americanas-amer3-aumente-de-capital-12-bilhoes-evm\/","url":"https:\/\/www.suno.com.br\/noticias\/americanas-amer3-aumente-de-capital-12-bilhoes-evm\/","name":"Americanas (AMER3) quer aumento de capital de R$ 12 bilh\u00f5es","isPartOf":{"@id":"https:\/\/www.suno.com.br\/noticias\/#website"},"primaryImageOfPage":{"@id":"https:\/\/www.suno.com.br\/noticias\/americanas-amer3-aumente-de-capital-12-bilhoes-evm\/#primaryimage"},"image":{"@id":"https:\/\/www.suno.com.br\/noticias\/americanas-amer3-aumente-de-capital-12-bilhoes-evm\/#primaryimage"},"thumbnailUrl":"https:\/\/files.sunoresearch.com.br\/n\/uploads\/2021\/01\/5ada41dc-db_011118-jpg.webp","datePublished":"2023-10-10T23:29:38+00:00","dateModified":"2023-10-11T00:35:15+00:00","description":"Al\u00e9m disso, os planos da Americanas tamb\u00e9m contemplam uma capitaliza\u00e7\u00e3o de d\u00edvida concursal por parte dos credores","breadcrumb":{"@id":"https:\/\/www.suno.com.br\/noticias\/americanas-amer3-aumente-de-capital-12-bilhoes-evm\/#breadcrumb"},"inLanguage":"pt-BR","potentialAction":[{"@type":"ReadAction","target":["https:\/\/www.suno.com.br\/noticias\/americanas-amer3-aumente-de-capital-12-bilhoes-evm\/"]}]},{"@type":"ImageObject","inLanguage":"pt-BR","@id":"https:\/\/www.suno.com.br\/noticias\/americanas-amer3-aumente-de-capital-12-bilhoes-evm\/#primaryimage","url":"https:\/\/files.sunoresearch.com.br\/n\/uploads\/2021\/01\/5ada41dc-db_011118-jpg.webp","contentUrl":"https:\/\/files.sunoresearch.com.br\/n\/uploads\/2021\/01\/5ada41dc-db_011118-jpg.webp","width":1380,"height":920,"caption":"Americanas. Foto: Divulga\u00e7\u00e3o"},{"@type":"BreadcrumbList","@id":"https:\/\/www.suno.com.br\/noticias\/americanas-amer3-aumente-de-capital-12-bilhoes-evm\/#breadcrumb","itemListElement":[{"@type":"ListItem","position":1,"name":"Not\u00edcias","item":"https:\/\/www.suno.com.br\/noticias\/"},{"@type":"ListItem","position":2,"name":"Neg\u00f3cios","item":"https:\/\/www.suno.com.br\/noticias\/negocios\/"},{"@type":"ListItem","position":3,"name":"Proposta apresentada aos credores: Americanas (AMER3) quer aumento de capital de R$ 12 bilh\u00f5es"}]},{"@type":"WebSite","@id":"https:\/\/www.suno.com.br\/noticias\/#website","url":"https:\/\/www.suno.com.br\/noticias\/","name":"Suno Not\u00edcias","description":"Seu portal de informa\u00e7\u00e3o sobre o mundo dos investimentos","publisher":{"@id":"https:\/\/www.suno.com.br\/noticias\/#organization"},"potentialAction":[{"@type":"SearchAction","target":{"@type":"EntryPoint","urlTemplate":"https:\/\/www.suno.com.br\/noticias\/?s={search_term_string}"},"query-input":{"@type":"PropertyValueSpecification","valueRequired":true,"valueName":"search_term_string"}}],"inLanguage":"pt-BR"},{"@type":"Organization","@id":"https:\/\/www.suno.com.br\/noticias\/#organization","name":"Suno Not\u00edcias","url":"https:\/\/www.suno.com.br\/noticias\/","logo":{"@type":"ImageObject","inLanguage":"pt-BR","@id":"https:\/\/www.suno.com.br\/noticias\/#\/schema\/logo\/image\/","url":"https:\/\/files.sunoresearch.com.br\/n\/uploads\/2021\/09\/suno-logo.png","contentUrl":"https:\/\/files.sunoresearch.com.br\/n\/uploads\/2021\/09\/suno-logo.png","width":180,"height":180,"caption":"Suno Not\u00edcias"},"image":{"@id":"https:\/\/www.suno.com.br\/noticias\/#\/schema\/logo\/image\/"},"sameAs":["https:\/\/facebook.com\/sunoresearch","https:\/\/x.com\/sunoresearch","https:\/\/www.instagram.com\/suno","https:\/\/www.linkedin.com\/company\/suno-research\/","https:\/\/www.youtube.com\/c\/sunoresearch"]},{"@type":"Person","@id":"https:\/\/www.suno.com.br\/noticias\/#\/schema\/person\/7f4d362bf3518e76090143ae77bb49a5","name":"Eduardo Vargas","image":{"@type":"ImageObject","inLanguage":"pt-BR","@id":"https:\/\/www.suno.com.br\/noticias\/#\/schema\/person\/image\/","url":"https:\/\/secure.gravatar.com\/avatar\/dac340933427a22924c9f99d1eb2e3f2?s=96&r=g","contentUrl":"https:\/\/secure.gravatar.com\/avatar\/dac340933427a22924c9f99d1eb2e3f2?s=96&r=g","caption":"Eduardo Vargas"},"description":"Jornalista formado pela UFSC, cobre macroeconomia, neg\u00f3cios e startups para o Suno Not\u00edcias, escrevendo principalmente not\u00edcias sobre o mercado financeiro e a bolsa de valores. No YouTube e no Instagram, \u00e9 respons\u00e1vel pela produ\u00e7\u00e3o de Reels e Shorts do Suno Not\u00edcias. Anteriormente, trabalhou cobrindo economia e cotidiano no ND+ e para o ND, maior jornal impresso de Santa Catarina. Cursou um semestre letivo de Estudos de M\u00eddia na Universidad de Buenos Aires.","url":"https:\/\/www.suno.com.br\/noticias\/author\/eduardo-vargas\/"}]}},"default_loop_html":"<div class=\"cardsPage__listCard__boxs\"><div class=\"cardsPage__listCard__boxs__img\"><a href=\"https:\/\/www.suno.com.br\/noticias\/americanas-amer3-aumente-de-capital-12-bilhoes-evm\/\"><img class=\"mask\" src=\"https:\/\/www.suno.com.br\/noticias\/wp-content\/themes\/suno\/resources\/images\/spotlight\/spotlight1img\/bg-mask.png\" alt=\"Image Mask\"\/><img src=\"https:\/\/files.sunoresearch.com.br\/n\/uploads\/2021\/01\/5ada41dc-db_011118-400x200.webp\" alt=\"Proposta apresentada aos credores: Americanas (AMER3) quer aumento de capital de R$ 12 bilh\u00f5es\"\/><\/a><span class=\"spotlightCategory\"><a href=\"https:\/\/www.suno.com.br\/noticias\/negocios\/\">Neg\u00f3cios<\/a><\/span><\/div><div class=\"cardsPage__listCard__boxs__content\"><a href=\"https:\/\/www.suno.com.br\/noticias\/americanas-amer3-aumente-de-capital-12-bilhoes-evm\/\"><h2 class=\"content__title\">Proposta apresentada aos credores: Americanas (AMER3) quer aumento de capital de R$ 12 bilh\u00f5es<\/h2><\/a><div class=\"newsContent__article__meta\"><div class=\"newsContent__article__meta__authorBox\"><a href=\"https:\/\/www.suno.com.br\/noticias\/author\/joao-vitor-jacintho\/\" class=\"authorBox__avatar noMobi\"><img src=\"https:\/\/secure.gravatar.com\/avatar\/2843227ca03ccf8cc7ccca45204c127e?s=96&#038;r=g\" alt=\"Jo\u00e3o Vitor Jacintho\"><\/a><div class=\"authorBox__name\"><span>por\n\t\t\t<a href=\"https:\/\/www.suno.com.br\/noticias\/author\/joao-vitor-jacintho\/\"><span itemprop=\"author\">Jo\u00e3o Vitor Jacintho<\/span><\/a><\/span><time datetime=\"2023-10-10T20:29:38-03:00\" itemprop=\"datePublished\">10\/10\/2023 20:29<\/time><\/div><\/div><\/div><\/div><\/div>","single_layout":"posts","amp_enabled":true,"_links":{"self":[{"href":"https:\/\/www.suno.com.br\/noticias\/wp-json\/wp\/v2\/posts\/469447"}],"collection":[{"href":"https:\/\/www.suno.com.br\/noticias\/wp-json\/wp\/v2\/posts"}],"about":[{"href":"https:\/\/www.suno.com.br\/noticias\/wp-json\/wp\/v2\/types\/post"}],"author":[{"embeddable":true,"href":"https:\/\/www.suno.com.br\/noticias\/wp-json\/wp\/v2\/users\/73"}],"replies":[{"embeddable":true,"href":"https:\/\/www.suno.com.br\/noticias\/wp-json\/wp\/v2\/comments?post=469447"}],"version-history":[{"count":3,"href":"https:\/\/www.suno.com.br\/noticias\/wp-json\/wp\/v2\/posts\/469447\/revisions"}],"predecessor-version":[{"id":469506,"href":"https:\/\/www.suno.com.br\/noticias\/wp-json\/wp\/v2\/posts\/469447\/revisions\/469506"}],"wp:featuredmedia":[{"embeddable":true,"href":"https:\/\/www.suno.com.br\/noticias\/wp-json\/wp\/v2\/media\/114704"}],"wp:attachment":[{"href":"https:\/\/www.suno.com.br\/noticias\/wp-json\/wp\/v2\/media?parent=469447"}],"wp:term":[{"taxonomy":"category","embeddable":true,"href":"https:\/\/www.suno.com.br\/noticias\/wp-json\/wp\/v2\/categories?post=469447"},{"taxonomy":"post_tag","embeddable":true,"href":"https:\/\/www.suno.com.br\/noticias\/wp-json\/wp\/v2\/tags?post=469447"},{"taxonomy":"suno_strategy","embeddable":true,"href":"https:\/\/www.suno.com.br\/noticias\/wp-json\/wp\/v2\/suno_strategy?post=469447"}],"curies":[{"name":"wp","href":"https:\/\/api.w.org\/{rel}","templated":true}]}}