{"id":468968,"date":"2023-10-10T10:43:50","date_gmt":"2023-10-10T13:43:50","guid":{"rendered":"https:\/\/www.suno.com.br\/noticias\/?p=468968"},"modified":"2023-10-10T12:39:20","modified_gmt":"2023-10-10T15:39:20","slug":"varejo-vendas-setembro-cielo-gpj","status":"publish","type":"post","link":"https:\/\/www.suno.com.br\/noticias\/varejo-vendas-setembro-cielo-gpj\/","title":{"rendered":"Varejo: vendas caem 1,6% em setembro, aponta \u00edndice da Cielo (CIEL3)"},"content":{"rendered":"<p>As vendas no <strong>varejo<\/strong> ca\u00edram 1,6% em setembro de 2023, descontada a infla\u00e7\u00e3o, em compara\u00e7\u00e3o com o mesmo m\u00eas de 2022, segundo o <a href=\"https:\/\/www.suno.com.br\/artigos\/icva\/\">\u00cdndice Cielo do Varejo Ampliado (ICVA)<\/a>. \u00c9 o terceiro m\u00eas seguido de queda. Em termos nominais, que espelham a receita de vendas observadas pelo varejista, o crescimento em setembro foi de 2,5%.<\/p>\t<div class=\"wrapper-featured-image\">\n\t\t<figure class=\"spotlightImg\">\n\n\t\t\t<picture>\n\t\t\t\t<source media=\"(max-width: 768px)\" srcset=\"https:\/\/files.sunoresearch.com.br\/n\/uploads\/2023\/09\/varejo-400x200.jpg\">\n\t\t\t\t<img loading=\"lazy\" decoding=\"async\" class=\"newsContent__article__imgCapa lazyloadDisabled \" src=\"https:\/\/files.sunoresearch.com.br\/n\/uploads\/2023\/09\/varejo-800x450.jpg\" width=\"800\" height=\"450\" alt=\"Varejo: vendas caem 1,6% em setembro, aponta \u00edndice da Cielo (CIEL3)\" fetchpriority=high \/>\n\t\t\t<\/picture>\n\n\t\t\t<figcaption class=\"wp-caption-text wp-caption-text--show\">Chuva no RJ deve impactar varejo. Foto: Pixabay..<\/figcaption>\n\t\t<\/figure>\n\t<\/div>\n\n\n\n\n\n\n\n\t<p>\n\t\t<a href=\"https:\/\/lp.suno.com.br\/planilha-da-vida-financeira\/\" target=\"_blank\" data-element=\"shortcode-suno-banner\" title=\"Banner SUNO, clique e saiba mais\">\n\t\t\t<picture>\n\t\t\t\t<source media=\"(max-width: 500px)\" srcset=\"https:\/\/files.sunoresearch.com.br\/n\/uploads\/2023\/04\/400x300-Planilha-vida-financeira-true.png\">\n\t\t\t\t<img class=\"newsContent__article__imgCapa newsContent__article__imgCapa--banner\"\n\t\t\t\t\tsrc=\"https:\/\/files.sunoresearch.com.br\/n\/uploads\/2023\/04\/1420x240-Planilha-vida-financeira-true.png\"\n\t\t\t\t\tdata-promo-id=\"106682\"\t\t\t\t\t\t\t\t\t\twidth='1420' height='240'\t\t\t\t\talt=\"https:\/\/files.sunoresearch.com.br\/n\/uploads\/2023\/04\/1420x240-Planilha-vida-financeira-true.png\"\n\t\t\t\t>\n\t\t\t<\/picture>\n\t\t<\/a>\n\t<\/p>\n\n\n\n\n\n<p>Os tr\u00eas macrossetores (&#8216;bens dur\u00e1veis&#8217;, &#8216;bens n\u00e3o dur\u00e1veis&#8217; e &#8216;servi\u00e7os&#8217;) registraram baixa ao mesmo tempo. &#8216;Bens dur\u00e1veis e semidur\u00e1veis&#8217; caiu 1,7%, afetado principalmente pelo resultado de &#8216;materiais para constru\u00e7\u00e3o&#8217;. A retra\u00e7\u00e3o do faturamento de &#8216;bens n\u00e3o dur\u00e1veis&#8217; foi de 1,1%, influenciado pelo setor de &#8216;livrarias, papelarias e afins&#8217;. <\/p>\n\n\n\n<p>J\u00e1 em &#8216;servi\u00e7os&#8217;, cujas vendas ca\u00edram 2,9%, o principal respons\u00e1vel foi o segmento de &#8216;bares e restaurantes&#8217;. <\/p>\n\n\n\n<p>\u201cApesar da queda generalizada do varejo, um destaque positivo foi o segmento de &#8216;supermercados e hipermercados&#8217;. Como houve defla\u00e7\u00e3o no setor de alimentos, a queda efetiva de pre\u00e7os praticados nas g\u00f4ndolas, especialmente de carnes, estimulou o consumo das fam\u00edlias\u201d, afirma Carlos Alves, vice presidente de Produtos e Tecnologia da Cielo. \u201cSem a performance de &#8216;supermercados e hipermercados&#8217;, o <strong>resultado do ICVA <\/strong>seria mais negativo&#8221;, completa.<\/p>\n\n\n\n<p>Ainda de acordo com os resultados, efeitos de calend\u00e1rio tamb\u00e9m contribu\u00edram para que a retra\u00e7\u00e3o do varejo em setembro n\u00e3o fosse mais acentuada. &#8220;O m\u00eas de setembro deste ano contou com um s\u00e1bado a mais, dia de forte movimento no com\u00e9rcio, e uma quinta-feira a menos&#8221;, pontuou a Cielo.<\/p>\n\n\n\n\t<div data-element=\"shortcode-read-more\" class=\"readToo\">\n\t\t\t\t<span class=\"readToo__title\">Leia mais<\/span>\n\t\t\t\t<ul class=\"readToo__list\">\n\t\t\t<li><a href=\"https:\/\/www.suno.com.br\/noticias\/dolar-china-estimulos-bce-aumentos-juros-cpf\/\">D\u00f3lar: China tem sinal positivo acerca de est\u00edmulos e BCE fala de aumentos nos juros<\/a><\/li><li><a href=\"https:\/\/www.suno.com.br\/noticias\/petrobras-petr4-refino-setembro-gpj\/\">Petrobras (PETR4): unidades de refino atingem patamar de 97% de utiliza\u00e7\u00e3o em setembro\u00a0<\/a><\/li><li><a href=\"https:\/\/www.suno.com.br\/noticias\/123milhas-cpi-piramides-financeiras-socios-gpj\/\">123milhas: CPI das pir\u00e2mides financeiras solicita indiciamento de s\u00f3cios<\/a><\/li>\t\t<\/ul>\n\t<\/div>\n\n\n\n\n<h2 class=\"wp-block-heading\">ICVA por regi\u00e3o<\/h2>\n\n\n\n<p>De acordo com o <strong>ICVA<\/strong> deflacionado e com ajuste de calend\u00e1rio, os resultados de cada regi\u00e3o em rela\u00e7\u00e3o a junho de 2022 foram: Sudeste (-1,7%), Sul (-3,4%), Centro-Oeste (-3,7%), Norte (-4,1%) e Nordeste (-5,2%).<\/p>\n\n\n\n<p>Pelo <strong>ICVA nominal <\/strong>\u2013 que n\u00e3o considera o desconto da infla\u00e7\u00e3o \u2013 e com ajuste de calend\u00e1rio, os resultados de cada regi\u00e3o foram: Sudeste (+2,1%), Sul (+1,4%), Centro Oeste (+0,4%). Norte (+0,3%) e Nordeste (-1,2%).<\/p>\n\n\n\t<p>\n\t\t<a href=\"https:\/\/lp.suno.com.br\/ebook-como-analisar-uma-acao\/\" target=\"_blank\" data-element=\"shortcode-suno-banner\" title=\"Banner SUNO, clique e saiba mais\">\n\t\t\t<picture>\n\t\t\t\t<source media=\"(max-width: 500px)\" srcset=\"https:\/\/files.sunoresearch.com.br\/n\/uploads\/2023\/03\/Ebook-Acoes-Mobile.jpg\">\n\t\t\t\t<img class=\"newsContent__article__imgCapa newsContent__article__imgCapa--banner\"\n\t\t\t\t\tsrc=\"https:\/\/files.sunoresearch.com.br\/n\/uploads\/2023\/03\/Ebook-Acoes-Desktop.jpg\"\n\t\t\t\t\tdata-promo-id=\"378302\"\t\t\t\t\t\t\t\t\t\twidth='1420' height='286'\t\t\t\t\talt=\"https:\/\/files.sunoresearch.com.br\/n\/uploads\/2023\/03\/Ebook-Acoes-Desktop.jpg\"\n\t\t\t\t>\n\t\t\t<\/picture>\n\t\t<\/a>\n\t<\/p>\n\n\n\n\n\n<h2 class=\"wp-block-heading\">Vendas no terceiro trimestre de 2023<\/h2>\n\n\n\n<p>Segundo a Cielo, as vendas no <strong>varejo<\/strong> no terceiro trimestre de 2023 ca\u00edram 1,5%, j\u00e1 descontada a infla\u00e7\u00e3o, em rela\u00e7\u00e3o ao mesmo trimestre de 2022. Em termos nominais, o faturamento cresceu 1,6%.<\/p>\n\n\n\t<p>\n\t\t<a href=\"https:\/\/lp.suno.com.br\/planilha-da-vida-financeira\/\" target=\"_blank\" data-element=\"shortcode-suno-banner\" title=\"Banner SUNO, clique e saiba mais\">\n\t\t\t<picture>\n\t\t\t\t<source media=\"(max-width: 500px)\" srcset=\"https:\/\/files.sunoresearch.com.br\/n\/uploads\/2023\/04\/400x300-Planilha-vida-financeira-true.png\">\n\t\t\t\t<img class=\"newsContent__article__imgCapa newsContent__article__imgCapa--banner\"\n\t\t\t\t\tsrc=\"https:\/\/files.sunoresearch.com.br\/n\/uploads\/2023\/04\/1420x240-Planilha-vida-financeira-true.png\"\n\t\t\t\t\tdata-promo-id=\"383123\"\t\t\t\t\t\t\t\t\t\twidth='1420' height='240'\t\t\t\t\talt=\"https:\/\/files.sunoresearch.com.br\/n\/uploads\/2023\/04\/1420x240-Planilha-vida-financeira-true.png\"\n\t\t\t\t>\n\t\t\t<\/picture>\n\t\t<\/a>\n\t<\/p>\n\n\n","protected":false},"excerpt":{"rendered":"<p>As vendas no varejo ca\u00edram 1,6% em setembro de 2023, descontada a infla\u00e7\u00e3o, em compara\u00e7\u00e3o com o mesmo m\u00eas de 2022, segundo o \u00cdndice Cielo do Varejo Ampliado (ICVA). \u00c9 o terceiro m\u00eas seguido de queda. Em termos nominais, que espelham a receita de vendas observadas pelo varejista, o crescimento em setembro foi de 2,5%. [&hellip;]<\/p>\n","protected":false},"author":313,"featured_media":463708,"comment_status":"closed","ping_status":"closed","sticky":false,"template":"","format":"standard","meta":[],"categories":[64],"tags":[423,803],"suno_strategy":[],"class_list":["post-468968","post","type-post","status-publish","format-standard","has-post-thumbnail","hentry","category-negocios","tag-cielo-ciel3","tag-varejo"],"yoast_head":"<!-- This site is optimized with the Yoast SEO plugin v24.4 - https:\/\/yoast.com\/wordpress\/plugins\/seo\/ -->\n<title>Varejo: vendas caem 1,6% em setembro, aponta \u00edndice da Cielo (CIEL3)<\/title>\n<meta name=\"description\" content=\"As vendas no varejo ca\u00edram 1,6% em setembro de 2023, descontada a infla\u00e7\u00e3o, em compara\u00e7\u00e3o com o mesmo m\u00eas de 2022, segundo o ICVA, da Cielo.\" \/>\n<meta name=\"robots\" content=\"index, follow, max-snippet:-1, max-image-preview:large, max-video-preview:-1\" \/>\n<link rel=\"canonical\" href=\"https:\/\/www.suno.com.br\/noticias\/varejo-vendas-setembro-cielo-gpj\/\" \/>\n<meta property=\"og:locale\" content=\"pt_BR\" \/>\n<meta property=\"og:type\" content=\"article\" \/>\n<meta property=\"og:title\" content=\"Varejo: vendas caem 1,6% em setembro, aponta \u00edndice da Cielo (CIEL3)\" \/>\n<meta property=\"og:description\" content=\"As vendas no varejo ca\u00edram 1,6% em setembro de 2023, descontada a infla\u00e7\u00e3o, em compara\u00e7\u00e3o com o mesmo m\u00eas de 2022, segundo o ICVA, da Cielo.\" \/>\n<meta property=\"og:url\" content=\"https:\/\/www.suno.com.br\/noticias\/varejo-vendas-setembro-cielo-gpj\/\" \/>\n<meta property=\"og:site_name\" content=\"Suno Not\u00edcias\" \/>\n<meta property=\"article:publisher\" content=\"https:\/\/facebook.com\/sunoresearch\" \/>\n<meta property=\"og:image\" content=\"https:\/\/files.sunoresearch.com.br\/n\/uploads\/2023\/09\/varejo.jpg\" \/>\n\t<meta property=\"og:image:width\" content=\"1280\" \/>\n\t<meta property=\"og:image:height\" content=\"736\" \/>\n\t<meta property=\"og:image:type\" content=\"image\/jpeg\" \/>\n<meta name=\"author\" content=\"Giovanni Porf\u00edrio Jacomino\" \/>\n<meta name=\"twitter:card\" content=\"summary_large_image\" \/>\n<meta name=\"twitter:creator\" content=\"@sunoresearch\" \/>\n<meta name=\"twitter:site\" content=\"@sunoresearch\" \/>\n<meta name=\"twitter:label1\" content=\"Escrito por\" \/>\n\t<meta name=\"twitter:data1\" content=\"Giovanni Porf\u00edrio Jacomino\" \/>\n\t<meta name=\"twitter:label2\" content=\"Est. tempo de leitura\" \/>\n\t<meta name=\"twitter:data2\" content=\"2 minutos\" \/>\n<script type=\"application\/ld+json\" class=\"yoast-schema-graph\">{\"@context\":\"https:\/\/schema.org\",\"@graph\":[{\"@type\":\"NewsArticle\",\"@id\":\"https:\/\/www.suno.com.br\/noticias\/varejo-vendas-setembro-cielo-gpj\/#article\",\"isPartOf\":{\"@id\":\"https:\/\/www.suno.com.br\/noticias\/varejo-vendas-setembro-cielo-gpj\/\"},\"author\":{\"name\":\"Giovanni Porf\u00edrio Jacomino\",\"@id\":\"https:\/\/www.suno.com.br\/noticias\/#\/schema\/person\/d0f32748bbca4bee871fa191ee4e2d40\"},\"headline\":\"Varejo: vendas caem 1,6% em setembro, aponta \u00edndice da Cielo (CIEL3)\",\"datePublished\":\"2023-10-10T13:43:50+00:00\",\"dateModified\":\"2023-10-10T15:39:20+00:00\",\"mainEntityOfPage\":{\"@id\":\"https:\/\/www.suno.com.br\/noticias\/varejo-vendas-setembro-cielo-gpj\/\"},\"wordCount\":385,\"publisher\":{\"@id\":\"https:\/\/www.suno.com.br\/noticias\/#organization\"},\"image\":{\"@id\":\"https:\/\/www.suno.com.br\/noticias\/varejo-vendas-setembro-cielo-gpj\/#primaryimage\"},\"thumbnailUrl\":\"https:\/\/files.sunoresearch.com.br\/n\/uploads\/2023\/09\/varejo.jpg\",\"keywords\":[\"Cielo (CIEL3)\",\"varejo\"],\"articleSection\":[\"Neg\u00f3cios\"],\"inLanguage\":\"pt-BR\"},{\"@type\":\"WebPage\",\"@id\":\"https:\/\/www.suno.com.br\/noticias\/varejo-vendas-setembro-cielo-gpj\/\",\"url\":\"https:\/\/www.suno.com.br\/noticias\/varejo-vendas-setembro-cielo-gpj\/\",\"name\":\"Varejo: vendas caem 1,6% em setembro, aponta \u00edndice da Cielo (CIEL3)\",\"isPartOf\":{\"@id\":\"https:\/\/www.suno.com.br\/noticias\/#website\"},\"primaryImageOfPage\":{\"@id\":\"https:\/\/www.suno.com.br\/noticias\/varejo-vendas-setembro-cielo-gpj\/#primaryimage\"},\"image\":{\"@id\":\"https:\/\/www.suno.com.br\/noticias\/varejo-vendas-setembro-cielo-gpj\/#primaryimage\"},\"thumbnailUrl\":\"https:\/\/files.sunoresearch.com.br\/n\/uploads\/2023\/09\/varejo.jpg\",\"datePublished\":\"2023-10-10T13:43:50+00:00\",\"dateModified\":\"2023-10-10T15:39:20+00:00\",\"description\":\"As vendas no varejo ca\u00edram 1,6% em setembro de 2023, descontada a infla\u00e7\u00e3o, em compara\u00e7\u00e3o com o mesmo m\u00eas de 2022, segundo o ICVA, da Cielo.\",\"breadcrumb\":{\"@id\":\"https:\/\/www.suno.com.br\/noticias\/varejo-vendas-setembro-cielo-gpj\/#breadcrumb\"},\"inLanguage\":\"pt-BR\",\"potentialAction\":[{\"@type\":\"ReadAction\",\"target\":[\"https:\/\/www.suno.com.br\/noticias\/varejo-vendas-setembro-cielo-gpj\/\"]}]},{\"@type\":\"ImageObject\",\"inLanguage\":\"pt-BR\",\"@id\":\"https:\/\/www.suno.com.br\/noticias\/varejo-vendas-setembro-cielo-gpj\/#primaryimage\",\"url\":\"https:\/\/files.sunoresearch.com.br\/n\/uploads\/2023\/09\/varejo.jpg\",\"contentUrl\":\"https:\/\/files.sunoresearch.com.br\/n\/uploads\/2023\/09\/varejo.jpg\",\"width\":1280,\"height\":736,\"caption\":\"Chuva no RJ deve impactar varejo. Foto: Pixabay..\"},{\"@type\":\"BreadcrumbList\",\"@id\":\"https:\/\/www.suno.com.br\/noticias\/varejo-vendas-setembro-cielo-gpj\/#breadcrumb\",\"itemListElement\":[{\"@type\":\"ListItem\",\"position\":1,\"name\":\"Not\u00edcias\",\"item\":\"https:\/\/www.suno.com.br\/noticias\/\"},{\"@type\":\"ListItem\",\"position\":2,\"name\":\"Neg\u00f3cios\",\"item\":\"https:\/\/www.suno.com.br\/noticias\/negocios\/\"},{\"@type\":\"ListItem\",\"position\":3,\"name\":\"Varejo: vendas caem 1,6% em setembro, aponta \u00edndice da Cielo (CIEL3)\"}]},{\"@type\":\"WebSite\",\"@id\":\"https:\/\/www.suno.com.br\/noticias\/#website\",\"url\":\"https:\/\/www.suno.com.br\/noticias\/\",\"name\":\"Suno Not\u00edcias\",\"description\":\"Seu portal de informa\u00e7\u00e3o sobre o mundo dos investimentos\",\"publisher\":{\"@id\":\"https:\/\/www.suno.com.br\/noticias\/#organization\"},\"potentialAction\":[{\"@type\":\"SearchAction\",\"target\":{\"@type\":\"EntryPoint\",\"urlTemplate\":\"https:\/\/www.suno.com.br\/noticias\/?s={search_term_string}\"},\"query-input\":{\"@type\":\"PropertyValueSpecification\",\"valueRequired\":true,\"valueName\":\"search_term_string\"}}],\"inLanguage\":\"pt-BR\"},{\"@type\":\"Organization\",\"@id\":\"https:\/\/www.suno.com.br\/noticias\/#organization\",\"name\":\"Suno Not\u00edcias\",\"url\":\"https:\/\/www.suno.com.br\/noticias\/\",\"logo\":{\"@type\":\"ImageObject\",\"inLanguage\":\"pt-BR\",\"@id\":\"https:\/\/www.suno.com.br\/noticias\/#\/schema\/logo\/image\/\",\"url\":\"https:\/\/files.sunoresearch.com.br\/n\/uploads\/2021\/09\/suno-logo.png\",\"contentUrl\":\"https:\/\/files.sunoresearch.com.br\/n\/uploads\/2021\/09\/suno-logo.png\",\"width\":180,\"height\":180,\"caption\":\"Suno Not\u00edcias\"},\"image\":{\"@id\":\"https:\/\/www.suno.com.br\/noticias\/#\/schema\/logo\/image\/\"},\"sameAs\":[\"https:\/\/facebook.com\/sunoresearch\",\"https:\/\/x.com\/sunoresearch\",\"https:\/\/www.instagram.com\/suno\",\"https:\/\/www.linkedin.com\/company\/suno-research\/\",\"https:\/\/www.youtube.com\/c\/sunoresearch\"]},{\"@type\":\"Person\",\"@id\":\"https:\/\/www.suno.com.br\/noticias\/#\/schema\/person\/d0f32748bbca4bee871fa191ee4e2d40\",\"name\":\"Giovanni Porf\u00edrio Jacomino\",\"image\":{\"@type\":\"ImageObject\",\"inLanguage\":\"pt-BR\",\"@id\":\"https:\/\/www.suno.com.br\/noticias\/#\/schema\/person\/image\/\",\"url\":\"https:\/\/secure.gravatar.com\/avatar\/efb32e19b730a121cb7a80f41ffec01a?s=96&r=g\",\"contentUrl\":\"https:\/\/secure.gravatar.com\/avatar\/efb32e19b730a121cb7a80f41ffec01a?s=96&r=g\",\"caption\":\"Giovanni Porf\u00edrio Jacomino\"},\"description\":\"Giovanni Porf\u00edrio Jacomino \u00e9 jornalista formado pela Universidade Estadual de Londrina (UEL) e p\u00f3s-graduado em Produ\u00e7\u00e3o e Pr\u00e1ticas Jornal\u00edsticas na Contemporaneidade na Faculdade C\u00e1sper L\u00edbero (FCL). Foi editor web no Startupi e no Finsiders, atuando ainda como editor no TC Mover, portal de not\u00edcias da TradersClub, fazendo a cobertura de assuntos relacionados ao mercado financeiro interno e externo. Atualmente, \u00e9 Rep\u00f3rter do Suno Not\u00edcias.\",\"url\":\"https:\/\/www.suno.com.br\/noticias\/author\/giovanni-porfiriosuno-com-br\/\"}]}<\/script>\n<!-- \/ Yoast SEO plugin. -->","yoast_head_json":{"title":"Varejo: vendas caem 1,6% em setembro, aponta \u00edndice da Cielo (CIEL3)","description":"As vendas no varejo ca\u00edram 1,6% em setembro de 2023, descontada a infla\u00e7\u00e3o, em compara\u00e7\u00e3o com o mesmo m\u00eas de 2022, segundo o ICVA, da Cielo.","robots":{"index":"index","follow":"follow","max-snippet":"max-snippet:-1","max-image-preview":"max-image-preview:large","max-video-preview":"max-video-preview:-1"},"canonical":"https:\/\/www.suno.com.br\/noticias\/varejo-vendas-setembro-cielo-gpj\/","og_locale":"pt_BR","og_type":"article","og_title":"Varejo: vendas caem 1,6% em setembro, aponta \u00edndice da Cielo (CIEL3)","og_description":"As vendas no varejo ca\u00edram 1,6% em setembro de 2023, descontada a infla\u00e7\u00e3o, em compara\u00e7\u00e3o com o mesmo m\u00eas de 2022, segundo o ICVA, da Cielo.","og_url":"https:\/\/www.suno.com.br\/noticias\/varejo-vendas-setembro-cielo-gpj\/","og_site_name":"Suno Not\u00edcias","article_publisher":"https:\/\/facebook.com\/sunoresearch","og_image":[{"width":1280,"height":736,"url":"https:\/\/files.sunoresearch.com.br\/n\/uploads\/2023\/09\/varejo.jpg","type":"image\/jpeg"}],"author":"Giovanni Porf\u00edrio Jacomino","twitter_card":"summary_large_image","twitter_creator":"@sunoresearch","twitter_site":"@sunoresearch","twitter_misc":{"Escrito por":"Giovanni Porf\u00edrio Jacomino","Est. tempo de leitura":"2 minutos"},"schema":{"@context":"https:\/\/schema.org","@graph":[{"@type":"NewsArticle","@id":"https:\/\/www.suno.com.br\/noticias\/varejo-vendas-setembro-cielo-gpj\/#article","isPartOf":{"@id":"https:\/\/www.suno.com.br\/noticias\/varejo-vendas-setembro-cielo-gpj\/"},"author":{"name":"Giovanni Porf\u00edrio Jacomino","@id":"https:\/\/www.suno.com.br\/noticias\/#\/schema\/person\/d0f32748bbca4bee871fa191ee4e2d40"},"headline":"Varejo: vendas caem 1,6% em setembro, aponta \u00edndice da Cielo (CIEL3)","datePublished":"2023-10-10T13:43:50+00:00","dateModified":"2023-10-10T15:39:20+00:00","mainEntityOfPage":{"@id":"https:\/\/www.suno.com.br\/noticias\/varejo-vendas-setembro-cielo-gpj\/"},"wordCount":385,"publisher":{"@id":"https:\/\/www.suno.com.br\/noticias\/#organization"},"image":{"@id":"https:\/\/www.suno.com.br\/noticias\/varejo-vendas-setembro-cielo-gpj\/#primaryimage"},"thumbnailUrl":"https:\/\/files.sunoresearch.com.br\/n\/uploads\/2023\/09\/varejo.jpg","keywords":["Cielo (CIEL3)","varejo"],"articleSection":["Neg\u00f3cios"],"inLanguage":"pt-BR"},{"@type":"WebPage","@id":"https:\/\/www.suno.com.br\/noticias\/varejo-vendas-setembro-cielo-gpj\/","url":"https:\/\/www.suno.com.br\/noticias\/varejo-vendas-setembro-cielo-gpj\/","name":"Varejo: vendas caem 1,6% em setembro, aponta \u00edndice da Cielo (CIEL3)","isPartOf":{"@id":"https:\/\/www.suno.com.br\/noticias\/#website"},"primaryImageOfPage":{"@id":"https:\/\/www.suno.com.br\/noticias\/varejo-vendas-setembro-cielo-gpj\/#primaryimage"},"image":{"@id":"https:\/\/www.suno.com.br\/noticias\/varejo-vendas-setembro-cielo-gpj\/#primaryimage"},"thumbnailUrl":"https:\/\/files.sunoresearch.com.br\/n\/uploads\/2023\/09\/varejo.jpg","datePublished":"2023-10-10T13:43:50+00:00","dateModified":"2023-10-10T15:39:20+00:00","description":"As vendas no varejo ca\u00edram 1,6% em setembro de 2023, descontada a infla\u00e7\u00e3o, em compara\u00e7\u00e3o com o mesmo m\u00eas de 2022, segundo o ICVA, da Cielo.","breadcrumb":{"@id":"https:\/\/www.suno.com.br\/noticias\/varejo-vendas-setembro-cielo-gpj\/#breadcrumb"},"inLanguage":"pt-BR","potentialAction":[{"@type":"ReadAction","target":["https:\/\/www.suno.com.br\/noticias\/varejo-vendas-setembro-cielo-gpj\/"]}]},{"@type":"ImageObject","inLanguage":"pt-BR","@id":"https:\/\/www.suno.com.br\/noticias\/varejo-vendas-setembro-cielo-gpj\/#primaryimage","url":"https:\/\/files.sunoresearch.com.br\/n\/uploads\/2023\/09\/varejo.jpg","contentUrl":"https:\/\/files.sunoresearch.com.br\/n\/uploads\/2023\/09\/varejo.jpg","width":1280,"height":736,"caption":"Chuva no RJ deve impactar varejo. Foto: Pixabay.."},{"@type":"BreadcrumbList","@id":"https:\/\/www.suno.com.br\/noticias\/varejo-vendas-setembro-cielo-gpj\/#breadcrumb","itemListElement":[{"@type":"ListItem","position":1,"name":"Not\u00edcias","item":"https:\/\/www.suno.com.br\/noticias\/"},{"@type":"ListItem","position":2,"name":"Neg\u00f3cios","item":"https:\/\/www.suno.com.br\/noticias\/negocios\/"},{"@type":"ListItem","position":3,"name":"Varejo: vendas caem 1,6% em setembro, aponta \u00edndice da Cielo (CIEL3)"}]},{"@type":"WebSite","@id":"https:\/\/www.suno.com.br\/noticias\/#website","url":"https:\/\/www.suno.com.br\/noticias\/","name":"Suno Not\u00edcias","description":"Seu portal de informa\u00e7\u00e3o sobre o mundo dos investimentos","publisher":{"@id":"https:\/\/www.suno.com.br\/noticias\/#organization"},"potentialAction":[{"@type":"SearchAction","target":{"@type":"EntryPoint","urlTemplate":"https:\/\/www.suno.com.br\/noticias\/?s={search_term_string}"},"query-input":{"@type":"PropertyValueSpecification","valueRequired":true,"valueName":"search_term_string"}}],"inLanguage":"pt-BR"},{"@type":"Organization","@id":"https:\/\/www.suno.com.br\/noticias\/#organization","name":"Suno Not\u00edcias","url":"https:\/\/www.suno.com.br\/noticias\/","logo":{"@type":"ImageObject","inLanguage":"pt-BR","@id":"https:\/\/www.suno.com.br\/noticias\/#\/schema\/logo\/image\/","url":"https:\/\/files.sunoresearch.com.br\/n\/uploads\/2021\/09\/suno-logo.png","contentUrl":"https:\/\/files.sunoresearch.com.br\/n\/uploads\/2021\/09\/suno-logo.png","width":180,"height":180,"caption":"Suno Not\u00edcias"},"image":{"@id":"https:\/\/www.suno.com.br\/noticias\/#\/schema\/logo\/image\/"},"sameAs":["https:\/\/facebook.com\/sunoresearch","https:\/\/x.com\/sunoresearch","https:\/\/www.instagram.com\/suno","https:\/\/www.linkedin.com\/company\/suno-research\/","https:\/\/www.youtube.com\/c\/sunoresearch"]},{"@type":"Person","@id":"https:\/\/www.suno.com.br\/noticias\/#\/schema\/person\/d0f32748bbca4bee871fa191ee4e2d40","name":"Giovanni Porf\u00edrio Jacomino","image":{"@type":"ImageObject","inLanguage":"pt-BR","@id":"https:\/\/www.suno.com.br\/noticias\/#\/schema\/person\/image\/","url":"https:\/\/secure.gravatar.com\/avatar\/efb32e19b730a121cb7a80f41ffec01a?s=96&r=g","contentUrl":"https:\/\/secure.gravatar.com\/avatar\/efb32e19b730a121cb7a80f41ffec01a?s=96&r=g","caption":"Giovanni Porf\u00edrio Jacomino"},"description":"Giovanni Porf\u00edrio Jacomino \u00e9 jornalista formado pela Universidade Estadual de Londrina (UEL) e p\u00f3s-graduado em Produ\u00e7\u00e3o e Pr\u00e1ticas Jornal\u00edsticas na Contemporaneidade na Faculdade C\u00e1sper L\u00edbero (FCL). Foi editor web no Startupi e no Finsiders, atuando ainda como editor no TC Mover, portal de not\u00edcias da TradersClub, fazendo a cobertura de assuntos relacionados ao mercado financeiro interno e externo. Atualmente, \u00e9 Rep\u00f3rter do Suno Not\u00edcias.","url":"https:\/\/www.suno.com.br\/noticias\/author\/giovanni-porfiriosuno-com-br\/"}]}},"default_loop_html":"<div class=\"cardsPage__listCard__boxs\"><div class=\"cardsPage__listCard__boxs__img\"><a href=\"https:\/\/www.suno.com.br\/noticias\/varejo-vendas-setembro-cielo-gpj\/\"><img class=\"mask\" src=\"https:\/\/www.suno.com.br\/noticias\/wp-content\/themes\/suno\/resources\/images\/spotlight\/spotlight1img\/bg-mask.png\" alt=\"Image Mask\"\/><img src=\"https:\/\/files.sunoresearch.com.br\/n\/uploads\/2023\/09\/varejo-400x200.jpg\" alt=\"Varejo: vendas caem 1,6% em setembro, aponta \u00edndice da Cielo (CIEL3)\"\/><\/a><span class=\"spotlightCategory\"><a href=\"https:\/\/www.suno.com.br\/noticias\/negocios\/\">Neg\u00f3cios<\/a><\/span><\/div><div class=\"cardsPage__listCard__boxs__content\"><a href=\"https:\/\/www.suno.com.br\/noticias\/varejo-vendas-setembro-cielo-gpj\/\"><h2 class=\"content__title\">Varejo: vendas caem 1,6% em setembro, aponta \u00edndice da Cielo (CIEL3)<\/h2><\/a><div class=\"newsContent__article__meta\"><div class=\"newsContent__article__meta__authorBox\"><a href=\"https:\/\/www.suno.com.br\/noticias\/author\/giovanni-porfiriosuno-com-br\/\" class=\"authorBox__avatar noMobi\"><img src=\"https:\/\/files.sunoresearch.com.br\/n\/uploads\/2024\/05\/DSCF4115-1-1-150x150.webp\" alt=\"Giovanni Porf\u00edrio Jacomino\"><\/a><div class=\"authorBox__name\"><span>por\n\t\t\t<a href=\"https:\/\/www.suno.com.br\/noticias\/author\/giovanni-porfiriosuno-com-br\/\"><span itemprop=\"author\">Giovanni Porf\u00edrio Jacomino<\/span><\/a><\/span><time datetime=\"2023-10-10T10:43:50-03:00\" itemprop=\"datePublished\">10\/10\/2023 10:43<\/time><\/div><\/div><\/div><\/div><\/div>","single_layout":"posts","amp_enabled":true,"_links":{"self":[{"href":"https:\/\/www.suno.com.br\/noticias\/wp-json\/wp\/v2\/posts\/468968"}],"collection":[{"href":"https:\/\/www.suno.com.br\/noticias\/wp-json\/wp\/v2\/posts"}],"about":[{"href":"https:\/\/www.suno.com.br\/noticias\/wp-json\/wp\/v2\/types\/post"}],"author":[{"embeddable":true,"href":"https:\/\/www.suno.com.br\/noticias\/wp-json\/wp\/v2\/users\/313"}],"replies":[{"embeddable":true,"href":"https:\/\/www.suno.com.br\/noticias\/wp-json\/wp\/v2\/comments?post=468968"}],"version-history":[{"count":3,"href":"https:\/\/www.suno.com.br\/noticias\/wp-json\/wp\/v2\/posts\/468968\/revisions"}],"predecessor-version":[{"id":469105,"href":"https:\/\/www.suno.com.br\/noticias\/wp-json\/wp\/v2\/posts\/468968\/revisions\/469105"}],"wp:featuredmedia":[{"embeddable":true,"href":"https:\/\/www.suno.com.br\/noticias\/wp-json\/wp\/v2\/media\/463708"}],"wp:attachment":[{"href":"https:\/\/www.suno.com.br\/noticias\/wp-json\/wp\/v2\/media?parent=468968"}],"wp:term":[{"taxonomy":"category","embeddable":true,"href":"https:\/\/www.suno.com.br\/noticias\/wp-json\/wp\/v2\/categories?post=468968"},{"taxonomy":"post_tag","embeddable":true,"href":"https:\/\/www.suno.com.br\/noticias\/wp-json\/wp\/v2\/tags?post=468968"},{"taxonomy":"suno_strategy","embeddable":true,"href":"https:\/\/www.suno.com.br\/noticias\/wp-json\/wp\/v2\/suno_strategy?post=468968"}],"curies":[{"name":"wp","href":"https:\/\/api.w.org\/{rel}","templated":true}]}}