{"id":46895,"date":"2019-12-06T10:34:58","date_gmt":"2019-12-06T12:34:58","guid":{"rendered":"https:\/\/www.suno.com.br\/noticias\/?p=46895"},"modified":"2019-12-06T13:37:06","modified_gmt":"2019-12-06T15:37:06","slug":"agenda-do-dia-marfrig-petrobras-braskem-jhsf","status":"publish","type":"post","link":"https:\/\/www.suno.com.br\/noticias\/agenda-do-dia-marfrig-petrobras-braskem-jhsf\/","title":{"rendered":"Agenda do Dia: Marfrig; Petrobras; Braskem; JHSF; Caixa; Oi"},"content":{"rendered":"<p>Os assuntos da Agenda do Dia desta sexta-feira (6) prometem mexer com o mercado interno e o externo.<\/p>\t<div class=\"wrapper-featured-image\">\n\t\t<figure class=\"spotlightImg\">\n\n\t\t\t<picture>\n\t\t\t\t<source media=\"(max-width: 768px)\" srcset=\"https:\/\/files.sunoresearch.com.br\/n\/uploads\/2019\/11\/df7f8e88-marfrig-400x200.webp\">\n\t\t\t\t<img loading=\"lazy\" decoding=\"async\" class=\"newsContent__article__imgCapa lazyloadDisabled newsContent__article__imgCapa--noCaption\" src=\"https:\/\/files.sunoresearch.com.br\/n\/uploads\/2019\/11\/df7f8e88-marfrig-800x450.webp\" width=\"800\" height=\"450\" alt=\"Agenda do Dia: Marfrig; Petrobras; Braskem; JHSF; Caixa; Oi\" fetchpriority=high \/>\n\t\t\t<\/picture>\n\n\t\t\t<figcaption class=\"wp-caption-text wp-caption-text--hide\">A Marfrig (MRFG3) apresentou, na noite da \u00faltima quarta-feira (11), seu resultado do terceiro trimestre. <\/figcaption>\n\t\t<\/figure>\n\t<\/div>\n\n\n\n<p>A <strong>Marfrig<\/strong> deve lan\u00e7ar nesta sexta sua nova oferta de a\u00e7\u00f5es. A <strong>Petrobras<\/strong> anunciou que poder\u00e1 colocar \u00e0 venda mais ativos offshore. Estas e outras not\u00edcias fazem parte da <strong>Agenda do Dia<\/strong> desta sexta.<\/p>\n<p>A Agenda do Dia conta tamb\u00e9m com a not\u00edcia sobre a <strong>Caixa Econ\u00f4mica Federal<\/strong>, que iniciar\u00e1 a libera\u00e7\u00e3o dos saques imediatos do <a href=\"https:\/\/www.suno.com.br\/artigos\/fgts\/\">Fundo de Garantia do Tempo de Servi\u00e7o (FGTS)<\/a> para os nascidos em setembro e outubro.<\/p>\n<p>Confira os principais pontos da Agenda do Dia:<\/p>\n<h2>Marfrig<\/h2>\n<p>A <strong>Marfrig<\/strong> deve lan\u00e7ar nesta sexta-feira (6) sua nova oferta de a\u00e7\u00f5es. A emiss\u00e3o ser\u00e1 feita tamb\u00e9m para que o <strong><a href=\"https:\/\/www.suno.com.br\/artigos\/bndespar\/\">Banco Nacional de Desenvolvimentos Econ\u00f4mico e Social (BNDES)<\/a><\/strong> venda a parte de 33,74% que possui da empresa do ramo aliment\u00edcio. A precifica\u00e7\u00e3o dos pap\u00e9is deve acontecer no come\u00e7o da segunda quinzena de dezembro, data limite para as opera\u00e7\u00f5es feitas no \u00faltimo m\u00eas do ano. A oferta est\u00e1 sendo coordenada pelo <strong>JPMorgan<\/strong>, <strong>Bradesco<\/strong> <strong>BBI<\/strong> e o <strong>Santander<\/strong>.<\/p>\n<p>O s\u00f3cio-fundador da <strong>Marfrig<\/strong>, <strong>Marcos<\/strong> <strong>Molina<\/strong> demonstrou interesse em comprar toda parte que o <strong>BNDES<\/strong> det\u00e9m na empresa. Vale ressaltar que Molina \u00e9 o acionista com maior participa\u00e7\u00e3o individual na Marfrig.<\/p>\n<h2>Petrobras<\/h2>\n<p>De acordo com o diretor-executivo de Explora\u00e7\u00e3o e Produ\u00e7\u00e3o, <strong>Carlos Alberto Oliveira<\/strong>, a <strong>Petrobras<\/strong> poder\u00e1 colocar \u00e0 venda mais campos mar\u00edtimos de petr\u00f3leo em produ\u00e7\u00e3o. As participa\u00e7\u00f5es previstas para desinvestimento s\u00e3o dos campos de <strong>Marlim e Papa-Terra<\/strong>, ambos na <strong>Bacia de Campos<\/strong>.<\/p>\n<div>A afirma\u00e7\u00e3o sobre a venda de campos foi feita na apresenta\u00e7\u00e3o do Plano Estrat\u00e9gico da estatal, em Nova York, para os anos de 2020 a 2024.<\/div>\n<div><\/div>\n<div>O total de desinvestimentos previstos pela petroleira v\u00e3o de US$ 20 bilh\u00f5es a US$ 30 bilh\u00f5es (o que totaliza cerca de R$ 84 bilh\u00f5es a R$ 126 bilh\u00f5es) no per\u00edodo citado acima.<\/div>\n<h2>Braskem<\/h2>\n<p>A <strong>Braskem<\/strong> firmou um acordo com a Defesa Civil, na \u00faltima quarta-feira (4), sobre a execu\u00e7\u00e3o do plano de desocupa\u00e7\u00e3o de aproximadamente 400 im\u00f3veis e a realoca\u00e7\u00e3o de 1.500 pessoas que vivem no entorno dos po\u00e7os de extra\u00e7\u00e3o de sal-gema da <strong>petroqu\u00edmica<\/strong>. As \u00e1reas s\u00e3o consideradas de risco, e est\u00e3o situadas em Macei\u00f3, Alagoas.<\/p>\n<p><a href=\"https:\/\/www.suno.com.br\/noticias\/itau-leilao-apartamentos-desocupados-sao-paulo\/\">Veja tamb\u00e9m: Ita\u00fa leiloa 9 apartamentos desocupados em S\u00e3o Paulo<\/a><\/p>\n<p>Dessa forma, a <strong>Braskem<\/strong> iniciar\u00e1 o denominado &#8220;Programa de Compensa\u00e7\u00e3o Financeira e Apoio \u00e0 Realoca\u00e7\u00e3o&#8221; na pr\u00f3xima segunda-feira (9). Esta a\u00e7\u00e3o deve ser estendida at\u00e9 o ano que vem. A estimativa \u00e9 que os acordos sejam fechados durante o ano de 2020. O valor que dever\u00e1 ser gasto na opera\u00e7\u00e3o ainda n\u00e3o foi divulgado.<\/p>\n<h2>JHSF<\/h2>\n<p>O conselho administrativo da <strong>JHSF<\/strong> (<strong>JHSF3<\/strong>) informou nesta quinta-feira (5), por meio de fato relevante, que aprovou a emiss\u00e3o de at\u00e9 R$ 120 milh\u00f5es em <strong>deb\u00eantures<\/strong>. Al\u00e9m disso, a empresa afirmou que o prazo de vencimento ser\u00e1 de 10 anos.<\/p>\n<p>Segundo a <strong>JHSF<\/strong>, os recursos advindos da opera\u00e7\u00e3o ser\u00e3o utilizados no pagamento de Certificados de Potencial Adicional de Constru\u00e7\u00e3o (<strong>CEPACs<\/strong>) que a empresa adquiriu em leil\u00e3o realizado pela Prefeitura de S\u00e3o Paulo.<\/p>\n<p>\u201cOs <strong>CEPACs<\/strong> ser\u00e3o utilizados em im\u00f3vel que a companhia e permutantes formaram na Avenida Brigadeiro Faria Lima, pr\u00f3ximo aos pr\u00e9dios onde funcionam os principais agentes do mercado financeiro brasileiro\u201d, afirmou a companhia.<\/p>\n<h2>Caixa<\/h2>\n<p>A <strong>Caixa Econ\u00f4mica Federal<\/strong> d\u00e1 in\u00edcio a libera\u00e7\u00e3o dos saques imediatos do <a href=\"https:\/\/www.suno.com.br\/artigos\/fgts\/\">Fundo de Garantia do Tempo de Servi\u00e7o (FGTS)<\/a> para os nascidos em setembro e outubro nesta sexta-feira (6). Vale ressaltar que esta \u00e9 a pen\u00faltima etapa de libera\u00e7\u00e3o dos valores e deve beneficiar 9,1 milh\u00f5es de pessoas.<\/p>\n<p><a href=\"https:\/\/www.suno.com.br\/noticias\/aliansce-sonae-precifica-oferta-primaria\/\">Veja tamb\u00e9m: Aliansce Sonae precifica oferta prim\u00e1ria e deve captar R$ 1,19 bi<\/a><\/p>\n<p>Com a retirada de at\u00e9 R$ 500 de cada conta ativa ou inativa do <strong>FGTS<\/strong>, a <strong>Caixa<\/strong> estima que aproximadamente R$ 3,3 bilh\u00f5es ser\u00e3o destinados aos benefici\u00e1rios a partir desta sexta. Os trabalhadores podem realizar a retirada dos valores das seguintes maneiras:<\/p>\n<ul>\n<li>Diretamente nas ag\u00eancias<\/li>\n<li>Terminais de autoatendimento<\/li>\n<li>Casas lot\u00e9ricas<\/li>\n<li>Correspondentes do banco (para quem possui o cart\u00e3o cidad\u00e3o e senha)<\/li>\n<\/ul>\n<h2>Oi<\/h2>\n<div>O presidente da <strong>Tim<\/strong>, Pietro Labriola, afirmou que sua empresa poderia ficar com a maior parte dos servi\u00e7os m\u00f3veis da <strong>Oi<\/strong>, em um eventual leil\u00e3o de ativos da empresa que est\u00e1 se reestruturando.<\/div>\n<div>\n<div><\/div>\n<div>Labriola tamb\u00e9m disse que o pre\u00e7o da <strong>internet m\u00f3vel<\/strong> no Pa\u00eds n\u00e3o bate com o avan\u00e7o do uso de dados.\u00a0De acordo com informa\u00e7\u00f5es do jornal &#8220;Valor Econ\u00f4mico&#8221;, a Oi embolsou US$ 331 milh\u00f5es em dividendos extraordin\u00e1rios da operadora angolana Unitel em novembro. A empresa brasileira possui 25% de participa\u00e7\u00e3o na companhia.<\/div>\n<\/div>\n<p><span style=\"font-size: 1.21429rem;\">A <\/span><strong style=\"font-size: 1.21429rem;\">Agenda do Dia<\/strong><span style=\"font-size: 1.21429rem;\"> da <\/span><a style=\"font-size: 1.21429rem;\" href=\"https:\/\/www.youtube.com\/channel\/UCWDeEIDAIi_oYKDiqwfGyRg\/videos\">Suno<\/a><span style=\"font-size: 1.21429rem;\"> mostra os principais acontecimentos que prometem movimentar o mercado durante o dia.<\/span><\/p>\n","protected":false},"excerpt":{"rendered":"<p>Os assuntos da Agenda do Dia desta sexta-feira (6) prometem mexer com o mercado interno e o externo. A Marfrig (MRFG3) apresentou, na noite da \u00faltima quarta-feira (11), seu resultado do terceiro trimestre. A Marfrig deve lan\u00e7ar nesta sexta sua nova oferta de a\u00e7\u00f5es. A Petrobras anunciou que poder\u00e1 colocar \u00e0 venda mais ativos offshore. [&hellip;]<\/p>\n","protected":false},"author":19,"featured_media":44946,"comment_status":"closed","ping_status":"closed","sticky":false,"template":"","format":"standard","meta":[],"categories":[64],"tags":[395,552,584,595],"suno_strategy":[],"class_list":["post-46895","post","type-post","status-publish","format-standard","has-post-thumbnail","hentry","category-negocios","tag-braskem-brkm3-brkm5-brkm6","tag-marfrig-mrfg3","tag-oi-oibr3-oibr4","tag-petrobras-petr4"],"yoast_head":"<!-- This site is optimized with the Yoast SEO plugin v24.4 - https:\/\/yoast.com\/wordpress\/plugins\/seo\/ -->\n<title>Agenda do Dia: Marfrig; Petrobras; Braskem; JHSF; Caixa<\/title>\n<meta name=\"description\" content=\"Agenda do Dia: nova oferta de a\u00e7\u00f5es da Marfrig; desinvestimento da Petrobras; Braskem; JHSF; libera\u00e7\u00e3o do FGTS. Clique aqui e saiba mais.\" \/>\n<meta name=\"robots\" content=\"index, follow, max-snippet:-1, max-image-preview:large, max-video-preview:-1\" \/>\n<link rel=\"canonical\" href=\"https:\/\/www.suno.com.br\/noticias\/agenda-do-dia-marfrig-petrobras-braskem-jhsf\/\" \/>\n<meta property=\"og:locale\" content=\"pt_BR\" \/>\n<meta property=\"og:type\" content=\"article\" \/>\n<meta property=\"og:title\" content=\"Agenda do Dia: Marfrig; Petrobras; Braskem; JHSF; Caixa\" \/>\n<meta property=\"og:description\" content=\"Agenda do Dia: nova oferta de a\u00e7\u00f5es da Marfrig; desinvestimento da Petrobras; Braskem; JHSF; libera\u00e7\u00e3o do FGTS. Clique aqui e saiba mais.\" \/>\n<meta property=\"og:url\" content=\"https:\/\/www.suno.com.br\/noticias\/agenda-do-dia-marfrig-petrobras-braskem-jhsf\/\" \/>\n<meta property=\"og:site_name\" content=\"Suno Not\u00edcias\" \/>\n<meta property=\"article:publisher\" content=\"https:\/\/facebook.com\/sunoresearch\" \/>\n<meta property=\"og:image\" content=\"https:\/\/files.sunoresearch.com.br\/n\/uploads\/2019\/11\/df7f8e88-marfrig.jpg\" \/>\n\t<meta property=\"og:image:width\" content=\"1156\" \/>\n\t<meta property=\"og:image:height\" content=\"773\" \/>\n\t<meta property=\"og:image:type\" content=\"image\/jpeg\" \/>\n<meta name=\"author\" content=\"Juliano Passaro\" \/>\n<meta name=\"twitter:card\" content=\"summary_large_image\" \/>\n<meta name=\"twitter:creator\" content=\"@sunoresearch\" \/>\n<meta name=\"twitter:site\" content=\"@sunoresearch\" \/>\n<meta name=\"twitter:label1\" content=\"Escrito por\" \/>\n\t<meta name=\"twitter:data1\" content=\"Juliano Passaro\" \/>\n\t<meta name=\"twitter:label2\" content=\"Est. tempo de leitura\" \/>\n\t<meta name=\"twitter:data2\" content=\"4 minutos\" \/>\n<script type=\"application\/ld+json\" class=\"yoast-schema-graph\">{\"@context\":\"https:\/\/schema.org\",\"@graph\":[{\"@type\":\"NewsArticle\",\"@id\":\"https:\/\/www.suno.com.br\/noticias\/agenda-do-dia-marfrig-petrobras-braskem-jhsf\/#article\",\"isPartOf\":{\"@id\":\"https:\/\/www.suno.com.br\/noticias\/agenda-do-dia-marfrig-petrobras-braskem-jhsf\/\"},\"author\":{\"name\":\"Juliano Passaro\",\"@id\":\"https:\/\/www.suno.com.br\/noticias\/#\/schema\/person\/1db762f78ffd8919a648a63e425953e3\"},\"headline\":\"Agenda do Dia: Marfrig; Petrobras; Braskem; JHSF; Caixa; Oi\",\"datePublished\":\"2019-12-06T12:34:58+00:00\",\"dateModified\":\"2019-12-06T15:37:06+00:00\",\"mainEntityOfPage\":{\"@id\":\"https:\/\/www.suno.com.br\/noticias\/agenda-do-dia-marfrig-petrobras-braskem-jhsf\/\"},\"wordCount\":836,\"publisher\":{\"@id\":\"https:\/\/www.suno.com.br\/noticias\/#organization\"},\"image\":{\"@id\":\"https:\/\/www.suno.com.br\/noticias\/agenda-do-dia-marfrig-petrobras-braskem-jhsf\/#primaryimage\"},\"thumbnailUrl\":\"https:\/\/files.sunoresearch.com.br\/n\/uploads\/2019\/11\/df7f8e88-marfrig-jpg.webp\",\"keywords\":[\"Braskem (BRKM3\/BRKM5\/BRKM6)\",\"Marfrig (MRFG3)\",\"Oi (OIBR3\/OIBR4)\",\"Petrobras (PETR4)\"],\"articleSection\":[\"Neg\u00f3cios\"],\"inLanguage\":\"pt-BR\"},{\"@type\":\"WebPage\",\"@id\":\"https:\/\/www.suno.com.br\/noticias\/agenda-do-dia-marfrig-petrobras-braskem-jhsf\/\",\"url\":\"https:\/\/www.suno.com.br\/noticias\/agenda-do-dia-marfrig-petrobras-braskem-jhsf\/\",\"name\":\"Agenda do Dia: Marfrig; Petrobras; Braskem; JHSF; Caixa\",\"isPartOf\":{\"@id\":\"https:\/\/www.suno.com.br\/noticias\/#website\"},\"primaryImageOfPage\":{\"@id\":\"https:\/\/www.suno.com.br\/noticias\/agenda-do-dia-marfrig-petrobras-braskem-jhsf\/#primaryimage\"},\"image\":{\"@id\":\"https:\/\/www.suno.com.br\/noticias\/agenda-do-dia-marfrig-petrobras-braskem-jhsf\/#primaryimage\"},\"thumbnailUrl\":\"https:\/\/files.sunoresearch.com.br\/n\/uploads\/2019\/11\/df7f8e88-marfrig-jpg.webp\",\"datePublished\":\"2019-12-06T12:34:58+00:00\",\"dateModified\":\"2019-12-06T15:37:06+00:00\",\"description\":\"Agenda do Dia: nova oferta de a\u00e7\u00f5es da Marfrig; desinvestimento da Petrobras; Braskem; JHSF; libera\u00e7\u00e3o do FGTS. Clique aqui e saiba mais.\",\"breadcrumb\":{\"@id\":\"https:\/\/www.suno.com.br\/noticias\/agenda-do-dia-marfrig-petrobras-braskem-jhsf\/#breadcrumb\"},\"inLanguage\":\"pt-BR\",\"potentialAction\":[{\"@type\":\"ReadAction\",\"target\":[\"https:\/\/www.suno.com.br\/noticias\/agenda-do-dia-marfrig-petrobras-braskem-jhsf\/\"]}]},{\"@type\":\"ImageObject\",\"inLanguage\":\"pt-BR\",\"@id\":\"https:\/\/www.suno.com.br\/noticias\/agenda-do-dia-marfrig-petrobras-braskem-jhsf\/#primaryimage\",\"url\":\"https:\/\/files.sunoresearch.com.br\/n\/uploads\/2019\/11\/df7f8e88-marfrig-jpg.webp\",\"contentUrl\":\"https:\/\/files.sunoresearch.com.br\/n\/uploads\/2019\/11\/df7f8e88-marfrig-jpg.webp\",\"width\":1156,\"height\":773,\"caption\":\"A Marfrig (MRFG3) apresentou, na noite da \u00faltima quarta-feira (11), seu resultado do terceiro trimestre.\"},{\"@type\":\"BreadcrumbList\",\"@id\":\"https:\/\/www.suno.com.br\/noticias\/agenda-do-dia-marfrig-petrobras-braskem-jhsf\/#breadcrumb\",\"itemListElement\":[{\"@type\":\"ListItem\",\"position\":1,\"name\":\"Not\u00edcias\",\"item\":\"https:\/\/www.suno.com.br\/noticias\/\"},{\"@type\":\"ListItem\",\"position\":2,\"name\":\"Neg\u00f3cios\",\"item\":\"https:\/\/www.suno.com.br\/noticias\/negocios\/\"},{\"@type\":\"ListItem\",\"position\":3,\"name\":\"Agenda do Dia: Marfrig; Petrobras; Braskem; JHSF; Caixa; Oi\"}]},{\"@type\":\"WebSite\",\"@id\":\"https:\/\/www.suno.com.br\/noticias\/#website\",\"url\":\"https:\/\/www.suno.com.br\/noticias\/\",\"name\":\"Suno Not\u00edcias\",\"description\":\"Seu portal de informa\u00e7\u00e3o sobre o mundo dos investimentos\",\"publisher\":{\"@id\":\"https:\/\/www.suno.com.br\/noticias\/#organization\"},\"potentialAction\":[{\"@type\":\"SearchAction\",\"target\":{\"@type\":\"EntryPoint\",\"urlTemplate\":\"https:\/\/www.suno.com.br\/noticias\/?s={search_term_string}\"},\"query-input\":{\"@type\":\"PropertyValueSpecification\",\"valueRequired\":true,\"valueName\":\"search_term_string\"}}],\"inLanguage\":\"pt-BR\"},{\"@type\":\"Organization\",\"@id\":\"https:\/\/www.suno.com.br\/noticias\/#organization\",\"name\":\"Suno Not\u00edcias\",\"url\":\"https:\/\/www.suno.com.br\/noticias\/\",\"logo\":{\"@type\":\"ImageObject\",\"inLanguage\":\"pt-BR\",\"@id\":\"https:\/\/www.suno.com.br\/noticias\/#\/schema\/logo\/image\/\",\"url\":\"https:\/\/files.sunoresearch.com.br\/n\/uploads\/2021\/09\/suno-logo.png\",\"contentUrl\":\"https:\/\/files.sunoresearch.com.br\/n\/uploads\/2021\/09\/suno-logo.png\",\"width\":180,\"height\":180,\"caption\":\"Suno Not\u00edcias\"},\"image\":{\"@id\":\"https:\/\/www.suno.com.br\/noticias\/#\/schema\/logo\/image\/\"},\"sameAs\":[\"https:\/\/facebook.com\/sunoresearch\",\"https:\/\/x.com\/sunoresearch\",\"https:\/\/www.instagram.com\/suno\",\"https:\/\/www.linkedin.com\/company\/suno-research\/\",\"https:\/\/www.youtube.com\/c\/sunoresearch\"]},{\"@type\":\"Person\",\"@id\":\"https:\/\/www.suno.com.br\/noticias\/#\/schema\/person\/1db762f78ffd8919a648a63e425953e3\",\"name\":\"Juliano Passaro\",\"image\":{\"@type\":\"ImageObject\",\"inLanguage\":\"pt-BR\",\"@id\":\"https:\/\/www.suno.com.br\/noticias\/#\/schema\/person\/image\/\",\"url\":\"https:\/\/secure.gravatar.com\/avatar\/743d4df28eebf6dcc46b4ad03c319e92?s=96&r=g\",\"contentUrl\":\"https:\/\/secure.gravatar.com\/avatar\/743d4df28eebf6dcc46b4ad03c319e92?s=96&r=g\",\"caption\":\"Juliano Passaro\"},\"description\":\"Juliano Passaro escreve sobre pol\u00edtica, economia e neg\u00f3cios para o portal da Suno Research. Antes da Suno, trabalhou no Portal da Band. \u00c9 formado em jornalismo pela Universidade Presbiteriana Mackenzie.\",\"url\":\"https:\/\/www.suno.com.br\/noticias\/author\/juliano\/\"}]}<\/script>\n<!-- \/ Yoast SEO plugin. -->","yoast_head_json":{"title":"Agenda do Dia: Marfrig; Petrobras; Braskem; JHSF; Caixa","description":"Agenda do Dia: nova oferta de a\u00e7\u00f5es da Marfrig; desinvestimento da Petrobras; Braskem; JHSF; libera\u00e7\u00e3o do FGTS. Clique aqui e saiba mais.","robots":{"index":"index","follow":"follow","max-snippet":"max-snippet:-1","max-image-preview":"max-image-preview:large","max-video-preview":"max-video-preview:-1"},"canonical":"https:\/\/www.suno.com.br\/noticias\/agenda-do-dia-marfrig-petrobras-braskem-jhsf\/","og_locale":"pt_BR","og_type":"article","og_title":"Agenda do Dia: Marfrig; Petrobras; Braskem; JHSF; Caixa","og_description":"Agenda do Dia: nova oferta de a\u00e7\u00f5es da Marfrig; desinvestimento da Petrobras; Braskem; JHSF; libera\u00e7\u00e3o do FGTS. Clique aqui e saiba mais.","og_url":"https:\/\/www.suno.com.br\/noticias\/agenda-do-dia-marfrig-petrobras-braskem-jhsf\/","og_site_name":"Suno Not\u00edcias","article_publisher":"https:\/\/facebook.com\/sunoresearch","og_image":[{"width":1156,"height":773,"url":"https:\/\/files.sunoresearch.com.br\/n\/uploads\/2019\/11\/df7f8e88-marfrig.jpg","type":"image\/jpeg"}],"author":"Juliano Passaro","twitter_card":"summary_large_image","twitter_creator":"@sunoresearch","twitter_site":"@sunoresearch","twitter_misc":{"Escrito por":"Juliano Passaro","Est. tempo de leitura":"4 minutos"},"schema":{"@context":"https:\/\/schema.org","@graph":[{"@type":"NewsArticle","@id":"https:\/\/www.suno.com.br\/noticias\/agenda-do-dia-marfrig-petrobras-braskem-jhsf\/#article","isPartOf":{"@id":"https:\/\/www.suno.com.br\/noticias\/agenda-do-dia-marfrig-petrobras-braskem-jhsf\/"},"author":{"name":"Juliano Passaro","@id":"https:\/\/www.suno.com.br\/noticias\/#\/schema\/person\/1db762f78ffd8919a648a63e425953e3"},"headline":"Agenda do Dia: Marfrig; Petrobras; Braskem; JHSF; Caixa; Oi","datePublished":"2019-12-06T12:34:58+00:00","dateModified":"2019-12-06T15:37:06+00:00","mainEntityOfPage":{"@id":"https:\/\/www.suno.com.br\/noticias\/agenda-do-dia-marfrig-petrobras-braskem-jhsf\/"},"wordCount":836,"publisher":{"@id":"https:\/\/www.suno.com.br\/noticias\/#organization"},"image":{"@id":"https:\/\/www.suno.com.br\/noticias\/agenda-do-dia-marfrig-petrobras-braskem-jhsf\/#primaryimage"},"thumbnailUrl":"https:\/\/files.sunoresearch.com.br\/n\/uploads\/2019\/11\/df7f8e88-marfrig-jpg.webp","keywords":["Braskem (BRKM3\/BRKM5\/BRKM6)","Marfrig (MRFG3)","Oi (OIBR3\/OIBR4)","Petrobras (PETR4)"],"articleSection":["Neg\u00f3cios"],"inLanguage":"pt-BR"},{"@type":"WebPage","@id":"https:\/\/www.suno.com.br\/noticias\/agenda-do-dia-marfrig-petrobras-braskem-jhsf\/","url":"https:\/\/www.suno.com.br\/noticias\/agenda-do-dia-marfrig-petrobras-braskem-jhsf\/","name":"Agenda do Dia: Marfrig; Petrobras; Braskem; JHSF; Caixa","isPartOf":{"@id":"https:\/\/www.suno.com.br\/noticias\/#website"},"primaryImageOfPage":{"@id":"https:\/\/www.suno.com.br\/noticias\/agenda-do-dia-marfrig-petrobras-braskem-jhsf\/#primaryimage"},"image":{"@id":"https:\/\/www.suno.com.br\/noticias\/agenda-do-dia-marfrig-petrobras-braskem-jhsf\/#primaryimage"},"thumbnailUrl":"https:\/\/files.sunoresearch.com.br\/n\/uploads\/2019\/11\/df7f8e88-marfrig-jpg.webp","datePublished":"2019-12-06T12:34:58+00:00","dateModified":"2019-12-06T15:37:06+00:00","description":"Agenda do Dia: nova oferta de a\u00e7\u00f5es da Marfrig; desinvestimento da Petrobras; Braskem; JHSF; libera\u00e7\u00e3o do FGTS. Clique aqui e saiba mais.","breadcrumb":{"@id":"https:\/\/www.suno.com.br\/noticias\/agenda-do-dia-marfrig-petrobras-braskem-jhsf\/#breadcrumb"},"inLanguage":"pt-BR","potentialAction":[{"@type":"ReadAction","target":["https:\/\/www.suno.com.br\/noticias\/agenda-do-dia-marfrig-petrobras-braskem-jhsf\/"]}]},{"@type":"ImageObject","inLanguage":"pt-BR","@id":"https:\/\/www.suno.com.br\/noticias\/agenda-do-dia-marfrig-petrobras-braskem-jhsf\/#primaryimage","url":"https:\/\/files.sunoresearch.com.br\/n\/uploads\/2019\/11\/df7f8e88-marfrig-jpg.webp","contentUrl":"https:\/\/files.sunoresearch.com.br\/n\/uploads\/2019\/11\/df7f8e88-marfrig-jpg.webp","width":1156,"height":773,"caption":"A Marfrig (MRFG3) apresentou, na noite da \u00faltima quarta-feira (11), seu resultado do terceiro trimestre."},{"@type":"BreadcrumbList","@id":"https:\/\/www.suno.com.br\/noticias\/agenda-do-dia-marfrig-petrobras-braskem-jhsf\/#breadcrumb","itemListElement":[{"@type":"ListItem","position":1,"name":"Not\u00edcias","item":"https:\/\/www.suno.com.br\/noticias\/"},{"@type":"ListItem","position":2,"name":"Neg\u00f3cios","item":"https:\/\/www.suno.com.br\/noticias\/negocios\/"},{"@type":"ListItem","position":3,"name":"Agenda do Dia: Marfrig; Petrobras; Braskem; JHSF; Caixa; Oi"}]},{"@type":"WebSite","@id":"https:\/\/www.suno.com.br\/noticias\/#website","url":"https:\/\/www.suno.com.br\/noticias\/","name":"Suno Not\u00edcias","description":"Seu portal de informa\u00e7\u00e3o sobre o mundo dos investimentos","publisher":{"@id":"https:\/\/www.suno.com.br\/noticias\/#organization"},"potentialAction":[{"@type":"SearchAction","target":{"@type":"EntryPoint","urlTemplate":"https:\/\/www.suno.com.br\/noticias\/?s={search_term_string}"},"query-input":{"@type":"PropertyValueSpecification","valueRequired":true,"valueName":"search_term_string"}}],"inLanguage":"pt-BR"},{"@type":"Organization","@id":"https:\/\/www.suno.com.br\/noticias\/#organization","name":"Suno Not\u00edcias","url":"https:\/\/www.suno.com.br\/noticias\/","logo":{"@type":"ImageObject","inLanguage":"pt-BR","@id":"https:\/\/www.suno.com.br\/noticias\/#\/schema\/logo\/image\/","url":"https:\/\/files.sunoresearch.com.br\/n\/uploads\/2021\/09\/suno-logo.png","contentUrl":"https:\/\/files.sunoresearch.com.br\/n\/uploads\/2021\/09\/suno-logo.png","width":180,"height":180,"caption":"Suno Not\u00edcias"},"image":{"@id":"https:\/\/www.suno.com.br\/noticias\/#\/schema\/logo\/image\/"},"sameAs":["https:\/\/facebook.com\/sunoresearch","https:\/\/x.com\/sunoresearch","https:\/\/www.instagram.com\/suno","https:\/\/www.linkedin.com\/company\/suno-research\/","https:\/\/www.youtube.com\/c\/sunoresearch"]},{"@type":"Person","@id":"https:\/\/www.suno.com.br\/noticias\/#\/schema\/person\/1db762f78ffd8919a648a63e425953e3","name":"Juliano Passaro","image":{"@type":"ImageObject","inLanguage":"pt-BR","@id":"https:\/\/www.suno.com.br\/noticias\/#\/schema\/person\/image\/","url":"https:\/\/secure.gravatar.com\/avatar\/743d4df28eebf6dcc46b4ad03c319e92?s=96&r=g","contentUrl":"https:\/\/secure.gravatar.com\/avatar\/743d4df28eebf6dcc46b4ad03c319e92?s=96&r=g","caption":"Juliano Passaro"},"description":"Juliano Passaro escreve sobre pol\u00edtica, economia e neg\u00f3cios para o portal da Suno Research. Antes da Suno, trabalhou no Portal da Band. \u00c9 formado em jornalismo pela Universidade Presbiteriana Mackenzie.","url":"https:\/\/www.suno.com.br\/noticias\/author\/juliano\/"}]}},"default_loop_html":"<div class=\"cardsPage__listCard__boxs\"><div class=\"cardsPage__listCard__boxs__img\"><a href=\"https:\/\/www.suno.com.br\/noticias\/agenda-do-dia-marfrig-petrobras-braskem-jhsf\/\"><img class=\"mask\" src=\"https:\/\/www.suno.com.br\/noticias\/wp-content\/themes\/suno\/resources\/images\/spotlight\/spotlight1img\/bg-mask.png\" alt=\"Image Mask\"\/><img src=\"https:\/\/files.sunoresearch.com.br\/n\/uploads\/2019\/11\/df7f8e88-marfrig-400x200.webp\" alt=\"Agenda do Dia: Marfrig; Petrobras; Braskem; JHSF; Caixa; Oi\"\/><\/a><span class=\"spotlightCategory\"><a href=\"https:\/\/www.suno.com.br\/noticias\/negocios\/\">Neg\u00f3cios<\/a><\/span><\/div><div class=\"cardsPage__listCard__boxs__content\"><a href=\"https:\/\/www.suno.com.br\/noticias\/agenda-do-dia-marfrig-petrobras-braskem-jhsf\/\"><h2 class=\"content__title\">Agenda do Dia: Marfrig; Petrobras; Braskem; JHSF; Caixa; Oi<\/h2><\/a><div class=\"newsContent__article__meta\"><div class=\"newsContent__article__meta__authorBox\"><a href=\"https:\/\/www.suno.com.br\/noticias\/author\/juliano\/\" class=\"authorBox__avatar noMobi\"><img src=\"https:\/\/files.sunoresearch.com.br\/n\/uploads\/2019\/06\/7cc3efea-whatsapp-image-2019-07-18-at-21.59.33-e1563499821209-150x150.webp\" alt=\"Juliano Passaro\"><\/a><div class=\"authorBox__name\"><span>por\n\t\t\t<a href=\"https:\/\/www.suno.com.br\/noticias\/author\/juliano\/\"><span itemprop=\"author\">Juliano Passaro<\/span><\/a><\/span><time datetime=\"2019-12-06T10:34:58-03:00\" itemprop=\"datePublished\">06\/12\/2019 10:34<\/time><\/div><\/div><\/div><\/div><\/div>","single_layout":"posts","amp_enabled":true,"_links":{"self":[{"href":"https:\/\/www.suno.com.br\/noticias\/wp-json\/wp\/v2\/posts\/46895"}],"collection":[{"href":"https:\/\/www.suno.com.br\/noticias\/wp-json\/wp\/v2\/posts"}],"about":[{"href":"https:\/\/www.suno.com.br\/noticias\/wp-json\/wp\/v2\/types\/post"}],"author":[{"embeddable":true,"href":"https:\/\/www.suno.com.br\/noticias\/wp-json\/wp\/v2\/users\/19"}],"replies":[{"embeddable":true,"href":"https:\/\/www.suno.com.br\/noticias\/wp-json\/wp\/v2\/comments?post=46895"}],"version-history":[{"count":0,"href":"https:\/\/www.suno.com.br\/noticias\/wp-json\/wp\/v2\/posts\/46895\/revisions"}],"wp:featuredmedia":[{"embeddable":true,"href":"https:\/\/www.suno.com.br\/noticias\/wp-json\/wp\/v2\/media\/44946"}],"wp:attachment":[{"href":"https:\/\/www.suno.com.br\/noticias\/wp-json\/wp\/v2\/media?parent=46895"}],"wp:term":[{"taxonomy":"category","embeddable":true,"href":"https:\/\/www.suno.com.br\/noticias\/wp-json\/wp\/v2\/categories?post=46895"},{"taxonomy":"post_tag","embeddable":true,"href":"https:\/\/www.suno.com.br\/noticias\/wp-json\/wp\/v2\/tags?post=46895"},{"taxonomy":"suno_strategy","embeddable":true,"href":"https:\/\/www.suno.com.br\/noticias\/wp-json\/wp\/v2\/suno_strategy?post=46895"}],"curies":[{"name":"wp","href":"https:\/\/api.w.org\/{rel}","templated":true}]}}