{"id":46894,"date":"2019-12-06T09:57:12","date_gmt":"2019-12-06T11:57:12","guid":{"rendered":"https:\/\/www.suno.com.br\/noticias\/?p=46894"},"modified":"2021-05-12T13:01:38","modified_gmt":"2021-05-12T16:01:38","slug":"aliansce-sonae-precifica-oferta-primaria","status":"publish","type":"post","link":"https:\/\/www.suno.com.br\/noticias\/aliansce-sonae-precifica-oferta-primaria\/","title":{"rendered":"Aliansce Sonae precifica oferta prim\u00e1ria e deve captar R$ 1,19 bi"},"content":{"rendered":"<p>A Aliansce Sonae (<strong>ALSO3<\/strong>) anunciou na \u00faltima quinta-feira (5) que precificou em R$ 43 por a\u00e7\u00e3o a sua <strong>oferta prim\u00e1ria de a\u00e7\u00f5es<\/strong>. Dessa forma, a companhia dever\u00e1 captar R$ 1,19 bilh\u00e3o, elevando o capital social para R$ 4,19 bilh\u00f5es.<\/p>\t<div class=\"wrapper-featured-image\">\n\t\t<figure class=\"spotlightImg\">\n\n\t\t\t<picture>\n\t\t\t\t<source media=\"(max-width: 768px)\" srcset=\"https:\/\/files.sunoresearch.com.br\/n\/uploads\/2019\/10\/956e9347-shop-west-plaza_0169fachada-400x200.webp\">\n\t\t\t\t<img loading=\"lazy\" decoding=\"async\" class=\"newsContent__article__imgCapa lazyloadDisabled newsContent__article__imgCapa--noCaption\" src=\"https:\/\/files.sunoresearch.com.br\/n\/uploads\/2019\/10\/956e9347-shop-west-plaza_0169fachada-800x450.webp\" width=\"800\" height=\"450\" alt=\"Aliansce Sonae precifica oferta prim\u00e1ria e deve captar R$ 1,19 bi\" fetchpriority=high \/>\n\t\t\t<\/picture>\n\n\t\t\t<figcaption class=\"wp-caption-text wp-caption-text--hide\">Aliansce Sonae (ALSO3) tem alta de 10% na receita l\u00edquida do 4T19<\/figcaption>\n\t\t<\/figure>\n\t<\/div>\n\n\n\n<p>A <strong>Aliansce Sonae<\/strong>, uma administradora de shopping centers, afirmou que o montante levantado ser\u00e1 destinado especialmente \u00e0 estrat\u00e9gia de expans\u00e3o. Ser\u00e3o emitidas 27.692.308 <a href=\"https:\/\/www.suno.com.br\/artigos\/tipos-de-acoes\/\">a\u00e7\u00f5es ordin\u00e1rias<\/a>, levando em considera\u00e7\u00e3o o lote adicional da oferta inicial de 20,5 milh\u00f5es de pap\u00e9is.<\/p>\n<p>De acordo com o documento da companhia, ainda, os recursos ser\u00e3o destinados para a amplia\u00e7\u00e3o de sua participa\u00e7\u00e3o em alguns ativos nos quais j\u00e1 \u00e9 dominante, al\u00e9m daqueles em que o dom\u00ednio pertence a terceiros, visando a consolida\u00e7\u00e3o do mercado brasileiro de <strong>shoppings<\/strong>. No entanto, a Aliansce Sonae n\u00e3o comentou sobre poss\u00edveis novas aquisi\u00e7\u00f5es.<\/p>\n<p><a href=\"https:\/\/www.suno.com.br\/noticias\/aliansce-sonae-vende-100-participacao-3-shoppings\/\">Veja tamb\u00e9m: Aliansce Sonae vende 100% de sua participa\u00e7\u00e3o em 3 shoppings<\/a><\/p>\n<p>A oferta ser\u00e1 conclu\u00edda com esfor\u00e7os restritos de coloca\u00e7\u00e3o, nos termos estabelecidos pela <strong><a href=\"https:\/\/www.suno.com.br\/artigos\/cvm\/\">Comiss\u00e3o de Valores Mobili\u00e1rios (CVM)<\/a><\/strong>, no Brasil e no exterior. A opera\u00e7\u00e3o ser\u00e1 realizada pelos seguintes bancos:<\/p>\n<ul>\n<li>Bank of America Merrill Lynch<\/li>\n<li>Ita\u00fa BBA<\/li>\n<li>Bradesco BBI<\/li>\n<li>Santander Brasil<\/li>\n<li>BTG Pactual<\/li>\n<li>J.P. Morgan<\/li>\n<\/ul>\n<p>As novas a\u00e7\u00f5es ser\u00e3o negociadas na <a href=\"https:\/\/www.suno.com.br\/artigos\/b3\/\"><strong>Bolsa de Valores de S\u00e3o Paulo (B3)<\/strong><\/a> a partir da pr\u00f3xima segunda-feira (9). A liquida\u00e7\u00e3o f\u00edsica e financeira acontecer\u00e1 na ter\u00e7a-feira (10).<\/p>\n<p>Na \u00faltima quinta, ap\u00f3s o fechamento do preg\u00e3o, as a\u00e7\u00f5es da companhia apresentaram uma desvaloriza\u00e7\u00e3o de 0,11%, sendo cotadas a R$ 44,35.<\/p>\n<h2>Aliansce Sonae desinvestiu em tr\u00eas shoppings<\/h2>\n<p>A Aliansce Sonae informou, no dia 22 de outubro, que vendeu 100% de sua participa\u00e7\u00e3o no <strong>Shopping West Plaza<\/strong>, no <strong>Boulevard Shopping Bras\u00edlia<\/strong> e no <strong>Shopping Santa \u00darsula<\/strong>. A empresa tamb\u00e9m diminuiu sua participa\u00e7\u00e3o no Boulevard Shopping Campos e no Parque Shopping Bel\u00e9m.<\/p>\n\t<p>\n\t\t<a href=\"https:\/\/www.suno.com.br\/asset\/fundos\/suno-acoes-xp-seg-prev\/\" target=\"_blank\" data-element=\"shortcode-suno-banner\" title=\"Banner SUNO, clique e saiba mais\">\n\t\t\t<picture>\n\t\t\t\t<source media=\"(max-width: 500px)\" srcset=\"https:\/\/files.sunoresearch.com.br\/n\/uploads\/2023\/10\/SUNOPREV-v2-400x300-Mobile-Artigos-3.png\">\n\t\t\t\t<img class=\"newsContent__article__imgCapa newsContent__article__imgCapa--banner\"\n\t\t\t\t\tsrc=\"https:\/\/files.sunoresearch.com.br\/n\/uploads\/2023\/10\/SUNOPREV-v2-1420x240-Banner-Artigos-1-_-Banner-Materias-1.png\"\n\t\t\t\t\tdata-promo-id=\"476311\"\t\t\t\t\t\t\t\t\t\twidth='1420' height='240'\t\t\t\t\talt=\"https:\/\/files.sunoresearch.com.br\/n\/uploads\/2023\/10\/SUNOPREV-v2-1420x240-Banner-Artigos-1-_-Banner-Materias-1.png\"\n\t\t\t\t>\n\t\t\t<\/picture>\n\t\t<\/a>\n\t<\/p>\n\n\n<p>O <a href=\"https:\/\/fiis.com.br\/artigos\/o-que-e-cap-rate\/\">cap rate<\/a> (taxa de capitaliza\u00e7\u00e3o) contido nas transa\u00e7\u00f5es da companhia\u00a0\u00e9 de 7,3%. O valor total do desinvestimento \u00e9 de R$ 298,1 milh\u00f5es.<\/p>\n<p>A companhia ainda disse que o valor da venda dos shoppings Campos e Parque Bel\u00e9m poder\u00e1 ser aumentado de uma remunera\u00e7\u00e3o vari\u00e1vel com base no desempenho de ambos os empreendimentos no pr\u00f3ximo ano. Ap\u00f3s o fim das transa\u00e7\u00f5es, a <strong>Aliansce Sonae<\/strong> ir\u00e1 deter participa\u00e7\u00f5es remanescentes de 75% e 51%.<\/p>\n","protected":false},"excerpt":{"rendered":"<p>A Aliansce Sonae (ALSO3) anunciou na \u00faltima quinta-feira (5) que precificou em R$ 43 por a\u00e7\u00e3o a sua oferta prim\u00e1ria de a\u00e7\u00f5es. Dessa forma, a companhia dever\u00e1 captar R$ 1,19 bilh\u00e3o, elevando o capital social para R$ 4,19 bilh\u00f5es. Aliansce Sonae (ALSO3) tem alta de 10% na receita l\u00edquida do 4T19 A Aliansce Sonae, uma [&hellip;]<\/p>\n","protected":false},"author":24,"featured_media":42111,"comment_status":"closed","ping_status":"closed","sticky":false,"template":"","format":"standard","meta":[],"categories":[64],"tags":[38091],"suno_strategy":[],"class_list":["post-46894","post","type-post","status-publish","format-standard","has-post-thumbnail","hentry","category-negocios","tag-aliansce-sonae-also3"],"yoast_head":"<!-- This site is optimized with the Yoast SEO plugin v24.4 - https:\/\/yoast.com\/wordpress\/plugins\/seo\/ -->\n<title>Aliansce Sonae precifica oferta prim\u00e1ria e deve captar R$ 1,19 bi<\/title>\n<meta name=\"description\" content=\"A Aliansce Sonae anunciou na \u00faltima quinta que precificou em R$ 43 por a\u00e7\u00e3o a sua oferta prim\u00e1ria de a\u00e7\u00f5es. Clique aqui e saiba mais.\" \/>\n<meta name=\"robots\" content=\"index, follow, max-snippet:-1, max-image-preview:large, max-video-preview:-1\" \/>\n<link rel=\"canonical\" href=\"https:\/\/www.suno.com.br\/noticias\/aliansce-sonae-precifica-oferta-primaria\/\" \/>\n<meta property=\"og:locale\" content=\"pt_BR\" \/>\n<meta property=\"og:type\" content=\"article\" \/>\n<meta property=\"og:title\" content=\"Aliansce Sonae precifica oferta prim\u00e1ria e deve captar R$ 1,19 bi\" \/>\n<meta property=\"og:description\" content=\"A Aliansce Sonae anunciou na \u00faltima quinta que precificou em R$ 43 por a\u00e7\u00e3o a sua oferta prim\u00e1ria de a\u00e7\u00f5es. Clique aqui e saiba mais.\" \/>\n<meta property=\"og:url\" content=\"https:\/\/www.suno.com.br\/noticias\/aliansce-sonae-precifica-oferta-primaria\/\" \/>\n<meta property=\"og:site_name\" content=\"Suno Not\u00edcias\" \/>\n<meta property=\"article:publisher\" content=\"https:\/\/facebook.com\/sunoresearch\" \/>\n<meta property=\"og:image\" content=\"https:\/\/files.sunoresearch.com.br\/n\/uploads\/2019\/10\/956e9347-shop-west-plaza_0169fachada.jpg\" \/>\n\t<meta property=\"og:image:width\" content=\"1262\" \/>\n\t<meta property=\"og:image:height\" content=\"838\" \/>\n\t<meta property=\"og:image:type\" content=\"image\/jpeg\" \/>\n<meta name=\"author\" content=\"Jader Lazarini\" \/>\n<meta name=\"twitter:card\" content=\"summary_large_image\" \/>\n<meta name=\"twitter:creator\" content=\"@sunoresearch\" \/>\n<meta name=\"twitter:site\" content=\"@sunoresearch\" \/>\n<meta name=\"twitter:label1\" content=\"Escrito por\" \/>\n\t<meta name=\"twitter:data1\" content=\"Jader Lazarini\" \/>\n\t<meta name=\"twitter:label2\" content=\"Est. tempo de leitura\" \/>\n\t<meta name=\"twitter:data2\" content=\"2 minutos\" \/>\n<script type=\"application\/ld+json\" class=\"yoast-schema-graph\">{\"@context\":\"https:\/\/schema.org\",\"@graph\":[{\"@type\":\"NewsArticle\",\"@id\":\"https:\/\/www.suno.com.br\/noticias\/aliansce-sonae-precifica-oferta-primaria\/#article\",\"isPartOf\":{\"@id\":\"https:\/\/www.suno.com.br\/noticias\/aliansce-sonae-precifica-oferta-primaria\/\"},\"author\":{\"name\":\"Jader Lazarini\",\"@id\":\"https:\/\/www.suno.com.br\/noticias\/#\/schema\/person\/918d79de1f0281f01599b93f9ea6e23f\"},\"headline\":\"Aliansce Sonae precifica oferta prim\u00e1ria e deve captar R$ 1,19 bi\",\"datePublished\":\"2019-12-06T11:57:12+00:00\",\"dateModified\":\"2021-05-12T16:01:38+00:00\",\"mainEntityOfPage\":{\"@id\":\"https:\/\/www.suno.com.br\/noticias\/aliansce-sonae-precifica-oferta-primaria\/\"},\"wordCount\":413,\"publisher\":{\"@id\":\"https:\/\/www.suno.com.br\/noticias\/#organization\"},\"image\":{\"@id\":\"https:\/\/www.suno.com.br\/noticias\/aliansce-sonae-precifica-oferta-primaria\/#primaryimage\"},\"thumbnailUrl\":\"https:\/\/files.sunoresearch.com.br\/n\/uploads\/2019\/10\/956e9347-shop-west-plaza_0169fachada-jpg.webp\",\"keywords\":[\"Aliansce Sonae (ALSO3)\"],\"articleSection\":[\"Neg\u00f3cios\"],\"inLanguage\":\"pt-BR\"},{\"@type\":\"WebPage\",\"@id\":\"https:\/\/www.suno.com.br\/noticias\/aliansce-sonae-precifica-oferta-primaria\/\",\"url\":\"https:\/\/www.suno.com.br\/noticias\/aliansce-sonae-precifica-oferta-primaria\/\",\"name\":\"Aliansce Sonae precifica oferta prim\u00e1ria e deve captar R$ 1,19 bi\",\"isPartOf\":{\"@id\":\"https:\/\/www.suno.com.br\/noticias\/#website\"},\"primaryImageOfPage\":{\"@id\":\"https:\/\/www.suno.com.br\/noticias\/aliansce-sonae-precifica-oferta-primaria\/#primaryimage\"},\"image\":{\"@id\":\"https:\/\/www.suno.com.br\/noticias\/aliansce-sonae-precifica-oferta-primaria\/#primaryimage\"},\"thumbnailUrl\":\"https:\/\/files.sunoresearch.com.br\/n\/uploads\/2019\/10\/956e9347-shop-west-plaza_0169fachada-jpg.webp\",\"datePublished\":\"2019-12-06T11:57:12+00:00\",\"dateModified\":\"2021-05-12T16:01:38+00:00\",\"description\":\"A Aliansce Sonae anunciou na \u00faltima quinta que precificou em R$ 43 por a\u00e7\u00e3o a sua oferta prim\u00e1ria de a\u00e7\u00f5es. Clique aqui e saiba mais.\",\"breadcrumb\":{\"@id\":\"https:\/\/www.suno.com.br\/noticias\/aliansce-sonae-precifica-oferta-primaria\/#breadcrumb\"},\"inLanguage\":\"pt-BR\",\"potentialAction\":[{\"@type\":\"ReadAction\",\"target\":[\"https:\/\/www.suno.com.br\/noticias\/aliansce-sonae-precifica-oferta-primaria\/\"]}]},{\"@type\":\"ImageObject\",\"inLanguage\":\"pt-BR\",\"@id\":\"https:\/\/www.suno.com.br\/noticias\/aliansce-sonae-precifica-oferta-primaria\/#primaryimage\",\"url\":\"https:\/\/files.sunoresearch.com.br\/n\/uploads\/2019\/10\/956e9347-shop-west-plaza_0169fachada-jpg.webp\",\"contentUrl\":\"https:\/\/files.sunoresearch.com.br\/n\/uploads\/2019\/10\/956e9347-shop-west-plaza_0169fachada-jpg.webp\",\"width\":1262,\"height\":838,\"caption\":\"Aliansce Sonae (ALSO3) tem alta de 10% na receita l\u00edquida do 4T19\"},{\"@type\":\"BreadcrumbList\",\"@id\":\"https:\/\/www.suno.com.br\/noticias\/aliansce-sonae-precifica-oferta-primaria\/#breadcrumb\",\"itemListElement\":[{\"@type\":\"ListItem\",\"position\":1,\"name\":\"Not\u00edcias\",\"item\":\"https:\/\/www.suno.com.br\/noticias\/\"},{\"@type\":\"ListItem\",\"position\":2,\"name\":\"Neg\u00f3cios\",\"item\":\"https:\/\/www.suno.com.br\/noticias\/negocios\/\"},{\"@type\":\"ListItem\",\"position\":3,\"name\":\"Aliansce Sonae precifica oferta prim\u00e1ria e deve captar R$ 1,19 bi\"}]},{\"@type\":\"WebSite\",\"@id\":\"https:\/\/www.suno.com.br\/noticias\/#website\",\"url\":\"https:\/\/www.suno.com.br\/noticias\/\",\"name\":\"Suno Not\u00edcias\",\"description\":\"Seu portal de informa\u00e7\u00e3o sobre o mundo dos investimentos\",\"publisher\":{\"@id\":\"https:\/\/www.suno.com.br\/noticias\/#organization\"},\"potentialAction\":[{\"@type\":\"SearchAction\",\"target\":{\"@type\":\"EntryPoint\",\"urlTemplate\":\"https:\/\/www.suno.com.br\/noticias\/?s={search_term_string}\"},\"query-input\":{\"@type\":\"PropertyValueSpecification\",\"valueRequired\":true,\"valueName\":\"search_term_string\"}}],\"inLanguage\":\"pt-BR\"},{\"@type\":\"Organization\",\"@id\":\"https:\/\/www.suno.com.br\/noticias\/#organization\",\"name\":\"Suno Not\u00edcias\",\"url\":\"https:\/\/www.suno.com.br\/noticias\/\",\"logo\":{\"@type\":\"ImageObject\",\"inLanguage\":\"pt-BR\",\"@id\":\"https:\/\/www.suno.com.br\/noticias\/#\/schema\/logo\/image\/\",\"url\":\"https:\/\/files.sunoresearch.com.br\/n\/uploads\/2021\/09\/suno-logo.png\",\"contentUrl\":\"https:\/\/files.sunoresearch.com.br\/n\/uploads\/2021\/09\/suno-logo.png\",\"width\":180,\"height\":180,\"caption\":\"Suno Not\u00edcias\"},\"image\":{\"@id\":\"https:\/\/www.suno.com.br\/noticias\/#\/schema\/logo\/image\/\"},\"sameAs\":[\"https:\/\/facebook.com\/sunoresearch\",\"https:\/\/x.com\/sunoresearch\",\"https:\/\/www.instagram.com\/suno\",\"https:\/\/www.linkedin.com\/company\/suno-research\/\",\"https:\/\/www.youtube.com\/c\/sunoresearch\"]},{\"@type\":\"Person\",\"@id\":\"https:\/\/www.suno.com.br\/noticias\/#\/schema\/person\/918d79de1f0281f01599b93f9ea6e23f\",\"name\":\"Jader Lazarini\",\"image\":{\"@type\":\"ImageObject\",\"inLanguage\":\"pt-BR\",\"@id\":\"https:\/\/www.suno.com.br\/noticias\/#\/schema\/person\/image\/\",\"url\":\"https:\/\/secure.gravatar.com\/avatar\/3c1ad8caa51589841baeb923fcddea97?s=96&r=g\",\"contentUrl\":\"https:\/\/secure.gravatar.com\/avatar\/3c1ad8caa51589841baeb923fcddea97?s=96&r=g\",\"caption\":\"Jader Lazarini\"},\"description\":\"Jader Lazarini escreve sobre investimentos, finan\u00e7as, economia e neg\u00f3cios. \u00c9 bacharel em Rela\u00e7\u00f5es Internacionais e analista CNPI (2619).\",\"url\":\"https:\/\/www.suno.com.br\/noticias\/author\/jader-lazarini\/\"}]}<\/script>\n<!-- \/ Yoast SEO plugin. -->","yoast_head_json":{"title":"Aliansce Sonae precifica oferta prim\u00e1ria e deve captar R$ 1,19 bi","description":"A Aliansce Sonae anunciou na \u00faltima quinta que precificou em R$ 43 por a\u00e7\u00e3o a sua oferta prim\u00e1ria de a\u00e7\u00f5es. Clique aqui e saiba mais.","robots":{"index":"index","follow":"follow","max-snippet":"max-snippet:-1","max-image-preview":"max-image-preview:large","max-video-preview":"max-video-preview:-1"},"canonical":"https:\/\/www.suno.com.br\/noticias\/aliansce-sonae-precifica-oferta-primaria\/","og_locale":"pt_BR","og_type":"article","og_title":"Aliansce Sonae precifica oferta prim\u00e1ria e deve captar R$ 1,19 bi","og_description":"A Aliansce Sonae anunciou na \u00faltima quinta que precificou em R$ 43 por a\u00e7\u00e3o a sua oferta prim\u00e1ria de a\u00e7\u00f5es. Clique aqui e saiba mais.","og_url":"https:\/\/www.suno.com.br\/noticias\/aliansce-sonae-precifica-oferta-primaria\/","og_site_name":"Suno Not\u00edcias","article_publisher":"https:\/\/facebook.com\/sunoresearch","og_image":[{"width":1262,"height":838,"url":"https:\/\/files.sunoresearch.com.br\/n\/uploads\/2019\/10\/956e9347-shop-west-plaza_0169fachada.jpg","type":"image\/jpeg"}],"author":"Jader Lazarini","twitter_card":"summary_large_image","twitter_creator":"@sunoresearch","twitter_site":"@sunoresearch","twitter_misc":{"Escrito por":"Jader Lazarini","Est. tempo de leitura":"2 minutos"},"schema":{"@context":"https:\/\/schema.org","@graph":[{"@type":"NewsArticle","@id":"https:\/\/www.suno.com.br\/noticias\/aliansce-sonae-precifica-oferta-primaria\/#article","isPartOf":{"@id":"https:\/\/www.suno.com.br\/noticias\/aliansce-sonae-precifica-oferta-primaria\/"},"author":{"name":"Jader Lazarini","@id":"https:\/\/www.suno.com.br\/noticias\/#\/schema\/person\/918d79de1f0281f01599b93f9ea6e23f"},"headline":"Aliansce Sonae precifica oferta prim\u00e1ria e deve captar R$ 1,19 bi","datePublished":"2019-12-06T11:57:12+00:00","dateModified":"2021-05-12T16:01:38+00:00","mainEntityOfPage":{"@id":"https:\/\/www.suno.com.br\/noticias\/aliansce-sonae-precifica-oferta-primaria\/"},"wordCount":413,"publisher":{"@id":"https:\/\/www.suno.com.br\/noticias\/#organization"},"image":{"@id":"https:\/\/www.suno.com.br\/noticias\/aliansce-sonae-precifica-oferta-primaria\/#primaryimage"},"thumbnailUrl":"https:\/\/files.sunoresearch.com.br\/n\/uploads\/2019\/10\/956e9347-shop-west-plaza_0169fachada-jpg.webp","keywords":["Aliansce Sonae (ALSO3)"],"articleSection":["Neg\u00f3cios"],"inLanguage":"pt-BR"},{"@type":"WebPage","@id":"https:\/\/www.suno.com.br\/noticias\/aliansce-sonae-precifica-oferta-primaria\/","url":"https:\/\/www.suno.com.br\/noticias\/aliansce-sonae-precifica-oferta-primaria\/","name":"Aliansce Sonae precifica oferta prim\u00e1ria e deve captar R$ 1,19 bi","isPartOf":{"@id":"https:\/\/www.suno.com.br\/noticias\/#website"},"primaryImageOfPage":{"@id":"https:\/\/www.suno.com.br\/noticias\/aliansce-sonae-precifica-oferta-primaria\/#primaryimage"},"image":{"@id":"https:\/\/www.suno.com.br\/noticias\/aliansce-sonae-precifica-oferta-primaria\/#primaryimage"},"thumbnailUrl":"https:\/\/files.sunoresearch.com.br\/n\/uploads\/2019\/10\/956e9347-shop-west-plaza_0169fachada-jpg.webp","datePublished":"2019-12-06T11:57:12+00:00","dateModified":"2021-05-12T16:01:38+00:00","description":"A Aliansce Sonae anunciou na \u00faltima quinta que precificou em R$ 43 por a\u00e7\u00e3o a sua oferta prim\u00e1ria de a\u00e7\u00f5es. Clique aqui e saiba mais.","breadcrumb":{"@id":"https:\/\/www.suno.com.br\/noticias\/aliansce-sonae-precifica-oferta-primaria\/#breadcrumb"},"inLanguage":"pt-BR","potentialAction":[{"@type":"ReadAction","target":["https:\/\/www.suno.com.br\/noticias\/aliansce-sonae-precifica-oferta-primaria\/"]}]},{"@type":"ImageObject","inLanguage":"pt-BR","@id":"https:\/\/www.suno.com.br\/noticias\/aliansce-sonae-precifica-oferta-primaria\/#primaryimage","url":"https:\/\/files.sunoresearch.com.br\/n\/uploads\/2019\/10\/956e9347-shop-west-plaza_0169fachada-jpg.webp","contentUrl":"https:\/\/files.sunoresearch.com.br\/n\/uploads\/2019\/10\/956e9347-shop-west-plaza_0169fachada-jpg.webp","width":1262,"height":838,"caption":"Aliansce Sonae (ALSO3) tem alta de 10% na receita l\u00edquida do 4T19"},{"@type":"BreadcrumbList","@id":"https:\/\/www.suno.com.br\/noticias\/aliansce-sonae-precifica-oferta-primaria\/#breadcrumb","itemListElement":[{"@type":"ListItem","position":1,"name":"Not\u00edcias","item":"https:\/\/www.suno.com.br\/noticias\/"},{"@type":"ListItem","position":2,"name":"Neg\u00f3cios","item":"https:\/\/www.suno.com.br\/noticias\/negocios\/"},{"@type":"ListItem","position":3,"name":"Aliansce Sonae precifica oferta prim\u00e1ria e deve captar R$ 1,19 bi"}]},{"@type":"WebSite","@id":"https:\/\/www.suno.com.br\/noticias\/#website","url":"https:\/\/www.suno.com.br\/noticias\/","name":"Suno Not\u00edcias","description":"Seu portal de informa\u00e7\u00e3o sobre o mundo dos investimentos","publisher":{"@id":"https:\/\/www.suno.com.br\/noticias\/#organization"},"potentialAction":[{"@type":"SearchAction","target":{"@type":"EntryPoint","urlTemplate":"https:\/\/www.suno.com.br\/noticias\/?s={search_term_string}"},"query-input":{"@type":"PropertyValueSpecification","valueRequired":true,"valueName":"search_term_string"}}],"inLanguage":"pt-BR"},{"@type":"Organization","@id":"https:\/\/www.suno.com.br\/noticias\/#organization","name":"Suno Not\u00edcias","url":"https:\/\/www.suno.com.br\/noticias\/","logo":{"@type":"ImageObject","inLanguage":"pt-BR","@id":"https:\/\/www.suno.com.br\/noticias\/#\/schema\/logo\/image\/","url":"https:\/\/files.sunoresearch.com.br\/n\/uploads\/2021\/09\/suno-logo.png","contentUrl":"https:\/\/files.sunoresearch.com.br\/n\/uploads\/2021\/09\/suno-logo.png","width":180,"height":180,"caption":"Suno Not\u00edcias"},"image":{"@id":"https:\/\/www.suno.com.br\/noticias\/#\/schema\/logo\/image\/"},"sameAs":["https:\/\/facebook.com\/sunoresearch","https:\/\/x.com\/sunoresearch","https:\/\/www.instagram.com\/suno","https:\/\/www.linkedin.com\/company\/suno-research\/","https:\/\/www.youtube.com\/c\/sunoresearch"]},{"@type":"Person","@id":"https:\/\/www.suno.com.br\/noticias\/#\/schema\/person\/918d79de1f0281f01599b93f9ea6e23f","name":"Jader Lazarini","image":{"@type":"ImageObject","inLanguage":"pt-BR","@id":"https:\/\/www.suno.com.br\/noticias\/#\/schema\/person\/image\/","url":"https:\/\/secure.gravatar.com\/avatar\/3c1ad8caa51589841baeb923fcddea97?s=96&r=g","contentUrl":"https:\/\/secure.gravatar.com\/avatar\/3c1ad8caa51589841baeb923fcddea97?s=96&r=g","caption":"Jader Lazarini"},"description":"Jader Lazarini escreve sobre investimentos, finan\u00e7as, economia e neg\u00f3cios. \u00c9 bacharel em Rela\u00e7\u00f5es Internacionais e analista CNPI (2619).","url":"https:\/\/www.suno.com.br\/noticias\/author\/jader-lazarini\/"}]}},"default_loop_html":"<div class=\"cardsPage__listCard__boxs\"><div class=\"cardsPage__listCard__boxs__img\"><a href=\"https:\/\/www.suno.com.br\/noticias\/aliansce-sonae-precifica-oferta-primaria\/\"><img class=\"mask\" src=\"https:\/\/www.suno.com.br\/noticias\/wp-content\/themes\/suno\/resources\/images\/spotlight\/spotlight1img\/bg-mask.png\" alt=\"Image Mask\"\/><img src=\"https:\/\/files.sunoresearch.com.br\/n\/uploads\/2019\/10\/956e9347-shop-west-plaza_0169fachada-400x200.webp\" alt=\"Aliansce Sonae precifica oferta prim\u00e1ria e deve captar R$ 1,19 bi\"\/><\/a><span class=\"spotlightCategory\"><a href=\"https:\/\/www.suno.com.br\/noticias\/negocios\/\">Neg\u00f3cios<\/a><\/span><\/div><div class=\"cardsPage__listCard__boxs__content\"><a href=\"https:\/\/www.suno.com.br\/noticias\/aliansce-sonae-precifica-oferta-primaria\/\"><h2 class=\"content__title\">Aliansce Sonae precifica oferta prim\u00e1ria e deve captar R$ 1,19 bi<\/h2><\/a><div class=\"newsContent__article__meta\"><div class=\"newsContent__article__meta__authorBox\"><a href=\"https:\/\/www.suno.com.br\/noticias\/author\/jader-lazarini\/\" class=\"authorBox__avatar noMobi\"><img src=\"https:\/\/files.sunoresearch.com.br\/n\/uploads\/2021\/01\/178e6598-foto-perfil-2-150x150.jpg\" alt=\"Jader Lazarini\"><\/a><div class=\"authorBox__name\"><span>por\n\t\t\t<a href=\"https:\/\/www.suno.com.br\/noticias\/author\/jader-lazarini\/\"><span itemprop=\"author\">Jader Lazarini<\/span><\/a><\/span><time datetime=\"2019-12-06T09:57:12-03:00\" itemprop=\"datePublished\">06\/12\/2019 09:57<\/time><\/div><\/div><\/div><\/div><\/div>","single_layout":"posts","amp_enabled":true,"_links":{"self":[{"href":"https:\/\/www.suno.com.br\/noticias\/wp-json\/wp\/v2\/posts\/46894"}],"collection":[{"href":"https:\/\/www.suno.com.br\/noticias\/wp-json\/wp\/v2\/posts"}],"about":[{"href":"https:\/\/www.suno.com.br\/noticias\/wp-json\/wp\/v2\/types\/post"}],"author":[{"embeddable":true,"href":"https:\/\/www.suno.com.br\/noticias\/wp-json\/wp\/v2\/users\/24"}],"replies":[{"embeddable":true,"href":"https:\/\/www.suno.com.br\/noticias\/wp-json\/wp\/v2\/comments?post=46894"}],"version-history":[{"count":1,"href":"https:\/\/www.suno.com.br\/noticias\/wp-json\/wp\/v2\/posts\/46894\/revisions"}],"predecessor-version":[{"id":147564,"href":"https:\/\/www.suno.com.br\/noticias\/wp-json\/wp\/v2\/posts\/46894\/revisions\/147564"}],"wp:featuredmedia":[{"embeddable":true,"href":"https:\/\/www.suno.com.br\/noticias\/wp-json\/wp\/v2\/media\/42111"}],"wp:attachment":[{"href":"https:\/\/www.suno.com.br\/noticias\/wp-json\/wp\/v2\/media?parent=46894"}],"wp:term":[{"taxonomy":"category","embeddable":true,"href":"https:\/\/www.suno.com.br\/noticias\/wp-json\/wp\/v2\/categories?post=46894"},{"taxonomy":"post_tag","embeddable":true,"href":"https:\/\/www.suno.com.br\/noticias\/wp-json\/wp\/v2\/tags?post=46894"},{"taxonomy":"suno_strategy","embeddable":true,"href":"https:\/\/www.suno.com.br\/noticias\/wp-json\/wp\/v2\/suno_strategy?post=46894"}],"curies":[{"name":"wp","href":"https:\/\/api.w.org\/{rel}","templated":true}]}}