{"id":468931,"date":"2023-10-10T10:59:52","date_gmt":"2023-10-10T13:59:52","guid":{"rendered":"https:\/\/www.suno.com.br\/noticias\/?p=468931"},"modified":"2023-10-10T12:18:58","modified_gmt":"2023-10-10T15:18:58","slug":"destaques-eletrobras-elet3-vulcabras-allos-also3-mais-va","status":"publish","type":"post","link":"https:\/\/www.suno.com.br\/noticias\/destaques-eletrobras-elet3-vulcabras-allos-also3-mais-va\/","title":{"rendered":"Eletrobras (ELET3), Vulcabras (VULC3) e Allos (ALSO3) aquecem mercado nesta ter\u00e7a-feira (10); veja mais destaques\u00a0"},"content":{"rendered":"<p>A not\u00edcia de que a <a class=\"suno-keyword\" data-force=\"yes\" data-priority=\"2\" href=\"https:\/\/www.suno.com.br\/acoes\/ELET3\/\" target=\"_blank\" rel=\"noopener\"><strong>Eletrobras<\/strong> (ELET3)<\/a> colocou \u00e0 venda uma fatia da transmissora de energia <a class=\"suno-keyword\" data-force=\"yes\" data-priority=\"2\" href=\"https:\/\/www.suno.com.br\/acoes\/TRPL4\/\" target=\"_blank\" rel=\"noopener\">ISA Cteep (TRPL4)<\/a> est\u00e1 entre os destaques desta ter\u00e7a-feira (10).&nbsp;<\/p>\t<div class=\"wrapper-featured-image\">\n\t\t<figure class=\"spotlightImg\">\n\n\t\t\t<picture>\n\t\t\t\t<source media=\"(max-width: 768px)\" srcset=\"https:\/\/files.sunoresearch.com.br\/n\/uploads\/2022\/08\/ibovespa-3-400x200.jpg\">\n\t\t\t\t<img loading=\"lazy\" decoding=\"async\" class=\"newsContent__article__imgCapa lazyloadDisabled \" src=\"https:\/\/files.sunoresearch.com.br\/n\/uploads\/2022\/08\/ibovespa-3-800x450.jpg\" width=\"800\" height=\"450\" alt=\"Eletrobras (ELET3), Vulcabras (VULC3) e Allos (ALSO3) aquecem mercado nesta ter\u00e7a-feira (10); veja mais destaques\u00a0\" fetchpriority=high \/>\n\t\t\t<\/picture>\n\n\t\t\t<figcaption class=\"wp-caption-text wp-caption-text--show\">Mercado. \u00a0 Foto: Pixabay<\/figcaption>\n\t\t<\/figure>\n\t<\/div>\n\n\n\n\n\n\t<p>\n\t\t<a href=\"https:\/\/lp.suno.com.br\/planilha-da-vida-financeira\/\" target=\"_blank\" data-element=\"shortcode-suno-banner\" title=\"Banner SUNO, clique e saiba mais\">\n\t\t\t<picture>\n\t\t\t\t<source media=\"(max-width: 500px)\" srcset=\"https:\/\/files.sunoresearch.com.br\/n\/uploads\/2023\/04\/400x300-Planilha-vida-financeira-true.png\">\n\t\t\t\t<img class=\"newsContent__article__imgCapa newsContent__article__imgCapa--banner\"\n\t\t\t\t\tsrc=\"https:\/\/files.sunoresearch.com.br\/n\/uploads\/2023\/04\/1420x240-Planilha-vida-financeira-true.png\"\n\t\t\t\t\tdata-promo-id=\"106682\"\t\t\t\t\t\t\t\t\t\twidth='1420' height='240'\t\t\t\t\talt=\"https:\/\/files.sunoresearch.com.br\/n\/uploads\/2023\/04\/1420x240-Planilha-vida-financeira-true.png\"\n\t\t\t\t>\n\t\t\t<\/picture>\n\t\t<\/a>\n\t<\/p>\n\n\n\n\n\n<p>Tamb\u00e9m est\u00e1 entre os<strong> destaques do mercado financeiro<\/strong> a&nbsp; <a class=\"suno-keyword\" data-force=\"yes\" data-priority=\"2\" href=\"https:\/\/www.suno.com.br\/acoes\/VULC3\/\" target=\"_blank\" rel=\"noopener\">Vulcabras (VULC3)<\/a>, ap\u00f3s aprovar o pagamento de novos <a class=\"suno-keyword\" data-force=\"no\" data-priority=\"1\" href=\"https:\/\/www.suno.com.br\/guias\/dividendos\/\" target=\"_blank\" rel=\"noopener\">dividendos<\/a> .&nbsp;<\/p>\n\n\n\n<p>A Allos (ALSO3) tamb\u00e9m \u00e9 destaque hoje, depois de celebrar um memorando de entendimentos para desinvestimento da totalidade de suas participa\u00e7\u00f5es no Boulevard Shopping Campos e Santana Parque Shopping.<\/p>\n\n\n\n<h2 class=\"wp-block-heading\">Eletrobras&nbsp;<\/h2>\n\n\n\n<p>A <a class=\"suno-keyword\" data-force=\"yes\" data-priority=\"2\" href=\"https:\/\/www.suno.com.br\/acoes\/ELET3\/\" target=\"_blank\" rel=\"noopener\">Eletrobras (<strong>ELET3<\/strong>)<\/a> colocou \u00e0 venda uma fatia da transmissora de energia ISA Cteep (TRPL4), segundo o jornal Valor Econ\u00f4mico.<\/p>\n\n\n\n<p>Atualmente, a Eletrobras det\u00e9m uma fatia de 35,7% na ISA Cteep \u2013 que \u00e9 antiga Transmiss\u00e3o Paulista -, com 9,7% das <a class=\"suno-keyword\" target=\"_blank\" data-force=\"no\" data-priority=\"1\" href=\"https:\/\/www.suno.com.br\/artigos\/o-que-sao-acoes-ordinarias-preferenciais-e-units\/\" rel=\"noopener\">a\u00e7\u00f5es ordin\u00e1rias<\/a> e 52% das preferenciais.<\/p>\n\n\n\n<p>Fontes pr\u00f3ximas da companhia relataram ao Valor que o modelo para a venda est\u00e1 sendo estudado, que poderia ser um leil\u00e3o em bolsa, um <a class=\"suno-keyword\" data-force=\"no\" data-priority=\"1\" href=\"https:\/\/www.suno.com.br\/artigos\/block-trade\/\" target=\"_blank\" rel=\"noopener\">block trade<\/a> ou at\u00e9 mesmo uma oferta subsequente de a\u00e7\u00f5es (follow-on).<\/p>\n\n\n\t<div data-element=\"shortcode-read-more\" class=\"knowMore\">\n\t\t\t\t<span class=\"knowMore__title\">Leia mais<\/span>\n\t\t\t\t<a class=\"knowMore__link\" href=\"https:\/\/www.suno.com.br\/noticias\/eletrobras-elet3-desfazer-isa-cteep-trpl4-evm\/\">\n\t\t\tEletrobras (ELET3) quer se desfazer de participa\u00e7\u00e3o da ISA Cteep (TRPL4), diz jornal\t\t<\/a>\n\t<\/div>\n\n\n\n\n<h2 class=\"wp-block-heading\">Vulcabras&nbsp;<\/h2>\n\n\n\n<p>A <strong>Vulcabras (VULC3)<\/strong> anunciou que seu <a class=\"suno-keyword\" data-force=\"no\" data-priority=\"1\" href=\"https:\/\/www.suno.com.br\/artigos\/conselho-administracao\/\" target=\"_blank\" rel=\"noopener\">conselho de administra\u00e7\u00e3o<\/a> aprovou o pagamento de <a class=\"suno-keyword\" data-force=\"no\" data-priority=\"1\" href=\"https:\/\/www.suno.com.br\/guias\/dividendos\/\" target=\"_blank\" rel=\"noopener\">dividendos<\/a> de R$ 98 milh\u00f5es, equivalente a R$ 0,40 por a\u00e7\u00e3o, referente ao <a class=\"suno-keyword\" data-force=\"no\" data-priority=\"1\" href=\"https:\/\/www.suno.com.br\/artigos\/exercicio-social\/\" target=\"_blank\" rel=\"noopener\">exerc\u00edcio social<\/a> de 2022.<\/p>\n\n\n\n<p>O pagamento dos <a class=\"suno-keyword\" data-force=\"no\" data-priority=\"1\" href=\"https:\/\/www.suno.com.br\/guias\/dividendos\/\" target=\"_blank\" rel=\"noopener\">dividendos<\/a> intermedi\u00e1rios da Vulcabras ter\u00e1 como benefici\u00e1rios os acionistas que estiverem inscritos nos registros da companhia em 13 de outubro de 2023, e ser\u00e3o pagos em 24 de novembro de 2023.<\/p>\n\n\n\t<div data-element=\"shortcode-read-more\" class=\"knowMore\">\n\t\t\t\t<span class=\"knowMore__title\">Leia mais<\/span>\n\t\t\t\t<a class=\"knowMore__link\" href=\"https:\/\/www.suno.com.br\/noticias\/vulcabras-vulc3-vai-pagar-dividendos-ar\/\">\n\t\t\tVulcabras (VULC3) vai pagar R$ 98 milh\u00f5es em dividendos; veja o valor por a\u00e7\u00e3o\t\t<\/a>\n\t<\/div>\n\n\n\n\n<h2 class=\"wp-block-heading\">Allos<\/h2>\n\n\n\n<p>A <strong>Allos (ALSO3)<\/strong>, ex-Aliansce Sonae, celebrou um memorando de entendimentos para desinvestimento da totalidade de suas participa\u00e7\u00f5es no Boulevard Shopping Campos e Santana Parque Shopping, de 75% e 36,7%, respectivamente.<\/p>\n\n\n\n<p>Segundo a Allos, o valor total da opera\u00e7\u00e3o \u00e9 de R$ 297,9 milh\u00f5es, que corresponde a uma taxa de capitaliza\u00e7\u00e3o (<a class=\"suno-keyword\" data-force=\"no\" data-priority=\"1\" href=\"https:\/\/www.suno.com.br\/artigos\/cap-rate\/\" target=\"_blank\" rel=\"noopener\">cap rate<\/a>) de 8,35%, considerando a efici\u00eancia fiscal.<\/p>\n\n\n\t<div data-element=\"shortcode-read-more\" class=\"knowMore\">\n\t\t\t\t<span class=\"knowMore__title\">Leia mais<\/span>\n\t\t\t\t<a class=\"knowMore__link\" href=\"https:\/\/www.suno.com.br\/noticias\/allos-also3-desinvestimento-ativos-gpj\/\">\n\t\t\tAllos (ALSO3) assina acordo para desinvestimento em ativos; veja quais s\u00e3o\t\t<\/a>\n\t<\/div>\n\n\n\n\n<h2 class=\"wp-block-heading\">Intelbras&nbsp;<\/h2>\n\n\n\n<p>A <a class=\"suno-keyword\" data-force=\"yes\" data-priority=\"2\" href=\"https:\/\/www.suno.com.br\/acoes\/intb3\/\" target=\"_blank\" rel=\"noopener\"><strong>Intelbras (INTB3)<\/strong><\/a> afirmou que adquiriu a\u00e7\u00f5es de 55% do capital social da Allume Holding, empresa com a qual a Intelbras j\u00e1 mantinha relacionamento comercial.<\/p>\n\n\n\n<p>Em contrapartida \u00e0 aquisi\u00e7\u00e3o, a Intelbras se comprometeu a pagar o montante de aproximadamente R$ 24 milh\u00f5es (US$ 4.7 milh\u00f5es).<\/p>\n\n\n\t<p>\n\t\t<a href=\"https:\/\/lp.suno.com.br\/ebook-como-analisar-uma-acao\/\" target=\"_blank\" data-element=\"shortcode-suno-banner\" title=\"Banner SUNO, clique e saiba mais\">\n\t\t\t<picture>\n\t\t\t\t<source media=\"(max-width: 500px)\" srcset=\"https:\/\/files.sunoresearch.com.br\/n\/uploads\/2023\/03\/Ebook-Acoes-Mobile.jpg\">\n\t\t\t\t<img class=\"newsContent__article__imgCapa newsContent__article__imgCapa--banner\"\n\t\t\t\t\tsrc=\"https:\/\/files.sunoresearch.com.br\/n\/uploads\/2023\/03\/Ebook-Acoes-Desktop.jpg\"\n\t\t\t\t\tdata-promo-id=\"378302\"\t\t\t\t\t\t\t\t\t\twidth='1420' height='286'\t\t\t\t\talt=\"https:\/\/files.sunoresearch.com.br\/n\/uploads\/2023\/03\/Ebook-Acoes-Desktop.jpg\"\n\t\t\t\t>\n\t\t\t<\/picture>\n\t\t<\/a>\n\t<\/p>\n\n\n\n\n\n<p>A Allume Holding. atua nos segmentos de seguran\u00e7a eletr\u00f4nica, redes, comunica\u00e7\u00e3o, automa\u00e7\u00e3o predial e gest\u00e3o de energia, oferecendo produtos de marca pr\u00f3pria e de terceiros.<\/p>\n\n\n\n<h2 class=\"wp-block-heading\">Vamos&nbsp;<\/h2>\n\n\n\n<p>A <a class=\"suno-keyword\" data-force=\"yes\" data-priority=\"2\" href=\"https:\/\/www.suno.com.br\/acoes\/vamo3\/\" target=\"_blank\" rel=\"noopener\"><strong>Vamos (VAMO3)<\/strong><\/a> anunciou um novo programa de <a class=\"suno-keyword\" data-force=\"no\" data-priority=\"1\" href=\"https:\/\/www.suno.com.br\/artigos\/recompra-de-acoes\/\" target=\"_blank\" rel=\"noopener\">recompra de a\u00e7\u00f5es<\/a>. Conforme o <a class=\"suno-keyword\" data-force=\"no\" data-priority=\"1\" href=\"https:\/\/www.suno.com.br\/artigos\/fato-relevante\/\" target=\"_blank\" rel=\"noopener\">fato relevante<\/a> da companhia, ser\u00e3o recompradas at\u00e9 34 milh\u00f5es de a\u00e7\u00f5es.<\/p>\n\n\n\n<p>O montante estipulado no programa de recompra de a\u00e7\u00f5es da Vamos corresponde ao volume de 8% das a\u00e7\u00f5es em circula\u00e7\u00e3o no mercado \u2013 ou <a class=\"suno-keyword\" target=\"_blank\" data-force=\"no\" data-priority=\"1\" href=\"https:\/\/www.suno.com.br\/artigos\/free-float\/\" rel=\"noopener\">free float<\/a>.<\/p>\n\n\n\n<h2 class=\"wp-block-heading\">\u00c2nima<\/h2>\n\n\n\n<p>Quanto aos rumores sobre a venda da Universidade S\u00e3o Judas, a <strong>\u00c2nima (ANIM3)<\/strong> e a Inspirali afirmaram que n\u00e3o h\u00e1 nenhuma negocia\u00e7\u00e3o em curso envolvendo essa institui\u00e7\u00e3o de ensino com qualquer das companhias.&nbsp;<\/p>\n\n\n\n<h2 class=\"wp-block-heading\">Multiplan&nbsp;<\/h2>\n\n\n\n<p>A <a class=\"suno-keyword\" data-force=\"yes\" data-priority=\"2\" href=\"https:\/\/www.suno.com.br\/acoes\/MULT3\/\" target=\"_blank\" rel=\"noopener\"><strong>Multiplan (MULT3)<\/strong><\/a> informou aos seus investidores que concluiu a aquisi\u00e7\u00e3o de 4,1% na ABL do Ribeir\u00e3o Shopping, elevando, portanto, a participa\u00e7\u00e3o da companhia na propriedade para 86,5%.<\/p>\n\n\n\n<p>Os destaques do mercado financeiro do Suno Not\u00edcias mostram os principais acontecimentos que prometem movimentar o mercado durante o dia, como a <strong>Eletrobras<\/strong> (ELET3), que deve estar no foco dos investidores ao longo do dia.<\/p>\n\n\n\t<p>\n\t\t<a href=\"https:\/\/lp.suno.com.br\/planilha-da-vida-financeira\/\" target=\"_blank\" data-element=\"shortcode-suno-banner\" title=\"Banner SUNO, clique e saiba mais\">\n\t\t\t<picture>\n\t\t\t\t<source media=\"(max-width: 500px)\" srcset=\"https:\/\/files.sunoresearch.com.br\/n\/uploads\/2023\/04\/400x300-Planilha-vida-financeira-true.png\">\n\t\t\t\t<img class=\"newsContent__article__imgCapa newsContent__article__imgCapa--banner\"\n\t\t\t\t\tsrc=\"https:\/\/files.sunoresearch.com.br\/n\/uploads\/2023\/04\/1420x240-Planilha-vida-financeira-true.png\"\n\t\t\t\t\tdata-promo-id=\"383123\"\t\t\t\t\t\t\t\t\t\twidth='1420' height='240'\t\t\t\t\talt=\"https:\/\/files.sunoresearch.com.br\/n\/uploads\/2023\/04\/1420x240-Planilha-vida-financeira-true.png\"\n\t\t\t\t>\n\t\t\t<\/picture>\n\t\t<\/a>\n\t<\/p>\n\n\n","protected":false},"excerpt":{"rendered":"<p>A not\u00edcia de que a Eletrobras (ELET3) colocou \u00e0 venda uma fatia da transmissora de energia ISA Cteep (TRPL4) est\u00e1 entre os destaques desta ter\u00e7a-feira (10).&nbsp; Mercado. \u00a0 Foto: Pixabay Tamb\u00e9m est\u00e1 entre os destaques do mercado financeiro a&nbsp; Vulcabras (VULC3), ap\u00f3s aprovar o pagamento de novos dividendos .&nbsp; A Allos (ALSO3) tamb\u00e9m \u00e9 destaque [&hellip;]<\/p>\n","protected":false},"author":301,"featured_media":283437,"comment_status":"closed","ping_status":"closed","sticky":false,"template":"","format":"standard","meta":[],"categories":[60],"tags":[286,361,455,105281,570,105973,680],"suno_strategy":[],"class_list":["post-468931","post","type-post","status-publish","format-standard","has-post-thumbnail","hentry","category-mercado","tag-acoes","tag-anima-anim3","tag-eletrobras-elet3-elet5-elet6","tag-intelbras-intb3","tag-multiplan-mult3","tag-vamos-vamo3","tag-vulcabras-vulc3"],"yoast_head":"<!-- This site is optimized with the Yoast SEO plugin v24.4 - https:\/\/yoast.com\/wordpress\/plugins\/seo\/ -->\n<title>Eletrobras (ELET3) e Vulcabras (VULC3) aquecem mercado hoje \u00a0<\/title>\n<meta name=\"description\" content=\"A not\u00edcia de que a Eletrobras colocou \u00e0 venda uma fatia da transmissora de energia ISA Cteep est\u00e1 entre os destaques desta ter\u00e7a-feira (10).\u00a0\" \/>\n<meta name=\"robots\" content=\"index, follow, max-snippet:-1, max-image-preview:large, max-video-preview:-1\" \/>\n<link rel=\"canonical\" href=\"https:\/\/www.suno.com.br\/noticias\/destaques-eletrobras-elet3-vulcabras-allos-also3-mais-va\/\" \/>\n<meta property=\"og:locale\" content=\"pt_BR\" \/>\n<meta property=\"og:type\" content=\"article\" \/>\n<meta property=\"og:title\" content=\"Eletrobras (ELET3) e Vulcabras (VULC3) aquecem mercado hoje \u00a0\" \/>\n<meta property=\"og:description\" content=\"A not\u00edcia de que a Eletrobras colocou \u00e0 venda uma fatia da transmissora de energia ISA Cteep est\u00e1 entre os destaques desta ter\u00e7a-feira (10).\u00a0\" \/>\n<meta property=\"og:url\" content=\"https:\/\/www.suno.com.br\/noticias\/destaques-eletrobras-elet3-vulcabras-allos-also3-mais-va\/\" \/>\n<meta property=\"og:site_name\" content=\"Suno Not\u00edcias\" \/>\n<meta property=\"article:publisher\" content=\"https:\/\/facebook.com\/sunoresearch\" \/>\n<meta property=\"og:image\" content=\"https:\/\/files.sunoresearch.com.br\/n\/uploads\/2022\/08\/ibovespa-3.jpg\" \/>\n\t<meta property=\"og:image:width\" content=\"1920\" \/>\n\t<meta property=\"og:image:height\" content=\"1280\" \/>\n\t<meta property=\"og:image:type\" content=\"image\/jpeg\" \/>\n<meta name=\"author\" content=\"Vin\u00edcius Alves\" \/>\n<meta name=\"twitter:card\" content=\"summary_large_image\" \/>\n<meta name=\"twitter:creator\" content=\"@sunoresearch\" \/>\n<meta name=\"twitter:site\" content=\"@sunoresearch\" \/>\n<meta name=\"twitter:label1\" content=\"Escrito por\" \/>\n\t<meta name=\"twitter:data1\" content=\"Vin\u00edcius Alves\" \/>\n\t<meta name=\"twitter:label2\" content=\"Est. tempo de leitura\" \/>\n\t<meta name=\"twitter:data2\" content=\"3 minutos\" \/>\n<script type=\"application\/ld+json\" class=\"yoast-schema-graph\">{\"@context\":\"https:\/\/schema.org\",\"@graph\":[{\"@type\":\"NewsArticle\",\"@id\":\"https:\/\/www.suno.com.br\/noticias\/destaques-eletrobras-elet3-vulcabras-allos-also3-mais-va\/#article\",\"isPartOf\":{\"@id\":\"https:\/\/www.suno.com.br\/noticias\/destaques-eletrobras-elet3-vulcabras-allos-also3-mais-va\/\"},\"author\":{\"name\":\"Vin\u00edcius Alves\",\"@id\":\"https:\/\/www.suno.com.br\/noticias\/#\/schema\/person\/4a180549702d0e236b3e420862bcded3\"},\"headline\":\"Eletrobras (ELET3), Vulcabras (VULC3) e Allos (ALSO3) aquecem mercado nesta ter\u00e7a-feira (10); veja mais destaques\u00a0\",\"datePublished\":\"2023-10-10T13:59:52+00:00\",\"dateModified\":\"2023-10-10T15:18:58+00:00\",\"mainEntityOfPage\":{\"@id\":\"https:\/\/www.suno.com.br\/noticias\/destaques-eletrobras-elet3-vulcabras-allos-also3-mais-va\/\"},\"wordCount\":554,\"publisher\":{\"@id\":\"https:\/\/www.suno.com.br\/noticias\/#organization\"},\"image\":{\"@id\":\"https:\/\/www.suno.com.br\/noticias\/destaques-eletrobras-elet3-vulcabras-allos-also3-mais-va\/#primaryimage\"},\"thumbnailUrl\":\"https:\/\/files.sunoresearch.com.br\/n\/uploads\/2022\/08\/ibovespa-3.jpg\",\"keywords\":[\"A\u00e7\u00f5es\",\"Anima (ANIM3)\",\"Eletrobras (ELET3\/ELET5\/ELET6)\",\"Intelbras (INTB3)\",\"Multiplan (MULT3)\",\"Vamos (VAMO3)\",\"Vulcabras (VULC3)\"],\"articleSection\":[\"Mercado\"],\"inLanguage\":\"pt-BR\"},{\"@type\":\"WebPage\",\"@id\":\"https:\/\/www.suno.com.br\/noticias\/destaques-eletrobras-elet3-vulcabras-allos-also3-mais-va\/\",\"url\":\"https:\/\/www.suno.com.br\/noticias\/destaques-eletrobras-elet3-vulcabras-allos-also3-mais-va\/\",\"name\":\"Eletrobras (ELET3) e Vulcabras (VULC3) aquecem mercado hoje \u00a0\",\"isPartOf\":{\"@id\":\"https:\/\/www.suno.com.br\/noticias\/#website\"},\"primaryImageOfPage\":{\"@id\":\"https:\/\/www.suno.com.br\/noticias\/destaques-eletrobras-elet3-vulcabras-allos-also3-mais-va\/#primaryimage\"},\"image\":{\"@id\":\"https:\/\/www.suno.com.br\/noticias\/destaques-eletrobras-elet3-vulcabras-allos-also3-mais-va\/#primaryimage\"},\"thumbnailUrl\":\"https:\/\/files.sunoresearch.com.br\/n\/uploads\/2022\/08\/ibovespa-3.jpg\",\"datePublished\":\"2023-10-10T13:59:52+00:00\",\"dateModified\":\"2023-10-10T15:18:58+00:00\",\"description\":\"A not\u00edcia de que a Eletrobras colocou \u00e0 venda uma fatia da transmissora de energia ISA Cteep est\u00e1 entre os destaques desta ter\u00e7a-feira (10).\u00a0\",\"breadcrumb\":{\"@id\":\"https:\/\/www.suno.com.br\/noticias\/destaques-eletrobras-elet3-vulcabras-allos-also3-mais-va\/#breadcrumb\"},\"inLanguage\":\"pt-BR\",\"potentialAction\":[{\"@type\":\"ReadAction\",\"target\":[\"https:\/\/www.suno.com.br\/noticias\/destaques-eletrobras-elet3-vulcabras-allos-also3-mais-va\/\"]}]},{\"@type\":\"ImageObject\",\"inLanguage\":\"pt-BR\",\"@id\":\"https:\/\/www.suno.com.br\/noticias\/destaques-eletrobras-elet3-vulcabras-allos-also3-mais-va\/#primaryimage\",\"url\":\"https:\/\/files.sunoresearch.com.br\/n\/uploads\/2022\/08\/ibovespa-3.jpg\",\"contentUrl\":\"https:\/\/files.sunoresearch.com.br\/n\/uploads\/2022\/08\/ibovespa-3.jpg\",\"width\":1920,\"height\":1280,\"caption\":\"Mercado. \u00a0 Foto: Pixabay\"},{\"@type\":\"BreadcrumbList\",\"@id\":\"https:\/\/www.suno.com.br\/noticias\/destaques-eletrobras-elet3-vulcabras-allos-also3-mais-va\/#breadcrumb\",\"itemListElement\":[{\"@type\":\"ListItem\",\"position\":1,\"name\":\"Not\u00edcias\",\"item\":\"https:\/\/www.suno.com.br\/noticias\/\"},{\"@type\":\"ListItem\",\"position\":2,\"name\":\"Mercado\",\"item\":\"https:\/\/www.suno.com.br\/noticias\/mercado\/\"},{\"@type\":\"ListItem\",\"position\":3,\"name\":\"Eletrobras (ELET3), Vulcabras (VULC3) e Allos (ALSO3) aquecem mercado nesta ter\u00e7a-feira (10); veja mais destaques\u00a0\"}]},{\"@type\":\"WebSite\",\"@id\":\"https:\/\/www.suno.com.br\/noticias\/#website\",\"url\":\"https:\/\/www.suno.com.br\/noticias\/\",\"name\":\"Suno Not\u00edcias\",\"description\":\"Seu portal de informa\u00e7\u00e3o sobre o mundo dos investimentos\",\"publisher\":{\"@id\":\"https:\/\/www.suno.com.br\/noticias\/#organization\"},\"potentialAction\":[{\"@type\":\"SearchAction\",\"target\":{\"@type\":\"EntryPoint\",\"urlTemplate\":\"https:\/\/www.suno.com.br\/noticias\/?s={search_term_string}\"},\"query-input\":{\"@type\":\"PropertyValueSpecification\",\"valueRequired\":true,\"valueName\":\"search_term_string\"}}],\"inLanguage\":\"pt-BR\"},{\"@type\":\"Organization\",\"@id\":\"https:\/\/www.suno.com.br\/noticias\/#organization\",\"name\":\"Suno Not\u00edcias\",\"url\":\"https:\/\/www.suno.com.br\/noticias\/\",\"logo\":{\"@type\":\"ImageObject\",\"inLanguage\":\"pt-BR\",\"@id\":\"https:\/\/www.suno.com.br\/noticias\/#\/schema\/logo\/image\/\",\"url\":\"https:\/\/files.sunoresearch.com.br\/n\/uploads\/2021\/09\/suno-logo.png\",\"contentUrl\":\"https:\/\/files.sunoresearch.com.br\/n\/uploads\/2021\/09\/suno-logo.png\",\"width\":180,\"height\":180,\"caption\":\"Suno Not\u00edcias\"},\"image\":{\"@id\":\"https:\/\/www.suno.com.br\/noticias\/#\/schema\/logo\/image\/\"},\"sameAs\":[\"https:\/\/facebook.com\/sunoresearch\",\"https:\/\/x.com\/sunoresearch\",\"https:\/\/www.instagram.com\/suno\",\"https:\/\/www.linkedin.com\/company\/suno-research\/\",\"https:\/\/www.youtube.com\/c\/sunoresearch\"]},{\"@type\":\"Person\",\"@id\":\"https:\/\/www.suno.com.br\/noticias\/#\/schema\/person\/4a180549702d0e236b3e420862bcded3\",\"name\":\"Vin\u00edcius Alves\",\"image\":{\"@type\":\"ImageObject\",\"inLanguage\":\"pt-BR\",\"@id\":\"https:\/\/www.suno.com.br\/noticias\/#\/schema\/person\/image\/\",\"url\":\"https:\/\/secure.gravatar.com\/avatar\/a95b7fe6d1b813f7907d4f476d5a39e1?s=96&r=g\",\"contentUrl\":\"https:\/\/secure.gravatar.com\/avatar\/a95b7fe6d1b813f7907d4f476d5a39e1?s=96&r=g\",\"caption\":\"Vin\u00edcius Alves\"},\"description\":\"Jornalista formado na Faculdade C\u00e1sper L\u00edbero. Com passagens pela Ag\u00eancia Estado, InfoMoney e Editora Globo.\",\"url\":\"https:\/\/www.suno.com.br\/noticias\/author\/vini08correiagmail-com\/\"}]}<\/script>\n<!-- \/ Yoast SEO plugin. -->","yoast_head_json":{"title":"Eletrobras (ELET3) e Vulcabras (VULC3) aquecem mercado hoje \u00a0","description":"A not\u00edcia de que a Eletrobras colocou \u00e0 venda uma fatia da transmissora de energia ISA Cteep est\u00e1 entre os destaques desta ter\u00e7a-feira (10).\u00a0","robots":{"index":"index","follow":"follow","max-snippet":"max-snippet:-1","max-image-preview":"max-image-preview:large","max-video-preview":"max-video-preview:-1"},"canonical":"https:\/\/www.suno.com.br\/noticias\/destaques-eletrobras-elet3-vulcabras-allos-also3-mais-va\/","og_locale":"pt_BR","og_type":"article","og_title":"Eletrobras (ELET3) e Vulcabras (VULC3) aquecem mercado hoje \u00a0","og_description":"A not\u00edcia de que a Eletrobras colocou \u00e0 venda uma fatia da transmissora de energia ISA Cteep est\u00e1 entre os destaques desta ter\u00e7a-feira (10).\u00a0","og_url":"https:\/\/www.suno.com.br\/noticias\/destaques-eletrobras-elet3-vulcabras-allos-also3-mais-va\/","og_site_name":"Suno Not\u00edcias","article_publisher":"https:\/\/facebook.com\/sunoresearch","og_image":[{"width":1920,"height":1280,"url":"https:\/\/files.sunoresearch.com.br\/n\/uploads\/2022\/08\/ibovespa-3.jpg","type":"image\/jpeg"}],"author":"Vin\u00edcius Alves","twitter_card":"summary_large_image","twitter_creator":"@sunoresearch","twitter_site":"@sunoresearch","twitter_misc":{"Escrito por":"Vin\u00edcius Alves","Est. tempo de leitura":"3 minutos"},"schema":{"@context":"https:\/\/schema.org","@graph":[{"@type":"NewsArticle","@id":"https:\/\/www.suno.com.br\/noticias\/destaques-eletrobras-elet3-vulcabras-allos-also3-mais-va\/#article","isPartOf":{"@id":"https:\/\/www.suno.com.br\/noticias\/destaques-eletrobras-elet3-vulcabras-allos-also3-mais-va\/"},"author":{"name":"Vin\u00edcius Alves","@id":"https:\/\/www.suno.com.br\/noticias\/#\/schema\/person\/4a180549702d0e236b3e420862bcded3"},"headline":"Eletrobras (ELET3), Vulcabras (VULC3) e Allos (ALSO3) aquecem mercado nesta ter\u00e7a-feira (10); veja mais destaques\u00a0","datePublished":"2023-10-10T13:59:52+00:00","dateModified":"2023-10-10T15:18:58+00:00","mainEntityOfPage":{"@id":"https:\/\/www.suno.com.br\/noticias\/destaques-eletrobras-elet3-vulcabras-allos-also3-mais-va\/"},"wordCount":554,"publisher":{"@id":"https:\/\/www.suno.com.br\/noticias\/#organization"},"image":{"@id":"https:\/\/www.suno.com.br\/noticias\/destaques-eletrobras-elet3-vulcabras-allos-also3-mais-va\/#primaryimage"},"thumbnailUrl":"https:\/\/files.sunoresearch.com.br\/n\/uploads\/2022\/08\/ibovespa-3.jpg","keywords":["A\u00e7\u00f5es","Anima (ANIM3)","Eletrobras (ELET3\/ELET5\/ELET6)","Intelbras (INTB3)","Multiplan (MULT3)","Vamos (VAMO3)","Vulcabras (VULC3)"],"articleSection":["Mercado"],"inLanguage":"pt-BR"},{"@type":"WebPage","@id":"https:\/\/www.suno.com.br\/noticias\/destaques-eletrobras-elet3-vulcabras-allos-also3-mais-va\/","url":"https:\/\/www.suno.com.br\/noticias\/destaques-eletrobras-elet3-vulcabras-allos-also3-mais-va\/","name":"Eletrobras (ELET3) e Vulcabras (VULC3) aquecem mercado hoje \u00a0","isPartOf":{"@id":"https:\/\/www.suno.com.br\/noticias\/#website"},"primaryImageOfPage":{"@id":"https:\/\/www.suno.com.br\/noticias\/destaques-eletrobras-elet3-vulcabras-allos-also3-mais-va\/#primaryimage"},"image":{"@id":"https:\/\/www.suno.com.br\/noticias\/destaques-eletrobras-elet3-vulcabras-allos-also3-mais-va\/#primaryimage"},"thumbnailUrl":"https:\/\/files.sunoresearch.com.br\/n\/uploads\/2022\/08\/ibovespa-3.jpg","datePublished":"2023-10-10T13:59:52+00:00","dateModified":"2023-10-10T15:18:58+00:00","description":"A not\u00edcia de que a Eletrobras colocou \u00e0 venda uma fatia da transmissora de energia ISA Cteep est\u00e1 entre os destaques desta ter\u00e7a-feira (10).\u00a0","breadcrumb":{"@id":"https:\/\/www.suno.com.br\/noticias\/destaques-eletrobras-elet3-vulcabras-allos-also3-mais-va\/#breadcrumb"},"inLanguage":"pt-BR","potentialAction":[{"@type":"ReadAction","target":["https:\/\/www.suno.com.br\/noticias\/destaques-eletrobras-elet3-vulcabras-allos-also3-mais-va\/"]}]},{"@type":"ImageObject","inLanguage":"pt-BR","@id":"https:\/\/www.suno.com.br\/noticias\/destaques-eletrobras-elet3-vulcabras-allos-also3-mais-va\/#primaryimage","url":"https:\/\/files.sunoresearch.com.br\/n\/uploads\/2022\/08\/ibovespa-3.jpg","contentUrl":"https:\/\/files.sunoresearch.com.br\/n\/uploads\/2022\/08\/ibovespa-3.jpg","width":1920,"height":1280,"caption":"Mercado. \u00a0 Foto: Pixabay"},{"@type":"BreadcrumbList","@id":"https:\/\/www.suno.com.br\/noticias\/destaques-eletrobras-elet3-vulcabras-allos-also3-mais-va\/#breadcrumb","itemListElement":[{"@type":"ListItem","position":1,"name":"Not\u00edcias","item":"https:\/\/www.suno.com.br\/noticias\/"},{"@type":"ListItem","position":2,"name":"Mercado","item":"https:\/\/www.suno.com.br\/noticias\/mercado\/"},{"@type":"ListItem","position":3,"name":"Eletrobras (ELET3), Vulcabras (VULC3) e Allos (ALSO3) aquecem mercado nesta ter\u00e7a-feira (10); veja mais destaques\u00a0"}]},{"@type":"WebSite","@id":"https:\/\/www.suno.com.br\/noticias\/#website","url":"https:\/\/www.suno.com.br\/noticias\/","name":"Suno Not\u00edcias","description":"Seu portal de informa\u00e7\u00e3o sobre o mundo dos investimentos","publisher":{"@id":"https:\/\/www.suno.com.br\/noticias\/#organization"},"potentialAction":[{"@type":"SearchAction","target":{"@type":"EntryPoint","urlTemplate":"https:\/\/www.suno.com.br\/noticias\/?s={search_term_string}"},"query-input":{"@type":"PropertyValueSpecification","valueRequired":true,"valueName":"search_term_string"}}],"inLanguage":"pt-BR"},{"@type":"Organization","@id":"https:\/\/www.suno.com.br\/noticias\/#organization","name":"Suno Not\u00edcias","url":"https:\/\/www.suno.com.br\/noticias\/","logo":{"@type":"ImageObject","inLanguage":"pt-BR","@id":"https:\/\/www.suno.com.br\/noticias\/#\/schema\/logo\/image\/","url":"https:\/\/files.sunoresearch.com.br\/n\/uploads\/2021\/09\/suno-logo.png","contentUrl":"https:\/\/files.sunoresearch.com.br\/n\/uploads\/2021\/09\/suno-logo.png","width":180,"height":180,"caption":"Suno Not\u00edcias"},"image":{"@id":"https:\/\/www.suno.com.br\/noticias\/#\/schema\/logo\/image\/"},"sameAs":["https:\/\/facebook.com\/sunoresearch","https:\/\/x.com\/sunoresearch","https:\/\/www.instagram.com\/suno","https:\/\/www.linkedin.com\/company\/suno-research\/","https:\/\/www.youtube.com\/c\/sunoresearch"]},{"@type":"Person","@id":"https:\/\/www.suno.com.br\/noticias\/#\/schema\/person\/4a180549702d0e236b3e420862bcded3","name":"Vin\u00edcius Alves","image":{"@type":"ImageObject","inLanguage":"pt-BR","@id":"https:\/\/www.suno.com.br\/noticias\/#\/schema\/person\/image\/","url":"https:\/\/secure.gravatar.com\/avatar\/a95b7fe6d1b813f7907d4f476d5a39e1?s=96&r=g","contentUrl":"https:\/\/secure.gravatar.com\/avatar\/a95b7fe6d1b813f7907d4f476d5a39e1?s=96&r=g","caption":"Vin\u00edcius Alves"},"description":"Jornalista formado na Faculdade C\u00e1sper L\u00edbero. Com passagens pela Ag\u00eancia Estado, InfoMoney e Editora Globo.","url":"https:\/\/www.suno.com.br\/noticias\/author\/vini08correiagmail-com\/"}]}},"default_loop_html":"<div class=\"cardsPage__listCard__boxs\"><div class=\"cardsPage__listCard__boxs__img\"><a href=\"https:\/\/www.suno.com.br\/noticias\/destaques-eletrobras-elet3-vulcabras-allos-also3-mais-va\/\"><img class=\"mask\" src=\"https:\/\/www.suno.com.br\/noticias\/wp-content\/themes\/suno\/resources\/images\/spotlight\/spotlight1img\/bg-mask.png\" alt=\"Image Mask\"\/><img src=\"https:\/\/files.sunoresearch.com.br\/n\/uploads\/2022\/08\/ibovespa-3-400x200.jpg\" alt=\"Eletrobras (ELET3), Vulcabras (VULC3) e Allos (ALSO3) aquecem mercado nesta ter\u00e7a-feira (10); veja mais destaques\u00a0\"\/><\/a><span class=\"spotlightCategory\"><a href=\"https:\/\/www.suno.com.br\/noticias\/mercado\/\">Mercado<\/a><\/span><\/div><div class=\"cardsPage__listCard__boxs__content\"><a href=\"https:\/\/www.suno.com.br\/noticias\/destaques-eletrobras-elet3-vulcabras-allos-also3-mais-va\/\"><h2 class=\"content__title\">Eletrobras (ELET3), Vulcabras (VULC3) e Allos (ALSO3) aquecem mercado nesta ter\u00e7a-feira (10); veja mais destaques\u00a0<\/h2><\/a><div class=\"newsContent__article__meta\"><div class=\"newsContent__article__meta__authorBox\"><a href=\"https:\/\/www.suno.com.br\/noticias\/author\/vini08correiagmail-com\/\" class=\"authorBox__avatar noMobi\"><img src=\"https:\/\/files.sunoresearch.com.br\/n\/uploads\/2026\/04\/WhatsApp-Image-2026-04-20-at-19.35.48-150x150.webp\" alt=\"Vin\u00edcius Alves\"><\/a><div class=\"authorBox__name\"><span>por\n\t\t\t<a href=\"https:\/\/www.suno.com.br\/noticias\/author\/vini08correiagmail-com\/\"><span itemprop=\"author\">Vin\u00edcius Alves<\/span><\/a><\/span><time datetime=\"2023-10-10T10:59:52-03:00\" itemprop=\"datePublished\">10\/10\/2023 10:59<\/time><\/div><\/div><\/div><\/div><\/div>","single_layout":"posts","amp_enabled":true,"_links":{"self":[{"href":"https:\/\/www.suno.com.br\/noticias\/wp-json\/wp\/v2\/posts\/468931"}],"collection":[{"href":"https:\/\/www.suno.com.br\/noticias\/wp-json\/wp\/v2\/posts"}],"about":[{"href":"https:\/\/www.suno.com.br\/noticias\/wp-json\/wp\/v2\/types\/post"}],"author":[{"embeddable":true,"href":"https:\/\/www.suno.com.br\/noticias\/wp-json\/wp\/v2\/users\/301"}],"replies":[{"embeddable":true,"href":"https:\/\/www.suno.com.br\/noticias\/wp-json\/wp\/v2\/comments?post=468931"}],"version-history":[{"count":2,"href":"https:\/\/www.suno.com.br\/noticias\/wp-json\/wp\/v2\/posts\/468931\/revisions"}],"predecessor-version":[{"id":469083,"href":"https:\/\/www.suno.com.br\/noticias\/wp-json\/wp\/v2\/posts\/468931\/revisions\/469083"}],"wp:featuredmedia":[{"embeddable":true,"href":"https:\/\/www.suno.com.br\/noticias\/wp-json\/wp\/v2\/media\/283437"}],"wp:attachment":[{"href":"https:\/\/www.suno.com.br\/noticias\/wp-json\/wp\/v2\/media?parent=468931"}],"wp:term":[{"taxonomy":"category","embeddable":true,"href":"https:\/\/www.suno.com.br\/noticias\/wp-json\/wp\/v2\/categories?post=468931"},{"taxonomy":"post_tag","embeddable":true,"href":"https:\/\/www.suno.com.br\/noticias\/wp-json\/wp\/v2\/tags?post=468931"},{"taxonomy":"suno_strategy","embeddable":true,"href":"https:\/\/www.suno.com.br\/noticias\/wp-json\/wp\/v2\/suno_strategy?post=468931"}],"curies":[{"name":"wp","href":"https:\/\/api.w.org\/{rel}","templated":true}]}}