{"id":468813,"date":"2023-10-10T07:28:28","date_gmt":"2023-10-10T10:28:28","guid":{"rendered":"https:\/\/www.suno.com.br\/noticias\/?p=468813"},"modified":"2023-10-10T07:30:34","modified_gmt":"2023-10-10T10:30:34","slug":"allos-also3-desinvestimento-ativos-gpj","status":"publish","type":"post","link":"https:\/\/www.suno.com.br\/noticias\/allos-also3-desinvestimento-ativos-gpj\/","title":{"rendered":"Allos (ALSO3) assina acordo para desinvestimento em ativos; veja quais s\u00e3o"},"content":{"rendered":"<p>A <strong>Allos<\/strong> <a href=\"https:\/\/www.suno.com.br\/acoes\/ALSO3\/\" target=\"_blank\" rel=\"noreferrer noopener\">(ALSO3)<\/a>, ex-Aliansce Sonae, celebrou um memorando de entendimentos para desinvestimento da totalidade de suas participa\u00e7\u00f5es no Boulevard Shopping Campos e Santana Parque Shopping, de 75% e 36,7%, respectivamente.<\/p>\t<div class=\"wrapper-featured-image\">\n\t\t<figure class=\"spotlightImg\">\n\n\t\t\t<picture>\n\t\t\t\t<source media=\"(max-width: 768px)\" srcset=\"https:\/\/files.sunoresearch.com.br\/n\/uploads\/2021\/02\/b184f9cb-1200px-chermside_shopping_centre-400x200.webp\">\n\t\t\t\t<img loading=\"lazy\" decoding=\"async\" class=\"newsContent__article__imgCapa lazyloadDisabled \" src=\"https:\/\/files.sunoresearch.com.br\/n\/uploads\/2021\/02\/b184f9cb-1200px-chermside_shopping_centre-800x450.webp\" width=\"800\" height=\"450\" alt=\"Allos (ALSO3) assina acordo para desinvestimento em ativos; veja quais s\u00e3o\" fetchpriority=high \/>\n\t\t\t<\/picture>\n\n\t\t\t<figcaption class=\"wp-caption-text wp-caption-text--show\">Allos (ALSO3). Foto: Divulga\u00e7\u00e3o<\/figcaption>\n\t\t<\/figure>\n\t<\/div>\n\n\n\n\n\n\n\n\t<p>\n\t\t<a href=\"https:\/\/lp.suno.com.br\/planilha-da-vida-financeira\/\" target=\"_blank\" data-element=\"shortcode-suno-banner\" title=\"Banner SUNO, clique e saiba mais\">\n\t\t\t<picture>\n\t\t\t\t<source media=\"(max-width: 500px)\" srcset=\"https:\/\/files.sunoresearch.com.br\/n\/uploads\/2023\/04\/400x300-Planilha-vida-financeira-true.png\">\n\t\t\t\t<img class=\"newsContent__article__imgCapa newsContent__article__imgCapa--banner\"\n\t\t\t\t\tsrc=\"https:\/\/files.sunoresearch.com.br\/n\/uploads\/2023\/04\/1420x240-Planilha-vida-financeira-true.png\"\n\t\t\t\t\tdata-promo-id=\"106682\"\t\t\t\t\t\t\t\t\t\twidth='1420' height='240'\t\t\t\t\talt=\"https:\/\/files.sunoresearch.com.br\/n\/uploads\/2023\/04\/1420x240-Planilha-vida-financeira-true.png\"\n\t\t\t\t>\n\t\t\t<\/picture>\n\t\t<\/a>\n\t<\/p>\n\n\n\n\n\n<p>Segundo a Allos, o valor total da opera\u00e7\u00e3o \u00e9 de R$ 297,9 milh\u00f5es, que corresponde a uma taxa de capitaliza\u00e7\u00e3o (<a href=\"https:\/\/www.suno.com.br\/artigos\/cap-rate\/\">cap rate<\/a>) de 8,35%, considerando a efici\u00eancia fiscal. O <a href=\"https:\/\/www.suno.com.br\/artigos\/ganho-de-capital\/\">ganho de capital<\/a> gerado nas transa\u00e7\u00f5es ser\u00e1 integralmente compensado atrav\u00e9s de preju\u00edzo fiscal corrente e o valor dever\u00e1 ser recebido na data de supera\u00e7\u00e3o das condi\u00e7\u00f5es precedentes, em parcela \u00fanica, \u00e0 vista e em dinheiro, destacou a companhia.<\/p>\n\n\n\n<p>&#8220;Os desinvestimentos refor\u00e7am a capacidade da Allos em realizar transa\u00e7\u00f5es que gerem valor para o acionista, com a busca constante por oportunidades de otimizar a aloca\u00e7\u00e3o de capital da companhia&#8221;, informou a empresa.<\/p>\n\n\n\n<p>Ainda de acordo com a Allos, a conclus\u00e3o das transa\u00e7\u00f5es est\u00e1 condicionada ao cumprimento de condi\u00e7\u00f5es precedentes usuais a estes tipos de transa\u00e7\u00f5es, incluindo auditoria e aprova\u00e7\u00e3o pelo Conselho Administrativo de Defesa Econ\u00f4mica (<strong>Cade<\/strong>).<\/p>\n\n\n\t<p>\n\t\t<a href=\"https:\/\/lp.suno.com.br\/ebook-como-analisar-uma-acao\/\" target=\"_blank\" data-element=\"shortcode-suno-banner\" title=\"Banner SUNO, clique e saiba mais\">\n\t\t\t<picture>\n\t\t\t\t<source media=\"(max-width: 500px)\" srcset=\"https:\/\/files.sunoresearch.com.br\/n\/uploads\/2023\/03\/Ebook-Acoes-Mobile.jpg\">\n\t\t\t\t<img class=\"newsContent__article__imgCapa newsContent__article__imgCapa--banner\"\n\t\t\t\t\tsrc=\"https:\/\/files.sunoresearch.com.br\/n\/uploads\/2023\/03\/Ebook-Acoes-Desktop.jpg\"\n\t\t\t\t\tdata-promo-id=\"378302\"\t\t\t\t\t\t\t\t\t\twidth='1420' height='286'\t\t\t\t\talt=\"https:\/\/files.sunoresearch.com.br\/n\/uploads\/2023\/03\/Ebook-Acoes-Desktop.jpg\"\n\t\t\t\t>\n\t\t\t<\/picture>\n\t\t<\/a>\n\t<\/p>\n\n\n\n\n\n<h2 class=\"wp-block-heading\">Allos (ALSO3) anuncia venda de shoppings por R$ 444,4 milh\u00f5es no interior de SP<\/h2>\n\n\n\n<p>A Allos celebrou um acordo para vender toda a participa\u00e7\u00e3o que detinha no Shopping Jardim Sul e de 43% de sua fatia no Bauru Shopping, conforme comunicado na ter\u00e7a-feira passada.<\/p>\n\n\n\n<p>O valor da venda de&nbsp;<strong>shoppings da Allos<\/strong>&nbsp;\u00e9 de R$ 444,4 milh\u00f5es, que corresponde a um&nbsp;<a target=\"_blank\" href=\"https:\/\/www.suno.com.br\/artigos\/cap-rate\/\" rel=\"noreferrer noopener\">cap rate<\/a>&nbsp;de 7,59%. A empresa diz que o&nbsp;<a target=\"_blank\" href=\"https:\/\/www.suno.com.br\/artigos\/ganho-de-capital\/\" rel=\"noreferrer noopener\">ganho de capital<\/a>&nbsp;dessa venda ser\u00e1 compensado por meio do preju\u00edzo fiscal corrente.<\/p>\n\n\n\n<p>A venda do\u00a0<strong>Shopping Jardim Sul\u00a0<\/strong>soma o valor de R$ 343,8 milh\u00f5es, que corresponde a um cap rate de 7,46%, considerando o\u00a0<a href=\"https:\/\/www.suno.com.br\/artigos\/noi\/\">NOI\u00a0<\/a>do shopping estimado para este ano. A quantia ser\u00e1 paga pelo comprador depois que as condi\u00e7\u00f5es precedentes forem superadas.<\/p>\n\n\n\n<p>J\u00e1 o valor da opera\u00e7\u00e3o associada a venda parcial do<strong>&nbsp;Bauru Shopping<\/strong>&nbsp;\u00e9 de R$ 100,6 milh\u00f5es, que corresponde a um cap rate de 8,04%, tamb\u00e9m considerando o NOI do shopping estimado para 2023.<\/p>\n\n\n\n<p>Al\u00e9m disso, a venda pode gerar um ganho adicional para Allos, com base no resultado de NOI do pr\u00f3ximo ano.<\/p>\n\n\n\n<p>\u201cOs desinvestimentos refor\u00e7am a capacidade da Allos em realizar transa\u00e7\u00f5es que gerem valor para o acionista, com a busca constante por oportunidades de otimizar a aloca\u00e7\u00e3o de capital da companhia\u201d, destacou a empresa em seu comunicado.<\/p>\n\n\n\n<p>Ademais, as transa\u00e7\u00f5es s\u00f3 ser\u00e3o concretizadas depois do cumprimento de condi\u00e7\u00f5es precedentes, como a auditoria e aprova\u00e7\u00e3o do <a href=\"https:\/\/www.suno.com.br\/artigos\/cade\/\">Conselho Administrativo de Defesa Econ\u00f4mica (CADE)<\/a>.<\/p>\n\n\n\n\t<div data-element=\"shortcode-read-more\" class=\"readToo\">\n\t\t\t\t<span class=\"readToo__title\">Leia mais<\/span>\n\t\t\t\t<ul class=\"readToo__list\">\n\t\t\t<li><a href=\"https:\/\/www.suno.com.br\/noticias\/lojas-renner-lren3-banco-reduz-preco-alvo-veja-motivos-va\/\">Lojas Renner (LREN3): banco reduz estimativas de lucro e receita; pre\u00e7o-alvo \u00e9 cortado<\/a><\/li><li><a href=\"https:\/\/www.suno.com.br\/noticias\/santander-sanb11-analistas-genial-elevam-recomendacao-preco-alvo-ar\/\">Santander (SANB11): analistas elevam recomenda\u00e7\u00e3o e pre\u00e7o-alvo: &#8220;Pior j\u00e1 passou&#8221;<\/a><\/li><li><a href=\"https:\/\/www.suno.com.br\/noticias\/eletrobras-elet3-desfazer-isa-cteep-trpl4-evm\/\">Eletrobras (ELET3) quer se desfazer de participa\u00e7\u00e3o da ISA Cteep (TRPL4), diz jornal<\/a><\/li>\t\t<\/ul>\n\t<\/div>\n\n\n\n\n<h2 class=\"wp-block-heading\"><a><\/a>Quem comprou os im\u00f3veis da Allos?<\/h2>\n\n\n\n<p>Em seu comunicado, a Allos n\u00e3o divulgou quem s\u00e3o os compradores das participa\u00e7\u00f5es nos shoppings.<\/p>\n\n\n\n<p>No entanto, na tarde desta ter\u00e7a-feira (3), o&nbsp;<strong>fundo imobili\u00e1rio HGBS11<\/strong>&nbsp;divulgou o fechamento de um acordo para a compra de 60% do Shopping Jardim Sul e de 60% das vagas de garagem do condom\u00ednio empresarial Jardim Sul.<\/p>\n\n\n\n<p>O pre\u00e7o teve como base o NOI de caixa recorrente estimado para este ano e um cap rate de 8,25%, correspondente a um cap rate de 8,9% levando em conta o NOI de caixa projetado para os pr\u00f3ximos 12 meses.<\/p>\n\n\n\n<p>Sendo assim, apesar de n\u00e3o ser poss\u00edvel afirmar que o FII\u00a0<a href=\"https:\/\/www.suno.com.br\/fundos-imobiliarios\/hgbs11\/\" target=\"_blank\" rel=\"noreferrer noopener\">HGBS11<\/a>\u00a0\u00e9 o comprador do im\u00f3vel, o momento de fechamento do acordo, o ativo envolvido e o pre\u00e7o da transa\u00e7\u00e3o s\u00e3o correspondentes aos divulgados pelo<strong>\u00a0Allos<\/strong>.<\/p>\n\n\n\n<h2 class=\"wp-block-heading\">Desempenho das a\u00e7\u00f5es da Allos<\/h2>\n\n\n\n<div class=\"pluginQuotation\">\n  <p class=\"ticker\">\n    Cota\u00e7\u00e3o <span>ALSO3<\/span>\n  <\/p>\n  <div class=\"info\">\n    <div class=\"leftSide\">\n      Gr\u00e1fico gerado em: 10\/10\/2023    <\/div>\n\t\t\t\t\t<div class=\"rightSide\">\n\t\t\t\t\t<span class=\"period\">\n\t\t\t\t\t\t1 Dia\t\t\t\t\t<\/span>\n\t\t\t<\/div>\n\t\t  <\/div>\n\n  <div id=\"chart-2610899b8500a42f57d8dda478509b58\" data-block-hash=\"2610899b8500a42f57d8dda478509b58\"  class=\"chart\" style=\"width:100%;height:400px;\"><\/div>\n\n  <div class=\"pluginQuotation__footer\">\n    <div class=\"dataChart\">\n\n      <div class=\"dataChart__div1 variation\">\n        <div class=\"value-positive\">\n          2,48 (+0,55%)        <\/div>\n        <div class=\"text\">\n          Varia\u00e7\u00e3o do per\u00edodo\n        <\/div>\n      <\/div>\n\n      <div class=\"dataChart__div2 minMax\">\n        <div class=\"value\">\n          R$\u00a021,77        <\/div>\n        <div class=\"text\">\n          M\u00ednima\n        <\/div>\n      <\/div>\n\n      <div class=\"dataChart__div3 minMax\">\n        <div class=\"value\">\n          R$\u00a022,79        <\/div>\n        <div class=\"text\">\n          M\u00e1xima\n        <\/div>\n      <\/div>\n\n\t\t\t<div class=\"dataChart__div4 rightSide\">\n\t\t\t\t<div class=\"analiticaSource\">\n\t\t\t\t\t<span>\n\t\t\t\t\t\tFonte:\n\t\t\t\t\t<\/span>\n\t\t\t\t\t<img decoding=\"async\" class=\"analiticaLogo\" src=\"https:\/\/www.suno.com.br\/noticias\/wp-content\/plugins\/suno-block-ticker-quotation\/src\/suno-analitica-logo.png\" alt=\"Logo Suno Anal\u00edtica\" \/>\n\t\t\t\t<\/div>\n\n\t\t\t\t<a href=\"https:\/\/www.suno.com.br\/analitica\/acoes\/ALSO3\" target=\"_blank\">\n\t\t\t\t\t<span>\n\t\t\t\t\t\tVer mais cota\u00e7\u00f5es\n\t\t\t\t\t<\/span>\n\t\t\t\t\t<svg xmlns=\"http:\/\/www.w3.org\/2000\/svg\" width=\"9\" height=\"8\" viewBox=\"0 0 9 8\" fill=\"none\">\n\t\t\t\t\t\t<path d=\"M4.20996 0L3.50496 0.705L6.29496 3.5H0.209961V4.5H6.29496L3.50496 7.295L4.20996 8L8.20996 4L4.20996 0Z\" fill=\"#D42126\" \/>\n\t\t\t\t\t<\/svg>\n\t\t\t\t<\/a>\n    <\/div>\n\n    <\/div>\n  <\/div>\n<\/div>\n\n\n<script type=\"text\/javascript\">\n  let chart_2610899b8500a42f57d8dda478509b58 = document.getElementById('chart-2610899b8500a42f57d8dda478509b58');\n  let data_json_2610899b8500a42f57d8dda478509b58 = \"[{\\\"date\\\":\\\"09\\\\\\\/10\\\\\\\/23 10:02\\\",\\\"value\\\":22.21},{\\\"date\\\":\\\"09\\\\\\\/10\\\\\\\/23 10:04\\\",\\\"value\\\":22.18},{\\\"date\\\":\\\"09\\\\\\\/10\\\\\\\/23 10:06\\\",\\\"value\\\":22.09},{\\\"date\\\":\\\"09\\\\\\\/10\\\\\\\/23 10:08\\\",\\\"value\\\":22.02},{\\\"date\\\":\\\"09\\\\\\\/10\\\\\\\/23 10:10\\\",\\\"value\\\":22.04},{\\\"date\\\":\\\"09\\\\\\\/10\\\\\\\/23 10:12\\\",\\\"value\\\":22.06},{\\\"date\\\":\\\"09\\\\\\\/10\\\\\\\/23 10:14\\\",\\\"value\\\":21.99},{\\\"date\\\":\\\"09\\\\\\\/10\\\\\\\/23 10:16\\\",\\\"value\\\":21.99},{\\\"date\\\":\\\"09\\\\\\\/10\\\\\\\/23 10:18\\\",\\\"value\\\":22.02},{\\\"date\\\":\\\"09\\\\\\\/10\\\\\\\/23 10:20\\\",\\\"value\\\":22},{\\\"date\\\":\\\"09\\\\\\\/10\\\\\\\/23 10:22\\\",\\\"value\\\":21.99},{\\\"date\\\":\\\"09\\\\\\\/10\\\\\\\/23 10:24\\\",\\\"value\\\":21.94},{\\\"date\\\":\\\"09\\\\\\\/10\\\\\\\/23 10:26\\\",\\\"value\\\":21.94},{\\\"date\\\":\\\"09\\\\\\\/10\\\\\\\/23 10:28\\\",\\\"value\\\":21.91},{\\\"date\\\":\\\"09\\\\\\\/10\\\\\\\/23 10:30\\\",\\\"value\\\":21.83},{\\\"date\\\":\\\"09\\\\\\\/10\\\\\\\/23 10:32\\\",\\\"value\\\":21.83},{\\\"date\\\":\\\"09\\\\\\\/10\\\\\\\/23 10:34\\\",\\\"value\\\":21.8},{\\\"date\\\":\\\"09\\\\\\\/10\\\\\\\/23 10:36\\\",\\\"value\\\":21.89},{\\\"date\\\":\\\"09\\\\\\\/10\\\\\\\/23 10:38\\\",\\\"value\\\":21.84},{\\\"date\\\":\\\"09\\\\\\\/10\\\\\\\/23 10:40\\\",\\\"value\\\":21.79},{\\\"date\\\":\\\"09\\\\\\\/10\\\\\\\/23 10:42\\\",\\\"value\\\":21.82},{\\\"date\\\":\\\"09\\\\\\\/10\\\\\\\/23 10:44\\\",\\\"value\\\":21.79},{\\\"date\\\":\\\"09\\\\\\\/10\\\\\\\/23 10:46\\\",\\\"value\\\":21.78},{\\\"date\\\":\\\"09\\\\\\\/10\\\\\\\/23 10:48\\\",\\\"value\\\":21.84},{\\\"date\\\":\\\"09\\\\\\\/10\\\\\\\/23 10:50\\\",\\\"value\\\":21.85},{\\\"date\\\":\\\"09\\\\\\\/10\\\\\\\/23 10:52\\\",\\\"value\\\":21.82},{\\\"date\\\":\\\"09\\\\\\\/10\\\\\\\/23 10:54\\\",\\\"value\\\":21.87},{\\\"date\\\":\\\"09\\\\\\\/10\\\\\\\/23 10:56\\\",\\\"value\\\":21.86},{\\\"date\\\":\\\"09\\\\\\\/10\\\\\\\/23 10:58\\\",\\\"value\\\":21.88},{\\\"date\\\":\\\"09\\\\\\\/10\\\\\\\/23 11:00\\\",\\\"value\\\":21.81},{\\\"date\\\":\\\"09\\\\\\\/10\\\\\\\/23 11:02\\\",\\\"value\\\":21.82},{\\\"date\\\":\\\"09\\\\\\\/10\\\\\\\/23 11:04\\\",\\\"value\\\":21.82},{\\\"date\\\":\\\"09\\\\\\\/10\\\\\\\/23 11:06\\\",\\\"value\\\":21.81},{\\\"date\\\":\\\"09\\\\\\\/10\\\\\\\/23 11:08\\\",\\\"value\\\":21.82},{\\\"date\\\":\\\"09\\\\\\\/10\\\\\\\/23 11:10\\\",\\\"value\\\":21.8},{\\\"date\\\":\\\"09\\\\\\\/10\\\\\\\/23 11:12\\\",\\\"value\\\":21.81},{\\\"date\\\":\\\"09\\\\\\\/10\\\\\\\/23 11:14\\\",\\\"value\\\":21.81},{\\\"date\\\":\\\"09\\\\\\\/10\\\\\\\/23 11:16\\\",\\\"value\\\":21.77},{\\\"date\\\":\\\"09\\\\\\\/10\\\\\\\/23 11:18\\\",\\\"value\\\":21.79},{\\\"date\\\":\\\"09\\\\\\\/10\\\\\\\/23 11:20\\\",\\\"value\\\":21.78},{\\\"date\\\":\\\"09\\\\\\\/10\\\\\\\/23 11:22\\\",\\\"value\\\":21.8},{\\\"date\\\":\\\"09\\\\\\\/10\\\\\\\/23 11:24\\\",\\\"value\\\":21.82},{\\\"date\\\":\\\"09\\\\\\\/10\\\\\\\/23 11:26\\\",\\\"value\\\":21.84},{\\\"date\\\":\\\"09\\\\\\\/10\\\\\\\/23 11:28\\\",\\\"value\\\":21.85},{\\\"date\\\":\\\"09\\\\\\\/10\\\\\\\/23 11:30\\\",\\\"value\\\":21.86},{\\\"date\\\":\\\"09\\\\\\\/10\\\\\\\/23 11:32\\\",\\\"value\\\":21.88},{\\\"date\\\":\\\"09\\\\\\\/10\\\\\\\/23 11:34\\\",\\\"value\\\":21.86},{\\\"date\\\":\\\"09\\\\\\\/10\\\\\\\/23 11:36\\\",\\\"value\\\":21.88},{\\\"date\\\":\\\"09\\\\\\\/10\\\\\\\/23 11:38\\\",\\\"value\\\":21.87},{\\\"date\\\":\\\"09\\\\\\\/10\\\\\\\/23 11:40\\\",\\\"value\\\":21.85},{\\\"date\\\":\\\"09\\\\\\\/10\\\\\\\/23 11:42\\\",\\\"value\\\":21.9},{\\\"date\\\":\\\"09\\\\\\\/10\\\\\\\/23 11:44\\\",\\\"value\\\":21.87},{\\\"date\\\":\\\"09\\\\\\\/10\\\\\\\/23 11:46\\\",\\\"value\\\":21.88},{\\\"date\\\":\\\"09\\\\\\\/10\\\\\\\/23 11:48\\\",\\\"value\\\":21.99},{\\\"date\\\":\\\"09\\\\\\\/10\\\\\\\/23 11:50\\\",\\\"value\\\":21.97},{\\\"date\\\":\\\"09\\\\\\\/10\\\\\\\/23 11:52\\\",\\\"value\\\":22.05},{\\\"date\\\":\\\"09\\\\\\\/10\\\\\\\/23 11:54\\\",\\\"value\\\":22.08},{\\\"date\\\":\\\"09\\\\\\\/10\\\\\\\/23 11:56\\\",\\\"value\\\":22.04},{\\\"date\\\":\\\"09\\\\\\\/10\\\\\\\/23 11:58\\\",\\\"value\\\":21.96},{\\\"date\\\":\\\"09\\\\\\\/10\\\\\\\/23 12:00\\\",\\\"value\\\":21.98},{\\\"date\\\":\\\"09\\\\\\\/10\\\\\\\/23 12:02\\\",\\\"value\\\":22.03},{\\\"date\\\":\\\"09\\\\\\\/10\\\\\\\/23 12:04\\\",\\\"value\\\":21.98},{\\\"date\\\":\\\"09\\\\\\\/10\\\\\\\/23 12:06\\\",\\\"value\\\":21.95},{\\\"date\\\":\\\"09\\\\\\\/10\\\\\\\/23 12:08\\\",\\\"value\\\":21.97},{\\\"date\\\":\\\"09\\\\\\\/10\\\\\\\/23 12:10\\\",\\\"value\\\":22.03},{\\\"date\\\":\\\"09\\\\\\\/10\\\\\\\/23 12:12\\\",\\\"value\\\":22.04},{\\\"date\\\":\\\"09\\\\\\\/10\\\\\\\/23 14:54\\\",\\\"value\\\":22.74},{\\\"date\\\":\\\"09\\\\\\\/10\\\\\\\/23 14:56\\\",\\\"value\\\":22.74},{\\\"date\\\":\\\"09\\\\\\\/10\\\\\\\/23 14:58\\\",\\\"value\\\":22.7},{\\\"date\\\":\\\"09\\\\\\\/10\\\\\\\/23 15:00\\\",\\\"value\\\":22.7},{\\\"date\\\":\\\"09\\\\\\\/10\\\\\\\/23 15:02\\\",\\\"value\\\":22.77},{\\\"date\\\":\\\"09\\\\\\\/10\\\\\\\/23 15:04\\\",\\\"value\\\":22.75},{\\\"date\\\":\\\"09\\\\\\\/10\\\\\\\/23 15:06\\\",\\\"value\\\":22.73},{\\\"date\\\":\\\"09\\\\\\\/10\\\\\\\/23 15:08\\\",\\\"value\\\":22.73},{\\\"date\\\":\\\"09\\\\\\\/10\\\\\\\/23 15:10\\\",\\\"value\\\":22.72},{\\\"date\\\":\\\"09\\\\\\\/10\\\\\\\/23 15:12\\\",\\\"value\\\":22.71},{\\\"date\\\":\\\"09\\\\\\\/10\\\\\\\/23 15:14\\\",\\\"value\\\":22.72},{\\\"date\\\":\\\"09\\\\\\\/10\\\\\\\/23 15:16\\\",\\\"value\\\":22.68},{\\\"date\\\":\\\"09\\\\\\\/10\\\\\\\/23 15:18\\\",\\\"value\\\":22.65},{\\\"date\\\":\\\"09\\\\\\\/10\\\\\\\/23 15:20\\\",\\\"value\\\":22.68},{\\\"date\\\":\\\"09\\\\\\\/10\\\\\\\/23 15:22\\\",\\\"value\\\":22.66},{\\\"date\\\":\\\"09\\\\\\\/10\\\\\\\/23 15:24\\\",\\\"value\\\":22.67},{\\\"date\\\":\\\"09\\\\\\\/10\\\\\\\/23 15:26\\\",\\\"value\\\":22.67},{\\\"date\\\":\\\"09\\\\\\\/10\\\\\\\/23 15:28\\\",\\\"value\\\":22.67},{\\\"date\\\":\\\"09\\\\\\\/10\\\\\\\/23 15:30\\\",\\\"value\\\":22.67},{\\\"date\\\":\\\"09\\\\\\\/10\\\\\\\/23 15:32\\\",\\\"value\\\":22.69},{\\\"date\\\":\\\"09\\\\\\\/10\\\\\\\/23 15:34\\\",\\\"value\\\":22.69},{\\\"date\\\":\\\"09\\\\\\\/10\\\\\\\/23 15:36\\\",\\\"value\\\":22.7},{\\\"date\\\":\\\"09\\\\\\\/10\\\\\\\/23 15:38\\\",\\\"value\\\":22.68},{\\\"date\\\":\\\"09\\\\\\\/10\\\\\\\/23 15:40\\\",\\\"value\\\":22.64},{\\\"date\\\":\\\"09\\\\\\\/10\\\\\\\/23 15:42\\\",\\\"value\\\":22.71},{\\\"date\\\":\\\"09\\\\\\\/10\\\\\\\/23 15:44\\\",\\\"value\\\":22.76},{\\\"date\\\":\\\"09\\\\\\\/10\\\\\\\/23 15:46\\\",\\\"value\\\":22.76},{\\\"date\\\":\\\"09\\\\\\\/10\\\\\\\/23 15:48\\\",\\\"value\\\":22.76},{\\\"date\\\":\\\"09\\\\\\\/10\\\\\\\/23 15:50\\\",\\\"value\\\":22.76},{\\\"date\\\":\\\"09\\\\\\\/10\\\\\\\/23 15:52\\\",\\\"value\\\":22.74},{\\\"date\\\":\\\"09\\\\\\\/10\\\\\\\/23 15:54\\\",\\\"value\\\":22.75},{\\\"date\\\":\\\"09\\\\\\\/10\\\\\\\/23 15:56\\\",\\\"value\\\":22.74},{\\\"date\\\":\\\"09\\\\\\\/10\\\\\\\/23 15:58\\\",\\\"value\\\":22.74},{\\\"date\\\":\\\"09\\\\\\\/10\\\\\\\/23 16:00\\\",\\\"value\\\":22.79},{\\\"date\\\":\\\"09\\\\\\\/10\\\\\\\/23 16:02\\\",\\\"value\\\":22.76},{\\\"date\\\":\\\"09\\\\\\\/10\\\\\\\/23 16:04\\\",\\\"value\\\":22.76},{\\\"date\\\":\\\"09\\\\\\\/10\\\\\\\/23 16:06\\\",\\\"value\\\":22.75},{\\\"date\\\":\\\"09\\\\\\\/10\\\\\\\/23 16:08\\\",\\\"value\\\":22.72},{\\\"date\\\":\\\"09\\\\\\\/10\\\\\\\/23 16:10\\\",\\\"value\\\":22.76},{\\\"date\\\":\\\"09\\\\\\\/10\\\\\\\/23 17:58\\\",\\\"value\\\":22.76}]\";\n  let isPositive_2610899b8500a42f57d8dda478509b58 = true;\n\n  let color_2610899b8500a42f57d8dda478509b58 = isPositive_2610899b8500a42f57d8dda478509b58 ? '#3AB53A' : '#D92C2D';\n\n  let data_2610899b8500a42f57d8dda478509b58 = JSON.parse(data_json_2610899b8500a42f57d8dda478509b58);\n\n  const result_2610899b8500a42f57d8dda478509b58 = {\n    date: [],\n    value: [],\n  };\n\n  data_2610899b8500a42f57d8dda478509b58.forEach((item) => {\n    result_2610899b8500a42f57d8dda478509b58.date.push(item.date);\n    result_2610899b8500a42f57d8dda478509b58.value.push(Number(item.value));\n  });\n\n  let option_2610899b8500a42f57d8dda478509b58 = {\n    \/\/ variavel de cor global\n    color: [color_2610899b8500a42f57d8dda478509b58],\n    title: {\n      text: '',\n    },\n    tooltip: {\n      trigger: 'axis',\n      axisPointer: {\n        type: 'cross',\n        label: {\n          \/\/ cor dos valores em X e Y\n          backgroundColor: color_2610899b8500a42f57d8dda478509b58,\n          formatter: (value) => {\n            if (typeof value.value === 'number') {\n              return Number(value.value).toLocaleString('pt-br', {\n                style: 'currency',\n                currency: 'BRL'\n              });\n            }\n            return value.value;\n          },\n        },\n      },\n      valueFormatter: (value) => Number(value).toLocaleString('pt-br', {\n        style: 'currency',\n        currency: 'BRL'\n      }),\n    },\n    legend: {\n      \/\/ data: ['Valor de Fechamento'],\n      show: false,\n    },\n    toolbox: {\n      feature: {\n        saveAsImage: {\n          show: false,\n        },\n      },\n    },\n    grid: {\n      left: '0px',\n      right: '0px',\n      bottom: '0px',\n      containLabel: true,\n    },\n    xAxis: [{\n      type: 'category',\n      data: result_2610899b8500a42f57d8dda478509b58.date,\n      boundaryGap: true,\n    }],\n    yAxis: [{\n      type: 'value',\n      min: Math.min(...result_2610899b8500a42f57d8dda478509b58.value),\n      max: Math.max(...result_2610899b8500a42f57d8dda478509b58.value),\n      axisLabel: {\n        formatter: (value) => value.toLocaleString('pt-br', {\n          style: 'currency',\n          currency: 'BRL'\n        }),\n      },\n    }],\n    series: [{\n      name: 'Valor de Fechamento',\n      type: 'line',\n      stack: 'Total',\n      \/\/ cor do grafico\n      areaStyle: {},\n      emphasis: {\n        focus: 'series',\n      },\n      data: result_2610899b8500a42f57d8dda478509b58.value,\n      \/\/ cor da linha\n      lineStyle: {\n        color: color_2610899b8500a42f57d8dda478509b58,\n      },\n    }, ],\n  };\n\n\twindow.chart_2610899b8500a42f57d8dda478509b58 = {\n\t\tel: chart_2610899b8500a42f57d8dda478509b58,\n\t\toption: option_2610899b8500a42f57d8dda478509b58\t};\n\n\n<\/script>\n\n\n\t<p>\n\t\t<a href=\"https:\/\/lp.suno.com.br\/planilha-da-vida-financeira\/\" target=\"_blank\" data-element=\"shortcode-suno-banner\" title=\"Banner SUNO, clique e saiba mais\">\n\t\t\t<picture>\n\t\t\t\t<source media=\"(max-width: 500px)\" srcset=\"https:\/\/files.sunoresearch.com.br\/n\/uploads\/2023\/04\/400x300-Planilha-vida-financeira-true.png\">\n\t\t\t\t<img class=\"newsContent__article__imgCapa newsContent__article__imgCapa--banner\"\n\t\t\t\t\tsrc=\"https:\/\/files.sunoresearch.com.br\/n\/uploads\/2023\/04\/1420x240-Planilha-vida-financeira-true.png\"\n\t\t\t\t\tdata-promo-id=\"383123\"\t\t\t\t\t\t\t\t\t\twidth='1420' height='240'\t\t\t\t\talt=\"https:\/\/files.sunoresearch.com.br\/n\/uploads\/2023\/04\/1420x240-Planilha-vida-financeira-true.png\"\n\t\t\t\t>\n\t\t\t<\/picture>\n\t\t<\/a>\n\t<\/p>\n\n\n","protected":false},"excerpt":{"rendered":"<p>A Allos (ALSO3), ex-Aliansce Sonae, celebrou um memorando de entendimentos para desinvestimento da totalidade de suas participa\u00e7\u00f5es no Boulevard Shopping Campos e Santana Parque Shopping, de 75% e 36,7%, respectivamente. Allos (ALSO3). Foto: Divulga\u00e7\u00e3o Segundo a Allos, o valor total da opera\u00e7\u00e3o \u00e9 de R$ 297,9 milh\u00f5es, que corresponde a uma taxa de capitaliza\u00e7\u00e3o (cap [&hellip;]<\/p>\n","protected":false},"author":313,"featured_media":117910,"comment_status":"closed","ping_status":"closed","sticky":false,"template":"","format":"standard","meta":[],"categories":[64],"tags":[38091],"suno_strategy":[],"class_list":["post-468813","post","type-post","status-publish","format-standard","has-post-thumbnail","hentry","category-negocios","tag-aliansce-sonae-also3"],"yoast_head":"<!-- This site is optimized with the Yoast SEO plugin v24.4 - https:\/\/yoast.com\/wordpress\/plugins\/seo\/ -->\n<title>Allos (ALSO3) assina acordo para desinvestimento em ativos; veja quais<\/title>\n<meta name=\"description\" content=\"A Allos, ex-Aliansce Sonae, celebrou um memorando de entendimentos para desinvestimento da totalidade de suas participa\u00e7\u00f5es em dois ativos.\" \/>\n<meta name=\"robots\" content=\"index, follow, max-snippet:-1, max-image-preview:large, max-video-preview:-1\" \/>\n<link rel=\"canonical\" href=\"https:\/\/www.suno.com.br\/noticias\/allos-also3-desinvestimento-ativos-gpj\/\" \/>\n<meta property=\"og:locale\" content=\"pt_BR\" \/>\n<meta property=\"og:type\" content=\"article\" \/>\n<meta property=\"og:title\" content=\"Allos (ALSO3) assina acordo para desinvestimento em ativos; veja quais\" \/>\n<meta property=\"og:description\" content=\"A Allos, ex-Aliansce Sonae, celebrou um memorando de entendimentos para desinvestimento da totalidade de suas participa\u00e7\u00f5es em dois ativos.\" \/>\n<meta property=\"og:url\" content=\"https:\/\/www.suno.com.br\/noticias\/allos-also3-desinvestimento-ativos-gpj\/\" \/>\n<meta property=\"og:site_name\" content=\"Suno Not\u00edcias\" \/>\n<meta property=\"article:publisher\" content=\"https:\/\/facebook.com\/sunoresearch\" \/>\n<meta property=\"og:image\" content=\"https:\/\/files.sunoresearch.com.br\/n\/uploads\/2021\/02\/b184f9cb-1200px-chermside_shopping_centre.jpg\" \/>\n\t<meta property=\"og:image:width\" content=\"1200\" \/>\n\t<meta property=\"og:image:height\" content=\"795\" \/>\n\t<meta property=\"og:image:type\" content=\"image\/jpeg\" \/>\n<meta name=\"author\" content=\"Giovanni Porf\u00edrio Jacomino\" \/>\n<meta name=\"twitter:card\" content=\"summary_large_image\" \/>\n<meta name=\"twitter:creator\" content=\"@sunoresearch\" \/>\n<meta name=\"twitter:site\" content=\"@sunoresearch\" \/>\n<meta name=\"twitter:label1\" content=\"Escrito por\" \/>\n\t<meta name=\"twitter:data1\" content=\"Giovanni Porf\u00edrio Jacomino\" \/>\n\t<meta name=\"twitter:label2\" content=\"Est. tempo de leitura\" \/>\n\t<meta name=\"twitter:data2\" content=\"4 minutos\" \/>\n<script type=\"application\/ld+json\" class=\"yoast-schema-graph\">{\"@context\":\"https:\/\/schema.org\",\"@graph\":[{\"@type\":\"NewsArticle\",\"@id\":\"https:\/\/www.suno.com.br\/noticias\/allos-also3-desinvestimento-ativos-gpj\/#article\",\"isPartOf\":{\"@id\":\"https:\/\/www.suno.com.br\/noticias\/allos-also3-desinvestimento-ativos-gpj\/\"},\"author\":{\"name\":\"Giovanni Porf\u00edrio Jacomino\",\"@id\":\"https:\/\/www.suno.com.br\/noticias\/#\/schema\/person\/d0f32748bbca4bee871fa191ee4e2d40\"},\"headline\":\"Allos (ALSO3) assina acordo para desinvestimento em ativos; veja quais s\u00e3o\",\"datePublished\":\"2023-10-10T10:28:28+00:00\",\"dateModified\":\"2023-10-10T10:30:34+00:00\",\"mainEntityOfPage\":{\"@id\":\"https:\/\/www.suno.com.br\/noticias\/allos-also3-desinvestimento-ativos-gpj\/\"},\"wordCount\":607,\"publisher\":{\"@id\":\"https:\/\/www.suno.com.br\/noticias\/#organization\"},\"image\":{\"@id\":\"https:\/\/www.suno.com.br\/noticias\/allos-also3-desinvestimento-ativos-gpj\/#primaryimage\"},\"thumbnailUrl\":\"https:\/\/files.sunoresearch.com.br\/n\/uploads\/2021\/02\/b184f9cb-1200px-chermside_shopping_centre-jpg.webp\",\"keywords\":[\"Aliansce Sonae (ALSO3)\"],\"articleSection\":[\"Neg\u00f3cios\"],\"inLanguage\":\"pt-BR\"},{\"@type\":\"WebPage\",\"@id\":\"https:\/\/www.suno.com.br\/noticias\/allos-also3-desinvestimento-ativos-gpj\/\",\"url\":\"https:\/\/www.suno.com.br\/noticias\/allos-also3-desinvestimento-ativos-gpj\/\",\"name\":\"Allos (ALSO3) assina acordo para desinvestimento em ativos; veja quais\",\"isPartOf\":{\"@id\":\"https:\/\/www.suno.com.br\/noticias\/#website\"},\"primaryImageOfPage\":{\"@id\":\"https:\/\/www.suno.com.br\/noticias\/allos-also3-desinvestimento-ativos-gpj\/#primaryimage\"},\"image\":{\"@id\":\"https:\/\/www.suno.com.br\/noticias\/allos-also3-desinvestimento-ativos-gpj\/#primaryimage\"},\"thumbnailUrl\":\"https:\/\/files.sunoresearch.com.br\/n\/uploads\/2021\/02\/b184f9cb-1200px-chermside_shopping_centre-jpg.webp\",\"datePublished\":\"2023-10-10T10:28:28+00:00\",\"dateModified\":\"2023-10-10T10:30:34+00:00\",\"description\":\"A Allos, ex-Aliansce Sonae, celebrou um memorando de entendimentos para desinvestimento da totalidade de suas participa\u00e7\u00f5es em dois ativos.\",\"breadcrumb\":{\"@id\":\"https:\/\/www.suno.com.br\/noticias\/allos-also3-desinvestimento-ativos-gpj\/#breadcrumb\"},\"inLanguage\":\"pt-BR\",\"potentialAction\":[{\"@type\":\"ReadAction\",\"target\":[\"https:\/\/www.suno.com.br\/noticias\/allos-also3-desinvestimento-ativos-gpj\/\"]}]},{\"@type\":\"ImageObject\",\"inLanguage\":\"pt-BR\",\"@id\":\"https:\/\/www.suno.com.br\/noticias\/allos-also3-desinvestimento-ativos-gpj\/#primaryimage\",\"url\":\"https:\/\/files.sunoresearch.com.br\/n\/uploads\/2021\/02\/b184f9cb-1200px-chermside_shopping_centre-jpg.webp\",\"contentUrl\":\"https:\/\/files.sunoresearch.com.br\/n\/uploads\/2021\/02\/b184f9cb-1200px-chermside_shopping_centre-jpg.webp\",\"width\":1200,\"height\":795,\"caption\":\"Allos (ALSO3). Foto: Divulga\u00e7\u00e3o\"},{\"@type\":\"BreadcrumbList\",\"@id\":\"https:\/\/www.suno.com.br\/noticias\/allos-also3-desinvestimento-ativos-gpj\/#breadcrumb\",\"itemListElement\":[{\"@type\":\"ListItem\",\"position\":1,\"name\":\"Not\u00edcias\",\"item\":\"https:\/\/www.suno.com.br\/noticias\/\"},{\"@type\":\"ListItem\",\"position\":2,\"name\":\"Neg\u00f3cios\",\"item\":\"https:\/\/www.suno.com.br\/noticias\/negocios\/\"},{\"@type\":\"ListItem\",\"position\":3,\"name\":\"Allos (ALSO3) assina acordo para desinvestimento em ativos; veja quais s\u00e3o\"}]},{\"@type\":\"WebSite\",\"@id\":\"https:\/\/www.suno.com.br\/noticias\/#website\",\"url\":\"https:\/\/www.suno.com.br\/noticias\/\",\"name\":\"Suno Not\u00edcias\",\"description\":\"Seu portal de informa\u00e7\u00e3o sobre o mundo dos investimentos\",\"publisher\":{\"@id\":\"https:\/\/www.suno.com.br\/noticias\/#organization\"},\"potentialAction\":[{\"@type\":\"SearchAction\",\"target\":{\"@type\":\"EntryPoint\",\"urlTemplate\":\"https:\/\/www.suno.com.br\/noticias\/?s={search_term_string}\"},\"query-input\":{\"@type\":\"PropertyValueSpecification\",\"valueRequired\":true,\"valueName\":\"search_term_string\"}}],\"inLanguage\":\"pt-BR\"},{\"@type\":\"Organization\",\"@id\":\"https:\/\/www.suno.com.br\/noticias\/#organization\",\"name\":\"Suno Not\u00edcias\",\"url\":\"https:\/\/www.suno.com.br\/noticias\/\",\"logo\":{\"@type\":\"ImageObject\",\"inLanguage\":\"pt-BR\",\"@id\":\"https:\/\/www.suno.com.br\/noticias\/#\/schema\/logo\/image\/\",\"url\":\"https:\/\/files.sunoresearch.com.br\/n\/uploads\/2021\/09\/suno-logo.png\",\"contentUrl\":\"https:\/\/files.sunoresearch.com.br\/n\/uploads\/2021\/09\/suno-logo.png\",\"width\":180,\"height\":180,\"caption\":\"Suno Not\u00edcias\"},\"image\":{\"@id\":\"https:\/\/www.suno.com.br\/noticias\/#\/schema\/logo\/image\/\"},\"sameAs\":[\"https:\/\/facebook.com\/sunoresearch\",\"https:\/\/x.com\/sunoresearch\",\"https:\/\/www.instagram.com\/suno\",\"https:\/\/www.linkedin.com\/company\/suno-research\/\",\"https:\/\/www.youtube.com\/c\/sunoresearch\"]},{\"@type\":\"Person\",\"@id\":\"https:\/\/www.suno.com.br\/noticias\/#\/schema\/person\/d0f32748bbca4bee871fa191ee4e2d40\",\"name\":\"Giovanni Porf\u00edrio Jacomino\",\"image\":{\"@type\":\"ImageObject\",\"inLanguage\":\"pt-BR\",\"@id\":\"https:\/\/www.suno.com.br\/noticias\/#\/schema\/person\/image\/\",\"url\":\"https:\/\/secure.gravatar.com\/avatar\/efb32e19b730a121cb7a80f41ffec01a?s=96&r=g\",\"contentUrl\":\"https:\/\/secure.gravatar.com\/avatar\/efb32e19b730a121cb7a80f41ffec01a?s=96&r=g\",\"caption\":\"Giovanni Porf\u00edrio Jacomino\"},\"description\":\"Giovanni Porf\u00edrio Jacomino \u00e9 jornalista formado pela Universidade Estadual de Londrina (UEL) e p\u00f3s-graduado em Produ\u00e7\u00e3o e Pr\u00e1ticas Jornal\u00edsticas na Contemporaneidade na Faculdade C\u00e1sper L\u00edbero (FCL). Foi editor web no Startupi e no Finsiders, atuando ainda como editor no TC Mover, portal de not\u00edcias da TradersClub, fazendo a cobertura de assuntos relacionados ao mercado financeiro interno e externo. Atualmente, \u00e9 Rep\u00f3rter do Suno Not\u00edcias.\",\"url\":\"https:\/\/www.suno.com.br\/noticias\/author\/giovanni-porfiriosuno-com-br\/\"}]}<\/script>\n<!-- \/ Yoast SEO plugin. -->","yoast_head_json":{"title":"Allos (ALSO3) assina acordo para desinvestimento em ativos; veja quais","description":"A Allos, ex-Aliansce Sonae, celebrou um memorando de entendimentos para desinvestimento da totalidade de suas participa\u00e7\u00f5es em dois ativos.","robots":{"index":"index","follow":"follow","max-snippet":"max-snippet:-1","max-image-preview":"max-image-preview:large","max-video-preview":"max-video-preview:-1"},"canonical":"https:\/\/www.suno.com.br\/noticias\/allos-also3-desinvestimento-ativos-gpj\/","og_locale":"pt_BR","og_type":"article","og_title":"Allos (ALSO3) assina acordo para desinvestimento em ativos; veja quais","og_description":"A Allos, ex-Aliansce Sonae, celebrou um memorando de entendimentos para desinvestimento da totalidade de suas participa\u00e7\u00f5es em dois ativos.","og_url":"https:\/\/www.suno.com.br\/noticias\/allos-also3-desinvestimento-ativos-gpj\/","og_site_name":"Suno Not\u00edcias","article_publisher":"https:\/\/facebook.com\/sunoresearch","og_image":[{"width":1200,"height":795,"url":"https:\/\/files.sunoresearch.com.br\/n\/uploads\/2021\/02\/b184f9cb-1200px-chermside_shopping_centre.jpg","type":"image\/jpeg"}],"author":"Giovanni Porf\u00edrio Jacomino","twitter_card":"summary_large_image","twitter_creator":"@sunoresearch","twitter_site":"@sunoresearch","twitter_misc":{"Escrito por":"Giovanni Porf\u00edrio Jacomino","Est. tempo de leitura":"4 minutos"},"schema":{"@context":"https:\/\/schema.org","@graph":[{"@type":"NewsArticle","@id":"https:\/\/www.suno.com.br\/noticias\/allos-also3-desinvestimento-ativos-gpj\/#article","isPartOf":{"@id":"https:\/\/www.suno.com.br\/noticias\/allos-also3-desinvestimento-ativos-gpj\/"},"author":{"name":"Giovanni Porf\u00edrio Jacomino","@id":"https:\/\/www.suno.com.br\/noticias\/#\/schema\/person\/d0f32748bbca4bee871fa191ee4e2d40"},"headline":"Allos (ALSO3) assina acordo para desinvestimento em ativos; veja quais s\u00e3o","datePublished":"2023-10-10T10:28:28+00:00","dateModified":"2023-10-10T10:30:34+00:00","mainEntityOfPage":{"@id":"https:\/\/www.suno.com.br\/noticias\/allos-also3-desinvestimento-ativos-gpj\/"},"wordCount":607,"publisher":{"@id":"https:\/\/www.suno.com.br\/noticias\/#organization"},"image":{"@id":"https:\/\/www.suno.com.br\/noticias\/allos-also3-desinvestimento-ativos-gpj\/#primaryimage"},"thumbnailUrl":"https:\/\/files.sunoresearch.com.br\/n\/uploads\/2021\/02\/b184f9cb-1200px-chermside_shopping_centre-jpg.webp","keywords":["Aliansce Sonae (ALSO3)"],"articleSection":["Neg\u00f3cios"],"inLanguage":"pt-BR"},{"@type":"WebPage","@id":"https:\/\/www.suno.com.br\/noticias\/allos-also3-desinvestimento-ativos-gpj\/","url":"https:\/\/www.suno.com.br\/noticias\/allos-also3-desinvestimento-ativos-gpj\/","name":"Allos (ALSO3) assina acordo para desinvestimento em ativos; veja quais","isPartOf":{"@id":"https:\/\/www.suno.com.br\/noticias\/#website"},"primaryImageOfPage":{"@id":"https:\/\/www.suno.com.br\/noticias\/allos-also3-desinvestimento-ativos-gpj\/#primaryimage"},"image":{"@id":"https:\/\/www.suno.com.br\/noticias\/allos-also3-desinvestimento-ativos-gpj\/#primaryimage"},"thumbnailUrl":"https:\/\/files.sunoresearch.com.br\/n\/uploads\/2021\/02\/b184f9cb-1200px-chermside_shopping_centre-jpg.webp","datePublished":"2023-10-10T10:28:28+00:00","dateModified":"2023-10-10T10:30:34+00:00","description":"A Allos, ex-Aliansce Sonae, celebrou um memorando de entendimentos para desinvestimento da totalidade de suas participa\u00e7\u00f5es em dois ativos.","breadcrumb":{"@id":"https:\/\/www.suno.com.br\/noticias\/allos-also3-desinvestimento-ativos-gpj\/#breadcrumb"},"inLanguage":"pt-BR","potentialAction":[{"@type":"ReadAction","target":["https:\/\/www.suno.com.br\/noticias\/allos-also3-desinvestimento-ativos-gpj\/"]}]},{"@type":"ImageObject","inLanguage":"pt-BR","@id":"https:\/\/www.suno.com.br\/noticias\/allos-also3-desinvestimento-ativos-gpj\/#primaryimage","url":"https:\/\/files.sunoresearch.com.br\/n\/uploads\/2021\/02\/b184f9cb-1200px-chermside_shopping_centre-jpg.webp","contentUrl":"https:\/\/files.sunoresearch.com.br\/n\/uploads\/2021\/02\/b184f9cb-1200px-chermside_shopping_centre-jpg.webp","width":1200,"height":795,"caption":"Allos (ALSO3). Foto: Divulga\u00e7\u00e3o"},{"@type":"BreadcrumbList","@id":"https:\/\/www.suno.com.br\/noticias\/allos-also3-desinvestimento-ativos-gpj\/#breadcrumb","itemListElement":[{"@type":"ListItem","position":1,"name":"Not\u00edcias","item":"https:\/\/www.suno.com.br\/noticias\/"},{"@type":"ListItem","position":2,"name":"Neg\u00f3cios","item":"https:\/\/www.suno.com.br\/noticias\/negocios\/"},{"@type":"ListItem","position":3,"name":"Allos (ALSO3) assina acordo para desinvestimento em ativos; veja quais s\u00e3o"}]},{"@type":"WebSite","@id":"https:\/\/www.suno.com.br\/noticias\/#website","url":"https:\/\/www.suno.com.br\/noticias\/","name":"Suno Not\u00edcias","description":"Seu portal de informa\u00e7\u00e3o sobre o mundo dos investimentos","publisher":{"@id":"https:\/\/www.suno.com.br\/noticias\/#organization"},"potentialAction":[{"@type":"SearchAction","target":{"@type":"EntryPoint","urlTemplate":"https:\/\/www.suno.com.br\/noticias\/?s={search_term_string}"},"query-input":{"@type":"PropertyValueSpecification","valueRequired":true,"valueName":"search_term_string"}}],"inLanguage":"pt-BR"},{"@type":"Organization","@id":"https:\/\/www.suno.com.br\/noticias\/#organization","name":"Suno Not\u00edcias","url":"https:\/\/www.suno.com.br\/noticias\/","logo":{"@type":"ImageObject","inLanguage":"pt-BR","@id":"https:\/\/www.suno.com.br\/noticias\/#\/schema\/logo\/image\/","url":"https:\/\/files.sunoresearch.com.br\/n\/uploads\/2021\/09\/suno-logo.png","contentUrl":"https:\/\/files.sunoresearch.com.br\/n\/uploads\/2021\/09\/suno-logo.png","width":180,"height":180,"caption":"Suno Not\u00edcias"},"image":{"@id":"https:\/\/www.suno.com.br\/noticias\/#\/schema\/logo\/image\/"},"sameAs":["https:\/\/facebook.com\/sunoresearch","https:\/\/x.com\/sunoresearch","https:\/\/www.instagram.com\/suno","https:\/\/www.linkedin.com\/company\/suno-research\/","https:\/\/www.youtube.com\/c\/sunoresearch"]},{"@type":"Person","@id":"https:\/\/www.suno.com.br\/noticias\/#\/schema\/person\/d0f32748bbca4bee871fa191ee4e2d40","name":"Giovanni Porf\u00edrio Jacomino","image":{"@type":"ImageObject","inLanguage":"pt-BR","@id":"https:\/\/www.suno.com.br\/noticias\/#\/schema\/person\/image\/","url":"https:\/\/secure.gravatar.com\/avatar\/efb32e19b730a121cb7a80f41ffec01a?s=96&r=g","contentUrl":"https:\/\/secure.gravatar.com\/avatar\/efb32e19b730a121cb7a80f41ffec01a?s=96&r=g","caption":"Giovanni Porf\u00edrio Jacomino"},"description":"Giovanni Porf\u00edrio Jacomino \u00e9 jornalista formado pela Universidade Estadual de Londrina (UEL) e p\u00f3s-graduado em Produ\u00e7\u00e3o e Pr\u00e1ticas Jornal\u00edsticas na Contemporaneidade na Faculdade C\u00e1sper L\u00edbero (FCL). Foi editor web no Startupi e no Finsiders, atuando ainda como editor no TC Mover, portal de not\u00edcias da TradersClub, fazendo a cobertura de assuntos relacionados ao mercado financeiro interno e externo. Atualmente, \u00e9 Rep\u00f3rter do Suno Not\u00edcias.","url":"https:\/\/www.suno.com.br\/noticias\/author\/giovanni-porfiriosuno-com-br\/"}]}},"default_loop_html":"<div class=\"cardsPage__listCard__boxs\"><div class=\"cardsPage__listCard__boxs__img\"><a href=\"https:\/\/www.suno.com.br\/noticias\/allos-also3-desinvestimento-ativos-gpj\/\"><img class=\"mask\" src=\"https:\/\/www.suno.com.br\/noticias\/wp-content\/themes\/suno\/resources\/images\/spotlight\/spotlight1img\/bg-mask.png\" alt=\"Image Mask\"\/><img src=\"https:\/\/files.sunoresearch.com.br\/n\/uploads\/2021\/02\/b184f9cb-1200px-chermside_shopping_centre-400x200.webp\" alt=\"Allos (ALSO3) assina acordo para desinvestimento em ativos; veja quais s\u00e3o\"\/><\/a><span class=\"spotlightCategory\"><a href=\"https:\/\/www.suno.com.br\/noticias\/negocios\/\">Neg\u00f3cios<\/a><\/span><\/div><div class=\"cardsPage__listCard__boxs__content\"><a href=\"https:\/\/www.suno.com.br\/noticias\/allos-also3-desinvestimento-ativos-gpj\/\"><h2 class=\"content__title\">Allos (ALSO3) assina acordo para desinvestimento em ativos; veja quais s\u00e3o<\/h2><\/a><div class=\"newsContent__article__meta\"><div class=\"newsContent__article__meta__authorBox\"><a href=\"https:\/\/www.suno.com.br\/noticias\/author\/eduardo-vargas\/\" class=\"authorBox__avatar noMobi\"><img src=\"https:\/\/secure.gravatar.com\/avatar\/dac340933427a22924c9f99d1eb2e3f2?s=96&#038;r=g\" alt=\"Eduardo Vargas\"><\/a><div class=\"authorBox__name\"><span>por\n\t\t\t<a href=\"https:\/\/www.suno.com.br\/noticias\/author\/eduardo-vargas\/\"><span itemprop=\"author\">Eduardo Vargas<\/span><\/a><\/span><time datetime=\"2023-10-10T07:28:28-03:00\" itemprop=\"datePublished\">10\/10\/2023 07:28<\/time><\/div><\/div><\/div><\/div><\/div>","single_layout":"posts","amp_enabled":true,"_links":{"self":[{"href":"https:\/\/www.suno.com.br\/noticias\/wp-json\/wp\/v2\/posts\/468813"}],"collection":[{"href":"https:\/\/www.suno.com.br\/noticias\/wp-json\/wp\/v2\/posts"}],"about":[{"href":"https:\/\/www.suno.com.br\/noticias\/wp-json\/wp\/v2\/types\/post"}],"author":[{"embeddable":true,"href":"https:\/\/www.suno.com.br\/noticias\/wp-json\/wp\/v2\/users\/313"}],"replies":[{"embeddable":true,"href":"https:\/\/www.suno.com.br\/noticias\/wp-json\/wp\/v2\/comments?post=468813"}],"version-history":[{"count":2,"href":"https:\/\/www.suno.com.br\/noticias\/wp-json\/wp\/v2\/posts\/468813\/revisions"}],"predecessor-version":[{"id":468829,"href":"https:\/\/www.suno.com.br\/noticias\/wp-json\/wp\/v2\/posts\/468813\/revisions\/468829"}],"wp:featuredmedia":[{"embeddable":true,"href":"https:\/\/www.suno.com.br\/noticias\/wp-json\/wp\/v2\/media\/117910"}],"wp:attachment":[{"href":"https:\/\/www.suno.com.br\/noticias\/wp-json\/wp\/v2\/media?parent=468813"}],"wp:term":[{"taxonomy":"category","embeddable":true,"href":"https:\/\/www.suno.com.br\/noticias\/wp-json\/wp\/v2\/categories?post=468813"},{"taxonomy":"post_tag","embeddable":true,"href":"https:\/\/www.suno.com.br\/noticias\/wp-json\/wp\/v2\/tags?post=468813"},{"taxonomy":"suno_strategy","embeddable":true,"href":"https:\/\/www.suno.com.br\/noticias\/wp-json\/wp\/v2\/suno_strategy?post=468813"}],"curies":[{"name":"wp","href":"https:\/\/api.w.org\/{rel}","templated":true}]}}