{"id":46871,"date":"2019-12-05T19:30:01","date_gmt":"2019-12-05T21:30:01","guid":{"rendered":"https:\/\/www.suno.com.br\/noticias\/?p=46871"},"modified":"2021-05-30T23:42:00","modified_gmt":"2021-05-31T02:42:00","slug":"ibovespa-fecha-alta-05122019","status":"publish","type":"post","link":"https:\/\/www.suno.com.br\/noticias\/ibovespa-fecha-alta-05122019\/","title":{"rendered":"Ibovespa fecha em alta de 0,29% a 110.622,273 pontos"},"content":{"rendered":"<p>O <a href=\"https:\/\/www.suno.com.br\/artigos\/b3\/\">Ibovespa<\/a> fechou, nesta quinta-feira (5), em alta. O <a href=\"https:\/\/www.suno.com.br\/artigos\/b3\/\"><strong>principal \u00edndice da Bolsa de Valores de<\/strong>\u00a0<strong>S\u00e3o Paulo (B3)<\/strong><\/a> teve <b>alta <\/b>de 0,29% a 110.622,273 pontos.<\/p>\t<div class=\"wrapper-featured-image\">\n\t\t<figure class=\"spotlightImg\">\n\n\t\t\t<picture>\n\t\t\t\t<source media=\"(max-width: 768px)\" srcset=\"https:\/\/files.sunoresearch.com.br\/n\/uploads\/2019\/01\/202c40f8-bolsa-valores-na-china2-400x200.webp\">\n\t\t\t\t<img loading=\"lazy\" decoding=\"async\" class=\"newsContent__article__imgCapa lazyloadDisabled newsContent__article__imgCapa--noCaption\" src=\"https:\/\/files.sunoresearch.com.br\/n\/uploads\/2019\/01\/202c40f8-bolsa-valores-na-china2-800x450.webp\" width=\"800\" height=\"450\" alt=\"Ibovespa fecha em alta de 0,29% a 110.622,273 pontos\" fetchpriority=high \/>\n\t\t\t<\/picture>\n\n\t\t\t<figcaption class=\"wp-caption-text wp-caption-text--hide\">Investimentos na \u00c1sia podem ser op\u00e7\u00e3o de diversifica\u00e7\u00e3o na pandemia<\/figcaption>\n\t\t<\/figure>\n\t<\/div>\n\n\n\n<p>O <strong>Ibovespa<\/strong> registrou <strong>alta<\/strong> devido a v\u00e1rios fatores. Entre as not\u00edcias do dia, <strong>Cade<\/strong> aprovou sem restri\u00e7\u00f5es a aquisi\u00e7\u00e3o da <strong>Marba<\/strong> pela <strong>JBS<\/strong>.<\/p>\n<p>Al\u00e9m disso, contribu\u00edram para o resultado desta <strong>quinta<\/strong>:<\/p>\n<ul>\n<li><strong>Marisa<\/strong> precifica nova oferta prim\u00e1ria e deve captar R$ 515,6 mi;<\/li>\n<li><strong>Braskem<\/strong> d\u00e1 in\u00edcio a programa de indeniza\u00e7\u00e3o e realoca\u00e7\u00e3o de fam\u00edlias em Macei\u00f3;<\/li>\n<li><strong>Banco<\/strong> <strong>do<\/strong> <strong>Brasil<\/strong> ir\u00e1 lan\u00e7ar cr\u00e9dito imobili\u00e1rio referenciado no <strong>IPCA.<\/strong><\/li>\n<\/ul>\n<h2>JBS<\/h2>\n<p>A Superintend\u00eancia do <strong><a href=\"https:\/\/www.suno.com.br\/artigos\/cade\/\">Conselho Administrativo de Defesa Econ\u00f4mica (Cade<\/a><a href=\"https:\/\/www.suno.com.br\/artigos\/cade\/\">)<\/a> <\/strong>aprovou sem restri\u00e7\u00f5es a aquisi\u00e7\u00e3o da empresa <strong>Marba<\/strong> pela <strong>JBS<\/strong> (<strong>JBSS3<\/strong>).<\/p>\n<p><a href=\"https:\/\/www.suno.com.br\/noticias\/cade-aprova-jbs-marba-aquisicao\/\">Saiba mais: Cade aprova sem restri\u00e7\u00f5es a aquisi\u00e7\u00e3o da Marba pela JBS<\/a><\/p>\n<p>Segundo o Cade, uma das principais subsidi\u00e1rias da <strong>JBS<\/strong> vai adquirir a totalidade do capital social da <strong>Marba<\/strong>. O \u00f3rg\u00e3o antitruste avaliou que a participa\u00e7\u00e3o de mercado da <strong>Seara<\/strong> vai ser superior a 20% ap\u00f3s a aquisi\u00e7\u00e3o. No entanto, n\u00e3o h\u00e1 ind\u00edcios de <a href=\"https:\/\/www.suno.com.br\/artigos\/monopolio\/\"><strong>monop\u00f3lio<\/strong> <\/a>ou diminui\u00e7\u00e3o de competitividade com empresas que atuam no mesmo setor.<\/p>\n<p>Nos documentos enviados ao <strong>Cade<\/strong>, a <strong>Marba<\/strong> informou que a opera\u00e7\u00e3o est\u00e1 alinhada com a estrat\u00e9gia de desinvestimentos. Por sua vez, a <strong>JBS<\/strong> justificou que a aquisi\u00e7\u00e3o representa a oportunidade de amplia\u00e7\u00e3o do portf\u00f3lio.<\/p>\n<h2>Marisa<\/h2>\n<p>A Marisa (<strong>AMAR3<\/strong>) informou na \u00faltima quarta que definiu a precifica\u00e7\u00e3o de sua <a href=\"https:\/\/www.suno.com.br\/artigos\/mercado-primario\/\">oferta prim\u00e1ria<\/a> de a\u00e7\u00f5es em R$ 10 por papel. Dessa forma, a oferta ir\u00e1 movimentar cerca de R$ 515,625 milh\u00f5es.<\/p>\n<p><a href=\"https:\/\/www.suno.com.br\/noticias\/marisa-define-10-por-acao-oferta-primaria\/\">Saiba mais: Marisa precifica nova oferta prim\u00e1ria e deve captar R$ 515,6 mi<\/a><\/p>\n<p>Ser\u00e3o emitidas 51.562.500 novos pap\u00e9is. O novo capital social da <strong>Marisa<\/strong>, portanto, ser\u00e1 de aproximadamente R$ 1,415 bilh\u00e3o, dividido em 255,648 milh\u00f5es de <a href=\"https:\/\/www.suno.com.br\/artigos\/tipos-de-acoes\/\">a\u00e7\u00f5es ordin\u00e1rias<\/a>, todas nominativas, escriturais e sem valor nominal.<\/p>\n<h2>Braskem<\/h2>\n<p>A Braskem firmou um acordo com a Defesa Civil, na \u00faltima quarta (4), sobre a execu\u00e7\u00e3o do plano de desocupa\u00e7\u00e3o de aproximadamente 400 im\u00f3veis e a realoca\u00e7\u00e3o de 1.500 pessoas que vivem no entorno dos po\u00e7os de extra\u00e7\u00e3o de sal-gema da petroqu\u00edmica. As \u00e1reas s\u00e3o consideradas de risco, e est\u00e3o situadas em Macei\u00f3, Alagoas.<\/p>\n<p><a href=\"https:\/\/www.suno.com.br\/noticias\/braskem-inicio-programa-realocacao-familias-maceio\/\">Saiba mais: Braskem d\u00e1 in\u00edcio a programa de indeniza\u00e7\u00e3o e realoca\u00e7\u00e3o de fam\u00edlias em Macei\u00f3<\/a><\/p>\n<p>Sendo assim, a <strong>Braskem<\/strong> iniciar\u00e1 o denominado &#8220;Programa de Compensa\u00e7\u00e3o Financeira e Apoio \u00e0 Realoca\u00e7\u00e3o&#8221; na pr\u00f3xima segunda-feira (9). Esta a\u00e7\u00e3o deve ser estendida at\u00e9 o ano que vem. A estimativa \u00e9 que os acordos sejam fechados durante o ano de 2020. O valor que dever\u00e1 ser gasto na opera\u00e7\u00e3o ainda n\u00e3o foi divulgado.<\/p>\n<p>O programa tamb\u00e9m abrange o pagamento de indeniza\u00e7\u00e3o aos moradores da \u00e1rea de resguardo, suporte na mudan\u00e7a e apoio social, que ser\u00e1 adquirida pela <strong>Braskem<\/strong>.<\/p>\n<h2>Banco do Brasil<\/h2>\n<p>O Banco do Brasil (BBAS3) anunciar\u00e1 o lan\u00e7amento de uma linha de <a href=\"https:\/\/www.suno.com.br\/artigos\/financiamento-imobiliario\/\">cr\u00e9dito imobili\u00e1rio<\/a> referenciada no <a href=\"https:\/\/www.suno.com.br\/artigos\/ipca\/\">IPCA<\/a>, nesta quinta, de acordo com informa\u00e7\u00f5es da &#8220;Reuters&#8221;.<\/p>\n<p><a href=\"https:\/\/www.suno.com.br\/noticias\/banco-do-brasil-lancar-credito-imobiliario-referenciado-ipca\/\">Saiba mais: Banco do Brasil ir\u00e1 lan\u00e7ar cr\u00e9dito imobili\u00e1rio referenciado no IPCA<\/a><\/p>\n<p>A ideia do <strong>Banco<\/strong> <strong>do<\/strong> <strong>Brasil<\/strong> \u00e9 aproveitar o contexto de infla\u00e7\u00e3o baixa para aumentar a varia\u00e7\u00e3o dos produtos no setor que est\u00e1 se recuperando em 2019. A Caixa Econ\u00f4mica Federal anunciou recentemente o financiamento pelo IPCA para aquisi\u00e7\u00e3o e constru\u00e7\u00e3o de propriedades.<\/p>\n<p>O <strong>BB<\/strong> afirmou que anunciaria novidades em breve sobre o assunto, ap\u00f3s ser procurado pela ag\u00eancia de not\u00edcias &#8220;Reuters&#8221;. Al\u00e9m do Banco do Brasil, quando esta linha foi lan\u00e7ada pela <strong>Caixa<\/strong>, <strong>Bradesco<\/strong>, <strong>Ita\u00fa<\/strong> e <strong>Santander<\/strong> afirmaram que poderiam estudar a possibilidade de operar pelo mesmo modelo de financiamentos.<\/p>\n<h2>\u00daltima cota\u00e7\u00e3o do Ibovespa<\/h2>\n<p>Na \u00faltima sess\u00e3o, quarta-feira (4), o <a href=\"https:\/\/www.youtube.com\/watch?v=DiXuBKAW7yY&amp;t=3s\"><strong>Ibovespa<\/strong><\/a> encerrou em alta de 1,23% a 110.300,93 pontos.<\/p>\n","protected":false},"excerpt":{"rendered":"<p>O Ibovespa fechou, nesta quinta-feira (5), em alta. O principal \u00edndice da Bolsa de Valores de\u00a0S\u00e3o Paulo (B3) teve alta de 0,29% a 110.622,273 pontos. Investimentos na \u00c1sia podem ser op\u00e7\u00e3o de diversifica\u00e7\u00e3o na pandemia O Ibovespa registrou alta devido a v\u00e1rios fatores. Entre as not\u00edcias do dia, Cade aprovou sem restri\u00e7\u00f5es a aquisi\u00e7\u00e3o da [&hellip;]<\/p>\n","protected":false},"author":23,"featured_media":10084,"comment_status":"closed","ping_status":"closed","sticky":false,"template":"","format":"standard","meta":[],"categories":[60],"tags":[732,395,721,541],"suno_strategy":[],"class_list":["post-46871","post","type-post","status-publish","format-standard","has-post-thumbnail","hentry","category-mercado","tag-banco-do-brasil-bbas3","tag-braskem-brkm3-brkm5-brkm6","tag-ibovespa","tag-lojas-marisa-amar3"],"yoast_head":"<!-- This site is optimized with the Yoast SEO plugin v24.4 - https:\/\/yoast.com\/wordpress\/plugins\/seo\/ -->\n<title>Ibovespa fecha em alta de 0,29% a 110.622,273 pontos<\/title>\n<meta name=\"description\" content=\"O Ibovespa fechou em alta. O principal \u00edndice da Bolsa de Valores de\u00a0S\u00e3o Paulo teve alta de 0,29% a 110.622,273 pontos. Clique para mais.\" \/>\n<meta name=\"robots\" content=\"index, follow, max-snippet:-1, max-image-preview:large, max-video-preview:-1\" \/>\n<link rel=\"canonical\" href=\"https:\/\/www.suno.com.br\/noticias\/ibovespa-fecha-alta-05122019\/\" \/>\n<meta property=\"og:locale\" content=\"pt_BR\" \/>\n<meta property=\"og:type\" content=\"article\" \/>\n<meta property=\"og:title\" content=\"Ibovespa fecha em alta de 0,29% a 110.622,273 pontos\" \/>\n<meta property=\"og:description\" content=\"O Ibovespa fechou em alta. O principal \u00edndice da Bolsa de Valores de\u00a0S\u00e3o Paulo teve alta de 0,29% a 110.622,273 pontos. Clique para mais.\" \/>\n<meta property=\"og:url\" content=\"https:\/\/www.suno.com.br\/noticias\/ibovespa-fecha-alta-05122019\/\" \/>\n<meta property=\"og:site_name\" content=\"Suno Not\u00edcias\" \/>\n<meta property=\"article:publisher\" content=\"https:\/\/facebook.com\/sunoresearch\" \/>\n<meta property=\"og:image\" content=\"https:\/\/files.sunoresearch.com.br\/n\/uploads\/2019\/01\/202c40f8-bolsa-valores-na-china2.jpg\" \/>\n\t<meta property=\"og:image:width\" content=\"800\" \/>\n\t<meta property=\"og:image:height\" content=\"533\" \/>\n\t<meta property=\"og:image:type\" content=\"image\/jpeg\" \/>\n<meta name=\"author\" content=\"Rafael Lara\" \/>\n<meta name=\"twitter:card\" content=\"summary_large_image\" \/>\n<meta name=\"twitter:creator\" content=\"@sunoresearch\" \/>\n<meta name=\"twitter:site\" content=\"@sunoresearch\" \/>\n<meta name=\"twitter:label1\" content=\"Escrito por\" \/>\n\t<meta name=\"twitter:data1\" content=\"Rafael Lara\" \/>\n\t<meta name=\"twitter:label2\" content=\"Est. tempo de leitura\" \/>\n\t<meta name=\"twitter:data2\" content=\"3 minutos\" \/>\n<script type=\"application\/ld+json\" class=\"yoast-schema-graph\">{\"@context\":\"https:\/\/schema.org\",\"@graph\":[{\"@type\":\"NewsArticle\",\"@id\":\"https:\/\/www.suno.com.br\/noticias\/ibovespa-fecha-alta-05122019\/#article\",\"isPartOf\":{\"@id\":\"https:\/\/www.suno.com.br\/noticias\/ibovespa-fecha-alta-05122019\/\"},\"author\":{\"name\":\"Rafael Lara\",\"@id\":\"https:\/\/www.suno.com.br\/noticias\/#\/schema\/person\/098743caeed97b37f51315c9576c4078\"},\"headline\":\"Ibovespa fecha em alta de 0,29% a 110.622,273 pontos\",\"datePublished\":\"2019-12-05T21:30:01+00:00\",\"dateModified\":\"2021-05-31T02:42:00+00:00\",\"mainEntityOfPage\":{\"@id\":\"https:\/\/www.suno.com.br\/noticias\/ibovespa-fecha-alta-05122019\/\"},\"wordCount\":664,\"publisher\":{\"@id\":\"https:\/\/www.suno.com.br\/noticias\/#organization\"},\"image\":{\"@id\":\"https:\/\/www.suno.com.br\/noticias\/ibovespa-fecha-alta-05122019\/#primaryimage\"},\"thumbnailUrl\":\"https:\/\/files.sunoresearch.com.br\/n\/uploads\/2019\/01\/202c40f8-bolsa-valores-na-china2-jpg.webp\",\"keywords\":[\"Banco do Brasil (BBAS3)\",\"Braskem (BRKM3\/BRKM5\/BRKM6)\",\"Ibovespa\",\"Lojas Marisa (AMAR3)\"],\"articleSection\":[\"Mercado\"],\"inLanguage\":\"pt-BR\"},{\"@type\":\"WebPage\",\"@id\":\"https:\/\/www.suno.com.br\/noticias\/ibovespa-fecha-alta-05122019\/\",\"url\":\"https:\/\/www.suno.com.br\/noticias\/ibovespa-fecha-alta-05122019\/\",\"name\":\"Ibovespa fecha em alta de 0,29% a 110.622,273 pontos\",\"isPartOf\":{\"@id\":\"https:\/\/www.suno.com.br\/noticias\/#website\"},\"primaryImageOfPage\":{\"@id\":\"https:\/\/www.suno.com.br\/noticias\/ibovespa-fecha-alta-05122019\/#primaryimage\"},\"image\":{\"@id\":\"https:\/\/www.suno.com.br\/noticias\/ibovespa-fecha-alta-05122019\/#primaryimage\"},\"thumbnailUrl\":\"https:\/\/files.sunoresearch.com.br\/n\/uploads\/2019\/01\/202c40f8-bolsa-valores-na-china2-jpg.webp\",\"datePublished\":\"2019-12-05T21:30:01+00:00\",\"dateModified\":\"2021-05-31T02:42:00+00:00\",\"description\":\"O Ibovespa fechou em alta. O principal \u00edndice da Bolsa de Valores de\u00a0S\u00e3o Paulo teve alta de 0,29% a 110.622,273 pontos. Clique para mais.\",\"breadcrumb\":{\"@id\":\"https:\/\/www.suno.com.br\/noticias\/ibovespa-fecha-alta-05122019\/#breadcrumb\"},\"inLanguage\":\"pt-BR\",\"potentialAction\":[{\"@type\":\"ReadAction\",\"target\":[\"https:\/\/www.suno.com.br\/noticias\/ibovespa-fecha-alta-05122019\/\"]}]},{\"@type\":\"ImageObject\",\"inLanguage\":\"pt-BR\",\"@id\":\"https:\/\/www.suno.com.br\/noticias\/ibovespa-fecha-alta-05122019\/#primaryimage\",\"url\":\"https:\/\/files.sunoresearch.com.br\/n\/uploads\/2019\/01\/202c40f8-bolsa-valores-na-china2-jpg.webp\",\"contentUrl\":\"https:\/\/files.sunoresearch.com.br\/n\/uploads\/2019\/01\/202c40f8-bolsa-valores-na-china2-jpg.webp\",\"width\":800,\"height\":533,\"caption\":\"Investimentos na \u00c1sia podem ser op\u00e7\u00e3o de diversifica\u00e7\u00e3o na pandemia\"},{\"@type\":\"BreadcrumbList\",\"@id\":\"https:\/\/www.suno.com.br\/noticias\/ibovespa-fecha-alta-05122019\/#breadcrumb\",\"itemListElement\":[{\"@type\":\"ListItem\",\"position\":1,\"name\":\"Not\u00edcias\",\"item\":\"https:\/\/www.suno.com.br\/noticias\/\"},{\"@type\":\"ListItem\",\"position\":2,\"name\":\"Mercado\",\"item\":\"https:\/\/www.suno.com.br\/noticias\/mercado\/\"},{\"@type\":\"ListItem\",\"position\":3,\"name\":\"Ibovespa fecha em alta de 0,29% a 110.622,273 pontos\"}]},{\"@type\":\"WebSite\",\"@id\":\"https:\/\/www.suno.com.br\/noticias\/#website\",\"url\":\"https:\/\/www.suno.com.br\/noticias\/\",\"name\":\"Suno Not\u00edcias\",\"description\":\"Seu portal de informa\u00e7\u00e3o sobre o mundo dos investimentos\",\"publisher\":{\"@id\":\"https:\/\/www.suno.com.br\/noticias\/#organization\"},\"potentialAction\":[{\"@type\":\"SearchAction\",\"target\":{\"@type\":\"EntryPoint\",\"urlTemplate\":\"https:\/\/www.suno.com.br\/noticias\/?s={search_term_string}\"},\"query-input\":{\"@type\":\"PropertyValueSpecification\",\"valueRequired\":true,\"valueName\":\"search_term_string\"}}],\"inLanguage\":\"pt-BR\"},{\"@type\":\"Organization\",\"@id\":\"https:\/\/www.suno.com.br\/noticias\/#organization\",\"name\":\"Suno Not\u00edcias\",\"url\":\"https:\/\/www.suno.com.br\/noticias\/\",\"logo\":{\"@type\":\"ImageObject\",\"inLanguage\":\"pt-BR\",\"@id\":\"https:\/\/www.suno.com.br\/noticias\/#\/schema\/logo\/image\/\",\"url\":\"https:\/\/files.sunoresearch.com.br\/n\/uploads\/2021\/09\/suno-logo.png\",\"contentUrl\":\"https:\/\/files.sunoresearch.com.br\/n\/uploads\/2021\/09\/suno-logo.png\",\"width\":180,\"height\":180,\"caption\":\"Suno Not\u00edcias\"},\"image\":{\"@id\":\"https:\/\/www.suno.com.br\/noticias\/#\/schema\/logo\/image\/\"},\"sameAs\":[\"https:\/\/facebook.com\/sunoresearch\",\"https:\/\/x.com\/sunoresearch\",\"https:\/\/www.instagram.com\/suno\",\"https:\/\/www.linkedin.com\/company\/suno-research\/\",\"https:\/\/www.youtube.com\/c\/sunoresearch\"]},{\"@type\":\"Person\",\"@id\":\"https:\/\/www.suno.com.br\/noticias\/#\/schema\/person\/098743caeed97b37f51315c9576c4078\",\"name\":\"Rafael Lara\",\"image\":{\"@type\":\"ImageObject\",\"inLanguage\":\"pt-BR\",\"@id\":\"https:\/\/www.suno.com.br\/noticias\/#\/schema\/person\/image\/\",\"url\":\"https:\/\/secure.gravatar.com\/avatar\/dfc254ab9bb2ea1895d98b9e9dae4bdd?s=96&r=g\",\"contentUrl\":\"https:\/\/secure.gravatar.com\/avatar\/dfc254ab9bb2ea1895d98b9e9dae4bdd?s=96&r=g\",\"caption\":\"Rafael Lara\"},\"description\":\"Rafael Lara cursa jornalismo na Faculdade C\u00e1sper L\u00edbero. Escreve sobre pol\u00edtica, economia e neg\u00f3cios para o portal Suno Not\u00edcias. Antes, colaborou na TV Gazeta na produ\u00e7\u00e3o do programa Edi\u00e7\u00e3o Extra.\",\"url\":\"https:\/\/www.suno.com.br\/noticias\/author\/rafael\/\"}]}<\/script>\n<!-- \/ Yoast SEO plugin. -->","yoast_head_json":{"title":"Ibovespa fecha em alta de 0,29% a 110.622,273 pontos","description":"O Ibovespa fechou em alta. O principal \u00edndice da Bolsa de Valores de\u00a0S\u00e3o Paulo teve alta de 0,29% a 110.622,273 pontos. Clique para mais.","robots":{"index":"index","follow":"follow","max-snippet":"max-snippet:-1","max-image-preview":"max-image-preview:large","max-video-preview":"max-video-preview:-1"},"canonical":"https:\/\/www.suno.com.br\/noticias\/ibovespa-fecha-alta-05122019\/","og_locale":"pt_BR","og_type":"article","og_title":"Ibovespa fecha em alta de 0,29% a 110.622,273 pontos","og_description":"O Ibovespa fechou em alta. O principal \u00edndice da Bolsa de Valores de\u00a0S\u00e3o Paulo teve alta de 0,29% a 110.622,273 pontos. Clique para mais.","og_url":"https:\/\/www.suno.com.br\/noticias\/ibovespa-fecha-alta-05122019\/","og_site_name":"Suno Not\u00edcias","article_publisher":"https:\/\/facebook.com\/sunoresearch","og_image":[{"width":800,"height":533,"url":"https:\/\/files.sunoresearch.com.br\/n\/uploads\/2019\/01\/202c40f8-bolsa-valores-na-china2.jpg","type":"image\/jpeg"}],"author":"Rafael Lara","twitter_card":"summary_large_image","twitter_creator":"@sunoresearch","twitter_site":"@sunoresearch","twitter_misc":{"Escrito por":"Rafael Lara","Est. tempo de leitura":"3 minutos"},"schema":{"@context":"https:\/\/schema.org","@graph":[{"@type":"NewsArticle","@id":"https:\/\/www.suno.com.br\/noticias\/ibovespa-fecha-alta-05122019\/#article","isPartOf":{"@id":"https:\/\/www.suno.com.br\/noticias\/ibovespa-fecha-alta-05122019\/"},"author":{"name":"Rafael Lara","@id":"https:\/\/www.suno.com.br\/noticias\/#\/schema\/person\/098743caeed97b37f51315c9576c4078"},"headline":"Ibovespa fecha em alta de 0,29% a 110.622,273 pontos","datePublished":"2019-12-05T21:30:01+00:00","dateModified":"2021-05-31T02:42:00+00:00","mainEntityOfPage":{"@id":"https:\/\/www.suno.com.br\/noticias\/ibovespa-fecha-alta-05122019\/"},"wordCount":664,"publisher":{"@id":"https:\/\/www.suno.com.br\/noticias\/#organization"},"image":{"@id":"https:\/\/www.suno.com.br\/noticias\/ibovespa-fecha-alta-05122019\/#primaryimage"},"thumbnailUrl":"https:\/\/files.sunoresearch.com.br\/n\/uploads\/2019\/01\/202c40f8-bolsa-valores-na-china2-jpg.webp","keywords":["Banco do Brasil (BBAS3)","Braskem (BRKM3\/BRKM5\/BRKM6)","Ibovespa","Lojas Marisa (AMAR3)"],"articleSection":["Mercado"],"inLanguage":"pt-BR"},{"@type":"WebPage","@id":"https:\/\/www.suno.com.br\/noticias\/ibovespa-fecha-alta-05122019\/","url":"https:\/\/www.suno.com.br\/noticias\/ibovespa-fecha-alta-05122019\/","name":"Ibovespa fecha em alta de 0,29% a 110.622,273 pontos","isPartOf":{"@id":"https:\/\/www.suno.com.br\/noticias\/#website"},"primaryImageOfPage":{"@id":"https:\/\/www.suno.com.br\/noticias\/ibovespa-fecha-alta-05122019\/#primaryimage"},"image":{"@id":"https:\/\/www.suno.com.br\/noticias\/ibovespa-fecha-alta-05122019\/#primaryimage"},"thumbnailUrl":"https:\/\/files.sunoresearch.com.br\/n\/uploads\/2019\/01\/202c40f8-bolsa-valores-na-china2-jpg.webp","datePublished":"2019-12-05T21:30:01+00:00","dateModified":"2021-05-31T02:42:00+00:00","description":"O Ibovespa fechou em alta. O principal \u00edndice da Bolsa de Valores de\u00a0S\u00e3o Paulo teve alta de 0,29% a 110.622,273 pontos. Clique para mais.","breadcrumb":{"@id":"https:\/\/www.suno.com.br\/noticias\/ibovespa-fecha-alta-05122019\/#breadcrumb"},"inLanguage":"pt-BR","potentialAction":[{"@type":"ReadAction","target":["https:\/\/www.suno.com.br\/noticias\/ibovespa-fecha-alta-05122019\/"]}]},{"@type":"ImageObject","inLanguage":"pt-BR","@id":"https:\/\/www.suno.com.br\/noticias\/ibovespa-fecha-alta-05122019\/#primaryimage","url":"https:\/\/files.sunoresearch.com.br\/n\/uploads\/2019\/01\/202c40f8-bolsa-valores-na-china2-jpg.webp","contentUrl":"https:\/\/files.sunoresearch.com.br\/n\/uploads\/2019\/01\/202c40f8-bolsa-valores-na-china2-jpg.webp","width":800,"height":533,"caption":"Investimentos na \u00c1sia podem ser op\u00e7\u00e3o de diversifica\u00e7\u00e3o na pandemia"},{"@type":"BreadcrumbList","@id":"https:\/\/www.suno.com.br\/noticias\/ibovespa-fecha-alta-05122019\/#breadcrumb","itemListElement":[{"@type":"ListItem","position":1,"name":"Not\u00edcias","item":"https:\/\/www.suno.com.br\/noticias\/"},{"@type":"ListItem","position":2,"name":"Mercado","item":"https:\/\/www.suno.com.br\/noticias\/mercado\/"},{"@type":"ListItem","position":3,"name":"Ibovespa fecha em alta de 0,29% a 110.622,273 pontos"}]},{"@type":"WebSite","@id":"https:\/\/www.suno.com.br\/noticias\/#website","url":"https:\/\/www.suno.com.br\/noticias\/","name":"Suno Not\u00edcias","description":"Seu portal de informa\u00e7\u00e3o sobre o mundo dos investimentos","publisher":{"@id":"https:\/\/www.suno.com.br\/noticias\/#organization"},"potentialAction":[{"@type":"SearchAction","target":{"@type":"EntryPoint","urlTemplate":"https:\/\/www.suno.com.br\/noticias\/?s={search_term_string}"},"query-input":{"@type":"PropertyValueSpecification","valueRequired":true,"valueName":"search_term_string"}}],"inLanguage":"pt-BR"},{"@type":"Organization","@id":"https:\/\/www.suno.com.br\/noticias\/#organization","name":"Suno Not\u00edcias","url":"https:\/\/www.suno.com.br\/noticias\/","logo":{"@type":"ImageObject","inLanguage":"pt-BR","@id":"https:\/\/www.suno.com.br\/noticias\/#\/schema\/logo\/image\/","url":"https:\/\/files.sunoresearch.com.br\/n\/uploads\/2021\/09\/suno-logo.png","contentUrl":"https:\/\/files.sunoresearch.com.br\/n\/uploads\/2021\/09\/suno-logo.png","width":180,"height":180,"caption":"Suno Not\u00edcias"},"image":{"@id":"https:\/\/www.suno.com.br\/noticias\/#\/schema\/logo\/image\/"},"sameAs":["https:\/\/facebook.com\/sunoresearch","https:\/\/x.com\/sunoresearch","https:\/\/www.instagram.com\/suno","https:\/\/www.linkedin.com\/company\/suno-research\/","https:\/\/www.youtube.com\/c\/sunoresearch"]},{"@type":"Person","@id":"https:\/\/www.suno.com.br\/noticias\/#\/schema\/person\/098743caeed97b37f51315c9576c4078","name":"Rafael Lara","image":{"@type":"ImageObject","inLanguage":"pt-BR","@id":"https:\/\/www.suno.com.br\/noticias\/#\/schema\/person\/image\/","url":"https:\/\/secure.gravatar.com\/avatar\/dfc254ab9bb2ea1895d98b9e9dae4bdd?s=96&r=g","contentUrl":"https:\/\/secure.gravatar.com\/avatar\/dfc254ab9bb2ea1895d98b9e9dae4bdd?s=96&r=g","caption":"Rafael Lara"},"description":"Rafael Lara cursa jornalismo na Faculdade C\u00e1sper L\u00edbero. Escreve sobre pol\u00edtica, economia e neg\u00f3cios para o portal Suno Not\u00edcias. Antes, colaborou na TV Gazeta na produ\u00e7\u00e3o do programa Edi\u00e7\u00e3o Extra.","url":"https:\/\/www.suno.com.br\/noticias\/author\/rafael\/"}]}},"default_loop_html":"<div class=\"cardsPage__listCard__boxs\"><div class=\"cardsPage__listCard__boxs__img\"><a href=\"https:\/\/www.suno.com.br\/noticias\/ibovespa-fecha-alta-05122019\/\"><img class=\"mask\" src=\"https:\/\/www.suno.com.br\/noticias\/wp-content\/themes\/suno\/resources\/images\/spotlight\/spotlight1img\/bg-mask.png\" alt=\"Image Mask\"\/><img src=\"https:\/\/files.sunoresearch.com.br\/n\/uploads\/2019\/01\/202c40f8-bolsa-valores-na-china2-400x200.webp\" alt=\"Ibovespa fecha em alta de 0,29% a 110.622,273 pontos\"\/><\/a><span class=\"spotlightCategory\"><a href=\"https:\/\/www.suno.com.br\/noticias\/mercado\/\">Mercado<\/a><\/span><\/div><div class=\"cardsPage__listCard__boxs__content\"><a href=\"https:\/\/www.suno.com.br\/noticias\/ibovespa-fecha-alta-05122019\/\"><h2 class=\"content__title\">Ibovespa fecha em alta de 0,29% a 110.622,273 pontos<\/h2><\/a><div class=\"newsContent__article__meta\"><div class=\"newsContent__article__meta__authorBox\"><a href=\"https:\/\/www.suno.com.br\/noticias\/author\/rafael\/\" class=\"authorBox__avatar noMobi\"><img src=\"https:\/\/secure.gravatar.com\/avatar\/dfc254ab9bb2ea1895d98b9e9dae4bdd?s=96&#038;r=g\" alt=\"Rafael Lara\"><\/a><div class=\"authorBox__name\"><span>por\n\t\t\t<a href=\"https:\/\/www.suno.com.br\/noticias\/author\/rafael\/\"><span itemprop=\"author\">Rafael Lara<\/span><\/a><\/span><time datetime=\"2019-12-05T19:30:01-03:00\" itemprop=\"datePublished\">05\/12\/2019 19:30<\/time><\/div><\/div><\/div><\/div><\/div>","single_layout":"posts","amp_enabled":true,"_links":{"self":[{"href":"https:\/\/www.suno.com.br\/noticias\/wp-json\/wp\/v2\/posts\/46871"}],"collection":[{"href":"https:\/\/www.suno.com.br\/noticias\/wp-json\/wp\/v2\/posts"}],"about":[{"href":"https:\/\/www.suno.com.br\/noticias\/wp-json\/wp\/v2\/types\/post"}],"author":[{"embeddable":true,"href":"https:\/\/www.suno.com.br\/noticias\/wp-json\/wp\/v2\/users\/23"}],"replies":[{"embeddable":true,"href":"https:\/\/www.suno.com.br\/noticias\/wp-json\/wp\/v2\/comments?post=46871"}],"version-history":[{"count":1,"href":"https:\/\/www.suno.com.br\/noticias\/wp-json\/wp\/v2\/posts\/46871\/revisions"}],"predecessor-version":[{"id":152720,"href":"https:\/\/www.suno.com.br\/noticias\/wp-json\/wp\/v2\/posts\/46871\/revisions\/152720"}],"wp:featuredmedia":[{"embeddable":true,"href":"https:\/\/www.suno.com.br\/noticias\/wp-json\/wp\/v2\/media\/10084"}],"wp:attachment":[{"href":"https:\/\/www.suno.com.br\/noticias\/wp-json\/wp\/v2\/media?parent=46871"}],"wp:term":[{"taxonomy":"category","embeddable":true,"href":"https:\/\/www.suno.com.br\/noticias\/wp-json\/wp\/v2\/categories?post=46871"},{"taxonomy":"post_tag","embeddable":true,"href":"https:\/\/www.suno.com.br\/noticias\/wp-json\/wp\/v2\/tags?post=46871"},{"taxonomy":"suno_strategy","embeddable":true,"href":"https:\/\/www.suno.com.br\/noticias\/wp-json\/wp\/v2\/suno_strategy?post=46871"}],"curies":[{"name":"wp","href":"https:\/\/api.w.org\/{rel}","templated":true}]}}