{"id":468604,"date":"2023-10-09T20:01:45","date_gmt":"2023-10-09T23:01:45","guid":{"rendered":"https:\/\/www.suno.com.br\/noticias\/?p=468604"},"modified":"2023-10-09T20:23:41","modified_gmt":"2023-10-09T23:23:41","slug":"dolar-recua-dirigente-do-fed-chance-tregua-do-hamas","status":"publish","type":"post","link":"https:\/\/www.suno.com.br\/noticias\/dolar-recua-dirigente-do-fed-chance-tregua-do-hamas\/","title":{"rendered":"D\u00f3lar recua 0,62% ap\u00f3s fala de dirigente do Fed e chance de tr\u00e9gua do Hamas"},"content":{"rendered":"<p>Ap\u00f3s operar entre leve alta e estabilidade no per\u00edodo da manh\u00e3, o <strong>d\u00f3lar<\/strong> \u00e0 vista perdeu for\u00e7a ao longo da tarde e encerrou a sess\u00e3o desta segunda-feira, 9, cotado a R$ 5,1300, em baixa de 0,62%, com m\u00ednima a R$ 5,1220. A virada no <a class=\"suno-keyword\" target=\"_blank\" data-force=\"no\" data-priority=\"2\" href=\"https:\/\/www.suno.com.br\/artigos\/cambio\/\" rel=\"noopener\">mercado de c\u00e2mbio<\/a> dom\u00e9stico se deu diante da retomada do apetite ao risco no exterior, com alta firme das bolsas em Nova York, na esteira de fala de dirigente do Federal Reserve (Fed, o banco central norte-americano) sugerindo menos espa\u00e7o para nova alta dos juros.<\/p>\t<div class=\"wrapper-featured-image\">\n\t\t<figure class=\"spotlightImg\">\n\n\t\t\t<picture>\n\t\t\t\t<source media=\"(max-width: 768px)\" srcset=\"https:\/\/files.sunoresearch.com.br\/n\/uploads\/2023\/05\/dolar-dinheiro-mundo-400x200.jpg\">\n\t\t\t\t<img loading=\"lazy\" decoding=\"async\" class=\"newsContent__article__imgCapa lazyloadDisabled \" src=\"https:\/\/files.sunoresearch.com.br\/n\/uploads\/2023\/05\/dolar-dinheiro-mundo-800x450.jpg\" width=\"800\" height=\"450\" alt=\"D\u00f3lar recua 0,62% ap\u00f3s fala de dirigente do Fed e chance de tr\u00e9gua do Hamas\" fetchpriority=high \/>\n\t\t\t<\/picture>\n\n\t\t\t<figcaption class=\"wp-caption-text wp-caption-text--show\">ETF de renda fixa e renda vari\u00e1vel. Foto: iStock Foto: iStock<\/figcaption>\n\t\t<\/figure>\n\t<\/div>\n\n\n\n\n\n\t<p>\n\t\t<a href=\"\" target=\"_blank\" data-element=\"shortcode-suno-banner\" title=\"Banner SUNO, clique e saiba mais\">\n\t\t\t<picture>\n\t\t\t\t<source media=\"(max-width: 500px)\" srcset=\"\">\n\t\t\t\t<img class=\"newsContent__article__imgCapa newsContent__article__imgCapa--banner\"\n\t\t\t\t\tsrc=\"\"\n\t\t\t\t\tdata-promo-id=\"240038\"\t\t\t\t\t\t\t\t\t\t\t\t\t\t\talt=\"\"\n\t\t\t\t>\n\t\t\t<\/picture>\n\t\t<\/a>\n\t<\/p>\n\n\n\n\n\n\n\n<p>Foi ventilada tamb\u00e9m a informa\u00e7\u00e3o de que o grupo palestino Hamas estaria disposto a negociar uma tr\u00e9gua com Israel. Em pronunciamento, o primeiro-ministro israelense, Benjamin Netanyahu, disse que vai atacar o Hamas com &#8220;for\u00e7as nunca vistas antes&#8221;.<\/p>\n\n\n\n<p>Nos primeiros minutos do preg\u00e3o, a<strong> cota\u00e7\u00e3o do d\u00f3lar<\/strong> chegou at\u00e9 a ensaiar uma alta firme, com m\u00e1xima a R$ 5,1824, em meio a temores geopol\u00edticos. Israel responde a ataque do Hamas ao seu territ\u00f3rio com bombardeio a\u00e9reo e bloqueio terrestre \u00e0 Faixa de Gaza, controlada pelo grupo palestino. Operadores observam que a aus\u00eancia dos neg\u00f3cios com Treasuries, em raz\u00e3o do feriado do Dia de Colombo nos EUA, diminuiu a liquidez e deixou a forma\u00e7\u00e3o da taxa de c\u00e2mbio mais sujeita ao impacto de opera\u00e7\u00f5es pontuais.<\/p>\n\n\n\n<p>As cota\u00e7\u00f5es do petr\u00f3leo, que amargaram forte queda na semana passada, subiram mais de 4% diante de preocupa\u00e7\u00f5es com a oferta, mas respeitaram o teto de US$ 90 o barril. O contrato do Brent para dezembro fechou em alta de 4,22%, a US$ 88,15.<\/p>\n\n\n\n<p>O economista-chefe da Suno Research, Gustavo Sung, observa que o fato de o mercado de Treasuries estar fechado impede uma leitura mais clara dos efeitos do conflito sobre a percep\u00e7\u00e3o de risco dos investidores. &#8220;De qualquer forma, existe um aumento das incertezas. Dentro de tr\u00eas ou quatro dias, vamos entender o real impacto sobre os ativos. Tudo vai depender se o conflito vai transbordar para outros pa\u00edses do Oriente M\u00e9dio, como o Ir\u00e3, j\u00e1 que a regi\u00e3o \u00e9 grande produtora de petr\u00f3leo&#8221;, afirma Sung.<\/p>\n\n\n\t<p>\n\t\t<a href=\"https:\/\/lp.suno.com.br\/ebook-gratuito-investindo-no-exterior\/\" target=\"_blank\" data-element=\"shortcode-suno-banner\" title=\"Banner SUNO, clique e saiba mais\">\n\t\t\t<picture>\n\t\t\t\t<source media=\"(max-width: 500px)\" srcset=\"https:\/\/files.sunoresearch.com.br\/n\/uploads\/2023\/03\/400x300-Investindo-no-exterior.png\">\n\t\t\t\t<img class=\"newsContent__article__imgCapa newsContent__article__imgCapa--banner\"\n\t\t\t\t\tsrc=\"https:\/\/files.sunoresearch.com.br\/n\/uploads\/2023\/03\/1420x240-Investindo-no-exterior.png\"\n\t\t\t\t\tdata-promo-id=\"383161\"\t\t\t\t\t\t\t\t\t\twidth='1420' height='240'\t\t\t\t\talt=\"https:\/\/files.sunoresearch.com.br\/n\/uploads\/2023\/03\/1420x240-Investindo-no-exterior.png\"\n\t\t\t\t>\n\t\t\t<\/picture>\n\t\t<\/a>\n\t<\/p>\n\n\n\n\n\n<p>Embora o Ir\u00e3 seja visto como um apoiador do Hamas na regi\u00e3o, autoridades do pa\u00eds negaram envolvimento com o ataque do grupo palestino a Israel. A possibilidade de que o Ir\u00e3 seja tragado pelo conflito preocupa, uma vez que o pa\u00eds abriga o Estreito de Ormuz, localizado entre o Golfo de Om\u00e3 e o Golfo P\u00e9rsico e por onde \u00e9 escoado cerca de 20% de todo o petr\u00f3leo consumido no mundo.<\/p>\n\n\n\n<p>&#8220;Se tivermos uma escalada da guerra, principalmente com o Ir\u00e3 sendo arrastado para dentro do conflito, podemos ter alta mais forte do petr\u00f3leo e um choque inflacion\u00e1rio&#8221;, diz o estrategista-chefe da Guide Investimentos, Alex Lima, ressaltando que, nos \u00faltimos dois meses, a infla\u00e7\u00e3o americana j\u00e1 havia sido &#8220;contaminada&#8221; pela alta dos pre\u00e7os dos combust\u00edveis. &#8220;Por enquanto, a rea\u00e7\u00e3o dos pre\u00e7os dos ativos \u00e9 relativamente branda, com o mercado de juros nos EUA fechado. Tem potencial para piorar se o conflito se estender.&#8221;<\/p>\n\n\n\n<h2 class=\"wp-block-heading\">D\u00f3lar e pol\u00edtica monet\u00e1ria dos EUA<\/h2>\n\n\n\n<p>Parte relevante do al\u00edvio do mercado \u00e0 tarde veio de sinais mais amenos em rela\u00e7\u00e3o \u00e0 a <a class=\"suno-keyword\" target=\"_blank\" data-force=\"no\" data-priority=\"1\" href=\"https:\/\/www.suno.com.br\/artigos\/politica-monetaria\/\" rel=\"noopener\">pol\u00edtica monet\u00e1ria<\/a> norte-americana. Com voto nas decis\u00f5es do Fed, o vice-presidente do BC americano, Philip Jefferson, disse nesta segunda-feira que pode ser cedo para garantir que o aperto j\u00e1 realizado vai levar a infla\u00e7\u00e3o \u00e0 meta de 2% ao ano, mas ressaltou que levar\u00e1 em conta <a class=\"suno-keyword\" target=\"_blank\" data-force=\"no\" data-priority=\"1\" href=\"https:\/\/www.suno.com.br\/artigos\/indicadores-economicos\/\" rel=\"noopener\">indicadores econ\u00f4micos<\/a> e tamb\u00e9m o n\u00edvel das taxas dos Treasuries em suas pr\u00f3ximas decis\u00f5es.<\/p>\n\n\n\n<p>Segundo Jefferson, a infla\u00e7\u00e3o, embora ainda &#8220;muito elevada&#8221;, traz sinais &#8220;encorajadores&#8221;. Ele afirmou tamb\u00e9m que atuar\u00e1 com cautela ao avaliar a necessidade de mais alta de juros. &#8220;Olhando para frente, continuarei consciente do aperto das condi\u00e7\u00f5es financeiras por meio de juros mais altos em t\u00edtulos de d\u00edvida e vou manter isso em mente ao avaliar a trajet\u00f3ria futura das taxas&#8221;, disse o vice-presidente do Fed &#8211; o que deve impactar o d\u00f3lar,<\/p>\n\n\n\n<p><em>Com Estad\u00e3o Conte\u00fado<\/em><\/p>\n\n\n\t<p>\n\t\t<a href=\"https:\/\/lp.suno.com.br\/planilha-da-vida-financeira\/\" target=\"_blank\" data-element=\"shortcode-suno-banner\" title=\"Banner SUNO, clique e saiba mais\">\n\t\t\t<picture>\n\t\t\t\t<source media=\"(max-width: 500px)\" srcset=\"https:\/\/files.sunoresearch.com.br\/n\/uploads\/2023\/04\/400x300-Planilha-vida-financeira-true.png\">\n\t\t\t\t<img class=\"newsContent__article__imgCapa newsContent__article__imgCapa--banner\"\n\t\t\t\t\tsrc=\"https:\/\/files.sunoresearch.com.br\/n\/uploads\/2023\/04\/1420x240-Planilha-vida-financeira-true.png\"\n\t\t\t\t\tdata-promo-id=\"383123\"\t\t\t\t\t\t\t\t\t\twidth='1420' height='240'\t\t\t\t\talt=\"https:\/\/files.sunoresearch.com.br\/n\/uploads\/2023\/04\/1420x240-Planilha-vida-financeira-true.png\"\n\t\t\t\t>\n\t\t\t<\/picture>\n\t\t<\/a>\n\t<\/p>\n\n\n","protected":false},"excerpt":{"rendered":"<p>Ap\u00f3s operar entre leve alta e estabilidade no per\u00edodo da manh\u00e3, o d\u00f3lar \u00e0 vista perdeu for\u00e7a ao longo da tarde e encerrou a sess\u00e3o desta segunda-feira, 9, cotado a R$ 5,1300, em baixa de 0,62%, com m\u00ednima a R$ 5,1220. A virada no mercado de c\u00e2mbio dom\u00e9stico se deu diante da retomada do apetite [&hellip;]<\/p>\n","protected":false},"author":43,"featured_media":408463,"comment_status":"closed","ping_status":"closed","sticky":false,"template":"","format":"standard","meta":[],"categories":[60],"tags":[326],"suno_strategy":[],"class_list":["post-468604","post","type-post","status-publish","format-standard","has-post-thumbnail","hentry","category-mercado","tag-dolar"],"yoast_head":"<!-- This site is optimized with the Yoast SEO plugin v24.4 - https:\/\/yoast.com\/wordpress\/plugins\/seo\/ -->\n<title>D\u00f3lar recua 0,62% ap\u00f3s fala de dirigente do Fed<\/title>\n<meta name=\"description\" content=\"O d\u00f3lar \u00e0 vista perdeu for\u00e7a ao longo da tarde e encerrou a sess\u00e3o desta segunda-feira, 9, cotado a R$ 5,1300, em baixa de 0,62%\" \/>\n<meta name=\"robots\" content=\"index, follow, max-snippet:-1, max-image-preview:large, max-video-preview:-1\" \/>\n<link rel=\"canonical\" href=\"https:\/\/www.suno.com.br\/noticias\/dolar-recua-dirigente-do-fed-chance-tregua-do-hamas\/\" \/>\n<meta property=\"og:locale\" content=\"pt_BR\" \/>\n<meta property=\"og:type\" content=\"article\" \/>\n<meta property=\"og:title\" content=\"D\u00f3lar recua 0,62% ap\u00f3s fala de dirigente do Fed\" \/>\n<meta property=\"og:description\" content=\"O d\u00f3lar \u00e0 vista perdeu for\u00e7a ao longo da tarde e encerrou a sess\u00e3o desta segunda-feira, 9, cotado a R$ 5,1300, em baixa de 0,62%\" \/>\n<meta property=\"og:url\" content=\"https:\/\/www.suno.com.br\/noticias\/dolar-recua-dirigente-do-fed-chance-tregua-do-hamas\/\" \/>\n<meta property=\"og:site_name\" content=\"Suno Not\u00edcias\" \/>\n<meta property=\"article:publisher\" content=\"https:\/\/facebook.com\/sunoresearch\" \/>\n<meta property=\"article:author\" content=\"https:\/\/www.facebook.com\/sunonoticias\/\" \/>\n<meta property=\"og:image\" content=\"https:\/\/files.sunoresearch.com.br\/n\/uploads\/2023\/05\/dolar-dinheiro-mundo.jpg\" \/>\n\t<meta property=\"og:image:width\" content=\"1200\" \/>\n\t<meta property=\"og:image:height\" content=\"801\" \/>\n\t<meta property=\"og:image:type\" content=\"image\/jpeg\" \/>\n<meta name=\"author\" content=\"Reda\u00e7\u00e3o Suno Not\u00edcias\" \/>\n<meta name=\"twitter:card\" content=\"summary_large_image\" \/>\n<meta name=\"twitter:creator\" content=\"@https:\/\/twitter.com\/sunoresearch\" \/>\n<meta name=\"twitter:site\" content=\"@sunoresearch\" \/>\n<meta name=\"twitter:label1\" content=\"Escrito por\" \/>\n\t<meta name=\"twitter:data1\" content=\"Reda\u00e7\u00e3o Suno Not\u00edcias\" \/>\n\t<meta name=\"twitter:label2\" content=\"Est. tempo de leitura\" \/>\n\t<meta name=\"twitter:data2\" content=\"4 minutos\" \/>\n<script type=\"application\/ld+json\" class=\"yoast-schema-graph\">{\"@context\":\"https:\/\/schema.org\",\"@graph\":[{\"@type\":\"NewsArticle\",\"@id\":\"https:\/\/www.suno.com.br\/noticias\/dolar-recua-dirigente-do-fed-chance-tregua-do-hamas\/#article\",\"isPartOf\":{\"@id\":\"https:\/\/www.suno.com.br\/noticias\/dolar-recua-dirigente-do-fed-chance-tregua-do-hamas\/\"},\"author\":{\"name\":\"Reda\u00e7\u00e3o Suno Not\u00edcias\",\"@id\":\"https:\/\/www.suno.com.br\/noticias\/#\/schema\/person\/c1b1bd3727fa852bd045e9dbff3673ea\"},\"headline\":\"D\u00f3lar recua 0,62% ap\u00f3s fala de dirigente do Fed e chance de tr\u00e9gua do Hamas\",\"datePublished\":\"2023-10-09T23:01:45+00:00\",\"dateModified\":\"2023-10-09T23:23:41+00:00\",\"mainEntityOfPage\":{\"@id\":\"https:\/\/www.suno.com.br\/noticias\/dolar-recua-dirigente-do-fed-chance-tregua-do-hamas\/\"},\"wordCount\":728,\"publisher\":{\"@id\":\"https:\/\/www.suno.com.br\/noticias\/#organization\"},\"image\":{\"@id\":\"https:\/\/www.suno.com.br\/noticias\/dolar-recua-dirigente-do-fed-chance-tregua-do-hamas\/#primaryimage\"},\"thumbnailUrl\":\"https:\/\/files.sunoresearch.com.br\/n\/uploads\/2023\/05\/dolar-dinheiro-mundo.jpg\",\"keywords\":[\"d\u00f3lar\"],\"articleSection\":[\"Mercado\"],\"inLanguage\":\"pt-BR\"},{\"@type\":\"WebPage\",\"@id\":\"https:\/\/www.suno.com.br\/noticias\/dolar-recua-dirigente-do-fed-chance-tregua-do-hamas\/\",\"url\":\"https:\/\/www.suno.com.br\/noticias\/dolar-recua-dirigente-do-fed-chance-tregua-do-hamas\/\",\"name\":\"D\u00f3lar recua 0,62% ap\u00f3s fala de dirigente do Fed\",\"isPartOf\":{\"@id\":\"https:\/\/www.suno.com.br\/noticias\/#website\"},\"primaryImageOfPage\":{\"@id\":\"https:\/\/www.suno.com.br\/noticias\/dolar-recua-dirigente-do-fed-chance-tregua-do-hamas\/#primaryimage\"},\"image\":{\"@id\":\"https:\/\/www.suno.com.br\/noticias\/dolar-recua-dirigente-do-fed-chance-tregua-do-hamas\/#primaryimage\"},\"thumbnailUrl\":\"https:\/\/files.sunoresearch.com.br\/n\/uploads\/2023\/05\/dolar-dinheiro-mundo.jpg\",\"datePublished\":\"2023-10-09T23:01:45+00:00\",\"dateModified\":\"2023-10-09T23:23:41+00:00\",\"description\":\"O d\u00f3lar \u00e0 vista perdeu for\u00e7a ao longo da tarde e encerrou a sess\u00e3o desta segunda-feira, 9, cotado a R$ 5,1300, em baixa de 0,62%\",\"breadcrumb\":{\"@id\":\"https:\/\/www.suno.com.br\/noticias\/dolar-recua-dirigente-do-fed-chance-tregua-do-hamas\/#breadcrumb\"},\"inLanguage\":\"pt-BR\",\"potentialAction\":[{\"@type\":\"ReadAction\",\"target\":[\"https:\/\/www.suno.com.br\/noticias\/dolar-recua-dirigente-do-fed-chance-tregua-do-hamas\/\"]}]},{\"@type\":\"ImageObject\",\"inLanguage\":\"pt-BR\",\"@id\":\"https:\/\/www.suno.com.br\/noticias\/dolar-recua-dirigente-do-fed-chance-tregua-do-hamas\/#primaryimage\",\"url\":\"https:\/\/files.sunoresearch.com.br\/n\/uploads\/2023\/05\/dolar-dinheiro-mundo.jpg\",\"contentUrl\":\"https:\/\/files.sunoresearch.com.br\/n\/uploads\/2023\/05\/dolar-dinheiro-mundo.jpg\",\"width\":1200,\"height\":801,\"caption\":\"ETF de renda fixa e renda vari\u00e1vel. Foto: iStock Foto: iStock\"},{\"@type\":\"BreadcrumbList\",\"@id\":\"https:\/\/www.suno.com.br\/noticias\/dolar-recua-dirigente-do-fed-chance-tregua-do-hamas\/#breadcrumb\",\"itemListElement\":[{\"@type\":\"ListItem\",\"position\":1,\"name\":\"Not\u00edcias\",\"item\":\"https:\/\/www.suno.com.br\/noticias\/\"},{\"@type\":\"ListItem\",\"position\":2,\"name\":\"Mercado\",\"item\":\"https:\/\/www.suno.com.br\/noticias\/mercado\/\"},{\"@type\":\"ListItem\",\"position\":3,\"name\":\"D\u00f3lar recua 0,62% ap\u00f3s fala de dirigente do Fed e chance de tr\u00e9gua do Hamas\"}]},{\"@type\":\"WebSite\",\"@id\":\"https:\/\/www.suno.com.br\/noticias\/#website\",\"url\":\"https:\/\/www.suno.com.br\/noticias\/\",\"name\":\"Suno Not\u00edcias\",\"description\":\"Seu portal de informa\u00e7\u00e3o sobre o mundo dos investimentos\",\"publisher\":{\"@id\":\"https:\/\/www.suno.com.br\/noticias\/#organization\"},\"potentialAction\":[{\"@type\":\"SearchAction\",\"target\":{\"@type\":\"EntryPoint\",\"urlTemplate\":\"https:\/\/www.suno.com.br\/noticias\/?s={search_term_string}\"},\"query-input\":{\"@type\":\"PropertyValueSpecification\",\"valueRequired\":true,\"valueName\":\"search_term_string\"}}],\"inLanguage\":\"pt-BR\"},{\"@type\":\"Organization\",\"@id\":\"https:\/\/www.suno.com.br\/noticias\/#organization\",\"name\":\"Suno Not\u00edcias\",\"url\":\"https:\/\/www.suno.com.br\/noticias\/\",\"logo\":{\"@type\":\"ImageObject\",\"inLanguage\":\"pt-BR\",\"@id\":\"https:\/\/www.suno.com.br\/noticias\/#\/schema\/logo\/image\/\",\"url\":\"https:\/\/files.sunoresearch.com.br\/n\/uploads\/2021\/09\/suno-logo.png\",\"contentUrl\":\"https:\/\/files.sunoresearch.com.br\/n\/uploads\/2021\/09\/suno-logo.png\",\"width\":180,\"height\":180,\"caption\":\"Suno Not\u00edcias\"},\"image\":{\"@id\":\"https:\/\/www.suno.com.br\/noticias\/#\/schema\/logo\/image\/\"},\"sameAs\":[\"https:\/\/facebook.com\/sunoresearch\",\"https:\/\/x.com\/sunoresearch\",\"https:\/\/www.instagram.com\/suno\",\"https:\/\/www.linkedin.com\/company\/suno-research\/\",\"https:\/\/www.youtube.com\/c\/sunoresearch\"]},{\"@type\":\"Person\",\"@id\":\"https:\/\/www.suno.com.br\/noticias\/#\/schema\/person\/c1b1bd3727fa852bd045e9dbff3673ea\",\"name\":\"Reda\u00e7\u00e3o Suno Not\u00edcias\",\"image\":{\"@type\":\"ImageObject\",\"inLanguage\":\"pt-BR\",\"@id\":\"https:\/\/www.suno.com.br\/noticias\/#\/schema\/person\/image\/\",\"url\":\"https:\/\/secure.gravatar.com\/avatar\/b8104b9b5a71985d5238ee59fbe418af?s=96&r=g\",\"contentUrl\":\"https:\/\/secure.gravatar.com\/avatar\/b8104b9b5a71985d5238ee59fbe418af?s=96&r=g\",\"caption\":\"Reda\u00e7\u00e3o Suno Not\u00edcias\"},\"description\":\"O Suno Not\u00edcias \u00e9 um portal de informa\u00e7\u00f5es sobre Mercado Financeiro, Pol\u00edtica, Neg\u00f3cios, Economia e Finan\u00e7as Pessoais.\",\"sameAs\":[\"https:\/\/www.suno.com.br\/noticias\",\"https:\/\/www.facebook.com\/sunonoticias\/\",\"https:\/\/www.instagram.com\/sunonoticias\/\",\"https:\/\/x.com\/https:\/\/twitter.com\/sunoresearch\",\"https:\/\/www.youtube.com\/sunonoticias\"],\"url\":\"https:\/\/www.suno.com.br\/noticias\/author\/redacao-suno\/\"}]}<\/script>\n<!-- \/ Yoast SEO plugin. -->","yoast_head_json":{"title":"D\u00f3lar recua 0,62% ap\u00f3s fala de dirigente do Fed","description":"O d\u00f3lar \u00e0 vista perdeu for\u00e7a ao longo da tarde e encerrou a sess\u00e3o desta segunda-feira, 9, cotado a R$ 5,1300, em baixa de 0,62%","robots":{"index":"index","follow":"follow","max-snippet":"max-snippet:-1","max-image-preview":"max-image-preview:large","max-video-preview":"max-video-preview:-1"},"canonical":"https:\/\/www.suno.com.br\/noticias\/dolar-recua-dirigente-do-fed-chance-tregua-do-hamas\/","og_locale":"pt_BR","og_type":"article","og_title":"D\u00f3lar recua 0,62% ap\u00f3s fala de dirigente do Fed","og_description":"O d\u00f3lar \u00e0 vista perdeu for\u00e7a ao longo da tarde e encerrou a sess\u00e3o desta segunda-feira, 9, cotado a R$ 5,1300, em baixa de 0,62%","og_url":"https:\/\/www.suno.com.br\/noticias\/dolar-recua-dirigente-do-fed-chance-tregua-do-hamas\/","og_site_name":"Suno Not\u00edcias","article_publisher":"https:\/\/facebook.com\/sunoresearch","article_author":"https:\/\/www.facebook.com\/sunonoticias\/","og_image":[{"width":1200,"height":801,"url":"https:\/\/files.sunoresearch.com.br\/n\/uploads\/2023\/05\/dolar-dinheiro-mundo.jpg","type":"image\/jpeg"}],"author":"Reda\u00e7\u00e3o Suno Not\u00edcias","twitter_card":"summary_large_image","twitter_creator":"@https:\/\/twitter.com\/sunoresearch","twitter_site":"@sunoresearch","twitter_misc":{"Escrito por":"Reda\u00e7\u00e3o Suno Not\u00edcias","Est. tempo de leitura":"4 minutos"},"schema":{"@context":"https:\/\/schema.org","@graph":[{"@type":"NewsArticle","@id":"https:\/\/www.suno.com.br\/noticias\/dolar-recua-dirigente-do-fed-chance-tregua-do-hamas\/#article","isPartOf":{"@id":"https:\/\/www.suno.com.br\/noticias\/dolar-recua-dirigente-do-fed-chance-tregua-do-hamas\/"},"author":{"name":"Reda\u00e7\u00e3o Suno Not\u00edcias","@id":"https:\/\/www.suno.com.br\/noticias\/#\/schema\/person\/c1b1bd3727fa852bd045e9dbff3673ea"},"headline":"D\u00f3lar recua 0,62% ap\u00f3s fala de dirigente do Fed e chance de tr\u00e9gua do Hamas","datePublished":"2023-10-09T23:01:45+00:00","dateModified":"2023-10-09T23:23:41+00:00","mainEntityOfPage":{"@id":"https:\/\/www.suno.com.br\/noticias\/dolar-recua-dirigente-do-fed-chance-tregua-do-hamas\/"},"wordCount":728,"publisher":{"@id":"https:\/\/www.suno.com.br\/noticias\/#organization"},"image":{"@id":"https:\/\/www.suno.com.br\/noticias\/dolar-recua-dirigente-do-fed-chance-tregua-do-hamas\/#primaryimage"},"thumbnailUrl":"https:\/\/files.sunoresearch.com.br\/n\/uploads\/2023\/05\/dolar-dinheiro-mundo.jpg","keywords":["d\u00f3lar"],"articleSection":["Mercado"],"inLanguage":"pt-BR"},{"@type":"WebPage","@id":"https:\/\/www.suno.com.br\/noticias\/dolar-recua-dirigente-do-fed-chance-tregua-do-hamas\/","url":"https:\/\/www.suno.com.br\/noticias\/dolar-recua-dirigente-do-fed-chance-tregua-do-hamas\/","name":"D\u00f3lar recua 0,62% ap\u00f3s fala de dirigente do Fed","isPartOf":{"@id":"https:\/\/www.suno.com.br\/noticias\/#website"},"primaryImageOfPage":{"@id":"https:\/\/www.suno.com.br\/noticias\/dolar-recua-dirigente-do-fed-chance-tregua-do-hamas\/#primaryimage"},"image":{"@id":"https:\/\/www.suno.com.br\/noticias\/dolar-recua-dirigente-do-fed-chance-tregua-do-hamas\/#primaryimage"},"thumbnailUrl":"https:\/\/files.sunoresearch.com.br\/n\/uploads\/2023\/05\/dolar-dinheiro-mundo.jpg","datePublished":"2023-10-09T23:01:45+00:00","dateModified":"2023-10-09T23:23:41+00:00","description":"O d\u00f3lar \u00e0 vista perdeu for\u00e7a ao longo da tarde e encerrou a sess\u00e3o desta segunda-feira, 9, cotado a R$ 5,1300, em baixa de 0,62%","breadcrumb":{"@id":"https:\/\/www.suno.com.br\/noticias\/dolar-recua-dirigente-do-fed-chance-tregua-do-hamas\/#breadcrumb"},"inLanguage":"pt-BR","potentialAction":[{"@type":"ReadAction","target":["https:\/\/www.suno.com.br\/noticias\/dolar-recua-dirigente-do-fed-chance-tregua-do-hamas\/"]}]},{"@type":"ImageObject","inLanguage":"pt-BR","@id":"https:\/\/www.suno.com.br\/noticias\/dolar-recua-dirigente-do-fed-chance-tregua-do-hamas\/#primaryimage","url":"https:\/\/files.sunoresearch.com.br\/n\/uploads\/2023\/05\/dolar-dinheiro-mundo.jpg","contentUrl":"https:\/\/files.sunoresearch.com.br\/n\/uploads\/2023\/05\/dolar-dinheiro-mundo.jpg","width":1200,"height":801,"caption":"ETF de renda fixa e renda vari\u00e1vel. Foto: iStock Foto: iStock"},{"@type":"BreadcrumbList","@id":"https:\/\/www.suno.com.br\/noticias\/dolar-recua-dirigente-do-fed-chance-tregua-do-hamas\/#breadcrumb","itemListElement":[{"@type":"ListItem","position":1,"name":"Not\u00edcias","item":"https:\/\/www.suno.com.br\/noticias\/"},{"@type":"ListItem","position":2,"name":"Mercado","item":"https:\/\/www.suno.com.br\/noticias\/mercado\/"},{"@type":"ListItem","position":3,"name":"D\u00f3lar recua 0,62% ap\u00f3s fala de dirigente do Fed e chance de tr\u00e9gua do Hamas"}]},{"@type":"WebSite","@id":"https:\/\/www.suno.com.br\/noticias\/#website","url":"https:\/\/www.suno.com.br\/noticias\/","name":"Suno Not\u00edcias","description":"Seu portal de informa\u00e7\u00e3o sobre o mundo dos investimentos","publisher":{"@id":"https:\/\/www.suno.com.br\/noticias\/#organization"},"potentialAction":[{"@type":"SearchAction","target":{"@type":"EntryPoint","urlTemplate":"https:\/\/www.suno.com.br\/noticias\/?s={search_term_string}"},"query-input":{"@type":"PropertyValueSpecification","valueRequired":true,"valueName":"search_term_string"}}],"inLanguage":"pt-BR"},{"@type":"Organization","@id":"https:\/\/www.suno.com.br\/noticias\/#organization","name":"Suno Not\u00edcias","url":"https:\/\/www.suno.com.br\/noticias\/","logo":{"@type":"ImageObject","inLanguage":"pt-BR","@id":"https:\/\/www.suno.com.br\/noticias\/#\/schema\/logo\/image\/","url":"https:\/\/files.sunoresearch.com.br\/n\/uploads\/2021\/09\/suno-logo.png","contentUrl":"https:\/\/files.sunoresearch.com.br\/n\/uploads\/2021\/09\/suno-logo.png","width":180,"height":180,"caption":"Suno Not\u00edcias"},"image":{"@id":"https:\/\/www.suno.com.br\/noticias\/#\/schema\/logo\/image\/"},"sameAs":["https:\/\/facebook.com\/sunoresearch","https:\/\/x.com\/sunoresearch","https:\/\/www.instagram.com\/suno","https:\/\/www.linkedin.com\/company\/suno-research\/","https:\/\/www.youtube.com\/c\/sunoresearch"]},{"@type":"Person","@id":"https:\/\/www.suno.com.br\/noticias\/#\/schema\/person\/c1b1bd3727fa852bd045e9dbff3673ea","name":"Reda\u00e7\u00e3o Suno Not\u00edcias","image":{"@type":"ImageObject","inLanguage":"pt-BR","@id":"https:\/\/www.suno.com.br\/noticias\/#\/schema\/person\/image\/","url":"https:\/\/secure.gravatar.com\/avatar\/b8104b9b5a71985d5238ee59fbe418af?s=96&r=g","contentUrl":"https:\/\/secure.gravatar.com\/avatar\/b8104b9b5a71985d5238ee59fbe418af?s=96&r=g","caption":"Reda\u00e7\u00e3o Suno Not\u00edcias"},"description":"O Suno Not\u00edcias \u00e9 um portal de informa\u00e7\u00f5es sobre Mercado Financeiro, Pol\u00edtica, Neg\u00f3cios, Economia e Finan\u00e7as Pessoais.","sameAs":["https:\/\/www.suno.com.br\/noticias","https:\/\/www.facebook.com\/sunonoticias\/","https:\/\/www.instagram.com\/sunonoticias\/","https:\/\/x.com\/https:\/\/twitter.com\/sunoresearch","https:\/\/www.youtube.com\/sunonoticias"],"url":"https:\/\/www.suno.com.br\/noticias\/author\/redacao-suno\/"}]}},"default_loop_html":"<div class=\"cardsPage__listCard__boxs\"><div class=\"cardsPage__listCard__boxs__img\"><a href=\"https:\/\/www.suno.com.br\/noticias\/dolar-recua-dirigente-do-fed-chance-tregua-do-hamas\/\"><img class=\"mask\" src=\"https:\/\/www.suno.com.br\/noticias\/wp-content\/themes\/suno\/resources\/images\/spotlight\/spotlight1img\/bg-mask.png\" alt=\"Image Mask\"\/><img src=\"https:\/\/files.sunoresearch.com.br\/n\/uploads\/2023\/05\/dolar-dinheiro-mundo-400x200.jpg\" alt=\"D\u00f3lar recua 0,62% ap\u00f3s fala de dirigente do Fed e chance de tr\u00e9gua do Hamas\"\/><\/a><span class=\"spotlightCategory\"><a href=\"https:\/\/www.suno.com.br\/noticias\/mercado\/\">Mercado<\/a><\/span><\/div><div class=\"cardsPage__listCard__boxs__content\"><a href=\"https:\/\/www.suno.com.br\/noticias\/dolar-recua-dirigente-do-fed-chance-tregua-do-hamas\/\"><h2 class=\"content__title\">D\u00f3lar recua 0,62% ap\u00f3s fala de dirigente do Fed e chance de tr\u00e9gua do Hamas<\/h2><\/a><div class=\"newsContent__article__meta\"><div class=\"newsContent__article__meta__authorBox\"><a href=\"https:\/\/www.suno.com.br\/noticias\/author\/redacao-suno\/\" class=\"authorBox__avatar noMobi\"><img src=\"https:\/\/files.sunoresearch.com.br\/n\/uploads\/2020\/08\/0ace682d-redacao-1-150x150.webp\" alt=\"Reda\u00e7\u00e3o Suno Not\u00edcias\"><\/a><div class=\"authorBox__name\"><span>por\n\t\t\t<a href=\"https:\/\/www.suno.com.br\/noticias\/author\/redacao-suno\/\"><span itemprop=\"author\">Reda\u00e7\u00e3o Suno Not\u00edcias<\/span><\/a><\/span><time datetime=\"2023-10-09T20:01:45-03:00\" itemprop=\"datePublished\">09\/10\/2023 20:01<\/time><\/div><\/div><\/div><\/div><\/div>","single_layout":"posts","amp_enabled":true,"_links":{"self":[{"href":"https:\/\/www.suno.com.br\/noticias\/wp-json\/wp\/v2\/posts\/468604"}],"collection":[{"href":"https:\/\/www.suno.com.br\/noticias\/wp-json\/wp\/v2\/posts"}],"about":[{"href":"https:\/\/www.suno.com.br\/noticias\/wp-json\/wp\/v2\/types\/post"}],"author":[{"embeddable":true,"href":"https:\/\/www.suno.com.br\/noticias\/wp-json\/wp\/v2\/users\/43"}],"replies":[{"embeddable":true,"href":"https:\/\/www.suno.com.br\/noticias\/wp-json\/wp\/v2\/comments?post=468604"}],"version-history":[{"count":3,"href":"https:\/\/www.suno.com.br\/noticias\/wp-json\/wp\/v2\/posts\/468604\/revisions"}],"predecessor-version":[{"id":468706,"href":"https:\/\/www.suno.com.br\/noticias\/wp-json\/wp\/v2\/posts\/468604\/revisions\/468706"}],"wp:featuredmedia":[{"embeddable":true,"href":"https:\/\/www.suno.com.br\/noticias\/wp-json\/wp\/v2\/media\/408463"}],"wp:attachment":[{"href":"https:\/\/www.suno.com.br\/noticias\/wp-json\/wp\/v2\/media?parent=468604"}],"wp:term":[{"taxonomy":"category","embeddable":true,"href":"https:\/\/www.suno.com.br\/noticias\/wp-json\/wp\/v2\/categories?post=468604"},{"taxonomy":"post_tag","embeddable":true,"href":"https:\/\/www.suno.com.br\/noticias\/wp-json\/wp\/v2\/tags?post=468604"},{"taxonomy":"suno_strategy","embeddable":true,"href":"https:\/\/www.suno.com.br\/noticias\/wp-json\/wp\/v2\/suno_strategy?post=468604"}],"curies":[{"name":"wp","href":"https:\/\/api.w.org\/{rel}","templated":true}]}}