{"id":46850,"date":"2019-12-05T18:00:58","date_gmt":"2019-12-05T20:00:58","guid":{"rendered":"https:\/\/www.suno.com.br\/noticias\/?p=46850"},"modified":"2021-05-12T15:01:45","modified_gmt":"2021-05-12T18:01:45","slug":"empresas-mercado-de-capitais-bndes","status":"publish","type":"post","link":"https:\/\/www.suno.com.br\/noticias\/empresas-mercado-de-capitais-bndes\/","title":{"rendered":"Empresas captaram R$ 440,8 bi no mercado de capitais sem BNDES, diz pesquisa"},"content":{"rendered":"<p>A <a href=\"https:\/\/www.suno.com.br\/artigos\/anbima\/\"><strong>Anbima<\/strong> <\/a>divulgou, nesta quinta-feira (05), seu balan\u00e7o anual em que indica que as empresas captaram R$ 440,8 bilh\u00f5es entre janeiro e novembro no mercado de capitais sem depender do <a href=\"https:\/\/www.suno.com.br\/artigos\/bndespar\/\"><strong>Banco Nacional de Desenvolvimento Econ\u00f4mico e Social<\/strong> (<strong>BNDES<\/strong>)<\/a>. O volume representa uma eleva\u00e7\u00e3o de 60,6% em compara\u00e7\u00e3o ao mesmo per\u00edodo de 2018.<\/p>\t<div class=\"wrapper-featured-image\">\n\t\t<figure class=\"spotlightImg\">\n\n\t\t\t<picture>\n\t\t\t\t<source media=\"(max-width: 768px)\" srcset=\"https:\/\/files.sunoresearch.com.br\/n\/uploads\/2019\/06\/4a583721-empresas-400x200.webp\">\n\t\t\t\t<img loading=\"lazy\" decoding=\"async\" class=\"newsContent__article__imgCapa lazyloadDisabled newsContent__article__imgCapa--noCaption\" src=\"https:\/\/files.sunoresearch.com.br\/n\/uploads\/2019\/06\/4a583721-empresas-800x450.webp\" width=\"800\" height=\"450\" alt=\"Empresas captaram R$ 440,8 bi no mercado de capitais sem BNDES, diz pesquisa\" fetchpriority=high \/>\n\t\t\t<\/picture>\n\n\t\t\t<figcaption class=\"wp-caption-text wp-caption-text--hide\">Empresas captaram R$ 440,8 bi no mercado de capitais sem BNDES <\/figcaption>\n\t\t<\/figure>\n\t<\/div>\n\n\n\n<p>De acordo com o vice-presidente da <strong>Ambima<\/strong>, <strong>Jos\u00e9<\/strong> <strong>Eduardo<\/strong> <strong>Laloni<\/strong>, o valor levantado no <a href=\"https:\/\/www.suno.com.br\/artigos\/mercado-de-capitais-conceito\/\"><strong>mercado<\/strong> <strong>de capitais<\/strong><\/a> de 2019 \u00e9 a maior da s\u00e9rie hist\u00f3rica. As justificativas para o resultado s\u00e3o desde a <a href=\"https:\/\/www.suno.com.br\/artigos\/deficit-publico\/\"><strong>redu\u00e7\u00e3o<\/strong> <strong>de<\/strong> <strong>cr\u00e9dito<\/strong> <strong>p\u00fablico<\/strong><\/a> e subsidiado para empresas, levando empreendimentos a procurarem por funding no setor privado, at\u00e9 a diminui\u00e7\u00e3o da <strong><a href=\"https:\/\/www.suno.com.br\/artigos\/taxa-selic\/\">taxa Selic<\/a><\/strong>, o que levou investidores de renda fixa para outros segmentos da economia.<\/p>\n<p>Segundo o levantamento, o destaque de 2019 foi a renda vari\u00e1vel, com R$ 78,3 bilh\u00f5es de capta\u00e7\u00f5es realizadas atrav\u00e9s de <a href=\"https:\/\/www.suno.com.br\/artigos\/ipo\/\">emiss\u00f5es secund\u00e1rias de a\u00e7\u00f5es e lan\u00e7amentos (<strong>IPOs<\/strong>)<\/a>, em compara\u00e7\u00e3o aos R$ 11,3 bilh\u00f5es no mesmo per\u00edodo de 2018. &#8220;Passamos esse valor e ainda temos tr\u00eas semanas para termos boas not\u00edcias, com quatro ofertas em andamento ou a caminho que podem levar 2019 para um n\u00famero ainda maior&#8221;, afirmou <strong>Laloni<\/strong>.<\/p>\n<h2>Desestatiza\u00e7\u00e3o do governo ajudou o mercado de capitais<\/h2>\n<p>Al\u00e9m disso, o executivo salientou que as iniciativas do governo de desestatiza\u00e7\u00e3o e desinvestimentos influenciaram no n\u00famero, comparando os R$ 48,9 bilh\u00f5es levantados em <a href=\"https:\/\/www.suno.com.br\/artigos\/follow-on\/\"><strong>follow-on<\/strong><\/a> contra os R$ 6,5 bilh\u00f5es no mesmo per\u00edodo de 2018.<span style=\"font-size: 1.21429rem;\">\u00a0<\/span><\/p>\n<p>Em <a href=\"https:\/\/www.suno.com.br\/artigos\/investimento-renda-fixa\/\"><strong>renda<\/strong> <strong>fixa<\/strong><\/a>, as <a href=\"https:\/\/www.suno.com.br\/artigos\/o-que-sao-debentures\/\"><strong>deb\u00eantures<\/strong> <\/a>somaram R$ 153,5 bilh\u00f5es, uma eleva\u00e7\u00e3o de 12% em rela\u00e7\u00e3o a janeiro e novembro de 2018.<\/p>\n<p><a href=\"https:\/\/www.suno.com.br\/noticias\/banco-do-brasil-lancar-credito-imobiliario-referenciado-ipca\/\">Saiba mais: Banco do Brasil ir\u00e1 lan\u00e7ar cr\u00e9dito imobili\u00e1rio referenciado no IPCA<\/a><\/p>\n<p>J\u00e1 em rela\u00e7\u00e3o \u00e0 <strong>industria<\/strong> <strong>de fundos<\/strong>, houve uma \u00a0<a href=\"https:\/\/www.suno.com.br\/artigos\/o-que-receita-liquida\/\"><strong>capta\u00e7\u00e3o<\/strong> <strong>l\u00edquida<\/strong><\/a> de R$ 228,1 bilh\u00f5es de <strong>janeiro<\/strong> e <strong>novembro<\/strong> de 2019, uma eleva\u00e7\u00e3o em compara\u00e7\u00e3o aos R$ 69,1 bilh\u00f5es captados em 2019. No acumulado do ano, 2019 j\u00e1 chega perto de 2017, quando registrou R$ 245,7 bilh\u00f5es.<\/p>\n\t<p>\n\t\t<a href=\"https:\/\/lp.suno.com.br\/ebook-investindo-em-dividendos\/\" target=\"_blank\" data-element=\"shortcode-suno-banner\" title=\"Banner SUNO, clique e saiba mais\">\n\t\t\t<picture>\n\t\t\t\t<source media=\"(max-width: 500px)\" srcset=\"https:\/\/files.sunoresearch.com.br\/n\/uploads\/2023\/03\/400x300-Dividendos.png\">\n\t\t\t\t<img class=\"newsContent__article__imgCapa newsContent__article__imgCapa--banner\"\n\t\t\t\t\tsrc=\"https:\/\/files.sunoresearch.com.br\/n\/uploads\/2023\/03\/1420x240-Dividendos.png\"\n\t\t\t\t\tdata-promo-id=\"383163\"\t\t\t\t\t\t\t\t\t\twidth='1420' height='240'\t\t\t\t\talt=\"https:\/\/files.sunoresearch.com.br\/n\/uploads\/2023\/03\/1420x240-Dividendos.png\"\n\t\t\t\t>\n\t\t\t<\/picture>\n\t\t<\/a>\n\t<\/p>\n\n\n<p>Foi tamb\u00e9m registrado que os<a href=\"https:\/\/www.suno.com.br\/artigos\/fundo-de-acoes\/\"> <strong>fundos<\/strong> <strong>de<\/strong> <strong>a\u00e7\u00f5es<\/strong><\/a> captaram liquidamente R$ 67,5 bilh\u00f5es, aproximadamente tr\u00eas vezes o captado em 2018. A categoria foi a que mais atraiu recursos no <strong>mercado de capitais<\/strong> at\u00e9 novembro.<\/p>\n","protected":false},"excerpt":{"rendered":"<p>A Anbima divulgou, nesta quinta-feira (05), seu balan\u00e7o anual em que indica que as empresas captaram R$ 440,8 bilh\u00f5es entre janeiro e novembro no mercado de capitais sem depender do Banco Nacional de Desenvolvimento Econ\u00f4mico e Social (BNDES). O volume representa uma eleva\u00e7\u00e3o de 60,6% em compara\u00e7\u00e3o ao mesmo per\u00edodo de 2018. Empresas captaram R$ [&hellip;]<\/p>\n","protected":false},"author":23,"featured_media":29249,"comment_status":"closed","ping_status":"closed","sticky":false,"template":"","format":"standard","meta":[],"categories":[62],"tags":[1635],"suno_strategy":[],"class_list":["post-46850","post","type-post","status-publish","format-standard","has-post-thumbnail","hentry","category-economia","tag-mercado-financeiro"],"yoast_head":"<!-- This site is optimized with the Yoast SEO plugin v24.4 - https:\/\/yoast.com\/wordpress\/plugins\/seo\/ -->\n<title>Empresas captaram R$ 440,8 bi no mercado de capitais sem BNDES<\/title>\n<meta name=\"description\" content=\"A Anbima divulgou que as empresas captaram R$ 440,8 bi entre janeiro e novembro no mercado de capitais sem BNDES. Clique para saber mais.\" \/>\n<meta name=\"robots\" content=\"index, follow, max-snippet:-1, max-image-preview:large, max-video-preview:-1\" \/>\n<link rel=\"canonical\" href=\"https:\/\/www.suno.com.br\/noticias\/empresas-mercado-de-capitais-bndes\/\" \/>\n<meta property=\"og:locale\" content=\"pt_BR\" \/>\n<meta property=\"og:type\" content=\"article\" \/>\n<meta property=\"og:title\" content=\"Empresas captaram R$ 440,8 bi no mercado de capitais sem BNDES\" \/>\n<meta property=\"og:description\" content=\"A Anbima divulgou que as empresas captaram R$ 440,8 bi entre janeiro e novembro no mercado de capitais sem BNDES. Clique para saber mais.\" \/>\n<meta property=\"og:url\" content=\"https:\/\/www.suno.com.br\/noticias\/empresas-mercado-de-capitais-bndes\/\" \/>\n<meta property=\"og:site_name\" content=\"Suno Not\u00edcias\" \/>\n<meta property=\"article:publisher\" content=\"https:\/\/facebook.com\/sunoresearch\" \/>\n<meta property=\"og:image\" content=\"https:\/\/files.sunoresearch.com.br\/n\/uploads\/2019\/06\/4a583721-empresas.jpg\" \/>\n\t<meta property=\"og:image:width\" content=\"960\" \/>\n\t<meta property=\"og:image:height\" content=\"640\" \/>\n\t<meta property=\"og:image:type\" content=\"image\/jpeg\" \/>\n<meta name=\"author\" content=\"Rafael Lara\" \/>\n<meta name=\"twitter:card\" content=\"summary_large_image\" \/>\n<meta name=\"twitter:creator\" content=\"@sunoresearch\" \/>\n<meta name=\"twitter:site\" content=\"@sunoresearch\" \/>\n<meta name=\"twitter:label1\" content=\"Escrito por\" \/>\n\t<meta name=\"twitter:data1\" content=\"Rafael Lara\" \/>\n\t<meta name=\"twitter:label2\" content=\"Est. tempo de leitura\" \/>\n\t<meta name=\"twitter:data2\" content=\"2 minutos\" \/>\n<script type=\"application\/ld+json\" class=\"yoast-schema-graph\">{\"@context\":\"https:\/\/schema.org\",\"@graph\":[{\"@type\":\"NewsArticle\",\"@id\":\"https:\/\/www.suno.com.br\/noticias\/empresas-mercado-de-capitais-bndes\/#article\",\"isPartOf\":{\"@id\":\"https:\/\/www.suno.com.br\/noticias\/empresas-mercado-de-capitais-bndes\/\"},\"author\":{\"name\":\"Rafael Lara\",\"@id\":\"https:\/\/www.suno.com.br\/noticias\/#\/schema\/person\/098743caeed97b37f51315c9576c4078\"},\"headline\":\"Empresas captaram R$ 440,8 bi no mercado de capitais sem BNDES, diz pesquisa\",\"datePublished\":\"2019-12-05T20:00:58+00:00\",\"dateModified\":\"2021-05-12T18:01:45+00:00\",\"mainEntityOfPage\":{\"@id\":\"https:\/\/www.suno.com.br\/noticias\/empresas-mercado-de-capitais-bndes\/\"},\"wordCount\":389,\"publisher\":{\"@id\":\"https:\/\/www.suno.com.br\/noticias\/#organization\"},\"image\":{\"@id\":\"https:\/\/www.suno.com.br\/noticias\/empresas-mercado-de-capitais-bndes\/#primaryimage\"},\"thumbnailUrl\":\"https:\/\/files.sunoresearch.com.br\/n\/uploads\/2019\/06\/4a583721-empresas-jpg.webp\",\"keywords\":[\"mercado financeiro\"],\"articleSection\":[\"Economia\"],\"inLanguage\":\"pt-BR\"},{\"@type\":\"WebPage\",\"@id\":\"https:\/\/www.suno.com.br\/noticias\/empresas-mercado-de-capitais-bndes\/\",\"url\":\"https:\/\/www.suno.com.br\/noticias\/empresas-mercado-de-capitais-bndes\/\",\"name\":\"Empresas captaram R$ 440,8 bi no mercado de capitais sem BNDES\",\"isPartOf\":{\"@id\":\"https:\/\/www.suno.com.br\/noticias\/#website\"},\"primaryImageOfPage\":{\"@id\":\"https:\/\/www.suno.com.br\/noticias\/empresas-mercado-de-capitais-bndes\/#primaryimage\"},\"image\":{\"@id\":\"https:\/\/www.suno.com.br\/noticias\/empresas-mercado-de-capitais-bndes\/#primaryimage\"},\"thumbnailUrl\":\"https:\/\/files.sunoresearch.com.br\/n\/uploads\/2019\/06\/4a583721-empresas-jpg.webp\",\"datePublished\":\"2019-12-05T20:00:58+00:00\",\"dateModified\":\"2021-05-12T18:01:45+00:00\",\"description\":\"A Anbima divulgou que as empresas captaram R$ 440,8 bi entre janeiro e novembro no mercado de capitais sem BNDES. Clique para saber mais.\",\"breadcrumb\":{\"@id\":\"https:\/\/www.suno.com.br\/noticias\/empresas-mercado-de-capitais-bndes\/#breadcrumb\"},\"inLanguage\":\"pt-BR\",\"potentialAction\":[{\"@type\":\"ReadAction\",\"target\":[\"https:\/\/www.suno.com.br\/noticias\/empresas-mercado-de-capitais-bndes\/\"]}]},{\"@type\":\"ImageObject\",\"inLanguage\":\"pt-BR\",\"@id\":\"https:\/\/www.suno.com.br\/noticias\/empresas-mercado-de-capitais-bndes\/#primaryimage\",\"url\":\"https:\/\/files.sunoresearch.com.br\/n\/uploads\/2019\/06\/4a583721-empresas-jpg.webp\",\"contentUrl\":\"https:\/\/files.sunoresearch.com.br\/n\/uploads\/2019\/06\/4a583721-empresas-jpg.webp\",\"width\":960,\"height\":640,\"caption\":\"Empresas captaram R$ 440,8 bi no mercado de capitais sem BNDES\"},{\"@type\":\"BreadcrumbList\",\"@id\":\"https:\/\/www.suno.com.br\/noticias\/empresas-mercado-de-capitais-bndes\/#breadcrumb\",\"itemListElement\":[{\"@type\":\"ListItem\",\"position\":1,\"name\":\"Not\u00edcias\",\"item\":\"https:\/\/www.suno.com.br\/noticias\/\"},{\"@type\":\"ListItem\",\"position\":2,\"name\":\"Economia\",\"item\":\"https:\/\/www.suno.com.br\/noticias\/economia\/\"},{\"@type\":\"ListItem\",\"position\":3,\"name\":\"Empresas captaram R$ 440,8 bi no mercado de capitais sem BNDES, diz pesquisa\"}]},{\"@type\":\"WebSite\",\"@id\":\"https:\/\/www.suno.com.br\/noticias\/#website\",\"url\":\"https:\/\/www.suno.com.br\/noticias\/\",\"name\":\"Suno Not\u00edcias\",\"description\":\"Seu portal de informa\u00e7\u00e3o sobre o mundo dos investimentos\",\"publisher\":{\"@id\":\"https:\/\/www.suno.com.br\/noticias\/#organization\"},\"potentialAction\":[{\"@type\":\"SearchAction\",\"target\":{\"@type\":\"EntryPoint\",\"urlTemplate\":\"https:\/\/www.suno.com.br\/noticias\/?s={search_term_string}\"},\"query-input\":{\"@type\":\"PropertyValueSpecification\",\"valueRequired\":true,\"valueName\":\"search_term_string\"}}],\"inLanguage\":\"pt-BR\"},{\"@type\":\"Organization\",\"@id\":\"https:\/\/www.suno.com.br\/noticias\/#organization\",\"name\":\"Suno Not\u00edcias\",\"url\":\"https:\/\/www.suno.com.br\/noticias\/\",\"logo\":{\"@type\":\"ImageObject\",\"inLanguage\":\"pt-BR\",\"@id\":\"https:\/\/www.suno.com.br\/noticias\/#\/schema\/logo\/image\/\",\"url\":\"https:\/\/files.sunoresearch.com.br\/n\/uploads\/2021\/09\/suno-logo.png\",\"contentUrl\":\"https:\/\/files.sunoresearch.com.br\/n\/uploads\/2021\/09\/suno-logo.png\",\"width\":180,\"height\":180,\"caption\":\"Suno Not\u00edcias\"},\"image\":{\"@id\":\"https:\/\/www.suno.com.br\/noticias\/#\/schema\/logo\/image\/\"},\"sameAs\":[\"https:\/\/facebook.com\/sunoresearch\",\"https:\/\/x.com\/sunoresearch\",\"https:\/\/www.instagram.com\/suno\",\"https:\/\/www.linkedin.com\/company\/suno-research\/\",\"https:\/\/www.youtube.com\/c\/sunoresearch\"]},{\"@type\":\"Person\",\"@id\":\"https:\/\/www.suno.com.br\/noticias\/#\/schema\/person\/098743caeed97b37f51315c9576c4078\",\"name\":\"Rafael Lara\",\"image\":{\"@type\":\"ImageObject\",\"inLanguage\":\"pt-BR\",\"@id\":\"https:\/\/www.suno.com.br\/noticias\/#\/schema\/person\/image\/\",\"url\":\"https:\/\/secure.gravatar.com\/avatar\/dfc254ab9bb2ea1895d98b9e9dae4bdd?s=96&r=g\",\"contentUrl\":\"https:\/\/secure.gravatar.com\/avatar\/dfc254ab9bb2ea1895d98b9e9dae4bdd?s=96&r=g\",\"caption\":\"Rafael Lara\"},\"description\":\"Rafael Lara cursa jornalismo na Faculdade C\u00e1sper L\u00edbero. Escreve sobre pol\u00edtica, economia e neg\u00f3cios para o portal Suno Not\u00edcias. Antes, colaborou na TV Gazeta na produ\u00e7\u00e3o do programa Edi\u00e7\u00e3o Extra.\",\"url\":\"https:\/\/www.suno.com.br\/noticias\/author\/rafael\/\"}]}<\/script>\n<!-- \/ Yoast SEO plugin. -->","yoast_head_json":{"title":"Empresas captaram R$ 440,8 bi no mercado de capitais sem BNDES","description":"A Anbima divulgou que as empresas captaram R$ 440,8 bi entre janeiro e novembro no mercado de capitais sem BNDES. Clique para saber mais.","robots":{"index":"index","follow":"follow","max-snippet":"max-snippet:-1","max-image-preview":"max-image-preview:large","max-video-preview":"max-video-preview:-1"},"canonical":"https:\/\/www.suno.com.br\/noticias\/empresas-mercado-de-capitais-bndes\/","og_locale":"pt_BR","og_type":"article","og_title":"Empresas captaram R$ 440,8 bi no mercado de capitais sem BNDES","og_description":"A Anbima divulgou que as empresas captaram R$ 440,8 bi entre janeiro e novembro no mercado de capitais sem BNDES. Clique para saber mais.","og_url":"https:\/\/www.suno.com.br\/noticias\/empresas-mercado-de-capitais-bndes\/","og_site_name":"Suno Not\u00edcias","article_publisher":"https:\/\/facebook.com\/sunoresearch","og_image":[{"width":960,"height":640,"url":"https:\/\/files.sunoresearch.com.br\/n\/uploads\/2019\/06\/4a583721-empresas.jpg","type":"image\/jpeg"}],"author":"Rafael Lara","twitter_card":"summary_large_image","twitter_creator":"@sunoresearch","twitter_site":"@sunoresearch","twitter_misc":{"Escrito por":"Rafael Lara","Est. tempo de leitura":"2 minutos"},"schema":{"@context":"https:\/\/schema.org","@graph":[{"@type":"NewsArticle","@id":"https:\/\/www.suno.com.br\/noticias\/empresas-mercado-de-capitais-bndes\/#article","isPartOf":{"@id":"https:\/\/www.suno.com.br\/noticias\/empresas-mercado-de-capitais-bndes\/"},"author":{"name":"Rafael Lara","@id":"https:\/\/www.suno.com.br\/noticias\/#\/schema\/person\/098743caeed97b37f51315c9576c4078"},"headline":"Empresas captaram R$ 440,8 bi no mercado de capitais sem BNDES, diz pesquisa","datePublished":"2019-12-05T20:00:58+00:00","dateModified":"2021-05-12T18:01:45+00:00","mainEntityOfPage":{"@id":"https:\/\/www.suno.com.br\/noticias\/empresas-mercado-de-capitais-bndes\/"},"wordCount":389,"publisher":{"@id":"https:\/\/www.suno.com.br\/noticias\/#organization"},"image":{"@id":"https:\/\/www.suno.com.br\/noticias\/empresas-mercado-de-capitais-bndes\/#primaryimage"},"thumbnailUrl":"https:\/\/files.sunoresearch.com.br\/n\/uploads\/2019\/06\/4a583721-empresas-jpg.webp","keywords":["mercado financeiro"],"articleSection":["Economia"],"inLanguage":"pt-BR"},{"@type":"WebPage","@id":"https:\/\/www.suno.com.br\/noticias\/empresas-mercado-de-capitais-bndes\/","url":"https:\/\/www.suno.com.br\/noticias\/empresas-mercado-de-capitais-bndes\/","name":"Empresas captaram R$ 440,8 bi no mercado de capitais sem BNDES","isPartOf":{"@id":"https:\/\/www.suno.com.br\/noticias\/#website"},"primaryImageOfPage":{"@id":"https:\/\/www.suno.com.br\/noticias\/empresas-mercado-de-capitais-bndes\/#primaryimage"},"image":{"@id":"https:\/\/www.suno.com.br\/noticias\/empresas-mercado-de-capitais-bndes\/#primaryimage"},"thumbnailUrl":"https:\/\/files.sunoresearch.com.br\/n\/uploads\/2019\/06\/4a583721-empresas-jpg.webp","datePublished":"2019-12-05T20:00:58+00:00","dateModified":"2021-05-12T18:01:45+00:00","description":"A Anbima divulgou que as empresas captaram R$ 440,8 bi entre janeiro e novembro no mercado de capitais sem BNDES. Clique para saber mais.","breadcrumb":{"@id":"https:\/\/www.suno.com.br\/noticias\/empresas-mercado-de-capitais-bndes\/#breadcrumb"},"inLanguage":"pt-BR","potentialAction":[{"@type":"ReadAction","target":["https:\/\/www.suno.com.br\/noticias\/empresas-mercado-de-capitais-bndes\/"]}]},{"@type":"ImageObject","inLanguage":"pt-BR","@id":"https:\/\/www.suno.com.br\/noticias\/empresas-mercado-de-capitais-bndes\/#primaryimage","url":"https:\/\/files.sunoresearch.com.br\/n\/uploads\/2019\/06\/4a583721-empresas-jpg.webp","contentUrl":"https:\/\/files.sunoresearch.com.br\/n\/uploads\/2019\/06\/4a583721-empresas-jpg.webp","width":960,"height":640,"caption":"Empresas captaram R$ 440,8 bi no mercado de capitais sem BNDES"},{"@type":"BreadcrumbList","@id":"https:\/\/www.suno.com.br\/noticias\/empresas-mercado-de-capitais-bndes\/#breadcrumb","itemListElement":[{"@type":"ListItem","position":1,"name":"Not\u00edcias","item":"https:\/\/www.suno.com.br\/noticias\/"},{"@type":"ListItem","position":2,"name":"Economia","item":"https:\/\/www.suno.com.br\/noticias\/economia\/"},{"@type":"ListItem","position":3,"name":"Empresas captaram R$ 440,8 bi no mercado de capitais sem BNDES, diz pesquisa"}]},{"@type":"WebSite","@id":"https:\/\/www.suno.com.br\/noticias\/#website","url":"https:\/\/www.suno.com.br\/noticias\/","name":"Suno Not\u00edcias","description":"Seu portal de informa\u00e7\u00e3o sobre o mundo dos investimentos","publisher":{"@id":"https:\/\/www.suno.com.br\/noticias\/#organization"},"potentialAction":[{"@type":"SearchAction","target":{"@type":"EntryPoint","urlTemplate":"https:\/\/www.suno.com.br\/noticias\/?s={search_term_string}"},"query-input":{"@type":"PropertyValueSpecification","valueRequired":true,"valueName":"search_term_string"}}],"inLanguage":"pt-BR"},{"@type":"Organization","@id":"https:\/\/www.suno.com.br\/noticias\/#organization","name":"Suno Not\u00edcias","url":"https:\/\/www.suno.com.br\/noticias\/","logo":{"@type":"ImageObject","inLanguage":"pt-BR","@id":"https:\/\/www.suno.com.br\/noticias\/#\/schema\/logo\/image\/","url":"https:\/\/files.sunoresearch.com.br\/n\/uploads\/2021\/09\/suno-logo.png","contentUrl":"https:\/\/files.sunoresearch.com.br\/n\/uploads\/2021\/09\/suno-logo.png","width":180,"height":180,"caption":"Suno Not\u00edcias"},"image":{"@id":"https:\/\/www.suno.com.br\/noticias\/#\/schema\/logo\/image\/"},"sameAs":["https:\/\/facebook.com\/sunoresearch","https:\/\/x.com\/sunoresearch","https:\/\/www.instagram.com\/suno","https:\/\/www.linkedin.com\/company\/suno-research\/","https:\/\/www.youtube.com\/c\/sunoresearch"]},{"@type":"Person","@id":"https:\/\/www.suno.com.br\/noticias\/#\/schema\/person\/098743caeed97b37f51315c9576c4078","name":"Rafael Lara","image":{"@type":"ImageObject","inLanguage":"pt-BR","@id":"https:\/\/www.suno.com.br\/noticias\/#\/schema\/person\/image\/","url":"https:\/\/secure.gravatar.com\/avatar\/dfc254ab9bb2ea1895d98b9e9dae4bdd?s=96&r=g","contentUrl":"https:\/\/secure.gravatar.com\/avatar\/dfc254ab9bb2ea1895d98b9e9dae4bdd?s=96&r=g","caption":"Rafael Lara"},"description":"Rafael Lara cursa jornalismo na Faculdade C\u00e1sper L\u00edbero. Escreve sobre pol\u00edtica, economia e neg\u00f3cios para o portal Suno Not\u00edcias. Antes, colaborou na TV Gazeta na produ\u00e7\u00e3o do programa Edi\u00e7\u00e3o Extra.","url":"https:\/\/www.suno.com.br\/noticias\/author\/rafael\/"}]}},"default_loop_html":"<div class=\"cardsPage__listCard__boxs\"><div class=\"cardsPage__listCard__boxs__img\"><a href=\"https:\/\/www.suno.com.br\/noticias\/empresas-mercado-de-capitais-bndes\/\"><img class=\"mask\" src=\"https:\/\/www.suno.com.br\/noticias\/wp-content\/themes\/suno\/resources\/images\/spotlight\/spotlight1img\/bg-mask.png\" alt=\"Image Mask\"\/><img src=\"https:\/\/files.sunoresearch.com.br\/n\/uploads\/2019\/06\/4a583721-empresas-400x200.webp\" alt=\"Empresas captaram R$ 440,8 bi no mercado de capitais sem BNDES, diz pesquisa\"\/><\/a><span class=\"spotlightCategory\"><a href=\"https:\/\/www.suno.com.br\/noticias\/economia\/\">Economia<\/a><\/span><\/div><div class=\"cardsPage__listCard__boxs__content\"><a href=\"https:\/\/www.suno.com.br\/noticias\/empresas-mercado-de-capitais-bndes\/\"><h2 class=\"content__title\">Empresas captaram R$ 440,8 bi no mercado de capitais sem BNDES, diz pesquisa<\/h2><\/a><div class=\"newsContent__article__meta\"><div class=\"newsContent__article__meta__authorBox\"><a href=\"https:\/\/www.suno.com.br\/noticias\/author\/rafael\/\" class=\"authorBox__avatar noMobi\"><img src=\"https:\/\/secure.gravatar.com\/avatar\/dfc254ab9bb2ea1895d98b9e9dae4bdd?s=96&#038;r=g\" alt=\"Rafael Lara\"><\/a><div class=\"authorBox__name\"><span>por\n\t\t\t<a href=\"https:\/\/www.suno.com.br\/noticias\/author\/rafael\/\"><span itemprop=\"author\">Rafael Lara<\/span><\/a><\/span><time datetime=\"2019-12-05T18:00:58-03:00\" itemprop=\"datePublished\">05\/12\/2019 18:00<\/time><\/div><\/div><\/div><\/div><\/div>","single_layout":"posts","amp_enabled":true,"_links":{"self":[{"href":"https:\/\/www.suno.com.br\/noticias\/wp-json\/wp\/v2\/posts\/46850"}],"collection":[{"href":"https:\/\/www.suno.com.br\/noticias\/wp-json\/wp\/v2\/posts"}],"about":[{"href":"https:\/\/www.suno.com.br\/noticias\/wp-json\/wp\/v2\/types\/post"}],"author":[{"embeddable":true,"href":"https:\/\/www.suno.com.br\/noticias\/wp-json\/wp\/v2\/users\/23"}],"replies":[{"embeddable":true,"href":"https:\/\/www.suno.com.br\/noticias\/wp-json\/wp\/v2\/comments?post=46850"}],"version-history":[{"count":1,"href":"https:\/\/www.suno.com.br\/noticias\/wp-json\/wp\/v2\/posts\/46850\/revisions"}],"predecessor-version":[{"id":147685,"href":"https:\/\/www.suno.com.br\/noticias\/wp-json\/wp\/v2\/posts\/46850\/revisions\/147685"}],"wp:featuredmedia":[{"embeddable":true,"href":"https:\/\/www.suno.com.br\/noticias\/wp-json\/wp\/v2\/media\/29249"}],"wp:attachment":[{"href":"https:\/\/www.suno.com.br\/noticias\/wp-json\/wp\/v2\/media?parent=46850"}],"wp:term":[{"taxonomy":"category","embeddable":true,"href":"https:\/\/www.suno.com.br\/noticias\/wp-json\/wp\/v2\/categories?post=46850"},{"taxonomy":"post_tag","embeddable":true,"href":"https:\/\/www.suno.com.br\/noticias\/wp-json\/wp\/v2\/tags?post=46850"},{"taxonomy":"suno_strategy","embeddable":true,"href":"https:\/\/www.suno.com.br\/noticias\/wp-json\/wp\/v2\/suno_strategy?post=46850"}],"curies":[{"name":"wp","href":"https:\/\/api.w.org\/{rel}","templated":true}]}}