{"id":46805,"date":"2019-12-05T14:52:58","date_gmt":"2019-12-05T16:52:58","guid":{"rendered":"https:\/\/www.suno.com.br\/noticias\/?p=46805"},"modified":"2019-12-05T14:52:58","modified_gmt":"2019-12-05T16:52:58","slug":"petrobras-entrar-opep-nao-e-opcao-brasil","status":"publish","type":"post","link":"https:\/\/www.suno.com.br\/noticias\/petrobras-entrar-opep-nao-e-opcao-brasil\/","title":{"rendered":"Petrobras diz que entrar no Opep n\u00e3o \u00e9 op\u00e7\u00e3o para o Brasil no momento"},"content":{"rendered":"<p>O presidente <strong>Jair<\/strong> <strong>Bolsonaro<\/strong> disse, recentemente, que entrar na<br \/>\nOrganiza\u00e7\u00e3o dos Pa\u00edses Exportadores de Petr\u00f3leo <strong>(Opep)<\/strong> seria algo positivo para o Brasil. A declara\u00e7\u00e3o foi dada ap\u00f3s um convite informal da organiza\u00e7\u00e3o. Em contrapartida, na \u00faltima quarta-feira (4), o presidente da Petrobras (PETR3; PETR4), <strong>Roberto<\/strong> <strong>Castello<\/strong> <strong>Branco<\/strong>, afirmou que no momento essa possibilidade n\u00e3o seria positiva para o Pa\u00eds.<\/p>\t<div class=\"wrapper-featured-image\">\n\t\t<figure class=\"spotlightImg\">\n\n\t\t\t<picture>\n\t\t\t\t<source media=\"(max-width: 768px)\" srcset=\"https:\/\/files.sunoresearch.com.br\/n\/uploads\/2019\/05\/a4e99772-petrobras-400x200.webp\">\n\t\t\t\t<img loading=\"lazy\" decoding=\"async\" class=\"newsContent__article__imgCapa lazyloadDisabled newsContent__article__imgCapa--noCaption\" src=\"https:\/\/files.sunoresearch.com.br\/n\/uploads\/2019\/05\/a4e99772-petrobras-800x450.webp\" width=\"800\" height=\"450\" alt=\"Petrobras diz que entrar no Opep n\u00e3o \u00e9 op\u00e7\u00e3o para o Brasil no momento\" fetchpriority=high \/>\n\t\t\t<\/picture>\n\n\t\t\t<figcaption class=\"wp-caption-text wp-caption-text--hide\">A Petrobras (PETR3; PETR4) iniciou a fase vinculante referente \u00e0 venda de sua subsidi\u00e1ria integral Petrobras Biocombust\u00edvel (PBIO).<\/figcaption>\n\t\t<\/figure>\n\t<\/div>\n\n<p>O presidente <strong>Jair<\/strong> <strong>Bolsonaro<\/strong> disse, recentemente, que entrar na<br \/>\nOrganiza\u00e7\u00e3o dos Pa\u00edses Exportadores de Petr\u00f3leo <strong>(Opep)<\/strong> seria algo positivo para o Brasil. A declara\u00e7\u00e3o foi dada ap\u00f3s um convite informal da organiza\u00e7\u00e3o. Em contrapartida, na \u00faltima quarta-feira (4), o presidente da Petrobras (PETR3; PETR4), <strong>Roberto<\/strong> <strong>Castello<\/strong> <strong>Branco<\/strong>, afirmou que no momento essa possibilidade n\u00e3o seria positiva para o Pa\u00eds.<\/p>\n\n\n<p>Vale destacar que a produ\u00e7\u00e3o de petr\u00f3leo do Brasil deve crescer nos pr\u00f3ximos anos com a perfura\u00e7\u00e3o de mais reservas offshore. Assim, o Pa\u00eds aumentar\u00e1 sua influ\u00eancia no mercado global.<\/p>\n\t<p>\n\t\t<a href=\"https:\/\/lp.suno.com.br\/planilha-controle-gastos\/\" target=\"_blank\" data-element=\"shortcode-suno-banner\" title=\"Banner SUNO, clique e saiba mais\">\n\t\t\t<picture>\n\t\t\t\t<source media=\"(max-width: 500px)\" srcset=\"https:\/\/files.sunoresearch.com.br\/n\/uploads\/2023\/03\/400x300-Planilha-controle-de-gastos.png\">\n\t\t\t\t<img class=\"newsContent__article__imgCapa newsContent__article__imgCapa--banner\"\n\t\t\t\t\tsrc=\"https:\/\/files.sunoresearch.com.br\/n\/uploads\/2023\/03\/1420x240-Planilha-controle-de-gastos.png\"\n\t\t\t\t\tdata-promo-id=\"101751\"\t\t\t\t\t\t\t\t\t\twidth='1420' height='240'\t\t\t\t\talt=\"https:\/\/files.sunoresearch.com.br\/n\/uploads\/2023\/03\/1420x240-Planilha-controle-de-gastos.png\"\n\t\t\t\t>\n\t\t\t<\/picture>\n\t\t<\/a>\n\t<\/p>\n\n\n<p>A entrada do Brasil na <strong>Opep<\/strong> n\u00e3o \u00e9 um assunto novo. No mandato de <strong>Luiz In\u00e1cio Lula da Silva<\/strong> j\u00e1 era considerada uma poss\u00edvel parceria com a organiza\u00e7\u00e3o. Da mesma forma, a Petrobras j\u00e1 havia informado que n\u00e3o aceitaria a proposta, alegando obriga\u00e7\u00f5es com investidores e credores de d\u00edvida.<\/p>\n<h2>Petrobras e distribui\u00e7\u00e3o de US$ 34 bi em dividendos<\/h2>\n<p>A Petrobras \u00a0informou, nesta quarta-feira (4), que pretende distribuir US$ 34 bilh\u00f5es (cerca de R$ 143 bilh\u00f5es) em <a href=\"https:\/\/www.suno.com.br\/dividendos\/\"><strong>dividendos<\/strong><\/a> at\u00e9 2024.<\/p>\n<p>De acordo com a diretora financeira da <strong>Petrobras<\/strong>, Andrea Almeida, o pagamento de dividendos passar\u00e1 por um aumento substancial quando a <a href=\"https:\/\/www.suno.com.br\/artigos\/divida-bruta\/\"><strong>d\u00edvida bruta<\/strong><\/a> da petrol\u00edfera atingir US$ 60 bilh\u00f5es (no final do terceiro trimestre, a d\u00edvida era de US$ 89,9 bi).<\/p>\n<p><a href=\"https:\/\/www.suno.com.br\/noticias\/petrobras-diesel-aumenta-2-preco\/\">Veja tamb\u00e9m: Petrobras aumenta em 2% o pre\u00e7o m\u00e9dio do diesel nas refinarias<\/a><\/p>\n<p>A executiva salientou que a distribui\u00e7\u00e3o dos recursos neste formato \u00e9 um dos melhores usos para o caixa da estatal no futuro.<\/p>\n<p>Segundo Almeida, a estatal pretende diminuir a diferen\u00e7a entre seus valores de <strong><a href=\"https:\/\/www.suno.com.br\/artigos\/valor-de-mercado\/\">mercado<\/a><\/strong> e <strong><a href=\"https:\/\/www.suno.com.br\/artigos\/valor-patrimonial\/\">patrimonial<\/a><\/strong> ao longo dos pr\u00f3ximos dois anos. Para isso, a petrol\u00edfera prev\u00ea a redu\u00e7\u00e3o de 15% de seus gastos corporativos de 10% dos custos at\u00e9 2021.<\/p>\n<p>O presidente da estatal, <strong><a href=\"https:\/\/www.suno.com.br\/tudo-sobre\/roberto-castello-branco\/\">Roberto Castello Branco<\/a><\/strong>, afirmou que a empresa est\u00e1 trabalhando em um processo de transforma\u00e7\u00e3o cultural. Segundo o executivo, o<span style=\"font-size: 1.21429rem;\">\u00a0novo plano estrat\u00e9gico contar\u00e1 com cinco pilares, sendo eles:<\/span><\/p>\n<ul>\n<li>maximiza\u00e7\u00e3o do retorno sobre o capital empregado;<\/li>\n<li>redu\u00e7\u00e3o do custo de capital;<\/li>\n<li>busca incessante por custos baixos;<\/li>\n<li>meritocracia e respeito \u00e0s pessoas;<\/li>\n<li>meio ambiente e seguran\u00e7a.<\/li>\n<\/ul>\n<p>O presidente da <strong>Petrobras <\/strong>disse que, ao longo dos pr\u00f3ximos anos, a estatal petrol\u00edfera dever\u00e1 direcionar seu foco para a explora\u00e7\u00e3o e produ\u00e7\u00e3o em \u00e1guas profundas e ultraprofundas na regi\u00e3o Sudeste.<\/p>\n","protected":false},"excerpt":{"rendered":"<p>O presidente Jair Bolsonaro disse, recentemente, que entrar na Organiza\u00e7\u00e3o dos Pa\u00edses Exportadores de Petr\u00f3leo (Opep) seria algo positivo para o Brasil. A declara\u00e7\u00e3o foi dada ap\u00f3s um convite informal da organiza\u00e7\u00e3o. Em contrapartida, na \u00faltima quarta-feira (4), o presidente da Petrobras (PETR3; PETR4), Roberto Castello Branco, afirmou que no momento essa possibilidade n\u00e3o seria [&hellip;]<\/p>\n","protected":false},"author":19,"featured_media":25113,"comment_status":"closed","ping_status":"closed","sticky":false,"template":"","format":"standard","meta":[],"categories":[64],"tags":[595,766],"suno_strategy":[],"class_list":["post-46805","post","type-post","status-publish","format-standard","has-post-thumbnail","hentry","category-negocios","tag-petrobras-petr4","tag-petroleo"],"yoast_head":"<!-- This site is optimized with the Yoast SEO plugin v24.4 - https:\/\/yoast.com\/wordpress\/plugins\/seo\/ -->\n<title>Petrobras diz que entrar no Opep n\u00e3o \u00e9 op\u00e7\u00e3o para o Brasil<\/title>\n<meta name=\"description\" content=\"O presidente da Petrobras, Roberto Castello Branco, afirmou que no momento entrar no Opep n\u00e3o \u00e9 uma op\u00e7\u00e3o para o Brasil. Saiba mais.\" \/>\n<meta name=\"robots\" content=\"index, follow, max-snippet:-1, max-image-preview:large, max-video-preview:-1\" \/>\n<link rel=\"canonical\" href=\"https:\/\/www.suno.com.br\/noticias\/petrobras-entrar-opep-nao-e-opcao-brasil\/\" \/>\n<meta property=\"og:locale\" content=\"pt_BR\" \/>\n<meta property=\"og:type\" content=\"article\" \/>\n<meta property=\"og:title\" content=\"Petrobras diz que entrar no Opep n\u00e3o \u00e9 op\u00e7\u00e3o para o Brasil\" \/>\n<meta property=\"og:description\" content=\"O presidente da Petrobras, Roberto Castello Branco, afirmou que no momento entrar no Opep n\u00e3o \u00e9 uma op\u00e7\u00e3o para o Brasil. Saiba mais.\" \/>\n<meta property=\"og:url\" content=\"https:\/\/www.suno.com.br\/noticias\/petrobras-entrar-opep-nao-e-opcao-brasil\/\" \/>\n<meta property=\"og:site_name\" content=\"Suno Not\u00edcias\" \/>\n<meta property=\"article:publisher\" content=\"https:\/\/facebook.com\/sunoresearch\" \/>\n<meta property=\"og:image\" content=\"https:\/\/files.sunoresearch.com.br\/n\/uploads\/2019\/05\/a4e99772-petrobras.jpg\" \/>\n\t<meta property=\"og:image:width\" content=\"1140\" \/>\n\t<meta property=\"og:image:height\" content=\"760\" \/>\n\t<meta property=\"og:image:type\" content=\"image\/jpeg\" \/>\n<meta name=\"author\" content=\"Juliano Passaro\" \/>\n<meta name=\"twitter:card\" content=\"summary_large_image\" \/>\n<meta name=\"twitter:creator\" content=\"@sunoresearch\" \/>\n<meta name=\"twitter:site\" content=\"@sunoresearch\" \/>\n<meta name=\"twitter:label1\" content=\"Escrito por\" \/>\n\t<meta name=\"twitter:data1\" content=\"Juliano Passaro\" \/>\n\t<meta name=\"twitter:label2\" content=\"Est. tempo de leitura\" \/>\n\t<meta name=\"twitter:data2\" content=\"2 minutos\" \/>\n<script type=\"application\/ld+json\" class=\"yoast-schema-graph\">{\"@context\":\"https:\/\/schema.org\",\"@graph\":[{\"@type\":\"NewsArticle\",\"@id\":\"https:\/\/www.suno.com.br\/noticias\/petrobras-entrar-opep-nao-e-opcao-brasil\/#article\",\"isPartOf\":{\"@id\":\"https:\/\/www.suno.com.br\/noticias\/petrobras-entrar-opep-nao-e-opcao-brasil\/\"},\"author\":{\"name\":\"Juliano Passaro\",\"@id\":\"https:\/\/www.suno.com.br\/noticias\/#\/schema\/person\/1db762f78ffd8919a648a63e425953e3\"},\"headline\":\"Petrobras diz que entrar no Opep n\u00e3o \u00e9 op\u00e7\u00e3o para o Brasil no momento\",\"datePublished\":\"2019-12-05T16:52:58+00:00\",\"mainEntityOfPage\":{\"@id\":\"https:\/\/www.suno.com.br\/noticias\/petrobras-entrar-opep-nao-e-opcao-brasil\/\"},\"wordCount\":470,\"publisher\":{\"@id\":\"https:\/\/www.suno.com.br\/noticias\/#organization\"},\"image\":{\"@id\":\"https:\/\/www.suno.com.br\/noticias\/petrobras-entrar-opep-nao-e-opcao-brasil\/#primaryimage\"},\"thumbnailUrl\":\"https:\/\/files.sunoresearch.com.br\/n\/uploads\/2019\/05\/a4e99772-petrobras-jpg.webp\",\"keywords\":[\"Petrobras (PETR4)\",\"Petr\u00f3leo\"],\"articleSection\":[\"Neg\u00f3cios\"],\"inLanguage\":\"pt-BR\"},{\"@type\":\"WebPage\",\"@id\":\"https:\/\/www.suno.com.br\/noticias\/petrobras-entrar-opep-nao-e-opcao-brasil\/\",\"url\":\"https:\/\/www.suno.com.br\/noticias\/petrobras-entrar-opep-nao-e-opcao-brasil\/\",\"name\":\"Petrobras diz que entrar no Opep n\u00e3o \u00e9 op\u00e7\u00e3o para o Brasil\",\"isPartOf\":{\"@id\":\"https:\/\/www.suno.com.br\/noticias\/#website\"},\"primaryImageOfPage\":{\"@id\":\"https:\/\/www.suno.com.br\/noticias\/petrobras-entrar-opep-nao-e-opcao-brasil\/#primaryimage\"},\"image\":{\"@id\":\"https:\/\/www.suno.com.br\/noticias\/petrobras-entrar-opep-nao-e-opcao-brasil\/#primaryimage\"},\"thumbnailUrl\":\"https:\/\/files.sunoresearch.com.br\/n\/uploads\/2019\/05\/a4e99772-petrobras-jpg.webp\",\"datePublished\":\"2019-12-05T16:52:58+00:00\",\"description\":\"O presidente da Petrobras, Roberto Castello Branco, afirmou que no momento entrar no Opep n\u00e3o \u00e9 uma op\u00e7\u00e3o para o Brasil. Saiba mais.\",\"breadcrumb\":{\"@id\":\"https:\/\/www.suno.com.br\/noticias\/petrobras-entrar-opep-nao-e-opcao-brasil\/#breadcrumb\"},\"inLanguage\":\"pt-BR\",\"potentialAction\":[{\"@type\":\"ReadAction\",\"target\":[\"https:\/\/www.suno.com.br\/noticias\/petrobras-entrar-opep-nao-e-opcao-brasil\/\"]}]},{\"@type\":\"ImageObject\",\"inLanguage\":\"pt-BR\",\"@id\":\"https:\/\/www.suno.com.br\/noticias\/petrobras-entrar-opep-nao-e-opcao-brasil\/#primaryimage\",\"url\":\"https:\/\/files.sunoresearch.com.br\/n\/uploads\/2019\/05\/a4e99772-petrobras-jpg.webp\",\"contentUrl\":\"https:\/\/files.sunoresearch.com.br\/n\/uploads\/2019\/05\/a4e99772-petrobras-jpg.webp\",\"width\":1140,\"height\":760,\"caption\":\"A Petrobras (PETR3; PETR4) iniciou a fase vinculante referente \u00e0 venda de sua subsidi\u00e1ria integral Petrobras Biocombust\u00edvel (PBIO).\"},{\"@type\":\"BreadcrumbList\",\"@id\":\"https:\/\/www.suno.com.br\/noticias\/petrobras-entrar-opep-nao-e-opcao-brasil\/#breadcrumb\",\"itemListElement\":[{\"@type\":\"ListItem\",\"position\":1,\"name\":\"Not\u00edcias\",\"item\":\"https:\/\/www.suno.com.br\/noticias\/\"},{\"@type\":\"ListItem\",\"position\":2,\"name\":\"Neg\u00f3cios\",\"item\":\"https:\/\/www.suno.com.br\/noticias\/negocios\/\"},{\"@type\":\"ListItem\",\"position\":3,\"name\":\"Petrobras diz que entrar no Opep n\u00e3o \u00e9 op\u00e7\u00e3o para o Brasil no momento\"}]},{\"@type\":\"WebSite\",\"@id\":\"https:\/\/www.suno.com.br\/noticias\/#website\",\"url\":\"https:\/\/www.suno.com.br\/noticias\/\",\"name\":\"Suno Not\u00edcias\",\"description\":\"Seu portal de informa\u00e7\u00e3o sobre o mundo dos investimentos\",\"publisher\":{\"@id\":\"https:\/\/www.suno.com.br\/noticias\/#organization\"},\"potentialAction\":[{\"@type\":\"SearchAction\",\"target\":{\"@type\":\"EntryPoint\",\"urlTemplate\":\"https:\/\/www.suno.com.br\/noticias\/?s={search_term_string}\"},\"query-input\":{\"@type\":\"PropertyValueSpecification\",\"valueRequired\":true,\"valueName\":\"search_term_string\"}}],\"inLanguage\":\"pt-BR\"},{\"@type\":\"Organization\",\"@id\":\"https:\/\/www.suno.com.br\/noticias\/#organization\",\"name\":\"Suno Not\u00edcias\",\"url\":\"https:\/\/www.suno.com.br\/noticias\/\",\"logo\":{\"@type\":\"ImageObject\",\"inLanguage\":\"pt-BR\",\"@id\":\"https:\/\/www.suno.com.br\/noticias\/#\/schema\/logo\/image\/\",\"url\":\"https:\/\/files.sunoresearch.com.br\/n\/uploads\/2021\/09\/suno-logo.png\",\"contentUrl\":\"https:\/\/files.sunoresearch.com.br\/n\/uploads\/2021\/09\/suno-logo.png\",\"width\":180,\"height\":180,\"caption\":\"Suno Not\u00edcias\"},\"image\":{\"@id\":\"https:\/\/www.suno.com.br\/noticias\/#\/schema\/logo\/image\/\"},\"sameAs\":[\"https:\/\/facebook.com\/sunoresearch\",\"https:\/\/x.com\/sunoresearch\",\"https:\/\/www.instagram.com\/suno\",\"https:\/\/www.linkedin.com\/company\/suno-research\/\",\"https:\/\/www.youtube.com\/c\/sunoresearch\"]},{\"@type\":\"Person\",\"@id\":\"https:\/\/www.suno.com.br\/noticias\/#\/schema\/person\/1db762f78ffd8919a648a63e425953e3\",\"name\":\"Juliano Passaro\",\"image\":{\"@type\":\"ImageObject\",\"inLanguage\":\"pt-BR\",\"@id\":\"https:\/\/www.suno.com.br\/noticias\/#\/schema\/person\/image\/\",\"url\":\"https:\/\/secure.gravatar.com\/avatar\/743d4df28eebf6dcc46b4ad03c319e92?s=96&r=g\",\"contentUrl\":\"https:\/\/secure.gravatar.com\/avatar\/743d4df28eebf6dcc46b4ad03c319e92?s=96&r=g\",\"caption\":\"Juliano Passaro\"},\"description\":\"Juliano Passaro escreve sobre pol\u00edtica, economia e neg\u00f3cios para o portal da Suno Research. Antes da Suno, trabalhou no Portal da Band. \u00c9 formado em jornalismo pela Universidade Presbiteriana Mackenzie.\",\"url\":\"https:\/\/www.suno.com.br\/noticias\/author\/juliano\/\"}]}<\/script>\n<!-- \/ Yoast SEO plugin. -->","yoast_head_json":{"title":"Petrobras diz que entrar no Opep n\u00e3o \u00e9 op\u00e7\u00e3o para o Brasil","description":"O presidente da Petrobras, Roberto Castello Branco, afirmou que no momento entrar no Opep n\u00e3o \u00e9 uma op\u00e7\u00e3o para o Brasil. Saiba mais.","robots":{"index":"index","follow":"follow","max-snippet":"max-snippet:-1","max-image-preview":"max-image-preview:large","max-video-preview":"max-video-preview:-1"},"canonical":"https:\/\/www.suno.com.br\/noticias\/petrobras-entrar-opep-nao-e-opcao-brasil\/","og_locale":"pt_BR","og_type":"article","og_title":"Petrobras diz que entrar no Opep n\u00e3o \u00e9 op\u00e7\u00e3o para o Brasil","og_description":"O presidente da Petrobras, Roberto Castello Branco, afirmou que no momento entrar no Opep n\u00e3o \u00e9 uma op\u00e7\u00e3o para o Brasil. Saiba mais.","og_url":"https:\/\/www.suno.com.br\/noticias\/petrobras-entrar-opep-nao-e-opcao-brasil\/","og_site_name":"Suno Not\u00edcias","article_publisher":"https:\/\/facebook.com\/sunoresearch","og_image":[{"width":1140,"height":760,"url":"https:\/\/files.sunoresearch.com.br\/n\/uploads\/2019\/05\/a4e99772-petrobras.jpg","type":"image\/jpeg"}],"author":"Juliano Passaro","twitter_card":"summary_large_image","twitter_creator":"@sunoresearch","twitter_site":"@sunoresearch","twitter_misc":{"Escrito por":"Juliano Passaro","Est. tempo de leitura":"2 minutos"},"schema":{"@context":"https:\/\/schema.org","@graph":[{"@type":"NewsArticle","@id":"https:\/\/www.suno.com.br\/noticias\/petrobras-entrar-opep-nao-e-opcao-brasil\/#article","isPartOf":{"@id":"https:\/\/www.suno.com.br\/noticias\/petrobras-entrar-opep-nao-e-opcao-brasil\/"},"author":{"name":"Juliano Passaro","@id":"https:\/\/www.suno.com.br\/noticias\/#\/schema\/person\/1db762f78ffd8919a648a63e425953e3"},"headline":"Petrobras diz que entrar no Opep n\u00e3o \u00e9 op\u00e7\u00e3o para o Brasil no momento","datePublished":"2019-12-05T16:52:58+00:00","mainEntityOfPage":{"@id":"https:\/\/www.suno.com.br\/noticias\/petrobras-entrar-opep-nao-e-opcao-brasil\/"},"wordCount":470,"publisher":{"@id":"https:\/\/www.suno.com.br\/noticias\/#organization"},"image":{"@id":"https:\/\/www.suno.com.br\/noticias\/petrobras-entrar-opep-nao-e-opcao-brasil\/#primaryimage"},"thumbnailUrl":"https:\/\/files.sunoresearch.com.br\/n\/uploads\/2019\/05\/a4e99772-petrobras-jpg.webp","keywords":["Petrobras (PETR4)","Petr\u00f3leo"],"articleSection":["Neg\u00f3cios"],"inLanguage":"pt-BR"},{"@type":"WebPage","@id":"https:\/\/www.suno.com.br\/noticias\/petrobras-entrar-opep-nao-e-opcao-brasil\/","url":"https:\/\/www.suno.com.br\/noticias\/petrobras-entrar-opep-nao-e-opcao-brasil\/","name":"Petrobras diz que entrar no Opep n\u00e3o \u00e9 op\u00e7\u00e3o para o Brasil","isPartOf":{"@id":"https:\/\/www.suno.com.br\/noticias\/#website"},"primaryImageOfPage":{"@id":"https:\/\/www.suno.com.br\/noticias\/petrobras-entrar-opep-nao-e-opcao-brasil\/#primaryimage"},"image":{"@id":"https:\/\/www.suno.com.br\/noticias\/petrobras-entrar-opep-nao-e-opcao-brasil\/#primaryimage"},"thumbnailUrl":"https:\/\/files.sunoresearch.com.br\/n\/uploads\/2019\/05\/a4e99772-petrobras-jpg.webp","datePublished":"2019-12-05T16:52:58+00:00","description":"O presidente da Petrobras, Roberto Castello Branco, afirmou que no momento entrar no Opep n\u00e3o \u00e9 uma op\u00e7\u00e3o para o Brasil. Saiba mais.","breadcrumb":{"@id":"https:\/\/www.suno.com.br\/noticias\/petrobras-entrar-opep-nao-e-opcao-brasil\/#breadcrumb"},"inLanguage":"pt-BR","potentialAction":[{"@type":"ReadAction","target":["https:\/\/www.suno.com.br\/noticias\/petrobras-entrar-opep-nao-e-opcao-brasil\/"]}]},{"@type":"ImageObject","inLanguage":"pt-BR","@id":"https:\/\/www.suno.com.br\/noticias\/petrobras-entrar-opep-nao-e-opcao-brasil\/#primaryimage","url":"https:\/\/files.sunoresearch.com.br\/n\/uploads\/2019\/05\/a4e99772-petrobras-jpg.webp","contentUrl":"https:\/\/files.sunoresearch.com.br\/n\/uploads\/2019\/05\/a4e99772-petrobras-jpg.webp","width":1140,"height":760,"caption":"A Petrobras (PETR3; PETR4) iniciou a fase vinculante referente \u00e0 venda de sua subsidi\u00e1ria integral Petrobras Biocombust\u00edvel (PBIO)."},{"@type":"BreadcrumbList","@id":"https:\/\/www.suno.com.br\/noticias\/petrobras-entrar-opep-nao-e-opcao-brasil\/#breadcrumb","itemListElement":[{"@type":"ListItem","position":1,"name":"Not\u00edcias","item":"https:\/\/www.suno.com.br\/noticias\/"},{"@type":"ListItem","position":2,"name":"Neg\u00f3cios","item":"https:\/\/www.suno.com.br\/noticias\/negocios\/"},{"@type":"ListItem","position":3,"name":"Petrobras diz que entrar no Opep n\u00e3o \u00e9 op\u00e7\u00e3o para o Brasil no momento"}]},{"@type":"WebSite","@id":"https:\/\/www.suno.com.br\/noticias\/#website","url":"https:\/\/www.suno.com.br\/noticias\/","name":"Suno Not\u00edcias","description":"Seu portal de informa\u00e7\u00e3o sobre o mundo dos investimentos","publisher":{"@id":"https:\/\/www.suno.com.br\/noticias\/#organization"},"potentialAction":[{"@type":"SearchAction","target":{"@type":"EntryPoint","urlTemplate":"https:\/\/www.suno.com.br\/noticias\/?s={search_term_string}"},"query-input":{"@type":"PropertyValueSpecification","valueRequired":true,"valueName":"search_term_string"}}],"inLanguage":"pt-BR"},{"@type":"Organization","@id":"https:\/\/www.suno.com.br\/noticias\/#organization","name":"Suno Not\u00edcias","url":"https:\/\/www.suno.com.br\/noticias\/","logo":{"@type":"ImageObject","inLanguage":"pt-BR","@id":"https:\/\/www.suno.com.br\/noticias\/#\/schema\/logo\/image\/","url":"https:\/\/files.sunoresearch.com.br\/n\/uploads\/2021\/09\/suno-logo.png","contentUrl":"https:\/\/files.sunoresearch.com.br\/n\/uploads\/2021\/09\/suno-logo.png","width":180,"height":180,"caption":"Suno Not\u00edcias"},"image":{"@id":"https:\/\/www.suno.com.br\/noticias\/#\/schema\/logo\/image\/"},"sameAs":["https:\/\/facebook.com\/sunoresearch","https:\/\/x.com\/sunoresearch","https:\/\/www.instagram.com\/suno","https:\/\/www.linkedin.com\/company\/suno-research\/","https:\/\/www.youtube.com\/c\/sunoresearch"]},{"@type":"Person","@id":"https:\/\/www.suno.com.br\/noticias\/#\/schema\/person\/1db762f78ffd8919a648a63e425953e3","name":"Juliano Passaro","image":{"@type":"ImageObject","inLanguage":"pt-BR","@id":"https:\/\/www.suno.com.br\/noticias\/#\/schema\/person\/image\/","url":"https:\/\/secure.gravatar.com\/avatar\/743d4df28eebf6dcc46b4ad03c319e92?s=96&r=g","contentUrl":"https:\/\/secure.gravatar.com\/avatar\/743d4df28eebf6dcc46b4ad03c319e92?s=96&r=g","caption":"Juliano Passaro"},"description":"Juliano Passaro escreve sobre pol\u00edtica, economia e neg\u00f3cios para o portal da Suno Research. Antes da Suno, trabalhou no Portal da Band. \u00c9 formado em jornalismo pela Universidade Presbiteriana Mackenzie.","url":"https:\/\/www.suno.com.br\/noticias\/author\/juliano\/"}]}},"default_loop_html":"<div class=\"cardsPage__listCard__boxs\"><div class=\"cardsPage__listCard__boxs__img\"><a href=\"https:\/\/www.suno.com.br\/noticias\/petrobras-entrar-opep-nao-e-opcao-brasil\/\"><img class=\"mask\" src=\"https:\/\/www.suno.com.br\/noticias\/wp-content\/themes\/suno\/resources\/images\/spotlight\/spotlight1img\/bg-mask.png\" alt=\"Image Mask\"\/><img src=\"https:\/\/files.sunoresearch.com.br\/n\/uploads\/2019\/05\/a4e99772-petrobras-400x200.webp\" alt=\"Petrobras diz que entrar no Opep n\u00e3o \u00e9 op\u00e7\u00e3o para o Brasil no momento\"\/><\/a><span class=\"spotlightCategory\"><a href=\"https:\/\/www.suno.com.br\/noticias\/negocios\/\">Neg\u00f3cios<\/a><\/span><\/div><div class=\"cardsPage__listCard__boxs__content\"><a href=\"https:\/\/www.suno.com.br\/noticias\/petrobras-entrar-opep-nao-e-opcao-brasil\/\"><h2 class=\"content__title\">Petrobras diz que entrar no Opep n\u00e3o \u00e9 op\u00e7\u00e3o para o Brasil no momento<\/h2><\/a><div class=\"newsContent__article__meta\"><div class=\"newsContent__article__meta__authorBox\"><a href=\"https:\/\/www.suno.com.br\/noticias\/author\/juliano\/\" class=\"authorBox__avatar noMobi\"><img src=\"https:\/\/files.sunoresearch.com.br\/n\/uploads\/2019\/06\/7cc3efea-whatsapp-image-2019-07-18-at-21.59.33-e1563499821209-150x150.webp\" alt=\"Juliano Passaro\"><\/a><div class=\"authorBox__name\"><span>por\n\t\t\t<a href=\"https:\/\/www.suno.com.br\/noticias\/author\/juliano\/\"><span itemprop=\"author\">Juliano Passaro<\/span><\/a><\/span><time datetime=\"2019-12-05T14:52:58-03:00\" itemprop=\"datePublished\">05\/12\/2019 14:52<\/time><\/div><\/div><\/div><\/div><\/div>","single_layout":"posts","amp_enabled":true,"_links":{"self":[{"href":"https:\/\/www.suno.com.br\/noticias\/wp-json\/wp\/v2\/posts\/46805"}],"collection":[{"href":"https:\/\/www.suno.com.br\/noticias\/wp-json\/wp\/v2\/posts"}],"about":[{"href":"https:\/\/www.suno.com.br\/noticias\/wp-json\/wp\/v2\/types\/post"}],"author":[{"embeddable":true,"href":"https:\/\/www.suno.com.br\/noticias\/wp-json\/wp\/v2\/users\/19"}],"replies":[{"embeddable":true,"href":"https:\/\/www.suno.com.br\/noticias\/wp-json\/wp\/v2\/comments?post=46805"}],"version-history":[{"count":0,"href":"https:\/\/www.suno.com.br\/noticias\/wp-json\/wp\/v2\/posts\/46805\/revisions"}],"wp:featuredmedia":[{"embeddable":true,"href":"https:\/\/www.suno.com.br\/noticias\/wp-json\/wp\/v2\/media\/25113"}],"wp:attachment":[{"href":"https:\/\/www.suno.com.br\/noticias\/wp-json\/wp\/v2\/media?parent=46805"}],"wp:term":[{"taxonomy":"category","embeddable":true,"href":"https:\/\/www.suno.com.br\/noticias\/wp-json\/wp\/v2\/categories?post=46805"},{"taxonomy":"post_tag","embeddable":true,"href":"https:\/\/www.suno.com.br\/noticias\/wp-json\/wp\/v2\/tags?post=46805"},{"taxonomy":"suno_strategy","embeddable":true,"href":"https:\/\/www.suno.com.br\/noticias\/wp-json\/wp\/v2\/suno_strategy?post=46805"}],"curies":[{"name":"wp","href":"https:\/\/api.w.org\/{rel}","templated":true}]}}