{"id":468033,"date":"2023-10-09T11:10:47","date_gmt":"2023-10-09T14:10:47","guid":{"rendered":"https:\/\/www.suno.com.br\/noticias\/?p=468033"},"modified":"2023-10-09T11:10:53","modified_gmt":"2023-10-09T14:10:53","slug":"pix-inteligencia-artificial-roberto-campos-neto-evm","status":"publish","type":"post","link":"https:\/\/www.suno.com.br\/noticias\/pix-inteligencia-artificial-roberto-campos-neto-evm\/","title":{"rendered":"Campos Neto: Intelig\u00eancia Artificial deve ser usada no Pix"},"content":{"rendered":"<p>O presidente do <a class=\"suno-keyword\" data-force=\"no\" data-priority=\"3\" href=\"https:\/\/www.suno.com.br\/artigos\/bacen\/\" target=\"_blank\" rel=\"noopener\">Banco Central (BC)<\/a>, <a href=\"https:\/\/www.suno.com.br\/noticias\/campos-neto-segunda-fase-desinflacao-dificil-evm\/\" target=\"_blank\" rel=\"noreferrer noopener\">Roberto <strong>Campos Neto<\/strong><\/a>, afirmou que o regulador avalia formas de usar a intelig\u00eancia artificial e que a tecnologia deve ser inserida no <a href=\"https:\/\/www.suno.com.br\/noticias\/web-stories\/fgts-sera-recolhido-via-pix-veja-como-vai-funcionar-cpf\/\" target=\"_blank\" rel=\"noreferrer noopener\">Pix<\/a>, ferramenta de pagamentos instant\u00e2neos. <\/p><div class=\"videoFull \">\n\t\t\t<div class=\"videoWrapper yt-lazyload center\"\n\t\t\t\tdata-width=\"960\"\n\t\t\t\tdata-height=\"540\"\n\t\t\t\tdata-id=\"r_d8cWuvOng\"\n\t\t\t\tdata-alt=\"V\u00eddeo do YouTube - clique para reproduzir\"\n\t\t\t\tdata-logo=\"3\"\n\t\t\t\tdata-imagequality=\"maxres\">\n\t\t\t<\/div>\n\t\t<\/div><script type=\"application\/ld+json\">{\"@context\":\"https:\/\/schema.org\",\"@type\":\"VideoObject\",\"name\":\"IBOVESPA SOBE AOS 114 MIL PONTOS | CASAS BAHIA (BHIA3) DISPARA | BB (BBAS3) PUXA BANCOS\",\"description\":\"#mercadofinanceiro #investimentos #bolsadevalores #ibovespa #dinheiro #finan\u00e7as #d\u00f3lar #livedas19h #petr4 #petrobras #vale3 #vale #a\u00e7\u00f5es #economia #oi #oibr3 #sanb11 #santander #bancodobrasil #bbas3 #casasbahia #bhia3 O Ibovespa encerrou a sess\u00e3o de hoje (06) com alta de 0,78%, aos 114.169,63 pontos, ap\u00f3s oscilar entre m\u00ednima de 111.598,57 e m\u00e1xima de 114.491,00. O volume financeiro do dia foi de R$\u2026\",\"duration\":\"PT27M8S\",\"embedUrl\":\"https:\/\/www.youtube.com\/embed\/r_d8cWuvOng\",\"regionsAllowed\":\"pt-BR\",\"interactionStatistic\":{\"@type\":\"InteractionCounter\",\"interactionType\":{\"@type\":\"WatchAction\"},\"userInteractionCount\":1484},\"thumbnailUrl\":\"https:\/\/i.ytimg.com\/vi\/r_d8cWuvOng\/default.jpg\",\"uploadDate\":\"2023-10-07T10:30:49Z\"}<\/script>\n\n\n\n\n\t<p>\n\t\t<a href=\"\" target=\"_blank\" data-element=\"shortcode-suno-banner\" title=\"Banner SUNO, clique e saiba mais\">\n\t\t\t<picture>\n\t\t\t\t<source media=\"(max-width: 500px)\" srcset=\"\">\n\t\t\t\t<img class=\"newsContent__article__imgCapa newsContent__article__imgCapa--banner\"\n\t\t\t\t\tsrc=\"\"\n\t\t\t\t\tdata-promo-id=\"240038\"\t\t\t\t\t\t\t\t\t\t\t\t\t\t\talt=\"\"\n\t\t\t\t>\n\t\t\t<\/picture>\n\t\t<\/a>\n\t<\/p>\n\n\n\n\n\n\n\n<p>Apesar de &#8220;estar na moda&#8221;, Campos Neto afirmou que \u00e9 um &#8220;processo bastante antigo&#8221; e que estudos j\u00e1 mostram que seu resultado \u00e9 melhor quando combinado com a m\u00e3o de obra humana.<\/p>\n\n\n\n<p>&#8220;A <strong>intelig\u00eancia artificial<\/strong> est\u00e1 na moda hoje, mas \u00e9 um processo bastante antigo, e no final das contas entendemos que \u00e9 importante coloc\u00e1-la em algum momento para ajudar as pessoas, os processos&#8221;, avaliou Campos Neto, durante o XXXIII Encontro de Lisboa entre os bancos centrais dos pa\u00edses de l\u00edngua portuguesa.<\/p>\n\n\n\n<p>Ele afirmou que o Brasil tem um problema de <a class=\"suno-keyword\" data-force=\"no\" data-priority=\"2\" href=\"https:\/\/www.suno.com.br\/artigos\/educacao-financeira\/\" target=\"_blank\" rel=\"noopener\">educa\u00e7\u00e3o financeira<\/a> e que pode ser resolvido, em parte, por meio da <strong>tecnologia de IA<\/strong>.<\/p>\n\n\n\n<p>Outro ponto \u00e9 como ser\u00e1 a <a class=\"suno-keyword\" data-force=\"no\" data-priority=\"1\" href=\"https:\/\/www.suno.com.br\/artigos\/intermediacao-financeira\/\" target=\"_blank\" rel=\"noopener\">intermedia\u00e7\u00e3o financeira<\/a> digital no futuro. &#8220;Uma coisa que \u00e9 fundamental, \u00e9 que temos uma exponencializa\u00e7\u00e3o desse tratamento de dados que est\u00e1 perto de acontecer, que \u00e9 a mudan\u00e7a do sistema bin\u00e1rio do ponto em computa\u00e7\u00e3o&#8221;, disse.<\/p>\n\n\n\n<p>Segundo <strong>Campos Neto<\/strong>, isso vai acelerar a interpreta\u00e7\u00e3o de dados e gerar efeitos que n\u00e3o s\u00e3o conhecidos hoje. <\/p>\n\n\n\n<p>Ele citou ainda estudo que mostra que as empresas que investiram em intelig\u00eancia artificial para substituir m\u00e3o de obra humana n\u00e3o tiveram resultados t\u00e3o bons quanto aquelas que combinaram ambos.<\/p>\n\n\n\n<p>&#8220;Hoje est\u00e1 bem claro que a intelig\u00eancia artificial mais criatividade humana \u00e9 melhor do que a intelig\u00eancia artificial sozinha&#8221;, disse.<\/p>\n\n\n\n<p>Campos Neto afirmou ainda que tem muita resist\u00eancia a criar uma \u00e1rea que seja &#8220;dona&#8221; da tecnologia. Isso porque, na sua vis\u00e3o, esse \u00e9 um tema que atinge todas os segmentos. &#8220;A inova\u00e7\u00e3o toca todas as \u00e1reas&#8221;, concluiu.<\/p>\n\n\n\t<p>\n\t\t<a href=\"https:\/\/lp.suno.com.br\/ebook-gratuito-investindo-no-exterior\/\" target=\"_blank\" data-element=\"shortcode-suno-banner\" title=\"Banner SUNO, clique e saiba mais\">\n\t\t\t<picture>\n\t\t\t\t<source media=\"(max-width: 500px)\" srcset=\"https:\/\/files.sunoresearch.com.br\/n\/uploads\/2023\/03\/400x300-Investindo-no-exterior.png\">\n\t\t\t\t<img class=\"newsContent__article__imgCapa newsContent__article__imgCapa--banner\"\n\t\t\t\t\tsrc=\"https:\/\/files.sunoresearch.com.br\/n\/uploads\/2023\/03\/1420x240-Investindo-no-exterior.png\"\n\t\t\t\t\tdata-promo-id=\"383161\"\t\t\t\t\t\t\t\t\t\twidth='1420' height='240'\t\t\t\t\talt=\"https:\/\/files.sunoresearch.com.br\/n\/uploads\/2023\/03\/1420x240-Investindo-no-exterior.png\"\n\t\t\t\t>\n\t\t\t<\/picture>\n\t\t<\/a>\n\t<\/p>\n\n\n\n\n\n<h2 class=\"wp-block-heading\">\u00d3rg\u00e3os reguladores<\/h2>\n\n\n\n<p>O <strong>presidente do Banco Central<\/strong> destacou que o Brasil n\u00e3o possui tantos \u00f3rg\u00e3os reguladores quanto os Estados Unidos, o que ajuda quando o assunto \u00e9 inova\u00e7\u00e3o. <\/p>\n\n\n\n<p>Al\u00e9m do BC, o outro \u00e9 a <a class=\"suno-keyword\" data-force=\"no\" data-priority=\"2\" href=\"https:\/\/www.suno.com.br\/artigos\/cvm\/\" target=\"_blank\" rel=\"noopener\">Comiss\u00e3o de Valores Mobili\u00e1rios (CVM)<\/a> e ambos trabalham &#8220;muito pr\u00f3ximos&#8221;, acrescentou.<\/p>\n\n\n\n<p>&#8220;Isso \u00e9 importante, porque \u00e0s vezes voc\u00ea tem v\u00e1rios reguladores e tem opini\u00f5es diferentes sobre inova\u00e7\u00e3o, \u00e9 mais dif\u00edcil voc\u00ea fazer inova\u00e7\u00e3o&#8221;, avaliou Campos Neto.<\/p>\n\n\n\n<p>Segundo ele, o BC e a CVM trabalham &#8220;muito, muito perto&#8221; e t\u00eam uma parceria &#8220;muito boa&#8221;.<\/p>\n\n\n\n<p>&#8220;Entendemos que esse \u00e9 um projeto que avan\u00e7a para fazer com que a <a class=\"suno-keyword\" data-force=\"no\" data-priority=\"1\" href=\"https:\/\/www.suno.com.br\/artigos\/intermediacao-financeira\/\" target=\"_blank\" rel=\"noopener\">intermedia\u00e7\u00e3o financeira<\/a> seja mais digital, seja mais inclusiva, seja mais barata, mas tamb\u00e9m a gente precisa que ela seja mais segura, mais respons\u00e1vel&#8221;, concluiu.<\/p>\n\n\n\n<p>Com Estad\u00e3o Conte\u00fado<\/p>\n\n\n\t<p>\n\t\t<a href=\"https:\/\/lp.suno.com.br\/planilha-da-vida-financeira\/\" target=\"_blank\" data-element=\"shortcode-suno-banner\" title=\"Banner SUNO, clique e saiba mais\">\n\t\t\t<picture>\n\t\t\t\t<source media=\"(max-width: 500px)\" srcset=\"https:\/\/files.sunoresearch.com.br\/n\/uploads\/2023\/04\/400x300-Planilha-vida-financeira-true.png\">\n\t\t\t\t<img class=\"newsContent__article__imgCapa newsContent__article__imgCapa--banner\"\n\t\t\t\t\tsrc=\"https:\/\/files.sunoresearch.com.br\/n\/uploads\/2023\/04\/1420x240-Planilha-vida-financeira-true.png\"\n\t\t\t\t\tdata-promo-id=\"383123\"\t\t\t\t\t\t\t\t\t\twidth='1420' height='240'\t\t\t\t\talt=\"https:\/\/files.sunoresearch.com.br\/n\/uploads\/2023\/04\/1420x240-Planilha-vida-financeira-true.png\"\n\t\t\t\t>\n\t\t\t<\/picture>\n\t\t<\/a>\n\t<\/p>\n\n\n","protected":false},"excerpt":{"rendered":"<p>O presidente do Banco Central (BC), Roberto Campos Neto, afirmou que o regulador avalia formas de usar a intelig\u00eancia artificial e que a tecnologia deve ser inserida no Pix, ferramenta de pagamentos instant\u00e2neos. Apesar de &#8220;estar na moda&#8221;, Campos Neto afirmou que \u00e9 um &#8220;processo bastante antigo&#8221; e que estudos j\u00e1 mostram que seu resultado [&hellip;]<\/p>\n","protected":false},"author":73,"featured_media":437334,"comment_status":"closed","ping_status":"closed","sticky":false,"template":"","format":"standard","meta":[],"categories":[62],"tags":[106444,1842,1577,2637,1113],"suno_strategy":[],"class_list":["post-468033","post","type-post","status-publish","format-standard","has-post-thumbnail","hentry","category-economia","tag-agencias","tag-banco-central-bc","tag-inteligencia-artificial","tag-pix","tag-roberto-campos-neto"],"yoast_head":"<!-- This site is optimized with the Yoast SEO plugin v24.4 - https:\/\/yoast.com\/wordpress\/plugins\/seo\/ -->\n<title>Intelig\u00eancia Artificial deve ser usada no Pix, diz Campos Neto<\/title>\n<meta name=\"description\" content=\"Segundo Campos Neto, isso vai acelerar a interpreta\u00e7\u00e3o de dados e gerar efeitos que n\u00e3o s\u00e3o conhecidos hoje\" \/>\n<meta name=\"robots\" content=\"index, follow, max-snippet:-1, max-image-preview:large, max-video-preview:-1\" \/>\n<link rel=\"canonical\" href=\"https:\/\/www.suno.com.br\/noticias\/pix-inteligencia-artificial-roberto-campos-neto-evm\/\" \/>\n<meta property=\"og:locale\" content=\"pt_BR\" \/>\n<meta property=\"og:type\" content=\"article\" \/>\n<meta property=\"og:title\" content=\"Intelig\u00eancia Artificial deve ser usada no Pix, diz Campos Neto\" \/>\n<meta property=\"og:description\" content=\"Segundo Campos Neto, isso vai acelerar a interpreta\u00e7\u00e3o de dados e gerar efeitos que n\u00e3o s\u00e3o conhecidos hoje\" \/>\n<meta property=\"og:url\" content=\"https:\/\/www.suno.com.br\/noticias\/pix-inteligencia-artificial-roberto-campos-neto-evm\/\" \/>\n<meta property=\"og:site_name\" content=\"Suno Not\u00edcias\" \/>\n<meta property=\"article:publisher\" content=\"https:\/\/facebook.com\/sunoresearch\" \/>\n<meta property=\"og:image\" content=\"https:\/\/files.sunoresearch.com.br\/n\/uploads\/2023\/08\/roberto-campos-neto-banco-central.jpg\" \/>\n\t<meta property=\"og:image:width\" content=\"1200\" \/>\n\t<meta property=\"og:image:height\" content=\"800\" \/>\n\t<meta property=\"og:image:type\" content=\"image\/jpeg\" \/>\n<meta name=\"author\" content=\"Eduardo Vargas\" \/>\n<meta name=\"twitter:card\" content=\"summary_large_image\" \/>\n<meta name=\"twitter:creator\" content=\"@sunoresearch\" \/>\n<meta name=\"twitter:site\" content=\"@sunoresearch\" \/>\n<meta name=\"twitter:label1\" content=\"Escrito por\" \/>\n\t<meta name=\"twitter:data1\" content=\"Eduardo Vargas\" \/>\n\t<meta name=\"twitter:label2\" content=\"Est. tempo de leitura\" \/>\n\t<meta name=\"twitter:data2\" content=\"3 minutos\" \/>\n<script type=\"application\/ld+json\" class=\"yoast-schema-graph\">{\"@context\":\"https:\/\/schema.org\",\"@graph\":[{\"@type\":\"NewsArticle\",\"@id\":\"https:\/\/www.suno.com.br\/noticias\/pix-inteligencia-artificial-roberto-campos-neto-evm\/#article\",\"isPartOf\":{\"@id\":\"https:\/\/www.suno.com.br\/noticias\/pix-inteligencia-artificial-roberto-campos-neto-evm\/\"},\"author\":{\"name\":\"Eduardo Vargas\",\"@id\":\"https:\/\/www.suno.com.br\/noticias\/#\/schema\/person\/7f4d362bf3518e76090143ae77bb49a5\"},\"headline\":\"Campos Neto: Intelig\u00eancia Artificial deve ser usada no Pix\",\"datePublished\":\"2023-10-09T14:10:47+00:00\",\"dateModified\":\"2023-10-09T14:10:53+00:00\",\"mainEntityOfPage\":{\"@id\":\"https:\/\/www.suno.com.br\/noticias\/pix-inteligencia-artificial-roberto-campos-neto-evm\/\"},\"wordCount\":464,\"publisher\":{\"@id\":\"https:\/\/www.suno.com.br\/noticias\/#organization\"},\"image\":{\"@id\":\"https:\/\/www.suno.com.br\/noticias\/pix-inteligencia-artificial-roberto-campos-neto-evm\/#primaryimage\"},\"thumbnailUrl\":\"https:\/\/files.sunoresearch.com.br\/n\/uploads\/2023\/08\/roberto-campos-neto-banco-central.jpg\",\"keywords\":[\"Ag\u00eancias\",\"Banco Central (BC)\",\"intelig\u00eancia artificial\",\"PIX\",\"Roberto Campos Neto\"],\"articleSection\":[\"Economia\"],\"inLanguage\":\"pt-BR\"},{\"@type\":\"WebPage\",\"@id\":\"https:\/\/www.suno.com.br\/noticias\/pix-inteligencia-artificial-roberto-campos-neto-evm\/\",\"url\":\"https:\/\/www.suno.com.br\/noticias\/pix-inteligencia-artificial-roberto-campos-neto-evm\/\",\"name\":\"Intelig\u00eancia Artificial deve ser usada no Pix, diz Campos Neto\",\"isPartOf\":{\"@id\":\"https:\/\/www.suno.com.br\/noticias\/#website\"},\"primaryImageOfPage\":{\"@id\":\"https:\/\/www.suno.com.br\/noticias\/pix-inteligencia-artificial-roberto-campos-neto-evm\/#primaryimage\"},\"image\":{\"@id\":\"https:\/\/www.suno.com.br\/noticias\/pix-inteligencia-artificial-roberto-campos-neto-evm\/#primaryimage\"},\"thumbnailUrl\":\"https:\/\/files.sunoresearch.com.br\/n\/uploads\/2023\/08\/roberto-campos-neto-banco-central.jpg\",\"datePublished\":\"2023-10-09T14:10:47+00:00\",\"dateModified\":\"2023-10-09T14:10:53+00:00\",\"description\":\"Segundo Campos Neto, isso vai acelerar a interpreta\u00e7\u00e3o de dados e gerar efeitos que n\u00e3o s\u00e3o conhecidos hoje\",\"breadcrumb\":{\"@id\":\"https:\/\/www.suno.com.br\/noticias\/pix-inteligencia-artificial-roberto-campos-neto-evm\/#breadcrumb\"},\"inLanguage\":\"pt-BR\",\"potentialAction\":[{\"@type\":\"ReadAction\",\"target\":[\"https:\/\/www.suno.com.br\/noticias\/pix-inteligencia-artificial-roberto-campos-neto-evm\/\"]}]},{\"@type\":\"ImageObject\",\"inLanguage\":\"pt-BR\",\"@id\":\"https:\/\/www.suno.com.br\/noticias\/pix-inteligencia-artificial-roberto-campos-neto-evm\/#primaryimage\",\"url\":\"https:\/\/files.sunoresearch.com.br\/n\/uploads\/2023\/08\/roberto-campos-neto-banco-central.jpg\",\"contentUrl\":\"https:\/\/files.sunoresearch.com.br\/n\/uploads\/2023\/08\/roberto-campos-neto-banco-central.jpg\",\"width\":1200,\"height\":800,\"caption\":\"Roberto Campos Neto - Foto: Raphael Ribeiro\/BCB\"},{\"@type\":\"BreadcrumbList\",\"@id\":\"https:\/\/www.suno.com.br\/noticias\/pix-inteligencia-artificial-roberto-campos-neto-evm\/#breadcrumb\",\"itemListElement\":[{\"@type\":\"ListItem\",\"position\":1,\"name\":\"Not\u00edcias\",\"item\":\"https:\/\/www.suno.com.br\/noticias\/\"},{\"@type\":\"ListItem\",\"position\":2,\"name\":\"Economia\",\"item\":\"https:\/\/www.suno.com.br\/noticias\/economia\/\"},{\"@type\":\"ListItem\",\"position\":3,\"name\":\"Campos Neto: Intelig\u00eancia Artificial deve ser usada no Pix\"}]},{\"@type\":\"WebSite\",\"@id\":\"https:\/\/www.suno.com.br\/noticias\/#website\",\"url\":\"https:\/\/www.suno.com.br\/noticias\/\",\"name\":\"Suno Not\u00edcias\",\"description\":\"Seu portal de informa\u00e7\u00e3o sobre o mundo dos investimentos\",\"publisher\":{\"@id\":\"https:\/\/www.suno.com.br\/noticias\/#organization\"},\"potentialAction\":[{\"@type\":\"SearchAction\",\"target\":{\"@type\":\"EntryPoint\",\"urlTemplate\":\"https:\/\/www.suno.com.br\/noticias\/?s={search_term_string}\"},\"query-input\":{\"@type\":\"PropertyValueSpecification\",\"valueRequired\":true,\"valueName\":\"search_term_string\"}}],\"inLanguage\":\"pt-BR\"},{\"@type\":\"Organization\",\"@id\":\"https:\/\/www.suno.com.br\/noticias\/#organization\",\"name\":\"Suno Not\u00edcias\",\"url\":\"https:\/\/www.suno.com.br\/noticias\/\",\"logo\":{\"@type\":\"ImageObject\",\"inLanguage\":\"pt-BR\",\"@id\":\"https:\/\/www.suno.com.br\/noticias\/#\/schema\/logo\/image\/\",\"url\":\"https:\/\/files.sunoresearch.com.br\/n\/uploads\/2021\/09\/suno-logo.png\",\"contentUrl\":\"https:\/\/files.sunoresearch.com.br\/n\/uploads\/2021\/09\/suno-logo.png\",\"width\":180,\"height\":180,\"caption\":\"Suno Not\u00edcias\"},\"image\":{\"@id\":\"https:\/\/www.suno.com.br\/noticias\/#\/schema\/logo\/image\/\"},\"sameAs\":[\"https:\/\/facebook.com\/sunoresearch\",\"https:\/\/x.com\/sunoresearch\",\"https:\/\/www.instagram.com\/suno\",\"https:\/\/www.linkedin.com\/company\/suno-research\/\",\"https:\/\/www.youtube.com\/c\/sunoresearch\"]},{\"@type\":\"Person\",\"@id\":\"https:\/\/www.suno.com.br\/noticias\/#\/schema\/person\/7f4d362bf3518e76090143ae77bb49a5\",\"name\":\"Eduardo Vargas\",\"image\":{\"@type\":\"ImageObject\",\"inLanguage\":\"pt-BR\",\"@id\":\"https:\/\/www.suno.com.br\/noticias\/#\/schema\/person\/image\/\",\"url\":\"https:\/\/secure.gravatar.com\/avatar\/dac340933427a22924c9f99d1eb2e3f2?s=96&r=g\",\"contentUrl\":\"https:\/\/secure.gravatar.com\/avatar\/dac340933427a22924c9f99d1eb2e3f2?s=96&r=g\",\"caption\":\"Eduardo Vargas\"},\"description\":\"Jornalista formado pela UFSC, cobre macroeconomia, neg\u00f3cios e startups para o Suno Not\u00edcias, escrevendo principalmente not\u00edcias sobre o mercado financeiro e a bolsa de valores. No YouTube e no Instagram, \u00e9 respons\u00e1vel pela produ\u00e7\u00e3o de Reels e Shorts do Suno Not\u00edcias. Anteriormente, trabalhou cobrindo economia e cotidiano no ND+ e para o ND, maior jornal impresso de Santa Catarina. Cursou um semestre letivo de Estudos de M\u00eddia na Universidad de Buenos Aires.\",\"url\":\"https:\/\/www.suno.com.br\/noticias\/author\/eduardo-vargas\/\"}]}<\/script>\n<!-- \/ Yoast SEO plugin. -->","yoast_head_json":{"title":"Intelig\u00eancia Artificial deve ser usada no Pix, diz Campos Neto","description":"Segundo Campos Neto, isso vai acelerar a interpreta\u00e7\u00e3o de dados e gerar efeitos que n\u00e3o s\u00e3o conhecidos hoje","robots":{"index":"index","follow":"follow","max-snippet":"max-snippet:-1","max-image-preview":"max-image-preview:large","max-video-preview":"max-video-preview:-1"},"canonical":"https:\/\/www.suno.com.br\/noticias\/pix-inteligencia-artificial-roberto-campos-neto-evm\/","og_locale":"pt_BR","og_type":"article","og_title":"Intelig\u00eancia Artificial deve ser usada no Pix, diz Campos Neto","og_description":"Segundo Campos Neto, isso vai acelerar a interpreta\u00e7\u00e3o de dados e gerar efeitos que n\u00e3o s\u00e3o conhecidos hoje","og_url":"https:\/\/www.suno.com.br\/noticias\/pix-inteligencia-artificial-roberto-campos-neto-evm\/","og_site_name":"Suno Not\u00edcias","article_publisher":"https:\/\/facebook.com\/sunoresearch","og_image":[{"width":1200,"height":800,"url":"https:\/\/files.sunoresearch.com.br\/n\/uploads\/2023\/08\/roberto-campos-neto-banco-central.jpg","type":"image\/jpeg"}],"author":"Eduardo Vargas","twitter_card":"summary_large_image","twitter_creator":"@sunoresearch","twitter_site":"@sunoresearch","twitter_misc":{"Escrito por":"Eduardo Vargas","Est. tempo de leitura":"3 minutos"},"schema":{"@context":"https:\/\/schema.org","@graph":[{"@type":"NewsArticle","@id":"https:\/\/www.suno.com.br\/noticias\/pix-inteligencia-artificial-roberto-campos-neto-evm\/#article","isPartOf":{"@id":"https:\/\/www.suno.com.br\/noticias\/pix-inteligencia-artificial-roberto-campos-neto-evm\/"},"author":{"name":"Eduardo Vargas","@id":"https:\/\/www.suno.com.br\/noticias\/#\/schema\/person\/7f4d362bf3518e76090143ae77bb49a5"},"headline":"Campos Neto: Intelig\u00eancia Artificial deve ser usada no Pix","datePublished":"2023-10-09T14:10:47+00:00","dateModified":"2023-10-09T14:10:53+00:00","mainEntityOfPage":{"@id":"https:\/\/www.suno.com.br\/noticias\/pix-inteligencia-artificial-roberto-campos-neto-evm\/"},"wordCount":464,"publisher":{"@id":"https:\/\/www.suno.com.br\/noticias\/#organization"},"image":{"@id":"https:\/\/www.suno.com.br\/noticias\/pix-inteligencia-artificial-roberto-campos-neto-evm\/#primaryimage"},"thumbnailUrl":"https:\/\/files.sunoresearch.com.br\/n\/uploads\/2023\/08\/roberto-campos-neto-banco-central.jpg","keywords":["Ag\u00eancias","Banco Central (BC)","intelig\u00eancia artificial","PIX","Roberto Campos Neto"],"articleSection":["Economia"],"inLanguage":"pt-BR"},{"@type":"WebPage","@id":"https:\/\/www.suno.com.br\/noticias\/pix-inteligencia-artificial-roberto-campos-neto-evm\/","url":"https:\/\/www.suno.com.br\/noticias\/pix-inteligencia-artificial-roberto-campos-neto-evm\/","name":"Intelig\u00eancia Artificial deve ser usada no Pix, diz Campos Neto","isPartOf":{"@id":"https:\/\/www.suno.com.br\/noticias\/#website"},"primaryImageOfPage":{"@id":"https:\/\/www.suno.com.br\/noticias\/pix-inteligencia-artificial-roberto-campos-neto-evm\/#primaryimage"},"image":{"@id":"https:\/\/www.suno.com.br\/noticias\/pix-inteligencia-artificial-roberto-campos-neto-evm\/#primaryimage"},"thumbnailUrl":"https:\/\/files.sunoresearch.com.br\/n\/uploads\/2023\/08\/roberto-campos-neto-banco-central.jpg","datePublished":"2023-10-09T14:10:47+00:00","dateModified":"2023-10-09T14:10:53+00:00","description":"Segundo Campos Neto, isso vai acelerar a interpreta\u00e7\u00e3o de dados e gerar efeitos que n\u00e3o s\u00e3o conhecidos hoje","breadcrumb":{"@id":"https:\/\/www.suno.com.br\/noticias\/pix-inteligencia-artificial-roberto-campos-neto-evm\/#breadcrumb"},"inLanguage":"pt-BR","potentialAction":[{"@type":"ReadAction","target":["https:\/\/www.suno.com.br\/noticias\/pix-inteligencia-artificial-roberto-campos-neto-evm\/"]}]},{"@type":"ImageObject","inLanguage":"pt-BR","@id":"https:\/\/www.suno.com.br\/noticias\/pix-inteligencia-artificial-roberto-campos-neto-evm\/#primaryimage","url":"https:\/\/files.sunoresearch.com.br\/n\/uploads\/2023\/08\/roberto-campos-neto-banco-central.jpg","contentUrl":"https:\/\/files.sunoresearch.com.br\/n\/uploads\/2023\/08\/roberto-campos-neto-banco-central.jpg","width":1200,"height":800,"caption":"Roberto Campos Neto - Foto: Raphael Ribeiro\/BCB"},{"@type":"BreadcrumbList","@id":"https:\/\/www.suno.com.br\/noticias\/pix-inteligencia-artificial-roberto-campos-neto-evm\/#breadcrumb","itemListElement":[{"@type":"ListItem","position":1,"name":"Not\u00edcias","item":"https:\/\/www.suno.com.br\/noticias\/"},{"@type":"ListItem","position":2,"name":"Economia","item":"https:\/\/www.suno.com.br\/noticias\/economia\/"},{"@type":"ListItem","position":3,"name":"Campos Neto: Intelig\u00eancia Artificial deve ser usada no Pix"}]},{"@type":"WebSite","@id":"https:\/\/www.suno.com.br\/noticias\/#website","url":"https:\/\/www.suno.com.br\/noticias\/","name":"Suno Not\u00edcias","description":"Seu portal de informa\u00e7\u00e3o sobre o mundo dos investimentos","publisher":{"@id":"https:\/\/www.suno.com.br\/noticias\/#organization"},"potentialAction":[{"@type":"SearchAction","target":{"@type":"EntryPoint","urlTemplate":"https:\/\/www.suno.com.br\/noticias\/?s={search_term_string}"},"query-input":{"@type":"PropertyValueSpecification","valueRequired":true,"valueName":"search_term_string"}}],"inLanguage":"pt-BR"},{"@type":"Organization","@id":"https:\/\/www.suno.com.br\/noticias\/#organization","name":"Suno Not\u00edcias","url":"https:\/\/www.suno.com.br\/noticias\/","logo":{"@type":"ImageObject","inLanguage":"pt-BR","@id":"https:\/\/www.suno.com.br\/noticias\/#\/schema\/logo\/image\/","url":"https:\/\/files.sunoresearch.com.br\/n\/uploads\/2021\/09\/suno-logo.png","contentUrl":"https:\/\/files.sunoresearch.com.br\/n\/uploads\/2021\/09\/suno-logo.png","width":180,"height":180,"caption":"Suno Not\u00edcias"},"image":{"@id":"https:\/\/www.suno.com.br\/noticias\/#\/schema\/logo\/image\/"},"sameAs":["https:\/\/facebook.com\/sunoresearch","https:\/\/x.com\/sunoresearch","https:\/\/www.instagram.com\/suno","https:\/\/www.linkedin.com\/company\/suno-research\/","https:\/\/www.youtube.com\/c\/sunoresearch"]},{"@type":"Person","@id":"https:\/\/www.suno.com.br\/noticias\/#\/schema\/person\/7f4d362bf3518e76090143ae77bb49a5","name":"Eduardo Vargas","image":{"@type":"ImageObject","inLanguage":"pt-BR","@id":"https:\/\/www.suno.com.br\/noticias\/#\/schema\/person\/image\/","url":"https:\/\/secure.gravatar.com\/avatar\/dac340933427a22924c9f99d1eb2e3f2?s=96&r=g","contentUrl":"https:\/\/secure.gravatar.com\/avatar\/dac340933427a22924c9f99d1eb2e3f2?s=96&r=g","caption":"Eduardo Vargas"},"description":"Jornalista formado pela UFSC, cobre macroeconomia, neg\u00f3cios e startups para o Suno Not\u00edcias, escrevendo principalmente not\u00edcias sobre o mercado financeiro e a bolsa de valores. No YouTube e no Instagram, \u00e9 respons\u00e1vel pela produ\u00e7\u00e3o de Reels e Shorts do Suno Not\u00edcias. Anteriormente, trabalhou cobrindo economia e cotidiano no ND+ e para o ND, maior jornal impresso de Santa Catarina. Cursou um semestre letivo de Estudos de M\u00eddia na Universidad de Buenos Aires.","url":"https:\/\/www.suno.com.br\/noticias\/author\/eduardo-vargas\/"}]}},"default_loop_html":"<div class=\"cardsPage__listCard__boxs\"><div class=\"cardsPage__listCard__boxs__img\"><a href=\"https:\/\/www.suno.com.br\/noticias\/pix-inteligencia-artificial-roberto-campos-neto-evm\/\"><img class=\"mask\" src=\"https:\/\/www.suno.com.br\/noticias\/wp-content\/themes\/suno\/resources\/images\/spotlight\/spotlight1img\/bg-mask.png\" alt=\"Image Mask\"\/><img src=\"https:\/\/files.sunoresearch.com.br\/n\/uploads\/2023\/08\/roberto-campos-neto-banco-central-400x200.jpg\" alt=\"Campos Neto: Intelig\u00eancia Artificial deve ser usada no Pix\"\/><\/a><span class=\"spotlightCategory\"><a href=\"https:\/\/www.suno.com.br\/noticias\/economia\/\">Economia<\/a><\/span><\/div><div class=\"cardsPage__listCard__boxs__content\"><a href=\"https:\/\/www.suno.com.br\/noticias\/pix-inteligencia-artificial-roberto-campos-neto-evm\/\"><h2 class=\"content__title\">Campos Neto: Intelig\u00eancia Artificial deve ser usada no Pix<\/h2><\/a><div class=\"newsContent__article__meta\"><div class=\"newsContent__article__meta__authorBox\"><a href=\"https:\/\/www.suno.com.br\/noticias\/author\/eduardo-vargas\/\" class=\"authorBox__avatar noMobi\"><img src=\"https:\/\/secure.gravatar.com\/avatar\/dac340933427a22924c9f99d1eb2e3f2?s=96&#038;r=g\" alt=\"Eduardo Vargas\"><\/a><div class=\"authorBox__name\"><span>por\n\t\t\t<a href=\"https:\/\/www.suno.com.br\/noticias\/author\/eduardo-vargas\/\"><span itemprop=\"author\">Eduardo Vargas<\/span><\/a><\/span><time datetime=\"2023-10-09T11:10:47-03:00\" itemprop=\"datePublished\">09\/10\/2023 11:10<\/time><\/div><\/div><\/div><\/div><\/div>","single_layout":"posts","amp_enabled":true,"_links":{"self":[{"href":"https:\/\/www.suno.com.br\/noticias\/wp-json\/wp\/v2\/posts\/468033"}],"collection":[{"href":"https:\/\/www.suno.com.br\/noticias\/wp-json\/wp\/v2\/posts"}],"about":[{"href":"https:\/\/www.suno.com.br\/noticias\/wp-json\/wp\/v2\/types\/post"}],"author":[{"embeddable":true,"href":"https:\/\/www.suno.com.br\/noticias\/wp-json\/wp\/v2\/users\/73"}],"replies":[{"embeddable":true,"href":"https:\/\/www.suno.com.br\/noticias\/wp-json\/wp\/v2\/comments?post=468033"}],"version-history":[{"count":3,"href":"https:\/\/www.suno.com.br\/noticias\/wp-json\/wp\/v2\/posts\/468033\/revisions"}],"predecessor-version":[{"id":468171,"href":"https:\/\/www.suno.com.br\/noticias\/wp-json\/wp\/v2\/posts\/468033\/revisions\/468171"}],"wp:featuredmedia":[{"embeddable":true,"href":"https:\/\/www.suno.com.br\/noticias\/wp-json\/wp\/v2\/media\/437334"}],"wp:attachment":[{"href":"https:\/\/www.suno.com.br\/noticias\/wp-json\/wp\/v2\/media?parent=468033"}],"wp:term":[{"taxonomy":"category","embeddable":true,"href":"https:\/\/www.suno.com.br\/noticias\/wp-json\/wp\/v2\/categories?post=468033"},{"taxonomy":"post_tag","embeddable":true,"href":"https:\/\/www.suno.com.br\/noticias\/wp-json\/wp\/v2\/tags?post=468033"},{"taxonomy":"suno_strategy","embeddable":true,"href":"https:\/\/www.suno.com.br\/noticias\/wp-json\/wp\/v2\/suno_strategy?post=468033"}],"curies":[{"name":"wp","href":"https:\/\/api.w.org\/{rel}","templated":true}]}}