{"id":467985,"date":"2023-10-09T08:26:17","date_gmt":"2023-10-09T11:26:17","guid":{"rendered":"https:\/\/www.suno.com.br\/noticias\/?p=467985"},"modified":"2023-10-09T08:26:23","modified_gmt":"2023-10-09T11:26:23","slug":"agenda-ofertas-fundos-imobiliarios-arxd11-outubro-cpf","status":"publish","type":"post","link":"https:\/\/www.suno.com.br\/noticias\/agenda-ofertas-fundos-imobiliarios-arxd11-outubro-cpf\/","title":{"rendered":"ARXD11: Veja a agenda de ofertas de fundos imobili\u00e1rios desta semana"},"content":{"rendered":"<p>Nesta semana, as ofertas de <a class=\"suno-keyword\" target=\"_blank\" data-force=\"no\" data-priority=\"2\" href=\"https:\/\/www.suno.com.br\/fundos-imobiliarios\/\" rel=\"noopener\">fundos imobili\u00e1rios<\/a> devem ficar no radar dos investidores. Os cotistas ficar\u00e3o de olho no in\u00edcio dos per\u00edodos de prefer\u00eancia, com destaque para a oferta do FII <strong>ARXD11<\/strong>.<\/p>\t<div class=\"wrapper-featured-image\">\n\t\t<figure class=\"spotlightImg\">\n\n\t\t\t<picture>\n\t\t\t\t<source media=\"(max-width: 768px)\" srcset=\"https:\/\/files.sunoresearch.com.br\/n\/uploads\/2021\/07\/c22ab583-architecture-22039_1920-400x200.jpg\">\n\t\t\t\t<img loading=\"lazy\" decoding=\"async\" class=\"newsContent__article__imgCapa lazyloadDisabled \" src=\"https:\/\/files.sunoresearch.com.br\/n\/uploads\/2021\/07\/c22ab583-architecture-22039_1920-800x450.jpg\" width=\"800\" height=\"450\" alt=\"ARXD11: Veja a agenda de ofertas de fundos imobili\u00e1rios desta semana\" fetchpriority=high \/>\n\t\t\t<\/picture>\n\n\t\t\t<figcaption class=\"wp-caption-text wp-caption-text--show\">VRTA11- Fundos imobili\u00e1rios (FIIs) - Foto: Pixabay<\/figcaption>\n\t\t<\/figure>\n\t<\/div>\n\n\n\n\n\n\t<p>\n\t\t<a href=\"\" target=\"_blank\" data-element=\"shortcode-suno-banner\" title=\"Banner SUNO, clique e saiba mais\">\n\t\t\t<picture>\n\t\t\t\t<source media=\"(max-width: 500px)\" srcset=\"\">\n\t\t\t\t<img class=\"newsContent__article__imgCapa newsContent__article__imgCapa--banner\"\n\t\t\t\t\tsrc=\"\"\n\t\t\t\t\tdata-promo-id=\"77050\"\t\t\t\t\t\t\t\t\t\t\t\t\t\t\talt=\"\"\n\t\t\t\t>\n\t\t\t<\/picture>\n\t\t<\/a>\n\t<\/p>\n\n\n\n\n\n<p>O investidor precisa ficar atento para n\u00e3o perder os prazos de prefer\u00eancia dos fundos imobili\u00e1rios, caso deseja participar das ofertas.<\/p>\n\n\n\n<p>Veja abaixo o cronograma das emiss\u00f5es durante desta semana:<\/p>\n\n\n\n<h2 class=\"wp-block-heading\">In\u00edcio do per\u00edodo de prefer\u00eancia dos fundos imobili\u00e1rios<\/h2>\n\n\n\n<p>N\u00e3o h\u00e1 nenhuma <strong>oferta de fundo imobili\u00e1rio<\/strong> cujo per\u00edodo de prefer\u00eancia ter\u00e1 in\u00edcio nesta semana.<\/p>\n\n\n\n<p>O per\u00edodo prefer\u00eancia nas ofertas \u00e9 importante para os atuais cotistas que desejam adquirir mais cotas do FII durante a emiss\u00e3o.<\/p>\n\n\n\n<h2 class=\"wp-block-heading\">Per\u00edodos de prefer\u00eancia que terminam essa semana<\/h2>\n\n\n\n<p><strong>ARXD11<\/strong><\/p>\n\n\n\n<p>O FII ARXD11 \u00e9 um fundo de Pap\u00e9is, com investimentos em Fundo de Papel.<\/p>\n\n\n\n<p>Essa \u00e9 a 2\u00aa emiss\u00e3o de cotas do fundo imobili\u00e1rio ARXD11, que est\u00e1 ofertando 1.231.775 novas cotas.<\/p>\n\n\n\n<p>A oferta p\u00fablica quer captar R$ 125.000.527,00.<\/p>\n\n\n\n<ul class=\"wp-block-list\">\n<li>A data de prefer\u00eancia ficou definida de 05\/10\/2023 a 10\/10\/2023.<\/li>\n\n\n\n<li>A propor\u00e7\u00e3o do per\u00edodo de prefer\u00eancia soma 200,27.<\/li>\n\n\n\n<li>A taxa de emiss\u00e3o ficou em 2,78%;<\/li>\n\n\n\n<li>O coordenador-l\u00edder \u00e9 a Guide.<\/li>\n<\/ul>\n\n\n\t<p>\n\t\t<a href=\"https:\/\/lp.suno.com.br\/planilha-controle-gastos\/\" target=\"_blank\" data-element=\"shortcode-suno-banner\" title=\"Banner SUNO, clique e saiba mais\">\n\t\t\t<picture>\n\t\t\t\t<source media=\"(max-width: 500px)\" srcset=\"https:\/\/files.sunoresearch.com.br\/n\/uploads\/2023\/03\/400x300-Planilha-controle-de-gastos.png\">\n\t\t\t\t<img class=\"newsContent__article__imgCapa newsContent__article__imgCapa--banner\"\n\t\t\t\t\tsrc=\"https:\/\/files.sunoresearch.com.br\/n\/uploads\/2023\/03\/1420x240-Planilha-controle-de-gastos.png\"\n\t\t\t\t\tdata-promo-id=\"101751\"\t\t\t\t\t\t\t\t\t\twidth='1420' height='240'\t\t\t\t\talt=\"https:\/\/files.sunoresearch.com.br\/n\/uploads\/2023\/03\/1420x240-Planilha-controle-de-gastos.png\"\n\t\t\t\t>\n\t\t\t<\/picture>\n\t\t<\/a>\n\t<\/p>\n\n\n\n\n\n<h2 class=\"wp-block-heading\">Per\u00edodos de sobra de ofertas de FII que come\u00e7am essa semana<\/h2>\n\n\n\n<p>Nesta semana n\u00e3o est\u00e1 previsto o in\u00edcio do per\u00edodo de sobras de nenhuma oferta de fundo imobili\u00e1rio.<\/p>\n\n\n\n<h2 class=\"wp-block-heading\">Fim do per\u00edodo de sobra de ofertas de fundos imobili\u00e1rios<\/h2>\n\n\n\n<p>Nesta semana n\u00e3o est\u00e1 previsto o fim de per\u00edodo de sobra de ofertas de fundos imobili\u00e1rios.<\/p>\n\n\n\n<h2 class=\"wp-block-heading\">In\u00edcio do per\u00edodo de oferta p\u00fablica de FIIs<\/h2>\n\n\n\n<p>N\u00e3o est\u00e1 agendado para esta semana o in\u00edcio de oferta p\u00fablica de FIIs.<\/p>\n\n\n\n<h2 class=\"wp-block-heading\">Fim do per\u00edodo de ofertas p\u00fablica de FIIs<\/h2>\n\n\n\n<p>N\u00e3o est\u00e3o previstos encerramentos de <strong>ofertas p\u00fablicas de FIIs<\/strong> nesta semana.<\/p>\n\n\n\n<h2 class=\"wp-block-heading\">Emiss\u00f5es de fundos imobili\u00e1rios <\/h2>\n\n\n\n<p>Em geral, os <a class=\"suno-keyword\" target=\"_blank\" data-force=\"no\" data-priority=\"2\" href=\"https:\/\/www.suno.com.br\/fundos-imobiliarios\/\" rel=\"noopener\">fundos imobili\u00e1rios<\/a> emitem novas cotas para aumentar seu capital, ou ent\u00e3o quando est\u00e3o sendo estruturados.<\/p>\n\n\n\n<p>Neste processo, o fundo emite novas cota e as vende no mercado. O dinheiro arrecadado na oferta permite que o FII invista em novos ativos ou reforme aqueles que j\u00e1 est\u00e3o em sua carteira.<\/p>\n\n\n\n<p>Esta mat\u00e9ria n\u00e3o \u00e9 uma recomenda\u00e7\u00e3o de<strong> investimento em Fundos imobili\u00e1rios<\/strong> como o <strong>ARXD11<\/strong>. Lembre-se de que, antes de investir em renda vari\u00e1vel, \u00e9 fundamental quitar suas d\u00edvidas e fazer uma reserva de emerg\u00eancia.<\/p>\n\n\n\t<p>\n\t\t<a href=\"https:\/\/lp.suno.com.br\/ebook-como-analisar-uma-acao\/\" target=\"_blank\" data-element=\"shortcode-suno-banner\" title=\"Banner SUNO, clique e saiba mais\">\n\t\t\t<picture>\n\t\t\t\t<source media=\"(max-width: 500px)\" srcset=\"https:\/\/files.sunoresearch.com.br\/n\/uploads\/2023\/03\/Ebook-Acoes-Mobile-1.jpg\">\n\t\t\t\t<img class=\"newsContent__article__imgCapa newsContent__article__imgCapa--banner\"\n\t\t\t\t\tsrc=\"https:\/\/files.sunoresearch.com.br\/n\/uploads\/2023\/03\/Ebook-Acoes-Desktop-1.jpg\"\n\t\t\t\t\tdata-promo-id=\"171998\"\t\t\t\t\t\t\t\t\t\twidth='1420' height='286'\t\t\t\t\talt=\"https:\/\/files.sunoresearch.com.br\/n\/uploads\/2023\/03\/Ebook-Acoes-Desktop-1.jpg\"\n\t\t\t\t>\n\t\t\t<\/picture>\n\t\t<\/a>\n\t<\/p>\n\n\n","protected":false},"excerpt":{"rendered":"<p>Nesta semana, as ofertas de fundos imobili\u00e1rios devem ficar no radar dos investidores. Os cotistas ficar\u00e3o de olho no in\u00edcio dos per\u00edodos de prefer\u00eancia, com destaque para a oferta do FII ARXD11. VRTA11- Fundos imobili\u00e1rios (FIIs) &#8211; Foto: Pixabay O investidor precisa ficar atento para n\u00e3o perder os prazos de prefer\u00eancia dos fundos imobili\u00e1rios, caso [&hellip;]<\/p>\n","protected":false},"author":283,"featured_media":168048,"comment_status":"closed","ping_status":"closed","sticky":false,"template":"","format":"standard","meta":[],"categories":[66],"tags":[315,2354],"suno_strategy":[],"class_list":["post-467985","post","type-post","status-publish","format-standard","has-post-thumbnail","hentry","category-fiis","tag-fundos-imobiliarios-fiis","tag-guide-investimentos"],"yoast_head":"<!-- This site is optimized with the Yoast SEO plugin v24.4 - https:\/\/yoast.com\/wordpress\/plugins\/seo\/ -->\n<title>ARXD11: Veja a agenda de ofertas de fundos imobili\u00e1rios desta semana<\/title>\n<meta name=\"description\" content=\"Na agenda de ofertas dos fundos imobili\u00e1rios da semana, o ARXD11 \u00e9 o principal componente entre os FIIs. Confira.\" \/>\n<meta name=\"robots\" content=\"index, follow, max-snippet:-1, max-image-preview:large, max-video-preview:-1\" \/>\n<link rel=\"canonical\" href=\"https:\/\/www.suno.com.br\/noticias\/agenda-ofertas-fundos-imobiliarios-arxd11-outubro-cpf\/\" \/>\n<meta property=\"og:locale\" content=\"pt_BR\" \/>\n<meta property=\"og:type\" content=\"article\" \/>\n<meta property=\"og:title\" content=\"ARXD11: Veja a agenda de ofertas de fundos imobili\u00e1rios desta semana\" \/>\n<meta property=\"og:description\" content=\"Na agenda de ofertas dos fundos imobili\u00e1rios da semana, o ARXD11 \u00e9 o principal componente entre os FIIs. Confira.\" \/>\n<meta property=\"og:url\" content=\"https:\/\/www.suno.com.br\/noticias\/agenda-ofertas-fundos-imobiliarios-arxd11-outubro-cpf\/\" \/>\n<meta property=\"og:site_name\" content=\"Suno Not\u00edcias\" \/>\n<meta property=\"article:publisher\" content=\"https:\/\/facebook.com\/sunoresearch\" \/>\n<meta property=\"og:image\" content=\"https:\/\/files.sunoresearch.com.br\/n\/uploads\/2021\/07\/c22ab583-architecture-22039_1920.jpg\" \/>\n\t<meta property=\"og:image:width\" content=\"1920\" \/>\n\t<meta property=\"og:image:height\" content=\"1279\" \/>\n\t<meta property=\"og:image:type\" content=\"image\/jpeg\" \/>\n<meta name=\"author\" content=\"Camila Paim\" \/>\n<meta name=\"twitter:card\" content=\"summary_large_image\" \/>\n<meta name=\"twitter:creator\" content=\"@sunoresearch\" \/>\n<meta name=\"twitter:site\" content=\"@sunoresearch\" \/>\n<meta name=\"twitter:label1\" content=\"Escrito por\" \/>\n\t<meta name=\"twitter:data1\" content=\"Camila Paim\" \/>\n\t<meta name=\"twitter:label2\" content=\"Est. tempo de leitura\" \/>\n\t<meta name=\"twitter:data2\" content=\"3 minutos\" \/>\n<script type=\"application\/ld+json\" class=\"yoast-schema-graph\">{\"@context\":\"https:\/\/schema.org\",\"@graph\":[{\"@type\":\"NewsArticle\",\"@id\":\"https:\/\/www.suno.com.br\/noticias\/agenda-ofertas-fundos-imobiliarios-arxd11-outubro-cpf\/#article\",\"isPartOf\":{\"@id\":\"https:\/\/www.suno.com.br\/noticias\/agenda-ofertas-fundos-imobiliarios-arxd11-outubro-cpf\/\"},\"author\":{\"name\":\"Camila Paim\",\"@id\":\"https:\/\/www.suno.com.br\/noticias\/#\/schema\/person\/f341d3ae5d1cc685176c9a5327cdfdbb\"},\"headline\":\"ARXD11: Veja a agenda de ofertas de fundos imobili\u00e1rios desta semana\",\"datePublished\":\"2023-10-09T11:26:17+00:00\",\"dateModified\":\"2023-10-09T11:26:23+00:00\",\"mainEntityOfPage\":{\"@id\":\"https:\/\/www.suno.com.br\/noticias\/agenda-ofertas-fundos-imobiliarios-arxd11-outubro-cpf\/\"},\"wordCount\":441,\"publisher\":{\"@id\":\"https:\/\/www.suno.com.br\/noticias\/#organization\"},\"image\":{\"@id\":\"https:\/\/www.suno.com.br\/noticias\/agenda-ofertas-fundos-imobiliarios-arxd11-outubro-cpf\/#primaryimage\"},\"thumbnailUrl\":\"https:\/\/files.sunoresearch.com.br\/n\/uploads\/2021\/07\/c22ab583-architecture-22039_1920.jpg\",\"keywords\":[\"Fundos Imobili\u00e1rios (FIIs)\",\"Guide Investimentos\"],\"articleSection\":[\"FIIs\"],\"inLanguage\":\"pt-BR\"},{\"@type\":\"WebPage\",\"@id\":\"https:\/\/www.suno.com.br\/noticias\/agenda-ofertas-fundos-imobiliarios-arxd11-outubro-cpf\/\",\"url\":\"https:\/\/www.suno.com.br\/noticias\/agenda-ofertas-fundos-imobiliarios-arxd11-outubro-cpf\/\",\"name\":\"ARXD11: Veja a agenda de ofertas de fundos imobili\u00e1rios desta semana\",\"isPartOf\":{\"@id\":\"https:\/\/www.suno.com.br\/noticias\/#website\"},\"primaryImageOfPage\":{\"@id\":\"https:\/\/www.suno.com.br\/noticias\/agenda-ofertas-fundos-imobiliarios-arxd11-outubro-cpf\/#primaryimage\"},\"image\":{\"@id\":\"https:\/\/www.suno.com.br\/noticias\/agenda-ofertas-fundos-imobiliarios-arxd11-outubro-cpf\/#primaryimage\"},\"thumbnailUrl\":\"https:\/\/files.sunoresearch.com.br\/n\/uploads\/2021\/07\/c22ab583-architecture-22039_1920.jpg\",\"datePublished\":\"2023-10-09T11:26:17+00:00\",\"dateModified\":\"2023-10-09T11:26:23+00:00\",\"description\":\"Na agenda de ofertas dos fundos imobili\u00e1rios da semana, o ARXD11 \u00e9 o principal componente entre os FIIs. Confira.\",\"breadcrumb\":{\"@id\":\"https:\/\/www.suno.com.br\/noticias\/agenda-ofertas-fundos-imobiliarios-arxd11-outubro-cpf\/#breadcrumb\"},\"inLanguage\":\"pt-BR\",\"potentialAction\":[{\"@type\":\"ReadAction\",\"target\":[\"https:\/\/www.suno.com.br\/noticias\/agenda-ofertas-fundos-imobiliarios-arxd11-outubro-cpf\/\"]}]},{\"@type\":\"ImageObject\",\"inLanguage\":\"pt-BR\",\"@id\":\"https:\/\/www.suno.com.br\/noticias\/agenda-ofertas-fundos-imobiliarios-arxd11-outubro-cpf\/#primaryimage\",\"url\":\"https:\/\/files.sunoresearch.com.br\/n\/uploads\/2021\/07\/c22ab583-architecture-22039_1920.jpg\",\"contentUrl\":\"https:\/\/files.sunoresearch.com.br\/n\/uploads\/2021\/07\/c22ab583-architecture-22039_1920.jpg\",\"width\":1920,\"height\":1279,\"caption\":\"VRTA11- Fundos imobili\u00e1rios (FIIs) - Foto: Pixabay\"},{\"@type\":\"BreadcrumbList\",\"@id\":\"https:\/\/www.suno.com.br\/noticias\/agenda-ofertas-fundos-imobiliarios-arxd11-outubro-cpf\/#breadcrumb\",\"itemListElement\":[{\"@type\":\"ListItem\",\"position\":1,\"name\":\"Not\u00edcias\",\"item\":\"https:\/\/www.suno.com.br\/noticias\/\"},{\"@type\":\"ListItem\",\"position\":2,\"name\":\"FIIs\",\"item\":\"https:\/\/www.suno.com.br\/noticias\/fiis\/\"},{\"@type\":\"ListItem\",\"position\":3,\"name\":\"ARXD11: Veja a agenda de ofertas de fundos imobili\u00e1rios desta semana\"}]},{\"@type\":\"WebSite\",\"@id\":\"https:\/\/www.suno.com.br\/noticias\/#website\",\"url\":\"https:\/\/www.suno.com.br\/noticias\/\",\"name\":\"Suno Not\u00edcias\",\"description\":\"Seu portal de informa\u00e7\u00e3o sobre o mundo dos investimentos\",\"publisher\":{\"@id\":\"https:\/\/www.suno.com.br\/noticias\/#organization\"},\"potentialAction\":[{\"@type\":\"SearchAction\",\"target\":{\"@type\":\"EntryPoint\",\"urlTemplate\":\"https:\/\/www.suno.com.br\/noticias\/?s={search_term_string}\"},\"query-input\":{\"@type\":\"PropertyValueSpecification\",\"valueRequired\":true,\"valueName\":\"search_term_string\"}}],\"inLanguage\":\"pt-BR\"},{\"@type\":\"Organization\",\"@id\":\"https:\/\/www.suno.com.br\/noticias\/#organization\",\"name\":\"Suno Not\u00edcias\",\"url\":\"https:\/\/www.suno.com.br\/noticias\/\",\"logo\":{\"@type\":\"ImageObject\",\"inLanguage\":\"pt-BR\",\"@id\":\"https:\/\/www.suno.com.br\/noticias\/#\/schema\/logo\/image\/\",\"url\":\"https:\/\/files.sunoresearch.com.br\/n\/uploads\/2021\/09\/suno-logo.png\",\"contentUrl\":\"https:\/\/files.sunoresearch.com.br\/n\/uploads\/2021\/09\/suno-logo.png\",\"width\":180,\"height\":180,\"caption\":\"Suno Not\u00edcias\"},\"image\":{\"@id\":\"https:\/\/www.suno.com.br\/noticias\/#\/schema\/logo\/image\/\"},\"sameAs\":[\"https:\/\/facebook.com\/sunoresearch\",\"https:\/\/x.com\/sunoresearch\",\"https:\/\/www.instagram.com\/suno\",\"https:\/\/www.linkedin.com\/company\/suno-research\/\",\"https:\/\/www.youtube.com\/c\/sunoresearch\"]},{\"@type\":\"Person\",\"@id\":\"https:\/\/www.suno.com.br\/noticias\/#\/schema\/person\/f341d3ae5d1cc685176c9a5327cdfdbb\",\"name\":\"Camila Paim\",\"image\":{\"@type\":\"ImageObject\",\"inLanguage\":\"pt-BR\",\"@id\":\"https:\/\/www.suno.com.br\/noticias\/#\/schema\/person\/image\/\",\"url\":\"https:\/\/secure.gravatar.com\/avatar\/f33728e65febb1aa7ecf6792956f9b20?s=96&r=g\",\"contentUrl\":\"https:\/\/secure.gravatar.com\/avatar\/f33728e65febb1aa7ecf6792956f9b20?s=96&r=g\",\"caption\":\"Camila Paim\"},\"description\":\"Jornalista formada pela USP, tem experi\u00eancia em reda\u00e7\u00f5es, SEO, Branded Content e Webdesign. Com passagem pelo Jornal da USP, Empiricus e C6 Bank, hoje \u00e9 rep\u00f3rter no Suno Not\u00edcias cobrindo macroeconomia, finan\u00e7as pessoais e startups.\",\"url\":\"https:\/\/www.suno.com.br\/noticias\/author\/camila-figueiredosuno-com-br\/\"}]}<\/script>\n<!-- \/ Yoast SEO plugin. -->","yoast_head_json":{"title":"ARXD11: Veja a agenda de ofertas de fundos imobili\u00e1rios desta semana","description":"Na agenda de ofertas dos fundos imobili\u00e1rios da semana, o ARXD11 \u00e9 o principal componente entre os FIIs. Confira.","robots":{"index":"index","follow":"follow","max-snippet":"max-snippet:-1","max-image-preview":"max-image-preview:large","max-video-preview":"max-video-preview:-1"},"canonical":"https:\/\/www.suno.com.br\/noticias\/agenda-ofertas-fundos-imobiliarios-arxd11-outubro-cpf\/","og_locale":"pt_BR","og_type":"article","og_title":"ARXD11: Veja a agenda de ofertas de fundos imobili\u00e1rios desta semana","og_description":"Na agenda de ofertas dos fundos imobili\u00e1rios da semana, o ARXD11 \u00e9 o principal componente entre os FIIs. Confira.","og_url":"https:\/\/www.suno.com.br\/noticias\/agenda-ofertas-fundos-imobiliarios-arxd11-outubro-cpf\/","og_site_name":"Suno Not\u00edcias","article_publisher":"https:\/\/facebook.com\/sunoresearch","og_image":[{"width":1920,"height":1279,"url":"https:\/\/files.sunoresearch.com.br\/n\/uploads\/2021\/07\/c22ab583-architecture-22039_1920.jpg","type":"image\/jpeg"}],"author":"Camila Paim","twitter_card":"summary_large_image","twitter_creator":"@sunoresearch","twitter_site":"@sunoresearch","twitter_misc":{"Escrito por":"Camila Paim","Est. tempo de leitura":"3 minutos"},"schema":{"@context":"https:\/\/schema.org","@graph":[{"@type":"NewsArticle","@id":"https:\/\/www.suno.com.br\/noticias\/agenda-ofertas-fundos-imobiliarios-arxd11-outubro-cpf\/#article","isPartOf":{"@id":"https:\/\/www.suno.com.br\/noticias\/agenda-ofertas-fundos-imobiliarios-arxd11-outubro-cpf\/"},"author":{"name":"Camila Paim","@id":"https:\/\/www.suno.com.br\/noticias\/#\/schema\/person\/f341d3ae5d1cc685176c9a5327cdfdbb"},"headline":"ARXD11: Veja a agenda de ofertas de fundos imobili\u00e1rios desta semana","datePublished":"2023-10-09T11:26:17+00:00","dateModified":"2023-10-09T11:26:23+00:00","mainEntityOfPage":{"@id":"https:\/\/www.suno.com.br\/noticias\/agenda-ofertas-fundos-imobiliarios-arxd11-outubro-cpf\/"},"wordCount":441,"publisher":{"@id":"https:\/\/www.suno.com.br\/noticias\/#organization"},"image":{"@id":"https:\/\/www.suno.com.br\/noticias\/agenda-ofertas-fundos-imobiliarios-arxd11-outubro-cpf\/#primaryimage"},"thumbnailUrl":"https:\/\/files.sunoresearch.com.br\/n\/uploads\/2021\/07\/c22ab583-architecture-22039_1920.jpg","keywords":["Fundos Imobili\u00e1rios (FIIs)","Guide Investimentos"],"articleSection":["FIIs"],"inLanguage":"pt-BR"},{"@type":"WebPage","@id":"https:\/\/www.suno.com.br\/noticias\/agenda-ofertas-fundos-imobiliarios-arxd11-outubro-cpf\/","url":"https:\/\/www.suno.com.br\/noticias\/agenda-ofertas-fundos-imobiliarios-arxd11-outubro-cpf\/","name":"ARXD11: Veja a agenda de ofertas de fundos imobili\u00e1rios desta semana","isPartOf":{"@id":"https:\/\/www.suno.com.br\/noticias\/#website"},"primaryImageOfPage":{"@id":"https:\/\/www.suno.com.br\/noticias\/agenda-ofertas-fundos-imobiliarios-arxd11-outubro-cpf\/#primaryimage"},"image":{"@id":"https:\/\/www.suno.com.br\/noticias\/agenda-ofertas-fundos-imobiliarios-arxd11-outubro-cpf\/#primaryimage"},"thumbnailUrl":"https:\/\/files.sunoresearch.com.br\/n\/uploads\/2021\/07\/c22ab583-architecture-22039_1920.jpg","datePublished":"2023-10-09T11:26:17+00:00","dateModified":"2023-10-09T11:26:23+00:00","description":"Na agenda de ofertas dos fundos imobili\u00e1rios da semana, o ARXD11 \u00e9 o principal componente entre os FIIs. Confira.","breadcrumb":{"@id":"https:\/\/www.suno.com.br\/noticias\/agenda-ofertas-fundos-imobiliarios-arxd11-outubro-cpf\/#breadcrumb"},"inLanguage":"pt-BR","potentialAction":[{"@type":"ReadAction","target":["https:\/\/www.suno.com.br\/noticias\/agenda-ofertas-fundos-imobiliarios-arxd11-outubro-cpf\/"]}]},{"@type":"ImageObject","inLanguage":"pt-BR","@id":"https:\/\/www.suno.com.br\/noticias\/agenda-ofertas-fundos-imobiliarios-arxd11-outubro-cpf\/#primaryimage","url":"https:\/\/files.sunoresearch.com.br\/n\/uploads\/2021\/07\/c22ab583-architecture-22039_1920.jpg","contentUrl":"https:\/\/files.sunoresearch.com.br\/n\/uploads\/2021\/07\/c22ab583-architecture-22039_1920.jpg","width":1920,"height":1279,"caption":"VRTA11- Fundos imobili\u00e1rios (FIIs) - Foto: Pixabay"},{"@type":"BreadcrumbList","@id":"https:\/\/www.suno.com.br\/noticias\/agenda-ofertas-fundos-imobiliarios-arxd11-outubro-cpf\/#breadcrumb","itemListElement":[{"@type":"ListItem","position":1,"name":"Not\u00edcias","item":"https:\/\/www.suno.com.br\/noticias\/"},{"@type":"ListItem","position":2,"name":"FIIs","item":"https:\/\/www.suno.com.br\/noticias\/fiis\/"},{"@type":"ListItem","position":3,"name":"ARXD11: Veja a agenda de ofertas de fundos imobili\u00e1rios desta semana"}]},{"@type":"WebSite","@id":"https:\/\/www.suno.com.br\/noticias\/#website","url":"https:\/\/www.suno.com.br\/noticias\/","name":"Suno Not\u00edcias","description":"Seu portal de informa\u00e7\u00e3o sobre o mundo dos investimentos","publisher":{"@id":"https:\/\/www.suno.com.br\/noticias\/#organization"},"potentialAction":[{"@type":"SearchAction","target":{"@type":"EntryPoint","urlTemplate":"https:\/\/www.suno.com.br\/noticias\/?s={search_term_string}"},"query-input":{"@type":"PropertyValueSpecification","valueRequired":true,"valueName":"search_term_string"}}],"inLanguage":"pt-BR"},{"@type":"Organization","@id":"https:\/\/www.suno.com.br\/noticias\/#organization","name":"Suno Not\u00edcias","url":"https:\/\/www.suno.com.br\/noticias\/","logo":{"@type":"ImageObject","inLanguage":"pt-BR","@id":"https:\/\/www.suno.com.br\/noticias\/#\/schema\/logo\/image\/","url":"https:\/\/files.sunoresearch.com.br\/n\/uploads\/2021\/09\/suno-logo.png","contentUrl":"https:\/\/files.sunoresearch.com.br\/n\/uploads\/2021\/09\/suno-logo.png","width":180,"height":180,"caption":"Suno Not\u00edcias"},"image":{"@id":"https:\/\/www.suno.com.br\/noticias\/#\/schema\/logo\/image\/"},"sameAs":["https:\/\/facebook.com\/sunoresearch","https:\/\/x.com\/sunoresearch","https:\/\/www.instagram.com\/suno","https:\/\/www.linkedin.com\/company\/suno-research\/","https:\/\/www.youtube.com\/c\/sunoresearch"]},{"@type":"Person","@id":"https:\/\/www.suno.com.br\/noticias\/#\/schema\/person\/f341d3ae5d1cc685176c9a5327cdfdbb","name":"Camila Paim","image":{"@type":"ImageObject","inLanguage":"pt-BR","@id":"https:\/\/www.suno.com.br\/noticias\/#\/schema\/person\/image\/","url":"https:\/\/secure.gravatar.com\/avatar\/f33728e65febb1aa7ecf6792956f9b20?s=96&r=g","contentUrl":"https:\/\/secure.gravatar.com\/avatar\/f33728e65febb1aa7ecf6792956f9b20?s=96&r=g","caption":"Camila Paim"},"description":"Jornalista formada pela USP, tem experi\u00eancia em reda\u00e7\u00f5es, SEO, Branded Content e Webdesign. Com passagem pelo Jornal da USP, Empiricus e C6 Bank, hoje \u00e9 rep\u00f3rter no Suno Not\u00edcias cobrindo macroeconomia, finan\u00e7as pessoais e startups.","url":"https:\/\/www.suno.com.br\/noticias\/author\/camila-figueiredosuno-com-br\/"}]}},"default_loop_html":"<div class=\"cardsPage__listCard__boxs\"><div class=\"cardsPage__listCard__boxs__img\"><a href=\"https:\/\/www.suno.com.br\/noticias\/agenda-ofertas-fundos-imobiliarios-arxd11-outubro-cpf\/\"><img class=\"mask\" src=\"https:\/\/www.suno.com.br\/noticias\/wp-content\/themes\/suno\/resources\/images\/spotlight\/spotlight1img\/bg-mask.png\" alt=\"Image Mask\"\/><img src=\"https:\/\/files.sunoresearch.com.br\/n\/uploads\/2021\/07\/c22ab583-architecture-22039_1920-400x200.jpg\" alt=\"ARXD11: Veja a agenda de ofertas de fundos imobili\u00e1rios desta semana\"\/><\/a><span class=\"spotlightCategory\"><a href=\"https:\/\/www.suno.com.br\/noticias\/fiis\/\">FIIs<\/a><\/span><\/div><div class=\"cardsPage__listCard__boxs__content\"><a href=\"https:\/\/www.suno.com.br\/noticias\/agenda-ofertas-fundos-imobiliarios-arxd11-outubro-cpf\/\"><h2 class=\"content__title\">ARXD11: Veja a agenda de ofertas de fundos imobili\u00e1rios desta semana<\/h2><\/a><div class=\"newsContent__article__meta\"><div class=\"newsContent__article__meta__authorBox\"><a href=\"https:\/\/www.suno.com.br\/noticias\/author\/camila-figueiredosuno-com-br\/\" class=\"authorBox__avatar noMobi\"><img src=\"https:\/\/files.sunoresearch.com.br\/n\/uploads\/2024\/05\/camila-paim-square-150x150.jpg\" alt=\"Camila Paim\"><\/a><div class=\"authorBox__name\"><span>por\n\t\t\t<a href=\"https:\/\/www.suno.com.br\/noticias\/author\/camila-figueiredosuno-com-br\/\"><span itemprop=\"author\">Camila Paim<\/span><\/a><\/span><time datetime=\"2023-10-09T08:26:17-03:00\" itemprop=\"datePublished\">09\/10\/2023 08:26<\/time><\/div><\/div><\/div><\/div><\/div>","single_layout":"posts","amp_enabled":true,"_links":{"self":[{"href":"https:\/\/www.suno.com.br\/noticias\/wp-json\/wp\/v2\/posts\/467985"}],"collection":[{"href":"https:\/\/www.suno.com.br\/noticias\/wp-json\/wp\/v2\/posts"}],"about":[{"href":"https:\/\/www.suno.com.br\/noticias\/wp-json\/wp\/v2\/types\/post"}],"author":[{"embeddable":true,"href":"https:\/\/www.suno.com.br\/noticias\/wp-json\/wp\/v2\/users\/283"}],"replies":[{"embeddable":true,"href":"https:\/\/www.suno.com.br\/noticias\/wp-json\/wp\/v2\/comments?post=467985"}],"version-history":[{"count":3,"href":"https:\/\/www.suno.com.br\/noticias\/wp-json\/wp\/v2\/posts\/467985\/revisions"}],"predecessor-version":[{"id":468020,"href":"https:\/\/www.suno.com.br\/noticias\/wp-json\/wp\/v2\/posts\/467985\/revisions\/468020"}],"wp:featuredmedia":[{"embeddable":true,"href":"https:\/\/www.suno.com.br\/noticias\/wp-json\/wp\/v2\/media\/168048"}],"wp:attachment":[{"href":"https:\/\/www.suno.com.br\/noticias\/wp-json\/wp\/v2\/media?parent=467985"}],"wp:term":[{"taxonomy":"category","embeddable":true,"href":"https:\/\/www.suno.com.br\/noticias\/wp-json\/wp\/v2\/categories?post=467985"},{"taxonomy":"post_tag","embeddable":true,"href":"https:\/\/www.suno.com.br\/noticias\/wp-json\/wp\/v2\/tags?post=467985"},{"taxonomy":"suno_strategy","embeddable":true,"href":"https:\/\/www.suno.com.br\/noticias\/wp-json\/wp\/v2\/suno_strategy?post=467985"}],"curies":[{"name":"wp","href":"https:\/\/api.w.org\/{rel}","templated":true}]}}