{"id":4678,"date":"2018-10-02T09:30:28","date_gmt":"2018-10-02T12:30:28","guid":{"rendered":"https:\/\/www.suno.com.br\/noticias\/?p=4678"},"modified":"2018-10-04T12:56:37","modified_gmt":"2018-10-04T15:56:37","slug":"acoes-via-varejo-queda","status":"publish","type":"post","link":"https:\/\/www.suno.com.br\/noticias\/acoes-via-varejo-queda\/","title":{"rendered":"Queda nas a\u00e7\u00f5es da Via Varejo causa inseguran\u00e7a no mercado"},"content":{"rendered":"<p>Na sexta-feira (28) as a\u00e7\u00f5es da Via Varejo j\u00e1 haviam fechado em queda 9,47%, algo que deixou os investidores apreensivos. Ontem, segunda-feira (1), o baque foi ainda maior, os t\u00edtulos do grupo desabaram 14,88%. Somando cerca de 23% de desvaloriza\u00e7\u00e3o em dois dias.<\/p>\t<div class=\"wrapper-featured-image\">\n\t\t<figure class=\"spotlightImg\">\n\n\t\t\t<picture>\n\t\t\t\t<source media=\"(max-width: 768px)\" srcset=\"https:\/\/files.sunoresearch.com.br\/n\/uploads\/2018\/10\/6e2f6183-acoes-via-varejo-400x200.webp\">\n\t\t\t\t<img loading=\"lazy\" decoding=\"async\" class=\"newsContent__article__imgCapa lazyloadDisabled newsContent__article__imgCapa--noCaption\" src=\"https:\/\/files.sunoresearch.com.br\/n\/uploads\/2018\/10\/6e2f6183-acoes-via-varejo-800x450.webp\" width=\"800\" height=\"450\" alt=\"Queda nas a\u00e7\u00f5es da Via Varejo causa inseguran\u00e7a no mercado\" fetchpriority=high \/>\n\t\t\t<\/picture>\n\n\t\t\t<figcaption class=\"wp-caption-text wp-caption-text--hide\">Confira as 4 a\u00e7\u00f5es que mais desvalorizaram no m\u00eas de novembro<\/figcaption>\n\t\t<\/figure>\n\t<\/div>\n\n\n<p>Tal cen\u00e1rio contrap\u00f5e o que foi boa parte do m\u00eas de setembro para a companhia. Sendo que as\u00a0<strong>a\u00e7\u00f5es da Via Varejo\u00a0<\/strong>chegaram a subir mais 22% em 15 dias. Muito deste crescimento se deu pela implementa\u00e7\u00e3o de uma tecnologia que melhoraria as vendas do grupo atrav\u00e9s do uso de dados.<\/p>\n<p>Somente no dia do an\u00fancio a VVAR11 teve 10,8% de valoriza\u00e7\u00e3o.<\/p>\n<p>Buscando explicar tal varia\u00e7\u00e3o, alguns especialistas se debru\u00e7aram sobre alguns fatos.<\/p>\n<p>No dia 24 de outubro, os resultados do balan\u00e7o do terceiro trimestre ser\u00e3o divulgados. A tend\u00eancia \u00e9 que os n\u00fameros apresentados sejam abaixo do esperado, algo que gera desconfian\u00e7a no curto prazo.<\/p>\n<p>Outro motivo \u00e9 o per\u00edodo do ano. \u00c9poca em que o mercado do varejo esfria e se torna necess\u00e1rio fazer uma s\u00e9rie de promo\u00e7\u00f5es. Os pre\u00e7os mais baixos pressionam os n\u00fameros de um trimestre que possui poucos dias festivos. Ainda assim, a queda das a\u00e7\u00f5es Via Varejo foi mais abrupta que a concorr\u00eancia.<\/p>\n<p>No mesmo per\u00edodo, a Magazine Luiza teve uma queda de 1,35%, sexta-feira (28), e, segunda-feira (1), um aumento de 0,11%.<\/p>\n<p>Visto isso, outro fator que est\u00e1 diretamente relacionado a desvaloriza\u00e7\u00e3o dos t\u00edtulos do grupo \u00e9 o processo de implementa\u00e7\u00e3o da nova tecnologia em sua rede.<\/p>\n<p>Quase um m\u00eas ap\u00f3s colocar o novo sistema em todas as lojas da rede, o \u00f4nus da pressa em colocar a tecnologia est\u00e1 aparecendo. Parte dos 50 mil funcion\u00e1rios que a rede possui n\u00e3o se adaptou ao novo modelo, por isto seguem utilizando o antigo.<\/p>\n<p>Fato que por si s\u00f3 j\u00e1 passa desconfian\u00e7a ao mercado. Por\u00e9m, se agrava ao colocar na balan\u00e7a que este per\u00edodo de adapta\u00e7\u00e3o provavelmente influenciar\u00e1 tamb\u00e9m no quarto trimestre da empresa. A ideia da gest\u00e3o \u00e9 que at\u00e9 o &#8220;Black Friday&#8221; os problemas sejam resolvidos, por\u00e9m isto causaria impactos nos meses de outubro e novembro.<\/p>\n<p>Outro fator que pode estar afetando as <strong>a\u00e7\u00f5es da Via Varejo<\/strong> \u00e9 relacionado \u00e0 especula\u00e7\u00e3o que existe que o grupo Casino, holding que engloba a Via Varejo, estaria buscando interessados em comprar o Grupo P\u00e3o de A\u00e7\u00facar. Algo negado pela Casino, por\u00e9m que gera incertezas no mercado financeiro.<\/p>\n","protected":false},"excerpt":{"rendered":"<p>Na sexta-feira (28) as a\u00e7\u00f5es da Via Varejo j\u00e1 haviam fechado em queda 9,47%, algo que deixou os investidores apreensivos. Ontem, segunda-feira (1), o baque foi ainda maior, os t\u00edtulos do grupo desabaram 14,88%. Somando cerca de 23% de desvaloriza\u00e7\u00e3o em dois dias. Confira as 4 a\u00e7\u00f5es que mais desvalorizaram no m\u00eas de novembro Tal [&hellip;]<\/p>\n","protected":false},"author":7,"featured_media":4679,"comment_status":"closed","ping_status":"closed","sticky":false,"template":"","format":"standard","meta":[],"categories":[60],"tags":[286,548,106935],"suno_strategy":[],"class_list":["post-4678","post","type-post","status-publish","format-standard","has-post-thumbnail","hentry","category-mercado","tag-acoes","tag-magazine-luiza-mglu3","tag-via-viia3"],"yoast_head":"<!-- This site is optimized with the Yoast SEO plugin v24.4 - https:\/\/yoast.com\/wordpress\/plugins\/seo\/ -->\n<title>Queda nas a\u00e7\u00f5es da Via Varejo causa inseguran\u00e7a no mercado<\/title>\n<meta name=\"description\" content=\"A\u00e7\u00f5es da Via Varejo t\u00eam desvaloriza\u00e7\u00e3o de 23% em dois dias, cen\u00e1rio causa apreen\u00e7\u00e3o nos investidores. Clique para saber mais.\" \/>\n<meta name=\"robots\" content=\"index, follow, max-snippet:-1, max-image-preview:large, max-video-preview:-1\" \/>\n<link rel=\"canonical\" href=\"https:\/\/www.suno.com.br\/noticias\/acoes-via-varejo-queda\/\" \/>\n<meta property=\"og:locale\" content=\"pt_BR\" \/>\n<meta property=\"og:type\" content=\"article\" \/>\n<meta property=\"og:title\" content=\"Queda nas a\u00e7\u00f5es da Via Varejo causa inseguran\u00e7a no mercado\" \/>\n<meta property=\"og:description\" content=\"A\u00e7\u00f5es da Via Varejo t\u00eam desvaloriza\u00e7\u00e3o de 23% em dois dias, cen\u00e1rio causa apreen\u00e7\u00e3o nos investidores. Clique para saber mais.\" \/>\n<meta property=\"og:url\" content=\"https:\/\/www.suno.com.br\/noticias\/acoes-via-varejo-queda\/\" \/>\n<meta property=\"og:site_name\" content=\"Suno Not\u00edcias\" \/>\n<meta property=\"article:publisher\" content=\"https:\/\/facebook.com\/sunoresearch\" \/>\n<meta property=\"article:author\" content=\"https:\/\/www.linkedin.com\/in\/mateus-vasconcellos-4b3542123\/\" \/>\n<meta property=\"og:image\" content=\"https:\/\/files.sunoresearch.com.br\/n\/uploads\/2018\/10\/6e2f6183-acoes-via-varejo.jpg\" \/>\n\t<meta property=\"og:image:width\" content=\"1920\" \/>\n\t<meta property=\"og:image:height\" content=\"1357\" \/>\n\t<meta property=\"og:image:type\" content=\"image\/jpeg\" \/>\n<meta name=\"author\" content=\"Mateus Vasconcellos\" \/>\n<meta name=\"twitter:card\" content=\"summary_large_image\" \/>\n<meta name=\"twitter:creator\" content=\"@sunoresearch\" \/>\n<meta name=\"twitter:site\" content=\"@sunoresearch\" \/>\n<meta name=\"twitter:label1\" content=\"Escrito por\" \/>\n\t<meta name=\"twitter:data1\" content=\"Mateus Vasconcellos\" \/>\n\t<meta name=\"twitter:label2\" content=\"Est. tempo de leitura\" \/>\n\t<meta name=\"twitter:data2\" content=\"2 minutos\" \/>\n<script type=\"application\/ld+json\" class=\"yoast-schema-graph\">{\"@context\":\"https:\/\/schema.org\",\"@graph\":[{\"@type\":\"NewsArticle\",\"@id\":\"https:\/\/www.suno.com.br\/noticias\/acoes-via-varejo-queda\/#article\",\"isPartOf\":{\"@id\":\"https:\/\/www.suno.com.br\/noticias\/acoes-via-varejo-queda\/\"},\"author\":{\"name\":\"Mateus Vasconcellos\",\"@id\":\"https:\/\/www.suno.com.br\/noticias\/#\/schema\/person\/ff5cc30ec6c0b55b6d3f3cfc4378b74e\"},\"headline\":\"Queda nas a\u00e7\u00f5es da Via Varejo causa inseguran\u00e7a no mercado\",\"datePublished\":\"2018-10-02T12:30:28+00:00\",\"dateModified\":\"2018-10-04T15:56:37+00:00\",\"mainEntityOfPage\":{\"@id\":\"https:\/\/www.suno.com.br\/noticias\/acoes-via-varejo-queda\/\"},\"wordCount\":432,\"publisher\":{\"@id\":\"https:\/\/www.suno.com.br\/noticias\/#organization\"},\"image\":{\"@id\":\"https:\/\/www.suno.com.br\/noticias\/acoes-via-varejo-queda\/#primaryimage\"},\"thumbnailUrl\":\"https:\/\/files.sunoresearch.com.br\/n\/uploads\/2018\/10\/6e2f6183-acoes-via-varejo-jpg.webp\",\"keywords\":[\"A\u00e7\u00f5es\",\"Magazine Luiza (MGLU3)\",\"Via (VIIA3)\"],\"articleSection\":[\"Mercado\"],\"inLanguage\":\"pt-BR\"},{\"@type\":\"WebPage\",\"@id\":\"https:\/\/www.suno.com.br\/noticias\/acoes-via-varejo-queda\/\",\"url\":\"https:\/\/www.suno.com.br\/noticias\/acoes-via-varejo-queda\/\",\"name\":\"Queda nas a\u00e7\u00f5es da Via Varejo causa inseguran\u00e7a no mercado\",\"isPartOf\":{\"@id\":\"https:\/\/www.suno.com.br\/noticias\/#website\"},\"primaryImageOfPage\":{\"@id\":\"https:\/\/www.suno.com.br\/noticias\/acoes-via-varejo-queda\/#primaryimage\"},\"image\":{\"@id\":\"https:\/\/www.suno.com.br\/noticias\/acoes-via-varejo-queda\/#primaryimage\"},\"thumbnailUrl\":\"https:\/\/files.sunoresearch.com.br\/n\/uploads\/2018\/10\/6e2f6183-acoes-via-varejo-jpg.webp\",\"datePublished\":\"2018-10-02T12:30:28+00:00\",\"dateModified\":\"2018-10-04T15:56:37+00:00\",\"description\":\"A\u00e7\u00f5es da Via Varejo t\u00eam desvaloriza\u00e7\u00e3o de 23% em dois dias, cen\u00e1rio causa apreen\u00e7\u00e3o nos investidores. Clique para saber mais.\",\"breadcrumb\":{\"@id\":\"https:\/\/www.suno.com.br\/noticias\/acoes-via-varejo-queda\/#breadcrumb\"},\"inLanguage\":\"pt-BR\",\"potentialAction\":[{\"@type\":\"ReadAction\",\"target\":[\"https:\/\/www.suno.com.br\/noticias\/acoes-via-varejo-queda\/\"]}]},{\"@type\":\"ImageObject\",\"inLanguage\":\"pt-BR\",\"@id\":\"https:\/\/www.suno.com.br\/noticias\/acoes-via-varejo-queda\/#primaryimage\",\"url\":\"https:\/\/files.sunoresearch.com.br\/n\/uploads\/2018\/10\/6e2f6183-acoes-via-varejo-jpg.webp\",\"contentUrl\":\"https:\/\/files.sunoresearch.com.br\/n\/uploads\/2018\/10\/6e2f6183-acoes-via-varejo-jpg.webp\",\"width\":1920,\"height\":1357,\"caption\":\"Confira as 4 a\u00e7\u00f5es que mais desvalorizaram no m\u00eas de novembro\"},{\"@type\":\"BreadcrumbList\",\"@id\":\"https:\/\/www.suno.com.br\/noticias\/acoes-via-varejo-queda\/#breadcrumb\",\"itemListElement\":[{\"@type\":\"ListItem\",\"position\":1,\"name\":\"Not\u00edcias\",\"item\":\"https:\/\/www.suno.com.br\/noticias\/\"},{\"@type\":\"ListItem\",\"position\":2,\"name\":\"Mercado\",\"item\":\"https:\/\/www.suno.com.br\/noticias\/mercado\/\"},{\"@type\":\"ListItem\",\"position\":3,\"name\":\"Queda nas a\u00e7\u00f5es da Via Varejo causa inseguran\u00e7a no mercado\"}]},{\"@type\":\"WebSite\",\"@id\":\"https:\/\/www.suno.com.br\/noticias\/#website\",\"url\":\"https:\/\/www.suno.com.br\/noticias\/\",\"name\":\"Suno Not\u00edcias\",\"description\":\"Seu portal de informa\u00e7\u00e3o sobre o mundo dos investimentos\",\"publisher\":{\"@id\":\"https:\/\/www.suno.com.br\/noticias\/#organization\"},\"potentialAction\":[{\"@type\":\"SearchAction\",\"target\":{\"@type\":\"EntryPoint\",\"urlTemplate\":\"https:\/\/www.suno.com.br\/noticias\/?s={search_term_string}\"},\"query-input\":{\"@type\":\"PropertyValueSpecification\",\"valueRequired\":true,\"valueName\":\"search_term_string\"}}],\"inLanguage\":\"pt-BR\"},{\"@type\":\"Organization\",\"@id\":\"https:\/\/www.suno.com.br\/noticias\/#organization\",\"name\":\"Suno Not\u00edcias\",\"url\":\"https:\/\/www.suno.com.br\/noticias\/\",\"logo\":{\"@type\":\"ImageObject\",\"inLanguage\":\"pt-BR\",\"@id\":\"https:\/\/www.suno.com.br\/noticias\/#\/schema\/logo\/image\/\",\"url\":\"https:\/\/files.sunoresearch.com.br\/n\/uploads\/2021\/09\/suno-logo.png\",\"contentUrl\":\"https:\/\/files.sunoresearch.com.br\/n\/uploads\/2021\/09\/suno-logo.png\",\"width\":180,\"height\":180,\"caption\":\"Suno Not\u00edcias\"},\"image\":{\"@id\":\"https:\/\/www.suno.com.br\/noticias\/#\/schema\/logo\/image\/\"},\"sameAs\":[\"https:\/\/facebook.com\/sunoresearch\",\"https:\/\/x.com\/sunoresearch\",\"https:\/\/www.instagram.com\/suno\",\"https:\/\/www.linkedin.com\/company\/suno-research\/\",\"https:\/\/www.youtube.com\/c\/sunoresearch\"]},{\"@type\":\"Person\",\"@id\":\"https:\/\/www.suno.com.br\/noticias\/#\/schema\/person\/ff5cc30ec6c0b55b6d3f3cfc4378b74e\",\"name\":\"Mateus Vasconcellos\",\"image\":{\"@type\":\"ImageObject\",\"inLanguage\":\"pt-BR\",\"@id\":\"https:\/\/www.suno.com.br\/noticias\/#\/schema\/person\/image\/\",\"url\":\"https:\/\/secure.gravatar.com\/avatar\/8d725238a0ef7530bdf58578a222f948?s=96&r=g\",\"contentUrl\":\"https:\/\/secure.gravatar.com\/avatar\/8d725238a0ef7530bdf58578a222f948?s=96&r=g\",\"caption\":\"Mateus Vasconcellos\"},\"description\":\"Formado em jornalismo pela Universidade Presbiteriana Mackenzie, Mateus Vasconcellos escreve sobre o mercado financeiro para o portal de not\u00edcias da Suno Research. Antes da Suno, teve passagem pelo Observat\u00f3rio do Terceiro Setor e \u00e9 vencedor do 7\u00b0 Pr\u00eamio Jovem Jornalista Fernando Pacheco Jord\u00e3o.\",\"sameAs\":[\"https:\/\/www.suno.com.br\",\"https:\/\/www.linkedin.com\/in\/mateus-vasconcellos-4b3542123\/\"],\"url\":\"https:\/\/www.suno.com.br\/noticias\/author\/mateus-vasconcellos\/\"}]}<\/script>\n<!-- \/ Yoast SEO plugin. -->","yoast_head_json":{"title":"Queda nas a\u00e7\u00f5es da Via Varejo causa inseguran\u00e7a no mercado","description":"A\u00e7\u00f5es da Via Varejo t\u00eam desvaloriza\u00e7\u00e3o de 23% em dois dias, cen\u00e1rio causa apreen\u00e7\u00e3o nos investidores. Clique para saber mais.","robots":{"index":"index","follow":"follow","max-snippet":"max-snippet:-1","max-image-preview":"max-image-preview:large","max-video-preview":"max-video-preview:-1"},"canonical":"https:\/\/www.suno.com.br\/noticias\/acoes-via-varejo-queda\/","og_locale":"pt_BR","og_type":"article","og_title":"Queda nas a\u00e7\u00f5es da Via Varejo causa inseguran\u00e7a no mercado","og_description":"A\u00e7\u00f5es da Via Varejo t\u00eam desvaloriza\u00e7\u00e3o de 23% em dois dias, cen\u00e1rio causa apreen\u00e7\u00e3o nos investidores. Clique para saber mais.","og_url":"https:\/\/www.suno.com.br\/noticias\/acoes-via-varejo-queda\/","og_site_name":"Suno Not\u00edcias","article_publisher":"https:\/\/facebook.com\/sunoresearch","article_author":"https:\/\/www.linkedin.com\/in\/mateus-vasconcellos-4b3542123\/","og_image":[{"width":1920,"height":1357,"url":"https:\/\/files.sunoresearch.com.br\/n\/uploads\/2018\/10\/6e2f6183-acoes-via-varejo.jpg","type":"image\/jpeg"}],"author":"Mateus Vasconcellos","twitter_card":"summary_large_image","twitter_creator":"@sunoresearch","twitter_site":"@sunoresearch","twitter_misc":{"Escrito por":"Mateus Vasconcellos","Est. tempo de leitura":"2 minutos"},"schema":{"@context":"https:\/\/schema.org","@graph":[{"@type":"NewsArticle","@id":"https:\/\/www.suno.com.br\/noticias\/acoes-via-varejo-queda\/#article","isPartOf":{"@id":"https:\/\/www.suno.com.br\/noticias\/acoes-via-varejo-queda\/"},"author":{"name":"Mateus Vasconcellos","@id":"https:\/\/www.suno.com.br\/noticias\/#\/schema\/person\/ff5cc30ec6c0b55b6d3f3cfc4378b74e"},"headline":"Queda nas a\u00e7\u00f5es da Via Varejo causa inseguran\u00e7a no mercado","datePublished":"2018-10-02T12:30:28+00:00","dateModified":"2018-10-04T15:56:37+00:00","mainEntityOfPage":{"@id":"https:\/\/www.suno.com.br\/noticias\/acoes-via-varejo-queda\/"},"wordCount":432,"publisher":{"@id":"https:\/\/www.suno.com.br\/noticias\/#organization"},"image":{"@id":"https:\/\/www.suno.com.br\/noticias\/acoes-via-varejo-queda\/#primaryimage"},"thumbnailUrl":"https:\/\/files.sunoresearch.com.br\/n\/uploads\/2018\/10\/6e2f6183-acoes-via-varejo-jpg.webp","keywords":["A\u00e7\u00f5es","Magazine Luiza (MGLU3)","Via (VIIA3)"],"articleSection":["Mercado"],"inLanguage":"pt-BR"},{"@type":"WebPage","@id":"https:\/\/www.suno.com.br\/noticias\/acoes-via-varejo-queda\/","url":"https:\/\/www.suno.com.br\/noticias\/acoes-via-varejo-queda\/","name":"Queda nas a\u00e7\u00f5es da Via Varejo causa inseguran\u00e7a no mercado","isPartOf":{"@id":"https:\/\/www.suno.com.br\/noticias\/#website"},"primaryImageOfPage":{"@id":"https:\/\/www.suno.com.br\/noticias\/acoes-via-varejo-queda\/#primaryimage"},"image":{"@id":"https:\/\/www.suno.com.br\/noticias\/acoes-via-varejo-queda\/#primaryimage"},"thumbnailUrl":"https:\/\/files.sunoresearch.com.br\/n\/uploads\/2018\/10\/6e2f6183-acoes-via-varejo-jpg.webp","datePublished":"2018-10-02T12:30:28+00:00","dateModified":"2018-10-04T15:56:37+00:00","description":"A\u00e7\u00f5es da Via Varejo t\u00eam desvaloriza\u00e7\u00e3o de 23% em dois dias, cen\u00e1rio causa apreen\u00e7\u00e3o nos investidores. Clique para saber mais.","breadcrumb":{"@id":"https:\/\/www.suno.com.br\/noticias\/acoes-via-varejo-queda\/#breadcrumb"},"inLanguage":"pt-BR","potentialAction":[{"@type":"ReadAction","target":["https:\/\/www.suno.com.br\/noticias\/acoes-via-varejo-queda\/"]}]},{"@type":"ImageObject","inLanguage":"pt-BR","@id":"https:\/\/www.suno.com.br\/noticias\/acoes-via-varejo-queda\/#primaryimage","url":"https:\/\/files.sunoresearch.com.br\/n\/uploads\/2018\/10\/6e2f6183-acoes-via-varejo-jpg.webp","contentUrl":"https:\/\/files.sunoresearch.com.br\/n\/uploads\/2018\/10\/6e2f6183-acoes-via-varejo-jpg.webp","width":1920,"height":1357,"caption":"Confira as 4 a\u00e7\u00f5es que mais desvalorizaram no m\u00eas de novembro"},{"@type":"BreadcrumbList","@id":"https:\/\/www.suno.com.br\/noticias\/acoes-via-varejo-queda\/#breadcrumb","itemListElement":[{"@type":"ListItem","position":1,"name":"Not\u00edcias","item":"https:\/\/www.suno.com.br\/noticias\/"},{"@type":"ListItem","position":2,"name":"Mercado","item":"https:\/\/www.suno.com.br\/noticias\/mercado\/"},{"@type":"ListItem","position":3,"name":"Queda nas a\u00e7\u00f5es da Via Varejo causa inseguran\u00e7a no mercado"}]},{"@type":"WebSite","@id":"https:\/\/www.suno.com.br\/noticias\/#website","url":"https:\/\/www.suno.com.br\/noticias\/","name":"Suno Not\u00edcias","description":"Seu portal de informa\u00e7\u00e3o sobre o mundo dos investimentos","publisher":{"@id":"https:\/\/www.suno.com.br\/noticias\/#organization"},"potentialAction":[{"@type":"SearchAction","target":{"@type":"EntryPoint","urlTemplate":"https:\/\/www.suno.com.br\/noticias\/?s={search_term_string}"},"query-input":{"@type":"PropertyValueSpecification","valueRequired":true,"valueName":"search_term_string"}}],"inLanguage":"pt-BR"},{"@type":"Organization","@id":"https:\/\/www.suno.com.br\/noticias\/#organization","name":"Suno Not\u00edcias","url":"https:\/\/www.suno.com.br\/noticias\/","logo":{"@type":"ImageObject","inLanguage":"pt-BR","@id":"https:\/\/www.suno.com.br\/noticias\/#\/schema\/logo\/image\/","url":"https:\/\/files.sunoresearch.com.br\/n\/uploads\/2021\/09\/suno-logo.png","contentUrl":"https:\/\/files.sunoresearch.com.br\/n\/uploads\/2021\/09\/suno-logo.png","width":180,"height":180,"caption":"Suno Not\u00edcias"},"image":{"@id":"https:\/\/www.suno.com.br\/noticias\/#\/schema\/logo\/image\/"},"sameAs":["https:\/\/facebook.com\/sunoresearch","https:\/\/x.com\/sunoresearch","https:\/\/www.instagram.com\/suno","https:\/\/www.linkedin.com\/company\/suno-research\/","https:\/\/www.youtube.com\/c\/sunoresearch"]},{"@type":"Person","@id":"https:\/\/www.suno.com.br\/noticias\/#\/schema\/person\/ff5cc30ec6c0b55b6d3f3cfc4378b74e","name":"Mateus Vasconcellos","image":{"@type":"ImageObject","inLanguage":"pt-BR","@id":"https:\/\/www.suno.com.br\/noticias\/#\/schema\/person\/image\/","url":"https:\/\/secure.gravatar.com\/avatar\/8d725238a0ef7530bdf58578a222f948?s=96&r=g","contentUrl":"https:\/\/secure.gravatar.com\/avatar\/8d725238a0ef7530bdf58578a222f948?s=96&r=g","caption":"Mateus Vasconcellos"},"description":"Formado em jornalismo pela Universidade Presbiteriana Mackenzie, Mateus Vasconcellos escreve sobre o mercado financeiro para o portal de not\u00edcias da Suno Research. Antes da Suno, teve passagem pelo Observat\u00f3rio do Terceiro Setor e \u00e9 vencedor do 7\u00b0 Pr\u00eamio Jovem Jornalista Fernando Pacheco Jord\u00e3o.","sameAs":["https:\/\/www.suno.com.br","https:\/\/www.linkedin.com\/in\/mateus-vasconcellos-4b3542123\/"],"url":"https:\/\/www.suno.com.br\/noticias\/author\/mateus-vasconcellos\/"}]}},"default_loop_html":"<div class=\"cardsPage__listCard__boxs\"><div class=\"cardsPage__listCard__boxs__img\"><a href=\"https:\/\/www.suno.com.br\/noticias\/acoes-via-varejo-queda\/\"><img class=\"mask\" src=\"https:\/\/www.suno.com.br\/noticias\/wp-content\/themes\/suno\/resources\/images\/spotlight\/spotlight1img\/bg-mask.png\" alt=\"Image Mask\"\/><img src=\"https:\/\/files.sunoresearch.com.br\/n\/uploads\/2018\/10\/6e2f6183-acoes-via-varejo-400x200.webp\" alt=\"Queda nas a\u00e7\u00f5es da Via Varejo causa inseguran\u00e7a no mercado\"\/><\/a><span class=\"spotlightCategory\"><a href=\"https:\/\/www.suno.com.br\/noticias\/mercado\/\">Mercado<\/a><\/span><\/div><div class=\"cardsPage__listCard__boxs__content\"><a href=\"https:\/\/www.suno.com.br\/noticias\/acoes-via-varejo-queda\/\"><h2 class=\"content__title\">Queda nas a\u00e7\u00f5es da Via Varejo causa inseguran\u00e7a no mercado<\/h2><\/a><div class=\"newsContent__article__meta\"><div class=\"newsContent__article__meta__authorBox\"><a href=\"https:\/\/www.suno.com.br\/noticias\/author\/mateus-vasconcellos\/\" class=\"authorBox__avatar noMobi\"><img src=\"https:\/\/secure.gravatar.com\/avatar\/8d725238a0ef7530bdf58578a222f948?s=96&#038;r=g\" alt=\"Mateus Vasconcellos\"><\/a><div class=\"authorBox__name\"><span>por\n\t\t\t<a href=\"https:\/\/www.suno.com.br\/noticias\/author\/mateus-vasconcellos\/\"><span itemprop=\"author\">Mateus Vasconcellos<\/span><\/a><\/span><time datetime=\"2018-10-02T09:30:28-03:00\" itemprop=\"datePublished\">02\/10\/2018 09:30<\/time><\/div><\/div><\/div><\/div><\/div>","single_layout":"posts","amp_enabled":true,"_links":{"self":[{"href":"https:\/\/www.suno.com.br\/noticias\/wp-json\/wp\/v2\/posts\/4678"}],"collection":[{"href":"https:\/\/www.suno.com.br\/noticias\/wp-json\/wp\/v2\/posts"}],"about":[{"href":"https:\/\/www.suno.com.br\/noticias\/wp-json\/wp\/v2\/types\/post"}],"author":[{"embeddable":true,"href":"https:\/\/www.suno.com.br\/noticias\/wp-json\/wp\/v2\/users\/7"}],"replies":[{"embeddable":true,"href":"https:\/\/www.suno.com.br\/noticias\/wp-json\/wp\/v2\/comments?post=4678"}],"version-history":[{"count":0,"href":"https:\/\/www.suno.com.br\/noticias\/wp-json\/wp\/v2\/posts\/4678\/revisions"}],"wp:featuredmedia":[{"embeddable":true,"href":"https:\/\/www.suno.com.br\/noticias\/wp-json\/wp\/v2\/media\/4679"}],"wp:attachment":[{"href":"https:\/\/www.suno.com.br\/noticias\/wp-json\/wp\/v2\/media?parent=4678"}],"wp:term":[{"taxonomy":"category","embeddable":true,"href":"https:\/\/www.suno.com.br\/noticias\/wp-json\/wp\/v2\/categories?post=4678"},{"taxonomy":"post_tag","embeddable":true,"href":"https:\/\/www.suno.com.br\/noticias\/wp-json\/wp\/v2\/tags?post=4678"},{"taxonomy":"suno_strategy","embeddable":true,"href":"https:\/\/www.suno.com.br\/noticias\/wp-json\/wp\/v2\/suno_strategy?post=4678"}],"curies":[{"name":"wp","href":"https:\/\/api.w.org\/{rel}","templated":true}]}}