{"id":467701,"date":"2023-10-07T10:40:50","date_gmt":"2023-10-07T13:40:50","guid":{"rendered":"https:\/\/www.suno.com.br\/noticias\/?p=467701"},"modified":"2023-10-07T10:40:55","modified_gmt":"2023-10-07T13:40:55","slug":"petrobras-petr4-cria-nova-area-gestao-governanca-evm","status":"publish","type":"post","link":"https:\/\/www.suno.com.br\/noticias\/petrobras-petr4-cria-nova-area-gestao-governanca-evm\/","title":{"rendered":"Petrobras (PETR4) cria nova \u00e1rea para apurar casos de viol\u00eancia no trabalho"},"content":{"rendered":"<p>A <a class=\"suno-keyword\" data-force=\"yes\" data-priority=\"2\" href=\"https:\/\/www.suno.com.br\/acoes\/PETR4\/\" target=\"_blank\" rel=\"noopener\"><strong>Petrobras<\/strong> (PETR4)<\/a> aprovou uma reestrutura\u00e7\u00e3o na sua Diretoria de Governan\u00e7a e Conformidade, <a href=\"https:\/\/www.rad.cvm.gov.br\/ENET\/frmExibirArquivoIPEExterno.aspx?NumeroProtocoloEntrega=1149293\" target=\"_blank\" rel=\"noreferrer noopener\">conforme comunicado pela companhia nesta sexta-feira (6)<\/a>.<\/p><div class=\"videoFull \">\n\t\t\t<div class=\"videoWrapper yt-lazyload center\"\n\t\t\t\tdata-width=\"960\"\n\t\t\t\tdata-height=\"540\"\n\t\t\t\tdata-id=\"r_d8cWuvOng\"\n\t\t\t\tdata-alt=\"V\u00eddeo do YouTube - clique para reproduzir\"\n\t\t\t\tdata-logo=\"3\"\n\t\t\t\tdata-imagequality=\"maxres\">\n\t\t\t<\/div>\n\t\t<\/div><script type=\"application\/ld+json\">{\"@context\":\"https:\/\/schema.org\",\"@type\":\"VideoObject\",\"name\":\"IBOVESPA SOBE AOS 114 MIL PONTOS | CASAS BAHIA (BHIA3) DISPARA | BB (BBAS3) PUXA BANCOS\",\"description\":\"#mercadofinanceiro #investimentos #bolsadevalores #ibovespa #dinheiro #finan\u00e7as #d\u00f3lar #livedas19h #petr4 #petrobras #vale3 #vale #a\u00e7\u00f5es #economia #oi #oibr3 #sanb11 #santander #bancodobrasil #bbas3 #casasbahia #bhia3 O Ibovespa encerrou a sess\u00e3o de hoje (06) com alta de 0,78%, aos 114.169,63 pontos, ap\u00f3s oscilar entre m\u00ednima de 111.598,57 e m\u00e1xima de 114.491,00. O volume financeiro do dia foi de R$\u2026\",\"duration\":\"PT27M8S\",\"embedUrl\":\"https:\/\/www.youtube.com\/embed\/r_d8cWuvOng\",\"regionsAllowed\":\"pt-BR\",\"interactionStatistic\":{\"@type\":\"InteractionCounter\",\"interactionType\":{\"@type\":\"WatchAction\"},\"userInteractionCount\":1484},\"thumbnailUrl\":\"https:\/\/i.ytimg.com\/vi\/r_d8cWuvOng\/default.jpg\",\"uploadDate\":\"2023-10-07T10:30:49Z\"}<\/script>\n\n\n\n\n\t<p>\n\t\t<a href=\"\" target=\"_blank\" data-element=\"shortcode-suno-banner\" title=\"Banner SUNO, clique e saiba mais\">\n\t\t\t<picture>\n\t\t\t\t<source media=\"(max-width: 500px)\" srcset=\"\">\n\t\t\t\t<img class=\"newsContent__article__imgCapa newsContent__article__imgCapa--banner\"\n\t\t\t\t\tsrc=\"\"\n\t\t\t\t\tdata-promo-id=\"254218\"\t\t\t\t\t\t\t\t\t\t\t\t\t\t\talt=\"\"\n\t\t\t\t>\n\t\t\t<\/picture>\n\t\t<\/a>\n\t<\/p>\n\n\n\n\n\n<p>Com isso, a <strong>estatal <\/strong>destacou que ter\u00e1 &#8216;sua estrutura robustecida a partir do pr\u00f3ximo dia 6\/11&#8217;. O novo desenho estrutural da Petrobras cria a ger\u00eancia executiva de Responsabiliza\u00e7\u00e3o Disciplinar e a ger\u00eancia geral de Informa\u00e7\u00f5es Estrat\u00e9gicas e Monitoramento dos Sistemas de Integridade e uma ger\u00eancia especializada em apurar den\u00fancias de <strong>viol\u00eancia no trabalho<\/strong>. <\/p>\n\n\n\n<p>&#8220;A ger\u00eancia executiva de Responsabiliza\u00e7\u00e3o Disciplinar atuar\u00e1 como uma corregedoria. Entre suas atribui\u00e7\u00f5es, estar\u00e1 a responsabiliza\u00e7\u00e3o por desvios e n\u00e3o conformidades, inclusive de terceiros, como fornecedores e outras pessoas jur\u00eddicas que se relacionam com a Petrobras. A nova ger\u00eancia tornar\u00e1 ainda mais robusto o processo de aplica\u00e7\u00e3o da Lei Anticorrup\u00e7\u00e3o (Lei n\u00ba 12.846\/2013) pela companhia&#8221;, diz a companhia.<\/p>\n\n\n\n<p>&#8220;A nova <strong>ger\u00eancia <\/strong>geral de Informa\u00e7\u00f5es Estrat\u00e9gicas e Monitoramento dos Sistemas de Integridade contar\u00e1 com uma iniciativa que pode ser considerada vanguarda no setor de compliance no pa\u00eds: o uso de intelig\u00eancia em dados para a an\u00e1lise de incidentes de conformidade. Com o uso dessa tecnologia avan\u00e7ada, a companhia ganhar\u00e1 mais agilidade na identifica\u00e7\u00e3o de irregularidades&#8221;, completa.<\/p>\n\n\n\t<p>\n\t\t<a href=\"https:\/\/lp.suno.com.br\/ebook-como-analisar-uma-acao\/\" target=\"_blank\" data-element=\"shortcode-suno-banner\" title=\"Banner SUNO, clique e saiba mais\">\n\t\t\t<picture>\n\t\t\t\t<source media=\"(max-width: 500px)\" srcset=\"https:\/\/files.sunoresearch.com.br\/n\/uploads\/2023\/03\/Ebook-Acoes-Mobile.jpg\">\n\t\t\t\t<img class=\"newsContent__article__imgCapa newsContent__article__imgCapa--banner\"\n\t\t\t\t\tsrc=\"https:\/\/files.sunoresearch.com.br\/n\/uploads\/2023\/03\/Ebook-Acoes-Desktop.jpg\"\n\t\t\t\t\tdata-promo-id=\"378302\"\t\t\t\t\t\t\t\t\t\twidth='1420' height='286'\t\t\t\t\talt=\"https:\/\/files.sunoresearch.com.br\/n\/uploads\/2023\/03\/Ebook-Acoes-Desktop.jpg\"\n\t\t\t\t>\n\t\t\t<\/picture>\n\t\t<\/a>\n\t<\/p>\n\n\n\n\n\n<p>A gest\u00e3o da estatal ainda acrescentou que a nova ger\u00eancia tamb\u00e9m atuar\u00e1 no <strong>monitoramento <\/strong>cont\u00ednuo de indicadores, processos, controles, projetos e iniciativas relacionados a governan\u00e7a e conformidade, visando o aprimoramento cont\u00ednuo do Sistema de Integridade da Petrobras e o alcance dos objetivos previstos no Plano Estrat\u00e9gico da companhia. <\/p>\n\n\n\n<p>&#8220;Outra novidade na diretoria ser\u00e1 a cria\u00e7\u00e3o de uma \u00e1rea para tratar especificamente de den\u00fancia relacionadas a epis\u00f3dios de viol\u00eancia no trabalho. A ger\u00eancia, que ser\u00e1 inicialmente liderada por uma mulher, atuar\u00e1, por exemplo, em den\u00fancias de casos de ass\u00e9dio moral, sexual e casos de discrimina\u00e7\u00e3o&#8221;, completa a Petrobras.<\/p>\n\n\n\n<h2 class=\"wp-block-heading\">Petrobras perde R$ 6,5 bilh\u00f5es no Carf e avalia medidas<\/h2>\n\n\n\n<p>A C\u00e2mara Superior do Carf (Conselho Administrativo de Recursos Fiscais) decidiu que a companhia deve pagar uma cifra de R$ 6,5 bilh\u00f5es em tributa\u00e7\u00e3o de empresas controladas e coligadas no exterior. <\/p>\n\n\n\n<p>O <strong>julgamento da Petrobras<\/strong> estava empatado e foi resolvido por voto de qualidade &#8211; que voltou a existir ap\u00f3s ser sancionado em 21 de setembro pelo presidente em exerc\u00edcio \u00e0 \u00e9poca, Geraldo Alckmin (PSB).<\/p>\n\n\n\n<p>A estatal disse ao Poder360 que &#8216;avalia medidas&#8217; sobre a decis\u00e3o do <strong>Carf<\/strong>.<\/p>\n\n\n\n<p>Caso a <strong>Petrobras <\/strong>tome a decis\u00e3o de recorrer nos tribunais, o dinheiro n\u00e3o ser\u00e1 imediatamente remetido aos cofres p\u00fablicos &#8211; o que frustra os planos do <a href=\"https:\/\/www.suno.com.br\/noticias\/pib-ministerio-fazenda-melhora-projecao\/\" target=\"_blank\" rel=\"noreferrer noopener\">Minist\u00e9rio da Fazenda<\/a>, que est\u00e1 em uma encruzilhada para diminuir o d\u00e9ficit fiscal deste e do pr\u00f3ximo ano.<\/p>\n\n\n\n\n\t<p>\n\t\t<a href=\"https:\/\/lp.suno.com.br\/plataforma-de-controle-de-investimentos\/\" target=\"_blank\" data-element=\"shortcode-suno-banner\" title=\"Banner SUNO, clique e saiba mais\">\n\t\t\t<picture>\n\t\t\t\t<source media=\"(max-width: 500px)\" srcset=\"https:\/\/files.sunoresearch.com.br\/n\/uploads\/2023\/03\/400x300-Controle-de-Investimentos.png\">\n\t\t\t\t<img class=\"newsContent__article__imgCapa newsContent__article__imgCapa--banner\"\n\t\t\t\t\tsrc=\"https:\/\/files.sunoresearch.com.br\/n\/uploads\/2023\/03\/1420x240-Controle-de-Investimentos.png\"\n\t\t\t\t\tdata-promo-id=\"383162\"\t\t\t\t\t\t\t\t\t\twidth='1420' height='240'\t\t\t\t\talt=\"https:\/\/files.sunoresearch.com.br\/n\/uploads\/2023\/03\/1420x240-Controle-de-Investimentos.png\"\n\t\t\t\t>\n\t\t\t<\/picture>\n\t\t<\/a>\n\t<\/p>\n\n\n","protected":false},"excerpt":{"rendered":"<p>A Petrobras (PETR4) aprovou uma reestrutura\u00e7\u00e3o na sua Diretoria de Governan\u00e7a e Conformidade, conforme comunicado pela companhia nesta sexta-feira (6). Com isso, a estatal destacou que ter\u00e1 &#8216;sua estrutura robustecida a partir do pr\u00f3ximo dia 6\/11&#8217;. O novo desenho estrutural da Petrobras cria a ger\u00eancia executiva de Responsabiliza\u00e7\u00e3o Disciplinar e a ger\u00eancia geral de Informa\u00e7\u00f5es [&hellip;]<\/p>\n","protected":false},"author":73,"featured_media":385139,"comment_status":"closed","ping_status":"closed","sticky":false,"template":"","format":"standard","meta":[],"categories":[64],"tags":[],"suno_strategy":[],"class_list":["post-467701","post","type-post","status-publish","format-standard","has-post-thumbnail","hentry","category-negocios"],"yoast_head":"<!-- This site is optimized with the Yoast SEO plugin v24.4 - https:\/\/yoast.com\/wordpress\/plugins\/seo\/ -->\n<title>Petrobras (PETR4) cria nova \u00e1rea para apurar casos de viol\u00eancia no trabalho<\/title>\n<meta name=\"description\" content=\"O novo desenho estrutural da Petrobras cria a ger\u00eancia executiva de Responsabiliza\u00e7\u00e3o Disciplinar e uma nova ger\u00eancia geral\" \/>\n<meta name=\"robots\" content=\"index, follow, max-snippet:-1, max-image-preview:large, max-video-preview:-1\" \/>\n<link rel=\"canonical\" href=\"https:\/\/www.suno.com.br\/noticias\/petrobras-petr4-cria-nova-area-gestao-governanca-evm\/\" \/>\n<meta property=\"og:locale\" content=\"pt_BR\" \/>\n<meta property=\"og:type\" content=\"article\" \/>\n<meta property=\"og:title\" content=\"Petrobras (PETR4) cria nova \u00e1rea para apurar casos de viol\u00eancia no trabalho\" \/>\n<meta property=\"og:description\" content=\"O novo desenho estrutural da Petrobras cria a ger\u00eancia executiva de Responsabiliza\u00e7\u00e3o Disciplinar e uma nova ger\u00eancia geral\" \/>\n<meta property=\"og:url\" content=\"https:\/\/www.suno.com.br\/noticias\/petrobras-petr4-cria-nova-area-gestao-governanca-evm\/\" \/>\n<meta property=\"og:site_name\" content=\"Suno Not\u00edcias\" \/>\n<meta property=\"article:publisher\" content=\"https:\/\/facebook.com\/sunoresearch\" \/>\n<meta property=\"og:image\" content=\"https:\/\/files.sunoresearch.com.br\/n\/uploads\/2023\/04\/edificio-sede-da-Petrobras-Edise-4.jpg\" \/>\n\t<meta property=\"og:image:width\" content=\"1200\" \/>\n\t<meta property=\"og:image:height\" content=\"800\" \/>\n\t<meta property=\"og:image:type\" content=\"image\/jpeg\" \/>\n<meta name=\"author\" content=\"Eduardo Vargas\" \/>\n<meta name=\"twitter:card\" content=\"summary_large_image\" \/>\n<meta name=\"twitter:creator\" content=\"@sunoresearch\" \/>\n<meta name=\"twitter:site\" content=\"@sunoresearch\" \/>\n<meta name=\"twitter:label1\" content=\"Escrito por\" \/>\n\t<meta name=\"twitter:data1\" content=\"Eduardo Vargas\" \/>\n\t<meta name=\"twitter:label2\" content=\"Est. tempo de leitura\" \/>\n\t<meta name=\"twitter:data2\" content=\"3 minutos\" \/>\n<script type=\"application\/ld+json\" class=\"yoast-schema-graph\">{\"@context\":\"https:\/\/schema.org\",\"@graph\":[{\"@type\":\"NewsArticle\",\"@id\":\"https:\/\/www.suno.com.br\/noticias\/petrobras-petr4-cria-nova-area-gestao-governanca-evm\/#article\",\"isPartOf\":{\"@id\":\"https:\/\/www.suno.com.br\/noticias\/petrobras-petr4-cria-nova-area-gestao-governanca-evm\/\"},\"author\":{\"name\":\"Eduardo Vargas\",\"@id\":\"https:\/\/www.suno.com.br\/noticias\/#\/schema\/person\/7f4d362bf3518e76090143ae77bb49a5\"},\"headline\":\"Petrobras (PETR4) cria nova \u00e1rea para apurar casos de viol\u00eancia no trabalho\",\"datePublished\":\"2023-10-07T13:40:50+00:00\",\"dateModified\":\"2023-10-07T13:40:55+00:00\",\"mainEntityOfPage\":{\"@id\":\"https:\/\/www.suno.com.br\/noticias\/petrobras-petr4-cria-nova-area-gestao-governanca-evm\/\"},\"wordCount\":488,\"publisher\":{\"@id\":\"https:\/\/www.suno.com.br\/noticias\/#organization\"},\"image\":{\"@id\":\"https:\/\/www.suno.com.br\/noticias\/petrobras-petr4-cria-nova-area-gestao-governanca-evm\/#primaryimage\"},\"thumbnailUrl\":\"https:\/\/files.sunoresearch.com.br\/n\/uploads\/2023\/04\/edificio-sede-da-Petrobras-Edise-4.jpg\",\"articleSection\":[\"Neg\u00f3cios\"],\"inLanguage\":\"pt-BR\"},{\"@type\":\"WebPage\",\"@id\":\"https:\/\/www.suno.com.br\/noticias\/petrobras-petr4-cria-nova-area-gestao-governanca-evm\/\",\"url\":\"https:\/\/www.suno.com.br\/noticias\/petrobras-petr4-cria-nova-area-gestao-governanca-evm\/\",\"name\":\"Petrobras (PETR4) cria nova \u00e1rea para apurar casos de viol\u00eancia no trabalho\",\"isPartOf\":{\"@id\":\"https:\/\/www.suno.com.br\/noticias\/#website\"},\"primaryImageOfPage\":{\"@id\":\"https:\/\/www.suno.com.br\/noticias\/petrobras-petr4-cria-nova-area-gestao-governanca-evm\/#primaryimage\"},\"image\":{\"@id\":\"https:\/\/www.suno.com.br\/noticias\/petrobras-petr4-cria-nova-area-gestao-governanca-evm\/#primaryimage\"},\"thumbnailUrl\":\"https:\/\/files.sunoresearch.com.br\/n\/uploads\/2023\/04\/edificio-sede-da-Petrobras-Edise-4.jpg\",\"datePublished\":\"2023-10-07T13:40:50+00:00\",\"dateModified\":\"2023-10-07T13:40:55+00:00\",\"description\":\"O novo desenho estrutural da Petrobras cria a ger\u00eancia executiva de Responsabiliza\u00e7\u00e3o Disciplinar e uma nova ger\u00eancia geral\",\"breadcrumb\":{\"@id\":\"https:\/\/www.suno.com.br\/noticias\/petrobras-petr4-cria-nova-area-gestao-governanca-evm\/#breadcrumb\"},\"inLanguage\":\"pt-BR\",\"potentialAction\":[{\"@type\":\"ReadAction\",\"target\":[\"https:\/\/www.suno.com.br\/noticias\/petrobras-petr4-cria-nova-area-gestao-governanca-evm\/\"]}]},{\"@type\":\"ImageObject\",\"inLanguage\":\"pt-BR\",\"@id\":\"https:\/\/www.suno.com.br\/noticias\/petrobras-petr4-cria-nova-area-gestao-governanca-evm\/#primaryimage\",\"url\":\"https:\/\/files.sunoresearch.com.br\/n\/uploads\/2023\/04\/edificio-sede-da-Petrobras-Edise-4.jpg\",\"contentUrl\":\"https:\/\/files.sunoresearch.com.br\/n\/uploads\/2023\/04\/edificio-sede-da-Petrobras-Edise-4.jpg\",\"width\":1200,\"height\":800,\"caption\":\"Petrobras (PETR4) e mais nove empresas integram carteira de dividendos do BB. Foto: Ag\u00eancia Petrobras\"},{\"@type\":\"BreadcrumbList\",\"@id\":\"https:\/\/www.suno.com.br\/noticias\/petrobras-petr4-cria-nova-area-gestao-governanca-evm\/#breadcrumb\",\"itemListElement\":[{\"@type\":\"ListItem\",\"position\":1,\"name\":\"Not\u00edcias\",\"item\":\"https:\/\/www.suno.com.br\/noticias\/\"},{\"@type\":\"ListItem\",\"position\":2,\"name\":\"Neg\u00f3cios\",\"item\":\"https:\/\/www.suno.com.br\/noticias\/negocios\/\"},{\"@type\":\"ListItem\",\"position\":3,\"name\":\"Petrobras (PETR4) cria nova \u00e1rea para apurar casos de viol\u00eancia no trabalho\"}]},{\"@type\":\"WebSite\",\"@id\":\"https:\/\/www.suno.com.br\/noticias\/#website\",\"url\":\"https:\/\/www.suno.com.br\/noticias\/\",\"name\":\"Suno Not\u00edcias\",\"description\":\"Seu portal de informa\u00e7\u00e3o sobre o mundo dos investimentos\",\"publisher\":{\"@id\":\"https:\/\/www.suno.com.br\/noticias\/#organization\"},\"potentialAction\":[{\"@type\":\"SearchAction\",\"target\":{\"@type\":\"EntryPoint\",\"urlTemplate\":\"https:\/\/www.suno.com.br\/noticias\/?s={search_term_string}\"},\"query-input\":{\"@type\":\"PropertyValueSpecification\",\"valueRequired\":true,\"valueName\":\"search_term_string\"}}],\"inLanguage\":\"pt-BR\"},{\"@type\":\"Organization\",\"@id\":\"https:\/\/www.suno.com.br\/noticias\/#organization\",\"name\":\"Suno Not\u00edcias\",\"url\":\"https:\/\/www.suno.com.br\/noticias\/\",\"logo\":{\"@type\":\"ImageObject\",\"inLanguage\":\"pt-BR\",\"@id\":\"https:\/\/www.suno.com.br\/noticias\/#\/schema\/logo\/image\/\",\"url\":\"https:\/\/files.sunoresearch.com.br\/n\/uploads\/2021\/09\/suno-logo.png\",\"contentUrl\":\"https:\/\/files.sunoresearch.com.br\/n\/uploads\/2021\/09\/suno-logo.png\",\"width\":180,\"height\":180,\"caption\":\"Suno Not\u00edcias\"},\"image\":{\"@id\":\"https:\/\/www.suno.com.br\/noticias\/#\/schema\/logo\/image\/\"},\"sameAs\":[\"https:\/\/facebook.com\/sunoresearch\",\"https:\/\/x.com\/sunoresearch\",\"https:\/\/www.instagram.com\/suno\",\"https:\/\/www.linkedin.com\/company\/suno-research\/\",\"https:\/\/www.youtube.com\/c\/sunoresearch\"]},{\"@type\":\"Person\",\"@id\":\"https:\/\/www.suno.com.br\/noticias\/#\/schema\/person\/7f4d362bf3518e76090143ae77bb49a5\",\"name\":\"Eduardo Vargas\",\"image\":{\"@type\":\"ImageObject\",\"inLanguage\":\"pt-BR\",\"@id\":\"https:\/\/www.suno.com.br\/noticias\/#\/schema\/person\/image\/\",\"url\":\"https:\/\/secure.gravatar.com\/avatar\/dac340933427a22924c9f99d1eb2e3f2?s=96&r=g\",\"contentUrl\":\"https:\/\/secure.gravatar.com\/avatar\/dac340933427a22924c9f99d1eb2e3f2?s=96&r=g\",\"caption\":\"Eduardo Vargas\"},\"description\":\"Jornalista formado pela UFSC, cobre macroeconomia, neg\u00f3cios e startups para o Suno Not\u00edcias, escrevendo principalmente not\u00edcias sobre o mercado financeiro e a bolsa de valores. No YouTube e no Instagram, \u00e9 respons\u00e1vel pela produ\u00e7\u00e3o de Reels e Shorts do Suno Not\u00edcias. Anteriormente, trabalhou cobrindo economia e cotidiano no ND+ e para o ND, maior jornal impresso de Santa Catarina. Cursou um semestre letivo de Estudos de M\u00eddia na Universidad de Buenos Aires.\",\"url\":\"https:\/\/www.suno.com.br\/noticias\/author\/eduardo-vargas\/\"}]}<\/script>\n<!-- \/ Yoast SEO plugin. -->","yoast_head_json":{"title":"Petrobras (PETR4) cria nova \u00e1rea para apurar casos de viol\u00eancia no trabalho","description":"O novo desenho estrutural da Petrobras cria a ger\u00eancia executiva de Responsabiliza\u00e7\u00e3o Disciplinar e uma nova ger\u00eancia geral","robots":{"index":"index","follow":"follow","max-snippet":"max-snippet:-1","max-image-preview":"max-image-preview:large","max-video-preview":"max-video-preview:-1"},"canonical":"https:\/\/www.suno.com.br\/noticias\/petrobras-petr4-cria-nova-area-gestao-governanca-evm\/","og_locale":"pt_BR","og_type":"article","og_title":"Petrobras (PETR4) cria nova \u00e1rea para apurar casos de viol\u00eancia no trabalho","og_description":"O novo desenho estrutural da Petrobras cria a ger\u00eancia executiva de Responsabiliza\u00e7\u00e3o Disciplinar e uma nova ger\u00eancia geral","og_url":"https:\/\/www.suno.com.br\/noticias\/petrobras-petr4-cria-nova-area-gestao-governanca-evm\/","og_site_name":"Suno Not\u00edcias","article_publisher":"https:\/\/facebook.com\/sunoresearch","og_image":[{"width":1200,"height":800,"url":"https:\/\/files.sunoresearch.com.br\/n\/uploads\/2023\/04\/edificio-sede-da-Petrobras-Edise-4.jpg","type":"image\/jpeg"}],"author":"Eduardo Vargas","twitter_card":"summary_large_image","twitter_creator":"@sunoresearch","twitter_site":"@sunoresearch","twitter_misc":{"Escrito por":"Eduardo Vargas","Est. tempo de leitura":"3 minutos"},"schema":{"@context":"https:\/\/schema.org","@graph":[{"@type":"NewsArticle","@id":"https:\/\/www.suno.com.br\/noticias\/petrobras-petr4-cria-nova-area-gestao-governanca-evm\/#article","isPartOf":{"@id":"https:\/\/www.suno.com.br\/noticias\/petrobras-petr4-cria-nova-area-gestao-governanca-evm\/"},"author":{"name":"Eduardo Vargas","@id":"https:\/\/www.suno.com.br\/noticias\/#\/schema\/person\/7f4d362bf3518e76090143ae77bb49a5"},"headline":"Petrobras (PETR4) cria nova \u00e1rea para apurar casos de viol\u00eancia no trabalho","datePublished":"2023-10-07T13:40:50+00:00","dateModified":"2023-10-07T13:40:55+00:00","mainEntityOfPage":{"@id":"https:\/\/www.suno.com.br\/noticias\/petrobras-petr4-cria-nova-area-gestao-governanca-evm\/"},"wordCount":488,"publisher":{"@id":"https:\/\/www.suno.com.br\/noticias\/#organization"},"image":{"@id":"https:\/\/www.suno.com.br\/noticias\/petrobras-petr4-cria-nova-area-gestao-governanca-evm\/#primaryimage"},"thumbnailUrl":"https:\/\/files.sunoresearch.com.br\/n\/uploads\/2023\/04\/edificio-sede-da-Petrobras-Edise-4.jpg","articleSection":["Neg\u00f3cios"],"inLanguage":"pt-BR"},{"@type":"WebPage","@id":"https:\/\/www.suno.com.br\/noticias\/petrobras-petr4-cria-nova-area-gestao-governanca-evm\/","url":"https:\/\/www.suno.com.br\/noticias\/petrobras-petr4-cria-nova-area-gestao-governanca-evm\/","name":"Petrobras (PETR4) cria nova \u00e1rea para apurar casos de viol\u00eancia no trabalho","isPartOf":{"@id":"https:\/\/www.suno.com.br\/noticias\/#website"},"primaryImageOfPage":{"@id":"https:\/\/www.suno.com.br\/noticias\/petrobras-petr4-cria-nova-area-gestao-governanca-evm\/#primaryimage"},"image":{"@id":"https:\/\/www.suno.com.br\/noticias\/petrobras-petr4-cria-nova-area-gestao-governanca-evm\/#primaryimage"},"thumbnailUrl":"https:\/\/files.sunoresearch.com.br\/n\/uploads\/2023\/04\/edificio-sede-da-Petrobras-Edise-4.jpg","datePublished":"2023-10-07T13:40:50+00:00","dateModified":"2023-10-07T13:40:55+00:00","description":"O novo desenho estrutural da Petrobras cria a ger\u00eancia executiva de Responsabiliza\u00e7\u00e3o Disciplinar e uma nova ger\u00eancia geral","breadcrumb":{"@id":"https:\/\/www.suno.com.br\/noticias\/petrobras-petr4-cria-nova-area-gestao-governanca-evm\/#breadcrumb"},"inLanguage":"pt-BR","potentialAction":[{"@type":"ReadAction","target":["https:\/\/www.suno.com.br\/noticias\/petrobras-petr4-cria-nova-area-gestao-governanca-evm\/"]}]},{"@type":"ImageObject","inLanguage":"pt-BR","@id":"https:\/\/www.suno.com.br\/noticias\/petrobras-petr4-cria-nova-area-gestao-governanca-evm\/#primaryimage","url":"https:\/\/files.sunoresearch.com.br\/n\/uploads\/2023\/04\/edificio-sede-da-Petrobras-Edise-4.jpg","contentUrl":"https:\/\/files.sunoresearch.com.br\/n\/uploads\/2023\/04\/edificio-sede-da-Petrobras-Edise-4.jpg","width":1200,"height":800,"caption":"Petrobras (PETR4) e mais nove empresas integram carteira de dividendos do BB. Foto: Ag\u00eancia Petrobras"},{"@type":"BreadcrumbList","@id":"https:\/\/www.suno.com.br\/noticias\/petrobras-petr4-cria-nova-area-gestao-governanca-evm\/#breadcrumb","itemListElement":[{"@type":"ListItem","position":1,"name":"Not\u00edcias","item":"https:\/\/www.suno.com.br\/noticias\/"},{"@type":"ListItem","position":2,"name":"Neg\u00f3cios","item":"https:\/\/www.suno.com.br\/noticias\/negocios\/"},{"@type":"ListItem","position":3,"name":"Petrobras (PETR4) cria nova \u00e1rea para apurar casos de viol\u00eancia no trabalho"}]},{"@type":"WebSite","@id":"https:\/\/www.suno.com.br\/noticias\/#website","url":"https:\/\/www.suno.com.br\/noticias\/","name":"Suno Not\u00edcias","description":"Seu portal de informa\u00e7\u00e3o sobre o mundo dos investimentos","publisher":{"@id":"https:\/\/www.suno.com.br\/noticias\/#organization"},"potentialAction":[{"@type":"SearchAction","target":{"@type":"EntryPoint","urlTemplate":"https:\/\/www.suno.com.br\/noticias\/?s={search_term_string}"},"query-input":{"@type":"PropertyValueSpecification","valueRequired":true,"valueName":"search_term_string"}}],"inLanguage":"pt-BR"},{"@type":"Organization","@id":"https:\/\/www.suno.com.br\/noticias\/#organization","name":"Suno Not\u00edcias","url":"https:\/\/www.suno.com.br\/noticias\/","logo":{"@type":"ImageObject","inLanguage":"pt-BR","@id":"https:\/\/www.suno.com.br\/noticias\/#\/schema\/logo\/image\/","url":"https:\/\/files.sunoresearch.com.br\/n\/uploads\/2021\/09\/suno-logo.png","contentUrl":"https:\/\/files.sunoresearch.com.br\/n\/uploads\/2021\/09\/suno-logo.png","width":180,"height":180,"caption":"Suno Not\u00edcias"},"image":{"@id":"https:\/\/www.suno.com.br\/noticias\/#\/schema\/logo\/image\/"},"sameAs":["https:\/\/facebook.com\/sunoresearch","https:\/\/x.com\/sunoresearch","https:\/\/www.instagram.com\/suno","https:\/\/www.linkedin.com\/company\/suno-research\/","https:\/\/www.youtube.com\/c\/sunoresearch"]},{"@type":"Person","@id":"https:\/\/www.suno.com.br\/noticias\/#\/schema\/person\/7f4d362bf3518e76090143ae77bb49a5","name":"Eduardo Vargas","image":{"@type":"ImageObject","inLanguage":"pt-BR","@id":"https:\/\/www.suno.com.br\/noticias\/#\/schema\/person\/image\/","url":"https:\/\/secure.gravatar.com\/avatar\/dac340933427a22924c9f99d1eb2e3f2?s=96&r=g","contentUrl":"https:\/\/secure.gravatar.com\/avatar\/dac340933427a22924c9f99d1eb2e3f2?s=96&r=g","caption":"Eduardo Vargas"},"description":"Jornalista formado pela UFSC, cobre macroeconomia, neg\u00f3cios e startups para o Suno Not\u00edcias, escrevendo principalmente not\u00edcias sobre o mercado financeiro e a bolsa de valores. No YouTube e no Instagram, \u00e9 respons\u00e1vel pela produ\u00e7\u00e3o de Reels e Shorts do Suno Not\u00edcias. Anteriormente, trabalhou cobrindo economia e cotidiano no ND+ e para o ND, maior jornal impresso de Santa Catarina. Cursou um semestre letivo de Estudos de M\u00eddia na Universidad de Buenos Aires.","url":"https:\/\/www.suno.com.br\/noticias\/author\/eduardo-vargas\/"}]}},"default_loop_html":"<div class=\"cardsPage__listCard__boxs\"><div class=\"cardsPage__listCard__boxs__img\"><a href=\"https:\/\/www.suno.com.br\/noticias\/petrobras-petr4-cria-nova-area-gestao-governanca-evm\/\"><img class=\"mask\" src=\"https:\/\/www.suno.com.br\/noticias\/wp-content\/themes\/suno\/resources\/images\/spotlight\/spotlight1img\/bg-mask.png\" alt=\"Image Mask\"\/><img src=\"https:\/\/files.sunoresearch.com.br\/n\/uploads\/2023\/04\/edificio-sede-da-Petrobras-Edise-4-400x200.jpg\" alt=\"Petrobras (PETR4) cria nova \u00e1rea para apurar casos de viol\u00eancia no trabalho\"\/><\/a><span class=\"spotlightCategory\"><a href=\"https:\/\/www.suno.com.br\/noticias\/negocios\/\">Neg\u00f3cios<\/a><\/span><\/div><div class=\"cardsPage__listCard__boxs__content\"><a href=\"https:\/\/www.suno.com.br\/noticias\/petrobras-petr4-cria-nova-area-gestao-governanca-evm\/\"><h2 class=\"content__title\">Petrobras (PETR4) cria nova \u00e1rea para apurar casos de viol\u00eancia no trabalho<\/h2><\/a><div class=\"newsContent__article__meta\"><div class=\"newsContent__article__meta__authorBox\"><a href=\"https:\/\/www.suno.com.br\/noticias\/author\/eduardo-vargas\/\" class=\"authorBox__avatar noMobi\"><img src=\"https:\/\/secure.gravatar.com\/avatar\/dac340933427a22924c9f99d1eb2e3f2?s=96&#038;r=g\" alt=\"Eduardo Vargas\"><\/a><div class=\"authorBox__name\"><span>por\n\t\t\t<a href=\"https:\/\/www.suno.com.br\/noticias\/author\/eduardo-vargas\/\"><span itemprop=\"author\">Eduardo Vargas<\/span><\/a><\/span><time datetime=\"2023-10-07T10:40:50-03:00\" itemprop=\"datePublished\">07\/10\/2023 10:40<\/time><\/div><\/div><\/div><\/div><\/div>","single_layout":"posts","amp_enabled":true,"_links":{"self":[{"href":"https:\/\/www.suno.com.br\/noticias\/wp-json\/wp\/v2\/posts\/467701"}],"collection":[{"href":"https:\/\/www.suno.com.br\/noticias\/wp-json\/wp\/v2\/posts"}],"about":[{"href":"https:\/\/www.suno.com.br\/noticias\/wp-json\/wp\/v2\/types\/post"}],"author":[{"embeddable":true,"href":"https:\/\/www.suno.com.br\/noticias\/wp-json\/wp\/v2\/users\/73"}],"replies":[{"embeddable":true,"href":"https:\/\/www.suno.com.br\/noticias\/wp-json\/wp\/v2\/comments?post=467701"}],"version-history":[{"count":3,"href":"https:\/\/www.suno.com.br\/noticias\/wp-json\/wp\/v2\/posts\/467701\/revisions"}],"predecessor-version":[{"id":467707,"href":"https:\/\/www.suno.com.br\/noticias\/wp-json\/wp\/v2\/posts\/467701\/revisions\/467707"}],"wp:featuredmedia":[{"embeddable":true,"href":"https:\/\/www.suno.com.br\/noticias\/wp-json\/wp\/v2\/media\/385139"}],"wp:attachment":[{"href":"https:\/\/www.suno.com.br\/noticias\/wp-json\/wp\/v2\/media?parent=467701"}],"wp:term":[{"taxonomy":"category","embeddable":true,"href":"https:\/\/www.suno.com.br\/noticias\/wp-json\/wp\/v2\/categories?post=467701"},{"taxonomy":"post_tag","embeddable":true,"href":"https:\/\/www.suno.com.br\/noticias\/wp-json\/wp\/v2\/tags?post=467701"},{"taxonomy":"suno_strategy","embeddable":true,"href":"https:\/\/www.suno.com.br\/noticias\/wp-json\/wp\/v2\/suno_strategy?post=467701"}],"curies":[{"name":"wp","href":"https:\/\/api.w.org\/{rel}","templated":true}]}}