{"id":467578,"date":"2023-10-06T20:33:58","date_gmt":"2023-10-06T23:33:58","guid":{"rendered":"https:\/\/www.suno.com.br\/noticias\/?p=467578"},"modified":"2023-10-06T20:45:33","modified_gmt":"2023-10-06T23:45:33","slug":"petrobras-petr4-carf-perde-medidas-evm","status":"publish","type":"post","link":"https:\/\/www.suno.com.br\/noticias\/petrobras-petr4-carf-perde-medidas-evm\/","title":{"rendered":"Petrobras (PETR4) perde R$ 6,5 bilh\u00f5es no Carf e avalia medidas"},"content":{"rendered":"<p>A C\u00e2mara Superior do Carf (Conselho Administrativo de Recursos Fiscais) decidiu que a <a class=\"suno-keyword\" data-force=\"yes\" data-priority=\"2\" href=\"https:\/\/www.suno.com.br\/acoes\/PETR4\/\" target=\"_blank\" rel=\"noopener\"><strong>Petrobras <\/strong>(PETR4)<\/a> deve pagar uma cifra de R$ 6,5 bilh\u00f5es em tributa\u00e7\u00e3o de empresas controladas e coligadas no exterior. <\/p><div class=\"videoFull \">\n\t\t\t<div class=\"videoWrapper yt-lazyload center\"\n\t\t\t\tdata-width=\"960\"\n\t\t\t\tdata-height=\"540\"\n\t\t\t\tdata-id=\"r_d8cWuvOng\"\n\t\t\t\tdata-alt=\"V\u00eddeo do YouTube - clique para reproduzir\"\n\t\t\t\tdata-logo=\"3\"\n\t\t\t\tdata-imagequality=\"maxres\">\n\t\t\t<\/div>\n\t\t<\/div><script type=\"application\/ld+json\">{\"@context\":\"https:\/\/schema.org\",\"@type\":\"VideoObject\",\"name\":\"IBOVESPA SOBE AOS 114 MIL PONTOS | CASAS BAHIA (BHIA3) DISPARA | BB (BBAS3) PUXA BANCOS\",\"description\":\"#mercadofinanceiro #investimentos #bolsadevalores #ibovespa #dinheiro #finan\u00e7as #d\u00f3lar #livedas19h #petr4 #petrobras #vale3 #vale #a\u00e7\u00f5es #economia #oi #oibr3 #sanb11 #santander #bancodobrasil #bbas3 #casasbahia #bhia3 O Ibovespa encerrou a sess\u00e3o de hoje (06) com alta de 0,78%, aos 114.169,63 pontos, ap\u00f3s oscilar entre m\u00ednima de 111.598,57 e m\u00e1xima de 114.491,00. O volume financeiro do dia foi de R$\u2026\",\"duration\":\"PT27M8S\",\"embedUrl\":\"https:\/\/www.youtube.com\/embed\/r_d8cWuvOng\",\"regionsAllowed\":\"pt-BR\",\"interactionStatistic\":{\"@type\":\"InteractionCounter\",\"interactionType\":{\"@type\":\"WatchAction\"},\"userInteractionCount\":1484},\"thumbnailUrl\":\"https:\/\/i.ytimg.com\/vi\/r_d8cWuvOng\/default.jpg\",\"uploadDate\":\"2023-10-07T10:30:49Z\"}<\/script>\n\n\n\n\n\t<p>\n\t\t<a href=\"\" target=\"_blank\" data-element=\"shortcode-suno-banner\" title=\"Banner SUNO, clique e saiba mais\">\n\t\t\t<picture>\n\t\t\t\t<source media=\"(max-width: 500px)\" srcset=\"\">\n\t\t\t\t<img class=\"newsContent__article__imgCapa newsContent__article__imgCapa--banner\"\n\t\t\t\t\tsrc=\"\"\n\t\t\t\t\tdata-promo-id=\"254218\"\t\t\t\t\t\t\t\t\t\t\t\t\t\t\talt=\"\"\n\t\t\t\t>\n\t\t\t<\/picture>\n\t\t<\/a>\n\t<\/p>\n\n\n\n\n\n\n\n<p>O <strong>julgamento da Petrobras<\/strong> estava empatado e foi resolvido por voto de qualidade &#8211; que voltou a existir ap\u00f3s ser sancionado em 21 de setembro pelo presidente em exerc\u00edcio \u00e0 \u00e9poca, Geraldo Alckmin (PSB).<\/p>\n\n\n\n<p>A estatal disse ao Poder360 que &#8216;avalia medidas&#8217; sobre a decis\u00e3o do <strong>Carf<\/strong>.<\/p>\n\n\n\n<p>Caso a estatal tome a decis\u00e3o de recorrer nos tribunais, o dinheiro n\u00e3o ser\u00e1 imediatamente remetido aos cofres p\u00fablicos &#8211; o que frustra os planos do <strong><a href=\"https:\/\/www.suno.com.br\/noticias\/pib-ministerio-fazenda-melhora-projecao\/\" target=\"_blank\" rel=\"noreferrer noopener\">Minist\u00e9rio da Fazenda<\/a><\/strong>, que est\u00e1 em uma encruzilhada para diminuir o d\u00e9ficit fiscal deste e do pr\u00f3ximo ano.<\/p>\n\n\n\n<p>As expectativas da pasta s\u00e3o de arrecadar montante de R$ 54 bilh\u00f5es ainda em 2023 com julgamentos do Carf .<\/p>\n\n\n\n<p>A partir de 2024, senadores vinculados ao governo ventilam a possibilidade de o Carf render R$ 60 bilh\u00f5es aos cofres p\u00fablicos todos os anos.<\/p>\n\n\n\t<p>\n\t\t<a href=\"https:\/\/lp.suno.com.br\/ebook-como-analisar-uma-acao\/\" target=\"_blank\" data-element=\"shortcode-suno-banner\" title=\"Banner SUNO, clique e saiba mais\">\n\t\t\t<picture>\n\t\t\t\t<source media=\"(max-width: 500px)\" srcset=\"https:\/\/files.sunoresearch.com.br\/n\/uploads\/2023\/03\/Ebook-Acoes-Mobile.jpg\">\n\t\t\t\t<img class=\"newsContent__article__imgCapa newsContent__article__imgCapa--banner\"\n\t\t\t\t\tsrc=\"https:\/\/files.sunoresearch.com.br\/n\/uploads\/2023\/03\/Ebook-Acoes-Desktop.jpg\"\n\t\t\t\t\tdata-promo-id=\"378302\"\t\t\t\t\t\t\t\t\t\twidth='1420' height='286'\t\t\t\t\talt=\"https:\/\/files.sunoresearch.com.br\/n\/uploads\/2023\/03\/Ebook-Acoes-Desktop.jpg\"\n\t\t\t\t>\n\t\t\t<\/picture>\n\t\t<\/a>\n\t<\/p>\n\n\n\n\n\n<h2 class=\"wp-block-heading\">Quais s\u00e3o os fundos que mais investem na Petrobras (PETR4)?<\/h2>\n\n\n\n<p>Empresa com segundo maior peso no Ibovespa, a Petrobras n\u00e3o est\u00e1 apenas no radar dos pequenos e grandes investidores. Faz parte tamb\u00e9m do portf\u00f3lio de diversos <a class=\"suno-keyword\" data-force=\"no\" data-priority=\"2\" href=\"https:\/\/www.suno.com.br\/artigos\/fundos-de-investimento-exterior\/\" target=\"_blank\" rel=\"noopener\">fundos de investimento<\/a>. Gestoras como Opportunity, Funcef, Alaska e BB Asset Management s\u00e3o algumas das que aplicam altos montantes de seus cotistas nos pap\u00e9is da petroleira. Mas ser\u00e1 que esses fundos exercem alguma influ\u00eancia na companhia? Qual \u00e9 a estrat\u00e9gia deles para investirem na estatal?<\/p>\n\n\n\n<p>Segundo dados da <strong>Economatica<\/strong>, os cinco fundos com maior participa\u00e7\u00e3o na <a class=\"suno-keyword\" data-force=\"yes\" data-priority=\"2\" href=\"https:\/\/www.suno.com.br\/acoes\/PETR4\/\" target=\"_blank\" rel=\"noopener\">Petrobras (PETR4)<\/a> det\u00eam, juntos, cerca de R$ 1,33 bilh\u00e3o em a\u00e7\u00f5es da companhia. S\u00f3 o Opportunity Capital FIA, l\u00edder dessa lista, tem cerca de R$ 515 milh\u00f5es em pap\u00e9is da petroleira na sua carteira. Apesar do alto montante, gestores n\u00e3o creem que esses fundos consigam exercer influ\u00eancia nas tomadas de decis\u00e3o da empresa.<\/p>\n\n\n\n<p>\u201cDesconhe\u00e7o uma atua\u00e7\u00e3o de cada um desses <strong>fundos de investimento<\/strong> isoladamente como grandes <strong>players na Petrobras<\/strong>. Talvez eles se juntem para formar um bloco afim de indicar conselheiros, coisas desse tipo\u201d, afirma Vitor Duarte, CIO da Suno Asset. <\/p>\n\n\n\n<p>\u201cO fundo precisaria ter uma representatividade muito grande de a\u00e7\u00f5es para influenciar em uma empresa t\u00e3o grande. Empresas desse porte complicam, ent\u00e3o acredito que nenhum desses fundos possua lugar no conselho. Isso \u00e9 mais comum de acontecer em empresas menores, com menos a\u00e7\u00f5es em circula\u00e7\u00e3o\u201d, completa Mayara Ranni Sekertzis, head de fundos e previd\u00eancia da Manchester Investimentos.<\/p>\n\n\n\n<p>Naturalmente, cada um desses fundos da <strong>Petrobras <\/strong>t\u00eam vis\u00f5es e estrat\u00e9gias diferentes. O Opportunity Capital FIA, l\u00edder da lista, por exemplo, tem em sua carteiras outras a\u00e7\u00f5es como <a class=\"suno-keyword\" data-force=\"yes\" data-priority=\"2\" href=\"https:\/\/www.suno.com.br\/acoes\/BBDC4\/\" target=\"_blank\" rel=\"noopener\">Bradesco (BBDC4)<\/a>, <a class=\"suno-keyword\" data-force=\"yes\" data-priority=\"2\" href=\"https:\/\/www.suno.com.br\/acoes\/VALE3\/\" target=\"_blank\" rel=\"noopener\">Vale (VALE3)<\/a>, <a class=\"suno-keyword\" data-force=\"yes\" data-priority=\"2\" href=\"https:\/\/www.suno.com.br\/acoes\/VIVA3\/\" target=\"_blank\" rel=\"noopener\">Vivara (VIVA3)<\/a> e SmartFit (SMFT). J\u00e1 o BB A\u00e7\u00f5es Petrobras FI, que aparece na quarta coloca\u00e7\u00e3o, possui apenas a\u00e7\u00f5es da petroleira no portf\u00f3lio.<\/p>\n\n\n\t<p>\n\t\t<a href=\"https:\/\/lp.suno.com.br\/plataforma-de-controle-de-investimentos\/\" target=\"_blank\" data-element=\"shortcode-suno-banner\" title=\"Banner SUNO, clique e saiba mais\">\n\t\t\t<picture>\n\t\t\t\t<source media=\"(max-width: 500px)\" srcset=\"https:\/\/files.sunoresearch.com.br\/n\/uploads\/2023\/03\/400x300-Controle-de-Investimentos.png\">\n\t\t\t\t<img class=\"newsContent__article__imgCapa newsContent__article__imgCapa--banner\"\n\t\t\t\t\tsrc=\"https:\/\/files.sunoresearch.com.br\/n\/uploads\/2023\/03\/1420x240-Controle-de-Investimentos.png\"\n\t\t\t\t\tdata-promo-id=\"383162\"\t\t\t\t\t\t\t\t\t\twidth='1420' height='240'\t\t\t\t\talt=\"https:\/\/files.sunoresearch.com.br\/n\/uploads\/2023\/03\/1420x240-Controle-de-Investimentos.png\"\n\t\t\t\t>\n\t\t\t<\/picture>\n\t\t<\/a>\n\t<\/p>\n\n\n","protected":false},"excerpt":{"rendered":"<p>A C\u00e2mara Superior do Carf (Conselho Administrativo de Recursos Fiscais) decidiu que a Petrobras (PETR4) deve pagar uma cifra de R$ 6,5 bilh\u00f5es em tributa\u00e7\u00e3o de empresas controladas e coligadas no exterior. O julgamento da Petrobras estava empatado e foi resolvido por voto de qualidade &#8211; que voltou a existir ap\u00f3s ser sancionado em 21 [&hellip;]<\/p>\n","protected":false},"author":73,"featured_media":406706,"comment_status":"closed","ping_status":"closed","sticky":false,"template":"","format":"standard","meta":[],"categories":[64],"tags":[595],"suno_strategy":[],"class_list":["post-467578","post","type-post","status-publish","format-standard","has-post-thumbnail","hentry","category-negocios","tag-petrobras-petr4"],"yoast_head":"<!-- This site is optimized with the Yoast SEO plugin v24.4 - https:\/\/yoast.com\/wordpress\/plugins\/seo\/ -->\n<title>Petrobras (PETR4) perde R$ 6,5 bilh\u00f5es no Carf e avalia medidas<\/title>\n<meta name=\"description\" content=\"O julgamento da Petrobras no Carf estava empatado at\u00e9 ent\u00e3o, por\u00e9m foi desempatado pelo voto de qualidade, que voltou a existir em setembro\" \/>\n<meta name=\"robots\" content=\"index, follow, max-snippet:-1, max-image-preview:large, max-video-preview:-1\" \/>\n<link rel=\"canonical\" href=\"https:\/\/www.suno.com.br\/noticias\/petrobras-petr4-carf-perde-medidas-evm\/\" \/>\n<meta property=\"og:locale\" content=\"pt_BR\" \/>\n<meta property=\"og:type\" content=\"article\" \/>\n<meta property=\"og:title\" content=\"Petrobras (PETR4) perde R$ 6,5 bilh\u00f5es no Carf e avalia medidas\" \/>\n<meta property=\"og:description\" content=\"O julgamento da Petrobras no Carf estava empatado at\u00e9 ent\u00e3o, por\u00e9m foi desempatado pelo voto de qualidade, que voltou a existir em setembro\" \/>\n<meta property=\"og:url\" content=\"https:\/\/www.suno.com.br\/noticias\/petrobras-petr4-carf-perde-medidas-evm\/\" \/>\n<meta property=\"og:site_name\" content=\"Suno Not\u00edcias\" \/>\n<meta property=\"article:publisher\" content=\"https:\/\/facebook.com\/sunoresearch\" \/>\n<meta property=\"og:image\" content=\"https:\/\/files.sunoresearch.com.br\/n\/uploads\/2023\/05\/petrobras-petr4-brsr6-agenda-dividendos-maio-2023.jpg\" \/>\n\t<meta property=\"og:image:width\" content=\"1200\" \/>\n\t<meta property=\"og:image:height\" content=\"800\" \/>\n\t<meta property=\"og:image:type\" content=\"image\/jpeg\" \/>\n<meta name=\"author\" content=\"Eduardo Vargas\" \/>\n<meta name=\"twitter:card\" content=\"summary_large_image\" \/>\n<meta name=\"twitter:creator\" content=\"@sunoresearch\" \/>\n<meta name=\"twitter:site\" content=\"@sunoresearch\" \/>\n<meta name=\"twitter:label1\" content=\"Escrito por\" \/>\n\t<meta name=\"twitter:data1\" content=\"Eduardo Vargas\" \/>\n\t<meta name=\"twitter:label2\" content=\"Est. tempo de leitura\" \/>\n\t<meta name=\"twitter:data2\" content=\"3 minutos\" \/>\n<script type=\"application\/ld+json\" class=\"yoast-schema-graph\">{\"@context\":\"https:\/\/schema.org\",\"@graph\":[{\"@type\":\"NewsArticle\",\"@id\":\"https:\/\/www.suno.com.br\/noticias\/petrobras-petr4-carf-perde-medidas-evm\/#article\",\"isPartOf\":{\"@id\":\"https:\/\/www.suno.com.br\/noticias\/petrobras-petr4-carf-perde-medidas-evm\/\"},\"author\":{\"name\":\"Eduardo Vargas\",\"@id\":\"https:\/\/www.suno.com.br\/noticias\/#\/schema\/person\/7f4d362bf3518e76090143ae77bb49a5\"},\"headline\":\"Petrobras (PETR4) perde R$ 6,5 bilh\u00f5es no Carf e avalia medidas\",\"datePublished\":\"2023-10-06T23:33:58+00:00\",\"dateModified\":\"2023-10-06T23:45:33+00:00\",\"mainEntityOfPage\":{\"@id\":\"https:\/\/www.suno.com.br\/noticias\/petrobras-petr4-carf-perde-medidas-evm\/\"},\"wordCount\":521,\"publisher\":{\"@id\":\"https:\/\/www.suno.com.br\/noticias\/#organization\"},\"image\":{\"@id\":\"https:\/\/www.suno.com.br\/noticias\/petrobras-petr4-carf-perde-medidas-evm\/#primaryimage\"},\"thumbnailUrl\":\"https:\/\/files.sunoresearch.com.br\/n\/uploads\/2023\/05\/petrobras-petr4-brsr6-agenda-dividendos-maio-2023.jpg\",\"keywords\":[\"Petrobras (PETR4)\"],\"articleSection\":[\"Neg\u00f3cios\"],\"inLanguage\":\"pt-BR\"},{\"@type\":\"WebPage\",\"@id\":\"https:\/\/www.suno.com.br\/noticias\/petrobras-petr4-carf-perde-medidas-evm\/\",\"url\":\"https:\/\/www.suno.com.br\/noticias\/petrobras-petr4-carf-perde-medidas-evm\/\",\"name\":\"Petrobras (PETR4) perde R$ 6,5 bilh\u00f5es no Carf e avalia medidas\",\"isPartOf\":{\"@id\":\"https:\/\/www.suno.com.br\/noticias\/#website\"},\"primaryImageOfPage\":{\"@id\":\"https:\/\/www.suno.com.br\/noticias\/petrobras-petr4-carf-perde-medidas-evm\/#primaryimage\"},\"image\":{\"@id\":\"https:\/\/www.suno.com.br\/noticias\/petrobras-petr4-carf-perde-medidas-evm\/#primaryimage\"},\"thumbnailUrl\":\"https:\/\/files.sunoresearch.com.br\/n\/uploads\/2023\/05\/petrobras-petr4-brsr6-agenda-dividendos-maio-2023.jpg\",\"datePublished\":\"2023-10-06T23:33:58+00:00\",\"dateModified\":\"2023-10-06T23:45:33+00:00\",\"description\":\"O julgamento da Petrobras no Carf estava empatado at\u00e9 ent\u00e3o, por\u00e9m foi desempatado pelo voto de qualidade, que voltou a existir em setembro\",\"breadcrumb\":{\"@id\":\"https:\/\/www.suno.com.br\/noticias\/petrobras-petr4-carf-perde-medidas-evm\/#breadcrumb\"},\"inLanguage\":\"pt-BR\",\"potentialAction\":[{\"@type\":\"ReadAction\",\"target\":[\"https:\/\/www.suno.com.br\/noticias\/petrobras-petr4-carf-perde-medidas-evm\/\"]}]},{\"@type\":\"ImageObject\",\"inLanguage\":\"pt-BR\",\"@id\":\"https:\/\/www.suno.com.br\/noticias\/petrobras-petr4-carf-perde-medidas-evm\/#primaryimage\",\"url\":\"https:\/\/files.sunoresearch.com.br\/n\/uploads\/2023\/05\/petrobras-petr4-brsr6-agenda-dividendos-maio-2023.jpg\",\"contentUrl\":\"https:\/\/files.sunoresearch.com.br\/n\/uploads\/2023\/05\/petrobras-petr4-brsr6-agenda-dividendos-maio-2023.jpg\",\"width\":1200,\"height\":800,\"caption\":\"Petrobras (PETR4). Foto: Ag\u00eancia Brasil\"},{\"@type\":\"BreadcrumbList\",\"@id\":\"https:\/\/www.suno.com.br\/noticias\/petrobras-petr4-carf-perde-medidas-evm\/#breadcrumb\",\"itemListElement\":[{\"@type\":\"ListItem\",\"position\":1,\"name\":\"Not\u00edcias\",\"item\":\"https:\/\/www.suno.com.br\/noticias\/\"},{\"@type\":\"ListItem\",\"position\":2,\"name\":\"Neg\u00f3cios\",\"item\":\"https:\/\/www.suno.com.br\/noticias\/negocios\/\"},{\"@type\":\"ListItem\",\"position\":3,\"name\":\"Petrobras (PETR4) perde R$ 6,5 bilh\u00f5es no Carf e avalia medidas\"}]},{\"@type\":\"WebSite\",\"@id\":\"https:\/\/www.suno.com.br\/noticias\/#website\",\"url\":\"https:\/\/www.suno.com.br\/noticias\/\",\"name\":\"Suno Not\u00edcias\",\"description\":\"Seu portal de informa\u00e7\u00e3o sobre o mundo dos investimentos\",\"publisher\":{\"@id\":\"https:\/\/www.suno.com.br\/noticias\/#organization\"},\"potentialAction\":[{\"@type\":\"SearchAction\",\"target\":{\"@type\":\"EntryPoint\",\"urlTemplate\":\"https:\/\/www.suno.com.br\/noticias\/?s={search_term_string}\"},\"query-input\":{\"@type\":\"PropertyValueSpecification\",\"valueRequired\":true,\"valueName\":\"search_term_string\"}}],\"inLanguage\":\"pt-BR\"},{\"@type\":\"Organization\",\"@id\":\"https:\/\/www.suno.com.br\/noticias\/#organization\",\"name\":\"Suno Not\u00edcias\",\"url\":\"https:\/\/www.suno.com.br\/noticias\/\",\"logo\":{\"@type\":\"ImageObject\",\"inLanguage\":\"pt-BR\",\"@id\":\"https:\/\/www.suno.com.br\/noticias\/#\/schema\/logo\/image\/\",\"url\":\"https:\/\/files.sunoresearch.com.br\/n\/uploads\/2021\/09\/suno-logo.png\",\"contentUrl\":\"https:\/\/files.sunoresearch.com.br\/n\/uploads\/2021\/09\/suno-logo.png\",\"width\":180,\"height\":180,\"caption\":\"Suno Not\u00edcias\"},\"image\":{\"@id\":\"https:\/\/www.suno.com.br\/noticias\/#\/schema\/logo\/image\/\"},\"sameAs\":[\"https:\/\/facebook.com\/sunoresearch\",\"https:\/\/x.com\/sunoresearch\",\"https:\/\/www.instagram.com\/suno\",\"https:\/\/www.linkedin.com\/company\/suno-research\/\",\"https:\/\/www.youtube.com\/c\/sunoresearch\"]},{\"@type\":\"Person\",\"@id\":\"https:\/\/www.suno.com.br\/noticias\/#\/schema\/person\/7f4d362bf3518e76090143ae77bb49a5\",\"name\":\"Eduardo Vargas\",\"image\":{\"@type\":\"ImageObject\",\"inLanguage\":\"pt-BR\",\"@id\":\"https:\/\/www.suno.com.br\/noticias\/#\/schema\/person\/image\/\",\"url\":\"https:\/\/secure.gravatar.com\/avatar\/dac340933427a22924c9f99d1eb2e3f2?s=96&r=g\",\"contentUrl\":\"https:\/\/secure.gravatar.com\/avatar\/dac340933427a22924c9f99d1eb2e3f2?s=96&r=g\",\"caption\":\"Eduardo Vargas\"},\"description\":\"Jornalista formado pela UFSC, cobre macroeconomia, neg\u00f3cios e startups para o Suno Not\u00edcias, escrevendo principalmente not\u00edcias sobre o mercado financeiro e a bolsa de valores. No YouTube e no Instagram, \u00e9 respons\u00e1vel pela produ\u00e7\u00e3o de Reels e Shorts do Suno Not\u00edcias. Anteriormente, trabalhou cobrindo economia e cotidiano no ND+ e para o ND, maior jornal impresso de Santa Catarina. Cursou um semestre letivo de Estudos de M\u00eddia na Universidad de Buenos Aires.\",\"url\":\"https:\/\/www.suno.com.br\/noticias\/author\/eduardo-vargas\/\"}]}<\/script>\n<!-- \/ Yoast SEO plugin. -->","yoast_head_json":{"title":"Petrobras (PETR4) perde R$ 6,5 bilh\u00f5es no Carf e avalia medidas","description":"O julgamento da Petrobras no Carf estava empatado at\u00e9 ent\u00e3o, por\u00e9m foi desempatado pelo voto de qualidade, que voltou a existir em setembro","robots":{"index":"index","follow":"follow","max-snippet":"max-snippet:-1","max-image-preview":"max-image-preview:large","max-video-preview":"max-video-preview:-1"},"canonical":"https:\/\/www.suno.com.br\/noticias\/petrobras-petr4-carf-perde-medidas-evm\/","og_locale":"pt_BR","og_type":"article","og_title":"Petrobras (PETR4) perde R$ 6,5 bilh\u00f5es no Carf e avalia medidas","og_description":"O julgamento da Petrobras no Carf estava empatado at\u00e9 ent\u00e3o, por\u00e9m foi desempatado pelo voto de qualidade, que voltou a existir em setembro","og_url":"https:\/\/www.suno.com.br\/noticias\/petrobras-petr4-carf-perde-medidas-evm\/","og_site_name":"Suno Not\u00edcias","article_publisher":"https:\/\/facebook.com\/sunoresearch","og_image":[{"width":1200,"height":800,"url":"https:\/\/files.sunoresearch.com.br\/n\/uploads\/2023\/05\/petrobras-petr4-brsr6-agenda-dividendos-maio-2023.jpg","type":"image\/jpeg"}],"author":"Eduardo Vargas","twitter_card":"summary_large_image","twitter_creator":"@sunoresearch","twitter_site":"@sunoresearch","twitter_misc":{"Escrito por":"Eduardo Vargas","Est. tempo de leitura":"3 minutos"},"schema":{"@context":"https:\/\/schema.org","@graph":[{"@type":"NewsArticle","@id":"https:\/\/www.suno.com.br\/noticias\/petrobras-petr4-carf-perde-medidas-evm\/#article","isPartOf":{"@id":"https:\/\/www.suno.com.br\/noticias\/petrobras-petr4-carf-perde-medidas-evm\/"},"author":{"name":"Eduardo Vargas","@id":"https:\/\/www.suno.com.br\/noticias\/#\/schema\/person\/7f4d362bf3518e76090143ae77bb49a5"},"headline":"Petrobras (PETR4) perde R$ 6,5 bilh\u00f5es no Carf e avalia medidas","datePublished":"2023-10-06T23:33:58+00:00","dateModified":"2023-10-06T23:45:33+00:00","mainEntityOfPage":{"@id":"https:\/\/www.suno.com.br\/noticias\/petrobras-petr4-carf-perde-medidas-evm\/"},"wordCount":521,"publisher":{"@id":"https:\/\/www.suno.com.br\/noticias\/#organization"},"image":{"@id":"https:\/\/www.suno.com.br\/noticias\/petrobras-petr4-carf-perde-medidas-evm\/#primaryimage"},"thumbnailUrl":"https:\/\/files.sunoresearch.com.br\/n\/uploads\/2023\/05\/petrobras-petr4-brsr6-agenda-dividendos-maio-2023.jpg","keywords":["Petrobras (PETR4)"],"articleSection":["Neg\u00f3cios"],"inLanguage":"pt-BR"},{"@type":"WebPage","@id":"https:\/\/www.suno.com.br\/noticias\/petrobras-petr4-carf-perde-medidas-evm\/","url":"https:\/\/www.suno.com.br\/noticias\/petrobras-petr4-carf-perde-medidas-evm\/","name":"Petrobras (PETR4) perde R$ 6,5 bilh\u00f5es no Carf e avalia medidas","isPartOf":{"@id":"https:\/\/www.suno.com.br\/noticias\/#website"},"primaryImageOfPage":{"@id":"https:\/\/www.suno.com.br\/noticias\/petrobras-petr4-carf-perde-medidas-evm\/#primaryimage"},"image":{"@id":"https:\/\/www.suno.com.br\/noticias\/petrobras-petr4-carf-perde-medidas-evm\/#primaryimage"},"thumbnailUrl":"https:\/\/files.sunoresearch.com.br\/n\/uploads\/2023\/05\/petrobras-petr4-brsr6-agenda-dividendos-maio-2023.jpg","datePublished":"2023-10-06T23:33:58+00:00","dateModified":"2023-10-06T23:45:33+00:00","description":"O julgamento da Petrobras no Carf estava empatado at\u00e9 ent\u00e3o, por\u00e9m foi desempatado pelo voto de qualidade, que voltou a existir em setembro","breadcrumb":{"@id":"https:\/\/www.suno.com.br\/noticias\/petrobras-petr4-carf-perde-medidas-evm\/#breadcrumb"},"inLanguage":"pt-BR","potentialAction":[{"@type":"ReadAction","target":["https:\/\/www.suno.com.br\/noticias\/petrobras-petr4-carf-perde-medidas-evm\/"]}]},{"@type":"ImageObject","inLanguage":"pt-BR","@id":"https:\/\/www.suno.com.br\/noticias\/petrobras-petr4-carf-perde-medidas-evm\/#primaryimage","url":"https:\/\/files.sunoresearch.com.br\/n\/uploads\/2023\/05\/petrobras-petr4-brsr6-agenda-dividendos-maio-2023.jpg","contentUrl":"https:\/\/files.sunoresearch.com.br\/n\/uploads\/2023\/05\/petrobras-petr4-brsr6-agenda-dividendos-maio-2023.jpg","width":1200,"height":800,"caption":"Petrobras (PETR4). Foto: Ag\u00eancia Brasil"},{"@type":"BreadcrumbList","@id":"https:\/\/www.suno.com.br\/noticias\/petrobras-petr4-carf-perde-medidas-evm\/#breadcrumb","itemListElement":[{"@type":"ListItem","position":1,"name":"Not\u00edcias","item":"https:\/\/www.suno.com.br\/noticias\/"},{"@type":"ListItem","position":2,"name":"Neg\u00f3cios","item":"https:\/\/www.suno.com.br\/noticias\/negocios\/"},{"@type":"ListItem","position":3,"name":"Petrobras (PETR4) perde R$ 6,5 bilh\u00f5es no Carf e avalia medidas"}]},{"@type":"WebSite","@id":"https:\/\/www.suno.com.br\/noticias\/#website","url":"https:\/\/www.suno.com.br\/noticias\/","name":"Suno Not\u00edcias","description":"Seu portal de informa\u00e7\u00e3o sobre o mundo dos investimentos","publisher":{"@id":"https:\/\/www.suno.com.br\/noticias\/#organization"},"potentialAction":[{"@type":"SearchAction","target":{"@type":"EntryPoint","urlTemplate":"https:\/\/www.suno.com.br\/noticias\/?s={search_term_string}"},"query-input":{"@type":"PropertyValueSpecification","valueRequired":true,"valueName":"search_term_string"}}],"inLanguage":"pt-BR"},{"@type":"Organization","@id":"https:\/\/www.suno.com.br\/noticias\/#organization","name":"Suno Not\u00edcias","url":"https:\/\/www.suno.com.br\/noticias\/","logo":{"@type":"ImageObject","inLanguage":"pt-BR","@id":"https:\/\/www.suno.com.br\/noticias\/#\/schema\/logo\/image\/","url":"https:\/\/files.sunoresearch.com.br\/n\/uploads\/2021\/09\/suno-logo.png","contentUrl":"https:\/\/files.sunoresearch.com.br\/n\/uploads\/2021\/09\/suno-logo.png","width":180,"height":180,"caption":"Suno Not\u00edcias"},"image":{"@id":"https:\/\/www.suno.com.br\/noticias\/#\/schema\/logo\/image\/"},"sameAs":["https:\/\/facebook.com\/sunoresearch","https:\/\/x.com\/sunoresearch","https:\/\/www.instagram.com\/suno","https:\/\/www.linkedin.com\/company\/suno-research\/","https:\/\/www.youtube.com\/c\/sunoresearch"]},{"@type":"Person","@id":"https:\/\/www.suno.com.br\/noticias\/#\/schema\/person\/7f4d362bf3518e76090143ae77bb49a5","name":"Eduardo Vargas","image":{"@type":"ImageObject","inLanguage":"pt-BR","@id":"https:\/\/www.suno.com.br\/noticias\/#\/schema\/person\/image\/","url":"https:\/\/secure.gravatar.com\/avatar\/dac340933427a22924c9f99d1eb2e3f2?s=96&r=g","contentUrl":"https:\/\/secure.gravatar.com\/avatar\/dac340933427a22924c9f99d1eb2e3f2?s=96&r=g","caption":"Eduardo Vargas"},"description":"Jornalista formado pela UFSC, cobre macroeconomia, neg\u00f3cios e startups para o Suno Not\u00edcias, escrevendo principalmente not\u00edcias sobre o mercado financeiro e a bolsa de valores. No YouTube e no Instagram, \u00e9 respons\u00e1vel pela produ\u00e7\u00e3o de Reels e Shorts do Suno Not\u00edcias. Anteriormente, trabalhou cobrindo economia e cotidiano no ND+ e para o ND, maior jornal impresso de Santa Catarina. Cursou um semestre letivo de Estudos de M\u00eddia na Universidad de Buenos Aires.","url":"https:\/\/www.suno.com.br\/noticias\/author\/eduardo-vargas\/"}]}},"default_loop_html":"<div class=\"cardsPage__listCard__boxs\"><div class=\"cardsPage__listCard__boxs__img\"><a href=\"https:\/\/www.suno.com.br\/noticias\/petrobras-petr4-carf-perde-medidas-evm\/\"><img class=\"mask\" src=\"https:\/\/www.suno.com.br\/noticias\/wp-content\/themes\/suno\/resources\/images\/spotlight\/spotlight1img\/bg-mask.png\" alt=\"Image Mask\"\/><img src=\"https:\/\/files.sunoresearch.com.br\/n\/uploads\/2023\/05\/petrobras-petr4-brsr6-agenda-dividendos-maio-2023-400x200.jpg\" alt=\"Petrobras (PETR4) perde R$ 6,5 bilh\u00f5es no Carf e avalia medidas\"\/><\/a><span class=\"spotlightCategory\"><a href=\"https:\/\/www.suno.com.br\/noticias\/negocios\/\">Neg\u00f3cios<\/a><\/span><\/div><div class=\"cardsPage__listCard__boxs__content\"><a href=\"https:\/\/www.suno.com.br\/noticias\/petrobras-petr4-carf-perde-medidas-evm\/\"><h2 class=\"content__title\">Petrobras (PETR4) perde R$ 6,5 bilh\u00f5es no Carf e avalia medidas<\/h2><\/a><div class=\"newsContent__article__meta\"><div class=\"newsContent__article__meta__authorBox\"><a href=\"https:\/\/www.suno.com.br\/noticias\/author\/eduardo-vargas\/\" class=\"authorBox__avatar noMobi\"><img src=\"https:\/\/secure.gravatar.com\/avatar\/dac340933427a22924c9f99d1eb2e3f2?s=96&#038;r=g\" alt=\"Eduardo Vargas\"><\/a><div class=\"authorBox__name\"><span>por\n\t\t\t<a href=\"https:\/\/www.suno.com.br\/noticias\/author\/eduardo-vargas\/\"><span itemprop=\"author\">Eduardo Vargas<\/span><\/a><\/span><time datetime=\"2023-10-06T20:33:58-03:00\" itemprop=\"datePublished\">06\/10\/2023 20:33<\/time><\/div><\/div><\/div><\/div><\/div>","single_layout":"posts","amp_enabled":true,"_links":{"self":[{"href":"https:\/\/www.suno.com.br\/noticias\/wp-json\/wp\/v2\/posts\/467578"}],"collection":[{"href":"https:\/\/www.suno.com.br\/noticias\/wp-json\/wp\/v2\/posts"}],"about":[{"href":"https:\/\/www.suno.com.br\/noticias\/wp-json\/wp\/v2\/types\/post"}],"author":[{"embeddable":true,"href":"https:\/\/www.suno.com.br\/noticias\/wp-json\/wp\/v2\/users\/73"}],"replies":[{"embeddable":true,"href":"https:\/\/www.suno.com.br\/noticias\/wp-json\/wp\/v2\/comments?post=467578"}],"version-history":[{"count":2,"href":"https:\/\/www.suno.com.br\/noticias\/wp-json\/wp\/v2\/posts\/467578\/revisions"}],"predecessor-version":[{"id":467613,"href":"https:\/\/www.suno.com.br\/noticias\/wp-json\/wp\/v2\/posts\/467578\/revisions\/467613"}],"wp:featuredmedia":[{"embeddable":true,"href":"https:\/\/www.suno.com.br\/noticias\/wp-json\/wp\/v2\/media\/406706"}],"wp:attachment":[{"href":"https:\/\/www.suno.com.br\/noticias\/wp-json\/wp\/v2\/media?parent=467578"}],"wp:term":[{"taxonomy":"category","embeddable":true,"href":"https:\/\/www.suno.com.br\/noticias\/wp-json\/wp\/v2\/categories?post=467578"},{"taxonomy":"post_tag","embeddable":true,"href":"https:\/\/www.suno.com.br\/noticias\/wp-json\/wp\/v2\/tags?post=467578"},{"taxonomy":"suno_strategy","embeddable":true,"href":"https:\/\/www.suno.com.br\/noticias\/wp-json\/wp\/v2\/suno_strategy?post=467578"}],"curies":[{"name":"wp","href":"https:\/\/api.w.org\/{rel}","templated":true}]}}