{"id":467327,"date":"2023-10-06T12:10:47","date_gmt":"2023-10-06T15:10:47","guid":{"rendered":"https:\/\/www.suno.com.br\/noticias\/?p=467327"},"modified":"2023-10-06T17:39:40","modified_gmt":"2023-10-06T20:39:40","slug":"santander-sanb11-alta-acoes-btg-recomendacao","status":"publish","type":"post","link":"https:\/\/www.suno.com.br\/noticias\/santander-sanb11-alta-acoes-btg-recomendacao\/","title":{"rendered":"Santander (SANB11) fecha em alta ap\u00f3s BTG elevar recomenda\u00e7\u00e3o de a\u00e7\u00f5es"},"content":{"rendered":"<p>Em revis\u00e3o sobre sua tese do <a href=\"https:\/\/statusinvest.com.br\/acoes\/sanb11\" target=\"_blank\" rel=\"noreferrer noopener\"><strong>Santander<\/strong> (SANB11)<\/a>, os analistas do BTG elevaram sua recomenda\u00e7\u00e3o de venda para neutra. O relat\u00f3rio do banco mexeu com as a\u00e7\u00f5es, que fecharam em alta de quase 2% nesta sexta (6).<\/p>\t<div class=\"wrapper-featured-image\">\n\t\t<figure class=\"spotlightImg\">\n\n\t\t\t<picture>\n\t\t\t\t<source media=\"(max-width: 768px)\" srcset=\"https:\/\/files.sunoresearch.com.br\/n\/uploads\/2022\/11\/santander-sanb11-fachada-foto-divulgacao-400x200.jpg\">\n\t\t\t\t<img loading=\"lazy\" decoding=\"async\" class=\"newsContent__article__imgCapa lazyloadDisabled \" src=\"https:\/\/files.sunoresearch.com.br\/n\/uploads\/2022\/11\/santander-sanb11-fachada-foto-divulgacao-800x450.jpg\" width=\"800\" height=\"450\" alt=\"Santander (SANB11) fecha em alta ap\u00f3s BTG elevar recomenda\u00e7\u00e3o de a\u00e7\u00f5es\" fetchpriority=high \/>\n\t\t\t<\/picture>\n\n\t\t\t<figcaption class=\"wp-caption-text wp-caption-text--show\">Santander (SANB11). Foto: divulga\u00e7\u00e3o<\/figcaption>\n\t\t<\/figure>\n\t<\/div>\n\n\n\n\n\n\t<p>\n\t\t<a href=\"https:\/\/lp.suno.com.br\/planilha-da-vida-financeira\/\" target=\"_blank\" data-element=\"shortcode-suno-banner\" title=\"Banner SUNO, clique e saiba mais\">\n\t\t\t<picture>\n\t\t\t\t<source media=\"(max-width: 500px)\" srcset=\"https:\/\/files.sunoresearch.com.br\/n\/uploads\/2023\/04\/400x300-Planilha-vida-financeira-true.png\">\n\t\t\t\t<img class=\"newsContent__article__imgCapa newsContent__article__imgCapa--banner\"\n\t\t\t\t\tsrc=\"https:\/\/files.sunoresearch.com.br\/n\/uploads\/2023\/04\/1420x240-Planilha-vida-financeira-true.png\"\n\t\t\t\t\tdata-promo-id=\"106682\"\t\t\t\t\t\t\t\t\t\twidth='1420' height='240'\t\t\t\t\talt=\"https:\/\/files.sunoresearch.com.br\/n\/uploads\/2023\/04\/1420x240-Planilha-vida-financeira-true.png\"\n\t\t\t\t>\n\t\t\t<\/picture>\n\t\t<\/a>\n\t<\/p>\n\n\n\n\n\n\n\n<p>Agora, o pre\u00e7o-alvo das <strong>a\u00e7\u00f5es da Santander<\/strong> \u00e9 de R$ 28.<\/p>\n\n\n\n<p>&#8220;Desde o final de 2021, o Santander Brasil implementou medidas mais preventivas medidas relativas ao crescimento dos empr\u00e9stimos e \u00e0 seletividade dos clientes. Portanto, esper\u00e1vamos que esse modo de modelo de risk-off impactasse o NII, com as provis\u00f5es para perdas com empr\u00e9stimos continuando a apresentar tend\u00eancia de alta devido ao ciclo de cr\u00e9dito passado, pressionando os ROEs&#8221;, disse a casa.<\/p>\n\n\n\n<p>&#8220;Esta din\u00e2mica afetou os resultados do banco. Isso, combinado com um aumento acentuado na taxa Selic, prejudicando a margem financeira do mercado, levou o ROE a cair de 20,4% em 2021 para 7,8% no 4T22. Na \u00e9poca, o SANB11 tamb\u00e9m estava sendo negociado a um pre\u00e7o muito elevado pr\u00eamio P\/E de 25% sobre o ITUB4, uma avalia\u00e7\u00e3o que acredit\u00e1vamos n\u00e3o ser justificada, levando fazermos o downgrade do SANB11 para venda no in\u00edcio do ano&#8221;, completa.<\/p>\n\n\n\t<p>\n\t\t<a href=\"https:\/\/lp.suno.com.br\/ebook-como-analisar-uma-acao\/\" target=\"_blank\" data-element=\"shortcode-suno-banner\" title=\"Banner SUNO, clique e saiba mais\">\n\t\t\t<picture>\n\t\t\t\t<source media=\"(max-width: 500px)\" srcset=\"https:\/\/files.sunoresearch.com.br\/n\/uploads\/2023\/03\/Ebook-Acoes-Mobile.jpg\">\n\t\t\t\t<img class=\"newsContent__article__imgCapa newsContent__article__imgCapa--banner\"\n\t\t\t\t\tsrc=\"https:\/\/files.sunoresearch.com.br\/n\/uploads\/2023\/03\/Ebook-Acoes-Desktop.jpg\"\n\t\t\t\t\tdata-promo-id=\"378302\"\t\t\t\t\t\t\t\t\t\twidth='1420' height='286'\t\t\t\t\talt=\"https:\/\/files.sunoresearch.com.br\/n\/uploads\/2023\/03\/Ebook-Acoes-Desktop.jpg\"\n\t\t\t\t>\n\t\t\t<\/picture>\n\t\t<\/a>\n\t<\/p>\n\n\n\n\n\n<p>Ap\u00f3s isso, segundo o BTG, o desconto em rela\u00e7\u00e3o ao Ita\u00fa diminuiu nos \u00faltimos meses. <\/p>\n\n\n\n<p>Al\u00e9m disso, os especialistas acreditam que h\u00e1 maiores chances de uma recupera\u00e7\u00e3o um pouco mais r\u00e1pida (o que ainda n\u00e3o veem no Bradesco).<\/p>\n\n\n\n<p>&#8220;Uma reuni\u00e3o recente com o CEO Mario Le\u00e3o tamb\u00e9m nos deixou mais confiantes na execu\u00e7\u00e3o do banco. Esta semana, realizamos nossa Confer\u00eancia em Nova York, onde tivemos a oportunidade de conhecer com o CEO do Santander Brasil, M\u00e1rio Le\u00e3o. A \u00faltima vez que conversamos foi em uma reuni\u00e3o com um analista sell-side em fevereiro, onde lan\u00e7ou mais luz sobre os pr\u00f3ximos passos logo ap\u00f3s o banco relatou seus n\u00fameros fracos do 4T22&#8221;, explicou o BTG.<\/p>\n\n\n\n<h2 class=\"wp-block-heading\">Desempenho das a\u00e7\u00f5es do Santander<\/h2>\n\n\n\n<p>As a\u00e7\u00f5es <strong>SANB11<\/strong> subiram 1,7% logo nos primeiros minutos de preg\u00e3o. <\/p>\n\n\n\n<p>Perto das 12h, os pap\u00e9is desaceleraram para uma alta de 1,2%. Fecharam com ganhos de 1,91, a R$ 27,19. Desde o in\u00edcio de 2023, os pap\u00e9is do Santander somam queda de 3,5%.<\/p>\n\n\n\t<p>\n\t\t<a href=\"https:\/\/lp.suno.com.br\/planilha-da-vida-financeira\/\" target=\"_blank\" data-element=\"shortcode-suno-banner\" title=\"Banner SUNO, clique e saiba mais\">\n\t\t\t<picture>\n\t\t\t\t<source media=\"(max-width: 500px)\" srcset=\"https:\/\/files.sunoresearch.com.br\/n\/uploads\/2023\/04\/400x300-Planilha-vida-financeira-true.png\">\n\t\t\t\t<img class=\"newsContent__article__imgCapa newsContent__article__imgCapa--banner\"\n\t\t\t\t\tsrc=\"https:\/\/files.sunoresearch.com.br\/n\/uploads\/2023\/04\/1420x240-Planilha-vida-financeira-true.png\"\n\t\t\t\t\tdata-promo-id=\"383123\"\t\t\t\t\t\t\t\t\t\twidth='1420' height='240'\t\t\t\t\talt=\"https:\/\/files.sunoresearch.com.br\/n\/uploads\/2023\/04\/1420x240-Planilha-vida-financeira-true.png\"\n\t\t\t\t>\n\t\t\t<\/picture>\n\t\t<\/a>\n\t<\/p>\n\n\n","protected":false},"excerpt":{"rendered":"<p>Em revis\u00e3o sobre sua tese do Santander (SANB11), os analistas do BTG elevaram sua recomenda\u00e7\u00e3o de venda para neutra. O relat\u00f3rio do banco mexeu com as a\u00e7\u00f5es, que fecharam em alta de quase 2% nesta sexta (6). Santander (SANB11). Foto: divulga\u00e7\u00e3o Agora, o pre\u00e7o-alvo das a\u00e7\u00f5es da Santander \u00e9 de R$ 28. &#8220;Desde o final [&hellip;]<\/p>\n","protected":false},"author":73,"featured_media":326098,"comment_status":"closed","ping_status":"closed","sticky":false,"template":"","format":"standard","meta":[],"categories":[64],"tags":[105816,624],"suno_strategy":[],"class_list":["post-467327","post","type-post","status-publish","format-standard","has-post-thumbnail","hentry","category-negocios","tag-especialistas","tag-santander-sanb11-sanb3-sanb4"],"yoast_head":"<!-- This site is optimized with the Yoast SEO plugin v24.4 - https:\/\/yoast.com\/wordpress\/plugins\/seo\/ -->\n<title>Santander (SANB11) abre em alta ap\u00f3s BTG elevar recomenda\u00e7\u00e3o<\/title>\n<meta name=\"description\" content=\"Em revis\u00e3o sobre sua tese do Santander (SANB11), os analistas do BTG elevaram sua recomenda\u00e7\u00e3o de venda para neutra.\" \/>\n<meta name=\"robots\" content=\"index, follow, max-snippet:-1, max-image-preview:large, max-video-preview:-1\" \/>\n<link rel=\"canonical\" href=\"https:\/\/www.suno.com.br\/noticias\/santander-sanb11-alta-acoes-btg-recomendacao\/\" \/>\n<meta property=\"og:locale\" content=\"pt_BR\" \/>\n<meta property=\"og:type\" content=\"article\" \/>\n<meta property=\"og:title\" content=\"Santander (SANB11) abre em alta ap\u00f3s BTG elevar recomenda\u00e7\u00e3o\" \/>\n<meta property=\"og:description\" content=\"Em revis\u00e3o sobre sua tese do Santander (SANB11), os analistas do BTG elevaram sua recomenda\u00e7\u00e3o de venda para neutra.\" \/>\n<meta property=\"og:url\" content=\"https:\/\/www.suno.com.br\/noticias\/santander-sanb11-alta-acoes-btg-recomendacao\/\" \/>\n<meta property=\"og:site_name\" content=\"Suno Not\u00edcias\" \/>\n<meta property=\"article:publisher\" content=\"https:\/\/facebook.com\/sunoresearch\" \/>\n<meta property=\"og:image\" content=\"https:\/\/files.sunoresearch.com.br\/n\/uploads\/2022\/11\/santander-sanb11-fachada-foto-divulgacao.jpg\" \/>\n\t<meta property=\"og:image:width\" content=\"1200\" \/>\n\t<meta property=\"og:image:height\" content=\"675\" \/>\n\t<meta property=\"og:image:type\" content=\"image\/jpeg\" \/>\n<meta name=\"author\" content=\"Eduardo Vargas\" \/>\n<meta name=\"twitter:card\" content=\"summary_large_image\" \/>\n<meta name=\"twitter:creator\" content=\"@sunoresearch\" \/>\n<meta name=\"twitter:site\" content=\"@sunoresearch\" \/>\n<meta name=\"twitter:label1\" content=\"Escrito por\" \/>\n\t<meta name=\"twitter:data1\" content=\"Eduardo Vargas\" \/>\n\t<meta name=\"twitter:label2\" content=\"Est. tempo de leitura\" \/>\n\t<meta name=\"twitter:data2\" content=\"2 minutos\" \/>\n<script type=\"application\/ld+json\" class=\"yoast-schema-graph\">{\"@context\":\"https:\/\/schema.org\",\"@graph\":[{\"@type\":\"NewsArticle\",\"@id\":\"https:\/\/www.suno.com.br\/noticias\/santander-sanb11-alta-acoes-btg-recomendacao\/#article\",\"isPartOf\":{\"@id\":\"https:\/\/www.suno.com.br\/noticias\/santander-sanb11-alta-acoes-btg-recomendacao\/\"},\"author\":{\"name\":\"Eduardo Vargas\",\"@id\":\"https:\/\/www.suno.com.br\/noticias\/#\/schema\/person\/7f4d362bf3518e76090143ae77bb49a5\"},\"headline\":\"Santander (SANB11) fecha em alta ap\u00f3s BTG elevar recomenda\u00e7\u00e3o de a\u00e7\u00f5es\",\"datePublished\":\"2023-10-06T15:10:47+00:00\",\"dateModified\":\"2023-10-06T20:39:40+00:00\",\"mainEntityOfPage\":{\"@id\":\"https:\/\/www.suno.com.br\/noticias\/santander-sanb11-alta-acoes-btg-recomendacao\/\"},\"wordCount\":396,\"publisher\":{\"@id\":\"https:\/\/www.suno.com.br\/noticias\/#organization\"},\"image\":{\"@id\":\"https:\/\/www.suno.com.br\/noticias\/santander-sanb11-alta-acoes-btg-recomendacao\/#primaryimage\"},\"thumbnailUrl\":\"https:\/\/files.sunoresearch.com.br\/n\/uploads\/2022\/11\/santander-sanb11-fachada-foto-divulgacao.jpg\",\"keywords\":[\"Especialistas\",\"Santander (SANB11\/SANB3\/SANB4)\"],\"articleSection\":[\"Neg\u00f3cios\"],\"inLanguage\":\"pt-BR\"},{\"@type\":\"WebPage\",\"@id\":\"https:\/\/www.suno.com.br\/noticias\/santander-sanb11-alta-acoes-btg-recomendacao\/\",\"url\":\"https:\/\/www.suno.com.br\/noticias\/santander-sanb11-alta-acoes-btg-recomendacao\/\",\"name\":\"Santander (SANB11) abre em alta ap\u00f3s BTG elevar recomenda\u00e7\u00e3o\",\"isPartOf\":{\"@id\":\"https:\/\/www.suno.com.br\/noticias\/#website\"},\"primaryImageOfPage\":{\"@id\":\"https:\/\/www.suno.com.br\/noticias\/santander-sanb11-alta-acoes-btg-recomendacao\/#primaryimage\"},\"image\":{\"@id\":\"https:\/\/www.suno.com.br\/noticias\/santander-sanb11-alta-acoes-btg-recomendacao\/#primaryimage\"},\"thumbnailUrl\":\"https:\/\/files.sunoresearch.com.br\/n\/uploads\/2022\/11\/santander-sanb11-fachada-foto-divulgacao.jpg\",\"datePublished\":\"2023-10-06T15:10:47+00:00\",\"dateModified\":\"2023-10-06T20:39:40+00:00\",\"description\":\"Em revis\u00e3o sobre sua tese do Santander (SANB11), os analistas do BTG elevaram sua recomenda\u00e7\u00e3o de venda para neutra.\",\"breadcrumb\":{\"@id\":\"https:\/\/www.suno.com.br\/noticias\/santander-sanb11-alta-acoes-btg-recomendacao\/#breadcrumb\"},\"inLanguage\":\"pt-BR\",\"potentialAction\":[{\"@type\":\"ReadAction\",\"target\":[\"https:\/\/www.suno.com.br\/noticias\/santander-sanb11-alta-acoes-btg-recomendacao\/\"]}]},{\"@type\":\"ImageObject\",\"inLanguage\":\"pt-BR\",\"@id\":\"https:\/\/www.suno.com.br\/noticias\/santander-sanb11-alta-acoes-btg-recomendacao\/#primaryimage\",\"url\":\"https:\/\/files.sunoresearch.com.br\/n\/uploads\/2022\/11\/santander-sanb11-fachada-foto-divulgacao.jpg\",\"contentUrl\":\"https:\/\/files.sunoresearch.com.br\/n\/uploads\/2022\/11\/santander-sanb11-fachada-foto-divulgacao.jpg\",\"width\":1200,\"height\":675,\"caption\":\"Santander (SANB11). Foto: divulga\u00e7\u00e3o\"},{\"@type\":\"BreadcrumbList\",\"@id\":\"https:\/\/www.suno.com.br\/noticias\/santander-sanb11-alta-acoes-btg-recomendacao\/#breadcrumb\",\"itemListElement\":[{\"@type\":\"ListItem\",\"position\":1,\"name\":\"Not\u00edcias\",\"item\":\"https:\/\/www.suno.com.br\/noticias\/\"},{\"@type\":\"ListItem\",\"position\":2,\"name\":\"Neg\u00f3cios\",\"item\":\"https:\/\/www.suno.com.br\/noticias\/negocios\/\"},{\"@type\":\"ListItem\",\"position\":3,\"name\":\"Santander (SANB11) fecha em alta ap\u00f3s BTG elevar recomenda\u00e7\u00e3o de a\u00e7\u00f5es\"}]},{\"@type\":\"WebSite\",\"@id\":\"https:\/\/www.suno.com.br\/noticias\/#website\",\"url\":\"https:\/\/www.suno.com.br\/noticias\/\",\"name\":\"Suno Not\u00edcias\",\"description\":\"Seu portal de informa\u00e7\u00e3o sobre o mundo dos investimentos\",\"publisher\":{\"@id\":\"https:\/\/www.suno.com.br\/noticias\/#organization\"},\"potentialAction\":[{\"@type\":\"SearchAction\",\"target\":{\"@type\":\"EntryPoint\",\"urlTemplate\":\"https:\/\/www.suno.com.br\/noticias\/?s={search_term_string}\"},\"query-input\":{\"@type\":\"PropertyValueSpecification\",\"valueRequired\":true,\"valueName\":\"search_term_string\"}}],\"inLanguage\":\"pt-BR\"},{\"@type\":\"Organization\",\"@id\":\"https:\/\/www.suno.com.br\/noticias\/#organization\",\"name\":\"Suno Not\u00edcias\",\"url\":\"https:\/\/www.suno.com.br\/noticias\/\",\"logo\":{\"@type\":\"ImageObject\",\"inLanguage\":\"pt-BR\",\"@id\":\"https:\/\/www.suno.com.br\/noticias\/#\/schema\/logo\/image\/\",\"url\":\"https:\/\/files.sunoresearch.com.br\/n\/uploads\/2021\/09\/suno-logo.png\",\"contentUrl\":\"https:\/\/files.sunoresearch.com.br\/n\/uploads\/2021\/09\/suno-logo.png\",\"width\":180,\"height\":180,\"caption\":\"Suno Not\u00edcias\"},\"image\":{\"@id\":\"https:\/\/www.suno.com.br\/noticias\/#\/schema\/logo\/image\/\"},\"sameAs\":[\"https:\/\/facebook.com\/sunoresearch\",\"https:\/\/x.com\/sunoresearch\",\"https:\/\/www.instagram.com\/suno\",\"https:\/\/www.linkedin.com\/company\/suno-research\/\",\"https:\/\/www.youtube.com\/c\/sunoresearch\"]},{\"@type\":\"Person\",\"@id\":\"https:\/\/www.suno.com.br\/noticias\/#\/schema\/person\/7f4d362bf3518e76090143ae77bb49a5\",\"name\":\"Eduardo Vargas\",\"image\":{\"@type\":\"ImageObject\",\"inLanguage\":\"pt-BR\",\"@id\":\"https:\/\/www.suno.com.br\/noticias\/#\/schema\/person\/image\/\",\"url\":\"https:\/\/secure.gravatar.com\/avatar\/dac340933427a22924c9f99d1eb2e3f2?s=96&r=g\",\"contentUrl\":\"https:\/\/secure.gravatar.com\/avatar\/dac340933427a22924c9f99d1eb2e3f2?s=96&r=g\",\"caption\":\"Eduardo Vargas\"},\"description\":\"Jornalista formado pela UFSC, cobre macroeconomia, neg\u00f3cios e startups para o Suno Not\u00edcias, escrevendo principalmente not\u00edcias sobre o mercado financeiro e a bolsa de valores. No YouTube e no Instagram, \u00e9 respons\u00e1vel pela produ\u00e7\u00e3o de Reels e Shorts do Suno Not\u00edcias. Anteriormente, trabalhou cobrindo economia e cotidiano no ND+ e para o ND, maior jornal impresso de Santa Catarina. Cursou um semestre letivo de Estudos de M\u00eddia na Universidad de Buenos Aires.\",\"url\":\"https:\/\/www.suno.com.br\/noticias\/author\/eduardo-vargas\/\"}]}<\/script>\n<!-- \/ Yoast SEO plugin. -->","yoast_head_json":{"title":"Santander (SANB11) abre em alta ap\u00f3s BTG elevar recomenda\u00e7\u00e3o","description":"Em revis\u00e3o sobre sua tese do Santander (SANB11), os analistas do BTG elevaram sua recomenda\u00e7\u00e3o de venda para neutra.","robots":{"index":"index","follow":"follow","max-snippet":"max-snippet:-1","max-image-preview":"max-image-preview:large","max-video-preview":"max-video-preview:-1"},"canonical":"https:\/\/www.suno.com.br\/noticias\/santander-sanb11-alta-acoes-btg-recomendacao\/","og_locale":"pt_BR","og_type":"article","og_title":"Santander (SANB11) abre em alta ap\u00f3s BTG elevar recomenda\u00e7\u00e3o","og_description":"Em revis\u00e3o sobre sua tese do Santander (SANB11), os analistas do BTG elevaram sua recomenda\u00e7\u00e3o de venda para neutra.","og_url":"https:\/\/www.suno.com.br\/noticias\/santander-sanb11-alta-acoes-btg-recomendacao\/","og_site_name":"Suno Not\u00edcias","article_publisher":"https:\/\/facebook.com\/sunoresearch","og_image":[{"width":1200,"height":675,"url":"https:\/\/files.sunoresearch.com.br\/n\/uploads\/2022\/11\/santander-sanb11-fachada-foto-divulgacao.jpg","type":"image\/jpeg"}],"author":"Eduardo Vargas","twitter_card":"summary_large_image","twitter_creator":"@sunoresearch","twitter_site":"@sunoresearch","twitter_misc":{"Escrito por":"Eduardo Vargas","Est. tempo de leitura":"2 minutos"},"schema":{"@context":"https:\/\/schema.org","@graph":[{"@type":"NewsArticle","@id":"https:\/\/www.suno.com.br\/noticias\/santander-sanb11-alta-acoes-btg-recomendacao\/#article","isPartOf":{"@id":"https:\/\/www.suno.com.br\/noticias\/santander-sanb11-alta-acoes-btg-recomendacao\/"},"author":{"name":"Eduardo Vargas","@id":"https:\/\/www.suno.com.br\/noticias\/#\/schema\/person\/7f4d362bf3518e76090143ae77bb49a5"},"headline":"Santander (SANB11) fecha em alta ap\u00f3s BTG elevar recomenda\u00e7\u00e3o de a\u00e7\u00f5es","datePublished":"2023-10-06T15:10:47+00:00","dateModified":"2023-10-06T20:39:40+00:00","mainEntityOfPage":{"@id":"https:\/\/www.suno.com.br\/noticias\/santander-sanb11-alta-acoes-btg-recomendacao\/"},"wordCount":396,"publisher":{"@id":"https:\/\/www.suno.com.br\/noticias\/#organization"},"image":{"@id":"https:\/\/www.suno.com.br\/noticias\/santander-sanb11-alta-acoes-btg-recomendacao\/#primaryimage"},"thumbnailUrl":"https:\/\/files.sunoresearch.com.br\/n\/uploads\/2022\/11\/santander-sanb11-fachada-foto-divulgacao.jpg","keywords":["Especialistas","Santander (SANB11\/SANB3\/SANB4)"],"articleSection":["Neg\u00f3cios"],"inLanguage":"pt-BR"},{"@type":"WebPage","@id":"https:\/\/www.suno.com.br\/noticias\/santander-sanb11-alta-acoes-btg-recomendacao\/","url":"https:\/\/www.suno.com.br\/noticias\/santander-sanb11-alta-acoes-btg-recomendacao\/","name":"Santander (SANB11) abre em alta ap\u00f3s BTG elevar recomenda\u00e7\u00e3o","isPartOf":{"@id":"https:\/\/www.suno.com.br\/noticias\/#website"},"primaryImageOfPage":{"@id":"https:\/\/www.suno.com.br\/noticias\/santander-sanb11-alta-acoes-btg-recomendacao\/#primaryimage"},"image":{"@id":"https:\/\/www.suno.com.br\/noticias\/santander-sanb11-alta-acoes-btg-recomendacao\/#primaryimage"},"thumbnailUrl":"https:\/\/files.sunoresearch.com.br\/n\/uploads\/2022\/11\/santander-sanb11-fachada-foto-divulgacao.jpg","datePublished":"2023-10-06T15:10:47+00:00","dateModified":"2023-10-06T20:39:40+00:00","description":"Em revis\u00e3o sobre sua tese do Santander (SANB11), os analistas do BTG elevaram sua recomenda\u00e7\u00e3o de venda para neutra.","breadcrumb":{"@id":"https:\/\/www.suno.com.br\/noticias\/santander-sanb11-alta-acoes-btg-recomendacao\/#breadcrumb"},"inLanguage":"pt-BR","potentialAction":[{"@type":"ReadAction","target":["https:\/\/www.suno.com.br\/noticias\/santander-sanb11-alta-acoes-btg-recomendacao\/"]}]},{"@type":"ImageObject","inLanguage":"pt-BR","@id":"https:\/\/www.suno.com.br\/noticias\/santander-sanb11-alta-acoes-btg-recomendacao\/#primaryimage","url":"https:\/\/files.sunoresearch.com.br\/n\/uploads\/2022\/11\/santander-sanb11-fachada-foto-divulgacao.jpg","contentUrl":"https:\/\/files.sunoresearch.com.br\/n\/uploads\/2022\/11\/santander-sanb11-fachada-foto-divulgacao.jpg","width":1200,"height":675,"caption":"Santander (SANB11). Foto: divulga\u00e7\u00e3o"},{"@type":"BreadcrumbList","@id":"https:\/\/www.suno.com.br\/noticias\/santander-sanb11-alta-acoes-btg-recomendacao\/#breadcrumb","itemListElement":[{"@type":"ListItem","position":1,"name":"Not\u00edcias","item":"https:\/\/www.suno.com.br\/noticias\/"},{"@type":"ListItem","position":2,"name":"Neg\u00f3cios","item":"https:\/\/www.suno.com.br\/noticias\/negocios\/"},{"@type":"ListItem","position":3,"name":"Santander (SANB11) fecha em alta ap\u00f3s BTG elevar recomenda\u00e7\u00e3o de a\u00e7\u00f5es"}]},{"@type":"WebSite","@id":"https:\/\/www.suno.com.br\/noticias\/#website","url":"https:\/\/www.suno.com.br\/noticias\/","name":"Suno Not\u00edcias","description":"Seu portal de informa\u00e7\u00e3o sobre o mundo dos investimentos","publisher":{"@id":"https:\/\/www.suno.com.br\/noticias\/#organization"},"potentialAction":[{"@type":"SearchAction","target":{"@type":"EntryPoint","urlTemplate":"https:\/\/www.suno.com.br\/noticias\/?s={search_term_string}"},"query-input":{"@type":"PropertyValueSpecification","valueRequired":true,"valueName":"search_term_string"}}],"inLanguage":"pt-BR"},{"@type":"Organization","@id":"https:\/\/www.suno.com.br\/noticias\/#organization","name":"Suno Not\u00edcias","url":"https:\/\/www.suno.com.br\/noticias\/","logo":{"@type":"ImageObject","inLanguage":"pt-BR","@id":"https:\/\/www.suno.com.br\/noticias\/#\/schema\/logo\/image\/","url":"https:\/\/files.sunoresearch.com.br\/n\/uploads\/2021\/09\/suno-logo.png","contentUrl":"https:\/\/files.sunoresearch.com.br\/n\/uploads\/2021\/09\/suno-logo.png","width":180,"height":180,"caption":"Suno Not\u00edcias"},"image":{"@id":"https:\/\/www.suno.com.br\/noticias\/#\/schema\/logo\/image\/"},"sameAs":["https:\/\/facebook.com\/sunoresearch","https:\/\/x.com\/sunoresearch","https:\/\/www.instagram.com\/suno","https:\/\/www.linkedin.com\/company\/suno-research\/","https:\/\/www.youtube.com\/c\/sunoresearch"]},{"@type":"Person","@id":"https:\/\/www.suno.com.br\/noticias\/#\/schema\/person\/7f4d362bf3518e76090143ae77bb49a5","name":"Eduardo Vargas","image":{"@type":"ImageObject","inLanguage":"pt-BR","@id":"https:\/\/www.suno.com.br\/noticias\/#\/schema\/person\/image\/","url":"https:\/\/secure.gravatar.com\/avatar\/dac340933427a22924c9f99d1eb2e3f2?s=96&r=g","contentUrl":"https:\/\/secure.gravatar.com\/avatar\/dac340933427a22924c9f99d1eb2e3f2?s=96&r=g","caption":"Eduardo Vargas"},"description":"Jornalista formado pela UFSC, cobre macroeconomia, neg\u00f3cios e startups para o Suno Not\u00edcias, escrevendo principalmente not\u00edcias sobre o mercado financeiro e a bolsa de valores. No YouTube e no Instagram, \u00e9 respons\u00e1vel pela produ\u00e7\u00e3o de Reels e Shorts do Suno Not\u00edcias. Anteriormente, trabalhou cobrindo economia e cotidiano no ND+ e para o ND, maior jornal impresso de Santa Catarina. Cursou um semestre letivo de Estudos de M\u00eddia na Universidad de Buenos Aires.","url":"https:\/\/www.suno.com.br\/noticias\/author\/eduardo-vargas\/"}]}},"default_loop_html":"<div class=\"cardsPage__listCard__boxs\"><div class=\"cardsPage__listCard__boxs__img\"><a href=\"https:\/\/www.suno.com.br\/noticias\/santander-sanb11-alta-acoes-btg-recomendacao\/\"><img class=\"mask\" src=\"https:\/\/www.suno.com.br\/noticias\/wp-content\/themes\/suno\/resources\/images\/spotlight\/spotlight1img\/bg-mask.png\" alt=\"Image Mask\"\/><img src=\"https:\/\/files.sunoresearch.com.br\/n\/uploads\/2022\/11\/santander-sanb11-fachada-foto-divulgacao-400x200.jpg\" alt=\"Santander (SANB11) fecha em alta ap\u00f3s BTG elevar recomenda\u00e7\u00e3o de a\u00e7\u00f5es\"\/><\/a><span class=\"spotlightCategory\"><a href=\"https:\/\/www.suno.com.br\/noticias\/negocios\/\">Neg\u00f3cios<\/a><\/span><\/div><div class=\"cardsPage__listCard__boxs__content\"><a href=\"https:\/\/www.suno.com.br\/noticias\/santander-sanb11-alta-acoes-btg-recomendacao\/\"><h2 class=\"content__title\">Santander (SANB11) fecha em alta ap\u00f3s BTG elevar recomenda\u00e7\u00e3o de a\u00e7\u00f5es<\/h2><\/a><div class=\"newsContent__article__meta\"><div class=\"newsContent__article__meta__authorBox\"><a href=\"https:\/\/www.suno.com.br\/noticias\/author\/eduardo-vargas\/\" class=\"authorBox__avatar noMobi\"><img src=\"https:\/\/secure.gravatar.com\/avatar\/dac340933427a22924c9f99d1eb2e3f2?s=96&#038;r=g\" alt=\"Eduardo Vargas\"><\/a><div class=\"authorBox__name\"><span>por\n\t\t\t<a href=\"https:\/\/www.suno.com.br\/noticias\/author\/eduardo-vargas\/\"><span itemprop=\"author\">Eduardo Vargas<\/span><\/a><\/span><time datetime=\"2023-10-06T12:10:47-03:00\" itemprop=\"datePublished\">06\/10\/2023 12:10<\/time><\/div><\/div><\/div><\/div><\/div>","single_layout":"posts","amp_enabled":true,"_links":{"self":[{"href":"https:\/\/www.suno.com.br\/noticias\/wp-json\/wp\/v2\/posts\/467327"}],"collection":[{"href":"https:\/\/www.suno.com.br\/noticias\/wp-json\/wp\/v2\/posts"}],"about":[{"href":"https:\/\/www.suno.com.br\/noticias\/wp-json\/wp\/v2\/types\/post"}],"author":[{"embeddable":true,"href":"https:\/\/www.suno.com.br\/noticias\/wp-json\/wp\/v2\/users\/73"}],"replies":[{"embeddable":true,"href":"https:\/\/www.suno.com.br\/noticias\/wp-json\/wp\/v2\/comments?post=467327"}],"version-history":[{"count":2,"href":"https:\/\/www.suno.com.br\/noticias\/wp-json\/wp\/v2\/posts\/467327\/revisions"}],"predecessor-version":[{"id":467516,"href":"https:\/\/www.suno.com.br\/noticias\/wp-json\/wp\/v2\/posts\/467327\/revisions\/467516"}],"wp:featuredmedia":[{"embeddable":true,"href":"https:\/\/www.suno.com.br\/noticias\/wp-json\/wp\/v2\/media\/326098"}],"wp:attachment":[{"href":"https:\/\/www.suno.com.br\/noticias\/wp-json\/wp\/v2\/media?parent=467327"}],"wp:term":[{"taxonomy":"category","embeddable":true,"href":"https:\/\/www.suno.com.br\/noticias\/wp-json\/wp\/v2\/categories?post=467327"},{"taxonomy":"post_tag","embeddable":true,"href":"https:\/\/www.suno.com.br\/noticias\/wp-json\/wp\/v2\/tags?post=467327"},{"taxonomy":"suno_strategy","embeddable":true,"href":"https:\/\/www.suno.com.br\/noticias\/wp-json\/wp\/v2\/suno_strategy?post=467327"}],"curies":[{"name":"wp","href":"https:\/\/api.w.org\/{rel}","templated":true}]}}