{"id":467301,"date":"2023-10-06T13:29:06","date_gmt":"2023-10-06T16:29:06","guid":{"rendered":"https:\/\/www.suno.com.br\/noticias\/?p=467301"},"modified":"2023-10-06T23:50:48","modified_gmt":"2023-10-07T02:50:48","slug":"editoria-fundos-ibovespa-esta-acontecendo-ibovespa-gestor-gb","status":"publish","type":"post","link":"https:\/\/www.suno.com.br\/noticias\/editoria-fundos-ibovespa-esta-acontecendo-ibovespa-gestor-gb\/","title":{"rendered":"Por que o Ibovespa n\u00e3o deslancha? Entenda o que est\u00e1 acontecendo"},"content":{"rendered":"<p>Ap\u00f3s o in\u00edcio do ciclo de cortes da taxa Selic, o mercado tinha expectativas positivas com a Bolsa de Valores. Por\u00e9m, a queda dos juros n\u00e3o foi suficiente para dar mais f\u00f4lego ao mercado. Mesmo com a Selic saindo de 13,75% para 12,75%, o<strong> \u00edndice Ibovespa <\/strong>caiu 6,57% de agosto at\u00e9 esta \u00faltima quinta-feira (5).<\/p>\t<div class=\"wrapper-featured-image\">\n\t\t<figure class=\"spotlightImg\">\n\n\t\t\t<picture>\n\t\t\t\t<source media=\"(max-width: 768px)\" srcset=\"https:\/\/files.sunoresearch.com.br\/n\/uploads\/2023\/07\/investimento-grafico-preco-variacao-400x200.jpg\">\n\t\t\t\t<img loading=\"lazy\" decoding=\"async\" class=\"newsContent__article__imgCapa lazyloadDisabled \" src=\"https:\/\/files.sunoresearch.com.br\/n\/uploads\/2023\/07\/investimento-grafico-preco-variacao-800x450.jpg\" width=\"800\" height=\"450\" alt=\"Por que o Ibovespa n\u00e3o deslancha? Entenda o que est\u00e1 acontecendo\" fetchpriority=high \/>\n\t\t\t<\/picture>\n\n\t\t\t<figcaption class=\"wp-caption-text wp-caption-text--show\">XPML11. Foto: iStock<\/figcaption>\n\t\t<\/figure>\n\t<\/div>\n\n\n\n\n\n\t<p>\n\t\t<a href=\"https:\/\/lp.suno.com.br\/planilha-da-vida-financeira\/\" target=\"_blank\" data-element=\"shortcode-suno-banner\" title=\"Banner SUNO, clique e saiba mais\">\n\t\t\t<picture>\n\t\t\t\t<source media=\"(max-width: 500px)\" srcset=\"https:\/\/files.sunoresearch.com.br\/n\/uploads\/2023\/04\/400x300-Planilha-vida-financeira-true.png\">\n\t\t\t\t<img class=\"newsContent__article__imgCapa newsContent__article__imgCapa--banner\"\n\t\t\t\t\tsrc=\"https:\/\/files.sunoresearch.com.br\/n\/uploads\/2023\/04\/1420x240-Planilha-vida-financeira-true.png\"\n\t\t\t\t\tdata-promo-id=\"106682\"\t\t\t\t\t\t\t\t\t\twidth='1420' height='240'\t\t\t\t\talt=\"https:\/\/files.sunoresearch.com.br\/n\/uploads\/2023\/04\/1420x240-Planilha-vida-financeira-true.png\"\n\t\t\t\t>\n\t\t\t<\/picture>\n\t\t<\/a>\n\t<\/p>\n\n\n\n\n\t<div data-element=\"shortcode-read-more\" class=\"knowMore\">\n\t\t\t\t<span class=\"knowMore__title\">Leia mais<\/span>\n\t\t\t\t<a class=\"knowMore__link\" href=\"https:\/\/www.suno.com.br\/noticias\/ibovespa-hoje-mercado-ao-vivo-061023\/\">\n\t\t\tIbovespa sobe com exterior positivo p\u00f3s-payroll, mas acumula queda na semana;  Banco do Brasil (BBAS3), Petrobras (PETR4) e Vale (VALE3) fecham em alta nesta sexta (6)\t\t<\/a>\n\t<\/div>\n\n\n\n\n<p>O Suno Not\u00edcias conversou com <strong>Jo\u00e3o Mamede<\/strong>, co-gestor de renda vari\u00e1vel da<strong> AZ Quest<\/strong> e respons\u00e1vel pelo fundo AZ Quest Small Mid Caps FIC FIA. Em sua vis\u00e3o, \u201ca volatilidade do mercado nas \u00faltimas semanas tem mais a ver com o mercado externo do que com o interno\u201d.<\/p>\n\n\n\n<p>O aperto monet\u00e1rio nos Estados Unidos afetou grande parte do mercado financeiro, incluindo pa\u00edses emergentes como o Brasil. Por l\u00e1, \u201cisso acontece porque o <strong>Banco Central<\/strong> norte-americano, o<strong> Federal Reserve (Fed)<\/strong>, n\u00e3o deixou claro se o atual n\u00edvel da taxa de juros vai ser mantido\u201d, comenta Mamede.<\/p>\n\n\n\n<p>Neste caso, o Fed manteve a <strong><a href=\"https:\/\/www.suno.com.br\/artigos\/taxa-de-juros\/\">taxa de juros<\/a><\/strong> em 5,25% a 5,50%, o maior patamar desde 2001. Pior do que isso, foram as declara\u00e7\u00f5es do presidente do Fed, Jerome Powell, que deixou a porta aberta para futuras altas nas taxas de juros nos EUA.<\/p>\n\n\n\n<p>O gestor da AZ Quest acredita que \u201caumentar em mais 0,25% os juros nos EUA \u00e9 uma possibilidade. Essa decis\u00e3o depende dos pr\u00f3ximos dados de mercado de trabalho e infla\u00e7\u00e3o\u201d.<\/p>\n\n\n\n\t<div data-element=\"shortcode-read-more\" class=\"readToo\">\n\t\t\t\t<span class=\"readToo__title\">Leia mais<\/span>\n\t\t\t\t<ul class=\"readToo__list\">\n\t\t\t<li><a href=\"https:\/\/www.suno.com.br\/noticias\/payroll-eua-derruba-ibovespa-reforca-aumento-juros-fed-cpf\/\">Payroll acima do esperado derruba Ibovespa e refor\u00e7a sinal do Fed de aumentar juros<\/a><\/li><li><a href=\"https:\/\/www.suno.com.br\/noticias\/editoria-fundos-pesquisa-gestoresotimismo-brasil-ar\/\">Pesquisa com gestores de fundos multimercados aponta otimismo com Brasil<\/a><\/li>\t\t<\/ul>\n\t<\/div>\n\n\n\n\n<h2 class=\"wp-block-heading\">O exterior traz incertezas ao cen\u00e1rio dom\u00e9stico, afetando o Ibovespa<\/h2>\n\n\n\n<p>No geral, esse cen\u00e1rio mexe com o mercado de juros, favorecendo a alta do <strong>d\u00f3lar<\/strong>. Ap\u00f3s chegar ao patamar de R$ 4,72 em julho, o d\u00f3lar comercial \u00e9 cotado atualmente em R$ 5,15, uma alta de 9,2%. Esse cen\u00e1rio tamb\u00e9m explica a queda do Ibovespa nas \u00faltimas semanas.<\/p>\n\n\n\n<p>No Brasil, a situa\u00e7\u00e3o <strong>fiscal<\/strong> voltou a ser uma preocupa\u00e7\u00e3o. O gestor da AZ Quest acredita que, com essa maior deteriora\u00e7\u00e3o do contexto externo, o problema fica mais latente. <\/p>\n\n\n\n<p>\u201cA gente entende que nada ou muito pouco mudou do lado dom\u00e9stico, mas o cen\u00e1rio externo nos faz olhar para quest\u00f5es que estressam o mercado, como o fiscal\u201d, comenta.<\/p>\n\n\n\n<p>Por\u00e9m, a AZ Quest entende que, para frente, a <strong><a href=\"https:\/\/www.suno.com.br\/guias\/volatilidade\/\">volatilidade<\/a><\/strong> vai diminuir um pouco, principalmente quando o panorama externo melhorar. Quando isso acontecer, haver\u00e1 espa\u00e7o para a bolsa performar bem.<\/p>\n\n\n\n<p>\u201cA gente n\u00e3o tem formalmente um alvo para o <strong>Ibovespa<\/strong>, mas n\u00e3o \u00e9 exagero a bolsa chegar a 125 mil ou at\u00e9 130 mil pontos at\u00e9 o final de 2023\u201d, finaliza com otimismo o gestor.<\/p>\n\n\n\t<p>\n\t\t<a href=\"https:\/\/lp.suno.com.br\/planilha-da-vida-financeira\/\" target=\"_blank\" data-element=\"shortcode-suno-banner\" title=\"Banner SUNO, clique e saiba mais\">\n\t\t\t<picture>\n\t\t\t\t<source media=\"(max-width: 500px)\" srcset=\"https:\/\/files.sunoresearch.com.br\/n\/uploads\/2023\/04\/400x300-Planilha-vida-financeira-true.png\">\n\t\t\t\t<img class=\"newsContent__article__imgCapa newsContent__article__imgCapa--banner\"\n\t\t\t\t\tsrc=\"https:\/\/files.sunoresearch.com.br\/n\/uploads\/2023\/04\/1420x240-Planilha-vida-financeira-true.png\"\n\t\t\t\t\tdata-promo-id=\"383123\"\t\t\t\t\t\t\t\t\t\twidth='1420' height='240'\t\t\t\t\talt=\"https:\/\/files.sunoresearch.com.br\/n\/uploads\/2023\/04\/1420x240-Planilha-vida-financeira-true.png\"\n\t\t\t\t>\n\t\t\t<\/picture>\n\t\t<\/a>\n\t<\/p>\n\n\n","protected":false},"excerpt":{"rendered":"<p>Ap\u00f3s o in\u00edcio do ciclo de cortes da taxa Selic, o mercado tinha expectativas positivas com a Bolsa de Valores. Por\u00e9m, a queda dos juros n\u00e3o foi suficiente para dar mais f\u00f4lego ao mercado. Mesmo com a Selic saindo de 13,75% para 12,75%, o \u00edndice Ibovespa caiu 6,57% de agosto at\u00e9 esta \u00faltima quinta-feira (5). [&hellip;]<\/p>\n","protected":false},"author":172,"featured_media":425848,"comment_status":"closed","ping_status":"closed","sticky":false,"template":"","format":"standard","meta":[],"categories":[60],"tags":[309,721,1899,1752,290],"suno_strategy":[],"class_list":["post-467301","post","type-post","status-publish","format-standard","has-post-thumbnail","hentry","category-mercado","tag-bolsa-de-valores","tag-ibovespa","tag-jerome-powell","tag-taxa-de-juros","tag-taxa-selic"],"yoast_head":"<!-- This site is optimized with the Yoast SEO plugin v24.4 - https:\/\/yoast.com\/wordpress\/plugins\/seo\/ -->\n<title>O que est\u00e1 acontecendo com o Ibovespa? Veja a explica\u00e7\u00e3o de gestor<\/title>\n<meta name=\"description\" content=\"Mesmo com a Selic saindo de 13,75% para 12,75%, o \u00edndice Ibovespa segue caindo. O que est\u00e1 acontecendo? Veja opini\u00e3o de gestor.\" \/>\n<meta name=\"robots\" content=\"index, follow, max-snippet:-1, max-image-preview:large, max-video-preview:-1\" \/>\n<link rel=\"canonical\" href=\"https:\/\/www.suno.com.br\/noticias\/editoria-fundos-ibovespa-esta-acontecendo-ibovespa-gestor-gb\/\" \/>\n<meta property=\"og:locale\" content=\"pt_BR\" \/>\n<meta property=\"og:type\" content=\"article\" \/>\n<meta property=\"og:title\" content=\"O que est\u00e1 acontecendo com o Ibovespa? Veja a explica\u00e7\u00e3o de gestor\" \/>\n<meta property=\"og:description\" content=\"Mesmo com a Selic saindo de 13,75% para 12,75%, o \u00edndice Ibovespa segue caindo. O que est\u00e1 acontecendo? Veja opini\u00e3o de gestor.\" \/>\n<meta property=\"og:url\" content=\"https:\/\/www.suno.com.br\/noticias\/editoria-fundos-ibovespa-esta-acontecendo-ibovespa-gestor-gb\/\" \/>\n<meta property=\"og:site_name\" content=\"Suno Not\u00edcias\" \/>\n<meta property=\"article:publisher\" content=\"https:\/\/facebook.com\/sunoresearch\" \/>\n<meta property=\"og:image\" content=\"https:\/\/files.sunoresearch.com.br\/n\/uploads\/2023\/07\/investimento-grafico-preco-variacao.jpg\" \/>\n\t<meta property=\"og:image:width\" content=\"1200\" \/>\n\t<meta property=\"og:image:height\" content=\"800\" \/>\n\t<meta property=\"og:image:type\" content=\"image\/jpeg\" \/>\n<meta name=\"author\" content=\"Gustavo Bianch\" \/>\n<meta name=\"twitter:card\" content=\"summary_large_image\" \/>\n<meta name=\"twitter:creator\" content=\"@sunoresearch\" \/>\n<meta name=\"twitter:site\" content=\"@sunoresearch\" \/>\n<meta name=\"twitter:label1\" content=\"Escrito por\" \/>\n\t<meta name=\"twitter:data1\" content=\"Gustavo Bianch\" \/>\n\t<meta name=\"twitter:label2\" content=\"Est. tempo de leitura\" \/>\n\t<meta name=\"twitter:data2\" content=\"3 minutos\" \/>\n<script type=\"application\/ld+json\" class=\"yoast-schema-graph\">{\"@context\":\"https:\/\/schema.org\",\"@graph\":[{\"@type\":\"NewsArticle\",\"@id\":\"https:\/\/www.suno.com.br\/noticias\/editoria-fundos-ibovespa-esta-acontecendo-ibovespa-gestor-gb\/#article\",\"isPartOf\":{\"@id\":\"https:\/\/www.suno.com.br\/noticias\/editoria-fundos-ibovespa-esta-acontecendo-ibovespa-gestor-gb\/\"},\"author\":{\"name\":\"Gustavo Bianch\",\"@id\":\"https:\/\/www.suno.com.br\/noticias\/#\/schema\/person\/a72c0794bc524e8100a01ae3d3b6becb\"},\"headline\":\"Por que o Ibovespa n\u00e3o deslancha? Entenda o que est\u00e1 acontecendo\",\"datePublished\":\"2023-10-06T16:29:06+00:00\",\"dateModified\":\"2023-10-07T02:50:48+00:00\",\"mainEntityOfPage\":{\"@id\":\"https:\/\/www.suno.com.br\/noticias\/editoria-fundos-ibovespa-esta-acontecendo-ibovespa-gestor-gb\/\"},\"wordCount\":443,\"publisher\":{\"@id\":\"https:\/\/www.suno.com.br\/noticias\/#organization\"},\"image\":{\"@id\":\"https:\/\/www.suno.com.br\/noticias\/editoria-fundos-ibovespa-esta-acontecendo-ibovespa-gestor-gb\/#primaryimage\"},\"thumbnailUrl\":\"https:\/\/files.sunoresearch.com.br\/n\/uploads\/2023\/07\/investimento-grafico-preco-variacao.jpg\",\"keywords\":[\"Bolsa de Valores\",\"Ibovespa\",\"Jerome Powell\",\"taxa de juros\",\"Taxa Selic\"],\"articleSection\":[\"Mercado\"],\"inLanguage\":\"pt-BR\"},{\"@type\":\"WebPage\",\"@id\":\"https:\/\/www.suno.com.br\/noticias\/editoria-fundos-ibovespa-esta-acontecendo-ibovespa-gestor-gb\/\",\"url\":\"https:\/\/www.suno.com.br\/noticias\/editoria-fundos-ibovespa-esta-acontecendo-ibovespa-gestor-gb\/\",\"name\":\"O que est\u00e1 acontecendo com o Ibovespa? Veja a explica\u00e7\u00e3o de gestor\",\"isPartOf\":{\"@id\":\"https:\/\/www.suno.com.br\/noticias\/#website\"},\"primaryImageOfPage\":{\"@id\":\"https:\/\/www.suno.com.br\/noticias\/editoria-fundos-ibovespa-esta-acontecendo-ibovespa-gestor-gb\/#primaryimage\"},\"image\":{\"@id\":\"https:\/\/www.suno.com.br\/noticias\/editoria-fundos-ibovespa-esta-acontecendo-ibovespa-gestor-gb\/#primaryimage\"},\"thumbnailUrl\":\"https:\/\/files.sunoresearch.com.br\/n\/uploads\/2023\/07\/investimento-grafico-preco-variacao.jpg\",\"datePublished\":\"2023-10-06T16:29:06+00:00\",\"dateModified\":\"2023-10-07T02:50:48+00:00\",\"description\":\"Mesmo com a Selic saindo de 13,75% para 12,75%, o \u00edndice Ibovespa segue caindo. O que est\u00e1 acontecendo? Veja opini\u00e3o de gestor.\",\"breadcrumb\":{\"@id\":\"https:\/\/www.suno.com.br\/noticias\/editoria-fundos-ibovespa-esta-acontecendo-ibovespa-gestor-gb\/#breadcrumb\"},\"inLanguage\":\"pt-BR\",\"potentialAction\":[{\"@type\":\"ReadAction\",\"target\":[\"https:\/\/www.suno.com.br\/noticias\/editoria-fundos-ibovespa-esta-acontecendo-ibovespa-gestor-gb\/\"]}]},{\"@type\":\"ImageObject\",\"inLanguage\":\"pt-BR\",\"@id\":\"https:\/\/www.suno.com.br\/noticias\/editoria-fundos-ibovespa-esta-acontecendo-ibovespa-gestor-gb\/#primaryimage\",\"url\":\"https:\/\/files.sunoresearch.com.br\/n\/uploads\/2023\/07\/investimento-grafico-preco-variacao.jpg\",\"contentUrl\":\"https:\/\/files.sunoresearch.com.br\/n\/uploads\/2023\/07\/investimento-grafico-preco-variacao.jpg\",\"width\":1200,\"height\":800,\"caption\":\"XPML11. Foto: iStock\"},{\"@type\":\"BreadcrumbList\",\"@id\":\"https:\/\/www.suno.com.br\/noticias\/editoria-fundos-ibovespa-esta-acontecendo-ibovespa-gestor-gb\/#breadcrumb\",\"itemListElement\":[{\"@type\":\"ListItem\",\"position\":1,\"name\":\"Not\u00edcias\",\"item\":\"https:\/\/www.suno.com.br\/noticias\/\"},{\"@type\":\"ListItem\",\"position\":2,\"name\":\"Mercado\",\"item\":\"https:\/\/www.suno.com.br\/noticias\/mercado\/\"},{\"@type\":\"ListItem\",\"position\":3,\"name\":\"Por que o Ibovespa n\u00e3o deslancha? Entenda o que est\u00e1 acontecendo\"}]},{\"@type\":\"WebSite\",\"@id\":\"https:\/\/www.suno.com.br\/noticias\/#website\",\"url\":\"https:\/\/www.suno.com.br\/noticias\/\",\"name\":\"Suno Not\u00edcias\",\"description\":\"Seu portal de informa\u00e7\u00e3o sobre o mundo dos investimentos\",\"publisher\":{\"@id\":\"https:\/\/www.suno.com.br\/noticias\/#organization\"},\"potentialAction\":[{\"@type\":\"SearchAction\",\"target\":{\"@type\":\"EntryPoint\",\"urlTemplate\":\"https:\/\/www.suno.com.br\/noticias\/?s={search_term_string}\"},\"query-input\":{\"@type\":\"PropertyValueSpecification\",\"valueRequired\":true,\"valueName\":\"search_term_string\"}}],\"inLanguage\":\"pt-BR\"},{\"@type\":\"Organization\",\"@id\":\"https:\/\/www.suno.com.br\/noticias\/#organization\",\"name\":\"Suno Not\u00edcias\",\"url\":\"https:\/\/www.suno.com.br\/noticias\/\",\"logo\":{\"@type\":\"ImageObject\",\"inLanguage\":\"pt-BR\",\"@id\":\"https:\/\/www.suno.com.br\/noticias\/#\/schema\/logo\/image\/\",\"url\":\"https:\/\/files.sunoresearch.com.br\/n\/uploads\/2021\/09\/suno-logo.png\",\"contentUrl\":\"https:\/\/files.sunoresearch.com.br\/n\/uploads\/2021\/09\/suno-logo.png\",\"width\":180,\"height\":180,\"caption\":\"Suno Not\u00edcias\"},\"image\":{\"@id\":\"https:\/\/www.suno.com.br\/noticias\/#\/schema\/logo\/image\/\"},\"sameAs\":[\"https:\/\/facebook.com\/sunoresearch\",\"https:\/\/x.com\/sunoresearch\",\"https:\/\/www.instagram.com\/suno\",\"https:\/\/www.linkedin.com\/company\/suno-research\/\",\"https:\/\/www.youtube.com\/c\/sunoresearch\"]},{\"@type\":\"Person\",\"@id\":\"https:\/\/www.suno.com.br\/noticias\/#\/schema\/person\/a72c0794bc524e8100a01ae3d3b6becb\",\"name\":\"Gustavo Bianch\",\"image\":{\"@type\":\"ImageObject\",\"inLanguage\":\"pt-BR\",\"@id\":\"https:\/\/www.suno.com.br\/noticias\/#\/schema\/person\/image\/\",\"url\":\"https:\/\/secure.gravatar.com\/avatar\/a8da2835aade1ac6c1eede0339ead827?s=96&r=g\",\"contentUrl\":\"https:\/\/secure.gravatar.com\/avatar\/a8da2835aade1ac6c1eede0339ead827?s=96&r=g\",\"caption\":\"Gustavo Bianch\"},\"description\":\"Jornalista com doutorado pela UFMG e produtor de conte\u00fado da unidade de m\u00eddias da Suno. Tamb\u00e9m trabalha no FIIs.com.br e Funds Explorer, fazendo a cobertura sobre FIIs, Fiagro e FI-Infra.\",\"url\":\"https:\/\/www.suno.com.br\/noticias\/author\/gustavo-silva\/\"}]}<\/script>\n<!-- \/ Yoast SEO plugin. -->","yoast_head_json":{"title":"O que est\u00e1 acontecendo com o Ibovespa? Veja a explica\u00e7\u00e3o de gestor","description":"Mesmo com a Selic saindo de 13,75% para 12,75%, o \u00edndice Ibovespa segue caindo. O que est\u00e1 acontecendo? Veja opini\u00e3o de gestor.","robots":{"index":"index","follow":"follow","max-snippet":"max-snippet:-1","max-image-preview":"max-image-preview:large","max-video-preview":"max-video-preview:-1"},"canonical":"https:\/\/www.suno.com.br\/noticias\/editoria-fundos-ibovespa-esta-acontecendo-ibovespa-gestor-gb\/","og_locale":"pt_BR","og_type":"article","og_title":"O que est\u00e1 acontecendo com o Ibovespa? Veja a explica\u00e7\u00e3o de gestor","og_description":"Mesmo com a Selic saindo de 13,75% para 12,75%, o \u00edndice Ibovespa segue caindo. O que est\u00e1 acontecendo? Veja opini\u00e3o de gestor.","og_url":"https:\/\/www.suno.com.br\/noticias\/editoria-fundos-ibovespa-esta-acontecendo-ibovespa-gestor-gb\/","og_site_name":"Suno Not\u00edcias","article_publisher":"https:\/\/facebook.com\/sunoresearch","og_image":[{"width":1200,"height":800,"url":"https:\/\/files.sunoresearch.com.br\/n\/uploads\/2023\/07\/investimento-grafico-preco-variacao.jpg","type":"image\/jpeg"}],"author":"Gustavo Bianch","twitter_card":"summary_large_image","twitter_creator":"@sunoresearch","twitter_site":"@sunoresearch","twitter_misc":{"Escrito por":"Gustavo Bianch","Est. tempo de leitura":"3 minutos"},"schema":{"@context":"https:\/\/schema.org","@graph":[{"@type":"NewsArticle","@id":"https:\/\/www.suno.com.br\/noticias\/editoria-fundos-ibovespa-esta-acontecendo-ibovespa-gestor-gb\/#article","isPartOf":{"@id":"https:\/\/www.suno.com.br\/noticias\/editoria-fundos-ibovespa-esta-acontecendo-ibovespa-gestor-gb\/"},"author":{"name":"Gustavo Bianch","@id":"https:\/\/www.suno.com.br\/noticias\/#\/schema\/person\/a72c0794bc524e8100a01ae3d3b6becb"},"headline":"Por que o Ibovespa n\u00e3o deslancha? Entenda o que est\u00e1 acontecendo","datePublished":"2023-10-06T16:29:06+00:00","dateModified":"2023-10-07T02:50:48+00:00","mainEntityOfPage":{"@id":"https:\/\/www.suno.com.br\/noticias\/editoria-fundos-ibovespa-esta-acontecendo-ibovespa-gestor-gb\/"},"wordCount":443,"publisher":{"@id":"https:\/\/www.suno.com.br\/noticias\/#organization"},"image":{"@id":"https:\/\/www.suno.com.br\/noticias\/editoria-fundos-ibovespa-esta-acontecendo-ibovespa-gestor-gb\/#primaryimage"},"thumbnailUrl":"https:\/\/files.sunoresearch.com.br\/n\/uploads\/2023\/07\/investimento-grafico-preco-variacao.jpg","keywords":["Bolsa de Valores","Ibovespa","Jerome Powell","taxa de juros","Taxa Selic"],"articleSection":["Mercado"],"inLanguage":"pt-BR"},{"@type":"WebPage","@id":"https:\/\/www.suno.com.br\/noticias\/editoria-fundos-ibovespa-esta-acontecendo-ibovespa-gestor-gb\/","url":"https:\/\/www.suno.com.br\/noticias\/editoria-fundos-ibovespa-esta-acontecendo-ibovespa-gestor-gb\/","name":"O que est\u00e1 acontecendo com o Ibovespa? Veja a explica\u00e7\u00e3o de gestor","isPartOf":{"@id":"https:\/\/www.suno.com.br\/noticias\/#website"},"primaryImageOfPage":{"@id":"https:\/\/www.suno.com.br\/noticias\/editoria-fundos-ibovespa-esta-acontecendo-ibovespa-gestor-gb\/#primaryimage"},"image":{"@id":"https:\/\/www.suno.com.br\/noticias\/editoria-fundos-ibovespa-esta-acontecendo-ibovespa-gestor-gb\/#primaryimage"},"thumbnailUrl":"https:\/\/files.sunoresearch.com.br\/n\/uploads\/2023\/07\/investimento-grafico-preco-variacao.jpg","datePublished":"2023-10-06T16:29:06+00:00","dateModified":"2023-10-07T02:50:48+00:00","description":"Mesmo com a Selic saindo de 13,75% para 12,75%, o \u00edndice Ibovespa segue caindo. O que est\u00e1 acontecendo? Veja opini\u00e3o de gestor.","breadcrumb":{"@id":"https:\/\/www.suno.com.br\/noticias\/editoria-fundos-ibovespa-esta-acontecendo-ibovespa-gestor-gb\/#breadcrumb"},"inLanguage":"pt-BR","potentialAction":[{"@type":"ReadAction","target":["https:\/\/www.suno.com.br\/noticias\/editoria-fundos-ibovespa-esta-acontecendo-ibovespa-gestor-gb\/"]}]},{"@type":"ImageObject","inLanguage":"pt-BR","@id":"https:\/\/www.suno.com.br\/noticias\/editoria-fundos-ibovespa-esta-acontecendo-ibovespa-gestor-gb\/#primaryimage","url":"https:\/\/files.sunoresearch.com.br\/n\/uploads\/2023\/07\/investimento-grafico-preco-variacao.jpg","contentUrl":"https:\/\/files.sunoresearch.com.br\/n\/uploads\/2023\/07\/investimento-grafico-preco-variacao.jpg","width":1200,"height":800,"caption":"XPML11. Foto: iStock"},{"@type":"BreadcrumbList","@id":"https:\/\/www.suno.com.br\/noticias\/editoria-fundos-ibovespa-esta-acontecendo-ibovespa-gestor-gb\/#breadcrumb","itemListElement":[{"@type":"ListItem","position":1,"name":"Not\u00edcias","item":"https:\/\/www.suno.com.br\/noticias\/"},{"@type":"ListItem","position":2,"name":"Mercado","item":"https:\/\/www.suno.com.br\/noticias\/mercado\/"},{"@type":"ListItem","position":3,"name":"Por que o Ibovespa n\u00e3o deslancha? Entenda o que est\u00e1 acontecendo"}]},{"@type":"WebSite","@id":"https:\/\/www.suno.com.br\/noticias\/#website","url":"https:\/\/www.suno.com.br\/noticias\/","name":"Suno Not\u00edcias","description":"Seu portal de informa\u00e7\u00e3o sobre o mundo dos investimentos","publisher":{"@id":"https:\/\/www.suno.com.br\/noticias\/#organization"},"potentialAction":[{"@type":"SearchAction","target":{"@type":"EntryPoint","urlTemplate":"https:\/\/www.suno.com.br\/noticias\/?s={search_term_string}"},"query-input":{"@type":"PropertyValueSpecification","valueRequired":true,"valueName":"search_term_string"}}],"inLanguage":"pt-BR"},{"@type":"Organization","@id":"https:\/\/www.suno.com.br\/noticias\/#organization","name":"Suno Not\u00edcias","url":"https:\/\/www.suno.com.br\/noticias\/","logo":{"@type":"ImageObject","inLanguage":"pt-BR","@id":"https:\/\/www.suno.com.br\/noticias\/#\/schema\/logo\/image\/","url":"https:\/\/files.sunoresearch.com.br\/n\/uploads\/2021\/09\/suno-logo.png","contentUrl":"https:\/\/files.sunoresearch.com.br\/n\/uploads\/2021\/09\/suno-logo.png","width":180,"height":180,"caption":"Suno Not\u00edcias"},"image":{"@id":"https:\/\/www.suno.com.br\/noticias\/#\/schema\/logo\/image\/"},"sameAs":["https:\/\/facebook.com\/sunoresearch","https:\/\/x.com\/sunoresearch","https:\/\/www.instagram.com\/suno","https:\/\/www.linkedin.com\/company\/suno-research\/","https:\/\/www.youtube.com\/c\/sunoresearch"]},{"@type":"Person","@id":"https:\/\/www.suno.com.br\/noticias\/#\/schema\/person\/a72c0794bc524e8100a01ae3d3b6becb","name":"Gustavo Bianch","image":{"@type":"ImageObject","inLanguage":"pt-BR","@id":"https:\/\/www.suno.com.br\/noticias\/#\/schema\/person\/image\/","url":"https:\/\/secure.gravatar.com\/avatar\/a8da2835aade1ac6c1eede0339ead827?s=96&r=g","contentUrl":"https:\/\/secure.gravatar.com\/avatar\/a8da2835aade1ac6c1eede0339ead827?s=96&r=g","caption":"Gustavo Bianch"},"description":"Jornalista com doutorado pela UFMG e produtor de conte\u00fado da unidade de m\u00eddias da Suno. Tamb\u00e9m trabalha no FIIs.com.br e Funds Explorer, fazendo a cobertura sobre FIIs, Fiagro e FI-Infra.","url":"https:\/\/www.suno.com.br\/noticias\/author\/gustavo-silva\/"}]}},"default_loop_html":"<div class=\"cardsPage__listCard__boxs\"><div class=\"cardsPage__listCard__boxs__img\"><a href=\"https:\/\/www.suno.com.br\/noticias\/editoria-fundos-ibovespa-esta-acontecendo-ibovespa-gestor-gb\/\"><img class=\"mask\" src=\"https:\/\/www.suno.com.br\/noticias\/wp-content\/themes\/suno\/resources\/images\/spotlight\/spotlight1img\/bg-mask.png\" alt=\"Image Mask\"\/><img src=\"https:\/\/files.sunoresearch.com.br\/n\/uploads\/2023\/07\/investimento-grafico-preco-variacao-400x200.jpg\" alt=\"Por que o Ibovespa n\u00e3o deslancha? Entenda o que est\u00e1 acontecendo\"\/><\/a><span class=\"spotlightCategory\"><a href=\"https:\/\/www.suno.com.br\/noticias\/mercado\/\">Mercado<\/a><\/span><\/div><div class=\"cardsPage__listCard__boxs__content\"><a href=\"https:\/\/www.suno.com.br\/noticias\/editoria-fundos-ibovespa-esta-acontecendo-ibovespa-gestor-gb\/\"><h2 class=\"content__title\">Por que o Ibovespa n\u00e3o deslancha? Entenda o que est\u00e1 acontecendo<\/h2><\/a><div class=\"newsContent__article__meta\"><div class=\"newsContent__article__meta__authorBox\"><a href=\"https:\/\/www.suno.com.br\/noticias\/author\/allan-ravagnani\/\" class=\"authorBox__avatar noMobi\"><img src=\"https:\/\/files.sunoresearch.com.br\/n\/uploads\/2023\/06\/allan-usuario-150x150.png\" alt=\"Allan Ravagnani\"><\/a><div class=\"authorBox__name\"><span>por\n\t\t\t<a href=\"https:\/\/www.suno.com.br\/noticias\/author\/allan-ravagnani\/\"><span itemprop=\"author\">Allan Ravagnani<\/span><\/a><\/span><time datetime=\"2023-10-06T13:29:06-03:00\" itemprop=\"datePublished\">06\/10\/2023 13:29<\/time><\/div><\/div><\/div><\/div><\/div>","single_layout":"posts","amp_enabled":true,"_links":{"self":[{"href":"https:\/\/www.suno.com.br\/noticias\/wp-json\/wp\/v2\/posts\/467301"}],"collection":[{"href":"https:\/\/www.suno.com.br\/noticias\/wp-json\/wp\/v2\/posts"}],"about":[{"href":"https:\/\/www.suno.com.br\/noticias\/wp-json\/wp\/v2\/types\/post"}],"author":[{"embeddable":true,"href":"https:\/\/www.suno.com.br\/noticias\/wp-json\/wp\/v2\/users\/172"}],"replies":[{"embeddable":true,"href":"https:\/\/www.suno.com.br\/noticias\/wp-json\/wp\/v2\/comments?post=467301"}],"version-history":[{"count":3,"href":"https:\/\/www.suno.com.br\/noticias\/wp-json\/wp\/v2\/posts\/467301\/revisions"}],"predecessor-version":[{"id":467692,"href":"https:\/\/www.suno.com.br\/noticias\/wp-json\/wp\/v2\/posts\/467301\/revisions\/467692"}],"wp:featuredmedia":[{"embeddable":true,"href":"https:\/\/www.suno.com.br\/noticias\/wp-json\/wp\/v2\/media\/425848"}],"wp:attachment":[{"href":"https:\/\/www.suno.com.br\/noticias\/wp-json\/wp\/v2\/media?parent=467301"}],"wp:term":[{"taxonomy":"category","embeddable":true,"href":"https:\/\/www.suno.com.br\/noticias\/wp-json\/wp\/v2\/categories?post=467301"},{"taxonomy":"post_tag","embeddable":true,"href":"https:\/\/www.suno.com.br\/noticias\/wp-json\/wp\/v2\/tags?post=467301"},{"taxonomy":"suno_strategy","embeddable":true,"href":"https:\/\/www.suno.com.br\/noticias\/wp-json\/wp\/v2\/suno_strategy?post=467301"}],"curies":[{"name":"wp","href":"https:\/\/api.w.org\/{rel}","templated":true}]}}