{"id":466644,"date":"2023-10-05T10:03:47","date_gmt":"2023-10-05T13:03:47","guid":{"rendered":"https:\/\/www.suno.com.br\/noticias\/?p=466644"},"modified":"2023-10-05T10:03:53","modified_gmt":"2023-10-05T13:03:53","slug":"destaques-oi-oibr3-eletrobras-e-mais-va","status":"publish","type":"post","link":"https:\/\/www.suno.com.br\/noticias\/destaques-oi-oibr3-eletrobras-e-mais-va\/","title":{"rendered":"Oi (OIBR3), Eletrobras (ELET3) e Cosan (CSNA3) est\u00e3o no foco do mercado nesta quinta (5); veja mais destaques"},"content":{"rendered":"<p>A informa\u00e7\u00e3o de que a <strong>Oi <\/strong>(OIBR3) teve um acordo homologado pela Justi\u00e7a com a <a class=\"suno-keyword\" target=\"_blank\" data-force=\"yes\" data-priority=\"2\" href=\"https:\/\/www.suno.com.br\/acoes\/TIMS3\/\" rel=\"noopener\">Tim (TIMS3)<\/a>, a <a class=\"suno-keyword\" target=\"_blank\" data-force=\"yes\" data-priority=\"2\" href=\"https:\/\/www.suno.com.br\/acoes\/VIVT3\/\" rel=\"noopener\">Telef\u00f4nica (VIVT3)<\/a> e a Claro, referente ao valor final do pre\u00e7o de compra da UPI Ativos M\u00f3veis, \u00e9 um dos destaques desta quinta-feira (05).<\/p>\t<div class=\"wrapper-featured-image\">\n\t\t<figure class=\"spotlightImg\">\n\n\t\t\t<picture>\n\t\t\t\t<source media=\"(max-width: 768px)\" srcset=\"https:\/\/files.sunoresearch.com.br\/n\/uploads\/2023\/07\/investimento-grafico-preco-variacao-400x200.jpg\">\n\t\t\t\t<img loading=\"lazy\" decoding=\"async\" class=\"newsContent__article__imgCapa lazyloadDisabled \" src=\"https:\/\/files.sunoresearch.com.br\/n\/uploads\/2023\/07\/investimento-grafico-preco-variacao-800x450.jpg\" width=\"800\" height=\"450\" alt=\"Oi (OIBR3), Eletrobras (ELET3) e Cosan (CSNA3) est\u00e3o no foco do mercado nesta quinta (5); veja mais destaques\" fetchpriority=high \/>\n\t\t\t<\/picture>\n\n\t\t\t<figcaption class=\"wp-caption-text wp-caption-text--show\">XPML11. Foto: iStock<\/figcaption>\n\t\t<\/figure>\n\t<\/div>\n\n\n\n\n\n\t<p>\n\t\t<a href=\"https:\/\/lp.suno.com.br\/planilha-da-vida-financeira\/\" target=\"_blank\" data-element=\"shortcode-suno-banner\" title=\"Banner SUNO, clique e saiba mais\">\n\t\t\t<picture>\n\t\t\t\t<source media=\"(max-width: 500px)\" srcset=\"https:\/\/files.sunoresearch.com.br\/n\/uploads\/2023\/04\/400x300-Planilha-vida-financeira-true.png\">\n\t\t\t\t<img class=\"newsContent__article__imgCapa newsContent__article__imgCapa--banner\"\n\t\t\t\t\tsrc=\"https:\/\/files.sunoresearch.com.br\/n\/uploads\/2023\/04\/1420x240-Planilha-vida-financeira-true.png\"\n\t\t\t\t\tdata-promo-id=\"106682\"\t\t\t\t\t\t\t\t\t\twidth='1420' height='240'\t\t\t\t\talt=\"https:\/\/files.sunoresearch.com.br\/n\/uploads\/2023\/04\/1420x240-Planilha-vida-financeira-true.png\"\n\t\t\t\t>\n\t\t\t<\/picture>\n\t\t<\/a>\n\t<\/p>\n\n\n\n\n\n<p>Tamb\u00e9m est\u00e1 entre os<strong> destaques do mercado financeiro<\/strong> a <a class=\"suno-keyword\" data-force=\"yes\" data-priority=\"2\" href=\"https:\/\/www.suno.com.br\/acoes\/ELET3\/\" target=\"_blank\" rel=\"noopener\">Eletrobras (ELET3)<\/a>, ap\u00f3s divulgar o resgate antecipado da totalidade da 1\u00aa emiss\u00e3o de notas comerciais.<\/p>\n\n\n\n<p>A <a class=\"suno-keyword\" target=\"_blank\" data-force=\"yes\" data-priority=\"2\" href=\"https:\/\/www.suno.com.br\/acoes\/CSAN3\/\" rel=\"noopener\">Cosan (CSAN3)<\/a> tamb\u00e9m \u00e9 destaque hoje, depois de not\u00edcias apontarem que a companhia pode enfrentar obst\u00e1culos no Conselho Administrativo de Defesa Econ\u00f4mica (Cade) para aprova\u00e7\u00e3o da venda de cinco distribuidoras de g\u00e1s canalizado no Nordeste.<\/p>\n\n\n\n<p>Veja os <strong>destaques do mercado financeiro<\/strong> hoje:<\/p>\n\n\n\n<h2 class=\"wp-block-heading\">Oi<\/h2>\n\n\n\n<p>A <a class=\"suno-keyword\" data-force=\"yes\" data-priority=\"2\" href=\"https:\/\/www.suno.com.br\/acoes\/OIBR3\/\" target=\"_blank\" rel=\"noopener\">Oi (<strong>OIBR3<\/strong>)<\/a> informou que o tribunal da c\u00e2mara arbitral homologou um acordo feito entre ela, a <a class=\"suno-keyword\" data-force=\"yes\" data-priority=\"2\" href=\"https:\/\/www.suno.com.br\/acoes\/TIMS3\/\" target=\"_blank\" rel=\"noopener\">Tim (TIMS3)<\/a>, a <a class=\"suno-keyword\" data-force=\"yes\" data-priority=\"2\" href=\"https:\/\/www.suno.com.br\/acoes\/VIVT3\/\" target=\"_blank\" rel=\"noopener\">Telef\u00f4nica (VIVT3)<\/a> e a Claro, referente ao valor final do pre\u00e7o de compra da UPI Ativos M\u00f3veis, ap\u00f3s realizado reajuste.<\/p>\n\n\n\n<p>Conforme comunicado pela Oi, depois desse ajuste p\u00f3s-fechamento, o valor total devido a ela pelos UPI Ativos M\u00f3veis ficou definido em aproximadamente R$ 15,198 bilh\u00f5es.<\/p>\n\n\n\n<h2 class=\"wp-block-heading\">Eletrobras&nbsp;<\/h2>\n\n\n\n<p>A <strong>Eletrobras (ELET3)<\/strong> divulgou o resgate antecipado da totalidade da 1\u00aa emiss\u00e3o de notas comerciais de R$ 6,30 bilh\u00f5es para o dia 13 de outubro,\u00a0 o pr\u00eamio de resgate \u00e9 correspondente a 0,20%.<\/p>\n\n\n\n<h2 class=\"wp-block-heading\">Cosan<\/h2>\n\n\n\n<p>A <a class=\"suno-keyword\" data-force=\"yes\" data-priority=\"2\" href=\"https:\/\/www.suno.com.br\/acoes\/CSAN3\/\" target=\"_blank\" rel=\"noopener\"><strong>Cosan (CSAN3)<\/strong><\/a> pode enfrentar obst\u00e1culos no Conselho Administrativo de Defesa Econ\u00f4mica (Cade) para aprova\u00e7\u00e3o da venda de cinco distribuidoras de g\u00e1s canalizado no Nordeste pela Compass, informa o Valor Econ\u00f4mico.\u00a0<\/p>\n\n\n\n<p>Segundo fontes, h\u00e1 um risco de concentra\u00e7\u00e3o de mercado e de cria\u00e7\u00e3o de monop\u00f3lio regional se a Mitsui G\u00e1s e Energia exercer o direito de prefer\u00eancia sobre a fatia da s\u00f3cia nas concession\u00e1rias. A Mitsui tamb\u00e9m possui participa\u00e7\u00e3o direta de 41,5% nas distribuidoras de g\u00e1s de Sergipe, Alagoas, Pernambuco e Cear\u00e1.<\/p>\n\n\n\n<h2 class=\"wp-block-heading\">Saraiva <\/h2>\n\n\n\n<p>Em <a class=\"suno-keyword\" data-force=\"no\" data-priority=\"1\" href=\"https:\/\/www.suno.com.br\/artigos\/fato-relevante\/\" target=\"_blank\" rel=\"noopener\">fato relevante<\/a>,\u00a0 a <a class=\"suno-keyword\" data-force=\"yes\" data-priority=\"2\" href=\"https:\/\/www.suno.com.br\/acoes\/SLED4\/\" target=\"_blank\" rel=\"noopener\"><strong>Saraiva (SLED4)<\/strong><\/a> informou que protocolou um pedido de autofal\u00eancia nos autos do processo de recupera\u00e7\u00e3o judicial, que est\u00e3o em tr\u00e2mite na\u00a0 2\u00aa Vara de Fal\u00eancias e Recupera\u00e7\u00f5es Judiciais do Foro Central da Comarca da Capital do Estado de S\u00e3o Paulo.\u00a0<\/p>\n\n\n\n<h2 class=\"wp-block-heading\">Gerdau&nbsp;<\/h2>\n\n\n\n<p>A <a class=\"suno-keyword\" data-force=\"yes\" data-priority=\"2\" href=\"https:\/\/www.suno.com.br\/acoes\/GGBR4\/\" target=\"_blank\" rel=\"noopener\"><strong>Gerdau (GGBR4)<\/strong><\/a> e a <a class=\"suno-keyword\" data-force=\"yes\" data-priority=\"2\" href=\"https:\/\/www.suno.com.br\/acoes\/GOAU4\/\" target=\"_blank\" rel=\"noopener\"><strong>Metal\u00fargica Gerdau (GOAU4)<\/strong><\/a> comunicaram, em fato relevante na noite desta quarta-feira (4), uma atualiza\u00e7\u00e3o do seu Capex.\u00a0<\/p>\n\n\n\n<p>Conforme a Gerdau e a Metal\u00fargica Gerdau comunicaram no documento, a expectativa \u00e9 de que os os investimentos em CAPEX estrat\u00e9gico somem R$ 11,9 bilh\u00f5es quando considerado o per\u00edodo de 2021 a 2026.<\/p>\n\n\n\t<div data-element=\"shortcode-read-more\" class=\"knowMore\">\n\t\t\t\t<span class=\"knowMore__title\">Leia mais<\/span>\n\t\t\t\t<a class=\"knowMore__link\" href=\"https:\/\/www.suno.com.br\/noticias\/gerdau-ggbr-atualiza-capex-investimentos-evm\/\">\n\t\t\tGerdau (GGBR4) atualiza capex para R$ 12 bilh\u00f5es; veja\t\t<\/a>\n\t<\/div>\n\n\n\n\n<h2 class=\"wp-block-heading\">Tenda <\/h2>\n\n\n\n<p>A <a class=\"suno-keyword\" data-force=\"yes\" data-priority=\"2\" href=\"https:\/\/www.suno.com.br\/acoes\/TEND3\/\" target=\"_blank\" rel=\"noopener\"><strong>Tenda (TEND3)<\/strong><\/a> convocou uma Assembleia Geral Extraordin\u00e1ria, em 16 de novembro, para deliberar sobre a proposta de redu\u00e7\u00e3o do seu capital social para absor\u00e7\u00e3o dos <a class=\"suno-keyword\" data-force=\"no\" data-priority=\"1\" href=\"https:\/\/www.suno.com.br\/artigos\/prejuizos-acumulados\/\" target=\"_blank\" rel=\"noopener\">preju\u00edzos acumulados<\/a>, sem cancelamento de a\u00e7\u00f5es, mantendo-se inalterado o percentual de participa\u00e7\u00e3o dos atuais acionistas.\u00a0<\/p>\n\n\n\t<p>\n\t\t<a href=\"https:\/\/lp.suno.com.br\/ebook-como-analisar-uma-acao\/\" target=\"_blank\" data-element=\"shortcode-suno-banner\" title=\"Banner SUNO, clique e saiba mais\">\n\t\t\t<picture>\n\t\t\t\t<source media=\"(max-width: 500px)\" srcset=\"https:\/\/files.sunoresearch.com.br\/n\/uploads\/2023\/03\/Ebook-Acoes-Mobile.jpg\">\n\t\t\t\t<img class=\"newsContent__article__imgCapa newsContent__article__imgCapa--banner\"\n\t\t\t\t\tsrc=\"https:\/\/files.sunoresearch.com.br\/n\/uploads\/2023\/03\/Ebook-Acoes-Desktop.jpg\"\n\t\t\t\t\tdata-promo-id=\"378302\"\t\t\t\t\t\t\t\t\t\twidth='1420' height='286'\t\t\t\t\talt=\"https:\/\/files.sunoresearch.com.br\/n\/uploads\/2023\/03\/Ebook-Acoes-Desktop.jpg\"\n\t\t\t\t>\n\t\t\t<\/picture>\n\t\t<\/a>\n\t<\/p>\n\n\n\n\n\n<p>A <a class=\"suno-keyword\" target=\"_blank\" data-force=\"no\" data-priority=\"1\" href=\"https:\/\/www.suno.com.br\/artigos\/reducao-capital\/\" rel=\"noopener\">redu\u00e7\u00e3o de capital<\/a> proposta pela companhia \u00e9 de R$419.4 milh\u00f5es, correspondente ao valor dos preju\u00edzos acumulados reconhecidos nas informa\u00e7\u00f5es financeiras referentes ao per\u00edodo de tr\u00eas meses encerrado em 30 de junho de 2023.&nbsp;<\/p>\n\n\n\n<h2 class=\"wp-block-heading\">P\u00e3o de A\u00e7\u00facar&nbsp;<\/h2>\n\n\n\n<p>O <strong>Casino<\/strong> Guichard-Perrachon, controlador do Grupo <a class=\"suno-keyword\" data-force=\"yes\" data-priority=\"2\" href=\"https:\/\/www.suno.com.br\/acoes\/PCAR3\/\" target=\"_blank\" rel=\"noopener\"><strong>P\u00e3o de A\u00e7\u00facar (PCAR3)<\/strong><\/a> no Brasil, afirmou nesta quinta-feira (5) que fechou um acordo final com credores garantidos relacionados \u00e0 sua reestrutura\u00e7\u00e3o financeira.<\/p>\n\n\n\n<p>O acordo, que vem ap\u00f3s pactos preliminares anunciados em julho e setembro deste ano, reduz a d\u00edvida do Casino em 6,1 bilh\u00f5es de euros.<\/p>\n\n\n\t<div data-element=\"shortcode-read-more\" class=\"knowMore\">\n\t\t\t\t<span class=\"knowMore__title\">Leia mais<\/span>\n\t\t\t\t<a class=\"knowMore__link\" href=\"https:\/\/www.suno.com.br\/noticias\/casino-pao-de-acucar-pcar3-gpj\/\">\n\t\t\tCasino, dono do P\u00e3o de A\u00e7\u00facar (PCAR3), assina acordo final de reestrutura\u00e7\u00e3o financeira com credores\t\t<\/a>\n\t<\/div>\n\n\n\n\n<p>Os destaques do mercado financeiro do Suno Not\u00edcias mostram os principais acontecimentos que prometem movimentar o mercado durante o dia, como a <strong>Oi <\/strong>(OIBR3), que deve estar no foco dos investidores ao longo do dia.<\/p>\n\n\n\t<p>\n\t\t<a href=\"https:\/\/lp.suno.com.br\/planilha-da-vida-financeira\/\" target=\"_blank\" data-element=\"shortcode-suno-banner\" title=\"Banner SUNO, clique e saiba mais\">\n\t\t\t<picture>\n\t\t\t\t<source media=\"(max-width: 500px)\" srcset=\"https:\/\/files.sunoresearch.com.br\/n\/uploads\/2023\/04\/400x300-Planilha-vida-financeira-true.png\">\n\t\t\t\t<img class=\"newsContent__article__imgCapa newsContent__article__imgCapa--banner\"\n\t\t\t\t\tsrc=\"https:\/\/files.sunoresearch.com.br\/n\/uploads\/2023\/04\/1420x240-Planilha-vida-financeira-true.png\"\n\t\t\t\t\tdata-promo-id=\"383123\"\t\t\t\t\t\t\t\t\t\twidth='1420' height='240'\t\t\t\t\talt=\"https:\/\/files.sunoresearch.com.br\/n\/uploads\/2023\/04\/1420x240-Planilha-vida-financeira-true.png\"\n\t\t\t\t>\n\t\t\t<\/picture>\n\t\t<\/a>\n\t<\/p>\n\n\n","protected":false},"excerpt":{"rendered":"<p>A informa\u00e7\u00e3o de que a Oi (OIBR3) teve um acordo homologado pela Justi\u00e7a com a Tim (TIMS3), a Telef\u00f4nica (VIVT3) e a Claro, referente ao valor final do pre\u00e7o de compra da UPI Ativos M\u00f3veis, \u00e9 um dos destaques desta quinta-feira (05). XPML11. Foto: iStock Tamb\u00e9m est\u00e1 entre os destaques do mercado financeiro a Eletrobras [&hellip;]<\/p>\n","protected":false},"author":301,"featured_media":425848,"comment_status":"closed","ping_status":"closed","sticky":false,"template":"","format":"standard","meta":[],"categories":[60],"tags":[433,455,488,1964,584,629,660],"suno_strategy":[],"class_list":["post-466644","post","type-post","status-publish","format-standard","has-post-thumbnail","hentry","category-mercado","tag-cosan-csan3","tag-eletrobras-elet3-elet5-elet6","tag-gerdau-ggbr3-ggbr4","tag-grupo-pao-de-acucar-pcar3-pcar4","tag-oi-oibr3-oibr4","tag-saraiva-sled3-sled4","tag-tenda-tend3"],"yoast_head":"<!-- This site is optimized with the Yoast SEO plugin v24.4 - https:\/\/yoast.com\/wordpress\/plugins\/seo\/ -->\n<title>Oi (OIBR3) e Eletrobras (ELET3) est\u00e3o no foco do mercado hoje (5)<\/title>\n<meta name=\"description\" content=\"A informa\u00e7\u00e3o de que a Oi teve um acordo homologado pela Justi\u00e7a com a Tim (TIMS3), a Telef\u00f4nica (VIVT3) e Claro est\u00e1 como destaques.\" \/>\n<meta name=\"robots\" content=\"index, follow, max-snippet:-1, max-image-preview:large, max-video-preview:-1\" \/>\n<link rel=\"canonical\" href=\"https:\/\/www.suno.com.br\/noticias\/destaques-oi-oibr3-eletrobras-e-mais-va\/\" \/>\n<meta property=\"og:locale\" content=\"pt_BR\" \/>\n<meta property=\"og:type\" content=\"article\" \/>\n<meta property=\"og:title\" content=\"Oi (OIBR3) e Eletrobras (ELET3) est\u00e3o no foco do mercado hoje (5)\" \/>\n<meta property=\"og:description\" content=\"A informa\u00e7\u00e3o de que a Oi teve um acordo homologado pela Justi\u00e7a com a Tim (TIMS3), a Telef\u00f4nica (VIVT3) e Claro est\u00e1 como destaques.\" \/>\n<meta property=\"og:url\" content=\"https:\/\/www.suno.com.br\/noticias\/destaques-oi-oibr3-eletrobras-e-mais-va\/\" \/>\n<meta property=\"og:site_name\" content=\"Suno Not\u00edcias\" \/>\n<meta property=\"article:publisher\" content=\"https:\/\/facebook.com\/sunoresearch\" \/>\n<meta property=\"og:image\" content=\"https:\/\/files.sunoresearch.com.br\/n\/uploads\/2023\/07\/investimento-grafico-preco-variacao.jpg\" \/>\n\t<meta property=\"og:image:width\" content=\"1200\" \/>\n\t<meta property=\"og:image:height\" content=\"800\" \/>\n\t<meta property=\"og:image:type\" content=\"image\/jpeg\" \/>\n<meta name=\"author\" content=\"Vin\u00edcius Alves\" \/>\n<meta name=\"twitter:card\" content=\"summary_large_image\" \/>\n<meta name=\"twitter:creator\" content=\"@sunoresearch\" \/>\n<meta name=\"twitter:site\" content=\"@sunoresearch\" \/>\n<meta name=\"twitter:label1\" content=\"Escrito por\" \/>\n\t<meta name=\"twitter:data1\" content=\"Vin\u00edcius Alves\" \/>\n\t<meta name=\"twitter:label2\" content=\"Est. tempo de leitura\" \/>\n\t<meta name=\"twitter:data2\" content=\"4 minutos\" \/>\n<script type=\"application\/ld+json\" class=\"yoast-schema-graph\">{\"@context\":\"https:\/\/schema.org\",\"@graph\":[{\"@type\":\"NewsArticle\",\"@id\":\"https:\/\/www.suno.com.br\/noticias\/destaques-oi-oibr3-eletrobras-e-mais-va\/#article\",\"isPartOf\":{\"@id\":\"https:\/\/www.suno.com.br\/noticias\/destaques-oi-oibr3-eletrobras-e-mais-va\/\"},\"author\":{\"name\":\"Vin\u00edcius Alves\",\"@id\":\"https:\/\/www.suno.com.br\/noticias\/#\/schema\/person\/4a180549702d0e236b3e420862bcded3\"},\"headline\":\"Oi (OIBR3), Eletrobras (ELET3) e Cosan (CSNA3) est\u00e3o no foco do mercado nesta quinta (5); veja mais destaques\",\"datePublished\":\"2023-10-05T13:03:47+00:00\",\"dateModified\":\"2023-10-05T13:03:53+00:00\",\"mainEntityOfPage\":{\"@id\":\"https:\/\/www.suno.com.br\/noticias\/destaques-oi-oibr3-eletrobras-e-mais-va\/\"},\"wordCount\":641,\"publisher\":{\"@id\":\"https:\/\/www.suno.com.br\/noticias\/#organization\"},\"image\":{\"@id\":\"https:\/\/www.suno.com.br\/noticias\/destaques-oi-oibr3-eletrobras-e-mais-va\/#primaryimage\"},\"thumbnailUrl\":\"https:\/\/files.sunoresearch.com.br\/n\/uploads\/2023\/07\/investimento-grafico-preco-variacao.jpg\",\"keywords\":[\"Cosan (CSAN3)\",\"Eletrobras (ELET3\/ELET5\/ELET6)\",\"Gerdau (GGBR3\/GGBR4)\",\"Grupo P\u00e3o de A\u00e7\u00facar (PCAR3\/PCAR4)\",\"Oi (OIBR3\/OIBR4)\",\"Saraiva (SLED3\/SLED4)\",\"Tenda (TEND3)\"],\"articleSection\":[\"Mercado\"],\"inLanguage\":\"pt-BR\"},{\"@type\":\"WebPage\",\"@id\":\"https:\/\/www.suno.com.br\/noticias\/destaques-oi-oibr3-eletrobras-e-mais-va\/\",\"url\":\"https:\/\/www.suno.com.br\/noticias\/destaques-oi-oibr3-eletrobras-e-mais-va\/\",\"name\":\"Oi (OIBR3) e Eletrobras (ELET3) est\u00e3o no foco do mercado hoje (5)\",\"isPartOf\":{\"@id\":\"https:\/\/www.suno.com.br\/noticias\/#website\"},\"primaryImageOfPage\":{\"@id\":\"https:\/\/www.suno.com.br\/noticias\/destaques-oi-oibr3-eletrobras-e-mais-va\/#primaryimage\"},\"image\":{\"@id\":\"https:\/\/www.suno.com.br\/noticias\/destaques-oi-oibr3-eletrobras-e-mais-va\/#primaryimage\"},\"thumbnailUrl\":\"https:\/\/files.sunoresearch.com.br\/n\/uploads\/2023\/07\/investimento-grafico-preco-variacao.jpg\",\"datePublished\":\"2023-10-05T13:03:47+00:00\",\"dateModified\":\"2023-10-05T13:03:53+00:00\",\"description\":\"A informa\u00e7\u00e3o de que a Oi teve um acordo homologado pela Justi\u00e7a com a Tim (TIMS3), a Telef\u00f4nica (VIVT3) e Claro est\u00e1 como destaques.\",\"breadcrumb\":{\"@id\":\"https:\/\/www.suno.com.br\/noticias\/destaques-oi-oibr3-eletrobras-e-mais-va\/#breadcrumb\"},\"inLanguage\":\"pt-BR\",\"potentialAction\":[{\"@type\":\"ReadAction\",\"target\":[\"https:\/\/www.suno.com.br\/noticias\/destaques-oi-oibr3-eletrobras-e-mais-va\/\"]}]},{\"@type\":\"ImageObject\",\"inLanguage\":\"pt-BR\",\"@id\":\"https:\/\/www.suno.com.br\/noticias\/destaques-oi-oibr3-eletrobras-e-mais-va\/#primaryimage\",\"url\":\"https:\/\/files.sunoresearch.com.br\/n\/uploads\/2023\/07\/investimento-grafico-preco-variacao.jpg\",\"contentUrl\":\"https:\/\/files.sunoresearch.com.br\/n\/uploads\/2023\/07\/investimento-grafico-preco-variacao.jpg\",\"width\":1200,\"height\":800,\"caption\":\"XPML11. Foto: iStock\"},{\"@type\":\"BreadcrumbList\",\"@id\":\"https:\/\/www.suno.com.br\/noticias\/destaques-oi-oibr3-eletrobras-e-mais-va\/#breadcrumb\",\"itemListElement\":[{\"@type\":\"ListItem\",\"position\":1,\"name\":\"Not\u00edcias\",\"item\":\"https:\/\/www.suno.com.br\/noticias\/\"},{\"@type\":\"ListItem\",\"position\":2,\"name\":\"Mercado\",\"item\":\"https:\/\/www.suno.com.br\/noticias\/mercado\/\"},{\"@type\":\"ListItem\",\"position\":3,\"name\":\"Oi (OIBR3), Eletrobras (ELET3) e Cosan (CSNA3) est\u00e3o no foco do mercado nesta quinta (5); veja mais destaques\"}]},{\"@type\":\"WebSite\",\"@id\":\"https:\/\/www.suno.com.br\/noticias\/#website\",\"url\":\"https:\/\/www.suno.com.br\/noticias\/\",\"name\":\"Suno Not\u00edcias\",\"description\":\"Seu portal de informa\u00e7\u00e3o sobre o mundo dos investimentos\",\"publisher\":{\"@id\":\"https:\/\/www.suno.com.br\/noticias\/#organization\"},\"potentialAction\":[{\"@type\":\"SearchAction\",\"target\":{\"@type\":\"EntryPoint\",\"urlTemplate\":\"https:\/\/www.suno.com.br\/noticias\/?s={search_term_string}\"},\"query-input\":{\"@type\":\"PropertyValueSpecification\",\"valueRequired\":true,\"valueName\":\"search_term_string\"}}],\"inLanguage\":\"pt-BR\"},{\"@type\":\"Organization\",\"@id\":\"https:\/\/www.suno.com.br\/noticias\/#organization\",\"name\":\"Suno Not\u00edcias\",\"url\":\"https:\/\/www.suno.com.br\/noticias\/\",\"logo\":{\"@type\":\"ImageObject\",\"inLanguage\":\"pt-BR\",\"@id\":\"https:\/\/www.suno.com.br\/noticias\/#\/schema\/logo\/image\/\",\"url\":\"https:\/\/files.sunoresearch.com.br\/n\/uploads\/2021\/09\/suno-logo.png\",\"contentUrl\":\"https:\/\/files.sunoresearch.com.br\/n\/uploads\/2021\/09\/suno-logo.png\",\"width\":180,\"height\":180,\"caption\":\"Suno Not\u00edcias\"},\"image\":{\"@id\":\"https:\/\/www.suno.com.br\/noticias\/#\/schema\/logo\/image\/\"},\"sameAs\":[\"https:\/\/facebook.com\/sunoresearch\",\"https:\/\/x.com\/sunoresearch\",\"https:\/\/www.instagram.com\/suno\",\"https:\/\/www.linkedin.com\/company\/suno-research\/\",\"https:\/\/www.youtube.com\/c\/sunoresearch\"]},{\"@type\":\"Person\",\"@id\":\"https:\/\/www.suno.com.br\/noticias\/#\/schema\/person\/4a180549702d0e236b3e420862bcded3\",\"name\":\"Vin\u00edcius Alves\",\"image\":{\"@type\":\"ImageObject\",\"inLanguage\":\"pt-BR\",\"@id\":\"https:\/\/www.suno.com.br\/noticias\/#\/schema\/person\/image\/\",\"url\":\"https:\/\/secure.gravatar.com\/avatar\/a95b7fe6d1b813f7907d4f476d5a39e1?s=96&r=g\",\"contentUrl\":\"https:\/\/secure.gravatar.com\/avatar\/a95b7fe6d1b813f7907d4f476d5a39e1?s=96&r=g\",\"caption\":\"Vin\u00edcius Alves\"},\"description\":\"Jornalista formado na Faculdade C\u00e1sper L\u00edbero. Com passagens pela Ag\u00eancia Estado, InfoMoney e Editora Globo.\",\"url\":\"https:\/\/www.suno.com.br\/noticias\/author\/vini08correiagmail-com\/\"}]}<\/script>\n<!-- \/ Yoast SEO plugin. -->","yoast_head_json":{"title":"Oi (OIBR3) e Eletrobras (ELET3) est\u00e3o no foco do mercado hoje (5)","description":"A informa\u00e7\u00e3o de que a Oi teve um acordo homologado pela Justi\u00e7a com a Tim (TIMS3), a Telef\u00f4nica (VIVT3) e Claro est\u00e1 como destaques.","robots":{"index":"index","follow":"follow","max-snippet":"max-snippet:-1","max-image-preview":"max-image-preview:large","max-video-preview":"max-video-preview:-1"},"canonical":"https:\/\/www.suno.com.br\/noticias\/destaques-oi-oibr3-eletrobras-e-mais-va\/","og_locale":"pt_BR","og_type":"article","og_title":"Oi (OIBR3) e Eletrobras (ELET3) est\u00e3o no foco do mercado hoje (5)","og_description":"A informa\u00e7\u00e3o de que a Oi teve um acordo homologado pela Justi\u00e7a com a Tim (TIMS3), a Telef\u00f4nica (VIVT3) e Claro est\u00e1 como destaques.","og_url":"https:\/\/www.suno.com.br\/noticias\/destaques-oi-oibr3-eletrobras-e-mais-va\/","og_site_name":"Suno Not\u00edcias","article_publisher":"https:\/\/facebook.com\/sunoresearch","og_image":[{"width":1200,"height":800,"url":"https:\/\/files.sunoresearch.com.br\/n\/uploads\/2023\/07\/investimento-grafico-preco-variacao.jpg","type":"image\/jpeg"}],"author":"Vin\u00edcius Alves","twitter_card":"summary_large_image","twitter_creator":"@sunoresearch","twitter_site":"@sunoresearch","twitter_misc":{"Escrito por":"Vin\u00edcius Alves","Est. tempo de leitura":"4 minutos"},"schema":{"@context":"https:\/\/schema.org","@graph":[{"@type":"NewsArticle","@id":"https:\/\/www.suno.com.br\/noticias\/destaques-oi-oibr3-eletrobras-e-mais-va\/#article","isPartOf":{"@id":"https:\/\/www.suno.com.br\/noticias\/destaques-oi-oibr3-eletrobras-e-mais-va\/"},"author":{"name":"Vin\u00edcius Alves","@id":"https:\/\/www.suno.com.br\/noticias\/#\/schema\/person\/4a180549702d0e236b3e420862bcded3"},"headline":"Oi (OIBR3), Eletrobras (ELET3) e Cosan (CSNA3) est\u00e3o no foco do mercado nesta quinta (5); veja mais destaques","datePublished":"2023-10-05T13:03:47+00:00","dateModified":"2023-10-05T13:03:53+00:00","mainEntityOfPage":{"@id":"https:\/\/www.suno.com.br\/noticias\/destaques-oi-oibr3-eletrobras-e-mais-va\/"},"wordCount":641,"publisher":{"@id":"https:\/\/www.suno.com.br\/noticias\/#organization"},"image":{"@id":"https:\/\/www.suno.com.br\/noticias\/destaques-oi-oibr3-eletrobras-e-mais-va\/#primaryimage"},"thumbnailUrl":"https:\/\/files.sunoresearch.com.br\/n\/uploads\/2023\/07\/investimento-grafico-preco-variacao.jpg","keywords":["Cosan (CSAN3)","Eletrobras (ELET3\/ELET5\/ELET6)","Gerdau (GGBR3\/GGBR4)","Grupo P\u00e3o de A\u00e7\u00facar (PCAR3\/PCAR4)","Oi (OIBR3\/OIBR4)","Saraiva (SLED3\/SLED4)","Tenda (TEND3)"],"articleSection":["Mercado"],"inLanguage":"pt-BR"},{"@type":"WebPage","@id":"https:\/\/www.suno.com.br\/noticias\/destaques-oi-oibr3-eletrobras-e-mais-va\/","url":"https:\/\/www.suno.com.br\/noticias\/destaques-oi-oibr3-eletrobras-e-mais-va\/","name":"Oi (OIBR3) e Eletrobras (ELET3) est\u00e3o no foco do mercado hoje (5)","isPartOf":{"@id":"https:\/\/www.suno.com.br\/noticias\/#website"},"primaryImageOfPage":{"@id":"https:\/\/www.suno.com.br\/noticias\/destaques-oi-oibr3-eletrobras-e-mais-va\/#primaryimage"},"image":{"@id":"https:\/\/www.suno.com.br\/noticias\/destaques-oi-oibr3-eletrobras-e-mais-va\/#primaryimage"},"thumbnailUrl":"https:\/\/files.sunoresearch.com.br\/n\/uploads\/2023\/07\/investimento-grafico-preco-variacao.jpg","datePublished":"2023-10-05T13:03:47+00:00","dateModified":"2023-10-05T13:03:53+00:00","description":"A informa\u00e7\u00e3o de que a Oi teve um acordo homologado pela Justi\u00e7a com a Tim (TIMS3), a Telef\u00f4nica (VIVT3) e Claro est\u00e1 como destaques.","breadcrumb":{"@id":"https:\/\/www.suno.com.br\/noticias\/destaques-oi-oibr3-eletrobras-e-mais-va\/#breadcrumb"},"inLanguage":"pt-BR","potentialAction":[{"@type":"ReadAction","target":["https:\/\/www.suno.com.br\/noticias\/destaques-oi-oibr3-eletrobras-e-mais-va\/"]}]},{"@type":"ImageObject","inLanguage":"pt-BR","@id":"https:\/\/www.suno.com.br\/noticias\/destaques-oi-oibr3-eletrobras-e-mais-va\/#primaryimage","url":"https:\/\/files.sunoresearch.com.br\/n\/uploads\/2023\/07\/investimento-grafico-preco-variacao.jpg","contentUrl":"https:\/\/files.sunoresearch.com.br\/n\/uploads\/2023\/07\/investimento-grafico-preco-variacao.jpg","width":1200,"height":800,"caption":"XPML11. Foto: iStock"},{"@type":"BreadcrumbList","@id":"https:\/\/www.suno.com.br\/noticias\/destaques-oi-oibr3-eletrobras-e-mais-va\/#breadcrumb","itemListElement":[{"@type":"ListItem","position":1,"name":"Not\u00edcias","item":"https:\/\/www.suno.com.br\/noticias\/"},{"@type":"ListItem","position":2,"name":"Mercado","item":"https:\/\/www.suno.com.br\/noticias\/mercado\/"},{"@type":"ListItem","position":3,"name":"Oi (OIBR3), Eletrobras (ELET3) e Cosan (CSNA3) est\u00e3o no foco do mercado nesta quinta (5); veja mais destaques"}]},{"@type":"WebSite","@id":"https:\/\/www.suno.com.br\/noticias\/#website","url":"https:\/\/www.suno.com.br\/noticias\/","name":"Suno Not\u00edcias","description":"Seu portal de informa\u00e7\u00e3o sobre o mundo dos investimentos","publisher":{"@id":"https:\/\/www.suno.com.br\/noticias\/#organization"},"potentialAction":[{"@type":"SearchAction","target":{"@type":"EntryPoint","urlTemplate":"https:\/\/www.suno.com.br\/noticias\/?s={search_term_string}"},"query-input":{"@type":"PropertyValueSpecification","valueRequired":true,"valueName":"search_term_string"}}],"inLanguage":"pt-BR"},{"@type":"Organization","@id":"https:\/\/www.suno.com.br\/noticias\/#organization","name":"Suno Not\u00edcias","url":"https:\/\/www.suno.com.br\/noticias\/","logo":{"@type":"ImageObject","inLanguage":"pt-BR","@id":"https:\/\/www.suno.com.br\/noticias\/#\/schema\/logo\/image\/","url":"https:\/\/files.sunoresearch.com.br\/n\/uploads\/2021\/09\/suno-logo.png","contentUrl":"https:\/\/files.sunoresearch.com.br\/n\/uploads\/2021\/09\/suno-logo.png","width":180,"height":180,"caption":"Suno Not\u00edcias"},"image":{"@id":"https:\/\/www.suno.com.br\/noticias\/#\/schema\/logo\/image\/"},"sameAs":["https:\/\/facebook.com\/sunoresearch","https:\/\/x.com\/sunoresearch","https:\/\/www.instagram.com\/suno","https:\/\/www.linkedin.com\/company\/suno-research\/","https:\/\/www.youtube.com\/c\/sunoresearch"]},{"@type":"Person","@id":"https:\/\/www.suno.com.br\/noticias\/#\/schema\/person\/4a180549702d0e236b3e420862bcded3","name":"Vin\u00edcius Alves","image":{"@type":"ImageObject","inLanguage":"pt-BR","@id":"https:\/\/www.suno.com.br\/noticias\/#\/schema\/person\/image\/","url":"https:\/\/secure.gravatar.com\/avatar\/a95b7fe6d1b813f7907d4f476d5a39e1?s=96&r=g","contentUrl":"https:\/\/secure.gravatar.com\/avatar\/a95b7fe6d1b813f7907d4f476d5a39e1?s=96&r=g","caption":"Vin\u00edcius Alves"},"description":"Jornalista formado na Faculdade C\u00e1sper L\u00edbero. Com passagens pela Ag\u00eancia Estado, InfoMoney e Editora Globo.","url":"https:\/\/www.suno.com.br\/noticias\/author\/vini08correiagmail-com\/"}]}},"default_loop_html":"<div class=\"cardsPage__listCard__boxs\"><div class=\"cardsPage__listCard__boxs__img\"><a href=\"https:\/\/www.suno.com.br\/noticias\/destaques-oi-oibr3-eletrobras-e-mais-va\/\"><img class=\"mask\" src=\"https:\/\/www.suno.com.br\/noticias\/wp-content\/themes\/suno\/resources\/images\/spotlight\/spotlight1img\/bg-mask.png\" alt=\"Image Mask\"\/><img src=\"https:\/\/files.sunoresearch.com.br\/n\/uploads\/2023\/07\/investimento-grafico-preco-variacao-400x200.jpg\" alt=\"Oi (OIBR3), Eletrobras (ELET3) e Cosan (CSNA3) est\u00e3o no foco do mercado nesta quinta (5); veja mais destaques\"\/><\/a><span class=\"spotlightCategory\"><a href=\"https:\/\/www.suno.com.br\/noticias\/mercado\/\">Mercado<\/a><\/span><\/div><div class=\"cardsPage__listCard__boxs__content\"><a href=\"https:\/\/www.suno.com.br\/noticias\/destaques-oi-oibr3-eletrobras-e-mais-va\/\"><h2 class=\"content__title\">Oi (OIBR3), Eletrobras (ELET3) e Cosan (CSNA3) est\u00e3o no foco do mercado nesta quinta (5); veja mais destaques<\/h2><\/a><div class=\"newsContent__article__meta\"><div class=\"newsContent__article__meta__authorBox\"><a href=\"https:\/\/www.suno.com.br\/noticias\/author\/vini08correiagmail-com\/\" class=\"authorBox__avatar noMobi\"><img src=\"https:\/\/files.sunoresearch.com.br\/n\/uploads\/2026\/04\/WhatsApp-Image-2026-04-20-at-19.35.48-150x150.webp\" alt=\"Vin\u00edcius Alves\"><\/a><div class=\"authorBox__name\"><span>por\n\t\t\t<a href=\"https:\/\/www.suno.com.br\/noticias\/author\/vini08correiagmail-com\/\"><span itemprop=\"author\">Vin\u00edcius Alves<\/span><\/a><\/span><time datetime=\"2023-10-05T10:03:47-03:00\" itemprop=\"datePublished\">05\/10\/2023 10:03<\/time><\/div><\/div><\/div><\/div><\/div>","single_layout":"posts","amp_enabled":true,"_links":{"self":[{"href":"https:\/\/www.suno.com.br\/noticias\/wp-json\/wp\/v2\/posts\/466644"}],"collection":[{"href":"https:\/\/www.suno.com.br\/noticias\/wp-json\/wp\/v2\/posts"}],"about":[{"href":"https:\/\/www.suno.com.br\/noticias\/wp-json\/wp\/v2\/types\/post"}],"author":[{"embeddable":true,"href":"https:\/\/www.suno.com.br\/noticias\/wp-json\/wp\/v2\/users\/301"}],"replies":[{"embeddable":true,"href":"https:\/\/www.suno.com.br\/noticias\/wp-json\/wp\/v2\/comments?post=466644"}],"version-history":[{"count":3,"href":"https:\/\/www.suno.com.br\/noticias\/wp-json\/wp\/v2\/posts\/466644\/revisions"}],"predecessor-version":[{"id":466670,"href":"https:\/\/www.suno.com.br\/noticias\/wp-json\/wp\/v2\/posts\/466644\/revisions\/466670"}],"wp:featuredmedia":[{"embeddable":true,"href":"https:\/\/www.suno.com.br\/noticias\/wp-json\/wp\/v2\/media\/425848"}],"wp:attachment":[{"href":"https:\/\/www.suno.com.br\/noticias\/wp-json\/wp\/v2\/media?parent=466644"}],"wp:term":[{"taxonomy":"category","embeddable":true,"href":"https:\/\/www.suno.com.br\/noticias\/wp-json\/wp\/v2\/categories?post=466644"},{"taxonomy":"post_tag","embeddable":true,"href":"https:\/\/www.suno.com.br\/noticias\/wp-json\/wp\/v2\/tags?post=466644"},{"taxonomy":"suno_strategy","embeddable":true,"href":"https:\/\/www.suno.com.br\/noticias\/wp-json\/wp\/v2\/suno_strategy?post=466644"}],"curies":[{"name":"wp","href":"https:\/\/api.w.org\/{rel}","templated":true}]}}