{"id":46657,"date":"2019-12-04T17:15:16","date_gmt":"2019-12-04T19:15:16","guid":{"rendered":"https:\/\/www.suno.com.br\/noticias\/?p=46657"},"modified":"2020-03-03T18:04:40","modified_gmt":"2020-03-03T21:04:40","slug":"gol-e-air-europa-anunciam-acordo-de-compartilhamento-de-voos","status":"publish","type":"post","link":"https:\/\/www.suno.com.br\/noticias\/gol-e-air-europa-anunciam-acordo-de-compartilhamento-de-voos\/","title":{"rendered":"Gol e Air Europa anunciam acordo de compartilhamento de voos"},"content":{"rendered":"<p>A Gol Linhas A\u00e9reas (<strong>GOLL4<\/strong>) e a <strong>Air Europa<\/strong> anunciaram, nesta quarta-feira (4), um acordo de compartilhamento de voos (em ingl\u00eas, <strong>codeshare<\/strong>). A medida entrar\u00e1 em vigor em janeiro de 2020.<\/p>\t<div class=\"wrapper-featured-image\">\n\t\t<figure class=\"spotlightImg\">\n\n\t\t\t<picture>\n\t\t\t\t<source media=\"(max-width: 768px)\" srcset=\"https:\/\/files.sunoresearch.com.br\/n\/uploads\/2019\/07\/09623875-gol-400x200.webp\">\n\t\t\t\t<img loading=\"lazy\" decoding=\"async\" class=\"newsContent__article__imgCapa lazyloadDisabled newsContent__article__imgCapa--noCaption\" src=\"https:\/\/files.sunoresearch.com.br\/n\/uploads\/2019\/07\/09623875-gol-800x450.webp\" width=\"800\" height=\"450\" alt=\"Gol e Air Europa anunciam acordo de compartilhamento de voos\" fetchpriority=high \/>\n\t\t\t<\/picture>\n\n\t\t\t<figcaption class=\"wp-caption-text wp-caption-text--hide\">Gol ter\u00e1 mais voos em alta temporada no Brasil<\/figcaption>\n\t\t<\/figure>\n\t<\/div>\n\n\n\n<p>O acordo permitir\u00e1 que os clientes da <strong>Gol<\/strong> tenham acesso a pa\u00edses da Europa, partindo de Madri. J\u00e1 os passageiros da a\u00e9rea espanhola poder\u00e3o viajar para mais de 20 cidades do Brasil, saindo das seguintes cidades:<\/p>\n<ul>\n<li>S\u00e3o Paulo;<\/li>\n<li>Recife;<\/li>\n<li>Fortaleza;<\/li>\n<li>Salvador.<\/li>\n<\/ul>\n<p>&#8220;Este acordo nos permite trazer a todos os nossos passageiros novos e fascinantes destinos no Brasil. Estamos muito orgulhosos do <strong>codeshare<\/strong> com a <strong>Gol<\/strong>, que nos d\u00e1 garantias completas de nosso crescimento no mercado de avia\u00e7\u00e3o brasileiro&#8221;, disse o diretor de vendas da <strong>Air Europa<\/strong>, Imanol P\u00e9rez.<\/p>\n<p>Al\u00e9m disso, as companhias anunciaram um acordo entre seus programas de fidelidade, a <strong>Air Europa SUMA<\/strong> e a<strong> Smiles<\/strong>. Por meio do acordo, os clientes poder\u00e3o acumular e resgatar milhas em seus voos.<\/p>\n<p>&#8220;Estamos muito felizes em estabelecer o codeshare com a <strong>Air Europa<\/strong>. Investimos em parcerias que oferecem benef\u00edcios cada vez maiores aos clientes&#8221;, afirmou o diretor de neg\u00f3cios internacionais da a\u00e9rea brasileira, Randall Aguero.<\/p>\n<h2>Air Europa no Brasil<\/h2>\n<p>Em maio, a Air Europa recebeu autoriza\u00e7\u00e3o da <strong>Ag\u00eancia Nacional de Avia\u00e7\u00e3o Civil (Anac)<\/strong> para realizar voos dom\u00e9sticos no Brasil.<\/p>\n\t<p>\n\t\t<a href=\"https:\/\/lp.suno.com.br\/ao\/sessao-estrategica-consultoria-c\/?utm_source=suno-noticias&#038;utm_medium=banner&#038;utm_campaing=dolar-cair-juros\" target=\"_blank\" data-element=\"shortcode-suno-banner\" title=\"Banner SUNO, clique e saiba mais\">\n\t\t\t<picture>\n\t\t\t\t<source media=\"(max-width: 500px)\" srcset=\"https:\/\/files.sunoresearch.com.br\/n\/uploads\/2025\/09\/300x400.webp\">\n\t\t\t\t<img class=\"newsContent__article__imgCapa newsContent__article__imgCapa--banner\"\n\t\t\t\t\tsrc=\"https:\/\/files.sunoresearch.com.br\/n\/uploads\/2025\/09\/SN-DT-1420x240-1.webp\"\n\t\t\t\t\tdata-promo-id=\"624946\"\t\t\t\t\t\t\t\t\t\twidth='1420' height='240'\t\t\t\t\talt=\"https:\/\/files.sunoresearch.com.br\/n\/uploads\/2025\/09\/SN-DT-1420x240-1.webp\"\n\t\t\t\t>\n\t\t\t<\/picture>\n\t\t<\/a>\n\t<\/p>\n\n\n<p>Antes da autoriza\u00e7\u00e3o, a a\u00e9rea j\u00e1 atuava no Pa\u00eds, no entanto, somente em voos internacionais. A empresa operava rotas entre a capital da Espanha, Madri, a cidades das regi\u00f5es Nordeste e Sudeste do Brasil.<\/p>\n<h2>Nova unidade de neg\u00f3cios da Gol<\/h2>\n<p>Na \u00faltima sexta-feira (29), a <strong>Gol<\/strong> anunciou uma nova <strong>unidade de neg\u00f3cios<\/strong> destinada para a manuten\u00e7\u00e3o, reparos, revis\u00f5es de aeronaves e componentes. A <strong>Aerotech<\/strong> come\u00e7ar\u00e1 a operar em 2020.<\/p>\n<p><a href=\"https:\/\/www.suno.com.br\/noticias\/gol-faturamento-r-140-mi-unidade-negocios\/\">Leia tamb\u00e9m: Gol prev\u00ea faturamento de R$ 140 milh\u00f5es em nova unidade de neg\u00f3cios<\/a><\/p>\n<p>Durante o primeiro ano de opera\u00e7\u00e3o do neg\u00f3cio, a \u00e1rea brasileira pretende faturar R$ 140 milh\u00f5es. A unidade far\u00e1 com que o <strong>Centro de Manuten\u00e7\u00e3o de Aeronaves (CMA)<\/strong> da a\u00e9rea, localizado aeroporto de Confins, em Minas Gerais, ofere\u00e7a seus servi\u00e7os para outras empresas.<\/p>\n<p>A unidade possui capacidade para atender cerca de 80 avi\u00f5es por ano e conta com 760 funcion\u00e1rios. De acordo com a <strong>Gol<\/strong>, a <strong>Aerotech<\/strong> poder\u00e1 atender empresas que possuem aeronaves dos modelos Boeing 737 Next Generation, 737 Classic, 737 MAX e Boeing 767.<\/p>\n","protected":false},"excerpt":{"rendered":"<p>A Gol Linhas A\u00e9reas (GOLL4) e a Air Europa anunciaram, nesta quarta-feira (4), um acordo de compartilhamento de voos (em ingl\u00eas, codeshare). A medida entrar\u00e1 em vigor em janeiro de 2020. Gol ter\u00e1 mais voos em alta temporada no Brasil O acordo permitir\u00e1 que os clientes da Gol tenham acesso a pa\u00edses da Europa, partindo [&hellip;]<\/p>\n","protected":false},"author":18,"featured_media":30107,"comment_status":"closed","ping_status":"closed","sticky":false,"template":"","format":"standard","meta":[],"categories":[64],"tags":[2088,489],"suno_strategy":[],"class_list":["post-46657","post","type-post","status-publish","format-standard","has-post-thumbnail","hentry","category-negocios","tag-codeshare","tag-gol-linhas-aereas-goll11-goll4"],"yoast_head":"<!-- This site is optimized with the Yoast SEO plugin v24.4 - https:\/\/yoast.com\/wordpress\/plugins\/seo\/ -->\n<title>Gol e Air Europa anunciam acordo de compartilhamento de voos<\/title>\n<meta name=\"description\" content=\"A Gol e a Air Europa anunciaram um acordo de compartilhamento de voos (codeshare), que entrar\u00e1 em vigor em 2020.\u00a0Clique para saber mais.\" \/>\n<meta name=\"robots\" content=\"index, follow, max-snippet:-1, max-image-preview:large, max-video-preview:-1\" \/>\n<link rel=\"canonical\" href=\"https:\/\/www.suno.com.br\/noticias\/gol-e-air-europa-anunciam-acordo-de-compartilhamento-de-voos\/\" \/>\n<meta property=\"og:locale\" content=\"pt_BR\" \/>\n<meta property=\"og:type\" content=\"article\" \/>\n<meta property=\"og:title\" content=\"Gol e Air Europa anunciam acordo de compartilhamento de voos\" \/>\n<meta property=\"og:description\" content=\"A Gol e a Air Europa anunciaram um acordo de compartilhamento de voos (codeshare), que entrar\u00e1 em vigor em 2020.\u00a0Clique para saber mais.\" \/>\n<meta property=\"og:url\" content=\"https:\/\/www.suno.com.br\/noticias\/gol-e-air-europa-anunciam-acordo-de-compartilhamento-de-voos\/\" \/>\n<meta property=\"og:site_name\" content=\"Suno Not\u00edcias\" \/>\n<meta property=\"article:publisher\" content=\"https:\/\/facebook.com\/sunoresearch\" \/>\n<meta property=\"og:image\" content=\"https:\/\/files.sunoresearch.com.br\/n\/uploads\/2019\/07\/09623875-gol.jpg\" \/>\n\t<meta property=\"og:image:width\" content=\"1380\" \/>\n\t<meta property=\"og:image:height\" content=\"920\" \/>\n\t<meta property=\"og:image:type\" content=\"image\/jpeg\" \/>\n<meta name=\"author\" content=\"Giovanna Oliveira\" \/>\n<meta name=\"twitter:card\" content=\"summary_large_image\" \/>\n<meta name=\"twitter:creator\" content=\"@sunoresearch\" \/>\n<meta name=\"twitter:site\" content=\"@sunoresearch\" \/>\n<meta name=\"twitter:label1\" content=\"Escrito por\" \/>\n\t<meta name=\"twitter:data1\" content=\"Giovanna Oliveira\" \/>\n\t<meta name=\"twitter:label2\" content=\"Est. tempo de leitura\" \/>\n\t<meta name=\"twitter:data2\" content=\"2 minutos\" \/>\n<script type=\"application\/ld+json\" class=\"yoast-schema-graph\">{\"@context\":\"https:\/\/schema.org\",\"@graph\":[{\"@type\":\"NewsArticle\",\"@id\":\"https:\/\/www.suno.com.br\/noticias\/gol-e-air-europa-anunciam-acordo-de-compartilhamento-de-voos\/#article\",\"isPartOf\":{\"@id\":\"https:\/\/www.suno.com.br\/noticias\/gol-e-air-europa-anunciam-acordo-de-compartilhamento-de-voos\/\"},\"author\":{\"name\":\"Giovanna Oliveira\",\"@id\":\"https:\/\/www.suno.com.br\/noticias\/#\/schema\/person\/4e19e3d2575736e5283d58eb3199d120\"},\"headline\":\"Gol e Air Europa anunciam acordo de compartilhamento de voos\",\"datePublished\":\"2019-12-04T19:15:16+00:00\",\"dateModified\":\"2020-03-03T21:04:40+00:00\",\"mainEntityOfPage\":{\"@id\":\"https:\/\/www.suno.com.br\/noticias\/gol-e-air-europa-anunciam-acordo-de-compartilhamento-de-voos\/\"},\"wordCount\":418,\"publisher\":{\"@id\":\"https:\/\/www.suno.com.br\/noticias\/#organization\"},\"image\":{\"@id\":\"https:\/\/www.suno.com.br\/noticias\/gol-e-air-europa-anunciam-acordo-de-compartilhamento-de-voos\/#primaryimage\"},\"thumbnailUrl\":\"https:\/\/files.sunoresearch.com.br\/n\/uploads\/2019\/07\/09623875-gol-jpg.webp\",\"keywords\":[\"codeshare\",\"Gol Linhas A\u00e9reas (GOLL11\/GOLL4)\"],\"articleSection\":[\"Neg\u00f3cios\"],\"inLanguage\":\"pt-BR\"},{\"@type\":\"WebPage\",\"@id\":\"https:\/\/www.suno.com.br\/noticias\/gol-e-air-europa-anunciam-acordo-de-compartilhamento-de-voos\/\",\"url\":\"https:\/\/www.suno.com.br\/noticias\/gol-e-air-europa-anunciam-acordo-de-compartilhamento-de-voos\/\",\"name\":\"Gol e Air Europa anunciam acordo de compartilhamento de voos\",\"isPartOf\":{\"@id\":\"https:\/\/www.suno.com.br\/noticias\/#website\"},\"primaryImageOfPage\":{\"@id\":\"https:\/\/www.suno.com.br\/noticias\/gol-e-air-europa-anunciam-acordo-de-compartilhamento-de-voos\/#primaryimage\"},\"image\":{\"@id\":\"https:\/\/www.suno.com.br\/noticias\/gol-e-air-europa-anunciam-acordo-de-compartilhamento-de-voos\/#primaryimage\"},\"thumbnailUrl\":\"https:\/\/files.sunoresearch.com.br\/n\/uploads\/2019\/07\/09623875-gol-jpg.webp\",\"datePublished\":\"2019-12-04T19:15:16+00:00\",\"dateModified\":\"2020-03-03T21:04:40+00:00\",\"description\":\"A Gol e a Air Europa anunciaram um acordo de compartilhamento de voos (codeshare), que entrar\u00e1 em vigor em 2020.\u00a0Clique para saber mais.\",\"breadcrumb\":{\"@id\":\"https:\/\/www.suno.com.br\/noticias\/gol-e-air-europa-anunciam-acordo-de-compartilhamento-de-voos\/#breadcrumb\"},\"inLanguage\":\"pt-BR\",\"potentialAction\":[{\"@type\":\"ReadAction\",\"target\":[\"https:\/\/www.suno.com.br\/noticias\/gol-e-air-europa-anunciam-acordo-de-compartilhamento-de-voos\/\"]}]},{\"@type\":\"ImageObject\",\"inLanguage\":\"pt-BR\",\"@id\":\"https:\/\/www.suno.com.br\/noticias\/gol-e-air-europa-anunciam-acordo-de-compartilhamento-de-voos\/#primaryimage\",\"url\":\"https:\/\/files.sunoresearch.com.br\/n\/uploads\/2019\/07\/09623875-gol-jpg.webp\",\"contentUrl\":\"https:\/\/files.sunoresearch.com.br\/n\/uploads\/2019\/07\/09623875-gol-jpg.webp\",\"width\":1380,\"height\":920,\"caption\":\"Gol ter\u00e1 mais voos em alta temporada no Brasil\"},{\"@type\":\"BreadcrumbList\",\"@id\":\"https:\/\/www.suno.com.br\/noticias\/gol-e-air-europa-anunciam-acordo-de-compartilhamento-de-voos\/#breadcrumb\",\"itemListElement\":[{\"@type\":\"ListItem\",\"position\":1,\"name\":\"Not\u00edcias\",\"item\":\"https:\/\/www.suno.com.br\/noticias\/\"},{\"@type\":\"ListItem\",\"position\":2,\"name\":\"Neg\u00f3cios\",\"item\":\"https:\/\/www.suno.com.br\/noticias\/negocios\/\"},{\"@type\":\"ListItem\",\"position\":3,\"name\":\"Gol e Air Europa anunciam acordo de compartilhamento de voos\"}]},{\"@type\":\"WebSite\",\"@id\":\"https:\/\/www.suno.com.br\/noticias\/#website\",\"url\":\"https:\/\/www.suno.com.br\/noticias\/\",\"name\":\"Suno Not\u00edcias\",\"description\":\"Seu portal de informa\u00e7\u00e3o sobre o mundo dos investimentos\",\"publisher\":{\"@id\":\"https:\/\/www.suno.com.br\/noticias\/#organization\"},\"potentialAction\":[{\"@type\":\"SearchAction\",\"target\":{\"@type\":\"EntryPoint\",\"urlTemplate\":\"https:\/\/www.suno.com.br\/noticias\/?s={search_term_string}\"},\"query-input\":{\"@type\":\"PropertyValueSpecification\",\"valueRequired\":true,\"valueName\":\"search_term_string\"}}],\"inLanguage\":\"pt-BR\"},{\"@type\":\"Organization\",\"@id\":\"https:\/\/www.suno.com.br\/noticias\/#organization\",\"name\":\"Suno Not\u00edcias\",\"url\":\"https:\/\/www.suno.com.br\/noticias\/\",\"logo\":{\"@type\":\"ImageObject\",\"inLanguage\":\"pt-BR\",\"@id\":\"https:\/\/www.suno.com.br\/noticias\/#\/schema\/logo\/image\/\",\"url\":\"https:\/\/files.sunoresearch.com.br\/n\/uploads\/2021\/09\/suno-logo.png\",\"contentUrl\":\"https:\/\/files.sunoresearch.com.br\/n\/uploads\/2021\/09\/suno-logo.png\",\"width\":180,\"height\":180,\"caption\":\"Suno Not\u00edcias\"},\"image\":{\"@id\":\"https:\/\/www.suno.com.br\/noticias\/#\/schema\/logo\/image\/\"},\"sameAs\":[\"https:\/\/facebook.com\/sunoresearch\",\"https:\/\/x.com\/sunoresearch\",\"https:\/\/www.instagram.com\/suno\",\"https:\/\/www.linkedin.com\/company\/suno-research\/\",\"https:\/\/www.youtube.com\/c\/sunoresearch\"]},{\"@type\":\"Person\",\"@id\":\"https:\/\/www.suno.com.br\/noticias\/#\/schema\/person\/4e19e3d2575736e5283d58eb3199d120\",\"name\":\"Giovanna Oliveira\",\"image\":{\"@type\":\"ImageObject\",\"inLanguage\":\"pt-BR\",\"@id\":\"https:\/\/www.suno.com.br\/noticias\/#\/schema\/person\/image\/\",\"url\":\"https:\/\/secure.gravatar.com\/avatar\/9a37b3ae208962ac568992d0ffdbc2eb?s=96&r=g\",\"contentUrl\":\"https:\/\/secure.gravatar.com\/avatar\/9a37b3ae208962ac568992d0ffdbc2eb?s=96&r=g\",\"caption\":\"Giovanna Oliveira\"},\"description\":\"Giovanna Oliveira escreve sobre economia e pol\u00edtica. Foi rep\u00f3rter do portal de jornalismo da ESPM-SP e produziu conte\u00fado para a Corinthians TV. \u00c9 estudante da ESPM.\",\"url\":\"https:\/\/www.suno.com.br\/noticias\/author\/giovanna\/\"}]}<\/script>\n<!-- \/ Yoast SEO plugin. -->","yoast_head_json":{"title":"Gol e Air Europa anunciam acordo de compartilhamento de voos","description":"A Gol e a Air Europa anunciaram um acordo de compartilhamento de voos (codeshare), que entrar\u00e1 em vigor em 2020.\u00a0Clique para saber mais.","robots":{"index":"index","follow":"follow","max-snippet":"max-snippet:-1","max-image-preview":"max-image-preview:large","max-video-preview":"max-video-preview:-1"},"canonical":"https:\/\/www.suno.com.br\/noticias\/gol-e-air-europa-anunciam-acordo-de-compartilhamento-de-voos\/","og_locale":"pt_BR","og_type":"article","og_title":"Gol e Air Europa anunciam acordo de compartilhamento de voos","og_description":"A Gol e a Air Europa anunciaram um acordo de compartilhamento de voos (codeshare), que entrar\u00e1 em vigor em 2020.\u00a0Clique para saber mais.","og_url":"https:\/\/www.suno.com.br\/noticias\/gol-e-air-europa-anunciam-acordo-de-compartilhamento-de-voos\/","og_site_name":"Suno Not\u00edcias","article_publisher":"https:\/\/facebook.com\/sunoresearch","og_image":[{"width":1380,"height":920,"url":"https:\/\/files.sunoresearch.com.br\/n\/uploads\/2019\/07\/09623875-gol.jpg","type":"image\/jpeg"}],"author":"Giovanna Oliveira","twitter_card":"summary_large_image","twitter_creator":"@sunoresearch","twitter_site":"@sunoresearch","twitter_misc":{"Escrito por":"Giovanna Oliveira","Est. tempo de leitura":"2 minutos"},"schema":{"@context":"https:\/\/schema.org","@graph":[{"@type":"NewsArticle","@id":"https:\/\/www.suno.com.br\/noticias\/gol-e-air-europa-anunciam-acordo-de-compartilhamento-de-voos\/#article","isPartOf":{"@id":"https:\/\/www.suno.com.br\/noticias\/gol-e-air-europa-anunciam-acordo-de-compartilhamento-de-voos\/"},"author":{"name":"Giovanna Oliveira","@id":"https:\/\/www.suno.com.br\/noticias\/#\/schema\/person\/4e19e3d2575736e5283d58eb3199d120"},"headline":"Gol e Air Europa anunciam acordo de compartilhamento de voos","datePublished":"2019-12-04T19:15:16+00:00","dateModified":"2020-03-03T21:04:40+00:00","mainEntityOfPage":{"@id":"https:\/\/www.suno.com.br\/noticias\/gol-e-air-europa-anunciam-acordo-de-compartilhamento-de-voos\/"},"wordCount":418,"publisher":{"@id":"https:\/\/www.suno.com.br\/noticias\/#organization"},"image":{"@id":"https:\/\/www.suno.com.br\/noticias\/gol-e-air-europa-anunciam-acordo-de-compartilhamento-de-voos\/#primaryimage"},"thumbnailUrl":"https:\/\/files.sunoresearch.com.br\/n\/uploads\/2019\/07\/09623875-gol-jpg.webp","keywords":["codeshare","Gol Linhas A\u00e9reas (GOLL11\/GOLL4)"],"articleSection":["Neg\u00f3cios"],"inLanguage":"pt-BR"},{"@type":"WebPage","@id":"https:\/\/www.suno.com.br\/noticias\/gol-e-air-europa-anunciam-acordo-de-compartilhamento-de-voos\/","url":"https:\/\/www.suno.com.br\/noticias\/gol-e-air-europa-anunciam-acordo-de-compartilhamento-de-voos\/","name":"Gol e Air Europa anunciam acordo de compartilhamento de voos","isPartOf":{"@id":"https:\/\/www.suno.com.br\/noticias\/#website"},"primaryImageOfPage":{"@id":"https:\/\/www.suno.com.br\/noticias\/gol-e-air-europa-anunciam-acordo-de-compartilhamento-de-voos\/#primaryimage"},"image":{"@id":"https:\/\/www.suno.com.br\/noticias\/gol-e-air-europa-anunciam-acordo-de-compartilhamento-de-voos\/#primaryimage"},"thumbnailUrl":"https:\/\/files.sunoresearch.com.br\/n\/uploads\/2019\/07\/09623875-gol-jpg.webp","datePublished":"2019-12-04T19:15:16+00:00","dateModified":"2020-03-03T21:04:40+00:00","description":"A Gol e a Air Europa anunciaram um acordo de compartilhamento de voos (codeshare), que entrar\u00e1 em vigor em 2020.\u00a0Clique para saber mais.","breadcrumb":{"@id":"https:\/\/www.suno.com.br\/noticias\/gol-e-air-europa-anunciam-acordo-de-compartilhamento-de-voos\/#breadcrumb"},"inLanguage":"pt-BR","potentialAction":[{"@type":"ReadAction","target":["https:\/\/www.suno.com.br\/noticias\/gol-e-air-europa-anunciam-acordo-de-compartilhamento-de-voos\/"]}]},{"@type":"ImageObject","inLanguage":"pt-BR","@id":"https:\/\/www.suno.com.br\/noticias\/gol-e-air-europa-anunciam-acordo-de-compartilhamento-de-voos\/#primaryimage","url":"https:\/\/files.sunoresearch.com.br\/n\/uploads\/2019\/07\/09623875-gol-jpg.webp","contentUrl":"https:\/\/files.sunoresearch.com.br\/n\/uploads\/2019\/07\/09623875-gol-jpg.webp","width":1380,"height":920,"caption":"Gol ter\u00e1 mais voos em alta temporada no Brasil"},{"@type":"BreadcrumbList","@id":"https:\/\/www.suno.com.br\/noticias\/gol-e-air-europa-anunciam-acordo-de-compartilhamento-de-voos\/#breadcrumb","itemListElement":[{"@type":"ListItem","position":1,"name":"Not\u00edcias","item":"https:\/\/www.suno.com.br\/noticias\/"},{"@type":"ListItem","position":2,"name":"Neg\u00f3cios","item":"https:\/\/www.suno.com.br\/noticias\/negocios\/"},{"@type":"ListItem","position":3,"name":"Gol e Air Europa anunciam acordo de compartilhamento de voos"}]},{"@type":"WebSite","@id":"https:\/\/www.suno.com.br\/noticias\/#website","url":"https:\/\/www.suno.com.br\/noticias\/","name":"Suno Not\u00edcias","description":"Seu portal de informa\u00e7\u00e3o sobre o mundo dos investimentos","publisher":{"@id":"https:\/\/www.suno.com.br\/noticias\/#organization"},"potentialAction":[{"@type":"SearchAction","target":{"@type":"EntryPoint","urlTemplate":"https:\/\/www.suno.com.br\/noticias\/?s={search_term_string}"},"query-input":{"@type":"PropertyValueSpecification","valueRequired":true,"valueName":"search_term_string"}}],"inLanguage":"pt-BR"},{"@type":"Organization","@id":"https:\/\/www.suno.com.br\/noticias\/#organization","name":"Suno Not\u00edcias","url":"https:\/\/www.suno.com.br\/noticias\/","logo":{"@type":"ImageObject","inLanguage":"pt-BR","@id":"https:\/\/www.suno.com.br\/noticias\/#\/schema\/logo\/image\/","url":"https:\/\/files.sunoresearch.com.br\/n\/uploads\/2021\/09\/suno-logo.png","contentUrl":"https:\/\/files.sunoresearch.com.br\/n\/uploads\/2021\/09\/suno-logo.png","width":180,"height":180,"caption":"Suno Not\u00edcias"},"image":{"@id":"https:\/\/www.suno.com.br\/noticias\/#\/schema\/logo\/image\/"},"sameAs":["https:\/\/facebook.com\/sunoresearch","https:\/\/x.com\/sunoresearch","https:\/\/www.instagram.com\/suno","https:\/\/www.linkedin.com\/company\/suno-research\/","https:\/\/www.youtube.com\/c\/sunoresearch"]},{"@type":"Person","@id":"https:\/\/www.suno.com.br\/noticias\/#\/schema\/person\/4e19e3d2575736e5283d58eb3199d120","name":"Giovanna Oliveira","image":{"@type":"ImageObject","inLanguage":"pt-BR","@id":"https:\/\/www.suno.com.br\/noticias\/#\/schema\/person\/image\/","url":"https:\/\/secure.gravatar.com\/avatar\/9a37b3ae208962ac568992d0ffdbc2eb?s=96&r=g","contentUrl":"https:\/\/secure.gravatar.com\/avatar\/9a37b3ae208962ac568992d0ffdbc2eb?s=96&r=g","caption":"Giovanna Oliveira"},"description":"Giovanna Oliveira escreve sobre economia e pol\u00edtica. Foi rep\u00f3rter do portal de jornalismo da ESPM-SP e produziu conte\u00fado para a Corinthians TV. \u00c9 estudante da ESPM.","url":"https:\/\/www.suno.com.br\/noticias\/author\/giovanna\/"}]}},"default_loop_html":"<div class=\"cardsPage__listCard__boxs\"><div class=\"cardsPage__listCard__boxs__img\"><a href=\"https:\/\/www.suno.com.br\/noticias\/gol-e-air-europa-anunciam-acordo-de-compartilhamento-de-voos\/\"><img class=\"mask\" src=\"https:\/\/www.suno.com.br\/noticias\/wp-content\/themes\/suno\/resources\/images\/spotlight\/spotlight1img\/bg-mask.png\" alt=\"Image Mask\"\/><img src=\"https:\/\/files.sunoresearch.com.br\/n\/uploads\/2019\/07\/09623875-gol-400x200.webp\" alt=\"Gol e Air Europa anunciam acordo de compartilhamento de voos\"\/><\/a><span class=\"spotlightCategory\"><a href=\"https:\/\/www.suno.com.br\/noticias\/negocios\/\">Neg\u00f3cios<\/a><\/span><\/div><div class=\"cardsPage__listCard__boxs__content\"><a href=\"https:\/\/www.suno.com.br\/noticias\/gol-e-air-europa-anunciam-acordo-de-compartilhamento-de-voos\/\"><h2 class=\"content__title\">Gol e Air Europa anunciam acordo de compartilhamento de voos<\/h2><\/a><div class=\"newsContent__article__meta\"><div class=\"newsContent__article__meta__authorBox\"><a href=\"https:\/\/www.suno.com.br\/noticias\/author\/giovanna\/\" class=\"authorBox__avatar noMobi\"><img src=\"https:\/\/files.sunoresearch.com.br\/n\/uploads\/2019\/06\/952a89ca-screenshot_20190608-171507-150x150.webp\" alt=\"Giovanna Oliveira\"><\/a><div class=\"authorBox__name\"><span>por\n\t\t\t<a href=\"https:\/\/www.suno.com.br\/noticias\/author\/giovanna\/\"><span itemprop=\"author\">Giovanna Oliveira<\/span><\/a><\/span><time datetime=\"2019-12-04T17:15:16-03:00\" itemprop=\"datePublished\">04\/12\/2019 17:15<\/time><\/div><\/div><\/div><\/div><\/div>","single_layout":"posts","amp_enabled":true,"_links":{"self":[{"href":"https:\/\/www.suno.com.br\/noticias\/wp-json\/wp\/v2\/posts\/46657"}],"collection":[{"href":"https:\/\/www.suno.com.br\/noticias\/wp-json\/wp\/v2\/posts"}],"about":[{"href":"https:\/\/www.suno.com.br\/noticias\/wp-json\/wp\/v2\/types\/post"}],"author":[{"embeddable":true,"href":"https:\/\/www.suno.com.br\/noticias\/wp-json\/wp\/v2\/users\/18"}],"replies":[{"embeddable":true,"href":"https:\/\/www.suno.com.br\/noticias\/wp-json\/wp\/v2\/comments?post=46657"}],"version-history":[{"count":0,"href":"https:\/\/www.suno.com.br\/noticias\/wp-json\/wp\/v2\/posts\/46657\/revisions"}],"wp:featuredmedia":[{"embeddable":true,"href":"https:\/\/www.suno.com.br\/noticias\/wp-json\/wp\/v2\/media\/30107"}],"wp:attachment":[{"href":"https:\/\/www.suno.com.br\/noticias\/wp-json\/wp\/v2\/media?parent=46657"}],"wp:term":[{"taxonomy":"category","embeddable":true,"href":"https:\/\/www.suno.com.br\/noticias\/wp-json\/wp\/v2\/categories?post=46657"},{"taxonomy":"post_tag","embeddable":true,"href":"https:\/\/www.suno.com.br\/noticias\/wp-json\/wp\/v2\/tags?post=46657"},{"taxonomy":"suno_strategy","embeddable":true,"href":"https:\/\/www.suno.com.br\/noticias\/wp-json\/wp\/v2\/suno_strategy?post=46657"}],"curies":[{"name":"wp","href":"https:\/\/api.w.org\/{rel}","templated":true}]}}