{"id":466547,"date":"2023-10-05T08:12:05","date_gmt":"2023-10-05T11:12:05","guid":{"rendered":"https:\/\/www.suno.com.br\/noticias\/?p=466547"},"modified":"2023-10-05T08:13:05","modified_gmt":"2023-10-05T11:13:05","slug":"shein-shopee-aliexpress-imposto-compras-gpj","status":"publish","type":"post","link":"https:\/\/www.suno.com.br\/noticias\/shein-shopee-aliexpress-imposto-compras-gpj\/","title":{"rendered":"Shein, Shopee e AliExpress: imposto sobre compras importadas online deve sair at\u00e9 fim do ano"},"content":{"rendered":"<p class=\"has-text-align-left\">A defini\u00e7\u00e3o do imposto sobre as mercadorias importadas por lojas on-line, como <strong>Shein<\/strong>, Shopee e AliExpress, deve sair at\u00e9 o fim do ano, disse nesta quarta-feira (4) o presidente do Instituto para Desenvolvimento do Varejo (IDV), Jorge Gon\u00e7alves. Ele se reuniu com o ministro da Fazenda, Fernando Haddad, para cobrar o fim da isen\u00e7\u00e3o federal a sites estrangeiros.<img decoding=\"async\" style=\"width: 1px; height: 1px;\" src=\"https:\/\/agenciabrasil.ebc.com.br\/ebc.png?id=1559235&amp;o=rss\"><\/p>\t<div class=\"wrapper-featured-image\">\n\t\t<figure class=\"spotlightImg\">\n\n\t\t\t<picture>\n\t\t\t\t<source media=\"(max-width: 768px)\" srcset=\"https:\/\/files.sunoresearch.com.br\/n\/uploads\/2023\/05\/shein-400x200.jpg\">\n\t\t\t\t<img loading=\"lazy\" decoding=\"async\" class=\"newsContent__article__imgCapa lazyloadDisabled \" src=\"https:\/\/files.sunoresearch.com.br\/n\/uploads\/2023\/05\/shein-800x450.jpg\" width=\"800\" height=\"450\" alt=\"Shein, Shopee e AliExpress: imposto sobre compras importadas online deve sair at\u00e9 fim do ano\" fetchpriority=high \/>\n\t\t\t<\/picture>\n\n\t\t\t<figcaption class=\"wp-caption-text wp-caption-text--show\">Shein. Foto: iStock<\/figcaption>\n\t\t<\/figure>\n\t<\/div>\n\n\n<p class=\"has-text-align-left\">A defini\u00e7\u00e3o do imposto sobre as mercadorias importadas por lojas on-line, como <strong>Shein<\/strong>, Shopee e AliExpress, deve sair at\u00e9 o fim do ano, disse nesta quarta-feira (4) o presidente do Instituto para Desenvolvimento do Varejo (IDV), Jorge Gon\u00e7alves. Ele se reuniu com o ministro da Fazenda, Fernando Haddad, para cobrar o fim da isen\u00e7\u00e3o federal a sites estrangeiros.<img decoding=\"async\" style=\"width: 1px; height: 1px;\" src=\"https:\/\/agenciabrasil.ebc.com.br\/ebc.png?id=1559235&amp;o=rss\"><\/p>\n\n\n\n\n\t<p>\n\t\t<a href=\"https:\/\/lp.suno.com.br\/planilha-da-vida-financeira\/\" target=\"_blank\" data-element=\"shortcode-suno-banner\" title=\"Banner SUNO, clique e saiba mais\">\n\t\t\t<picture>\n\t\t\t\t<source media=\"(max-width: 500px)\" srcset=\"https:\/\/files.sunoresearch.com.br\/n\/uploads\/2023\/04\/400x300-Planilha-vida-financeira-true.png\">\n\t\t\t\t<img class=\"newsContent__article__imgCapa newsContent__article__imgCapa--banner\"\n\t\t\t\t\tsrc=\"https:\/\/files.sunoresearch.com.br\/n\/uploads\/2023\/04\/1420x240-Planilha-vida-financeira-true.png\"\n\t\t\t\t\tdata-promo-id=\"106682\"\t\t\t\t\t\t\t\t\t\twidth='1420' height='240'\t\t\t\t\talt=\"https:\/\/files.sunoresearch.com.br\/n\/uploads\/2023\/04\/1420x240-Planilha-vida-financeira-true.png\"\n\t\t\t\t>\n\t\t\t<\/picture>\n\t\t<\/a>\n\t<\/p>\n\n\n\n\n\n\n\n\n\n<p>Para as empresas que n\u00e3o aderirem ao programa, continua a taxa\u00e7\u00e3o de 60% de <strong>Imposto de Importa\u00e7\u00e3o<\/strong> caso a compra seja pega na fiscaliza\u00e7\u00e3o para valores de at\u00e9 US$ 50. Existe ainda a cobran\u00e7a de 17% de <strong>Imposto sobre a Circula\u00e7\u00e3o de Mercadorias e Servi\u00e7os (ICMS)<\/strong>, tributo estadual, tanto para as encomendas do Remessa Conforme como para as compras fora do programa.<\/p>\n\n\n\n<p>Em junho,<strong> Haddad <\/strong>havia indicado que a eventual cria\u00e7\u00e3o de um imposto federal para as compras do Remessa Conforme ficaria para \u201cuma segunda etapa\u201d, sem especificar a data.<\/p>\n\n\n\n<p>Segundo o presidente do IDV, um sinal do empenho do ministro em resolver a quest\u00e3o foi o fato de ter atendido ao pedido da entidade para a reuni\u00e3o desta quarta. \u201cO ministro est\u00e1 trabalhando para ajustar essa quest\u00e3o do imposto de importa\u00e7\u00e3o, que realmente leva a uma desigualdade competitiva muito forte. As empresas no Brasil n\u00e3o querem usar as mesmas pr\u00e1ticas de trazer produtos de fora. Querem fabricar e gerar empregos aqui\u201d, disse.<\/p>\n\n\n\n\t<div data-element=\"shortcode-read-more\" class=\"readToo\">\n\t\t\t\t<span class=\"readToo__title\">Leia mais<\/span>\n\t\t\t\t<ul class=\"readToo__list\">\n\t\t\t<li><a href=\"https:\/\/www.suno.com.br\/noticias\/shopee-mercado-livre-meli34-remessa-conforme-cpf\/\">Shopee e Mercado Livre (MELI34) recebem certifica\u00e7\u00e3o da Uni\u00e3o no Remessa Conforme<\/a><\/li><li><a href=\"https:\/\/www.suno.com.br\/noticias\/shein-receita-federal-remessa-conforme-evm\/\">Shein firma ades\u00e3o ao programa Remessa Conforme da Receita Federal<\/a><\/li>\t\t<\/ul>\n\t<\/div>\n\n\n\n\n<h2 class=\"wp-block-heading\">Base de dados<\/h2>\n\n\n\n<p>Gon\u00e7alves disse entender a justificativa do governo de esperar a base de dados das p\u00e1ginas estrangeiras aumentar. \u201cDo ponto de vista da governan\u00e7a, o Remessa Conforme \u00e9 muito bom. As empresas est\u00e3o entrando, e, ao entrarem, a Receita est\u00e1 tendo os dados de todas as importa\u00e7\u00f5es e vai poder olhar as quest\u00f5es principais de sonega\u00e7\u00e3o, de fraude\u201d, declarou.<\/p>\n\n\n\n<p>Em audi\u00eancia na Comiss\u00e3o de Finan\u00e7as e Tributa\u00e7\u00e3o da <strong>C\u00e2mara dos Deputados<\/strong> na manh\u00e3 desta quarta, o secret\u00e1rio especial da <strong>Receita Federal<\/strong>, Robinson Barreirinhas, disse que as compras internacionais declaradas pularam para 46% do total em setembro, contra 20% em agosto, primeiro m\u00eas do Remessa Conforme. Antes do programa, o percentual de encomendas declaradas estava entre 2% e 3% do total.<\/p>\n\n\n\n<h2 class=\"wp-block-heading\">Estudo atualizado<\/h2>\n\n\n\n<p>Na reuni\u00e3o desta quarta, o IDV apresentou a Haddad uma atualiza\u00e7\u00e3o do estudo divulgado em julho. Na ocasi\u00e3o, o relat\u00f3rio estimava o impacto da <strong>isen\u00e7\u00e3o federal<\/strong> sobre as compras de sites estrangeiros sobre o <strong>varejo brasileiro<\/strong>.<\/p>\n\n\n\n<p>Segundo a entidade, a estimativa de carga tribut\u00e1ria para os dez setores do varejo foi revista para cima, de pouco mais de 70% para 109,9%. O n\u00famero considera a cobran\u00e7a de imposto de dez setores do varejo, desde a produ\u00e7\u00e3o industrial e o armazenamento, \u00e0 distribui\u00e7\u00e3o e \u00e0 comercializa\u00e7\u00e3o das mercadorias. \u201cMostramos ao ministro essa realidade que estamos enfrentando, frente a uma carga de 17% [de ICMS] para os sites estrangeiros\u201d, disse Gon\u00e7alves.<\/p>\n\n\n\t<p>\n\t\t<a href=\"https:\/\/lp.suno.com.br\/ebook-como-analisar-uma-acao\/\" target=\"_blank\" data-element=\"shortcode-suno-banner\" title=\"Banner SUNO, clique e saiba mais\">\n\t\t\t<picture>\n\t\t\t\t<source media=\"(max-width: 500px)\" srcset=\"https:\/\/files.sunoresearch.com.br\/n\/uploads\/2023\/03\/Ebook-Acoes-Mobile.jpg\">\n\t\t\t\t<img class=\"newsContent__article__imgCapa newsContent__article__imgCapa--banner\"\n\t\t\t\t\tsrc=\"https:\/\/files.sunoresearch.com.br\/n\/uploads\/2023\/03\/Ebook-Acoes-Desktop.jpg\"\n\t\t\t\t\tdata-promo-id=\"378302\"\t\t\t\t\t\t\t\t\t\twidth='1420' height='286'\t\t\t\t\talt=\"https:\/\/files.sunoresearch.com.br\/n\/uploads\/2023\/03\/Ebook-Acoes-Desktop.jpg\"\n\t\t\t\t>\n\t\t\t<\/picture>\n\t\t<\/a>\n\t<\/p>\n\n\n\n\n\n<h2 class=\"wp-block-heading\">Com 200 toneladas de produtos, Shein pretende acelerar entregas via S\u00e3o Paulo<\/h2>\n\n\n\n<p>A e-commerce\u00a0<strong>Shein<\/strong>, ap\u00f3s aderir ao programa Remessa Conforme para regulariza\u00e7\u00e3o da taxa\u00e7\u00e3o de compras online, j\u00e1 est\u00e1 recebendo os primeiros produto importados. O volume, entretanto, assusta: cerca de 200 toneladas em mercadorias entraram no pa\u00eds em apenas tr\u00eas dias (de 23 a 25 de setembro).<\/p>\n\n\n\n<p>Segundo a Shein, as mercadorias primeiramente passaram pelo processamento dos Correios no&nbsp;<strong>aeroporto de Guarulhos (GRU)<\/strong>. Depois, foram encaminhadas para o Centro Internacional dos Correios (CEINT), no bairro do Jaguar\u00e9, na cidade de S\u00e3o Paulo. L\u00e1, passaram pelo devido tratamento e controle aduaneiro das cargas, executado pela&nbsp;<a href=\"https:\/\/www.suno.com.br\/artigos\/receita-federal\/\" target=\"_blank\" rel=\"noreferrer noopener\">Receita Federal<\/a>.<\/p>\n\n\n\n<p>\u201cA expectativa \u00e9 que grande parte da carga da&nbsp;<strong>Shein&nbsp;<\/strong>passe a ser fiscalizada em S\u00e3o Paulo, sem necessidade de transporte at\u00e9 Curitiba, um dos maiores terminais alfandeg\u00e1rios da Receita Federal, permitindo que objetos cheguem mais r\u00e1pido para o cliente final\u201d, informou a empresa nesta ter\u00e7a-feira (26).<\/p>\n\n\n\n<p>Ap\u00f3s ser liberada pelo<strong>&nbsp;Remessa Conforme<\/strong>, a Shein iniciou na semana passada a venda de itens importados de at\u00e9 US$ 50 sem a cobran\u00e7a dos impostos de importa\u00e7\u00e3o.<\/p>\n\n\n\n<p>Al\u00e9m da certifica\u00e7\u00e3o emitida pela Receita Federal, a\u00a0<strong>Shein\u00a0<\/strong>tamb\u00e9m se comprometeu a subsidiar integralmente o valor do Imposto sobre Circula\u00e7\u00e3o de Mercadorias e Servi\u00e7os (ICMS) que incide sob os produtos com valores abaixo de US$ 50.<\/p>\n\n\n\n<p><em>Com informa\u00e7\u00f5es de Ag\u00eancia Brasil<\/em><\/p>\n\n\n\t<p>\n\t\t<a href=\"https:\/\/lp.suno.com.br\/planilha-da-vida-financeira\/\" target=\"_blank\" data-element=\"shortcode-suno-banner\" title=\"Banner SUNO, clique e saiba mais\">\n\t\t\t<picture>\n\t\t\t\t<source media=\"(max-width: 500px)\" srcset=\"https:\/\/files.sunoresearch.com.br\/n\/uploads\/2023\/04\/400x300-Planilha-vida-financeira-true.png\">\n\t\t\t\t<img class=\"newsContent__article__imgCapa newsContent__article__imgCapa--banner\"\n\t\t\t\t\tsrc=\"https:\/\/files.sunoresearch.com.br\/n\/uploads\/2023\/04\/1420x240-Planilha-vida-financeira-true.png\"\n\t\t\t\t\tdata-promo-id=\"383123\"\t\t\t\t\t\t\t\t\t\twidth='1420' height='240'\t\t\t\t\talt=\"https:\/\/files.sunoresearch.com.br\/n\/uploads\/2023\/04\/1420x240-Planilha-vida-financeira-true.png\"\n\t\t\t\t>\n\t\t\t<\/picture>\n\t\t<\/a>\n\t<\/p>\n\n\n","protected":false},"excerpt":{"rendered":"<p>A defini\u00e7\u00e3o do imposto sobre as mercadorias importadas por lojas on-line, como Shein, Shopee e AliExpress, deve sair at\u00e9 o fim do ano, disse nesta quarta-feira (4) o presidente do Instituto para Desenvolvimento do Varejo (IDV), Jorge Gon\u00e7alves. Ele se reuniu com o ministro da Fazenda, Fernando Haddad, para cobrar o fim da isen\u00e7\u00e3o federal [&hellip;]<\/p>\n","protected":false},"author":43,"featured_media":406964,"comment_status":"closed","ping_status":"closed","sticky":false,"template":"","format":"standard","meta":[],"categories":[62],"tags":[2073,847,803],"suno_strategy":[],"class_list":["post-466547","post","type-post","status-publish","format-standard","has-post-thumbnail","hentry","category-economia","tag-e-commerce","tag-receita-federal","tag-varejo"],"yoast_head":"<!-- This site is optimized with the Yoast SEO plugin v24.4 - https:\/\/yoast.com\/wordpress\/plugins\/seo\/ -->\n<title>Shein, Shopee: imposto sobre compras importadas sair\u00e1 at\u00e9 fim do ano<\/title>\n<meta name=\"description\" content=\"A defini\u00e7\u00e3o do imposto sobre as mercadorias importadas por lojas on-line, como Shein, Shopee e Aliexpress, deve sair at\u00e9 o fim do ano.\" \/>\n<meta name=\"robots\" content=\"index, follow, max-snippet:-1, max-image-preview:large, max-video-preview:-1\" \/>\n<link rel=\"canonical\" href=\"https:\/\/www.suno.com.br\/noticias\/shein-shopee-aliexpress-imposto-compras-gpj\/\" \/>\n<meta property=\"og:locale\" content=\"pt_BR\" \/>\n<meta property=\"og:type\" content=\"article\" \/>\n<meta property=\"og:title\" content=\"Shein, Shopee: imposto sobre compras importadas sair\u00e1 at\u00e9 fim do ano\" \/>\n<meta property=\"og:description\" content=\"A defini\u00e7\u00e3o do imposto sobre as mercadorias importadas por lojas on-line, como Shein, Shopee e Aliexpress, deve sair at\u00e9 o fim do ano.\" \/>\n<meta property=\"og:url\" content=\"https:\/\/www.suno.com.br\/noticias\/shein-shopee-aliexpress-imposto-compras-gpj\/\" \/>\n<meta property=\"og:site_name\" content=\"Suno Not\u00edcias\" \/>\n<meta property=\"article:publisher\" content=\"https:\/\/facebook.com\/sunoresearch\" \/>\n<meta property=\"article:author\" content=\"https:\/\/www.facebook.com\/sunonoticias\/\" \/>\n<meta property=\"og:image\" content=\"https:\/\/files.sunoresearch.com.br\/n\/uploads\/2023\/05\/shein.jpg\" \/>\n\t<meta property=\"og:image:width\" content=\"1200\" \/>\n\t<meta property=\"og:image:height\" content=\"800\" \/>\n\t<meta property=\"og:image:type\" content=\"image\/jpeg\" \/>\n<meta name=\"author\" content=\"Reda\u00e7\u00e3o Suno Not\u00edcias\" \/>\n<meta name=\"twitter:card\" content=\"summary_large_image\" \/>\n<meta name=\"twitter:creator\" content=\"@https:\/\/twitter.com\/sunoresearch\" \/>\n<meta name=\"twitter:site\" content=\"@sunoresearch\" \/>\n<meta name=\"twitter:label1\" content=\"Escrito por\" \/>\n\t<meta name=\"twitter:data1\" content=\"Reda\u00e7\u00e3o Suno Not\u00edcias\" \/>\n\t<meta name=\"twitter:label2\" content=\"Est. tempo de leitura\" \/>\n\t<meta name=\"twitter:data2\" content=\"5 minutos\" \/>\n<script type=\"application\/ld+json\" class=\"yoast-schema-graph\">{\"@context\":\"https:\/\/schema.org\",\"@graph\":[{\"@type\":\"NewsArticle\",\"@id\":\"https:\/\/www.suno.com.br\/noticias\/shein-shopee-aliexpress-imposto-compras-gpj\/#article\",\"isPartOf\":{\"@id\":\"https:\/\/www.suno.com.br\/noticias\/shein-shopee-aliexpress-imposto-compras-gpj\/\"},\"author\":{\"name\":\"Reda\u00e7\u00e3o Suno Not\u00edcias\",\"@id\":\"https:\/\/www.suno.com.br\/noticias\/#\/schema\/person\/c1b1bd3727fa852bd045e9dbff3673ea\"},\"headline\":\"Shein, Shopee e AliExpress: imposto sobre compras importadas online deve sair at\u00e9 fim do ano\",\"datePublished\":\"2023-10-05T11:12:05+00:00\",\"dateModified\":\"2023-10-05T11:13:05+00:00\",\"mainEntityOfPage\":{\"@id\":\"https:\/\/www.suno.com.br\/noticias\/shein-shopee-aliexpress-imposto-compras-gpj\/\"},\"wordCount\":816,\"publisher\":{\"@id\":\"https:\/\/www.suno.com.br\/noticias\/#organization\"},\"image\":{\"@id\":\"https:\/\/www.suno.com.br\/noticias\/shein-shopee-aliexpress-imposto-compras-gpj\/#primaryimage\"},\"thumbnailUrl\":\"https:\/\/files.sunoresearch.com.br\/n\/uploads\/2023\/05\/shein.jpg\",\"keywords\":[\"e-commerce\",\"Receita Federal\",\"varejo\"],\"articleSection\":[\"Economia\"],\"inLanguage\":\"pt-BR\"},{\"@type\":\"WebPage\",\"@id\":\"https:\/\/www.suno.com.br\/noticias\/shein-shopee-aliexpress-imposto-compras-gpj\/\",\"url\":\"https:\/\/www.suno.com.br\/noticias\/shein-shopee-aliexpress-imposto-compras-gpj\/\",\"name\":\"Shein, Shopee: imposto sobre compras importadas sair\u00e1 at\u00e9 fim do ano\",\"isPartOf\":{\"@id\":\"https:\/\/www.suno.com.br\/noticias\/#website\"},\"primaryImageOfPage\":{\"@id\":\"https:\/\/www.suno.com.br\/noticias\/shein-shopee-aliexpress-imposto-compras-gpj\/#primaryimage\"},\"image\":{\"@id\":\"https:\/\/www.suno.com.br\/noticias\/shein-shopee-aliexpress-imposto-compras-gpj\/#primaryimage\"},\"thumbnailUrl\":\"https:\/\/files.sunoresearch.com.br\/n\/uploads\/2023\/05\/shein.jpg\",\"datePublished\":\"2023-10-05T11:12:05+00:00\",\"dateModified\":\"2023-10-05T11:13:05+00:00\",\"description\":\"A defini\u00e7\u00e3o do imposto sobre as mercadorias importadas por lojas on-line, como Shein, Shopee e Aliexpress, deve sair at\u00e9 o fim do ano.\",\"breadcrumb\":{\"@id\":\"https:\/\/www.suno.com.br\/noticias\/shein-shopee-aliexpress-imposto-compras-gpj\/#breadcrumb\"},\"inLanguage\":\"pt-BR\",\"potentialAction\":[{\"@type\":\"ReadAction\",\"target\":[\"https:\/\/www.suno.com.br\/noticias\/shein-shopee-aliexpress-imposto-compras-gpj\/\"]}]},{\"@type\":\"ImageObject\",\"inLanguage\":\"pt-BR\",\"@id\":\"https:\/\/www.suno.com.br\/noticias\/shein-shopee-aliexpress-imposto-compras-gpj\/#primaryimage\",\"url\":\"https:\/\/files.sunoresearch.com.br\/n\/uploads\/2023\/05\/shein.jpg\",\"contentUrl\":\"https:\/\/files.sunoresearch.com.br\/n\/uploads\/2023\/05\/shein.jpg\",\"width\":1200,\"height\":800,\"caption\":\"Shein. Foto: iStock\"},{\"@type\":\"BreadcrumbList\",\"@id\":\"https:\/\/www.suno.com.br\/noticias\/shein-shopee-aliexpress-imposto-compras-gpj\/#breadcrumb\",\"itemListElement\":[{\"@type\":\"ListItem\",\"position\":1,\"name\":\"Not\u00edcias\",\"item\":\"https:\/\/www.suno.com.br\/noticias\/\"},{\"@type\":\"ListItem\",\"position\":2,\"name\":\"Economia\",\"item\":\"https:\/\/www.suno.com.br\/noticias\/economia\/\"},{\"@type\":\"ListItem\",\"position\":3,\"name\":\"Shein, Shopee e AliExpress: imposto sobre compras importadas online deve sair at\u00e9 fim do ano\"}]},{\"@type\":\"WebSite\",\"@id\":\"https:\/\/www.suno.com.br\/noticias\/#website\",\"url\":\"https:\/\/www.suno.com.br\/noticias\/\",\"name\":\"Suno Not\u00edcias\",\"description\":\"Seu portal de informa\u00e7\u00e3o sobre o mundo dos investimentos\",\"publisher\":{\"@id\":\"https:\/\/www.suno.com.br\/noticias\/#organization\"},\"potentialAction\":[{\"@type\":\"SearchAction\",\"target\":{\"@type\":\"EntryPoint\",\"urlTemplate\":\"https:\/\/www.suno.com.br\/noticias\/?s={search_term_string}\"},\"query-input\":{\"@type\":\"PropertyValueSpecification\",\"valueRequired\":true,\"valueName\":\"search_term_string\"}}],\"inLanguage\":\"pt-BR\"},{\"@type\":\"Organization\",\"@id\":\"https:\/\/www.suno.com.br\/noticias\/#organization\",\"name\":\"Suno Not\u00edcias\",\"url\":\"https:\/\/www.suno.com.br\/noticias\/\",\"logo\":{\"@type\":\"ImageObject\",\"inLanguage\":\"pt-BR\",\"@id\":\"https:\/\/www.suno.com.br\/noticias\/#\/schema\/logo\/image\/\",\"url\":\"https:\/\/files.sunoresearch.com.br\/n\/uploads\/2021\/09\/suno-logo.png\",\"contentUrl\":\"https:\/\/files.sunoresearch.com.br\/n\/uploads\/2021\/09\/suno-logo.png\",\"width\":180,\"height\":180,\"caption\":\"Suno Not\u00edcias\"},\"image\":{\"@id\":\"https:\/\/www.suno.com.br\/noticias\/#\/schema\/logo\/image\/\"},\"sameAs\":[\"https:\/\/facebook.com\/sunoresearch\",\"https:\/\/x.com\/sunoresearch\",\"https:\/\/www.instagram.com\/suno\",\"https:\/\/www.linkedin.com\/company\/suno-research\/\",\"https:\/\/www.youtube.com\/c\/sunoresearch\"]},{\"@type\":\"Person\",\"@id\":\"https:\/\/www.suno.com.br\/noticias\/#\/schema\/person\/c1b1bd3727fa852bd045e9dbff3673ea\",\"name\":\"Reda\u00e7\u00e3o Suno Not\u00edcias\",\"image\":{\"@type\":\"ImageObject\",\"inLanguage\":\"pt-BR\",\"@id\":\"https:\/\/www.suno.com.br\/noticias\/#\/schema\/person\/image\/\",\"url\":\"https:\/\/secure.gravatar.com\/avatar\/b8104b9b5a71985d5238ee59fbe418af?s=96&r=g\",\"contentUrl\":\"https:\/\/secure.gravatar.com\/avatar\/b8104b9b5a71985d5238ee59fbe418af?s=96&r=g\",\"caption\":\"Reda\u00e7\u00e3o Suno Not\u00edcias\"},\"description\":\"O Suno Not\u00edcias \u00e9 um portal de informa\u00e7\u00f5es sobre Mercado Financeiro, Pol\u00edtica, Neg\u00f3cios, Economia e Finan\u00e7as Pessoais.\",\"sameAs\":[\"https:\/\/www.suno.com.br\/noticias\",\"https:\/\/www.facebook.com\/sunonoticias\/\",\"https:\/\/www.instagram.com\/sunonoticias\/\",\"https:\/\/x.com\/https:\/\/twitter.com\/sunoresearch\",\"https:\/\/www.youtube.com\/sunonoticias\"],\"url\":\"https:\/\/www.suno.com.br\/noticias\/author\/redacao-suno\/\"}]}<\/script>\n<!-- \/ Yoast SEO plugin. -->","yoast_head_json":{"title":"Shein, Shopee: imposto sobre compras importadas sair\u00e1 at\u00e9 fim do ano","description":"A defini\u00e7\u00e3o do imposto sobre as mercadorias importadas por lojas on-line, como Shein, Shopee e Aliexpress, deve sair at\u00e9 o fim do ano.","robots":{"index":"index","follow":"follow","max-snippet":"max-snippet:-1","max-image-preview":"max-image-preview:large","max-video-preview":"max-video-preview:-1"},"canonical":"https:\/\/www.suno.com.br\/noticias\/shein-shopee-aliexpress-imposto-compras-gpj\/","og_locale":"pt_BR","og_type":"article","og_title":"Shein, Shopee: imposto sobre compras importadas sair\u00e1 at\u00e9 fim do ano","og_description":"A defini\u00e7\u00e3o do imposto sobre as mercadorias importadas por lojas on-line, como Shein, Shopee e Aliexpress, deve sair at\u00e9 o fim do ano.","og_url":"https:\/\/www.suno.com.br\/noticias\/shein-shopee-aliexpress-imposto-compras-gpj\/","og_site_name":"Suno Not\u00edcias","article_publisher":"https:\/\/facebook.com\/sunoresearch","article_author":"https:\/\/www.facebook.com\/sunonoticias\/","og_image":[{"width":1200,"height":800,"url":"https:\/\/files.sunoresearch.com.br\/n\/uploads\/2023\/05\/shein.jpg","type":"image\/jpeg"}],"author":"Reda\u00e7\u00e3o Suno Not\u00edcias","twitter_card":"summary_large_image","twitter_creator":"@https:\/\/twitter.com\/sunoresearch","twitter_site":"@sunoresearch","twitter_misc":{"Escrito por":"Reda\u00e7\u00e3o Suno Not\u00edcias","Est. tempo de leitura":"5 minutos"},"schema":{"@context":"https:\/\/schema.org","@graph":[{"@type":"NewsArticle","@id":"https:\/\/www.suno.com.br\/noticias\/shein-shopee-aliexpress-imposto-compras-gpj\/#article","isPartOf":{"@id":"https:\/\/www.suno.com.br\/noticias\/shein-shopee-aliexpress-imposto-compras-gpj\/"},"author":{"name":"Reda\u00e7\u00e3o Suno Not\u00edcias","@id":"https:\/\/www.suno.com.br\/noticias\/#\/schema\/person\/c1b1bd3727fa852bd045e9dbff3673ea"},"headline":"Shein, Shopee e AliExpress: imposto sobre compras importadas online deve sair at\u00e9 fim do ano","datePublished":"2023-10-05T11:12:05+00:00","dateModified":"2023-10-05T11:13:05+00:00","mainEntityOfPage":{"@id":"https:\/\/www.suno.com.br\/noticias\/shein-shopee-aliexpress-imposto-compras-gpj\/"},"wordCount":816,"publisher":{"@id":"https:\/\/www.suno.com.br\/noticias\/#organization"},"image":{"@id":"https:\/\/www.suno.com.br\/noticias\/shein-shopee-aliexpress-imposto-compras-gpj\/#primaryimage"},"thumbnailUrl":"https:\/\/files.sunoresearch.com.br\/n\/uploads\/2023\/05\/shein.jpg","keywords":["e-commerce","Receita Federal","varejo"],"articleSection":["Economia"],"inLanguage":"pt-BR"},{"@type":"WebPage","@id":"https:\/\/www.suno.com.br\/noticias\/shein-shopee-aliexpress-imposto-compras-gpj\/","url":"https:\/\/www.suno.com.br\/noticias\/shein-shopee-aliexpress-imposto-compras-gpj\/","name":"Shein, Shopee: imposto sobre compras importadas sair\u00e1 at\u00e9 fim do ano","isPartOf":{"@id":"https:\/\/www.suno.com.br\/noticias\/#website"},"primaryImageOfPage":{"@id":"https:\/\/www.suno.com.br\/noticias\/shein-shopee-aliexpress-imposto-compras-gpj\/#primaryimage"},"image":{"@id":"https:\/\/www.suno.com.br\/noticias\/shein-shopee-aliexpress-imposto-compras-gpj\/#primaryimage"},"thumbnailUrl":"https:\/\/files.sunoresearch.com.br\/n\/uploads\/2023\/05\/shein.jpg","datePublished":"2023-10-05T11:12:05+00:00","dateModified":"2023-10-05T11:13:05+00:00","description":"A defini\u00e7\u00e3o do imposto sobre as mercadorias importadas por lojas on-line, como Shein, Shopee e Aliexpress, deve sair at\u00e9 o fim do ano.","breadcrumb":{"@id":"https:\/\/www.suno.com.br\/noticias\/shein-shopee-aliexpress-imposto-compras-gpj\/#breadcrumb"},"inLanguage":"pt-BR","potentialAction":[{"@type":"ReadAction","target":["https:\/\/www.suno.com.br\/noticias\/shein-shopee-aliexpress-imposto-compras-gpj\/"]}]},{"@type":"ImageObject","inLanguage":"pt-BR","@id":"https:\/\/www.suno.com.br\/noticias\/shein-shopee-aliexpress-imposto-compras-gpj\/#primaryimage","url":"https:\/\/files.sunoresearch.com.br\/n\/uploads\/2023\/05\/shein.jpg","contentUrl":"https:\/\/files.sunoresearch.com.br\/n\/uploads\/2023\/05\/shein.jpg","width":1200,"height":800,"caption":"Shein. Foto: iStock"},{"@type":"BreadcrumbList","@id":"https:\/\/www.suno.com.br\/noticias\/shein-shopee-aliexpress-imposto-compras-gpj\/#breadcrumb","itemListElement":[{"@type":"ListItem","position":1,"name":"Not\u00edcias","item":"https:\/\/www.suno.com.br\/noticias\/"},{"@type":"ListItem","position":2,"name":"Economia","item":"https:\/\/www.suno.com.br\/noticias\/economia\/"},{"@type":"ListItem","position":3,"name":"Shein, Shopee e AliExpress: imposto sobre compras importadas online deve sair at\u00e9 fim do ano"}]},{"@type":"WebSite","@id":"https:\/\/www.suno.com.br\/noticias\/#website","url":"https:\/\/www.suno.com.br\/noticias\/","name":"Suno Not\u00edcias","description":"Seu portal de informa\u00e7\u00e3o sobre o mundo dos investimentos","publisher":{"@id":"https:\/\/www.suno.com.br\/noticias\/#organization"},"potentialAction":[{"@type":"SearchAction","target":{"@type":"EntryPoint","urlTemplate":"https:\/\/www.suno.com.br\/noticias\/?s={search_term_string}"},"query-input":{"@type":"PropertyValueSpecification","valueRequired":true,"valueName":"search_term_string"}}],"inLanguage":"pt-BR"},{"@type":"Organization","@id":"https:\/\/www.suno.com.br\/noticias\/#organization","name":"Suno Not\u00edcias","url":"https:\/\/www.suno.com.br\/noticias\/","logo":{"@type":"ImageObject","inLanguage":"pt-BR","@id":"https:\/\/www.suno.com.br\/noticias\/#\/schema\/logo\/image\/","url":"https:\/\/files.sunoresearch.com.br\/n\/uploads\/2021\/09\/suno-logo.png","contentUrl":"https:\/\/files.sunoresearch.com.br\/n\/uploads\/2021\/09\/suno-logo.png","width":180,"height":180,"caption":"Suno Not\u00edcias"},"image":{"@id":"https:\/\/www.suno.com.br\/noticias\/#\/schema\/logo\/image\/"},"sameAs":["https:\/\/facebook.com\/sunoresearch","https:\/\/x.com\/sunoresearch","https:\/\/www.instagram.com\/suno","https:\/\/www.linkedin.com\/company\/suno-research\/","https:\/\/www.youtube.com\/c\/sunoresearch"]},{"@type":"Person","@id":"https:\/\/www.suno.com.br\/noticias\/#\/schema\/person\/c1b1bd3727fa852bd045e9dbff3673ea","name":"Reda\u00e7\u00e3o Suno Not\u00edcias","image":{"@type":"ImageObject","inLanguage":"pt-BR","@id":"https:\/\/www.suno.com.br\/noticias\/#\/schema\/person\/image\/","url":"https:\/\/secure.gravatar.com\/avatar\/b8104b9b5a71985d5238ee59fbe418af?s=96&r=g","contentUrl":"https:\/\/secure.gravatar.com\/avatar\/b8104b9b5a71985d5238ee59fbe418af?s=96&r=g","caption":"Reda\u00e7\u00e3o Suno Not\u00edcias"},"description":"O Suno Not\u00edcias \u00e9 um portal de informa\u00e7\u00f5es sobre Mercado Financeiro, Pol\u00edtica, Neg\u00f3cios, Economia e Finan\u00e7as Pessoais.","sameAs":["https:\/\/www.suno.com.br\/noticias","https:\/\/www.facebook.com\/sunonoticias\/","https:\/\/www.instagram.com\/sunonoticias\/","https:\/\/x.com\/https:\/\/twitter.com\/sunoresearch","https:\/\/www.youtube.com\/sunonoticias"],"url":"https:\/\/www.suno.com.br\/noticias\/author\/redacao-suno\/"}]}},"default_loop_html":"<div class=\"cardsPage__listCard__boxs\"><div class=\"cardsPage__listCard__boxs__img\"><a href=\"https:\/\/www.suno.com.br\/noticias\/shein-shopee-aliexpress-imposto-compras-gpj\/\"><img class=\"mask\" src=\"https:\/\/www.suno.com.br\/noticias\/wp-content\/themes\/suno\/resources\/images\/spotlight\/spotlight1img\/bg-mask.png\" alt=\"Image Mask\"\/><img src=\"https:\/\/files.sunoresearch.com.br\/n\/uploads\/2023\/05\/shein-400x200.jpg\" alt=\"Shein, Shopee e AliExpress: imposto sobre compras importadas online deve sair at\u00e9 fim do ano\"\/><\/a><span class=\"spotlightCategory\"><a href=\"https:\/\/www.suno.com.br\/noticias\/economia\/\">Economia<\/a><\/span><\/div><div class=\"cardsPage__listCard__boxs__content\"><a href=\"https:\/\/www.suno.com.br\/noticias\/shein-shopee-aliexpress-imposto-compras-gpj\/\"><h2 class=\"content__title\">Shein, Shopee e AliExpress: imposto sobre compras importadas online deve sair at\u00e9 fim do ano<\/h2><\/a><div class=\"newsContent__article__meta\"><div class=\"newsContent__article__meta__authorBox\"><a href=\"https:\/\/www.suno.com.br\/noticias\/author\/eduardo-vargas\/\" class=\"authorBox__avatar noMobi\"><img src=\"https:\/\/secure.gravatar.com\/avatar\/dac340933427a22924c9f99d1eb2e3f2?s=96&#038;r=g\" alt=\"Eduardo Vargas\"><\/a><div class=\"authorBox__name\"><span>por\n\t\t\t<a href=\"https:\/\/www.suno.com.br\/noticias\/author\/eduardo-vargas\/\"><span itemprop=\"author\">Eduardo Vargas<\/span><\/a><\/span><time datetime=\"2023-10-05T08:12:05-03:00\" itemprop=\"datePublished\">05\/10\/2023 08:12<\/time><\/div><\/div><\/div><\/div><\/div>","single_layout":"posts","amp_enabled":true,"_links":{"self":[{"href":"https:\/\/www.suno.com.br\/noticias\/wp-json\/wp\/v2\/posts\/466547"}],"collection":[{"href":"https:\/\/www.suno.com.br\/noticias\/wp-json\/wp\/v2\/posts"}],"about":[{"href":"https:\/\/www.suno.com.br\/noticias\/wp-json\/wp\/v2\/types\/post"}],"author":[{"embeddable":true,"href":"https:\/\/www.suno.com.br\/noticias\/wp-json\/wp\/v2\/users\/43"}],"replies":[{"embeddable":true,"href":"https:\/\/www.suno.com.br\/noticias\/wp-json\/wp\/v2\/comments?post=466547"}],"version-history":[{"count":3,"href":"https:\/\/www.suno.com.br\/noticias\/wp-json\/wp\/v2\/posts\/466547\/revisions"}],"predecessor-version":[{"id":466582,"href":"https:\/\/www.suno.com.br\/noticias\/wp-json\/wp\/v2\/posts\/466547\/revisions\/466582"}],"wp:featuredmedia":[{"embeddable":true,"href":"https:\/\/www.suno.com.br\/noticias\/wp-json\/wp\/v2\/media\/406964"}],"wp:attachment":[{"href":"https:\/\/www.suno.com.br\/noticias\/wp-json\/wp\/v2\/media?parent=466547"}],"wp:term":[{"taxonomy":"category","embeddable":true,"href":"https:\/\/www.suno.com.br\/noticias\/wp-json\/wp\/v2\/categories?post=466547"},{"taxonomy":"post_tag","embeddable":true,"href":"https:\/\/www.suno.com.br\/noticias\/wp-json\/wp\/v2\/tags?post=466547"},{"taxonomy":"suno_strategy","embeddable":true,"href":"https:\/\/www.suno.com.br\/noticias\/wp-json\/wp\/v2\/suno_strategy?post=466547"}],"curies":[{"name":"wp","href":"https:\/\/api.w.org\/{rel}","templated":true}]}}