{"id":466034,"date":"2023-10-04T10:33:10","date_gmt":"2023-10-04T13:33:10","guid":{"rendered":"https:\/\/www.suno.com.br\/noticias\/?p=466034"},"modified":"2023-10-04T10:34:52","modified_gmt":"2023-10-04T13:34:52","slug":"knri11-vacancia-setembro-gpj","status":"publish","type":"post","link":"https:\/\/www.suno.com.br\/noticias\/knri11-vacancia-setembro-gpj\/","title":{"rendered":"KNRI11 apresenta vac\u00e2ncia maior em setembro; saiba mais"},"content":{"rendered":"<p>Em relat\u00f3rio gerencial relativo a setembro, o fundo imobili\u00e1rio\u00a0<strong><strong><a href=\"https:\/\/www.suno.com.br\/fundos-imobiliarios\/knri11\/\" target=\"_blank\" rel=\"noreferrer noopener\">KNRI11<\/a><\/strong>\u00a0<\/strong>comunicou que a vac\u00e2ncia financeira do Kinea Renda Imobili\u00e1ria registrou alta em compara\u00e7\u00e3o a agosto.<\/p>\t<div class=\"wrapper-featured-image\">\n\t\t<figure class=\"spotlightImg\">\n\n\t\t\t<picture>\n\t\t\t\t<source media=\"(max-width: 768px)\" srcset=\"https:\/\/files.sunoresearch.com.br\/n\/uploads\/2022\/12\/segunda-3-400x200.jpg\">\n\t\t\t\t<img loading=\"lazy\" decoding=\"async\" class=\"newsContent__article__imgCapa lazyloadDisabled \" src=\"https:\/\/files.sunoresearch.com.br\/n\/uploads\/2022\/12\/segunda-3-800x450.jpg\" width=\"800\" height=\"450\" alt=\"KNRI11 apresenta vac\u00e2ncia maior em setembro; saiba mais\" fetchpriority=high \/>\n\t\t\t<\/picture>\n\n\t\t\t<figcaption class=\"wp-caption-text wp-caption-text--show\">KNRI11. Foto: Pixabay<\/figcaption>\n\t\t<\/figure>\n\t<\/div>\n\n\n\n\n\n\n\n\t<p>\n\t\t<a href=\"https:\/\/lp.suno.com.br\/plataforma-de-controle-de-investimentos\/\" target=\"_blank\" data-element=\"shortcode-suno-banner\" title=\"Banner SUNO, clique e saiba mais\">\n\t\t\t<picture>\n\t\t\t\t<source media=\"(max-width: 500px)\" srcset=\"https:\/\/files.sunoresearch.com.br\/n\/uploads\/2023\/03\/400x300-Controle-de-Investimentos.png\">\n\t\t\t\t<img class=\"newsContent__article__imgCapa newsContent__article__imgCapa--banner\"\n\t\t\t\t\tsrc=\"https:\/\/files.sunoresearch.com.br\/n\/uploads\/2023\/03\/1420x240-Controle-de-Investimentos.png\"\n\t\t\t\t\tdata-promo-id=\"383162\"\t\t\t\t\t\t\t\t\t\twidth='1420' height='240'\t\t\t\t\talt=\"https:\/\/files.sunoresearch.com.br\/n\/uploads\/2023\/03\/1420x240-Controle-de-Investimentos.png\"\n\t\t\t\t>\n\t\t\t<\/picture>\n\t\t<\/a>\n\t<\/p>\n\n\n\n\n\n<p>Segundo o\u00a0<a href=\"https:\/\/www.suno.com.br\/fundos-imobiliarios\/knri11\/\" target=\"_blank\" rel=\"noreferrer noopener\">KNRI11<\/a>, atualmente, a<strong> vac\u00e2ncia f\u00edsica do fundo imobili\u00e1rio<\/strong> \u00e9 de 3,22% (ante 3,15% em agosto). A vac\u00e2ncia do FII \u00e9 de 9,34% (ante 9,26% no m\u00eas anterior). A vac\u00e2ncia financeira ajustada pelas car\u00eancias, por sua vez, \u00e9 de 10,03% (ante 10,91% no m\u00eas de agosto).<\/p>\n\n\n\n<p>O KNRI11 comentou que, no m\u00eas de setembro, concluiu a aquisi\u00e7\u00e3o do 5\u00ba andar do <strong>Edif\u00edcio Athenas<\/strong>, localizado na <strong>capital paulista<\/strong>, por R$ 11.044 por metro quadrado. &#8220;Com essa aquisi\u00e7\u00e3o, o fundo passa a deter 100% do empreendimento, permitindo assim um aumento da exposi\u00e7\u00e3o a um im\u00f3vel corporativo com grande liquidez, moderno e funcional, localizado no bairro de Pinheiros&#8221;, pontuou.<\/p>\n\n\n\n<p>O fundo destacou, ainda, que no m\u00eas passado, o projeto para o <strong>Edif\u00edcio Biosquare<\/strong> foi vencedor de uma importante premia\u00e7\u00e3o internacional chamada <strong>LOOP Design Awards<\/strong> em duas categorias: People&#8217;s Choice Award e Category Winner (Office Concept).<\/p>\n\n\n\n<h2 class=\"wp-block-heading\">Dividendos do KNRI11 relativos a setembro<\/h2>\n\n\n\n<p>O <strong>fundo imobili\u00e1rio KNRI11<\/strong> informou que pagar\u00e1 <strong>dividendos<\/strong> de R$ 1,00 por cota. Os valores, relativos ao per\u00edodo de setembro, ser\u00e3o pagos em 16 de outubro.<\/p>\n\n\n\n<p>No per\u00edodo anterior, o <strong>FII KNRI11 <\/strong>havia pago rendimentos de R$ 0,95 por cota.<\/p>\n\n\n\n\t<div data-element=\"shortcode-read-more\" class=\"readToo\">\n\t\t\t\t<span class=\"readToo__title\">Leia mais<\/span>\n\t\t\t\t<ul class=\"readToo__list\">\n\t\t\t<li><a href=\"https:\/\/www.suno.com.br\/noticias\/fundos-exclusivos-taxacao-gpj\/\">Fundos exclusivos: taxa\u00e7\u00e3o deve sair nesta quarta-feira, sem mudan\u00e7a nos JCP<\/a><\/li><li><a href=\"https:\/\/www.suno.com.br\/noticias\/fundo-imobiliario-mall11-5-emissao-cotas-jvj\/\">MALL11 anuncia nova oferta milion\u00e1ria; confira o valor<\/a><\/li><li><a href=\"https:\/\/www.suno.com.br\/noticias\/fundos-imobiliarios-maiores-altas-setembro-2023-tgar11-hgru11-jvj\/\">Fundos imobili\u00e1rios: TGAR11 e HGRU11 est\u00e3o entre os que mais subiram em setembro<\/a><\/li>\t\t<\/ul>\n\t<\/div>\n\n\n\n\t<p>\n\t\t<a href=\"\" target=\"_blank\" data-element=\"shortcode-suno-banner\" title=\"Banner SUNO, clique e saiba mais\">\n\t\t\t<picture>\n\t\t\t\t<source media=\"(max-width: 500px)\" srcset=\"\">\n\t\t\t\t<img class=\"newsContent__article__imgCapa newsContent__article__imgCapa--banner\"\n\t\t\t\t\tsrc=\"\"\n\t\t\t\t\tdata-promo-id=\"77014\"\t\t\t\t\t\t\t\t\t\t\t\t\t\t\talt=\"\"\n\t\t\t\t>\n\t\t\t<\/picture>\n\t\t<\/a>\n\t<\/p>\n\n\n\n\n\n<h2 class=\"wp-block-heading\">Negocia\u00e7\u00e3o e liquidez do Kinea Renda Imobili\u00e1ria<\/h2>\n\n\n\n<p>No m\u00eas de setembro, os volumes transacionados representaram um total de 458.778 cotas negociadas. Isso equivale a cerca de 1,90% de todas as cotas do FII com um volume m\u00e9dio di\u00e1rio de R$ 3.744.828 e um volume m\u00e9dio por neg\u00f3cio\u00a0de R$ 931,55.<\/p>\n\n\n\n<p>O\u00a0<strong>KNRI11\u00a0<\/strong>encerrou setembro com a quarta maior participa\u00e7\u00e3o no IFIX, o \u00edndice de\u00a0<strong>fundos imobili\u00e1rios<\/strong>\u00a0da B3 (3,332%).<\/p>\n\n\n\n<p>O <strong>portf\u00f3lio do FII<\/strong> \u00e9 formado por 20 propriedades, sendo 12 edif\u00edcios comerciais e 8 centros log\u00edsticos. Ao todo, 65,47% dos ativos do fundo est\u00e3o em S\u00e3o Paulo, enquanto 18,65% se encontram no Rio de Janeiro. A parcela remanescente est\u00e1 situada em Minas Gerais.<\/p>\n\n\n\n<p>O <strong>KNRI11 <\/strong>conta com mais de 95 inquilinos, o que, segundo a gest\u00e3o, traz uma maior diversifica\u00e7\u00e3o para o portf\u00f3lio.<\/p>\n\n\n\n<h2 class=\"wp-block-heading\">KNRI11 comprou empreendimentos da S\u00e3o Carlos (SCAR3) por R$ 865 milh\u00f5es? FII esclarece informa\u00e7\u00f5es<\/h2>\n\n\n\n<p>O fundo imobili\u00e1rio<strong>\u00a0<\/strong>KNRI11\u00a0divulgou no fim do m\u00eas passado, por meio de comunicado, que n\u00e3o celebrou qualquer acordo para a compra de empreendimentos imobili\u00e1rios da\u00a0<a href=\"https:\/\/www.suno.com.br\/acoes\/SCAR3\/\" target=\"_blank\" rel=\"noreferrer noopener\"><strong>S\u00e3o Carlos<\/strong> (SCAR3)<\/a>.<\/p>\n\n\n\n<p>A venda dos empreendimentos situados nas cidades de S\u00e3o Paulo e Rio de Janeiro foi divulgada pela S\u00e3o Carlos no dia 19 de setembro, pelo valor de R$ 865 milh\u00f5es. Segundo a empresa, o comprador foi um fundo imobili\u00e1rio, embora n\u00e3o tenha revelado o nome do FII.<\/p>\n\n\n\n<p>No entanto, uma mat\u00e9ria publicada no dia 20 de setembro, no Brazil Journal, afirmava que esse fundo imobili\u00e1rio que fechou a transa\u00e7\u00e3o com a S\u00e3o Carlos seria o\u00a0<strong>FII KNRI11<\/strong>.<\/p>\n\n\n\n<p>Conforme comunicado pela S\u00e3o Carlos, os quatro im\u00f3veis vendidos foram:<\/p>\n\n\n\n<ul class=\"wp-block-list\">\n<li>Centro Empresarial Botafogo (CEB);<\/li>\n\n\n\n<li>Morumbi Office Tower (MOT)<\/li>\n\n\n\n<li>Corporate Plaza;<\/li>\n\n\n\n<li>Alameda Santos.<\/li>\n<\/ul>\n\n\n\n<p>Al\u00e9m de ter apurado ser o\u00a0fundo imobili\u00e1rio<strong> KNRI11<\/strong>\u00a0o comprador dos ativos, o Brazil Journal ainda diz que o fundo teria pretens\u00e3o de realizar uma nova oferta para pagar por esses ativos, segundo fonte pr\u00f3xima. A gest\u00e3o do FII diz que as informa\u00e7\u00f5es divulgadas pelo jornal n\u00e3o procedem.<\/p>\n\n\n\t<p>\n\t\t<a href=\"https:\/\/lp.suno.com.br\/planilha-da-vida-financeira\/\" target=\"_blank\" data-element=\"shortcode-suno-banner\" title=\"Banner SUNO, clique e saiba mais\">\n\t\t\t<picture>\n\t\t\t\t<source media=\"(max-width: 500px)\" srcset=\"https:\/\/files.sunoresearch.com.br\/n\/uploads\/2023\/04\/400x300-Planilha-vida-financeira-true.png\">\n\t\t\t\t<img class=\"newsContent__article__imgCapa newsContent__article__imgCapa--banner\"\n\t\t\t\t\tsrc=\"https:\/\/files.sunoresearch.com.br\/n\/uploads\/2023\/04\/1420x240-Planilha-vida-financeira-true.png\"\n\t\t\t\t\tdata-promo-id=\"383123\"\t\t\t\t\t\t\t\t\t\twidth='1420' height='240'\t\t\t\t\talt=\"https:\/\/files.sunoresearch.com.br\/n\/uploads\/2023\/04\/1420x240-Planilha-vida-financeira-true.png\"\n\t\t\t\t>\n\t\t\t<\/picture>\n\t\t<\/a>\n\t<\/p>\n\n\n","protected":false},"excerpt":{"rendered":"<p>Em relat\u00f3rio gerencial relativo a setembro, o fundo imobili\u00e1rio\u00a0KNRI11\u00a0comunicou que a vac\u00e2ncia financeira do Kinea Renda Imobili\u00e1ria registrou alta em compara\u00e7\u00e3o a agosto. KNRI11. Foto: Pixabay Segundo o\u00a0KNRI11, atualmente, a vac\u00e2ncia f\u00edsica do fundo imobili\u00e1rio \u00e9 de 3,22% (ante 3,15% em agosto). A vac\u00e2ncia do FII \u00e9 de 9,34% (ante 9,26% no m\u00eas anterior). A [&hellip;]<\/p>\n","protected":false},"author":313,"featured_media":328572,"comment_status":"closed","ping_status":"closed","sticky":false,"template":"","format":"standard","meta":[],"categories":[66],"tags":[106772,106375],"suno_strategy":[],"class_list":["post-466034","post","type-post","status-publish","format-standard","has-post-thumbnail","hentry","category-fiis","tag-knri11","tag-sao-carlos-scar3"],"yoast_head":"<!-- This site is optimized with the Yoast SEO plugin v24.4 - https:\/\/yoast.com\/wordpress\/plugins\/seo\/ -->\n<title>KNRI11 apresenta vac\u00e2ncia maior em setembro; saiba mais<\/title>\n<meta name=\"description\" content=\"Em relat\u00f3rio gerencial relativo a setembro, o KNRI11\u00a0comunicou que a vac\u00e2ncia financeira do fundo registrou queda em compara\u00e7\u00e3o a agosto.\" \/>\n<meta name=\"robots\" content=\"index, follow, max-snippet:-1, max-image-preview:large, max-video-preview:-1\" \/>\n<link rel=\"canonical\" href=\"https:\/\/www.suno.com.br\/noticias\/knri11-vacancia-setembro-gpj\/\" \/>\n<meta property=\"og:locale\" content=\"pt_BR\" \/>\n<meta property=\"og:type\" content=\"article\" \/>\n<meta property=\"og:title\" content=\"KNRI11 apresenta vac\u00e2ncia maior em setembro; saiba mais\" \/>\n<meta property=\"og:description\" content=\"Em relat\u00f3rio gerencial relativo a setembro, o KNRI11\u00a0comunicou que a vac\u00e2ncia financeira do fundo registrou queda em compara\u00e7\u00e3o a agosto.\" \/>\n<meta property=\"og:url\" content=\"https:\/\/www.suno.com.br\/noticias\/knri11-vacancia-setembro-gpj\/\" \/>\n<meta property=\"og:site_name\" content=\"Suno Not\u00edcias\" \/>\n<meta property=\"article:publisher\" content=\"https:\/\/facebook.com\/sunoresearch\" \/>\n<meta property=\"og:image\" content=\"https:\/\/files.sunoresearch.com.br\/n\/uploads\/2022\/12\/segunda-3.jpg\" \/>\n\t<meta property=\"og:image:width\" content=\"1280\" \/>\n\t<meta property=\"og:image:height\" content=\"853\" \/>\n\t<meta property=\"og:image:type\" content=\"image\/jpeg\" \/>\n<meta name=\"author\" content=\"Giovanni Porf\u00edrio Jacomino\" \/>\n<meta name=\"twitter:card\" content=\"summary_large_image\" \/>\n<meta name=\"twitter:creator\" content=\"@sunoresearch\" \/>\n<meta name=\"twitter:site\" content=\"@sunoresearch\" \/>\n<meta name=\"twitter:label1\" content=\"Escrito por\" \/>\n\t<meta name=\"twitter:data1\" content=\"Giovanni Porf\u00edrio Jacomino\" \/>\n\t<meta name=\"twitter:label2\" content=\"Est. tempo de leitura\" \/>\n\t<meta name=\"twitter:data2\" content=\"4 minutos\" \/>\n<script type=\"application\/ld+json\" class=\"yoast-schema-graph\">{\"@context\":\"https:\/\/schema.org\",\"@graph\":[{\"@type\":\"NewsArticle\",\"@id\":\"https:\/\/www.suno.com.br\/noticias\/knri11-vacancia-setembro-gpj\/#article\",\"isPartOf\":{\"@id\":\"https:\/\/www.suno.com.br\/noticias\/knri11-vacancia-setembro-gpj\/\"},\"author\":{\"name\":\"Giovanni Porf\u00edrio Jacomino\",\"@id\":\"https:\/\/www.suno.com.br\/noticias\/#\/schema\/person\/d0f32748bbca4bee871fa191ee4e2d40\"},\"headline\":\"KNRI11 apresenta vac\u00e2ncia maior em setembro; saiba mais\",\"datePublished\":\"2023-10-04T13:33:10+00:00\",\"dateModified\":\"2023-10-04T13:34:52+00:00\",\"mainEntityOfPage\":{\"@id\":\"https:\/\/www.suno.com.br\/noticias\/knri11-vacancia-setembro-gpj\/\"},\"wordCount\":595,\"publisher\":{\"@id\":\"https:\/\/www.suno.com.br\/noticias\/#organization\"},\"image\":{\"@id\":\"https:\/\/www.suno.com.br\/noticias\/knri11-vacancia-setembro-gpj\/#primaryimage\"},\"thumbnailUrl\":\"https:\/\/files.sunoresearch.com.br\/n\/uploads\/2022\/12\/segunda-3.jpg\",\"keywords\":[\"KNRI11\",\"S\u00e3o Carlos (SCAR3)\"],\"articleSection\":[\"FIIs\"],\"inLanguage\":\"pt-BR\"},{\"@type\":\"WebPage\",\"@id\":\"https:\/\/www.suno.com.br\/noticias\/knri11-vacancia-setembro-gpj\/\",\"url\":\"https:\/\/www.suno.com.br\/noticias\/knri11-vacancia-setembro-gpj\/\",\"name\":\"KNRI11 apresenta vac\u00e2ncia maior em setembro; saiba mais\",\"isPartOf\":{\"@id\":\"https:\/\/www.suno.com.br\/noticias\/#website\"},\"primaryImageOfPage\":{\"@id\":\"https:\/\/www.suno.com.br\/noticias\/knri11-vacancia-setembro-gpj\/#primaryimage\"},\"image\":{\"@id\":\"https:\/\/www.suno.com.br\/noticias\/knri11-vacancia-setembro-gpj\/#primaryimage\"},\"thumbnailUrl\":\"https:\/\/files.sunoresearch.com.br\/n\/uploads\/2022\/12\/segunda-3.jpg\",\"datePublished\":\"2023-10-04T13:33:10+00:00\",\"dateModified\":\"2023-10-04T13:34:52+00:00\",\"description\":\"Em relat\u00f3rio gerencial relativo a setembro, o KNRI11\u00a0comunicou que a vac\u00e2ncia financeira do fundo registrou queda em compara\u00e7\u00e3o a agosto.\",\"breadcrumb\":{\"@id\":\"https:\/\/www.suno.com.br\/noticias\/knri11-vacancia-setembro-gpj\/#breadcrumb\"},\"inLanguage\":\"pt-BR\",\"potentialAction\":[{\"@type\":\"ReadAction\",\"target\":[\"https:\/\/www.suno.com.br\/noticias\/knri11-vacancia-setembro-gpj\/\"]}]},{\"@type\":\"ImageObject\",\"inLanguage\":\"pt-BR\",\"@id\":\"https:\/\/www.suno.com.br\/noticias\/knri11-vacancia-setembro-gpj\/#primaryimage\",\"url\":\"https:\/\/files.sunoresearch.com.br\/n\/uploads\/2022\/12\/segunda-3.jpg\",\"contentUrl\":\"https:\/\/files.sunoresearch.com.br\/n\/uploads\/2022\/12\/segunda-3.jpg\",\"width\":1280,\"height\":853,\"caption\":\"KNRI11. Foto: Pixabay\"},{\"@type\":\"BreadcrumbList\",\"@id\":\"https:\/\/www.suno.com.br\/noticias\/knri11-vacancia-setembro-gpj\/#breadcrumb\",\"itemListElement\":[{\"@type\":\"ListItem\",\"position\":1,\"name\":\"Not\u00edcias\",\"item\":\"https:\/\/www.suno.com.br\/noticias\/\"},{\"@type\":\"ListItem\",\"position\":2,\"name\":\"FIIs\",\"item\":\"https:\/\/www.suno.com.br\/noticias\/fiis\/\"},{\"@type\":\"ListItem\",\"position\":3,\"name\":\"KNRI11 apresenta vac\u00e2ncia maior em setembro; saiba mais\"}]},{\"@type\":\"WebSite\",\"@id\":\"https:\/\/www.suno.com.br\/noticias\/#website\",\"url\":\"https:\/\/www.suno.com.br\/noticias\/\",\"name\":\"Suno Not\u00edcias\",\"description\":\"Seu portal de informa\u00e7\u00e3o sobre o mundo dos investimentos\",\"publisher\":{\"@id\":\"https:\/\/www.suno.com.br\/noticias\/#organization\"},\"potentialAction\":[{\"@type\":\"SearchAction\",\"target\":{\"@type\":\"EntryPoint\",\"urlTemplate\":\"https:\/\/www.suno.com.br\/noticias\/?s={search_term_string}\"},\"query-input\":{\"@type\":\"PropertyValueSpecification\",\"valueRequired\":true,\"valueName\":\"search_term_string\"}}],\"inLanguage\":\"pt-BR\"},{\"@type\":\"Organization\",\"@id\":\"https:\/\/www.suno.com.br\/noticias\/#organization\",\"name\":\"Suno Not\u00edcias\",\"url\":\"https:\/\/www.suno.com.br\/noticias\/\",\"logo\":{\"@type\":\"ImageObject\",\"inLanguage\":\"pt-BR\",\"@id\":\"https:\/\/www.suno.com.br\/noticias\/#\/schema\/logo\/image\/\",\"url\":\"https:\/\/files.sunoresearch.com.br\/n\/uploads\/2021\/09\/suno-logo.png\",\"contentUrl\":\"https:\/\/files.sunoresearch.com.br\/n\/uploads\/2021\/09\/suno-logo.png\",\"width\":180,\"height\":180,\"caption\":\"Suno Not\u00edcias\"},\"image\":{\"@id\":\"https:\/\/www.suno.com.br\/noticias\/#\/schema\/logo\/image\/\"},\"sameAs\":[\"https:\/\/facebook.com\/sunoresearch\",\"https:\/\/x.com\/sunoresearch\",\"https:\/\/www.instagram.com\/suno\",\"https:\/\/www.linkedin.com\/company\/suno-research\/\",\"https:\/\/www.youtube.com\/c\/sunoresearch\"]},{\"@type\":\"Person\",\"@id\":\"https:\/\/www.suno.com.br\/noticias\/#\/schema\/person\/d0f32748bbca4bee871fa191ee4e2d40\",\"name\":\"Giovanni Porf\u00edrio Jacomino\",\"image\":{\"@type\":\"ImageObject\",\"inLanguage\":\"pt-BR\",\"@id\":\"https:\/\/www.suno.com.br\/noticias\/#\/schema\/person\/image\/\",\"url\":\"https:\/\/secure.gravatar.com\/avatar\/efb32e19b730a121cb7a80f41ffec01a?s=96&r=g\",\"contentUrl\":\"https:\/\/secure.gravatar.com\/avatar\/efb32e19b730a121cb7a80f41ffec01a?s=96&r=g\",\"caption\":\"Giovanni Porf\u00edrio Jacomino\"},\"description\":\"Giovanni Porf\u00edrio Jacomino \u00e9 jornalista formado pela Universidade Estadual de Londrina (UEL) e p\u00f3s-graduado em Produ\u00e7\u00e3o e Pr\u00e1ticas Jornal\u00edsticas na Contemporaneidade na Faculdade C\u00e1sper L\u00edbero (FCL). Foi editor web no Startupi e no Finsiders, atuando ainda como editor no TC Mover, portal de not\u00edcias da TradersClub, fazendo a cobertura de assuntos relacionados ao mercado financeiro interno e externo. Atualmente, \u00e9 Rep\u00f3rter do Suno Not\u00edcias.\",\"url\":\"https:\/\/www.suno.com.br\/noticias\/author\/giovanni-porfiriosuno-com-br\/\"}]}<\/script>\n<!-- \/ Yoast SEO plugin. -->","yoast_head_json":{"title":"KNRI11 apresenta vac\u00e2ncia maior em setembro; saiba mais","description":"Em relat\u00f3rio gerencial relativo a setembro, o KNRI11\u00a0comunicou que a vac\u00e2ncia financeira do fundo registrou queda em compara\u00e7\u00e3o a agosto.","robots":{"index":"index","follow":"follow","max-snippet":"max-snippet:-1","max-image-preview":"max-image-preview:large","max-video-preview":"max-video-preview:-1"},"canonical":"https:\/\/www.suno.com.br\/noticias\/knri11-vacancia-setembro-gpj\/","og_locale":"pt_BR","og_type":"article","og_title":"KNRI11 apresenta vac\u00e2ncia maior em setembro; saiba mais","og_description":"Em relat\u00f3rio gerencial relativo a setembro, o KNRI11\u00a0comunicou que a vac\u00e2ncia financeira do fundo registrou queda em compara\u00e7\u00e3o a agosto.","og_url":"https:\/\/www.suno.com.br\/noticias\/knri11-vacancia-setembro-gpj\/","og_site_name":"Suno Not\u00edcias","article_publisher":"https:\/\/facebook.com\/sunoresearch","og_image":[{"width":1280,"height":853,"url":"https:\/\/files.sunoresearch.com.br\/n\/uploads\/2022\/12\/segunda-3.jpg","type":"image\/jpeg"}],"author":"Giovanni Porf\u00edrio Jacomino","twitter_card":"summary_large_image","twitter_creator":"@sunoresearch","twitter_site":"@sunoresearch","twitter_misc":{"Escrito por":"Giovanni Porf\u00edrio Jacomino","Est. tempo de leitura":"4 minutos"},"schema":{"@context":"https:\/\/schema.org","@graph":[{"@type":"NewsArticle","@id":"https:\/\/www.suno.com.br\/noticias\/knri11-vacancia-setembro-gpj\/#article","isPartOf":{"@id":"https:\/\/www.suno.com.br\/noticias\/knri11-vacancia-setembro-gpj\/"},"author":{"name":"Giovanni Porf\u00edrio Jacomino","@id":"https:\/\/www.suno.com.br\/noticias\/#\/schema\/person\/d0f32748bbca4bee871fa191ee4e2d40"},"headline":"KNRI11 apresenta vac\u00e2ncia maior em setembro; saiba mais","datePublished":"2023-10-04T13:33:10+00:00","dateModified":"2023-10-04T13:34:52+00:00","mainEntityOfPage":{"@id":"https:\/\/www.suno.com.br\/noticias\/knri11-vacancia-setembro-gpj\/"},"wordCount":595,"publisher":{"@id":"https:\/\/www.suno.com.br\/noticias\/#organization"},"image":{"@id":"https:\/\/www.suno.com.br\/noticias\/knri11-vacancia-setembro-gpj\/#primaryimage"},"thumbnailUrl":"https:\/\/files.sunoresearch.com.br\/n\/uploads\/2022\/12\/segunda-3.jpg","keywords":["KNRI11","S\u00e3o Carlos (SCAR3)"],"articleSection":["FIIs"],"inLanguage":"pt-BR"},{"@type":"WebPage","@id":"https:\/\/www.suno.com.br\/noticias\/knri11-vacancia-setembro-gpj\/","url":"https:\/\/www.suno.com.br\/noticias\/knri11-vacancia-setembro-gpj\/","name":"KNRI11 apresenta vac\u00e2ncia maior em setembro; saiba mais","isPartOf":{"@id":"https:\/\/www.suno.com.br\/noticias\/#website"},"primaryImageOfPage":{"@id":"https:\/\/www.suno.com.br\/noticias\/knri11-vacancia-setembro-gpj\/#primaryimage"},"image":{"@id":"https:\/\/www.suno.com.br\/noticias\/knri11-vacancia-setembro-gpj\/#primaryimage"},"thumbnailUrl":"https:\/\/files.sunoresearch.com.br\/n\/uploads\/2022\/12\/segunda-3.jpg","datePublished":"2023-10-04T13:33:10+00:00","dateModified":"2023-10-04T13:34:52+00:00","description":"Em relat\u00f3rio gerencial relativo a setembro, o KNRI11\u00a0comunicou que a vac\u00e2ncia financeira do fundo registrou queda em compara\u00e7\u00e3o a agosto.","breadcrumb":{"@id":"https:\/\/www.suno.com.br\/noticias\/knri11-vacancia-setembro-gpj\/#breadcrumb"},"inLanguage":"pt-BR","potentialAction":[{"@type":"ReadAction","target":["https:\/\/www.suno.com.br\/noticias\/knri11-vacancia-setembro-gpj\/"]}]},{"@type":"ImageObject","inLanguage":"pt-BR","@id":"https:\/\/www.suno.com.br\/noticias\/knri11-vacancia-setembro-gpj\/#primaryimage","url":"https:\/\/files.sunoresearch.com.br\/n\/uploads\/2022\/12\/segunda-3.jpg","contentUrl":"https:\/\/files.sunoresearch.com.br\/n\/uploads\/2022\/12\/segunda-3.jpg","width":1280,"height":853,"caption":"KNRI11. Foto: Pixabay"},{"@type":"BreadcrumbList","@id":"https:\/\/www.suno.com.br\/noticias\/knri11-vacancia-setembro-gpj\/#breadcrumb","itemListElement":[{"@type":"ListItem","position":1,"name":"Not\u00edcias","item":"https:\/\/www.suno.com.br\/noticias\/"},{"@type":"ListItem","position":2,"name":"FIIs","item":"https:\/\/www.suno.com.br\/noticias\/fiis\/"},{"@type":"ListItem","position":3,"name":"KNRI11 apresenta vac\u00e2ncia maior em setembro; saiba mais"}]},{"@type":"WebSite","@id":"https:\/\/www.suno.com.br\/noticias\/#website","url":"https:\/\/www.suno.com.br\/noticias\/","name":"Suno Not\u00edcias","description":"Seu portal de informa\u00e7\u00e3o sobre o mundo dos investimentos","publisher":{"@id":"https:\/\/www.suno.com.br\/noticias\/#organization"},"potentialAction":[{"@type":"SearchAction","target":{"@type":"EntryPoint","urlTemplate":"https:\/\/www.suno.com.br\/noticias\/?s={search_term_string}"},"query-input":{"@type":"PropertyValueSpecification","valueRequired":true,"valueName":"search_term_string"}}],"inLanguage":"pt-BR"},{"@type":"Organization","@id":"https:\/\/www.suno.com.br\/noticias\/#organization","name":"Suno Not\u00edcias","url":"https:\/\/www.suno.com.br\/noticias\/","logo":{"@type":"ImageObject","inLanguage":"pt-BR","@id":"https:\/\/www.suno.com.br\/noticias\/#\/schema\/logo\/image\/","url":"https:\/\/files.sunoresearch.com.br\/n\/uploads\/2021\/09\/suno-logo.png","contentUrl":"https:\/\/files.sunoresearch.com.br\/n\/uploads\/2021\/09\/suno-logo.png","width":180,"height":180,"caption":"Suno Not\u00edcias"},"image":{"@id":"https:\/\/www.suno.com.br\/noticias\/#\/schema\/logo\/image\/"},"sameAs":["https:\/\/facebook.com\/sunoresearch","https:\/\/x.com\/sunoresearch","https:\/\/www.instagram.com\/suno","https:\/\/www.linkedin.com\/company\/suno-research\/","https:\/\/www.youtube.com\/c\/sunoresearch"]},{"@type":"Person","@id":"https:\/\/www.suno.com.br\/noticias\/#\/schema\/person\/d0f32748bbca4bee871fa191ee4e2d40","name":"Giovanni Porf\u00edrio Jacomino","image":{"@type":"ImageObject","inLanguage":"pt-BR","@id":"https:\/\/www.suno.com.br\/noticias\/#\/schema\/person\/image\/","url":"https:\/\/secure.gravatar.com\/avatar\/efb32e19b730a121cb7a80f41ffec01a?s=96&r=g","contentUrl":"https:\/\/secure.gravatar.com\/avatar\/efb32e19b730a121cb7a80f41ffec01a?s=96&r=g","caption":"Giovanni Porf\u00edrio Jacomino"},"description":"Giovanni Porf\u00edrio Jacomino \u00e9 jornalista formado pela Universidade Estadual de Londrina (UEL) e p\u00f3s-graduado em Produ\u00e7\u00e3o e Pr\u00e1ticas Jornal\u00edsticas na Contemporaneidade na Faculdade C\u00e1sper L\u00edbero (FCL). Foi editor web no Startupi e no Finsiders, atuando ainda como editor no TC Mover, portal de not\u00edcias da TradersClub, fazendo a cobertura de assuntos relacionados ao mercado financeiro interno e externo. Atualmente, \u00e9 Rep\u00f3rter do Suno Not\u00edcias.","url":"https:\/\/www.suno.com.br\/noticias\/author\/giovanni-porfiriosuno-com-br\/"}]}},"default_loop_html":"<div class=\"cardsPage__listCard__boxs\"><div class=\"cardsPage__listCard__boxs__img\"><a href=\"https:\/\/www.suno.com.br\/noticias\/knri11-vacancia-setembro-gpj\/\"><img class=\"mask\" src=\"https:\/\/www.suno.com.br\/noticias\/wp-content\/themes\/suno\/resources\/images\/spotlight\/spotlight1img\/bg-mask.png\" alt=\"Image Mask\"\/><img src=\"https:\/\/files.sunoresearch.com.br\/n\/uploads\/2022\/12\/segunda-3-400x200.jpg\" alt=\"KNRI11 apresenta vac\u00e2ncia maior em setembro; saiba mais\"\/><\/a><span class=\"spotlightCategory\"><a href=\"https:\/\/www.suno.com.br\/noticias\/fiis\/\">FIIs<\/a><\/span><\/div><div class=\"cardsPage__listCard__boxs__content\"><a href=\"https:\/\/www.suno.com.br\/noticias\/knri11-vacancia-setembro-gpj\/\"><h2 class=\"content__title\">KNRI11 apresenta vac\u00e2ncia maior em setembro; saiba mais<\/h2><\/a><div class=\"newsContent__article__meta\"><div class=\"newsContent__article__meta__authorBox\"><a href=\"https:\/\/www.suno.com.br\/noticias\/author\/joao-vitor-jacintho\/\" class=\"authorBox__avatar noMobi\"><img src=\"https:\/\/secure.gravatar.com\/avatar\/2843227ca03ccf8cc7ccca45204c127e?s=96&#038;r=g\" alt=\"Jo\u00e3o Vitor Jacintho\"><\/a><div class=\"authorBox__name\"><span>por\n\t\t\t<a href=\"https:\/\/www.suno.com.br\/noticias\/author\/joao-vitor-jacintho\/\"><span itemprop=\"author\">Jo\u00e3o Vitor Jacintho<\/span><\/a><\/span><time datetime=\"2023-10-04T10:33:10-03:00\" itemprop=\"datePublished\">04\/10\/2023 10:33<\/time><\/div><\/div><\/div><\/div><\/div>","single_layout":"posts","amp_enabled":true,"_links":{"self":[{"href":"https:\/\/www.suno.com.br\/noticias\/wp-json\/wp\/v2\/posts\/466034"}],"collection":[{"href":"https:\/\/www.suno.com.br\/noticias\/wp-json\/wp\/v2\/posts"}],"about":[{"href":"https:\/\/www.suno.com.br\/noticias\/wp-json\/wp\/v2\/types\/post"}],"author":[{"embeddable":true,"href":"https:\/\/www.suno.com.br\/noticias\/wp-json\/wp\/v2\/users\/313"}],"replies":[{"embeddable":true,"href":"https:\/\/www.suno.com.br\/noticias\/wp-json\/wp\/v2\/comments?post=466034"}],"version-history":[{"count":2,"href":"https:\/\/www.suno.com.br\/noticias\/wp-json\/wp\/v2\/posts\/466034\/revisions"}],"predecessor-version":[{"id":466070,"href":"https:\/\/www.suno.com.br\/noticias\/wp-json\/wp\/v2\/posts\/466034\/revisions\/466070"}],"wp:featuredmedia":[{"embeddable":true,"href":"https:\/\/www.suno.com.br\/noticias\/wp-json\/wp\/v2\/media\/328572"}],"wp:attachment":[{"href":"https:\/\/www.suno.com.br\/noticias\/wp-json\/wp\/v2\/media?parent=466034"}],"wp:term":[{"taxonomy":"category","embeddable":true,"href":"https:\/\/www.suno.com.br\/noticias\/wp-json\/wp\/v2\/categories?post=466034"},{"taxonomy":"post_tag","embeddable":true,"href":"https:\/\/www.suno.com.br\/noticias\/wp-json\/wp\/v2\/tags?post=466034"},{"taxonomy":"suno_strategy","embeddable":true,"href":"https:\/\/www.suno.com.br\/noticias\/wp-json\/wp\/v2\/suno_strategy?post=466034"}],"curies":[{"name":"wp","href":"https:\/\/api.w.org\/{rel}","templated":true}]}}