{"id":466032,"date":"2023-10-04T11:34:35","date_gmt":"2023-10-04T14:34:35","guid":{"rendered":"https:\/\/www.suno.com.br\/noticias\/?p=466032"},"modified":"2023-10-04T11:34:38","modified_gmt":"2023-10-04T14:34:38","slug":"dolar-cai-ante-real-numeros-empregos-privados-cpf","status":"publish","type":"post","link":"https:\/\/www.suno.com.br\/noticias\/dolar-cai-ante-real-numeros-empregos-privados-cpf\/","title":{"rendered":"D\u00f3lar tem al\u00edvio em Treasuries e cai ante o real com baixos n\u00fameros de empregos privados"},"content":{"rendered":"<p>O <strong>d\u00f3lar <\/strong>em rela\u00e7\u00e3o ao real registrou uma queda acentuada na abertura desta quarta-feira (4), impulsionado por dados de cria\u00e7\u00e3o de empregos no setor privado dos Estados Unidos, os quais ficaram abaixo das expectativas para setembro. Esses n\u00fameros resultaram na redu\u00e7\u00e3o dos rendimentos dos Treasuries e em uma melhora nas perspectivas dos futuros das bolsas de valores de Nova York. <\/p>\t<div class=\"wrapper-featured-image\">\n\t\t<figure class=\"spotlightImg\">\n\n\t\t\t<picture>\n\t\t\t\t<source media=\"(max-width: 768px)\" srcset=\"https:\/\/files.sunoresearch.com.br\/n\/uploads\/2023\/05\/dolar-sobe-desce-moeda-cambio-400x200.jpg\">\n\t\t\t\t<img loading=\"lazy\" decoding=\"async\" class=\"newsContent__article__imgCapa lazyloadDisabled \" src=\"https:\/\/files.sunoresearch.com.br\/n\/uploads\/2023\/05\/dolar-sobe-desce-moeda-cambio-800x450.jpg\" width=\"800\" height=\"450\" alt=\"D\u00f3lar tem al\u00edvio em Treasuries e cai ante o real com baixos n\u00fameros de empregos privados\" fetchpriority=high \/>\n\t\t\t<\/picture>\n\n\t\t\t<figcaption class=\"wp-caption-text wp-caption-text--show\">D\u00f3lar - Foto: iStock<\/figcaption>\n\t\t<\/figure>\n\t<\/div>\n\n\n\n\n\n\n\n\t<p>\n\t\t<a href=\"https:\/\/lp.suno.com.br\/ebook-como-analisar-uma-acao\/\" target=\"_blank\" data-element=\"shortcode-suno-banner\" title=\"Banner SUNO, clique e saiba mais\">\n\t\t\t<picture>\n\t\t\t\t<source media=\"(max-width: 500px)\" srcset=\"https:\/\/files.sunoresearch.com.br\/n\/uploads\/2023\/03\/Ebook-Acoes-Mobile.jpg\">\n\t\t\t\t<img class=\"newsContent__article__imgCapa newsContent__article__imgCapa--banner\"\n\t\t\t\t\tsrc=\"https:\/\/files.sunoresearch.com.br\/n\/uploads\/2023\/03\/Ebook-Acoes-Desktop.jpg\"\n\t\t\t\t\tdata-promo-id=\"378302\"\t\t\t\t\t\t\t\t\t\twidth='1420' height='286'\t\t\t\t\talt=\"https:\/\/files.sunoresearch.com.br\/n\/uploads\/2023\/03\/Ebook-Acoes-Desktop.jpg\"\n\t\t\t\t>\n\t\t\t<\/picture>\n\t\t<\/a>\n\t<\/p>\n\n\n\n\n\n<p>Este cen\u00e1rio, geralmente associado a sinais de desacelera\u00e7\u00e3o econ\u00f4mica, tende a diminuir as expectativas de aperto monet\u00e1rio pelo <a class=\"suno-keyword\" target=\"_blank\" data-force=\"no\" data-priority=\"2\" href=\"https:\/\/www.suno.com.br\/artigos\/fed\/\" rel=\"noopener\">Federal Reserve (Fed)<\/a>, aumentando o apetite por ativos de risco. <\/p>\n\n\n\n<p>Os dados precedem a divulga\u00e7\u00e3o, na sexta-feira (6), do relat\u00f3rio oficial de emprego do Departamento do Trabalho, conhecido como &#8220;<strong>payroll<\/strong>&#8220;.<\/p>\n\n\n\t<p>\n\t\t<a href=\"https:\/\/lp.suno.com.br\/ebook-gratuito-investindo-no-exterior\/\" target=\"_blank\" data-element=\"shortcode-suno-banner\" title=\"Banner SUNO, clique e saiba mais\">\n\t\t\t<picture>\n\t\t\t\t<source media=\"(max-width: 500px)\" srcset=\"https:\/\/files.sunoresearch.com.br\/n\/uploads\/2023\/03\/400x300-Investindo-no-exterior.png\">\n\t\t\t\t<img class=\"newsContent__article__imgCapa newsContent__article__imgCapa--banner\"\n\t\t\t\t\tsrc=\"https:\/\/files.sunoresearch.com.br\/n\/uploads\/2023\/03\/1420x240-Investindo-no-exterior.png\"\n\t\t\t\t\tdata-promo-id=\"383161\"\t\t\t\t\t\t\t\t\t\twidth='1420' height='240'\t\t\t\t\talt=\"https:\/\/files.sunoresearch.com.br\/n\/uploads\/2023\/03\/1420x240-Investindo-no-exterior.png\"\n\t\t\t\t>\n\t\t\t<\/picture>\n\t\t<\/a>\n\t<\/p>\n\n\n\n\n\n<h2 class=\"wp-block-heading\">Agenda d\u00f3lar, EUA  e Brasil <\/h2>\n\n\n\n<p>Desde o in\u00edcio da sess\u00e3o, a <strong>cota\u00e7\u00e3o do d\u00f3lar americano<\/strong> e a <a class=\"suno-keyword\" target=\"_blank\" data-force=\"no\" data-priority=\"1\" href=\"https:\/\/www.suno.com.br\/artigos\/curva-de-juros\/\" rel=\"noopener\">curva de juros<\/a> j\u00e1 tinham iniciado o dia em queda, influenciados pela diminui\u00e7\u00e3o dos rendimentos dos Treasuries, al\u00e9m do fortalecimento do euro e da libra esterlina. Este fortalecimento foi motivado pelos dados dos PMIs de servi\u00e7os e composto em setembro na <a class=\"suno-keyword\" target=\"_blank\" data-force=\"no\" data-priority=\"1\" href=\"https:\/\/www.suno.com.br\/artigos\/zona-do-euro\/\" rel=\"noopener\">zona do euro<\/a>, Alemanha e Reino Unido, que superaram as previs\u00f5es dos analistas financeiros.<\/p>\n\n\n\n<p>Nos Estados Unidos, o setor privado criou 89 mil empregos em setembro, conforme uma pesquisa da ADP ajustada sazonalmente e divulgada hoje. Esse resultado ficou muito abaixo da expectativa dos analistas consultados pela FactSet, que esperavam a cria\u00e7\u00e3o de 140 mil postos de trabalho no m\u00eas passado. Contudo, o n\u00famero de empregos criados em agosto foi ligeiramente revisado para cima, de 177 mil para 180 mil. Al\u00e9m disso, a pesquisa da ADP, que adotou uma nova metodologia no ano passado, indicou que os sal\u00e1rios no setor privado tiveram um aumento m\u00e9dio anual de 5,9% em setembro.<\/p>\n\n\n\n\t<div data-element=\"shortcode-read-more\" class=\"readToo\">\n\t\t\t\t<span class=\"readToo__title\">Leia mais<\/span>\n\t\t\t\t<ul class=\"readToo__list\">\n\t\t\t<li><a href=\"https:\/\/www.suno.com.br\/noticias\/disney-viagens-em-familia-precos-luxo-cpf\/\">Viajar para a Disney por R$ 25 mil em fam\u00edlia at\u00e9 R$ 250 mil com um parque exclusivo<\/a><\/li><li><a href=\"https:\/\/www.suno.com.br\/noticias\/fundos-exclusivos-taxacao-gpj\/\">Fundos exclusivos: taxa\u00e7\u00e3o deve sair nesta quarta-feira, sem mudan\u00e7a nos JCP<\/a><\/li><li><a href=\"https:\/\/www.suno.com.br\/noticias\/ibovespa-hoje-mercado-ao-vivo-041023\/\">Ibovespa sobe com exterior ameno; Vale (VALE3) cai e Petrobras (PETR4) tomba com petr\u00f3leo, em dia de alta de varejistas e bancos<\/a><\/li>\t\t<\/ul>\n\t<\/div>\n\n\n\n\n<p>Na esfera pol\u00edtica brasileira, o relator do projeto de lei que prev\u00ea a tributa\u00e7\u00e3o de fundos de alta renda, deputado Pedro Paulo (PSD-RJ), informou ao Broadcast Pol\u00edtico, sistema de not\u00edcias em tempo real do Grupo Estado, que a proposta do governo que elimina a dedutibilidade dos <a class=\"suno-keyword\" data-force=\"no\" data-priority=\"1\" href=\"https:\/\/www.suno.com.br\/artigos\/entenda-o-jcp\/\" target=\"_blank\" rel=\"noopener\">Juros sobre Capital Pr\u00f3prio<\/a> (JCP) n\u00e3o ser\u00e1 inclu\u00edda no parecer que ser\u00e1 votado em plen\u00e1rio. <\/p>\n\n\n\n<p>O deputado alegou que esse assunto ainda est\u00e1 sendo discutido e poderia afetar a proposta de tributa\u00e7\u00e3o dos fundos, que est\u00e1 mais avan\u00e7ada. A expectativa \u00e9 que a mat\u00e9ria sobre offshores e <a class=\"suno-keyword\" target=\"_blank\" data-force=\"no\" data-priority=\"1\" href=\"https:\/\/www.suno.com.br\/artigos\/fundos-exclusivos\/\" rel=\"noopener\">fundos exclusivos<\/a> seja apreciada ainda hoje. O texto referente aos JCP ser\u00e1 votado em um projeto de lei separado, da forma como foi enviado pelo Executivo.<\/p>\n\n\n\n<p>Por volta das 9h46 desta quarta-feira, o <strong>d\u00f3lar \u00e0 vista <\/strong>apresentava uma queda de 0,49%, cotado a R$ 5,1297, ap\u00f3s atingir a m\u00ednima de R$ 5,1257 (-0,55%). O contrato <strong>futuro de d\u00f3lar <\/strong>para novembro registrava uma perda de 0,74%, sendo negociado a R$ 5,1470.<\/p>\n\n\n\n<p><em>Com informa\u00e7\u00f5es de Estad\u00e3o Conte\u00fado.<\/em><\/p>\n\n\n\t<p>\n\t\t<a href=\"https:\/\/lp.suno.com.br\/planilha-da-vida-financeira\/\" target=\"_blank\" data-element=\"shortcode-suno-banner\" title=\"Banner SUNO, clique e saiba mais\">\n\t\t\t<picture>\n\t\t\t\t<source media=\"(max-width: 500px)\" srcset=\"https:\/\/files.sunoresearch.com.br\/n\/uploads\/2023\/04\/400x300-Planilha-vida-financeira-true.png\">\n\t\t\t\t<img class=\"newsContent__article__imgCapa newsContent__article__imgCapa--banner\"\n\t\t\t\t\tsrc=\"https:\/\/files.sunoresearch.com.br\/n\/uploads\/2023\/04\/1420x240-Planilha-vida-financeira-true.png\"\n\t\t\t\t\tdata-promo-id=\"383123\"\t\t\t\t\t\t\t\t\t\twidth='1420' height='240'\t\t\t\t\talt=\"https:\/\/files.sunoresearch.com.br\/n\/uploads\/2023\/04\/1420x240-Planilha-vida-financeira-true.png\"\n\t\t\t\t>\n\t\t\t<\/picture>\n\t\t<\/a>\n\t<\/p>\n\n\n","protected":false},"excerpt":{"rendered":"<p>O d\u00f3lar em rela\u00e7\u00e3o ao real registrou uma queda acentuada na abertura desta quarta-feira (4), impulsionado por dados de cria\u00e7\u00e3o de empregos no setor privado dos Estados Unidos, os quais ficaram abaixo das expectativas para setembro. Esses n\u00fameros resultaram na redu\u00e7\u00e3o dos rendimentos dos Treasuries e em uma melhora nas perspectivas dos futuros das bolsas [&hellip;]<\/p>\n","protected":false},"author":283,"featured_media":408452,"comment_status":"closed","ping_status":"closed","sticky":false,"template":"","format":"standard","meta":[],"categories":[60],"tags":[326,105912],"suno_strategy":[],"class_list":["post-466032","post","type-post","status-publish","format-standard","has-post-thumbnail","hentry","category-mercado","tag-dolar","tag-treasuries"],"yoast_head":"<!-- This site is optimized with the Yoast SEO plugin v24.4 - https:\/\/yoast.com\/wordpress\/plugins\/seo\/ -->\n<title>D\u00f3lar cai ante o real hoje (4) com baixos n\u00fameros de empregos privados<\/title>\n<meta name=\"description\" content=\"O d\u00f3lar em rela\u00e7\u00e3o ao real registrou uma queda acentuada impulsionado por dados de cria\u00e7\u00e3o de empregos no setor privado dos EUA.\" \/>\n<meta name=\"robots\" content=\"index, follow, max-snippet:-1, max-image-preview:large, max-video-preview:-1\" \/>\n<link rel=\"canonical\" href=\"https:\/\/www.suno.com.br\/noticias\/dolar-cai-ante-real-numeros-empregos-privados-cpf\/\" \/>\n<meta property=\"og:locale\" content=\"pt_BR\" \/>\n<meta property=\"og:type\" content=\"article\" \/>\n<meta property=\"og:title\" content=\"D\u00f3lar cai ante o real hoje (4) com baixos n\u00fameros de empregos privados\" \/>\n<meta property=\"og:description\" content=\"O d\u00f3lar em rela\u00e7\u00e3o ao real registrou uma queda acentuada impulsionado por dados de cria\u00e7\u00e3o de empregos no setor privado dos EUA.\" \/>\n<meta property=\"og:url\" content=\"https:\/\/www.suno.com.br\/noticias\/dolar-cai-ante-real-numeros-empregos-privados-cpf\/\" \/>\n<meta property=\"og:site_name\" content=\"Suno Not\u00edcias\" \/>\n<meta property=\"article:publisher\" content=\"https:\/\/facebook.com\/sunoresearch\" \/>\n<meta property=\"og:image\" content=\"https:\/\/files.sunoresearch.com.br\/n\/uploads\/2023\/05\/dolar-sobe-desce-moeda-cambio.jpg\" \/>\n\t<meta property=\"og:image:width\" content=\"1200\" \/>\n\t<meta property=\"og:image:height\" content=\"800\" \/>\n\t<meta property=\"og:image:type\" content=\"image\/jpeg\" \/>\n<meta name=\"author\" content=\"Camila Paim\" \/>\n<meta name=\"twitter:card\" content=\"summary_large_image\" \/>\n<meta name=\"twitter:creator\" content=\"@sunoresearch\" \/>\n<meta name=\"twitter:site\" content=\"@sunoresearch\" \/>\n<meta name=\"twitter:label1\" content=\"Escrito por\" \/>\n\t<meta name=\"twitter:data1\" content=\"Camila Paim\" \/>\n\t<meta name=\"twitter:label2\" content=\"Est. tempo de leitura\" \/>\n\t<meta name=\"twitter:data2\" content=\"3 minutos\" \/>\n<script type=\"application\/ld+json\" class=\"yoast-schema-graph\">{\"@context\":\"https:\/\/schema.org\",\"@graph\":[{\"@type\":\"NewsArticle\",\"@id\":\"https:\/\/www.suno.com.br\/noticias\/dolar-cai-ante-real-numeros-empregos-privados-cpf\/#article\",\"isPartOf\":{\"@id\":\"https:\/\/www.suno.com.br\/noticias\/dolar-cai-ante-real-numeros-empregos-privados-cpf\/\"},\"author\":{\"name\":\"Camila Paim\",\"@id\":\"https:\/\/www.suno.com.br\/noticias\/#\/schema\/person\/f341d3ae5d1cc685176c9a5327cdfdbb\"},\"headline\":\"D\u00f3lar tem al\u00edvio em Treasuries e cai ante o real com baixos n\u00fameros de empregos privados\",\"datePublished\":\"2023-10-04T14:34:35+00:00\",\"dateModified\":\"2023-10-04T14:34:38+00:00\",\"mainEntityOfPage\":{\"@id\":\"https:\/\/www.suno.com.br\/noticias\/dolar-cai-ante-real-numeros-empregos-privados-cpf\/\"},\"wordCount\":502,\"publisher\":{\"@id\":\"https:\/\/www.suno.com.br\/noticias\/#organization\"},\"image\":{\"@id\":\"https:\/\/www.suno.com.br\/noticias\/dolar-cai-ante-real-numeros-empregos-privados-cpf\/#primaryimage\"},\"thumbnailUrl\":\"https:\/\/files.sunoresearch.com.br\/n\/uploads\/2023\/05\/dolar-sobe-desce-moeda-cambio.jpg\",\"keywords\":[\"d\u00f3lar\",\"Treasuries\"],\"articleSection\":[\"Mercado\"],\"inLanguage\":\"pt-BR\"},{\"@type\":\"WebPage\",\"@id\":\"https:\/\/www.suno.com.br\/noticias\/dolar-cai-ante-real-numeros-empregos-privados-cpf\/\",\"url\":\"https:\/\/www.suno.com.br\/noticias\/dolar-cai-ante-real-numeros-empregos-privados-cpf\/\",\"name\":\"D\u00f3lar cai ante o real hoje (4) com baixos n\u00fameros de empregos privados\",\"isPartOf\":{\"@id\":\"https:\/\/www.suno.com.br\/noticias\/#website\"},\"primaryImageOfPage\":{\"@id\":\"https:\/\/www.suno.com.br\/noticias\/dolar-cai-ante-real-numeros-empregos-privados-cpf\/#primaryimage\"},\"image\":{\"@id\":\"https:\/\/www.suno.com.br\/noticias\/dolar-cai-ante-real-numeros-empregos-privados-cpf\/#primaryimage\"},\"thumbnailUrl\":\"https:\/\/files.sunoresearch.com.br\/n\/uploads\/2023\/05\/dolar-sobe-desce-moeda-cambio.jpg\",\"datePublished\":\"2023-10-04T14:34:35+00:00\",\"dateModified\":\"2023-10-04T14:34:38+00:00\",\"description\":\"O d\u00f3lar em rela\u00e7\u00e3o ao real registrou uma queda acentuada impulsionado por dados de cria\u00e7\u00e3o de empregos no setor privado dos EUA.\",\"breadcrumb\":{\"@id\":\"https:\/\/www.suno.com.br\/noticias\/dolar-cai-ante-real-numeros-empregos-privados-cpf\/#breadcrumb\"},\"inLanguage\":\"pt-BR\",\"potentialAction\":[{\"@type\":\"ReadAction\",\"target\":[\"https:\/\/www.suno.com.br\/noticias\/dolar-cai-ante-real-numeros-empregos-privados-cpf\/\"]}]},{\"@type\":\"ImageObject\",\"inLanguage\":\"pt-BR\",\"@id\":\"https:\/\/www.suno.com.br\/noticias\/dolar-cai-ante-real-numeros-empregos-privados-cpf\/#primaryimage\",\"url\":\"https:\/\/files.sunoresearch.com.br\/n\/uploads\/2023\/05\/dolar-sobe-desce-moeda-cambio.jpg\",\"contentUrl\":\"https:\/\/files.sunoresearch.com.br\/n\/uploads\/2023\/05\/dolar-sobe-desce-moeda-cambio.jpg\",\"width\":1200,\"height\":800,\"caption\":\"D\u00f3lar - Foto: iStock\"},{\"@type\":\"BreadcrumbList\",\"@id\":\"https:\/\/www.suno.com.br\/noticias\/dolar-cai-ante-real-numeros-empregos-privados-cpf\/#breadcrumb\",\"itemListElement\":[{\"@type\":\"ListItem\",\"position\":1,\"name\":\"Not\u00edcias\",\"item\":\"https:\/\/www.suno.com.br\/noticias\/\"},{\"@type\":\"ListItem\",\"position\":2,\"name\":\"Mercado\",\"item\":\"https:\/\/www.suno.com.br\/noticias\/mercado\/\"},{\"@type\":\"ListItem\",\"position\":3,\"name\":\"D\u00f3lar tem al\u00edvio em Treasuries e cai ante o real com baixos n\u00fameros de empregos privados\"}]},{\"@type\":\"WebSite\",\"@id\":\"https:\/\/www.suno.com.br\/noticias\/#website\",\"url\":\"https:\/\/www.suno.com.br\/noticias\/\",\"name\":\"Suno Not\u00edcias\",\"description\":\"Seu portal de informa\u00e7\u00e3o sobre o mundo dos investimentos\",\"publisher\":{\"@id\":\"https:\/\/www.suno.com.br\/noticias\/#organization\"},\"potentialAction\":[{\"@type\":\"SearchAction\",\"target\":{\"@type\":\"EntryPoint\",\"urlTemplate\":\"https:\/\/www.suno.com.br\/noticias\/?s={search_term_string}\"},\"query-input\":{\"@type\":\"PropertyValueSpecification\",\"valueRequired\":true,\"valueName\":\"search_term_string\"}}],\"inLanguage\":\"pt-BR\"},{\"@type\":\"Organization\",\"@id\":\"https:\/\/www.suno.com.br\/noticias\/#organization\",\"name\":\"Suno Not\u00edcias\",\"url\":\"https:\/\/www.suno.com.br\/noticias\/\",\"logo\":{\"@type\":\"ImageObject\",\"inLanguage\":\"pt-BR\",\"@id\":\"https:\/\/www.suno.com.br\/noticias\/#\/schema\/logo\/image\/\",\"url\":\"https:\/\/files.sunoresearch.com.br\/n\/uploads\/2021\/09\/suno-logo.png\",\"contentUrl\":\"https:\/\/files.sunoresearch.com.br\/n\/uploads\/2021\/09\/suno-logo.png\",\"width\":180,\"height\":180,\"caption\":\"Suno Not\u00edcias\"},\"image\":{\"@id\":\"https:\/\/www.suno.com.br\/noticias\/#\/schema\/logo\/image\/\"},\"sameAs\":[\"https:\/\/facebook.com\/sunoresearch\",\"https:\/\/x.com\/sunoresearch\",\"https:\/\/www.instagram.com\/suno\",\"https:\/\/www.linkedin.com\/company\/suno-research\/\",\"https:\/\/www.youtube.com\/c\/sunoresearch\"]},{\"@type\":\"Person\",\"@id\":\"https:\/\/www.suno.com.br\/noticias\/#\/schema\/person\/f341d3ae5d1cc685176c9a5327cdfdbb\",\"name\":\"Camila Paim\",\"image\":{\"@type\":\"ImageObject\",\"inLanguage\":\"pt-BR\",\"@id\":\"https:\/\/www.suno.com.br\/noticias\/#\/schema\/person\/image\/\",\"url\":\"https:\/\/secure.gravatar.com\/avatar\/f33728e65febb1aa7ecf6792956f9b20?s=96&r=g\",\"contentUrl\":\"https:\/\/secure.gravatar.com\/avatar\/f33728e65febb1aa7ecf6792956f9b20?s=96&r=g\",\"caption\":\"Camila Paim\"},\"description\":\"Jornalista formada pela USP, tem experi\u00eancia em reda\u00e7\u00f5es, SEO, Branded Content e Webdesign. Com passagem pelo Jornal da USP, Empiricus e C6 Bank, hoje \u00e9 rep\u00f3rter no Suno Not\u00edcias cobrindo macroeconomia, finan\u00e7as pessoais e startups.\",\"url\":\"https:\/\/www.suno.com.br\/noticias\/author\/camila-figueiredosuno-com-br\/\"}]}<\/script>\n<!-- \/ Yoast SEO plugin. -->","yoast_head_json":{"title":"D\u00f3lar cai ante o real hoje (4) com baixos n\u00fameros de empregos privados","description":"O d\u00f3lar em rela\u00e7\u00e3o ao real registrou uma queda acentuada impulsionado por dados de cria\u00e7\u00e3o de empregos no setor privado dos EUA.","robots":{"index":"index","follow":"follow","max-snippet":"max-snippet:-1","max-image-preview":"max-image-preview:large","max-video-preview":"max-video-preview:-1"},"canonical":"https:\/\/www.suno.com.br\/noticias\/dolar-cai-ante-real-numeros-empregos-privados-cpf\/","og_locale":"pt_BR","og_type":"article","og_title":"D\u00f3lar cai ante o real hoje (4) com baixos n\u00fameros de empregos privados","og_description":"O d\u00f3lar em rela\u00e7\u00e3o ao real registrou uma queda acentuada impulsionado por dados de cria\u00e7\u00e3o de empregos no setor privado dos EUA.","og_url":"https:\/\/www.suno.com.br\/noticias\/dolar-cai-ante-real-numeros-empregos-privados-cpf\/","og_site_name":"Suno Not\u00edcias","article_publisher":"https:\/\/facebook.com\/sunoresearch","og_image":[{"width":1200,"height":800,"url":"https:\/\/files.sunoresearch.com.br\/n\/uploads\/2023\/05\/dolar-sobe-desce-moeda-cambio.jpg","type":"image\/jpeg"}],"author":"Camila Paim","twitter_card":"summary_large_image","twitter_creator":"@sunoresearch","twitter_site":"@sunoresearch","twitter_misc":{"Escrito por":"Camila Paim","Est. tempo de leitura":"3 minutos"},"schema":{"@context":"https:\/\/schema.org","@graph":[{"@type":"NewsArticle","@id":"https:\/\/www.suno.com.br\/noticias\/dolar-cai-ante-real-numeros-empregos-privados-cpf\/#article","isPartOf":{"@id":"https:\/\/www.suno.com.br\/noticias\/dolar-cai-ante-real-numeros-empregos-privados-cpf\/"},"author":{"name":"Camila Paim","@id":"https:\/\/www.suno.com.br\/noticias\/#\/schema\/person\/f341d3ae5d1cc685176c9a5327cdfdbb"},"headline":"D\u00f3lar tem al\u00edvio em Treasuries e cai ante o real com baixos n\u00fameros de empregos privados","datePublished":"2023-10-04T14:34:35+00:00","dateModified":"2023-10-04T14:34:38+00:00","mainEntityOfPage":{"@id":"https:\/\/www.suno.com.br\/noticias\/dolar-cai-ante-real-numeros-empregos-privados-cpf\/"},"wordCount":502,"publisher":{"@id":"https:\/\/www.suno.com.br\/noticias\/#organization"},"image":{"@id":"https:\/\/www.suno.com.br\/noticias\/dolar-cai-ante-real-numeros-empregos-privados-cpf\/#primaryimage"},"thumbnailUrl":"https:\/\/files.sunoresearch.com.br\/n\/uploads\/2023\/05\/dolar-sobe-desce-moeda-cambio.jpg","keywords":["d\u00f3lar","Treasuries"],"articleSection":["Mercado"],"inLanguage":"pt-BR"},{"@type":"WebPage","@id":"https:\/\/www.suno.com.br\/noticias\/dolar-cai-ante-real-numeros-empregos-privados-cpf\/","url":"https:\/\/www.suno.com.br\/noticias\/dolar-cai-ante-real-numeros-empregos-privados-cpf\/","name":"D\u00f3lar cai ante o real hoje (4) com baixos n\u00fameros de empregos privados","isPartOf":{"@id":"https:\/\/www.suno.com.br\/noticias\/#website"},"primaryImageOfPage":{"@id":"https:\/\/www.suno.com.br\/noticias\/dolar-cai-ante-real-numeros-empregos-privados-cpf\/#primaryimage"},"image":{"@id":"https:\/\/www.suno.com.br\/noticias\/dolar-cai-ante-real-numeros-empregos-privados-cpf\/#primaryimage"},"thumbnailUrl":"https:\/\/files.sunoresearch.com.br\/n\/uploads\/2023\/05\/dolar-sobe-desce-moeda-cambio.jpg","datePublished":"2023-10-04T14:34:35+00:00","dateModified":"2023-10-04T14:34:38+00:00","description":"O d\u00f3lar em rela\u00e7\u00e3o ao real registrou uma queda acentuada impulsionado por dados de cria\u00e7\u00e3o de empregos no setor privado dos EUA.","breadcrumb":{"@id":"https:\/\/www.suno.com.br\/noticias\/dolar-cai-ante-real-numeros-empregos-privados-cpf\/#breadcrumb"},"inLanguage":"pt-BR","potentialAction":[{"@type":"ReadAction","target":["https:\/\/www.suno.com.br\/noticias\/dolar-cai-ante-real-numeros-empregos-privados-cpf\/"]}]},{"@type":"ImageObject","inLanguage":"pt-BR","@id":"https:\/\/www.suno.com.br\/noticias\/dolar-cai-ante-real-numeros-empregos-privados-cpf\/#primaryimage","url":"https:\/\/files.sunoresearch.com.br\/n\/uploads\/2023\/05\/dolar-sobe-desce-moeda-cambio.jpg","contentUrl":"https:\/\/files.sunoresearch.com.br\/n\/uploads\/2023\/05\/dolar-sobe-desce-moeda-cambio.jpg","width":1200,"height":800,"caption":"D\u00f3lar - Foto: iStock"},{"@type":"BreadcrumbList","@id":"https:\/\/www.suno.com.br\/noticias\/dolar-cai-ante-real-numeros-empregos-privados-cpf\/#breadcrumb","itemListElement":[{"@type":"ListItem","position":1,"name":"Not\u00edcias","item":"https:\/\/www.suno.com.br\/noticias\/"},{"@type":"ListItem","position":2,"name":"Mercado","item":"https:\/\/www.suno.com.br\/noticias\/mercado\/"},{"@type":"ListItem","position":3,"name":"D\u00f3lar tem al\u00edvio em Treasuries e cai ante o real com baixos n\u00fameros de empregos privados"}]},{"@type":"WebSite","@id":"https:\/\/www.suno.com.br\/noticias\/#website","url":"https:\/\/www.suno.com.br\/noticias\/","name":"Suno Not\u00edcias","description":"Seu portal de informa\u00e7\u00e3o sobre o mundo dos investimentos","publisher":{"@id":"https:\/\/www.suno.com.br\/noticias\/#organization"},"potentialAction":[{"@type":"SearchAction","target":{"@type":"EntryPoint","urlTemplate":"https:\/\/www.suno.com.br\/noticias\/?s={search_term_string}"},"query-input":{"@type":"PropertyValueSpecification","valueRequired":true,"valueName":"search_term_string"}}],"inLanguage":"pt-BR"},{"@type":"Organization","@id":"https:\/\/www.suno.com.br\/noticias\/#organization","name":"Suno Not\u00edcias","url":"https:\/\/www.suno.com.br\/noticias\/","logo":{"@type":"ImageObject","inLanguage":"pt-BR","@id":"https:\/\/www.suno.com.br\/noticias\/#\/schema\/logo\/image\/","url":"https:\/\/files.sunoresearch.com.br\/n\/uploads\/2021\/09\/suno-logo.png","contentUrl":"https:\/\/files.sunoresearch.com.br\/n\/uploads\/2021\/09\/suno-logo.png","width":180,"height":180,"caption":"Suno Not\u00edcias"},"image":{"@id":"https:\/\/www.suno.com.br\/noticias\/#\/schema\/logo\/image\/"},"sameAs":["https:\/\/facebook.com\/sunoresearch","https:\/\/x.com\/sunoresearch","https:\/\/www.instagram.com\/suno","https:\/\/www.linkedin.com\/company\/suno-research\/","https:\/\/www.youtube.com\/c\/sunoresearch"]},{"@type":"Person","@id":"https:\/\/www.suno.com.br\/noticias\/#\/schema\/person\/f341d3ae5d1cc685176c9a5327cdfdbb","name":"Camila Paim","image":{"@type":"ImageObject","inLanguage":"pt-BR","@id":"https:\/\/www.suno.com.br\/noticias\/#\/schema\/person\/image\/","url":"https:\/\/secure.gravatar.com\/avatar\/f33728e65febb1aa7ecf6792956f9b20?s=96&r=g","contentUrl":"https:\/\/secure.gravatar.com\/avatar\/f33728e65febb1aa7ecf6792956f9b20?s=96&r=g","caption":"Camila Paim"},"description":"Jornalista formada pela USP, tem experi\u00eancia em reda\u00e7\u00f5es, SEO, Branded Content e Webdesign. Com passagem pelo Jornal da USP, Empiricus e C6 Bank, hoje \u00e9 rep\u00f3rter no Suno Not\u00edcias cobrindo macroeconomia, finan\u00e7as pessoais e startups.","url":"https:\/\/www.suno.com.br\/noticias\/author\/camila-figueiredosuno-com-br\/"}]}},"default_loop_html":"<div class=\"cardsPage__listCard__boxs\"><div class=\"cardsPage__listCard__boxs__img\"><a href=\"https:\/\/www.suno.com.br\/noticias\/dolar-cai-ante-real-numeros-empregos-privados-cpf\/\"><img class=\"mask\" src=\"https:\/\/www.suno.com.br\/noticias\/wp-content\/themes\/suno\/resources\/images\/spotlight\/spotlight1img\/bg-mask.png\" alt=\"Image Mask\"\/><img src=\"https:\/\/files.sunoresearch.com.br\/n\/uploads\/2023\/05\/dolar-sobe-desce-moeda-cambio-400x200.jpg\" alt=\"D\u00f3lar tem al\u00edvio em Treasuries e cai ante o real com baixos n\u00fameros de empregos privados\"\/><\/a><span class=\"spotlightCategory\"><a href=\"https:\/\/www.suno.com.br\/noticias\/mercado\/\">Mercado<\/a><\/span><\/div><div class=\"cardsPage__listCard__boxs__content\"><a href=\"https:\/\/www.suno.com.br\/noticias\/dolar-cai-ante-real-numeros-empregos-privados-cpf\/\"><h2 class=\"content__title\">D\u00f3lar tem al\u00edvio em Treasuries e cai ante o real com baixos n\u00fameros de empregos privados<\/h2><\/a><div class=\"newsContent__article__meta\"><div class=\"newsContent__article__meta__authorBox\"><a href=\"https:\/\/www.suno.com.br\/noticias\/author\/guilhermeserranosilvagmail-com\/\" class=\"authorBox__avatar noMobi\"><img src=\"https:\/\/files.sunoresearch.com.br\/n\/uploads\/2023\/09\/WhatsApp-Image-2023-09-05-at-11.02.17-150x150.jpeg\" alt=\"Guilherme Serrano Silva\"><\/a><div class=\"authorBox__name\"><span>por\n\t\t\t<a href=\"https:\/\/www.suno.com.br\/noticias\/author\/guilhermeserranosilvagmail-com\/\"><span itemprop=\"author\">Guilherme Serrano Silva<\/span><\/a><\/span><time datetime=\"2023-10-04T11:34:35-03:00\" itemprop=\"datePublished\">04\/10\/2023 11:34<\/time><\/div><\/div><\/div><\/div><\/div>","single_layout":"posts","amp_enabled":true,"_links":{"self":[{"href":"https:\/\/www.suno.com.br\/noticias\/wp-json\/wp\/v2\/posts\/466032"}],"collection":[{"href":"https:\/\/www.suno.com.br\/noticias\/wp-json\/wp\/v2\/posts"}],"about":[{"href":"https:\/\/www.suno.com.br\/noticias\/wp-json\/wp\/v2\/types\/post"}],"author":[{"embeddable":true,"href":"https:\/\/www.suno.com.br\/noticias\/wp-json\/wp\/v2\/users\/283"}],"replies":[{"embeddable":true,"href":"https:\/\/www.suno.com.br\/noticias\/wp-json\/wp\/v2\/comments?post=466032"}],"version-history":[{"count":2,"href":"https:\/\/www.suno.com.br\/noticias\/wp-json\/wp\/v2\/posts\/466032\/revisions"}],"predecessor-version":[{"id":466117,"href":"https:\/\/www.suno.com.br\/noticias\/wp-json\/wp\/v2\/posts\/466032\/revisions\/466117"}],"wp:featuredmedia":[{"embeddable":true,"href":"https:\/\/www.suno.com.br\/noticias\/wp-json\/wp\/v2\/media\/408452"}],"wp:attachment":[{"href":"https:\/\/www.suno.com.br\/noticias\/wp-json\/wp\/v2\/media?parent=466032"}],"wp:term":[{"taxonomy":"category","embeddable":true,"href":"https:\/\/www.suno.com.br\/noticias\/wp-json\/wp\/v2\/categories?post=466032"},{"taxonomy":"post_tag","embeddable":true,"href":"https:\/\/www.suno.com.br\/noticias\/wp-json\/wp\/v2\/tags?post=466032"},{"taxonomy":"suno_strategy","embeddable":true,"href":"https:\/\/www.suno.com.br\/noticias\/wp-json\/wp\/v2\/suno_strategy?post=466032"}],"curies":[{"name":"wp","href":"https:\/\/api.w.org\/{rel}","templated":true}]}}