{"id":465996,"date":"2023-10-04T09:37:47","date_gmt":"2023-10-04T12:37:47","guid":{"rendered":"https:\/\/www.suno.com.br\/noticias\/?p=465996"},"modified":"2023-10-04T13:34:49","modified_gmt":"2023-10-04T16:34:49","slug":"fundos-exclusivos-taxacao-gpj","status":"publish","type":"post","link":"https:\/\/www.suno.com.br\/noticias\/fundos-exclusivos-taxacao-gpj\/","title":{"rendered":"Fundos exclusivos: taxa\u00e7\u00e3o deve sair nesta quarta-feira, sem mudan\u00e7a nos JCP"},"content":{"rendered":"<p>Nesta quarta-feira (4), deve ser votado o projeto de lei que prev\u00ea a tributa\u00e7\u00e3o de fundos de investimento dos &#8220;super ricos&#8221; &#8211; incluindo <strong>fundos exclusivos<\/strong> e offshore (exterior) &#8211; sem incluir a mudan\u00e7a nos <a href=\"https:\/\/www.suno.com.br\/artigos\/entenda-o-jcp\/\">juros sobre capital pr\u00f3prio<\/a> (JCP), um tipo de remunera\u00e7\u00e3o feita pelas grandes empresas ao seus acionistas.<\/p>\t<div class=\"wrapper-featured-image\">\n\t\t<figure class=\"spotlightImg\">\n\n\t\t\t<picture>\n\t\t\t\t<source media=\"(max-width: 768px)\" srcset=\"https:\/\/files.sunoresearch.com.br\/n\/uploads\/2023\/05\/fundos-fiis-400x200.jpg\">\n\t\t\t\t<img loading=\"lazy\" decoding=\"async\" class=\"newsContent__article__imgCapa lazyloadDisabled \" src=\"https:\/\/files.sunoresearch.com.br\/n\/uploads\/2023\/05\/fundos-fiis-800x450.jpg\" width=\"800\" height=\"450\" alt=\"Fundos exclusivos: taxa\u00e7\u00e3o deve sair nesta quarta-feira, sem mudan\u00e7a nos JCP\" fetchpriority=high \/>\n\t\t\t<\/picture>\n\n\t\t\t<figcaption class=\"wp-caption-text wp-caption-text--show\">Investimentos. Foto: iStock <\/figcaption>\n\t\t<\/figure>\n\t<\/div>\n\n\n\n\n\n\n\n\t<p>\n\t\t<a href=\"\" target=\"_blank\" data-element=\"shortcode-suno-banner\" title=\"Banner SUNO, clique e saiba mais\">\n\t\t\t<picture>\n\t\t\t\t<source media=\"(max-width: 500px)\" srcset=\"\">\n\t\t\t\t<img class=\"newsContent__article__imgCapa newsContent__article__imgCapa--banner\"\n\t\t\t\t\tsrc=\"\"\n\t\t\t\t\tdata-promo-id=\"240038\"\t\t\t\t\t\t\t\t\t\t\t\t\t\t\talt=\"\"\n\t\t\t\t>\n\t\t\t<\/picture>\n\t\t<\/a>\n\t<\/p>\n\n\n\n\n\n<p>A inclus\u00e3o havia sido proposta pelo relator Pedro Paulo (PSD-RJ) ao governo e a l\u00edderes partid\u00e1rios, mas a ideia n\u00e3o avan\u00e7ou diante da resist\u00eancia de parlamentares sobre a medida. A equipe econ\u00f4mica prev\u00ea arrecadar cerca de R$ 20 bilh\u00f5es com <strong>fundos offshore e exclusivos<\/strong> em 2024.<\/p>\n\n\n\n<p>O relator tentou convencer o governo e os demais deputados, mas eles demonstraram contrariedade com a proposta inicial do <strong>Minist\u00e9rio da Fazenda<\/strong> de acabar com a <strong>dedutibilidade<\/strong> &#8211; isto \u00e9, a possibilidade de abatimento nos tributos devidos &#8211; sobre os <strong>juros sobre capital pr\u00f3prio<\/strong>.<\/p>\n\n\n\n<p>Vale lembrar que por meio do JCP, as empresas deduzem a distribui\u00e7\u00e3o de lucros aos acionistas como despesa. Na pr\u00e1tica, isso reduz o lucro e o pagamento de <strong>Imposto de Renda Pessoa Jur\u00eddica (IRPF)<\/strong> e de <strong>Contribui\u00e7\u00e3o Social sobre o Lucro L\u00edquido (CSLL)<\/strong>. <\/p>\n\n\n\n<p>No fim de agosto, o governo havia enviado uma medida provis\u00f3ria propondo a extin\u00e7\u00e3o do mecanismo, o que geraria, segundo o Minist\u00e9rio da Fazenda, ganho de arrecada\u00e7\u00e3o de R$ 10,5 bilh\u00f5es em 2024. O argumento era de que ele estaria defasado j\u00e1 que grandes empresas t\u00eam usado a ferramenta para buscarem brechas na lei e pagarem menos tributos.<\/p>\n\n\n\n<p>O fim da dedutibilidade do JCP faz parte do pacote de &#8220;<strong>isonomia tribut\u00e1ria<\/strong>&#8221; desenhado pela Fazenda. A aprova\u00e7\u00e3o da medida foi prevista no Or\u00e7amento do ano que vem com uma expectativa de arrecada\u00e7\u00e3o de R$ 10 bilh\u00f5es, de um total de R$ 168 bilh\u00f5es necess\u00e1rios para zerar o d\u00e9ficit em 2024, como estabelece a <a href=\"https:\/\/www.suno.com.br\/artigos\/meta-fiscal\/\">meta fiscal<\/a>. A equipe econ\u00f4mica argumenta que o uso do mecanismo foi desvirtuado e deve ser extinto.<\/p>\n\n\n\n<p>Para Erich Decat, coordenador do time de an\u00e1lises pol\u00edticas da Warren Rena, a tentativa frustrada de colocar num pacote 3 em 1 o fim do JCP deixa escancarado o tamanho das dificuldades que o governo enfrenta e enfrentar\u00e1 para avan\u00e7ar com esse tema, at\u00e9 o final do ano.<\/p>\n\n\n\n<p>&#8220;Nas conversas que tivemos agora de manh\u00e3 aqui em Bras\u00edlia, os sinais s\u00e3o de que o tema JCP n\u00e3o volta para o pacote 3 em 1 (offshores + fundos exclusivos + JCP). Dessa forma, a proposta do JCP deve retornar para o final da fila das &#8220;medidas saneadoras&#8221;, junto com a MP das Subven\u00e7\u00f5es (ICMS) que continua bastante morna dentro das discuss\u00f5es da Casa&#8221;, destacou.<\/p>\n\n\n\n\t<div data-element=\"shortcode-read-more\" class=\"readToo\">\n\t\t\t\t<span class=\"readToo__title\">Leia mais<\/span>\n\t\t\t\t<ul class=\"readToo__list\">\n\t\t\t<li><a href=\"https:\/\/www.suno.com.br\/noticias\/dolar-cai-ante-real-numeros-empregos-privados-cpf\/\">D\u00f3lar tem al\u00edvio em Treasuries e cai ante o real com baixos n\u00fameros de empregos privados<\/a><\/li><li><a href=\"https:\/\/www.suno.com.br\/noticias\/disney-viagens-em-familia-precos-luxo-cpf\/\">Viajar para a Disney por R$ 25 mil em fam\u00edlia at\u00e9 R$ 250 mil com um parque exclusivo<\/a><\/li><li><a href=\"https:\/\/www.suno.com.br\/noticias\/petrobras-petr4-reajuste-combustiveis-prates-gpj\/\">Petrobras (PETR4) avalia reajuste de combust\u00edveis, afirma Prates<\/a><\/li>\t\t<\/ul>\n\t<\/div>\n\n\n\n\n<h2 class=\"wp-block-heading\">Outros pontos do relat\u00f3rio<\/h2>\n\n\n\n<p>O relat\u00f3rio de Pedro Paulo demonstra, contudo, que o Minist\u00e9rio da Fazenda cedeu a <strong>Arthur Lira (PP-AL) <\/strong>em alguns pontos. Lira havia defendido que o contribuinte brasileiro que atualizar seus investimentos no exterior para o valor de mercado em 31 de dezembro de 2023 fosse tributado pelo ganho de capital em 6%, e n\u00e3o em 15% como prev\u00ea a legisla\u00e7\u00e3o atual.<\/p>\n\n\n\n<p>A oferta original da Fazenda era que essa taxa\u00e7\u00e3o fosse de 10%, mas, diante da resist\u00eancia de Lira e a necessidade de ampliar a arrecada\u00e7\u00e3o, a equipe de Haddad sinalizou que aceitava o acordo.<\/p>\n\n\n\n<p>O relator tamb\u00e9m baixou de 10% para 6% a tributa\u00e7\u00e3o incidente sobre os <strong>fundos exclusivos <\/strong>no Brasil que optarem por antecipar a vig\u00eancia da taxa\u00e7\u00e3o para este ano. A al\u00edquota cheia a partir de 2024 ser\u00e1 de 15% a 20%, a depender se o fundo \u00e9 curto ou longo prazo.<\/p>\n\n\n\n<p><em>Com informa\u00e7\u00f5es de Ag\u00eancia Brasil e Estad\u00e3o Conte\u00fado<\/em><\/p>\n\n\n\t<p>\n\t\t<a href=\"https:\/\/lp.suno.com.br\/planilha-da-vida-financeira\/\" target=\"_blank\" data-element=\"shortcode-suno-banner\" title=\"Banner SUNO, clique e saiba mais\">\n\t\t\t<picture>\n\t\t\t\t<source media=\"(max-width: 500px)\" srcset=\"https:\/\/files.sunoresearch.com.br\/n\/uploads\/2023\/04\/400x300-Planilha-vida-financeira-true.png\">\n\t\t\t\t<img class=\"newsContent__article__imgCapa newsContent__article__imgCapa--banner\"\n\t\t\t\t\tsrc=\"https:\/\/files.sunoresearch.com.br\/n\/uploads\/2023\/04\/1420x240-Planilha-vida-financeira-true.png\"\n\t\t\t\t\tdata-promo-id=\"383123\"\t\t\t\t\t\t\t\t\t\twidth='1420' height='240'\t\t\t\t\talt=\"https:\/\/files.sunoresearch.com.br\/n\/uploads\/2023\/04\/1420x240-Planilha-vida-financeira-true.png\"\n\t\t\t\t>\n\t\t\t<\/picture>\n\t\t<\/a>\n\t<\/p>\n\n\n","protected":false},"excerpt":{"rendered":"<p>Nesta quarta-feira (4), deve ser votado o projeto de lei que prev\u00ea a tributa\u00e7\u00e3o de fundos de investimento dos &#8220;super ricos&#8221; &#8211; incluindo fundos exclusivos e offshore (exterior) &#8211; sem incluir a mudan\u00e7a nos juros sobre capital pr\u00f3prio (JCP), um tipo de remunera\u00e7\u00e3o feita pelas grandes empresas ao seus acionistas. Investimentos. Foto: iStock A inclus\u00e3o [&hellip;]<\/p>\n","protected":false},"author":313,"featured_media":408494,"comment_status":"closed","ping_status":"closed","sticky":false,"template":"","format":"standard","meta":[],"categories":[60],"tags":[313,704],"suno_strategy":[],"class_list":["post-465996","post","type-post","status-publish","format-standard","has-post-thumbnail","hentry","category-mercado","tag-fundos-de-investimento","tag-impostos"],"yoast_head":"<!-- This site is optimized with the Yoast SEO plugin v24.4 - https:\/\/yoast.com\/wordpress\/plugins\/seo\/ -->\n<title>Fundos exclusivos: taxa\u00e7\u00e3o deve sair nesta quarta-feira; entenda a medida<\/title>\n<meta name=\"description\" content=\"Nesta quarta-feira (4), deve ser votado o PL que prev\u00ea a tributa\u00e7\u00e3o de fundos exclusivos, considerados de alta renda. Saiba mais!\" \/>\n<meta name=\"robots\" content=\"index, follow, max-snippet:-1, max-image-preview:large, max-video-preview:-1\" \/>\n<link rel=\"canonical\" href=\"https:\/\/www.suno.com.br\/noticias\/fundos-exclusivos-taxacao-gpj\/\" \/>\n<meta property=\"og:locale\" content=\"pt_BR\" \/>\n<meta property=\"og:type\" content=\"article\" \/>\n<meta property=\"og:title\" content=\"Fundos exclusivos: taxa\u00e7\u00e3o deve sair nesta quarta-feira; entenda a medida\" \/>\n<meta property=\"og:description\" content=\"Nesta quarta-feira (4), deve ser votado o PL que prev\u00ea a tributa\u00e7\u00e3o de fundos exclusivos, considerados de alta renda. Saiba mais!\" \/>\n<meta property=\"og:url\" content=\"https:\/\/www.suno.com.br\/noticias\/fundos-exclusivos-taxacao-gpj\/\" \/>\n<meta property=\"og:site_name\" content=\"Suno Not\u00edcias\" \/>\n<meta property=\"article:publisher\" content=\"https:\/\/facebook.com\/sunoresearch\" \/>\n<meta property=\"og:image\" content=\"https:\/\/files.sunoresearch.com.br\/n\/uploads\/2023\/05\/fundos-fiis.jpg\" \/>\n\t<meta property=\"og:image:width\" content=\"1200\" \/>\n\t<meta property=\"og:image:height\" content=\"800\" \/>\n\t<meta property=\"og:image:type\" content=\"image\/jpeg\" \/>\n<meta name=\"author\" content=\"Giovanni Porf\u00edrio Jacomino\" \/>\n<meta name=\"twitter:card\" content=\"summary_large_image\" \/>\n<meta name=\"twitter:creator\" content=\"@sunoresearch\" \/>\n<meta name=\"twitter:site\" content=\"@sunoresearch\" \/>\n<meta name=\"twitter:label1\" content=\"Escrito por\" \/>\n\t<meta name=\"twitter:data1\" content=\"Giovanni Porf\u00edrio Jacomino\" \/>\n\t<meta name=\"twitter:label2\" content=\"Est. tempo de leitura\" \/>\n\t<meta name=\"twitter:data2\" content=\"4 minutos\" \/>\n<script type=\"application\/ld+json\" class=\"yoast-schema-graph\">{\"@context\":\"https:\/\/schema.org\",\"@graph\":[{\"@type\":\"NewsArticle\",\"@id\":\"https:\/\/www.suno.com.br\/noticias\/fundos-exclusivos-taxacao-gpj\/#article\",\"isPartOf\":{\"@id\":\"https:\/\/www.suno.com.br\/noticias\/fundos-exclusivos-taxacao-gpj\/\"},\"author\":{\"name\":\"Giovanni Porf\u00edrio Jacomino\",\"@id\":\"https:\/\/www.suno.com.br\/noticias\/#\/schema\/person\/d0f32748bbca4bee871fa191ee4e2d40\"},\"headline\":\"Fundos exclusivos: taxa\u00e7\u00e3o deve sair nesta quarta-feira, sem mudan\u00e7a nos JCP\",\"datePublished\":\"2023-10-04T12:37:47+00:00\",\"dateModified\":\"2023-10-04T16:34:49+00:00\",\"mainEntityOfPage\":{\"@id\":\"https:\/\/www.suno.com.br\/noticias\/fundos-exclusivos-taxacao-gpj\/\"},\"wordCount\":634,\"publisher\":{\"@id\":\"https:\/\/www.suno.com.br\/noticias\/#organization\"},\"image\":{\"@id\":\"https:\/\/www.suno.com.br\/noticias\/fundos-exclusivos-taxacao-gpj\/#primaryimage\"},\"thumbnailUrl\":\"https:\/\/files.sunoresearch.com.br\/n\/uploads\/2023\/05\/fundos-fiis.jpg\",\"keywords\":[\"Fundos de investimento\",\"impostos\"],\"articleSection\":[\"Mercado\"],\"inLanguage\":\"pt-BR\"},{\"@type\":\"WebPage\",\"@id\":\"https:\/\/www.suno.com.br\/noticias\/fundos-exclusivos-taxacao-gpj\/\",\"url\":\"https:\/\/www.suno.com.br\/noticias\/fundos-exclusivos-taxacao-gpj\/\",\"name\":\"Fundos exclusivos: taxa\u00e7\u00e3o deve sair nesta quarta-feira; entenda a medida\",\"isPartOf\":{\"@id\":\"https:\/\/www.suno.com.br\/noticias\/#website\"},\"primaryImageOfPage\":{\"@id\":\"https:\/\/www.suno.com.br\/noticias\/fundos-exclusivos-taxacao-gpj\/#primaryimage\"},\"image\":{\"@id\":\"https:\/\/www.suno.com.br\/noticias\/fundos-exclusivos-taxacao-gpj\/#primaryimage\"},\"thumbnailUrl\":\"https:\/\/files.sunoresearch.com.br\/n\/uploads\/2023\/05\/fundos-fiis.jpg\",\"datePublished\":\"2023-10-04T12:37:47+00:00\",\"dateModified\":\"2023-10-04T16:34:49+00:00\",\"description\":\"Nesta quarta-feira (4), deve ser votado o PL que prev\u00ea a tributa\u00e7\u00e3o de fundos exclusivos, considerados de alta renda. Saiba mais!\",\"breadcrumb\":{\"@id\":\"https:\/\/www.suno.com.br\/noticias\/fundos-exclusivos-taxacao-gpj\/#breadcrumb\"},\"inLanguage\":\"pt-BR\",\"potentialAction\":[{\"@type\":\"ReadAction\",\"target\":[\"https:\/\/www.suno.com.br\/noticias\/fundos-exclusivos-taxacao-gpj\/\"]}]},{\"@type\":\"ImageObject\",\"inLanguage\":\"pt-BR\",\"@id\":\"https:\/\/www.suno.com.br\/noticias\/fundos-exclusivos-taxacao-gpj\/#primaryimage\",\"url\":\"https:\/\/files.sunoresearch.com.br\/n\/uploads\/2023\/05\/fundos-fiis.jpg\",\"contentUrl\":\"https:\/\/files.sunoresearch.com.br\/n\/uploads\/2023\/05\/fundos-fiis.jpg\",\"width\":1200,\"height\":800,\"caption\":\"Investimentos. Foto: iStock\"},{\"@type\":\"BreadcrumbList\",\"@id\":\"https:\/\/www.suno.com.br\/noticias\/fundos-exclusivos-taxacao-gpj\/#breadcrumb\",\"itemListElement\":[{\"@type\":\"ListItem\",\"position\":1,\"name\":\"Not\u00edcias\",\"item\":\"https:\/\/www.suno.com.br\/noticias\/\"},{\"@type\":\"ListItem\",\"position\":2,\"name\":\"Mercado\",\"item\":\"https:\/\/www.suno.com.br\/noticias\/mercado\/\"},{\"@type\":\"ListItem\",\"position\":3,\"name\":\"Fundos exclusivos: taxa\u00e7\u00e3o deve sair nesta quarta-feira, sem mudan\u00e7a nos JCP\"}]},{\"@type\":\"WebSite\",\"@id\":\"https:\/\/www.suno.com.br\/noticias\/#website\",\"url\":\"https:\/\/www.suno.com.br\/noticias\/\",\"name\":\"Suno Not\u00edcias\",\"description\":\"Seu portal de informa\u00e7\u00e3o sobre o mundo dos investimentos\",\"publisher\":{\"@id\":\"https:\/\/www.suno.com.br\/noticias\/#organization\"},\"potentialAction\":[{\"@type\":\"SearchAction\",\"target\":{\"@type\":\"EntryPoint\",\"urlTemplate\":\"https:\/\/www.suno.com.br\/noticias\/?s={search_term_string}\"},\"query-input\":{\"@type\":\"PropertyValueSpecification\",\"valueRequired\":true,\"valueName\":\"search_term_string\"}}],\"inLanguage\":\"pt-BR\"},{\"@type\":\"Organization\",\"@id\":\"https:\/\/www.suno.com.br\/noticias\/#organization\",\"name\":\"Suno Not\u00edcias\",\"url\":\"https:\/\/www.suno.com.br\/noticias\/\",\"logo\":{\"@type\":\"ImageObject\",\"inLanguage\":\"pt-BR\",\"@id\":\"https:\/\/www.suno.com.br\/noticias\/#\/schema\/logo\/image\/\",\"url\":\"https:\/\/files.sunoresearch.com.br\/n\/uploads\/2021\/09\/suno-logo.png\",\"contentUrl\":\"https:\/\/files.sunoresearch.com.br\/n\/uploads\/2021\/09\/suno-logo.png\",\"width\":180,\"height\":180,\"caption\":\"Suno Not\u00edcias\"},\"image\":{\"@id\":\"https:\/\/www.suno.com.br\/noticias\/#\/schema\/logo\/image\/\"},\"sameAs\":[\"https:\/\/facebook.com\/sunoresearch\",\"https:\/\/x.com\/sunoresearch\",\"https:\/\/www.instagram.com\/suno\",\"https:\/\/www.linkedin.com\/company\/suno-research\/\",\"https:\/\/www.youtube.com\/c\/sunoresearch\"]},{\"@type\":\"Person\",\"@id\":\"https:\/\/www.suno.com.br\/noticias\/#\/schema\/person\/d0f32748bbca4bee871fa191ee4e2d40\",\"name\":\"Giovanni Porf\u00edrio Jacomino\",\"image\":{\"@type\":\"ImageObject\",\"inLanguage\":\"pt-BR\",\"@id\":\"https:\/\/www.suno.com.br\/noticias\/#\/schema\/person\/image\/\",\"url\":\"https:\/\/secure.gravatar.com\/avatar\/efb32e19b730a121cb7a80f41ffec01a?s=96&r=g\",\"contentUrl\":\"https:\/\/secure.gravatar.com\/avatar\/efb32e19b730a121cb7a80f41ffec01a?s=96&r=g\",\"caption\":\"Giovanni Porf\u00edrio Jacomino\"},\"description\":\"Giovanni Porf\u00edrio Jacomino \u00e9 jornalista formado pela Universidade Estadual de Londrina (UEL) e p\u00f3s-graduado em Produ\u00e7\u00e3o e Pr\u00e1ticas Jornal\u00edsticas na Contemporaneidade na Faculdade C\u00e1sper L\u00edbero (FCL). Foi editor web no Startupi e no Finsiders, atuando ainda como editor no TC Mover, portal de not\u00edcias da TradersClub, fazendo a cobertura de assuntos relacionados ao mercado financeiro interno e externo. Atualmente, \u00e9 Rep\u00f3rter do Suno Not\u00edcias.\",\"url\":\"https:\/\/www.suno.com.br\/noticias\/author\/giovanni-porfiriosuno-com-br\/\"}]}<\/script>\n<!-- \/ Yoast SEO plugin. -->","yoast_head_json":{"title":"Fundos exclusivos: taxa\u00e7\u00e3o deve sair nesta quarta-feira; entenda a medida","description":"Nesta quarta-feira (4), deve ser votado o PL que prev\u00ea a tributa\u00e7\u00e3o de fundos exclusivos, considerados de alta renda. Saiba mais!","robots":{"index":"index","follow":"follow","max-snippet":"max-snippet:-1","max-image-preview":"max-image-preview:large","max-video-preview":"max-video-preview:-1"},"canonical":"https:\/\/www.suno.com.br\/noticias\/fundos-exclusivos-taxacao-gpj\/","og_locale":"pt_BR","og_type":"article","og_title":"Fundos exclusivos: taxa\u00e7\u00e3o deve sair nesta quarta-feira; entenda a medida","og_description":"Nesta quarta-feira (4), deve ser votado o PL que prev\u00ea a tributa\u00e7\u00e3o de fundos exclusivos, considerados de alta renda. Saiba mais!","og_url":"https:\/\/www.suno.com.br\/noticias\/fundos-exclusivos-taxacao-gpj\/","og_site_name":"Suno Not\u00edcias","article_publisher":"https:\/\/facebook.com\/sunoresearch","og_image":[{"width":1200,"height":800,"url":"https:\/\/files.sunoresearch.com.br\/n\/uploads\/2023\/05\/fundos-fiis.jpg","type":"image\/jpeg"}],"author":"Giovanni Porf\u00edrio Jacomino","twitter_card":"summary_large_image","twitter_creator":"@sunoresearch","twitter_site":"@sunoresearch","twitter_misc":{"Escrito por":"Giovanni Porf\u00edrio Jacomino","Est. tempo de leitura":"4 minutos"},"schema":{"@context":"https:\/\/schema.org","@graph":[{"@type":"NewsArticle","@id":"https:\/\/www.suno.com.br\/noticias\/fundos-exclusivos-taxacao-gpj\/#article","isPartOf":{"@id":"https:\/\/www.suno.com.br\/noticias\/fundos-exclusivos-taxacao-gpj\/"},"author":{"name":"Giovanni Porf\u00edrio Jacomino","@id":"https:\/\/www.suno.com.br\/noticias\/#\/schema\/person\/d0f32748bbca4bee871fa191ee4e2d40"},"headline":"Fundos exclusivos: taxa\u00e7\u00e3o deve sair nesta quarta-feira, sem mudan\u00e7a nos JCP","datePublished":"2023-10-04T12:37:47+00:00","dateModified":"2023-10-04T16:34:49+00:00","mainEntityOfPage":{"@id":"https:\/\/www.suno.com.br\/noticias\/fundos-exclusivos-taxacao-gpj\/"},"wordCount":634,"publisher":{"@id":"https:\/\/www.suno.com.br\/noticias\/#organization"},"image":{"@id":"https:\/\/www.suno.com.br\/noticias\/fundos-exclusivos-taxacao-gpj\/#primaryimage"},"thumbnailUrl":"https:\/\/files.sunoresearch.com.br\/n\/uploads\/2023\/05\/fundos-fiis.jpg","keywords":["Fundos de investimento","impostos"],"articleSection":["Mercado"],"inLanguage":"pt-BR"},{"@type":"WebPage","@id":"https:\/\/www.suno.com.br\/noticias\/fundos-exclusivos-taxacao-gpj\/","url":"https:\/\/www.suno.com.br\/noticias\/fundos-exclusivos-taxacao-gpj\/","name":"Fundos exclusivos: taxa\u00e7\u00e3o deve sair nesta quarta-feira; entenda a medida","isPartOf":{"@id":"https:\/\/www.suno.com.br\/noticias\/#website"},"primaryImageOfPage":{"@id":"https:\/\/www.suno.com.br\/noticias\/fundos-exclusivos-taxacao-gpj\/#primaryimage"},"image":{"@id":"https:\/\/www.suno.com.br\/noticias\/fundos-exclusivos-taxacao-gpj\/#primaryimage"},"thumbnailUrl":"https:\/\/files.sunoresearch.com.br\/n\/uploads\/2023\/05\/fundos-fiis.jpg","datePublished":"2023-10-04T12:37:47+00:00","dateModified":"2023-10-04T16:34:49+00:00","description":"Nesta quarta-feira (4), deve ser votado o PL que prev\u00ea a tributa\u00e7\u00e3o de fundos exclusivos, considerados de alta renda. Saiba mais!","breadcrumb":{"@id":"https:\/\/www.suno.com.br\/noticias\/fundos-exclusivos-taxacao-gpj\/#breadcrumb"},"inLanguage":"pt-BR","potentialAction":[{"@type":"ReadAction","target":["https:\/\/www.suno.com.br\/noticias\/fundos-exclusivos-taxacao-gpj\/"]}]},{"@type":"ImageObject","inLanguage":"pt-BR","@id":"https:\/\/www.suno.com.br\/noticias\/fundos-exclusivos-taxacao-gpj\/#primaryimage","url":"https:\/\/files.sunoresearch.com.br\/n\/uploads\/2023\/05\/fundos-fiis.jpg","contentUrl":"https:\/\/files.sunoresearch.com.br\/n\/uploads\/2023\/05\/fundos-fiis.jpg","width":1200,"height":800,"caption":"Investimentos. Foto: iStock"},{"@type":"BreadcrumbList","@id":"https:\/\/www.suno.com.br\/noticias\/fundos-exclusivos-taxacao-gpj\/#breadcrumb","itemListElement":[{"@type":"ListItem","position":1,"name":"Not\u00edcias","item":"https:\/\/www.suno.com.br\/noticias\/"},{"@type":"ListItem","position":2,"name":"Mercado","item":"https:\/\/www.suno.com.br\/noticias\/mercado\/"},{"@type":"ListItem","position":3,"name":"Fundos exclusivos: taxa\u00e7\u00e3o deve sair nesta quarta-feira, sem mudan\u00e7a nos JCP"}]},{"@type":"WebSite","@id":"https:\/\/www.suno.com.br\/noticias\/#website","url":"https:\/\/www.suno.com.br\/noticias\/","name":"Suno Not\u00edcias","description":"Seu portal de informa\u00e7\u00e3o sobre o mundo dos investimentos","publisher":{"@id":"https:\/\/www.suno.com.br\/noticias\/#organization"},"potentialAction":[{"@type":"SearchAction","target":{"@type":"EntryPoint","urlTemplate":"https:\/\/www.suno.com.br\/noticias\/?s={search_term_string}"},"query-input":{"@type":"PropertyValueSpecification","valueRequired":true,"valueName":"search_term_string"}}],"inLanguage":"pt-BR"},{"@type":"Organization","@id":"https:\/\/www.suno.com.br\/noticias\/#organization","name":"Suno Not\u00edcias","url":"https:\/\/www.suno.com.br\/noticias\/","logo":{"@type":"ImageObject","inLanguage":"pt-BR","@id":"https:\/\/www.suno.com.br\/noticias\/#\/schema\/logo\/image\/","url":"https:\/\/files.sunoresearch.com.br\/n\/uploads\/2021\/09\/suno-logo.png","contentUrl":"https:\/\/files.sunoresearch.com.br\/n\/uploads\/2021\/09\/suno-logo.png","width":180,"height":180,"caption":"Suno Not\u00edcias"},"image":{"@id":"https:\/\/www.suno.com.br\/noticias\/#\/schema\/logo\/image\/"},"sameAs":["https:\/\/facebook.com\/sunoresearch","https:\/\/x.com\/sunoresearch","https:\/\/www.instagram.com\/suno","https:\/\/www.linkedin.com\/company\/suno-research\/","https:\/\/www.youtube.com\/c\/sunoresearch"]},{"@type":"Person","@id":"https:\/\/www.suno.com.br\/noticias\/#\/schema\/person\/d0f32748bbca4bee871fa191ee4e2d40","name":"Giovanni Porf\u00edrio Jacomino","image":{"@type":"ImageObject","inLanguage":"pt-BR","@id":"https:\/\/www.suno.com.br\/noticias\/#\/schema\/person\/image\/","url":"https:\/\/secure.gravatar.com\/avatar\/efb32e19b730a121cb7a80f41ffec01a?s=96&r=g","contentUrl":"https:\/\/secure.gravatar.com\/avatar\/efb32e19b730a121cb7a80f41ffec01a?s=96&r=g","caption":"Giovanni Porf\u00edrio Jacomino"},"description":"Giovanni Porf\u00edrio Jacomino \u00e9 jornalista formado pela Universidade Estadual de Londrina (UEL) e p\u00f3s-graduado em Produ\u00e7\u00e3o e Pr\u00e1ticas Jornal\u00edsticas na Contemporaneidade na Faculdade C\u00e1sper L\u00edbero (FCL). Foi editor web no Startupi e no Finsiders, atuando ainda como editor no TC Mover, portal de not\u00edcias da TradersClub, fazendo a cobertura de assuntos relacionados ao mercado financeiro interno e externo. Atualmente, \u00e9 Rep\u00f3rter do Suno Not\u00edcias.","url":"https:\/\/www.suno.com.br\/noticias\/author\/giovanni-porfiriosuno-com-br\/"}]}},"default_loop_html":"<div class=\"cardsPage__listCard__boxs\"><div class=\"cardsPage__listCard__boxs__img\"><a href=\"https:\/\/www.suno.com.br\/noticias\/fundos-exclusivos-taxacao-gpj\/\"><img class=\"mask\" src=\"https:\/\/www.suno.com.br\/noticias\/wp-content\/themes\/suno\/resources\/images\/spotlight\/spotlight1img\/bg-mask.png\" alt=\"Image Mask\"\/><img src=\"https:\/\/files.sunoresearch.com.br\/n\/uploads\/2023\/05\/fundos-fiis-400x200.jpg\" alt=\"Fundos exclusivos: taxa\u00e7\u00e3o deve sair nesta quarta-feira, sem mudan\u00e7a nos JCP\"\/><\/a><span class=\"spotlightCategory\"><a href=\"https:\/\/www.suno.com.br\/noticias\/mercado\/\">Mercado<\/a><\/span><\/div><div class=\"cardsPage__listCard__boxs__content\"><a href=\"https:\/\/www.suno.com.br\/noticias\/fundos-exclusivos-taxacao-gpj\/\"><h2 class=\"content__title\">Fundos exclusivos: taxa\u00e7\u00e3o deve sair nesta quarta-feira, sem mudan\u00e7a nos JCP<\/h2><\/a><div class=\"newsContent__article__meta\"><div class=\"newsContent__article__meta__authorBox\"><a href=\"https:\/\/www.suno.com.br\/noticias\/author\/redacao-suno\/\" class=\"authorBox__avatar noMobi\"><img src=\"https:\/\/files.sunoresearch.com.br\/n\/uploads\/2020\/08\/0ace682d-redacao-1-150x150.webp\" alt=\"Reda\u00e7\u00e3o Suno Not\u00edcias\"><\/a><div class=\"authorBox__name\"><span>por\n\t\t\t<a href=\"https:\/\/www.suno.com.br\/noticias\/author\/redacao-suno\/\"><span itemprop=\"author\">Reda\u00e7\u00e3o Suno Not\u00edcias<\/span><\/a><\/span><time datetime=\"2023-10-04T09:37:47-03:00\" itemprop=\"datePublished\">04\/10\/2023 09:37<\/time><\/div><\/div><\/div><\/div><\/div>","single_layout":"posts","amp_enabled":true,"_links":{"self":[{"href":"https:\/\/www.suno.com.br\/noticias\/wp-json\/wp\/v2\/posts\/465996"}],"collection":[{"href":"https:\/\/www.suno.com.br\/noticias\/wp-json\/wp\/v2\/posts"}],"about":[{"href":"https:\/\/www.suno.com.br\/noticias\/wp-json\/wp\/v2\/types\/post"}],"author":[{"embeddable":true,"href":"https:\/\/www.suno.com.br\/noticias\/wp-json\/wp\/v2\/users\/313"}],"replies":[{"embeddable":true,"href":"https:\/\/www.suno.com.br\/noticias\/wp-json\/wp\/v2\/comments?post=465996"}],"version-history":[{"count":3,"href":"https:\/\/www.suno.com.br\/noticias\/wp-json\/wp\/v2\/posts\/465996\/revisions"}],"predecessor-version":[{"id":466230,"href":"https:\/\/www.suno.com.br\/noticias\/wp-json\/wp\/v2\/posts\/465996\/revisions\/466230"}],"wp:featuredmedia":[{"embeddable":true,"href":"https:\/\/www.suno.com.br\/noticias\/wp-json\/wp\/v2\/media\/408494"}],"wp:attachment":[{"href":"https:\/\/www.suno.com.br\/noticias\/wp-json\/wp\/v2\/media?parent=465996"}],"wp:term":[{"taxonomy":"category","embeddable":true,"href":"https:\/\/www.suno.com.br\/noticias\/wp-json\/wp\/v2\/categories?post=465996"},{"taxonomy":"post_tag","embeddable":true,"href":"https:\/\/www.suno.com.br\/noticias\/wp-json\/wp\/v2\/tags?post=465996"},{"taxonomy":"suno_strategy","embeddable":true,"href":"https:\/\/www.suno.com.br\/noticias\/wp-json\/wp\/v2\/suno_strategy?post=465996"}],"curies":[{"name":"wp","href":"https:\/\/api.w.org\/{rel}","templated":true}]}}