{"id":46594,"date":"2019-12-04T10:52:53","date_gmt":"2019-12-04T12:52:53","guid":{"rendered":"https:\/\/www.suno.com.br\/noticias\/?p=46594"},"modified":"2019-12-04T11:10:40","modified_gmt":"2019-12-04T13:10:40","slug":"dolar-queda-producao-industrial-mercosul-04122019","status":"publish","type":"post","link":"https:\/\/www.suno.com.br\/noticias\/dolar-queda-producao-industrial-mercosul-04122019\/","title":{"rendered":"D\u00f3lar inicia em queda; produ\u00e7\u00e3o industrial e c\u00fapula do Mercosul no radar"},"content":{"rendered":"<p>O <a href=\"https:\/\/www.suno.com.br\/artigos\/investir-em-dolar\/\">d\u00f3lar<\/a> abre esta nesta quarta-feira (4) em queda atento \u00e0s movimenta\u00e7\u00f5es que agitam o mercado interno e externo.<\/p>\t<div class=\"wrapper-featured-image\">\n\t\t<figure class=\"spotlightImg\">\n\n\t\t\t<picture>\n\t\t\t\t<source media=\"(max-width: 768px)\" srcset=\"https:\/\/files.sunoresearch.com.br\/n\/uploads\/2019\/11\/a1bc6fe1-d\u00f3lar-400x200.webp\">\n\t\t\t\t<img loading=\"lazy\" decoding=\"async\" class=\"newsContent__article__imgCapa lazyloadDisabled newsContent__article__imgCapa--noCaption\" src=\"https:\/\/files.sunoresearch.com.br\/n\/uploads\/2019\/11\/a1bc6fe1-d\u00f3lar-800x450.webp\" width=\"800\" height=\"450\" alt=\"D\u00f3lar inicia em queda; produ\u00e7\u00e3o industrial e c\u00fapula do Mercosul no radar\" fetchpriority=high \/>\n\t\t\t<\/picture>\n\n\t\t\t<figcaption class=\"wp-caption-text wp-caption-text--hide\">D\u00f3lar encerra em queda de 1,865%, cotado em R$ 5,1143<\/figcaption>\n\t\t<\/figure>\n\t<\/div>\n\n\n\n<p>Por volta das 9h20, o <strong>d\u00f3lar<\/strong> variava negativamente a 0,354% sendo negociado a R$ 4,1905. O mercado reage de forma mista ao resultado da <strong>produ\u00e7\u00e3o industrial<\/strong> em outubro.<\/p>\n<p>Al\u00e9m disso, segue no radar dos <strong><a href=\"https:\/\/www.suno.com.br\/artigos\/todo-investidor-deveria-imprimir-este-artigo-e-pendurar-na-parede-parte-1\/\">investidores<\/a><\/strong>, est\u00e3o de olho no desdobramento da disputa comercial entre <strong>Estados Unidos<\/strong> e <strong>China<\/strong>. Al\u00e9m disso a C\u00fapula do <a href=\"https:\/\/www.suno.com.br\/artigos\/mercosul\/\"><strong>Mercosul<\/strong><\/a> e o assunto do saneamento na <strong>C\u00e2mara<\/strong> tamb\u00e9m chamam a aten\u00e7\u00e3o.<\/p>\n<h2>Produ\u00e7\u00e3o industrial<\/h2>\n<p>A <strong>produ\u00e7\u00e3o industrial<\/strong> do Brasil aumentou 0,8% em outubro, na compara\u00e7\u00e3o com setembro. Essa foi a terceira alta mensal consecutiva.<\/p>\n<p>Na compara\u00e7\u00e3o anualizada, a ind\u00fastria avan\u00e7ou 1%. Os dados foram divulgados pelo <strong>Instituto Brasileiro de Geografia e Estat\u00edstica (IBGE) <\/strong>nesta quarta-feira.<\/p>\n<p>No acumulado de 2019, no entanto, o setor industrial ainda acumula uma desacelera\u00e7\u00e3o de 1,1%. No acumulado em 12 meses, houve uma diminui\u00e7\u00e3o da intensidade de queda, passando de -1,4% em setembro para -1,3% em outubro, continuando a trajet\u00f3ria de recupera\u00e7\u00e3o.<\/p>\n<h2>Acordo comercial<\/h2>\n<p>Os mercados no exterior abriram o dia em alta ap\u00f3s as informa\u00e7\u00f5es da ag\u00eancia de not\u00edcias &#8220;Bloomberg&#8221; de que as duas maiores pot\u00eancias do planeta est\u00e3o mais pr\u00f3ximas de um acordo na primeira fase da <a href=\"https:\/\/www.suno.com.br\/artigos\/a-guerra-comercial\/\"><strong>guerra comercial<\/strong><\/a>.<\/p>\n<p>De acordo com as novas informa\u00e7\u00f5es, as declara\u00e7\u00f5es do presidente estadunidense <a href=\"https:\/\/www.suno.com.br\/tudo-sobre\/donald-trump\/\"><strong>Donald Trump<\/strong><\/a>, na \u00faltima ter\u00e7a-feira (3), de que o acordo com os asi\u00e1ticos poderia sair ap\u00f3s as elei\u00e7\u00f5es presidenciais do ano que vem, e que mesmo a lei aprovada pelo <strong>Congresso<\/strong> dos EUA que apoia os manifestantes de Hong Kong, n\u00e3o devem intervir nas negocia\u00e7\u00f5es das tarifas, de acordo com pessoas ligadas ao assunto.<\/p>\n<h2>Mercosul<\/h2>\n<p>O <strong>Mercosul<\/strong> realiza neste quarta e na pr\u00f3xima quinta-feira (5) em Bento Gon\u00e7alves (RS) um encontro marcado pelas tens\u00f5es entre o presidente do Brasil, <strong>Jair Bolsonaro<\/strong>, e o novo presidente da Argentina, Alberto Fern\u00e1ndez, que assumir\u00e1 o posto no dia 10 de dezembro.<\/p>\n<p>De acordo com o embaixador de <strong>Negocia\u00e7\u00f5es Bilaterais e Regionais nas Am\u00e9ricas<\/strong> do Itamaraty, Pedro Miguel da Costa e Silva, o Brasil e a Argentina devem aproveitar a c\u00fapula do Mercosul para discutirem \u00e0s tarifas norte-americanas sobre o <strong>a\u00e7o<\/strong> e o <strong>alum\u00ednio<\/strong>.<\/p>\n<p><a href=\"https:\/\/www.suno.com.br\/noticias\/brasil-argentina-tarifas-aco-aluminio-eua\/\">Saiba mais: Brasil e Argentina planejam responder as tarifas norte-americanas<\/a><\/p>\n<p>&#8220;No meu n\u00edvel de coordena\u00e7\u00e3o j\u00e1 trocamos algumas impress\u00f5es, mas vamos ter sim uma reuni\u00e3o com os argentinos para tratar v\u00e1rios temas, inclusive esse&#8221;, informou Costa e Silva.<\/p>\n<h2>C\u00e2mara dos Deputados<\/h2>\n<p>Nesta quarta poder\u00e1 ser votado o novo marco legal do saneamento pela C\u00e2mara dos Deputados. O deputado Geninho Zuliani (DEM-SP), relator da proposta, pretende que o texto seja aprovado, no entanto, espera que a medida sofra resist\u00eancia de parte do Plen\u00e1rio.<\/p>\n<p><a href=\"https:\/\/www.suno.com.br\/noticias\/bc-interromper-cortes-selic-dolar-chegar-450-itau\/\">Veja tamb\u00e9m: BC poder\u00e1 interromper cortes na Selic se d\u00f3lar chegar a R$ 4,50, diz Ita\u00fa<\/a><\/p>\n<p>Al\u00e9m disso, a <strong>Comiss\u00e3o de Constitui\u00e7\u00e3o e Justi\u00e7a e de Cidadania (CCJ)<\/strong> da C\u00e2mara tamb\u00e9m deve votar a Proposta de Emenda \u00e0 Constitui\u00e7\u00e3o 438\/18, que altera a chamada regra de ouro.<\/p>\n<p>O per\u00edodo de discuss\u00e3o do texto foi encerrado na \u00faltima ter\u00e7a. A regra de ouro faz com que o governo n\u00e3o se endivide para custear despesas como folha salarial, manuten\u00e7\u00e3o de \u00f3rg\u00e3os e programas sociais.<\/p>\n<h2>\u00daltima cota\u00e7\u00e3o do d\u00f3lar<\/h2>\n<p>Na \u00faltima sess\u00e3o, ter\u00e7a-feira (3), o <strong>d\u00f3lar<\/strong> encerrou em queda de 0,19% cotado a R$ 4,2059.<\/p>\n","protected":false},"excerpt":{"rendered":"<p>O d\u00f3lar abre esta nesta quarta-feira (4) em queda atento \u00e0s movimenta\u00e7\u00f5es que agitam o mercado interno e externo. D\u00f3lar encerra em queda de 1,865%, cotado em R$ 5,1143 Por volta das 9h20, o d\u00f3lar variava negativamente a 0,354% sendo negociado a R$ 4,1905. O mercado reage de forma mista ao resultado da produ\u00e7\u00e3o industrial [&hellip;]<\/p>\n","protected":false},"author":24,"featured_media":46152,"comment_status":"closed","ping_status":"closed","sticky":false,"template":"","format":"standard","meta":[],"categories":[60],"tags":[326,980,868,820],"suno_strategy":[],"class_list":["post-46594","post","type-post","status-publish","format-standard","has-post-thumbnail","hentry","category-mercado","tag-dolar","tag-guerra-comercial","tag-mercosul","tag-producao-industrial"],"yoast_head":"<!-- This site is optimized with the Yoast SEO plugin v24.4 - https:\/\/yoast.com\/wordpress\/plugins\/seo\/ -->\n<title>D\u00f3lar inicia em queda; produ\u00e7\u00e3o industrial e c\u00fapula do Mercosul no radar<\/title>\n<meta name=\"description\" content=\"O d\u00f3lar abre esta nesta ter\u00e7a-feira (4) em queda atento \u00e0s movimenta\u00e7\u00f5es que agitam o mercado interno e externo. Clique e saiba mais.\" \/>\n<meta name=\"robots\" content=\"index, follow, max-snippet:-1, max-image-preview:large, max-video-preview:-1\" \/>\n<link rel=\"canonical\" href=\"https:\/\/www.suno.com.br\/noticias\/dolar-queda-producao-industrial-mercosul-04122019\/\" \/>\n<meta property=\"og:locale\" content=\"pt_BR\" \/>\n<meta property=\"og:type\" content=\"article\" \/>\n<meta property=\"og:title\" content=\"D\u00f3lar inicia em queda; produ\u00e7\u00e3o industrial e c\u00fapula do Mercosul no radar\" \/>\n<meta property=\"og:description\" content=\"O d\u00f3lar abre esta nesta ter\u00e7a-feira (4) em queda atento \u00e0s movimenta\u00e7\u00f5es que agitam o mercado interno e externo. Clique e saiba mais.\" \/>\n<meta property=\"og:url\" content=\"https:\/\/www.suno.com.br\/noticias\/dolar-queda-producao-industrial-mercosul-04122019\/\" \/>\n<meta property=\"og:site_name\" content=\"Suno Not\u00edcias\" \/>\n<meta property=\"article:publisher\" content=\"https:\/\/facebook.com\/sunoresearch\" \/>\n<meta property=\"og:image\" content=\"https:\/\/files.sunoresearch.com.br\/n\/uploads\/2019\/11\/a1bc6fe1-d\u00f3lar.jpg\" \/>\n\t<meta property=\"og:image:width\" content=\"800\" \/>\n\t<meta property=\"og:image:height\" content=\"533\" \/>\n\t<meta property=\"og:image:type\" content=\"image\/jpeg\" \/>\n<meta name=\"author\" content=\"Jader Lazarini\" \/>\n<meta name=\"twitter:card\" content=\"summary_large_image\" \/>\n<meta name=\"twitter:creator\" content=\"@sunoresearch\" \/>\n<meta name=\"twitter:site\" content=\"@sunoresearch\" \/>\n<meta name=\"twitter:label1\" content=\"Escrito por\" \/>\n\t<meta name=\"twitter:data1\" content=\"Jader Lazarini\" \/>\n\t<meta name=\"twitter:label2\" content=\"Est. tempo de leitura\" \/>\n\t<meta name=\"twitter:data2\" content=\"3 minutos\" \/>\n<script type=\"application\/ld+json\" class=\"yoast-schema-graph\">{\"@context\":\"https:\/\/schema.org\",\"@graph\":[{\"@type\":\"NewsArticle\",\"@id\":\"https:\/\/www.suno.com.br\/noticias\/dolar-queda-producao-industrial-mercosul-04122019\/#article\",\"isPartOf\":{\"@id\":\"https:\/\/www.suno.com.br\/noticias\/dolar-queda-producao-industrial-mercosul-04122019\/\"},\"author\":{\"name\":\"Jader Lazarini\",\"@id\":\"https:\/\/www.suno.com.br\/noticias\/#\/schema\/person\/918d79de1f0281f01599b93f9ea6e23f\"},\"headline\":\"D\u00f3lar inicia em queda; produ\u00e7\u00e3o industrial e c\u00fapula do Mercosul no radar\",\"datePublished\":\"2019-12-04T12:52:53+00:00\",\"dateModified\":\"2019-12-04T13:10:40+00:00\",\"mainEntityOfPage\":{\"@id\":\"https:\/\/www.suno.com.br\/noticias\/dolar-queda-producao-industrial-mercosul-04122019\/\"},\"wordCount\":617,\"publisher\":{\"@id\":\"https:\/\/www.suno.com.br\/noticias\/#organization\"},\"image\":{\"@id\":\"https:\/\/www.suno.com.br\/noticias\/dolar-queda-producao-industrial-mercosul-04122019\/#primaryimage\"},\"thumbnailUrl\":\"https:\/\/files.sunoresearch.com.br\/n\/uploads\/2019\/11\/a1bc6fe1-d\u00f3lar-jpg.webp\",\"keywords\":[\"d\u00f3lar\",\"guerra comercial\",\"Mercosul\",\"produ\u00e7\u00e3o industrial\"],\"articleSection\":[\"Mercado\"],\"inLanguage\":\"pt-BR\"},{\"@type\":\"WebPage\",\"@id\":\"https:\/\/www.suno.com.br\/noticias\/dolar-queda-producao-industrial-mercosul-04122019\/\",\"url\":\"https:\/\/www.suno.com.br\/noticias\/dolar-queda-producao-industrial-mercosul-04122019\/\",\"name\":\"D\u00f3lar inicia em queda; produ\u00e7\u00e3o industrial e c\u00fapula do Mercosul no radar\",\"isPartOf\":{\"@id\":\"https:\/\/www.suno.com.br\/noticias\/#website\"},\"primaryImageOfPage\":{\"@id\":\"https:\/\/www.suno.com.br\/noticias\/dolar-queda-producao-industrial-mercosul-04122019\/#primaryimage\"},\"image\":{\"@id\":\"https:\/\/www.suno.com.br\/noticias\/dolar-queda-producao-industrial-mercosul-04122019\/#primaryimage\"},\"thumbnailUrl\":\"https:\/\/files.sunoresearch.com.br\/n\/uploads\/2019\/11\/a1bc6fe1-d\u00f3lar-jpg.webp\",\"datePublished\":\"2019-12-04T12:52:53+00:00\",\"dateModified\":\"2019-12-04T13:10:40+00:00\",\"description\":\"O d\u00f3lar abre esta nesta ter\u00e7a-feira (4) em queda atento \u00e0s movimenta\u00e7\u00f5es que agitam o mercado interno e externo. Clique e saiba mais.\",\"breadcrumb\":{\"@id\":\"https:\/\/www.suno.com.br\/noticias\/dolar-queda-producao-industrial-mercosul-04122019\/#breadcrumb\"},\"inLanguage\":\"pt-BR\",\"potentialAction\":[{\"@type\":\"ReadAction\",\"target\":[\"https:\/\/www.suno.com.br\/noticias\/dolar-queda-producao-industrial-mercosul-04122019\/\"]}]},{\"@type\":\"ImageObject\",\"inLanguage\":\"pt-BR\",\"@id\":\"https:\/\/www.suno.com.br\/noticias\/dolar-queda-producao-industrial-mercosul-04122019\/#primaryimage\",\"url\":\"https:\/\/files.sunoresearch.com.br\/n\/uploads\/2019\/11\/a1bc6fe1-d\u00f3lar-jpg.webp\",\"contentUrl\":\"https:\/\/files.sunoresearch.com.br\/n\/uploads\/2019\/11\/a1bc6fe1-d\u00f3lar-jpg.webp\",\"width\":800,\"height\":533,\"caption\":\"D\u00f3lar encerra em queda de 1,865%, cotado em R$ 5,1143\"},{\"@type\":\"BreadcrumbList\",\"@id\":\"https:\/\/www.suno.com.br\/noticias\/dolar-queda-producao-industrial-mercosul-04122019\/#breadcrumb\",\"itemListElement\":[{\"@type\":\"ListItem\",\"position\":1,\"name\":\"Not\u00edcias\",\"item\":\"https:\/\/www.suno.com.br\/noticias\/\"},{\"@type\":\"ListItem\",\"position\":2,\"name\":\"Mercado\",\"item\":\"https:\/\/www.suno.com.br\/noticias\/mercado\/\"},{\"@type\":\"ListItem\",\"position\":3,\"name\":\"D\u00f3lar inicia em queda; produ\u00e7\u00e3o industrial e c\u00fapula do Mercosul no radar\"}]},{\"@type\":\"WebSite\",\"@id\":\"https:\/\/www.suno.com.br\/noticias\/#website\",\"url\":\"https:\/\/www.suno.com.br\/noticias\/\",\"name\":\"Suno Not\u00edcias\",\"description\":\"Seu portal de informa\u00e7\u00e3o sobre o mundo dos investimentos\",\"publisher\":{\"@id\":\"https:\/\/www.suno.com.br\/noticias\/#organization\"},\"potentialAction\":[{\"@type\":\"SearchAction\",\"target\":{\"@type\":\"EntryPoint\",\"urlTemplate\":\"https:\/\/www.suno.com.br\/noticias\/?s={search_term_string}\"},\"query-input\":{\"@type\":\"PropertyValueSpecification\",\"valueRequired\":true,\"valueName\":\"search_term_string\"}}],\"inLanguage\":\"pt-BR\"},{\"@type\":\"Organization\",\"@id\":\"https:\/\/www.suno.com.br\/noticias\/#organization\",\"name\":\"Suno Not\u00edcias\",\"url\":\"https:\/\/www.suno.com.br\/noticias\/\",\"logo\":{\"@type\":\"ImageObject\",\"inLanguage\":\"pt-BR\",\"@id\":\"https:\/\/www.suno.com.br\/noticias\/#\/schema\/logo\/image\/\",\"url\":\"https:\/\/files.sunoresearch.com.br\/n\/uploads\/2021\/09\/suno-logo.png\",\"contentUrl\":\"https:\/\/files.sunoresearch.com.br\/n\/uploads\/2021\/09\/suno-logo.png\",\"width\":180,\"height\":180,\"caption\":\"Suno Not\u00edcias\"},\"image\":{\"@id\":\"https:\/\/www.suno.com.br\/noticias\/#\/schema\/logo\/image\/\"},\"sameAs\":[\"https:\/\/facebook.com\/sunoresearch\",\"https:\/\/x.com\/sunoresearch\",\"https:\/\/www.instagram.com\/suno\",\"https:\/\/www.linkedin.com\/company\/suno-research\/\",\"https:\/\/www.youtube.com\/c\/sunoresearch\"]},{\"@type\":\"Person\",\"@id\":\"https:\/\/www.suno.com.br\/noticias\/#\/schema\/person\/918d79de1f0281f01599b93f9ea6e23f\",\"name\":\"Jader Lazarini\",\"image\":{\"@type\":\"ImageObject\",\"inLanguage\":\"pt-BR\",\"@id\":\"https:\/\/www.suno.com.br\/noticias\/#\/schema\/person\/image\/\",\"url\":\"https:\/\/secure.gravatar.com\/avatar\/3c1ad8caa51589841baeb923fcddea97?s=96&r=g\",\"contentUrl\":\"https:\/\/secure.gravatar.com\/avatar\/3c1ad8caa51589841baeb923fcddea97?s=96&r=g\",\"caption\":\"Jader Lazarini\"},\"description\":\"Jader Lazarini escreve sobre investimentos, finan\u00e7as, economia e neg\u00f3cios. \u00c9 bacharel em Rela\u00e7\u00f5es Internacionais e analista CNPI (2619).\",\"url\":\"https:\/\/www.suno.com.br\/noticias\/author\/jader-lazarini\/\"}]}<\/script>\n<!-- \/ Yoast SEO plugin. -->","yoast_head_json":{"title":"D\u00f3lar inicia em queda; produ\u00e7\u00e3o industrial e c\u00fapula do Mercosul no radar","description":"O d\u00f3lar abre esta nesta ter\u00e7a-feira (4) em queda atento \u00e0s movimenta\u00e7\u00f5es que agitam o mercado interno e externo. Clique e saiba mais.","robots":{"index":"index","follow":"follow","max-snippet":"max-snippet:-1","max-image-preview":"max-image-preview:large","max-video-preview":"max-video-preview:-1"},"canonical":"https:\/\/www.suno.com.br\/noticias\/dolar-queda-producao-industrial-mercosul-04122019\/","og_locale":"pt_BR","og_type":"article","og_title":"D\u00f3lar inicia em queda; produ\u00e7\u00e3o industrial e c\u00fapula do Mercosul no radar","og_description":"O d\u00f3lar abre esta nesta ter\u00e7a-feira (4) em queda atento \u00e0s movimenta\u00e7\u00f5es que agitam o mercado interno e externo. Clique e saiba mais.","og_url":"https:\/\/www.suno.com.br\/noticias\/dolar-queda-producao-industrial-mercosul-04122019\/","og_site_name":"Suno Not\u00edcias","article_publisher":"https:\/\/facebook.com\/sunoresearch","og_image":[{"width":800,"height":533,"url":"https:\/\/files.sunoresearch.com.br\/n\/uploads\/2019\/11\/a1bc6fe1-d\u00f3lar.jpg","type":"image\/jpeg"}],"author":"Jader Lazarini","twitter_card":"summary_large_image","twitter_creator":"@sunoresearch","twitter_site":"@sunoresearch","twitter_misc":{"Escrito por":"Jader Lazarini","Est. tempo de leitura":"3 minutos"},"schema":{"@context":"https:\/\/schema.org","@graph":[{"@type":"NewsArticle","@id":"https:\/\/www.suno.com.br\/noticias\/dolar-queda-producao-industrial-mercosul-04122019\/#article","isPartOf":{"@id":"https:\/\/www.suno.com.br\/noticias\/dolar-queda-producao-industrial-mercosul-04122019\/"},"author":{"name":"Jader Lazarini","@id":"https:\/\/www.suno.com.br\/noticias\/#\/schema\/person\/918d79de1f0281f01599b93f9ea6e23f"},"headline":"D\u00f3lar inicia em queda; produ\u00e7\u00e3o industrial e c\u00fapula do Mercosul no radar","datePublished":"2019-12-04T12:52:53+00:00","dateModified":"2019-12-04T13:10:40+00:00","mainEntityOfPage":{"@id":"https:\/\/www.suno.com.br\/noticias\/dolar-queda-producao-industrial-mercosul-04122019\/"},"wordCount":617,"publisher":{"@id":"https:\/\/www.suno.com.br\/noticias\/#organization"},"image":{"@id":"https:\/\/www.suno.com.br\/noticias\/dolar-queda-producao-industrial-mercosul-04122019\/#primaryimage"},"thumbnailUrl":"https:\/\/files.sunoresearch.com.br\/n\/uploads\/2019\/11\/a1bc6fe1-d\u00f3lar-jpg.webp","keywords":["d\u00f3lar","guerra comercial","Mercosul","produ\u00e7\u00e3o industrial"],"articleSection":["Mercado"],"inLanguage":"pt-BR"},{"@type":"WebPage","@id":"https:\/\/www.suno.com.br\/noticias\/dolar-queda-producao-industrial-mercosul-04122019\/","url":"https:\/\/www.suno.com.br\/noticias\/dolar-queda-producao-industrial-mercosul-04122019\/","name":"D\u00f3lar inicia em queda; produ\u00e7\u00e3o industrial e c\u00fapula do Mercosul no radar","isPartOf":{"@id":"https:\/\/www.suno.com.br\/noticias\/#website"},"primaryImageOfPage":{"@id":"https:\/\/www.suno.com.br\/noticias\/dolar-queda-producao-industrial-mercosul-04122019\/#primaryimage"},"image":{"@id":"https:\/\/www.suno.com.br\/noticias\/dolar-queda-producao-industrial-mercosul-04122019\/#primaryimage"},"thumbnailUrl":"https:\/\/files.sunoresearch.com.br\/n\/uploads\/2019\/11\/a1bc6fe1-d\u00f3lar-jpg.webp","datePublished":"2019-12-04T12:52:53+00:00","dateModified":"2019-12-04T13:10:40+00:00","description":"O d\u00f3lar abre esta nesta ter\u00e7a-feira (4) em queda atento \u00e0s movimenta\u00e7\u00f5es que agitam o mercado interno e externo. Clique e saiba mais.","breadcrumb":{"@id":"https:\/\/www.suno.com.br\/noticias\/dolar-queda-producao-industrial-mercosul-04122019\/#breadcrumb"},"inLanguage":"pt-BR","potentialAction":[{"@type":"ReadAction","target":["https:\/\/www.suno.com.br\/noticias\/dolar-queda-producao-industrial-mercosul-04122019\/"]}]},{"@type":"ImageObject","inLanguage":"pt-BR","@id":"https:\/\/www.suno.com.br\/noticias\/dolar-queda-producao-industrial-mercosul-04122019\/#primaryimage","url":"https:\/\/files.sunoresearch.com.br\/n\/uploads\/2019\/11\/a1bc6fe1-d\u00f3lar-jpg.webp","contentUrl":"https:\/\/files.sunoresearch.com.br\/n\/uploads\/2019\/11\/a1bc6fe1-d\u00f3lar-jpg.webp","width":800,"height":533,"caption":"D\u00f3lar encerra em queda de 1,865%, cotado em R$ 5,1143"},{"@type":"BreadcrumbList","@id":"https:\/\/www.suno.com.br\/noticias\/dolar-queda-producao-industrial-mercosul-04122019\/#breadcrumb","itemListElement":[{"@type":"ListItem","position":1,"name":"Not\u00edcias","item":"https:\/\/www.suno.com.br\/noticias\/"},{"@type":"ListItem","position":2,"name":"Mercado","item":"https:\/\/www.suno.com.br\/noticias\/mercado\/"},{"@type":"ListItem","position":3,"name":"D\u00f3lar inicia em queda; produ\u00e7\u00e3o industrial e c\u00fapula do Mercosul no radar"}]},{"@type":"WebSite","@id":"https:\/\/www.suno.com.br\/noticias\/#website","url":"https:\/\/www.suno.com.br\/noticias\/","name":"Suno Not\u00edcias","description":"Seu portal de informa\u00e7\u00e3o sobre o mundo dos investimentos","publisher":{"@id":"https:\/\/www.suno.com.br\/noticias\/#organization"},"potentialAction":[{"@type":"SearchAction","target":{"@type":"EntryPoint","urlTemplate":"https:\/\/www.suno.com.br\/noticias\/?s={search_term_string}"},"query-input":{"@type":"PropertyValueSpecification","valueRequired":true,"valueName":"search_term_string"}}],"inLanguage":"pt-BR"},{"@type":"Organization","@id":"https:\/\/www.suno.com.br\/noticias\/#organization","name":"Suno Not\u00edcias","url":"https:\/\/www.suno.com.br\/noticias\/","logo":{"@type":"ImageObject","inLanguage":"pt-BR","@id":"https:\/\/www.suno.com.br\/noticias\/#\/schema\/logo\/image\/","url":"https:\/\/files.sunoresearch.com.br\/n\/uploads\/2021\/09\/suno-logo.png","contentUrl":"https:\/\/files.sunoresearch.com.br\/n\/uploads\/2021\/09\/suno-logo.png","width":180,"height":180,"caption":"Suno Not\u00edcias"},"image":{"@id":"https:\/\/www.suno.com.br\/noticias\/#\/schema\/logo\/image\/"},"sameAs":["https:\/\/facebook.com\/sunoresearch","https:\/\/x.com\/sunoresearch","https:\/\/www.instagram.com\/suno","https:\/\/www.linkedin.com\/company\/suno-research\/","https:\/\/www.youtube.com\/c\/sunoresearch"]},{"@type":"Person","@id":"https:\/\/www.suno.com.br\/noticias\/#\/schema\/person\/918d79de1f0281f01599b93f9ea6e23f","name":"Jader Lazarini","image":{"@type":"ImageObject","inLanguage":"pt-BR","@id":"https:\/\/www.suno.com.br\/noticias\/#\/schema\/person\/image\/","url":"https:\/\/secure.gravatar.com\/avatar\/3c1ad8caa51589841baeb923fcddea97?s=96&r=g","contentUrl":"https:\/\/secure.gravatar.com\/avatar\/3c1ad8caa51589841baeb923fcddea97?s=96&r=g","caption":"Jader Lazarini"},"description":"Jader Lazarini escreve sobre investimentos, finan\u00e7as, economia e neg\u00f3cios. \u00c9 bacharel em Rela\u00e7\u00f5es Internacionais e analista CNPI (2619).","url":"https:\/\/www.suno.com.br\/noticias\/author\/jader-lazarini\/"}]}},"default_loop_html":"<div class=\"cardsPage__listCard__boxs\"><div class=\"cardsPage__listCard__boxs__img\"><a href=\"https:\/\/www.suno.com.br\/noticias\/dolar-queda-producao-industrial-mercosul-04122019\/\"><img class=\"mask\" src=\"https:\/\/www.suno.com.br\/noticias\/wp-content\/themes\/suno\/resources\/images\/spotlight\/spotlight1img\/bg-mask.png\" alt=\"Image Mask\"\/><img src=\"https:\/\/files.sunoresearch.com.br\/n\/uploads\/2019\/11\/a1bc6fe1-d\u00f3lar-400x200.webp\" alt=\"D\u00f3lar inicia em queda; produ\u00e7\u00e3o industrial e c\u00fapula do Mercosul no radar\"\/><\/a><span class=\"spotlightCategory\"><a href=\"https:\/\/www.suno.com.br\/noticias\/mercado\/\">Mercado<\/a><\/span><\/div><div class=\"cardsPage__listCard__boxs__content\"><a href=\"https:\/\/www.suno.com.br\/noticias\/dolar-queda-producao-industrial-mercosul-04122019\/\"><h2 class=\"content__title\">D\u00f3lar inicia em queda; produ\u00e7\u00e3o industrial e c\u00fapula do Mercosul no radar<\/h2><\/a><div class=\"newsContent__article__meta\"><div class=\"newsContent__article__meta__authorBox\"><a href=\"https:\/\/www.suno.com.br\/noticias\/author\/jader-lazarini\/\" class=\"authorBox__avatar noMobi\"><img src=\"https:\/\/files.sunoresearch.com.br\/n\/uploads\/2021\/01\/178e6598-foto-perfil-2-150x150.jpg\" alt=\"Jader Lazarini\"><\/a><div class=\"authorBox__name\"><span>por\n\t\t\t<a href=\"https:\/\/www.suno.com.br\/noticias\/author\/jader-lazarini\/\"><span itemprop=\"author\">Jader Lazarini<\/span><\/a><\/span><time datetime=\"2019-12-04T10:52:53-03:00\" itemprop=\"datePublished\">04\/12\/2019 10:52<\/time><\/div><\/div><\/div><\/div><\/div>","single_layout":"posts","amp_enabled":true,"_links":{"self":[{"href":"https:\/\/www.suno.com.br\/noticias\/wp-json\/wp\/v2\/posts\/46594"}],"collection":[{"href":"https:\/\/www.suno.com.br\/noticias\/wp-json\/wp\/v2\/posts"}],"about":[{"href":"https:\/\/www.suno.com.br\/noticias\/wp-json\/wp\/v2\/types\/post"}],"author":[{"embeddable":true,"href":"https:\/\/www.suno.com.br\/noticias\/wp-json\/wp\/v2\/users\/24"}],"replies":[{"embeddable":true,"href":"https:\/\/www.suno.com.br\/noticias\/wp-json\/wp\/v2\/comments?post=46594"}],"version-history":[{"count":0,"href":"https:\/\/www.suno.com.br\/noticias\/wp-json\/wp\/v2\/posts\/46594\/revisions"}],"wp:featuredmedia":[{"embeddable":true,"href":"https:\/\/www.suno.com.br\/noticias\/wp-json\/wp\/v2\/media\/46152"}],"wp:attachment":[{"href":"https:\/\/www.suno.com.br\/noticias\/wp-json\/wp\/v2\/media?parent=46594"}],"wp:term":[{"taxonomy":"category","embeddable":true,"href":"https:\/\/www.suno.com.br\/noticias\/wp-json\/wp\/v2\/categories?post=46594"},{"taxonomy":"post_tag","embeddable":true,"href":"https:\/\/www.suno.com.br\/noticias\/wp-json\/wp\/v2\/tags?post=46594"},{"taxonomy":"suno_strategy","embeddable":true,"href":"https:\/\/www.suno.com.br\/noticias\/wp-json\/wp\/v2\/suno_strategy?post=46594"}],"curies":[{"name":"wp","href":"https:\/\/api.w.org\/{rel}","templated":true}]}}