{"id":46581,"date":"2019-12-04T09:24:28","date_gmt":"2019-12-04T11:24:28","guid":{"rendered":"https:\/\/www.suno.com.br\/noticias\/?p=46581"},"modified":"2019-12-06T14:52:18","modified_gmt":"2019-12-06T16:52:18","slug":"engie-preferencia-de-compra-tag","status":"publish","type":"post","link":"https:\/\/www.suno.com.br\/noticias\/engie-preferencia-de-compra-tag\/","title":{"rendered":"Engie dever\u00e1 exercer prefer\u00eancia de compra da TAG, diz executivo"},"content":{"rendered":"<p>Maur\u00edcio Bahr, presidente da Engie Brasil, aguarda que a <strong>Petrobras<\/strong> (PETR3; PETR4) ir\u00e1 desinvestir totalmente da <strong>Transportadora Associada de G\u00e1s (TAG)<\/strong> no primeiro semestre do ano que vem. Dessa forma, reitera o interesse de exercer o seu direito de prefer\u00eancia de compra dos 10% que devem ser vendidos.<\/p>\t<div class=\"wrapper-featured-image\">\n\t\t<figure class=\"spotlightImg\">\n\n\t\t\t<picture>\n\t\t\t\t<source media=\"(max-width: 768px)\" srcset=\"https:\/\/files.sunoresearch.com.br\/n\/uploads\/2019\/11\/732a61d9-engie-400x200.webp\">\n\t\t\t\t<img loading=\"lazy\" decoding=\"async\" class=\"newsContent__article__imgCapa lazyloadDisabled newsContent__article__imgCapa--noCaption\" src=\"https:\/\/files.sunoresearch.com.br\/n\/uploads\/2019\/11\/732a61d9-engie-800x450.webp\" width=\"800\" height=\"450\" alt=\"Engie dever\u00e1 exercer prefer\u00eancia de compra da TAG, diz executivo\" fetchpriority=high \/>\n\t\t\t<\/picture>\n\n\t\t\t<figcaption class=\"wp-caption-text wp-caption-text--hide\">Engie. Foto: Reprodu\u00e7\u00e3o<\/figcaption>\n\t\t<\/figure>\n\t<\/div>\n\n\n\n<p>A <strong>TAG<\/strong>, ex-subsidi\u00e1ria da Petrobras, foi comprada por R$ 33,5 bilh\u00f5es em junho deste ano pela companhia de energia franco belga Engie e pelo fundo canadense <strong>Caisse de D\u00e9p\u00f4t et Placement du Qu\u00e9bec (CDPQ)<\/strong>. De acordo com o executivo, a <strong>Engie<\/strong> pode exercer entre 65% e 70% da parte que ser\u00e1 vendida pela estatal brasileira.<\/p>\n<p>Bahr disse que ap\u00f3s seis meses de integra\u00e7\u00e3o com a empresa de g\u00e1s, a Engie est\u00e1 no processo de consolida\u00e7\u00e3o de colaboradores, atualmente com cerca de 100 pessoas, sendo 50% funcion\u00e1rios da <strong>Petrobras<\/strong>. &#8220;Queremos ver quem s\u00e3o os funcion\u00e1rio desejosos de continuar na TAG e se desvincular da Petrobras para assumir um novo desafio na iniciativa privada&#8221;, salientou.<\/p>\n<p><a href=\"https:\/\/www.suno.com.br\/noticias\/engie-alta-lucro-liquido-terceiro-trimestre\/\">Saiba mais: Engie Brasil registra alta de 56,2% no lucro l\u00edquido do terceiro trimestre<\/a><\/p>\n<p>Segundo o executivo, o segmento de <strong>transporte de g\u00e1s<\/strong> deve seguir na Engie a mesma trajet\u00f3ria do <strong>setor el\u00e9trico<\/strong>, que na d\u00e9cada de 1990 foi a porta de entrada no Pa\u00eds.<\/p>\n<p>&#8220;A gente quer vivenciar nos pr\u00f3ximos 20 anos o que vivenciamos h\u00e1 20 anos no setor el\u00e9trico, quando setor se abriu e a gente come\u00e7ou a atender a clientes livres e abrir o mercado. T\u00ednhamos tr\u00eas a quatro clientes em 1998 e agora temos 800 clientes. A gente imagina que vai acontecer no setor de g\u00e1s exatamente isso&#8221;, afirmou o executivo.<\/p>\n\t<p>\n\t\t<a href=\"https:\/\/lp.suno.com.br\/ebook-investindo-em-fiis\/\" target=\"_blank\" data-element=\"shortcode-suno-banner\" title=\"Banner SUNO, clique e saiba mais\">\n\t\t\t<picture>\n\t\t\t\t<source media=\"(max-width: 500px)\" srcset=\"https:\/\/files.sunoresearch.com.br\/n\/uploads\/2023\/03\/Ebook-Fundos-Imobiliarios-Mobile-1.jpg\">\n\t\t\t\t<img class=\"newsContent__article__imgCapa newsContent__article__imgCapa--banner\"\n\t\t\t\t\tsrc=\"https:\/\/files.sunoresearch.com.br\/n\/uploads\/2023\/03\/Ebook-Fundos-Imobiliarios-Desktop-1.jpg\"\n\t\t\t\t\tdata-promo-id=\"313843\"\t\t\t\t\t\t\t\t\t\twidth='1420' height='286'\t\t\t\t\talt=\"https:\/\/files.sunoresearch.com.br\/n\/uploads\/2023\/03\/Ebook-Fundos-Imobiliarios-Desktop-1.jpg\"\n\t\t\t\t>\n\t\t\t<\/picture>\n\t\t<\/a>\n\t<\/p>\n\n\n<p>Bahr, no entanto, refor\u00e7ou ainda que, para ampliar a atua\u00e7\u00e3o da TAG, ter\u00e1 que contratar no m\u00ednimo &#8220;algumas centenas de funcion\u00e1rios&#8221; daqui a tr\u00eas anos, per\u00edodo em que a <strong>Transpetro<\/strong>, atual operadora do gasoduto, deixar\u00e1 suas fun\u00e7\u00f5es.<\/p>\n<p>&#8220;Com a entrada do g\u00e1s do pr\u00e9-sal e o aumento da oferta, o pre\u00e7o do g\u00e1s vai cair e vai ter demanda maior, algumas atividades industriais v\u00e3o migrar de um combust\u00edvel para outro e o g\u00e1s vai exercer papel importante na energia el\u00e9trica&#8221;, relata o executivo da <strong>Engie<\/strong>.<\/p>\n","protected":false},"excerpt":{"rendered":"<p>Maur\u00edcio Bahr, presidente da Engie Brasil, aguarda que a Petrobras (PETR3; PETR4) ir\u00e1 desinvestir totalmente da Transportadora Associada de G\u00e1s (TAG) no primeiro semestre do ano que vem. Dessa forma, reitera o interesse de exercer o seu direito de prefer\u00eancia de compra dos 10% que devem ser vendidos. Engie. Foto: Reprodu\u00e7\u00e3o A TAG, ex-subsidi\u00e1ria da [&hellip;]<\/p>\n","protected":false},"author":24,"featured_media":43832,"comment_status":"closed","ping_status":"closed","sticky":false,"template":"","format":"standard","meta":[],"categories":[64],"tags":[465,595,1432],"suno_strategy":[],"class_list":["post-46581","post","type-post","status-publish","format-standard","has-post-thumbnail","hentry","category-negocios","tag-engie-egie3","tag-petrobras-petr4","tag-tag"],"yoast_head":"<!-- This site is optimized with the Yoast SEO plugin v24.4 - https:\/\/yoast.com\/wordpress\/plugins\/seo\/ -->\n<title>Engie dever\u00e1 exercer prefer\u00eancia de compra da TAG, diz executivo<\/title>\n<meta name=\"description\" content=\"Maur\u00edcio Bahr, presidente da Engie Brasil, aguarda que a Petrobras ir\u00e1 desinvestir totalmente da TAG no primeiro semestre de 2020. Saiba mais.\" \/>\n<meta name=\"robots\" content=\"index, follow, max-snippet:-1, max-image-preview:large, max-video-preview:-1\" \/>\n<link rel=\"canonical\" href=\"https:\/\/www.suno.com.br\/noticias\/engie-preferencia-de-compra-tag\/\" \/>\n<meta property=\"og:locale\" content=\"pt_BR\" \/>\n<meta property=\"og:type\" content=\"article\" \/>\n<meta property=\"og:title\" content=\"Engie dever\u00e1 exercer prefer\u00eancia de compra da TAG, diz executivo\" \/>\n<meta property=\"og:description\" content=\"Maur\u00edcio Bahr, presidente da Engie Brasil, aguarda que a Petrobras ir\u00e1 desinvestir totalmente da TAG no primeiro semestre de 2020. Saiba mais.\" \/>\n<meta property=\"og:url\" content=\"https:\/\/www.suno.com.br\/noticias\/engie-preferencia-de-compra-tag\/\" \/>\n<meta property=\"og:site_name\" content=\"Suno Not\u00edcias\" \/>\n<meta property=\"article:publisher\" content=\"https:\/\/facebook.com\/sunoresearch\" \/>\n<meta property=\"og:image\" content=\"https:\/\/files.sunoresearch.com.br\/n\/uploads\/2019\/11\/732a61d9-engie-1024x576.jpg\" \/>\n\t<meta property=\"og:image:width\" content=\"1024\" \/>\n\t<meta property=\"og:image:height\" content=\"576\" \/>\n\t<meta property=\"og:image:type\" content=\"image\/jpeg\" \/>\n<meta name=\"author\" content=\"Jader Lazarini\" \/>\n<meta name=\"twitter:card\" content=\"summary_large_image\" \/>\n<meta name=\"twitter:creator\" content=\"@sunoresearch\" \/>\n<meta name=\"twitter:site\" content=\"@sunoresearch\" \/>\n<meta name=\"twitter:label1\" content=\"Escrito por\" \/>\n\t<meta name=\"twitter:data1\" content=\"Jader Lazarini\" \/>\n\t<meta name=\"twitter:label2\" content=\"Est. tempo de leitura\" \/>\n\t<meta name=\"twitter:data2\" content=\"2 minutos\" \/>\n<script type=\"application\/ld+json\" class=\"yoast-schema-graph\">{\"@context\":\"https:\/\/schema.org\",\"@graph\":[{\"@type\":\"NewsArticle\",\"@id\":\"https:\/\/www.suno.com.br\/noticias\/engie-preferencia-de-compra-tag\/#article\",\"isPartOf\":{\"@id\":\"https:\/\/www.suno.com.br\/noticias\/engie-preferencia-de-compra-tag\/\"},\"author\":{\"name\":\"Jader Lazarini\",\"@id\":\"https:\/\/www.suno.com.br\/noticias\/#\/schema\/person\/918d79de1f0281f01599b93f9ea6e23f\"},\"headline\":\"Engie dever\u00e1 exercer prefer\u00eancia de compra da TAG, diz executivo\",\"datePublished\":\"2019-12-04T11:24:28+00:00\",\"dateModified\":\"2019-12-06T16:52:18+00:00\",\"mainEntityOfPage\":{\"@id\":\"https:\/\/www.suno.com.br\/noticias\/engie-preferencia-de-compra-tag\/\"},\"wordCount\":398,\"publisher\":{\"@id\":\"https:\/\/www.suno.com.br\/noticias\/#organization\"},\"image\":{\"@id\":\"https:\/\/www.suno.com.br\/noticias\/engie-preferencia-de-compra-tag\/#primaryimage\"},\"thumbnailUrl\":\"https:\/\/files.sunoresearch.com.br\/n\/uploads\/2019\/11\/732a61d9-engie-scaled.webp\",\"keywords\":[\"Engie (EGIE3)\",\"Petrobras (PETR4)\",\"TAG\"],\"articleSection\":[\"Neg\u00f3cios\"],\"inLanguage\":\"pt-BR\"},{\"@type\":\"WebPage\",\"@id\":\"https:\/\/www.suno.com.br\/noticias\/engie-preferencia-de-compra-tag\/\",\"url\":\"https:\/\/www.suno.com.br\/noticias\/engie-preferencia-de-compra-tag\/\",\"name\":\"Engie dever\u00e1 exercer prefer\u00eancia de compra da TAG, diz executivo\",\"isPartOf\":{\"@id\":\"https:\/\/www.suno.com.br\/noticias\/#website\"},\"primaryImageOfPage\":{\"@id\":\"https:\/\/www.suno.com.br\/noticias\/engie-preferencia-de-compra-tag\/#primaryimage\"},\"image\":{\"@id\":\"https:\/\/www.suno.com.br\/noticias\/engie-preferencia-de-compra-tag\/#primaryimage\"},\"thumbnailUrl\":\"https:\/\/files.sunoresearch.com.br\/n\/uploads\/2019\/11\/732a61d9-engie-scaled.webp\",\"datePublished\":\"2019-12-04T11:24:28+00:00\",\"dateModified\":\"2019-12-06T16:52:18+00:00\",\"description\":\"Maur\u00edcio Bahr, presidente da Engie Brasil, aguarda que a Petrobras ir\u00e1 desinvestir totalmente da TAG no primeiro semestre de 2020. Saiba mais.\",\"breadcrumb\":{\"@id\":\"https:\/\/www.suno.com.br\/noticias\/engie-preferencia-de-compra-tag\/#breadcrumb\"},\"inLanguage\":\"pt-BR\",\"potentialAction\":[{\"@type\":\"ReadAction\",\"target\":[\"https:\/\/www.suno.com.br\/noticias\/engie-preferencia-de-compra-tag\/\"]}]},{\"@type\":\"ImageObject\",\"inLanguage\":\"pt-BR\",\"@id\":\"https:\/\/www.suno.com.br\/noticias\/engie-preferencia-de-compra-tag\/#primaryimage\",\"url\":\"https:\/\/files.sunoresearch.com.br\/n\/uploads\/2019\/11\/732a61d9-engie-scaled.webp\",\"contentUrl\":\"https:\/\/files.sunoresearch.com.br\/n\/uploads\/2019\/11\/732a61d9-engie-scaled.webp\",\"width\":2560,\"height\":1440,\"caption\":\"Engie. Foto: Reprodu\u00e7\u00e3o\"},{\"@type\":\"BreadcrumbList\",\"@id\":\"https:\/\/www.suno.com.br\/noticias\/engie-preferencia-de-compra-tag\/#breadcrumb\",\"itemListElement\":[{\"@type\":\"ListItem\",\"position\":1,\"name\":\"Not\u00edcias\",\"item\":\"https:\/\/www.suno.com.br\/noticias\/\"},{\"@type\":\"ListItem\",\"position\":2,\"name\":\"Neg\u00f3cios\",\"item\":\"https:\/\/www.suno.com.br\/noticias\/negocios\/\"},{\"@type\":\"ListItem\",\"position\":3,\"name\":\"Engie dever\u00e1 exercer prefer\u00eancia de compra da TAG, diz executivo\"}]},{\"@type\":\"WebSite\",\"@id\":\"https:\/\/www.suno.com.br\/noticias\/#website\",\"url\":\"https:\/\/www.suno.com.br\/noticias\/\",\"name\":\"Suno Not\u00edcias\",\"description\":\"Seu portal de informa\u00e7\u00e3o sobre o mundo dos investimentos\",\"publisher\":{\"@id\":\"https:\/\/www.suno.com.br\/noticias\/#organization\"},\"potentialAction\":[{\"@type\":\"SearchAction\",\"target\":{\"@type\":\"EntryPoint\",\"urlTemplate\":\"https:\/\/www.suno.com.br\/noticias\/?s={search_term_string}\"},\"query-input\":{\"@type\":\"PropertyValueSpecification\",\"valueRequired\":true,\"valueName\":\"search_term_string\"}}],\"inLanguage\":\"pt-BR\"},{\"@type\":\"Organization\",\"@id\":\"https:\/\/www.suno.com.br\/noticias\/#organization\",\"name\":\"Suno Not\u00edcias\",\"url\":\"https:\/\/www.suno.com.br\/noticias\/\",\"logo\":{\"@type\":\"ImageObject\",\"inLanguage\":\"pt-BR\",\"@id\":\"https:\/\/www.suno.com.br\/noticias\/#\/schema\/logo\/image\/\",\"url\":\"https:\/\/files.sunoresearch.com.br\/n\/uploads\/2021\/09\/suno-logo.png\",\"contentUrl\":\"https:\/\/files.sunoresearch.com.br\/n\/uploads\/2021\/09\/suno-logo.png\",\"width\":180,\"height\":180,\"caption\":\"Suno Not\u00edcias\"},\"image\":{\"@id\":\"https:\/\/www.suno.com.br\/noticias\/#\/schema\/logo\/image\/\"},\"sameAs\":[\"https:\/\/facebook.com\/sunoresearch\",\"https:\/\/x.com\/sunoresearch\",\"https:\/\/www.instagram.com\/suno\",\"https:\/\/www.linkedin.com\/company\/suno-research\/\",\"https:\/\/www.youtube.com\/c\/sunoresearch\"]},{\"@type\":\"Person\",\"@id\":\"https:\/\/www.suno.com.br\/noticias\/#\/schema\/person\/918d79de1f0281f01599b93f9ea6e23f\",\"name\":\"Jader Lazarini\",\"image\":{\"@type\":\"ImageObject\",\"inLanguage\":\"pt-BR\",\"@id\":\"https:\/\/www.suno.com.br\/noticias\/#\/schema\/person\/image\/\",\"url\":\"https:\/\/secure.gravatar.com\/avatar\/3c1ad8caa51589841baeb923fcddea97?s=96&r=g\",\"contentUrl\":\"https:\/\/secure.gravatar.com\/avatar\/3c1ad8caa51589841baeb923fcddea97?s=96&r=g\",\"caption\":\"Jader Lazarini\"},\"description\":\"Jader Lazarini escreve sobre investimentos, finan\u00e7as, economia e neg\u00f3cios. \u00c9 bacharel em Rela\u00e7\u00f5es Internacionais e analista CNPI (2619).\",\"url\":\"https:\/\/www.suno.com.br\/noticias\/author\/jader-lazarini\/\"}]}<\/script>\n<!-- \/ Yoast SEO plugin. -->","yoast_head_json":{"title":"Engie dever\u00e1 exercer prefer\u00eancia de compra da TAG, diz executivo","description":"Maur\u00edcio Bahr, presidente da Engie Brasil, aguarda que a Petrobras ir\u00e1 desinvestir totalmente da TAG no primeiro semestre de 2020. Saiba mais.","robots":{"index":"index","follow":"follow","max-snippet":"max-snippet:-1","max-image-preview":"max-image-preview:large","max-video-preview":"max-video-preview:-1"},"canonical":"https:\/\/www.suno.com.br\/noticias\/engie-preferencia-de-compra-tag\/","og_locale":"pt_BR","og_type":"article","og_title":"Engie dever\u00e1 exercer prefer\u00eancia de compra da TAG, diz executivo","og_description":"Maur\u00edcio Bahr, presidente da Engie Brasil, aguarda que a Petrobras ir\u00e1 desinvestir totalmente da TAG no primeiro semestre de 2020. Saiba mais.","og_url":"https:\/\/www.suno.com.br\/noticias\/engie-preferencia-de-compra-tag\/","og_site_name":"Suno Not\u00edcias","article_publisher":"https:\/\/facebook.com\/sunoresearch","og_image":[{"width":1024,"height":576,"url":"https:\/\/files.sunoresearch.com.br\/n\/uploads\/2019\/11\/732a61d9-engie-1024x576.jpg","type":"image\/jpeg"}],"author":"Jader Lazarini","twitter_card":"summary_large_image","twitter_creator":"@sunoresearch","twitter_site":"@sunoresearch","twitter_misc":{"Escrito por":"Jader Lazarini","Est. tempo de leitura":"2 minutos"},"schema":{"@context":"https:\/\/schema.org","@graph":[{"@type":"NewsArticle","@id":"https:\/\/www.suno.com.br\/noticias\/engie-preferencia-de-compra-tag\/#article","isPartOf":{"@id":"https:\/\/www.suno.com.br\/noticias\/engie-preferencia-de-compra-tag\/"},"author":{"name":"Jader Lazarini","@id":"https:\/\/www.suno.com.br\/noticias\/#\/schema\/person\/918d79de1f0281f01599b93f9ea6e23f"},"headline":"Engie dever\u00e1 exercer prefer\u00eancia de compra da TAG, diz executivo","datePublished":"2019-12-04T11:24:28+00:00","dateModified":"2019-12-06T16:52:18+00:00","mainEntityOfPage":{"@id":"https:\/\/www.suno.com.br\/noticias\/engie-preferencia-de-compra-tag\/"},"wordCount":398,"publisher":{"@id":"https:\/\/www.suno.com.br\/noticias\/#organization"},"image":{"@id":"https:\/\/www.suno.com.br\/noticias\/engie-preferencia-de-compra-tag\/#primaryimage"},"thumbnailUrl":"https:\/\/files.sunoresearch.com.br\/n\/uploads\/2019\/11\/732a61d9-engie-scaled.webp","keywords":["Engie (EGIE3)","Petrobras (PETR4)","TAG"],"articleSection":["Neg\u00f3cios"],"inLanguage":"pt-BR"},{"@type":"WebPage","@id":"https:\/\/www.suno.com.br\/noticias\/engie-preferencia-de-compra-tag\/","url":"https:\/\/www.suno.com.br\/noticias\/engie-preferencia-de-compra-tag\/","name":"Engie dever\u00e1 exercer prefer\u00eancia de compra da TAG, diz executivo","isPartOf":{"@id":"https:\/\/www.suno.com.br\/noticias\/#website"},"primaryImageOfPage":{"@id":"https:\/\/www.suno.com.br\/noticias\/engie-preferencia-de-compra-tag\/#primaryimage"},"image":{"@id":"https:\/\/www.suno.com.br\/noticias\/engie-preferencia-de-compra-tag\/#primaryimage"},"thumbnailUrl":"https:\/\/files.sunoresearch.com.br\/n\/uploads\/2019\/11\/732a61d9-engie-scaled.webp","datePublished":"2019-12-04T11:24:28+00:00","dateModified":"2019-12-06T16:52:18+00:00","description":"Maur\u00edcio Bahr, presidente da Engie Brasil, aguarda que a Petrobras ir\u00e1 desinvestir totalmente da TAG no primeiro semestre de 2020. Saiba mais.","breadcrumb":{"@id":"https:\/\/www.suno.com.br\/noticias\/engie-preferencia-de-compra-tag\/#breadcrumb"},"inLanguage":"pt-BR","potentialAction":[{"@type":"ReadAction","target":["https:\/\/www.suno.com.br\/noticias\/engie-preferencia-de-compra-tag\/"]}]},{"@type":"ImageObject","inLanguage":"pt-BR","@id":"https:\/\/www.suno.com.br\/noticias\/engie-preferencia-de-compra-tag\/#primaryimage","url":"https:\/\/files.sunoresearch.com.br\/n\/uploads\/2019\/11\/732a61d9-engie-scaled.webp","contentUrl":"https:\/\/files.sunoresearch.com.br\/n\/uploads\/2019\/11\/732a61d9-engie-scaled.webp","width":2560,"height":1440,"caption":"Engie. Foto: Reprodu\u00e7\u00e3o"},{"@type":"BreadcrumbList","@id":"https:\/\/www.suno.com.br\/noticias\/engie-preferencia-de-compra-tag\/#breadcrumb","itemListElement":[{"@type":"ListItem","position":1,"name":"Not\u00edcias","item":"https:\/\/www.suno.com.br\/noticias\/"},{"@type":"ListItem","position":2,"name":"Neg\u00f3cios","item":"https:\/\/www.suno.com.br\/noticias\/negocios\/"},{"@type":"ListItem","position":3,"name":"Engie dever\u00e1 exercer prefer\u00eancia de compra da TAG, diz executivo"}]},{"@type":"WebSite","@id":"https:\/\/www.suno.com.br\/noticias\/#website","url":"https:\/\/www.suno.com.br\/noticias\/","name":"Suno Not\u00edcias","description":"Seu portal de informa\u00e7\u00e3o sobre o mundo dos investimentos","publisher":{"@id":"https:\/\/www.suno.com.br\/noticias\/#organization"},"potentialAction":[{"@type":"SearchAction","target":{"@type":"EntryPoint","urlTemplate":"https:\/\/www.suno.com.br\/noticias\/?s={search_term_string}"},"query-input":{"@type":"PropertyValueSpecification","valueRequired":true,"valueName":"search_term_string"}}],"inLanguage":"pt-BR"},{"@type":"Organization","@id":"https:\/\/www.suno.com.br\/noticias\/#organization","name":"Suno Not\u00edcias","url":"https:\/\/www.suno.com.br\/noticias\/","logo":{"@type":"ImageObject","inLanguage":"pt-BR","@id":"https:\/\/www.suno.com.br\/noticias\/#\/schema\/logo\/image\/","url":"https:\/\/files.sunoresearch.com.br\/n\/uploads\/2021\/09\/suno-logo.png","contentUrl":"https:\/\/files.sunoresearch.com.br\/n\/uploads\/2021\/09\/suno-logo.png","width":180,"height":180,"caption":"Suno Not\u00edcias"},"image":{"@id":"https:\/\/www.suno.com.br\/noticias\/#\/schema\/logo\/image\/"},"sameAs":["https:\/\/facebook.com\/sunoresearch","https:\/\/x.com\/sunoresearch","https:\/\/www.instagram.com\/suno","https:\/\/www.linkedin.com\/company\/suno-research\/","https:\/\/www.youtube.com\/c\/sunoresearch"]},{"@type":"Person","@id":"https:\/\/www.suno.com.br\/noticias\/#\/schema\/person\/918d79de1f0281f01599b93f9ea6e23f","name":"Jader Lazarini","image":{"@type":"ImageObject","inLanguage":"pt-BR","@id":"https:\/\/www.suno.com.br\/noticias\/#\/schema\/person\/image\/","url":"https:\/\/secure.gravatar.com\/avatar\/3c1ad8caa51589841baeb923fcddea97?s=96&r=g","contentUrl":"https:\/\/secure.gravatar.com\/avatar\/3c1ad8caa51589841baeb923fcddea97?s=96&r=g","caption":"Jader Lazarini"},"description":"Jader Lazarini escreve sobre investimentos, finan\u00e7as, economia e neg\u00f3cios. \u00c9 bacharel em Rela\u00e7\u00f5es Internacionais e analista CNPI (2619).","url":"https:\/\/www.suno.com.br\/noticias\/author\/jader-lazarini\/"}]}},"default_loop_html":"<div class=\"cardsPage__listCard__boxs\"><div class=\"cardsPage__listCard__boxs__img\"><a href=\"https:\/\/www.suno.com.br\/noticias\/engie-preferencia-de-compra-tag\/\"><img class=\"mask\" src=\"https:\/\/www.suno.com.br\/noticias\/wp-content\/themes\/suno\/resources\/images\/spotlight\/spotlight1img\/bg-mask.png\" alt=\"Image Mask\"\/><img src=\"https:\/\/files.sunoresearch.com.br\/n\/uploads\/2019\/11\/732a61d9-engie-400x200.webp\" alt=\"Engie dever\u00e1 exercer prefer\u00eancia de compra da TAG, diz executivo\"\/><\/a><span class=\"spotlightCategory\"><a href=\"https:\/\/www.suno.com.br\/noticias\/negocios\/\">Neg\u00f3cios<\/a><\/span><\/div><div class=\"cardsPage__listCard__boxs__content\"><a href=\"https:\/\/www.suno.com.br\/noticias\/engie-preferencia-de-compra-tag\/\"><h2 class=\"content__title\">Engie dever\u00e1 exercer prefer\u00eancia de compra da TAG, diz executivo<\/h2><\/a><div class=\"newsContent__article__meta\"><div class=\"newsContent__article__meta__authorBox\"><a href=\"https:\/\/www.suno.com.br\/noticias\/author\/jader-lazarini\/\" class=\"authorBox__avatar noMobi\"><img src=\"https:\/\/files.sunoresearch.com.br\/n\/uploads\/2021\/01\/178e6598-foto-perfil-2-150x150.jpg\" alt=\"Jader Lazarini\"><\/a><div class=\"authorBox__name\"><span>por\n\t\t\t<a href=\"https:\/\/www.suno.com.br\/noticias\/author\/jader-lazarini\/\"><span itemprop=\"author\">Jader Lazarini<\/span><\/a><\/span><time datetime=\"2019-12-04T09:24:28-03:00\" itemprop=\"datePublished\">04\/12\/2019 09:24<\/time><\/div><\/div><\/div><\/div><\/div>","single_layout":"posts","amp_enabled":true,"_links":{"self":[{"href":"https:\/\/www.suno.com.br\/noticias\/wp-json\/wp\/v2\/posts\/46581"}],"collection":[{"href":"https:\/\/www.suno.com.br\/noticias\/wp-json\/wp\/v2\/posts"}],"about":[{"href":"https:\/\/www.suno.com.br\/noticias\/wp-json\/wp\/v2\/types\/post"}],"author":[{"embeddable":true,"href":"https:\/\/www.suno.com.br\/noticias\/wp-json\/wp\/v2\/users\/24"}],"replies":[{"embeddable":true,"href":"https:\/\/www.suno.com.br\/noticias\/wp-json\/wp\/v2\/comments?post=46581"}],"version-history":[{"count":0,"href":"https:\/\/www.suno.com.br\/noticias\/wp-json\/wp\/v2\/posts\/46581\/revisions"}],"wp:featuredmedia":[{"embeddable":true,"href":"https:\/\/www.suno.com.br\/noticias\/wp-json\/wp\/v2\/media\/43832"}],"wp:attachment":[{"href":"https:\/\/www.suno.com.br\/noticias\/wp-json\/wp\/v2\/media?parent=46581"}],"wp:term":[{"taxonomy":"category","embeddable":true,"href":"https:\/\/www.suno.com.br\/noticias\/wp-json\/wp\/v2\/categories?post=46581"},{"taxonomy":"post_tag","embeddable":true,"href":"https:\/\/www.suno.com.br\/noticias\/wp-json\/wp\/v2\/tags?post=46581"},{"taxonomy":"suno_strategy","embeddable":true,"href":"https:\/\/www.suno.com.br\/noticias\/wp-json\/wp\/v2\/suno_strategy?post=46581"}],"curies":[{"name":"wp","href":"https:\/\/api.w.org\/{rel}","templated":true}]}}