{"id":465626,"date":"2023-10-03T16:15:56","date_gmt":"2023-10-03T19:15:56","guid":{"rendered":"https:\/\/www.suno.com.br\/noticias\/?p=465626"},"modified":"2023-10-03T16:21:53","modified_gmt":"2023-10-03T19:21:53","slug":"editoria-fundos-patria-rede-atakarejo-varejo-alimentar","status":"publish","type":"post","link":"https:\/\/www.suno.com.br\/noticias\/editoria-fundos-patria-rede-atakarejo-varejo-alimentar\/","title":{"rendered":"P\u00e1tria adquire controle da rede baiana Atakarejo, de varejo alimentar; valor do neg\u00f3cio pode chegar a  R$ 850 milh\u00f5es"},"content":{"rendered":"<p>A gestora de investimentos <strong>P\u00e1tria<\/strong> comprou o controle da rede regional de varejo alimentar Atakarejo, com 28 pontos de venda distribu\u00eddos entre supermercados, lojas de atacarejo e de conveni\u00eancia no Estado da Bahia. O valor do neg\u00f3cio n\u00e3o foi revelado, mas o mercado estima que tenha girado entre R$ 700 milh\u00f5es e R$ 850 milh\u00f5es.<\/p>\t<div class=\"wrapper-featured-image\">\n\t\t<figure class=\"spotlightImg\">\n\n\t\t\t<picture>\n\t\t\t\t<source media=\"(max-width: 768px)\" srcset=\"https:\/\/files.sunoresearch.com.br\/n\/uploads\/2021\/09\/patria-investimentos-400x200.jpg\">\n\t\t\t\t<img loading=\"lazy\" decoding=\"async\" class=\"newsContent__article__imgCapa lazyloadDisabled \" src=\"https:\/\/files.sunoresearch.com.br\/n\/uploads\/2021\/09\/patria-investimentos-800x450.jpg\" width=\"800\" height=\"450\" alt=\"P\u00e1tria adquire controle da rede baiana Atakarejo, de varejo alimentar; valor do neg\u00f3cio pode chegar a  R$ 850 milh\u00f5es\" fetchpriority=high \/>\n\t\t\t<\/picture>\n\n\t\t\t<figcaption class=\"wp-caption-text wp-caption-text--show\">P\u00e1tria Investimentos Foto: Divulga\u00e7\u00e3o<\/figcaption>\n\t\t<\/figure>\n\t<\/div>\n\n\n\n\n\n\t<p>\n\t\t<a href=\"https:\/\/lp.suno.com.br\/planilha-da-vida-financeira\/\" target=\"_blank\" data-element=\"shortcode-suno-banner\" title=\"Banner SUNO, clique e saiba mais\">\n\t\t\t<picture>\n\t\t\t\t<source media=\"(max-width: 500px)\" srcset=\"https:\/\/files.sunoresearch.com.br\/n\/uploads\/2023\/04\/400x300-Planilha-vida-financeira-true.png\">\n\t\t\t\t<img class=\"newsContent__article__imgCapa newsContent__article__imgCapa--banner\"\n\t\t\t\t\tsrc=\"https:\/\/files.sunoresearch.com.br\/n\/uploads\/2023\/04\/1420x240-Planilha-vida-financeira-true.png\"\n\t\t\t\t\tdata-promo-id=\"106682\"\t\t\t\t\t\t\t\t\t\twidth='1420' height='240'\t\t\t\t\talt=\"https:\/\/files.sunoresearch.com.br\/n\/uploads\/2023\/04\/1420x240-Planilha-vida-financeira-true.png\"\n\t\t\t\t>\n\t\t\t<\/picture>\n\t\t<\/a>\n\t<\/p>\n\n\n\n\n\n\n\n<p>Fundada por Teobaldo Costa em 1994, o <strong>Atakarejo<\/strong> faturou no ano passado R$ 3,7 bilh\u00f5es, com crescimento de 24% em rela\u00e7\u00e3o ao ano anterior.<\/p>\n\n\n\n<p>Com a aquisi\u00e7\u00e3o, que ainda precisa receber o sinal verde do <a class=\"suno-keyword\" target=\"_blank\" data-force=\"no\" data-priority=\"2\" href=\"https:\/\/www.suno.com.br\/artigos\/cade\/\" rel=\"noopener\">Conselho Administrativo de Defesa Econ\u00f4mica (Cade)<\/a> antes de ser conclu\u00edda, o P\u00e1tria amplia a sua exposi\u00e7\u00e3o ao <strong>mercado varejista<\/strong> de alimentos, especialmente na regi\u00e3o Nordeste, e avan\u00e7a para se tornar um grande grupo supermercadista do Pa\u00eds.<\/p>\n\n\n\n<p>A <strong>gestora de investimento<\/strong> n\u00e3o revela de quanto ser\u00e1 a sua participa\u00e7\u00e3o majorit\u00e1ria no Atakarejo. Costa, o fundador da rede, continuar\u00e1 como s\u00f3cio minorit\u00e1rio do P\u00e1tria, tocando o dia a dia da opera\u00e7\u00e3o.<\/p>\n\n\n\n<p>O <strong>grupo Atakarejo<\/strong> faz parte do rol de redes regionais que s\u00e3o a fortaleza do varejo. Conhecem os h\u00e1bitos de consumo da popula\u00e7\u00e3o local, faturam bilh\u00f5es de reais e est\u00e3o longe dos holofotes dos grandes centros. Por isso, viraram alvo de aquisi\u00e7\u00f5es de gestoras de investimento que t\u00eam optado pela compra desses ativos em detrimento de grandes redes como GPA e Natural da Terra, da Americanas, que est\u00e3o \u00e0 venda.<\/p>\n\n\n\n<p>A companhia baiana ocupa a 30\u00aa posi\u00e7\u00e3o entre as maiores redes de supermercado em faturamento e \u00e9 60\u00aa entre as 300 maiores varejistas em faturamento, segundo o ranking da Sociedade Brasileira de Varejo e Consumo (SBVC). Encerrou o ano passado com 5.891 funcion\u00e1rios e n\u00e3o atuava no com\u00e9rcio online.<\/p>\n\n\n\n<p>No <strong>segmento de atacarejo<\/strong>, \u00e9 uma das pioneiras no Estado da Bahia. O atacarejo \u00e9 um modelo de neg\u00f3cio que mistura atacado com varejo e que ganho for\u00e7a nos \u00faltimos anos, sobretudo por causa da disparada da infla\u00e7\u00e3o. H\u00e1 hoje mais de 2 mil lojas no Pa\u00eds operando nesse modelo, segundo dados da Associa\u00e7\u00e3o Brasileira dos Atacadistas de Autosservi\u00e7o (Abaas). De acordo com a Nielsen IQ, o setor registrou 25% de crescimento em 2022.<\/p>\n\n\n\t<p>\n\t\t<a href=\"https:\/\/lp.suno.com.br\/ebook-como-analisar-uma-acao\/\" target=\"_blank\" data-element=\"shortcode-suno-banner\" title=\"Banner SUNO, clique e saiba mais\">\n\t\t\t<picture>\n\t\t\t\t<source media=\"(max-width: 500px)\" srcset=\"https:\/\/files.sunoresearch.com.br\/n\/uploads\/2023\/03\/Ebook-Acoes-Mobile.jpg\">\n\t\t\t\t<img class=\"newsContent__article__imgCapa newsContent__article__imgCapa--banner\"\n\t\t\t\t\tsrc=\"https:\/\/files.sunoresearch.com.br\/n\/uploads\/2023\/03\/Ebook-Acoes-Desktop.jpg\"\n\t\t\t\t\tdata-promo-id=\"378302\"\t\t\t\t\t\t\t\t\t\twidth='1420' height='286'\t\t\t\t\talt=\"https:\/\/files.sunoresearch.com.br\/n\/uploads\/2023\/03\/Ebook-Acoes-Desktop.jpg\"\n\t\t\t\t>\n\t\t\t<\/picture>\n\t\t<\/a>\n\t<\/p>\n\n\n\n\n\n<h2 class=\"wp-block-heading\">Fundo P\u00e1tria vence leil\u00e3o de rodovia no Paran\u00e1<\/h2>\n\n\n\n<p>A empresa Infraestrutura Brasil Holding 21, controlada pelo Grupo do Fundo P\u00e1tria, venceu em agosto o <strong>leil\u00e3o<\/strong> do primeiro lote do sistema rodovi\u00e1rio do estado do Paran\u00e1, que faz conex\u00e3o entre o porto de Paranagu\u00e1, a Regi\u00e3o Metropolitana de Curitiba e a Ponte da Amizade, na fronteira com o Paraguai.<img decoding=\"async\" style=\"width: 1px; height: 1px;\" src=\"https:\/\/agenciabrasil.ebc.com.br\/ebc.png?id=1551255&amp;o=rss\"><img decoding=\"async\" style=\"width: 1px; height: 1px;\" src=\"https:\/\/agenciabrasil.ebc.com.br\/ebc.gif?id=1551255&amp;o=rss\"> Pela modelagem do <strong>leil\u00e3o de rodovia no PR<\/strong>, o crit\u00e9rio para escolha da empresa vencedora foi o desconto no valor b\u00e1sico do ped\u00e1gio. Apresentaram propostas duas companhias: a Infraestrutura Brasil Holding 21, que ofereceu 18,25% de desconto; e a Cons\u00f3cio Infraestrutura PR, que apresentou 8,30%.&nbsp;<\/p>\n\n\n\n\t<div data-element=\"shortcode-read-more\" class=\"readToo\">\n\t\t\t\t<span class=\"readToo__title\">Leia mais<\/span>\n\t\t\t\t<ul class=\"readToo__list\">\n\t\t\t<li><a href=\"https:\/\/www.suno.com.br\/noticias\/fundo-patria-vence-leilao-de-rodovia-no-parana\/\">Fundo P\u00e1tria vence leil\u00e3o de rodovia no Paran\u00e1<\/a><\/li><li><a href=\"https:\/\/www.suno.com.br\/noticias\/patria-investimentos-investidores-perdem-dinheiro-fundo\/\">Investidores perdem todo o dinheiro aplicado em fundo do P\u00e1tria Investimentos<\/a><\/li><li><a href=\"https:\/\/www.suno.com.br\/noticias\/patria-investimentos-compra-rede-varejista\/\">P\u00e1tria Investimentos compra rede varejista Avenida Supermercados<\/a><\/li>\t\t<\/ul>\n\t<\/div>\n\n\n\n\n<p><em>Com Estad\u00e3o Conte\u00fado e Ag\u00eancia Brasil<\/em><\/p>\n\n\n\t<p>\n\t\t<a href=\"https:\/\/lp.suno.com.br\/planilha-da-vida-financeira\/\" target=\"_blank\" data-element=\"shortcode-suno-banner\" title=\"Banner SUNO, clique e saiba mais\">\n\t\t\t<picture>\n\t\t\t\t<source media=\"(max-width: 500px)\" srcset=\"https:\/\/files.sunoresearch.com.br\/n\/uploads\/2023\/04\/400x300-Planilha-vida-financeira-true.png\">\n\t\t\t\t<img class=\"newsContent__article__imgCapa newsContent__article__imgCapa--banner\"\n\t\t\t\t\tsrc=\"https:\/\/files.sunoresearch.com.br\/n\/uploads\/2023\/04\/1420x240-Planilha-vida-financeira-true.png\"\n\t\t\t\t\tdata-promo-id=\"383123\"\t\t\t\t\t\t\t\t\t\twidth='1420' height='240'\t\t\t\t\talt=\"https:\/\/files.sunoresearch.com.br\/n\/uploads\/2023\/04\/1420x240-Planilha-vida-financeira-true.png\"\n\t\t\t\t>\n\t\t\t<\/picture>\n\t\t<\/a>\n\t<\/p>\n\n\n","protected":false},"excerpt":{"rendered":"<p>A gestora de investimentos P\u00e1tria comprou o controle da rede regional de varejo alimentar Atakarejo, com 28 pontos de venda distribu\u00eddos entre supermercados, lojas de atacarejo e de conveni\u00eancia no Estado da Bahia. O valor do neg\u00f3cio n\u00e3o foi revelado, mas o mercado estima que tenha girado entre R$ 700 milh\u00f5es e R$ 850 milh\u00f5es. [&hellip;]<\/p>\n","protected":false},"author":43,"featured_media":182339,"comment_status":"closed","ping_status":"closed","sticky":false,"template":"","format":"standard","meta":[],"categories":[64],"tags":[1139,803],"suno_strategy":[],"class_list":["post-465626","post","type-post","status-publish","format-standard","has-post-thumbnail","hentry","category-negocios","tag-patria-investimentos","tag-varejo"],"yoast_head":"<!-- This site is optimized with the Yoast SEO plugin v24.4 - https:\/\/yoast.com\/wordpress\/plugins\/seo\/ -->\n<title>P\u00e1tria compra rede baiana Atakarejo e avan\u00e7a no varejo alimentar<\/title>\n<meta name=\"description\" content=\"A gestora de fundos de investimentos P\u00e1tria comprou o controle da rede regional de varejo alimentar Atakarejo. Saiba mais\" \/>\n<meta name=\"robots\" content=\"index, follow, max-snippet:-1, max-image-preview:large, max-video-preview:-1\" \/>\n<link rel=\"canonical\" href=\"https:\/\/www.suno.com.br\/noticias\/editoria-fundos-patria-rede-atakarejo-varejo-alimentar\/\" \/>\n<meta property=\"og:locale\" content=\"pt_BR\" \/>\n<meta property=\"og:type\" content=\"article\" \/>\n<meta property=\"og:title\" content=\"P\u00e1tria compra rede baiana Atakarejo e avan\u00e7a no varejo alimentar\" \/>\n<meta property=\"og:description\" content=\"A gestora de fundos de investimentos P\u00e1tria comprou o controle da rede regional de varejo alimentar Atakarejo. Saiba mais\" \/>\n<meta property=\"og:url\" content=\"https:\/\/www.suno.com.br\/noticias\/editoria-fundos-patria-rede-atakarejo-varejo-alimentar\/\" \/>\n<meta property=\"og:site_name\" content=\"Suno Not\u00edcias\" \/>\n<meta property=\"article:publisher\" content=\"https:\/\/facebook.com\/sunoresearch\" \/>\n<meta property=\"article:author\" content=\"https:\/\/www.facebook.com\/sunonoticias\/\" \/>\n<meta property=\"og:image\" content=\"https:\/\/files.sunoresearch.com.br\/n\/uploads\/2021\/09\/patria-investimentos.jpg\" \/>\n\t<meta property=\"og:image:width\" content=\"1262\" \/>\n\t<meta property=\"og:image:height\" content=\"860\" \/>\n\t<meta property=\"og:image:type\" content=\"image\/jpeg\" \/>\n<meta name=\"author\" content=\"Reda\u00e7\u00e3o Suno Not\u00edcias\" \/>\n<meta name=\"twitter:card\" content=\"summary_large_image\" \/>\n<meta name=\"twitter:creator\" content=\"@https:\/\/twitter.com\/sunoresearch\" \/>\n<meta name=\"twitter:site\" content=\"@sunoresearch\" \/>\n<meta name=\"twitter:label1\" content=\"Escrito por\" \/>\n\t<meta name=\"twitter:data1\" content=\"Reda\u00e7\u00e3o Suno Not\u00edcias\" \/>\n\t<meta name=\"twitter:label2\" content=\"Est. tempo de leitura\" \/>\n\t<meta name=\"twitter:data2\" content=\"3 minutos\" \/>\n<script type=\"application\/ld+json\" class=\"yoast-schema-graph\">{\"@context\":\"https:\/\/schema.org\",\"@graph\":[{\"@type\":\"NewsArticle\",\"@id\":\"https:\/\/www.suno.com.br\/noticias\/editoria-fundos-patria-rede-atakarejo-varejo-alimentar\/#article\",\"isPartOf\":{\"@id\":\"https:\/\/www.suno.com.br\/noticias\/editoria-fundos-patria-rede-atakarejo-varejo-alimentar\/\"},\"author\":{\"name\":\"Reda\u00e7\u00e3o Suno Not\u00edcias\",\"@id\":\"https:\/\/www.suno.com.br\/noticias\/#\/schema\/person\/c1b1bd3727fa852bd045e9dbff3673ea\"},\"headline\":\"P\u00e1tria adquire controle da rede baiana Atakarejo, de varejo alimentar; valor do neg\u00f3cio pode chegar a R$ 850 milh\u00f5es\",\"datePublished\":\"2023-10-03T19:15:56+00:00\",\"dateModified\":\"2023-10-03T19:21:53+00:00\",\"mainEntityOfPage\":{\"@id\":\"https:\/\/www.suno.com.br\/noticias\/editoria-fundos-patria-rede-atakarejo-varejo-alimentar\/\"},\"wordCount\":528,\"publisher\":{\"@id\":\"https:\/\/www.suno.com.br\/noticias\/#organization\"},\"image\":{\"@id\":\"https:\/\/www.suno.com.br\/noticias\/editoria-fundos-patria-rede-atakarejo-varejo-alimentar\/#primaryimage\"},\"thumbnailUrl\":\"https:\/\/files.sunoresearch.com.br\/n\/uploads\/2021\/09\/patria-investimentos.jpg\",\"keywords\":[\"P\u00e1tria Investimentos\",\"varejo\"],\"articleSection\":[\"Neg\u00f3cios\"],\"inLanguage\":\"pt-BR\"},{\"@type\":\"WebPage\",\"@id\":\"https:\/\/www.suno.com.br\/noticias\/editoria-fundos-patria-rede-atakarejo-varejo-alimentar\/\",\"url\":\"https:\/\/www.suno.com.br\/noticias\/editoria-fundos-patria-rede-atakarejo-varejo-alimentar\/\",\"name\":\"P\u00e1tria compra rede baiana Atakarejo e avan\u00e7a no varejo alimentar\",\"isPartOf\":{\"@id\":\"https:\/\/www.suno.com.br\/noticias\/#website\"},\"primaryImageOfPage\":{\"@id\":\"https:\/\/www.suno.com.br\/noticias\/editoria-fundos-patria-rede-atakarejo-varejo-alimentar\/#primaryimage\"},\"image\":{\"@id\":\"https:\/\/www.suno.com.br\/noticias\/editoria-fundos-patria-rede-atakarejo-varejo-alimentar\/#primaryimage\"},\"thumbnailUrl\":\"https:\/\/files.sunoresearch.com.br\/n\/uploads\/2021\/09\/patria-investimentos.jpg\",\"datePublished\":\"2023-10-03T19:15:56+00:00\",\"dateModified\":\"2023-10-03T19:21:53+00:00\",\"description\":\"A gestora de fundos de investimentos P\u00e1tria comprou o controle da rede regional de varejo alimentar Atakarejo. Saiba mais\",\"breadcrumb\":{\"@id\":\"https:\/\/www.suno.com.br\/noticias\/editoria-fundos-patria-rede-atakarejo-varejo-alimentar\/#breadcrumb\"},\"inLanguage\":\"pt-BR\",\"potentialAction\":[{\"@type\":\"ReadAction\",\"target\":[\"https:\/\/www.suno.com.br\/noticias\/editoria-fundos-patria-rede-atakarejo-varejo-alimentar\/\"]}]},{\"@type\":\"ImageObject\",\"inLanguage\":\"pt-BR\",\"@id\":\"https:\/\/www.suno.com.br\/noticias\/editoria-fundos-patria-rede-atakarejo-varejo-alimentar\/#primaryimage\",\"url\":\"https:\/\/files.sunoresearch.com.br\/n\/uploads\/2021\/09\/patria-investimentos.jpg\",\"contentUrl\":\"https:\/\/files.sunoresearch.com.br\/n\/uploads\/2021\/09\/patria-investimentos.jpg\",\"width\":1262,\"height\":860,\"caption\":\"P\u00e1tria Investimentos Foto: Divulga\u00e7\u00e3o\"},{\"@type\":\"BreadcrumbList\",\"@id\":\"https:\/\/www.suno.com.br\/noticias\/editoria-fundos-patria-rede-atakarejo-varejo-alimentar\/#breadcrumb\",\"itemListElement\":[{\"@type\":\"ListItem\",\"position\":1,\"name\":\"Not\u00edcias\",\"item\":\"https:\/\/www.suno.com.br\/noticias\/\"},{\"@type\":\"ListItem\",\"position\":2,\"name\":\"Neg\u00f3cios\",\"item\":\"https:\/\/www.suno.com.br\/noticias\/negocios\/\"},{\"@type\":\"ListItem\",\"position\":3,\"name\":\"P\u00e1tria adquire controle da rede baiana Atakarejo, de varejo alimentar; valor do neg\u00f3cio pode chegar a R$ 850 milh\u00f5es\"}]},{\"@type\":\"WebSite\",\"@id\":\"https:\/\/www.suno.com.br\/noticias\/#website\",\"url\":\"https:\/\/www.suno.com.br\/noticias\/\",\"name\":\"Suno Not\u00edcias\",\"description\":\"Seu portal de informa\u00e7\u00e3o sobre o mundo dos investimentos\",\"publisher\":{\"@id\":\"https:\/\/www.suno.com.br\/noticias\/#organization\"},\"potentialAction\":[{\"@type\":\"SearchAction\",\"target\":{\"@type\":\"EntryPoint\",\"urlTemplate\":\"https:\/\/www.suno.com.br\/noticias\/?s={search_term_string}\"},\"query-input\":{\"@type\":\"PropertyValueSpecification\",\"valueRequired\":true,\"valueName\":\"search_term_string\"}}],\"inLanguage\":\"pt-BR\"},{\"@type\":\"Organization\",\"@id\":\"https:\/\/www.suno.com.br\/noticias\/#organization\",\"name\":\"Suno Not\u00edcias\",\"url\":\"https:\/\/www.suno.com.br\/noticias\/\",\"logo\":{\"@type\":\"ImageObject\",\"inLanguage\":\"pt-BR\",\"@id\":\"https:\/\/www.suno.com.br\/noticias\/#\/schema\/logo\/image\/\",\"url\":\"https:\/\/files.sunoresearch.com.br\/n\/uploads\/2021\/09\/suno-logo.png\",\"contentUrl\":\"https:\/\/files.sunoresearch.com.br\/n\/uploads\/2021\/09\/suno-logo.png\",\"width\":180,\"height\":180,\"caption\":\"Suno Not\u00edcias\"},\"image\":{\"@id\":\"https:\/\/www.suno.com.br\/noticias\/#\/schema\/logo\/image\/\"},\"sameAs\":[\"https:\/\/facebook.com\/sunoresearch\",\"https:\/\/x.com\/sunoresearch\",\"https:\/\/www.instagram.com\/suno\",\"https:\/\/www.linkedin.com\/company\/suno-research\/\",\"https:\/\/www.youtube.com\/c\/sunoresearch\"]},{\"@type\":\"Person\",\"@id\":\"https:\/\/www.suno.com.br\/noticias\/#\/schema\/person\/c1b1bd3727fa852bd045e9dbff3673ea\",\"name\":\"Reda\u00e7\u00e3o Suno Not\u00edcias\",\"image\":{\"@type\":\"ImageObject\",\"inLanguage\":\"pt-BR\",\"@id\":\"https:\/\/www.suno.com.br\/noticias\/#\/schema\/person\/image\/\",\"url\":\"https:\/\/secure.gravatar.com\/avatar\/b8104b9b5a71985d5238ee59fbe418af?s=96&r=g\",\"contentUrl\":\"https:\/\/secure.gravatar.com\/avatar\/b8104b9b5a71985d5238ee59fbe418af?s=96&r=g\",\"caption\":\"Reda\u00e7\u00e3o Suno Not\u00edcias\"},\"description\":\"O Suno Not\u00edcias \u00e9 um portal de informa\u00e7\u00f5es sobre Mercado Financeiro, Pol\u00edtica, Neg\u00f3cios, Economia e Finan\u00e7as Pessoais.\",\"sameAs\":[\"https:\/\/www.suno.com.br\/noticias\",\"https:\/\/www.facebook.com\/sunonoticias\/\",\"https:\/\/www.instagram.com\/sunonoticias\/\",\"https:\/\/x.com\/https:\/\/twitter.com\/sunoresearch\",\"https:\/\/www.youtube.com\/sunonoticias\"],\"url\":\"https:\/\/www.suno.com.br\/noticias\/author\/redacao-suno\/\"}]}<\/script>\n<!-- \/ Yoast SEO plugin. -->","yoast_head_json":{"title":"P\u00e1tria compra rede baiana Atakarejo e avan\u00e7a no varejo alimentar","description":"A gestora de fundos de investimentos P\u00e1tria comprou o controle da rede regional de varejo alimentar Atakarejo. Saiba mais","robots":{"index":"index","follow":"follow","max-snippet":"max-snippet:-1","max-image-preview":"max-image-preview:large","max-video-preview":"max-video-preview:-1"},"canonical":"https:\/\/www.suno.com.br\/noticias\/editoria-fundos-patria-rede-atakarejo-varejo-alimentar\/","og_locale":"pt_BR","og_type":"article","og_title":"P\u00e1tria compra rede baiana Atakarejo e avan\u00e7a no varejo alimentar","og_description":"A gestora de fundos de investimentos P\u00e1tria comprou o controle da rede regional de varejo alimentar Atakarejo. Saiba mais","og_url":"https:\/\/www.suno.com.br\/noticias\/editoria-fundos-patria-rede-atakarejo-varejo-alimentar\/","og_site_name":"Suno Not\u00edcias","article_publisher":"https:\/\/facebook.com\/sunoresearch","article_author":"https:\/\/www.facebook.com\/sunonoticias\/","og_image":[{"width":1262,"height":860,"url":"https:\/\/files.sunoresearch.com.br\/n\/uploads\/2021\/09\/patria-investimentos.jpg","type":"image\/jpeg"}],"author":"Reda\u00e7\u00e3o Suno Not\u00edcias","twitter_card":"summary_large_image","twitter_creator":"@https:\/\/twitter.com\/sunoresearch","twitter_site":"@sunoresearch","twitter_misc":{"Escrito por":"Reda\u00e7\u00e3o Suno Not\u00edcias","Est. tempo de leitura":"3 minutos"},"schema":{"@context":"https:\/\/schema.org","@graph":[{"@type":"NewsArticle","@id":"https:\/\/www.suno.com.br\/noticias\/editoria-fundos-patria-rede-atakarejo-varejo-alimentar\/#article","isPartOf":{"@id":"https:\/\/www.suno.com.br\/noticias\/editoria-fundos-patria-rede-atakarejo-varejo-alimentar\/"},"author":{"name":"Reda\u00e7\u00e3o Suno Not\u00edcias","@id":"https:\/\/www.suno.com.br\/noticias\/#\/schema\/person\/c1b1bd3727fa852bd045e9dbff3673ea"},"headline":"P\u00e1tria adquire controle da rede baiana Atakarejo, de varejo alimentar; valor do neg\u00f3cio pode chegar a R$ 850 milh\u00f5es","datePublished":"2023-10-03T19:15:56+00:00","dateModified":"2023-10-03T19:21:53+00:00","mainEntityOfPage":{"@id":"https:\/\/www.suno.com.br\/noticias\/editoria-fundos-patria-rede-atakarejo-varejo-alimentar\/"},"wordCount":528,"publisher":{"@id":"https:\/\/www.suno.com.br\/noticias\/#organization"},"image":{"@id":"https:\/\/www.suno.com.br\/noticias\/editoria-fundos-patria-rede-atakarejo-varejo-alimentar\/#primaryimage"},"thumbnailUrl":"https:\/\/files.sunoresearch.com.br\/n\/uploads\/2021\/09\/patria-investimentos.jpg","keywords":["P\u00e1tria Investimentos","varejo"],"articleSection":["Neg\u00f3cios"],"inLanguage":"pt-BR"},{"@type":"WebPage","@id":"https:\/\/www.suno.com.br\/noticias\/editoria-fundos-patria-rede-atakarejo-varejo-alimentar\/","url":"https:\/\/www.suno.com.br\/noticias\/editoria-fundos-patria-rede-atakarejo-varejo-alimentar\/","name":"P\u00e1tria compra rede baiana Atakarejo e avan\u00e7a no varejo alimentar","isPartOf":{"@id":"https:\/\/www.suno.com.br\/noticias\/#website"},"primaryImageOfPage":{"@id":"https:\/\/www.suno.com.br\/noticias\/editoria-fundos-patria-rede-atakarejo-varejo-alimentar\/#primaryimage"},"image":{"@id":"https:\/\/www.suno.com.br\/noticias\/editoria-fundos-patria-rede-atakarejo-varejo-alimentar\/#primaryimage"},"thumbnailUrl":"https:\/\/files.sunoresearch.com.br\/n\/uploads\/2021\/09\/patria-investimentos.jpg","datePublished":"2023-10-03T19:15:56+00:00","dateModified":"2023-10-03T19:21:53+00:00","description":"A gestora de fundos de investimentos P\u00e1tria comprou o controle da rede regional de varejo alimentar Atakarejo. Saiba mais","breadcrumb":{"@id":"https:\/\/www.suno.com.br\/noticias\/editoria-fundos-patria-rede-atakarejo-varejo-alimentar\/#breadcrumb"},"inLanguage":"pt-BR","potentialAction":[{"@type":"ReadAction","target":["https:\/\/www.suno.com.br\/noticias\/editoria-fundos-patria-rede-atakarejo-varejo-alimentar\/"]}]},{"@type":"ImageObject","inLanguage":"pt-BR","@id":"https:\/\/www.suno.com.br\/noticias\/editoria-fundos-patria-rede-atakarejo-varejo-alimentar\/#primaryimage","url":"https:\/\/files.sunoresearch.com.br\/n\/uploads\/2021\/09\/patria-investimentos.jpg","contentUrl":"https:\/\/files.sunoresearch.com.br\/n\/uploads\/2021\/09\/patria-investimentos.jpg","width":1262,"height":860,"caption":"P\u00e1tria Investimentos Foto: Divulga\u00e7\u00e3o"},{"@type":"BreadcrumbList","@id":"https:\/\/www.suno.com.br\/noticias\/editoria-fundos-patria-rede-atakarejo-varejo-alimentar\/#breadcrumb","itemListElement":[{"@type":"ListItem","position":1,"name":"Not\u00edcias","item":"https:\/\/www.suno.com.br\/noticias\/"},{"@type":"ListItem","position":2,"name":"Neg\u00f3cios","item":"https:\/\/www.suno.com.br\/noticias\/negocios\/"},{"@type":"ListItem","position":3,"name":"P\u00e1tria adquire controle da rede baiana Atakarejo, de varejo alimentar; valor do neg\u00f3cio pode chegar a R$ 850 milh\u00f5es"}]},{"@type":"WebSite","@id":"https:\/\/www.suno.com.br\/noticias\/#website","url":"https:\/\/www.suno.com.br\/noticias\/","name":"Suno Not\u00edcias","description":"Seu portal de informa\u00e7\u00e3o sobre o mundo dos investimentos","publisher":{"@id":"https:\/\/www.suno.com.br\/noticias\/#organization"},"potentialAction":[{"@type":"SearchAction","target":{"@type":"EntryPoint","urlTemplate":"https:\/\/www.suno.com.br\/noticias\/?s={search_term_string}"},"query-input":{"@type":"PropertyValueSpecification","valueRequired":true,"valueName":"search_term_string"}}],"inLanguage":"pt-BR"},{"@type":"Organization","@id":"https:\/\/www.suno.com.br\/noticias\/#organization","name":"Suno Not\u00edcias","url":"https:\/\/www.suno.com.br\/noticias\/","logo":{"@type":"ImageObject","inLanguage":"pt-BR","@id":"https:\/\/www.suno.com.br\/noticias\/#\/schema\/logo\/image\/","url":"https:\/\/files.sunoresearch.com.br\/n\/uploads\/2021\/09\/suno-logo.png","contentUrl":"https:\/\/files.sunoresearch.com.br\/n\/uploads\/2021\/09\/suno-logo.png","width":180,"height":180,"caption":"Suno Not\u00edcias"},"image":{"@id":"https:\/\/www.suno.com.br\/noticias\/#\/schema\/logo\/image\/"},"sameAs":["https:\/\/facebook.com\/sunoresearch","https:\/\/x.com\/sunoresearch","https:\/\/www.instagram.com\/suno","https:\/\/www.linkedin.com\/company\/suno-research\/","https:\/\/www.youtube.com\/c\/sunoresearch"]},{"@type":"Person","@id":"https:\/\/www.suno.com.br\/noticias\/#\/schema\/person\/c1b1bd3727fa852bd045e9dbff3673ea","name":"Reda\u00e7\u00e3o Suno Not\u00edcias","image":{"@type":"ImageObject","inLanguage":"pt-BR","@id":"https:\/\/www.suno.com.br\/noticias\/#\/schema\/person\/image\/","url":"https:\/\/secure.gravatar.com\/avatar\/b8104b9b5a71985d5238ee59fbe418af?s=96&r=g","contentUrl":"https:\/\/secure.gravatar.com\/avatar\/b8104b9b5a71985d5238ee59fbe418af?s=96&r=g","caption":"Reda\u00e7\u00e3o Suno Not\u00edcias"},"description":"O Suno Not\u00edcias \u00e9 um portal de informa\u00e7\u00f5es sobre Mercado Financeiro, Pol\u00edtica, Neg\u00f3cios, Economia e Finan\u00e7as Pessoais.","sameAs":["https:\/\/www.suno.com.br\/noticias","https:\/\/www.facebook.com\/sunonoticias\/","https:\/\/www.instagram.com\/sunonoticias\/","https:\/\/x.com\/https:\/\/twitter.com\/sunoresearch","https:\/\/www.youtube.com\/sunonoticias"],"url":"https:\/\/www.suno.com.br\/noticias\/author\/redacao-suno\/"}]}},"default_loop_html":"<div class=\"cardsPage__listCard__boxs\"><div class=\"cardsPage__listCard__boxs__img\"><a href=\"https:\/\/www.suno.com.br\/noticias\/editoria-fundos-patria-rede-atakarejo-varejo-alimentar\/\"><img class=\"mask\" src=\"https:\/\/www.suno.com.br\/noticias\/wp-content\/themes\/suno\/resources\/images\/spotlight\/spotlight1img\/bg-mask.png\" alt=\"Image Mask\"\/><img src=\"https:\/\/files.sunoresearch.com.br\/n\/uploads\/2021\/09\/patria-investimentos-400x200.jpg\" alt=\"P\u00e1tria adquire controle da rede baiana Atakarejo, de varejo alimentar; valor do neg\u00f3cio pode chegar a  R$ 850 milh\u00f5es\"\/><\/a><span class=\"spotlightCategory\"><a href=\"https:\/\/www.suno.com.br\/noticias\/negocios\/\">Neg\u00f3cios<\/a><\/span><\/div><div class=\"cardsPage__listCard__boxs__content\"><a href=\"https:\/\/www.suno.com.br\/noticias\/editoria-fundos-patria-rede-atakarejo-varejo-alimentar\/\"><h2 class=\"content__title\">P\u00e1tria adquire controle da rede baiana Atakarejo, de varejo alimentar; valor do neg\u00f3cio pode chegar a  R$ 850 milh\u00f5es<\/h2><\/a><div class=\"newsContent__article__meta\"><div class=\"newsContent__article__meta__authorBox\"><a href=\"https:\/\/www.suno.com.br\/noticias\/author\/victoria\/\" class=\"authorBox__avatar noMobi\"><img src=\"https:\/\/files.sunoresearch.com.br\/n\/uploads\/2021\/12\/20190129VickyPINEAPPLE01-1-150x150.jpg\" alt=\"Vict\u00f3ria Anhesini\"><\/a><div class=\"authorBox__name\"><span>por\n\t\t\t<a href=\"https:\/\/www.suno.com.br\/noticias\/author\/victoria\/\"><span itemprop=\"author\">Vict\u00f3ria Anhesini<\/span><\/a><\/span><time datetime=\"2023-10-03T16:15:56-03:00\" itemprop=\"datePublished\">03\/10\/2023 16:15<\/time><\/div><\/div><\/div><\/div><\/div>","single_layout":"posts","amp_enabled":true,"_links":{"self":[{"href":"https:\/\/www.suno.com.br\/noticias\/wp-json\/wp\/v2\/posts\/465626"}],"collection":[{"href":"https:\/\/www.suno.com.br\/noticias\/wp-json\/wp\/v2\/posts"}],"about":[{"href":"https:\/\/www.suno.com.br\/noticias\/wp-json\/wp\/v2\/types\/post"}],"author":[{"embeddable":true,"href":"https:\/\/www.suno.com.br\/noticias\/wp-json\/wp\/v2\/users\/43"}],"replies":[{"embeddable":true,"href":"https:\/\/www.suno.com.br\/noticias\/wp-json\/wp\/v2\/comments?post=465626"}],"version-history":[{"count":3,"href":"https:\/\/www.suno.com.br\/noticias\/wp-json\/wp\/v2\/posts\/465626\/revisions"}],"predecessor-version":[{"id":465686,"href":"https:\/\/www.suno.com.br\/noticias\/wp-json\/wp\/v2\/posts\/465626\/revisions\/465686"}],"wp:featuredmedia":[{"embeddable":true,"href":"https:\/\/www.suno.com.br\/noticias\/wp-json\/wp\/v2\/media\/182339"}],"wp:attachment":[{"href":"https:\/\/www.suno.com.br\/noticias\/wp-json\/wp\/v2\/media?parent=465626"}],"wp:term":[{"taxonomy":"category","embeddable":true,"href":"https:\/\/www.suno.com.br\/noticias\/wp-json\/wp\/v2\/categories?post=465626"},{"taxonomy":"post_tag","embeddable":true,"href":"https:\/\/www.suno.com.br\/noticias\/wp-json\/wp\/v2\/tags?post=465626"},{"taxonomy":"suno_strategy","embeddable":true,"href":"https:\/\/www.suno.com.br\/noticias\/wp-json\/wp\/v2\/suno_strategy?post=465626"}],"curies":[{"name":"wp","href":"https:\/\/api.w.org\/{rel}","templated":true}]}}