{"id":46547,"date":"2019-12-03T19:46:43","date_gmt":"2019-12-03T21:46:43","guid":{"rendered":"https:\/\/www.suno.com.br\/noticias\/?p=46547"},"modified":"2019-12-03T19:51:28","modified_gmt":"2019-12-03T21:51:28","slug":"ibovespa-fecha-alta-03122019","status":"publish","type":"post","link":"https:\/\/www.suno.com.br\/noticias\/ibovespa-fecha-alta-03122019\/","title":{"rendered":"Ibovespa fecha em alta de 0,03% a 108.956,023 pontos"},"content":{"rendered":"<p>O <a href=\"https:\/\/www.suno.com.br\/artigos\/b3\/\">Ibovespa<\/a> fechou, nesta ter\u00e7a-feira (3), em alta. O <a href=\"https:\/\/www.suno.com.br\/artigos\/b3\/\"><strong>principal \u00edndice da Bolsa de Valores de<\/strong>\u00a0<strong>S\u00e3o Paulo (B3)<\/strong><\/a> teve <b>alta <\/b>de 0,03% a 108.956,023 pontos.<\/p>\t<div class=\"wrapper-featured-image\">\n\t\t<figure class=\"spotlightImg\">\n\n\t\t\t<picture>\n\t\t\t\t<source media=\"(max-width: 768px)\" srcset=\"https:\/\/files.sunoresearch.com.br\/n\/uploads\/2018\/09\/371b6edd-dolar-ibovespa-400x200.webp\">\n\t\t\t\t<img loading=\"lazy\" decoding=\"async\" class=\"newsContent__article__imgCapa lazyloadDisabled newsContent__article__imgCapa--noCaption\" src=\"https:\/\/files.sunoresearch.com.br\/n\/uploads\/2018\/09\/371b6edd-dolar-ibovespa-800x450.webp\" width=\"800\" height=\"450\" alt=\"Ibovespa fecha em alta de 0,03% a 108.956,023 pontos\" fetchpriority=high \/>\n\t\t\t<\/picture>\n\n\t\t\t<figcaption class=\"wp-caption-text wp-caption-text--hide\">Ibovespa<\/figcaption>\n\t\t<\/figure>\n\t<\/div>\n\n\n\n<p>O <strong>Ibovespa<\/strong> registrou <strong>alta<\/strong> devido a v\u00e1rios fatores. Entre as not\u00edcias do dia, o\u00a0<strong>PIB<\/strong> cresceu 0,6% em rela\u00e7\u00e3o ao 2T19 e chegou a R$ 1,84 trilh\u00e3o.<\/p>\n<p>Al\u00e9m disso, contribu\u00edram para o resultado desta ter\u00e7a:<\/p>\n<ul>\n<li>A\u00e7\u00f5es do <strong>Banco<\/strong> <strong>do<\/strong> <strong>Brasil<\/strong> sobem mais de 2% com a not\u00edcia de <strong>privatiza\u00e7\u00e3o<\/strong>;<\/li>\n<li><strong>Odebrecht<\/strong> procura vender participa\u00e7\u00e3o na <strong>Braskem<\/strong> em tr\u00eas anos;<\/li>\n<li><strong>Oi<\/strong> contrata assessoria financeira para avaliar sua <strong>opera\u00e7\u00e3o m\u00f3vel<\/strong>.<\/li>\n<\/ul>\n<h2>PIB<\/h2>\n<p>O <a href=\"https:\/\/www.suno.com.br\/artigos\/pib-produto-interno-bruto\/\"><strong>Produto Interno Bruto<\/strong> (<strong>PIB<\/strong>)<\/a> cresceu 0,6% no terceiro trimestre ante ao segundo trimestre deste ano, levando em considera\u00e7\u00e3o o ajuste sazonal. Em rela\u00e7\u00e3o ao mesmo per\u00edodo de 2018, o crescimento foi de 1,2%. Os indicadores foram publicados nesta ter\u00e7a pelo <strong>Instituto Brasileiro de Geografia e Estat\u00edstica (IBGE)<\/strong>.<\/p>\n<p><a href=\"https:\/\/www.suno.com.br\/noticias\/pib-cresce-em-relacao-ao-2t19-184-trilhao\/\">Saiba mais: PIB cresce 0,6% em rela\u00e7\u00e3o ao 2T19 e chega a R$ 1,84 trilh\u00e3o<\/a><\/p>\n<p>No acumulado de 12 meses registrados no final de setembro, o <strong>PIB<\/strong> registrou crescimento de 1,0%, frente aos quatro trimestres anteriores. J\u00e1 no acumulado de 2019, o PIB aumentou 1,0%, em rela\u00e7\u00e3o a igual per\u00edodo do ano passado.<\/p>\n<h2>Banco do Brasil<\/h2>\n<p>As <strong><a href=\"https:\/\/www.suno.com.br\/artigos\/tipos-de-acoes\/\">a\u00e7\u00f5es<\/a> <\/strong>do Banco do Brasil (BBAS3) registram as maiores altas da <strong><a href=\"https:\/\/www.suno.com.br\/artigos\/como-investir-em-acoes-na-bolsa-de-valores\/\">Bolsa de Valores de S\u00e3o Paulo<\/a><\/strong> nesta ter\u00e7a.<\/p>\n<p><a href=\"https:\/\/www.suno.com.br\/noticias\/banco-do-brasil-sobe-alta-privatizacao\/\">Saiba mais: A\u00e7\u00f5es do Banco do Brasil sobem mais de 2% com a not\u00edcia de privatiza\u00e7\u00e3o<\/a><\/p>\n<p>Por volta das 11h30, os <strong>pap\u00e9is ordin\u00e1rios<\/strong> do <strong>Banco do Brasil<\/strong> registravam varia\u00e7\u00e3o positiva de 2,55%, sendo cotados a R$ 48,38. Por sua vez, as a\u00e7\u00f5es da <strong>BB Seguridad<\/strong>e (BBSE3) registravam varia\u00e7\u00e3o de 2,3% sendo negociadas a R$ 35,20.<\/p>\n<p>A alta dos pap\u00e9is se deve a not\u00edcia de que a privatiza\u00e7\u00e3o da institui\u00e7\u00e3o financeira est\u00e1 na mira do <strong>Minist\u00e9rio da Economia<\/strong>.<\/p>\n<h2>Odebrecht<\/h2>\n<p>A Odebrecht dever\u00e1 vender sua participa\u00e7\u00e3o na <strong>Braskem<\/strong> (BRKM5) em at\u00e9 tr\u00eas anos, enquanto recebe da petroqu\u00edmica R$ 1 bilh\u00e3o em dividendos. O pagamento ser\u00e1 realizado em quatro parcelas anuais de R$ 250 milh\u00f5es.<\/p>\n<p><a href=\"https:\/\/www.suno.com.br\/noticias\/odebrecht-procura-vender-participacao-odebrecht\/\">Saiba mais: Odebrecht procura vender participa\u00e7\u00e3o na Braskem em tr\u00eas anos<\/a><\/p>\n<p>Esse processo est\u00e1 definido no acordo da <strong>Odebrecht<\/strong> junto aos bancos credores, para a reestrutura\u00e7\u00e3o das d\u00edvidas da empreiteira ao longo do processo de <a href=\"https:\/\/www.suno.com.br\/artigos\/recuperacao-judicial\/\">recupera\u00e7\u00e3o judicial<\/a>. Segundo o jornal &#8220;Valor Econ\u00f4mico&#8221;, as negocia\u00e7\u00f5es est\u00e3o em est\u00e1gio avan\u00e7ado.<\/p>\n<p>Na pr\u00f3xima quarta-feira (4), acontecer\u00e1 a assembleia geral de credores do grupo (AGC), em S\u00e3o Paulo. A expectativa da companhia \u00e9 entregar um novo planejamento, diferente do apresentado no final de agosto. No entanto, a assembleia deve ser suspensa logo em seguida, e continuada na pr\u00f3xima ter\u00e7a-feira (10), data prevista para a segunda convoca\u00e7\u00e3o.<\/p>\n<h2>Oi<\/h2>\n<p>O diretor de opera\u00e7\u00f5es e neg\u00f3cios da Oi, Rodrigo Abreu, contratou assessores financeiros para saber qual o valor da opera\u00e7\u00e3o de <strong>telefonia<\/strong> <strong>m\u00f3vel<\/strong> da operadora. A informa\u00e7\u00e3o foi divulgada nesta ter\u00e7a.<\/p>\n<p><a href=\"https:\/\/www.suno.com.br\/noticias\/oi-contrata-assessoria-financeira-avaliar-operacao-movel\/\">Saiba mais: Oi contrata assessoria financeira para avaliar sua opera\u00e7\u00e3o m\u00f3vel<\/a><\/p>\n<p>\u201cQueremos entender a natureza do valor real do neg\u00f3cio mobilidade, um valor que j\u00e1 \u00e9 reconhecido pelo mercado e sabermos como isso poder\u00e1 gerar valor para o acionista no futuro\u201d, afirmou o executivo da <strong>Oi<\/strong>, que est\u00e1 comandando a reestrutura\u00e7\u00e3o da companhia desde setembro. Abreu destacou, em contrapartida, que, por hora, n\u00e3o existe nenhuma forma de negocia\u00e7\u00e3o neste sentido em andamento.<\/p>\n<p>Em meados de outubro, o executivo chegou a dizer que a Oi n\u00e3o precisava vender a \u00e1rea de telefonia m\u00f3vel para ter liquidez no curto prazo. Na semana passada o diretor de opera\u00e7\u00f5es da espanhola <strong>Telef\u00f3nica<\/strong>, \u00c1ngel Vil\u00e1, disse mais uma vez que a multinacional foi procurada por institui\u00e7\u00f5es representantes da <strong>Oi<\/strong>.<\/p>\n<h2>\u00daltima cota\u00e7\u00e3o do Ibovespa<\/h2>\n<p>Na \u00faltima sess\u00e3o, segunda-feira (2), o <a href=\"https:\/\/www.youtube.com\/watch?v=5xXH4baJrtc\"><strong>Ibovespa<\/strong> <\/a>encerrou o preg\u00e3o em alta de 0,64% a 108.927,83 pontos.<\/p>\n","protected":false},"excerpt":{"rendered":"<p>O Ibovespa fechou, nesta ter\u00e7a-feira (3), em alta. O principal \u00edndice da Bolsa de Valores de\u00a0S\u00e3o Paulo (B3) teve alta de 0,03% a 108.956,023 pontos. Ibovespa O Ibovespa registrou alta devido a v\u00e1rios fatores. Entre as not\u00edcias do dia, o\u00a0PIB cresceu 0,6% em rela\u00e7\u00e3o ao 2T19 e chegou a R$ 1,84 trilh\u00e3o. Al\u00e9m disso, contribu\u00edram [&hellip;]<\/p>\n","protected":false},"author":23,"featured_media":3690,"comment_status":"closed","ping_status":"closed","sticky":false,"template":"","format":"standard","meta":[],"categories":[60],"tags":[1937,721],"suno_strategy":[],"class_list":["post-46547","post","type-post","status-publish","format-standard","has-post-thumbnail","hentry","category-mercado","tag-bolsa-de-valores-de-sao-paulo-b3","tag-ibovespa"],"yoast_head":"<!-- This site is optimized with the Yoast SEO plugin v24.4 - https:\/\/yoast.com\/wordpress\/plugins\/seo\/ -->\n<title>Ibovespa fecha em alta de 0,03% a 108.956,023 pontos<\/title>\n<meta name=\"description\" content=\"O Ibovespa fechou em alta. O principal \u00edndice da Bolsa de Valores de\u00a0S\u00e3o Paulo teve alta de 0,03% a 108.956,023 pontos. Clique para mais.\" \/>\n<meta name=\"robots\" content=\"index, follow, max-snippet:-1, max-image-preview:large, max-video-preview:-1\" \/>\n<link rel=\"canonical\" href=\"https:\/\/www.suno.com.br\/noticias\/ibovespa-fecha-alta-03122019\/\" \/>\n<meta property=\"og:locale\" content=\"pt_BR\" \/>\n<meta property=\"og:type\" content=\"article\" \/>\n<meta property=\"og:title\" content=\"Ibovespa fecha em alta de 0,03% a 108.956,023 pontos\" \/>\n<meta property=\"og:description\" content=\"O Ibovespa fechou em alta. O principal \u00edndice da Bolsa de Valores de\u00a0S\u00e3o Paulo teve alta de 0,03% a 108.956,023 pontos. Clique para mais.\" \/>\n<meta property=\"og:url\" content=\"https:\/\/www.suno.com.br\/noticias\/ibovespa-fecha-alta-03122019\/\" \/>\n<meta property=\"og:site_name\" content=\"Suno Not\u00edcias\" \/>\n<meta property=\"article:publisher\" content=\"https:\/\/facebook.com\/sunoresearch\" \/>\n<meta property=\"og:image\" content=\"https:\/\/files.sunoresearch.com.br\/n\/uploads\/2018\/09\/371b6edd-dolar-ibovespa.jpg\" \/>\n\t<meta property=\"og:image:width\" content=\"2560\" \/>\n\t<meta property=\"og:image:height\" content=\"1359\" \/>\n\t<meta property=\"og:image:type\" content=\"image\/jpeg\" \/>\n<meta name=\"author\" content=\"Rafael Lara\" \/>\n<meta name=\"twitter:card\" content=\"summary_large_image\" \/>\n<meta name=\"twitter:creator\" content=\"@sunoresearch\" \/>\n<meta name=\"twitter:site\" content=\"@sunoresearch\" \/>\n<meta name=\"twitter:label1\" content=\"Escrito por\" \/>\n\t<meta name=\"twitter:data1\" content=\"Rafael Lara\" \/>\n\t<meta name=\"twitter:label2\" content=\"Est. tempo de leitura\" \/>\n\t<meta name=\"twitter:data2\" content=\"3 minutos\" \/>\n<script type=\"application\/ld+json\" class=\"yoast-schema-graph\">{\"@context\":\"https:\/\/schema.org\",\"@graph\":[{\"@type\":\"NewsArticle\",\"@id\":\"https:\/\/www.suno.com.br\/noticias\/ibovespa-fecha-alta-03122019\/#article\",\"isPartOf\":{\"@id\":\"https:\/\/www.suno.com.br\/noticias\/ibovespa-fecha-alta-03122019\/\"},\"author\":{\"name\":\"Rafael Lara\",\"@id\":\"https:\/\/www.suno.com.br\/noticias\/#\/schema\/person\/098743caeed97b37f51315c9576c4078\"},\"headline\":\"Ibovespa fecha em alta de 0,03% a 108.956,023 pontos\",\"datePublished\":\"2019-12-03T21:46:43+00:00\",\"dateModified\":\"2019-12-03T21:51:28+00:00\",\"mainEntityOfPage\":{\"@id\":\"https:\/\/www.suno.com.br\/noticias\/ibovespa-fecha-alta-03122019\/\"},\"wordCount\":670,\"publisher\":{\"@id\":\"https:\/\/www.suno.com.br\/noticias\/#organization\"},\"image\":{\"@id\":\"https:\/\/www.suno.com.br\/noticias\/ibovespa-fecha-alta-03122019\/#primaryimage\"},\"thumbnailUrl\":\"https:\/\/files.sunoresearch.com.br\/n\/uploads\/2018\/09\/371b6edd-dolar-ibovespa-jpg.webp\",\"keywords\":[\"Bolsa de Valores de S\u00e3o Paulo (B3)\",\"Ibovespa\"],\"articleSection\":[\"Mercado\"],\"inLanguage\":\"pt-BR\"},{\"@type\":\"WebPage\",\"@id\":\"https:\/\/www.suno.com.br\/noticias\/ibovespa-fecha-alta-03122019\/\",\"url\":\"https:\/\/www.suno.com.br\/noticias\/ibovespa-fecha-alta-03122019\/\",\"name\":\"Ibovespa fecha em alta de 0,03% a 108.956,023 pontos\",\"isPartOf\":{\"@id\":\"https:\/\/www.suno.com.br\/noticias\/#website\"},\"primaryImageOfPage\":{\"@id\":\"https:\/\/www.suno.com.br\/noticias\/ibovespa-fecha-alta-03122019\/#primaryimage\"},\"image\":{\"@id\":\"https:\/\/www.suno.com.br\/noticias\/ibovespa-fecha-alta-03122019\/#primaryimage\"},\"thumbnailUrl\":\"https:\/\/files.sunoresearch.com.br\/n\/uploads\/2018\/09\/371b6edd-dolar-ibovespa-jpg.webp\",\"datePublished\":\"2019-12-03T21:46:43+00:00\",\"dateModified\":\"2019-12-03T21:51:28+00:00\",\"description\":\"O Ibovespa fechou em alta. O principal \u00edndice da Bolsa de Valores de\u00a0S\u00e3o Paulo teve alta de 0,03% a 108.956,023 pontos. Clique para mais.\",\"breadcrumb\":{\"@id\":\"https:\/\/www.suno.com.br\/noticias\/ibovespa-fecha-alta-03122019\/#breadcrumb\"},\"inLanguage\":\"pt-BR\",\"potentialAction\":[{\"@type\":\"ReadAction\",\"target\":[\"https:\/\/www.suno.com.br\/noticias\/ibovespa-fecha-alta-03122019\/\"]}]},{\"@type\":\"ImageObject\",\"inLanguage\":\"pt-BR\",\"@id\":\"https:\/\/www.suno.com.br\/noticias\/ibovespa-fecha-alta-03122019\/#primaryimage\",\"url\":\"https:\/\/files.sunoresearch.com.br\/n\/uploads\/2018\/09\/371b6edd-dolar-ibovespa-jpg.webp\",\"contentUrl\":\"https:\/\/files.sunoresearch.com.br\/n\/uploads\/2018\/09\/371b6edd-dolar-ibovespa-jpg.webp\",\"width\":2560,\"height\":1359,\"caption\":\"Ibovespa\"},{\"@type\":\"BreadcrumbList\",\"@id\":\"https:\/\/www.suno.com.br\/noticias\/ibovespa-fecha-alta-03122019\/#breadcrumb\",\"itemListElement\":[{\"@type\":\"ListItem\",\"position\":1,\"name\":\"Not\u00edcias\",\"item\":\"https:\/\/www.suno.com.br\/noticias\/\"},{\"@type\":\"ListItem\",\"position\":2,\"name\":\"Mercado\",\"item\":\"https:\/\/www.suno.com.br\/noticias\/mercado\/\"},{\"@type\":\"ListItem\",\"position\":3,\"name\":\"Ibovespa fecha em alta de 0,03% a 108.956,023 pontos\"}]},{\"@type\":\"WebSite\",\"@id\":\"https:\/\/www.suno.com.br\/noticias\/#website\",\"url\":\"https:\/\/www.suno.com.br\/noticias\/\",\"name\":\"Suno Not\u00edcias\",\"description\":\"Seu portal de informa\u00e7\u00e3o sobre o mundo dos investimentos\",\"publisher\":{\"@id\":\"https:\/\/www.suno.com.br\/noticias\/#organization\"},\"potentialAction\":[{\"@type\":\"SearchAction\",\"target\":{\"@type\":\"EntryPoint\",\"urlTemplate\":\"https:\/\/www.suno.com.br\/noticias\/?s={search_term_string}\"},\"query-input\":{\"@type\":\"PropertyValueSpecification\",\"valueRequired\":true,\"valueName\":\"search_term_string\"}}],\"inLanguage\":\"pt-BR\"},{\"@type\":\"Organization\",\"@id\":\"https:\/\/www.suno.com.br\/noticias\/#organization\",\"name\":\"Suno Not\u00edcias\",\"url\":\"https:\/\/www.suno.com.br\/noticias\/\",\"logo\":{\"@type\":\"ImageObject\",\"inLanguage\":\"pt-BR\",\"@id\":\"https:\/\/www.suno.com.br\/noticias\/#\/schema\/logo\/image\/\",\"url\":\"https:\/\/files.sunoresearch.com.br\/n\/uploads\/2021\/09\/suno-logo.png\",\"contentUrl\":\"https:\/\/files.sunoresearch.com.br\/n\/uploads\/2021\/09\/suno-logo.png\",\"width\":180,\"height\":180,\"caption\":\"Suno Not\u00edcias\"},\"image\":{\"@id\":\"https:\/\/www.suno.com.br\/noticias\/#\/schema\/logo\/image\/\"},\"sameAs\":[\"https:\/\/facebook.com\/sunoresearch\",\"https:\/\/x.com\/sunoresearch\",\"https:\/\/www.instagram.com\/suno\",\"https:\/\/www.linkedin.com\/company\/suno-research\/\",\"https:\/\/www.youtube.com\/c\/sunoresearch\"]},{\"@type\":\"Person\",\"@id\":\"https:\/\/www.suno.com.br\/noticias\/#\/schema\/person\/098743caeed97b37f51315c9576c4078\",\"name\":\"Rafael Lara\",\"image\":{\"@type\":\"ImageObject\",\"inLanguage\":\"pt-BR\",\"@id\":\"https:\/\/www.suno.com.br\/noticias\/#\/schema\/person\/image\/\",\"url\":\"https:\/\/secure.gravatar.com\/avatar\/dfc254ab9bb2ea1895d98b9e9dae4bdd?s=96&r=g\",\"contentUrl\":\"https:\/\/secure.gravatar.com\/avatar\/dfc254ab9bb2ea1895d98b9e9dae4bdd?s=96&r=g\",\"caption\":\"Rafael Lara\"},\"description\":\"Rafael Lara cursa jornalismo na Faculdade C\u00e1sper L\u00edbero. Escreve sobre pol\u00edtica, economia e neg\u00f3cios para o portal Suno Not\u00edcias. Antes, colaborou na TV Gazeta na produ\u00e7\u00e3o do programa Edi\u00e7\u00e3o Extra.\",\"url\":\"https:\/\/www.suno.com.br\/noticias\/author\/rafael\/\"}]}<\/script>\n<!-- \/ Yoast SEO plugin. -->","yoast_head_json":{"title":"Ibovespa fecha em alta de 0,03% a 108.956,023 pontos","description":"O Ibovespa fechou em alta. O principal \u00edndice da Bolsa de Valores de\u00a0S\u00e3o Paulo teve alta de 0,03% a 108.956,023 pontos. Clique para mais.","robots":{"index":"index","follow":"follow","max-snippet":"max-snippet:-1","max-image-preview":"max-image-preview:large","max-video-preview":"max-video-preview:-1"},"canonical":"https:\/\/www.suno.com.br\/noticias\/ibovespa-fecha-alta-03122019\/","og_locale":"pt_BR","og_type":"article","og_title":"Ibovespa fecha em alta de 0,03% a 108.956,023 pontos","og_description":"O Ibovespa fechou em alta. O principal \u00edndice da Bolsa de Valores de\u00a0S\u00e3o Paulo teve alta de 0,03% a 108.956,023 pontos. Clique para mais.","og_url":"https:\/\/www.suno.com.br\/noticias\/ibovespa-fecha-alta-03122019\/","og_site_name":"Suno Not\u00edcias","article_publisher":"https:\/\/facebook.com\/sunoresearch","og_image":[{"width":2560,"height":1359,"url":"https:\/\/files.sunoresearch.com.br\/n\/uploads\/2018\/09\/371b6edd-dolar-ibovespa.jpg","type":"image\/jpeg"}],"author":"Rafael Lara","twitter_card":"summary_large_image","twitter_creator":"@sunoresearch","twitter_site":"@sunoresearch","twitter_misc":{"Escrito por":"Rafael Lara","Est. tempo de leitura":"3 minutos"},"schema":{"@context":"https:\/\/schema.org","@graph":[{"@type":"NewsArticle","@id":"https:\/\/www.suno.com.br\/noticias\/ibovespa-fecha-alta-03122019\/#article","isPartOf":{"@id":"https:\/\/www.suno.com.br\/noticias\/ibovespa-fecha-alta-03122019\/"},"author":{"name":"Rafael Lara","@id":"https:\/\/www.suno.com.br\/noticias\/#\/schema\/person\/098743caeed97b37f51315c9576c4078"},"headline":"Ibovespa fecha em alta de 0,03% a 108.956,023 pontos","datePublished":"2019-12-03T21:46:43+00:00","dateModified":"2019-12-03T21:51:28+00:00","mainEntityOfPage":{"@id":"https:\/\/www.suno.com.br\/noticias\/ibovespa-fecha-alta-03122019\/"},"wordCount":670,"publisher":{"@id":"https:\/\/www.suno.com.br\/noticias\/#organization"},"image":{"@id":"https:\/\/www.suno.com.br\/noticias\/ibovespa-fecha-alta-03122019\/#primaryimage"},"thumbnailUrl":"https:\/\/files.sunoresearch.com.br\/n\/uploads\/2018\/09\/371b6edd-dolar-ibovespa-jpg.webp","keywords":["Bolsa de Valores de S\u00e3o Paulo (B3)","Ibovespa"],"articleSection":["Mercado"],"inLanguage":"pt-BR"},{"@type":"WebPage","@id":"https:\/\/www.suno.com.br\/noticias\/ibovespa-fecha-alta-03122019\/","url":"https:\/\/www.suno.com.br\/noticias\/ibovespa-fecha-alta-03122019\/","name":"Ibovespa fecha em alta de 0,03% a 108.956,023 pontos","isPartOf":{"@id":"https:\/\/www.suno.com.br\/noticias\/#website"},"primaryImageOfPage":{"@id":"https:\/\/www.suno.com.br\/noticias\/ibovespa-fecha-alta-03122019\/#primaryimage"},"image":{"@id":"https:\/\/www.suno.com.br\/noticias\/ibovespa-fecha-alta-03122019\/#primaryimage"},"thumbnailUrl":"https:\/\/files.sunoresearch.com.br\/n\/uploads\/2018\/09\/371b6edd-dolar-ibovespa-jpg.webp","datePublished":"2019-12-03T21:46:43+00:00","dateModified":"2019-12-03T21:51:28+00:00","description":"O Ibovespa fechou em alta. O principal \u00edndice da Bolsa de Valores de\u00a0S\u00e3o Paulo teve alta de 0,03% a 108.956,023 pontos. Clique para mais.","breadcrumb":{"@id":"https:\/\/www.suno.com.br\/noticias\/ibovespa-fecha-alta-03122019\/#breadcrumb"},"inLanguage":"pt-BR","potentialAction":[{"@type":"ReadAction","target":["https:\/\/www.suno.com.br\/noticias\/ibovespa-fecha-alta-03122019\/"]}]},{"@type":"ImageObject","inLanguage":"pt-BR","@id":"https:\/\/www.suno.com.br\/noticias\/ibovespa-fecha-alta-03122019\/#primaryimage","url":"https:\/\/files.sunoresearch.com.br\/n\/uploads\/2018\/09\/371b6edd-dolar-ibovespa-jpg.webp","contentUrl":"https:\/\/files.sunoresearch.com.br\/n\/uploads\/2018\/09\/371b6edd-dolar-ibovespa-jpg.webp","width":2560,"height":1359,"caption":"Ibovespa"},{"@type":"BreadcrumbList","@id":"https:\/\/www.suno.com.br\/noticias\/ibovespa-fecha-alta-03122019\/#breadcrumb","itemListElement":[{"@type":"ListItem","position":1,"name":"Not\u00edcias","item":"https:\/\/www.suno.com.br\/noticias\/"},{"@type":"ListItem","position":2,"name":"Mercado","item":"https:\/\/www.suno.com.br\/noticias\/mercado\/"},{"@type":"ListItem","position":3,"name":"Ibovespa fecha em alta de 0,03% a 108.956,023 pontos"}]},{"@type":"WebSite","@id":"https:\/\/www.suno.com.br\/noticias\/#website","url":"https:\/\/www.suno.com.br\/noticias\/","name":"Suno Not\u00edcias","description":"Seu portal de informa\u00e7\u00e3o sobre o mundo dos investimentos","publisher":{"@id":"https:\/\/www.suno.com.br\/noticias\/#organization"},"potentialAction":[{"@type":"SearchAction","target":{"@type":"EntryPoint","urlTemplate":"https:\/\/www.suno.com.br\/noticias\/?s={search_term_string}"},"query-input":{"@type":"PropertyValueSpecification","valueRequired":true,"valueName":"search_term_string"}}],"inLanguage":"pt-BR"},{"@type":"Organization","@id":"https:\/\/www.suno.com.br\/noticias\/#organization","name":"Suno Not\u00edcias","url":"https:\/\/www.suno.com.br\/noticias\/","logo":{"@type":"ImageObject","inLanguage":"pt-BR","@id":"https:\/\/www.suno.com.br\/noticias\/#\/schema\/logo\/image\/","url":"https:\/\/files.sunoresearch.com.br\/n\/uploads\/2021\/09\/suno-logo.png","contentUrl":"https:\/\/files.sunoresearch.com.br\/n\/uploads\/2021\/09\/suno-logo.png","width":180,"height":180,"caption":"Suno Not\u00edcias"},"image":{"@id":"https:\/\/www.suno.com.br\/noticias\/#\/schema\/logo\/image\/"},"sameAs":["https:\/\/facebook.com\/sunoresearch","https:\/\/x.com\/sunoresearch","https:\/\/www.instagram.com\/suno","https:\/\/www.linkedin.com\/company\/suno-research\/","https:\/\/www.youtube.com\/c\/sunoresearch"]},{"@type":"Person","@id":"https:\/\/www.suno.com.br\/noticias\/#\/schema\/person\/098743caeed97b37f51315c9576c4078","name":"Rafael Lara","image":{"@type":"ImageObject","inLanguage":"pt-BR","@id":"https:\/\/www.suno.com.br\/noticias\/#\/schema\/person\/image\/","url":"https:\/\/secure.gravatar.com\/avatar\/dfc254ab9bb2ea1895d98b9e9dae4bdd?s=96&r=g","contentUrl":"https:\/\/secure.gravatar.com\/avatar\/dfc254ab9bb2ea1895d98b9e9dae4bdd?s=96&r=g","caption":"Rafael Lara"},"description":"Rafael Lara cursa jornalismo na Faculdade C\u00e1sper L\u00edbero. Escreve sobre pol\u00edtica, economia e neg\u00f3cios para o portal Suno Not\u00edcias. Antes, colaborou na TV Gazeta na produ\u00e7\u00e3o do programa Edi\u00e7\u00e3o Extra.","url":"https:\/\/www.suno.com.br\/noticias\/author\/rafael\/"}]}},"default_loop_html":"<div class=\"cardsPage__listCard__boxs\"><div class=\"cardsPage__listCard__boxs__img\"><a href=\"https:\/\/www.suno.com.br\/noticias\/ibovespa-fecha-alta-03122019\/\"><img class=\"mask\" src=\"https:\/\/www.suno.com.br\/noticias\/wp-content\/themes\/suno\/resources\/images\/spotlight\/spotlight1img\/bg-mask.png\" alt=\"Image Mask\"\/><img src=\"https:\/\/files.sunoresearch.com.br\/n\/uploads\/2018\/09\/371b6edd-dolar-ibovespa-400x200.webp\" alt=\"Ibovespa fecha em alta de 0,03% a 108.956,023 pontos\"\/><\/a><span class=\"spotlightCategory\"><a href=\"https:\/\/www.suno.com.br\/noticias\/mercado\/\">Mercado<\/a><\/span><\/div><div class=\"cardsPage__listCard__boxs__content\"><a href=\"https:\/\/www.suno.com.br\/noticias\/ibovespa-fecha-alta-03122019\/\"><h2 class=\"content__title\">Ibovespa fecha em alta de 0,03% a 108.956,023 pontos<\/h2><\/a><div class=\"newsContent__article__meta\"><div class=\"newsContent__article__meta__authorBox\"><a href=\"https:\/\/www.suno.com.br\/noticias\/author\/rafael\/\" class=\"authorBox__avatar noMobi\"><img src=\"https:\/\/secure.gravatar.com\/avatar\/dfc254ab9bb2ea1895d98b9e9dae4bdd?s=96&#038;r=g\" alt=\"Rafael Lara\"><\/a><div class=\"authorBox__name\"><span>por\n\t\t\t<a href=\"https:\/\/www.suno.com.br\/noticias\/author\/rafael\/\"><span itemprop=\"author\">Rafael Lara<\/span><\/a><\/span><time datetime=\"2019-12-03T19:46:43-03:00\" itemprop=\"datePublished\">03\/12\/2019 19:46<\/time><\/div><\/div><\/div><\/div><\/div>","single_layout":"posts","amp_enabled":true,"_links":{"self":[{"href":"https:\/\/www.suno.com.br\/noticias\/wp-json\/wp\/v2\/posts\/46547"}],"collection":[{"href":"https:\/\/www.suno.com.br\/noticias\/wp-json\/wp\/v2\/posts"}],"about":[{"href":"https:\/\/www.suno.com.br\/noticias\/wp-json\/wp\/v2\/types\/post"}],"author":[{"embeddable":true,"href":"https:\/\/www.suno.com.br\/noticias\/wp-json\/wp\/v2\/users\/23"}],"replies":[{"embeddable":true,"href":"https:\/\/www.suno.com.br\/noticias\/wp-json\/wp\/v2\/comments?post=46547"}],"version-history":[{"count":0,"href":"https:\/\/www.suno.com.br\/noticias\/wp-json\/wp\/v2\/posts\/46547\/revisions"}],"wp:featuredmedia":[{"embeddable":true,"href":"https:\/\/www.suno.com.br\/noticias\/wp-json\/wp\/v2\/media\/3690"}],"wp:attachment":[{"href":"https:\/\/www.suno.com.br\/noticias\/wp-json\/wp\/v2\/media?parent=46547"}],"wp:term":[{"taxonomy":"category","embeddable":true,"href":"https:\/\/www.suno.com.br\/noticias\/wp-json\/wp\/v2\/categories?post=46547"},{"taxonomy":"post_tag","embeddable":true,"href":"https:\/\/www.suno.com.br\/noticias\/wp-json\/wp\/v2\/tags?post=46547"},{"taxonomy":"suno_strategy","embeddable":true,"href":"https:\/\/www.suno.com.br\/noticias\/wp-json\/wp\/v2\/suno_strategy?post=46547"}],"curies":[{"name":"wp","href":"https:\/\/api.w.org\/{rel}","templated":true}]}}