{"id":4654,"date":"2018-10-01T16:31:18","date_gmt":"2018-10-01T19:31:18","guid":{"rendered":"https:\/\/www.suno.com.br\/noticias\/?p=4654"},"modified":"2021-02-18T15:25:36","modified_gmt":"2021-02-18T18:25:36","slug":"mudanca-de-ceos-empresas-globais","status":"publish","type":"post","link":"https:\/\/www.suno.com.br\/noticias\/mudanca-de-ceos-empresas-globais\/","title":{"rendered":"Dan\u00e7a das cadeiras: segunda-feira \u00e9 marcada por mudan\u00e7a de CEOs em empresas globais"},"content":{"rendered":"<p>Nesta segunda-feira (1) houve grandes mudan\u00e7as em cargos de chefia de multinacionais, Tesla e General Eletrics mudaram a sua lideran\u00e7a e o impacto j\u00e1 pode ser observado no mercado financeiro global.<\/p>\t<div class=\"wrapper-featured-image\">\n\t\t<figure class=\"spotlightImg\">\n\n\t\t\t<picture>\n\t\t\t\t<source media=\"(max-width: 768px)\" srcset=\"https:\/\/files.sunoresearch.com.br\/n\/uploads\/2018\/09\/5bcb42d6-elon-musk-400x200.webp\">\n\t\t\t\t<img loading=\"lazy\" decoding=\"async\" class=\"newsContent__article__imgCapa lazyloadDisabled newsContent__article__imgCapa--noCaption\" src=\"https:\/\/files.sunoresearch.com.br\/n\/uploads\/2018\/09\/5bcb42d6-elon-musk-800x450.webp\" width=\"800\" height=\"450\" alt=\"Dan\u00e7a das cadeiras: segunda-feira \u00e9 marcada por mudan\u00e7a de CEOs em empresas globais\" fetchpriority=high \/>\n\t\t\t<\/picture>\n\n\t\t\t<figcaption class=\"wp-caption-text wp-caption-text--hide\">Elon Musk ultrapassa Warren Buffett na lista de bilion\u00e1rios do mundo<\/figcaption>\n\t\t<\/figure>\n\t<\/div>\n\n\n<p><strong>Pfizer<\/strong><br \/>\nEntre as companhias que anunciaram a troca de gestores est\u00e1 a Pfzer. O atual CEO, Ian Read, deixar\u00e1 o cargo no in\u00edcio de 2017 ap\u00f3s 8 anos de como presidente do conselho de administra\u00e7\u00e3o e o cargo ser\u00e1 sucedido por Albert Bourla.<\/p>\n<p>Bourla, assumiu o cargo de diretor de opera\u00e7\u00f5es no in\u00edcio do ano e registrou receita de 31,4 bilh\u00f5es de d\u00f3lares desde que liderou o neg\u00f3cio Innovative Health, respons\u00e1vel por pesquisar e desenvolver de novas medica\u00e7\u00f5es para c\u00e2ncer, neuroci\u00eancia e vacinas.<\/p>\n<p><strong>Tesla<\/strong><br \/>\nElon Musk deixa a presid\u00eancia do conselho da companhia e paga multa de\u00a0 \u00a0US$ 2o milh\u00f5es para n\u00e3o ser processado por fraude. Ap\u00f3s negocia\u00e7\u00e3o com a comiss\u00e3o de valores mobili\u00e1rios dos EUA (SEC, na sigla original), ele deixar\u00e1 o cargo e ter\u00e1 advogando monitorando seus tweets.<\/p>\n<p>Musk foi processado pela SEC por manipular o pre\u00e7o das a\u00e7\u00f5es da Tesla, ap\u00f3s tuitar que possu\u00eda \u201cfinanciamento garantido\u201d para retirar a empresa da bolsa de valores a 420 d\u00f3lares por a\u00e7\u00e3o e depois retirou sua declara\u00e7\u00e3o. Apesar disso, ele continuar\u00e1 sendo CEO da companhia por enquanto.<\/p>\n<p><strong>General Eletrics<\/strong><br \/>\nPouco mais de um ano de ap\u00f3s assumir o cargo, Jonh Fannery encerra suas atividades na empresa norte americana General Eletrics (GE). O presidente-executivo da companhia foi substitu\u00eddo por Larry Culp, nesta segunda-feira e, como consequ\u00eancia, a\u00e7\u00f5es da empresa j\u00e1 deram um salto de mais 15%.<\/p>\n<p>O novo CEO j\u00e1 participava da empresa desde abril de 2018 como membro do conselho, do qual obteve votos unanimes para decidir sobre a administra\u00e7\u00e3o da GE.<\/p>\n<p><strong>Danske Bank<\/strong><br \/>\nNo dia 19 de setembro o diretor executivo do banco dinamarqu\u00eas \u00e9 demitido, o ex-chefe Thomas Borgen est\u00e1 envolvido em esc\u00e2ndalo de lavagem de dinheiro na Est\u00f4nia. Borgen deveria ter ficado no cargo at\u00e9 que um substituto fosse encontrado, mas a administra\u00e7\u00e3o decidiu antecipar a sa\u00edda.<\/p>\n<p>Investiga\u00e7\u00f5es apontam que passaram pela unidade do banco na Est\u00f4nia 200 bilh\u00f5es de euros entre os anos de 2007 e 2015, sendo que a maior parte das opera\u00e7\u00f5es est\u00e1 sob suspeita.<\/p>\n","protected":false},"excerpt":{"rendered":"<p>Nesta segunda-feira (1) houve grandes mudan\u00e7as em cargos de chefia de multinacionais, Tesla e General Eletrics mudaram a sua lideran\u00e7a e o impacto j\u00e1 pode ser observado no mercado financeiro global. Elon Musk ultrapassa Warren Buffett na lista de bilion\u00e1rios do mundo Pfizer Entre as companhias que anunciaram a troca de gestores est\u00e1 a Pfzer. [&hellip;]<\/p>\n","protected":false},"author":6,"featured_media":4023,"comment_status":"closed","ping_status":"closed","sticky":false,"template":"","format":"standard","meta":[],"categories":[60],"tags":[727],"suno_strategy":[],"class_list":["post-4654","post","type-post","status-publish","format-standard","has-post-thumbnail","hentry","category-mercado","tag-tesla-tsla34"],"yoast_head":"<!-- This site is optimized with the Yoast SEO plugin v24.4 - https:\/\/yoast.com\/wordpress\/plugins\/seo\/ -->\n<title>Dan\u00e7a das cadeiras: segunda-feira \u00e9 marcada por mudan\u00e7a de CEOs em empresas globais<\/title>\n<meta name=\"description\" content=\"Tesla e General Eletrics mudaram a sua lideran\u00e7a e o impacto j\u00e1 pode ser observado no mercado financeiro global.\" \/>\n<meta name=\"robots\" content=\"index, follow, max-snippet:-1, max-image-preview:large, max-video-preview:-1\" \/>\n<link rel=\"canonical\" href=\"https:\/\/www.suno.com.br\/noticias\/mudanca-de-ceos-empresas-globais\/\" \/>\n<meta property=\"og:locale\" content=\"pt_BR\" \/>\n<meta property=\"og:type\" content=\"article\" \/>\n<meta property=\"og:title\" content=\"Dan\u00e7a das cadeiras: segunda-feira \u00e9 marcada por mudan\u00e7a de CEOs em empresas globais\" \/>\n<meta property=\"og:description\" content=\"Tesla e General Eletrics mudaram a sua lideran\u00e7a e o impacto j\u00e1 pode ser observado no mercado financeiro global.\" \/>\n<meta property=\"og:url\" content=\"https:\/\/www.suno.com.br\/noticias\/mudanca-de-ceos-empresas-globais\/\" \/>\n<meta property=\"og:site_name\" content=\"Suno Not\u00edcias\" \/>\n<meta property=\"article:publisher\" content=\"https:\/\/facebook.com\/sunoresearch\" \/>\n<meta property=\"article:author\" content=\"https:\/\/www.linkedin.com\/in\/paulo-jaschke-328221168\/\" \/>\n<meta property=\"og:image\" content=\"https:\/\/files.sunoresearch.com.br\/n\/uploads\/2018\/09\/5bcb42d6-elon-musk.jpg\" \/>\n\t<meta property=\"og:image:width\" content=\"2048\" \/>\n\t<meta property=\"og:image:height\" content=\"1445\" \/>\n\t<meta property=\"og:image:type\" content=\"image\/jpeg\" \/>\n<meta name=\"author\" content=\"Paulo Jaschke\" \/>\n<meta name=\"twitter:card\" content=\"summary_large_image\" \/>\n<meta name=\"twitter:creator\" content=\"@sunoresearch\" \/>\n<meta name=\"twitter:site\" content=\"@sunoresearch\" \/>\n<meta name=\"twitter:label1\" content=\"Escrito por\" \/>\n\t<meta name=\"twitter:data1\" content=\"Paulo Jaschke\" \/>\n\t<meta name=\"twitter:label2\" content=\"Est. tempo de leitura\" \/>\n\t<meta name=\"twitter:data2\" content=\"2 minutos\" \/>\n<script type=\"application\/ld+json\" class=\"yoast-schema-graph\">{\"@context\":\"https:\/\/schema.org\",\"@graph\":[{\"@type\":\"NewsArticle\",\"@id\":\"https:\/\/www.suno.com.br\/noticias\/mudanca-de-ceos-empresas-globais\/#article\",\"isPartOf\":{\"@id\":\"https:\/\/www.suno.com.br\/noticias\/mudanca-de-ceos-empresas-globais\/\"},\"author\":{\"name\":\"Paulo Jaschke\",\"@id\":\"https:\/\/www.suno.com.br\/noticias\/#\/schema\/person\/edc78e26bff487bcad4a7d5e75ca2938\"},\"headline\":\"Dan\u00e7a das cadeiras: segunda-feira \u00e9 marcada por mudan\u00e7a de CEOs em empresas globais\",\"datePublished\":\"2018-10-01T19:31:18+00:00\",\"dateModified\":\"2021-02-18T18:25:36+00:00\",\"mainEntityOfPage\":{\"@id\":\"https:\/\/www.suno.com.br\/noticias\/mudanca-de-ceos-empresas-globais\/\"},\"wordCount\":406,\"publisher\":{\"@id\":\"https:\/\/www.suno.com.br\/noticias\/#organization\"},\"image\":{\"@id\":\"https:\/\/www.suno.com.br\/noticias\/mudanca-de-ceos-empresas-globais\/#primaryimage\"},\"thumbnailUrl\":\"https:\/\/files.sunoresearch.com.br\/n\/uploads\/2018\/09\/5bcb42d6-elon-musk-jpg.webp\",\"keywords\":[\"Tesla (TSLA34)\"],\"articleSection\":[\"Mercado\"],\"inLanguage\":\"pt-BR\"},{\"@type\":\"WebPage\",\"@id\":\"https:\/\/www.suno.com.br\/noticias\/mudanca-de-ceos-empresas-globais\/\",\"url\":\"https:\/\/www.suno.com.br\/noticias\/mudanca-de-ceos-empresas-globais\/\",\"name\":\"Dan\u00e7a das cadeiras: segunda-feira \u00e9 marcada por mudan\u00e7a de CEOs em empresas globais\",\"isPartOf\":{\"@id\":\"https:\/\/www.suno.com.br\/noticias\/#website\"},\"primaryImageOfPage\":{\"@id\":\"https:\/\/www.suno.com.br\/noticias\/mudanca-de-ceos-empresas-globais\/#primaryimage\"},\"image\":{\"@id\":\"https:\/\/www.suno.com.br\/noticias\/mudanca-de-ceos-empresas-globais\/#primaryimage\"},\"thumbnailUrl\":\"https:\/\/files.sunoresearch.com.br\/n\/uploads\/2018\/09\/5bcb42d6-elon-musk-jpg.webp\",\"datePublished\":\"2018-10-01T19:31:18+00:00\",\"dateModified\":\"2021-02-18T18:25:36+00:00\",\"description\":\"Tesla e General Eletrics mudaram a sua lideran\u00e7a e o impacto j\u00e1 pode ser observado no mercado financeiro global.\",\"breadcrumb\":{\"@id\":\"https:\/\/www.suno.com.br\/noticias\/mudanca-de-ceos-empresas-globais\/#breadcrumb\"},\"inLanguage\":\"pt-BR\",\"potentialAction\":[{\"@type\":\"ReadAction\",\"target\":[\"https:\/\/www.suno.com.br\/noticias\/mudanca-de-ceos-empresas-globais\/\"]}]},{\"@type\":\"ImageObject\",\"inLanguage\":\"pt-BR\",\"@id\":\"https:\/\/www.suno.com.br\/noticias\/mudanca-de-ceos-empresas-globais\/#primaryimage\",\"url\":\"https:\/\/files.sunoresearch.com.br\/n\/uploads\/2018\/09\/5bcb42d6-elon-musk-jpg.webp\",\"contentUrl\":\"https:\/\/files.sunoresearch.com.br\/n\/uploads\/2018\/09\/5bcb42d6-elon-musk-jpg.webp\",\"width\":2048,\"height\":1445,\"caption\":\"Elon Musk ultrapassa Warren Buffett na lista de bilion\u00e1rios do mundo\"},{\"@type\":\"BreadcrumbList\",\"@id\":\"https:\/\/www.suno.com.br\/noticias\/mudanca-de-ceos-empresas-globais\/#breadcrumb\",\"itemListElement\":[{\"@type\":\"ListItem\",\"position\":1,\"name\":\"Not\u00edcias\",\"item\":\"https:\/\/www.suno.com.br\/noticias\/\"},{\"@type\":\"ListItem\",\"position\":2,\"name\":\"Mercado\",\"item\":\"https:\/\/www.suno.com.br\/noticias\/mercado\/\"},{\"@type\":\"ListItem\",\"position\":3,\"name\":\"Dan\u00e7a das cadeiras: segunda-feira \u00e9 marcada por mudan\u00e7a de CEOs em empresas globais\"}]},{\"@type\":\"WebSite\",\"@id\":\"https:\/\/www.suno.com.br\/noticias\/#website\",\"url\":\"https:\/\/www.suno.com.br\/noticias\/\",\"name\":\"Suno Not\u00edcias\",\"description\":\"Seu portal de informa\u00e7\u00e3o sobre o mundo dos investimentos\",\"publisher\":{\"@id\":\"https:\/\/www.suno.com.br\/noticias\/#organization\"},\"potentialAction\":[{\"@type\":\"SearchAction\",\"target\":{\"@type\":\"EntryPoint\",\"urlTemplate\":\"https:\/\/www.suno.com.br\/noticias\/?s={search_term_string}\"},\"query-input\":{\"@type\":\"PropertyValueSpecification\",\"valueRequired\":true,\"valueName\":\"search_term_string\"}}],\"inLanguage\":\"pt-BR\"},{\"@type\":\"Organization\",\"@id\":\"https:\/\/www.suno.com.br\/noticias\/#organization\",\"name\":\"Suno Not\u00edcias\",\"url\":\"https:\/\/www.suno.com.br\/noticias\/\",\"logo\":{\"@type\":\"ImageObject\",\"inLanguage\":\"pt-BR\",\"@id\":\"https:\/\/www.suno.com.br\/noticias\/#\/schema\/logo\/image\/\",\"url\":\"https:\/\/files.sunoresearch.com.br\/n\/uploads\/2021\/09\/suno-logo.png\",\"contentUrl\":\"https:\/\/files.sunoresearch.com.br\/n\/uploads\/2021\/09\/suno-logo.png\",\"width\":180,\"height\":180,\"caption\":\"Suno Not\u00edcias\"},\"image\":{\"@id\":\"https:\/\/www.suno.com.br\/noticias\/#\/schema\/logo\/image\/\"},\"sameAs\":[\"https:\/\/facebook.com\/sunoresearch\",\"https:\/\/x.com\/sunoresearch\",\"https:\/\/www.instagram.com\/suno\",\"https:\/\/www.linkedin.com\/company\/suno-research\/\",\"https:\/\/www.youtube.com\/c\/sunoresearch\"]},{\"@type\":\"Person\",\"@id\":\"https:\/\/www.suno.com.br\/noticias\/#\/schema\/person\/edc78e26bff487bcad4a7d5e75ca2938\",\"name\":\"Paulo Jaschke\",\"image\":{\"@type\":\"ImageObject\",\"inLanguage\":\"pt-BR\",\"@id\":\"https:\/\/www.suno.com.br\/noticias\/#\/schema\/person\/image\/\",\"url\":\"https:\/\/secure.gravatar.com\/avatar\/d866ede420b0a0e4741620ba27841b8f?s=96&r=g\",\"contentUrl\":\"https:\/\/secure.gravatar.com\/avatar\/d866ede420b0a0e4741620ba27841b8f?s=96&r=g\",\"caption\":\"Paulo Jaschke\"},\"description\":\"Paulo Jaschke \u00e9 estudante de jornalismo na ESPM-SP. Escreve sobre o mercado financeiro, economia e pol\u00edtica internacional para o portal da Suno Research. Tamb\u00e9m escreve sobre economia internacional na ag\u00eancia CMA e \u00e9 rep\u00f3rter esportivo pela Web r\u00e1dio EsportesNet. Em 2018, foi rep\u00f3rter esportivo pela R\u00e1dio ESPM na Copa do Mundo 2018 e escreveu para a Revista Plural ESPM.\",\"sameAs\":[\"https:\/\/www.suno.com.br\/\",\"https:\/\/www.linkedin.com\/in\/paulo-jaschke-328221168\/\"],\"url\":\"https:\/\/www.suno.com.br\/noticias\/author\/paulo-jaschke\/\"}]}<\/script>\n<!-- \/ Yoast SEO plugin. -->","yoast_head_json":{"title":"Dan\u00e7a das cadeiras: segunda-feira \u00e9 marcada por mudan\u00e7a de CEOs em empresas globais","description":"Tesla e General Eletrics mudaram a sua lideran\u00e7a e o impacto j\u00e1 pode ser observado no mercado financeiro global.","robots":{"index":"index","follow":"follow","max-snippet":"max-snippet:-1","max-image-preview":"max-image-preview:large","max-video-preview":"max-video-preview:-1"},"canonical":"https:\/\/www.suno.com.br\/noticias\/mudanca-de-ceos-empresas-globais\/","og_locale":"pt_BR","og_type":"article","og_title":"Dan\u00e7a das cadeiras: segunda-feira \u00e9 marcada por mudan\u00e7a de CEOs em empresas globais","og_description":"Tesla e General Eletrics mudaram a sua lideran\u00e7a e o impacto j\u00e1 pode ser observado no mercado financeiro global.","og_url":"https:\/\/www.suno.com.br\/noticias\/mudanca-de-ceos-empresas-globais\/","og_site_name":"Suno Not\u00edcias","article_publisher":"https:\/\/facebook.com\/sunoresearch","article_author":"https:\/\/www.linkedin.com\/in\/paulo-jaschke-328221168\/","og_image":[{"width":2048,"height":1445,"url":"https:\/\/files.sunoresearch.com.br\/n\/uploads\/2018\/09\/5bcb42d6-elon-musk.jpg","type":"image\/jpeg"}],"author":"Paulo Jaschke","twitter_card":"summary_large_image","twitter_creator":"@sunoresearch","twitter_site":"@sunoresearch","twitter_misc":{"Escrito por":"Paulo Jaschke","Est. tempo de leitura":"2 minutos"},"schema":{"@context":"https:\/\/schema.org","@graph":[{"@type":"NewsArticle","@id":"https:\/\/www.suno.com.br\/noticias\/mudanca-de-ceos-empresas-globais\/#article","isPartOf":{"@id":"https:\/\/www.suno.com.br\/noticias\/mudanca-de-ceos-empresas-globais\/"},"author":{"name":"Paulo Jaschke","@id":"https:\/\/www.suno.com.br\/noticias\/#\/schema\/person\/edc78e26bff487bcad4a7d5e75ca2938"},"headline":"Dan\u00e7a das cadeiras: segunda-feira \u00e9 marcada por mudan\u00e7a de CEOs em empresas globais","datePublished":"2018-10-01T19:31:18+00:00","dateModified":"2021-02-18T18:25:36+00:00","mainEntityOfPage":{"@id":"https:\/\/www.suno.com.br\/noticias\/mudanca-de-ceos-empresas-globais\/"},"wordCount":406,"publisher":{"@id":"https:\/\/www.suno.com.br\/noticias\/#organization"},"image":{"@id":"https:\/\/www.suno.com.br\/noticias\/mudanca-de-ceos-empresas-globais\/#primaryimage"},"thumbnailUrl":"https:\/\/files.sunoresearch.com.br\/n\/uploads\/2018\/09\/5bcb42d6-elon-musk-jpg.webp","keywords":["Tesla (TSLA34)"],"articleSection":["Mercado"],"inLanguage":"pt-BR"},{"@type":"WebPage","@id":"https:\/\/www.suno.com.br\/noticias\/mudanca-de-ceos-empresas-globais\/","url":"https:\/\/www.suno.com.br\/noticias\/mudanca-de-ceos-empresas-globais\/","name":"Dan\u00e7a das cadeiras: segunda-feira \u00e9 marcada por mudan\u00e7a de CEOs em empresas globais","isPartOf":{"@id":"https:\/\/www.suno.com.br\/noticias\/#website"},"primaryImageOfPage":{"@id":"https:\/\/www.suno.com.br\/noticias\/mudanca-de-ceos-empresas-globais\/#primaryimage"},"image":{"@id":"https:\/\/www.suno.com.br\/noticias\/mudanca-de-ceos-empresas-globais\/#primaryimage"},"thumbnailUrl":"https:\/\/files.sunoresearch.com.br\/n\/uploads\/2018\/09\/5bcb42d6-elon-musk-jpg.webp","datePublished":"2018-10-01T19:31:18+00:00","dateModified":"2021-02-18T18:25:36+00:00","description":"Tesla e General Eletrics mudaram a sua lideran\u00e7a e o impacto j\u00e1 pode ser observado no mercado financeiro global.","breadcrumb":{"@id":"https:\/\/www.suno.com.br\/noticias\/mudanca-de-ceos-empresas-globais\/#breadcrumb"},"inLanguage":"pt-BR","potentialAction":[{"@type":"ReadAction","target":["https:\/\/www.suno.com.br\/noticias\/mudanca-de-ceos-empresas-globais\/"]}]},{"@type":"ImageObject","inLanguage":"pt-BR","@id":"https:\/\/www.suno.com.br\/noticias\/mudanca-de-ceos-empresas-globais\/#primaryimage","url":"https:\/\/files.sunoresearch.com.br\/n\/uploads\/2018\/09\/5bcb42d6-elon-musk-jpg.webp","contentUrl":"https:\/\/files.sunoresearch.com.br\/n\/uploads\/2018\/09\/5bcb42d6-elon-musk-jpg.webp","width":2048,"height":1445,"caption":"Elon Musk ultrapassa Warren Buffett na lista de bilion\u00e1rios do mundo"},{"@type":"BreadcrumbList","@id":"https:\/\/www.suno.com.br\/noticias\/mudanca-de-ceos-empresas-globais\/#breadcrumb","itemListElement":[{"@type":"ListItem","position":1,"name":"Not\u00edcias","item":"https:\/\/www.suno.com.br\/noticias\/"},{"@type":"ListItem","position":2,"name":"Mercado","item":"https:\/\/www.suno.com.br\/noticias\/mercado\/"},{"@type":"ListItem","position":3,"name":"Dan\u00e7a das cadeiras: segunda-feira \u00e9 marcada por mudan\u00e7a de CEOs em empresas globais"}]},{"@type":"WebSite","@id":"https:\/\/www.suno.com.br\/noticias\/#website","url":"https:\/\/www.suno.com.br\/noticias\/","name":"Suno Not\u00edcias","description":"Seu portal de informa\u00e7\u00e3o sobre o mundo dos investimentos","publisher":{"@id":"https:\/\/www.suno.com.br\/noticias\/#organization"},"potentialAction":[{"@type":"SearchAction","target":{"@type":"EntryPoint","urlTemplate":"https:\/\/www.suno.com.br\/noticias\/?s={search_term_string}"},"query-input":{"@type":"PropertyValueSpecification","valueRequired":true,"valueName":"search_term_string"}}],"inLanguage":"pt-BR"},{"@type":"Organization","@id":"https:\/\/www.suno.com.br\/noticias\/#organization","name":"Suno Not\u00edcias","url":"https:\/\/www.suno.com.br\/noticias\/","logo":{"@type":"ImageObject","inLanguage":"pt-BR","@id":"https:\/\/www.suno.com.br\/noticias\/#\/schema\/logo\/image\/","url":"https:\/\/files.sunoresearch.com.br\/n\/uploads\/2021\/09\/suno-logo.png","contentUrl":"https:\/\/files.sunoresearch.com.br\/n\/uploads\/2021\/09\/suno-logo.png","width":180,"height":180,"caption":"Suno Not\u00edcias"},"image":{"@id":"https:\/\/www.suno.com.br\/noticias\/#\/schema\/logo\/image\/"},"sameAs":["https:\/\/facebook.com\/sunoresearch","https:\/\/x.com\/sunoresearch","https:\/\/www.instagram.com\/suno","https:\/\/www.linkedin.com\/company\/suno-research\/","https:\/\/www.youtube.com\/c\/sunoresearch"]},{"@type":"Person","@id":"https:\/\/www.suno.com.br\/noticias\/#\/schema\/person\/edc78e26bff487bcad4a7d5e75ca2938","name":"Paulo Jaschke","image":{"@type":"ImageObject","inLanguage":"pt-BR","@id":"https:\/\/www.suno.com.br\/noticias\/#\/schema\/person\/image\/","url":"https:\/\/secure.gravatar.com\/avatar\/d866ede420b0a0e4741620ba27841b8f?s=96&r=g","contentUrl":"https:\/\/secure.gravatar.com\/avatar\/d866ede420b0a0e4741620ba27841b8f?s=96&r=g","caption":"Paulo Jaschke"},"description":"Paulo Jaschke \u00e9 estudante de jornalismo na ESPM-SP. Escreve sobre o mercado financeiro, economia e pol\u00edtica internacional para o portal da Suno Research. Tamb\u00e9m escreve sobre economia internacional na ag\u00eancia CMA e \u00e9 rep\u00f3rter esportivo pela Web r\u00e1dio EsportesNet. Em 2018, foi rep\u00f3rter esportivo pela R\u00e1dio ESPM na Copa do Mundo 2018 e escreveu para a Revista Plural ESPM.","sameAs":["https:\/\/www.suno.com.br\/","https:\/\/www.linkedin.com\/in\/paulo-jaschke-328221168\/"],"url":"https:\/\/www.suno.com.br\/noticias\/author\/paulo-jaschke\/"}]}},"default_loop_html":"<div class=\"cardsPage__listCard__boxs\"><div class=\"cardsPage__listCard__boxs__img\"><a href=\"https:\/\/www.suno.com.br\/noticias\/mudanca-de-ceos-empresas-globais\/\"><img class=\"mask\" src=\"https:\/\/www.suno.com.br\/noticias\/wp-content\/themes\/suno\/resources\/images\/spotlight\/spotlight1img\/bg-mask.png\" alt=\"Image Mask\"\/><img src=\"https:\/\/files.sunoresearch.com.br\/n\/uploads\/2018\/09\/5bcb42d6-elon-musk-400x200.webp\" alt=\"Dan\u00e7a das cadeiras: segunda-feira \u00e9 marcada por mudan\u00e7a de CEOs em empresas globais\"\/><\/a><span class=\"spotlightCategory\"><a href=\"https:\/\/www.suno.com.br\/noticias\/mercado\/\">Mercado<\/a><\/span><\/div><div class=\"cardsPage__listCard__boxs__content\"><a href=\"https:\/\/www.suno.com.br\/noticias\/mudanca-de-ceos-empresas-globais\/\"><h2 class=\"content__title\">Dan\u00e7a das cadeiras: segunda-feira \u00e9 marcada por mudan\u00e7a de CEOs em empresas globais<\/h2><\/a><div class=\"newsContent__article__meta\"><div class=\"newsContent__article__meta__authorBox\"><a href=\"https:\/\/www.suno.com.br\/noticias\/author\/paulo-jaschke\/\" class=\"authorBox__avatar noMobi\"><img src=\"https:\/\/secure.gravatar.com\/avatar\/d866ede420b0a0e4741620ba27841b8f?s=96&#038;r=g\" alt=\"Paulo Jaschke\"><\/a><div class=\"authorBox__name\"><span>por\n\t\t\t<a href=\"https:\/\/www.suno.com.br\/noticias\/author\/paulo-jaschke\/\"><span itemprop=\"author\">Paulo Jaschke<\/span><\/a><\/span><time datetime=\"2018-10-01T16:31:18-03:00\" itemprop=\"datePublished\">01\/10\/2018 16:31<\/time><\/div><\/div><\/div><\/div><\/div>","single_layout":"posts","amp_enabled":true,"_links":{"self":[{"href":"https:\/\/www.suno.com.br\/noticias\/wp-json\/wp\/v2\/posts\/4654"}],"collection":[{"href":"https:\/\/www.suno.com.br\/noticias\/wp-json\/wp\/v2\/posts"}],"about":[{"href":"https:\/\/www.suno.com.br\/noticias\/wp-json\/wp\/v2\/types\/post"}],"author":[{"embeddable":true,"href":"https:\/\/www.suno.com.br\/noticias\/wp-json\/wp\/v2\/users\/6"}],"replies":[{"embeddable":true,"href":"https:\/\/www.suno.com.br\/noticias\/wp-json\/wp\/v2\/comments?post=4654"}],"version-history":[{"count":0,"href":"https:\/\/www.suno.com.br\/noticias\/wp-json\/wp\/v2\/posts\/4654\/revisions"}],"wp:featuredmedia":[{"embeddable":true,"href":"https:\/\/www.suno.com.br\/noticias\/wp-json\/wp\/v2\/media\/4023"}],"wp:attachment":[{"href":"https:\/\/www.suno.com.br\/noticias\/wp-json\/wp\/v2\/media?parent=4654"}],"wp:term":[{"taxonomy":"category","embeddable":true,"href":"https:\/\/www.suno.com.br\/noticias\/wp-json\/wp\/v2\/categories?post=4654"},{"taxonomy":"post_tag","embeddable":true,"href":"https:\/\/www.suno.com.br\/noticias\/wp-json\/wp\/v2\/tags?post=4654"},{"taxonomy":"suno_strategy","embeddable":true,"href":"https:\/\/www.suno.com.br\/noticias\/wp-json\/wp\/v2\/suno_strategy?post=4654"}],"curies":[{"name":"wp","href":"https:\/\/api.w.org\/{rel}","templated":true}]}}