{"id":46525,"date":"2019-12-03T17:13:35","date_gmt":"2019-12-03T19:13:35","guid":{"rendered":"https:\/\/www.suno.com.br\/noticias\/?p=46525"},"modified":"2021-02-18T17:23:46","modified_gmt":"2021-02-18T20:23:46","slug":"bc-interromper-cortes-selic-dolar-chegar-450-itau","status":"publish","type":"post","link":"https:\/\/www.suno.com.br\/noticias\/bc-interromper-cortes-selic-dolar-chegar-450-itau\/","title":{"rendered":"BC poder\u00e1 interromper cortes na Selic se d\u00f3lar chegar a R$ 4,50, diz Ita\u00fa"},"content":{"rendered":"<p>O economista-chefe do Ita\u00fa Unibanco, <strong>Mario Mesquita<\/strong>, declarou, nesta ter\u00e7a-feira (3), que o <a href=\"https:\/\/www.suno.com.br\/artigos\/bacen\/\"><strong>Banco Central (BC)<\/strong><\/a> poder\u00e1 interromper o ciclo de cortes na <strong><a href=\"https:\/\/www.suno.com.br\/artigos\/taxa-selic\/\">taxa b\u00e1sica de juros (Selic)<\/a><\/strong> caso o <strong>d\u00f3lar<\/strong> chegue a R$ 4,50.<\/p>\t<div class=\"wrapper-featured-image\">\n\t\t<figure class=\"spotlightImg\">\n\n\t\t\t<picture>\n\t\t\t\t<source media=\"(max-width: 768px)\" srcset=\"https:\/\/files.sunoresearch.com.br\/n\/uploads\/2019\/12\/aeedafa1-mario-mesquita-400x200.webp\">\n\t\t\t\t<img loading=\"lazy\" decoding=\"async\" class=\"newsContent__article__imgCapa lazyloadDisabled newsContent__article__imgCapa--noCaption\" src=\"https:\/\/files.sunoresearch.com.br\/n\/uploads\/2019\/12\/aeedafa1-mario-mesquita-800x450.webp\" width=\"800\" height=\"450\" alt=\"BC poder\u00e1 interromper cortes na Selic se d\u00f3lar chegar a R$ 4,50, diz Ita\u00fa\" fetchpriority=high \/>\n\t\t\t<\/picture>\n\n\t\t\t<figcaption class=\"wp-caption-text wp-caption-text--hide\">BC poder\u00e1 interromper cortes na Selic se d\u00f3lar chegar a R$ 4,50, diz Ita\u00fa<\/figcaption>\n\t\t<\/figure>\n\t<\/div>\n\n\n\n<p>De acordo com o economista-chefe do <strong>Ita\u00fa<\/strong>, caso o d\u00f3lar n\u00e3o chegue a R$ 4,50, a taxa Selic dever\u00e1 passar por dois novos cortes de 0,25 p.p no in\u00edcio do ano que vem. Com isso, os juros ser\u00e3o de 4% ao ano, considerando que um novo corte ocorra neste ano.<\/p>\n<p>A expectativa do mercado \u00e9 que o <a href=\"https:\/\/www.suno.com.br\/artigos\/copom\/\"><strong>Comit\u00ea de Pol\u00edticas Monet\u00e1rias (Copom)<\/strong><\/a> realize um novo corte de 0,5 ponto percentual nos juros, para 4,5% ao ano, na pr\u00f3xima reuni\u00e3o, que acontecer\u00e1 nos dias 10 e 11 de dezembro. Atualmente, a <strong>Selic<\/strong> est\u00e1 em 5% ao ano.<\/p>\n<p>&#8220;N\u00e3o \u00e9 o cen\u00e1rio base que esperamos agora. Mas o n\u00edvel de R$ 4,50 inviabiliza corte de juros, \u00e9 o limite de toler\u00e2ncia&#8221;, afirmou Mesquita.<\/p>\n<p>O economista-chefe do banco apontou o megaleil\u00e3o da <strong>cess\u00e3o onerosa<\/strong> e as tens\u00f5es pol\u00edticas na<strong> Am\u00e9rica do Sul<\/strong> como fatores que contribu\u00edram para a <a href=\"https:\/\/www.suno.com.br\/artigos\/alta-do-dolar\/\">alta do d\u00f3lar<\/a> nas \u00faltimas semanas.<\/p>\n<h2>Estimativas do Ita\u00fa para o PIB<\/h2>\n<p>De acordo com Mesquita, a alta do <a href=\"https:\/\/www.suno.com.br\/artigos\/pib-produto-interno-bruto\/\"><strong>Produto Interno Bruto (PIB)<\/strong><\/a> no terceiro trimestre, de 0,6%, superou as expectativas do <strong>Ita\u00fa<\/strong>. O banco previa uma alta de 0,5% entre julho e setembro.<\/p>\n<p><a href=\"https:\/\/www.suno.com.br\/noticias\/selic-bolsonaro-taxa-deve-chegar-450-ao-ano\/\">Leia tamb\u00e9m: Selic: segundo Bolsonaro, taxa deve chegar a 4,50% ao ano\u00a0<\/a><\/p>\n<p>O avan\u00e7o da economia no terceiro trimestre fez com que a institui\u00e7\u00e3o financeira alterasse sua estimativa para o PIB deste ano. O banco, que previa crescimento de 1% na economia brasileira em 2019, agora estima alta de 1,2%.<\/p>\n<p>\u201cAo colocar esse n\u00famero na planilha, imediatamente a proje\u00e7\u00e3o para o aumento do PIB no ano passa para 1,2%. Fazia tempo que n\u00e3o pens\u00e1vamos em revisar para cima as proje\u00e7\u00f5es\u201d, disse Mesquita.<\/p>\n\t<p>\n\t\t<a href=\"https:\/\/www.suno.com.br\/asset\/fundos\/suno-acoes-xp-seg-prev\/\" target=\"_blank\" data-element=\"shortcode-suno-banner\" title=\"Banner SUNO, clique e saiba mais\">\n\t\t\t<picture>\n\t\t\t\t<source media=\"(max-width: 500px)\" srcset=\"https:\/\/files.sunoresearch.com.br\/n\/uploads\/2023\/10\/SUNOPREV-v2-400x300-Mobile-Artigos-3.png\">\n\t\t\t\t<img class=\"newsContent__article__imgCapa newsContent__article__imgCapa--banner\"\n\t\t\t\t\tsrc=\"https:\/\/files.sunoresearch.com.br\/n\/uploads\/2023\/10\/SUNOPREV-v2-1420x240-Banner-Artigos-1-_-Banner-Materias-1.png\"\n\t\t\t\t\tdata-promo-id=\"476311\"\t\t\t\t\t\t\t\t\t\twidth='1420' height='240'\t\t\t\t\talt=\"https:\/\/files.sunoresearch.com.br\/n\/uploads\/2023\/10\/SUNOPREV-v2-1420x240-Banner-Artigos-1-_-Banner-Materias-1.png\"\n\t\t\t\t>\n\t\t\t<\/picture>\n\t\t<\/a>\n\t<\/p>\n\n\n<p>Segundo o economista-chefe, o <strong>Ita\u00fa<\/strong> prev\u00ea que o PIB avance 2,2% em 2020. No entanto, Mesquita ressaltou que a economia deve terminar o ano em um ritmo de 3%.<\/p>\n","protected":false},"excerpt":{"rendered":"<p>O economista-chefe do Ita\u00fa Unibanco, Mario Mesquita, declarou, nesta ter\u00e7a-feira (3), que o Banco Central (BC) poder\u00e1 interromper o ciclo de cortes na taxa b\u00e1sica de juros (Selic) caso o d\u00f3lar chegue a R$ 4,50. BC poder\u00e1 interromper cortes na Selic se d\u00f3lar chegar a R$ 4,50, diz Ita\u00fa De acordo com o economista-chefe do [&hellip;]<\/p>\n","protected":false},"author":18,"featured_media":46532,"comment_status":"closed","ping_status":"closed","sticky":false,"template":"","format":"standard","meta":[],"categories":[62],"tags":[519,807,290],"suno_strategy":[],"class_list":["post-46525","post","type-post","status-publish","format-standard","has-post-thumbnail","hentry","category-economia","tag-itau-unibanco-itub3-itub4","tag-produto-interno-bruto-pib","tag-taxa-selic"],"yoast_head":"<!-- This site is optimized with the Yoast SEO plugin v24.4 - https:\/\/yoast.com\/wordpress\/plugins\/seo\/ -->\n<title>BC poder\u00e1 interromper cortes na Selic se d\u00f3lar chegar a R$ 4,50, diz Ita\u00fa<\/title>\n<meta name=\"description\" content=\"Mario Mesquita, do Ita\u00fa Unibanco, disse que o BC poder\u00e1 interromper os cortes na Selic se o d\u00f3lar chegar a R$ 4,50. Clique para saber mais.\" \/>\n<meta name=\"robots\" content=\"index, follow, max-snippet:-1, max-image-preview:large, max-video-preview:-1\" \/>\n<link rel=\"canonical\" href=\"https:\/\/www.suno.com.br\/noticias\/bc-interromper-cortes-selic-dolar-chegar-450-itau\/\" \/>\n<meta property=\"og:locale\" content=\"pt_BR\" \/>\n<meta property=\"og:type\" content=\"article\" \/>\n<meta property=\"og:title\" content=\"BC poder\u00e1 interromper cortes na Selic se d\u00f3lar chegar a R$ 4,50, diz Ita\u00fa\" \/>\n<meta property=\"og:description\" content=\"Mario Mesquita, do Ita\u00fa Unibanco, disse que o BC poder\u00e1 interromper os cortes na Selic se o d\u00f3lar chegar a R$ 4,50. Clique para saber mais.\" \/>\n<meta property=\"og:url\" content=\"https:\/\/www.suno.com.br\/noticias\/bc-interromper-cortes-selic-dolar-chegar-450-itau\/\" \/>\n<meta property=\"og:site_name\" content=\"Suno Not\u00edcias\" \/>\n<meta property=\"article:publisher\" content=\"https:\/\/facebook.com\/sunoresearch\" \/>\n<meta property=\"og:image\" content=\"https:\/\/files.sunoresearch.com.br\/n\/uploads\/2019\/12\/aeedafa1-mario-mesquita.jpg\" \/>\n\t<meta property=\"og:image:width\" content=\"1500\" \/>\n\t<meta property=\"og:image:height\" content=\"749\" \/>\n\t<meta property=\"og:image:type\" content=\"image\/jpeg\" \/>\n<meta name=\"author\" content=\"Giovanna Oliveira\" \/>\n<meta name=\"twitter:card\" content=\"summary_large_image\" \/>\n<meta name=\"twitter:creator\" content=\"@sunoresearch\" \/>\n<meta name=\"twitter:site\" content=\"@sunoresearch\" \/>\n<meta name=\"twitter:label1\" content=\"Escrito por\" \/>\n\t<meta name=\"twitter:data1\" content=\"Giovanna Oliveira\" \/>\n\t<meta name=\"twitter:label2\" content=\"Est. tempo de leitura\" \/>\n\t<meta name=\"twitter:data2\" content=\"2 minutos\" \/>\n<script type=\"application\/ld+json\" class=\"yoast-schema-graph\">{\"@context\":\"https:\/\/schema.org\",\"@graph\":[{\"@type\":\"NewsArticle\",\"@id\":\"https:\/\/www.suno.com.br\/noticias\/bc-interromper-cortes-selic-dolar-chegar-450-itau\/#article\",\"isPartOf\":{\"@id\":\"https:\/\/www.suno.com.br\/noticias\/bc-interromper-cortes-selic-dolar-chegar-450-itau\/\"},\"author\":{\"name\":\"Giovanna Oliveira\",\"@id\":\"https:\/\/www.suno.com.br\/noticias\/#\/schema\/person\/4e19e3d2575736e5283d58eb3199d120\"},\"headline\":\"BC poder\u00e1 interromper cortes na Selic se d\u00f3lar chegar a R$ 4,50, diz Ita\u00fa\",\"datePublished\":\"2019-12-03T19:13:35+00:00\",\"dateModified\":\"2021-02-18T20:23:46+00:00\",\"mainEntityOfPage\":{\"@id\":\"https:\/\/www.suno.com.br\/noticias\/bc-interromper-cortes-selic-dolar-chegar-450-itau\/\"},\"wordCount\":361,\"publisher\":{\"@id\":\"https:\/\/www.suno.com.br\/noticias\/#organization\"},\"image\":{\"@id\":\"https:\/\/www.suno.com.br\/noticias\/bc-interromper-cortes-selic-dolar-chegar-450-itau\/#primaryimage\"},\"thumbnailUrl\":\"https:\/\/files.sunoresearch.com.br\/n\/uploads\/2019\/12\/aeedafa1-mario-mesquita-jpg.webp\",\"keywords\":[\"Ita\u00fa Unibanco (ITUB3\/ITUB4)\",\"Produto Interno Bruto (PIB)\",\"Taxa Selic\"],\"articleSection\":[\"Economia\"],\"inLanguage\":\"pt-BR\"},{\"@type\":\"WebPage\",\"@id\":\"https:\/\/www.suno.com.br\/noticias\/bc-interromper-cortes-selic-dolar-chegar-450-itau\/\",\"url\":\"https:\/\/www.suno.com.br\/noticias\/bc-interromper-cortes-selic-dolar-chegar-450-itau\/\",\"name\":\"BC poder\u00e1 interromper cortes na Selic se d\u00f3lar chegar a R$ 4,50, diz Ita\u00fa\",\"isPartOf\":{\"@id\":\"https:\/\/www.suno.com.br\/noticias\/#website\"},\"primaryImageOfPage\":{\"@id\":\"https:\/\/www.suno.com.br\/noticias\/bc-interromper-cortes-selic-dolar-chegar-450-itau\/#primaryimage\"},\"image\":{\"@id\":\"https:\/\/www.suno.com.br\/noticias\/bc-interromper-cortes-selic-dolar-chegar-450-itau\/#primaryimage\"},\"thumbnailUrl\":\"https:\/\/files.sunoresearch.com.br\/n\/uploads\/2019\/12\/aeedafa1-mario-mesquita-jpg.webp\",\"datePublished\":\"2019-12-03T19:13:35+00:00\",\"dateModified\":\"2021-02-18T20:23:46+00:00\",\"description\":\"Mario Mesquita, do Ita\u00fa Unibanco, disse que o BC poder\u00e1 interromper os cortes na Selic se o d\u00f3lar chegar a R$ 4,50. Clique para saber mais.\",\"breadcrumb\":{\"@id\":\"https:\/\/www.suno.com.br\/noticias\/bc-interromper-cortes-selic-dolar-chegar-450-itau\/#breadcrumb\"},\"inLanguage\":\"pt-BR\",\"potentialAction\":[{\"@type\":\"ReadAction\",\"target\":[\"https:\/\/www.suno.com.br\/noticias\/bc-interromper-cortes-selic-dolar-chegar-450-itau\/\"]}]},{\"@type\":\"ImageObject\",\"inLanguage\":\"pt-BR\",\"@id\":\"https:\/\/www.suno.com.br\/noticias\/bc-interromper-cortes-selic-dolar-chegar-450-itau\/#primaryimage\",\"url\":\"https:\/\/files.sunoresearch.com.br\/n\/uploads\/2019\/12\/aeedafa1-mario-mesquita-jpg.webp\",\"contentUrl\":\"https:\/\/files.sunoresearch.com.br\/n\/uploads\/2019\/12\/aeedafa1-mario-mesquita-jpg.webp\",\"width\":1500,\"height\":749,\"caption\":\"BC poder\u00e1 interromper cortes na Selic se d\u00f3lar chegar a R$ 4,50, diz Ita\u00fa\"},{\"@type\":\"BreadcrumbList\",\"@id\":\"https:\/\/www.suno.com.br\/noticias\/bc-interromper-cortes-selic-dolar-chegar-450-itau\/#breadcrumb\",\"itemListElement\":[{\"@type\":\"ListItem\",\"position\":1,\"name\":\"Not\u00edcias\",\"item\":\"https:\/\/www.suno.com.br\/noticias\/\"},{\"@type\":\"ListItem\",\"position\":2,\"name\":\"Economia\",\"item\":\"https:\/\/www.suno.com.br\/noticias\/economia\/\"},{\"@type\":\"ListItem\",\"position\":3,\"name\":\"BC poder\u00e1 interromper cortes na Selic se d\u00f3lar chegar a R$ 4,50, diz Ita\u00fa\"}]},{\"@type\":\"WebSite\",\"@id\":\"https:\/\/www.suno.com.br\/noticias\/#website\",\"url\":\"https:\/\/www.suno.com.br\/noticias\/\",\"name\":\"Suno Not\u00edcias\",\"description\":\"Seu portal de informa\u00e7\u00e3o sobre o mundo dos investimentos\",\"publisher\":{\"@id\":\"https:\/\/www.suno.com.br\/noticias\/#organization\"},\"potentialAction\":[{\"@type\":\"SearchAction\",\"target\":{\"@type\":\"EntryPoint\",\"urlTemplate\":\"https:\/\/www.suno.com.br\/noticias\/?s={search_term_string}\"},\"query-input\":{\"@type\":\"PropertyValueSpecification\",\"valueRequired\":true,\"valueName\":\"search_term_string\"}}],\"inLanguage\":\"pt-BR\"},{\"@type\":\"Organization\",\"@id\":\"https:\/\/www.suno.com.br\/noticias\/#organization\",\"name\":\"Suno Not\u00edcias\",\"url\":\"https:\/\/www.suno.com.br\/noticias\/\",\"logo\":{\"@type\":\"ImageObject\",\"inLanguage\":\"pt-BR\",\"@id\":\"https:\/\/www.suno.com.br\/noticias\/#\/schema\/logo\/image\/\",\"url\":\"https:\/\/files.sunoresearch.com.br\/n\/uploads\/2021\/09\/suno-logo.png\",\"contentUrl\":\"https:\/\/files.sunoresearch.com.br\/n\/uploads\/2021\/09\/suno-logo.png\",\"width\":180,\"height\":180,\"caption\":\"Suno Not\u00edcias\"},\"image\":{\"@id\":\"https:\/\/www.suno.com.br\/noticias\/#\/schema\/logo\/image\/\"},\"sameAs\":[\"https:\/\/facebook.com\/sunoresearch\",\"https:\/\/x.com\/sunoresearch\",\"https:\/\/www.instagram.com\/suno\",\"https:\/\/www.linkedin.com\/company\/suno-research\/\",\"https:\/\/www.youtube.com\/c\/sunoresearch\"]},{\"@type\":\"Person\",\"@id\":\"https:\/\/www.suno.com.br\/noticias\/#\/schema\/person\/4e19e3d2575736e5283d58eb3199d120\",\"name\":\"Giovanna Oliveira\",\"image\":{\"@type\":\"ImageObject\",\"inLanguage\":\"pt-BR\",\"@id\":\"https:\/\/www.suno.com.br\/noticias\/#\/schema\/person\/image\/\",\"url\":\"https:\/\/secure.gravatar.com\/avatar\/9a37b3ae208962ac568992d0ffdbc2eb?s=96&r=g\",\"contentUrl\":\"https:\/\/secure.gravatar.com\/avatar\/9a37b3ae208962ac568992d0ffdbc2eb?s=96&r=g\",\"caption\":\"Giovanna Oliveira\"},\"description\":\"Giovanna Oliveira escreve sobre economia e pol\u00edtica. Foi rep\u00f3rter do portal de jornalismo da ESPM-SP e produziu conte\u00fado para a Corinthians TV. \u00c9 estudante da ESPM.\",\"url\":\"https:\/\/www.suno.com.br\/noticias\/author\/giovanna\/\"}]}<\/script>\n<!-- \/ Yoast SEO plugin. -->","yoast_head_json":{"title":"BC poder\u00e1 interromper cortes na Selic se d\u00f3lar chegar a R$ 4,50, diz Ita\u00fa","description":"Mario Mesquita, do Ita\u00fa Unibanco, disse que o BC poder\u00e1 interromper os cortes na Selic se o d\u00f3lar chegar a R$ 4,50. Clique para saber mais.","robots":{"index":"index","follow":"follow","max-snippet":"max-snippet:-1","max-image-preview":"max-image-preview:large","max-video-preview":"max-video-preview:-1"},"canonical":"https:\/\/www.suno.com.br\/noticias\/bc-interromper-cortes-selic-dolar-chegar-450-itau\/","og_locale":"pt_BR","og_type":"article","og_title":"BC poder\u00e1 interromper cortes na Selic se d\u00f3lar chegar a R$ 4,50, diz Ita\u00fa","og_description":"Mario Mesquita, do Ita\u00fa Unibanco, disse que o BC poder\u00e1 interromper os cortes na Selic se o d\u00f3lar chegar a R$ 4,50. Clique para saber mais.","og_url":"https:\/\/www.suno.com.br\/noticias\/bc-interromper-cortes-selic-dolar-chegar-450-itau\/","og_site_name":"Suno Not\u00edcias","article_publisher":"https:\/\/facebook.com\/sunoresearch","og_image":[{"width":1500,"height":749,"url":"https:\/\/files.sunoresearch.com.br\/n\/uploads\/2019\/12\/aeedafa1-mario-mesquita.jpg","type":"image\/jpeg"}],"author":"Giovanna Oliveira","twitter_card":"summary_large_image","twitter_creator":"@sunoresearch","twitter_site":"@sunoresearch","twitter_misc":{"Escrito por":"Giovanna Oliveira","Est. tempo de leitura":"2 minutos"},"schema":{"@context":"https:\/\/schema.org","@graph":[{"@type":"NewsArticle","@id":"https:\/\/www.suno.com.br\/noticias\/bc-interromper-cortes-selic-dolar-chegar-450-itau\/#article","isPartOf":{"@id":"https:\/\/www.suno.com.br\/noticias\/bc-interromper-cortes-selic-dolar-chegar-450-itau\/"},"author":{"name":"Giovanna Oliveira","@id":"https:\/\/www.suno.com.br\/noticias\/#\/schema\/person\/4e19e3d2575736e5283d58eb3199d120"},"headline":"BC poder\u00e1 interromper cortes na Selic se d\u00f3lar chegar a R$ 4,50, diz Ita\u00fa","datePublished":"2019-12-03T19:13:35+00:00","dateModified":"2021-02-18T20:23:46+00:00","mainEntityOfPage":{"@id":"https:\/\/www.suno.com.br\/noticias\/bc-interromper-cortes-selic-dolar-chegar-450-itau\/"},"wordCount":361,"publisher":{"@id":"https:\/\/www.suno.com.br\/noticias\/#organization"},"image":{"@id":"https:\/\/www.suno.com.br\/noticias\/bc-interromper-cortes-selic-dolar-chegar-450-itau\/#primaryimage"},"thumbnailUrl":"https:\/\/files.sunoresearch.com.br\/n\/uploads\/2019\/12\/aeedafa1-mario-mesquita-jpg.webp","keywords":["Ita\u00fa Unibanco (ITUB3\/ITUB4)","Produto Interno Bruto (PIB)","Taxa Selic"],"articleSection":["Economia"],"inLanguage":"pt-BR"},{"@type":"WebPage","@id":"https:\/\/www.suno.com.br\/noticias\/bc-interromper-cortes-selic-dolar-chegar-450-itau\/","url":"https:\/\/www.suno.com.br\/noticias\/bc-interromper-cortes-selic-dolar-chegar-450-itau\/","name":"BC poder\u00e1 interromper cortes na Selic se d\u00f3lar chegar a R$ 4,50, diz Ita\u00fa","isPartOf":{"@id":"https:\/\/www.suno.com.br\/noticias\/#website"},"primaryImageOfPage":{"@id":"https:\/\/www.suno.com.br\/noticias\/bc-interromper-cortes-selic-dolar-chegar-450-itau\/#primaryimage"},"image":{"@id":"https:\/\/www.suno.com.br\/noticias\/bc-interromper-cortes-selic-dolar-chegar-450-itau\/#primaryimage"},"thumbnailUrl":"https:\/\/files.sunoresearch.com.br\/n\/uploads\/2019\/12\/aeedafa1-mario-mesquita-jpg.webp","datePublished":"2019-12-03T19:13:35+00:00","dateModified":"2021-02-18T20:23:46+00:00","description":"Mario Mesquita, do Ita\u00fa Unibanco, disse que o BC poder\u00e1 interromper os cortes na Selic se o d\u00f3lar chegar a R$ 4,50. Clique para saber mais.","breadcrumb":{"@id":"https:\/\/www.suno.com.br\/noticias\/bc-interromper-cortes-selic-dolar-chegar-450-itau\/#breadcrumb"},"inLanguage":"pt-BR","potentialAction":[{"@type":"ReadAction","target":["https:\/\/www.suno.com.br\/noticias\/bc-interromper-cortes-selic-dolar-chegar-450-itau\/"]}]},{"@type":"ImageObject","inLanguage":"pt-BR","@id":"https:\/\/www.suno.com.br\/noticias\/bc-interromper-cortes-selic-dolar-chegar-450-itau\/#primaryimage","url":"https:\/\/files.sunoresearch.com.br\/n\/uploads\/2019\/12\/aeedafa1-mario-mesquita-jpg.webp","contentUrl":"https:\/\/files.sunoresearch.com.br\/n\/uploads\/2019\/12\/aeedafa1-mario-mesquita-jpg.webp","width":1500,"height":749,"caption":"BC poder\u00e1 interromper cortes na Selic se d\u00f3lar chegar a R$ 4,50, diz Ita\u00fa"},{"@type":"BreadcrumbList","@id":"https:\/\/www.suno.com.br\/noticias\/bc-interromper-cortes-selic-dolar-chegar-450-itau\/#breadcrumb","itemListElement":[{"@type":"ListItem","position":1,"name":"Not\u00edcias","item":"https:\/\/www.suno.com.br\/noticias\/"},{"@type":"ListItem","position":2,"name":"Economia","item":"https:\/\/www.suno.com.br\/noticias\/economia\/"},{"@type":"ListItem","position":3,"name":"BC poder\u00e1 interromper cortes na Selic se d\u00f3lar chegar a R$ 4,50, diz Ita\u00fa"}]},{"@type":"WebSite","@id":"https:\/\/www.suno.com.br\/noticias\/#website","url":"https:\/\/www.suno.com.br\/noticias\/","name":"Suno Not\u00edcias","description":"Seu portal de informa\u00e7\u00e3o sobre o mundo dos investimentos","publisher":{"@id":"https:\/\/www.suno.com.br\/noticias\/#organization"},"potentialAction":[{"@type":"SearchAction","target":{"@type":"EntryPoint","urlTemplate":"https:\/\/www.suno.com.br\/noticias\/?s={search_term_string}"},"query-input":{"@type":"PropertyValueSpecification","valueRequired":true,"valueName":"search_term_string"}}],"inLanguage":"pt-BR"},{"@type":"Organization","@id":"https:\/\/www.suno.com.br\/noticias\/#organization","name":"Suno Not\u00edcias","url":"https:\/\/www.suno.com.br\/noticias\/","logo":{"@type":"ImageObject","inLanguage":"pt-BR","@id":"https:\/\/www.suno.com.br\/noticias\/#\/schema\/logo\/image\/","url":"https:\/\/files.sunoresearch.com.br\/n\/uploads\/2021\/09\/suno-logo.png","contentUrl":"https:\/\/files.sunoresearch.com.br\/n\/uploads\/2021\/09\/suno-logo.png","width":180,"height":180,"caption":"Suno Not\u00edcias"},"image":{"@id":"https:\/\/www.suno.com.br\/noticias\/#\/schema\/logo\/image\/"},"sameAs":["https:\/\/facebook.com\/sunoresearch","https:\/\/x.com\/sunoresearch","https:\/\/www.instagram.com\/suno","https:\/\/www.linkedin.com\/company\/suno-research\/","https:\/\/www.youtube.com\/c\/sunoresearch"]},{"@type":"Person","@id":"https:\/\/www.suno.com.br\/noticias\/#\/schema\/person\/4e19e3d2575736e5283d58eb3199d120","name":"Giovanna Oliveira","image":{"@type":"ImageObject","inLanguage":"pt-BR","@id":"https:\/\/www.suno.com.br\/noticias\/#\/schema\/person\/image\/","url":"https:\/\/secure.gravatar.com\/avatar\/9a37b3ae208962ac568992d0ffdbc2eb?s=96&r=g","contentUrl":"https:\/\/secure.gravatar.com\/avatar\/9a37b3ae208962ac568992d0ffdbc2eb?s=96&r=g","caption":"Giovanna Oliveira"},"description":"Giovanna Oliveira escreve sobre economia e pol\u00edtica. Foi rep\u00f3rter do portal de jornalismo da ESPM-SP e produziu conte\u00fado para a Corinthians TV. \u00c9 estudante da ESPM.","url":"https:\/\/www.suno.com.br\/noticias\/author\/giovanna\/"}]}},"default_loop_html":"<div class=\"cardsPage__listCard__boxs\"><div class=\"cardsPage__listCard__boxs__img\"><a href=\"https:\/\/www.suno.com.br\/noticias\/bc-interromper-cortes-selic-dolar-chegar-450-itau\/\"><img class=\"mask\" src=\"https:\/\/www.suno.com.br\/noticias\/wp-content\/themes\/suno\/resources\/images\/spotlight\/spotlight1img\/bg-mask.png\" alt=\"Image Mask\"\/><img src=\"https:\/\/files.sunoresearch.com.br\/n\/uploads\/2019\/12\/aeedafa1-mario-mesquita-400x200.webp\" alt=\"BC poder\u00e1 interromper cortes na Selic se d\u00f3lar chegar a R$ 4,50, diz Ita\u00fa\"\/><\/a><span class=\"spotlightCategory\"><a href=\"https:\/\/www.suno.com.br\/noticias\/economia\/\">Economia<\/a><\/span><\/div><div class=\"cardsPage__listCard__boxs__content\"><a href=\"https:\/\/www.suno.com.br\/noticias\/bc-interromper-cortes-selic-dolar-chegar-450-itau\/\"><h2 class=\"content__title\">BC poder\u00e1 interromper cortes na Selic se d\u00f3lar chegar a R$ 4,50, diz Ita\u00fa<\/h2><\/a><div class=\"newsContent__article__meta\"><div class=\"newsContent__article__meta__authorBox\"><a href=\"https:\/\/www.suno.com.br\/noticias\/author\/giovanna\/\" class=\"authorBox__avatar noMobi\"><img src=\"https:\/\/files.sunoresearch.com.br\/n\/uploads\/2019\/06\/952a89ca-screenshot_20190608-171507-150x150.webp\" alt=\"Giovanna Oliveira\"><\/a><div class=\"authorBox__name\"><span>por\n\t\t\t<a href=\"https:\/\/www.suno.com.br\/noticias\/author\/giovanna\/\"><span itemprop=\"author\">Giovanna Oliveira<\/span><\/a><\/span><time datetime=\"2019-12-03T17:13:35-03:00\" itemprop=\"datePublished\">03\/12\/2019 17:13<\/time><\/div><\/div><\/div><\/div><\/div>","single_layout":"posts","amp_enabled":true,"_links":{"self":[{"href":"https:\/\/www.suno.com.br\/noticias\/wp-json\/wp\/v2\/posts\/46525"}],"collection":[{"href":"https:\/\/www.suno.com.br\/noticias\/wp-json\/wp\/v2\/posts"}],"about":[{"href":"https:\/\/www.suno.com.br\/noticias\/wp-json\/wp\/v2\/types\/post"}],"author":[{"embeddable":true,"href":"https:\/\/www.suno.com.br\/noticias\/wp-json\/wp\/v2\/users\/18"}],"replies":[{"embeddable":true,"href":"https:\/\/www.suno.com.br\/noticias\/wp-json\/wp\/v2\/comments?post=46525"}],"version-history":[{"count":0,"href":"https:\/\/www.suno.com.br\/noticias\/wp-json\/wp\/v2\/posts\/46525\/revisions"}],"wp:featuredmedia":[{"embeddable":true,"href":"https:\/\/www.suno.com.br\/noticias\/wp-json\/wp\/v2\/media\/46532"}],"wp:attachment":[{"href":"https:\/\/www.suno.com.br\/noticias\/wp-json\/wp\/v2\/media?parent=46525"}],"wp:term":[{"taxonomy":"category","embeddable":true,"href":"https:\/\/www.suno.com.br\/noticias\/wp-json\/wp\/v2\/categories?post=46525"},{"taxonomy":"post_tag","embeddable":true,"href":"https:\/\/www.suno.com.br\/noticias\/wp-json\/wp\/v2\/tags?post=46525"},{"taxonomy":"suno_strategy","embeddable":true,"href":"https:\/\/www.suno.com.br\/noticias\/wp-json\/wp\/v2\/suno_strategy?post=46525"}],"curies":[{"name":"wp","href":"https:\/\/api.w.org\/{rel}","templated":true}]}}