{"id":465225,"date":"2023-10-03T07:56:24","date_gmt":"2023-10-03T10:56:24","guid":{"rendered":"https:\/\/www.suno.com.br\/noticias\/?p=465225"},"modified":"2023-10-03T07:57:17","modified_gmt":"2023-10-03T10:57:17","slug":"petrobras-petr4-lula-precos-prates-gpj","status":"publish","type":"post","link":"https:\/\/www.suno.com.br\/noticias\/petrobras-petr4-lula-precos-prates-gpj\/","title":{"rendered":"Petrobras (PETR4): Lula jamais prometeu que pre\u00e7os nunca mais subiriam, diz Prates"},"content":{"rendered":"<p>O presidente da <a href=\"https:\/\/www.suno.com.br\/acoes\/petr4\/\"><strong>Petrobras\u00a0<\/strong>(PETR4)<\/a>, Jean Paul Prates, disse que o presidente da Rep\u00fablica, Luiz In\u00e1cio Lula da Silva, nunca prometeu que os pre\u00e7os dos combust\u00edveis n\u00e3o subiriam mais e que o Pa\u00eds deixaria de lado refer\u00eancias internacionais ao &#8220;abrasileirar&#8221; as tarifas, termo cunhado por Lula.<\/p>\t<div class=\"wrapper-featured-image\">\n\t\t<figure class=\"spotlightImg\">\n\n\t\t\t<picture>\n\t\t\t\t<source media=\"(max-width: 768px)\" srcset=\"https:\/\/files.sunoresearch.com.br\/n\/uploads\/2023\/03\/coletiva_presidente_petrobras_jeanpaulprates_8_-_02-03-2023-400x200.jpg\">\n\t\t\t\t<img loading=\"lazy\" decoding=\"async\" class=\"newsContent__article__imgCapa lazyloadDisabled \" src=\"https:\/\/files.sunoresearch.com.br\/n\/uploads\/2023\/03\/coletiva_presidente_petrobras_jeanpaulprates_8_-_02-03-2023-800x450.jpg\" width=\"800\" height=\"450\" alt=\"Petrobras (PETR4): Lula jamais prometeu que pre\u00e7os nunca mais subiriam, diz Prates\" fetchpriority=high \/>\n\t\t\t<\/picture>\n\n\t\t\t<figcaption class=\"wp-caption-text wp-caption-text--show\">Jean Paul Prates, CEO da Petrobras (PETR4). Foto: Divulga\u00e7\u00e3o\/Ag\u00eancia Petrobras<\/figcaption>\n\t\t<\/figure>\n\t<\/div>\n\n\n\n\n\n\n\n\t<p>\n\t\t<a href=\"\" target=\"_blank\" data-element=\"shortcode-suno-banner\" title=\"Banner SUNO, clique e saiba mais\">\n\t\t\t<picture>\n\t\t\t\t<source media=\"(max-width: 500px)\" srcset=\"\">\n\t\t\t\t<img class=\"newsContent__article__imgCapa newsContent__article__imgCapa--banner\"\n\t\t\t\t\tsrc=\"\"\n\t\t\t\t\tdata-promo-id=\"254218\"\t\t\t\t\t\t\t\t\t\t\t\t\t\t\talt=\"\"\n\t\t\t\t>\n\t\t\t<\/picture>\n\t\t<\/a>\n\t<\/p>\n\n\n\n\n\n<p>&#8220;[<i>O <strong>presidente Lula<\/strong><\/i>] jamais prometeu que o pre\u00e7o nunca mais subiria, [<i>como se dissesse:<\/i>] &#8216;Vou me eleger e nunca mais vou subir o pre\u00e7o do combust\u00edvel'&#8221;, afirmou Prates em entrevista ao programa <i>Roda Viva<\/i>, da TV Cultura, na segunda-feira (2). &#8220;Tamb\u00e9m n\u00e3o houve desgarramento [<i>dos pre\u00e7os internacionais<\/i>]. [<i>O presidente<\/i>] Nunca disse [<i>que<\/i>] n\u00f3s vamos descolar completamente da refer\u00eancia internacional&#8221;, emendou o presidente da estatal. &#8220;Isso seria uma temeridade, porque n\u00f3s n\u00e3o s\u00f3 importamos ainda parte dos produtos, como estamos inseridos na comunidade internacional.&#8221;<\/p>\n\n\n\n<p>Prates reiterou que a estatal tem total independ\u00eancia na defini\u00e7\u00e3o dos <strong>pre\u00e7os dos combust\u00edveis<\/strong>. &#8220;O governo n\u00e3o manda a gente subir, nem descer, nem segurar, nada disso&#8221;, afirmou.<\/p>\n\n\n\n<p>O <strong>presidente da petroleira<\/strong> tamb\u00e9m voltou a criticar a <strong>pol\u00edtica de pre\u00e7o de paridade de importa\u00e7\u00e3o (PPI)<\/strong>, adotada na gest\u00e3o de <a href=\"https:\/\/www.suno.com.br\/tudo-sobre\/pedro-parente\/\">Pedro Parente<\/a>, em 2017, e classificada por Prates como &#8220;nefasta&#8221;.<\/p>\n\n\n\n<p>O tema tamb\u00e9m \u00e9 alvo de cr\u00edticas do presidente Lula e de outros membros do governo desde a campanha eleitoral.<\/p>\n\n\n\n<p>&#8220;Aquilo era irreal, era aplicar o pre\u00e7o do pior concorrente do mercado e garantir a ele suas inefici\u00eancias. Ali a Petrobras perdeu <i>market share<\/i>, ali a Petrobras n\u00e3o reagiu \u00e0quela imposi\u00e7\u00e3o, que era um absurdo&#8221;, defendeu Prates.<\/p>\n\n\n\n<h2 class=\"wp-block-heading\">Recompra de refinarias<\/h2>\n\n\n\n<p>O presidente da Petrobras afirmou concordar com o entendimento do <strong>ministro de Minas e Energia, Alexandre Silveira<\/strong>, sobre a necessidade de recompra de refinarias. O executivo mencionou haver uma an\u00e1lise em curso para a recupera\u00e7\u00e3o da capacidade de refino da estatal, sem dar detalhes sobre o tema.<\/p>\n\n\n\n<p>&#8220;Eu concordo politicamente com as falas do ministro de Minas e Energia sobre recomprar refinarias. A an\u00e1lise est\u00e1 em curso, mas n\u00e3o podemos falar publicamente&#8221;, afirmou.<\/p>\n\n\n\n<p>Questionado sobre a estatal estar realizando pr\u00e1ticas predat\u00f3rias de mercado, vendendo petr\u00f3leo com pre\u00e7os diferentes entre as refinarias pr\u00f3prias e unidades privadas, o executivo acrescentou que a Petrobras tem o direito de fazer a <a href=\"https:\/\/www.suno.com.br\/artigos\/integracao-vertical\/\">integra\u00e7\u00e3o vertical<\/a> de seus neg\u00f3cios.<\/p>\n\n\n\n<p>Prates acrescentou ainda que estuda, dentro do mercado de refino, a expans\u00e3o da capacidade de produ\u00e7\u00e3o de biocombust\u00edveis, destacando o plano de investimentos realizado pela Acelen, empresa criada pelo <strong>Mubadala Capital<\/strong>.<\/p>\n\n\n\n<p>&#8220;Uma parceria com a refinaria da Bahia (Acelen) nos parece uma aproxima\u00e7\u00e3o v\u00e1lida. Temos um projeto grande sobre biocombust\u00edveis, onde a Petrobras tem terras na regi\u00e3o&#8221;, afirmou Prates.<\/p>\n\n\n\n\t<div data-element=\"shortcode-read-more\" class=\"readToo\">\n\t\t\t\t<span class=\"readToo__title\">Leia mais<\/span>\n\t\t\t\t<ul class=\"readToo__list\">\n\t\t\t<li><a href=\"https:\/\/www.suno.com.br\/noticias\/acoes-mais-subiram-setembro-petr3-cmin3-jvj\/\">Petrobras (PETR3) dispara 9,7%; veja as a\u00e7\u00f5es que mais subiram em setembro<\/a><\/li><li><a href=\"https:\/\/www.suno.com.br\/noticias\/ibama-licenca-petrobras-petr4-petroleo-blocos-margem-equatorial-jvj\/\">Petrobras (PETR4) recebe aval do Ibama e poder\u00e1 buscar petr\u00f3leo em dois blocos; Veja quando vai come\u00e7ar<\/a><\/li><li><a href=\"https:\/\/www.suno.com.br\/noticias\/ministro-petrobras-petr4-recomprar-refinarias-privatizadas-evm\/\">Ministro quer que Petrobras (PETR4) recompre refinarias privatizadas<\/a><\/li>\t\t<\/ul>\n\t<\/div>\n\n\n\n\n<h2 class=\"wp-block-heading\">Braskem<\/h2>\n\n\n\n<p>Ele afirmou ainda que a estatal tem interesse em manter a sua posi\u00e7\u00e3o acion\u00e1ria na Braskem. De acordo com o executivo, a expectativa \u00e9 que ocorra uma defini\u00e7\u00e3o em rela\u00e7\u00e3o \u00e0 venda da petroqu\u00edmica at\u00e9, no m\u00e1ximo, janeiro.<\/p>\n\n\n\n<p>Questionado sobre a possibilidade da petroleira dos Emirados \u00c1rabes Unidos<strong> Adnoc <\/strong>comprar a Braskem, o executivo afirmou haver uma tend\u00eancia global de empresas de explora\u00e7\u00e3o e produ\u00e7\u00e3o em comprar companhias do setor petroqu\u00edmico.<\/p>\n\n\n\n<p>&#8220;A Adnoc \u00e9 uma empresa integrada. Ela \u00e9 petroleira e tamb\u00e9m petroqu\u00edmica. A tend\u00eancia global est\u00e1 no sentido desses neg\u00f3cios se reacoplarem&#8221;, afirmou o presidente da Petrobras.<\/p>\n\n\n\t<p>\n\t\t<a href=\"https:\/\/lp.suno.com.br\/ebook-como-analisar-uma-acao\/\" target=\"_blank\" data-element=\"shortcode-suno-banner\" title=\"Banner SUNO, clique e saiba mais\">\n\t\t\t<picture>\n\t\t\t\t<source media=\"(max-width: 500px)\" srcset=\"https:\/\/files.sunoresearch.com.br\/n\/uploads\/2023\/03\/Ebook-Acoes-Mobile.jpg\">\n\t\t\t\t<img class=\"newsContent__article__imgCapa newsContent__article__imgCapa--banner\"\n\t\t\t\t\tsrc=\"https:\/\/files.sunoresearch.com.br\/n\/uploads\/2023\/03\/Ebook-Acoes-Desktop.jpg\"\n\t\t\t\t\tdata-promo-id=\"378302\"\t\t\t\t\t\t\t\t\t\twidth='1420' height='286'\t\t\t\t\talt=\"https:\/\/files.sunoresearch.com.br\/n\/uploads\/2023\/03\/Ebook-Acoes-Desktop.jpg\"\n\t\t\t\t>\n\t\t\t<\/picture>\n\t\t<\/a>\n\t<\/p>\n\n\n\n\n\n<h2 class=\"wp-block-heading\">Petrobras (PETR4) confirma ter recebido licen\u00e7a ambiental para perfura\u00e7\u00e3o na Bacia Potiguar, na Margem Equatorial brasileira<\/h2>\n\n\n\n<p>A\u00a0Petrobras\u00a0confirmou, em comunicado nesta segunda (2), ter recebido a licen\u00e7a ambiental do Instituto Brasileiro do Meio Ambiente e dos Recursos Naturais Renov\u00e1veis para perfura\u00e7\u00e3o de dois po\u00e7os explorat\u00f3rios no bloco mar\u00edtimo BM-POT-17, em \u00e1guas profundas da Bacia Potiguar, na Margem Equatorial brasileira.<\/p>\n\n\n\n<p>A estatal explica: \u201cO&nbsp;<strong>primeiro po\u00e7o da Petrobras<\/strong>&nbsp;ser\u00e1 perfurado a 52 km da costa na&nbsp;<strong>Bacia Potiguar<\/strong>. A perfura\u00e7\u00e3o est\u00e1 prevista para ser iniciada nas pr\u00f3ximas semanas, ap\u00f3s a chegada da sonda na loca\u00e7\u00e3o.\u201d<\/p>\n\n\n\n<p>A nota da Petrobras acrescenta: \u201cCom a pesquisa explorat\u00f3ria, a companhia pretende obter mais informa\u00e7\u00f5es geol\u00f3gicas da \u00e1rea para avaliar a viabilidade econ\u00f4mica e a extens\u00e3o da d<strong>escoberta de petr\u00f3leo<\/strong>&nbsp;realizada em 2013 no po\u00e7o de Pitu. N\u00e3o h\u00e1 produ\u00e7\u00e3o de petr\u00f3leo nessa fase.\u201d<\/p>\n\n\n\n<p>A Petrobras diz que \u201catendeu a todos os requisitos e procedimentos solicitados pelo Ibama, em cumprimento e zelo pelo rigor que esse tipo de&nbsp;<strong>licenciamento ambiental&nbsp;<\/strong>exige.\u201d<\/p>\n\n\n\n<p>Como \u00faltima etapa de avalia\u00e7\u00e3o, a companhia afirma ter realizado, entre os dias 18 e 20 de setembro, um simulado in loco, denominado Avalia\u00e7\u00e3o Pr\u00e9-Operacional (APO), por meio do qual o Ibama comprovou a capacidade de a Petrobras de dar resposta imediata e robusta a um evento acidental envolvendo vazamento de petr\u00f3leo.<\/p>\n\n\n\n<p>\u201cA companhia aplicar\u00e1 na Bacia Potiguar e nas demais bacias da&nbsp;<strong>Margem Equatorial<\/strong>&nbsp;toda sua<br>expertise t\u00e9cnica, adquirida ao longo de 70 anos de lideran\u00e7a no&nbsp;<strong>setor de \u00f3leo e g\u00e1s<\/strong>&nbsp;brasileiro\u201d, diz o comunicado da Petrobras.<\/p>\n\n\n\n<p>\u201cImportante destacar, tamb\u00e9m, que a Petrobras est\u00e1 preparada para atuar na regi\u00e3o com os mais<br>rigorosos padr\u00f5es de seguran\u00e7a e planos de resposta para atendimento a situa\u00e7\u00f5es de emerg\u00eancia.\u201d<\/p>\n\n\n\n<p>A <strong>Petrobras<\/strong> complementa: \u201cSomente na Margem Equatorial, h\u00e1 quatro Centros de Defesa Ambiental (CDAs), localizados no Par\u00e1, Maranh\u00e3o, Cear\u00e1 e Rio Grande do Norte; al\u00e9m de outros nove CDAs, bases avan\u00e7adas e centros de resposta \u00e0 emerg\u00eancia, distribu\u00eddos pelo restante do Brasil. Todas essas estruturas est\u00e3o devidamente equipadas para pronta resposta em caso de eventos acidentais envolvendo vazamento de \u00f3leo no mar.\u201d<\/p>\n\n\n\n<h2 class=\"wp-block-heading\">Desempenho das a\u00e7\u00f5es da Petrobras<\/h2>\n\n\n\n<div class=\"pluginQuotation\">\n  <p class=\"ticker\">\n    Cota\u00e7\u00e3o <span>PETR4<\/span>\n  <\/p>\n  <div class=\"info\">\n    <div class=\"leftSide\">\n      Gr\u00e1fico gerado em: 03\/10\/2023    <\/div>\n\t\t\t\t\t<div class=\"rightSide\">\n\t\t\t\t\t<span class=\"period\">\n\t\t\t\t\t\t1 Dia\t\t\t\t\t<\/span>\n\t\t\t<\/div>\n\t\t  <\/div>\n\n  <div id=\"chart-5bf4fc3e5b957a317585d135cf42365b\" data-block-hash=\"5bf4fc3e5b957a317585d135cf42365b\"  class=\"chart\" style=\"width:100%;height:400px;\"><\/div>\n\n  <div class=\"pluginQuotation__footer\">\n    <div class=\"dataChart\">\n\n      <div class=\"dataChart__div1 variation\">\n        <div class=\"value-negative\">\n          -1,10 (-0,38%)        <\/div>\n        <div class=\"text\">\n          Varia\u00e7\u00e3o do per\u00edodo\n        <\/div>\n      <\/div>\n\n      <div class=\"dataChart__div2 minMax\">\n        <div class=\"value\">\n          R$\u00a033,99        <\/div>\n        <div class=\"text\">\n          M\u00ednima\n        <\/div>\n      <\/div>\n\n      <div class=\"dataChart__div3 minMax\">\n        <div class=\"value\">\n          R$\u00a034,74        <\/div>\n        <div class=\"text\">\n          M\u00e1xima\n        <\/div>\n      <\/div>\n\n\t\t\t<div class=\"dataChart__div4 rightSide\">\n\t\t\t\t<div class=\"analiticaSource\">\n\t\t\t\t\t<span>\n\t\t\t\t\t\tFonte:\n\t\t\t\t\t<\/span>\n\t\t\t\t\t<img decoding=\"async\" class=\"analiticaLogo\" src=\"https:\/\/www.suno.com.br\/noticias\/wp-content\/plugins\/suno-block-ticker-quotation\/src\/suno-analitica-logo.png\" alt=\"Logo Suno Anal\u00edtica\" \/>\n\t\t\t\t<\/div>\n\n\t\t\t\t<a href=\"https:\/\/www.suno.com.br\/analitica\/acoes\/PETR4\" target=\"_blank\">\n\t\t\t\t\t<span>\n\t\t\t\t\t\tVer mais cota\u00e7\u00f5es\n\t\t\t\t\t<\/span>\n\t\t\t\t\t<svg xmlns=\"http:\/\/www.w3.org\/2000\/svg\" width=\"9\" height=\"8\" viewBox=\"0 0 9 8\" fill=\"none\">\n\t\t\t\t\t\t<path d=\"M4.20996 0L3.50496 0.705L6.29496 3.5H0.209961V4.5H6.29496L3.50496 7.295L4.20996 8L8.20996 4L4.20996 0Z\" fill=\"#D42126\" \/>\n\t\t\t\t\t<\/svg>\n\t\t\t\t<\/a>\n    <\/div>\n\n    <\/div>\n  <\/div>\n<\/div>\n\n\n<script type=\"text\/javascript\">\n  let chart_5bf4fc3e5b957a317585d135cf42365b = document.getElementById('chart-5bf4fc3e5b957a317585d135cf42365b');\n  let data_json_5bf4fc3e5b957a317585d135cf42365b = \"[{\\\"date\\\":\\\"02\\\\\\\/10\\\\\\\/23 10:02\\\",\\\"value\\\":34.56},{\\\"date\\\":\\\"02\\\\\\\/10\\\\\\\/23 10:04\\\",\\\"value\\\":34.56},{\\\"date\\\":\\\"02\\\\\\\/10\\\\\\\/23 10:06\\\",\\\"value\\\":34.54},{\\\"date\\\":\\\"02\\\\\\\/10\\\\\\\/23 10:08\\\",\\\"value\\\":34.55},{\\\"date\\\":\\\"02\\\\\\\/10\\\\\\\/23 10:10\\\",\\\"value\\\":34.6},{\\\"date\\\":\\\"02\\\\\\\/10\\\\\\\/23 10:12\\\",\\\"value\\\":34.58},{\\\"date\\\":\\\"02\\\\\\\/10\\\\\\\/23 10:14\\\",\\\"value\\\":34.6},{\\\"date\\\":\\\"02\\\\\\\/10\\\\\\\/23 10:16\\\",\\\"value\\\":34.58},{\\\"date\\\":\\\"02\\\\\\\/10\\\\\\\/23 10:18\\\",\\\"value\\\":34.65},{\\\"date\\\":\\\"02\\\\\\\/10\\\\\\\/23 10:20\\\",\\\"value\\\":34.65},{\\\"date\\\":\\\"02\\\\\\\/10\\\\\\\/23 10:22\\\",\\\"value\\\":34.7},{\\\"date\\\":\\\"02\\\\\\\/10\\\\\\\/23 10:24\\\",\\\"value\\\":34.72},{\\\"date\\\":\\\"02\\\\\\\/10\\\\\\\/23 10:26\\\",\\\"value\\\":34.74},{\\\"date\\\":\\\"02\\\\\\\/10\\\\\\\/23 10:28\\\",\\\"value\\\":34.74},{\\\"date\\\":\\\"02\\\\\\\/10\\\\\\\/23 10:30\\\",\\\"value\\\":34.7},{\\\"date\\\":\\\"02\\\\\\\/10\\\\\\\/23 10:32\\\",\\\"value\\\":34.71},{\\\"date\\\":\\\"02\\\\\\\/10\\\\\\\/23 10:34\\\",\\\"value\\\":34.68},{\\\"date\\\":\\\"02\\\\\\\/10\\\\\\\/23 10:36\\\",\\\"value\\\":34.63},{\\\"date\\\":\\\"02\\\\\\\/10\\\\\\\/23 10:38\\\",\\\"value\\\":34.61},{\\\"date\\\":\\\"02\\\\\\\/10\\\\\\\/23 10:40\\\",\\\"value\\\":34.6},{\\\"date\\\":\\\"02\\\\\\\/10\\\\\\\/23 10:42\\\",\\\"value\\\":34.61},{\\\"date\\\":\\\"02\\\\\\\/10\\\\\\\/23 10:44\\\",\\\"value\\\":34.55},{\\\"date\\\":\\\"02\\\\\\\/10\\\\\\\/23 10:46\\\",\\\"value\\\":34.49},{\\\"date\\\":\\\"02\\\\\\\/10\\\\\\\/23 10:48\\\",\\\"value\\\":34.45},{\\\"date\\\":\\\"02\\\\\\\/10\\\\\\\/23 10:50\\\",\\\"value\\\":34.43},{\\\"date\\\":\\\"02\\\\\\\/10\\\\\\\/23 10:52\\\",\\\"value\\\":34.46},{\\\"date\\\":\\\"02\\\\\\\/10\\\\\\\/23 10:54\\\",\\\"value\\\":34.51},{\\\"date\\\":\\\"02\\\\\\\/10\\\\\\\/23 10:56\\\",\\\"value\\\":34.5},{\\\"date\\\":\\\"02\\\\\\\/10\\\\\\\/23 10:58\\\",\\\"value\\\":34.49},{\\\"date\\\":\\\"02\\\\\\\/10\\\\\\\/23 11:00\\\",\\\"value\\\":34.49},{\\\"date\\\":\\\"02\\\\\\\/10\\\\\\\/23 11:02\\\",\\\"value\\\":34.48},{\\\"date\\\":\\\"02\\\\\\\/10\\\\\\\/23 11:46\\\",\\\"value\\\":34.18},{\\\"date\\\":\\\"02\\\\\\\/10\\\\\\\/23 11:48\\\",\\\"value\\\":34.15},{\\\"date\\\":\\\"02\\\\\\\/10\\\\\\\/23 11:50\\\",\\\"value\\\":34.15},{\\\"date\\\":\\\"02\\\\\\\/10\\\\\\\/23 11:52\\\",\\\"value\\\":34.15},{\\\"date\\\":\\\"02\\\\\\\/10\\\\\\\/23 11:54\\\",\\\"value\\\":34.18},{\\\"date\\\":\\\"02\\\\\\\/10\\\\\\\/23 11:56\\\",\\\"value\\\":34.19},{\\\"date\\\":\\\"02\\\\\\\/10\\\\\\\/23 11:58\\\",\\\"value\\\":34.19},{\\\"date\\\":\\\"02\\\\\\\/10\\\\\\\/23 12:00\\\",\\\"value\\\":34.22},{\\\"date\\\":\\\"02\\\\\\\/10\\\\\\\/23 12:02\\\",\\\"value\\\":34.27},{\\\"date\\\":\\\"02\\\\\\\/10\\\\\\\/23 12:04\\\",\\\"value\\\":34.27},{\\\"date\\\":\\\"02\\\\\\\/10\\\\\\\/23 12:06\\\",\\\"value\\\":34.26},{\\\"date\\\":\\\"02\\\\\\\/10\\\\\\\/23 12:08\\\",\\\"value\\\":34.22},{\\\"date\\\":\\\"02\\\\\\\/10\\\\\\\/23 12:10\\\",\\\"value\\\":34.16},{\\\"date\\\":\\\"02\\\\\\\/10\\\\\\\/23 12:12\\\",\\\"value\\\":34.14},{\\\"date\\\":\\\"02\\\\\\\/10\\\\\\\/23 12:14\\\",\\\"value\\\":34.18},{\\\"date\\\":\\\"02\\\\\\\/10\\\\\\\/23 12:16\\\",\\\"value\\\":34.11},{\\\"date\\\":\\\"02\\\\\\\/10\\\\\\\/23 12:18\\\",\\\"value\\\":34.11},{\\\"date\\\":\\\"02\\\\\\\/10\\\\\\\/23 12:20\\\",\\\"value\\\":34.14},{\\\"date\\\":\\\"02\\\\\\\/10\\\\\\\/23 12:22\\\",\\\"value\\\":34.15},{\\\"date\\\":\\\"02\\\\\\\/10\\\\\\\/23 12:24\\\",\\\"value\\\":34.09},{\\\"date\\\":\\\"02\\\\\\\/10\\\\\\\/23 12:26\\\",\\\"value\\\":34.12},{\\\"date\\\":\\\"02\\\\\\\/10\\\\\\\/23 12:28\\\",\\\"value\\\":34.09},{\\\"date\\\":\\\"02\\\\\\\/10\\\\\\\/23 12:30\\\",\\\"value\\\":34.1},{\\\"date\\\":\\\"02\\\\\\\/10\\\\\\\/23 12:32\\\",\\\"value\\\":34.09},{\\\"date\\\":\\\"02\\\\\\\/10\\\\\\\/23 12:34\\\",\\\"value\\\":34.1},{\\\"date\\\":\\\"02\\\\\\\/10\\\\\\\/23 12:36\\\",\\\"value\\\":34.11},{\\\"date\\\":\\\"02\\\\\\\/10\\\\\\\/23 12:38\\\",\\\"value\\\":34.11},{\\\"date\\\":\\\"02\\\\\\\/10\\\\\\\/23 12:40\\\",\\\"value\\\":34.11},{\\\"date\\\":\\\"02\\\\\\\/10\\\\\\\/23 12:42\\\",\\\"value\\\":34.11},{\\\"date\\\":\\\"02\\\\\\\/10\\\\\\\/23 12:44\\\",\\\"value\\\":34.08},{\\\"date\\\":\\\"02\\\\\\\/10\\\\\\\/23 12:46\\\",\\\"value\\\":34.08},{\\\"date\\\":\\\"02\\\\\\\/10\\\\\\\/23 12:48\\\",\\\"value\\\":34.08},{\\\"date\\\":\\\"02\\\\\\\/10\\\\\\\/23 12:50\\\",\\\"value\\\":34.09},{\\\"date\\\":\\\"02\\\\\\\/10\\\\\\\/23 12:52\\\",\\\"value\\\":34.07},{\\\"date\\\":\\\"02\\\\\\\/10\\\\\\\/23 12:54\\\",\\\"value\\\":34.06},{\\\"date\\\":\\\"02\\\\\\\/10\\\\\\\/23 12:56\\\",\\\"value\\\":34.07},{\\\"date\\\":\\\"02\\\\\\\/10\\\\\\\/23 12:58\\\",\\\"value\\\":34.07},{\\\"date\\\":\\\"02\\\\\\\/10\\\\\\\/23 13:00\\\",\\\"value\\\":34.08},{\\\"date\\\":\\\"02\\\\\\\/10\\\\\\\/23 13:02\\\",\\\"value\\\":34.09},{\\\"date\\\":\\\"02\\\\\\\/10\\\\\\\/23 13:04\\\",\\\"value\\\":34.07},{\\\"date\\\":\\\"02\\\\\\\/10\\\\\\\/23 13:06\\\",\\\"value\\\":34.07},{\\\"date\\\":\\\"02\\\\\\\/10\\\\\\\/23 13:08\\\",\\\"value\\\":34.08},{\\\"date\\\":\\\"02\\\\\\\/10\\\\\\\/23 13:10\\\",\\\"value\\\":34.09},{\\\"date\\\":\\\"02\\\\\\\/10\\\\\\\/23 13:12\\\",\\\"value\\\":34.09},{\\\"date\\\":\\\"02\\\\\\\/10\\\\\\\/23 13:14\\\",\\\"value\\\":34.11},{\\\"date\\\":\\\"02\\\\\\\/10\\\\\\\/23 13:16\\\",\\\"value\\\":34.13},{\\\"date\\\":\\\"02\\\\\\\/10\\\\\\\/23 13:18\\\",\\\"value\\\":34.12},{\\\"date\\\":\\\"02\\\\\\\/10\\\\\\\/23 13:20\\\",\\\"value\\\":34.14},{\\\"date\\\":\\\"02\\\\\\\/10\\\\\\\/23 13:22\\\",\\\"value\\\":34.16},{\\\"date\\\":\\\"02\\\\\\\/10\\\\\\\/23 13:24\\\",\\\"value\\\":34.16},{\\\"date\\\":\\\"02\\\\\\\/10\\\\\\\/23 13:26\\\",\\\"value\\\":34.17},{\\\"date\\\":\\\"02\\\\\\\/10\\\\\\\/23 13:28\\\",\\\"value\\\":34.14},{\\\"date\\\":\\\"02\\\\\\\/10\\\\\\\/23 13:30\\\",\\\"value\\\":34.19},{\\\"date\\\":\\\"02\\\\\\\/10\\\\\\\/23 13:32\\\",\\\"value\\\":34.18},{\\\"date\\\":\\\"02\\\\\\\/10\\\\\\\/23 13:34\\\",\\\"value\\\":34.19},{\\\"date\\\":\\\"02\\\\\\\/10\\\\\\\/23 13:36\\\",\\\"value\\\":34.17},{\\\"date\\\":\\\"02\\\\\\\/10\\\\\\\/23 13:38\\\",\\\"value\\\":34.17},{\\\"date\\\":\\\"02\\\\\\\/10\\\\\\\/23 13:40\\\",\\\"value\\\":34.17},{\\\"date\\\":\\\"02\\\\\\\/10\\\\\\\/23 13:42\\\",\\\"value\\\":34.16},{\\\"date\\\":\\\"02\\\\\\\/10\\\\\\\/23 13:44\\\",\\\"value\\\":34.13},{\\\"date\\\":\\\"02\\\\\\\/10\\\\\\\/23 13:46\\\",\\\"value\\\":34.16},{\\\"date\\\":\\\"02\\\\\\\/10\\\\\\\/23 13:48\\\",\\\"value\\\":34.14},{\\\"date\\\":\\\"02\\\\\\\/10\\\\\\\/23 13:50\\\",\\\"value\\\":34.16},{\\\"date\\\":\\\"02\\\\\\\/10\\\\\\\/23 13:52\\\",\\\"value\\\":34.18},{\\\"date\\\":\\\"02\\\\\\\/10\\\\\\\/23 13:54\\\",\\\"value\\\":34.17},{\\\"date\\\":\\\"02\\\\\\\/10\\\\\\\/23 13:56\\\",\\\"value\\\":34.15},{\\\"date\\\":\\\"02\\\\\\\/10\\\\\\\/23 13:58\\\",\\\"value\\\":34.19},{\\\"date\\\":\\\"02\\\\\\\/10\\\\\\\/23 14:00\\\",\\\"value\\\":34.17},{\\\"date\\\":\\\"02\\\\\\\/10\\\\\\\/23 14:02\\\",\\\"value\\\":34.2},{\\\"date\\\":\\\"02\\\\\\\/10\\\\\\\/23 14:04\\\",\\\"value\\\":34.19},{\\\"date\\\":\\\"02\\\\\\\/10\\\\\\\/23 14:06\\\",\\\"value\\\":34.17},{\\\"date\\\":\\\"02\\\\\\\/10\\\\\\\/23 14:08\\\",\\\"value\\\":34.16},{\\\"date\\\":\\\"02\\\\\\\/10\\\\\\\/23 14:10\\\",\\\"value\\\":34.16},{\\\"date\\\":\\\"02\\\\\\\/10\\\\\\\/23 14:12\\\",\\\"value\\\":34.14},{\\\"date\\\":\\\"02\\\\\\\/10\\\\\\\/23 14:14\\\",\\\"value\\\":34.18},{\\\"date\\\":\\\"02\\\\\\\/10\\\\\\\/23 14:16\\\",\\\"value\\\":34.18},{\\\"date\\\":\\\"02\\\\\\\/10\\\\\\\/23 14:18\\\",\\\"value\\\":34.21},{\\\"date\\\":\\\"02\\\\\\\/10\\\\\\\/23 14:20\\\",\\\"value\\\":34.21},{\\\"date\\\":\\\"02\\\\\\\/10\\\\\\\/23 14:22\\\",\\\"value\\\":34.22},{\\\"date\\\":\\\"02\\\\\\\/10\\\\\\\/23 14:24\\\",\\\"value\\\":34.24},{\\\"date\\\":\\\"02\\\\\\\/10\\\\\\\/23 14:26\\\",\\\"value\\\":34.27},{\\\"date\\\":\\\"02\\\\\\\/10\\\\\\\/23 14:28\\\",\\\"value\\\":34.25},{\\\"date\\\":\\\"02\\\\\\\/10\\\\\\\/23 14:30\\\",\\\"value\\\":34.28},{\\\"date\\\":\\\"02\\\\\\\/10\\\\\\\/23 14:32\\\",\\\"value\\\":34.28},{\\\"date\\\":\\\"02\\\\\\\/10\\\\\\\/23 14:34\\\",\\\"value\\\":34.26},{\\\"date\\\":\\\"02\\\\\\\/10\\\\\\\/23 14:36\\\",\\\"value\\\":34.25},{\\\"date\\\":\\\"02\\\\\\\/10\\\\\\\/23 14:38\\\",\\\"value\\\":34.26},{\\\"date\\\":\\\"02\\\\\\\/10\\\\\\\/23 14:40\\\",\\\"value\\\":34.25},{\\\"date\\\":\\\"02\\\\\\\/10\\\\\\\/23 14:42\\\",\\\"value\\\":34.24},{\\\"date\\\":\\\"02\\\\\\\/10\\\\\\\/23 14:44\\\",\\\"value\\\":34.22},{\\\"date\\\":\\\"02\\\\\\\/10\\\\\\\/23 14:46\\\",\\\"value\\\":34.22},{\\\"date\\\":\\\"02\\\\\\\/10\\\\\\\/23 14:48\\\",\\\"value\\\":34.21},{\\\"date\\\":\\\"02\\\\\\\/10\\\\\\\/23 14:50\\\",\\\"value\\\":34.23},{\\\"date\\\":\\\"02\\\\\\\/10\\\\\\\/23 14:52\\\",\\\"value\\\":34.25},{\\\"date\\\":\\\"02\\\\\\\/10\\\\\\\/23 14:54\\\",\\\"value\\\":34.24},{\\\"date\\\":\\\"02\\\\\\\/10\\\\\\\/23 14:56\\\",\\\"value\\\":34.21},{\\\"date\\\":\\\"02\\\\\\\/10\\\\\\\/23 14:58\\\",\\\"value\\\":34.2},{\\\"date\\\":\\\"02\\\\\\\/10\\\\\\\/23 15:00\\\",\\\"value\\\":34.18},{\\\"date\\\":\\\"02\\\\\\\/10\\\\\\\/23 15:02\\\",\\\"value\\\":34.17},{\\\"date\\\":\\\"02\\\\\\\/10\\\\\\\/23 15:04\\\",\\\"value\\\":34.18},{\\\"date\\\":\\\"02\\\\\\\/10\\\\\\\/23 15:06\\\",\\\"value\\\":34.16},{\\\"date\\\":\\\"02\\\\\\\/10\\\\\\\/23 15:08\\\",\\\"value\\\":34.14},{\\\"date\\\":\\\"02\\\\\\\/10\\\\\\\/23 15:10\\\",\\\"value\\\":34.19},{\\\"date\\\":\\\"02\\\\\\\/10\\\\\\\/23 15:12\\\",\\\"value\\\":34.18},{\\\"date\\\":\\\"02\\\\\\\/10\\\\\\\/23 15:14\\\",\\\"value\\\":34.18},{\\\"date\\\":\\\"02\\\\\\\/10\\\\\\\/23 15:16\\\",\\\"value\\\":34.11},{\\\"date\\\":\\\"02\\\\\\\/10\\\\\\\/23 15:18\\\",\\\"value\\\":34.13},{\\\"date\\\":\\\"02\\\\\\\/10\\\\\\\/23 15:20\\\",\\\"value\\\":34.11},{\\\"date\\\":\\\"02\\\\\\\/10\\\\\\\/23 15:22\\\",\\\"value\\\":34.1},{\\\"date\\\":\\\"02\\\\\\\/10\\\\\\\/23 15:24\\\",\\\"value\\\":34.07},{\\\"date\\\":\\\"02\\\\\\\/10\\\\\\\/23 15:26\\\",\\\"value\\\":34.07},{\\\"date\\\":\\\"02\\\\\\\/10\\\\\\\/23 15:28\\\",\\\"value\\\":34.08},{\\\"date\\\":\\\"02\\\\\\\/10\\\\\\\/23 15:30\\\",\\\"value\\\":34.07},{\\\"date\\\":\\\"02\\\\\\\/10\\\\\\\/23 15:32\\\",\\\"value\\\":34.03},{\\\"date\\\":\\\"02\\\\\\\/10\\\\\\\/23 15:34\\\",\\\"value\\\":33.99},{\\\"date\\\":\\\"02\\\\\\\/10\\\\\\\/23 15:36\\\",\\\"value\\\":34.02},{\\\"date\\\":\\\"02\\\\\\\/10\\\\\\\/23 15:38\\\",\\\"value\\\":34.01},{\\\"date\\\":\\\"02\\\\\\\/10\\\\\\\/23 15:40\\\",\\\"value\\\":34.01},{\\\"date\\\":\\\"02\\\\\\\/10\\\\\\\/23 15:42\\\",\\\"value\\\":34.02},{\\\"date\\\":\\\"02\\\\\\\/10\\\\\\\/23 15:44\\\",\\\"value\\\":34.02},{\\\"date\\\":\\\"02\\\\\\\/10\\\\\\\/23 15:46\\\",\\\"value\\\":34},{\\\"date\\\":\\\"02\\\\\\\/10\\\\\\\/23 15:48\\\",\\\"value\\\":34.02},{\\\"date\\\":\\\"02\\\\\\\/10\\\\\\\/23 15:50\\\",\\\"value\\\":34.02},{\\\"date\\\":\\\"02\\\\\\\/10\\\\\\\/23 15:52\\\",\\\"value\\\":34.03},{\\\"date\\\":\\\"02\\\\\\\/10\\\\\\\/23 15:54\\\",\\\"value\\\":34.02},{\\\"date\\\":\\\"02\\\\\\\/10\\\\\\\/23 15:56\\\",\\\"value\\\":34.02},{\\\"date\\\":\\\"02\\\\\\\/10\\\\\\\/23 15:58\\\",\\\"value\\\":34.03},{\\\"date\\\":\\\"02\\\\\\\/10\\\\\\\/23 16:00\\\",\\\"value\\\":34.05},{\\\"date\\\":\\\"02\\\\\\\/10\\\\\\\/23 16:02\\\",\\\"value\\\":34.02},{\\\"date\\\":\\\"02\\\\\\\/10\\\\\\\/23 16:04\\\",\\\"value\\\":34.01},{\\\"date\\\":\\\"02\\\\\\\/10\\\\\\\/23 16:06\\\",\\\"value\\\":34.02},{\\\"date\\\":\\\"02\\\\\\\/10\\\\\\\/23 16:08\\\",\\\"value\\\":34.03},{\\\"date\\\":\\\"02\\\\\\\/10\\\\\\\/23 16:10\\\",\\\"value\\\":34.03},{\\\"date\\\":\\\"02\\\\\\\/10\\\\\\\/23 16:12\\\",\\\"value\\\":34.02},{\\\"date\\\":\\\"02\\\\\\\/10\\\\\\\/23 16:14\\\",\\\"value\\\":34.03},{\\\"date\\\":\\\"02\\\\\\\/10\\\\\\\/23 16:16\\\",\\\"value\\\":34.05},{\\\"date\\\":\\\"02\\\\\\\/10\\\\\\\/23 16:18\\\",\\\"value\\\":34.04},{\\\"date\\\":\\\"02\\\\\\\/10\\\\\\\/23 16:20\\\",\\\"value\\\":34.18},{\\\"date\\\":\\\"02\\\\\\\/10\\\\\\\/23 16:22\\\",\\\"value\\\":34.18}]\";\n  let isPositive_5bf4fc3e5b957a317585d135cf42365b = \"\";\n\n  let color_5bf4fc3e5b957a317585d135cf42365b = isPositive_5bf4fc3e5b957a317585d135cf42365b ? '#3AB53A' : '#D92C2D';\n\n  let data_5bf4fc3e5b957a317585d135cf42365b = JSON.parse(data_json_5bf4fc3e5b957a317585d135cf42365b);\n\n  const result_5bf4fc3e5b957a317585d135cf42365b = {\n    date: [],\n    value: [],\n  };\n\n  data_5bf4fc3e5b957a317585d135cf42365b.forEach((item) => {\n    result_5bf4fc3e5b957a317585d135cf42365b.date.push(item.date);\n    result_5bf4fc3e5b957a317585d135cf42365b.value.push(Number(item.value));\n  });\n\n  let option_5bf4fc3e5b957a317585d135cf42365b = {\n    \/\/ variavel de cor global\n    color: [color_5bf4fc3e5b957a317585d135cf42365b],\n    title: {\n      text: '',\n    },\n    tooltip: {\n      trigger: 'axis',\n      axisPointer: {\n        type: 'cross',\n        label: {\n          \/\/ cor dos valores em X e Y\n          backgroundColor: color_5bf4fc3e5b957a317585d135cf42365b,\n          formatter: (value) => {\n            if (typeof value.value === 'number') {\n              return Number(value.value).toLocaleString('pt-br', {\n                style: 'currency',\n                currency: 'BRL'\n              });\n            }\n            return value.value;\n          },\n        },\n      },\n      valueFormatter: (value) => Number(value).toLocaleString('pt-br', {\n        style: 'currency',\n        currency: 'BRL'\n      }),\n    },\n    legend: {\n      \/\/ data: ['Valor de Fechamento'],\n      show: false,\n    },\n    toolbox: {\n      feature: {\n        saveAsImage: {\n          show: false,\n        },\n      },\n    },\n    grid: {\n      left: '0px',\n      right: '0px',\n      bottom: '0px',\n      containLabel: true,\n    },\n    xAxis: [{\n      type: 'category',\n      data: result_5bf4fc3e5b957a317585d135cf42365b.date,\n      boundaryGap: true,\n    }],\n    yAxis: [{\n      type: 'value',\n      min: Math.min(...result_5bf4fc3e5b957a317585d135cf42365b.value),\n      max: Math.max(...result_5bf4fc3e5b957a317585d135cf42365b.value),\n      axisLabel: {\n        formatter: (value) => value.toLocaleString('pt-br', {\n          style: 'currency',\n          currency: 'BRL'\n        }),\n      },\n    }],\n    series: [{\n      name: 'Valor de Fechamento',\n      type: 'line',\n      stack: 'Total',\n      \/\/ cor do grafico\n      areaStyle: {},\n      emphasis: {\n        focus: 'series',\n      },\n      data: result_5bf4fc3e5b957a317585d135cf42365b.value,\n      \/\/ cor da linha\n      lineStyle: {\n        color: color_5bf4fc3e5b957a317585d135cf42365b,\n      },\n    }, ],\n  };\n\n\twindow.chart_5bf4fc3e5b957a317585d135cf42365b = {\n\t\tel: chart_5bf4fc3e5b957a317585d135cf42365b,\n\t\toption: option_5bf4fc3e5b957a317585d135cf42365b\t};\n\n\n<\/script>\n\n\n\n<p><em>Com informa\u00e7\u00f5es de Estad\u00e3o Conte\u00fado<\/em><\/p>\n\n\n\t<p>\n\t\t<a href=\"https:\/\/lp.suno.com.br\/plataforma-de-controle-de-investimentos\/\" target=\"_blank\" data-element=\"shortcode-suno-banner\" title=\"Banner SUNO, clique e saiba mais\">\n\t\t\t<picture>\n\t\t\t\t<source media=\"(max-width: 500px)\" srcset=\"https:\/\/files.sunoresearch.com.br\/n\/uploads\/2023\/03\/400x300-Controle-de-Investimentos.png\">\n\t\t\t\t<img class=\"newsContent__article__imgCapa newsContent__article__imgCapa--banner\"\n\t\t\t\t\tsrc=\"https:\/\/files.sunoresearch.com.br\/n\/uploads\/2023\/03\/1420x240-Controle-de-Investimentos.png\"\n\t\t\t\t\tdata-promo-id=\"383162\"\t\t\t\t\t\t\t\t\t\twidth='1420' height='240'\t\t\t\t\talt=\"https:\/\/files.sunoresearch.com.br\/n\/uploads\/2023\/03\/1420x240-Controle-de-Investimentos.png\"\n\t\t\t\t>\n\t\t\t<\/picture>\n\t\t<\/a>\n\t<\/p>\n\n\n","protected":false},"excerpt":{"rendered":"<p>O presidente da Petrobras\u00a0(PETR4), Jean Paul Prates, disse que o presidente da Rep\u00fablica, Luiz In\u00e1cio Lula da Silva, nunca prometeu que os pre\u00e7os dos combust\u00edveis n\u00e3o subiriam mais e que o Pa\u00eds deixaria de lado refer\u00eancias internacionais ao &#8220;abrasileirar&#8221; as tarifas, termo cunhado por Lula. Jean Paul Prates, CEO da Petrobras (PETR4). Foto: Divulga\u00e7\u00e3o\/Ag\u00eancia Petrobras [&hellip;]<\/p>\n","protected":false},"author":43,"featured_media":374375,"comment_status":"closed","ping_status":"closed","sticky":false,"template":"","format":"standard","meta":[],"categories":[64],"tags":[395,595],"suno_strategy":[],"class_list":["post-465225","post","type-post","status-publish","format-standard","has-post-thumbnail","hentry","category-negocios","tag-braskem-brkm3-brkm5-brkm6","tag-petrobras-petr4"],"yoast_head":"<!-- This site is optimized with the Yoast SEO plugin v24.4 - https:\/\/yoast.com\/wordpress\/plugins\/seo\/ -->\n<title>Petrobras (PETR4): Lula jamais prometeu que pre\u00e7os nunca mais subiriam<\/title>\n<meta name=\"description\" content=\"O presidente da Petrobras, Jean Paul Prates, disse que o presidente Lula nunca prometeu que os pre\u00e7os dos combust\u00edveis n\u00e3o subiriam mais.\" \/>\n<meta name=\"robots\" content=\"index, follow, max-snippet:-1, max-image-preview:large, max-video-preview:-1\" \/>\n<link rel=\"canonical\" href=\"https:\/\/www.suno.com.br\/noticias\/petrobras-petr4-lula-precos-prates-gpj\/\" \/>\n<meta property=\"og:locale\" content=\"pt_BR\" \/>\n<meta property=\"og:type\" content=\"article\" \/>\n<meta property=\"og:title\" content=\"Petrobras (PETR4): Lula jamais prometeu que pre\u00e7os nunca mais subiriam\" \/>\n<meta property=\"og:description\" content=\"O presidente da Petrobras, Jean Paul Prates, disse que o presidente Lula nunca prometeu que os pre\u00e7os dos combust\u00edveis n\u00e3o subiriam mais.\" \/>\n<meta property=\"og:url\" content=\"https:\/\/www.suno.com.br\/noticias\/petrobras-petr4-lula-precos-prates-gpj\/\" \/>\n<meta property=\"og:site_name\" content=\"Suno Not\u00edcias\" \/>\n<meta property=\"article:publisher\" content=\"https:\/\/facebook.com\/sunoresearch\" \/>\n<meta property=\"article:author\" content=\"https:\/\/www.facebook.com\/sunonoticias\/\" \/>\n<meta property=\"og:image\" content=\"https:\/\/files.sunoresearch.com.br\/n\/uploads\/2023\/03\/coletiva_presidente_petrobras_jeanpaulprates_8_-_02-03-2023-scaled.jpg\" \/>\n\t<meta property=\"og:image:width\" content=\"2560\" \/>\n\t<meta property=\"og:image:height\" content=\"1707\" \/>\n\t<meta property=\"og:image:type\" content=\"image\/jpeg\" \/>\n<meta name=\"author\" content=\"Reda\u00e7\u00e3o Suno Not\u00edcias\" \/>\n<meta name=\"twitter:card\" content=\"summary_large_image\" \/>\n<meta name=\"twitter:creator\" content=\"@https:\/\/twitter.com\/sunoresearch\" \/>\n<meta name=\"twitter:site\" content=\"@sunoresearch\" \/>\n<meta name=\"twitter:label1\" content=\"Escrito por\" \/>\n\t<meta name=\"twitter:data1\" content=\"Reda\u00e7\u00e3o Suno Not\u00edcias\" \/>\n\t<meta name=\"twitter:label2\" content=\"Est. tempo de leitura\" \/>\n\t<meta name=\"twitter:data2\" content=\"5 minutos\" \/>\n<script type=\"application\/ld+json\" class=\"yoast-schema-graph\">{\"@context\":\"https:\/\/schema.org\",\"@graph\":[{\"@type\":\"NewsArticle\",\"@id\":\"https:\/\/www.suno.com.br\/noticias\/petrobras-petr4-lula-precos-prates-gpj\/#article\",\"isPartOf\":{\"@id\":\"https:\/\/www.suno.com.br\/noticias\/petrobras-petr4-lula-precos-prates-gpj\/\"},\"author\":{\"name\":\"Reda\u00e7\u00e3o Suno Not\u00edcias\",\"@id\":\"https:\/\/www.suno.com.br\/noticias\/#\/schema\/person\/c1b1bd3727fa852bd045e9dbff3673ea\"},\"headline\":\"Petrobras (PETR4): Lula jamais prometeu que pre\u00e7os nunca mais subiriam, diz Prates\",\"datePublished\":\"2023-10-03T10:56:24+00:00\",\"dateModified\":\"2023-10-03T10:57:17+00:00\",\"mainEntityOfPage\":{\"@id\":\"https:\/\/www.suno.com.br\/noticias\/petrobras-petr4-lula-precos-prates-gpj\/\"},\"wordCount\":1001,\"publisher\":{\"@id\":\"https:\/\/www.suno.com.br\/noticias\/#organization\"},\"image\":{\"@id\":\"https:\/\/www.suno.com.br\/noticias\/petrobras-petr4-lula-precos-prates-gpj\/#primaryimage\"},\"thumbnailUrl\":\"https:\/\/files.sunoresearch.com.br\/n\/uploads\/2023\/03\/coletiva_presidente_petrobras_jeanpaulprates_8_-_02-03-2023-scaled.jpg\",\"keywords\":[\"Braskem (BRKM3\/BRKM5\/BRKM6)\",\"Petrobras (PETR4)\"],\"articleSection\":[\"Neg\u00f3cios\"],\"inLanguage\":\"pt-BR\"},{\"@type\":\"WebPage\",\"@id\":\"https:\/\/www.suno.com.br\/noticias\/petrobras-petr4-lula-precos-prates-gpj\/\",\"url\":\"https:\/\/www.suno.com.br\/noticias\/petrobras-petr4-lula-precos-prates-gpj\/\",\"name\":\"Petrobras (PETR4): Lula jamais prometeu que pre\u00e7os nunca mais subiriam\",\"isPartOf\":{\"@id\":\"https:\/\/www.suno.com.br\/noticias\/#website\"},\"primaryImageOfPage\":{\"@id\":\"https:\/\/www.suno.com.br\/noticias\/petrobras-petr4-lula-precos-prates-gpj\/#primaryimage\"},\"image\":{\"@id\":\"https:\/\/www.suno.com.br\/noticias\/petrobras-petr4-lula-precos-prates-gpj\/#primaryimage\"},\"thumbnailUrl\":\"https:\/\/files.sunoresearch.com.br\/n\/uploads\/2023\/03\/coletiva_presidente_petrobras_jeanpaulprates_8_-_02-03-2023-scaled.jpg\",\"datePublished\":\"2023-10-03T10:56:24+00:00\",\"dateModified\":\"2023-10-03T10:57:17+00:00\",\"description\":\"O presidente da Petrobras, Jean Paul Prates, disse que o presidente Lula nunca prometeu que os pre\u00e7os dos combust\u00edveis n\u00e3o subiriam mais.\",\"breadcrumb\":{\"@id\":\"https:\/\/www.suno.com.br\/noticias\/petrobras-petr4-lula-precos-prates-gpj\/#breadcrumb\"},\"inLanguage\":\"pt-BR\",\"potentialAction\":[{\"@type\":\"ReadAction\",\"target\":[\"https:\/\/www.suno.com.br\/noticias\/petrobras-petr4-lula-precos-prates-gpj\/\"]}]},{\"@type\":\"ImageObject\",\"inLanguage\":\"pt-BR\",\"@id\":\"https:\/\/www.suno.com.br\/noticias\/petrobras-petr4-lula-precos-prates-gpj\/#primaryimage\",\"url\":\"https:\/\/files.sunoresearch.com.br\/n\/uploads\/2023\/03\/coletiva_presidente_petrobras_jeanpaulprates_8_-_02-03-2023-scaled.jpg\",\"contentUrl\":\"https:\/\/files.sunoresearch.com.br\/n\/uploads\/2023\/03\/coletiva_presidente_petrobras_jeanpaulprates_8_-_02-03-2023-scaled.jpg\",\"width\":2560,\"height\":1707,\"caption\":\"Jean Paul Prates, CEO da Petrobras (PETR4). Foto: Divulga\u00e7\u00e3o\/Ag\u00eancia Petrobras\"},{\"@type\":\"BreadcrumbList\",\"@id\":\"https:\/\/www.suno.com.br\/noticias\/petrobras-petr4-lula-precos-prates-gpj\/#breadcrumb\",\"itemListElement\":[{\"@type\":\"ListItem\",\"position\":1,\"name\":\"Not\u00edcias\",\"item\":\"https:\/\/www.suno.com.br\/noticias\/\"},{\"@type\":\"ListItem\",\"position\":2,\"name\":\"Neg\u00f3cios\",\"item\":\"https:\/\/www.suno.com.br\/noticias\/negocios\/\"},{\"@type\":\"ListItem\",\"position\":3,\"name\":\"Petrobras (PETR4): Lula jamais prometeu que pre\u00e7os nunca mais subiriam, diz Prates\"}]},{\"@type\":\"WebSite\",\"@id\":\"https:\/\/www.suno.com.br\/noticias\/#website\",\"url\":\"https:\/\/www.suno.com.br\/noticias\/\",\"name\":\"Suno Not\u00edcias\",\"description\":\"Seu portal de informa\u00e7\u00e3o sobre o mundo dos investimentos\",\"publisher\":{\"@id\":\"https:\/\/www.suno.com.br\/noticias\/#organization\"},\"potentialAction\":[{\"@type\":\"SearchAction\",\"target\":{\"@type\":\"EntryPoint\",\"urlTemplate\":\"https:\/\/www.suno.com.br\/noticias\/?s={search_term_string}\"},\"query-input\":{\"@type\":\"PropertyValueSpecification\",\"valueRequired\":true,\"valueName\":\"search_term_string\"}}],\"inLanguage\":\"pt-BR\"},{\"@type\":\"Organization\",\"@id\":\"https:\/\/www.suno.com.br\/noticias\/#organization\",\"name\":\"Suno Not\u00edcias\",\"url\":\"https:\/\/www.suno.com.br\/noticias\/\",\"logo\":{\"@type\":\"ImageObject\",\"inLanguage\":\"pt-BR\",\"@id\":\"https:\/\/www.suno.com.br\/noticias\/#\/schema\/logo\/image\/\",\"url\":\"https:\/\/files.sunoresearch.com.br\/n\/uploads\/2021\/09\/suno-logo.png\",\"contentUrl\":\"https:\/\/files.sunoresearch.com.br\/n\/uploads\/2021\/09\/suno-logo.png\",\"width\":180,\"height\":180,\"caption\":\"Suno Not\u00edcias\"},\"image\":{\"@id\":\"https:\/\/www.suno.com.br\/noticias\/#\/schema\/logo\/image\/\"},\"sameAs\":[\"https:\/\/facebook.com\/sunoresearch\",\"https:\/\/x.com\/sunoresearch\",\"https:\/\/www.instagram.com\/suno\",\"https:\/\/www.linkedin.com\/company\/suno-research\/\",\"https:\/\/www.youtube.com\/c\/sunoresearch\"]},{\"@type\":\"Person\",\"@id\":\"https:\/\/www.suno.com.br\/noticias\/#\/schema\/person\/c1b1bd3727fa852bd045e9dbff3673ea\",\"name\":\"Reda\u00e7\u00e3o Suno Not\u00edcias\",\"image\":{\"@type\":\"ImageObject\",\"inLanguage\":\"pt-BR\",\"@id\":\"https:\/\/www.suno.com.br\/noticias\/#\/schema\/person\/image\/\",\"url\":\"https:\/\/secure.gravatar.com\/avatar\/b8104b9b5a71985d5238ee59fbe418af?s=96&r=g\",\"contentUrl\":\"https:\/\/secure.gravatar.com\/avatar\/b8104b9b5a71985d5238ee59fbe418af?s=96&r=g\",\"caption\":\"Reda\u00e7\u00e3o Suno Not\u00edcias\"},\"description\":\"O Suno Not\u00edcias \u00e9 um portal de informa\u00e7\u00f5es sobre Mercado Financeiro, Pol\u00edtica, Neg\u00f3cios, Economia e Finan\u00e7as Pessoais.\",\"sameAs\":[\"https:\/\/www.suno.com.br\/noticias\",\"https:\/\/www.facebook.com\/sunonoticias\/\",\"https:\/\/www.instagram.com\/sunonoticias\/\",\"https:\/\/x.com\/https:\/\/twitter.com\/sunoresearch\",\"https:\/\/www.youtube.com\/sunonoticias\"],\"url\":\"https:\/\/www.suno.com.br\/noticias\/author\/redacao-suno\/\"}]}<\/script>\n<!-- \/ Yoast SEO plugin. -->","yoast_head_json":{"title":"Petrobras (PETR4): Lula jamais prometeu que pre\u00e7os nunca mais subiriam","description":"O presidente da Petrobras, Jean Paul Prates, disse que o presidente Lula nunca prometeu que os pre\u00e7os dos combust\u00edveis n\u00e3o subiriam mais.","robots":{"index":"index","follow":"follow","max-snippet":"max-snippet:-1","max-image-preview":"max-image-preview:large","max-video-preview":"max-video-preview:-1"},"canonical":"https:\/\/www.suno.com.br\/noticias\/petrobras-petr4-lula-precos-prates-gpj\/","og_locale":"pt_BR","og_type":"article","og_title":"Petrobras (PETR4): Lula jamais prometeu que pre\u00e7os nunca mais subiriam","og_description":"O presidente da Petrobras, Jean Paul Prates, disse que o presidente Lula nunca prometeu que os pre\u00e7os dos combust\u00edveis n\u00e3o subiriam mais.","og_url":"https:\/\/www.suno.com.br\/noticias\/petrobras-petr4-lula-precos-prates-gpj\/","og_site_name":"Suno Not\u00edcias","article_publisher":"https:\/\/facebook.com\/sunoresearch","article_author":"https:\/\/www.facebook.com\/sunonoticias\/","og_image":[{"width":2560,"height":1707,"url":"https:\/\/files.sunoresearch.com.br\/n\/uploads\/2023\/03\/coletiva_presidente_petrobras_jeanpaulprates_8_-_02-03-2023-scaled.jpg","type":"image\/jpeg"}],"author":"Reda\u00e7\u00e3o Suno Not\u00edcias","twitter_card":"summary_large_image","twitter_creator":"@https:\/\/twitter.com\/sunoresearch","twitter_site":"@sunoresearch","twitter_misc":{"Escrito por":"Reda\u00e7\u00e3o Suno Not\u00edcias","Est. tempo de leitura":"5 minutos"},"schema":{"@context":"https:\/\/schema.org","@graph":[{"@type":"NewsArticle","@id":"https:\/\/www.suno.com.br\/noticias\/petrobras-petr4-lula-precos-prates-gpj\/#article","isPartOf":{"@id":"https:\/\/www.suno.com.br\/noticias\/petrobras-petr4-lula-precos-prates-gpj\/"},"author":{"name":"Reda\u00e7\u00e3o Suno Not\u00edcias","@id":"https:\/\/www.suno.com.br\/noticias\/#\/schema\/person\/c1b1bd3727fa852bd045e9dbff3673ea"},"headline":"Petrobras (PETR4): Lula jamais prometeu que pre\u00e7os nunca mais subiriam, diz Prates","datePublished":"2023-10-03T10:56:24+00:00","dateModified":"2023-10-03T10:57:17+00:00","mainEntityOfPage":{"@id":"https:\/\/www.suno.com.br\/noticias\/petrobras-petr4-lula-precos-prates-gpj\/"},"wordCount":1001,"publisher":{"@id":"https:\/\/www.suno.com.br\/noticias\/#organization"},"image":{"@id":"https:\/\/www.suno.com.br\/noticias\/petrobras-petr4-lula-precos-prates-gpj\/#primaryimage"},"thumbnailUrl":"https:\/\/files.sunoresearch.com.br\/n\/uploads\/2023\/03\/coletiva_presidente_petrobras_jeanpaulprates_8_-_02-03-2023-scaled.jpg","keywords":["Braskem (BRKM3\/BRKM5\/BRKM6)","Petrobras (PETR4)"],"articleSection":["Neg\u00f3cios"],"inLanguage":"pt-BR"},{"@type":"WebPage","@id":"https:\/\/www.suno.com.br\/noticias\/petrobras-petr4-lula-precos-prates-gpj\/","url":"https:\/\/www.suno.com.br\/noticias\/petrobras-petr4-lula-precos-prates-gpj\/","name":"Petrobras (PETR4): Lula jamais prometeu que pre\u00e7os nunca mais subiriam","isPartOf":{"@id":"https:\/\/www.suno.com.br\/noticias\/#website"},"primaryImageOfPage":{"@id":"https:\/\/www.suno.com.br\/noticias\/petrobras-petr4-lula-precos-prates-gpj\/#primaryimage"},"image":{"@id":"https:\/\/www.suno.com.br\/noticias\/petrobras-petr4-lula-precos-prates-gpj\/#primaryimage"},"thumbnailUrl":"https:\/\/files.sunoresearch.com.br\/n\/uploads\/2023\/03\/coletiva_presidente_petrobras_jeanpaulprates_8_-_02-03-2023-scaled.jpg","datePublished":"2023-10-03T10:56:24+00:00","dateModified":"2023-10-03T10:57:17+00:00","description":"O presidente da Petrobras, Jean Paul Prates, disse que o presidente Lula nunca prometeu que os pre\u00e7os dos combust\u00edveis n\u00e3o subiriam mais.","breadcrumb":{"@id":"https:\/\/www.suno.com.br\/noticias\/petrobras-petr4-lula-precos-prates-gpj\/#breadcrumb"},"inLanguage":"pt-BR","potentialAction":[{"@type":"ReadAction","target":["https:\/\/www.suno.com.br\/noticias\/petrobras-petr4-lula-precos-prates-gpj\/"]}]},{"@type":"ImageObject","inLanguage":"pt-BR","@id":"https:\/\/www.suno.com.br\/noticias\/petrobras-petr4-lula-precos-prates-gpj\/#primaryimage","url":"https:\/\/files.sunoresearch.com.br\/n\/uploads\/2023\/03\/coletiva_presidente_petrobras_jeanpaulprates_8_-_02-03-2023-scaled.jpg","contentUrl":"https:\/\/files.sunoresearch.com.br\/n\/uploads\/2023\/03\/coletiva_presidente_petrobras_jeanpaulprates_8_-_02-03-2023-scaled.jpg","width":2560,"height":1707,"caption":"Jean Paul Prates, CEO da Petrobras (PETR4). Foto: Divulga\u00e7\u00e3o\/Ag\u00eancia Petrobras"},{"@type":"BreadcrumbList","@id":"https:\/\/www.suno.com.br\/noticias\/petrobras-petr4-lula-precos-prates-gpj\/#breadcrumb","itemListElement":[{"@type":"ListItem","position":1,"name":"Not\u00edcias","item":"https:\/\/www.suno.com.br\/noticias\/"},{"@type":"ListItem","position":2,"name":"Neg\u00f3cios","item":"https:\/\/www.suno.com.br\/noticias\/negocios\/"},{"@type":"ListItem","position":3,"name":"Petrobras (PETR4): Lula jamais prometeu que pre\u00e7os nunca mais subiriam, diz Prates"}]},{"@type":"WebSite","@id":"https:\/\/www.suno.com.br\/noticias\/#website","url":"https:\/\/www.suno.com.br\/noticias\/","name":"Suno Not\u00edcias","description":"Seu portal de informa\u00e7\u00e3o sobre o mundo dos investimentos","publisher":{"@id":"https:\/\/www.suno.com.br\/noticias\/#organization"},"potentialAction":[{"@type":"SearchAction","target":{"@type":"EntryPoint","urlTemplate":"https:\/\/www.suno.com.br\/noticias\/?s={search_term_string}"},"query-input":{"@type":"PropertyValueSpecification","valueRequired":true,"valueName":"search_term_string"}}],"inLanguage":"pt-BR"},{"@type":"Organization","@id":"https:\/\/www.suno.com.br\/noticias\/#organization","name":"Suno Not\u00edcias","url":"https:\/\/www.suno.com.br\/noticias\/","logo":{"@type":"ImageObject","inLanguage":"pt-BR","@id":"https:\/\/www.suno.com.br\/noticias\/#\/schema\/logo\/image\/","url":"https:\/\/files.sunoresearch.com.br\/n\/uploads\/2021\/09\/suno-logo.png","contentUrl":"https:\/\/files.sunoresearch.com.br\/n\/uploads\/2021\/09\/suno-logo.png","width":180,"height":180,"caption":"Suno Not\u00edcias"},"image":{"@id":"https:\/\/www.suno.com.br\/noticias\/#\/schema\/logo\/image\/"},"sameAs":["https:\/\/facebook.com\/sunoresearch","https:\/\/x.com\/sunoresearch","https:\/\/www.instagram.com\/suno","https:\/\/www.linkedin.com\/company\/suno-research\/","https:\/\/www.youtube.com\/c\/sunoresearch"]},{"@type":"Person","@id":"https:\/\/www.suno.com.br\/noticias\/#\/schema\/person\/c1b1bd3727fa852bd045e9dbff3673ea","name":"Reda\u00e7\u00e3o Suno Not\u00edcias","image":{"@type":"ImageObject","inLanguage":"pt-BR","@id":"https:\/\/www.suno.com.br\/noticias\/#\/schema\/person\/image\/","url":"https:\/\/secure.gravatar.com\/avatar\/b8104b9b5a71985d5238ee59fbe418af?s=96&r=g","contentUrl":"https:\/\/secure.gravatar.com\/avatar\/b8104b9b5a71985d5238ee59fbe418af?s=96&r=g","caption":"Reda\u00e7\u00e3o Suno Not\u00edcias"},"description":"O Suno Not\u00edcias \u00e9 um portal de informa\u00e7\u00f5es sobre Mercado Financeiro, Pol\u00edtica, Neg\u00f3cios, Economia e Finan\u00e7as Pessoais.","sameAs":["https:\/\/www.suno.com.br\/noticias","https:\/\/www.facebook.com\/sunonoticias\/","https:\/\/www.instagram.com\/sunonoticias\/","https:\/\/x.com\/https:\/\/twitter.com\/sunoresearch","https:\/\/www.youtube.com\/sunonoticias"],"url":"https:\/\/www.suno.com.br\/noticias\/author\/redacao-suno\/"}]}},"default_loop_html":"<div class=\"cardsPage__listCard__boxs\"><div class=\"cardsPage__listCard__boxs__img\"><a href=\"https:\/\/www.suno.com.br\/noticias\/petrobras-petr4-lula-precos-prates-gpj\/\"><img class=\"mask\" src=\"https:\/\/www.suno.com.br\/noticias\/wp-content\/themes\/suno\/resources\/images\/spotlight\/spotlight1img\/bg-mask.png\" alt=\"Image Mask\"\/><img src=\"https:\/\/files.sunoresearch.com.br\/n\/uploads\/2023\/03\/coletiva_presidente_petrobras_jeanpaulprates_8_-_02-03-2023-400x200.jpg\" alt=\"Petrobras (PETR4): Lula jamais prometeu que pre\u00e7os nunca mais subiriam, diz Prates\"\/><\/a><span class=\"spotlightCategory\"><a href=\"https:\/\/www.suno.com.br\/noticias\/negocios\/\">Neg\u00f3cios<\/a><\/span><\/div><div class=\"cardsPage__listCard__boxs__content\"><a href=\"https:\/\/www.suno.com.br\/noticias\/petrobras-petr4-lula-precos-prates-gpj\/\"><h2 class=\"content__title\">Petrobras (PETR4): Lula jamais prometeu que pre\u00e7os nunca mais subiriam, diz Prates<\/h2><\/a><div class=\"newsContent__article__meta\"><div class=\"newsContent__article__meta__authorBox\"><a href=\"https:\/\/www.suno.com.br\/noticias\/author\/eduardo-vargas\/\" class=\"authorBox__avatar noMobi\"><img src=\"https:\/\/secure.gravatar.com\/avatar\/dac340933427a22924c9f99d1eb2e3f2?s=96&#038;r=g\" alt=\"Eduardo Vargas\"><\/a><div class=\"authorBox__name\"><span>por\n\t\t\t<a href=\"https:\/\/www.suno.com.br\/noticias\/author\/eduardo-vargas\/\"><span itemprop=\"author\">Eduardo Vargas<\/span><\/a><\/span><time datetime=\"2023-10-03T07:56:24-03:00\" itemprop=\"datePublished\">03\/10\/2023 07:56<\/time><\/div><\/div><\/div><\/div><\/div>","single_layout":"posts","amp_enabled":true,"_links":{"self":[{"href":"https:\/\/www.suno.com.br\/noticias\/wp-json\/wp\/v2\/posts\/465225"}],"collection":[{"href":"https:\/\/www.suno.com.br\/noticias\/wp-json\/wp\/v2\/posts"}],"about":[{"href":"https:\/\/www.suno.com.br\/noticias\/wp-json\/wp\/v2\/types\/post"}],"author":[{"embeddable":true,"href":"https:\/\/www.suno.com.br\/noticias\/wp-json\/wp\/v2\/users\/43"}],"replies":[{"embeddable":true,"href":"https:\/\/www.suno.com.br\/noticias\/wp-json\/wp\/v2\/comments?post=465225"}],"version-history":[{"count":3,"href":"https:\/\/www.suno.com.br\/noticias\/wp-json\/wp\/v2\/posts\/465225\/revisions"}],"predecessor-version":[{"id":465248,"href":"https:\/\/www.suno.com.br\/noticias\/wp-json\/wp\/v2\/posts\/465225\/revisions\/465248"}],"wp:featuredmedia":[{"embeddable":true,"href":"https:\/\/www.suno.com.br\/noticias\/wp-json\/wp\/v2\/media\/374375"}],"wp:attachment":[{"href":"https:\/\/www.suno.com.br\/noticias\/wp-json\/wp\/v2\/media?parent=465225"}],"wp:term":[{"taxonomy":"category","embeddable":true,"href":"https:\/\/www.suno.com.br\/noticias\/wp-json\/wp\/v2\/categories?post=465225"},{"taxonomy":"post_tag","embeddable":true,"href":"https:\/\/www.suno.com.br\/noticias\/wp-json\/wp\/v2\/tags?post=465225"},{"taxonomy":"suno_strategy","embeddable":true,"href":"https:\/\/www.suno.com.br\/noticias\/wp-json\/wp\/v2\/suno_strategy?post=465225"}],"curies":[{"name":"wp","href":"https:\/\/api.w.org\/{rel}","templated":true}]}}