{"id":464655,"date":"2023-10-02T11:22:32","date_gmt":"2023-10-02T14:22:32","guid":{"rendered":"https:\/\/www.suno.com.br\/noticias\/?p=464655"},"modified":"2023-10-02T11:22:40","modified_gmt":"2023-10-02T14:22:40","slug":"sabesp-sbsp3-municipios-alteracao-concessao-gpj","status":"publish","type":"post","link":"https:\/\/www.suno.com.br\/noticias\/sabesp-sbsp3-municipios-alteracao-concessao-gpj\/","title":{"rendered":"Sabesp (SBSP3) envia aos munic\u00edpios proposta de altera\u00e7\u00e3o dos contratos de concess\u00e3o"},"content":{"rendered":"<p>A<strong> <a href=\"https:\/\/www.suno.com.br\/acoes\/SBSP3\/\">Sabesp<\/a><\/strong><a href=\"https:\/\/www.suno.com.br\/acoes\/SBSP3\/\"> (SBSP3)<\/a> informou por meio de <a href=\"https:\/\/www.suno.com.br\/artigos\/fato-relevante\/\">fato relevante<\/a> que o Estado de S\u00e3o Paulo enviou of\u00edcios aos munic\u00edpios operados pela companhia com propostas de altera\u00e7\u00f5es nas condi\u00e7\u00f5es dos contratos de concess\u00e3o em vigor, em linha com o novo Marco Legal do Saneamento.<\/p>\t<div class=\"wrapper-featured-image\">\n\t\t<figure class=\"spotlightImg\">\n\n\t\t\t<picture>\n\t\t\t\t<source media=\"(max-width: 768px)\" srcset=\"https:\/\/files.sunoresearch.com.br\/n\/uploads\/2023\/03\/sabesp-sbsp3-privatizacao-saiba-mais-foto-divulgacao-400x200.jpg\">\n\t\t\t\t<img loading=\"lazy\" decoding=\"async\" class=\"newsContent__article__imgCapa lazyloadDisabled \" src=\"https:\/\/files.sunoresearch.com.br\/n\/uploads\/2023\/03\/sabesp-sbsp3-privatizacao-saiba-mais-foto-divulgacao-800x450.jpg\" width=\"800\" height=\"450\" alt=\"Sabesp (SBSP3) envia aos munic\u00edpios proposta de altera\u00e7\u00e3o dos contratos de concess\u00e3o\" fetchpriority=high \/>\n\t\t\t<\/picture>\n\n\t\t\t<figcaption class=\"wp-caption-text wp-caption-text--show\">Sabesp (SBSP3). Foto: Divulga\u00e7\u00e3o<\/figcaption>\n\t\t<\/figure>\n\t<\/div>\n\n\n\n\n\n\n\n\t<p>\n\t\t<a href=\"https:\/\/lp.suno.com.br\/planilha-da-vida-financeira\/\" target=\"_blank\" data-element=\"shortcode-suno-banner\" title=\"Banner SUNO, clique e saiba mais\">\n\t\t\t<picture>\n\t\t\t\t<source media=\"(max-width: 500px)\" srcset=\"https:\/\/files.sunoresearch.com.br\/n\/uploads\/2023\/04\/400x300-Planilha-vida-financeira-true.png\">\n\t\t\t\t<img class=\"newsContent__article__imgCapa newsContent__article__imgCapa--banner\"\n\t\t\t\t\tsrc=\"https:\/\/files.sunoresearch.com.br\/n\/uploads\/2023\/04\/1420x240-Planilha-vida-financeira-true.png\"\n\t\t\t\t\tdata-promo-id=\"106682\"\t\t\t\t\t\t\t\t\t\twidth='1420' height='240'\t\t\t\t\talt=\"https:\/\/files.sunoresearch.com.br\/n\/uploads\/2023\/04\/1420x240-Planilha-vida-financeira-true.png\"\n\t\t\t\t>\n\t\t\t<\/picture>\n\t\t<\/a>\n\t<\/p>\n\n\n\n\n\n<p>Segundo o texto, o novo contrato prev\u00ea:<\/p>\n\n\n\n<ul class=\"wp-block-list\">\n<li>a antecipa\u00e7\u00e3o do atingimento das metas de universaliza\u00e7\u00e3o estabelecidas no <strong>Novo Marco Legal do Saneamento<\/strong> para 2029, resguardados eventuais prazos inferiores previstos contratualmente; <\/li>\n\n\n\n<li>A extens\u00e3o do prazo de dura\u00e7\u00e3o do contrato de concess\u00e3o para 2060; <\/li>\n\n\n\n<li>A obriga\u00e7\u00e3o de atendimento, pela Sabesp, da popula\u00e7\u00e3o residente em n\u00facleos urbanos informais consolidados e \u00e1reas rurais, de modo a abranger todo o territ\u00f3rio municipal;<\/li>\n\n\n\n<li>Detalhamento dos investimentos a serem realizados em cada munic\u00edpio.<\/li>\n<\/ul>\n\n\n\n<p>Ainda de acordo com o fato relevante, a comunica\u00e7\u00e3o reafirma os compromissos de aumento e antecipa\u00e7\u00e3o de investimentos, redu\u00e7\u00e3o de tarifas e melhoria dos servi\u00e7os de saneamento. Segundo a Sabesp, o objetivo \u00e9 dar previsibilidade e transpar\u00eancia para a estrutura regionalizada, considerando infraestruturas j\u00e1 compartilhadas, al\u00e9m de detalhar em contrato as obriga\u00e7\u00f5es espec\u00edficas da companhia em rela\u00e7\u00e3o a cada munic\u00edpio, incluindo metas de cobertura, principais obras e investimentos.<\/p>\n\n\n\n<p>Na comunica\u00e7\u00e3o, a companhia tamb\u00e9m trata da privatiza\u00e7\u00e3o, destacando que o <strong>Estado de S\u00e3o Paulo<\/strong> visa:<\/p>\n\n\n\n<ul class=\"wp-block-list\">\n<li>Antecipa\u00e7\u00e3o da universaliza\u00e7\u00e3o na presta\u00e7\u00e3o dos servi\u00e7os de abastecimento de \u00e1gua e esgotamento sanit\u00e1rio; <\/li>\n\n\n\n<li>Inclus\u00e3o de popula\u00e7\u00e3o n\u00e3o atendida atualmente pela Sabesp; <\/li>\n\n\n\n<li>Redu\u00e7\u00e3o tarif\u00e1ria, com foco na popula\u00e7\u00e3o mais vulner\u00e1vel; <\/li>\n\n\n\n<li>Incremento na qualidade da presta\u00e7\u00e3o dos servi\u00e7os; <\/li>\n\n\n\n<li>Prorroga\u00e7\u00e3o contratual at\u00e9 2060; <\/li>\n\n\n\n<li>Efetiva\u00e7\u00e3o da regionaliza\u00e7\u00e3o institu\u00edda pela Lei n\u00ba 17.383\/2021, de modo a garantir a uniformidade necess\u00e1ria para a implanta\u00e7\u00e3o, opera\u00e7\u00e3o e resili\u00eancia da infraestrutura compartilhada; <\/li>\n\n\n\n<li>Previsibilidade das partes quanto \u00e0 regula\u00e7\u00e3o, fiscaliza\u00e7\u00e3o e devida implementa\u00e7\u00e3o dos investimentos necess\u00e1rios \u00e0 universaliza\u00e7\u00e3o e \u00e0 adequada presta\u00e7\u00e3o dos servi\u00e7os.<\/li>\n<\/ul>\n\n\n\n<p>Segundo a Sabesp, a extens\u00e3o do prazo contratual das concess\u00f5es at\u00e9 2060 para os munic\u00edpios que aderirem &#8220;representar\u00e1 a amplia\u00e7\u00e3o da dura\u00e7\u00e3o de concess\u00f5es relevantes para a companhia&#8221;, acrescentando que o Estado est\u00e1 finalizando as provid\u00eancias para envio do projeto de lei para obter autoriza\u00e7\u00e3o para a desestatiza\u00e7\u00e3o.<\/p>\n\n\n\n<h2 class=\"wp-block-heading\">Sabesp (SBSP3), Metr\u00f4 e CPTM devem entrar em greve nesta ter\u00e7a-feira (3)<\/h2>\n\n\n\n<p>Os trabalhadores da Companhia de Saneamento B\u00e1sico do Estado de S\u00e3o Paulo, a\u00a0<strong>Sabesp (SBSP3)<\/strong>, o metr\u00f4 e a Companhia Paulista de Trens Metropolitanos (CPTM) emitiram um comunicado de que v\u00e3o parar na pr\u00f3xima ter\u00e7a-feira (03 de outubro).<\/p>\n\n\n\n<p>A&nbsp;<strong>paralisa\u00e7\u00e3o da Sabesp, metr\u00f4 e CPTM&nbsp;<\/strong>acontece em decorr\u00eancia de afirma\u00e7\u00f5es do atual governador do estado, Tarc\u00edsio de Freitas, de que pretende privatizar os servi\u00e7os de transporte p\u00fablico sobre trilhos e saneamento b\u00e1sico e fornecimento de \u00e1gua de<strong>&nbsp;S\u00e3o Paulo<\/strong>.<\/p>\n\n\n\n<p>A partir das 00h do dia 03 de outubro, segundo publica\u00e7\u00e3o em do Sindicato dos Metrovi\u00e1rios de SP, os servi\u00e7os ir\u00e3o parar, em uma greve unificada de 24 horas. A paralisa\u00e7\u00e3o une as discuss\u00f5es dos tr\u00eas servi\u00e7os, indo contra:<\/p>\n\n\n\n<ul class=\"wp-block-list\">\n<li>O leil\u00e3o da Linha 7 \u2013 Rubi, que est\u00e1 para ser privatizada no in\u00edcio de 2024;<\/li>\n\n\n\n<li>A tramita\u00e7\u00e3o da&nbsp;<a href=\"https:\/\/www.suno.com.br\/noticias\/sabesp-sbsp3-governo-lanca-guia-desestatizacao-cpf\/\" target=\"_blank\" rel=\"noreferrer noopener\">privatiza\u00e7\u00e3o da Sabesp<\/a>&nbsp;na Assembleia Legislativa do Estado;<\/li>\n\n\n\n<li>As terceiriza\u00e7\u00f5es do metr\u00f4.<\/li>\n<\/ul>\n\n\n\n<p>Tamb\u00e9m no dia 03, est\u00e1 marcada uma assembleia virtual dos grupos \u00e0s 18h30 para debater as terceiriza\u00e7\u00f5es e privatiza\u00e7\u00f5es previstas. Segundo o presidente do Sindicato dos Trabalhadores em \u00c1gua, Esgoto e Meio Ambiente do Estado de S\u00e3o Paulo (Sintaema), Jos\u00e9 Antonio Faggian, espera-se reunir uma grande maioria dos profissionais de todo o estado, al\u00e9m da presen\u00e7a de parlamentares e representantes de outras categorias.<\/p>\n\n\n\t<p>\n\t\t<a href=\"https:\/\/lp.suno.com.br\/ebook-como-analisar-uma-acao\/\" target=\"_blank\" data-element=\"shortcode-suno-banner\" title=\"Banner SUNO, clique e saiba mais\">\n\t\t\t<picture>\n\t\t\t\t<source media=\"(max-width: 500px)\" srcset=\"https:\/\/files.sunoresearch.com.br\/n\/uploads\/2023\/03\/Ebook-Acoes-Mobile.jpg\">\n\t\t\t\t<img class=\"newsContent__article__imgCapa newsContent__article__imgCapa--banner\"\n\t\t\t\t\tsrc=\"https:\/\/files.sunoresearch.com.br\/n\/uploads\/2023\/03\/Ebook-Acoes-Desktop.jpg\"\n\t\t\t\t\tdata-promo-id=\"378302\"\t\t\t\t\t\t\t\t\t\twidth='1420' height='286'\t\t\t\t\talt=\"https:\/\/files.sunoresearch.com.br\/n\/uploads\/2023\/03\/Ebook-Acoes-Desktop.jpg\"\n\t\t\t\t>\n\t\t\t<\/picture>\n\t\t<\/a>\n\t<\/p>\n\n\n\n\n\n<h2 class=\"wp-block-heading\">Quais linhas de metr\u00f4 v\u00e3o parar em S\u00e3o Paulo?<\/h2>\n\n\n\n<p>No dia 3, as<strong>&nbsp;linhas de metr\u00f4<\/strong>&nbsp;que devem aderir \u00e0 greve s\u00e3o a 1-Azul, a 2-Verde, a 3-Vermelha e a 15-Prata.<\/p>\n\n\n\n<p>\u201c\u00c9 um movimento reivindicat\u00f3rio, mas tamb\u00e9m de protesto\u201d, resumiu a presidente do Sindicato dos Metrovi\u00e1rios e Metrovi\u00e1rias de S\u00e3o Paulo, Camila Duarte Lisboa.<\/p>\n\n\n\n<p>Para a Ag\u00eancia Brasil, a sindicalista mencionou que as linhas 8-Diamante e 9-Esmeralda do trem de S\u00e3o Paulo, cuja gest\u00e3o passou para a&nbsp;<strong>ViaMobilidade<\/strong>, &nbsp;apresentam falhas frequentemente e j\u00e1 registraram atrasos e descarrilamentos.<\/p>\n\n\n\n<p>A ViaMobilidade, em nota, confirmou que as linhas&nbsp;8-Diamante e 9-Esmeralda funcionar\u00e3o normalmente na pr\u00f3xima semana.<\/p>\n\n\n\n<p>As linhas 4-Amarela e 5-Lil\u00e1s tamb\u00e9m devem seguir seu funcionamento normal.<\/p>\n\n\n\n<p>A<strong>\u00a0<\/strong>greve de metr\u00f4s, CPTM e <strong>Sabesp<\/strong>\u00a0est\u00e1 marcado para a pr\u00f3xima ter\u00e7a-feira, dia 3 de outubro.<\/p>\n\n\n\n<h2 class=\"wp-block-heading\">Desempenho das a\u00e7\u00f5es da Sabesp<\/h2>\n\n\n\n<div class=\"pluginQuotation\">\n  <p class=\"ticker\">\n    Cota\u00e7\u00e3o <span>SBSP3<\/span>\n  <\/p>\n  <div class=\"info\">\n    <div class=\"leftSide\">\n      Gr\u00e1fico gerado em: 02\/10\/2023    <\/div>\n\t\t\t\t\t<div class=\"rightSide\">\n\t\t\t\t\t<span class=\"period\">\n\t\t\t\t\t\t1 Dia\t\t\t\t\t<\/span>\n\t\t\t<\/div>\n\t\t  <\/div>\n\n  <div id=\"chart-99c7aea17cf44a0cd1c95ea5cb328401\" data-block-hash=\"99c7aea17cf44a0cd1c95ea5cb328401\"  class=\"chart\" style=\"width:100%;height:400px;\"><\/div>\n\n  <div class=\"pluginQuotation__footer\">\n    <div class=\"dataChart\">\n\n      <div class=\"dataChart__div1 variation\">\n        <div class=\"value-positive\">\n          0,05 (+0,03%)        <\/div>\n        <div class=\"text\">\n          Varia\u00e7\u00e3o do per\u00edodo\n        <\/div>\n      <\/div>\n\n      <div class=\"dataChart__div2 minMax\">\n        <div class=\"value\">\n          R$\u00a060,99        <\/div>\n        <div class=\"text\">\n          M\u00ednima\n        <\/div>\n      <\/div>\n\n      <div class=\"dataChart__div3 minMax\">\n        <div class=\"value\">\n          R$\u00a062,14        <\/div>\n        <div class=\"text\">\n          M\u00e1xima\n        <\/div>\n      <\/div>\n\n\t\t\t<div class=\"dataChart__div4 rightSide\">\n\t\t\t\t<div class=\"analiticaSource\">\n\t\t\t\t\t<span>\n\t\t\t\t\t\tFonte:\n\t\t\t\t\t<\/span>\n\t\t\t\t\t<img decoding=\"async\" class=\"analiticaLogo\" src=\"https:\/\/www.suno.com.br\/noticias\/wp-content\/plugins\/suno-block-ticker-quotation\/src\/suno-analitica-logo.png\" alt=\"Logo Suno Anal\u00edtica\" \/>\n\t\t\t\t<\/div>\n\n\t\t\t\t<a href=\"https:\/\/www.suno.com.br\/analitica\/acoes\/SBSP3\" target=\"_blank\">\n\t\t\t\t\t<span>\n\t\t\t\t\t\tVer mais cota\u00e7\u00f5es\n\t\t\t\t\t<\/span>\n\t\t\t\t\t<svg xmlns=\"http:\/\/www.w3.org\/2000\/svg\" width=\"9\" height=\"8\" viewBox=\"0 0 9 8\" fill=\"none\">\n\t\t\t\t\t\t<path d=\"M4.20996 0L3.50496 0.705L6.29496 3.5H0.209961V4.5H6.29496L3.50496 7.295L4.20996 8L8.20996 4L4.20996 0Z\" fill=\"#D42126\" \/>\n\t\t\t\t\t<\/svg>\n\t\t\t\t<\/a>\n    <\/div>\n\n    <\/div>\n  <\/div>\n<\/div>\n\n\n<script type=\"text\/javascript\">\n  let chart_99c7aea17cf44a0cd1c95ea5cb328401 = document.getElementById('chart-99c7aea17cf44a0cd1c95ea5cb328401');\n  let data_json_99c7aea17cf44a0cd1c95ea5cb328401 = \"[{\\\"date\\\":\\\"02\\\\\\\/10\\\\\\\/23 10:00\\\",\\\"value\\\":61.21},{\\\"date\\\":\\\"02\\\\\\\/10\\\\\\\/23 10:02\\\",\\\"value\\\":60.99},{\\\"date\\\":\\\"02\\\\\\\/10\\\\\\\/23 10:04\\\",\\\"value\\\":61.1},{\\\"date\\\":\\\"02\\\\\\\/10\\\\\\\/23 10:06\\\",\\\"value\\\":61.21},{\\\"date\\\":\\\"02\\\\\\\/10\\\\\\\/23 10:08\\\",\\\"value\\\":61.34},{\\\"date\\\":\\\"02\\\\\\\/10\\\\\\\/23 10:10\\\",\\\"value\\\":61.76},{\\\"date\\\":\\\"02\\\\\\\/10\\\\\\\/23 10:12\\\",\\\"value\\\":61.57},{\\\"date\\\":\\\"02\\\\\\\/10\\\\\\\/23 10:14\\\",\\\"value\\\":62.14},{\\\"date\\\":\\\"02\\\\\\\/10\\\\\\\/23 10:16\\\",\\\"value\\\":62.08},{\\\"date\\\":\\\"02\\\\\\\/10\\\\\\\/23 10:18\\\",\\\"value\\\":62.06},{\\\"date\\\":\\\"02\\\\\\\/10\\\\\\\/23 10:20\\\",\\\"value\\\":61.24}]\";\n  let isPositive_99c7aea17cf44a0cd1c95ea5cb328401 = true;\n\n  let color_99c7aea17cf44a0cd1c95ea5cb328401 = isPositive_99c7aea17cf44a0cd1c95ea5cb328401 ? '#3AB53A' : '#D92C2D';\n\n  let data_99c7aea17cf44a0cd1c95ea5cb328401 = JSON.parse(data_json_99c7aea17cf44a0cd1c95ea5cb328401);\n\n  const result_99c7aea17cf44a0cd1c95ea5cb328401 = {\n    date: [],\n    value: [],\n  };\n\n  data_99c7aea17cf44a0cd1c95ea5cb328401.forEach((item) => {\n    result_99c7aea17cf44a0cd1c95ea5cb328401.date.push(item.date);\n    result_99c7aea17cf44a0cd1c95ea5cb328401.value.push(Number(item.value));\n  });\n\n  let option_99c7aea17cf44a0cd1c95ea5cb328401 = {\n    \/\/ variavel de cor global\n    color: [color_99c7aea17cf44a0cd1c95ea5cb328401],\n    title: {\n      text: '',\n    },\n    tooltip: {\n      trigger: 'axis',\n      axisPointer: {\n        type: 'cross',\n        label: {\n          \/\/ cor dos valores em X e Y\n          backgroundColor: color_99c7aea17cf44a0cd1c95ea5cb328401,\n          formatter: (value) => {\n            if (typeof value.value === 'number') {\n              return Number(value.value).toLocaleString('pt-br', {\n                style: 'currency',\n                currency: 'BRL'\n              });\n            }\n            return value.value;\n          },\n        },\n      },\n      valueFormatter: (value) => Number(value).toLocaleString('pt-br', {\n        style: 'currency',\n        currency: 'BRL'\n      }),\n    },\n    legend: {\n      \/\/ data: ['Valor de Fechamento'],\n      show: false,\n    },\n    toolbox: {\n      feature: {\n        saveAsImage: {\n          show: false,\n        },\n      },\n    },\n    grid: {\n      left: '0px',\n      right: '0px',\n      bottom: '0px',\n      containLabel: true,\n    },\n    xAxis: [{\n      type: 'category',\n      data: result_99c7aea17cf44a0cd1c95ea5cb328401.date,\n      boundaryGap: true,\n    }],\n    yAxis: [{\n      type: 'value',\n      min: Math.min(...result_99c7aea17cf44a0cd1c95ea5cb328401.value),\n      max: Math.max(...result_99c7aea17cf44a0cd1c95ea5cb328401.value),\n      axisLabel: {\n        formatter: (value) => value.toLocaleString('pt-br', {\n          style: 'currency',\n          currency: 'BRL'\n        }),\n      },\n    }],\n    series: [{\n      name: 'Valor de Fechamento',\n      type: 'line',\n      stack: 'Total',\n      \/\/ cor do grafico\n      areaStyle: {},\n      emphasis: {\n        focus: 'series',\n      },\n      data: result_99c7aea17cf44a0cd1c95ea5cb328401.value,\n      \/\/ cor da linha\n      lineStyle: {\n        color: color_99c7aea17cf44a0cd1c95ea5cb328401,\n      },\n    }, ],\n  };\n\n\twindow.chart_99c7aea17cf44a0cd1c95ea5cb328401 = {\n\t\tel: chart_99c7aea17cf44a0cd1c95ea5cb328401,\n\t\toption: option_99c7aea17cf44a0cd1c95ea5cb328401\t};\n\n\n<\/script>\n\n\n\t<p>\n\t\t<a href=\"https:\/\/lp.suno.com.br\/planilha-da-vida-financeira\/\" target=\"_blank\" data-element=\"shortcode-suno-banner\" title=\"Banner SUNO, clique e saiba mais\">\n\t\t\t<picture>\n\t\t\t\t<source media=\"(max-width: 500px)\" srcset=\"https:\/\/files.sunoresearch.com.br\/n\/uploads\/2023\/04\/400x300-Planilha-vida-financeira-true.png\">\n\t\t\t\t<img class=\"newsContent__article__imgCapa newsContent__article__imgCapa--banner\"\n\t\t\t\t\tsrc=\"https:\/\/files.sunoresearch.com.br\/n\/uploads\/2023\/04\/1420x240-Planilha-vida-financeira-true.png\"\n\t\t\t\t\tdata-promo-id=\"383123\"\t\t\t\t\t\t\t\t\t\twidth='1420' height='240'\t\t\t\t\talt=\"https:\/\/files.sunoresearch.com.br\/n\/uploads\/2023\/04\/1420x240-Planilha-vida-financeira-true.png\"\n\t\t\t\t>\n\t\t\t<\/picture>\n\t\t<\/a>\n\t<\/p>\n\n\n","protected":false},"excerpt":{"rendered":"<p>A Sabesp (SBSP3) informou por meio de fato relevante que o Estado de S\u00e3o Paulo enviou of\u00edcios aos munic\u00edpios operados pela companhia com propostas de altera\u00e7\u00f5es nas condi\u00e7\u00f5es dos contratos de concess\u00e3o em vigor, em linha com o novo Marco Legal do Saneamento. Sabesp (SBSP3). Foto: Divulga\u00e7\u00e3o Segundo o texto, o novo contrato prev\u00ea: Ainda [&hellip;]<\/p>\n","protected":false},"author":313,"featured_media":378892,"comment_status":"closed","ping_status":"closed","sticky":false,"template":"","format":"standard","meta":[],"categories":[64],"tags":[106765],"suno_strategy":[],"class_list":["post-464655","post","type-post","status-publish","format-standard","has-post-thumbnail","hentry","category-negocios","tag-sabesp-sbsp3"],"yoast_head":"<!-- This site is optimized with the Yoast SEO plugin v24.4 - https:\/\/yoast.com\/wordpress\/plugins\/seo\/ -->\n<title>Sabesp (SBSP3) envia proposta de altera\u00e7\u00e3o dos contratos de concess\u00e3o<\/title>\n<meta name=\"description\" content=\"A Sabesp enviou of\u00edcios aos munic\u00edpios operados pela companhia com propostas de altera\u00e7\u00f5es nas condi\u00e7\u00f5es dos contratos de concess\u00e3o em vigor.\" \/>\n<meta name=\"robots\" content=\"index, follow, max-snippet:-1, max-image-preview:large, max-video-preview:-1\" \/>\n<link rel=\"canonical\" href=\"https:\/\/www.suno.com.br\/noticias\/sabesp-sbsp3-municipios-alteracao-concessao-gpj\/\" \/>\n<meta property=\"og:locale\" content=\"pt_BR\" \/>\n<meta property=\"og:type\" content=\"article\" \/>\n<meta property=\"og:title\" content=\"Sabesp (SBSP3) envia proposta de altera\u00e7\u00e3o dos contratos de concess\u00e3o\" \/>\n<meta property=\"og:description\" content=\"A Sabesp enviou of\u00edcios aos munic\u00edpios operados pela companhia com propostas de altera\u00e7\u00f5es nas condi\u00e7\u00f5es dos contratos de concess\u00e3o em vigor.\" \/>\n<meta property=\"og:url\" content=\"https:\/\/www.suno.com.br\/noticias\/sabesp-sbsp3-municipios-alteracao-concessao-gpj\/\" \/>\n<meta property=\"og:site_name\" content=\"Suno Not\u00edcias\" \/>\n<meta property=\"article:publisher\" content=\"https:\/\/facebook.com\/sunoresearch\" \/>\n<meta property=\"og:image\" content=\"https:\/\/files.sunoresearch.com.br\/n\/uploads\/2023\/03\/sabesp-sbsp3-privatizacao-saiba-mais-foto-divulgacao.jpg\" \/>\n\t<meta property=\"og:image:width\" content=\"1200\" \/>\n\t<meta property=\"og:image:height\" content=\"675\" \/>\n\t<meta property=\"og:image:type\" content=\"image\/jpeg\" \/>\n<meta name=\"author\" content=\"Giovanni Porf\u00edrio Jacomino\" \/>\n<meta name=\"twitter:card\" content=\"summary_large_image\" \/>\n<meta name=\"twitter:creator\" content=\"@sunoresearch\" \/>\n<meta name=\"twitter:site\" content=\"@sunoresearch\" \/>\n<meta name=\"twitter:label1\" content=\"Escrito por\" \/>\n\t<meta name=\"twitter:data1\" content=\"Giovanni Porf\u00edrio Jacomino\" \/>\n\t<meta name=\"twitter:label2\" content=\"Est. tempo de leitura\" \/>\n\t<meta name=\"twitter:data2\" content=\"4 minutos\" \/>\n<script type=\"application\/ld+json\" class=\"yoast-schema-graph\">{\"@context\":\"https:\/\/schema.org\",\"@graph\":[{\"@type\":\"NewsArticle\",\"@id\":\"https:\/\/www.suno.com.br\/noticias\/sabesp-sbsp3-municipios-alteracao-concessao-gpj\/#article\",\"isPartOf\":{\"@id\":\"https:\/\/www.suno.com.br\/noticias\/sabesp-sbsp3-municipios-alteracao-concessao-gpj\/\"},\"author\":{\"name\":\"Giovanni Porf\u00edrio Jacomino\",\"@id\":\"https:\/\/www.suno.com.br\/noticias\/#\/schema\/person\/d0f32748bbca4bee871fa191ee4e2d40\"},\"headline\":\"Sabesp (SBSP3) envia aos munic\u00edpios proposta de altera\u00e7\u00e3o dos contratos de concess\u00e3o\",\"datePublished\":\"2023-10-02T14:22:32+00:00\",\"dateModified\":\"2023-10-02T14:22:40+00:00\",\"mainEntityOfPage\":{\"@id\":\"https:\/\/www.suno.com.br\/noticias\/sabesp-sbsp3-municipios-alteracao-concessao-gpj\/\"},\"wordCount\":830,\"publisher\":{\"@id\":\"https:\/\/www.suno.com.br\/noticias\/#organization\"},\"image\":{\"@id\":\"https:\/\/www.suno.com.br\/noticias\/sabesp-sbsp3-municipios-alteracao-concessao-gpj\/#primaryimage\"},\"thumbnailUrl\":\"https:\/\/files.sunoresearch.com.br\/n\/uploads\/2023\/03\/sabesp-sbsp3-privatizacao-saiba-mais-foto-divulgacao.jpg\",\"keywords\":[\"Sabesp (SBSP3)\"],\"articleSection\":[\"Neg\u00f3cios\"],\"inLanguage\":\"pt-BR\"},{\"@type\":\"WebPage\",\"@id\":\"https:\/\/www.suno.com.br\/noticias\/sabesp-sbsp3-municipios-alteracao-concessao-gpj\/\",\"url\":\"https:\/\/www.suno.com.br\/noticias\/sabesp-sbsp3-municipios-alteracao-concessao-gpj\/\",\"name\":\"Sabesp (SBSP3) envia proposta de altera\u00e7\u00e3o dos contratos de concess\u00e3o\",\"isPartOf\":{\"@id\":\"https:\/\/www.suno.com.br\/noticias\/#website\"},\"primaryImageOfPage\":{\"@id\":\"https:\/\/www.suno.com.br\/noticias\/sabesp-sbsp3-municipios-alteracao-concessao-gpj\/#primaryimage\"},\"image\":{\"@id\":\"https:\/\/www.suno.com.br\/noticias\/sabesp-sbsp3-municipios-alteracao-concessao-gpj\/#primaryimage\"},\"thumbnailUrl\":\"https:\/\/files.sunoresearch.com.br\/n\/uploads\/2023\/03\/sabesp-sbsp3-privatizacao-saiba-mais-foto-divulgacao.jpg\",\"datePublished\":\"2023-10-02T14:22:32+00:00\",\"dateModified\":\"2023-10-02T14:22:40+00:00\",\"description\":\"A Sabesp enviou of\u00edcios aos munic\u00edpios operados pela companhia com propostas de altera\u00e7\u00f5es nas condi\u00e7\u00f5es dos contratos de concess\u00e3o em vigor.\",\"breadcrumb\":{\"@id\":\"https:\/\/www.suno.com.br\/noticias\/sabesp-sbsp3-municipios-alteracao-concessao-gpj\/#breadcrumb\"},\"inLanguage\":\"pt-BR\",\"potentialAction\":[{\"@type\":\"ReadAction\",\"target\":[\"https:\/\/www.suno.com.br\/noticias\/sabesp-sbsp3-municipios-alteracao-concessao-gpj\/\"]}]},{\"@type\":\"ImageObject\",\"inLanguage\":\"pt-BR\",\"@id\":\"https:\/\/www.suno.com.br\/noticias\/sabesp-sbsp3-municipios-alteracao-concessao-gpj\/#primaryimage\",\"url\":\"https:\/\/files.sunoresearch.com.br\/n\/uploads\/2023\/03\/sabesp-sbsp3-privatizacao-saiba-mais-foto-divulgacao.jpg\",\"contentUrl\":\"https:\/\/files.sunoresearch.com.br\/n\/uploads\/2023\/03\/sabesp-sbsp3-privatizacao-saiba-mais-foto-divulgacao.jpg\",\"width\":1200,\"height\":675,\"caption\":\"Sabesp (SBSP3). Foto: Divulga\u00e7\u00e3o\"},{\"@type\":\"BreadcrumbList\",\"@id\":\"https:\/\/www.suno.com.br\/noticias\/sabesp-sbsp3-municipios-alteracao-concessao-gpj\/#breadcrumb\",\"itemListElement\":[{\"@type\":\"ListItem\",\"position\":1,\"name\":\"Not\u00edcias\",\"item\":\"https:\/\/www.suno.com.br\/noticias\/\"},{\"@type\":\"ListItem\",\"position\":2,\"name\":\"Neg\u00f3cios\",\"item\":\"https:\/\/www.suno.com.br\/noticias\/negocios\/\"},{\"@type\":\"ListItem\",\"position\":3,\"name\":\"Sabesp (SBSP3) envia aos munic\u00edpios proposta de altera\u00e7\u00e3o dos contratos de concess\u00e3o\"}]},{\"@type\":\"WebSite\",\"@id\":\"https:\/\/www.suno.com.br\/noticias\/#website\",\"url\":\"https:\/\/www.suno.com.br\/noticias\/\",\"name\":\"Suno Not\u00edcias\",\"description\":\"Seu portal de informa\u00e7\u00e3o sobre o mundo dos investimentos\",\"publisher\":{\"@id\":\"https:\/\/www.suno.com.br\/noticias\/#organization\"},\"potentialAction\":[{\"@type\":\"SearchAction\",\"target\":{\"@type\":\"EntryPoint\",\"urlTemplate\":\"https:\/\/www.suno.com.br\/noticias\/?s={search_term_string}\"},\"query-input\":{\"@type\":\"PropertyValueSpecification\",\"valueRequired\":true,\"valueName\":\"search_term_string\"}}],\"inLanguage\":\"pt-BR\"},{\"@type\":\"Organization\",\"@id\":\"https:\/\/www.suno.com.br\/noticias\/#organization\",\"name\":\"Suno Not\u00edcias\",\"url\":\"https:\/\/www.suno.com.br\/noticias\/\",\"logo\":{\"@type\":\"ImageObject\",\"inLanguage\":\"pt-BR\",\"@id\":\"https:\/\/www.suno.com.br\/noticias\/#\/schema\/logo\/image\/\",\"url\":\"https:\/\/files.sunoresearch.com.br\/n\/uploads\/2021\/09\/suno-logo.png\",\"contentUrl\":\"https:\/\/files.sunoresearch.com.br\/n\/uploads\/2021\/09\/suno-logo.png\",\"width\":180,\"height\":180,\"caption\":\"Suno Not\u00edcias\"},\"image\":{\"@id\":\"https:\/\/www.suno.com.br\/noticias\/#\/schema\/logo\/image\/\"},\"sameAs\":[\"https:\/\/facebook.com\/sunoresearch\",\"https:\/\/x.com\/sunoresearch\",\"https:\/\/www.instagram.com\/suno\",\"https:\/\/www.linkedin.com\/company\/suno-research\/\",\"https:\/\/www.youtube.com\/c\/sunoresearch\"]},{\"@type\":\"Person\",\"@id\":\"https:\/\/www.suno.com.br\/noticias\/#\/schema\/person\/d0f32748bbca4bee871fa191ee4e2d40\",\"name\":\"Giovanni Porf\u00edrio Jacomino\",\"image\":{\"@type\":\"ImageObject\",\"inLanguage\":\"pt-BR\",\"@id\":\"https:\/\/www.suno.com.br\/noticias\/#\/schema\/person\/image\/\",\"url\":\"https:\/\/secure.gravatar.com\/avatar\/efb32e19b730a121cb7a80f41ffec01a?s=96&r=g\",\"contentUrl\":\"https:\/\/secure.gravatar.com\/avatar\/efb32e19b730a121cb7a80f41ffec01a?s=96&r=g\",\"caption\":\"Giovanni Porf\u00edrio Jacomino\"},\"description\":\"Giovanni Porf\u00edrio Jacomino \u00e9 jornalista formado pela Universidade Estadual de Londrina (UEL) e p\u00f3s-graduado em Produ\u00e7\u00e3o e Pr\u00e1ticas Jornal\u00edsticas na Contemporaneidade na Faculdade C\u00e1sper L\u00edbero (FCL). Foi editor web no Startupi e no Finsiders, atuando ainda como editor no TC Mover, portal de not\u00edcias da TradersClub, fazendo a cobertura de assuntos relacionados ao mercado financeiro interno e externo. Atualmente, \u00e9 Rep\u00f3rter do Suno Not\u00edcias.\",\"url\":\"https:\/\/www.suno.com.br\/noticias\/author\/giovanni-porfiriosuno-com-br\/\"}]}<\/script>\n<!-- \/ Yoast SEO plugin. -->","yoast_head_json":{"title":"Sabesp (SBSP3) envia proposta de altera\u00e7\u00e3o dos contratos de concess\u00e3o","description":"A Sabesp enviou of\u00edcios aos munic\u00edpios operados pela companhia com propostas de altera\u00e7\u00f5es nas condi\u00e7\u00f5es dos contratos de concess\u00e3o em vigor.","robots":{"index":"index","follow":"follow","max-snippet":"max-snippet:-1","max-image-preview":"max-image-preview:large","max-video-preview":"max-video-preview:-1"},"canonical":"https:\/\/www.suno.com.br\/noticias\/sabesp-sbsp3-municipios-alteracao-concessao-gpj\/","og_locale":"pt_BR","og_type":"article","og_title":"Sabesp (SBSP3) envia proposta de altera\u00e7\u00e3o dos contratos de concess\u00e3o","og_description":"A Sabesp enviou of\u00edcios aos munic\u00edpios operados pela companhia com propostas de altera\u00e7\u00f5es nas condi\u00e7\u00f5es dos contratos de concess\u00e3o em vigor.","og_url":"https:\/\/www.suno.com.br\/noticias\/sabesp-sbsp3-municipios-alteracao-concessao-gpj\/","og_site_name":"Suno Not\u00edcias","article_publisher":"https:\/\/facebook.com\/sunoresearch","og_image":[{"width":1200,"height":675,"url":"https:\/\/files.sunoresearch.com.br\/n\/uploads\/2023\/03\/sabesp-sbsp3-privatizacao-saiba-mais-foto-divulgacao.jpg","type":"image\/jpeg"}],"author":"Giovanni Porf\u00edrio Jacomino","twitter_card":"summary_large_image","twitter_creator":"@sunoresearch","twitter_site":"@sunoresearch","twitter_misc":{"Escrito por":"Giovanni Porf\u00edrio Jacomino","Est. tempo de leitura":"4 minutos"},"schema":{"@context":"https:\/\/schema.org","@graph":[{"@type":"NewsArticle","@id":"https:\/\/www.suno.com.br\/noticias\/sabesp-sbsp3-municipios-alteracao-concessao-gpj\/#article","isPartOf":{"@id":"https:\/\/www.suno.com.br\/noticias\/sabesp-sbsp3-municipios-alteracao-concessao-gpj\/"},"author":{"name":"Giovanni Porf\u00edrio Jacomino","@id":"https:\/\/www.suno.com.br\/noticias\/#\/schema\/person\/d0f32748bbca4bee871fa191ee4e2d40"},"headline":"Sabesp (SBSP3) envia aos munic\u00edpios proposta de altera\u00e7\u00e3o dos contratos de concess\u00e3o","datePublished":"2023-10-02T14:22:32+00:00","dateModified":"2023-10-02T14:22:40+00:00","mainEntityOfPage":{"@id":"https:\/\/www.suno.com.br\/noticias\/sabesp-sbsp3-municipios-alteracao-concessao-gpj\/"},"wordCount":830,"publisher":{"@id":"https:\/\/www.suno.com.br\/noticias\/#organization"},"image":{"@id":"https:\/\/www.suno.com.br\/noticias\/sabesp-sbsp3-municipios-alteracao-concessao-gpj\/#primaryimage"},"thumbnailUrl":"https:\/\/files.sunoresearch.com.br\/n\/uploads\/2023\/03\/sabesp-sbsp3-privatizacao-saiba-mais-foto-divulgacao.jpg","keywords":["Sabesp (SBSP3)"],"articleSection":["Neg\u00f3cios"],"inLanguage":"pt-BR"},{"@type":"WebPage","@id":"https:\/\/www.suno.com.br\/noticias\/sabesp-sbsp3-municipios-alteracao-concessao-gpj\/","url":"https:\/\/www.suno.com.br\/noticias\/sabesp-sbsp3-municipios-alteracao-concessao-gpj\/","name":"Sabesp (SBSP3) envia proposta de altera\u00e7\u00e3o dos contratos de concess\u00e3o","isPartOf":{"@id":"https:\/\/www.suno.com.br\/noticias\/#website"},"primaryImageOfPage":{"@id":"https:\/\/www.suno.com.br\/noticias\/sabesp-sbsp3-municipios-alteracao-concessao-gpj\/#primaryimage"},"image":{"@id":"https:\/\/www.suno.com.br\/noticias\/sabesp-sbsp3-municipios-alteracao-concessao-gpj\/#primaryimage"},"thumbnailUrl":"https:\/\/files.sunoresearch.com.br\/n\/uploads\/2023\/03\/sabesp-sbsp3-privatizacao-saiba-mais-foto-divulgacao.jpg","datePublished":"2023-10-02T14:22:32+00:00","dateModified":"2023-10-02T14:22:40+00:00","description":"A Sabesp enviou of\u00edcios aos munic\u00edpios operados pela companhia com propostas de altera\u00e7\u00f5es nas condi\u00e7\u00f5es dos contratos de concess\u00e3o em vigor.","breadcrumb":{"@id":"https:\/\/www.suno.com.br\/noticias\/sabesp-sbsp3-municipios-alteracao-concessao-gpj\/#breadcrumb"},"inLanguage":"pt-BR","potentialAction":[{"@type":"ReadAction","target":["https:\/\/www.suno.com.br\/noticias\/sabesp-sbsp3-municipios-alteracao-concessao-gpj\/"]}]},{"@type":"ImageObject","inLanguage":"pt-BR","@id":"https:\/\/www.suno.com.br\/noticias\/sabesp-sbsp3-municipios-alteracao-concessao-gpj\/#primaryimage","url":"https:\/\/files.sunoresearch.com.br\/n\/uploads\/2023\/03\/sabesp-sbsp3-privatizacao-saiba-mais-foto-divulgacao.jpg","contentUrl":"https:\/\/files.sunoresearch.com.br\/n\/uploads\/2023\/03\/sabesp-sbsp3-privatizacao-saiba-mais-foto-divulgacao.jpg","width":1200,"height":675,"caption":"Sabesp (SBSP3). Foto: Divulga\u00e7\u00e3o"},{"@type":"BreadcrumbList","@id":"https:\/\/www.suno.com.br\/noticias\/sabesp-sbsp3-municipios-alteracao-concessao-gpj\/#breadcrumb","itemListElement":[{"@type":"ListItem","position":1,"name":"Not\u00edcias","item":"https:\/\/www.suno.com.br\/noticias\/"},{"@type":"ListItem","position":2,"name":"Neg\u00f3cios","item":"https:\/\/www.suno.com.br\/noticias\/negocios\/"},{"@type":"ListItem","position":3,"name":"Sabesp (SBSP3) envia aos munic\u00edpios proposta de altera\u00e7\u00e3o dos contratos de concess\u00e3o"}]},{"@type":"WebSite","@id":"https:\/\/www.suno.com.br\/noticias\/#website","url":"https:\/\/www.suno.com.br\/noticias\/","name":"Suno Not\u00edcias","description":"Seu portal de informa\u00e7\u00e3o sobre o mundo dos investimentos","publisher":{"@id":"https:\/\/www.suno.com.br\/noticias\/#organization"},"potentialAction":[{"@type":"SearchAction","target":{"@type":"EntryPoint","urlTemplate":"https:\/\/www.suno.com.br\/noticias\/?s={search_term_string}"},"query-input":{"@type":"PropertyValueSpecification","valueRequired":true,"valueName":"search_term_string"}}],"inLanguage":"pt-BR"},{"@type":"Organization","@id":"https:\/\/www.suno.com.br\/noticias\/#organization","name":"Suno Not\u00edcias","url":"https:\/\/www.suno.com.br\/noticias\/","logo":{"@type":"ImageObject","inLanguage":"pt-BR","@id":"https:\/\/www.suno.com.br\/noticias\/#\/schema\/logo\/image\/","url":"https:\/\/files.sunoresearch.com.br\/n\/uploads\/2021\/09\/suno-logo.png","contentUrl":"https:\/\/files.sunoresearch.com.br\/n\/uploads\/2021\/09\/suno-logo.png","width":180,"height":180,"caption":"Suno Not\u00edcias"},"image":{"@id":"https:\/\/www.suno.com.br\/noticias\/#\/schema\/logo\/image\/"},"sameAs":["https:\/\/facebook.com\/sunoresearch","https:\/\/x.com\/sunoresearch","https:\/\/www.instagram.com\/suno","https:\/\/www.linkedin.com\/company\/suno-research\/","https:\/\/www.youtube.com\/c\/sunoresearch"]},{"@type":"Person","@id":"https:\/\/www.suno.com.br\/noticias\/#\/schema\/person\/d0f32748bbca4bee871fa191ee4e2d40","name":"Giovanni Porf\u00edrio Jacomino","image":{"@type":"ImageObject","inLanguage":"pt-BR","@id":"https:\/\/www.suno.com.br\/noticias\/#\/schema\/person\/image\/","url":"https:\/\/secure.gravatar.com\/avatar\/efb32e19b730a121cb7a80f41ffec01a?s=96&r=g","contentUrl":"https:\/\/secure.gravatar.com\/avatar\/efb32e19b730a121cb7a80f41ffec01a?s=96&r=g","caption":"Giovanni Porf\u00edrio Jacomino"},"description":"Giovanni Porf\u00edrio Jacomino \u00e9 jornalista formado pela Universidade Estadual de Londrina (UEL) e p\u00f3s-graduado em Produ\u00e7\u00e3o e Pr\u00e1ticas Jornal\u00edsticas na Contemporaneidade na Faculdade C\u00e1sper L\u00edbero (FCL). Foi editor web no Startupi e no Finsiders, atuando ainda como editor no TC Mover, portal de not\u00edcias da TradersClub, fazendo a cobertura de assuntos relacionados ao mercado financeiro interno e externo. Atualmente, \u00e9 Rep\u00f3rter do Suno Not\u00edcias.","url":"https:\/\/www.suno.com.br\/noticias\/author\/giovanni-porfiriosuno-com-br\/"}]}},"default_loop_html":"<div class=\"cardsPage__listCard__boxs\"><div class=\"cardsPage__listCard__boxs__img\"><a href=\"https:\/\/www.suno.com.br\/noticias\/sabesp-sbsp3-municipios-alteracao-concessao-gpj\/\"><img class=\"mask\" src=\"https:\/\/www.suno.com.br\/noticias\/wp-content\/themes\/suno\/resources\/images\/spotlight\/spotlight1img\/bg-mask.png\" alt=\"Image Mask\"\/><img src=\"https:\/\/files.sunoresearch.com.br\/n\/uploads\/2023\/03\/sabesp-sbsp3-privatizacao-saiba-mais-foto-divulgacao-400x200.jpg\" alt=\"Sabesp (SBSP3) envia aos munic\u00edpios proposta de altera\u00e7\u00e3o dos contratos de concess\u00e3o\"\/><\/a><span class=\"spotlightCategory\"><a href=\"https:\/\/www.suno.com.br\/noticias\/negocios\/\">Neg\u00f3cios<\/a><\/span><\/div><div class=\"cardsPage__listCard__boxs__content\"><a href=\"https:\/\/www.suno.com.br\/noticias\/sabesp-sbsp3-municipios-alteracao-concessao-gpj\/\"><h2 class=\"content__title\">Sabesp (SBSP3) envia aos munic\u00edpios proposta de altera\u00e7\u00e3o dos contratos de concess\u00e3o<\/h2><\/a><div class=\"newsContent__article__meta\"><div class=\"newsContent__article__meta__authorBox\"><a href=\"https:\/\/www.suno.com.br\/noticias\/author\/giovanni-porfiriosuno-com-br\/\" class=\"authorBox__avatar noMobi\"><img src=\"https:\/\/files.sunoresearch.com.br\/n\/uploads\/2024\/05\/DSCF4115-1-1-150x150.webp\" alt=\"Giovanni Porf\u00edrio Jacomino\"><\/a><div class=\"authorBox__name\"><span>por\n\t\t\t<a href=\"https:\/\/www.suno.com.br\/noticias\/author\/giovanni-porfiriosuno-com-br\/\"><span itemprop=\"author\">Giovanni Porf\u00edrio Jacomino<\/span><\/a><\/span><time datetime=\"2023-10-02T11:22:32-03:00\" itemprop=\"datePublished\">02\/10\/2023 11:22<\/time><\/div><\/div><\/div><\/div><\/div>","single_layout":"posts","amp_enabled":true,"_links":{"self":[{"href":"https:\/\/www.suno.com.br\/noticias\/wp-json\/wp\/v2\/posts\/464655"}],"collection":[{"href":"https:\/\/www.suno.com.br\/noticias\/wp-json\/wp\/v2\/posts"}],"about":[{"href":"https:\/\/www.suno.com.br\/noticias\/wp-json\/wp\/v2\/types\/post"}],"author":[{"embeddable":true,"href":"https:\/\/www.suno.com.br\/noticias\/wp-json\/wp\/v2\/users\/313"}],"replies":[{"embeddable":true,"href":"https:\/\/www.suno.com.br\/noticias\/wp-json\/wp\/v2\/comments?post=464655"}],"version-history":[{"count":3,"href":"https:\/\/www.suno.com.br\/noticias\/wp-json\/wp\/v2\/posts\/464655\/revisions"}],"predecessor-version":[{"id":464678,"href":"https:\/\/www.suno.com.br\/noticias\/wp-json\/wp\/v2\/posts\/464655\/revisions\/464678"}],"wp:featuredmedia":[{"embeddable":true,"href":"https:\/\/www.suno.com.br\/noticias\/wp-json\/wp\/v2\/media\/378892"}],"wp:attachment":[{"href":"https:\/\/www.suno.com.br\/noticias\/wp-json\/wp\/v2\/media?parent=464655"}],"wp:term":[{"taxonomy":"category","embeddable":true,"href":"https:\/\/www.suno.com.br\/noticias\/wp-json\/wp\/v2\/categories?post=464655"},{"taxonomy":"post_tag","embeddable":true,"href":"https:\/\/www.suno.com.br\/noticias\/wp-json\/wp\/v2\/tags?post=464655"},{"taxonomy":"suno_strategy","embeddable":true,"href":"https:\/\/www.suno.com.br\/noticias\/wp-json\/wp\/v2\/suno_strategy?post=464655"}],"curies":[{"name":"wp","href":"https:\/\/api.w.org\/{rel}","templated":true}]}}