{"id":46450,"date":"2019-12-03T10:10:22","date_gmt":"2019-12-03T12:10:22","guid":{"rendered":"https:\/\/www.suno.com.br\/noticias\/?p=46450"},"modified":"2019-12-06T14:46:27","modified_gmt":"2019-12-06T16:46:27","slug":"pib-cresce-em-relacao-ao-2t19-184-trilhao","status":"publish","type":"post","link":"https:\/\/www.suno.com.br\/noticias\/pib-cresce-em-relacao-ao-2t19-184-trilhao\/","title":{"rendered":"PIB cresce 0,6% em rela\u00e7\u00e3o ao 2T19 e chega a R$ 1,84 trilh\u00e3o"},"content":{"rendered":"<p>O <a href=\"https:\/\/www.suno.com.br\/artigos\/pib-produto-interno-bruto\/\">Produto Interno Bruto (PIB)<\/a> cresceu 0,6% no terceiro trimestre ante ao segundo trimestre deste ano, levando em considera\u00e7\u00e3o o ajuste sazonal. Em rela\u00e7\u00e3o ao mesmo per\u00edodo de 2018, o crescimento foi de 1,2%. Os indicadores foram publicados nesta ter\u00e7a-feira (3) pelo <strong>Instituto Brasileiro de Geografia e Estat\u00edstica (IBGE)<\/strong>.<\/p>\t<div class=\"wrapper-featured-image\">\n\t\t<figure class=\"spotlightImg\">\n\n\t\t\t<picture>\n\t\t\t\t<source media=\"(max-width: 768px)\" srcset=\"https:\/\/files.sunoresearch.com.br\/n\/uploads\/2018\/10\/b3d8933a-eleitores-brasileiros-400x200.webp\">\n\t\t\t\t<img loading=\"lazy\" decoding=\"async\" class=\"newsContent__article__imgCapa lazyloadDisabled newsContent__article__imgCapa--noCaption\" src=\"https:\/\/files.sunoresearch.com.br\/n\/uploads\/2018\/10\/b3d8933a-eleitores-brasileiros-800x450.webp\" width=\"800\" height=\"450\" alt=\"PIB cresce 0,6% em rela\u00e7\u00e3o ao 2T19 e chega a R$ 1,84 trilh\u00e3o\" fetchpriority=high \/>\n\t\t\t<\/picture>\n\n\t\t\t<figcaption class=\"wp-caption-text wp-caption-text--hide\">IBC-Br recua 5,9% em mar\u00e7o devido \u00e0 pandemia do coronav\u00edrus<\/figcaption>\n\t\t<\/figure>\n\t<\/div>\n\n\n\n<p>No acumulado de 12 meses registrados no final de setembro, o <strong>PIB<\/strong> registrou crescimento de 1,0%, frente aos quatro trimestres anteriores. J\u00e1 no acumulado de 2019, o PIB aumentou 1,0%, em rela\u00e7\u00e3o a igual per\u00edodo do ano passado.<\/p>\n<p>Em valores correntes, o PIB atingiu R$ 1,842 trilh\u00e3o no intervalo de julho-setembro, sendo que R$ 1,582 trilh\u00e3o s\u00e3o referentes ao <strong>Valor Adicionado<\/strong> e R$ 259,7 bilh\u00f5es aos <strong>Impostos sobre Produtos L\u00edquidos de Subs\u00eddios<\/strong>. Os maiores crescimentos no terceiro trimestre foram:<\/p>\n<ul>\n<li>Agropecu\u00e1ria (1,3%)<\/li>\n<li>Ind\u00fastria (0,8%)<\/li>\n<li>Servi\u00e7os (0,4%)<\/li>\n<\/ul>\n<p>A alta na Ind\u00fastria \u00e9 referente \u00e0s Ind\u00fastrias Extrativas (crescimento de 12,0%, conduzida pelo crescimento da extra\u00e7\u00e3o de petr\u00f3leo) e \u00e0 Constru\u00e7\u00e3o (1,3%). Apresentaram queda no trimestre <strong>Eletricidade e g\u00e1s, \u00e1gua, esgoto, atividades de gest\u00e3o de res\u00edduos<\/strong> (-0,9%) e <strong>Ind\u00fastrias de Transforma\u00e7\u00e3o<\/strong> (-1,0%).<\/p>\n<p><a href=\"https:\/\/www.suno.com.br\/noticias\/balanca-comercial-superavit-us-3-bilhoes-novembro\/\">Saiba mais: Balan\u00e7a comercial registra super\u00e1vit de US$ 3,4 bilh\u00f5es em novembro<\/a><\/p>\n<p>J\u00e1 setor externo, as <a href=\"https:\/\/www.suno.com.br\/artigos\/comercio-internacional\/\"><strong>Exporta\u00e7\u00f5es de Bens e Servi\u00e7os<\/strong><\/a> diminu\u00edram 2,8%, enquanto as <strong>Importa\u00e7\u00f5es de Bens e Servi\u00e7os<\/strong> aumentaram 2,9% na mesma compara\u00e7\u00e3o.<\/p>\n<h2>11\u00ba crescimento consecutivo do PIB na compara\u00e7\u00e3o anual<\/h2>\n<p>Em compara\u00e7\u00e3o com o igual per\u00edodo do ano passado, o PIB cresceu 1,2%. Esse \u00e9 o 11\u00ba resultado positivo seguido nessa m\u00e9trica comparativa. O Valor Adicionado a pre\u00e7os b\u00e1sicos cresceu 1,1% e os Impostos sobre Produtos L\u00edquidos de Subs\u00eddios subiram 1,8%.<\/p>\n\t<p>\n\t\t<a href=\"https:\/\/lp.suno.com.br\/asset\/fundos\/suno-fic-fia\/\" target=\"_blank\" data-element=\"shortcode-suno-banner\" title=\"Banner SUNO, clique e saiba mais\">\n\t\t\t<picture>\n\t\t\t\t<source media=\"(max-width: 500px)\" srcset=\"https:\/\/files.sunoresearch.com.br\/n\/uploads\/2023\/10\/SUNO-FIC-FIA-400x300-Mobile-Artigos-5-v3.png\">\n\t\t\t\t<img class=\"newsContent__article__imgCapa newsContent__article__imgCapa--banner\"\n\t\t\t\t\tsrc=\"https:\/\/files.sunoresearch.com.br\/n\/uploads\/2023\/10\/SUNO-FIC-FIA-1420x240-Banner-Artigos-1-_-Banner-Materias-4-v3-png.webp\"\n\t\t\t\t\tdata-promo-id=\"478744\"\t\t\t\t\t\t\t\t\t\twidth='2560' height='433'\t\t\t\t\talt=\"https:\/\/files.sunoresearch.com.br\/n\/uploads\/2023\/10\/SUNO-FIC-FIA-1420x240-Banner-Artigos-1-_-Banner-Materias-4-v3-png.webp\"\n\t\t\t\t>\n\t\t\t<\/picture>\n\t\t<\/a>\n\t<\/p>\n\n\n<p>A <strong>Agropecu\u00e1ria<\/strong> cresceu 2,1% em rela\u00e7\u00e3o a igual per\u00edodo de 2018, sobretudo pelo desempenho de alguns produtos com safra relevante no terceiro trimestre, de acordo com o Levantamento Sistem\u00e1tico da Produ\u00e7\u00e3o Agr\u00edcola (LSPA) divulgado no m\u00eas passado, como milho (23,2%) e algod\u00e3o herb\u00e1ceo (39,7%).<\/p>\n<p>J\u00e1 a <strong>Ind\u00fastria<\/strong> foi elevada em 1,0% e a Constru\u00e7\u00e3o, 4,4%, em sua segunda alta depois de vinte trimestres consecutivos de queda, nesta compara\u00e7\u00e3o. As Ind\u00fastrias Extrativas tamb\u00e9m cresceram (4,0%), puxadas pela extra\u00e7\u00e3o de petr\u00f3leo e g\u00e1s.<\/p>\n<p><a href=\"https:\/\/www.suno.com.br\/noticias\/industria-brasileira-alta-indice-pmi\/\">Confira: Ind\u00fastria brasileira apresenta alta no \u00edndice PMI de novembro<\/a><\/p>\n<p>O <strong>IBGE<\/strong> tamb\u00e9m salienta a<strong> Despesa de Consumo das Fam\u00edlias<\/strong>, no terceiro trimestre, que apresentou uma expans\u00e3o de 1,9%, seu d\u00e9cimo trimestre seguido de avan\u00e7o. A alta diz respeito ao comportamento dos indicadores de cr\u00e9dito para pessoa f\u00edsica e pela expans\u00e3o da massa salarial real.<\/p>\n<h2>Expectativa do Banco Central<\/h2>\n<p>Segundo os especialistas das 100 principais institui\u00e7\u00f5es financeiras do mercado brasileiro, que comp\u00f5em o <a href=\"https:\/\/www.suno.com.br\/artigos\/relatorio-focus\/\">Boletim Focus<\/a>, a economia brasileira dever\u00e1 ser de 0,99% em 2019.<\/p>\n<p>Al\u00e9m disso, na publica\u00e7\u00e3o realizada pelo <a href=\"https:\/\/www.suno.com.br\/artigos\/bacen\/\">Banco Central (BC)<\/a> na \u00faltima segunda-feira (2), os principais economistas por Brasil esperam um crescimento do <a href=\"https:\/\/www.youtube.com\/watch?v=FVeR_RI7f3g\"><strong>PIB<\/strong><\/a> do <strong>Brasil<\/strong> de 2,22% em 2020 e 3,75% em 2021.<\/p>\n","protected":false},"excerpt":{"rendered":"<p>O Produto Interno Bruto (PIB) cresceu 0,6% no terceiro trimestre ante ao segundo trimestre deste ano, levando em considera\u00e7\u00e3o o ajuste sazonal. Em rela\u00e7\u00e3o ao mesmo per\u00edodo de 2018, o crescimento foi de 1,2%. Os indicadores foram publicados nesta ter\u00e7a-feira (3) pelo Instituto Brasileiro de Geografia e Estat\u00edstica (IBGE). IBC-Br recua 5,9% em mar\u00e7o devido [&hellip;]<\/p>\n","protected":false},"author":24,"featured_media":5754,"comment_status":"closed","ping_status":"closed","sticky":false,"template":"","format":"standard","meta":[],"categories":[62],"tags":[740,821,807],"suno_strategy":[],"class_list":["post-46450","post","type-post","status-publish","format-standard","has-post-thumbnail","hentry","category-economia","tag-economia","tag-ibge","tag-produto-interno-bruto-pib"],"yoast_head":"<!-- This site is optimized with the Yoast SEO plugin v24.4 - https:\/\/yoast.com\/wordpress\/plugins\/seo\/ -->\n<title>PIB cresce 0,6% em rela\u00e7\u00e3o ao 2T19 e chega a R$ 1,84 trilh\u00e3o<\/title>\n<meta name=\"description\" content=\"O PIB cresceu 0,6% no 3\u00ba trimestre de 2019 ante ao 2\u00ba trimestre deste ano, levando em considera\u00e7\u00e3o o ajuste sazonal. Clique e saiba mais.\" \/>\n<meta name=\"robots\" content=\"index, follow, max-snippet:-1, max-image-preview:large, max-video-preview:-1\" \/>\n<link rel=\"canonical\" href=\"https:\/\/www.suno.com.br\/noticias\/pib-cresce-em-relacao-ao-2t19-184-trilhao\/\" \/>\n<meta property=\"og:locale\" content=\"pt_BR\" \/>\n<meta property=\"og:type\" content=\"article\" \/>\n<meta property=\"og:title\" content=\"PIB cresce 0,6% em rela\u00e7\u00e3o ao 2T19 e chega a R$ 1,84 trilh\u00e3o\" \/>\n<meta property=\"og:description\" content=\"O PIB cresceu 0,6% no 3\u00ba trimestre de 2019 ante ao 2\u00ba trimestre deste ano, levando em considera\u00e7\u00e3o o ajuste sazonal. Clique e saiba mais.\" \/>\n<meta property=\"og:url\" content=\"https:\/\/www.suno.com.br\/noticias\/pib-cresce-em-relacao-ao-2t19-184-trilhao\/\" \/>\n<meta property=\"og:site_name\" content=\"Suno Not\u00edcias\" \/>\n<meta property=\"article:publisher\" content=\"https:\/\/facebook.com\/sunoresearch\" \/>\n<meta property=\"og:image\" content=\"https:\/\/files.sunoresearch.com.br\/n\/uploads\/2018\/10\/b3d8933a-eleitores-brasileiros.jpg\" \/>\n\t<meta property=\"og:image:width\" content=\"1920\" \/>\n\t<meta property=\"og:image:height\" content=\"1280\" \/>\n\t<meta property=\"og:image:type\" content=\"image\/jpeg\" \/>\n<meta name=\"author\" content=\"Jader Lazarini\" \/>\n<meta name=\"twitter:card\" content=\"summary_large_image\" \/>\n<meta name=\"twitter:creator\" content=\"@sunoresearch\" \/>\n<meta name=\"twitter:site\" content=\"@sunoresearch\" \/>\n<meta name=\"twitter:label1\" content=\"Escrito por\" \/>\n\t<meta name=\"twitter:data1\" content=\"Jader Lazarini\" \/>\n\t<meta name=\"twitter:label2\" content=\"Est. tempo de leitura\" \/>\n\t<meta name=\"twitter:data2\" content=\"2 minutos\" \/>\n<script type=\"application\/ld+json\" class=\"yoast-schema-graph\">{\"@context\":\"https:\/\/schema.org\",\"@graph\":[{\"@type\":\"NewsArticle\",\"@id\":\"https:\/\/www.suno.com.br\/noticias\/pib-cresce-em-relacao-ao-2t19-184-trilhao\/#article\",\"isPartOf\":{\"@id\":\"https:\/\/www.suno.com.br\/noticias\/pib-cresce-em-relacao-ao-2t19-184-trilhao\/\"},\"author\":{\"name\":\"Jader Lazarini\",\"@id\":\"https:\/\/www.suno.com.br\/noticias\/#\/schema\/person\/918d79de1f0281f01599b93f9ea6e23f\"},\"headline\":\"PIB cresce 0,6% em rela\u00e7\u00e3o ao 2T19 e chega a R$ 1,84 trilh\u00e3o\",\"datePublished\":\"2019-12-03T12:10:22+00:00\",\"dateModified\":\"2019-12-06T16:46:27+00:00\",\"mainEntityOfPage\":{\"@id\":\"https:\/\/www.suno.com.br\/noticias\/pib-cresce-em-relacao-ao-2t19-184-trilhao\/\"},\"wordCount\":507,\"publisher\":{\"@id\":\"https:\/\/www.suno.com.br\/noticias\/#organization\"},\"image\":{\"@id\":\"https:\/\/www.suno.com.br\/noticias\/pib-cresce-em-relacao-ao-2t19-184-trilhao\/#primaryimage\"},\"thumbnailUrl\":\"https:\/\/files.sunoresearch.com.br\/n\/uploads\/2018\/10\/b3d8933a-eleitores-brasileiros-jpg.webp\",\"keywords\":[\"Economia\",\"IBGE\",\"Produto Interno Bruto (PIB)\"],\"articleSection\":[\"Economia\"],\"inLanguage\":\"pt-BR\"},{\"@type\":\"WebPage\",\"@id\":\"https:\/\/www.suno.com.br\/noticias\/pib-cresce-em-relacao-ao-2t19-184-trilhao\/\",\"url\":\"https:\/\/www.suno.com.br\/noticias\/pib-cresce-em-relacao-ao-2t19-184-trilhao\/\",\"name\":\"PIB cresce 0,6% em rela\u00e7\u00e3o ao 2T19 e chega a R$ 1,84 trilh\u00e3o\",\"isPartOf\":{\"@id\":\"https:\/\/www.suno.com.br\/noticias\/#website\"},\"primaryImageOfPage\":{\"@id\":\"https:\/\/www.suno.com.br\/noticias\/pib-cresce-em-relacao-ao-2t19-184-trilhao\/#primaryimage\"},\"image\":{\"@id\":\"https:\/\/www.suno.com.br\/noticias\/pib-cresce-em-relacao-ao-2t19-184-trilhao\/#primaryimage\"},\"thumbnailUrl\":\"https:\/\/files.sunoresearch.com.br\/n\/uploads\/2018\/10\/b3d8933a-eleitores-brasileiros-jpg.webp\",\"datePublished\":\"2019-12-03T12:10:22+00:00\",\"dateModified\":\"2019-12-06T16:46:27+00:00\",\"description\":\"O PIB cresceu 0,6% no 3\u00ba trimestre de 2019 ante ao 2\u00ba trimestre deste ano, levando em considera\u00e7\u00e3o o ajuste sazonal. Clique e saiba mais.\",\"breadcrumb\":{\"@id\":\"https:\/\/www.suno.com.br\/noticias\/pib-cresce-em-relacao-ao-2t19-184-trilhao\/#breadcrumb\"},\"inLanguage\":\"pt-BR\",\"potentialAction\":[{\"@type\":\"ReadAction\",\"target\":[\"https:\/\/www.suno.com.br\/noticias\/pib-cresce-em-relacao-ao-2t19-184-trilhao\/\"]}]},{\"@type\":\"ImageObject\",\"inLanguage\":\"pt-BR\",\"@id\":\"https:\/\/www.suno.com.br\/noticias\/pib-cresce-em-relacao-ao-2t19-184-trilhao\/#primaryimage\",\"url\":\"https:\/\/files.sunoresearch.com.br\/n\/uploads\/2018\/10\/b3d8933a-eleitores-brasileiros-jpg.webp\",\"contentUrl\":\"https:\/\/files.sunoresearch.com.br\/n\/uploads\/2018\/10\/b3d8933a-eleitores-brasileiros-jpg.webp\",\"width\":1920,\"height\":1280,\"caption\":\"IBC-Br recua 5,9% em mar\u00e7o devido \u00e0 pandemia do coronav\u00edrus\"},{\"@type\":\"BreadcrumbList\",\"@id\":\"https:\/\/www.suno.com.br\/noticias\/pib-cresce-em-relacao-ao-2t19-184-trilhao\/#breadcrumb\",\"itemListElement\":[{\"@type\":\"ListItem\",\"position\":1,\"name\":\"Not\u00edcias\",\"item\":\"https:\/\/www.suno.com.br\/noticias\/\"},{\"@type\":\"ListItem\",\"position\":2,\"name\":\"Economia\",\"item\":\"https:\/\/www.suno.com.br\/noticias\/economia\/\"},{\"@type\":\"ListItem\",\"position\":3,\"name\":\"PIB cresce 0,6% em rela\u00e7\u00e3o ao 2T19 e chega a R$ 1,84 trilh\u00e3o\"}]},{\"@type\":\"WebSite\",\"@id\":\"https:\/\/www.suno.com.br\/noticias\/#website\",\"url\":\"https:\/\/www.suno.com.br\/noticias\/\",\"name\":\"Suno Not\u00edcias\",\"description\":\"Seu portal de informa\u00e7\u00e3o sobre o mundo dos investimentos\",\"publisher\":{\"@id\":\"https:\/\/www.suno.com.br\/noticias\/#organization\"},\"potentialAction\":[{\"@type\":\"SearchAction\",\"target\":{\"@type\":\"EntryPoint\",\"urlTemplate\":\"https:\/\/www.suno.com.br\/noticias\/?s={search_term_string}\"},\"query-input\":{\"@type\":\"PropertyValueSpecification\",\"valueRequired\":true,\"valueName\":\"search_term_string\"}}],\"inLanguage\":\"pt-BR\"},{\"@type\":\"Organization\",\"@id\":\"https:\/\/www.suno.com.br\/noticias\/#organization\",\"name\":\"Suno Not\u00edcias\",\"url\":\"https:\/\/www.suno.com.br\/noticias\/\",\"logo\":{\"@type\":\"ImageObject\",\"inLanguage\":\"pt-BR\",\"@id\":\"https:\/\/www.suno.com.br\/noticias\/#\/schema\/logo\/image\/\",\"url\":\"https:\/\/files.sunoresearch.com.br\/n\/uploads\/2021\/09\/suno-logo.png\",\"contentUrl\":\"https:\/\/files.sunoresearch.com.br\/n\/uploads\/2021\/09\/suno-logo.png\",\"width\":180,\"height\":180,\"caption\":\"Suno Not\u00edcias\"},\"image\":{\"@id\":\"https:\/\/www.suno.com.br\/noticias\/#\/schema\/logo\/image\/\"},\"sameAs\":[\"https:\/\/facebook.com\/sunoresearch\",\"https:\/\/x.com\/sunoresearch\",\"https:\/\/www.instagram.com\/suno\",\"https:\/\/www.linkedin.com\/company\/suno-research\/\",\"https:\/\/www.youtube.com\/c\/sunoresearch\"]},{\"@type\":\"Person\",\"@id\":\"https:\/\/www.suno.com.br\/noticias\/#\/schema\/person\/918d79de1f0281f01599b93f9ea6e23f\",\"name\":\"Jader Lazarini\",\"image\":{\"@type\":\"ImageObject\",\"inLanguage\":\"pt-BR\",\"@id\":\"https:\/\/www.suno.com.br\/noticias\/#\/schema\/person\/image\/\",\"url\":\"https:\/\/secure.gravatar.com\/avatar\/3c1ad8caa51589841baeb923fcddea97?s=96&r=g\",\"contentUrl\":\"https:\/\/secure.gravatar.com\/avatar\/3c1ad8caa51589841baeb923fcddea97?s=96&r=g\",\"caption\":\"Jader Lazarini\"},\"description\":\"Jader Lazarini escreve sobre investimentos, finan\u00e7as, economia e neg\u00f3cios. \u00c9 bacharel em Rela\u00e7\u00f5es Internacionais e analista CNPI (2619).\",\"url\":\"https:\/\/www.suno.com.br\/noticias\/author\/jader-lazarini\/\"}]}<\/script>\n<!-- \/ Yoast SEO plugin. -->","yoast_head_json":{"title":"PIB cresce 0,6% em rela\u00e7\u00e3o ao 2T19 e chega a R$ 1,84 trilh\u00e3o","description":"O PIB cresceu 0,6% no 3\u00ba trimestre de 2019 ante ao 2\u00ba trimestre deste ano, levando em considera\u00e7\u00e3o o ajuste sazonal. Clique e saiba mais.","robots":{"index":"index","follow":"follow","max-snippet":"max-snippet:-1","max-image-preview":"max-image-preview:large","max-video-preview":"max-video-preview:-1"},"canonical":"https:\/\/www.suno.com.br\/noticias\/pib-cresce-em-relacao-ao-2t19-184-trilhao\/","og_locale":"pt_BR","og_type":"article","og_title":"PIB cresce 0,6% em rela\u00e7\u00e3o ao 2T19 e chega a R$ 1,84 trilh\u00e3o","og_description":"O PIB cresceu 0,6% no 3\u00ba trimestre de 2019 ante ao 2\u00ba trimestre deste ano, levando em considera\u00e7\u00e3o o ajuste sazonal. Clique e saiba mais.","og_url":"https:\/\/www.suno.com.br\/noticias\/pib-cresce-em-relacao-ao-2t19-184-trilhao\/","og_site_name":"Suno Not\u00edcias","article_publisher":"https:\/\/facebook.com\/sunoresearch","og_image":[{"width":1920,"height":1280,"url":"https:\/\/files.sunoresearch.com.br\/n\/uploads\/2018\/10\/b3d8933a-eleitores-brasileiros.jpg","type":"image\/jpeg"}],"author":"Jader Lazarini","twitter_card":"summary_large_image","twitter_creator":"@sunoresearch","twitter_site":"@sunoresearch","twitter_misc":{"Escrito por":"Jader Lazarini","Est. tempo de leitura":"2 minutos"},"schema":{"@context":"https:\/\/schema.org","@graph":[{"@type":"NewsArticle","@id":"https:\/\/www.suno.com.br\/noticias\/pib-cresce-em-relacao-ao-2t19-184-trilhao\/#article","isPartOf":{"@id":"https:\/\/www.suno.com.br\/noticias\/pib-cresce-em-relacao-ao-2t19-184-trilhao\/"},"author":{"name":"Jader Lazarini","@id":"https:\/\/www.suno.com.br\/noticias\/#\/schema\/person\/918d79de1f0281f01599b93f9ea6e23f"},"headline":"PIB cresce 0,6% em rela\u00e7\u00e3o ao 2T19 e chega a R$ 1,84 trilh\u00e3o","datePublished":"2019-12-03T12:10:22+00:00","dateModified":"2019-12-06T16:46:27+00:00","mainEntityOfPage":{"@id":"https:\/\/www.suno.com.br\/noticias\/pib-cresce-em-relacao-ao-2t19-184-trilhao\/"},"wordCount":507,"publisher":{"@id":"https:\/\/www.suno.com.br\/noticias\/#organization"},"image":{"@id":"https:\/\/www.suno.com.br\/noticias\/pib-cresce-em-relacao-ao-2t19-184-trilhao\/#primaryimage"},"thumbnailUrl":"https:\/\/files.sunoresearch.com.br\/n\/uploads\/2018\/10\/b3d8933a-eleitores-brasileiros-jpg.webp","keywords":["Economia","IBGE","Produto Interno Bruto (PIB)"],"articleSection":["Economia"],"inLanguage":"pt-BR"},{"@type":"WebPage","@id":"https:\/\/www.suno.com.br\/noticias\/pib-cresce-em-relacao-ao-2t19-184-trilhao\/","url":"https:\/\/www.suno.com.br\/noticias\/pib-cresce-em-relacao-ao-2t19-184-trilhao\/","name":"PIB cresce 0,6% em rela\u00e7\u00e3o ao 2T19 e chega a R$ 1,84 trilh\u00e3o","isPartOf":{"@id":"https:\/\/www.suno.com.br\/noticias\/#website"},"primaryImageOfPage":{"@id":"https:\/\/www.suno.com.br\/noticias\/pib-cresce-em-relacao-ao-2t19-184-trilhao\/#primaryimage"},"image":{"@id":"https:\/\/www.suno.com.br\/noticias\/pib-cresce-em-relacao-ao-2t19-184-trilhao\/#primaryimage"},"thumbnailUrl":"https:\/\/files.sunoresearch.com.br\/n\/uploads\/2018\/10\/b3d8933a-eleitores-brasileiros-jpg.webp","datePublished":"2019-12-03T12:10:22+00:00","dateModified":"2019-12-06T16:46:27+00:00","description":"O PIB cresceu 0,6% no 3\u00ba trimestre de 2019 ante ao 2\u00ba trimestre deste ano, levando em considera\u00e7\u00e3o o ajuste sazonal. Clique e saiba mais.","breadcrumb":{"@id":"https:\/\/www.suno.com.br\/noticias\/pib-cresce-em-relacao-ao-2t19-184-trilhao\/#breadcrumb"},"inLanguage":"pt-BR","potentialAction":[{"@type":"ReadAction","target":["https:\/\/www.suno.com.br\/noticias\/pib-cresce-em-relacao-ao-2t19-184-trilhao\/"]}]},{"@type":"ImageObject","inLanguage":"pt-BR","@id":"https:\/\/www.suno.com.br\/noticias\/pib-cresce-em-relacao-ao-2t19-184-trilhao\/#primaryimage","url":"https:\/\/files.sunoresearch.com.br\/n\/uploads\/2018\/10\/b3d8933a-eleitores-brasileiros-jpg.webp","contentUrl":"https:\/\/files.sunoresearch.com.br\/n\/uploads\/2018\/10\/b3d8933a-eleitores-brasileiros-jpg.webp","width":1920,"height":1280,"caption":"IBC-Br recua 5,9% em mar\u00e7o devido \u00e0 pandemia do coronav\u00edrus"},{"@type":"BreadcrumbList","@id":"https:\/\/www.suno.com.br\/noticias\/pib-cresce-em-relacao-ao-2t19-184-trilhao\/#breadcrumb","itemListElement":[{"@type":"ListItem","position":1,"name":"Not\u00edcias","item":"https:\/\/www.suno.com.br\/noticias\/"},{"@type":"ListItem","position":2,"name":"Economia","item":"https:\/\/www.suno.com.br\/noticias\/economia\/"},{"@type":"ListItem","position":3,"name":"PIB cresce 0,6% em rela\u00e7\u00e3o ao 2T19 e chega a R$ 1,84 trilh\u00e3o"}]},{"@type":"WebSite","@id":"https:\/\/www.suno.com.br\/noticias\/#website","url":"https:\/\/www.suno.com.br\/noticias\/","name":"Suno Not\u00edcias","description":"Seu portal de informa\u00e7\u00e3o sobre o mundo dos investimentos","publisher":{"@id":"https:\/\/www.suno.com.br\/noticias\/#organization"},"potentialAction":[{"@type":"SearchAction","target":{"@type":"EntryPoint","urlTemplate":"https:\/\/www.suno.com.br\/noticias\/?s={search_term_string}"},"query-input":{"@type":"PropertyValueSpecification","valueRequired":true,"valueName":"search_term_string"}}],"inLanguage":"pt-BR"},{"@type":"Organization","@id":"https:\/\/www.suno.com.br\/noticias\/#organization","name":"Suno Not\u00edcias","url":"https:\/\/www.suno.com.br\/noticias\/","logo":{"@type":"ImageObject","inLanguage":"pt-BR","@id":"https:\/\/www.suno.com.br\/noticias\/#\/schema\/logo\/image\/","url":"https:\/\/files.sunoresearch.com.br\/n\/uploads\/2021\/09\/suno-logo.png","contentUrl":"https:\/\/files.sunoresearch.com.br\/n\/uploads\/2021\/09\/suno-logo.png","width":180,"height":180,"caption":"Suno Not\u00edcias"},"image":{"@id":"https:\/\/www.suno.com.br\/noticias\/#\/schema\/logo\/image\/"},"sameAs":["https:\/\/facebook.com\/sunoresearch","https:\/\/x.com\/sunoresearch","https:\/\/www.instagram.com\/suno","https:\/\/www.linkedin.com\/company\/suno-research\/","https:\/\/www.youtube.com\/c\/sunoresearch"]},{"@type":"Person","@id":"https:\/\/www.suno.com.br\/noticias\/#\/schema\/person\/918d79de1f0281f01599b93f9ea6e23f","name":"Jader Lazarini","image":{"@type":"ImageObject","inLanguage":"pt-BR","@id":"https:\/\/www.suno.com.br\/noticias\/#\/schema\/person\/image\/","url":"https:\/\/secure.gravatar.com\/avatar\/3c1ad8caa51589841baeb923fcddea97?s=96&r=g","contentUrl":"https:\/\/secure.gravatar.com\/avatar\/3c1ad8caa51589841baeb923fcddea97?s=96&r=g","caption":"Jader Lazarini"},"description":"Jader Lazarini escreve sobre investimentos, finan\u00e7as, economia e neg\u00f3cios. \u00c9 bacharel em Rela\u00e7\u00f5es Internacionais e analista CNPI (2619).","url":"https:\/\/www.suno.com.br\/noticias\/author\/jader-lazarini\/"}]}},"default_loop_html":"<div class=\"cardsPage__listCard__boxs\"><div class=\"cardsPage__listCard__boxs__img\"><a href=\"https:\/\/www.suno.com.br\/noticias\/pib-cresce-em-relacao-ao-2t19-184-trilhao\/\"><img class=\"mask\" src=\"https:\/\/www.suno.com.br\/noticias\/wp-content\/themes\/suno\/resources\/images\/spotlight\/spotlight1img\/bg-mask.png\" alt=\"Image Mask\"\/><img src=\"https:\/\/files.sunoresearch.com.br\/n\/uploads\/2018\/10\/b3d8933a-eleitores-brasileiros-400x200.webp\" alt=\"PIB cresce 0,6% em rela\u00e7\u00e3o ao 2T19 e chega a R$ 1,84 trilh\u00e3o\"\/><\/a><span class=\"spotlightCategory\"><a href=\"https:\/\/www.suno.com.br\/noticias\/economia\/\">Economia<\/a><\/span><\/div><div class=\"cardsPage__listCard__boxs__content\"><a href=\"https:\/\/www.suno.com.br\/noticias\/pib-cresce-em-relacao-ao-2t19-184-trilhao\/\"><h2 class=\"content__title\">PIB cresce 0,6% em rela\u00e7\u00e3o ao 2T19 e chega a R$ 1,84 trilh\u00e3o<\/h2><\/a><div class=\"newsContent__article__meta\"><div class=\"newsContent__article__meta__authorBox\"><a href=\"https:\/\/www.suno.com.br\/noticias\/author\/jader-lazarini\/\" class=\"authorBox__avatar noMobi\"><img src=\"https:\/\/files.sunoresearch.com.br\/n\/uploads\/2021\/01\/178e6598-foto-perfil-2-150x150.jpg\" alt=\"Jader Lazarini\"><\/a><div class=\"authorBox__name\"><span>por\n\t\t\t<a href=\"https:\/\/www.suno.com.br\/noticias\/author\/jader-lazarini\/\"><span itemprop=\"author\">Jader Lazarini<\/span><\/a><\/span><time datetime=\"2019-12-03T10:10:22-03:00\" itemprop=\"datePublished\">03\/12\/2019 10:10<\/time><\/div><\/div><\/div><\/div><\/div>","single_layout":"posts","amp_enabled":true,"_links":{"self":[{"href":"https:\/\/www.suno.com.br\/noticias\/wp-json\/wp\/v2\/posts\/46450"}],"collection":[{"href":"https:\/\/www.suno.com.br\/noticias\/wp-json\/wp\/v2\/posts"}],"about":[{"href":"https:\/\/www.suno.com.br\/noticias\/wp-json\/wp\/v2\/types\/post"}],"author":[{"embeddable":true,"href":"https:\/\/www.suno.com.br\/noticias\/wp-json\/wp\/v2\/users\/24"}],"replies":[{"embeddable":true,"href":"https:\/\/www.suno.com.br\/noticias\/wp-json\/wp\/v2\/comments?post=46450"}],"version-history":[{"count":0,"href":"https:\/\/www.suno.com.br\/noticias\/wp-json\/wp\/v2\/posts\/46450\/revisions"}],"wp:featuredmedia":[{"embeddable":true,"href":"https:\/\/www.suno.com.br\/noticias\/wp-json\/wp\/v2\/media\/5754"}],"wp:attachment":[{"href":"https:\/\/www.suno.com.br\/noticias\/wp-json\/wp\/v2\/media?parent=46450"}],"wp:term":[{"taxonomy":"category","embeddable":true,"href":"https:\/\/www.suno.com.br\/noticias\/wp-json\/wp\/v2\/categories?post=46450"},{"taxonomy":"post_tag","embeddable":true,"href":"https:\/\/www.suno.com.br\/noticias\/wp-json\/wp\/v2\/tags?post=46450"},{"taxonomy":"suno_strategy","embeddable":true,"href":"https:\/\/www.suno.com.br\/noticias\/wp-json\/wp\/v2\/suno_strategy?post=46450"}],"curies":[{"name":"wp","href":"https:\/\/api.w.org\/{rel}","templated":true}]}}