{"id":46446,"date":"2019-12-03T10:04:51","date_gmt":"2019-12-03T12:04:51","guid":{"rendered":"https:\/\/www.suno.com.br\/noticias\/?p=46446"},"modified":"2019-12-06T14:39:56","modified_gmt":"2019-12-06T16:39:56","slug":"trump-nao-existe-prazo-guerra-comercial","status":"publish","type":"post","link":"https:\/\/www.suno.com.br\/noticias\/trump-nao-existe-prazo-guerra-comercial\/","title":{"rendered":"Trump afirma que n\u00e3o existe prazo para o fim da guerra comercial"},"content":{"rendered":"<p>O presidente norte-americano, <a href=\"https:\/\/www.suno.com.br\/tudo-sobre\/donald-trump\/\">Donald Trump<\/a>, afirmou que n\u00e3o existe um prazo para o acordo com a China na <a href=\"https:\/\/www.suno.com.br\/artigos\/a-guerra-comercial\/\"><strong>guerra comercial<\/strong><\/a>. A declara\u00e7\u00e3o foi realizada em um evento da Organiza\u00e7\u00e3o do Tratado do Atl\u00e2ntico Norte (Otan) em Londres.<\/p>\t<div class=\"wrapper-featured-image\">\n\t\t<figure class=\"spotlightImg\">\n\n\t\t\t<picture>\n\t\t\t\t<source media=\"(max-width: 768px)\" srcset=\"https:\/\/files.sunoresearch.com.br\/n\/uploads\/2019\/05\/3dbb43c2-trump-400x200.webp\">\n\t\t\t\t<img loading=\"lazy\" decoding=\"async\" class=\"newsContent__article__imgCapa lazyloadDisabled newsContent__article__imgCapa--noCaption\" src=\"https:\/\/files.sunoresearch.com.br\/n\/uploads\/2019\/05\/3dbb43c2-trump-800x450.webp\" width=\"800\" height=\"450\" alt=\"Trump afirma que n\u00e3o existe prazo para o fim da guerra comercial\" fetchpriority=high \/>\n\t\t\t<\/picture>\n\n\t\t\t<figcaption class=\"wp-caption-text wp-caption-text--hide\">Impeachment de Trump ser\u00e1 enviado ao Senado na pr\u00f3xima semana<\/figcaption>\n\t\t<\/figure>\n\t<\/div>\n\n\n\n<p>Al\u00e9m disso, <strong>Trump<\/strong> disse que talvez seja melhor aguardar at\u00e9 depois das pr\u00f3ximas elei\u00e7\u00f5es presidenciais, em novembro de 2020. \u201cN\u00e3o tenho prazo, n\u00e3o. De certa forma, acho que \u00e9 melhor esperar at\u00e9 depois da elei\u00e7\u00e3o com a <strong>China<\/strong>\u201d, relatou o mandat\u00e1rio conversando com rep\u00f3rteres em Londres.<\/p>\n<p>\u201cEstamos indo bem no <strong>acordo comercial<\/strong> com a <strong>China<\/strong>, se eu quiser faz\u00ea-lo\u201d, salientou.<\/p>\n<p><a href=\"https:\/\/www.suno.com.br\/noticias\/argentina-negociar-eua-tarifas-aluminio-aco\/\">Confira: Argentina ir\u00e1 negociar com EUA tarifas de alum\u00ednio e a\u00e7o, segundo minist\u00e9rio<\/a><\/p>\n<p>As falas do presidente dos <strong>Estados Unidos<\/strong> impactaram as bolsas internacionais. Os mercados futuros de Dow Jones ca\u00edram 0,43% na manh\u00e3 desta ter\u00e7a. J\u00e1 os futuros do <a href=\"https:\/\/www.suno.com.br\/artigos\/sp-500\/\">S&amp;P 500<\/a> recuavam 0,39%, j\u00e1 os da <a href=\"https:\/\/www.suno.com.br\/artigos\/nasdaq\/\">Nasdaq<\/a> perdiam 0,51%. Antes das declara\u00e7\u00f5es de Trump, todos os futuros operavam em alta.<\/p>\n<h2>Segundo Trump, China ainda quer acordo<\/h2>\n<p><strong>Trump<\/strong>, declarou, na \u00faltima segunda-feira (2), que a <strong>China<\/strong> quer fechar um acordo sobre a <strong>guerra comercial<\/strong> mesmo ap\u00f3s as tens\u00f5es relacionadas \u00e0 <strong>Hong<\/strong> <strong>Kong<\/strong>.<\/p>\n\n<p>A declara\u00e7\u00e3o vem ap\u00f3s o presidente ter se manifestado \u00e0 favor dos manifestantes que protestam contra a <strong>China<\/strong>. Durante a semana passada houveram rumores de que o acordo em rela\u00e7\u00e3o \u00e0 disputa comercial estaria mais distante por conta dos chineses supostamente n\u00e3o terem aprovado \u00e0 posi\u00e7\u00e3o do mandat\u00e1rio norte-americano.<\/p>\n<p>Na \u00faltima quarta (27), um projeto de lei que expressa o apoio dos <strong>Estados Unidos<\/strong> aos manifestantes de <strong>Hong Kong<\/strong> foi assinado pelo Congresso estadunidense. A medida vai contra as rela\u00e7\u00f5es com a China e complicar\u00e1 os esfor\u00e7os para o fim da<strong> guerra comercial<\/strong> com Pequim.<\/p>\n<p><a href=\"https:\/\/www.suno.com.br\/noticias\/inflacao-zona-do-euro\/\">Saiba mais: Infla\u00e7\u00e3o na zona do euro cresce mais do que o esperado<\/a><\/p>\n<p>A C\u00e2mara aprovou o projeto de lei 417-1 no dia 20 de novembro ap\u00f3s o Senado t\u00ea-lo aprovado sem oposi\u00e7\u00e3o. A maioria da Casa, \u00e0 favor da medida, impediu com que Trump n\u00e3o assinasse o projeto.<\/p>\n<p>Membros de ambos partidos no <strong>Congresso<\/strong> expressaram forte apoio a manifestantes que clamam por mais autonomia para a cidade. At\u00e9 ent\u00e3o, <strong>Trump<\/strong> ficou em grande parte silencioso, mesmo ap\u00f3s manifestantes terem sido recebidos com forte viol\u00eancia policial.<\/p>\n","protected":false},"excerpt":{"rendered":"<p>O presidente norte-americano, Donald Trump, afirmou que n\u00e3o existe um prazo para o acordo com a China na guerra comercial. A declara\u00e7\u00e3o foi realizada em um evento da Organiza\u00e7\u00e3o do Tratado do Atl\u00e2ntico Norte (Otan) em Londres. Impeachment de Trump ser\u00e1 enviado ao Senado na pr\u00f3xima semana Al\u00e9m disso, Trump disse que talvez seja melhor [&hellip;]<\/p>\n","protected":false},"author":24,"featured_media":24659,"comment_status":"closed","ping_status":"closed","sticky":false,"template":"","format":"standard","meta":[],"categories":[63],"tags":[711,724,980],"suno_strategy":[],"class_list":["post-46446","post","type-post","status-publish","format-standard","has-post-thumbnail","hentry","category-internacional","tag-china","tag-donald-trump","tag-guerra-comercial"],"yoast_head":"<!-- This site is optimized with the Yoast SEO plugin v24.4 - https:\/\/yoast.com\/wordpress\/plugins\/seo\/ -->\n<title>Trump afirma que n\u00e3o existe prazo para o fim da guerra comercial<\/title>\n<meta name=\"description\" content=\"O presidente Donald Trump, em um evento da Otan, afirmou que n\u00e3o existe um prazo para o acordo na guerra comercial.\u00a0Clique e saiba mais.\" \/>\n<meta name=\"robots\" content=\"index, follow, max-snippet:-1, max-image-preview:large, max-video-preview:-1\" \/>\n<link rel=\"canonical\" href=\"https:\/\/www.suno.com.br\/noticias\/trump-nao-existe-prazo-guerra-comercial\/\" \/>\n<meta property=\"og:locale\" content=\"pt_BR\" \/>\n<meta property=\"og:type\" content=\"article\" \/>\n<meta property=\"og:title\" content=\"Trump afirma que n\u00e3o existe prazo para o fim da guerra comercial\" \/>\n<meta property=\"og:description\" content=\"O presidente Donald Trump, em um evento da Otan, afirmou que n\u00e3o existe um prazo para o acordo na guerra comercial.\u00a0Clique e saiba mais.\" \/>\n<meta property=\"og:url\" content=\"https:\/\/www.suno.com.br\/noticias\/trump-nao-existe-prazo-guerra-comercial\/\" \/>\n<meta property=\"og:site_name\" content=\"Suno Not\u00edcias\" \/>\n<meta property=\"article:publisher\" content=\"https:\/\/facebook.com\/sunoresearch\" \/>\n<meta property=\"og:image\" content=\"https:\/\/files.sunoresearch.com.br\/n\/uploads\/2019\/05\/3dbb43c2-trump.jpg\" \/>\n\t<meta property=\"og:image:width\" content=\"3500\" \/>\n\t<meta property=\"og:image:height\" content=\"2129\" \/>\n\t<meta property=\"og:image:type\" content=\"image\/jpeg\" \/>\n<meta name=\"author\" content=\"Jader Lazarini\" \/>\n<meta name=\"twitter:card\" content=\"summary_large_image\" \/>\n<meta name=\"twitter:creator\" content=\"@sunoresearch\" \/>\n<meta name=\"twitter:site\" content=\"@sunoresearch\" \/>\n<meta name=\"twitter:label1\" content=\"Escrito por\" \/>\n\t<meta name=\"twitter:data1\" content=\"Jader Lazarini\" \/>\n\t<meta name=\"twitter:label2\" content=\"Est. tempo de leitura\" \/>\n\t<meta name=\"twitter:data2\" content=\"2 minutos\" \/>\n<script type=\"application\/ld+json\" class=\"yoast-schema-graph\">{\"@context\":\"https:\/\/schema.org\",\"@graph\":[{\"@type\":\"NewsArticle\",\"@id\":\"https:\/\/www.suno.com.br\/noticias\/trump-nao-existe-prazo-guerra-comercial\/#article\",\"isPartOf\":{\"@id\":\"https:\/\/www.suno.com.br\/noticias\/trump-nao-existe-prazo-guerra-comercial\/\"},\"author\":{\"name\":\"Jader Lazarini\",\"@id\":\"https:\/\/www.suno.com.br\/noticias\/#\/schema\/person\/918d79de1f0281f01599b93f9ea6e23f\"},\"headline\":\"Trump afirma que n\u00e3o existe prazo para o fim da guerra comercial\",\"datePublished\":\"2019-12-03T12:04:51+00:00\",\"dateModified\":\"2019-12-06T16:39:56+00:00\",\"mainEntityOfPage\":{\"@id\":\"https:\/\/www.suno.com.br\/noticias\/trump-nao-existe-prazo-guerra-comercial\/\"},\"wordCount\":413,\"publisher\":{\"@id\":\"https:\/\/www.suno.com.br\/noticias\/#organization\"},\"image\":{\"@id\":\"https:\/\/www.suno.com.br\/noticias\/trump-nao-existe-prazo-guerra-comercial\/#primaryimage\"},\"thumbnailUrl\":\"https:\/\/files.sunoresearch.com.br\/n\/uploads\/2019\/05\/3dbb43c2-trump-scaled.webp\",\"keywords\":[\"China\",\"Donald Trump\",\"guerra comercial\"],\"articleSection\":[\"Internacional\"],\"inLanguage\":\"pt-BR\"},{\"@type\":\"WebPage\",\"@id\":\"https:\/\/www.suno.com.br\/noticias\/trump-nao-existe-prazo-guerra-comercial\/\",\"url\":\"https:\/\/www.suno.com.br\/noticias\/trump-nao-existe-prazo-guerra-comercial\/\",\"name\":\"Trump afirma que n\u00e3o existe prazo para o fim da guerra comercial\",\"isPartOf\":{\"@id\":\"https:\/\/www.suno.com.br\/noticias\/#website\"},\"primaryImageOfPage\":{\"@id\":\"https:\/\/www.suno.com.br\/noticias\/trump-nao-existe-prazo-guerra-comercial\/#primaryimage\"},\"image\":{\"@id\":\"https:\/\/www.suno.com.br\/noticias\/trump-nao-existe-prazo-guerra-comercial\/#primaryimage\"},\"thumbnailUrl\":\"https:\/\/files.sunoresearch.com.br\/n\/uploads\/2019\/05\/3dbb43c2-trump-scaled.webp\",\"datePublished\":\"2019-12-03T12:04:51+00:00\",\"dateModified\":\"2019-12-06T16:39:56+00:00\",\"description\":\"O presidente Donald Trump, em um evento da Otan, afirmou que n\u00e3o existe um prazo para o acordo na guerra comercial.\u00a0Clique e saiba mais.\",\"breadcrumb\":{\"@id\":\"https:\/\/www.suno.com.br\/noticias\/trump-nao-existe-prazo-guerra-comercial\/#breadcrumb\"},\"inLanguage\":\"pt-BR\",\"potentialAction\":[{\"@type\":\"ReadAction\",\"target\":[\"https:\/\/www.suno.com.br\/noticias\/trump-nao-existe-prazo-guerra-comercial\/\"]}]},{\"@type\":\"ImageObject\",\"inLanguage\":\"pt-BR\",\"@id\":\"https:\/\/www.suno.com.br\/noticias\/trump-nao-existe-prazo-guerra-comercial\/#primaryimage\",\"url\":\"https:\/\/files.sunoresearch.com.br\/n\/uploads\/2019\/05\/3dbb43c2-trump-scaled.webp\",\"contentUrl\":\"https:\/\/files.sunoresearch.com.br\/n\/uploads\/2019\/05\/3dbb43c2-trump-scaled.webp\",\"width\":2560,\"height\":1557,\"caption\":\"Impeachment de Trump ser\u00e1 enviado ao Senado na pr\u00f3xima semana\"},{\"@type\":\"BreadcrumbList\",\"@id\":\"https:\/\/www.suno.com.br\/noticias\/trump-nao-existe-prazo-guerra-comercial\/#breadcrumb\",\"itemListElement\":[{\"@type\":\"ListItem\",\"position\":1,\"name\":\"Not\u00edcias\",\"item\":\"https:\/\/www.suno.com.br\/noticias\/\"},{\"@type\":\"ListItem\",\"position\":2,\"name\":\"Internacional\",\"item\":\"https:\/\/www.suno.com.br\/noticias\/internacional\/\"},{\"@type\":\"ListItem\",\"position\":3,\"name\":\"Trump afirma que n\u00e3o existe prazo para o fim da guerra comercial\"}]},{\"@type\":\"WebSite\",\"@id\":\"https:\/\/www.suno.com.br\/noticias\/#website\",\"url\":\"https:\/\/www.suno.com.br\/noticias\/\",\"name\":\"Suno Not\u00edcias\",\"description\":\"Seu portal de informa\u00e7\u00e3o sobre o mundo dos investimentos\",\"publisher\":{\"@id\":\"https:\/\/www.suno.com.br\/noticias\/#organization\"},\"potentialAction\":[{\"@type\":\"SearchAction\",\"target\":{\"@type\":\"EntryPoint\",\"urlTemplate\":\"https:\/\/www.suno.com.br\/noticias\/?s={search_term_string}\"},\"query-input\":{\"@type\":\"PropertyValueSpecification\",\"valueRequired\":true,\"valueName\":\"search_term_string\"}}],\"inLanguage\":\"pt-BR\"},{\"@type\":\"Organization\",\"@id\":\"https:\/\/www.suno.com.br\/noticias\/#organization\",\"name\":\"Suno Not\u00edcias\",\"url\":\"https:\/\/www.suno.com.br\/noticias\/\",\"logo\":{\"@type\":\"ImageObject\",\"inLanguage\":\"pt-BR\",\"@id\":\"https:\/\/www.suno.com.br\/noticias\/#\/schema\/logo\/image\/\",\"url\":\"https:\/\/files.sunoresearch.com.br\/n\/uploads\/2021\/09\/suno-logo.png\",\"contentUrl\":\"https:\/\/files.sunoresearch.com.br\/n\/uploads\/2021\/09\/suno-logo.png\",\"width\":180,\"height\":180,\"caption\":\"Suno Not\u00edcias\"},\"image\":{\"@id\":\"https:\/\/www.suno.com.br\/noticias\/#\/schema\/logo\/image\/\"},\"sameAs\":[\"https:\/\/facebook.com\/sunoresearch\",\"https:\/\/x.com\/sunoresearch\",\"https:\/\/www.instagram.com\/suno\",\"https:\/\/www.linkedin.com\/company\/suno-research\/\",\"https:\/\/www.youtube.com\/c\/sunoresearch\"]},{\"@type\":\"Person\",\"@id\":\"https:\/\/www.suno.com.br\/noticias\/#\/schema\/person\/918d79de1f0281f01599b93f9ea6e23f\",\"name\":\"Jader Lazarini\",\"image\":{\"@type\":\"ImageObject\",\"inLanguage\":\"pt-BR\",\"@id\":\"https:\/\/www.suno.com.br\/noticias\/#\/schema\/person\/image\/\",\"url\":\"https:\/\/secure.gravatar.com\/avatar\/3c1ad8caa51589841baeb923fcddea97?s=96&r=g\",\"contentUrl\":\"https:\/\/secure.gravatar.com\/avatar\/3c1ad8caa51589841baeb923fcddea97?s=96&r=g\",\"caption\":\"Jader Lazarini\"},\"description\":\"Jader Lazarini escreve sobre investimentos, finan\u00e7as, economia e neg\u00f3cios. \u00c9 bacharel em Rela\u00e7\u00f5es Internacionais e analista CNPI (2619).\",\"url\":\"https:\/\/www.suno.com.br\/noticias\/author\/jader-lazarini\/\"}]}<\/script>\n<!-- \/ Yoast SEO plugin. -->","yoast_head_json":{"title":"Trump afirma que n\u00e3o existe prazo para o fim da guerra comercial","description":"O presidente Donald Trump, em um evento da Otan, afirmou que n\u00e3o existe um prazo para o acordo na guerra comercial.\u00a0Clique e saiba mais.","robots":{"index":"index","follow":"follow","max-snippet":"max-snippet:-1","max-image-preview":"max-image-preview:large","max-video-preview":"max-video-preview:-1"},"canonical":"https:\/\/www.suno.com.br\/noticias\/trump-nao-existe-prazo-guerra-comercial\/","og_locale":"pt_BR","og_type":"article","og_title":"Trump afirma que n\u00e3o existe prazo para o fim da guerra comercial","og_description":"O presidente Donald Trump, em um evento da Otan, afirmou que n\u00e3o existe um prazo para o acordo na guerra comercial.\u00a0Clique e saiba mais.","og_url":"https:\/\/www.suno.com.br\/noticias\/trump-nao-existe-prazo-guerra-comercial\/","og_site_name":"Suno Not\u00edcias","article_publisher":"https:\/\/facebook.com\/sunoresearch","og_image":[{"width":3500,"height":2129,"url":"https:\/\/files.sunoresearch.com.br\/n\/uploads\/2019\/05\/3dbb43c2-trump.jpg","type":"image\/jpeg"}],"author":"Jader Lazarini","twitter_card":"summary_large_image","twitter_creator":"@sunoresearch","twitter_site":"@sunoresearch","twitter_misc":{"Escrito por":"Jader Lazarini","Est. tempo de leitura":"2 minutos"},"schema":{"@context":"https:\/\/schema.org","@graph":[{"@type":"NewsArticle","@id":"https:\/\/www.suno.com.br\/noticias\/trump-nao-existe-prazo-guerra-comercial\/#article","isPartOf":{"@id":"https:\/\/www.suno.com.br\/noticias\/trump-nao-existe-prazo-guerra-comercial\/"},"author":{"name":"Jader Lazarini","@id":"https:\/\/www.suno.com.br\/noticias\/#\/schema\/person\/918d79de1f0281f01599b93f9ea6e23f"},"headline":"Trump afirma que n\u00e3o existe prazo para o fim da guerra comercial","datePublished":"2019-12-03T12:04:51+00:00","dateModified":"2019-12-06T16:39:56+00:00","mainEntityOfPage":{"@id":"https:\/\/www.suno.com.br\/noticias\/trump-nao-existe-prazo-guerra-comercial\/"},"wordCount":413,"publisher":{"@id":"https:\/\/www.suno.com.br\/noticias\/#organization"},"image":{"@id":"https:\/\/www.suno.com.br\/noticias\/trump-nao-existe-prazo-guerra-comercial\/#primaryimage"},"thumbnailUrl":"https:\/\/files.sunoresearch.com.br\/n\/uploads\/2019\/05\/3dbb43c2-trump-scaled.webp","keywords":["China","Donald Trump","guerra comercial"],"articleSection":["Internacional"],"inLanguage":"pt-BR"},{"@type":"WebPage","@id":"https:\/\/www.suno.com.br\/noticias\/trump-nao-existe-prazo-guerra-comercial\/","url":"https:\/\/www.suno.com.br\/noticias\/trump-nao-existe-prazo-guerra-comercial\/","name":"Trump afirma que n\u00e3o existe prazo para o fim da guerra comercial","isPartOf":{"@id":"https:\/\/www.suno.com.br\/noticias\/#website"},"primaryImageOfPage":{"@id":"https:\/\/www.suno.com.br\/noticias\/trump-nao-existe-prazo-guerra-comercial\/#primaryimage"},"image":{"@id":"https:\/\/www.suno.com.br\/noticias\/trump-nao-existe-prazo-guerra-comercial\/#primaryimage"},"thumbnailUrl":"https:\/\/files.sunoresearch.com.br\/n\/uploads\/2019\/05\/3dbb43c2-trump-scaled.webp","datePublished":"2019-12-03T12:04:51+00:00","dateModified":"2019-12-06T16:39:56+00:00","description":"O presidente Donald Trump, em um evento da Otan, afirmou que n\u00e3o existe um prazo para o acordo na guerra comercial.\u00a0Clique e saiba mais.","breadcrumb":{"@id":"https:\/\/www.suno.com.br\/noticias\/trump-nao-existe-prazo-guerra-comercial\/#breadcrumb"},"inLanguage":"pt-BR","potentialAction":[{"@type":"ReadAction","target":["https:\/\/www.suno.com.br\/noticias\/trump-nao-existe-prazo-guerra-comercial\/"]}]},{"@type":"ImageObject","inLanguage":"pt-BR","@id":"https:\/\/www.suno.com.br\/noticias\/trump-nao-existe-prazo-guerra-comercial\/#primaryimage","url":"https:\/\/files.sunoresearch.com.br\/n\/uploads\/2019\/05\/3dbb43c2-trump-scaled.webp","contentUrl":"https:\/\/files.sunoresearch.com.br\/n\/uploads\/2019\/05\/3dbb43c2-trump-scaled.webp","width":2560,"height":1557,"caption":"Impeachment de Trump ser\u00e1 enviado ao Senado na pr\u00f3xima semana"},{"@type":"BreadcrumbList","@id":"https:\/\/www.suno.com.br\/noticias\/trump-nao-existe-prazo-guerra-comercial\/#breadcrumb","itemListElement":[{"@type":"ListItem","position":1,"name":"Not\u00edcias","item":"https:\/\/www.suno.com.br\/noticias\/"},{"@type":"ListItem","position":2,"name":"Internacional","item":"https:\/\/www.suno.com.br\/noticias\/internacional\/"},{"@type":"ListItem","position":3,"name":"Trump afirma que n\u00e3o existe prazo para o fim da guerra comercial"}]},{"@type":"WebSite","@id":"https:\/\/www.suno.com.br\/noticias\/#website","url":"https:\/\/www.suno.com.br\/noticias\/","name":"Suno Not\u00edcias","description":"Seu portal de informa\u00e7\u00e3o sobre o mundo dos investimentos","publisher":{"@id":"https:\/\/www.suno.com.br\/noticias\/#organization"},"potentialAction":[{"@type":"SearchAction","target":{"@type":"EntryPoint","urlTemplate":"https:\/\/www.suno.com.br\/noticias\/?s={search_term_string}"},"query-input":{"@type":"PropertyValueSpecification","valueRequired":true,"valueName":"search_term_string"}}],"inLanguage":"pt-BR"},{"@type":"Organization","@id":"https:\/\/www.suno.com.br\/noticias\/#organization","name":"Suno Not\u00edcias","url":"https:\/\/www.suno.com.br\/noticias\/","logo":{"@type":"ImageObject","inLanguage":"pt-BR","@id":"https:\/\/www.suno.com.br\/noticias\/#\/schema\/logo\/image\/","url":"https:\/\/files.sunoresearch.com.br\/n\/uploads\/2021\/09\/suno-logo.png","contentUrl":"https:\/\/files.sunoresearch.com.br\/n\/uploads\/2021\/09\/suno-logo.png","width":180,"height":180,"caption":"Suno Not\u00edcias"},"image":{"@id":"https:\/\/www.suno.com.br\/noticias\/#\/schema\/logo\/image\/"},"sameAs":["https:\/\/facebook.com\/sunoresearch","https:\/\/x.com\/sunoresearch","https:\/\/www.instagram.com\/suno","https:\/\/www.linkedin.com\/company\/suno-research\/","https:\/\/www.youtube.com\/c\/sunoresearch"]},{"@type":"Person","@id":"https:\/\/www.suno.com.br\/noticias\/#\/schema\/person\/918d79de1f0281f01599b93f9ea6e23f","name":"Jader Lazarini","image":{"@type":"ImageObject","inLanguage":"pt-BR","@id":"https:\/\/www.suno.com.br\/noticias\/#\/schema\/person\/image\/","url":"https:\/\/secure.gravatar.com\/avatar\/3c1ad8caa51589841baeb923fcddea97?s=96&r=g","contentUrl":"https:\/\/secure.gravatar.com\/avatar\/3c1ad8caa51589841baeb923fcddea97?s=96&r=g","caption":"Jader Lazarini"},"description":"Jader Lazarini escreve sobre investimentos, finan\u00e7as, economia e neg\u00f3cios. \u00c9 bacharel em Rela\u00e7\u00f5es Internacionais e analista CNPI (2619).","url":"https:\/\/www.suno.com.br\/noticias\/author\/jader-lazarini\/"}]}},"default_loop_html":"<div class=\"cardsPage__listCard__boxs\"><div class=\"cardsPage__listCard__boxs__img\"><a href=\"https:\/\/www.suno.com.br\/noticias\/trump-nao-existe-prazo-guerra-comercial\/\"><img class=\"mask\" src=\"https:\/\/www.suno.com.br\/noticias\/wp-content\/themes\/suno\/resources\/images\/spotlight\/spotlight1img\/bg-mask.png\" alt=\"Image Mask\"\/><img src=\"https:\/\/files.sunoresearch.com.br\/n\/uploads\/2019\/05\/3dbb43c2-trump-400x200.webp\" alt=\"Trump afirma que n\u00e3o existe prazo para o fim da guerra comercial\"\/><\/a><span class=\"spotlightCategory\"><a href=\"https:\/\/www.suno.com.br\/noticias\/internacional\/\">Internacional<\/a><\/span><\/div><div class=\"cardsPage__listCard__boxs__content\"><a href=\"https:\/\/www.suno.com.br\/noticias\/trump-nao-existe-prazo-guerra-comercial\/\"><h2 class=\"content__title\">Trump afirma que n\u00e3o existe prazo para o fim da guerra comercial<\/h2><\/a><div class=\"newsContent__article__meta\"><div class=\"newsContent__article__meta__authorBox\"><a href=\"https:\/\/www.suno.com.br\/noticias\/author\/jader-lazarini\/\" class=\"authorBox__avatar noMobi\"><img src=\"https:\/\/files.sunoresearch.com.br\/n\/uploads\/2021\/01\/178e6598-foto-perfil-2-150x150.jpg\" alt=\"Jader Lazarini\"><\/a><div class=\"authorBox__name\"><span>por\n\t\t\t<a href=\"https:\/\/www.suno.com.br\/noticias\/author\/jader-lazarini\/\"><span itemprop=\"author\">Jader Lazarini<\/span><\/a><\/span><time datetime=\"2019-12-03T10:04:51-03:00\" itemprop=\"datePublished\">03\/12\/2019 10:04<\/time><\/div><\/div><\/div><\/div><\/div>","single_layout":"posts","amp_enabled":true,"_links":{"self":[{"href":"https:\/\/www.suno.com.br\/noticias\/wp-json\/wp\/v2\/posts\/46446"}],"collection":[{"href":"https:\/\/www.suno.com.br\/noticias\/wp-json\/wp\/v2\/posts"}],"about":[{"href":"https:\/\/www.suno.com.br\/noticias\/wp-json\/wp\/v2\/types\/post"}],"author":[{"embeddable":true,"href":"https:\/\/www.suno.com.br\/noticias\/wp-json\/wp\/v2\/users\/24"}],"replies":[{"embeddable":true,"href":"https:\/\/www.suno.com.br\/noticias\/wp-json\/wp\/v2\/comments?post=46446"}],"version-history":[{"count":0,"href":"https:\/\/www.suno.com.br\/noticias\/wp-json\/wp\/v2\/posts\/46446\/revisions"}],"wp:featuredmedia":[{"embeddable":true,"href":"https:\/\/www.suno.com.br\/noticias\/wp-json\/wp\/v2\/media\/24659"}],"wp:attachment":[{"href":"https:\/\/www.suno.com.br\/noticias\/wp-json\/wp\/v2\/media?parent=46446"}],"wp:term":[{"taxonomy":"category","embeddable":true,"href":"https:\/\/www.suno.com.br\/noticias\/wp-json\/wp\/v2\/categories?post=46446"},{"taxonomy":"post_tag","embeddable":true,"href":"https:\/\/www.suno.com.br\/noticias\/wp-json\/wp\/v2\/tags?post=46446"},{"taxonomy":"suno_strategy","embeddable":true,"href":"https:\/\/www.suno.com.br\/noticias\/wp-json\/wp\/v2\/suno_strategy?post=46446"}],"curies":[{"name":"wp","href":"https:\/\/api.w.org\/{rel}","templated":true}]}}