{"id":46435,"date":"2019-12-03T09:39:42","date_gmt":"2019-12-03T11:39:42","guid":{"rendered":"https:\/\/www.suno.com.br\/noticias\/?p=46435"},"modified":"2019-12-06T14:44:57","modified_gmt":"2019-12-06T16:44:57","slug":"odebrecht-procura-vender-participacao-odebrecht","status":"publish","type":"post","link":"https:\/\/www.suno.com.br\/noticias\/odebrecht-procura-vender-participacao-odebrecht\/","title":{"rendered":"Odebrecht procura vender participa\u00e7\u00e3o na Braskem em tr\u00eas anos"},"content":{"rendered":"<p>A Odebrecht dever\u00e1 vender sua participa\u00e7\u00e3o na <strong>Braskem<\/strong> (BRKM5) em at\u00e9 tr\u00eas anos, enquanto recebe da petroqu\u00edmica R$ 1 bilh\u00e3o em dividendos. O pagamento, segundo o acordo da Odebrecht junto aos bancos credores, ser\u00e1 realizado em quatro parcelas anuais de R$ 250 milh\u00f5es.<\/p>\t<div class=\"wrapper-featured-image\">\n\t\t<figure class=\"spotlightImg\">\n\n\t\t\t<picture>\n\t\t\t\t<source media=\"(max-width: 768px)\" srcset=\"https:\/\/files.sunoresearch.com.br\/n\/uploads\/2019\/02\/dc07e48d-odebrecht-400x200.webp\">\n\t\t\t\t<img loading=\"lazy\" decoding=\"async\" class=\"newsContent__article__imgCapa lazyloadDisabled newsContent__article__imgCapa--noCaption\" src=\"https:\/\/files.sunoresearch.com.br\/n\/uploads\/2019\/02\/dc07e48d-odebrecht-800x450.webp\" width=\"800\" height=\"450\" alt=\"Odebrecht procura vender participa\u00e7\u00e3o na Braskem em tr\u00eas anos\" fetchpriority=high \/>\n\t\t\t<\/picture>\n\n\t\t\t<figcaption class=\"wp-caption-text wp-caption-text--hide\">Odebrecht abre nova a\u00e7\u00e3o judicial para cancelar pagamento de R$ 52 mi a Marcelo <\/figcaption>\n\t\t<\/figure>\n\t<\/div>\n\n\n\n<p>Esse processo est\u00e1 definido no acordo da <strong>Odebrecht<\/strong>\u00a0para a reestrutura\u00e7\u00e3o das d\u00edvidas da empreiteira ao longo do processo de <a href=\"https:\/\/www.suno.com.br\/artigos\/recuperacao-judicial\/\">recupera\u00e7\u00e3o judicial<\/a>. Segundo o jornal &#8220;Valor Econ\u00f4mico&#8221;, as negocia\u00e7\u00f5es est\u00e3o em est\u00e1gio avan\u00e7ado.<\/p>\n<p>Na pr\u00f3xima quarta-feira (4), acontecer\u00e1 a assembleia geral de credores do grupo (AGC), em S\u00e3o Paulo. A expectativa da Odebrecht \u00e9 entregar um novo planejamento, diferente do apresentado no final de agosto. No entanto, a assembleia deve ser suspensa logo em seguida, e continuada na pr\u00f3xima ter\u00e7a-feira (10), data prevista para a segunda convoca\u00e7\u00e3o.<\/p>\n<p><a href=\"https:\/\/www.suno.com.br\/noticias\/grubisich-braskem-preso-em-ny\/\">Confira: Jos\u00e9 Carlos Grubisich, ex-presidente da Braskem, \u00e9 preso em NY<\/a><\/p>\n<p>Todavia, n\u00e3o h\u00e1 garantias de que haver\u00e1 uma aprova\u00e7\u00e3o imediata do novo plano de recupera\u00e7\u00e3o. Para que isso aconte\u00e7a, \u00e9 necess\u00e1rio que haja a aprova\u00e7\u00e3o do acordo financeiro dos bancos nos comit\u00eas de cr\u00e9dito e nenhum questionamento ou liminar ou afim nas negocia\u00e7\u00f5es.<\/p>\n<h2>Endividamento da Odebrecht<\/h2>\n<p>Em junho deste ano, a <strong>Odebrecht<\/strong> levou \u00e0 Justi\u00e7a R$ 98 bilh\u00f5es em compromissos, que \u00e9 a soma de d\u00edvidas corporativas mais avais e garantias de 21 <strong><a href=\"https:\/\/www.suno.com.br\/artigos\/o-que-e-uma-holding\/\">holdings<\/a><\/strong> e subholdings. No total, \u00e9 necess\u00e1rio que o grupo reestruture R$ 55 bilh\u00f5es, sendo que R$ 40 bilh\u00f5es s\u00e3o cr\u00e9ditos dentro da recupera\u00e7\u00e3o e R$ 15 bilh\u00f5es em d\u00edvidas extraconcursais (fora do processo na Justi\u00e7a).<\/p>\n\t<p>\n\t\t<a href=\"https:\/\/lp.suno.com.br\/planilha-controle-gastos\/\" target=\"_blank\" data-element=\"shortcode-suno-banner\" title=\"Banner SUNO, clique e saiba mais\">\n\t\t\t<picture>\n\t\t\t\t<source media=\"(max-width: 500px)\" srcset=\"https:\/\/files.sunoresearch.com.br\/n\/uploads\/2023\/03\/400x300-Planilha-controle-de-gastos.png\">\n\t\t\t\t<img class=\"newsContent__article__imgCapa newsContent__article__imgCapa--banner\"\n\t\t\t\t\tsrc=\"https:\/\/files.sunoresearch.com.br\/n\/uploads\/2023\/03\/1420x240-Planilha-controle-de-gastos.png\"\n\t\t\t\t\tdata-promo-id=\"101751\"\t\t\t\t\t\t\t\t\t\twidth='1420' height='240'\t\t\t\t\talt=\"https:\/\/files.sunoresearch.com.br\/n\/uploads\/2023\/03\/1420x240-Planilha-controle-de-gastos.png\"\n\t\t\t\t>\n\t\t\t<\/picture>\n\t\t<\/a>\n\t<\/p>\n\n\n<p>Al\u00e9m disso, existem outros R$ 33 bilh\u00f5es em d\u00edvidas entre as companhias do grupo, que possivelmente ser\u00e3o anuladas, al\u00e9m de aproximadamente R$ 10 bilh\u00f5es em compromissos com seguradoras.<\/p>\n<p>Os bancos envolvidos possuem a\u00e7\u00f5es da <strong>Braskem<\/strong> e seus dividendos como garantia. Os pap\u00e9is da empresa cobririam R$ 12,6 bilh\u00f5es em compromissos. As institui\u00e7\u00f5es financeiras que conduzem as negocia\u00e7\u00f5es s\u00e3o:<\/p>\n<ul>\n<li>Ita\u00fa Unibanco (ITUB3; ITUB4)<\/li>\n<li>Bradesco (BBDC3; BBDC4)<\/li>\n<li>Santander (SANB3; SANB4)<\/li>\n<li>Banco do Brasil (BBSA3)<\/li>\n<li>BNDES<\/li>\n<\/ul>\n<p>As defini\u00e7\u00f5es com as institui\u00e7\u00f5es englobam o plano para as d\u00edvidas de R$ 11 bilh\u00f5es da Atvos, controlada sucroalcooleira do grupo que est\u00e1 no seu pr\u00f3prio processo de <strong>recupera\u00e7\u00e3o judicial<\/strong>. A AGC da empresa de agroneg\u00f3cio est\u00e1 marcada, em primeira convoca\u00e7\u00e3o, para a pr\u00f3xima sexta-feira (6), e para o dia 17 de dezembro, em segunda convoca\u00e7\u00e3o.<\/p>\n<p>No dia 28 de novembro, o desembargador Alexandre Lazzarini decidiu que a Odebrecht ter\u00e1 de fazer uma vota\u00e7\u00e3o, por meio de um plano \u00fanico, para os credores de cada uma das 21 sociedades em recupera\u00e7\u00e3o judicial, de forma separada. Contendo, portanto, 21 vota\u00e7\u00f5es. Essa defini\u00e7\u00e3o foi alterada v\u00e1rias vezes ao longo dos \u00faltimos 40 dias.<\/p>\n<p>A <strong>Caixa Econ\u00f4mica Federal<\/strong> foi a questionadora da ado\u00e7\u00e3o do plano consolidado junto \u00e0 Justi\u00e7a, pois \u00e9 credora de R$ 5 bilh\u00f5es e est\u00e1 fora do grupo de negocia\u00e7\u00e3o por n\u00e3o ter a\u00e7\u00f5es da <strong>Braskem<\/strong> em garantia para seus cr\u00e9ditos.<\/p>\n<p><a href=\"https:\/\/www.suno.com.br\/noticias\/braskem-pesadelo-maceio\/\">Saiba mais: Braskem enfrenta pesadelo de Macei\u00f3 para voltar ao jogo<\/a><\/p>\n<p>A Odebrecht possui R$ 33 bilh\u00f5es em d\u00edvidas com os seis maiores bancos do Brasil. Do total, R$ 15 bilh\u00f5es est\u00e3o fora da <strong>recupera\u00e7\u00e3o judicial<\/strong>. Da mesma forma, esses compromissos ser\u00e3o alvo de renegocia\u00e7\u00e3o e parte do acordo geral. O acordo determinar\u00e1 que os compromissos garantidos pela petroqu\u00edmica ser\u00e3o quitados apenas quando for concretizada a venda.<\/p>\n<p>A <strong>Braskem<\/strong> esteve em negocia\u00e7\u00f5es com a LyondellBasell, entre fevereiro de 2018 e junho deste ano, no entanto, n\u00e3o foi alcan\u00e7ado um desfecho positivo.<\/p>\n<p>Pressionada por uma disputa com o Minist\u00e9rio P\u00fablico de Alagoas, a respeito da explora\u00e7\u00e3o de minas de sal-gema e sua eventual rela\u00e7\u00e3o com o afundamento do solo de algumas regi\u00f5es em Macei\u00f3, al\u00e9m de um forte ciclo de baixa do setor, a <strong>Braskem<\/strong> tem o <a href=\"https:\/\/www.suno.com.br\/artigos\/valor-de-mercado\/\">valor de mercado<\/a> de R$ 22,7 bilh\u00f5es na <strong><a href=\"https:\/\/www.suno.com.br\/artigos\/b3\/\">Bolsa de Valores de S\u00e3o Paulo (B3)<\/a><\/strong>. ap\u00f3s alcan\u00e7ar o pico de R$ 48 bilh\u00f5es em setembro de 2018.<\/p>\n<p><a href=\"https:\/\/www.suno.com.br\/noticias\/bancos-publicos-autonomia-lidar-divida-odebrecht\/\">Veja tamb\u00e9m: Bancos p\u00fablicos possuem autonomia para lidar com d\u00edvida da Odebrecht<\/a><\/p>\n<p>Para al\u00e9m da d\u00edvida garantia, a poss\u00edvel sobra da venda de Braskem ser\u00e1 distribu\u00edda entre os credores da recupera\u00e7\u00e3o judicial da <strong>Odebrecht<\/strong>. O plano \u00e9 que a maior parte dos R$ 40 bilh\u00f5es em compromissos seja transformada em t\u00edtulos de participa\u00e7\u00e3o em resultados da empresa, sem vencimento.<\/p>\n","protected":false},"excerpt":{"rendered":"<p>A Odebrecht dever\u00e1 vender sua participa\u00e7\u00e3o na Braskem (BRKM5) em at\u00e9 tr\u00eas anos, enquanto recebe da petroqu\u00edmica R$ 1 bilh\u00e3o em dividendos. O pagamento, segundo o acordo da Odebrecht junto aos bancos credores, ser\u00e1 realizado em quatro parcelas anuais de R$ 250 milh\u00f5es. Odebrecht abre nova a\u00e7\u00e3o judicial para cancelar pagamento de R$ 52 mi [&hellip;]<\/p>\n","protected":false},"author":24,"featured_media":15570,"comment_status":"closed","ping_status":"closed","sticky":false,"template":"","format":"standard","meta":[],"categories":[64],"tags":[395,783,314],"suno_strategy":[],"class_list":["post-46435","post","type-post","status-publish","format-standard","has-post-thumbnail","hentry","category-negocios","tag-braskem-brkm3-brkm5-brkm6","tag-odebrecht","tag-recuperacao-judicial"],"yoast_head":"<!-- This site is optimized with the Yoast SEO plugin v24.4 - https:\/\/yoast.com\/wordpress\/plugins\/seo\/ -->\n<title>Odebrecht procura vender participa\u00e7\u00e3o na Braskem em tr\u00eas anos<\/title>\n<meta name=\"description\" content=\"A Odebrecht dever\u00e1 vender sua participa\u00e7\u00e3o na Braskem em at\u00e9 tr\u00eas anos, enquanto recebe da petroqu\u00edmica R$ 1 bi m dividendos. Saiba mais.\" \/>\n<meta name=\"robots\" content=\"index, follow, max-snippet:-1, max-image-preview:large, max-video-preview:-1\" \/>\n<link rel=\"canonical\" href=\"https:\/\/www.suno.com.br\/noticias\/odebrecht-procura-vender-participacao-odebrecht\/\" \/>\n<meta property=\"og:locale\" content=\"pt_BR\" \/>\n<meta property=\"og:type\" content=\"article\" \/>\n<meta property=\"og:title\" content=\"Odebrecht procura vender participa\u00e7\u00e3o na Braskem em tr\u00eas anos\" \/>\n<meta property=\"og:description\" content=\"A Odebrecht dever\u00e1 vender sua participa\u00e7\u00e3o na Braskem em at\u00e9 tr\u00eas anos, enquanto recebe da petroqu\u00edmica R$ 1 bi m dividendos. Saiba mais.\" \/>\n<meta property=\"og:url\" content=\"https:\/\/www.suno.com.br\/noticias\/odebrecht-procura-vender-participacao-odebrecht\/\" \/>\n<meta property=\"og:site_name\" content=\"Suno Not\u00edcias\" \/>\n<meta property=\"article:publisher\" content=\"https:\/\/facebook.com\/sunoresearch\" \/>\n<meta property=\"og:image\" content=\"https:\/\/files.sunoresearch.com.br\/n\/uploads\/2019\/02\/dc07e48d-odebrecht.jpg\" \/>\n\t<meta property=\"og:image:width\" content=\"1280\" \/>\n\t<meta property=\"og:image:height\" content=\"853\" \/>\n\t<meta property=\"og:image:type\" content=\"image\/jpeg\" \/>\n<meta name=\"author\" content=\"Jader Lazarini\" \/>\n<meta name=\"twitter:card\" content=\"summary_large_image\" \/>\n<meta name=\"twitter:creator\" content=\"@sunoresearch\" \/>\n<meta name=\"twitter:site\" content=\"@sunoresearch\" \/>\n<meta name=\"twitter:label1\" content=\"Escrito por\" \/>\n\t<meta name=\"twitter:data1\" content=\"Jader Lazarini\" \/>\n\t<meta name=\"twitter:label2\" content=\"Est. tempo de leitura\" \/>\n\t<meta name=\"twitter:data2\" content=\"4 minutos\" \/>\n<script type=\"application\/ld+json\" class=\"yoast-schema-graph\">{\"@context\":\"https:\/\/schema.org\",\"@graph\":[{\"@type\":\"NewsArticle\",\"@id\":\"https:\/\/www.suno.com.br\/noticias\/odebrecht-procura-vender-participacao-odebrecht\/#article\",\"isPartOf\":{\"@id\":\"https:\/\/www.suno.com.br\/noticias\/odebrecht-procura-vender-participacao-odebrecht\/\"},\"author\":{\"name\":\"Jader Lazarini\",\"@id\":\"https:\/\/www.suno.com.br\/noticias\/#\/schema\/person\/918d79de1f0281f01599b93f9ea6e23f\"},\"headline\":\"Odebrecht procura vender participa\u00e7\u00e3o na Braskem em tr\u00eas anos\",\"datePublished\":\"2019-12-03T11:39:42+00:00\",\"dateModified\":\"2019-12-06T16:44:57+00:00\",\"mainEntityOfPage\":{\"@id\":\"https:\/\/www.suno.com.br\/noticias\/odebrecht-procura-vender-participacao-odebrecht\/\"},\"wordCount\":784,\"publisher\":{\"@id\":\"https:\/\/www.suno.com.br\/noticias\/#organization\"},\"image\":{\"@id\":\"https:\/\/www.suno.com.br\/noticias\/odebrecht-procura-vender-participacao-odebrecht\/#primaryimage\"},\"thumbnailUrl\":\"https:\/\/files.sunoresearch.com.br\/n\/uploads\/2019\/02\/dc07e48d-odebrecht-jpg.webp\",\"keywords\":[\"Braskem (BRKM3\/BRKM5\/BRKM6)\",\"Odebrecht\",\"recupera\u00e7\u00e3o judicial\"],\"articleSection\":[\"Neg\u00f3cios\"],\"inLanguage\":\"pt-BR\"},{\"@type\":\"WebPage\",\"@id\":\"https:\/\/www.suno.com.br\/noticias\/odebrecht-procura-vender-participacao-odebrecht\/\",\"url\":\"https:\/\/www.suno.com.br\/noticias\/odebrecht-procura-vender-participacao-odebrecht\/\",\"name\":\"Odebrecht procura vender participa\u00e7\u00e3o na Braskem em tr\u00eas anos\",\"isPartOf\":{\"@id\":\"https:\/\/www.suno.com.br\/noticias\/#website\"},\"primaryImageOfPage\":{\"@id\":\"https:\/\/www.suno.com.br\/noticias\/odebrecht-procura-vender-participacao-odebrecht\/#primaryimage\"},\"image\":{\"@id\":\"https:\/\/www.suno.com.br\/noticias\/odebrecht-procura-vender-participacao-odebrecht\/#primaryimage\"},\"thumbnailUrl\":\"https:\/\/files.sunoresearch.com.br\/n\/uploads\/2019\/02\/dc07e48d-odebrecht-jpg.webp\",\"datePublished\":\"2019-12-03T11:39:42+00:00\",\"dateModified\":\"2019-12-06T16:44:57+00:00\",\"description\":\"A Odebrecht dever\u00e1 vender sua participa\u00e7\u00e3o na Braskem em at\u00e9 tr\u00eas anos, enquanto recebe da petroqu\u00edmica R$ 1 bi m dividendos. Saiba mais.\",\"breadcrumb\":{\"@id\":\"https:\/\/www.suno.com.br\/noticias\/odebrecht-procura-vender-participacao-odebrecht\/#breadcrumb\"},\"inLanguage\":\"pt-BR\",\"potentialAction\":[{\"@type\":\"ReadAction\",\"target\":[\"https:\/\/www.suno.com.br\/noticias\/odebrecht-procura-vender-participacao-odebrecht\/\"]}]},{\"@type\":\"ImageObject\",\"inLanguage\":\"pt-BR\",\"@id\":\"https:\/\/www.suno.com.br\/noticias\/odebrecht-procura-vender-participacao-odebrecht\/#primaryimage\",\"url\":\"https:\/\/files.sunoresearch.com.br\/n\/uploads\/2019\/02\/dc07e48d-odebrecht-jpg.webp\",\"contentUrl\":\"https:\/\/files.sunoresearch.com.br\/n\/uploads\/2019\/02\/dc07e48d-odebrecht-jpg.webp\",\"width\":1280,\"height\":853,\"caption\":\"Odebrecht abre nova a\u00e7\u00e3o judicial para cancelar pagamento de R$ 52 mi a Marcelo\"},{\"@type\":\"BreadcrumbList\",\"@id\":\"https:\/\/www.suno.com.br\/noticias\/odebrecht-procura-vender-participacao-odebrecht\/#breadcrumb\",\"itemListElement\":[{\"@type\":\"ListItem\",\"position\":1,\"name\":\"Not\u00edcias\",\"item\":\"https:\/\/www.suno.com.br\/noticias\/\"},{\"@type\":\"ListItem\",\"position\":2,\"name\":\"Neg\u00f3cios\",\"item\":\"https:\/\/www.suno.com.br\/noticias\/negocios\/\"},{\"@type\":\"ListItem\",\"position\":3,\"name\":\"Odebrecht procura vender participa\u00e7\u00e3o na Braskem em tr\u00eas anos\"}]},{\"@type\":\"WebSite\",\"@id\":\"https:\/\/www.suno.com.br\/noticias\/#website\",\"url\":\"https:\/\/www.suno.com.br\/noticias\/\",\"name\":\"Suno Not\u00edcias\",\"description\":\"Seu portal de informa\u00e7\u00e3o sobre o mundo dos investimentos\",\"publisher\":{\"@id\":\"https:\/\/www.suno.com.br\/noticias\/#organization\"},\"potentialAction\":[{\"@type\":\"SearchAction\",\"target\":{\"@type\":\"EntryPoint\",\"urlTemplate\":\"https:\/\/www.suno.com.br\/noticias\/?s={search_term_string}\"},\"query-input\":{\"@type\":\"PropertyValueSpecification\",\"valueRequired\":true,\"valueName\":\"search_term_string\"}}],\"inLanguage\":\"pt-BR\"},{\"@type\":\"Organization\",\"@id\":\"https:\/\/www.suno.com.br\/noticias\/#organization\",\"name\":\"Suno Not\u00edcias\",\"url\":\"https:\/\/www.suno.com.br\/noticias\/\",\"logo\":{\"@type\":\"ImageObject\",\"inLanguage\":\"pt-BR\",\"@id\":\"https:\/\/www.suno.com.br\/noticias\/#\/schema\/logo\/image\/\",\"url\":\"https:\/\/files.sunoresearch.com.br\/n\/uploads\/2021\/09\/suno-logo.png\",\"contentUrl\":\"https:\/\/files.sunoresearch.com.br\/n\/uploads\/2021\/09\/suno-logo.png\",\"width\":180,\"height\":180,\"caption\":\"Suno Not\u00edcias\"},\"image\":{\"@id\":\"https:\/\/www.suno.com.br\/noticias\/#\/schema\/logo\/image\/\"},\"sameAs\":[\"https:\/\/facebook.com\/sunoresearch\",\"https:\/\/x.com\/sunoresearch\",\"https:\/\/www.instagram.com\/suno\",\"https:\/\/www.linkedin.com\/company\/suno-research\/\",\"https:\/\/www.youtube.com\/c\/sunoresearch\"]},{\"@type\":\"Person\",\"@id\":\"https:\/\/www.suno.com.br\/noticias\/#\/schema\/person\/918d79de1f0281f01599b93f9ea6e23f\",\"name\":\"Jader Lazarini\",\"image\":{\"@type\":\"ImageObject\",\"inLanguage\":\"pt-BR\",\"@id\":\"https:\/\/www.suno.com.br\/noticias\/#\/schema\/person\/image\/\",\"url\":\"https:\/\/secure.gravatar.com\/avatar\/3c1ad8caa51589841baeb923fcddea97?s=96&r=g\",\"contentUrl\":\"https:\/\/secure.gravatar.com\/avatar\/3c1ad8caa51589841baeb923fcddea97?s=96&r=g\",\"caption\":\"Jader Lazarini\"},\"description\":\"Jader Lazarini escreve sobre investimentos, finan\u00e7as, economia e neg\u00f3cios. \u00c9 bacharel em Rela\u00e7\u00f5es Internacionais e analista CNPI (2619).\",\"url\":\"https:\/\/www.suno.com.br\/noticias\/author\/jader-lazarini\/\"}]}<\/script>\n<!-- \/ Yoast SEO plugin. -->","yoast_head_json":{"title":"Odebrecht procura vender participa\u00e7\u00e3o na Braskem em tr\u00eas anos","description":"A Odebrecht dever\u00e1 vender sua participa\u00e7\u00e3o na Braskem em at\u00e9 tr\u00eas anos, enquanto recebe da petroqu\u00edmica R$ 1 bi m dividendos. Saiba mais.","robots":{"index":"index","follow":"follow","max-snippet":"max-snippet:-1","max-image-preview":"max-image-preview:large","max-video-preview":"max-video-preview:-1"},"canonical":"https:\/\/www.suno.com.br\/noticias\/odebrecht-procura-vender-participacao-odebrecht\/","og_locale":"pt_BR","og_type":"article","og_title":"Odebrecht procura vender participa\u00e7\u00e3o na Braskem em tr\u00eas anos","og_description":"A Odebrecht dever\u00e1 vender sua participa\u00e7\u00e3o na Braskem em at\u00e9 tr\u00eas anos, enquanto recebe da petroqu\u00edmica R$ 1 bi m dividendos. Saiba mais.","og_url":"https:\/\/www.suno.com.br\/noticias\/odebrecht-procura-vender-participacao-odebrecht\/","og_site_name":"Suno Not\u00edcias","article_publisher":"https:\/\/facebook.com\/sunoresearch","og_image":[{"width":1280,"height":853,"url":"https:\/\/files.sunoresearch.com.br\/n\/uploads\/2019\/02\/dc07e48d-odebrecht.jpg","type":"image\/jpeg"}],"author":"Jader Lazarini","twitter_card":"summary_large_image","twitter_creator":"@sunoresearch","twitter_site":"@sunoresearch","twitter_misc":{"Escrito por":"Jader Lazarini","Est. tempo de leitura":"4 minutos"},"schema":{"@context":"https:\/\/schema.org","@graph":[{"@type":"NewsArticle","@id":"https:\/\/www.suno.com.br\/noticias\/odebrecht-procura-vender-participacao-odebrecht\/#article","isPartOf":{"@id":"https:\/\/www.suno.com.br\/noticias\/odebrecht-procura-vender-participacao-odebrecht\/"},"author":{"name":"Jader Lazarini","@id":"https:\/\/www.suno.com.br\/noticias\/#\/schema\/person\/918d79de1f0281f01599b93f9ea6e23f"},"headline":"Odebrecht procura vender participa\u00e7\u00e3o na Braskem em tr\u00eas anos","datePublished":"2019-12-03T11:39:42+00:00","dateModified":"2019-12-06T16:44:57+00:00","mainEntityOfPage":{"@id":"https:\/\/www.suno.com.br\/noticias\/odebrecht-procura-vender-participacao-odebrecht\/"},"wordCount":784,"publisher":{"@id":"https:\/\/www.suno.com.br\/noticias\/#organization"},"image":{"@id":"https:\/\/www.suno.com.br\/noticias\/odebrecht-procura-vender-participacao-odebrecht\/#primaryimage"},"thumbnailUrl":"https:\/\/files.sunoresearch.com.br\/n\/uploads\/2019\/02\/dc07e48d-odebrecht-jpg.webp","keywords":["Braskem (BRKM3\/BRKM5\/BRKM6)","Odebrecht","recupera\u00e7\u00e3o judicial"],"articleSection":["Neg\u00f3cios"],"inLanguage":"pt-BR"},{"@type":"WebPage","@id":"https:\/\/www.suno.com.br\/noticias\/odebrecht-procura-vender-participacao-odebrecht\/","url":"https:\/\/www.suno.com.br\/noticias\/odebrecht-procura-vender-participacao-odebrecht\/","name":"Odebrecht procura vender participa\u00e7\u00e3o na Braskem em tr\u00eas anos","isPartOf":{"@id":"https:\/\/www.suno.com.br\/noticias\/#website"},"primaryImageOfPage":{"@id":"https:\/\/www.suno.com.br\/noticias\/odebrecht-procura-vender-participacao-odebrecht\/#primaryimage"},"image":{"@id":"https:\/\/www.suno.com.br\/noticias\/odebrecht-procura-vender-participacao-odebrecht\/#primaryimage"},"thumbnailUrl":"https:\/\/files.sunoresearch.com.br\/n\/uploads\/2019\/02\/dc07e48d-odebrecht-jpg.webp","datePublished":"2019-12-03T11:39:42+00:00","dateModified":"2019-12-06T16:44:57+00:00","description":"A Odebrecht dever\u00e1 vender sua participa\u00e7\u00e3o na Braskem em at\u00e9 tr\u00eas anos, enquanto recebe da petroqu\u00edmica R$ 1 bi m dividendos. Saiba mais.","breadcrumb":{"@id":"https:\/\/www.suno.com.br\/noticias\/odebrecht-procura-vender-participacao-odebrecht\/#breadcrumb"},"inLanguage":"pt-BR","potentialAction":[{"@type":"ReadAction","target":["https:\/\/www.suno.com.br\/noticias\/odebrecht-procura-vender-participacao-odebrecht\/"]}]},{"@type":"ImageObject","inLanguage":"pt-BR","@id":"https:\/\/www.suno.com.br\/noticias\/odebrecht-procura-vender-participacao-odebrecht\/#primaryimage","url":"https:\/\/files.sunoresearch.com.br\/n\/uploads\/2019\/02\/dc07e48d-odebrecht-jpg.webp","contentUrl":"https:\/\/files.sunoresearch.com.br\/n\/uploads\/2019\/02\/dc07e48d-odebrecht-jpg.webp","width":1280,"height":853,"caption":"Odebrecht abre nova a\u00e7\u00e3o judicial para cancelar pagamento de R$ 52 mi a Marcelo"},{"@type":"BreadcrumbList","@id":"https:\/\/www.suno.com.br\/noticias\/odebrecht-procura-vender-participacao-odebrecht\/#breadcrumb","itemListElement":[{"@type":"ListItem","position":1,"name":"Not\u00edcias","item":"https:\/\/www.suno.com.br\/noticias\/"},{"@type":"ListItem","position":2,"name":"Neg\u00f3cios","item":"https:\/\/www.suno.com.br\/noticias\/negocios\/"},{"@type":"ListItem","position":3,"name":"Odebrecht procura vender participa\u00e7\u00e3o na Braskem em tr\u00eas anos"}]},{"@type":"WebSite","@id":"https:\/\/www.suno.com.br\/noticias\/#website","url":"https:\/\/www.suno.com.br\/noticias\/","name":"Suno Not\u00edcias","description":"Seu portal de informa\u00e7\u00e3o sobre o mundo dos investimentos","publisher":{"@id":"https:\/\/www.suno.com.br\/noticias\/#organization"},"potentialAction":[{"@type":"SearchAction","target":{"@type":"EntryPoint","urlTemplate":"https:\/\/www.suno.com.br\/noticias\/?s={search_term_string}"},"query-input":{"@type":"PropertyValueSpecification","valueRequired":true,"valueName":"search_term_string"}}],"inLanguage":"pt-BR"},{"@type":"Organization","@id":"https:\/\/www.suno.com.br\/noticias\/#organization","name":"Suno Not\u00edcias","url":"https:\/\/www.suno.com.br\/noticias\/","logo":{"@type":"ImageObject","inLanguage":"pt-BR","@id":"https:\/\/www.suno.com.br\/noticias\/#\/schema\/logo\/image\/","url":"https:\/\/files.sunoresearch.com.br\/n\/uploads\/2021\/09\/suno-logo.png","contentUrl":"https:\/\/files.sunoresearch.com.br\/n\/uploads\/2021\/09\/suno-logo.png","width":180,"height":180,"caption":"Suno Not\u00edcias"},"image":{"@id":"https:\/\/www.suno.com.br\/noticias\/#\/schema\/logo\/image\/"},"sameAs":["https:\/\/facebook.com\/sunoresearch","https:\/\/x.com\/sunoresearch","https:\/\/www.instagram.com\/suno","https:\/\/www.linkedin.com\/company\/suno-research\/","https:\/\/www.youtube.com\/c\/sunoresearch"]},{"@type":"Person","@id":"https:\/\/www.suno.com.br\/noticias\/#\/schema\/person\/918d79de1f0281f01599b93f9ea6e23f","name":"Jader Lazarini","image":{"@type":"ImageObject","inLanguage":"pt-BR","@id":"https:\/\/www.suno.com.br\/noticias\/#\/schema\/person\/image\/","url":"https:\/\/secure.gravatar.com\/avatar\/3c1ad8caa51589841baeb923fcddea97?s=96&r=g","contentUrl":"https:\/\/secure.gravatar.com\/avatar\/3c1ad8caa51589841baeb923fcddea97?s=96&r=g","caption":"Jader Lazarini"},"description":"Jader Lazarini escreve sobre investimentos, finan\u00e7as, economia e neg\u00f3cios. \u00c9 bacharel em Rela\u00e7\u00f5es Internacionais e analista CNPI (2619).","url":"https:\/\/www.suno.com.br\/noticias\/author\/jader-lazarini\/"}]}},"default_loop_html":"<div class=\"cardsPage__listCard__boxs\"><div class=\"cardsPage__listCard__boxs__img\"><a href=\"https:\/\/www.suno.com.br\/noticias\/odebrecht-procura-vender-participacao-odebrecht\/\"><img class=\"mask\" src=\"https:\/\/www.suno.com.br\/noticias\/wp-content\/themes\/suno\/resources\/images\/spotlight\/spotlight1img\/bg-mask.png\" alt=\"Image Mask\"\/><img src=\"https:\/\/files.sunoresearch.com.br\/n\/uploads\/2019\/02\/dc07e48d-odebrecht-400x200.webp\" alt=\"Odebrecht procura vender participa\u00e7\u00e3o na Braskem em tr\u00eas anos\"\/><\/a><span class=\"spotlightCategory\"><a href=\"https:\/\/www.suno.com.br\/noticias\/negocios\/\">Neg\u00f3cios<\/a><\/span><\/div><div class=\"cardsPage__listCard__boxs__content\"><a href=\"https:\/\/www.suno.com.br\/noticias\/odebrecht-procura-vender-participacao-odebrecht\/\"><h2 class=\"content__title\">Odebrecht procura vender participa\u00e7\u00e3o na Braskem em tr\u00eas anos<\/h2><\/a><div class=\"newsContent__article__meta\"><div class=\"newsContent__article__meta__authorBox\"><a href=\"https:\/\/www.suno.com.br\/noticias\/author\/jader-lazarini\/\" class=\"authorBox__avatar noMobi\"><img src=\"https:\/\/files.sunoresearch.com.br\/n\/uploads\/2021\/01\/178e6598-foto-perfil-2-150x150.jpg\" alt=\"Jader Lazarini\"><\/a><div class=\"authorBox__name\"><span>por\n\t\t\t<a href=\"https:\/\/www.suno.com.br\/noticias\/author\/jader-lazarini\/\"><span itemprop=\"author\">Jader Lazarini<\/span><\/a><\/span><time datetime=\"2019-12-03T09:39:42-03:00\" itemprop=\"datePublished\">03\/12\/2019 09:39<\/time><\/div><\/div><\/div><\/div><\/div>","single_layout":"posts","amp_enabled":true,"_links":{"self":[{"href":"https:\/\/www.suno.com.br\/noticias\/wp-json\/wp\/v2\/posts\/46435"}],"collection":[{"href":"https:\/\/www.suno.com.br\/noticias\/wp-json\/wp\/v2\/posts"}],"about":[{"href":"https:\/\/www.suno.com.br\/noticias\/wp-json\/wp\/v2\/types\/post"}],"author":[{"embeddable":true,"href":"https:\/\/www.suno.com.br\/noticias\/wp-json\/wp\/v2\/users\/24"}],"replies":[{"embeddable":true,"href":"https:\/\/www.suno.com.br\/noticias\/wp-json\/wp\/v2\/comments?post=46435"}],"version-history":[{"count":0,"href":"https:\/\/www.suno.com.br\/noticias\/wp-json\/wp\/v2\/posts\/46435\/revisions"}],"wp:featuredmedia":[{"embeddable":true,"href":"https:\/\/www.suno.com.br\/noticias\/wp-json\/wp\/v2\/media\/15570"}],"wp:attachment":[{"href":"https:\/\/www.suno.com.br\/noticias\/wp-json\/wp\/v2\/media?parent=46435"}],"wp:term":[{"taxonomy":"category","embeddable":true,"href":"https:\/\/www.suno.com.br\/noticias\/wp-json\/wp\/v2\/categories?post=46435"},{"taxonomy":"post_tag","embeddable":true,"href":"https:\/\/www.suno.com.br\/noticias\/wp-json\/wp\/v2\/tags?post=46435"},{"taxonomy":"suno_strategy","embeddable":true,"href":"https:\/\/www.suno.com.br\/noticias\/wp-json\/wp\/v2\/suno_strategy?post=46435"}],"curies":[{"name":"wp","href":"https:\/\/api.w.org\/{rel}","templated":true}]}}