{"id":46387,"date":"2019-12-02T17:04:44","date_gmt":"2019-12-02T19:04:44","guid":{"rendered":"https:\/\/www.suno.com.br\/noticias\/?p=46387"},"modified":"2019-12-02T17:04:44","modified_gmt":"2019-12-02T19:04:44","slug":"vale-producao-minerio-ferro-2020","status":"publish","type":"post","link":"https:\/\/www.suno.com.br\/noticias\/vale-producao-minerio-ferro-2020\/","title":{"rendered":"Vale prev\u00ea a produ\u00e7\u00e3o de 340 mi a 355 mi t de min\u00e9rio de ferro em 2020"},"content":{"rendered":"<p>A mineradora Vale informou, nesta segunda-feira (02), que prev\u00ea a produ\u00e7\u00e3o de 340 milh\u00f5es a 355 milh\u00f5es de toneladas de <strong>min\u00e9rio<\/strong> <strong>de<\/strong> <strong>ferro<\/strong> em 2020. A empresa vem se recuperando ap\u00f3s ter tido parte de sua capacidade paralisada ap\u00f3s o desastre de <strong>Brumadinho<\/strong> (<strong>MG<\/strong>) no come\u00e7o de 2019.<\/p>\t<div class=\"wrapper-featured-image\">\n\t\t<figure class=\"spotlightImg\">\n\n\t\t\t<picture>\n\t\t\t\t<source media=\"(max-width: 768px)\" srcset=\"https:\/\/files.sunoresearch.com.br\/n\/uploads\/2019\/11\/649c095d-vale-400x200.webp\">\n\t\t\t\t<img loading=\"lazy\" decoding=\"async\" class=\"newsContent__article__imgCapa lazyloadDisabled newsContent__article__imgCapa--noCaption\" src=\"https:\/\/files.sunoresearch.com.br\/n\/uploads\/2019\/11\/649c095d-vale-800x450.webp\" width=\"800\" height=\"450\" alt=\"Vale prev\u00ea a produ\u00e7\u00e3o de 340 mi a 355 mi t de min\u00e9rio de ferro em 2020\" fetchpriority=high \/>\n\t\t\t<\/picture>\n\n\t\t\t<figcaption class=\"wp-caption-text wp-caption-text--hide\">Vale. Foto: Divulga\u00e7\u00e3o<\/figcaption>\n\t\t<\/figure>\n\t<\/div>\n\n\n\n<p>No &#8220;<strong>Vale<\/strong> <strong>Day<\/strong>&#8220;, evento da empresa em Nova York, o diretor de ferrosos da mineradora, <strong>Marcelo<\/strong> <strong>Spinelli<\/strong>, declarou que a empresa planeja retomar 15 milh\u00f5es de toneladas de capacidade na produ\u00e7\u00e3o de min\u00e9rio de ferro em 2020.<\/p>\n\t<p>\n\t\t<a href=\"https:\/\/lp.suno.com.br\/minicurso-valuation\/\" target=\"_blank\" data-element=\"shortcode-suno-banner\" title=\"Banner SUNO, clique e saiba mais\">\n\t\t\t<picture>\n\t\t\t\t<source media=\"(max-width: 500px)\" srcset=\"https:\/\/files.sunoresearch.com.br\/n\/uploads\/2023\/03\/400x300-Minicurso-Valuation.png\">\n\t\t\t\t<img class=\"newsContent__article__imgCapa newsContent__article__imgCapa--banner\"\n\t\t\t\t\tsrc=\"https:\/\/files.sunoresearch.com.br\/n\/uploads\/2023\/03\/1420x240-Minicurso-Valuation.png\"\n\t\t\t\t\tdata-promo-id=\"383160\"\t\t\t\t\t\t\t\t\t\twidth='1420' height='240'\t\t\t\t\talt=\"https:\/\/files.sunoresearch.com.br\/n\/uploads\/2023\/03\/1420x240-Minicurso-Valuation.png\"\n\t\t\t\t>\n\t\t\t<\/picture>\n\t\t<\/a>\n\t<\/p>\n\n\n<p>Al\u00e9m disso, o diretor afirmou que uma capacidade adicional de 25 milh\u00f5es de toneladas dever\u00e1 voltar a operar em 2021.<\/p>\n<p>A empresa tamb\u00e9m divulgou um fato relevante nesta segunda. No documento, a <strong>Vale<\/strong> afirma que prev\u00ea a produ\u00e7\u00e3o entre 375 milh\u00f5es e 395 milh\u00f5es de toneladas de <strong>min\u00e9rio<\/strong> <strong>de ferro<\/strong> em 2021.<\/p>\n<h2>Parceria entre Vale e Vivo<\/h2>\n<p>A <strong>Vale<\/strong> comunicou o mercado que fechou uma parceria com a <strong>Vivo<\/strong>, controlada da <strong>Telef\u00f4nica<\/strong> <strong>Brasil<\/strong>, para criar uma rede privada <strong>4G\/LTE<\/strong> (Long Term Evolution) e utiliz\u00e1-la em suas opera\u00e7\u00f5es no Pa\u00eds. O projeto ficou avaliado em aproximadamente R$ 21 milh\u00f5es. O comunicado foi feito no dia 19 de novembro.<\/p>\n<p>De acordo com a <strong>Vale<\/strong>, a nova parceria ir\u00e1 otimizar o uso de equipamentos aut\u00f4nomos que exigem cobertura em \u00e1reas amplas e o tr\u00e1fego de um forte volume de dados.<\/p>\n<p><a href=\"https:\/\/www.suno.com.br\/noticias\/vale-parceria-vivo-operar-rede-privada-dados\/\">Saiba mais: Vale fecha parceria com a Vivo para operar rede privada de dados<\/a><\/p>\n<p>A rede estar\u00e1 operando no primeiro semestre de 2020 na mina de <strong>Caraj\u00e1s<\/strong>, no Par\u00e1. No mesmo local, estar\u00e3o operando em breve caminh\u00f5es sem operadores na cabine. A inova\u00e7\u00e3o tamb\u00e9m deve chegar em breve \u00e0 mina de Brucutu, em S\u00e3o Gon\u00e7alo do Rio Abaixo, em Minas Gerais.<\/p>\n\t<p>\n\t\t<a href=\"https:\/\/lp.suno.com.br\/ebook-como-analisar-uma-acao\/\" target=\"_blank\" data-element=\"shortcode-suno-banner\" title=\"Banner SUNO, clique e saiba mais\">\n\t\t\t<picture>\n\t\t\t\t<source media=\"(max-width: 500px)\" srcset=\"https:\/\/files.sunoresearch.com.br\/n\/uploads\/2023\/12\/Ebook-Acoes-Mobile.jpg\">\n\t\t\t\t<img class=\"newsContent__article__imgCapa newsContent__article__imgCapa--banner\"\n\t\t\t\t\tsrc=\"https:\/\/files.sunoresearch.com.br\/n\/uploads\/2023\/12\/Ebook-Acoes-Desktop.webp\"\n\t\t\t\t\tdata-promo-id=\"311260\"\t\t\t\t\t\t\t\t\t\twidth='1420' height='286'\t\t\t\t\talt=\"https:\/\/files.sunoresearch.com.br\/n\/uploads\/2023\/12\/Ebook-Acoes-Desktop.webp\"\n\t\t\t\t>\n\t\t\t<\/picture>\n\t\t<\/a>\n\t<\/p>\n\n\n<p>As empresas afirmaram que a rede tem potencial para ser usada ainda para conectar instrumentos de monitoramento de barragens. A <strong>Vale<\/strong> afirmou que a nova parceria ajudar\u00e1 a empresa na utiliza\u00e7\u00e3o de equipamento aut\u00f4nomos, que tem como objetivo aumentar a seguran\u00e7a.<\/p>\n","protected":false},"excerpt":{"rendered":"<p>A mineradora Vale informou, nesta segunda-feira (02), que prev\u00ea a produ\u00e7\u00e3o de 340 milh\u00f5es a 355 milh\u00f5es de toneladas de min\u00e9rio de ferro em 2020. A empresa vem se recuperando ap\u00f3s ter tido parte de sua capacidade paralisada ap\u00f3s o desastre de Brumadinho (MG) no come\u00e7o de 2019. Vale. Foto: Divulga\u00e7\u00e3o No &#8220;Vale Day&#8220;, evento [&hellip;]<\/p>\n","protected":false},"author":23,"featured_media":44377,"comment_status":"closed","ping_status":"closed","sticky":false,"template":"","format":"standard","meta":[],"categories":[64],"tags":[825,676],"suno_strategy":[],"class_list":["post-46387","post","type-post","status-publish","format-standard","has-post-thumbnail","hentry","category-negocios","tag-minerio-de-ferro","tag-vale-vale3"],"yoast_head":"<!-- This site is optimized with the Yoast SEO plugin v24.4 - https:\/\/yoast.com\/wordpress\/plugins\/seo\/ -->\n<title>Vale planeja a produ\u00e7\u00e3o de 340 mi a 355 mi t de min\u00e9rio de ferro em 2020<\/title>\n<meta name=\"description\" content=\"A mineradora Vale informou que prev\u00ea a produ\u00e7\u00e3o de 340 milh\u00f5es a 355 milh\u00f5es de toneladas de min\u00e9rio de ferro em 2020. Clique aqui para mais.\" \/>\n<meta name=\"robots\" content=\"index, follow, max-snippet:-1, max-image-preview:large, max-video-preview:-1\" \/>\n<link rel=\"canonical\" href=\"https:\/\/www.suno.com.br\/noticias\/vale-producao-minerio-ferro-2020\/\" \/>\n<meta property=\"og:locale\" content=\"pt_BR\" \/>\n<meta property=\"og:type\" content=\"article\" \/>\n<meta property=\"og:title\" content=\"Vale planeja a produ\u00e7\u00e3o de 340 mi a 355 mi t de min\u00e9rio de ferro em 2020\" \/>\n<meta property=\"og:description\" content=\"A mineradora Vale informou que prev\u00ea a produ\u00e7\u00e3o de 340 milh\u00f5es a 355 milh\u00f5es de toneladas de min\u00e9rio de ferro em 2020. Clique aqui para mais.\" \/>\n<meta property=\"og:url\" content=\"https:\/\/www.suno.com.br\/noticias\/vale-producao-minerio-ferro-2020\/\" \/>\n<meta property=\"og:site_name\" content=\"Suno Not\u00edcias\" \/>\n<meta property=\"article:publisher\" content=\"https:\/\/facebook.com\/sunoresearch\" \/>\n<meta property=\"og:image\" content=\"https:\/\/files.sunoresearch.com.br\/n\/uploads\/2019\/11\/649c095d-vale.jpg\" \/>\n\t<meta property=\"og:image:width\" content=\"1500\" \/>\n\t<meta property=\"og:image:height\" content=\"1000\" \/>\n\t<meta property=\"og:image:type\" content=\"image\/jpeg\" \/>\n<meta name=\"author\" content=\"Rafael Lara\" \/>\n<meta name=\"twitter:card\" content=\"summary_large_image\" \/>\n<meta name=\"twitter:creator\" content=\"@sunoresearch\" \/>\n<meta name=\"twitter:site\" content=\"@sunoresearch\" \/>\n<meta name=\"twitter:label1\" content=\"Escrito por\" \/>\n\t<meta name=\"twitter:data1\" content=\"Rafael Lara\" \/>\n\t<meta name=\"twitter:label2\" content=\"Est. tempo de leitura\" \/>\n\t<meta name=\"twitter:data2\" content=\"2 minutos\" \/>\n<script type=\"application\/ld+json\" class=\"yoast-schema-graph\">{\"@context\":\"https:\/\/schema.org\",\"@graph\":[{\"@type\":\"NewsArticle\",\"@id\":\"https:\/\/www.suno.com.br\/noticias\/vale-producao-minerio-ferro-2020\/#article\",\"isPartOf\":{\"@id\":\"https:\/\/www.suno.com.br\/noticias\/vale-producao-minerio-ferro-2020\/\"},\"author\":{\"name\":\"Rafael Lara\",\"@id\":\"https:\/\/www.suno.com.br\/noticias\/#\/schema\/person\/098743caeed97b37f51315c9576c4078\"},\"headline\":\"Vale prev\u00ea a produ\u00e7\u00e3o de 340 mi a 355 mi t de min\u00e9rio de ferro em 2020\",\"datePublished\":\"2019-12-02T19:04:44+00:00\",\"mainEntityOfPage\":{\"@id\":\"https:\/\/www.suno.com.br\/noticias\/vale-producao-minerio-ferro-2020\/\"},\"wordCount\":367,\"publisher\":{\"@id\":\"https:\/\/www.suno.com.br\/noticias\/#organization\"},\"image\":{\"@id\":\"https:\/\/www.suno.com.br\/noticias\/vale-producao-minerio-ferro-2020\/#primaryimage\"},\"thumbnailUrl\":\"https:\/\/files.sunoresearch.com.br\/n\/uploads\/2019\/11\/649c095d-vale-jpg.webp\",\"keywords\":[\"min\u00e9rio de ferro\",\"Vale (VALE3)\"],\"articleSection\":[\"Neg\u00f3cios\"],\"inLanguage\":\"pt-BR\"},{\"@type\":\"WebPage\",\"@id\":\"https:\/\/www.suno.com.br\/noticias\/vale-producao-minerio-ferro-2020\/\",\"url\":\"https:\/\/www.suno.com.br\/noticias\/vale-producao-minerio-ferro-2020\/\",\"name\":\"Vale planeja a produ\u00e7\u00e3o de 340 mi a 355 mi t de min\u00e9rio de ferro em 2020\",\"isPartOf\":{\"@id\":\"https:\/\/www.suno.com.br\/noticias\/#website\"},\"primaryImageOfPage\":{\"@id\":\"https:\/\/www.suno.com.br\/noticias\/vale-producao-minerio-ferro-2020\/#primaryimage\"},\"image\":{\"@id\":\"https:\/\/www.suno.com.br\/noticias\/vale-producao-minerio-ferro-2020\/#primaryimage\"},\"thumbnailUrl\":\"https:\/\/files.sunoresearch.com.br\/n\/uploads\/2019\/11\/649c095d-vale-jpg.webp\",\"datePublished\":\"2019-12-02T19:04:44+00:00\",\"description\":\"A mineradora Vale informou que prev\u00ea a produ\u00e7\u00e3o de 340 milh\u00f5es a 355 milh\u00f5es de toneladas de min\u00e9rio de ferro em 2020. Clique aqui para mais.\",\"breadcrumb\":{\"@id\":\"https:\/\/www.suno.com.br\/noticias\/vale-producao-minerio-ferro-2020\/#breadcrumb\"},\"inLanguage\":\"pt-BR\",\"potentialAction\":[{\"@type\":\"ReadAction\",\"target\":[\"https:\/\/www.suno.com.br\/noticias\/vale-producao-minerio-ferro-2020\/\"]}]},{\"@type\":\"ImageObject\",\"inLanguage\":\"pt-BR\",\"@id\":\"https:\/\/www.suno.com.br\/noticias\/vale-producao-minerio-ferro-2020\/#primaryimage\",\"url\":\"https:\/\/files.sunoresearch.com.br\/n\/uploads\/2019\/11\/649c095d-vale-jpg.webp\",\"contentUrl\":\"https:\/\/files.sunoresearch.com.br\/n\/uploads\/2019\/11\/649c095d-vale-jpg.webp\",\"width\":1500,\"height\":1000,\"caption\":\"Vale. Foto: Divulga\u00e7\u00e3o\"},{\"@type\":\"BreadcrumbList\",\"@id\":\"https:\/\/www.suno.com.br\/noticias\/vale-producao-minerio-ferro-2020\/#breadcrumb\",\"itemListElement\":[{\"@type\":\"ListItem\",\"position\":1,\"name\":\"Not\u00edcias\",\"item\":\"https:\/\/www.suno.com.br\/noticias\/\"},{\"@type\":\"ListItem\",\"position\":2,\"name\":\"Neg\u00f3cios\",\"item\":\"https:\/\/www.suno.com.br\/noticias\/negocios\/\"},{\"@type\":\"ListItem\",\"position\":3,\"name\":\"Vale prev\u00ea a produ\u00e7\u00e3o de 340 mi a 355 mi t de min\u00e9rio de ferro em 2020\"}]},{\"@type\":\"WebSite\",\"@id\":\"https:\/\/www.suno.com.br\/noticias\/#website\",\"url\":\"https:\/\/www.suno.com.br\/noticias\/\",\"name\":\"Suno Not\u00edcias\",\"description\":\"Seu portal de informa\u00e7\u00e3o sobre o mundo dos investimentos\",\"publisher\":{\"@id\":\"https:\/\/www.suno.com.br\/noticias\/#organization\"},\"potentialAction\":[{\"@type\":\"SearchAction\",\"target\":{\"@type\":\"EntryPoint\",\"urlTemplate\":\"https:\/\/www.suno.com.br\/noticias\/?s={search_term_string}\"},\"query-input\":{\"@type\":\"PropertyValueSpecification\",\"valueRequired\":true,\"valueName\":\"search_term_string\"}}],\"inLanguage\":\"pt-BR\"},{\"@type\":\"Organization\",\"@id\":\"https:\/\/www.suno.com.br\/noticias\/#organization\",\"name\":\"Suno Not\u00edcias\",\"url\":\"https:\/\/www.suno.com.br\/noticias\/\",\"logo\":{\"@type\":\"ImageObject\",\"inLanguage\":\"pt-BR\",\"@id\":\"https:\/\/www.suno.com.br\/noticias\/#\/schema\/logo\/image\/\",\"url\":\"https:\/\/files.sunoresearch.com.br\/n\/uploads\/2021\/09\/suno-logo.png\",\"contentUrl\":\"https:\/\/files.sunoresearch.com.br\/n\/uploads\/2021\/09\/suno-logo.png\",\"width\":180,\"height\":180,\"caption\":\"Suno Not\u00edcias\"},\"image\":{\"@id\":\"https:\/\/www.suno.com.br\/noticias\/#\/schema\/logo\/image\/\"},\"sameAs\":[\"https:\/\/facebook.com\/sunoresearch\",\"https:\/\/x.com\/sunoresearch\",\"https:\/\/www.instagram.com\/suno\",\"https:\/\/www.linkedin.com\/company\/suno-research\/\",\"https:\/\/www.youtube.com\/c\/sunoresearch\"]},{\"@type\":\"Person\",\"@id\":\"https:\/\/www.suno.com.br\/noticias\/#\/schema\/person\/098743caeed97b37f51315c9576c4078\",\"name\":\"Rafael Lara\",\"image\":{\"@type\":\"ImageObject\",\"inLanguage\":\"pt-BR\",\"@id\":\"https:\/\/www.suno.com.br\/noticias\/#\/schema\/person\/image\/\",\"url\":\"https:\/\/secure.gravatar.com\/avatar\/dfc254ab9bb2ea1895d98b9e9dae4bdd?s=96&r=g\",\"contentUrl\":\"https:\/\/secure.gravatar.com\/avatar\/dfc254ab9bb2ea1895d98b9e9dae4bdd?s=96&r=g\",\"caption\":\"Rafael Lara\"},\"description\":\"Rafael Lara cursa jornalismo na Faculdade C\u00e1sper L\u00edbero. Escreve sobre pol\u00edtica, economia e neg\u00f3cios para o portal Suno Not\u00edcias. Antes, colaborou na TV Gazeta na produ\u00e7\u00e3o do programa Edi\u00e7\u00e3o Extra.\",\"url\":\"https:\/\/www.suno.com.br\/noticias\/author\/rafael\/\"}]}<\/script>\n<!-- \/ Yoast SEO plugin. -->","yoast_head_json":{"title":"Vale planeja a produ\u00e7\u00e3o de 340 mi a 355 mi t de min\u00e9rio de ferro em 2020","description":"A mineradora Vale informou que prev\u00ea a produ\u00e7\u00e3o de 340 milh\u00f5es a 355 milh\u00f5es de toneladas de min\u00e9rio de ferro em 2020. Clique aqui para mais.","robots":{"index":"index","follow":"follow","max-snippet":"max-snippet:-1","max-image-preview":"max-image-preview:large","max-video-preview":"max-video-preview:-1"},"canonical":"https:\/\/www.suno.com.br\/noticias\/vale-producao-minerio-ferro-2020\/","og_locale":"pt_BR","og_type":"article","og_title":"Vale planeja a produ\u00e7\u00e3o de 340 mi a 355 mi t de min\u00e9rio de ferro em 2020","og_description":"A mineradora Vale informou que prev\u00ea a produ\u00e7\u00e3o de 340 milh\u00f5es a 355 milh\u00f5es de toneladas de min\u00e9rio de ferro em 2020. Clique aqui para mais.","og_url":"https:\/\/www.suno.com.br\/noticias\/vale-producao-minerio-ferro-2020\/","og_site_name":"Suno Not\u00edcias","article_publisher":"https:\/\/facebook.com\/sunoresearch","og_image":[{"width":1500,"height":1000,"url":"https:\/\/files.sunoresearch.com.br\/n\/uploads\/2019\/11\/649c095d-vale.jpg","type":"image\/jpeg"}],"author":"Rafael Lara","twitter_card":"summary_large_image","twitter_creator":"@sunoresearch","twitter_site":"@sunoresearch","twitter_misc":{"Escrito por":"Rafael Lara","Est. tempo de leitura":"2 minutos"},"schema":{"@context":"https:\/\/schema.org","@graph":[{"@type":"NewsArticle","@id":"https:\/\/www.suno.com.br\/noticias\/vale-producao-minerio-ferro-2020\/#article","isPartOf":{"@id":"https:\/\/www.suno.com.br\/noticias\/vale-producao-minerio-ferro-2020\/"},"author":{"name":"Rafael Lara","@id":"https:\/\/www.suno.com.br\/noticias\/#\/schema\/person\/098743caeed97b37f51315c9576c4078"},"headline":"Vale prev\u00ea a produ\u00e7\u00e3o de 340 mi a 355 mi t de min\u00e9rio de ferro em 2020","datePublished":"2019-12-02T19:04:44+00:00","mainEntityOfPage":{"@id":"https:\/\/www.suno.com.br\/noticias\/vale-producao-minerio-ferro-2020\/"},"wordCount":367,"publisher":{"@id":"https:\/\/www.suno.com.br\/noticias\/#organization"},"image":{"@id":"https:\/\/www.suno.com.br\/noticias\/vale-producao-minerio-ferro-2020\/#primaryimage"},"thumbnailUrl":"https:\/\/files.sunoresearch.com.br\/n\/uploads\/2019\/11\/649c095d-vale-jpg.webp","keywords":["min\u00e9rio de ferro","Vale (VALE3)"],"articleSection":["Neg\u00f3cios"],"inLanguage":"pt-BR"},{"@type":"WebPage","@id":"https:\/\/www.suno.com.br\/noticias\/vale-producao-minerio-ferro-2020\/","url":"https:\/\/www.suno.com.br\/noticias\/vale-producao-minerio-ferro-2020\/","name":"Vale planeja a produ\u00e7\u00e3o de 340 mi a 355 mi t de min\u00e9rio de ferro em 2020","isPartOf":{"@id":"https:\/\/www.suno.com.br\/noticias\/#website"},"primaryImageOfPage":{"@id":"https:\/\/www.suno.com.br\/noticias\/vale-producao-minerio-ferro-2020\/#primaryimage"},"image":{"@id":"https:\/\/www.suno.com.br\/noticias\/vale-producao-minerio-ferro-2020\/#primaryimage"},"thumbnailUrl":"https:\/\/files.sunoresearch.com.br\/n\/uploads\/2019\/11\/649c095d-vale-jpg.webp","datePublished":"2019-12-02T19:04:44+00:00","description":"A mineradora Vale informou que prev\u00ea a produ\u00e7\u00e3o de 340 milh\u00f5es a 355 milh\u00f5es de toneladas de min\u00e9rio de ferro em 2020. Clique aqui para mais.","breadcrumb":{"@id":"https:\/\/www.suno.com.br\/noticias\/vale-producao-minerio-ferro-2020\/#breadcrumb"},"inLanguage":"pt-BR","potentialAction":[{"@type":"ReadAction","target":["https:\/\/www.suno.com.br\/noticias\/vale-producao-minerio-ferro-2020\/"]}]},{"@type":"ImageObject","inLanguage":"pt-BR","@id":"https:\/\/www.suno.com.br\/noticias\/vale-producao-minerio-ferro-2020\/#primaryimage","url":"https:\/\/files.sunoresearch.com.br\/n\/uploads\/2019\/11\/649c095d-vale-jpg.webp","contentUrl":"https:\/\/files.sunoresearch.com.br\/n\/uploads\/2019\/11\/649c095d-vale-jpg.webp","width":1500,"height":1000,"caption":"Vale. Foto: Divulga\u00e7\u00e3o"},{"@type":"BreadcrumbList","@id":"https:\/\/www.suno.com.br\/noticias\/vale-producao-minerio-ferro-2020\/#breadcrumb","itemListElement":[{"@type":"ListItem","position":1,"name":"Not\u00edcias","item":"https:\/\/www.suno.com.br\/noticias\/"},{"@type":"ListItem","position":2,"name":"Neg\u00f3cios","item":"https:\/\/www.suno.com.br\/noticias\/negocios\/"},{"@type":"ListItem","position":3,"name":"Vale prev\u00ea a produ\u00e7\u00e3o de 340 mi a 355 mi t de min\u00e9rio de ferro em 2020"}]},{"@type":"WebSite","@id":"https:\/\/www.suno.com.br\/noticias\/#website","url":"https:\/\/www.suno.com.br\/noticias\/","name":"Suno Not\u00edcias","description":"Seu portal de informa\u00e7\u00e3o sobre o mundo dos investimentos","publisher":{"@id":"https:\/\/www.suno.com.br\/noticias\/#organization"},"potentialAction":[{"@type":"SearchAction","target":{"@type":"EntryPoint","urlTemplate":"https:\/\/www.suno.com.br\/noticias\/?s={search_term_string}"},"query-input":{"@type":"PropertyValueSpecification","valueRequired":true,"valueName":"search_term_string"}}],"inLanguage":"pt-BR"},{"@type":"Organization","@id":"https:\/\/www.suno.com.br\/noticias\/#organization","name":"Suno Not\u00edcias","url":"https:\/\/www.suno.com.br\/noticias\/","logo":{"@type":"ImageObject","inLanguage":"pt-BR","@id":"https:\/\/www.suno.com.br\/noticias\/#\/schema\/logo\/image\/","url":"https:\/\/files.sunoresearch.com.br\/n\/uploads\/2021\/09\/suno-logo.png","contentUrl":"https:\/\/files.sunoresearch.com.br\/n\/uploads\/2021\/09\/suno-logo.png","width":180,"height":180,"caption":"Suno Not\u00edcias"},"image":{"@id":"https:\/\/www.suno.com.br\/noticias\/#\/schema\/logo\/image\/"},"sameAs":["https:\/\/facebook.com\/sunoresearch","https:\/\/x.com\/sunoresearch","https:\/\/www.instagram.com\/suno","https:\/\/www.linkedin.com\/company\/suno-research\/","https:\/\/www.youtube.com\/c\/sunoresearch"]},{"@type":"Person","@id":"https:\/\/www.suno.com.br\/noticias\/#\/schema\/person\/098743caeed97b37f51315c9576c4078","name":"Rafael Lara","image":{"@type":"ImageObject","inLanguage":"pt-BR","@id":"https:\/\/www.suno.com.br\/noticias\/#\/schema\/person\/image\/","url":"https:\/\/secure.gravatar.com\/avatar\/dfc254ab9bb2ea1895d98b9e9dae4bdd?s=96&r=g","contentUrl":"https:\/\/secure.gravatar.com\/avatar\/dfc254ab9bb2ea1895d98b9e9dae4bdd?s=96&r=g","caption":"Rafael Lara"},"description":"Rafael Lara cursa jornalismo na Faculdade C\u00e1sper L\u00edbero. Escreve sobre pol\u00edtica, economia e neg\u00f3cios para o portal Suno Not\u00edcias. Antes, colaborou na TV Gazeta na produ\u00e7\u00e3o do programa Edi\u00e7\u00e3o Extra.","url":"https:\/\/www.suno.com.br\/noticias\/author\/rafael\/"}]}},"default_loop_html":"<div class=\"cardsPage__listCard__boxs\"><div class=\"cardsPage__listCard__boxs__img\"><a href=\"https:\/\/www.suno.com.br\/noticias\/vale-producao-minerio-ferro-2020\/\"><img class=\"mask\" src=\"https:\/\/www.suno.com.br\/noticias\/wp-content\/themes\/suno\/resources\/images\/spotlight\/spotlight1img\/bg-mask.png\" alt=\"Image Mask\"\/><img src=\"https:\/\/files.sunoresearch.com.br\/n\/uploads\/2019\/11\/649c095d-vale-400x200.webp\" alt=\"Vale prev\u00ea a produ\u00e7\u00e3o de 340 mi a 355 mi t de min\u00e9rio de ferro em 2020\"\/><\/a><span class=\"spotlightCategory\"><a href=\"https:\/\/www.suno.com.br\/noticias\/negocios\/\">Neg\u00f3cios<\/a><\/span><\/div><div class=\"cardsPage__listCard__boxs__content\"><a href=\"https:\/\/www.suno.com.br\/noticias\/vale-producao-minerio-ferro-2020\/\"><h2 class=\"content__title\">Vale prev\u00ea a produ\u00e7\u00e3o de 340 mi a 355 mi t de min\u00e9rio de ferro em 2020<\/h2><\/a><div class=\"newsContent__article__meta\"><div class=\"newsContent__article__meta__authorBox\"><a href=\"https:\/\/www.suno.com.br\/noticias\/author\/rafael\/\" class=\"authorBox__avatar noMobi\"><img src=\"https:\/\/secure.gravatar.com\/avatar\/dfc254ab9bb2ea1895d98b9e9dae4bdd?s=96&#038;r=g\" alt=\"Rafael Lara\"><\/a><div class=\"authorBox__name\"><span>por\n\t\t\t<a href=\"https:\/\/www.suno.com.br\/noticias\/author\/rafael\/\"><span itemprop=\"author\">Rafael Lara<\/span><\/a><\/span><time datetime=\"2019-12-02T17:04:44-03:00\" itemprop=\"datePublished\">02\/12\/2019 17:04<\/time><\/div><\/div><\/div><\/div><\/div>","single_layout":"posts","amp_enabled":true,"_links":{"self":[{"href":"https:\/\/www.suno.com.br\/noticias\/wp-json\/wp\/v2\/posts\/46387"}],"collection":[{"href":"https:\/\/www.suno.com.br\/noticias\/wp-json\/wp\/v2\/posts"}],"about":[{"href":"https:\/\/www.suno.com.br\/noticias\/wp-json\/wp\/v2\/types\/post"}],"author":[{"embeddable":true,"href":"https:\/\/www.suno.com.br\/noticias\/wp-json\/wp\/v2\/users\/23"}],"replies":[{"embeddable":true,"href":"https:\/\/www.suno.com.br\/noticias\/wp-json\/wp\/v2\/comments?post=46387"}],"version-history":[{"count":0,"href":"https:\/\/www.suno.com.br\/noticias\/wp-json\/wp\/v2\/posts\/46387\/revisions"}],"wp:featuredmedia":[{"embeddable":true,"href":"https:\/\/www.suno.com.br\/noticias\/wp-json\/wp\/v2\/media\/44377"}],"wp:attachment":[{"href":"https:\/\/www.suno.com.br\/noticias\/wp-json\/wp\/v2\/media?parent=46387"}],"wp:term":[{"taxonomy":"category","embeddable":true,"href":"https:\/\/www.suno.com.br\/noticias\/wp-json\/wp\/v2\/categories?post=46387"},{"taxonomy":"post_tag","embeddable":true,"href":"https:\/\/www.suno.com.br\/noticias\/wp-json\/wp\/v2\/tags?post=46387"},{"taxonomy":"suno_strategy","embeddable":true,"href":"https:\/\/www.suno.com.br\/noticias\/wp-json\/wp\/v2\/suno_strategy?post=46387"}],"curies":[{"name":"wp","href":"https:\/\/api.w.org\/{rel}","templated":true}]}}