{"id":463799,"date":"2023-09-29T09:45:49","date_gmt":"2023-09-29T12:45:49","guid":{"rendered":"https:\/\/www.suno.com.br\/noticias\/?p=463799"},"modified":"2023-09-29T09:45:54","modified_gmt":"2023-09-29T12:45:54","slug":"americanas-amer3-bradesco-bbdc4-acordo-divida-cpf","status":"publish","type":"post","link":"https:\/\/www.suno.com.br\/noticias\/americanas-amer3-bradesco-bbdc4-acordo-divida-cpf\/","title":{"rendered":"Em sinal de paz, Bradesco (BBDC4) e Americanas (AMER3) chegam a acordo sobre d\u00edvida da recupera\u00e7\u00e3o judicial"},"content":{"rendered":"<p>O <a class=\"suno-keyword\" target=\"_blank\" data-force=\"yes\" data-priority=\"2\" href=\"https:\/\/www.suno.com.br\/acoes\/BBDC4\/\" rel=\"noopener\">Bradesco (BBDC4)<\/a> e a<strong> Americanas (AMER3) <\/strong>conseguiram entrar em um acordo para por fim ao debate da inclus\u00e3o de fian\u00e7as no processo de recupera\u00e7\u00e3o judicial (RJ) da varejista. Nesta quinta-feira (28), as empresas emitiram uma peti\u00e7\u00e3o conjunta encerrando a discuss\u00e3o, que era um entrave para a aprova\u00e7\u00e3o da RJ, conforme apuraram os jornais Folha de SP e Valor Econ\u00f4mico.<\/p>\t<div class=\"wrapper-featured-image\">\n\t\t<figure class=\"spotlightImg\">\n\n\t\t\t<picture>\n\t\t\t\t<source media=\"(max-width: 768px)\" srcset=\"https:\/\/files.sunoresearch.com.br\/n\/uploads\/2023\/05\/bradesco-400x200.jpg\">\n\t\t\t\t<img loading=\"lazy\" decoding=\"async\" class=\"newsContent__article__imgCapa lazyloadDisabled \" src=\"https:\/\/files.sunoresearch.com.br\/n\/uploads\/2023\/05\/bradesco-800x450.jpg\" width=\"800\" height=\"450\" alt=\"Em sinal de paz, Bradesco (BBDC4) e Americanas (AMER3) chegam a acordo sobre d\u00edvida da recupera\u00e7\u00e3o judicial\" fetchpriority=high \/>\n\t\t\t<\/picture>\n\n\t\t\t<figcaption class=\"wp-caption-text wp-caption-text--show\">Bradesco (BBDC4). Foto: iStock<\/figcaption>\n\t\t<\/figure>\n\t<\/div>\n\n\n\n\n\n\n\n\t<p>\n\t\t<a href=\"\" target=\"_blank\" data-element=\"shortcode-suno-banner\" title=\"Banner SUNO, clique e saiba mais\">\n\t\t\t<picture>\n\t\t\t\t<source media=\"(max-width: 500px)\" srcset=\"\">\n\t\t\t\t<img class=\"newsContent__article__imgCapa newsContent__article__imgCapa--banner\"\n\t\t\t\t\tsrc=\"\"\n\t\t\t\t\tdata-promo-id=\"265277\"\t\t\t\t\t\t\t\t\t\t\t\t\t\t\talt=\"\"\n\t\t\t\t>\n\t\t\t<\/picture>\n\t\t<\/a>\n\t<\/p>\n\n\n\n\n\n<p>A peti\u00e7\u00e3o conjunta foi protocolada na 4\u00aa Vara Empresarial do Rio de Janeiro e extingue a extraconcursalidade das opera\u00e7\u00f5es da modalidade que foram desembolsadas ap\u00f3s o pedido de <strong>recupera\u00e7\u00e3o judicial da Americanas (AMER3)<\/strong>.<\/p>\n\n\n\n<p>Segundo fonte por dentro da discuss\u00e3o, que falou para o Valor, a urg\u00eancia em acelerar as discuss\u00f5es da RJ permitiu o recuo, visto que os acordos pelos credores deve acabar em janeiro de 2024.  Al\u00e9m disso, o jornal verificou que nenhuma das empresas se compromete a reconhecer um entendimento jur\u00eddico sobre o tema. Ou seja, n\u00e3o houve uma converg\u00eancia entre ambos, mas ergueu-se uma bandeira branca. <\/p>\n\n\n\n<p>As fian\u00e7as s\u00e3o garantias de obriga\u00e7\u00f5es financeiras e n\u00e3o h\u00e1 um consenso judici\u00e1rio para o seu tratamento em casos de RJ. Por isso, a discuss\u00e3o em torno das finan\u00e7as estava se tornando o empecilho que brecava a varejista e seus <strong>credores <\/strong>de conseguirem definir os termos do acordo da recupera\u00e7\u00e3o judicial. A defesa do <a class=\"suno-keyword\" data-force=\"yes\" data-priority=\"2\" href=\"https:\/\/www.suno.com.br\/acoes\/BBDC4\/\" target=\"_blank\" rel=\"noopener\">Bradesco (BBDC4)<\/a> era de que elas deveriam estar fora do processo, baseando-se em decis\u00f5es do Supremo Tribunal de Justi\u00e7a (STJ) em casos anteriores.  <\/p>\n\n\n\t<p>\n\t\t<a href=\"https:\/\/lp.suno.com.br\/planilha-da-vida-financeira\/\" target=\"_blank\" data-element=\"shortcode-suno-banner\" title=\"Banner SUNO, clique e saiba mais\">\n\t\t\t<picture>\n\t\t\t\t<source media=\"(max-width: 500px)\" srcset=\"https:\/\/files.sunoresearch.com.br\/n\/uploads\/2023\/04\/400x300-Planilha-vida-financeira-true.png\">\n\t\t\t\t<img class=\"newsContent__article__imgCapa newsContent__article__imgCapa--banner\"\n\t\t\t\t\tsrc=\"https:\/\/files.sunoresearch.com.br\/n\/uploads\/2023\/04\/1420x240-Planilha-vida-financeira-true.png\"\n\t\t\t\t\tdata-promo-id=\"383123\"\t\t\t\t\t\t\t\t\t\twidth='1420' height='240'\t\t\t\t\talt=\"https:\/\/files.sunoresearch.com.br\/n\/uploads\/2023\/04\/1420x240-Planilha-vida-financeira-true.png\"\n\t\t\t\t>\n\t\t\t<\/picture>\n\t\t<\/a>\n\t<\/p>\n\n\n\n\n\n<p>&#8220;Considerando o interesse comum no desfecho do plano de recupera\u00e7\u00e3o apresentado pelo grupo Americanas, o <strong>Bradesco <\/strong>e as recuperadas informam que, sem o reconhecimento de qualquer tese jur\u00eddica acerca do tema que lhe deu origem, concordam com o encerramento da presente impugna\u00e7\u00e3o de cr\u00e9dito&#8221;, consta na peti\u00e7\u00e3o.<\/p>\n\n\n\n<p>O <strong>Bradesco (BBDC4) <\/strong>\u00e9 o maior credor da <strong>Americanas (AMER3)<\/strong>. Em meio ao rombo or\u00e7ament\u00e1rio de R$ 20 bilh\u00f5es da companhia, R$ 5 bilh\u00f5es s\u00e3o devidos ao banco. Segundo o advogado Vitor Ferrari, do Mazzuco e Mello, representante de credores menores, a d\u00edvida das fian\u00e7as est\u00e1 em cerca de R$ 700 milh\u00f5es para o Bradesco e demais <a class=\"suno-keyword\" target=\"_blank\" data-force=\"no\" data-priority=\"1\" href=\"https:\/\/www.suno.com.br\/artigos\/instituicoes-financeiras\/\" rel=\"noopener\">institui\u00e7\u00f5es financeiras<\/a>. <\/p>\n\n\n\t<p>\n\t\t<a href=\"https:\/\/lp.suno.com.br\/ebook-como-analisar-uma-acao\/\" target=\"_blank\" data-element=\"shortcode-suno-banner\" title=\"Banner SUNO, clique e saiba mais\">\n\t\t\t<picture>\n\t\t\t\t<source media=\"(max-width: 500px)\" srcset=\"https:\/\/files.sunoresearch.com.br\/n\/uploads\/2023\/03\/Ebook-Acoes-Mobile-1.jpg\">\n\t\t\t\t<img class=\"newsContent__article__imgCapa newsContent__article__imgCapa--banner\"\n\t\t\t\t\tsrc=\"https:\/\/files.sunoresearch.com.br\/n\/uploads\/2023\/03\/Ebook-Acoes-Desktop-1.jpg\"\n\t\t\t\t\tdata-promo-id=\"171998\"\t\t\t\t\t\t\t\t\t\twidth='1420' height='286'\t\t\t\t\talt=\"https:\/\/files.sunoresearch.com.br\/n\/uploads\/2023\/03\/Ebook-Acoes-Desktop-1.jpg\"\n\t\t\t\t>\n\t\t\t<\/picture>\n\t\t<\/a>\n\t<\/p>\n\n\n","protected":false},"excerpt":{"rendered":"<p>O Bradesco (BBDC4) e a Americanas (AMER3) conseguiram entrar em um acordo para por fim ao debate da inclus\u00e3o de fian\u00e7as no processo de recupera\u00e7\u00e3o judicial (RJ) da varejista. Nesta quinta-feira (28), as empresas emitiram uma peti\u00e7\u00e3o conjunta encerrando a discuss\u00e3o, que era um entrave para a aprova\u00e7\u00e3o da RJ, conforme apuraram os jornais Folha [&hellip;]<\/p>\n","protected":false},"author":283,"featured_media":406450,"comment_status":"closed","ping_status":"closed","sticky":false,"template":"","format":"standard","meta":[],"categories":[64],"tags":[106605,392,314],"suno_strategy":[],"class_list":["post-463799","post","type-post","status-publish","format-standard","has-post-thumbnail","hentry","category-negocios","tag-americanas-s-a-amer3","tag-bradesco-bbdc3-bbdc4","tag-recuperacao-judicial"],"yoast_head":"<!-- This site is optimized with the Yoast SEO plugin v24.4 - https:\/\/yoast.com\/wordpress\/plugins\/seo\/ -->\n<title>Americanas (AMER3): Bradesco (BBDC4) chega a um acordo sobre d\u00edvida<\/title>\n<meta name=\"description\" content=\"Maior credor da Americanas, o Bradesco conseguiu entrar em um acordo nesta quinta-feira (28) sobre a d\u00b4vida das fian\u00e7as da varejista.\" \/>\n<meta name=\"robots\" content=\"index, follow, max-snippet:-1, max-image-preview:large, max-video-preview:-1\" \/>\n<link rel=\"canonical\" href=\"https:\/\/www.suno.com.br\/noticias\/americanas-amer3-bradesco-bbdc4-acordo-divida-cpf\/\" \/>\n<meta property=\"og:locale\" content=\"pt_BR\" \/>\n<meta property=\"og:type\" content=\"article\" \/>\n<meta property=\"og:title\" content=\"Americanas (AMER3): Bradesco (BBDC4) chega a um acordo sobre d\u00edvida\" \/>\n<meta property=\"og:description\" content=\"Maior credor da Americanas, o Bradesco conseguiu entrar em um acordo nesta quinta-feira (28) sobre a d\u00b4vida das fian\u00e7as da varejista.\" \/>\n<meta property=\"og:url\" content=\"https:\/\/www.suno.com.br\/noticias\/americanas-amer3-bradesco-bbdc4-acordo-divida-cpf\/\" \/>\n<meta property=\"og:site_name\" content=\"Suno Not\u00edcias\" \/>\n<meta property=\"article:publisher\" content=\"https:\/\/facebook.com\/sunoresearch\" \/>\n<meta property=\"og:image\" content=\"https:\/\/files.sunoresearch.com.br\/n\/uploads\/2023\/05\/bradesco.jpg\" \/>\n\t<meta property=\"og:image:width\" content=\"1200\" \/>\n\t<meta property=\"og:image:height\" content=\"800\" \/>\n\t<meta property=\"og:image:type\" content=\"image\/jpeg\" \/>\n<meta name=\"author\" content=\"Camila Paim\" \/>\n<meta name=\"twitter:card\" content=\"summary_large_image\" \/>\n<meta name=\"twitter:creator\" content=\"@sunoresearch\" \/>\n<meta name=\"twitter:site\" content=\"@sunoresearch\" \/>\n<meta name=\"twitter:label1\" content=\"Escrito por\" \/>\n\t<meta name=\"twitter:data1\" content=\"Camila Paim\" \/>\n\t<meta name=\"twitter:label2\" content=\"Est. tempo de leitura\" \/>\n\t<meta name=\"twitter:data2\" content=\"2 minutos\" \/>\n<script type=\"application\/ld+json\" class=\"yoast-schema-graph\">{\"@context\":\"https:\/\/schema.org\",\"@graph\":[{\"@type\":\"NewsArticle\",\"@id\":\"https:\/\/www.suno.com.br\/noticias\/americanas-amer3-bradesco-bbdc4-acordo-divida-cpf\/#article\",\"isPartOf\":{\"@id\":\"https:\/\/www.suno.com.br\/noticias\/americanas-amer3-bradesco-bbdc4-acordo-divida-cpf\/\"},\"author\":{\"name\":\"Camila Paim\",\"@id\":\"https:\/\/www.suno.com.br\/noticias\/#\/schema\/person\/f341d3ae5d1cc685176c9a5327cdfdbb\"},\"headline\":\"Em sinal de paz, Bradesco (BBDC4) e Americanas (AMER3) chegam a acordo sobre d\u00edvida da recupera\u00e7\u00e3o judicial\",\"datePublished\":\"2023-09-29T12:45:49+00:00\",\"dateModified\":\"2023-09-29T12:45:54+00:00\",\"mainEntityOfPage\":{\"@id\":\"https:\/\/www.suno.com.br\/noticias\/americanas-amer3-bradesco-bbdc4-acordo-divida-cpf\/\"},\"wordCount\":405,\"publisher\":{\"@id\":\"https:\/\/www.suno.com.br\/noticias\/#organization\"},\"image\":{\"@id\":\"https:\/\/www.suno.com.br\/noticias\/americanas-amer3-bradesco-bbdc4-acordo-divida-cpf\/#primaryimage\"},\"thumbnailUrl\":\"https:\/\/files.sunoresearch.com.br\/n\/uploads\/2023\/05\/bradesco.jpg\",\"keywords\":[\"Americanas (AMER3)\",\"Bradesco (BBDC3\/BBDC4)\",\"recupera\u00e7\u00e3o judicial\"],\"articleSection\":[\"Neg\u00f3cios\"],\"inLanguage\":\"pt-BR\"},{\"@type\":\"WebPage\",\"@id\":\"https:\/\/www.suno.com.br\/noticias\/americanas-amer3-bradesco-bbdc4-acordo-divida-cpf\/\",\"url\":\"https:\/\/www.suno.com.br\/noticias\/americanas-amer3-bradesco-bbdc4-acordo-divida-cpf\/\",\"name\":\"Americanas (AMER3): Bradesco (BBDC4) chega a um acordo sobre d\u00edvida\",\"isPartOf\":{\"@id\":\"https:\/\/www.suno.com.br\/noticias\/#website\"},\"primaryImageOfPage\":{\"@id\":\"https:\/\/www.suno.com.br\/noticias\/americanas-amer3-bradesco-bbdc4-acordo-divida-cpf\/#primaryimage\"},\"image\":{\"@id\":\"https:\/\/www.suno.com.br\/noticias\/americanas-amer3-bradesco-bbdc4-acordo-divida-cpf\/#primaryimage\"},\"thumbnailUrl\":\"https:\/\/files.sunoresearch.com.br\/n\/uploads\/2023\/05\/bradesco.jpg\",\"datePublished\":\"2023-09-29T12:45:49+00:00\",\"dateModified\":\"2023-09-29T12:45:54+00:00\",\"description\":\"Maior credor da Americanas, o Bradesco conseguiu entrar em um acordo nesta quinta-feira (28) sobre a d\u00b4vida das fian\u00e7as da varejista.\",\"breadcrumb\":{\"@id\":\"https:\/\/www.suno.com.br\/noticias\/americanas-amer3-bradesco-bbdc4-acordo-divida-cpf\/#breadcrumb\"},\"inLanguage\":\"pt-BR\",\"potentialAction\":[{\"@type\":\"ReadAction\",\"target\":[\"https:\/\/www.suno.com.br\/noticias\/americanas-amer3-bradesco-bbdc4-acordo-divida-cpf\/\"]}]},{\"@type\":\"ImageObject\",\"inLanguage\":\"pt-BR\",\"@id\":\"https:\/\/www.suno.com.br\/noticias\/americanas-amer3-bradesco-bbdc4-acordo-divida-cpf\/#primaryimage\",\"url\":\"https:\/\/files.sunoresearch.com.br\/n\/uploads\/2023\/05\/bradesco.jpg\",\"contentUrl\":\"https:\/\/files.sunoresearch.com.br\/n\/uploads\/2023\/05\/bradesco.jpg\",\"width\":1200,\"height\":800,\"caption\":\"Bradesco (BBDC4). Foto: iStock\"},{\"@type\":\"BreadcrumbList\",\"@id\":\"https:\/\/www.suno.com.br\/noticias\/americanas-amer3-bradesco-bbdc4-acordo-divida-cpf\/#breadcrumb\",\"itemListElement\":[{\"@type\":\"ListItem\",\"position\":1,\"name\":\"Not\u00edcias\",\"item\":\"https:\/\/www.suno.com.br\/noticias\/\"},{\"@type\":\"ListItem\",\"position\":2,\"name\":\"Neg\u00f3cios\",\"item\":\"https:\/\/www.suno.com.br\/noticias\/negocios\/\"},{\"@type\":\"ListItem\",\"position\":3,\"name\":\"Em sinal de paz, Bradesco (BBDC4) e Americanas (AMER3) chegam a acordo sobre d\u00edvida da recupera\u00e7\u00e3o judicial\"}]},{\"@type\":\"WebSite\",\"@id\":\"https:\/\/www.suno.com.br\/noticias\/#website\",\"url\":\"https:\/\/www.suno.com.br\/noticias\/\",\"name\":\"Suno Not\u00edcias\",\"description\":\"Seu portal de informa\u00e7\u00e3o sobre o mundo dos investimentos\",\"publisher\":{\"@id\":\"https:\/\/www.suno.com.br\/noticias\/#organization\"},\"potentialAction\":[{\"@type\":\"SearchAction\",\"target\":{\"@type\":\"EntryPoint\",\"urlTemplate\":\"https:\/\/www.suno.com.br\/noticias\/?s={search_term_string}\"},\"query-input\":{\"@type\":\"PropertyValueSpecification\",\"valueRequired\":true,\"valueName\":\"search_term_string\"}}],\"inLanguage\":\"pt-BR\"},{\"@type\":\"Organization\",\"@id\":\"https:\/\/www.suno.com.br\/noticias\/#organization\",\"name\":\"Suno Not\u00edcias\",\"url\":\"https:\/\/www.suno.com.br\/noticias\/\",\"logo\":{\"@type\":\"ImageObject\",\"inLanguage\":\"pt-BR\",\"@id\":\"https:\/\/www.suno.com.br\/noticias\/#\/schema\/logo\/image\/\",\"url\":\"https:\/\/files.sunoresearch.com.br\/n\/uploads\/2021\/09\/suno-logo.png\",\"contentUrl\":\"https:\/\/files.sunoresearch.com.br\/n\/uploads\/2021\/09\/suno-logo.png\",\"width\":180,\"height\":180,\"caption\":\"Suno Not\u00edcias\"},\"image\":{\"@id\":\"https:\/\/www.suno.com.br\/noticias\/#\/schema\/logo\/image\/\"},\"sameAs\":[\"https:\/\/facebook.com\/sunoresearch\",\"https:\/\/x.com\/sunoresearch\",\"https:\/\/www.instagram.com\/suno\",\"https:\/\/www.linkedin.com\/company\/suno-research\/\",\"https:\/\/www.youtube.com\/c\/sunoresearch\"]},{\"@type\":\"Person\",\"@id\":\"https:\/\/www.suno.com.br\/noticias\/#\/schema\/person\/f341d3ae5d1cc685176c9a5327cdfdbb\",\"name\":\"Camila Paim\",\"image\":{\"@type\":\"ImageObject\",\"inLanguage\":\"pt-BR\",\"@id\":\"https:\/\/www.suno.com.br\/noticias\/#\/schema\/person\/image\/\",\"url\":\"https:\/\/secure.gravatar.com\/avatar\/f33728e65febb1aa7ecf6792956f9b20?s=96&r=g\",\"contentUrl\":\"https:\/\/secure.gravatar.com\/avatar\/f33728e65febb1aa7ecf6792956f9b20?s=96&r=g\",\"caption\":\"Camila Paim\"},\"description\":\"Jornalista formada pela USP, tem experi\u00eancia em reda\u00e7\u00f5es, SEO, Branded Content e Webdesign. Com passagem pelo Jornal da USP, Empiricus e C6 Bank, hoje \u00e9 rep\u00f3rter no Suno Not\u00edcias cobrindo macroeconomia, finan\u00e7as pessoais e startups.\",\"url\":\"https:\/\/www.suno.com.br\/noticias\/author\/camila-figueiredosuno-com-br\/\"}]}<\/script>\n<!-- \/ Yoast SEO plugin. -->","yoast_head_json":{"title":"Americanas (AMER3): Bradesco (BBDC4) chega a um acordo sobre d\u00edvida","description":"Maior credor da Americanas, o Bradesco conseguiu entrar em um acordo nesta quinta-feira (28) sobre a d\u00b4vida das fian\u00e7as da varejista.","robots":{"index":"index","follow":"follow","max-snippet":"max-snippet:-1","max-image-preview":"max-image-preview:large","max-video-preview":"max-video-preview:-1"},"canonical":"https:\/\/www.suno.com.br\/noticias\/americanas-amer3-bradesco-bbdc4-acordo-divida-cpf\/","og_locale":"pt_BR","og_type":"article","og_title":"Americanas (AMER3): Bradesco (BBDC4) chega a um acordo sobre d\u00edvida","og_description":"Maior credor da Americanas, o Bradesco conseguiu entrar em um acordo nesta quinta-feira (28) sobre a d\u00b4vida das fian\u00e7as da varejista.","og_url":"https:\/\/www.suno.com.br\/noticias\/americanas-amer3-bradesco-bbdc4-acordo-divida-cpf\/","og_site_name":"Suno Not\u00edcias","article_publisher":"https:\/\/facebook.com\/sunoresearch","og_image":[{"width":1200,"height":800,"url":"https:\/\/files.sunoresearch.com.br\/n\/uploads\/2023\/05\/bradesco.jpg","type":"image\/jpeg"}],"author":"Camila Paim","twitter_card":"summary_large_image","twitter_creator":"@sunoresearch","twitter_site":"@sunoresearch","twitter_misc":{"Escrito por":"Camila Paim","Est. tempo de leitura":"2 minutos"},"schema":{"@context":"https:\/\/schema.org","@graph":[{"@type":"NewsArticle","@id":"https:\/\/www.suno.com.br\/noticias\/americanas-amer3-bradesco-bbdc4-acordo-divida-cpf\/#article","isPartOf":{"@id":"https:\/\/www.suno.com.br\/noticias\/americanas-amer3-bradesco-bbdc4-acordo-divida-cpf\/"},"author":{"name":"Camila Paim","@id":"https:\/\/www.suno.com.br\/noticias\/#\/schema\/person\/f341d3ae5d1cc685176c9a5327cdfdbb"},"headline":"Em sinal de paz, Bradesco (BBDC4) e Americanas (AMER3) chegam a acordo sobre d\u00edvida da recupera\u00e7\u00e3o judicial","datePublished":"2023-09-29T12:45:49+00:00","dateModified":"2023-09-29T12:45:54+00:00","mainEntityOfPage":{"@id":"https:\/\/www.suno.com.br\/noticias\/americanas-amer3-bradesco-bbdc4-acordo-divida-cpf\/"},"wordCount":405,"publisher":{"@id":"https:\/\/www.suno.com.br\/noticias\/#organization"},"image":{"@id":"https:\/\/www.suno.com.br\/noticias\/americanas-amer3-bradesco-bbdc4-acordo-divida-cpf\/#primaryimage"},"thumbnailUrl":"https:\/\/files.sunoresearch.com.br\/n\/uploads\/2023\/05\/bradesco.jpg","keywords":["Americanas (AMER3)","Bradesco (BBDC3\/BBDC4)","recupera\u00e7\u00e3o judicial"],"articleSection":["Neg\u00f3cios"],"inLanguage":"pt-BR"},{"@type":"WebPage","@id":"https:\/\/www.suno.com.br\/noticias\/americanas-amer3-bradesco-bbdc4-acordo-divida-cpf\/","url":"https:\/\/www.suno.com.br\/noticias\/americanas-amer3-bradesco-bbdc4-acordo-divida-cpf\/","name":"Americanas (AMER3): Bradesco (BBDC4) chega a um acordo sobre d\u00edvida","isPartOf":{"@id":"https:\/\/www.suno.com.br\/noticias\/#website"},"primaryImageOfPage":{"@id":"https:\/\/www.suno.com.br\/noticias\/americanas-amer3-bradesco-bbdc4-acordo-divida-cpf\/#primaryimage"},"image":{"@id":"https:\/\/www.suno.com.br\/noticias\/americanas-amer3-bradesco-bbdc4-acordo-divida-cpf\/#primaryimage"},"thumbnailUrl":"https:\/\/files.sunoresearch.com.br\/n\/uploads\/2023\/05\/bradesco.jpg","datePublished":"2023-09-29T12:45:49+00:00","dateModified":"2023-09-29T12:45:54+00:00","description":"Maior credor da Americanas, o Bradesco conseguiu entrar em um acordo nesta quinta-feira (28) sobre a d\u00b4vida das fian\u00e7as da varejista.","breadcrumb":{"@id":"https:\/\/www.suno.com.br\/noticias\/americanas-amer3-bradesco-bbdc4-acordo-divida-cpf\/#breadcrumb"},"inLanguage":"pt-BR","potentialAction":[{"@type":"ReadAction","target":["https:\/\/www.suno.com.br\/noticias\/americanas-amer3-bradesco-bbdc4-acordo-divida-cpf\/"]}]},{"@type":"ImageObject","inLanguage":"pt-BR","@id":"https:\/\/www.suno.com.br\/noticias\/americanas-amer3-bradesco-bbdc4-acordo-divida-cpf\/#primaryimage","url":"https:\/\/files.sunoresearch.com.br\/n\/uploads\/2023\/05\/bradesco.jpg","contentUrl":"https:\/\/files.sunoresearch.com.br\/n\/uploads\/2023\/05\/bradesco.jpg","width":1200,"height":800,"caption":"Bradesco (BBDC4). Foto: iStock"},{"@type":"BreadcrumbList","@id":"https:\/\/www.suno.com.br\/noticias\/americanas-amer3-bradesco-bbdc4-acordo-divida-cpf\/#breadcrumb","itemListElement":[{"@type":"ListItem","position":1,"name":"Not\u00edcias","item":"https:\/\/www.suno.com.br\/noticias\/"},{"@type":"ListItem","position":2,"name":"Neg\u00f3cios","item":"https:\/\/www.suno.com.br\/noticias\/negocios\/"},{"@type":"ListItem","position":3,"name":"Em sinal de paz, Bradesco (BBDC4) e Americanas (AMER3) chegam a acordo sobre d\u00edvida da recupera\u00e7\u00e3o judicial"}]},{"@type":"WebSite","@id":"https:\/\/www.suno.com.br\/noticias\/#website","url":"https:\/\/www.suno.com.br\/noticias\/","name":"Suno Not\u00edcias","description":"Seu portal de informa\u00e7\u00e3o sobre o mundo dos investimentos","publisher":{"@id":"https:\/\/www.suno.com.br\/noticias\/#organization"},"potentialAction":[{"@type":"SearchAction","target":{"@type":"EntryPoint","urlTemplate":"https:\/\/www.suno.com.br\/noticias\/?s={search_term_string}"},"query-input":{"@type":"PropertyValueSpecification","valueRequired":true,"valueName":"search_term_string"}}],"inLanguage":"pt-BR"},{"@type":"Organization","@id":"https:\/\/www.suno.com.br\/noticias\/#organization","name":"Suno Not\u00edcias","url":"https:\/\/www.suno.com.br\/noticias\/","logo":{"@type":"ImageObject","inLanguage":"pt-BR","@id":"https:\/\/www.suno.com.br\/noticias\/#\/schema\/logo\/image\/","url":"https:\/\/files.sunoresearch.com.br\/n\/uploads\/2021\/09\/suno-logo.png","contentUrl":"https:\/\/files.sunoresearch.com.br\/n\/uploads\/2021\/09\/suno-logo.png","width":180,"height":180,"caption":"Suno Not\u00edcias"},"image":{"@id":"https:\/\/www.suno.com.br\/noticias\/#\/schema\/logo\/image\/"},"sameAs":["https:\/\/facebook.com\/sunoresearch","https:\/\/x.com\/sunoresearch","https:\/\/www.instagram.com\/suno","https:\/\/www.linkedin.com\/company\/suno-research\/","https:\/\/www.youtube.com\/c\/sunoresearch"]},{"@type":"Person","@id":"https:\/\/www.suno.com.br\/noticias\/#\/schema\/person\/f341d3ae5d1cc685176c9a5327cdfdbb","name":"Camila Paim","image":{"@type":"ImageObject","inLanguage":"pt-BR","@id":"https:\/\/www.suno.com.br\/noticias\/#\/schema\/person\/image\/","url":"https:\/\/secure.gravatar.com\/avatar\/f33728e65febb1aa7ecf6792956f9b20?s=96&r=g","contentUrl":"https:\/\/secure.gravatar.com\/avatar\/f33728e65febb1aa7ecf6792956f9b20?s=96&r=g","caption":"Camila Paim"},"description":"Jornalista formada pela USP, tem experi\u00eancia em reda\u00e7\u00f5es, SEO, Branded Content e Webdesign. Com passagem pelo Jornal da USP, Empiricus e C6 Bank, hoje \u00e9 rep\u00f3rter no Suno Not\u00edcias cobrindo macroeconomia, finan\u00e7as pessoais e startups.","url":"https:\/\/www.suno.com.br\/noticias\/author\/camila-figueiredosuno-com-br\/"}]}},"default_loop_html":"<div class=\"cardsPage__listCard__boxs\"><div class=\"cardsPage__listCard__boxs__img\"><a href=\"https:\/\/www.suno.com.br\/noticias\/americanas-amer3-bradesco-bbdc4-acordo-divida-cpf\/\"><img class=\"mask\" src=\"https:\/\/www.suno.com.br\/noticias\/wp-content\/themes\/suno\/resources\/images\/spotlight\/spotlight1img\/bg-mask.png\" alt=\"Image Mask\"\/><img src=\"https:\/\/files.sunoresearch.com.br\/n\/uploads\/2023\/05\/bradesco-400x200.jpg\" alt=\"Em sinal de paz, Bradesco (BBDC4) e Americanas (AMER3) chegam a acordo sobre d\u00edvida da recupera\u00e7\u00e3o judicial\"\/><\/a><span class=\"spotlightCategory\"><a href=\"https:\/\/www.suno.com.br\/noticias\/negocios\/\">Neg\u00f3cios<\/a><\/span><\/div><div class=\"cardsPage__listCard__boxs__content\"><a href=\"https:\/\/www.suno.com.br\/noticias\/americanas-amer3-bradesco-bbdc4-acordo-divida-cpf\/\"><h2 class=\"content__title\">Em sinal de paz, Bradesco (BBDC4) e Americanas (AMER3) chegam a acordo sobre d\u00edvida da recupera\u00e7\u00e3o judicial<\/h2><\/a><div class=\"newsContent__article__meta\"><div class=\"newsContent__article__meta__authorBox\"><a href=\"https:\/\/www.suno.com.br\/noticias\/author\/camila-figueiredosuno-com-br\/\" class=\"authorBox__avatar noMobi\"><img src=\"https:\/\/files.sunoresearch.com.br\/n\/uploads\/2024\/05\/camila-paim-square-150x150.jpg\" alt=\"Camila Paim\"><\/a><div class=\"authorBox__name\"><span>por\n\t\t\t<a href=\"https:\/\/www.suno.com.br\/noticias\/author\/camila-figueiredosuno-com-br\/\"><span itemprop=\"author\">Camila Paim<\/span><\/a><\/span><time datetime=\"2023-09-29T09:45:49-03:00\" itemprop=\"datePublished\">29\/09\/2023 09:45<\/time><\/div><\/div><\/div><\/div><\/div>","single_layout":"posts","amp_enabled":true,"_links":{"self":[{"href":"https:\/\/www.suno.com.br\/noticias\/wp-json\/wp\/v2\/posts\/463799"}],"collection":[{"href":"https:\/\/www.suno.com.br\/noticias\/wp-json\/wp\/v2\/posts"}],"about":[{"href":"https:\/\/www.suno.com.br\/noticias\/wp-json\/wp\/v2\/types\/post"}],"author":[{"embeddable":true,"href":"https:\/\/www.suno.com.br\/noticias\/wp-json\/wp\/v2\/users\/283"}],"replies":[{"embeddable":true,"href":"https:\/\/www.suno.com.br\/noticias\/wp-json\/wp\/v2\/comments?post=463799"}],"version-history":[{"count":3,"href":"https:\/\/www.suno.com.br\/noticias\/wp-json\/wp\/v2\/posts\/463799\/revisions"}],"predecessor-version":[{"id":463825,"href":"https:\/\/www.suno.com.br\/noticias\/wp-json\/wp\/v2\/posts\/463799\/revisions\/463825"}],"wp:featuredmedia":[{"embeddable":true,"href":"https:\/\/www.suno.com.br\/noticias\/wp-json\/wp\/v2\/media\/406450"}],"wp:attachment":[{"href":"https:\/\/www.suno.com.br\/noticias\/wp-json\/wp\/v2\/media?parent=463799"}],"wp:term":[{"taxonomy":"category","embeddable":true,"href":"https:\/\/www.suno.com.br\/noticias\/wp-json\/wp\/v2\/categories?post=463799"},{"taxonomy":"post_tag","embeddable":true,"href":"https:\/\/www.suno.com.br\/noticias\/wp-json\/wp\/v2\/tags?post=463799"},{"taxonomy":"suno_strategy","embeddable":true,"href":"https:\/\/www.suno.com.br\/noticias\/wp-json\/wp\/v2\/suno_strategy?post=463799"}],"curies":[{"name":"wp","href":"https:\/\/api.w.org\/{rel}","templated":true}]}}