{"id":463397,"date":"2023-09-28T15:47:10","date_gmt":"2023-09-28T18:47:10","guid":{"rendered":"https:\/\/www.suno.com.br\/noticias\/?p=463397"},"modified":"2023-09-28T15:47:13","modified_gmt":"2023-09-28T18:47:13","slug":"evergrande-confirma-presidente-sob-vigilancia-crimes-ilicitos","status":"publish","type":"post","link":"https:\/\/www.suno.com.br\/noticias\/evergrande-confirma-presidente-sob-vigilancia-crimes-ilicitos\/","title":{"rendered":"Evergrande confirma que presidente est\u00e1 sob vigil\u00e2ncia por crimes il\u00edcitos"},"content":{"rendered":"<p>A <strong>Evergrande<\/strong>, uma das maiores incorporadoras do setor imobili\u00e1rio da China, confirmou que foi notificada por autoridades que seu diretor executivo e presidente do Conselho, Hui Ka Yan, &#8220;foi alvo de medidas obrigat\u00f3rias nos termos da lei por suspeita de crimes il\u00edcitos&#8221;, de acordo com comunicado enviado \u00e0 Bolsa de Hong Kong.<\/p>\t<div class=\"wrapper-featured-image\">\n\t\t<figure class=\"spotlightImg\">\n\n\t\t\t<picture>\n\t\t\t\t<source media=\"(max-width: 768px)\" srcset=\"https:\/\/files.sunoresearch.com.br\/n\/uploads\/2021\/09\/Residential_buildings_developed_by_Evergrande_in_Yuanyang-400x200.jpg\">\n\t\t\t\t<img loading=\"lazy\" decoding=\"async\" class=\"newsContent__article__imgCapa lazyloadDisabled \" src=\"https:\/\/files.sunoresearch.com.br\/n\/uploads\/2021\/09\/Residential_buildings_developed_by_Evergrande_in_Yuanyang-800x450.jpg\" width=\"800\" height=\"450\" alt=\"Evergrande confirma que presidente est\u00e1 sob vigil\u00e2ncia por crimes il\u00edcitos\" fetchpriority=high \/>\n\t\t\t<\/picture>\n\n\t\t\t<figcaption class=\"wp-caption-text wp-caption-text--show\">Evergrande. Foto: Reprodu\u00e7\u00e3o\/Site Evergrande<\/figcaption>\n\t\t<\/figure>\n\t<\/div>\n\n\n\n\n\n\t<p>\n\t\t<a href=\"https:\/\/lp.suno.com.br\/planilha-da-vida-financeira\/\" target=\"_blank\" data-element=\"shortcode-suno-banner\" title=\"Banner SUNO, clique e saiba mais\">\n\t\t\t<picture>\n\t\t\t\t<source media=\"(max-width: 500px)\" srcset=\"https:\/\/files.sunoresearch.com.br\/n\/uploads\/2023\/04\/400x300-Planilha-vida-financeira-true.png\">\n\t\t\t\t<img class=\"newsContent__article__imgCapa newsContent__article__imgCapa--banner\"\n\t\t\t\t\tsrc=\"https:\/\/files.sunoresearch.com.br\/n\/uploads\/2023\/04\/1420x240-Planilha-vida-financeira-true.png\"\n\t\t\t\t\tdata-promo-id=\"106682\"\t\t\t\t\t\t\t\t\t\twidth='1420' height='240'\t\t\t\t\talt=\"https:\/\/files.sunoresearch.com.br\/n\/uploads\/2023\/04\/1420x240-Planilha-vida-financeira-true.png\"\n\t\t\t\t>\n\t\t\t<\/picture>\n\t\t<\/a>\n\t<\/p>\n\n\n\n\n\n\n\n<p>As <strong>a\u00e7\u00f5es da Evergrande<\/strong> tiveram as negocia\u00e7\u00f5es suspensas nesta quinta-feira e devem seguir sem ser negociadas at\u00e9 que seja anunciada alguma decis\u00e3o adicional, diz o comunicado.<\/p>\n\n\n\n<h2 class=\"wp-block-heading\">Divis\u00e3o da Evergrande acumula mais de 400 bilh\u00f5es de yuans em d\u00edvidas e contas comerciais<\/h2>\n\n\n\n<p>Uma das<strong> subsidi\u00e1rias da Evergrande<\/strong>, a Hengda Real Estate, acumula mais de 400 bilh\u00f5es de yuans (R$ 276 bi) em d\u00edvidas e contas comerciais n\u00e3o pagas, e falhou em pagar outros cerca de 400 bilh\u00f5es em peti\u00e7\u00f5es judiciais de credores contra a empresa. As informa\u00e7\u00f5es foram fornecidas por meio de comunicado oficial, listado na Bolsa de Hong Kong.<\/p>\n\n\n\n<p>No final de agosto de 2023, as d\u00edvidas n\u00e3o pagas da <strong>Hengda Real Estate<\/strong> totalizavam aproximadamente 278,532 bilh\u00f5es de yuans. No mesmo per\u00edodo, as contas comerciais vencidas da empresa contabilizavam cerca de 206,777 bilh\u00f5es de yuans (R$ 142 bi).<\/p>\n\n\n\n<p>Ainda, a Hengda Real Estate tinha um total de 1.946 casos de lit\u00edgio pendentes no final do m\u00eas passado, que envolviam mais de 30 milh\u00f5es de yuans cada, com o valor total envolvido de aproximadamente 449,298 bilh\u00f5es de yuans.<\/p>\n\n\n\n<p>A subsidi\u00e1ria da Evergrande tamb\u00e9m informou que se desfez completamente de 73 projetos imobili\u00e1rios por meio de transfer\u00eancia de ativos, terras e constru\u00e7\u00f5es em progresso, fundos, entre outros.<\/p>\n\n\n\n<p>Al\u00e9m disso, foram protocolados 163 novos casos de execu\u00e7\u00e3o contra a Hengda Real Estate &#8211; envolvendo um valor total de aproximadamente 9,128 bilh\u00f5es de yuans (R$ 8,1 bi) &#8211; e outros 68 casos em que os ativos congelados em subsidi\u00e1rias ou empresas controladas pela Hengda.<\/p>\n\n\n\t<p>\n\t\t<a href=\"https:\/\/lp.suno.com.br\/ebook-como-analisar-uma-acao\/\" target=\"_blank\" data-element=\"shortcode-suno-banner\" title=\"Banner SUNO, clique e saiba mais\">\n\t\t\t<picture>\n\t\t\t\t<source media=\"(max-width: 500px)\" srcset=\"https:\/\/files.sunoresearch.com.br\/n\/uploads\/2023\/03\/Ebook-Acoes-Mobile.jpg\">\n\t\t\t\t<img class=\"newsContent__article__imgCapa newsContent__article__imgCapa--banner\"\n\t\t\t\t\tsrc=\"https:\/\/files.sunoresearch.com.br\/n\/uploads\/2023\/03\/Ebook-Acoes-Desktop.jpg\"\n\t\t\t\t\tdata-promo-id=\"378302\"\t\t\t\t\t\t\t\t\t\twidth='1420' height='286'\t\t\t\t\talt=\"https:\/\/files.sunoresearch.com.br\/n\/uploads\/2023\/03\/Ebook-Acoes-Desktop.jpg\"\n\t\t\t\t>\n\t\t\t<\/picture>\n\t\t<\/a>\n\t<\/p>\n\n\n\n\n\n<h2 class=\"wp-block-heading\">A\u00e7\u00f5es s\u00e3o suspensas ap\u00f3s deten\u00e7\u00e3o do fundador na China<\/h2>\n\n\n\n<p>As a\u00e7\u00f5es do <strong>grupo China Evergrande<\/strong> foram suspensas da Bolsa de Hong Kong nesta quinta-feira (28), ap\u00f3s relatos sobre a deten\u00e7\u00e3o do seu fundador come\u00e7arem a circular. <\/p>\n\n\n\n<p><strong>Hui Ka Yan<\/strong>, fundador, presidente e <a class=\"suno-keyword\" data-force=\"no\" data-priority=\"1\" href=\"https:\/\/www.suno.com.br\/artigos\/acionista-controlador\/\" target=\"_blank\" rel=\"noopener\">acionista controlador<\/a> da<strong> China Evergrande <\/strong>foi colocado sobre vigil\u00e2ncia policial em um local n\u00e3o divulgado, segundo informa\u00e7\u00f5es da ag\u00eancia internacional de not\u00edcias, Bloomberg News. <\/p>\n\n\n\n<p>Ele foi levado pela pol\u00edcia chinesa no in\u00edcio do m\u00eas de setembro e continua sob monitoramento das autoridades, informou a ag\u00eancia. J\u00e1 um ve\u00edculo de not\u00edcias chin\u00eas comentou que Hui estaria detido em Pequim, sem ter sido acusado de nenhum crime at\u00e9 o momento.<\/p>\n\n\n\n<p>Com a not\u00edcia, as a\u00e7\u00f5es da <strong>Evergrande <\/strong>e de suas duas unidades de capital aberto, de servi\u00e7os imobili\u00e1rios e fabrica\u00e7\u00e3o de ve\u00edculos el\u00e9tricos, foram suspensas de negocia\u00e7\u00e3o na quinta-feira. Os ativos do grupo recentemente j\u00e1 derretiam e atingiam seus patamares mais baixos em anos. <\/p>\n\n\n\n<p>Um dos porta-vozes da <strong>Evergrande <\/strong>preferiu n\u00e3o responder \u00e0s solicita\u00e7\u00f5es de coment\u00e1rio.  <\/p>\n\n\n\n<h2 class=\"wp-block-heading\">Empresa desiste de plano de estrutura\u00e7\u00e3o de US$ 35 bilh\u00f5es<\/h2>\n\n\n\n<p>Na semana passada, a <strong>Evergrande&nbsp;<\/strong>informou que n\u00e3o daria continuidade ao seu <strong>plano de reestrutura\u00e7\u00e3o,<\/strong> de aproximadamente US$ 35 bilh\u00f5es em d\u00edvidas. Para muitos, a estrat\u00e9gia da companhia era o ponto-chave para que pudesse ter uma poss\u00edvel recupera\u00e7\u00e3o.<\/p>\n\n\n\n<p>Por sua relev\u00e2ncia, a Evergrande foi uma das protagonistas quando a&nbsp;<a href=\"https:\/\/www.suno.com.br\/artigos\/bolha-imobiliaria\/\" target=\"_blank\" rel=\"noreferrer noopener\">bolha imobili\u00e1ria<\/a>&nbsp;chinesa estourou em 2021, a partir da insolv\u00eancia da construtora, levando diversas outras companhias a sofrer com o mesmo problema, em um efeito \u201ccascata\u201d.<\/p>\n\n\n\n<p>Foi justamente nesse per\u00edodo que a empresa decidiu p\u00f4r em pr\u00e1tica o seu plano de reestrutura\u00e7\u00e3o. Por outro lado, o planejamento n\u00e3o tem sa\u00eddo conforme o esperado, principalmente em um cen\u00e1rio adverso no&nbsp;<strong>mercado imobili\u00e1rio da China<\/strong>.<\/p>\n\n\n\n<p>Nesse contexto, a <strong>Evergrande<\/strong> soltou um comunicado afirmando a necessidade de deixar o plano de lado em raz\u00e3o das vendas registradas nos \u00faltimos meses, que vieram bem abaixo do que o projetado.<\/p>\n\n\n\n\t<div data-element=\"shortcode-read-more\" class=\"readToo\">\n\t\t\t\t<span class=\"readToo__title\">Leia mais<\/span>\n\t\t\t\t<ul class=\"readToo__list\">\n\t\t\t<li><a href=\"https:\/\/www.suno.com.br\/noticias\/evergrande-desiste-plano-estruturacao-china-jvj\/\">Novo cap\u00edtulo da crise? Evergrande desiste de plano de estrutura\u00e7\u00e3o de US$ 35 bilh\u00f5es; E agora?<\/a><\/li><li><a href=\"https:\/\/www.suno.com.br\/noticias\/evergrande-china-prejuizo-acoes-despencam-cpf\/\">Evergrande corta preju\u00edzo pela metade, mas a\u00e7\u00f5es despencam 87% ap\u00f3s mais de um ano paradas<\/a><\/li>\t\t<\/ul>\n\t<\/div>\n\n\n\n\n<p>Com Estad\u00e3o Conte\u00fado<\/p>\n\n\n\t<p>\n\t\t<a href=\"https:\/\/lp.suno.com.br\/planilha-da-vida-financeira\/\" target=\"_blank\" data-element=\"shortcode-suno-banner\" title=\"Banner SUNO, clique e saiba mais\">\n\t\t\t<picture>\n\t\t\t\t<source media=\"(max-width: 500px)\" srcset=\"https:\/\/files.sunoresearch.com.br\/n\/uploads\/2023\/04\/400x300-Planilha-vida-financeira-true.png\">\n\t\t\t\t<img class=\"newsContent__article__imgCapa newsContent__article__imgCapa--banner\"\n\t\t\t\t\tsrc=\"https:\/\/files.sunoresearch.com.br\/n\/uploads\/2023\/04\/1420x240-Planilha-vida-financeira-true.png\"\n\t\t\t\t\tdata-promo-id=\"383123\"\t\t\t\t\t\t\t\t\t\twidth='1420' height='240'\t\t\t\t\talt=\"https:\/\/files.sunoresearch.com.br\/n\/uploads\/2023\/04\/1420x240-Planilha-vida-financeira-true.png\"\n\t\t\t\t>\n\t\t\t<\/picture>\n\t\t<\/a>\n\t<\/p>\n\n\n","protected":false},"excerpt":{"rendered":"<p>A Evergrande, uma das maiores incorporadoras do setor imobili\u00e1rio da China, confirmou que foi notificada por autoridades que seu diretor executivo e presidente do Conselho, Hui Ka Yan, &#8220;foi alvo de medidas obrigat\u00f3rias nos termos da lei por suspeita de crimes il\u00edcitos&#8221;, de acordo com comunicado enviado \u00e0 Bolsa de Hong Kong. Evergrande. Foto: Reprodu\u00e7\u00e3o\/Site [&hellip;]<\/p>\n","protected":false},"author":43,"featured_media":185516,"comment_status":"closed","ping_status":"closed","sticky":false,"template":"","format":"standard","meta":[],"categories":[64],"tags":[711,107122],"suno_strategy":[],"class_list":["post-463397","post","type-post","status-publish","format-standard","has-post-thumbnail","hentry","category-negocios","tag-china","tag-evergrande"],"yoast_head":"<!-- This site is optimized with the Yoast SEO plugin v24.4 - https:\/\/yoast.com\/wordpress\/plugins\/seo\/ -->\n<title>Evergrande confirma que presidente est\u00e1 sob vigil\u00e2ncia por crimes il\u00edcitos<\/title>\n<meta name=\"description\" content=\"A Evergrande confirmou que o presidente do Conselho, Hui Ka Yan, &quot;foi alvo de medidas obrigat\u00f3rias por suspeita de crimes il\u00edcitos&quot;\" \/>\n<meta name=\"robots\" content=\"index, follow, max-snippet:-1, max-image-preview:large, max-video-preview:-1\" \/>\n<link rel=\"canonical\" href=\"https:\/\/www.suno.com.br\/noticias\/evergrande-confirma-presidente-sob-vigilancia-crimes-ilicitos\/\" \/>\n<meta property=\"og:locale\" content=\"pt_BR\" \/>\n<meta property=\"og:type\" content=\"article\" \/>\n<meta property=\"og:title\" content=\"Evergrande confirma que presidente est\u00e1 sob vigil\u00e2ncia por crimes il\u00edcitos\" \/>\n<meta property=\"og:description\" content=\"A Evergrande confirmou que o presidente do Conselho, Hui Ka Yan, &quot;foi alvo de medidas obrigat\u00f3rias por suspeita de crimes il\u00edcitos&quot;\" \/>\n<meta property=\"og:url\" content=\"https:\/\/www.suno.com.br\/noticias\/evergrande-confirma-presidente-sob-vigilancia-crimes-ilicitos\/\" \/>\n<meta property=\"og:site_name\" content=\"Suno Not\u00edcias\" \/>\n<meta property=\"article:publisher\" content=\"https:\/\/facebook.com\/sunoresearch\" \/>\n<meta property=\"article:author\" content=\"https:\/\/www.facebook.com\/sunonoticias\/\" \/>\n<meta property=\"og:image\" content=\"https:\/\/files.sunoresearch.com.br\/n\/uploads\/2021\/09\/Residential_buildings_developed_by_Evergrande_in_Yuanyang.jpg\" \/>\n\t<meta property=\"og:image:width\" content=\"1280\" \/>\n\t<meta property=\"og:image:height\" content=\"853\" \/>\n\t<meta property=\"og:image:type\" content=\"image\/jpeg\" \/>\n<meta name=\"author\" content=\"Reda\u00e7\u00e3o Suno Not\u00edcias\" \/>\n<meta name=\"twitter:card\" content=\"summary_large_image\" \/>\n<meta name=\"twitter:creator\" content=\"@https:\/\/twitter.com\/sunoresearch\" \/>\n<meta name=\"twitter:site\" content=\"@sunoresearch\" \/>\n<meta name=\"twitter:label1\" content=\"Escrito por\" \/>\n\t<meta name=\"twitter:data1\" content=\"Reda\u00e7\u00e3o Suno Not\u00edcias\" \/>\n\t<meta name=\"twitter:label2\" content=\"Est. tempo de leitura\" \/>\n\t<meta name=\"twitter:data2\" content=\"4 minutos\" \/>\n<script type=\"application\/ld+json\" class=\"yoast-schema-graph\">{\"@context\":\"https:\/\/schema.org\",\"@graph\":[{\"@type\":\"NewsArticle\",\"@id\":\"https:\/\/www.suno.com.br\/noticias\/evergrande-confirma-presidente-sob-vigilancia-crimes-ilicitos\/#article\",\"isPartOf\":{\"@id\":\"https:\/\/www.suno.com.br\/noticias\/evergrande-confirma-presidente-sob-vigilancia-crimes-ilicitos\/\"},\"author\":{\"name\":\"Reda\u00e7\u00e3o Suno Not\u00edcias\",\"@id\":\"https:\/\/www.suno.com.br\/noticias\/#\/schema\/person\/c1b1bd3727fa852bd045e9dbff3673ea\"},\"headline\":\"Evergrande confirma que presidente est\u00e1 sob vigil\u00e2ncia por crimes il\u00edcitos\",\"datePublished\":\"2023-09-28T18:47:10+00:00\",\"dateModified\":\"2023-09-28T18:47:13+00:00\",\"mainEntityOfPage\":{\"@id\":\"https:\/\/www.suno.com.br\/noticias\/evergrande-confirma-presidente-sob-vigilancia-crimes-ilicitos\/\"},\"wordCount\":717,\"publisher\":{\"@id\":\"https:\/\/www.suno.com.br\/noticias\/#organization\"},\"image\":{\"@id\":\"https:\/\/www.suno.com.br\/noticias\/evergrande-confirma-presidente-sob-vigilancia-crimes-ilicitos\/#primaryimage\"},\"thumbnailUrl\":\"https:\/\/files.sunoresearch.com.br\/n\/uploads\/2021\/09\/Residential_buildings_developed_by_Evergrande_in_Yuanyang.jpg\",\"keywords\":[\"China\",\"evergrande\"],\"articleSection\":[\"Neg\u00f3cios\"],\"inLanguage\":\"pt-BR\"},{\"@type\":\"WebPage\",\"@id\":\"https:\/\/www.suno.com.br\/noticias\/evergrande-confirma-presidente-sob-vigilancia-crimes-ilicitos\/\",\"url\":\"https:\/\/www.suno.com.br\/noticias\/evergrande-confirma-presidente-sob-vigilancia-crimes-ilicitos\/\",\"name\":\"Evergrande confirma que presidente est\u00e1 sob vigil\u00e2ncia por crimes il\u00edcitos\",\"isPartOf\":{\"@id\":\"https:\/\/www.suno.com.br\/noticias\/#website\"},\"primaryImageOfPage\":{\"@id\":\"https:\/\/www.suno.com.br\/noticias\/evergrande-confirma-presidente-sob-vigilancia-crimes-ilicitos\/#primaryimage\"},\"image\":{\"@id\":\"https:\/\/www.suno.com.br\/noticias\/evergrande-confirma-presidente-sob-vigilancia-crimes-ilicitos\/#primaryimage\"},\"thumbnailUrl\":\"https:\/\/files.sunoresearch.com.br\/n\/uploads\/2021\/09\/Residential_buildings_developed_by_Evergrande_in_Yuanyang.jpg\",\"datePublished\":\"2023-09-28T18:47:10+00:00\",\"dateModified\":\"2023-09-28T18:47:13+00:00\",\"description\":\"A Evergrande confirmou que o presidente do Conselho, Hui Ka Yan, \\\"foi alvo de medidas obrigat\u00f3rias por suspeita de crimes il\u00edcitos\\\"\",\"breadcrumb\":{\"@id\":\"https:\/\/www.suno.com.br\/noticias\/evergrande-confirma-presidente-sob-vigilancia-crimes-ilicitos\/#breadcrumb\"},\"inLanguage\":\"pt-BR\",\"potentialAction\":[{\"@type\":\"ReadAction\",\"target\":[\"https:\/\/www.suno.com.br\/noticias\/evergrande-confirma-presidente-sob-vigilancia-crimes-ilicitos\/\"]}]},{\"@type\":\"ImageObject\",\"inLanguage\":\"pt-BR\",\"@id\":\"https:\/\/www.suno.com.br\/noticias\/evergrande-confirma-presidente-sob-vigilancia-crimes-ilicitos\/#primaryimage\",\"url\":\"https:\/\/files.sunoresearch.com.br\/n\/uploads\/2021\/09\/Residential_buildings_developed_by_Evergrande_in_Yuanyang.jpg\",\"contentUrl\":\"https:\/\/files.sunoresearch.com.br\/n\/uploads\/2021\/09\/Residential_buildings_developed_by_Evergrande_in_Yuanyang.jpg\",\"width\":1280,\"height\":853,\"caption\":\"Evergrande. Foto: Reprodu\u00e7\u00e3o\/Site Evergrande\"},{\"@type\":\"BreadcrumbList\",\"@id\":\"https:\/\/www.suno.com.br\/noticias\/evergrande-confirma-presidente-sob-vigilancia-crimes-ilicitos\/#breadcrumb\",\"itemListElement\":[{\"@type\":\"ListItem\",\"position\":1,\"name\":\"Not\u00edcias\",\"item\":\"https:\/\/www.suno.com.br\/noticias\/\"},{\"@type\":\"ListItem\",\"position\":2,\"name\":\"Neg\u00f3cios\",\"item\":\"https:\/\/www.suno.com.br\/noticias\/negocios\/\"},{\"@type\":\"ListItem\",\"position\":3,\"name\":\"Evergrande confirma que presidente est\u00e1 sob vigil\u00e2ncia por crimes il\u00edcitos\"}]},{\"@type\":\"WebSite\",\"@id\":\"https:\/\/www.suno.com.br\/noticias\/#website\",\"url\":\"https:\/\/www.suno.com.br\/noticias\/\",\"name\":\"Suno Not\u00edcias\",\"description\":\"Seu portal de informa\u00e7\u00e3o sobre o mundo dos investimentos\",\"publisher\":{\"@id\":\"https:\/\/www.suno.com.br\/noticias\/#organization\"},\"potentialAction\":[{\"@type\":\"SearchAction\",\"target\":{\"@type\":\"EntryPoint\",\"urlTemplate\":\"https:\/\/www.suno.com.br\/noticias\/?s={search_term_string}\"},\"query-input\":{\"@type\":\"PropertyValueSpecification\",\"valueRequired\":true,\"valueName\":\"search_term_string\"}}],\"inLanguage\":\"pt-BR\"},{\"@type\":\"Organization\",\"@id\":\"https:\/\/www.suno.com.br\/noticias\/#organization\",\"name\":\"Suno Not\u00edcias\",\"url\":\"https:\/\/www.suno.com.br\/noticias\/\",\"logo\":{\"@type\":\"ImageObject\",\"inLanguage\":\"pt-BR\",\"@id\":\"https:\/\/www.suno.com.br\/noticias\/#\/schema\/logo\/image\/\",\"url\":\"https:\/\/files.sunoresearch.com.br\/n\/uploads\/2021\/09\/suno-logo.png\",\"contentUrl\":\"https:\/\/files.sunoresearch.com.br\/n\/uploads\/2021\/09\/suno-logo.png\",\"width\":180,\"height\":180,\"caption\":\"Suno Not\u00edcias\"},\"image\":{\"@id\":\"https:\/\/www.suno.com.br\/noticias\/#\/schema\/logo\/image\/\"},\"sameAs\":[\"https:\/\/facebook.com\/sunoresearch\",\"https:\/\/x.com\/sunoresearch\",\"https:\/\/www.instagram.com\/suno\",\"https:\/\/www.linkedin.com\/company\/suno-research\/\",\"https:\/\/www.youtube.com\/c\/sunoresearch\"]},{\"@type\":\"Person\",\"@id\":\"https:\/\/www.suno.com.br\/noticias\/#\/schema\/person\/c1b1bd3727fa852bd045e9dbff3673ea\",\"name\":\"Reda\u00e7\u00e3o Suno Not\u00edcias\",\"image\":{\"@type\":\"ImageObject\",\"inLanguage\":\"pt-BR\",\"@id\":\"https:\/\/www.suno.com.br\/noticias\/#\/schema\/person\/image\/\",\"url\":\"https:\/\/secure.gravatar.com\/avatar\/b8104b9b5a71985d5238ee59fbe418af?s=96&r=g\",\"contentUrl\":\"https:\/\/secure.gravatar.com\/avatar\/b8104b9b5a71985d5238ee59fbe418af?s=96&r=g\",\"caption\":\"Reda\u00e7\u00e3o Suno Not\u00edcias\"},\"description\":\"O Suno Not\u00edcias \u00e9 um portal de informa\u00e7\u00f5es sobre Mercado Financeiro, Pol\u00edtica, Neg\u00f3cios, Economia e Finan\u00e7as Pessoais.\",\"sameAs\":[\"https:\/\/www.suno.com.br\/noticias\",\"https:\/\/www.facebook.com\/sunonoticias\/\",\"https:\/\/www.instagram.com\/sunonoticias\/\",\"https:\/\/x.com\/https:\/\/twitter.com\/sunoresearch\",\"https:\/\/www.youtube.com\/sunonoticias\"],\"url\":\"https:\/\/www.suno.com.br\/noticias\/author\/redacao-suno\/\"}]}<\/script>\n<!-- \/ Yoast SEO plugin. -->","yoast_head_json":{"title":"Evergrande confirma que presidente est\u00e1 sob vigil\u00e2ncia por crimes il\u00edcitos","description":"A Evergrande confirmou que o presidente do Conselho, Hui Ka Yan, \"foi alvo de medidas obrigat\u00f3rias por suspeita de crimes il\u00edcitos\"","robots":{"index":"index","follow":"follow","max-snippet":"max-snippet:-1","max-image-preview":"max-image-preview:large","max-video-preview":"max-video-preview:-1"},"canonical":"https:\/\/www.suno.com.br\/noticias\/evergrande-confirma-presidente-sob-vigilancia-crimes-ilicitos\/","og_locale":"pt_BR","og_type":"article","og_title":"Evergrande confirma que presidente est\u00e1 sob vigil\u00e2ncia por crimes il\u00edcitos","og_description":"A Evergrande confirmou que o presidente do Conselho, Hui Ka Yan, \"foi alvo de medidas obrigat\u00f3rias por suspeita de crimes il\u00edcitos\"","og_url":"https:\/\/www.suno.com.br\/noticias\/evergrande-confirma-presidente-sob-vigilancia-crimes-ilicitos\/","og_site_name":"Suno Not\u00edcias","article_publisher":"https:\/\/facebook.com\/sunoresearch","article_author":"https:\/\/www.facebook.com\/sunonoticias\/","og_image":[{"width":1280,"height":853,"url":"https:\/\/files.sunoresearch.com.br\/n\/uploads\/2021\/09\/Residential_buildings_developed_by_Evergrande_in_Yuanyang.jpg","type":"image\/jpeg"}],"author":"Reda\u00e7\u00e3o Suno Not\u00edcias","twitter_card":"summary_large_image","twitter_creator":"@https:\/\/twitter.com\/sunoresearch","twitter_site":"@sunoresearch","twitter_misc":{"Escrito por":"Reda\u00e7\u00e3o Suno Not\u00edcias","Est. tempo de leitura":"4 minutos"},"schema":{"@context":"https:\/\/schema.org","@graph":[{"@type":"NewsArticle","@id":"https:\/\/www.suno.com.br\/noticias\/evergrande-confirma-presidente-sob-vigilancia-crimes-ilicitos\/#article","isPartOf":{"@id":"https:\/\/www.suno.com.br\/noticias\/evergrande-confirma-presidente-sob-vigilancia-crimes-ilicitos\/"},"author":{"name":"Reda\u00e7\u00e3o Suno Not\u00edcias","@id":"https:\/\/www.suno.com.br\/noticias\/#\/schema\/person\/c1b1bd3727fa852bd045e9dbff3673ea"},"headline":"Evergrande confirma que presidente est\u00e1 sob vigil\u00e2ncia por crimes il\u00edcitos","datePublished":"2023-09-28T18:47:10+00:00","dateModified":"2023-09-28T18:47:13+00:00","mainEntityOfPage":{"@id":"https:\/\/www.suno.com.br\/noticias\/evergrande-confirma-presidente-sob-vigilancia-crimes-ilicitos\/"},"wordCount":717,"publisher":{"@id":"https:\/\/www.suno.com.br\/noticias\/#organization"},"image":{"@id":"https:\/\/www.suno.com.br\/noticias\/evergrande-confirma-presidente-sob-vigilancia-crimes-ilicitos\/#primaryimage"},"thumbnailUrl":"https:\/\/files.sunoresearch.com.br\/n\/uploads\/2021\/09\/Residential_buildings_developed_by_Evergrande_in_Yuanyang.jpg","keywords":["China","evergrande"],"articleSection":["Neg\u00f3cios"],"inLanguage":"pt-BR"},{"@type":"WebPage","@id":"https:\/\/www.suno.com.br\/noticias\/evergrande-confirma-presidente-sob-vigilancia-crimes-ilicitos\/","url":"https:\/\/www.suno.com.br\/noticias\/evergrande-confirma-presidente-sob-vigilancia-crimes-ilicitos\/","name":"Evergrande confirma que presidente est\u00e1 sob vigil\u00e2ncia por crimes il\u00edcitos","isPartOf":{"@id":"https:\/\/www.suno.com.br\/noticias\/#website"},"primaryImageOfPage":{"@id":"https:\/\/www.suno.com.br\/noticias\/evergrande-confirma-presidente-sob-vigilancia-crimes-ilicitos\/#primaryimage"},"image":{"@id":"https:\/\/www.suno.com.br\/noticias\/evergrande-confirma-presidente-sob-vigilancia-crimes-ilicitos\/#primaryimage"},"thumbnailUrl":"https:\/\/files.sunoresearch.com.br\/n\/uploads\/2021\/09\/Residential_buildings_developed_by_Evergrande_in_Yuanyang.jpg","datePublished":"2023-09-28T18:47:10+00:00","dateModified":"2023-09-28T18:47:13+00:00","description":"A Evergrande confirmou que o presidente do Conselho, Hui Ka Yan, \"foi alvo de medidas obrigat\u00f3rias por suspeita de crimes il\u00edcitos\"","breadcrumb":{"@id":"https:\/\/www.suno.com.br\/noticias\/evergrande-confirma-presidente-sob-vigilancia-crimes-ilicitos\/#breadcrumb"},"inLanguage":"pt-BR","potentialAction":[{"@type":"ReadAction","target":["https:\/\/www.suno.com.br\/noticias\/evergrande-confirma-presidente-sob-vigilancia-crimes-ilicitos\/"]}]},{"@type":"ImageObject","inLanguage":"pt-BR","@id":"https:\/\/www.suno.com.br\/noticias\/evergrande-confirma-presidente-sob-vigilancia-crimes-ilicitos\/#primaryimage","url":"https:\/\/files.sunoresearch.com.br\/n\/uploads\/2021\/09\/Residential_buildings_developed_by_Evergrande_in_Yuanyang.jpg","contentUrl":"https:\/\/files.sunoresearch.com.br\/n\/uploads\/2021\/09\/Residential_buildings_developed_by_Evergrande_in_Yuanyang.jpg","width":1280,"height":853,"caption":"Evergrande. Foto: Reprodu\u00e7\u00e3o\/Site Evergrande"},{"@type":"BreadcrumbList","@id":"https:\/\/www.suno.com.br\/noticias\/evergrande-confirma-presidente-sob-vigilancia-crimes-ilicitos\/#breadcrumb","itemListElement":[{"@type":"ListItem","position":1,"name":"Not\u00edcias","item":"https:\/\/www.suno.com.br\/noticias\/"},{"@type":"ListItem","position":2,"name":"Neg\u00f3cios","item":"https:\/\/www.suno.com.br\/noticias\/negocios\/"},{"@type":"ListItem","position":3,"name":"Evergrande confirma que presidente est\u00e1 sob vigil\u00e2ncia por crimes il\u00edcitos"}]},{"@type":"WebSite","@id":"https:\/\/www.suno.com.br\/noticias\/#website","url":"https:\/\/www.suno.com.br\/noticias\/","name":"Suno Not\u00edcias","description":"Seu portal de informa\u00e7\u00e3o sobre o mundo dos investimentos","publisher":{"@id":"https:\/\/www.suno.com.br\/noticias\/#organization"},"potentialAction":[{"@type":"SearchAction","target":{"@type":"EntryPoint","urlTemplate":"https:\/\/www.suno.com.br\/noticias\/?s={search_term_string}"},"query-input":{"@type":"PropertyValueSpecification","valueRequired":true,"valueName":"search_term_string"}}],"inLanguage":"pt-BR"},{"@type":"Organization","@id":"https:\/\/www.suno.com.br\/noticias\/#organization","name":"Suno Not\u00edcias","url":"https:\/\/www.suno.com.br\/noticias\/","logo":{"@type":"ImageObject","inLanguage":"pt-BR","@id":"https:\/\/www.suno.com.br\/noticias\/#\/schema\/logo\/image\/","url":"https:\/\/files.sunoresearch.com.br\/n\/uploads\/2021\/09\/suno-logo.png","contentUrl":"https:\/\/files.sunoresearch.com.br\/n\/uploads\/2021\/09\/suno-logo.png","width":180,"height":180,"caption":"Suno Not\u00edcias"},"image":{"@id":"https:\/\/www.suno.com.br\/noticias\/#\/schema\/logo\/image\/"},"sameAs":["https:\/\/facebook.com\/sunoresearch","https:\/\/x.com\/sunoresearch","https:\/\/www.instagram.com\/suno","https:\/\/www.linkedin.com\/company\/suno-research\/","https:\/\/www.youtube.com\/c\/sunoresearch"]},{"@type":"Person","@id":"https:\/\/www.suno.com.br\/noticias\/#\/schema\/person\/c1b1bd3727fa852bd045e9dbff3673ea","name":"Reda\u00e7\u00e3o Suno Not\u00edcias","image":{"@type":"ImageObject","inLanguage":"pt-BR","@id":"https:\/\/www.suno.com.br\/noticias\/#\/schema\/person\/image\/","url":"https:\/\/secure.gravatar.com\/avatar\/b8104b9b5a71985d5238ee59fbe418af?s=96&r=g","contentUrl":"https:\/\/secure.gravatar.com\/avatar\/b8104b9b5a71985d5238ee59fbe418af?s=96&r=g","caption":"Reda\u00e7\u00e3o Suno Not\u00edcias"},"description":"O Suno Not\u00edcias \u00e9 um portal de informa\u00e7\u00f5es sobre Mercado Financeiro, Pol\u00edtica, Neg\u00f3cios, Economia e Finan\u00e7as Pessoais.","sameAs":["https:\/\/www.suno.com.br\/noticias","https:\/\/www.facebook.com\/sunonoticias\/","https:\/\/www.instagram.com\/sunonoticias\/","https:\/\/x.com\/https:\/\/twitter.com\/sunoresearch","https:\/\/www.youtube.com\/sunonoticias"],"url":"https:\/\/www.suno.com.br\/noticias\/author\/redacao-suno\/"}]}},"default_loop_html":"<div class=\"cardsPage__listCard__boxs\"><div class=\"cardsPage__listCard__boxs__img\"><a href=\"https:\/\/www.suno.com.br\/noticias\/evergrande-confirma-presidente-sob-vigilancia-crimes-ilicitos\/\"><img class=\"mask\" src=\"https:\/\/www.suno.com.br\/noticias\/wp-content\/themes\/suno\/resources\/images\/spotlight\/spotlight1img\/bg-mask.png\" alt=\"Image Mask\"\/><img src=\"https:\/\/files.sunoresearch.com.br\/n\/uploads\/2021\/09\/Residential_buildings_developed_by_Evergrande_in_Yuanyang-400x200.jpg\" alt=\"Evergrande confirma que presidente est\u00e1 sob vigil\u00e2ncia por crimes il\u00edcitos\"\/><\/a><span class=\"spotlightCategory\"><a href=\"https:\/\/www.suno.com.br\/noticias\/negocios\/\">Neg\u00f3cios<\/a><\/span><\/div><div class=\"cardsPage__listCard__boxs__content\"><a href=\"https:\/\/www.suno.com.br\/noticias\/evergrande-confirma-presidente-sob-vigilancia-crimes-ilicitos\/\"><h2 class=\"content__title\">Evergrande confirma que presidente est\u00e1 sob vigil\u00e2ncia por crimes il\u00edcitos<\/h2><\/a><div class=\"newsContent__article__meta\"><div class=\"newsContent__article__meta__authorBox\"><a href=\"https:\/\/www.suno.com.br\/noticias\/author\/camila-figueiredosuno-com-br\/\" class=\"authorBox__avatar noMobi\"><img src=\"https:\/\/files.sunoresearch.com.br\/n\/uploads\/2024\/05\/camila-paim-square-150x150.jpg\" alt=\"Camila Paim\"><\/a><div class=\"authorBox__name\"><span>por\n\t\t\t<a href=\"https:\/\/www.suno.com.br\/noticias\/author\/camila-figueiredosuno-com-br\/\"><span itemprop=\"author\">Camila Paim<\/span><\/a><\/span><time datetime=\"2023-09-28T15:47:10-03:00\" itemprop=\"datePublished\">28\/09\/2023 15:47<\/time><\/div><\/div><\/div><\/div><\/div>","single_layout":"posts","amp_enabled":true,"_links":{"self":[{"href":"https:\/\/www.suno.com.br\/noticias\/wp-json\/wp\/v2\/posts\/463397"}],"collection":[{"href":"https:\/\/www.suno.com.br\/noticias\/wp-json\/wp\/v2\/posts"}],"about":[{"href":"https:\/\/www.suno.com.br\/noticias\/wp-json\/wp\/v2\/types\/post"}],"author":[{"embeddable":true,"href":"https:\/\/www.suno.com.br\/noticias\/wp-json\/wp\/v2\/users\/43"}],"replies":[{"embeddable":true,"href":"https:\/\/www.suno.com.br\/noticias\/wp-json\/wp\/v2\/comments?post=463397"}],"version-history":[{"count":2,"href":"https:\/\/www.suno.com.br\/noticias\/wp-json\/wp\/v2\/posts\/463397\/revisions"}],"predecessor-version":[{"id":463475,"href":"https:\/\/www.suno.com.br\/noticias\/wp-json\/wp\/v2\/posts\/463397\/revisions\/463475"}],"wp:featuredmedia":[{"embeddable":true,"href":"https:\/\/www.suno.com.br\/noticias\/wp-json\/wp\/v2\/media\/185516"}],"wp:attachment":[{"href":"https:\/\/www.suno.com.br\/noticias\/wp-json\/wp\/v2\/media?parent=463397"}],"wp:term":[{"taxonomy":"category","embeddable":true,"href":"https:\/\/www.suno.com.br\/noticias\/wp-json\/wp\/v2\/categories?post=463397"},{"taxonomy":"post_tag","embeddable":true,"href":"https:\/\/www.suno.com.br\/noticias\/wp-json\/wp\/v2\/tags?post=463397"},{"taxonomy":"suno_strategy","embeddable":true,"href":"https:\/\/www.suno.com.br\/noticias\/wp-json\/wp\/v2\/suno_strategy?post=463397"}],"curies":[{"name":"wp","href":"https:\/\/api.w.org\/{rel}","templated":true}]}}