{"id":463174,"date":"2023-09-28T10:05:06","date_gmt":"2023-09-28T13:05:06","guid":{"rendered":"https:\/\/www.suno.com.br\/noticias\/?p=463174"},"modified":"2023-09-28T10:05:12","modified_gmt":"2023-09-28T13:05:12","slug":"china-evergrande-acoes-suspensas-detencao-fundador-cpf","status":"publish","type":"post","link":"https:\/\/www.suno.com.br\/noticias\/china-evergrande-acoes-suspensas-detencao-fundador-cpf\/","title":{"rendered":"Evergrande: A\u00e7\u00f5es s\u00e3o suspensas ap\u00f3s deten\u00e7\u00e3o do fundador na China"},"content":{"rendered":"<p>As a\u00e7\u00f5es do <strong>grupo China Evergrande<\/strong> foram suspensas da Bolsa de Hong Kong nesta quinta-feira (28), ap\u00f3s relatos sobre a deten\u00e7\u00e3o do seu fundador come\u00e7arem a circular. <\/p>\t<div class=\"wrapper-featured-image\">\n\t\t<figure class=\"spotlightImg\">\n\n\t\t\t<picture>\n\t\t\t\t<source media=\"(max-width: 768px)\" srcset=\"https:\/\/files.sunoresearch.com.br\/n\/uploads\/2021\/09\/aaa-400x200.jpg\">\n\t\t\t\t<img loading=\"lazy\" decoding=\"async\" class=\"newsContent__article__imgCapa lazyloadDisabled \" src=\"https:\/\/files.sunoresearch.com.br\/n\/uploads\/2021\/09\/aaa-800x450.jpg\" width=\"800\" height=\"450\" alt=\"Evergrande: A\u00e7\u00f5es s\u00e3o suspensas ap\u00f3s deten\u00e7\u00e3o do fundador na China\" fetchpriority=high \/>\n\t\t\t<\/picture>\n\n\t\t\t<figcaption class=\"wp-caption-text wp-caption-text--show\">Evergrande - Foto: Reprodu\u00e7\u00e3o\/Site Evergrande<\/figcaption>\n\t\t<\/figure>\n\t<\/div>\n\n\n\n\n\n\n\n\t<p>\n\t\t<a href=\"https:\/\/lp.suno.com.br\/planilha-da-vida-financeira\/\" target=\"_blank\" data-element=\"shortcode-suno-banner\" title=\"Banner SUNO, clique e saiba mais\">\n\t\t\t<picture>\n\t\t\t\t<source media=\"(max-width: 500px)\" srcset=\"https:\/\/files.sunoresearch.com.br\/n\/uploads\/2023\/04\/400x300-Planilha-vida-financeira-true.png\">\n\t\t\t\t<img class=\"newsContent__article__imgCapa newsContent__article__imgCapa--banner\"\n\t\t\t\t\tsrc=\"https:\/\/files.sunoresearch.com.br\/n\/uploads\/2023\/04\/1420x240-Planilha-vida-financeira-true.png\"\n\t\t\t\t\tdata-promo-id=\"106682\"\t\t\t\t\t\t\t\t\t\twidth='1420' height='240'\t\t\t\t\talt=\"https:\/\/files.sunoresearch.com.br\/n\/uploads\/2023\/04\/1420x240-Planilha-vida-financeira-true.png\"\n\t\t\t\t>\n\t\t\t<\/picture>\n\t\t<\/a>\n\t<\/p>\n\n\n\n\n\n<p><strong>Hui Ka Yan<\/strong>, fundador, presidente e <a class=\"suno-keyword\" data-force=\"no\" data-priority=\"1\" href=\"https:\/\/www.suno.com.br\/artigos\/acionista-controlador\/\" target=\"_blank\" rel=\"noopener\">acionista controlador<\/a> da<strong> China Evergrande <\/strong>foi colocado sobre vigil\u00e2ncia policial em um local n\u00e3o divulgado, segundo informa\u00e7\u00f5es da ag\u00eancia internacional de not\u00edcias, Bloomberg News. <\/p>\n\n\n\n<p>Ele foi levado pela pol\u00edcia chinesa no in\u00edcio do m\u00eas de setembro e continua sob monitoramento das autoridades, informou a ag\u00eancia. J\u00e1 um ve\u00edculo de not\u00edcias chin\u00eas comentou que Hui estaria detido em Pequim, sem ter sido acusado de nenhum crime at\u00e9 o momento.<\/p>\n\n\n\n<p>Com a not\u00edcia, as a\u00e7\u00f5es da <strong>Evergrande <\/strong>e de suas duas unidades de capital aberto, de servi\u00e7os imobili\u00e1rios e fabrica\u00e7\u00e3o de ve\u00edculos el\u00e9tricos, foram suspensas de negocia\u00e7\u00e3o na quinta-feira. Os ativos do grupo recentemente j\u00e1 derretiam e atingiam seus patamares mais baixos em anos. <\/p>\n\n\n\n<p>Um dos porta-voz da <strong>Evergrande <\/strong>preferiu n\u00e3o responder \u00e0s solicita\u00e7\u00f5es de coment\u00e1rio.  <\/p>\n\n\n\t<p>\n\t\t<a href=\"https:\/\/lp.suno.com.br\/ebook-como-analisar-uma-acao\/\" target=\"_blank\" data-element=\"shortcode-suno-banner\" title=\"Banner SUNO, clique e saiba mais\">\n\t\t\t<picture>\n\t\t\t\t<source media=\"(max-width: 500px)\" srcset=\"https:\/\/files.sunoresearch.com.br\/n\/uploads\/2023\/03\/Ebook-Acoes-Mobile.jpg\">\n\t\t\t\t<img class=\"newsContent__article__imgCapa newsContent__article__imgCapa--banner\"\n\t\t\t\t\tsrc=\"https:\/\/files.sunoresearch.com.br\/n\/uploads\/2023\/03\/Ebook-Acoes-Desktop.jpg\"\n\t\t\t\t\tdata-promo-id=\"378302\"\t\t\t\t\t\t\t\t\t\twidth='1420' height='286'\t\t\t\t\talt=\"https:\/\/files.sunoresearch.com.br\/n\/uploads\/2023\/03\/Ebook-Acoes-Desktop.jpg\"\n\t\t\t\t>\n\t\t\t<\/picture>\n\t\t<\/a>\n\t<\/p>\n\n\n\n\n\n<h2 class=\"wp-block-heading\">Evergrande desiste de plano de estrutura\u00e7\u00e3o de US$ 35 bilh\u00f5es<\/h2>\n\n\n\n<p>Na semana passada, a <strong>Evergrande\u00a0<\/strong>informou que n\u00e3o daria continuidade ao seu <strong>plano de reestrutura\u00e7\u00e3o,<\/strong> de aproximadamente US$ 35 bilh\u00f5es em d\u00edvidas. Para muitos, a estrat\u00e9gia da companhia era o ponto-chave para que pudesse ter uma poss\u00edvel recupera\u00e7\u00e3o.<\/p>\n\n\n\n<p>Por sua relev\u00e2ncia, a Evergrande foi uma das protagonistas quando a&nbsp;<a href=\"https:\/\/www.suno.com.br\/artigos\/bolha-imobiliaria\/\" target=\"_blank\" rel=\"noreferrer noopener\">bolha imobili\u00e1ria<\/a>&nbsp;chinesa estourou em 2021, a partir da insolv\u00eancia da construtora, levando diversas outras companhias a sofrer com o mesmo problema, em um efeito \u201ccascata\u201d.<\/p>\n\n\n\n<p>Foi justamente nesse per\u00edodo que a empresa decidiu p\u00f4r em pr\u00e1tica o seu plano de reestrutura\u00e7\u00e3o. Por outro lado, o planejamento n\u00e3o tem sa\u00eddo conforme o esperado, principalmente em um cen\u00e1rio adverso no\u00a0<strong>mercado imobili\u00e1rio da China<\/strong>.<\/p>\n\n\n\n<p>Nesse contexto, a <strong>Evergrande<\/strong> soltou um comunicado afirmando a necessidade de deixar o plano de lado em raz\u00e3o das vendas registradas nos \u00faltimos meses, que vieram bem abaixo do que o projetado.<\/p>\n\n\n\n\t<div data-element=\"shortcode-read-more\" class=\"readToo\">\n\t\t\t\t<span class=\"readToo__title\">Leia mais<\/span>\n\t\t\t\t<ul class=\"readToo__list\">\n\t\t\t<li><a href=\"https:\/\/www.suno.com.br\/noticias\/evergrande-desiste-plano-estruturacao-china-jvj\/\">Novo cap\u00edtulo da crise? Evergrande desiste de plano de estrutura\u00e7\u00e3o de US$ 35 bilh\u00f5es; E agora?<\/a><\/li><li><a href=\"https:\/\/www.suno.com.br\/noticias\/evergrande-china-prejuizo-acoes-despencam-cpf\/\">Evergrande corta preju\u00edzo pela metade, mas a\u00e7\u00f5es despencam 87% ap\u00f3s mais de um ano paradas<\/a><\/li>\t\t<\/ul>\n\t<\/div>\n\n\n\n\t<p>\n\t\t<a href=\"https:\/\/lp.suno.com.br\/planilha-da-vida-financeira\/\" target=\"_blank\" data-element=\"shortcode-suno-banner\" title=\"Banner SUNO, clique e saiba mais\">\n\t\t\t<picture>\n\t\t\t\t<source media=\"(max-width: 500px)\" srcset=\"https:\/\/files.sunoresearch.com.br\/n\/uploads\/2023\/04\/400x300-Planilha-vida-financeira-true.png\">\n\t\t\t\t<img class=\"newsContent__article__imgCapa newsContent__article__imgCapa--banner\"\n\t\t\t\t\tsrc=\"https:\/\/files.sunoresearch.com.br\/n\/uploads\/2023\/04\/1420x240-Planilha-vida-financeira-true.png\"\n\t\t\t\t\tdata-promo-id=\"383123\"\t\t\t\t\t\t\t\t\t\twidth='1420' height='240'\t\t\t\t\talt=\"https:\/\/files.sunoresearch.com.br\/n\/uploads\/2023\/04\/1420x240-Planilha-vida-financeira-true.png\"\n\t\t\t\t>\n\t\t\t<\/picture>\n\t\t<\/a>\n\t<\/p>\n\n\n","protected":false},"excerpt":{"rendered":"<p>As a\u00e7\u00f5es do grupo China Evergrande foram suspensas da Bolsa de Hong Kong nesta quinta-feira (28), ap\u00f3s relatos sobre a deten\u00e7\u00e3o do seu fundador come\u00e7arem a circular. Evergrande &#8211; Foto: Reprodu\u00e7\u00e3o\/Site Evergrande Hui Ka Yan, fundador, presidente e acionista controlador da China Evergrande foi colocado sobre vigil\u00e2ncia policial em um local n\u00e3o divulgado, segundo informa\u00e7\u00f5es [&hellip;]<\/p>\n","protected":false},"author":283,"featured_media":184099,"comment_status":"closed","ping_status":"closed","sticky":false,"template":"","format":"standard","meta":[],"categories":[63],"tags":[711,107122,1904],"suno_strategy":[],"class_list":["post-463174","post","type-post","status-publish","format-standard","has-post-thumbnail","hentry","category-internacional","tag-china","tag-evergrande","tag-mercado-imobiliario"],"yoast_head":"<!-- This site is optimized with the Yoast SEO plugin v24.4 - https:\/\/yoast.com\/wordpress\/plugins\/seo\/ -->\n<title>Evergrande: A\u00e7\u00f5es s\u00e3o suspensas ap\u00f3s deten\u00e7\u00e3o do fundador na China<\/title>\n<meta name=\"description\" content=\"Ap\u00f3s relatos sobre a deten\u00e7\u00e3o do seu fundador e presidente, as a\u00e7\u00f5es da China Evergrande foram suspensas da Bolsa de Hong Kong.\" \/>\n<meta name=\"robots\" content=\"index, follow, max-snippet:-1, max-image-preview:large, max-video-preview:-1\" \/>\n<link rel=\"canonical\" href=\"https:\/\/www.suno.com.br\/noticias\/china-evergrande-acoes-suspensas-detencao-fundador-cpf\/\" \/>\n<meta property=\"og:locale\" content=\"pt_BR\" \/>\n<meta property=\"og:type\" content=\"article\" \/>\n<meta property=\"og:title\" content=\"Evergrande: A\u00e7\u00f5es s\u00e3o suspensas ap\u00f3s deten\u00e7\u00e3o do fundador na China\" \/>\n<meta property=\"og:description\" content=\"Ap\u00f3s relatos sobre a deten\u00e7\u00e3o do seu fundador e presidente, as a\u00e7\u00f5es da China Evergrande foram suspensas da Bolsa de Hong Kong.\" \/>\n<meta property=\"og:url\" content=\"https:\/\/www.suno.com.br\/noticias\/china-evergrande-acoes-suspensas-detencao-fundador-cpf\/\" \/>\n<meta property=\"og:site_name\" content=\"Suno Not\u00edcias\" \/>\n<meta property=\"article:publisher\" content=\"https:\/\/facebook.com\/sunoresearch\" \/>\n<meta property=\"og:image\" content=\"https:\/\/files.sunoresearch.com.br\/n\/uploads\/2021\/09\/aaa.jpg\" \/>\n\t<meta property=\"og:image:width\" content=\"1536\" \/>\n\t<meta property=\"og:image:height\" content=\"799\" \/>\n\t<meta property=\"og:image:type\" content=\"image\/jpeg\" \/>\n<meta name=\"author\" content=\"Camila Paim\" \/>\n<meta name=\"twitter:card\" content=\"summary_large_image\" \/>\n<meta name=\"twitter:creator\" content=\"@sunoresearch\" \/>\n<meta name=\"twitter:site\" content=\"@sunoresearch\" \/>\n<meta name=\"twitter:label1\" content=\"Escrito por\" \/>\n\t<meta name=\"twitter:data1\" content=\"Camila Paim\" \/>\n\t<meta name=\"twitter:label2\" content=\"Est. tempo de leitura\" \/>\n\t<meta name=\"twitter:data2\" content=\"2 minutos\" \/>\n<script type=\"application\/ld+json\" class=\"yoast-schema-graph\">{\"@context\":\"https:\/\/schema.org\",\"@graph\":[{\"@type\":\"NewsArticle\",\"@id\":\"https:\/\/www.suno.com.br\/noticias\/china-evergrande-acoes-suspensas-detencao-fundador-cpf\/#article\",\"isPartOf\":{\"@id\":\"https:\/\/www.suno.com.br\/noticias\/china-evergrande-acoes-suspensas-detencao-fundador-cpf\/\"},\"author\":{\"name\":\"Camila Paim\",\"@id\":\"https:\/\/www.suno.com.br\/noticias\/#\/schema\/person\/f341d3ae5d1cc685176c9a5327cdfdbb\"},\"headline\":\"Evergrande: A\u00e7\u00f5es s\u00e3o suspensas ap\u00f3s deten\u00e7\u00e3o do fundador na China\",\"datePublished\":\"2023-09-28T13:05:06+00:00\",\"dateModified\":\"2023-09-28T13:05:12+00:00\",\"mainEntityOfPage\":{\"@id\":\"https:\/\/www.suno.com.br\/noticias\/china-evergrande-acoes-suspensas-detencao-fundador-cpf\/\"},\"wordCount\":380,\"publisher\":{\"@id\":\"https:\/\/www.suno.com.br\/noticias\/#organization\"},\"image\":{\"@id\":\"https:\/\/www.suno.com.br\/noticias\/china-evergrande-acoes-suspensas-detencao-fundador-cpf\/#primaryimage\"},\"thumbnailUrl\":\"https:\/\/files.sunoresearch.com.br\/n\/uploads\/2021\/09\/aaa.jpg\",\"keywords\":[\"China\",\"evergrande\",\"mercado imobili\u00e1rio\"],\"articleSection\":[\"Internacional\"],\"inLanguage\":\"pt-BR\"},{\"@type\":\"WebPage\",\"@id\":\"https:\/\/www.suno.com.br\/noticias\/china-evergrande-acoes-suspensas-detencao-fundador-cpf\/\",\"url\":\"https:\/\/www.suno.com.br\/noticias\/china-evergrande-acoes-suspensas-detencao-fundador-cpf\/\",\"name\":\"Evergrande: A\u00e7\u00f5es s\u00e3o suspensas ap\u00f3s deten\u00e7\u00e3o do fundador na China\",\"isPartOf\":{\"@id\":\"https:\/\/www.suno.com.br\/noticias\/#website\"},\"primaryImageOfPage\":{\"@id\":\"https:\/\/www.suno.com.br\/noticias\/china-evergrande-acoes-suspensas-detencao-fundador-cpf\/#primaryimage\"},\"image\":{\"@id\":\"https:\/\/www.suno.com.br\/noticias\/china-evergrande-acoes-suspensas-detencao-fundador-cpf\/#primaryimage\"},\"thumbnailUrl\":\"https:\/\/files.sunoresearch.com.br\/n\/uploads\/2021\/09\/aaa.jpg\",\"datePublished\":\"2023-09-28T13:05:06+00:00\",\"dateModified\":\"2023-09-28T13:05:12+00:00\",\"description\":\"Ap\u00f3s relatos sobre a deten\u00e7\u00e3o do seu fundador e presidente, as a\u00e7\u00f5es da China Evergrande foram suspensas da Bolsa de Hong Kong.\",\"breadcrumb\":{\"@id\":\"https:\/\/www.suno.com.br\/noticias\/china-evergrande-acoes-suspensas-detencao-fundador-cpf\/#breadcrumb\"},\"inLanguage\":\"pt-BR\",\"potentialAction\":[{\"@type\":\"ReadAction\",\"target\":[\"https:\/\/www.suno.com.br\/noticias\/china-evergrande-acoes-suspensas-detencao-fundador-cpf\/\"]}]},{\"@type\":\"ImageObject\",\"inLanguage\":\"pt-BR\",\"@id\":\"https:\/\/www.suno.com.br\/noticias\/china-evergrande-acoes-suspensas-detencao-fundador-cpf\/#primaryimage\",\"url\":\"https:\/\/files.sunoresearch.com.br\/n\/uploads\/2021\/09\/aaa.jpg\",\"contentUrl\":\"https:\/\/files.sunoresearch.com.br\/n\/uploads\/2021\/09\/aaa.jpg\",\"width\":1536,\"height\":799,\"caption\":\"Evergrande - Foto: Reprodu\u00e7\u00e3o\/Site Evergrande\"},{\"@type\":\"BreadcrumbList\",\"@id\":\"https:\/\/www.suno.com.br\/noticias\/china-evergrande-acoes-suspensas-detencao-fundador-cpf\/#breadcrumb\",\"itemListElement\":[{\"@type\":\"ListItem\",\"position\":1,\"name\":\"Not\u00edcias\",\"item\":\"https:\/\/www.suno.com.br\/noticias\/\"},{\"@type\":\"ListItem\",\"position\":2,\"name\":\"Internacional\",\"item\":\"https:\/\/www.suno.com.br\/noticias\/internacional\/\"},{\"@type\":\"ListItem\",\"position\":3,\"name\":\"Evergrande: A\u00e7\u00f5es s\u00e3o suspensas ap\u00f3s deten\u00e7\u00e3o do fundador na China\"}]},{\"@type\":\"WebSite\",\"@id\":\"https:\/\/www.suno.com.br\/noticias\/#website\",\"url\":\"https:\/\/www.suno.com.br\/noticias\/\",\"name\":\"Suno Not\u00edcias\",\"description\":\"Seu portal de informa\u00e7\u00e3o sobre o mundo dos investimentos\",\"publisher\":{\"@id\":\"https:\/\/www.suno.com.br\/noticias\/#organization\"},\"potentialAction\":[{\"@type\":\"SearchAction\",\"target\":{\"@type\":\"EntryPoint\",\"urlTemplate\":\"https:\/\/www.suno.com.br\/noticias\/?s={search_term_string}\"},\"query-input\":{\"@type\":\"PropertyValueSpecification\",\"valueRequired\":true,\"valueName\":\"search_term_string\"}}],\"inLanguage\":\"pt-BR\"},{\"@type\":\"Organization\",\"@id\":\"https:\/\/www.suno.com.br\/noticias\/#organization\",\"name\":\"Suno Not\u00edcias\",\"url\":\"https:\/\/www.suno.com.br\/noticias\/\",\"logo\":{\"@type\":\"ImageObject\",\"inLanguage\":\"pt-BR\",\"@id\":\"https:\/\/www.suno.com.br\/noticias\/#\/schema\/logo\/image\/\",\"url\":\"https:\/\/files.sunoresearch.com.br\/n\/uploads\/2021\/09\/suno-logo.png\",\"contentUrl\":\"https:\/\/files.sunoresearch.com.br\/n\/uploads\/2021\/09\/suno-logo.png\",\"width\":180,\"height\":180,\"caption\":\"Suno Not\u00edcias\"},\"image\":{\"@id\":\"https:\/\/www.suno.com.br\/noticias\/#\/schema\/logo\/image\/\"},\"sameAs\":[\"https:\/\/facebook.com\/sunoresearch\",\"https:\/\/x.com\/sunoresearch\",\"https:\/\/www.instagram.com\/suno\",\"https:\/\/www.linkedin.com\/company\/suno-research\/\",\"https:\/\/www.youtube.com\/c\/sunoresearch\"]},{\"@type\":\"Person\",\"@id\":\"https:\/\/www.suno.com.br\/noticias\/#\/schema\/person\/f341d3ae5d1cc685176c9a5327cdfdbb\",\"name\":\"Camila Paim\",\"image\":{\"@type\":\"ImageObject\",\"inLanguage\":\"pt-BR\",\"@id\":\"https:\/\/www.suno.com.br\/noticias\/#\/schema\/person\/image\/\",\"url\":\"https:\/\/secure.gravatar.com\/avatar\/f33728e65febb1aa7ecf6792956f9b20?s=96&r=g\",\"contentUrl\":\"https:\/\/secure.gravatar.com\/avatar\/f33728e65febb1aa7ecf6792956f9b20?s=96&r=g\",\"caption\":\"Camila Paim\"},\"description\":\"Jornalista formada pela USP, tem experi\u00eancia em reda\u00e7\u00f5es, SEO, Branded Content e Webdesign. Com passagem pelo Jornal da USP, Empiricus e C6 Bank, hoje \u00e9 rep\u00f3rter no Suno Not\u00edcias cobrindo macroeconomia, finan\u00e7as pessoais e startups.\",\"url\":\"https:\/\/www.suno.com.br\/noticias\/author\/camila-figueiredosuno-com-br\/\"}]}<\/script>\n<!-- \/ Yoast SEO plugin. -->","yoast_head_json":{"title":"Evergrande: A\u00e7\u00f5es s\u00e3o suspensas ap\u00f3s deten\u00e7\u00e3o do fundador na China","description":"Ap\u00f3s relatos sobre a deten\u00e7\u00e3o do seu fundador e presidente, as a\u00e7\u00f5es da China Evergrande foram suspensas da Bolsa de Hong Kong.","robots":{"index":"index","follow":"follow","max-snippet":"max-snippet:-1","max-image-preview":"max-image-preview:large","max-video-preview":"max-video-preview:-1"},"canonical":"https:\/\/www.suno.com.br\/noticias\/china-evergrande-acoes-suspensas-detencao-fundador-cpf\/","og_locale":"pt_BR","og_type":"article","og_title":"Evergrande: A\u00e7\u00f5es s\u00e3o suspensas ap\u00f3s deten\u00e7\u00e3o do fundador na China","og_description":"Ap\u00f3s relatos sobre a deten\u00e7\u00e3o do seu fundador e presidente, as a\u00e7\u00f5es da China Evergrande foram suspensas da Bolsa de Hong Kong.","og_url":"https:\/\/www.suno.com.br\/noticias\/china-evergrande-acoes-suspensas-detencao-fundador-cpf\/","og_site_name":"Suno Not\u00edcias","article_publisher":"https:\/\/facebook.com\/sunoresearch","og_image":[{"width":1536,"height":799,"url":"https:\/\/files.sunoresearch.com.br\/n\/uploads\/2021\/09\/aaa.jpg","type":"image\/jpeg"}],"author":"Camila Paim","twitter_card":"summary_large_image","twitter_creator":"@sunoresearch","twitter_site":"@sunoresearch","twitter_misc":{"Escrito por":"Camila Paim","Est. tempo de leitura":"2 minutos"},"schema":{"@context":"https:\/\/schema.org","@graph":[{"@type":"NewsArticle","@id":"https:\/\/www.suno.com.br\/noticias\/china-evergrande-acoes-suspensas-detencao-fundador-cpf\/#article","isPartOf":{"@id":"https:\/\/www.suno.com.br\/noticias\/china-evergrande-acoes-suspensas-detencao-fundador-cpf\/"},"author":{"name":"Camila Paim","@id":"https:\/\/www.suno.com.br\/noticias\/#\/schema\/person\/f341d3ae5d1cc685176c9a5327cdfdbb"},"headline":"Evergrande: A\u00e7\u00f5es s\u00e3o suspensas ap\u00f3s deten\u00e7\u00e3o do fundador na China","datePublished":"2023-09-28T13:05:06+00:00","dateModified":"2023-09-28T13:05:12+00:00","mainEntityOfPage":{"@id":"https:\/\/www.suno.com.br\/noticias\/china-evergrande-acoes-suspensas-detencao-fundador-cpf\/"},"wordCount":380,"publisher":{"@id":"https:\/\/www.suno.com.br\/noticias\/#organization"},"image":{"@id":"https:\/\/www.suno.com.br\/noticias\/china-evergrande-acoes-suspensas-detencao-fundador-cpf\/#primaryimage"},"thumbnailUrl":"https:\/\/files.sunoresearch.com.br\/n\/uploads\/2021\/09\/aaa.jpg","keywords":["China","evergrande","mercado imobili\u00e1rio"],"articleSection":["Internacional"],"inLanguage":"pt-BR"},{"@type":"WebPage","@id":"https:\/\/www.suno.com.br\/noticias\/china-evergrande-acoes-suspensas-detencao-fundador-cpf\/","url":"https:\/\/www.suno.com.br\/noticias\/china-evergrande-acoes-suspensas-detencao-fundador-cpf\/","name":"Evergrande: A\u00e7\u00f5es s\u00e3o suspensas ap\u00f3s deten\u00e7\u00e3o do fundador na China","isPartOf":{"@id":"https:\/\/www.suno.com.br\/noticias\/#website"},"primaryImageOfPage":{"@id":"https:\/\/www.suno.com.br\/noticias\/china-evergrande-acoes-suspensas-detencao-fundador-cpf\/#primaryimage"},"image":{"@id":"https:\/\/www.suno.com.br\/noticias\/china-evergrande-acoes-suspensas-detencao-fundador-cpf\/#primaryimage"},"thumbnailUrl":"https:\/\/files.sunoresearch.com.br\/n\/uploads\/2021\/09\/aaa.jpg","datePublished":"2023-09-28T13:05:06+00:00","dateModified":"2023-09-28T13:05:12+00:00","description":"Ap\u00f3s relatos sobre a deten\u00e7\u00e3o do seu fundador e presidente, as a\u00e7\u00f5es da China Evergrande foram suspensas da Bolsa de Hong Kong.","breadcrumb":{"@id":"https:\/\/www.suno.com.br\/noticias\/china-evergrande-acoes-suspensas-detencao-fundador-cpf\/#breadcrumb"},"inLanguage":"pt-BR","potentialAction":[{"@type":"ReadAction","target":["https:\/\/www.suno.com.br\/noticias\/china-evergrande-acoes-suspensas-detencao-fundador-cpf\/"]}]},{"@type":"ImageObject","inLanguage":"pt-BR","@id":"https:\/\/www.suno.com.br\/noticias\/china-evergrande-acoes-suspensas-detencao-fundador-cpf\/#primaryimage","url":"https:\/\/files.sunoresearch.com.br\/n\/uploads\/2021\/09\/aaa.jpg","contentUrl":"https:\/\/files.sunoresearch.com.br\/n\/uploads\/2021\/09\/aaa.jpg","width":1536,"height":799,"caption":"Evergrande - Foto: Reprodu\u00e7\u00e3o\/Site Evergrande"},{"@type":"BreadcrumbList","@id":"https:\/\/www.suno.com.br\/noticias\/china-evergrande-acoes-suspensas-detencao-fundador-cpf\/#breadcrumb","itemListElement":[{"@type":"ListItem","position":1,"name":"Not\u00edcias","item":"https:\/\/www.suno.com.br\/noticias\/"},{"@type":"ListItem","position":2,"name":"Internacional","item":"https:\/\/www.suno.com.br\/noticias\/internacional\/"},{"@type":"ListItem","position":3,"name":"Evergrande: A\u00e7\u00f5es s\u00e3o suspensas ap\u00f3s deten\u00e7\u00e3o do fundador na China"}]},{"@type":"WebSite","@id":"https:\/\/www.suno.com.br\/noticias\/#website","url":"https:\/\/www.suno.com.br\/noticias\/","name":"Suno Not\u00edcias","description":"Seu portal de informa\u00e7\u00e3o sobre o mundo dos investimentos","publisher":{"@id":"https:\/\/www.suno.com.br\/noticias\/#organization"},"potentialAction":[{"@type":"SearchAction","target":{"@type":"EntryPoint","urlTemplate":"https:\/\/www.suno.com.br\/noticias\/?s={search_term_string}"},"query-input":{"@type":"PropertyValueSpecification","valueRequired":true,"valueName":"search_term_string"}}],"inLanguage":"pt-BR"},{"@type":"Organization","@id":"https:\/\/www.suno.com.br\/noticias\/#organization","name":"Suno Not\u00edcias","url":"https:\/\/www.suno.com.br\/noticias\/","logo":{"@type":"ImageObject","inLanguage":"pt-BR","@id":"https:\/\/www.suno.com.br\/noticias\/#\/schema\/logo\/image\/","url":"https:\/\/files.sunoresearch.com.br\/n\/uploads\/2021\/09\/suno-logo.png","contentUrl":"https:\/\/files.sunoresearch.com.br\/n\/uploads\/2021\/09\/suno-logo.png","width":180,"height":180,"caption":"Suno Not\u00edcias"},"image":{"@id":"https:\/\/www.suno.com.br\/noticias\/#\/schema\/logo\/image\/"},"sameAs":["https:\/\/facebook.com\/sunoresearch","https:\/\/x.com\/sunoresearch","https:\/\/www.instagram.com\/suno","https:\/\/www.linkedin.com\/company\/suno-research\/","https:\/\/www.youtube.com\/c\/sunoresearch"]},{"@type":"Person","@id":"https:\/\/www.suno.com.br\/noticias\/#\/schema\/person\/f341d3ae5d1cc685176c9a5327cdfdbb","name":"Camila Paim","image":{"@type":"ImageObject","inLanguage":"pt-BR","@id":"https:\/\/www.suno.com.br\/noticias\/#\/schema\/person\/image\/","url":"https:\/\/secure.gravatar.com\/avatar\/f33728e65febb1aa7ecf6792956f9b20?s=96&r=g","contentUrl":"https:\/\/secure.gravatar.com\/avatar\/f33728e65febb1aa7ecf6792956f9b20?s=96&r=g","caption":"Camila Paim"},"description":"Jornalista formada pela USP, tem experi\u00eancia em reda\u00e7\u00f5es, SEO, Branded Content e Webdesign. Com passagem pelo Jornal da USP, Empiricus e C6 Bank, hoje \u00e9 rep\u00f3rter no Suno Not\u00edcias cobrindo macroeconomia, finan\u00e7as pessoais e startups.","url":"https:\/\/www.suno.com.br\/noticias\/author\/camila-figueiredosuno-com-br\/"}]}},"default_loop_html":"<div class=\"cardsPage__listCard__boxs\"><div class=\"cardsPage__listCard__boxs__img\"><a href=\"https:\/\/www.suno.com.br\/noticias\/china-evergrande-acoes-suspensas-detencao-fundador-cpf\/\"><img class=\"mask\" src=\"https:\/\/www.suno.com.br\/noticias\/wp-content\/themes\/suno\/resources\/images\/spotlight\/spotlight1img\/bg-mask.png\" alt=\"Image Mask\"\/><img src=\"https:\/\/files.sunoresearch.com.br\/n\/uploads\/2021\/09\/aaa-400x200.jpg\" alt=\"Evergrande: A\u00e7\u00f5es s\u00e3o suspensas ap\u00f3s deten\u00e7\u00e3o do fundador na China\"\/><\/a><span class=\"spotlightCategory\"><a href=\"https:\/\/www.suno.com.br\/noticias\/internacional\/\">Internacional<\/a><\/span><\/div><div class=\"cardsPage__listCard__boxs__content\"><a href=\"https:\/\/www.suno.com.br\/noticias\/china-evergrande-acoes-suspensas-detencao-fundador-cpf\/\"><h2 class=\"content__title\">Evergrande: A\u00e7\u00f5es s\u00e3o suspensas ap\u00f3s deten\u00e7\u00e3o do fundador na China<\/h2><\/a><div class=\"newsContent__article__meta\"><div class=\"newsContent__article__meta__authorBox\"><a href=\"https:\/\/www.suno.com.br\/noticias\/author\/camila-figueiredosuno-com-br\/\" class=\"authorBox__avatar noMobi\"><img src=\"https:\/\/files.sunoresearch.com.br\/n\/uploads\/2024\/05\/camila-paim-square-150x150.jpg\" alt=\"Camila Paim\"><\/a><div class=\"authorBox__name\"><span>por\n\t\t\t<a href=\"https:\/\/www.suno.com.br\/noticias\/author\/camila-figueiredosuno-com-br\/\"><span itemprop=\"author\">Camila Paim<\/span><\/a><\/span><time datetime=\"2023-09-28T10:05:06-03:00\" itemprop=\"datePublished\">28\/09\/2023 10:05<\/time><\/div><\/div><\/div><\/div><\/div>","single_layout":"posts","amp_enabled":true,"_links":{"self":[{"href":"https:\/\/www.suno.com.br\/noticias\/wp-json\/wp\/v2\/posts\/463174"}],"collection":[{"href":"https:\/\/www.suno.com.br\/noticias\/wp-json\/wp\/v2\/posts"}],"about":[{"href":"https:\/\/www.suno.com.br\/noticias\/wp-json\/wp\/v2\/types\/post"}],"author":[{"embeddable":true,"href":"https:\/\/www.suno.com.br\/noticias\/wp-json\/wp\/v2\/users\/283"}],"replies":[{"embeddable":true,"href":"https:\/\/www.suno.com.br\/noticias\/wp-json\/wp\/v2\/comments?post=463174"}],"version-history":[{"count":3,"href":"https:\/\/www.suno.com.br\/noticias\/wp-json\/wp\/v2\/posts\/463174\/revisions"}],"predecessor-version":[{"id":463184,"href":"https:\/\/www.suno.com.br\/noticias\/wp-json\/wp\/v2\/posts\/463174\/revisions\/463184"}],"wp:featuredmedia":[{"embeddable":true,"href":"https:\/\/www.suno.com.br\/noticias\/wp-json\/wp\/v2\/media\/184099"}],"wp:attachment":[{"href":"https:\/\/www.suno.com.br\/noticias\/wp-json\/wp\/v2\/media?parent=463174"}],"wp:term":[{"taxonomy":"category","embeddable":true,"href":"https:\/\/www.suno.com.br\/noticias\/wp-json\/wp\/v2\/categories?post=463174"},{"taxonomy":"post_tag","embeddable":true,"href":"https:\/\/www.suno.com.br\/noticias\/wp-json\/wp\/v2\/tags?post=463174"},{"taxonomy":"suno_strategy","embeddable":true,"href":"https:\/\/www.suno.com.br\/noticias\/wp-json\/wp\/v2\/suno_strategy?post=463174"}],"curies":[{"name":"wp","href":"https:\/\/api.w.org\/{rel}","templated":true}]}}