{"id":46308,"date":"2019-12-02T11:53:52","date_gmt":"2019-12-02T13:53:52","guid":{"rendered":"https:\/\/www.suno.com.br\/noticias\/?p=46308"},"modified":"2019-12-02T12:04:21","modified_gmt":"2019-12-02T14:04:21","slug":"edp-brasil-aquisicao-acoes-celesc-r-28-5-mi","status":"publish","type":"post","link":"https:\/\/www.suno.com.br\/noticias\/edp-brasil-aquisicao-acoes-celesc-r-28-5-mi\/","title":{"rendered":"EDP Brasil anuncia aquisi\u00e7\u00e3o adicional de a\u00e7\u00f5es da Celesc por R$ 28,5 mi"},"content":{"rendered":"<p>A companhia EDP Brasil (ENBR3) comunicou que adquiriu 691,7 mil a\u00e7\u00f5es adicionais preferenciais da estatal catarinense <strong>Celesc<\/strong>. O pre\u00e7o m\u00e9dio por a\u00e7\u00e3o \u00e9 de R$ 41,15. A opera\u00e7\u00e3o ficou em R$ 28,46 milh\u00f5es, de acordo o comunicado da empresa.<\/p>\t<div class=\"wrapper-featured-image\">\n\t\t<figure class=\"spotlightImg\">\n\n\t\t\t<picture>\n\t\t\t\t<source media=\"(max-width: 768px)\" srcset=\"https:\/\/files.sunoresearch.com.br\/n\/uploads\/2019\/10\/9ee2250b-edp-400x200.webp\">\n\t\t\t\t<img loading=\"lazy\" decoding=\"async\" class=\"newsContent__article__imgCapa lazyloadDisabled newsContent__article__imgCapa--noCaption\" src=\"https:\/\/files.sunoresearch.com.br\/n\/uploads\/2019\/10\/9ee2250b-edp-800x450.webp\" width=\"800\" height=\"450\" alt=\"EDP Brasil anuncia aquisi\u00e7\u00e3o adicional de a\u00e7\u00f5es da Celesc por R$ 28,5 mi\" fetchpriority=high \/>\n\t\t\t<\/picture>\n\n\t\t\t<figcaption class=\"wp-caption-text wp-caption-text--hide\">EDP Brasil (ENBR3): Cade aprova aquisi\u00e7\u00e3o de ativos de gera\u00e7\u00e3o solar <\/figcaption>\n\t\t<\/figure>\n\t<\/div>\n\n\n\n<p>Com essa opera\u00e7\u00e3o, a <strong>EDP<\/strong> <strong>Brasil<\/strong> passou a ter 4,6 milh\u00f5es de a\u00e7\u00f5es preferenciais da Celesc e 5,14 milh\u00f5es de a\u00e7\u00f5es ordin\u00e1rias. No total, a empresa possui 25,35% do capital social da Celesc.<\/p>\n<p>\u201cO aumento da participa\u00e7\u00e3o acion\u00e1ria enquadra-se no objetivo estrat\u00e9gico de refor\u00e7o da parceria com a Celesc e da presen\u00e7a no Estado de Santa Catarina\u201d, informou a EDP Brasil no comunicado.<\/p>\n<h2>Novo sistema inteligente<\/h2>\n<p>A <strong>EDP<\/strong> anunciou, tamb\u00e9m nesta segunda, que est\u00e1 testando um sistema inteligente de realidade virtual para reproduzir equipamentos complexos e aumentar as imagens de componentes pequenos na Usina, a fim de simular uma manuten\u00e7\u00e3o. O investimento nesta \u00e1rea \u00e9 de R$ 4,2 milh\u00f5es. O projeto deve durar 30 meses.<\/p>\n<h2>EDP Brasil anuncia investimento de R$ 2,5 bi no Estado de S\u00e3o Paulo<\/h2>\n<p>A EDP Brasil informou que investir\u00e1 R$ 2,5 bilh\u00f5es no Estado de S\u00e3o Paulo. O an\u00fancio aconteceu ao final do m\u00eas de outubro, durante uma cerim\u00f4nia no Pal\u00e1cio dos Bandeirantes com a presen\u00e7a do governador Jo\u00e3o Doria (PSDB).<\/p>\n<p>Entre 2019 e 2023, a unidade de S\u00e3o Paulo da companhia de eletricidade far\u00e1 um investimento de R$ 1,5 bilh\u00e3o. De acordo com a <strong>EDP<\/strong>, a medida ser\u00e1 feita para melhorar os servi\u00e7os que s\u00e3o prestados aos consumidores.<\/p>\n<p><a href=\"https:\/\/www.suno.com.br\/noticias\/edp-brasil-reporta-353-milhoes-lucro-liquido-3t2019\/\">Veja tamb\u00e9m: EDP Brasil reporta lucro l\u00edquido de R$ 353,9 milh\u00f5es no 3T2019<\/a><\/p>\n<p>A companhia destinar\u00e1 R$ 32 milh\u00f5es para o projeto de recupera\u00e7\u00e3o dos museus do Ipiranga e da L\u00edngua Portuguesa. Ademais, R$ 35 milh\u00f5es ser\u00e3o utilizados para causas socioambientais.<\/p>\n<p>O pacote de investimentos conta tamb\u00e9m com a instala\u00e7\u00e3o de uma usina solar, com capacidade de 205 MW, no munic\u00edpio de Pereira Barreto. A constru\u00e7\u00e3o custar\u00e1 R$ 700 milh\u00f5es.<\/p>\n<p>A <strong>EDP<\/strong> <strong>Brasil<\/strong> investir\u00e1 R$ 41 milh\u00f5es para a constru\u00e7\u00e3o de postos de recarga para ve\u00edculos el\u00e9tricos. Com este valor, 30 eletropostos ser\u00e3o instalados nas principais rodovias paulistas e dois ser\u00e3o implementados no Aeroporto de Guarulhos.<\/p>\n","protected":false},"excerpt":{"rendered":"<p>A companhia EDP Brasil (ENBR3) comunicou que adquiriu 691,7 mil a\u00e7\u00f5es adicionais preferenciais da estatal catarinense Celesc. O pre\u00e7o m\u00e9dio por a\u00e7\u00e3o \u00e9 de R$ 41,15. A opera\u00e7\u00e3o ficou em R$ 28,46 milh\u00f5es, de acordo o comunicado da empresa. EDP Brasil (ENBR3): Cade aprova aquisi\u00e7\u00e3o de ativos de gera\u00e7\u00e3o solar Com essa opera\u00e7\u00e3o, a EDP [&hellip;]<\/p>\n","protected":false},"author":19,"featured_media":42194,"comment_status":"closed","ping_status":"closed","sticky":false,"template":"","format":"standard","meta":[],"categories":[64],"tags":[1207],"suno_strategy":[],"class_list":["post-46308","post","type-post","status-publish","format-standard","has-post-thumbnail","hentry","category-negocios","tag-edp-brasil-enbr3"],"yoast_head":"<!-- This site is optimized with the Yoast SEO plugin v24.4 - https:\/\/yoast.com\/wordpress\/plugins\/seo\/ -->\n<title>EDP Brasil anuncia aquisi\u00e7\u00e3o adicional de a\u00e7\u00f5es da Celesc por R$ 28,5 mi<\/title>\n<meta name=\"description\" content=\"A companhia EDP Brasil (ENBR3) comunicou que adquiriu 691,7 mil a\u00e7\u00f5es adicionais preferenciais da estatal catarinense Celesc. Saiba mais.\" \/>\n<meta name=\"robots\" content=\"index, follow, max-snippet:-1, max-image-preview:large, max-video-preview:-1\" \/>\n<link rel=\"canonical\" href=\"https:\/\/www.suno.com.br\/noticias\/edp-brasil-aquisicao-acoes-celesc-r-28-5-mi\/\" \/>\n<meta property=\"og:locale\" content=\"pt_BR\" \/>\n<meta property=\"og:type\" content=\"article\" \/>\n<meta property=\"og:title\" content=\"EDP Brasil anuncia aquisi\u00e7\u00e3o adicional de a\u00e7\u00f5es da Celesc por R$ 28,5 mi\" \/>\n<meta property=\"og:description\" content=\"A companhia EDP Brasil (ENBR3) comunicou que adquiriu 691,7 mil a\u00e7\u00f5es adicionais preferenciais da estatal catarinense Celesc. Saiba mais.\" \/>\n<meta property=\"og:url\" content=\"https:\/\/www.suno.com.br\/noticias\/edp-brasil-aquisicao-acoes-celesc-r-28-5-mi\/\" \/>\n<meta property=\"og:site_name\" content=\"Suno Not\u00edcias\" \/>\n<meta property=\"article:publisher\" content=\"https:\/\/facebook.com\/sunoresearch\" \/>\n<meta property=\"og:image\" content=\"https:\/\/files.sunoresearch.com.br\/n\/uploads\/2019\/10\/9ee2250b-edp.jpg\" \/>\n\t<meta property=\"og:image:width\" content=\"2464\" \/>\n\t<meta property=\"og:image:height\" content=\"1580\" \/>\n\t<meta property=\"og:image:type\" content=\"image\/jpeg\" \/>\n<meta name=\"author\" content=\"Juliano Passaro\" \/>\n<meta name=\"twitter:card\" content=\"summary_large_image\" \/>\n<meta name=\"twitter:creator\" content=\"@sunoresearch\" \/>\n<meta name=\"twitter:site\" content=\"@sunoresearch\" \/>\n<meta name=\"twitter:label1\" content=\"Escrito por\" \/>\n\t<meta name=\"twitter:data1\" content=\"Juliano Passaro\" \/>\n\t<meta name=\"twitter:label2\" content=\"Est. tempo de leitura\" \/>\n\t<meta name=\"twitter:data2\" content=\"2 minutos\" \/>\n<script type=\"application\/ld+json\" class=\"yoast-schema-graph\">{\"@context\":\"https:\/\/schema.org\",\"@graph\":[{\"@type\":\"NewsArticle\",\"@id\":\"https:\/\/www.suno.com.br\/noticias\/edp-brasil-aquisicao-acoes-celesc-r-28-5-mi\/#article\",\"isPartOf\":{\"@id\":\"https:\/\/www.suno.com.br\/noticias\/edp-brasil-aquisicao-acoes-celesc-r-28-5-mi\/\"},\"author\":{\"name\":\"Juliano Passaro\",\"@id\":\"https:\/\/www.suno.com.br\/noticias\/#\/schema\/person\/1db762f78ffd8919a648a63e425953e3\"},\"headline\":\"EDP Brasil anuncia aquisi\u00e7\u00e3o adicional de a\u00e7\u00f5es da Celesc por R$ 28,5 mi\",\"datePublished\":\"2019-12-02T13:53:52+00:00\",\"dateModified\":\"2019-12-02T14:04:21+00:00\",\"mainEntityOfPage\":{\"@id\":\"https:\/\/www.suno.com.br\/noticias\/edp-brasil-aquisicao-acoes-celesc-r-28-5-mi\/\"},\"wordCount\":395,\"publisher\":{\"@id\":\"https:\/\/www.suno.com.br\/noticias\/#organization\"},\"image\":{\"@id\":\"https:\/\/www.suno.com.br\/noticias\/edp-brasil-aquisicao-acoes-celesc-r-28-5-mi\/#primaryimage\"},\"thumbnailUrl\":\"https:\/\/files.sunoresearch.com.br\/n\/uploads\/2019\/10\/9ee2250b-edp-jpg.webp\",\"keywords\":[\"EDP Brasil (ENBR3)\"],\"articleSection\":[\"Neg\u00f3cios\"],\"inLanguage\":\"pt-BR\"},{\"@type\":\"WebPage\",\"@id\":\"https:\/\/www.suno.com.br\/noticias\/edp-brasil-aquisicao-acoes-celesc-r-28-5-mi\/\",\"url\":\"https:\/\/www.suno.com.br\/noticias\/edp-brasil-aquisicao-acoes-celesc-r-28-5-mi\/\",\"name\":\"EDP Brasil anuncia aquisi\u00e7\u00e3o adicional de a\u00e7\u00f5es da Celesc por R$ 28,5 mi\",\"isPartOf\":{\"@id\":\"https:\/\/www.suno.com.br\/noticias\/#website\"},\"primaryImageOfPage\":{\"@id\":\"https:\/\/www.suno.com.br\/noticias\/edp-brasil-aquisicao-acoes-celesc-r-28-5-mi\/#primaryimage\"},\"image\":{\"@id\":\"https:\/\/www.suno.com.br\/noticias\/edp-brasil-aquisicao-acoes-celesc-r-28-5-mi\/#primaryimage\"},\"thumbnailUrl\":\"https:\/\/files.sunoresearch.com.br\/n\/uploads\/2019\/10\/9ee2250b-edp-jpg.webp\",\"datePublished\":\"2019-12-02T13:53:52+00:00\",\"dateModified\":\"2019-12-02T14:04:21+00:00\",\"description\":\"A companhia EDP Brasil (ENBR3) comunicou que adquiriu 691,7 mil a\u00e7\u00f5es adicionais preferenciais da estatal catarinense Celesc. Saiba mais.\",\"breadcrumb\":{\"@id\":\"https:\/\/www.suno.com.br\/noticias\/edp-brasil-aquisicao-acoes-celesc-r-28-5-mi\/#breadcrumb\"},\"inLanguage\":\"pt-BR\",\"potentialAction\":[{\"@type\":\"ReadAction\",\"target\":[\"https:\/\/www.suno.com.br\/noticias\/edp-brasil-aquisicao-acoes-celesc-r-28-5-mi\/\"]}]},{\"@type\":\"ImageObject\",\"inLanguage\":\"pt-BR\",\"@id\":\"https:\/\/www.suno.com.br\/noticias\/edp-brasil-aquisicao-acoes-celesc-r-28-5-mi\/#primaryimage\",\"url\":\"https:\/\/files.sunoresearch.com.br\/n\/uploads\/2019\/10\/9ee2250b-edp-jpg.webp\",\"contentUrl\":\"https:\/\/files.sunoresearch.com.br\/n\/uploads\/2019\/10\/9ee2250b-edp-jpg.webp\",\"width\":2464,\"height\":1580,\"caption\":\"EDP Brasil (ENBR3): Cade aprova aquisi\u00e7\u00e3o de ativos de gera\u00e7\u00e3o solar\"},{\"@type\":\"BreadcrumbList\",\"@id\":\"https:\/\/www.suno.com.br\/noticias\/edp-brasil-aquisicao-acoes-celesc-r-28-5-mi\/#breadcrumb\",\"itemListElement\":[{\"@type\":\"ListItem\",\"position\":1,\"name\":\"Not\u00edcias\",\"item\":\"https:\/\/www.suno.com.br\/noticias\/\"},{\"@type\":\"ListItem\",\"position\":2,\"name\":\"Neg\u00f3cios\",\"item\":\"https:\/\/www.suno.com.br\/noticias\/negocios\/\"},{\"@type\":\"ListItem\",\"position\":3,\"name\":\"EDP Brasil anuncia aquisi\u00e7\u00e3o adicional de a\u00e7\u00f5es da Celesc por R$ 28,5 mi\"}]},{\"@type\":\"WebSite\",\"@id\":\"https:\/\/www.suno.com.br\/noticias\/#website\",\"url\":\"https:\/\/www.suno.com.br\/noticias\/\",\"name\":\"Suno Not\u00edcias\",\"description\":\"Seu portal de informa\u00e7\u00e3o sobre o mundo dos investimentos\",\"publisher\":{\"@id\":\"https:\/\/www.suno.com.br\/noticias\/#organization\"},\"potentialAction\":[{\"@type\":\"SearchAction\",\"target\":{\"@type\":\"EntryPoint\",\"urlTemplate\":\"https:\/\/www.suno.com.br\/noticias\/?s={search_term_string}\"},\"query-input\":{\"@type\":\"PropertyValueSpecification\",\"valueRequired\":true,\"valueName\":\"search_term_string\"}}],\"inLanguage\":\"pt-BR\"},{\"@type\":\"Organization\",\"@id\":\"https:\/\/www.suno.com.br\/noticias\/#organization\",\"name\":\"Suno Not\u00edcias\",\"url\":\"https:\/\/www.suno.com.br\/noticias\/\",\"logo\":{\"@type\":\"ImageObject\",\"inLanguage\":\"pt-BR\",\"@id\":\"https:\/\/www.suno.com.br\/noticias\/#\/schema\/logo\/image\/\",\"url\":\"https:\/\/files.sunoresearch.com.br\/n\/uploads\/2021\/09\/suno-logo.png\",\"contentUrl\":\"https:\/\/files.sunoresearch.com.br\/n\/uploads\/2021\/09\/suno-logo.png\",\"width\":180,\"height\":180,\"caption\":\"Suno Not\u00edcias\"},\"image\":{\"@id\":\"https:\/\/www.suno.com.br\/noticias\/#\/schema\/logo\/image\/\"},\"sameAs\":[\"https:\/\/facebook.com\/sunoresearch\",\"https:\/\/x.com\/sunoresearch\",\"https:\/\/www.instagram.com\/suno\",\"https:\/\/www.linkedin.com\/company\/suno-research\/\",\"https:\/\/www.youtube.com\/c\/sunoresearch\"]},{\"@type\":\"Person\",\"@id\":\"https:\/\/www.suno.com.br\/noticias\/#\/schema\/person\/1db762f78ffd8919a648a63e425953e3\",\"name\":\"Juliano Passaro\",\"image\":{\"@type\":\"ImageObject\",\"inLanguage\":\"pt-BR\",\"@id\":\"https:\/\/www.suno.com.br\/noticias\/#\/schema\/person\/image\/\",\"url\":\"https:\/\/secure.gravatar.com\/avatar\/743d4df28eebf6dcc46b4ad03c319e92?s=96&r=g\",\"contentUrl\":\"https:\/\/secure.gravatar.com\/avatar\/743d4df28eebf6dcc46b4ad03c319e92?s=96&r=g\",\"caption\":\"Juliano Passaro\"},\"description\":\"Juliano Passaro escreve sobre pol\u00edtica, economia e neg\u00f3cios para o portal da Suno Research. Antes da Suno, trabalhou no Portal da Band. \u00c9 formado em jornalismo pela Universidade Presbiteriana Mackenzie.\",\"url\":\"https:\/\/www.suno.com.br\/noticias\/author\/juliano\/\"}]}<\/script>\n<!-- \/ Yoast SEO plugin. -->","yoast_head_json":{"title":"EDP Brasil anuncia aquisi\u00e7\u00e3o adicional de a\u00e7\u00f5es da Celesc por R$ 28,5 mi","description":"A companhia EDP Brasil (ENBR3) comunicou que adquiriu 691,7 mil a\u00e7\u00f5es adicionais preferenciais da estatal catarinense Celesc. Saiba mais.","robots":{"index":"index","follow":"follow","max-snippet":"max-snippet:-1","max-image-preview":"max-image-preview:large","max-video-preview":"max-video-preview:-1"},"canonical":"https:\/\/www.suno.com.br\/noticias\/edp-brasil-aquisicao-acoes-celesc-r-28-5-mi\/","og_locale":"pt_BR","og_type":"article","og_title":"EDP Brasil anuncia aquisi\u00e7\u00e3o adicional de a\u00e7\u00f5es da Celesc por R$ 28,5 mi","og_description":"A companhia EDP Brasil (ENBR3) comunicou que adquiriu 691,7 mil a\u00e7\u00f5es adicionais preferenciais da estatal catarinense Celesc. Saiba mais.","og_url":"https:\/\/www.suno.com.br\/noticias\/edp-brasil-aquisicao-acoes-celesc-r-28-5-mi\/","og_site_name":"Suno Not\u00edcias","article_publisher":"https:\/\/facebook.com\/sunoresearch","og_image":[{"width":2464,"height":1580,"url":"https:\/\/files.sunoresearch.com.br\/n\/uploads\/2019\/10\/9ee2250b-edp.jpg","type":"image\/jpeg"}],"author":"Juliano Passaro","twitter_card":"summary_large_image","twitter_creator":"@sunoresearch","twitter_site":"@sunoresearch","twitter_misc":{"Escrito por":"Juliano Passaro","Est. tempo de leitura":"2 minutos"},"schema":{"@context":"https:\/\/schema.org","@graph":[{"@type":"NewsArticle","@id":"https:\/\/www.suno.com.br\/noticias\/edp-brasil-aquisicao-acoes-celesc-r-28-5-mi\/#article","isPartOf":{"@id":"https:\/\/www.suno.com.br\/noticias\/edp-brasil-aquisicao-acoes-celesc-r-28-5-mi\/"},"author":{"name":"Juliano Passaro","@id":"https:\/\/www.suno.com.br\/noticias\/#\/schema\/person\/1db762f78ffd8919a648a63e425953e3"},"headline":"EDP Brasil anuncia aquisi\u00e7\u00e3o adicional de a\u00e7\u00f5es da Celesc por R$ 28,5 mi","datePublished":"2019-12-02T13:53:52+00:00","dateModified":"2019-12-02T14:04:21+00:00","mainEntityOfPage":{"@id":"https:\/\/www.suno.com.br\/noticias\/edp-brasil-aquisicao-acoes-celesc-r-28-5-mi\/"},"wordCount":395,"publisher":{"@id":"https:\/\/www.suno.com.br\/noticias\/#organization"},"image":{"@id":"https:\/\/www.suno.com.br\/noticias\/edp-brasil-aquisicao-acoes-celesc-r-28-5-mi\/#primaryimage"},"thumbnailUrl":"https:\/\/files.sunoresearch.com.br\/n\/uploads\/2019\/10\/9ee2250b-edp-jpg.webp","keywords":["EDP Brasil (ENBR3)"],"articleSection":["Neg\u00f3cios"],"inLanguage":"pt-BR"},{"@type":"WebPage","@id":"https:\/\/www.suno.com.br\/noticias\/edp-brasil-aquisicao-acoes-celesc-r-28-5-mi\/","url":"https:\/\/www.suno.com.br\/noticias\/edp-brasil-aquisicao-acoes-celesc-r-28-5-mi\/","name":"EDP Brasil anuncia aquisi\u00e7\u00e3o adicional de a\u00e7\u00f5es da Celesc por R$ 28,5 mi","isPartOf":{"@id":"https:\/\/www.suno.com.br\/noticias\/#website"},"primaryImageOfPage":{"@id":"https:\/\/www.suno.com.br\/noticias\/edp-brasil-aquisicao-acoes-celesc-r-28-5-mi\/#primaryimage"},"image":{"@id":"https:\/\/www.suno.com.br\/noticias\/edp-brasil-aquisicao-acoes-celesc-r-28-5-mi\/#primaryimage"},"thumbnailUrl":"https:\/\/files.sunoresearch.com.br\/n\/uploads\/2019\/10\/9ee2250b-edp-jpg.webp","datePublished":"2019-12-02T13:53:52+00:00","dateModified":"2019-12-02T14:04:21+00:00","description":"A companhia EDP Brasil (ENBR3) comunicou que adquiriu 691,7 mil a\u00e7\u00f5es adicionais preferenciais da estatal catarinense Celesc. Saiba mais.","breadcrumb":{"@id":"https:\/\/www.suno.com.br\/noticias\/edp-brasil-aquisicao-acoes-celesc-r-28-5-mi\/#breadcrumb"},"inLanguage":"pt-BR","potentialAction":[{"@type":"ReadAction","target":["https:\/\/www.suno.com.br\/noticias\/edp-brasil-aquisicao-acoes-celesc-r-28-5-mi\/"]}]},{"@type":"ImageObject","inLanguage":"pt-BR","@id":"https:\/\/www.suno.com.br\/noticias\/edp-brasil-aquisicao-acoes-celesc-r-28-5-mi\/#primaryimage","url":"https:\/\/files.sunoresearch.com.br\/n\/uploads\/2019\/10\/9ee2250b-edp-jpg.webp","contentUrl":"https:\/\/files.sunoresearch.com.br\/n\/uploads\/2019\/10\/9ee2250b-edp-jpg.webp","width":2464,"height":1580,"caption":"EDP Brasil (ENBR3): Cade aprova aquisi\u00e7\u00e3o de ativos de gera\u00e7\u00e3o solar"},{"@type":"BreadcrumbList","@id":"https:\/\/www.suno.com.br\/noticias\/edp-brasil-aquisicao-acoes-celesc-r-28-5-mi\/#breadcrumb","itemListElement":[{"@type":"ListItem","position":1,"name":"Not\u00edcias","item":"https:\/\/www.suno.com.br\/noticias\/"},{"@type":"ListItem","position":2,"name":"Neg\u00f3cios","item":"https:\/\/www.suno.com.br\/noticias\/negocios\/"},{"@type":"ListItem","position":3,"name":"EDP Brasil anuncia aquisi\u00e7\u00e3o adicional de a\u00e7\u00f5es da Celesc por R$ 28,5 mi"}]},{"@type":"WebSite","@id":"https:\/\/www.suno.com.br\/noticias\/#website","url":"https:\/\/www.suno.com.br\/noticias\/","name":"Suno Not\u00edcias","description":"Seu portal de informa\u00e7\u00e3o sobre o mundo dos investimentos","publisher":{"@id":"https:\/\/www.suno.com.br\/noticias\/#organization"},"potentialAction":[{"@type":"SearchAction","target":{"@type":"EntryPoint","urlTemplate":"https:\/\/www.suno.com.br\/noticias\/?s={search_term_string}"},"query-input":{"@type":"PropertyValueSpecification","valueRequired":true,"valueName":"search_term_string"}}],"inLanguage":"pt-BR"},{"@type":"Organization","@id":"https:\/\/www.suno.com.br\/noticias\/#organization","name":"Suno Not\u00edcias","url":"https:\/\/www.suno.com.br\/noticias\/","logo":{"@type":"ImageObject","inLanguage":"pt-BR","@id":"https:\/\/www.suno.com.br\/noticias\/#\/schema\/logo\/image\/","url":"https:\/\/files.sunoresearch.com.br\/n\/uploads\/2021\/09\/suno-logo.png","contentUrl":"https:\/\/files.sunoresearch.com.br\/n\/uploads\/2021\/09\/suno-logo.png","width":180,"height":180,"caption":"Suno Not\u00edcias"},"image":{"@id":"https:\/\/www.suno.com.br\/noticias\/#\/schema\/logo\/image\/"},"sameAs":["https:\/\/facebook.com\/sunoresearch","https:\/\/x.com\/sunoresearch","https:\/\/www.instagram.com\/suno","https:\/\/www.linkedin.com\/company\/suno-research\/","https:\/\/www.youtube.com\/c\/sunoresearch"]},{"@type":"Person","@id":"https:\/\/www.suno.com.br\/noticias\/#\/schema\/person\/1db762f78ffd8919a648a63e425953e3","name":"Juliano Passaro","image":{"@type":"ImageObject","inLanguage":"pt-BR","@id":"https:\/\/www.suno.com.br\/noticias\/#\/schema\/person\/image\/","url":"https:\/\/secure.gravatar.com\/avatar\/743d4df28eebf6dcc46b4ad03c319e92?s=96&r=g","contentUrl":"https:\/\/secure.gravatar.com\/avatar\/743d4df28eebf6dcc46b4ad03c319e92?s=96&r=g","caption":"Juliano Passaro"},"description":"Juliano Passaro escreve sobre pol\u00edtica, economia e neg\u00f3cios para o portal da Suno Research. Antes da Suno, trabalhou no Portal da Band. \u00c9 formado em jornalismo pela Universidade Presbiteriana Mackenzie.","url":"https:\/\/www.suno.com.br\/noticias\/author\/juliano\/"}]}},"default_loop_html":"<div class=\"cardsPage__listCard__boxs\"><div class=\"cardsPage__listCard__boxs__img\"><a href=\"https:\/\/www.suno.com.br\/noticias\/edp-brasil-aquisicao-acoes-celesc-r-28-5-mi\/\"><img class=\"mask\" src=\"https:\/\/www.suno.com.br\/noticias\/wp-content\/themes\/suno\/resources\/images\/spotlight\/spotlight1img\/bg-mask.png\" alt=\"Image Mask\"\/><img src=\"https:\/\/files.sunoresearch.com.br\/n\/uploads\/2019\/10\/9ee2250b-edp-400x200.webp\" alt=\"EDP Brasil anuncia aquisi\u00e7\u00e3o adicional de a\u00e7\u00f5es da Celesc por R$ 28,5 mi\"\/><\/a><span class=\"spotlightCategory\"><a href=\"https:\/\/www.suno.com.br\/noticias\/negocios\/\">Neg\u00f3cios<\/a><\/span><\/div><div class=\"cardsPage__listCard__boxs__content\"><a href=\"https:\/\/www.suno.com.br\/noticias\/edp-brasil-aquisicao-acoes-celesc-r-28-5-mi\/\"><h2 class=\"content__title\">EDP Brasil anuncia aquisi\u00e7\u00e3o adicional de a\u00e7\u00f5es da Celesc por R$ 28,5 mi<\/h2><\/a><div class=\"newsContent__article__meta\"><div class=\"newsContent__article__meta__authorBox\"><a href=\"https:\/\/www.suno.com.br\/noticias\/author\/juliano\/\" class=\"authorBox__avatar noMobi\"><img src=\"https:\/\/files.sunoresearch.com.br\/n\/uploads\/2019\/06\/7cc3efea-whatsapp-image-2019-07-18-at-21.59.33-e1563499821209-150x150.webp\" alt=\"Juliano Passaro\"><\/a><div class=\"authorBox__name\"><span>por\n\t\t\t<a href=\"https:\/\/www.suno.com.br\/noticias\/author\/juliano\/\"><span itemprop=\"author\">Juliano Passaro<\/span><\/a><\/span><time datetime=\"2019-12-02T11:53:52-03:00\" itemprop=\"datePublished\">02\/12\/2019 11:53<\/time><\/div><\/div><\/div><\/div><\/div>","single_layout":"posts","amp_enabled":true,"_links":{"self":[{"href":"https:\/\/www.suno.com.br\/noticias\/wp-json\/wp\/v2\/posts\/46308"}],"collection":[{"href":"https:\/\/www.suno.com.br\/noticias\/wp-json\/wp\/v2\/posts"}],"about":[{"href":"https:\/\/www.suno.com.br\/noticias\/wp-json\/wp\/v2\/types\/post"}],"author":[{"embeddable":true,"href":"https:\/\/www.suno.com.br\/noticias\/wp-json\/wp\/v2\/users\/19"}],"replies":[{"embeddable":true,"href":"https:\/\/www.suno.com.br\/noticias\/wp-json\/wp\/v2\/comments?post=46308"}],"version-history":[{"count":0,"href":"https:\/\/www.suno.com.br\/noticias\/wp-json\/wp\/v2\/posts\/46308\/revisions"}],"wp:featuredmedia":[{"embeddable":true,"href":"https:\/\/www.suno.com.br\/noticias\/wp-json\/wp\/v2\/media\/42194"}],"wp:attachment":[{"href":"https:\/\/www.suno.com.br\/noticias\/wp-json\/wp\/v2\/media?parent=46308"}],"wp:term":[{"taxonomy":"category","embeddable":true,"href":"https:\/\/www.suno.com.br\/noticias\/wp-json\/wp\/v2\/categories?post=46308"},{"taxonomy":"post_tag","embeddable":true,"href":"https:\/\/www.suno.com.br\/noticias\/wp-json\/wp\/v2\/tags?post=46308"},{"taxonomy":"suno_strategy","embeddable":true,"href":"https:\/\/www.suno.com.br\/noticias\/wp-json\/wp\/v2\/suno_strategy?post=46308"}],"curies":[{"name":"wp","href":"https:\/\/api.w.org\/{rel}","templated":true}]}}