{"id":463045,"date":"2023-09-27T23:08:42","date_gmt":"2023-09-28T02:08:42","guid":{"rendered":"https:\/\/www.suno.com.br\/noticias\/?p=463045"},"modified":"2023-09-28T00:19:03","modified_gmt":"2023-09-28T03:19:03","slug":"aco-industria-gerdau-ggbr4-demissoes","status":"publish","type":"post","link":"https:\/\/www.suno.com.br\/noticias\/aco-industria-gerdau-ggbr4-demissoes\/","title":{"rendered":"Presidente da Gerdau (GGBR4) diz que est\u00e1 perto de anunciar demiss\u00f5es e aponta o principal problema na ind\u00fastria do a\u00e7o"},"content":{"rendered":"<p>O presidente da <a class=\"suno-keyword\" target=\"_blank\" data-force=\"yes\" data-priority=\"2\" href=\"https:\/\/www.suno.com.br\/acoes\/GGBR4\/\" rel=\"noopener\">Gerdau (GGBR4)<\/a>, Gustavo Werneck, afirmou que a companhia est\u00e1 sob a imin\u00eancia de promover demiss\u00f5es em fun\u00e7\u00e3o do cen\u00e1rio atual que a ind\u00fastria do <strong>a\u00e7o<\/strong> vive no Pa\u00eds. A fala foi feita durante o 33.\u00b0 Congresso A\u00e7o Brasil, realizado nesta quarta-feira, 27, em S\u00e3o Paulo.<\/p>\t<div class=\"wrapper-featured-image\">\n\t\t<figure class=\"spotlightImg\">\n\n\t\t\t<picture>\n\t\t\t\t<source media=\"(max-width: 768px)\" srcset=\"https:\/\/files.sunoresearch.com.br\/n\/uploads\/2022\/07\/gerdau-fabrica-400x200.jpg\">\n\t\t\t\t<img loading=\"lazy\" decoding=\"async\" class=\"newsContent__article__imgCapa lazyloadDisabled \" src=\"https:\/\/files.sunoresearch.com.br\/n\/uploads\/2022\/07\/gerdau-fabrica-800x450.jpg\" width=\"800\" height=\"450\" alt=\"Presidente da Gerdau (GGBR4) diz que est\u00e1 perto de anunciar demiss\u00f5es e aponta o principal problema na ind\u00fastria do a\u00e7o\" fetchpriority=high \/>\n\t\t\t<\/picture>\n\n\t\t\t<figcaption class=\"wp-caption-text wp-caption-text--show\">Foto: Divulga\u00e7\u00e3o<\/figcaption>\n\t\t<\/figure>\n\t<\/div>\n\n\n\n\n\n\t<p>\n\t\t<a href=\"https:\/\/lp.suno.com.br\/planilha-da-vida-financeira\/\" target=\"_blank\" data-element=\"shortcode-suno-banner\" title=\"Banner SUNO, clique e saiba mais\">\n\t\t\t<picture>\n\t\t\t\t<source media=\"(max-width: 500px)\" srcset=\"https:\/\/files.sunoresearch.com.br\/n\/uploads\/2023\/04\/400x300-Planilha-vida-financeira-true.png\">\n\t\t\t\t<img class=\"newsContent__article__imgCapa newsContent__article__imgCapa--banner\"\n\t\t\t\t\tsrc=\"https:\/\/files.sunoresearch.com.br\/n\/uploads\/2023\/04\/1420x240-Planilha-vida-financeira-true.png\"\n\t\t\t\t\tdata-promo-id=\"106682\"\t\t\t\t\t\t\t\t\t\twidth='1420' height='240'\t\t\t\t\talt=\"https:\/\/files.sunoresearch.com.br\/n\/uploads\/2023\/04\/1420x240-Planilha-vida-financeira-true.png\"\n\t\t\t\t>\n\t\t\t<\/picture>\n\t\t<\/a>\n\t<\/p>\n\n\n\n\n\n\n\n<p>O <strong>executivo da Gerdau<\/strong> avaliou o momento atual em que a ind\u00fastria sider\u00fargica brasileira vive, apontando que o forte aumento no volume do<strong> a\u00e7o importado<\/strong>, sobretudo da China, vem prejudicando a produ\u00e7\u00e3o brasileira. Werneck acrescentou que a Gerdau j\u00e1 tem 600 trabalhadores em suspens\u00e3o tempor\u00e1ria do contrato de trabalho por conta da redu\u00e7\u00e3o da produ\u00e7\u00e3o na empresa.<\/p>\n\n\n\n<p>&#8220;Se n\u00e3o forem tomadas decis\u00f5es por parte do governo nos pr\u00f3ximos 30 dias sobre o aumento da t<strong>arifa de importa\u00e7\u00e3o<\/strong>, a situa\u00e7\u00e3o ficar\u00e1 preocupante. \u00c9 preciso a ado\u00e7\u00e3o de a\u00e7\u00f5es urgentes para que a tarifa suba 25%, ou ent\u00e3o teremos muita dificuldade&#8221;, afirmou o executivo.<\/p>\n\n\n\n<p>De acordo com Werneck, a Gerdau j\u00e1 tem duas plantas, uma no Cear\u00e1 e outra em S\u00e3o Paulo, que est\u00e3o paralisadas.<\/p>\n\n\n\n<p>O diagn\u00f3stico do <strong>presidente da Gerdau<\/strong> foi acompanhado pelo presidente da ArcelorMittal Brasil e presidente do conselho diretor do Instituto A\u00e7o Brasil, Jefferson De Paula, que confirmou a possibilidade de problemas sociais caso o cen\u00e1rio se mantenha.<\/p>\n\n\n\n<p>&#8220;Vamos produzir 1,3 milh\u00e3o de toneladas de a\u00e7o a menos por causa do cen\u00e1rio atual de importa\u00e7\u00f5es. A nossa capacidade est\u00e1 entre 15 milh\u00f5es a 16 milh\u00f5es de toneladas, mas vamos produzir menos. Se o cen\u00e1rio continuar igual, haver\u00e1 um problema social no Pa\u00eds&#8221;, afirmou De Paula.<\/p>\n\n\n\n<p>Refor\u00e7ando a gravidade do assunto, o presidente executivo do Instituto A\u00e7o Brasil, Marco Polo Lopes, afirmou que a decis\u00e3o do governo de antecipar o fim do desconto de 10% na al\u00edquota de importa\u00e7\u00e3o de 12 produtos sider\u00fargicos foi &#8220;in\u00f3cua&#8221;.<\/p>\n\n\n\n<p>O executivo comparou a taxa de importa\u00e7\u00e3o do Brasil em rela\u00e7\u00e3o a pa\u00edses como Estados Unidos, M\u00e9xico e <a class=\"suno-keyword\" target=\"_blank\" data-force=\"no\" data-priority=\"2\" href=\"https:\/\/www.suno.com.br\/artigos\/uniao-europeia\/\" rel=\"noopener\">Uni\u00e3o Europeia<\/a>, onde a tarifa \u00e9 de aproximadamente 25%, segundo aponta a entidade.<\/p>\n\n\n\t<p>\n\t\t<a href=\"https:\/\/lp.suno.com.br\/ebook-como-analisar-uma-acao\/\" target=\"_blank\" data-element=\"shortcode-suno-banner\" title=\"Banner SUNO, clique e saiba mais\">\n\t\t\t<picture>\n\t\t\t\t<source media=\"(max-width: 500px)\" srcset=\"https:\/\/files.sunoresearch.com.br\/n\/uploads\/2023\/03\/Ebook-Acoes-Mobile.jpg\">\n\t\t\t\t<img class=\"newsContent__article__imgCapa newsContent__article__imgCapa--banner\"\n\t\t\t\t\tsrc=\"https:\/\/files.sunoresearch.com.br\/n\/uploads\/2023\/03\/Ebook-Acoes-Desktop.jpg\"\n\t\t\t\t\tdata-promo-id=\"378302\"\t\t\t\t\t\t\t\t\t\twidth='1420' height='286'\t\t\t\t\talt=\"https:\/\/files.sunoresearch.com.br\/n\/uploads\/2023\/03\/Ebook-Acoes-Desktop.jpg\"\n\t\t\t\t>\n\t\t\t<\/picture>\n\t\t<\/a>\n\t<\/p>\n\n\n\n\n\n<h2 class=\"wp-block-heading\">O aumento das importa\u00e7\u00f5es  de a\u00e7o<\/h2>\n\n\n\n<p>Segundo Jefferson De Paula, as importa\u00e7\u00f5es de a\u00e7o v\u00e3o aumentar cerca de 40% em 2023 na compara\u00e7\u00e3o com o ano passado. O executivo acrescentou ainda que a proje\u00e7\u00e3o para o final do ano \u00e9 de que ocorra uma queda de 6% nas vendas internas.<\/p>\n\n\n\n<p>Segundo ele, um dos principais impeditivos para a acelera\u00e7\u00e3o do crescimento no Pa\u00eds s\u00e3o os juros. &#8220;A queda continuada dos juros nos parece fact\u00edvel, mesmo que consequentes do risco inflacion\u00e1rio do passado recente&#8221;, afirmou.<\/p>\n\n\n\n<p>O executivo defendeu ainda a ado\u00e7\u00e3o de incentivos por parte do governo para iniciativas de baixo carbono voltado para a ind\u00fastria e desenvolvimento de pesquisas: &#8220;A <strong>ind\u00fastria sider\u00fargica<\/strong> ser\u00e1 transformada completamente em termos de tecnologia e processamento&#8221;.<\/p>\n\n\n\n<p>De Paula afirmou que a disponibilidade de sucata e oferta de g\u00e1s natural com pre\u00e7os compat\u00edveis ser\u00e3o vitais para a redu\u00e7\u00e3o das emiss\u00f5es de CO2 no setor. &#8220;A neutralidade de carbono passa necessariamente pela oferta de energia limpa, um dos pilares da &#8216;neoindustrializa\u00e7\u00e3o&#8217; no Brasil.&#8221;<\/p>\n\n\n\n<p>De acordo com Lopes, 2023 deve tamb\u00e9m registrar uma queda no consumo aparente de a\u00e7o de 2,6%. Considerando esses dados, o executivo avaliou que a siderurgia brasileira pode estar vivendo um momento de dificuldades que ele classificou como &#8220;tempestade perfeita&#8221;.<\/p>\n\n\n\n<p>&#8220;Trazemos uma figura que conceituamos como uma tempestade perfeita, porque temos uma previs\u00e3o das vendas caindo. Uma ociosidade do setor, e a alternativa que ter\u00edamos seria aumentar as exporta\u00e7\u00f5es, mas isso tem se mostrado imposs\u00edvel pela situa\u00e7\u00e3o adversa do cen\u00e1rio internacional e, por \u00faltimo, as importa\u00e7\u00f5es impactando de maneira forte&#8221;, afirmou Marco Polo.<\/p>\n\n\n\n<h2 class=\"wp-block-heading\">Setor defende al\u00edquota de 25% para importa\u00e7\u00e3o<\/h2>\n\n\n\n<p>A principal agenda da <strong>ind\u00fastria brasileira do a\u00e7o <\/strong>\u00e9 o estabelecimento de medidas de defesa comercial no mercado dom\u00e9stico. O setor defende uma al\u00edquota de importa\u00e7\u00e3o para produtos sider\u00fargicos em 25% por um ano. O cen\u00e1rio \u00e9 de aumento expressivo das importa\u00e7\u00f5es, principalmente da China.<\/p>\n\n\n\n<p>Jefferson De Paula afirmou que h\u00e1 um excesso de 564 milh\u00f5es de toneladas de a\u00e7o no mundo. Neste cen\u00e1rio, <a class=\"suno-keyword\" target=\"_blank\" data-force=\"no\" data-priority=\"2\" href=\"https:\/\/www.suno.com.br\/artigos\/uniao-europeia\/\" rel=\"noopener\">Uni\u00e3o Europeia<\/a>, Estados Unidos e M\u00e9xico adotaram medidas de defesa comercial para proteger a produ\u00e7\u00e3o interna contra o aumento de uma concorr\u00eancia avaliada como desleal pela entidade.<\/p>\n\n\n\n<p>&#8220;Somos a favor da economia de mercado, mas n\u00e3o podemos ser ing\u00eanuos e ignorar o grave dano que a pol\u00edtica comercial de sider\u00fargicas chinesas e russas est\u00e3o causando \u00e0 produ\u00e7\u00e3o de a\u00e7o dos demais pa\u00edses ao inundar o mercado de produtos sider\u00fargicos a pre\u00e7o subsidiados&#8221;, afirmou De Paula.<\/p>\n\n\n\n<p>O executivo avaliou que a opera\u00e7\u00e3o de sider\u00fargicas brasileiras pode parar caso n\u00e3o sejam adotadas medidas mais firmes de defesa comercial. De Paula acrescentou que as medidas n\u00e3o representam uma a\u00e7\u00e3o contra a China, a maior produtora global de a\u00e7o, mas uma medida tempor\u00e1ria de prote\u00e7\u00e3o \u00e0 ind\u00fastria brasileira.<\/p>\n\n\n\n<p>Ela n\u00e3o descartou a possibilidade de revis\u00e3o de investimentos por parte da empresa caso o cen\u00e1rio de entrada de a\u00e7o importado permane\u00e7a no Brasil. No setor nacional, a previs\u00e3o para os pr\u00f3ximos quatro anos \u00e9 de R$ 63 bilh\u00f5es em investimentos voltados para expans\u00e3o, melhoria da efici\u00eancia e descarboniza\u00e7\u00e3o. Nos \u00faltimos 14 anos, cerca de R$ 170 bilh\u00f5es foram investidos.<\/p>\n\n\n\n<p>&#8220;Estamos fazendo obras e permanecemos pensando no futuro, mas se o Pa\u00eds \u00e9 atacado com a\u00e7o subsidiado, n\u00e3o conseguimos combater isso. Se o governo n\u00e3o proteger o mercado interno, as empresas v\u00e3o ter que parar&#8221;, afirmou De Paula.<\/p>\n\n\n\n<p>Marco Polo de Mello Lopes disse que o governo tem sido sens\u00edvel \u00e0 quest\u00e3o. &#8220;Temos conversado e participado de reuni\u00e3o com ministros, mostramos que estamos investindo e gerando renda&#8221;, afirmou.<\/p>\n\n\n\n<p>Em rela\u00e7\u00e3o \u00e0 al\u00edquota em 25%, ele justificou que o valor segue a refer\u00eancia adotada em pa\u00edses e que tem como prop\u00f3sito apenas garantir o mesmo n\u00edvel de competitividade dos importados.<\/p>\n\n\n\n<h2 class=\"wp-block-heading\">Congresso A\u00e7o Brasil revela dificuldade<\/h2>\n\n\n\n<p>Durante o 33\u00b0 Congresso A\u00e7o Brasil, no painel que discutiu o cen\u00e1rio atual e perspectivas para o setor, o professor do Instituto de Economia da Universidade Federal de Uberl\u00e2ndia Germano de Paula (UFU) afirmou que v\u00ea com dificuldade a possibilidade de o Brasil adotar medidas de defesa comercial, sobretudo contra a China, em fun\u00e7\u00e3o do Pa\u00eds ter uma posi\u00e7\u00e3o geopol\u00edtica mais enfraquecida no cen\u00e1rio global.<\/p>\n\n\n\n<p>&#8220;O Brasil \u00e9 comercialmente dependente da China e grande parte das decis\u00f5es importantes do setor s\u00e3o decididas mais em Pequim do que em Bras\u00edlia, ent\u00e3o a capacidade de retalia\u00e7\u00e3o chinesa aumenta consideravelmente se o Brasil adotar medidas de defesa comerciais&#8221;, afirmou de Paula.<\/p>\n\n\n\n<p>A secret\u00e1ria de Com\u00e9rcio Exterior do Minist\u00e9rio do Desenvolvimento, Ind\u00fastria, Com\u00e9rcio e Servi\u00e7os (Mdic),Tatiana Lacerda Prazeres, afirmou que o governo tem fiscalizado pr\u00e1ticas ilegais e desleais de com\u00e9rcio que possam prejudicar as exporta\u00e7\u00f5es do setor do a\u00e7o brasileiro.<\/p>\n\n\n\n<p>Ela destacou ainda a recente medida do governo, aprovada na semana passada, de antecipa\u00e7\u00e3o do fim do desconto de 10% na al\u00edquota de importa\u00e7\u00e3o de 12 produtos sider\u00fargicos como os do<strong> a\u00e7o<\/strong>. A previs\u00e3o \u00e9 de que a regra prevale\u00e7a at\u00e9 o fim deste ano. A decis\u00e3o ser\u00e1 publicada no Di\u00e1rio Oficial da Uni\u00e3o e passar\u00e1 a valer a partir de outubro, quando a taxa de importa\u00e7\u00e3o voltar\u00e1 a ser de 9% a 14,4%.<\/p>\n\n\n\n<p><em>Com Estad\u00e3o Conte\u00fado<\/em><\/p>\n\n\n\t<p>\n\t\t<a href=\"https:\/\/lp.suno.com.br\/planilha-da-vida-financeira\/\" target=\"_blank\" data-element=\"shortcode-suno-banner\" title=\"Banner SUNO, clique e saiba mais\">\n\t\t\t<picture>\n\t\t\t\t<source media=\"(max-width: 500px)\" srcset=\"https:\/\/files.sunoresearch.com.br\/n\/uploads\/2023\/04\/400x300-Planilha-vida-financeira-true.png\">\n\t\t\t\t<img class=\"newsContent__article__imgCapa newsContent__article__imgCapa--banner\"\n\t\t\t\t\tsrc=\"https:\/\/files.sunoresearch.com.br\/n\/uploads\/2023\/04\/1420x240-Planilha-vida-financeira-true.png\"\n\t\t\t\t\tdata-promo-id=\"383123\"\t\t\t\t\t\t\t\t\t\twidth='1420' height='240'\t\t\t\t\talt=\"https:\/\/files.sunoresearch.com.br\/n\/uploads\/2023\/04\/1420x240-Planilha-vida-financeira-true.png\"\n\t\t\t\t>\n\t\t\t<\/picture>\n\t\t<\/a>\n\t<\/p>\n\n\n","protected":false},"excerpt":{"rendered":"<p>O presidente da Gerdau (GGBR4), Gustavo Werneck, afirmou que a companhia est\u00e1 sob a imin\u00eancia de promover demiss\u00f5es em fun\u00e7\u00e3o do cen\u00e1rio atual que a ind\u00fastria do a\u00e7o vive no Pa\u00eds. A fala foi feita durante o 33.\u00b0 Congresso A\u00e7o Brasil, realizado nesta quarta-feira, 27, em S\u00e3o Paulo. Foto: Divulga\u00e7\u00e3o O executivo da Gerdau avaliou [&hellip;]<\/p>\n","protected":false},"author":43,"featured_media":278167,"comment_status":"closed","ping_status":"closed","sticky":false,"template":"","format":"standard","meta":[],"categories":[64],"tags":[982,488],"suno_strategy":[],"class_list":["post-463045","post","type-post","status-publish","format-standard","has-post-thumbnail","hentry","category-negocios","tag-aco","tag-gerdau-ggbr3-ggbr4"],"yoast_head":"<!-- This site is optimized with the Yoast SEO plugin v24.4 - https:\/\/yoast.com\/wordpress\/plugins\/seo\/ -->\n<title>Ind\u00fastria do a\u00e7o: Gerdau (GGBR4) pode anunciar demiss\u00f5es<\/title>\n<meta name=\"description\" content=\"O presidente da Gerdau, Gustavo Werneck, afirmou que a companhia pode promover demiss\u00f5es com o cen\u00e1rio que a ind\u00fastria do a\u00e7o vive no Pa\u00eds.\" \/>\n<meta name=\"robots\" content=\"index, follow, max-snippet:-1, max-image-preview:large, max-video-preview:-1\" \/>\n<link rel=\"canonical\" href=\"https:\/\/www.suno.com.br\/noticias\/aco-industria-gerdau-ggbr4-demissoes\/\" \/>\n<meta property=\"og:locale\" content=\"pt_BR\" \/>\n<meta property=\"og:type\" content=\"article\" \/>\n<meta property=\"og:title\" content=\"Ind\u00fastria do a\u00e7o: Gerdau (GGBR4) pode anunciar demiss\u00f5es\" \/>\n<meta property=\"og:description\" content=\"O presidente da Gerdau, Gustavo Werneck, afirmou que a companhia pode promover demiss\u00f5es com o cen\u00e1rio que a ind\u00fastria do a\u00e7o vive no Pa\u00eds.\" \/>\n<meta property=\"og:url\" content=\"https:\/\/www.suno.com.br\/noticias\/aco-industria-gerdau-ggbr4-demissoes\/\" \/>\n<meta property=\"og:site_name\" content=\"Suno Not\u00edcias\" \/>\n<meta property=\"article:publisher\" content=\"https:\/\/facebook.com\/sunoresearch\" \/>\n<meta property=\"article:author\" content=\"https:\/\/www.facebook.com\/sunonoticias\/\" \/>\n<meta property=\"og:image\" content=\"https:\/\/files.sunoresearch.com.br\/n\/uploads\/2022\/07\/gerdau-fabrica.jpg\" \/>\n\t<meta property=\"og:image:width\" content=\"1250\" \/>\n\t<meta property=\"og:image:height\" content=\"833\" \/>\n\t<meta property=\"og:image:type\" content=\"image\/jpeg\" \/>\n<meta name=\"author\" content=\"Reda\u00e7\u00e3o Suno Not\u00edcias\" \/>\n<meta name=\"twitter:card\" content=\"summary_large_image\" \/>\n<meta name=\"twitter:creator\" content=\"@https:\/\/twitter.com\/sunoresearch\" \/>\n<meta name=\"twitter:site\" content=\"@sunoresearch\" \/>\n<meta name=\"twitter:label1\" content=\"Escrito por\" \/>\n\t<meta name=\"twitter:data1\" content=\"Reda\u00e7\u00e3o Suno Not\u00edcias\" \/>\n\t<meta name=\"twitter:label2\" content=\"Est. tempo de leitura\" \/>\n\t<meta name=\"twitter:data2\" content=\"7 minutos\" \/>\n<script type=\"application\/ld+json\" class=\"yoast-schema-graph\">{\"@context\":\"https:\/\/schema.org\",\"@graph\":[{\"@type\":\"NewsArticle\",\"@id\":\"https:\/\/www.suno.com.br\/noticias\/aco-industria-gerdau-ggbr4-demissoes\/#article\",\"isPartOf\":{\"@id\":\"https:\/\/www.suno.com.br\/noticias\/aco-industria-gerdau-ggbr4-demissoes\/\"},\"author\":{\"name\":\"Reda\u00e7\u00e3o Suno Not\u00edcias\",\"@id\":\"https:\/\/www.suno.com.br\/noticias\/#\/schema\/person\/c1b1bd3727fa852bd045e9dbff3673ea\"},\"headline\":\"Presidente da Gerdau (GGBR4) diz que est\u00e1 perto de anunciar demiss\u00f5es e aponta o principal problema na ind\u00fastria do a\u00e7o\",\"datePublished\":\"2023-09-28T02:08:42+00:00\",\"dateModified\":\"2023-09-28T03:19:03+00:00\",\"mainEntityOfPage\":{\"@id\":\"https:\/\/www.suno.com.br\/noticias\/aco-industria-gerdau-ggbr4-demissoes\/\"},\"wordCount\":1339,\"publisher\":{\"@id\":\"https:\/\/www.suno.com.br\/noticias\/#organization\"},\"image\":{\"@id\":\"https:\/\/www.suno.com.br\/noticias\/aco-industria-gerdau-ggbr4-demissoes\/#primaryimage\"},\"thumbnailUrl\":\"https:\/\/files.sunoresearch.com.br\/n\/uploads\/2022\/07\/gerdau-fabrica.jpg\",\"keywords\":[\"a\u00e7o\",\"Gerdau (GGBR3\/GGBR4)\"],\"articleSection\":[\"Neg\u00f3cios\"],\"inLanguage\":\"pt-BR\"},{\"@type\":\"WebPage\",\"@id\":\"https:\/\/www.suno.com.br\/noticias\/aco-industria-gerdau-ggbr4-demissoes\/\",\"url\":\"https:\/\/www.suno.com.br\/noticias\/aco-industria-gerdau-ggbr4-demissoes\/\",\"name\":\"Ind\u00fastria do a\u00e7o: Gerdau (GGBR4) pode anunciar demiss\u00f5es\",\"isPartOf\":{\"@id\":\"https:\/\/www.suno.com.br\/noticias\/#website\"},\"primaryImageOfPage\":{\"@id\":\"https:\/\/www.suno.com.br\/noticias\/aco-industria-gerdau-ggbr4-demissoes\/#primaryimage\"},\"image\":{\"@id\":\"https:\/\/www.suno.com.br\/noticias\/aco-industria-gerdau-ggbr4-demissoes\/#primaryimage\"},\"thumbnailUrl\":\"https:\/\/files.sunoresearch.com.br\/n\/uploads\/2022\/07\/gerdau-fabrica.jpg\",\"datePublished\":\"2023-09-28T02:08:42+00:00\",\"dateModified\":\"2023-09-28T03:19:03+00:00\",\"description\":\"O presidente da Gerdau, Gustavo Werneck, afirmou que a companhia pode promover demiss\u00f5es com o cen\u00e1rio que a ind\u00fastria do a\u00e7o vive no Pa\u00eds.\",\"breadcrumb\":{\"@id\":\"https:\/\/www.suno.com.br\/noticias\/aco-industria-gerdau-ggbr4-demissoes\/#breadcrumb\"},\"inLanguage\":\"pt-BR\",\"potentialAction\":[{\"@type\":\"ReadAction\",\"target\":[\"https:\/\/www.suno.com.br\/noticias\/aco-industria-gerdau-ggbr4-demissoes\/\"]}]},{\"@type\":\"ImageObject\",\"inLanguage\":\"pt-BR\",\"@id\":\"https:\/\/www.suno.com.br\/noticias\/aco-industria-gerdau-ggbr4-demissoes\/#primaryimage\",\"url\":\"https:\/\/files.sunoresearch.com.br\/n\/uploads\/2022\/07\/gerdau-fabrica.jpg\",\"contentUrl\":\"https:\/\/files.sunoresearch.com.br\/n\/uploads\/2022\/07\/gerdau-fabrica.jpg\",\"width\":1250,\"height\":833,\"caption\":\"Foto: Divulga\u00e7\u00e3o\"},{\"@type\":\"BreadcrumbList\",\"@id\":\"https:\/\/www.suno.com.br\/noticias\/aco-industria-gerdau-ggbr4-demissoes\/#breadcrumb\",\"itemListElement\":[{\"@type\":\"ListItem\",\"position\":1,\"name\":\"Not\u00edcias\",\"item\":\"https:\/\/www.suno.com.br\/noticias\/\"},{\"@type\":\"ListItem\",\"position\":2,\"name\":\"Neg\u00f3cios\",\"item\":\"https:\/\/www.suno.com.br\/noticias\/negocios\/\"},{\"@type\":\"ListItem\",\"position\":3,\"name\":\"Presidente da Gerdau (GGBR4) diz que est\u00e1 perto de anunciar demiss\u00f5es e aponta o principal problema na ind\u00fastria do a\u00e7o\"}]},{\"@type\":\"WebSite\",\"@id\":\"https:\/\/www.suno.com.br\/noticias\/#website\",\"url\":\"https:\/\/www.suno.com.br\/noticias\/\",\"name\":\"Suno Not\u00edcias\",\"description\":\"Seu portal de informa\u00e7\u00e3o sobre o mundo dos investimentos\",\"publisher\":{\"@id\":\"https:\/\/www.suno.com.br\/noticias\/#organization\"},\"potentialAction\":[{\"@type\":\"SearchAction\",\"target\":{\"@type\":\"EntryPoint\",\"urlTemplate\":\"https:\/\/www.suno.com.br\/noticias\/?s={search_term_string}\"},\"query-input\":{\"@type\":\"PropertyValueSpecification\",\"valueRequired\":true,\"valueName\":\"search_term_string\"}}],\"inLanguage\":\"pt-BR\"},{\"@type\":\"Organization\",\"@id\":\"https:\/\/www.suno.com.br\/noticias\/#organization\",\"name\":\"Suno Not\u00edcias\",\"url\":\"https:\/\/www.suno.com.br\/noticias\/\",\"logo\":{\"@type\":\"ImageObject\",\"inLanguage\":\"pt-BR\",\"@id\":\"https:\/\/www.suno.com.br\/noticias\/#\/schema\/logo\/image\/\",\"url\":\"https:\/\/files.sunoresearch.com.br\/n\/uploads\/2021\/09\/suno-logo.png\",\"contentUrl\":\"https:\/\/files.sunoresearch.com.br\/n\/uploads\/2021\/09\/suno-logo.png\",\"width\":180,\"height\":180,\"caption\":\"Suno Not\u00edcias\"},\"image\":{\"@id\":\"https:\/\/www.suno.com.br\/noticias\/#\/schema\/logo\/image\/\"},\"sameAs\":[\"https:\/\/facebook.com\/sunoresearch\",\"https:\/\/x.com\/sunoresearch\",\"https:\/\/www.instagram.com\/suno\",\"https:\/\/www.linkedin.com\/company\/suno-research\/\",\"https:\/\/www.youtube.com\/c\/sunoresearch\"]},{\"@type\":\"Person\",\"@id\":\"https:\/\/www.suno.com.br\/noticias\/#\/schema\/person\/c1b1bd3727fa852bd045e9dbff3673ea\",\"name\":\"Reda\u00e7\u00e3o Suno Not\u00edcias\",\"image\":{\"@type\":\"ImageObject\",\"inLanguage\":\"pt-BR\",\"@id\":\"https:\/\/www.suno.com.br\/noticias\/#\/schema\/person\/image\/\",\"url\":\"https:\/\/secure.gravatar.com\/avatar\/b8104b9b5a71985d5238ee59fbe418af?s=96&r=g\",\"contentUrl\":\"https:\/\/secure.gravatar.com\/avatar\/b8104b9b5a71985d5238ee59fbe418af?s=96&r=g\",\"caption\":\"Reda\u00e7\u00e3o Suno Not\u00edcias\"},\"description\":\"O Suno Not\u00edcias \u00e9 um portal de informa\u00e7\u00f5es sobre Mercado Financeiro, Pol\u00edtica, Neg\u00f3cios, Economia e Finan\u00e7as Pessoais.\",\"sameAs\":[\"https:\/\/www.suno.com.br\/noticias\",\"https:\/\/www.facebook.com\/sunonoticias\/\",\"https:\/\/www.instagram.com\/sunonoticias\/\",\"https:\/\/x.com\/https:\/\/twitter.com\/sunoresearch\",\"https:\/\/www.youtube.com\/sunonoticias\"],\"url\":\"https:\/\/www.suno.com.br\/noticias\/author\/redacao-suno\/\"}]}<\/script>\n<!-- \/ Yoast SEO plugin. -->","yoast_head_json":{"title":"Ind\u00fastria do a\u00e7o: Gerdau (GGBR4) pode anunciar demiss\u00f5es","description":"O presidente da Gerdau, Gustavo Werneck, afirmou que a companhia pode promover demiss\u00f5es com o cen\u00e1rio que a ind\u00fastria do a\u00e7o vive no Pa\u00eds.","robots":{"index":"index","follow":"follow","max-snippet":"max-snippet:-1","max-image-preview":"max-image-preview:large","max-video-preview":"max-video-preview:-1"},"canonical":"https:\/\/www.suno.com.br\/noticias\/aco-industria-gerdau-ggbr4-demissoes\/","og_locale":"pt_BR","og_type":"article","og_title":"Ind\u00fastria do a\u00e7o: Gerdau (GGBR4) pode anunciar demiss\u00f5es","og_description":"O presidente da Gerdau, Gustavo Werneck, afirmou que a companhia pode promover demiss\u00f5es com o cen\u00e1rio que a ind\u00fastria do a\u00e7o vive no Pa\u00eds.","og_url":"https:\/\/www.suno.com.br\/noticias\/aco-industria-gerdau-ggbr4-demissoes\/","og_site_name":"Suno Not\u00edcias","article_publisher":"https:\/\/facebook.com\/sunoresearch","article_author":"https:\/\/www.facebook.com\/sunonoticias\/","og_image":[{"width":1250,"height":833,"url":"https:\/\/files.sunoresearch.com.br\/n\/uploads\/2022\/07\/gerdau-fabrica.jpg","type":"image\/jpeg"}],"author":"Reda\u00e7\u00e3o Suno Not\u00edcias","twitter_card":"summary_large_image","twitter_creator":"@https:\/\/twitter.com\/sunoresearch","twitter_site":"@sunoresearch","twitter_misc":{"Escrito por":"Reda\u00e7\u00e3o Suno Not\u00edcias","Est. tempo de leitura":"7 minutos"},"schema":{"@context":"https:\/\/schema.org","@graph":[{"@type":"NewsArticle","@id":"https:\/\/www.suno.com.br\/noticias\/aco-industria-gerdau-ggbr4-demissoes\/#article","isPartOf":{"@id":"https:\/\/www.suno.com.br\/noticias\/aco-industria-gerdau-ggbr4-demissoes\/"},"author":{"name":"Reda\u00e7\u00e3o Suno Not\u00edcias","@id":"https:\/\/www.suno.com.br\/noticias\/#\/schema\/person\/c1b1bd3727fa852bd045e9dbff3673ea"},"headline":"Presidente da Gerdau (GGBR4) diz que est\u00e1 perto de anunciar demiss\u00f5es e aponta o principal problema na ind\u00fastria do a\u00e7o","datePublished":"2023-09-28T02:08:42+00:00","dateModified":"2023-09-28T03:19:03+00:00","mainEntityOfPage":{"@id":"https:\/\/www.suno.com.br\/noticias\/aco-industria-gerdau-ggbr4-demissoes\/"},"wordCount":1339,"publisher":{"@id":"https:\/\/www.suno.com.br\/noticias\/#organization"},"image":{"@id":"https:\/\/www.suno.com.br\/noticias\/aco-industria-gerdau-ggbr4-demissoes\/#primaryimage"},"thumbnailUrl":"https:\/\/files.sunoresearch.com.br\/n\/uploads\/2022\/07\/gerdau-fabrica.jpg","keywords":["a\u00e7o","Gerdau (GGBR3\/GGBR4)"],"articleSection":["Neg\u00f3cios"],"inLanguage":"pt-BR"},{"@type":"WebPage","@id":"https:\/\/www.suno.com.br\/noticias\/aco-industria-gerdau-ggbr4-demissoes\/","url":"https:\/\/www.suno.com.br\/noticias\/aco-industria-gerdau-ggbr4-demissoes\/","name":"Ind\u00fastria do a\u00e7o: Gerdau (GGBR4) pode anunciar demiss\u00f5es","isPartOf":{"@id":"https:\/\/www.suno.com.br\/noticias\/#website"},"primaryImageOfPage":{"@id":"https:\/\/www.suno.com.br\/noticias\/aco-industria-gerdau-ggbr4-demissoes\/#primaryimage"},"image":{"@id":"https:\/\/www.suno.com.br\/noticias\/aco-industria-gerdau-ggbr4-demissoes\/#primaryimage"},"thumbnailUrl":"https:\/\/files.sunoresearch.com.br\/n\/uploads\/2022\/07\/gerdau-fabrica.jpg","datePublished":"2023-09-28T02:08:42+00:00","dateModified":"2023-09-28T03:19:03+00:00","description":"O presidente da Gerdau, Gustavo Werneck, afirmou que a companhia pode promover demiss\u00f5es com o cen\u00e1rio que a ind\u00fastria do a\u00e7o vive no Pa\u00eds.","breadcrumb":{"@id":"https:\/\/www.suno.com.br\/noticias\/aco-industria-gerdau-ggbr4-demissoes\/#breadcrumb"},"inLanguage":"pt-BR","potentialAction":[{"@type":"ReadAction","target":["https:\/\/www.suno.com.br\/noticias\/aco-industria-gerdau-ggbr4-demissoes\/"]}]},{"@type":"ImageObject","inLanguage":"pt-BR","@id":"https:\/\/www.suno.com.br\/noticias\/aco-industria-gerdau-ggbr4-demissoes\/#primaryimage","url":"https:\/\/files.sunoresearch.com.br\/n\/uploads\/2022\/07\/gerdau-fabrica.jpg","contentUrl":"https:\/\/files.sunoresearch.com.br\/n\/uploads\/2022\/07\/gerdau-fabrica.jpg","width":1250,"height":833,"caption":"Foto: Divulga\u00e7\u00e3o"},{"@type":"BreadcrumbList","@id":"https:\/\/www.suno.com.br\/noticias\/aco-industria-gerdau-ggbr4-demissoes\/#breadcrumb","itemListElement":[{"@type":"ListItem","position":1,"name":"Not\u00edcias","item":"https:\/\/www.suno.com.br\/noticias\/"},{"@type":"ListItem","position":2,"name":"Neg\u00f3cios","item":"https:\/\/www.suno.com.br\/noticias\/negocios\/"},{"@type":"ListItem","position":3,"name":"Presidente da Gerdau (GGBR4) diz que est\u00e1 perto de anunciar demiss\u00f5es e aponta o principal problema na ind\u00fastria do a\u00e7o"}]},{"@type":"WebSite","@id":"https:\/\/www.suno.com.br\/noticias\/#website","url":"https:\/\/www.suno.com.br\/noticias\/","name":"Suno Not\u00edcias","description":"Seu portal de informa\u00e7\u00e3o sobre o mundo dos investimentos","publisher":{"@id":"https:\/\/www.suno.com.br\/noticias\/#organization"},"potentialAction":[{"@type":"SearchAction","target":{"@type":"EntryPoint","urlTemplate":"https:\/\/www.suno.com.br\/noticias\/?s={search_term_string}"},"query-input":{"@type":"PropertyValueSpecification","valueRequired":true,"valueName":"search_term_string"}}],"inLanguage":"pt-BR"},{"@type":"Organization","@id":"https:\/\/www.suno.com.br\/noticias\/#organization","name":"Suno Not\u00edcias","url":"https:\/\/www.suno.com.br\/noticias\/","logo":{"@type":"ImageObject","inLanguage":"pt-BR","@id":"https:\/\/www.suno.com.br\/noticias\/#\/schema\/logo\/image\/","url":"https:\/\/files.sunoresearch.com.br\/n\/uploads\/2021\/09\/suno-logo.png","contentUrl":"https:\/\/files.sunoresearch.com.br\/n\/uploads\/2021\/09\/suno-logo.png","width":180,"height":180,"caption":"Suno Not\u00edcias"},"image":{"@id":"https:\/\/www.suno.com.br\/noticias\/#\/schema\/logo\/image\/"},"sameAs":["https:\/\/facebook.com\/sunoresearch","https:\/\/x.com\/sunoresearch","https:\/\/www.instagram.com\/suno","https:\/\/www.linkedin.com\/company\/suno-research\/","https:\/\/www.youtube.com\/c\/sunoresearch"]},{"@type":"Person","@id":"https:\/\/www.suno.com.br\/noticias\/#\/schema\/person\/c1b1bd3727fa852bd045e9dbff3673ea","name":"Reda\u00e7\u00e3o Suno Not\u00edcias","image":{"@type":"ImageObject","inLanguage":"pt-BR","@id":"https:\/\/www.suno.com.br\/noticias\/#\/schema\/person\/image\/","url":"https:\/\/secure.gravatar.com\/avatar\/b8104b9b5a71985d5238ee59fbe418af?s=96&r=g","contentUrl":"https:\/\/secure.gravatar.com\/avatar\/b8104b9b5a71985d5238ee59fbe418af?s=96&r=g","caption":"Reda\u00e7\u00e3o Suno Not\u00edcias"},"description":"O Suno Not\u00edcias \u00e9 um portal de informa\u00e7\u00f5es sobre Mercado Financeiro, Pol\u00edtica, Neg\u00f3cios, Economia e Finan\u00e7as Pessoais.","sameAs":["https:\/\/www.suno.com.br\/noticias","https:\/\/www.facebook.com\/sunonoticias\/","https:\/\/www.instagram.com\/sunonoticias\/","https:\/\/x.com\/https:\/\/twitter.com\/sunoresearch","https:\/\/www.youtube.com\/sunonoticias"],"url":"https:\/\/www.suno.com.br\/noticias\/author\/redacao-suno\/"}]}},"default_loop_html":"<div class=\"cardsPage__listCard__boxs\"><div class=\"cardsPage__listCard__boxs__img\"><a href=\"https:\/\/www.suno.com.br\/noticias\/aco-industria-gerdau-ggbr4-demissoes\/\"><img class=\"mask\" src=\"https:\/\/www.suno.com.br\/noticias\/wp-content\/themes\/suno\/resources\/images\/spotlight\/spotlight1img\/bg-mask.png\" alt=\"Image Mask\"\/><img src=\"https:\/\/files.sunoresearch.com.br\/n\/uploads\/2022\/07\/gerdau-fabrica-400x200.jpg\" alt=\"Presidente da Gerdau (GGBR4) diz que est\u00e1 perto de anunciar demiss\u00f5es e aponta o principal problema na ind\u00fastria do a\u00e7o\"\/><\/a><span class=\"spotlightCategory\"><a href=\"https:\/\/www.suno.com.br\/noticias\/negocios\/\">Neg\u00f3cios<\/a><\/span><\/div><div class=\"cardsPage__listCard__boxs__content\"><a href=\"https:\/\/www.suno.com.br\/noticias\/aco-industria-gerdau-ggbr4-demissoes\/\"><h2 class=\"content__title\">Presidente da Gerdau (GGBR4) diz que est\u00e1 perto de anunciar demiss\u00f5es e aponta o principal problema na ind\u00fastria do a\u00e7o<\/h2><\/a><div class=\"newsContent__article__meta\"><div class=\"newsContent__article__meta__authorBox\"><a href=\"https:\/\/www.suno.com.br\/noticias\/author\/redacao-suno\/\" class=\"authorBox__avatar noMobi\"><img src=\"https:\/\/files.sunoresearch.com.br\/n\/uploads\/2020\/08\/0ace682d-redacao-1-150x150.webp\" alt=\"Reda\u00e7\u00e3o Suno Not\u00edcias\"><\/a><div class=\"authorBox__name\"><span>por\n\t\t\t<a href=\"https:\/\/www.suno.com.br\/noticias\/author\/redacao-suno\/\"><span itemprop=\"author\">Reda\u00e7\u00e3o Suno Not\u00edcias<\/span><\/a><\/span><time datetime=\"2023-09-27T23:08:42-03:00\" itemprop=\"datePublished\">27\/09\/2023 23:08<\/time><\/div><\/div><\/div><\/div><\/div>","single_layout":"posts","amp_enabled":true,"_links":{"self":[{"href":"https:\/\/www.suno.com.br\/noticias\/wp-json\/wp\/v2\/posts\/463045"}],"collection":[{"href":"https:\/\/www.suno.com.br\/noticias\/wp-json\/wp\/v2\/posts"}],"about":[{"href":"https:\/\/www.suno.com.br\/noticias\/wp-json\/wp\/v2\/types\/post"}],"author":[{"embeddable":true,"href":"https:\/\/www.suno.com.br\/noticias\/wp-json\/wp\/v2\/users\/43"}],"replies":[{"embeddable":true,"href":"https:\/\/www.suno.com.br\/noticias\/wp-json\/wp\/v2\/comments?post=463045"}],"version-history":[{"count":3,"href":"https:\/\/www.suno.com.br\/noticias\/wp-json\/wp\/v2\/posts\/463045\/revisions"}],"predecessor-version":[{"id":463107,"href":"https:\/\/www.suno.com.br\/noticias\/wp-json\/wp\/v2\/posts\/463045\/revisions\/463107"}],"wp:featuredmedia":[{"embeddable":true,"href":"https:\/\/www.suno.com.br\/noticias\/wp-json\/wp\/v2\/media\/278167"}],"wp:attachment":[{"href":"https:\/\/www.suno.com.br\/noticias\/wp-json\/wp\/v2\/media?parent=463045"}],"wp:term":[{"taxonomy":"category","embeddable":true,"href":"https:\/\/www.suno.com.br\/noticias\/wp-json\/wp\/v2\/categories?post=463045"},{"taxonomy":"post_tag","embeddable":true,"href":"https:\/\/www.suno.com.br\/noticias\/wp-json\/wp\/v2\/tags?post=463045"},{"taxonomy":"suno_strategy","embeddable":true,"href":"https:\/\/www.suno.com.br\/noticias\/wp-json\/wp\/v2\/suno_strategy?post=463045"}],"curies":[{"name":"wp","href":"https:\/\/api.w.org\/{rel}","templated":true}]}}