{"id":462995,"date":"2023-09-27T20:31:35","date_gmt":"2023-09-27T23:31:35","guid":{"rendered":"https:\/\/www.suno.com.br\/noticias\/?p=462995"},"modified":"2023-09-27T23:19:13","modified_gmt":"2023-09-28T02:19:13","slug":"ministro-petrobras-petr4-recomprar-refinarias-privatizadas-evm","status":"publish","type":"post","link":"https:\/\/www.suno.com.br\/noticias\/ministro-petrobras-petr4-recomprar-refinarias-privatizadas-evm\/","title":{"rendered":"Ministro quer que Petrobras (PETR4) recompre refinarias privatizadas"},"content":{"rendered":"<p>O ministro de Minas e Energia, Alexandre Silveira, defendeu nesta quarta-feira (27) que a <a class=\"suno-keyword\" data-force=\"yes\" data-priority=\"2\" href=\"https:\/\/www.suno.com.br\/acoes\/PETR4\/\" target=\"_blank\" rel=\"noopener\"><strong>Petrobras<\/strong> (PETR4)<\/a> negocie a recompra de refinarias que foram privatizadas. Ele disse que isso deveria ser feito &#8220;dentro das regras de mercado&#8221;.<\/p>\t<div class=\"wrapper-featured-image\">\n\t\t<figure class=\"spotlightImg\">\n\n\t\t\t<picture>\n\t\t\t\t<source media=\"(max-width: 768px)\" srcset=\"https:\/\/files.sunoresearch.com.br\/n\/uploads\/2023\/09\/alexandre-silveira-mme-400x200.jpg\">\n\t\t\t\t<img loading=\"lazy\" decoding=\"async\" class=\"newsContent__article__imgCapa lazyloadDisabled \" src=\"https:\/\/files.sunoresearch.com.br\/n\/uploads\/2023\/09\/alexandre-silveira-mme-800x450.jpg\" width=\"800\" height=\"450\" alt=\"Ministro quer que Petrobras (PETR4) recompre refinarias privatizadas\" fetchpriority=high \/>\n\t\t\t<\/picture>\n\n\t\t\t<figcaption class=\"wp-caption-text wp-caption-text--show\">Alexandre Silveira, Ministro de Minas e Energia, fala sobre a Petrobras (PETR4)- Foto: Ag\u00eancia Senado<\/figcaption>\n\t\t<\/figure>\n\t<\/div>\n\n\n\n\n\n\t<p>\n\t\t<a href=\"\" target=\"_blank\" data-element=\"shortcode-suno-banner\" title=\"Banner SUNO, clique e saiba mais\">\n\t\t\t<picture>\n\t\t\t\t<source media=\"(max-width: 500px)\" srcset=\"\">\n\t\t\t\t<img class=\"newsContent__article__imgCapa newsContent__article__imgCapa--banner\"\n\t\t\t\t\tsrc=\"\"\n\t\t\t\t\tdata-promo-id=\"254218\"\t\t\t\t\t\t\t\t\t\t\t\t\t\t\talt=\"\"\n\t\t\t\t>\n\t\t\t<\/picture>\n\t\t<\/a>\n\t<\/p>\n\n\n\n\n\n\n\n<p>&#8220;A Petrobras deve negociar com as refinarias que foram privatizadas, dentro das regras de mercado, porque n\u00f3s teremos de respeitar a seguran\u00e7a jur\u00eddica, a estabilidade regulat\u00f3ria, ela possa readquirir essas refinarias&#8221;, disse o ministro.<\/p>\n\n\n\n<p>Silveira deu a declara\u00e7\u00e3o em entrevista a jornalistas no Pal\u00e1cio do Planalto depois de cerim\u00f4nia de assinatura de contratos de transmiss\u00e3o de energia el\u00e9trica.<\/p>\n\n\n\n<h2 class=\"wp-block-heading\">Petrobras quer dinheiro de bancos chineses para financiar fornecedores<\/h2>\n\n\n\n<p>A <strong>estatal<\/strong> pediu para bancos chineses capital para financiar o avan\u00e7o da sua explora\u00e7\u00e3o de petr\u00f3leo em \u00e1guas profundas. As informa\u00e7\u00f5es s\u00e3o da ag\u00eancia Bloomberg.<\/p>\n\n\n\n<p>A Petrobras estaria atr\u00e1s de capital principalmente para financiar sua cadeia de fornecedores de equipamentos e servi\u00e7os.<\/p>\n\n\n\t<p>\n\t\t<a href=\"https:\/\/lp.suno.com.br\/ebook-como-analisar-uma-acao\/\" target=\"_blank\" data-element=\"shortcode-suno-banner\" title=\"Banner SUNO, clique e saiba mais\">\n\t\t\t<picture>\n\t\t\t\t<source media=\"(max-width: 500px)\" srcset=\"https:\/\/files.sunoresearch.com.br\/n\/uploads\/2023\/03\/Ebook-Acoes-Mobile.jpg\">\n\t\t\t\t<img class=\"newsContent__article__imgCapa newsContent__article__imgCapa--banner\"\n\t\t\t\t\tsrc=\"https:\/\/files.sunoresearch.com.br\/n\/uploads\/2023\/03\/Ebook-Acoes-Desktop.jpg\"\n\t\t\t\t\tdata-promo-id=\"378302\"\t\t\t\t\t\t\t\t\t\twidth='1420' height='286'\t\t\t\t\talt=\"https:\/\/files.sunoresearch.com.br\/n\/uploads\/2023\/03\/Ebook-Acoes-Desktop.jpg\"\n\t\t\t\t>\n\t\t\t<\/picture>\n\t\t<\/a>\n\t<\/p>\n\n\n\n\n\n<p>Com isso, a <strong>petroleira<\/strong> quer que haja capital suficiente e acess\u00edvel para projetos de petr\u00f3leo em \u00e1guas profundas.<\/p>\n\n\n\n<p>\u201cA Petrobras tem crescido em um ritmo acelerado e quer garantir que seus fornecedores possam acompanhar esse crescimento\u201d, disse o diretor executivo financeiro da Petrobras, Sergio Caetano Leite.<\/p>\n\n\n\n<p>O executivo ainda destacou que a companhia pode tamb\u00e9m levantar recursos para viabilizar seus projetos de energia renov\u00e1vel.<\/p>\n\n\n\n<p>Atualmente h\u00e1 um facilitador para que a companhia levante dinheiro na segunda maior economia do mundo &#8211; o fato de que suas plataformas flutuantes geralmente s\u00e3o montadas em estaleiros chineses.<\/p>\n\n\n\n<p>Isso torna mais f\u00e1cil que as construtoras das chamadas FPSOs obterem empr\u00e9stimos, captando US$ 3,5 bilh\u00f5es cada.<\/p>\n\n\n\n<h2 class=\"wp-block-heading\">Desempenho de PETR4<\/h2>\n\n\n\n<p>As <strong><a href=\"https:\/\/statusinvest.com.br\/acoes\/petr4\" target=\"_blank\" rel=\"noreferrer noopener\">a\u00e7\u00f5es da Petrobras<\/a><\/strong> subiram 3,1% no intradia desta quarta-feira (27), a R$ 34,52. Com isso, os pap\u00e9is <strong>PETR4<\/strong> acumulam alta de 6,7% nos \u00faltimos 30 dias.<\/p>\n\n\n\n<p>Em uma janela mais longa, desde o in\u00edcio de 2023, a <strong>Petrobras<\/strong> mostra alta de 50%.<\/p>\n\n\n\n<p>Com Estad\u00e3o Conte\u00fado<\/p>\n\n\n\t<p>\n\t\t<a href=\"https:\/\/lp.suno.com.br\/plataforma-de-controle-de-investimentos\/\" target=\"_blank\" data-element=\"shortcode-suno-banner\" title=\"Banner SUNO, clique e saiba mais\">\n\t\t\t<picture>\n\t\t\t\t<source media=\"(max-width: 500px)\" srcset=\"https:\/\/files.sunoresearch.com.br\/n\/uploads\/2023\/03\/400x300-Controle-de-Investimentos.png\">\n\t\t\t\t<img class=\"newsContent__article__imgCapa newsContent__article__imgCapa--banner\"\n\t\t\t\t\tsrc=\"https:\/\/files.sunoresearch.com.br\/n\/uploads\/2023\/03\/1420x240-Controle-de-Investimentos.png\"\n\t\t\t\t\tdata-promo-id=\"383162\"\t\t\t\t\t\t\t\t\t\twidth='1420' height='240'\t\t\t\t\talt=\"https:\/\/files.sunoresearch.com.br\/n\/uploads\/2023\/03\/1420x240-Controle-de-Investimentos.png\"\n\t\t\t\t>\n\t\t\t<\/picture>\n\t\t<\/a>\n\t<\/p>\n\n\n","protected":false},"excerpt":{"rendered":"<p>O ministro de Minas e Energia, Alexandre Silveira, defendeu nesta quarta-feira (27) que a Petrobras (PETR4) negocie a recompra de refinarias que foram privatizadas. Ele disse que isso deveria ser feito &#8220;dentro das regras de mercado&#8221;. Alexandre Silveira, Ministro de Minas e Energia, fala sobre a Petrobras (PETR4)- Foto: Ag\u00eancia Senado &#8220;A Petrobras deve negociar [&hellip;]<\/p>\n","protected":false},"author":73,"featured_media":463008,"comment_status":"closed","ping_status":"closed","sticky":false,"template":"","format":"standard","meta":[],"categories":[61],"tags":[106444,595],"suno_strategy":[],"class_list":["post-462995","post","type-post","status-publish","format-standard","has-post-thumbnail","hentry","category-politica","tag-agencias","tag-petrobras-petr4"],"yoast_head":"<!-- This site is optimized with the Yoast SEO plugin v24.4 - https:\/\/yoast.com\/wordpress\/plugins\/seo\/ -->\n<title>Ministro quer que Petrobras (PETR4) recompre refinarias privatizadas<\/title>\n<meta name=\"description\" content=\"Silveira deu a declara\u00e7\u00e3o sobre a Petrobras em entrevista a jornalistas no Planalto depois de cerim\u00f4nia de assinatura de contratos\" \/>\n<meta name=\"robots\" content=\"index, follow, max-snippet:-1, max-image-preview:large, max-video-preview:-1\" \/>\n<link rel=\"canonical\" href=\"https:\/\/www.suno.com.br\/noticias\/ministro-petrobras-petr4-recomprar-refinarias-privatizadas-evm\/\" \/>\n<meta property=\"og:locale\" content=\"pt_BR\" \/>\n<meta property=\"og:type\" content=\"article\" \/>\n<meta property=\"og:title\" content=\"Ministro quer que Petrobras (PETR4) recompre refinarias privatizadas\" \/>\n<meta property=\"og:description\" content=\"Silveira deu a declara\u00e7\u00e3o sobre a Petrobras em entrevista a jornalistas no Planalto depois de cerim\u00f4nia de assinatura de contratos\" \/>\n<meta property=\"og:url\" content=\"https:\/\/www.suno.com.br\/noticias\/ministro-petrobras-petr4-recomprar-refinarias-privatizadas-evm\/\" \/>\n<meta property=\"og:site_name\" content=\"Suno Not\u00edcias\" \/>\n<meta property=\"article:publisher\" content=\"https:\/\/facebook.com\/sunoresearch\" \/>\n<meta property=\"og:image\" content=\"https:\/\/files.sunoresearch.com.br\/n\/uploads\/2023\/09\/alexandre-silveira-mme.jpg\" \/>\n\t<meta property=\"og:image:width\" content=\"2047\" \/>\n\t<meta property=\"og:image:height\" content=\"1365\" \/>\n\t<meta property=\"og:image:type\" content=\"image\/jpeg\" \/>\n<meta name=\"author\" content=\"Eduardo Vargas\" \/>\n<meta name=\"twitter:card\" content=\"summary_large_image\" \/>\n<meta name=\"twitter:creator\" content=\"@sunoresearch\" \/>\n<meta name=\"twitter:site\" content=\"@sunoresearch\" \/>\n<meta name=\"twitter:label1\" content=\"Escrito por\" \/>\n\t<meta name=\"twitter:data1\" content=\"Eduardo Vargas\" \/>\n\t<meta name=\"twitter:label2\" content=\"Est. tempo de leitura\" \/>\n\t<meta name=\"twitter:data2\" content=\"2 minutos\" \/>\n<script type=\"application\/ld+json\" class=\"yoast-schema-graph\">{\"@context\":\"https:\/\/schema.org\",\"@graph\":[{\"@type\":\"NewsArticle\",\"@id\":\"https:\/\/www.suno.com.br\/noticias\/ministro-petrobras-petr4-recomprar-refinarias-privatizadas-evm\/#article\",\"isPartOf\":{\"@id\":\"https:\/\/www.suno.com.br\/noticias\/ministro-petrobras-petr4-recomprar-refinarias-privatizadas-evm\/\"},\"author\":{\"name\":\"Eduardo Vargas\",\"@id\":\"https:\/\/www.suno.com.br\/noticias\/#\/schema\/person\/7f4d362bf3518e76090143ae77bb49a5\"},\"headline\":\"Ministro quer que Petrobras (PETR4) recompre refinarias privatizadas\",\"datePublished\":\"2023-09-27T23:31:35+00:00\",\"dateModified\":\"2023-09-28T02:19:13+00:00\",\"mainEntityOfPage\":{\"@id\":\"https:\/\/www.suno.com.br\/noticias\/ministro-petrobras-petr4-recomprar-refinarias-privatizadas-evm\/\"},\"wordCount\":343,\"publisher\":{\"@id\":\"https:\/\/www.suno.com.br\/noticias\/#organization\"},\"image\":{\"@id\":\"https:\/\/www.suno.com.br\/noticias\/ministro-petrobras-petr4-recomprar-refinarias-privatizadas-evm\/#primaryimage\"},\"thumbnailUrl\":\"https:\/\/files.sunoresearch.com.br\/n\/uploads\/2023\/09\/alexandre-silveira-mme.jpg\",\"keywords\":[\"Ag\u00eancias\",\"Petrobras (PETR4)\"],\"articleSection\":[\"Pol\u00edtica\"],\"inLanguage\":\"pt-BR\"},{\"@type\":\"WebPage\",\"@id\":\"https:\/\/www.suno.com.br\/noticias\/ministro-petrobras-petr4-recomprar-refinarias-privatizadas-evm\/\",\"url\":\"https:\/\/www.suno.com.br\/noticias\/ministro-petrobras-petr4-recomprar-refinarias-privatizadas-evm\/\",\"name\":\"Ministro quer que Petrobras (PETR4) recompre refinarias privatizadas\",\"isPartOf\":{\"@id\":\"https:\/\/www.suno.com.br\/noticias\/#website\"},\"primaryImageOfPage\":{\"@id\":\"https:\/\/www.suno.com.br\/noticias\/ministro-petrobras-petr4-recomprar-refinarias-privatizadas-evm\/#primaryimage\"},\"image\":{\"@id\":\"https:\/\/www.suno.com.br\/noticias\/ministro-petrobras-petr4-recomprar-refinarias-privatizadas-evm\/#primaryimage\"},\"thumbnailUrl\":\"https:\/\/files.sunoresearch.com.br\/n\/uploads\/2023\/09\/alexandre-silveira-mme.jpg\",\"datePublished\":\"2023-09-27T23:31:35+00:00\",\"dateModified\":\"2023-09-28T02:19:13+00:00\",\"description\":\"Silveira deu a declara\u00e7\u00e3o sobre a Petrobras em entrevista a jornalistas no Planalto depois de cerim\u00f4nia de assinatura de contratos\",\"breadcrumb\":{\"@id\":\"https:\/\/www.suno.com.br\/noticias\/ministro-petrobras-petr4-recomprar-refinarias-privatizadas-evm\/#breadcrumb\"},\"inLanguage\":\"pt-BR\",\"potentialAction\":[{\"@type\":\"ReadAction\",\"target\":[\"https:\/\/www.suno.com.br\/noticias\/ministro-petrobras-petr4-recomprar-refinarias-privatizadas-evm\/\"]}]},{\"@type\":\"ImageObject\",\"inLanguage\":\"pt-BR\",\"@id\":\"https:\/\/www.suno.com.br\/noticias\/ministro-petrobras-petr4-recomprar-refinarias-privatizadas-evm\/#primaryimage\",\"url\":\"https:\/\/files.sunoresearch.com.br\/n\/uploads\/2023\/09\/alexandre-silveira-mme.jpg\",\"contentUrl\":\"https:\/\/files.sunoresearch.com.br\/n\/uploads\/2023\/09\/alexandre-silveira-mme.jpg\",\"width\":2047,\"height\":1365,\"caption\":\"Alexandre Silveira, Ministro de Minas e Energia, fala sobre a Petrobras (PETR4)- Foto: Ag\u00eancia Senado\"},{\"@type\":\"BreadcrumbList\",\"@id\":\"https:\/\/www.suno.com.br\/noticias\/ministro-petrobras-petr4-recomprar-refinarias-privatizadas-evm\/#breadcrumb\",\"itemListElement\":[{\"@type\":\"ListItem\",\"position\":1,\"name\":\"Not\u00edcias\",\"item\":\"https:\/\/www.suno.com.br\/noticias\/\"},{\"@type\":\"ListItem\",\"position\":2,\"name\":\"Pol\u00edtica\",\"item\":\"https:\/\/www.suno.com.br\/noticias\/politica\/\"},{\"@type\":\"ListItem\",\"position\":3,\"name\":\"Ministro quer que Petrobras (PETR4) recompre refinarias privatizadas\"}]},{\"@type\":\"WebSite\",\"@id\":\"https:\/\/www.suno.com.br\/noticias\/#website\",\"url\":\"https:\/\/www.suno.com.br\/noticias\/\",\"name\":\"Suno Not\u00edcias\",\"description\":\"Seu portal de informa\u00e7\u00e3o sobre o mundo dos investimentos\",\"publisher\":{\"@id\":\"https:\/\/www.suno.com.br\/noticias\/#organization\"},\"potentialAction\":[{\"@type\":\"SearchAction\",\"target\":{\"@type\":\"EntryPoint\",\"urlTemplate\":\"https:\/\/www.suno.com.br\/noticias\/?s={search_term_string}\"},\"query-input\":{\"@type\":\"PropertyValueSpecification\",\"valueRequired\":true,\"valueName\":\"search_term_string\"}}],\"inLanguage\":\"pt-BR\"},{\"@type\":\"Organization\",\"@id\":\"https:\/\/www.suno.com.br\/noticias\/#organization\",\"name\":\"Suno Not\u00edcias\",\"url\":\"https:\/\/www.suno.com.br\/noticias\/\",\"logo\":{\"@type\":\"ImageObject\",\"inLanguage\":\"pt-BR\",\"@id\":\"https:\/\/www.suno.com.br\/noticias\/#\/schema\/logo\/image\/\",\"url\":\"https:\/\/files.sunoresearch.com.br\/n\/uploads\/2021\/09\/suno-logo.png\",\"contentUrl\":\"https:\/\/files.sunoresearch.com.br\/n\/uploads\/2021\/09\/suno-logo.png\",\"width\":180,\"height\":180,\"caption\":\"Suno Not\u00edcias\"},\"image\":{\"@id\":\"https:\/\/www.suno.com.br\/noticias\/#\/schema\/logo\/image\/\"},\"sameAs\":[\"https:\/\/facebook.com\/sunoresearch\",\"https:\/\/x.com\/sunoresearch\",\"https:\/\/www.instagram.com\/suno\",\"https:\/\/www.linkedin.com\/company\/suno-research\/\",\"https:\/\/www.youtube.com\/c\/sunoresearch\"]},{\"@type\":\"Person\",\"@id\":\"https:\/\/www.suno.com.br\/noticias\/#\/schema\/person\/7f4d362bf3518e76090143ae77bb49a5\",\"name\":\"Eduardo Vargas\",\"image\":{\"@type\":\"ImageObject\",\"inLanguage\":\"pt-BR\",\"@id\":\"https:\/\/www.suno.com.br\/noticias\/#\/schema\/person\/image\/\",\"url\":\"https:\/\/secure.gravatar.com\/avatar\/dac340933427a22924c9f99d1eb2e3f2?s=96&r=g\",\"contentUrl\":\"https:\/\/secure.gravatar.com\/avatar\/dac340933427a22924c9f99d1eb2e3f2?s=96&r=g\",\"caption\":\"Eduardo Vargas\"},\"description\":\"Jornalista formado pela UFSC, cobre macroeconomia, neg\u00f3cios e startups para o Suno Not\u00edcias, escrevendo principalmente not\u00edcias sobre o mercado financeiro e a bolsa de valores. No YouTube e no Instagram, \u00e9 respons\u00e1vel pela produ\u00e7\u00e3o de Reels e Shorts do Suno Not\u00edcias. Anteriormente, trabalhou cobrindo economia e cotidiano no ND+ e para o ND, maior jornal impresso de Santa Catarina. Cursou um semestre letivo de Estudos de M\u00eddia na Universidad de Buenos Aires.\",\"url\":\"https:\/\/www.suno.com.br\/noticias\/author\/eduardo-vargas\/\"}]}<\/script>\n<!-- \/ Yoast SEO plugin. -->","yoast_head_json":{"title":"Ministro quer que Petrobras (PETR4) recompre refinarias privatizadas","description":"Silveira deu a declara\u00e7\u00e3o sobre a Petrobras em entrevista a jornalistas no Planalto depois de cerim\u00f4nia de assinatura de contratos","robots":{"index":"index","follow":"follow","max-snippet":"max-snippet:-1","max-image-preview":"max-image-preview:large","max-video-preview":"max-video-preview:-1"},"canonical":"https:\/\/www.suno.com.br\/noticias\/ministro-petrobras-petr4-recomprar-refinarias-privatizadas-evm\/","og_locale":"pt_BR","og_type":"article","og_title":"Ministro quer que Petrobras (PETR4) recompre refinarias privatizadas","og_description":"Silveira deu a declara\u00e7\u00e3o sobre a Petrobras em entrevista a jornalistas no Planalto depois de cerim\u00f4nia de assinatura de contratos","og_url":"https:\/\/www.suno.com.br\/noticias\/ministro-petrobras-petr4-recomprar-refinarias-privatizadas-evm\/","og_site_name":"Suno Not\u00edcias","article_publisher":"https:\/\/facebook.com\/sunoresearch","og_image":[{"width":2047,"height":1365,"url":"https:\/\/files.sunoresearch.com.br\/n\/uploads\/2023\/09\/alexandre-silveira-mme.jpg","type":"image\/jpeg"}],"author":"Eduardo Vargas","twitter_card":"summary_large_image","twitter_creator":"@sunoresearch","twitter_site":"@sunoresearch","twitter_misc":{"Escrito por":"Eduardo Vargas","Est. tempo de leitura":"2 minutos"},"schema":{"@context":"https:\/\/schema.org","@graph":[{"@type":"NewsArticle","@id":"https:\/\/www.suno.com.br\/noticias\/ministro-petrobras-petr4-recomprar-refinarias-privatizadas-evm\/#article","isPartOf":{"@id":"https:\/\/www.suno.com.br\/noticias\/ministro-petrobras-petr4-recomprar-refinarias-privatizadas-evm\/"},"author":{"name":"Eduardo Vargas","@id":"https:\/\/www.suno.com.br\/noticias\/#\/schema\/person\/7f4d362bf3518e76090143ae77bb49a5"},"headline":"Ministro quer que Petrobras (PETR4) recompre refinarias privatizadas","datePublished":"2023-09-27T23:31:35+00:00","dateModified":"2023-09-28T02:19:13+00:00","mainEntityOfPage":{"@id":"https:\/\/www.suno.com.br\/noticias\/ministro-petrobras-petr4-recomprar-refinarias-privatizadas-evm\/"},"wordCount":343,"publisher":{"@id":"https:\/\/www.suno.com.br\/noticias\/#organization"},"image":{"@id":"https:\/\/www.suno.com.br\/noticias\/ministro-petrobras-petr4-recomprar-refinarias-privatizadas-evm\/#primaryimage"},"thumbnailUrl":"https:\/\/files.sunoresearch.com.br\/n\/uploads\/2023\/09\/alexandre-silveira-mme.jpg","keywords":["Ag\u00eancias","Petrobras (PETR4)"],"articleSection":["Pol\u00edtica"],"inLanguage":"pt-BR"},{"@type":"WebPage","@id":"https:\/\/www.suno.com.br\/noticias\/ministro-petrobras-petr4-recomprar-refinarias-privatizadas-evm\/","url":"https:\/\/www.suno.com.br\/noticias\/ministro-petrobras-petr4-recomprar-refinarias-privatizadas-evm\/","name":"Ministro quer que Petrobras (PETR4) recompre refinarias privatizadas","isPartOf":{"@id":"https:\/\/www.suno.com.br\/noticias\/#website"},"primaryImageOfPage":{"@id":"https:\/\/www.suno.com.br\/noticias\/ministro-petrobras-petr4-recomprar-refinarias-privatizadas-evm\/#primaryimage"},"image":{"@id":"https:\/\/www.suno.com.br\/noticias\/ministro-petrobras-petr4-recomprar-refinarias-privatizadas-evm\/#primaryimage"},"thumbnailUrl":"https:\/\/files.sunoresearch.com.br\/n\/uploads\/2023\/09\/alexandre-silveira-mme.jpg","datePublished":"2023-09-27T23:31:35+00:00","dateModified":"2023-09-28T02:19:13+00:00","description":"Silveira deu a declara\u00e7\u00e3o sobre a Petrobras em entrevista a jornalistas no Planalto depois de cerim\u00f4nia de assinatura de contratos","breadcrumb":{"@id":"https:\/\/www.suno.com.br\/noticias\/ministro-petrobras-petr4-recomprar-refinarias-privatizadas-evm\/#breadcrumb"},"inLanguage":"pt-BR","potentialAction":[{"@type":"ReadAction","target":["https:\/\/www.suno.com.br\/noticias\/ministro-petrobras-petr4-recomprar-refinarias-privatizadas-evm\/"]}]},{"@type":"ImageObject","inLanguage":"pt-BR","@id":"https:\/\/www.suno.com.br\/noticias\/ministro-petrobras-petr4-recomprar-refinarias-privatizadas-evm\/#primaryimage","url":"https:\/\/files.sunoresearch.com.br\/n\/uploads\/2023\/09\/alexandre-silveira-mme.jpg","contentUrl":"https:\/\/files.sunoresearch.com.br\/n\/uploads\/2023\/09\/alexandre-silveira-mme.jpg","width":2047,"height":1365,"caption":"Alexandre Silveira, Ministro de Minas e Energia, fala sobre a Petrobras (PETR4)- Foto: Ag\u00eancia Senado"},{"@type":"BreadcrumbList","@id":"https:\/\/www.suno.com.br\/noticias\/ministro-petrobras-petr4-recomprar-refinarias-privatizadas-evm\/#breadcrumb","itemListElement":[{"@type":"ListItem","position":1,"name":"Not\u00edcias","item":"https:\/\/www.suno.com.br\/noticias\/"},{"@type":"ListItem","position":2,"name":"Pol\u00edtica","item":"https:\/\/www.suno.com.br\/noticias\/politica\/"},{"@type":"ListItem","position":3,"name":"Ministro quer que Petrobras (PETR4) recompre refinarias privatizadas"}]},{"@type":"WebSite","@id":"https:\/\/www.suno.com.br\/noticias\/#website","url":"https:\/\/www.suno.com.br\/noticias\/","name":"Suno Not\u00edcias","description":"Seu portal de informa\u00e7\u00e3o sobre o mundo dos investimentos","publisher":{"@id":"https:\/\/www.suno.com.br\/noticias\/#organization"},"potentialAction":[{"@type":"SearchAction","target":{"@type":"EntryPoint","urlTemplate":"https:\/\/www.suno.com.br\/noticias\/?s={search_term_string}"},"query-input":{"@type":"PropertyValueSpecification","valueRequired":true,"valueName":"search_term_string"}}],"inLanguage":"pt-BR"},{"@type":"Organization","@id":"https:\/\/www.suno.com.br\/noticias\/#organization","name":"Suno Not\u00edcias","url":"https:\/\/www.suno.com.br\/noticias\/","logo":{"@type":"ImageObject","inLanguage":"pt-BR","@id":"https:\/\/www.suno.com.br\/noticias\/#\/schema\/logo\/image\/","url":"https:\/\/files.sunoresearch.com.br\/n\/uploads\/2021\/09\/suno-logo.png","contentUrl":"https:\/\/files.sunoresearch.com.br\/n\/uploads\/2021\/09\/suno-logo.png","width":180,"height":180,"caption":"Suno Not\u00edcias"},"image":{"@id":"https:\/\/www.suno.com.br\/noticias\/#\/schema\/logo\/image\/"},"sameAs":["https:\/\/facebook.com\/sunoresearch","https:\/\/x.com\/sunoresearch","https:\/\/www.instagram.com\/suno","https:\/\/www.linkedin.com\/company\/suno-research\/","https:\/\/www.youtube.com\/c\/sunoresearch"]},{"@type":"Person","@id":"https:\/\/www.suno.com.br\/noticias\/#\/schema\/person\/7f4d362bf3518e76090143ae77bb49a5","name":"Eduardo Vargas","image":{"@type":"ImageObject","inLanguage":"pt-BR","@id":"https:\/\/www.suno.com.br\/noticias\/#\/schema\/person\/image\/","url":"https:\/\/secure.gravatar.com\/avatar\/dac340933427a22924c9f99d1eb2e3f2?s=96&r=g","contentUrl":"https:\/\/secure.gravatar.com\/avatar\/dac340933427a22924c9f99d1eb2e3f2?s=96&r=g","caption":"Eduardo Vargas"},"description":"Jornalista formado pela UFSC, cobre macroeconomia, neg\u00f3cios e startups para o Suno Not\u00edcias, escrevendo principalmente not\u00edcias sobre o mercado financeiro e a bolsa de valores. No YouTube e no Instagram, \u00e9 respons\u00e1vel pela produ\u00e7\u00e3o de Reels e Shorts do Suno Not\u00edcias. Anteriormente, trabalhou cobrindo economia e cotidiano no ND+ e para o ND, maior jornal impresso de Santa Catarina. Cursou um semestre letivo de Estudos de M\u00eddia na Universidad de Buenos Aires.","url":"https:\/\/www.suno.com.br\/noticias\/author\/eduardo-vargas\/"}]}},"default_loop_html":"<div class=\"cardsPage__listCard__boxs\"><div class=\"cardsPage__listCard__boxs__img\"><a href=\"https:\/\/www.suno.com.br\/noticias\/ministro-petrobras-petr4-recomprar-refinarias-privatizadas-evm\/\"><img class=\"mask\" src=\"https:\/\/www.suno.com.br\/noticias\/wp-content\/themes\/suno\/resources\/images\/spotlight\/spotlight1img\/bg-mask.png\" alt=\"Image Mask\"\/><img src=\"https:\/\/files.sunoresearch.com.br\/n\/uploads\/2023\/09\/alexandre-silveira-mme-400x200.jpg\" alt=\"Ministro quer que Petrobras (PETR4) recompre refinarias privatizadas\"\/><\/a><span class=\"spotlightCategory\"><a href=\"https:\/\/www.suno.com.br\/noticias\/politica\/\">Pol\u00edtica<\/a><\/span><\/div><div class=\"cardsPage__listCard__boxs__content\"><a href=\"https:\/\/www.suno.com.br\/noticias\/ministro-petrobras-petr4-recomprar-refinarias-privatizadas-evm\/\"><h2 class=\"content__title\">Ministro quer que Petrobras (PETR4) recompre refinarias privatizadas<\/h2><\/a><div class=\"newsContent__article__meta\"><div class=\"newsContent__article__meta__authorBox\"><a href=\"https:\/\/www.suno.com.br\/noticias\/author\/eduardo-vargas\/\" class=\"authorBox__avatar noMobi\"><img src=\"https:\/\/secure.gravatar.com\/avatar\/dac340933427a22924c9f99d1eb2e3f2?s=96&#038;r=g\" alt=\"Eduardo Vargas\"><\/a><div class=\"authorBox__name\"><span>por\n\t\t\t<a href=\"https:\/\/www.suno.com.br\/noticias\/author\/eduardo-vargas\/\"><span itemprop=\"author\">Eduardo Vargas<\/span><\/a><\/span><time datetime=\"2023-09-27T20:31:35-03:00\" itemprop=\"datePublished\">27\/09\/2023 20:31<\/time><\/div><\/div><\/div><\/div><\/div>","single_layout":"posts","amp_enabled":true,"_links":{"self":[{"href":"https:\/\/www.suno.com.br\/noticias\/wp-json\/wp\/v2\/posts\/462995"}],"collection":[{"href":"https:\/\/www.suno.com.br\/noticias\/wp-json\/wp\/v2\/posts"}],"about":[{"href":"https:\/\/www.suno.com.br\/noticias\/wp-json\/wp\/v2\/types\/post"}],"author":[{"embeddable":true,"href":"https:\/\/www.suno.com.br\/noticias\/wp-json\/wp\/v2\/users\/73"}],"replies":[{"embeddable":true,"href":"https:\/\/www.suno.com.br\/noticias\/wp-json\/wp\/v2\/comments?post=462995"}],"version-history":[{"count":3,"href":"https:\/\/www.suno.com.br\/noticias\/wp-json\/wp\/v2\/posts\/462995\/revisions"}],"predecessor-version":[{"id":463101,"href":"https:\/\/www.suno.com.br\/noticias\/wp-json\/wp\/v2\/posts\/462995\/revisions\/463101"}],"wp:featuredmedia":[{"embeddable":true,"href":"https:\/\/www.suno.com.br\/noticias\/wp-json\/wp\/v2\/media\/463008"}],"wp:attachment":[{"href":"https:\/\/www.suno.com.br\/noticias\/wp-json\/wp\/v2\/media?parent=462995"}],"wp:term":[{"taxonomy":"category","embeddable":true,"href":"https:\/\/www.suno.com.br\/noticias\/wp-json\/wp\/v2\/categories?post=462995"},{"taxonomy":"post_tag","embeddable":true,"href":"https:\/\/www.suno.com.br\/noticias\/wp-json\/wp\/v2\/tags?post=462995"},{"taxonomy":"suno_strategy","embeddable":true,"href":"https:\/\/www.suno.com.br\/noticias\/wp-json\/wp\/v2\/suno_strategy?post=462995"}],"curies":[{"name":"wp","href":"https:\/\/api.w.org\/{rel}","templated":true}]}}