{"id":462574,"date":"2023-09-27T10:59:38","date_gmt":"2023-09-27T13:59:38","guid":{"rendered":"https:\/\/www.suno.com.br\/noticias\/?p=462574"},"modified":"2023-09-27T10:59:44","modified_gmt":"2023-09-27T13:59:44","slug":"destaques-casas-bahia-bhia3-viia3-marisa-e-mais-va","status":"publish","type":"post","link":"https:\/\/www.suno.com.br\/noticias\/destaques-casas-bahia-bhia3-viia3-marisa-e-mais-va\/","title":{"rendered":"Casas Bahia (BHIA3), ex-VIIA3, Marisa (AMAR3) e Neonergia (NEOE3) agitam mercado nesta quarta-feira (27); veja mais destaques"},"content":{"rendered":"<p>A  ren\u00fancia de Abel Ornelas Vieira ao cargo de vice-presidente comercial da <strong>Casas Bahia <\/strong>(BHIA3) est\u00e1 entre os destaques desta quarta-feira (27).<\/p>\t<div class=\"wrapper-featured-image\">\n\t\t<figure class=\"spotlightImg\">\n\n\t\t\t<picture>\n\t\t\t\t<source media=\"(max-width: 768px)\" srcset=\"https:\/\/files.sunoresearch.com.br\/n\/uploads\/2023\/05\/cotacao-mercado-400x200.jpg\">\n\t\t\t\t<img loading=\"lazy\" decoding=\"async\" class=\"newsContent__article__imgCapa lazyloadDisabled \" src=\"https:\/\/files.sunoresearch.com.br\/n\/uploads\/2023\/05\/cotacao-mercado-800x450.jpg\" width=\"800\" height=\"450\" alt=\"Casas Bahia (BHIA3), ex-VIIA3, Marisa (AMAR3) e Neonergia (NEOE3) agitam mercado nesta quarta-feira (27); veja mais destaques\" fetchpriority=high \/>\n\t\t\t<\/picture>\n\n\t\t\t<figcaption class=\"wp-caption-text wp-caption-text--show\">Ibovespa cai com impasse nas negocia\u00e7\u00f5es comerciais entre Brasil e EUA, enquanto o d\u00f3lar sobe a R$ 5,44. Foto: iStock<\/figcaption>\n\t\t<\/figure>\n\t<\/div>\n\n\n\n\n\n\t<p>\n\t\t<a href=\"https:\/\/lp.suno.com.br\/planilha-da-vida-financeira\/\" target=\"_blank\" data-element=\"shortcode-suno-banner\" title=\"Banner SUNO, clique e saiba mais\">\n\t\t\t<picture>\n\t\t\t\t<source media=\"(max-width: 500px)\" srcset=\"https:\/\/files.sunoresearch.com.br\/n\/uploads\/2023\/04\/400x300-Planilha-vida-financeira-true.png\">\n\t\t\t\t<img class=\"newsContent__article__imgCapa newsContent__article__imgCapa--banner\"\n\t\t\t\t\tsrc=\"https:\/\/files.sunoresearch.com.br\/n\/uploads\/2023\/04\/1420x240-Planilha-vida-financeira-true.png\"\n\t\t\t\t\tdata-promo-id=\"106682\"\t\t\t\t\t\t\t\t\t\twidth='1420' height='240'\t\t\t\t\talt=\"https:\/\/files.sunoresearch.com.br\/n\/uploads\/2023\/04\/1420x240-Planilha-vida-financeira-true.png\"\n\t\t\t\t>\n\t\t\t<\/picture>\n\t\t<\/a>\n\t<\/p>\n\n\n\n\n\n<p>Tamb\u00e9m est\u00e1 entre os<strong> destaques do mercado financeiro<\/strong> a Marisa (AMAR3), ap\u00f3s divulgar uma nova parceria com a Ademicon, maior administradora de cons\u00f3rcios independente em cr\u00e9ditos ativos do Brasil.<\/p>\n\n\n\n<p>A&nbsp; Neoernegia (NEOE3) tamb\u00e9m \u00e9 destaque hoje, depois de celebrar um contrato de permuta de a\u00e7\u00f5es com a Centrais El\u00e9tricas do Norte do Brasil (Eletronorte).<\/p>\n\n\n\n<p>Veja os <strong>destaques do mercado financeiro<\/strong> hoje:<\/p>\n\n\n\n<h2 class=\"wp-block-heading\">Casas Bahia&nbsp;<\/h2>\n\n\n\n<p>A Casas Bahia (<strong>BHIA3<\/strong>), ex <strong>VIIA3<\/strong>, informou que recebeu a ren\u00fancia de Abel Ornelas Vieira ao cargo de vice-presidente comercial e de opera\u00e7\u00f5es da companhia, para o qual havia sido eleito em 3 de maio deste ano.<\/p>\n\n\n\n<p>Segundo a companhia, o <a class=\"suno-keyword\" data-force=\"no\" data-priority=\"2\" href=\"https:\/\/www.suno.com.br\/artigos\/ceo\/\" target=\"_blank\" rel=\"noopener\">diretor-presidente<\/a> da Casas Bahia, Renato Franklin, indicar\u00e1 outro diretor para assumir interinamente o cargo deixado por Vieira.<\/p>\n\n\n\t<div data-element=\"shortcode-read-more\" class=\"knowMore\">\n\t\t\t\t<span class=\"knowMore__title\">Leia mais<\/span>\n\t\t\t\t<a class=\"knowMore__link\" href=\"https:\/\/www.suno.com.br\/noticias\/casas-bahia-bhia3-comercial-operacoes-gpj\/\">\n\t\t\tCasas Bahia (BHIA3), ex-VIIA3: vice-presidente comercial e de opera\u00e7\u00f5es renuncia ao cargo\t\t<\/a>\n\t<\/div>\n\n\n\n\n<h2 class=\"wp-block-heading\">Lojas Marisa<\/h2>\n\n\n\n<p>A Marisa (AMAR3) divulgou uma nova parceria com a Ademicon, maior administradora de cons\u00f3rcios independente em cr\u00e9ditos ativos do Brasil. A parceria resultar\u00e1 na cria\u00e7\u00e3o do Cons\u00f3rcio Marisa.&nbsp;<\/p>\n\n\n\n<p>O novo plano de neg\u00f3cios com a Ademicon conta com uma estimativa de gera\u00e7\u00e3o de receita adicional de R$ 30 milh\u00f5es em comiss\u00f5es para a varejista, considerando os pr\u00f3ximos 5 anos.<\/p>\n\n\n\t<div data-element=\"shortcode-read-more\" class=\"knowMore\">\n\t\t\t\t<span class=\"knowMore__title\">Leia mais<\/span>\n\t\t\t\t<a class=\"knowMore__link\" href=\"https:\/\/www.suno.com.br\/noticias\/marisa-amar3-parceria-receita-adicional-30-milhoes-jvj\/\">\n\t\t\tMarisa (AMAR3) fecha nova parceria e pode gerar receita adicional de R$ 30 milh\u00f5es\t\t<\/a>\n\t<\/div>\n\n\n\n\n<h2 class=\"wp-block-heading\">Neonergia<\/h2>\n\n\n\n<p>A <strong>Neonergia (NEOE3)<\/strong>\u00a0 comunicou a celebra\u00e7\u00e3o do contrato de permuta de a\u00e7\u00f5es com a Centrais El\u00e9tricas do Norte do Brasil (Eletronorte).<\/p>\n\n\n\n<p>Com o fechamento da transa\u00e7\u00e3o, a Neoenergia passa a consolidar 100% da opera\u00e7\u00e3o da Energ\u00e9tica \u00c1guas da Pedra \u2013 EAPSA (UHE Dardanelos), com uma <a class=\"suno-keyword\" target=\"_blank\" data-force=\"no\" data-priority=\"1\" href=\"https:\/\/www.suno.com.br\/artigos\/capacidade-instalada\/\" rel=\"noopener\">capacidade instalada<\/a> total de 261 MW e deixa de ter qualquer participa\u00e7\u00e3o na Usina Hidrel\u00e9trica de Teles Pires (Teles Pires)<\/p>\n\n\n\n<h2 class=\"wp-block-heading\">Fertilizantes Heringer&nbsp;<\/h2>\n\n\n\n<p>A <a class=\"suno-keyword\" data-force=\"yes\" data-priority=\"2\" href=\"https:\/\/www.suno.com.br\/acoes\/FHER3\/\" target=\"_blank\" rel=\"noopener\"><strong>Fertilizantes Heringer (FHER3)<\/strong><\/a> anunciou que concluiu sua adequa\u00e7\u00e3o integral ao Regulamento do <a class=\"suno-keyword\" data-force=\"no\" data-priority=\"1\" href=\"https:\/\/www.suno.com.br\/artigos\/novo-mercado\/\" target=\"_blank\" rel=\"noopener\">Novo Mercado<\/a> da B3, com a implementa\u00e7\u00e3o de determinados ajustes a seu <a class=\"suno-keyword\" data-force=\"no\" data-priority=\"1\" href=\"https:\/\/www.suno.com.br\/artigos\/estatuto-social\/\" target=\"_blank\" rel=\"noopener\">Estatuto Social<\/a>, bem como implementa\u00e7\u00e3o das estruturas e requisitos de governan\u00e7a exigidos pelo Regulamento do Novo Mercado.\u00a0<\/p>\n\n\n\n<h2 class=\"wp-block-heading\">Allian\u00e7a Sa\u00fade<\/h2>\n\n\n\n<p>O <a class=\"suno-keyword\" data-force=\"no\" data-priority=\"1\" href=\"https:\/\/www.suno.com.br\/artigos\/conselho-administracao\/\" target=\"_blank\" rel=\"noopener\">Conselho de Administra\u00e7\u00e3o<\/a> da\u00a0 <strong>Allian\u00e7a Sa\u00fade (AALR3)<\/strong>\u00a0 elegeu Remi Kaiber Junior para ocupar o cargo de Diretor Financeiro e de Diretor de <a class=\"suno-keyword\" data-force=\"no\" data-priority=\"1\" href=\"https:\/\/www.suno.com.br\/artigos\/relacoes-com-investidores\/\" target=\"_blank\" rel=\"noopener\">Rela\u00e7\u00f5es com Investidores<\/a> em reuni\u00e3o. Pedro Thompson, que ocupava tais cargos interinamente, permanece como Diretor Presidente da Allian\u00e7a Sa\u00fade.\u00a0<\/p>\n\n\n\n<h2 class=\"wp-block-heading\">CCR<\/h2>\n\n\n\n<p>A Concession\u00e1ria do VLT Carioca, controlada da <a class=\"suno-keyword\" data-force=\"yes\" data-priority=\"2\" href=\"https:\/\/www.suno.com.br\/acoes\/CCRO3\/\" target=\"_blank\" rel=\"noopener\"><strong>CCR (CCRO3)<\/strong><\/a>, assinou com a prefeitura do Rio um termo aditivo ao contrato de concess\u00e3o para receber um valor extra de R$ 64,2 milh\u00f5es referente a obras adicionais referentes a implanta\u00e7\u00e3o do Terminal Intermodal Gentileza\u00a0 e \u00e0 recomposi\u00e7\u00e3o do equil\u00edbrio econ\u00f4mico-financeiro do contrato.\u00a0<\/p>\n\n\n\t<p>\n\t\t<a href=\"https:\/\/lp.suno.com.br\/ebook-como-analisar-uma-acao\/\" target=\"_blank\" data-element=\"shortcode-suno-banner\" title=\"Banner SUNO, clique e saiba mais\">\n\t\t\t<picture>\n\t\t\t\t<source media=\"(max-width: 500px)\" srcset=\"https:\/\/files.sunoresearch.com.br\/n\/uploads\/2023\/03\/Ebook-Acoes-Mobile.jpg\">\n\t\t\t\t<img class=\"newsContent__article__imgCapa newsContent__article__imgCapa--banner\"\n\t\t\t\t\tsrc=\"https:\/\/files.sunoresearch.com.br\/n\/uploads\/2023\/03\/Ebook-Acoes-Desktop.jpg\"\n\t\t\t\t\tdata-promo-id=\"378302\"\t\t\t\t\t\t\t\t\t\twidth='1420' height='286'\t\t\t\t\talt=\"https:\/\/files.sunoresearch.com.br\/n\/uploads\/2023\/03\/Ebook-Acoes-Desktop.jpg\"\n\t\t\t\t>\n\t\t\t<\/picture>\n\t\t<\/a>\n\t<\/p>\n\n\n\n\n\n<h2 class=\"wp-block-heading\">BR Partners&nbsp;<\/h2>\n\n\n\n<p>A <a class=\"suno-keyword\" data-force=\"yes\" data-priority=\"2\" href=\"https:\/\/www.suno.com.br\/acoes\/brbi11\/\" target=\"_blank\" rel=\"noopener\"><strong>BR Partners (BRBI11)<\/strong><\/a> precificou sua <a class=\"suno-keyword\" data-force=\"no\" data-priority=\"1\" href=\"https:\/\/www.suno.com.br\/artigos\/oferta-secundaria\/\" target=\"_blank\" rel=\"noopener\">oferta secund\u00e1ria<\/a> de units a R$ 12,75, movimentando o total de R$ 214.479.747,75.<\/p>\n\n\n\n<p>Segundo a companhia, a oferta envolveu 16.821.941 units e poderia ter sido acrescida em at\u00e9 30%, entretanto, os acionistas vendedores optaram por n\u00e3o ampliar a opera\u00e7\u00e3o.<\/p>\n\n\n\t<div data-element=\"shortcode-read-more\" class=\"knowMore\">\n\t\t\t\t<span class=\"knowMore__title\">Leia mais<\/span>\n\t\t\t\t<a class=\"knowMore__link\" href=\"https:\/\/www.suno.com.br\/noticias\/br-partners-brbi11-follow-on-unit-gpj\/\">\n\t\t\tBR Partners (BRBI11) precifica follow-on em R$ 12,75 por unit; veja quanto a opera\u00e7\u00e3o vai levantar\t\t<\/a>\n\t<\/div>\n\n\n\n\n<p>Os destaques do mercado financeiro do Suno Not\u00edcias mostram os principais acontecimentos que prometem movimentar o mercado durante o dia, como a <strong>Casas Bahia <\/strong>(BHIA3), que deve estar no foco dos investidores ao longo do dia.<\/p>\n\n\n\t<p>\n\t\t<a href=\"https:\/\/lp.suno.com.br\/planilha-da-vida-financeira\/\" target=\"_blank\" data-element=\"shortcode-suno-banner\" title=\"Banner SUNO, clique e saiba mais\">\n\t\t\t<picture>\n\t\t\t\t<source media=\"(max-width: 500px)\" srcset=\"https:\/\/files.sunoresearch.com.br\/n\/uploads\/2023\/04\/400x300-Planilha-vida-financeira-true.png\">\n\t\t\t\t<img class=\"newsContent__article__imgCapa newsContent__article__imgCapa--banner\"\n\t\t\t\t\tsrc=\"https:\/\/files.sunoresearch.com.br\/n\/uploads\/2023\/04\/1420x240-Planilha-vida-financeira-true.png\"\n\t\t\t\t\tdata-promo-id=\"383123\"\t\t\t\t\t\t\t\t\t\twidth='1420' height='240'\t\t\t\t\talt=\"https:\/\/files.sunoresearch.com.br\/n\/uploads\/2023\/04\/1420x240-Planilha-vida-financeira-true.png\"\n\t\t\t\t>\n\t\t\t<\/picture>\n\t\t<\/a>\n\t<\/p>\n\n\n","protected":false},"excerpt":{"rendered":"<p>A ren\u00fancia de Abel Ornelas Vieira ao cargo de vice-presidente comercial da Casas Bahia (BHIA3) est\u00e1 entre os destaques desta quarta-feira (27). Ibovespa cai com impasse nas negocia\u00e7\u00f5es comerciais entre Brasil e EUA, enquanto o d\u00f3lar sobe a R$ 5,44. Foto: iStock Tamb\u00e9m est\u00e1 entre os destaques do mercado financeiro a Marisa (AMAR3), ap\u00f3s divulgar [&hellip;]<\/p>\n","protected":false},"author":301,"featured_media":406468,"comment_status":"closed","ping_status":"closed","sticky":false,"template":"","format":"standard","meta":[],"categories":[60],"tags":[286,92617,66159,2046,407,474,541,575],"suno_strategy":[],"class_list":["post-462574","post","type-post","status-publish","format-standard","has-post-thumbnail","hentry","category-mercado","tag-acoes","tag-alliar-aalr3","tag-br-partners","tag-casas-bahia","tag-ccr-ccro3","tag-fertilizantes-heringer-fher3","tag-lojas-marisa-amar3","tag-neoenergia-neoe3"],"yoast_head":"<!-- This site is optimized with the Yoast SEO plugin v24.4 - https:\/\/yoast.com\/wordpress\/plugins\/seo\/ -->\n<title>Casas Bahia (BHIA3), ex-VIIA3, e Marisa (AMAR3) agitam mercado hoje<\/title>\n<meta name=\"description\" content=\"A informa\u00e7\u00e3o sobre a ren\u00fancia de Abel Ornelas Vieira ao cargo de vice-presidente comercial da Casas Bahia est\u00e1 entre os destaques.\" \/>\n<meta name=\"robots\" content=\"index, follow, max-snippet:-1, max-image-preview:large, max-video-preview:-1\" \/>\n<link rel=\"canonical\" href=\"https:\/\/www.suno.com.br\/noticias\/destaques-casas-bahia-bhia3-viia3-marisa-e-mais-va\/\" \/>\n<meta property=\"og:locale\" content=\"pt_BR\" \/>\n<meta property=\"og:type\" content=\"article\" \/>\n<meta property=\"og:title\" content=\"Casas Bahia (BHIA3), ex-VIIA3, e Marisa (AMAR3) agitam mercado hoje\" \/>\n<meta property=\"og:description\" content=\"A informa\u00e7\u00e3o sobre a ren\u00fancia de Abel Ornelas Vieira ao cargo de vice-presidente comercial da Casas Bahia est\u00e1 entre os destaques.\" \/>\n<meta property=\"og:url\" content=\"https:\/\/www.suno.com.br\/noticias\/destaques-casas-bahia-bhia3-viia3-marisa-e-mais-va\/\" \/>\n<meta property=\"og:site_name\" content=\"Suno Not\u00edcias\" \/>\n<meta property=\"article:publisher\" content=\"https:\/\/facebook.com\/sunoresearch\" \/>\n<meta property=\"og:image\" content=\"https:\/\/files.sunoresearch.com.br\/n\/uploads\/2023\/05\/cotacao-mercado.jpg\" \/>\n\t<meta property=\"og:image:width\" content=\"1200\" \/>\n\t<meta property=\"og:image:height\" content=\"800\" \/>\n\t<meta property=\"og:image:type\" content=\"image\/jpeg\" \/>\n<meta name=\"author\" content=\"Vin\u00edcius Alves\" \/>\n<meta name=\"twitter:card\" content=\"summary_large_image\" \/>\n<meta name=\"twitter:creator\" content=\"@sunoresearch\" \/>\n<meta name=\"twitter:site\" content=\"@sunoresearch\" \/>\n<meta name=\"twitter:label1\" content=\"Escrito por\" \/>\n\t<meta name=\"twitter:data1\" content=\"Vin\u00edcius Alves\" \/>\n\t<meta name=\"twitter:label2\" content=\"Est. tempo de leitura\" \/>\n\t<meta name=\"twitter:data2\" content=\"3 minutos\" \/>\n<script type=\"application\/ld+json\" class=\"yoast-schema-graph\">{\"@context\":\"https:\/\/schema.org\",\"@graph\":[{\"@type\":\"NewsArticle\",\"@id\":\"https:\/\/www.suno.com.br\/noticias\/destaques-casas-bahia-bhia3-viia3-marisa-e-mais-va\/#article\",\"isPartOf\":{\"@id\":\"https:\/\/www.suno.com.br\/noticias\/destaques-casas-bahia-bhia3-viia3-marisa-e-mais-va\/\"},\"author\":{\"name\":\"Vin\u00edcius Alves\",\"@id\":\"https:\/\/www.suno.com.br\/noticias\/#\/schema\/person\/4a180549702d0e236b3e420862bcded3\"},\"headline\":\"Casas Bahia (BHIA3), ex-VIIA3, Marisa (AMAR3) e Neonergia (NEOE3) agitam mercado nesta quarta-feira (27); veja mais destaques\",\"datePublished\":\"2023-09-27T13:59:38+00:00\",\"dateModified\":\"2023-09-27T13:59:44+00:00\",\"mainEntityOfPage\":{\"@id\":\"https:\/\/www.suno.com.br\/noticias\/destaques-casas-bahia-bhia3-viia3-marisa-e-mais-va\/\"},\"wordCount\":559,\"publisher\":{\"@id\":\"https:\/\/www.suno.com.br\/noticias\/#organization\"},\"image\":{\"@id\":\"https:\/\/www.suno.com.br\/noticias\/destaques-casas-bahia-bhia3-viia3-marisa-e-mais-va\/#primaryimage\"},\"thumbnailUrl\":\"https:\/\/files.sunoresearch.com.br\/n\/uploads\/2023\/05\/cotacao-mercado.jpg\",\"keywords\":[\"A\u00e7\u00f5es\",\"Alliar (AALR3)\",\"BR Partners\",\"Casas Bahia\",\"CCR (CCRO3)\",\"Fertilizantes Heringer (FHER3)\",\"Lojas Marisa (AMAR3)\",\"Neoenergia (NEOE3)\"],\"articleSection\":[\"Mercado\"],\"inLanguage\":\"pt-BR\"},{\"@type\":\"WebPage\",\"@id\":\"https:\/\/www.suno.com.br\/noticias\/destaques-casas-bahia-bhia3-viia3-marisa-e-mais-va\/\",\"url\":\"https:\/\/www.suno.com.br\/noticias\/destaques-casas-bahia-bhia3-viia3-marisa-e-mais-va\/\",\"name\":\"Casas Bahia (BHIA3), ex-VIIA3, e Marisa (AMAR3) agitam mercado hoje\",\"isPartOf\":{\"@id\":\"https:\/\/www.suno.com.br\/noticias\/#website\"},\"primaryImageOfPage\":{\"@id\":\"https:\/\/www.suno.com.br\/noticias\/destaques-casas-bahia-bhia3-viia3-marisa-e-mais-va\/#primaryimage\"},\"image\":{\"@id\":\"https:\/\/www.suno.com.br\/noticias\/destaques-casas-bahia-bhia3-viia3-marisa-e-mais-va\/#primaryimage\"},\"thumbnailUrl\":\"https:\/\/files.sunoresearch.com.br\/n\/uploads\/2023\/05\/cotacao-mercado.jpg\",\"datePublished\":\"2023-09-27T13:59:38+00:00\",\"dateModified\":\"2023-09-27T13:59:44+00:00\",\"description\":\"A informa\u00e7\u00e3o sobre a ren\u00fancia de Abel Ornelas Vieira ao cargo de vice-presidente comercial da Casas Bahia est\u00e1 entre os destaques.\",\"breadcrumb\":{\"@id\":\"https:\/\/www.suno.com.br\/noticias\/destaques-casas-bahia-bhia3-viia3-marisa-e-mais-va\/#breadcrumb\"},\"inLanguage\":\"pt-BR\",\"potentialAction\":[{\"@type\":\"ReadAction\",\"target\":[\"https:\/\/www.suno.com.br\/noticias\/destaques-casas-bahia-bhia3-viia3-marisa-e-mais-va\/\"]}]},{\"@type\":\"ImageObject\",\"inLanguage\":\"pt-BR\",\"@id\":\"https:\/\/www.suno.com.br\/noticias\/destaques-casas-bahia-bhia3-viia3-marisa-e-mais-va\/#primaryimage\",\"url\":\"https:\/\/files.sunoresearch.com.br\/n\/uploads\/2023\/05\/cotacao-mercado.jpg\",\"contentUrl\":\"https:\/\/files.sunoresearch.com.br\/n\/uploads\/2023\/05\/cotacao-mercado.jpg\",\"width\":1200,\"height\":800,\"caption\":\"Ibovespa cai com impasse nas negocia\u00e7\u00f5es comerciais entre Brasil e EUA, enquanto o d\u00f3lar sobe a R$ 5,44. Foto: iStock\"},{\"@type\":\"BreadcrumbList\",\"@id\":\"https:\/\/www.suno.com.br\/noticias\/destaques-casas-bahia-bhia3-viia3-marisa-e-mais-va\/#breadcrumb\",\"itemListElement\":[{\"@type\":\"ListItem\",\"position\":1,\"name\":\"Not\u00edcias\",\"item\":\"https:\/\/www.suno.com.br\/noticias\/\"},{\"@type\":\"ListItem\",\"position\":2,\"name\":\"Mercado\",\"item\":\"https:\/\/www.suno.com.br\/noticias\/mercado\/\"},{\"@type\":\"ListItem\",\"position\":3,\"name\":\"Casas Bahia (BHIA3), ex-VIIA3, Marisa (AMAR3) e Neonergia (NEOE3) agitam mercado nesta quarta-feira (27); veja mais destaques\"}]},{\"@type\":\"WebSite\",\"@id\":\"https:\/\/www.suno.com.br\/noticias\/#website\",\"url\":\"https:\/\/www.suno.com.br\/noticias\/\",\"name\":\"Suno Not\u00edcias\",\"description\":\"Seu portal de informa\u00e7\u00e3o sobre o mundo dos investimentos\",\"publisher\":{\"@id\":\"https:\/\/www.suno.com.br\/noticias\/#organization\"},\"potentialAction\":[{\"@type\":\"SearchAction\",\"target\":{\"@type\":\"EntryPoint\",\"urlTemplate\":\"https:\/\/www.suno.com.br\/noticias\/?s={search_term_string}\"},\"query-input\":{\"@type\":\"PropertyValueSpecification\",\"valueRequired\":true,\"valueName\":\"search_term_string\"}}],\"inLanguage\":\"pt-BR\"},{\"@type\":\"Organization\",\"@id\":\"https:\/\/www.suno.com.br\/noticias\/#organization\",\"name\":\"Suno Not\u00edcias\",\"url\":\"https:\/\/www.suno.com.br\/noticias\/\",\"logo\":{\"@type\":\"ImageObject\",\"inLanguage\":\"pt-BR\",\"@id\":\"https:\/\/www.suno.com.br\/noticias\/#\/schema\/logo\/image\/\",\"url\":\"https:\/\/files.sunoresearch.com.br\/n\/uploads\/2021\/09\/suno-logo.png\",\"contentUrl\":\"https:\/\/files.sunoresearch.com.br\/n\/uploads\/2021\/09\/suno-logo.png\",\"width\":180,\"height\":180,\"caption\":\"Suno Not\u00edcias\"},\"image\":{\"@id\":\"https:\/\/www.suno.com.br\/noticias\/#\/schema\/logo\/image\/\"},\"sameAs\":[\"https:\/\/facebook.com\/sunoresearch\",\"https:\/\/x.com\/sunoresearch\",\"https:\/\/www.instagram.com\/suno\",\"https:\/\/www.linkedin.com\/company\/suno-research\/\",\"https:\/\/www.youtube.com\/c\/sunoresearch\"]},{\"@type\":\"Person\",\"@id\":\"https:\/\/www.suno.com.br\/noticias\/#\/schema\/person\/4a180549702d0e236b3e420862bcded3\",\"name\":\"Vin\u00edcius Alves\",\"image\":{\"@type\":\"ImageObject\",\"inLanguage\":\"pt-BR\",\"@id\":\"https:\/\/www.suno.com.br\/noticias\/#\/schema\/person\/image\/\",\"url\":\"https:\/\/secure.gravatar.com\/avatar\/a95b7fe6d1b813f7907d4f476d5a39e1?s=96&r=g\",\"contentUrl\":\"https:\/\/secure.gravatar.com\/avatar\/a95b7fe6d1b813f7907d4f476d5a39e1?s=96&r=g\",\"caption\":\"Vin\u00edcius Alves\"},\"description\":\"Jornalista formado na Faculdade C\u00e1sper L\u00edbero. Com passagens pela Ag\u00eancia Estado, InfoMoney e Editora Globo.\",\"url\":\"https:\/\/www.suno.com.br\/noticias\/author\/vini08correiagmail-com\/\"}]}<\/script>\n<!-- \/ Yoast SEO plugin. -->","yoast_head_json":{"title":"Casas Bahia (BHIA3), ex-VIIA3, e Marisa (AMAR3) agitam mercado hoje","description":"A informa\u00e7\u00e3o sobre a ren\u00fancia de Abel Ornelas Vieira ao cargo de vice-presidente comercial da Casas Bahia est\u00e1 entre os destaques.","robots":{"index":"index","follow":"follow","max-snippet":"max-snippet:-1","max-image-preview":"max-image-preview:large","max-video-preview":"max-video-preview:-1"},"canonical":"https:\/\/www.suno.com.br\/noticias\/destaques-casas-bahia-bhia3-viia3-marisa-e-mais-va\/","og_locale":"pt_BR","og_type":"article","og_title":"Casas Bahia (BHIA3), ex-VIIA3, e Marisa (AMAR3) agitam mercado hoje","og_description":"A informa\u00e7\u00e3o sobre a ren\u00fancia de Abel Ornelas Vieira ao cargo de vice-presidente comercial da Casas Bahia est\u00e1 entre os destaques.","og_url":"https:\/\/www.suno.com.br\/noticias\/destaques-casas-bahia-bhia3-viia3-marisa-e-mais-va\/","og_site_name":"Suno Not\u00edcias","article_publisher":"https:\/\/facebook.com\/sunoresearch","og_image":[{"width":1200,"height":800,"url":"https:\/\/files.sunoresearch.com.br\/n\/uploads\/2023\/05\/cotacao-mercado.jpg","type":"image\/jpeg"}],"author":"Vin\u00edcius Alves","twitter_card":"summary_large_image","twitter_creator":"@sunoresearch","twitter_site":"@sunoresearch","twitter_misc":{"Escrito por":"Vin\u00edcius Alves","Est. tempo de leitura":"3 minutos"},"schema":{"@context":"https:\/\/schema.org","@graph":[{"@type":"NewsArticle","@id":"https:\/\/www.suno.com.br\/noticias\/destaques-casas-bahia-bhia3-viia3-marisa-e-mais-va\/#article","isPartOf":{"@id":"https:\/\/www.suno.com.br\/noticias\/destaques-casas-bahia-bhia3-viia3-marisa-e-mais-va\/"},"author":{"name":"Vin\u00edcius Alves","@id":"https:\/\/www.suno.com.br\/noticias\/#\/schema\/person\/4a180549702d0e236b3e420862bcded3"},"headline":"Casas Bahia (BHIA3), ex-VIIA3, Marisa (AMAR3) e Neonergia (NEOE3) agitam mercado nesta quarta-feira (27); veja mais destaques","datePublished":"2023-09-27T13:59:38+00:00","dateModified":"2023-09-27T13:59:44+00:00","mainEntityOfPage":{"@id":"https:\/\/www.suno.com.br\/noticias\/destaques-casas-bahia-bhia3-viia3-marisa-e-mais-va\/"},"wordCount":559,"publisher":{"@id":"https:\/\/www.suno.com.br\/noticias\/#organization"},"image":{"@id":"https:\/\/www.suno.com.br\/noticias\/destaques-casas-bahia-bhia3-viia3-marisa-e-mais-va\/#primaryimage"},"thumbnailUrl":"https:\/\/files.sunoresearch.com.br\/n\/uploads\/2023\/05\/cotacao-mercado.jpg","keywords":["A\u00e7\u00f5es","Alliar (AALR3)","BR Partners","Casas Bahia","CCR (CCRO3)","Fertilizantes Heringer (FHER3)","Lojas Marisa (AMAR3)","Neoenergia (NEOE3)"],"articleSection":["Mercado"],"inLanguage":"pt-BR"},{"@type":"WebPage","@id":"https:\/\/www.suno.com.br\/noticias\/destaques-casas-bahia-bhia3-viia3-marisa-e-mais-va\/","url":"https:\/\/www.suno.com.br\/noticias\/destaques-casas-bahia-bhia3-viia3-marisa-e-mais-va\/","name":"Casas Bahia (BHIA3), ex-VIIA3, e Marisa (AMAR3) agitam mercado hoje","isPartOf":{"@id":"https:\/\/www.suno.com.br\/noticias\/#website"},"primaryImageOfPage":{"@id":"https:\/\/www.suno.com.br\/noticias\/destaques-casas-bahia-bhia3-viia3-marisa-e-mais-va\/#primaryimage"},"image":{"@id":"https:\/\/www.suno.com.br\/noticias\/destaques-casas-bahia-bhia3-viia3-marisa-e-mais-va\/#primaryimage"},"thumbnailUrl":"https:\/\/files.sunoresearch.com.br\/n\/uploads\/2023\/05\/cotacao-mercado.jpg","datePublished":"2023-09-27T13:59:38+00:00","dateModified":"2023-09-27T13:59:44+00:00","description":"A informa\u00e7\u00e3o sobre a ren\u00fancia de Abel Ornelas Vieira ao cargo de vice-presidente comercial da Casas Bahia est\u00e1 entre os destaques.","breadcrumb":{"@id":"https:\/\/www.suno.com.br\/noticias\/destaques-casas-bahia-bhia3-viia3-marisa-e-mais-va\/#breadcrumb"},"inLanguage":"pt-BR","potentialAction":[{"@type":"ReadAction","target":["https:\/\/www.suno.com.br\/noticias\/destaques-casas-bahia-bhia3-viia3-marisa-e-mais-va\/"]}]},{"@type":"ImageObject","inLanguage":"pt-BR","@id":"https:\/\/www.suno.com.br\/noticias\/destaques-casas-bahia-bhia3-viia3-marisa-e-mais-va\/#primaryimage","url":"https:\/\/files.sunoresearch.com.br\/n\/uploads\/2023\/05\/cotacao-mercado.jpg","contentUrl":"https:\/\/files.sunoresearch.com.br\/n\/uploads\/2023\/05\/cotacao-mercado.jpg","width":1200,"height":800,"caption":"Ibovespa cai com impasse nas negocia\u00e7\u00f5es comerciais entre Brasil e EUA, enquanto o d\u00f3lar sobe a R$ 5,44. Foto: iStock"},{"@type":"BreadcrumbList","@id":"https:\/\/www.suno.com.br\/noticias\/destaques-casas-bahia-bhia3-viia3-marisa-e-mais-va\/#breadcrumb","itemListElement":[{"@type":"ListItem","position":1,"name":"Not\u00edcias","item":"https:\/\/www.suno.com.br\/noticias\/"},{"@type":"ListItem","position":2,"name":"Mercado","item":"https:\/\/www.suno.com.br\/noticias\/mercado\/"},{"@type":"ListItem","position":3,"name":"Casas Bahia (BHIA3), ex-VIIA3, Marisa (AMAR3) e Neonergia (NEOE3) agitam mercado nesta quarta-feira (27); veja mais destaques"}]},{"@type":"WebSite","@id":"https:\/\/www.suno.com.br\/noticias\/#website","url":"https:\/\/www.suno.com.br\/noticias\/","name":"Suno Not\u00edcias","description":"Seu portal de informa\u00e7\u00e3o sobre o mundo dos investimentos","publisher":{"@id":"https:\/\/www.suno.com.br\/noticias\/#organization"},"potentialAction":[{"@type":"SearchAction","target":{"@type":"EntryPoint","urlTemplate":"https:\/\/www.suno.com.br\/noticias\/?s={search_term_string}"},"query-input":{"@type":"PropertyValueSpecification","valueRequired":true,"valueName":"search_term_string"}}],"inLanguage":"pt-BR"},{"@type":"Organization","@id":"https:\/\/www.suno.com.br\/noticias\/#organization","name":"Suno Not\u00edcias","url":"https:\/\/www.suno.com.br\/noticias\/","logo":{"@type":"ImageObject","inLanguage":"pt-BR","@id":"https:\/\/www.suno.com.br\/noticias\/#\/schema\/logo\/image\/","url":"https:\/\/files.sunoresearch.com.br\/n\/uploads\/2021\/09\/suno-logo.png","contentUrl":"https:\/\/files.sunoresearch.com.br\/n\/uploads\/2021\/09\/suno-logo.png","width":180,"height":180,"caption":"Suno Not\u00edcias"},"image":{"@id":"https:\/\/www.suno.com.br\/noticias\/#\/schema\/logo\/image\/"},"sameAs":["https:\/\/facebook.com\/sunoresearch","https:\/\/x.com\/sunoresearch","https:\/\/www.instagram.com\/suno","https:\/\/www.linkedin.com\/company\/suno-research\/","https:\/\/www.youtube.com\/c\/sunoresearch"]},{"@type":"Person","@id":"https:\/\/www.suno.com.br\/noticias\/#\/schema\/person\/4a180549702d0e236b3e420862bcded3","name":"Vin\u00edcius Alves","image":{"@type":"ImageObject","inLanguage":"pt-BR","@id":"https:\/\/www.suno.com.br\/noticias\/#\/schema\/person\/image\/","url":"https:\/\/secure.gravatar.com\/avatar\/a95b7fe6d1b813f7907d4f476d5a39e1?s=96&r=g","contentUrl":"https:\/\/secure.gravatar.com\/avatar\/a95b7fe6d1b813f7907d4f476d5a39e1?s=96&r=g","caption":"Vin\u00edcius Alves"},"description":"Jornalista formado na Faculdade C\u00e1sper L\u00edbero. Com passagens pela Ag\u00eancia Estado, InfoMoney e Editora Globo.","url":"https:\/\/www.suno.com.br\/noticias\/author\/vini08correiagmail-com\/"}]}},"default_loop_html":"<div class=\"cardsPage__listCard__boxs\"><div class=\"cardsPage__listCard__boxs__img\"><a href=\"https:\/\/www.suno.com.br\/noticias\/destaques-casas-bahia-bhia3-viia3-marisa-e-mais-va\/\"><img class=\"mask\" src=\"https:\/\/www.suno.com.br\/noticias\/wp-content\/themes\/suno\/resources\/images\/spotlight\/spotlight1img\/bg-mask.png\" alt=\"Image Mask\"\/><img src=\"https:\/\/files.sunoresearch.com.br\/n\/uploads\/2023\/05\/cotacao-mercado-400x200.jpg\" alt=\"Casas Bahia (BHIA3), ex-VIIA3, Marisa (AMAR3) e Neonergia (NEOE3) agitam mercado nesta quarta-feira (27); veja mais destaques\"\/><\/a><span class=\"spotlightCategory\"><a href=\"https:\/\/www.suno.com.br\/noticias\/mercado\/\">Mercado<\/a><\/span><\/div><div class=\"cardsPage__listCard__boxs__content\"><a href=\"https:\/\/www.suno.com.br\/noticias\/destaques-casas-bahia-bhia3-viia3-marisa-e-mais-va\/\"><h2 class=\"content__title\">Casas Bahia (BHIA3), ex-VIIA3, Marisa (AMAR3) e Neonergia (NEOE3) agitam mercado nesta quarta-feira (27); veja mais destaques<\/h2><\/a><div class=\"newsContent__article__meta\"><div class=\"newsContent__article__meta__authorBox\"><a href=\"https:\/\/www.suno.com.br\/noticias\/author\/vini08correiagmail-com\/\" class=\"authorBox__avatar noMobi\"><img src=\"https:\/\/files.sunoresearch.com.br\/n\/uploads\/2026\/04\/WhatsApp-Image-2026-04-20-at-19.35.48-150x150.webp\" alt=\"Vin\u00edcius Alves\"><\/a><div class=\"authorBox__name\"><span>por\n\t\t\t<a href=\"https:\/\/www.suno.com.br\/noticias\/author\/vini08correiagmail-com\/\"><span itemprop=\"author\">Vin\u00edcius Alves<\/span><\/a><\/span><time datetime=\"2023-09-27T10:59:38-03:00\" itemprop=\"datePublished\">27\/09\/2023 10:59<\/time><\/div><\/div><\/div><\/div><\/div>","single_layout":"posts","amp_enabled":true,"_links":{"self":[{"href":"https:\/\/www.suno.com.br\/noticias\/wp-json\/wp\/v2\/posts\/462574"}],"collection":[{"href":"https:\/\/www.suno.com.br\/noticias\/wp-json\/wp\/v2\/posts"}],"about":[{"href":"https:\/\/www.suno.com.br\/noticias\/wp-json\/wp\/v2\/types\/post"}],"author":[{"embeddable":true,"href":"https:\/\/www.suno.com.br\/noticias\/wp-json\/wp\/v2\/users\/301"}],"replies":[{"embeddable":true,"href":"https:\/\/www.suno.com.br\/noticias\/wp-json\/wp\/v2\/comments?post=462574"}],"version-history":[{"count":3,"href":"https:\/\/www.suno.com.br\/noticias\/wp-json\/wp\/v2\/posts\/462574\/revisions"}],"predecessor-version":[{"id":462624,"href":"https:\/\/www.suno.com.br\/noticias\/wp-json\/wp\/v2\/posts\/462574\/revisions\/462624"}],"wp:featuredmedia":[{"embeddable":true,"href":"https:\/\/www.suno.com.br\/noticias\/wp-json\/wp\/v2\/media\/406468"}],"wp:attachment":[{"href":"https:\/\/www.suno.com.br\/noticias\/wp-json\/wp\/v2\/media?parent=462574"}],"wp:term":[{"taxonomy":"category","embeddable":true,"href":"https:\/\/www.suno.com.br\/noticias\/wp-json\/wp\/v2\/categories?post=462574"},{"taxonomy":"post_tag","embeddable":true,"href":"https:\/\/www.suno.com.br\/noticias\/wp-json\/wp\/v2\/tags?post=462574"},{"taxonomy":"suno_strategy","embeddable":true,"href":"https:\/\/www.suno.com.br\/noticias\/wp-json\/wp\/v2\/suno_strategy?post=462574"}],"curies":[{"name":"wp","href":"https:\/\/api.w.org\/{rel}","templated":true}]}}