{"id":462460,"date":"2023-09-27T07:27:03","date_gmt":"2023-09-27T10:27:03","guid":{"rendered":"https:\/\/www.suno.com.br\/noticias\/?p=462460"},"modified":"2023-09-27T11:02:05","modified_gmt":"2023-09-27T14:02:05","slug":"casas-bahia-bhia3-comercial-operacoes-gpj","status":"publish","type":"post","link":"https:\/\/www.suno.com.br\/noticias\/casas-bahia-bhia3-comercial-operacoes-gpj\/","title":{"rendered":"Casas Bahia (BHIA3), ex-VIIA3: vice-presidente comercial e de opera\u00e7\u00f5es renuncia ao cargo"},"content":{"rendered":"<p>A <strong>Casas Bahia<\/strong> (BHIA3) informou que recebeu a ren\u00fancia de Abel Ornelas Vieira ao cargo de vice-presidente comercial e de opera\u00e7\u00f5es da companhia, para o qual havia sido eleito em 3 de maio deste ano.<\/p>\t<div class=\"wrapper-featured-image\">\n\t\t<figure class=\"spotlightImg\">\n\n\t\t\t<picture>\n\t\t\t\t<source media=\"(max-width: 768px)\" srcset=\"https:\/\/files.sunoresearch.com.br\/n\/uploads\/2022\/11\/via-viia3-fachada-loja-casas-bahiha-reproducao-twitter-400x200.jpg\">\n\t\t\t\t<img loading=\"lazy\" decoding=\"async\" class=\"newsContent__article__imgCapa lazyloadDisabled \" src=\"https:\/\/files.sunoresearch.com.br\/n\/uploads\/2022\/11\/via-viia3-fachada-loja-casas-bahiha-reproducao-twitter-800x450.jpg\" width=\"800\" height=\"450\" alt=\"Casas Bahia (BHIA3), ex-VIIA3: vice-presidente comercial e de opera\u00e7\u00f5es renuncia ao cargo\" fetchpriority=high \/>\n\t\t\t<\/picture>\n\n\t\t\t<figcaption class=\"wp-caption-text wp-caption-text--show\">Fachada de loja das Casas Bahia, empresa operada pela Via (VIIA3). Foto: Divulga\u00e7\u00e3o\/Twitter<\/figcaption>\n\t\t<\/figure>\n\t<\/div>\n\n\n\n\n\n\n\n\t<p>\n\t\t<a href=\"\" target=\"_blank\" data-element=\"shortcode-suno-banner\" title=\"Banner SUNO, clique e saiba mais\">\n\t\t\t<picture>\n\t\t\t\t<source media=\"(max-width: 500px)\" srcset=\"\">\n\t\t\t\t<img class=\"newsContent__article__imgCapa newsContent__article__imgCapa--banner\"\n\t\t\t\t\tsrc=\"\"\n\t\t\t\t\tdata-promo-id=\"250707\"\t\t\t\t\t\t\t\t\t\t\t\t\t\t\talt=\"\"\n\t\t\t\t>\n\t\t\t<\/picture>\n\t\t<\/a>\n\t<\/p>\n\n\n\n\n\n<p>Segundo a companhia, o <a href=\"https:\/\/www.suno.com.br\/artigos\/ceo\/\">diretor-presidente<\/a> da Casas Bahia (ex-<strong>VIIA3<\/strong>), <strong>Renato Franklin<\/strong>, indicar\u00e1 outro diretor para assumir interinamente o cargo deixado por Vieira, at\u00e9 que o <a href=\"https:\/\/www.suno.com.br\/artigos\/conselho-administracao\/\">conselho de administra\u00e7\u00e3o<\/a> eleja um novo diretor para preencher seu cargo.<\/p>\n\n\n\n<h2 class=\"wp-block-heading\">Casas Bahia (BHIA3) se reorganiza em meio \u00e0 forte queda das a\u00e7\u00f5es<\/h2>\n\n\n\n<p>Desde a \u00faltima quarta-feira (20), o Grupo&nbsp;Casas Bahia negocia suas a\u00e7\u00f5es na bolsa brasileira sob um novo ticker. A troca marca o in\u00edcio de uma nova fase, com o resgate da marca da rede de lojas mais conhecida do grupo e a ado\u00e7\u00e3o de um plano para trazer mais de R$ 3 bilh\u00f5es em novas receitas, envolvendo ainda venda de ativos e corte de custos.<\/p>\n\n\n\n<p>H\u00e1 dois anos, a Via Varejo (com ticker&nbsp;<strong>VVAR3<\/strong>) j\u00e1 havia sido renomeada como&nbsp;<strong>Via (VIIA3)<\/strong>&nbsp;para indicar que rumava para al\u00e9m do neg\u00f3cio de varejo. Agora, ela retorna \u00e0s origens com a retomada do nome Casas Bahia. O que implica a recupera\u00e7\u00e3o de slogans, posicionamentos de mercado, identidade visual e at\u00e9 do antigo garoto-propaganda do grupo.<\/p>\n\n\n\n<p>A mudan\u00e7a de rota se d\u00e1 ainda em um momento de turbul\u00eancia nos pre\u00e7os das a\u00e7\u00f5es, abaladas pela vis\u00e3o negativa do mercado em rela\u00e7\u00e3o ao endividamento do grupo e \u00e0 sua capacidade de operar de forma saud\u00e1vel financeiramente.<\/p>\n\n\n\n<p>Em agosto de 2020, na pandemia, ainda sob a marca&nbsp;<strong>Via Varejo<\/strong>, as a\u00e7\u00f5es do grupo \u2013 que re\u00fane as redes Casas Bahia, Ponto Frio e Bartira \u2013 chegaram a ser cotadas acima dos R$ 20,85.<\/p>\n\n\n\t<p>\n\t\t<a href=\"https:\/\/lp.suno.com.br\/planilha-controle-gastos\/\" target=\"_blank\" data-element=\"shortcode-suno-banner\" title=\"Banner SUNO, clique e saiba mais\">\n\t\t\t<picture>\n\t\t\t\t<source media=\"(max-width: 500px)\" srcset=\"https:\/\/files.sunoresearch.com.br\/n\/uploads\/2023\/03\/400x300-Planilha-controle-de-gastos.png\">\n\t\t\t\t<img class=\"newsContent__article__imgCapa newsContent__article__imgCapa--banner\"\n\t\t\t\t\tsrc=\"https:\/\/files.sunoresearch.com.br\/n\/uploads\/2023\/03\/1420x240-Planilha-controle-de-gastos.png\"\n\t\t\t\t\tdata-promo-id=\"101751\"\t\t\t\t\t\t\t\t\t\twidth='1420' height='240'\t\t\t\t\talt=\"https:\/\/files.sunoresearch.com.br\/n\/uploads\/2023\/03\/1420x240-Planilha-controle-de-gastos.png\"\n\t\t\t\t>\n\t\t\t<\/picture>\n\t\t<\/a>\n\t<\/p>\n\n\n\n\n\n<h2 class=\"wp-block-heading\">Centavos<\/h2>\n\n\n\n<p>Na \u00faltima quinta (21), a a\u00e7\u00e3o da companhia encerrou o preg\u00e3o negociada em torno de R$ 0,74, transformando o papel, um dos com mais opera\u00e7\u00f5es na Bolsa, em uma \u201c<strong>penny stock<\/strong>\u201d \u2013 quando a a\u00e7\u00e3o \u00e9 negociada na casa de centavos. A perda de mais de 96% consumiu R$ 32 bilh\u00f5es em&nbsp;<a href=\"https:\/\/www.suno.com.br\/artigos\/valor-de-mercado\/\"><strong>valor de mercado<\/strong><\/a>&nbsp;da empresa desde ent\u00e3o \u2013 ou o equivalente a uma&nbsp;<a href=\"https:\/\/www.suno.com.br\/acoes\/CMIG4\/\"><strong>Cemig (CMIG4)<\/strong><\/a>.<\/p>\n\n\n\n<p>A queda se acentuou no \u00faltimo m\u00eas, quando as a\u00e7\u00f5es ca\u00edram cerca de 60%, sobretudo ap\u00f3s o follow on (nova emiss\u00e3o de a\u00e7\u00f5es) realizado no dia 14. O grupo buscava levantar R$ 1,1 bilh\u00e3o, mas conseguiu s\u00f3 R$ 623 milh\u00f5es, com desconto de 28%.<\/p>\n\n\n\n<p>Ainda para piorar, na v\u00e9spera da opera\u00e7\u00e3o a d\u00edvida da empresa foi rebaixada pela ag\u00eancia Standard &amp; Poor\u2019s, levando ao temor de que os detentores de&nbsp;<strong>Certificados de Receb\u00edveis Imobili\u00e1rios (CRIs)<\/strong>&nbsp;do grupo pedissem o resgate antecipado dos t\u00edtulos.<\/p>\n\n\n\n<p>Nesse cen\u00e1rio, a aten\u00e7\u00e3o do&nbsp;<strong>CEO, Renato Franklin<\/strong>, no cargo desde abril, vindo da locadora de ve\u00edculos Movida, se volta agora para tentar tranquilizar o mercado. Ele insiste que a d\u00edvida da empresa n\u00e3o \u00e9 preocupante, apesar do cen\u00e1rio de juros altos e cr\u00e9dito escasso depois do caso da Americanas (AMER3). Nega tamb\u00e9m que a empresa esteja rumando a uma<strong>&nbsp;<a href=\"https:\/\/www.suno.com.br\/artigos\/recuperacao-judicial\/\">recupera\u00e7\u00e3o judicial<\/a><\/strong>. \u201cH\u00e1 uma percep\u00e7\u00e3o equivocada de risco da companhia\u201d, diz ele.<\/p>\n\n\n\n<h2 class=\"wp-block-heading\">Endividamento<\/h2>\n\n\n\n<p>A&nbsp;<a href=\"https:\/\/www.suno.com.br\/artigos\/divida-bruta\/\">d\u00edvida bruta<\/a>&nbsp;do grupo registrada no balan\u00e7o do segundo trimestre foi de R$ 3,7 bilh\u00f5es, com um adicional de R$ 1,5 bilh\u00e3o em \u201c<strong>risco sacado<\/strong>\u201c, que s\u00e3o empr\u00e9stimos banc\u00e1rios que antecipam receb\u00edveis a serem pagos aos fornecedores da varejista \u2013 e que est\u00e3o no centro da crise da Americanas. Al\u00e9m disso, a empresa registrou em junho empr\u00e9stimos de R$ 8,7 bilh\u00f5es.<\/p>\n\n\n\n<p>Esses n\u00fameros podem parecer preocupantes diante de um caixa de R$ 2,7 bilh\u00f5es e dos seguidos preju\u00edzos. No segundo trimestre, o grupo teve R$ 492 milh\u00f5es de preju\u00edzo.<\/p>\n\n\n\n<p>Mas h\u00e1 alguns atenuantes. Das d\u00edvidas, s\u00f3 R$ 1,8 bilh\u00e3o vence at\u00e9 2024, e R$ 1,2 bilh\u00e3o j\u00e1 est\u00e1 sendo renegociado com os bancos. E a percep\u00e7\u00e3o no mercado \u00e9 de que os bancos devem facilitar as negocia\u00e7\u00f5es, j\u00e1 que seguem em conversas duras para diminuir as perdas com a Americanas e, nesse cen\u00e1rio, n\u00e3o querem outro grande problema.<\/p>\n\n\n\n<p>Al\u00e9m disso, o CEO observa que R$ 5 bilh\u00f5es dos R$ 8,7 bilh\u00f5es em empr\u00e9stimos est\u00e3o assegurados por receitas futuras da empresa. Uma pessoa pr\u00f3xima \u00e0 opera\u00e7\u00e3o diz que \u201cpara cada R$ 1 disso, existe outro R$ 1 quase garantido que a empresa tem a receber\u201d. Ela afirma ainda que, historicamente, a inadimpl\u00eancia do credi\u00e1rio da Casas Bahia \u00e9 baixa. \u201cA nossa perda l\u00edquida \u00e9 de menos de 5%. A Casas Bahia sempre soube dar cr\u00e9dito\u201d, diz Franklin.<\/p>\n\n\n\t<p>\n\t\t<a href=\"https:\/\/lp.suno.com.br\/ebook-como-analisar-uma-acao\/\" target=\"_blank\" data-element=\"shortcode-suno-banner\" title=\"Banner SUNO, clique e saiba mais\">\n\t\t\t<picture>\n\t\t\t\t<source media=\"(max-width: 500px)\" srcset=\"https:\/\/files.sunoresearch.com.br\/n\/uploads\/2023\/03\/Ebook-Acoes-Mobile-1.jpg\">\n\t\t\t\t<img class=\"newsContent__article__imgCapa newsContent__article__imgCapa--banner\"\n\t\t\t\t\tsrc=\"https:\/\/files.sunoresearch.com.br\/n\/uploads\/2023\/03\/Ebook-Acoes-Desktop-1.jpg\"\n\t\t\t\t\tdata-promo-id=\"171998\"\t\t\t\t\t\t\t\t\t\twidth='1420' height='286'\t\t\t\t\talt=\"https:\/\/files.sunoresearch.com.br\/n\/uploads\/2023\/03\/Ebook-Acoes-Desktop-1.jpg\"\n\t\t\t\t>\n\t\t\t<\/picture>\n\t\t<\/a>\n\t<\/p>\n\n\n\n\n\n<h2 class=\"wp-block-heading\">Nova fase traz de volta o garoto-propaganda<\/h2>\n\n\n\n<p>A reformula\u00e7\u00e3o da&nbsp;<strong>marca Casas Bahia&nbsp;<\/strong>deve ser a vitrine de um plano de R$ 3 bilh\u00f5es que a empresa quer colocar em pr\u00e1tica para contornar seu endividamento. A estrat\u00e9gia est\u00e1 dividida em tr\u00eas frentes de cerca de R$ 1 bilh\u00e3o cada uma, envolvendo novas receitas e corte de custos, venda de ativos e diminui\u00e7\u00e3o de estoques, segundo o CEO da empresa,&nbsp;<a href=\"https:\/\/www.suno.com.br\/tudo-sobre\/renato-franklin\/\">Renato Franklin<\/a>.<\/p>\n\n\n\n<p>A companhia volta a utilizar o slogan \u201cDedica\u00e7\u00e3o total a voc\u00ea\u201d em suas campanhas publicit\u00e1rias, e at\u00e9 j\u00e1 tem novos an\u00fancios com o ator Fabiano Augusto, o garoto-propaganda que ficou conhecido por centenas de filmes da rede em que repetia o bord\u00e3o \u201cQuer pagar quanto?\u201d.<\/p>\n\n\n\n<p>Para a mudan\u00e7a na comunica\u00e7\u00e3o, a empresa deixou \u2013 em troca de contratos de menor custo \u2013 um relacionamento de anos com a ag\u00eancia de publicidade VMLY&amp;R. A conta era renovada desde 2002. Na \u00e9poca, o acordo era com o grupo Newcomm, do empres\u00e1rio<strong>&nbsp;Roberto Justus<\/strong>, que depois foi integrado \u00e0 ag\u00eancia global Young &amp; Rubicam. Agora, o prestador de servi\u00e7os ser\u00e1 o Grupo Dreamers, de Roberto Medina, anteriormente chamado Artplan.<\/p>\n\n\n\n<p>As a\u00e7\u00f5es na internet e na TV dever\u00e3o ser mais focadas, com an\u00fancios regionais, evitando pagar pela veicula\u00e7\u00e3o nacional. A meta: economizar R$ 200 milh\u00f5es por ano em comunica\u00e7\u00e3o. A <strong>Casas Bahia<\/strong> pretende rentabilizar as vitrines e criar quiosques de vendas, patrocinados por fornecedores, nas suas lojas. At\u00e9 mesmo promo\u00e7\u00f5es no site ser\u00e3o pagas por ind\u00fastrias interessadas em aumentar a exposi\u00e7\u00e3o de suas marcas.<\/p>\n\n\n\n<h2 class=\"wp-block-heading\">Desempenho das a\u00e7\u00f5es da Casas Bahia<\/h2>\n\n\n\n<div class=\"pluginQuotation\">\n  <p class=\"ticker\">\n    Cota\u00e7\u00e3o <span>BHIA3<\/span>\n  <\/p>\n  <div class=\"info\">\n    <div class=\"leftSide\">\n      Gr\u00e1fico gerado em: 27\/09\/2023    <\/div>\n\t\t\t\t\t<div class=\"rightSide\">\n\t\t\t\t\t<span class=\"period\">\n\t\t\t\t\t\t1 Dia\t\t\t\t\t<\/span>\n\t\t\t<\/div>\n\t\t  <\/div>\n\n  <div id=\"chart-2676bc5b4b6889234c1956b3522437db\" data-block-hash=\"2676bc5b4b6889234c1956b3522437db\"  class=\"chart\" style=\"width:100%;height:400px;\"><\/div>\n\n  <div class=\"pluginQuotation__footer\">\n    <div class=\"dataChart\">\n\n      <div class=\"dataChart__div1 variation\">\n        <div class=\"value-positive\">\n          3,45 (+0,02%)        <\/div>\n        <div class=\"text\">\n          Varia\u00e7\u00e3o do per\u00edodo\n        <\/div>\n      <\/div>\n\n      <div class=\"dataChart__div2 minMax\">\n        <div class=\"value\">\n          R$\u00a00,58        <\/div>\n        <div class=\"text\">\n          M\u00ednima\n        <\/div>\n      <\/div>\n\n      <div class=\"dataChart__div3 minMax\">\n        <div class=\"value\">\n          R$\u00a00,61        <\/div>\n        <div class=\"text\">\n          M\u00e1xima\n        <\/div>\n      <\/div>\n\n\t\t\t<div class=\"dataChart__div4 rightSide\">\n\t\t\t\t<div class=\"analiticaSource\">\n\t\t\t\t\t<span>\n\t\t\t\t\t\tFonte:\n\t\t\t\t\t<\/span>\n\t\t\t\t\t<img decoding=\"async\" class=\"analiticaLogo\" src=\"https:\/\/www.suno.com.br\/noticias\/wp-content\/plugins\/suno-block-ticker-quotation\/src\/suno-analitica-logo.png\" alt=\"Logo Suno Anal\u00edtica\" \/>\n\t\t\t\t<\/div>\n\n\t\t\t\t<a href=\"https:\/\/www.suno.com.br\/analitica\/acoes\/BHIA3\" target=\"_blank\">\n\t\t\t\t\t<span>\n\t\t\t\t\t\tVer mais cota\u00e7\u00f5es\n\t\t\t\t\t<\/span>\n\t\t\t\t\t<svg xmlns=\"http:\/\/www.w3.org\/2000\/svg\" width=\"9\" height=\"8\" viewBox=\"0 0 9 8\" fill=\"none\">\n\t\t\t\t\t\t<path d=\"M4.20996 0L3.50496 0.705L6.29496 3.5H0.209961V4.5H6.29496L3.50496 7.295L4.20996 8L8.20996 4L4.20996 0Z\" fill=\"#D42126\" \/>\n\t\t\t\t\t<\/svg>\n\t\t\t\t<\/a>\n    <\/div>\n\n    <\/div>\n  <\/div>\n<\/div>\n\n\n<script type=\"text\/javascript\">\n  let chart_2676bc5b4b6889234c1956b3522437db = document.getElementById('chart-2676bc5b4b6889234c1956b3522437db');\n  let data_json_2676bc5b4b6889234c1956b3522437db = \"[{\\\"date\\\":\\\"26\\\\\\\/09\\\\\\\/23 10:06\\\",\\\"value\\\":0.58},{\\\"date\\\":\\\"26\\\\\\\/09\\\\\\\/23 10:08\\\",\\\"value\\\":0.58},{\\\"date\\\":\\\"26\\\\\\\/09\\\\\\\/23 10:10\\\",\\\"value\\\":0.58},{\\\"date\\\":\\\"26\\\\\\\/09\\\\\\\/23 10:12\\\",\\\"value\\\":0.59},{\\\"date\\\":\\\"26\\\\\\\/09\\\\\\\/23 10:14\\\",\\\"value\\\":0.59},{\\\"date\\\":\\\"26\\\\\\\/09\\\\\\\/23 10:16\\\",\\\"value\\\":0.58},{\\\"date\\\":\\\"26\\\\\\\/09\\\\\\\/23 10:18\\\",\\\"value\\\":0.59},{\\\"date\\\":\\\"26\\\\\\\/09\\\\\\\/23 10:20\\\",\\\"value\\\":0.59},{\\\"date\\\":\\\"26\\\\\\\/09\\\\\\\/23 10:22\\\",\\\"value\\\":0.6},{\\\"date\\\":\\\"26\\\\\\\/09\\\\\\\/23 10:24\\\",\\\"value\\\":0.59},{\\\"date\\\":\\\"26\\\\\\\/09\\\\\\\/23 10:26\\\",\\\"value\\\":0.6},{\\\"date\\\":\\\"26\\\\\\\/09\\\\\\\/23 10:28\\\",\\\"value\\\":0.59},{\\\"date\\\":\\\"26\\\\\\\/09\\\\\\\/23 10:30\\\",\\\"value\\\":0.6},{\\\"date\\\":\\\"26\\\\\\\/09\\\\\\\/23 10:32\\\",\\\"value\\\":0.6},{\\\"date\\\":\\\"26\\\\\\\/09\\\\\\\/23 10:34\\\",\\\"value\\\":0.6},{\\\"date\\\":\\\"26\\\\\\\/09\\\\\\\/23 10:36\\\",\\\"value\\\":0.6},{\\\"date\\\":\\\"26\\\\\\\/09\\\\\\\/23 10:38\\\",\\\"value\\\":0.6},{\\\"date\\\":\\\"26\\\\\\\/09\\\\\\\/23 10:40\\\",\\\"value\\\":0.6},{\\\"date\\\":\\\"26\\\\\\\/09\\\\\\\/23 10:42\\\",\\\"value\\\":0.61},{\\\"date\\\":\\\"26\\\\\\\/09\\\\\\\/23 10:44\\\",\\\"value\\\":0.61},{\\\"date\\\":\\\"26\\\\\\\/09\\\\\\\/23 10:46\\\",\\\"value\\\":0.61},{\\\"date\\\":\\\"26\\\\\\\/09\\\\\\\/23 10:48\\\",\\\"value\\\":0.6},{\\\"date\\\":\\\"26\\\\\\\/09\\\\\\\/23 10:50\\\",\\\"value\\\":0.6},{\\\"date\\\":\\\"26\\\\\\\/09\\\\\\\/23 10:52\\\",\\\"value\\\":0.61},{\\\"date\\\":\\\"26\\\\\\\/09\\\\\\\/23 10:54\\\",\\\"value\\\":0.61},{\\\"date\\\":\\\"26\\\\\\\/09\\\\\\\/23 10:56\\\",\\\"value\\\":0.61},{\\\"date\\\":\\\"26\\\\\\\/09\\\\\\\/23 10:58\\\",\\\"value\\\":0.61},{\\\"date\\\":\\\"26\\\\\\\/09\\\\\\\/23 11:00\\\",\\\"value\\\":0.61},{\\\"date\\\":\\\"26\\\\\\\/09\\\\\\\/23 11:02\\\",\\\"value\\\":0.61},{\\\"date\\\":\\\"26\\\\\\\/09\\\\\\\/23 11:04\\\",\\\"value\\\":0.61},{\\\"date\\\":\\\"26\\\\\\\/09\\\\\\\/23 11:06\\\",\\\"value\\\":0.61},{\\\"date\\\":\\\"26\\\\\\\/09\\\\\\\/23 11:08\\\",\\\"value\\\":0.61},{\\\"date\\\":\\\"26\\\\\\\/09\\\\\\\/23 11:10\\\",\\\"value\\\":0.61},{\\\"date\\\":\\\"26\\\\\\\/09\\\\\\\/23 11:12\\\",\\\"value\\\":0.61},{\\\"date\\\":\\\"26\\\\\\\/09\\\\\\\/23 11:14\\\",\\\"value\\\":0.6},{\\\"date\\\":\\\"26\\\\\\\/09\\\\\\\/23 11:16\\\",\\\"value\\\":0.6},{\\\"date\\\":\\\"26\\\\\\\/09\\\\\\\/23 11:18\\\",\\\"value\\\":0.6},{\\\"date\\\":\\\"26\\\\\\\/09\\\\\\\/23 11:20\\\",\\\"value\\\":0.6},{\\\"date\\\":\\\"26\\\\\\\/09\\\\\\\/23 11:22\\\",\\\"value\\\":0.6},{\\\"date\\\":\\\"26\\\\\\\/09\\\\\\\/23 11:24\\\",\\\"value\\\":0.59},{\\\"date\\\":\\\"26\\\\\\\/09\\\\\\\/23 11:26\\\",\\\"value\\\":0.59},{\\\"date\\\":\\\"26\\\\\\\/09\\\\\\\/23 11:28\\\",\\\"value\\\":0.59},{\\\"date\\\":\\\"26\\\\\\\/09\\\\\\\/23 11:30\\\",\\\"value\\\":0.6},{\\\"date\\\":\\\"26\\\\\\\/09\\\\\\\/23 11:32\\\",\\\"value\\\":0.6},{\\\"date\\\":\\\"26\\\\\\\/09\\\\\\\/23 11:34\\\",\\\"value\\\":0.59},{\\\"date\\\":\\\"26\\\\\\\/09\\\\\\\/23 11:36\\\",\\\"value\\\":0.6},{\\\"date\\\":\\\"26\\\\\\\/09\\\\\\\/23 11:38\\\",\\\"value\\\":0.6},{\\\"date\\\":\\\"26\\\\\\\/09\\\\\\\/23 11:40\\\",\\\"value\\\":0.59},{\\\"date\\\":\\\"26\\\\\\\/09\\\\\\\/23 11:42\\\",\\\"value\\\":0.6},{\\\"date\\\":\\\"26\\\\\\\/09\\\\\\\/23 11:44\\\",\\\"value\\\":0.61},{\\\"date\\\":\\\"26\\\\\\\/09\\\\\\\/23 11:46\\\",\\\"value\\\":0.61},{\\\"date\\\":\\\"26\\\\\\\/09\\\\\\\/23 11:48\\\",\\\"value\\\":0.61},{\\\"date\\\":\\\"26\\\\\\\/09\\\\\\\/23 11:50\\\",\\\"value\\\":0.61},{\\\"date\\\":\\\"26\\\\\\\/09\\\\\\\/23 11:52\\\",\\\"value\\\":0.61},{\\\"date\\\":\\\"26\\\\\\\/09\\\\\\\/23 11:54\\\",\\\"value\\\":0.61},{\\\"date\\\":\\\"26\\\\\\\/09\\\\\\\/23 11:56\\\",\\\"value\\\":0.61},{\\\"date\\\":\\\"26\\\\\\\/09\\\\\\\/23 11:58\\\",\\\"value\\\":0.6},{\\\"date\\\":\\\"26\\\\\\\/09\\\\\\\/23 12:00\\\",\\\"value\\\":0.6},{\\\"date\\\":\\\"26\\\\\\\/09\\\\\\\/23 12:02\\\",\\\"value\\\":0.6},{\\\"date\\\":\\\"26\\\\\\\/09\\\\\\\/23 12:04\\\",\\\"value\\\":0.6},{\\\"date\\\":\\\"26\\\\\\\/09\\\\\\\/23 12:06\\\",\\\"value\\\":0.59},{\\\"date\\\":\\\"26\\\\\\\/09\\\\\\\/23 12:08\\\",\\\"value\\\":0.59},{\\\"date\\\":\\\"26\\\\\\\/09\\\\\\\/23 12:10\\\",\\\"value\\\":0.6},{\\\"date\\\":\\\"26\\\\\\\/09\\\\\\\/23 12:12\\\",\\\"value\\\":0.6},{\\\"date\\\":\\\"26\\\\\\\/09\\\\\\\/23 12:14\\\",\\\"value\\\":0.6},{\\\"date\\\":\\\"26\\\\\\\/09\\\\\\\/23 12:16\\\",\\\"value\\\":0.6},{\\\"date\\\":\\\"26\\\\\\\/09\\\\\\\/23 12:18\\\",\\\"value\\\":0.59},{\\\"date\\\":\\\"26\\\\\\\/09\\\\\\\/23 12:20\\\",\\\"value\\\":0.59},{\\\"date\\\":\\\"26\\\\\\\/09\\\\\\\/23 12:22\\\",\\\"value\\\":0.59},{\\\"date\\\":\\\"26\\\\\\\/09\\\\\\\/23 12:24\\\",\\\"value\\\":0.59},{\\\"date\\\":\\\"26\\\\\\\/09\\\\\\\/23 12:26\\\",\\\"value\\\":0.6},{\\\"date\\\":\\\"26\\\\\\\/09\\\\\\\/23 12:28\\\",\\\"value\\\":0.6},{\\\"date\\\":\\\"26\\\\\\\/09\\\\\\\/23 12:30\\\",\\\"value\\\":0.59},{\\\"date\\\":\\\"26\\\\\\\/09\\\\\\\/23 12:32\\\",\\\"value\\\":0.6},{\\\"date\\\":\\\"26\\\\\\\/09\\\\\\\/23 12:34\\\",\\\"value\\\":0.6},{\\\"date\\\":\\\"26\\\\\\\/09\\\\\\\/23 12:36\\\",\\\"value\\\":0.59},{\\\"date\\\":\\\"26\\\\\\\/09\\\\\\\/23 12:38\\\",\\\"value\\\":0.59},{\\\"date\\\":\\\"26\\\\\\\/09\\\\\\\/23 12:40\\\",\\\"value\\\":0.59},{\\\"date\\\":\\\"26\\\\\\\/09\\\\\\\/23 12:42\\\",\\\"value\\\":0.6},{\\\"date\\\":\\\"26\\\\\\\/09\\\\\\\/23 12:44\\\",\\\"value\\\":0.59},{\\\"date\\\":\\\"26\\\\\\\/09\\\\\\\/23 12:46\\\",\\\"value\\\":0.59},{\\\"date\\\":\\\"26\\\\\\\/09\\\\\\\/23 12:48\\\",\\\"value\\\":0.6},{\\\"date\\\":\\\"26\\\\\\\/09\\\\\\\/23 12:50\\\",\\\"value\\\":0.59},{\\\"date\\\":\\\"26\\\\\\\/09\\\\\\\/23 12:52\\\",\\\"value\\\":0.59},{\\\"date\\\":\\\"26\\\\\\\/09\\\\\\\/23 12:54\\\",\\\"value\\\":0.59},{\\\"date\\\":\\\"26\\\\\\\/09\\\\\\\/23 12:56\\\",\\\"value\\\":0.59},{\\\"date\\\":\\\"26\\\\\\\/09\\\\\\\/23 12:58\\\",\\\"value\\\":0.59},{\\\"date\\\":\\\"26\\\\\\\/09\\\\\\\/23 13:00\\\",\\\"value\\\":0.59},{\\\"date\\\":\\\"26\\\\\\\/09\\\\\\\/23 13:02\\\",\\\"value\\\":0.6},{\\\"date\\\":\\\"26\\\\\\\/09\\\\\\\/23 13:04\\\",\\\"value\\\":0.6},{\\\"date\\\":\\\"26\\\\\\\/09\\\\\\\/23 13:06\\\",\\\"value\\\":0.59},{\\\"date\\\":\\\"26\\\\\\\/09\\\\\\\/23 13:08\\\",\\\"value\\\":0.59},{\\\"date\\\":\\\"26\\\\\\\/09\\\\\\\/23 13:10\\\",\\\"value\\\":0.59},{\\\"date\\\":\\\"26\\\\\\\/09\\\\\\\/23 13:12\\\",\\\"value\\\":0.59},{\\\"date\\\":\\\"26\\\\\\\/09\\\\\\\/23 13:14\\\",\\\"value\\\":0.59},{\\\"date\\\":\\\"26\\\\\\\/09\\\\\\\/23 13:16\\\",\\\"value\\\":0.59},{\\\"date\\\":\\\"26\\\\\\\/09\\\\\\\/23 13:18\\\",\\\"value\\\":0.59},{\\\"date\\\":\\\"26\\\\\\\/09\\\\\\\/23 13:20\\\",\\\"value\\\":0.59},{\\\"date\\\":\\\"26\\\\\\\/09\\\\\\\/23 13:22\\\",\\\"value\\\":0.59},{\\\"date\\\":\\\"26\\\\\\\/09\\\\\\\/23 13:24\\\",\\\"value\\\":0.59},{\\\"date\\\":\\\"26\\\\\\\/09\\\\\\\/23 13:26\\\",\\\"value\\\":0.59},{\\\"date\\\":\\\"26\\\\\\\/09\\\\\\\/23 13:28\\\",\\\"value\\\":0.59},{\\\"date\\\":\\\"26\\\\\\\/09\\\\\\\/23 13:30\\\",\\\"value\\\":0.59},{\\\"date\\\":\\\"26\\\\\\\/09\\\\\\\/23 13:32\\\",\\\"value\\\":0.59},{\\\"date\\\":\\\"26\\\\\\\/09\\\\\\\/23 13:34\\\",\\\"value\\\":0.59},{\\\"date\\\":\\\"26\\\\\\\/09\\\\\\\/23 13:36\\\",\\\"value\\\":0.59},{\\\"date\\\":\\\"26\\\\\\\/09\\\\\\\/23 13:38\\\",\\\"value\\\":0.59},{\\\"date\\\":\\\"26\\\\\\\/09\\\\\\\/23 13:40\\\",\\\"value\\\":0.59},{\\\"date\\\":\\\"26\\\\\\\/09\\\\\\\/23 13:42\\\",\\\"value\\\":0.59},{\\\"date\\\":\\\"26\\\\\\\/09\\\\\\\/23 13:44\\\",\\\"value\\\":0.59},{\\\"date\\\":\\\"26\\\\\\\/09\\\\\\\/23 13:46\\\",\\\"value\\\":0.59},{\\\"date\\\":\\\"26\\\\\\\/09\\\\\\\/23 13:48\\\",\\\"value\\\":0.59},{\\\"date\\\":\\\"26\\\\\\\/09\\\\\\\/23 13:50\\\",\\\"value\\\":0.59},{\\\"date\\\":\\\"26\\\\\\\/09\\\\\\\/23 13:52\\\",\\\"value\\\":0.59},{\\\"date\\\":\\\"26\\\\\\\/09\\\\\\\/23 13:54\\\",\\\"value\\\":0.6},{\\\"date\\\":\\\"26\\\\\\\/09\\\\\\\/23 13:56\\\",\\\"value\\\":0.59},{\\\"date\\\":\\\"26\\\\\\\/09\\\\\\\/23 13:58\\\",\\\"value\\\":0.6},{\\\"date\\\":\\\"26\\\\\\\/09\\\\\\\/23 14:00\\\",\\\"value\\\":0.59},{\\\"date\\\":\\\"26\\\\\\\/09\\\\\\\/23 14:02\\\",\\\"value\\\":0.59},{\\\"date\\\":\\\"26\\\\\\\/09\\\\\\\/23 14:04\\\",\\\"value\\\":0.59},{\\\"date\\\":\\\"26\\\\\\\/09\\\\\\\/23 14:06\\\",\\\"value\\\":0.59},{\\\"date\\\":\\\"26\\\\\\\/09\\\\\\\/23 14:08\\\",\\\"value\\\":0.59},{\\\"date\\\":\\\"26\\\\\\\/09\\\\\\\/23 14:10\\\",\\\"value\\\":0.59},{\\\"date\\\":\\\"26\\\\\\\/09\\\\\\\/23 14:12\\\",\\\"value\\\":0.59},{\\\"date\\\":\\\"26\\\\\\\/09\\\\\\\/23 14:14\\\",\\\"value\\\":0.59},{\\\"date\\\":\\\"26\\\\\\\/09\\\\\\\/23 14:16\\\",\\\"value\\\":0.59},{\\\"date\\\":\\\"26\\\\\\\/09\\\\\\\/23 14:18\\\",\\\"value\\\":0.59},{\\\"date\\\":\\\"26\\\\\\\/09\\\\\\\/23 14:20\\\",\\\"value\\\":0.59},{\\\"date\\\":\\\"26\\\\\\\/09\\\\\\\/23 14:22\\\",\\\"value\\\":0.59},{\\\"date\\\":\\\"26\\\\\\\/09\\\\\\\/23 14:24\\\",\\\"value\\\":0.59},{\\\"date\\\":\\\"26\\\\\\\/09\\\\\\\/23 14:26\\\",\\\"value\\\":0.59},{\\\"date\\\":\\\"26\\\\\\\/09\\\\\\\/23 14:28\\\",\\\"value\\\":0.59},{\\\"date\\\":\\\"26\\\\\\\/09\\\\\\\/23 14:30\\\",\\\"value\\\":0.6},{\\\"date\\\":\\\"26\\\\\\\/09\\\\\\\/23 14:32\\\",\\\"value\\\":0.6},{\\\"date\\\":\\\"26\\\\\\\/09\\\\\\\/23 14:34\\\",\\\"value\\\":0.59},{\\\"date\\\":\\\"26\\\\\\\/09\\\\\\\/23 14:36\\\",\\\"value\\\":0.59},{\\\"date\\\":\\\"26\\\\\\\/09\\\\\\\/23 14:38\\\",\\\"value\\\":0.59},{\\\"date\\\":\\\"26\\\\\\\/09\\\\\\\/23 14:40\\\",\\\"value\\\":0.59},{\\\"date\\\":\\\"26\\\\\\\/09\\\\\\\/23 14:42\\\",\\\"value\\\":0.6},{\\\"date\\\":\\\"26\\\\\\\/09\\\\\\\/23 14:44\\\",\\\"value\\\":0.59},{\\\"date\\\":\\\"26\\\\\\\/09\\\\\\\/23 14:46\\\",\\\"value\\\":0.59},{\\\"date\\\":\\\"26\\\\\\\/09\\\\\\\/23 14:48\\\",\\\"value\\\":0.6},{\\\"date\\\":\\\"26\\\\\\\/09\\\\\\\/23 14:50\\\",\\\"value\\\":0.59},{\\\"date\\\":\\\"26\\\\\\\/09\\\\\\\/23 14:52\\\",\\\"value\\\":0.59},{\\\"date\\\":\\\"26\\\\\\\/09\\\\\\\/23 14:54\\\",\\\"value\\\":0.59},{\\\"date\\\":\\\"26\\\\\\\/09\\\\\\\/23 14:56\\\",\\\"value\\\":0.59},{\\\"date\\\":\\\"26\\\\\\\/09\\\\\\\/23 14:58\\\",\\\"value\\\":0.59},{\\\"date\\\":\\\"26\\\\\\\/09\\\\\\\/23 15:00\\\",\\\"value\\\":0.6},{\\\"date\\\":\\\"26\\\\\\\/09\\\\\\\/23 15:02\\\",\\\"value\\\":0.6},{\\\"date\\\":\\\"26\\\\\\\/09\\\\\\\/23 15:04\\\",\\\"value\\\":0.59},{\\\"date\\\":\\\"26\\\\\\\/09\\\\\\\/23 15:06\\\",\\\"value\\\":0.59},{\\\"date\\\":\\\"26\\\\\\\/09\\\\\\\/23 15:08\\\",\\\"value\\\":0.59},{\\\"date\\\":\\\"26\\\\\\\/09\\\\\\\/23 15:10\\\",\\\"value\\\":0.59},{\\\"date\\\":\\\"26\\\\\\\/09\\\\\\\/23 15:12\\\",\\\"value\\\":0.6},{\\\"date\\\":\\\"26\\\\\\\/09\\\\\\\/23 15:14\\\",\\\"value\\\":0.59},{\\\"date\\\":\\\"26\\\\\\\/09\\\\\\\/23 15:16\\\",\\\"value\\\":0.59},{\\\"date\\\":\\\"26\\\\\\\/09\\\\\\\/23 15:18\\\",\\\"value\\\":0.59},{\\\"date\\\":\\\"26\\\\\\\/09\\\\\\\/23 15:20\\\",\\\"value\\\":0.6},{\\\"date\\\":\\\"26\\\\\\\/09\\\\\\\/23 15:22\\\",\\\"value\\\":0.59},{\\\"date\\\":\\\"26\\\\\\\/09\\\\\\\/23 15:24\\\",\\\"value\\\":0.6},{\\\"date\\\":\\\"26\\\\\\\/09\\\\\\\/23 15:26\\\",\\\"value\\\":0.59},{\\\"date\\\":\\\"26\\\\\\\/09\\\\\\\/23 15:28\\\",\\\"value\\\":0.59},{\\\"date\\\":\\\"26\\\\\\\/09\\\\\\\/23 15:30\\\",\\\"value\\\":0.59},{\\\"date\\\":\\\"26\\\\\\\/09\\\\\\\/23 15:32\\\",\\\"value\\\":0.59},{\\\"date\\\":\\\"26\\\\\\\/09\\\\\\\/23 15:34\\\",\\\"value\\\":0.59},{\\\"date\\\":\\\"26\\\\\\\/09\\\\\\\/23 15:36\\\",\\\"value\\\":0.6},{\\\"date\\\":\\\"26\\\\\\\/09\\\\\\\/23 15:38\\\",\\\"value\\\":0.59},{\\\"date\\\":\\\"26\\\\\\\/09\\\\\\\/23 15:40\\\",\\\"value\\\":0.59},{\\\"date\\\":\\\"26\\\\\\\/09\\\\\\\/23 15:42\\\",\\\"value\\\":0.6},{\\\"date\\\":\\\"26\\\\\\\/09\\\\\\\/23 15:44\\\",\\\"value\\\":0.59},{\\\"date\\\":\\\"26\\\\\\\/09\\\\\\\/23 15:46\\\",\\\"value\\\":0.6},{\\\"date\\\":\\\"26\\\\\\\/09\\\\\\\/23 15:48\\\",\\\"value\\\":0.59},{\\\"date\\\":\\\"26\\\\\\\/09\\\\\\\/23 15:50\\\",\\\"value\\\":0.61},{\\\"date\\\":\\\"26\\\\\\\/09\\\\\\\/23 15:52\\\",\\\"value\\\":0.61},{\\\"date\\\":\\\"26\\\\\\\/09\\\\\\\/23 15:54\\\",\\\"value\\\":0.6},{\\\"date\\\":\\\"26\\\\\\\/09\\\\\\\/23 15:56\\\",\\\"value\\\":0.6},{\\\"date\\\":\\\"26\\\\\\\/09\\\\\\\/23 15:58\\\",\\\"value\\\":0.6},{\\\"date\\\":\\\"26\\\\\\\/09\\\\\\\/23 16:00\\\",\\\"value\\\":0.6},{\\\"date\\\":\\\"26\\\\\\\/09\\\\\\\/23 16:02\\\",\\\"value\\\":0.6},{\\\"date\\\":\\\"26\\\\\\\/09\\\\\\\/23 16:04\\\",\\\"value\\\":0.6},{\\\"date\\\":\\\"26\\\\\\\/09\\\\\\\/23 16:06\\\",\\\"value\\\":0.6},{\\\"date\\\":\\\"26\\\\\\\/09\\\\\\\/23 16:08\\\",\\\"value\\\":0.61},{\\\"date\\\":\\\"26\\\\\\\/09\\\\\\\/23 16:10\\\",\\\"value\\\":0.6},{\\\"date\\\":\\\"26\\\\\\\/09\\\\\\\/23 16:12\\\",\\\"value\\\":0.6},{\\\"date\\\":\\\"26\\\\\\\/09\\\\\\\/23 16:14\\\",\\\"value\\\":0.59},{\\\"date\\\":\\\"26\\\\\\\/09\\\\\\\/23 16:16\\\",\\\"value\\\":0.59},{\\\"date\\\":\\\"26\\\\\\\/09\\\\\\\/23 16:18\\\",\\\"value\\\":0.59},{\\\"date\\\":\\\"26\\\\\\\/09\\\\\\\/23 16:20\\\",\\\"value\\\":0.59},{\\\"date\\\":\\\"26\\\\\\\/09\\\\\\\/23 16:22\\\",\\\"value\\\":0.6},{\\\"date\\\":\\\"26\\\\\\\/09\\\\\\\/23 16:24\\\",\\\"value\\\":0.58},{\\\"date\\\":\\\"26\\\\\\\/09\\\\\\\/23 16:26\\\",\\\"value\\\":0.59},{\\\"date\\\":\\\"26\\\\\\\/09\\\\\\\/23 16:28\\\",\\\"value\\\":0.58},{\\\"date\\\":\\\"26\\\\\\\/09\\\\\\\/23 16:30\\\",\\\"value\\\":0.58},{\\\"date\\\":\\\"26\\\\\\\/09\\\\\\\/23 16:32\\\",\\\"value\\\":0.58},{\\\"date\\\":\\\"26\\\\\\\/09\\\\\\\/23 16:34\\\",\\\"value\\\":0.59},{\\\"date\\\":\\\"26\\\\\\\/09\\\\\\\/23 16:36\\\",\\\"value\\\":0.59},{\\\"date\\\":\\\"26\\\\\\\/09\\\\\\\/23 16:38\\\",\\\"value\\\":0.6},{\\\"date\\\":\\\"26\\\\\\\/09\\\\\\\/23 16:40\\\",\\\"value\\\":0.59},{\\\"date\\\":\\\"26\\\\\\\/09\\\\\\\/23 16:42\\\",\\\"value\\\":0.59},{\\\"date\\\":\\\"26\\\\\\\/09\\\\\\\/23 16:44\\\",\\\"value\\\":0.59},{\\\"date\\\":\\\"26\\\\\\\/09\\\\\\\/23 16:46\\\",\\\"value\\\":0.59},{\\\"date\\\":\\\"26\\\\\\\/09\\\\\\\/23 16:48\\\",\\\"value\\\":0.59},{\\\"date\\\":\\\"26\\\\\\\/09\\\\\\\/23 16:50\\\",\\\"value\\\":0.59},{\\\"date\\\":\\\"26\\\\\\\/09\\\\\\\/23 16:52\\\",\\\"value\\\":0.59},{\\\"date\\\":\\\"26\\\\\\\/09\\\\\\\/23 16:54\\\",\\\"value\\\":0.59},{\\\"date\\\":\\\"26\\\\\\\/09\\\\\\\/23 17:10\\\",\\\"value\\\":0.6},{\\\"date\\\":\\\"26\\\\\\\/09\\\\\\\/23 17:30\\\",\\\"value\\\":0.61},{\\\"date\\\":\\\"26\\\\\\\/09\\\\\\\/23 17:32\\\",\\\"value\\\":0.6},{\\\"date\\\":\\\"26\\\\\\\/09\\\\\\\/23 17:34\\\",\\\"value\\\":0.6},{\\\"date\\\":\\\"26\\\\\\\/09\\\\\\\/23 17:36\\\",\\\"value\\\":0.61},{\\\"date\\\":\\\"26\\\\\\\/09\\\\\\\/23 17:38\\\",\\\"value\\\":0.61},{\\\"date\\\":\\\"26\\\\\\\/09\\\\\\\/23 17:40\\\",\\\"value\\\":0.61},{\\\"date\\\":\\\"26\\\\\\\/09\\\\\\\/23 17:42\\\",\\\"value\\\":0.61},{\\\"date\\\":\\\"26\\\\\\\/09\\\\\\\/23 17:44\\\",\\\"value\\\":0.6},{\\\"date\\\":\\\"26\\\\\\\/09\\\\\\\/23 17:46\\\",\\\"value\\\":0.6},{\\\"date\\\":\\\"26\\\\\\\/09\\\\\\\/23 17:48\\\",\\\"value\\\":0.61},{\\\"date\\\":\\\"26\\\\\\\/09\\\\\\\/23 17:50\\\",\\\"value\\\":0.6},{\\\"date\\\":\\\"26\\\\\\\/09\\\\\\\/23 17:52\\\",\\\"value\\\":0.6},{\\\"date\\\":\\\"26\\\\\\\/09\\\\\\\/23 17:54\\\",\\\"value\\\":0.59},{\\\"date\\\":\\\"26\\\\\\\/09\\\\\\\/23 17:56\\\",\\\"value\\\":0.6},{\\\"date\\\":\\\"26\\\\\\\/09\\\\\\\/23 17:58\\\",\\\"value\\\":0.6}]\";\n  let isPositive_2676bc5b4b6889234c1956b3522437db = true;\n\n  let color_2676bc5b4b6889234c1956b3522437db = isPositive_2676bc5b4b6889234c1956b3522437db ? '#3AB53A' : '#D92C2D';\n\n  let data_2676bc5b4b6889234c1956b3522437db = JSON.parse(data_json_2676bc5b4b6889234c1956b3522437db);\n\n  const result_2676bc5b4b6889234c1956b3522437db = {\n    date: [],\n    value: [],\n  };\n\n  data_2676bc5b4b6889234c1956b3522437db.forEach((item) => {\n    result_2676bc5b4b6889234c1956b3522437db.date.push(item.date);\n    result_2676bc5b4b6889234c1956b3522437db.value.push(Number(item.value));\n  });\n\n  let option_2676bc5b4b6889234c1956b3522437db = {\n    \/\/ variavel de cor global\n    color: [color_2676bc5b4b6889234c1956b3522437db],\n    title: {\n      text: '',\n    },\n    tooltip: {\n      trigger: 'axis',\n      axisPointer: {\n        type: 'cross',\n        label: {\n          \/\/ cor dos valores em X e Y\n          backgroundColor: color_2676bc5b4b6889234c1956b3522437db,\n          formatter: (value) => {\n            if (typeof value.value === 'number') {\n              return Number(value.value).toLocaleString('pt-br', {\n                style: 'currency',\n                currency: 'BRL'\n              });\n            }\n            return value.value;\n          },\n        },\n      },\n      valueFormatter: (value) => Number(value).toLocaleString('pt-br', {\n        style: 'currency',\n        currency: 'BRL'\n      }),\n    },\n    legend: {\n      \/\/ data: ['Valor de Fechamento'],\n      show: false,\n    },\n    toolbox: {\n      feature: {\n        saveAsImage: {\n          show: false,\n        },\n      },\n    },\n    grid: {\n      left: '0px',\n      right: '0px',\n      bottom: '0px',\n      containLabel: true,\n    },\n    xAxis: [{\n      type: 'category',\n      data: result_2676bc5b4b6889234c1956b3522437db.date,\n      boundaryGap: true,\n    }],\n    yAxis: [{\n      type: 'value',\n      min: Math.min(...result_2676bc5b4b6889234c1956b3522437db.value),\n      max: Math.max(...result_2676bc5b4b6889234c1956b3522437db.value),\n      axisLabel: {\n        formatter: (value) => value.toLocaleString('pt-br', {\n          style: 'currency',\n          currency: 'BRL'\n        }),\n      },\n    }],\n    series: [{\n      name: 'Valor de Fechamento',\n      type: 'line',\n      stack: 'Total',\n      \/\/ cor do grafico\n      areaStyle: {},\n      emphasis: {\n        focus: 'series',\n      },\n      data: result_2676bc5b4b6889234c1956b3522437db.value,\n      \/\/ cor da linha\n      lineStyle: {\n        color: color_2676bc5b4b6889234c1956b3522437db,\n      },\n    }, ],\n  };\n\n\twindow.chart_2676bc5b4b6889234c1956b3522437db = {\n\t\tel: chart_2676bc5b4b6889234c1956b3522437db,\n\t\toption: option_2676bc5b4b6889234c1956b3522437db\t};\n\n\n<\/script>\n\n\n\n<p><em>Com informa\u00e7\u00f5es de Estad\u00e3o Conte\u00fado<\/em><\/p>\n\n\n\t<p>\n\t\t<a href=\"https:\/\/lp.suno.com.br\/planilha-de-controle-de-investimentos\/\" target=\"_blank\" data-element=\"shortcode-suno-banner\" title=\"Banner SUNO, clique e saiba mais\">\n\t\t\t<picture>\n\t\t\t\t<source media=\"(max-width: 500px)\" srcset=\"https:\/\/files.sunoresearch.com.br\/n\/uploads\/2023\/03\/400x300-Controle-de-Investimentos.png\">\n\t\t\t\t<img class=\"newsContent__article__imgCapa newsContent__article__imgCapa--banner\"\n\t\t\t\t\tsrc=\"https:\/\/files.sunoresearch.com.br\/n\/uploads\/2023\/03\/1420x240-Controle-de-Investimentos.png\"\n\t\t\t\t\tdata-promo-id=\"75934\"\t\t\t\t\t\t\t\t\t\twidth='1420' height='240'\t\t\t\t\talt=\"https:\/\/files.sunoresearch.com.br\/n\/uploads\/2023\/03\/1420x240-Controle-de-Investimentos.png\"\n\t\t\t\t>\n\t\t\t<\/picture>\n\t\t<\/a>\n\t<\/p>\n\n\n","protected":false},"excerpt":{"rendered":"<p>A Casas Bahia (BHIA3) informou que recebeu a ren\u00fancia de Abel Ornelas Vieira ao cargo de vice-presidente comercial e de opera\u00e7\u00f5es da companhia, para o qual havia sido eleito em 3 de maio deste ano. Fachada de loja das Casas Bahia, empresa operada pela Via (VIIA3). Foto: Divulga\u00e7\u00e3o\/Twitter Segundo a companhia, o diretor-presidente da Casas [&hellip;]<\/p>\n","protected":false},"author":313,"featured_media":326121,"comment_status":"closed","ping_status":"closed","sticky":false,"template":"","format":"standard","meta":[],"categories":[64],"tags":[106935],"suno_strategy":[],"class_list":["post-462460","post","type-post","status-publish","format-standard","has-post-thumbnail","hentry","category-negocios","tag-via-viia3"],"yoast_head":"<!-- This site is optimized with the Yoast SEO plugin v24.4 - https:\/\/yoast.com\/wordpress\/plugins\/seo\/ -->\n<title>Casas Bahia (BHIA3): vice-presidente comercial renuncia ao cargo<\/title>\n<meta name=\"description\" content=\"A Casas Bahia informou que recebeu a ren\u00fancia de Abel Ornelas Vieira ao cargo de vice-presidente comercial e de opera\u00e7\u00f5es da companhia.\" \/>\n<meta name=\"robots\" content=\"index, follow, max-snippet:-1, max-image-preview:large, max-video-preview:-1\" \/>\n<link rel=\"canonical\" href=\"https:\/\/www.suno.com.br\/noticias\/casas-bahia-bhia3-comercial-operacoes-gpj\/\" \/>\n<meta property=\"og:locale\" content=\"pt_BR\" \/>\n<meta property=\"og:type\" content=\"article\" \/>\n<meta property=\"og:title\" content=\"Casas Bahia (BHIA3): vice-presidente comercial renuncia ao cargo\" \/>\n<meta property=\"og:description\" content=\"A Casas Bahia informou que recebeu a ren\u00fancia de Abel Ornelas Vieira ao cargo de vice-presidente comercial e de opera\u00e7\u00f5es da companhia.\" \/>\n<meta property=\"og:url\" content=\"https:\/\/www.suno.com.br\/noticias\/casas-bahia-bhia3-comercial-operacoes-gpj\/\" \/>\n<meta property=\"og:site_name\" content=\"Suno Not\u00edcias\" \/>\n<meta property=\"article:publisher\" content=\"https:\/\/facebook.com\/sunoresearch\" \/>\n<meta property=\"og:image\" content=\"https:\/\/files.sunoresearch.com.br\/n\/uploads\/2022\/11\/via-viia3-fachada-loja-casas-bahiha-reproducao-twitter.jpg\" \/>\n\t<meta property=\"og:image:width\" content=\"1200\" \/>\n\t<meta property=\"og:image:height\" content=\"675\" \/>\n\t<meta property=\"og:image:type\" content=\"image\/jpeg\" \/>\n<meta name=\"author\" content=\"Giovanni Porf\u00edrio Jacomino\" \/>\n<meta name=\"twitter:card\" content=\"summary_large_image\" \/>\n<meta name=\"twitter:creator\" content=\"@sunoresearch\" \/>\n<meta name=\"twitter:site\" content=\"@sunoresearch\" \/>\n<meta name=\"twitter:label1\" content=\"Escrito por\" \/>\n\t<meta name=\"twitter:data1\" content=\"Giovanni Porf\u00edrio Jacomino\" \/>\n\t<meta name=\"twitter:label2\" content=\"Est. tempo de leitura\" \/>\n\t<meta name=\"twitter:data2\" content=\"6 minutos\" \/>\n<script type=\"application\/ld+json\" class=\"yoast-schema-graph\">{\"@context\":\"https:\/\/schema.org\",\"@graph\":[{\"@type\":\"NewsArticle\",\"@id\":\"https:\/\/www.suno.com.br\/noticias\/casas-bahia-bhia3-comercial-operacoes-gpj\/#article\",\"isPartOf\":{\"@id\":\"https:\/\/www.suno.com.br\/noticias\/casas-bahia-bhia3-comercial-operacoes-gpj\/\"},\"author\":{\"name\":\"Giovanni Porf\u00edrio Jacomino\",\"@id\":\"https:\/\/www.suno.com.br\/noticias\/#\/schema\/person\/d0f32748bbca4bee871fa191ee4e2d40\"},\"headline\":\"Casas Bahia (BHIA3), ex-VIIA3: vice-presidente comercial e de opera\u00e7\u00f5es renuncia ao cargo\",\"datePublished\":\"2023-09-27T10:27:03+00:00\",\"dateModified\":\"2023-09-27T14:02:05+00:00\",\"mainEntityOfPage\":{\"@id\":\"https:\/\/www.suno.com.br\/noticias\/casas-bahia-bhia3-comercial-operacoes-gpj\/\"},\"wordCount\":1109,\"publisher\":{\"@id\":\"https:\/\/www.suno.com.br\/noticias\/#organization\"},\"image\":{\"@id\":\"https:\/\/www.suno.com.br\/noticias\/casas-bahia-bhia3-comercial-operacoes-gpj\/#primaryimage\"},\"thumbnailUrl\":\"https:\/\/files.sunoresearch.com.br\/n\/uploads\/2022\/11\/via-viia3-fachada-loja-casas-bahiha-reproducao-twitter.jpg\",\"keywords\":[\"Via (VIIA3)\"],\"articleSection\":[\"Neg\u00f3cios\"],\"inLanguage\":\"pt-BR\"},{\"@type\":\"WebPage\",\"@id\":\"https:\/\/www.suno.com.br\/noticias\/casas-bahia-bhia3-comercial-operacoes-gpj\/\",\"url\":\"https:\/\/www.suno.com.br\/noticias\/casas-bahia-bhia3-comercial-operacoes-gpj\/\",\"name\":\"Casas Bahia (BHIA3): vice-presidente comercial renuncia ao cargo\",\"isPartOf\":{\"@id\":\"https:\/\/www.suno.com.br\/noticias\/#website\"},\"primaryImageOfPage\":{\"@id\":\"https:\/\/www.suno.com.br\/noticias\/casas-bahia-bhia3-comercial-operacoes-gpj\/#primaryimage\"},\"image\":{\"@id\":\"https:\/\/www.suno.com.br\/noticias\/casas-bahia-bhia3-comercial-operacoes-gpj\/#primaryimage\"},\"thumbnailUrl\":\"https:\/\/files.sunoresearch.com.br\/n\/uploads\/2022\/11\/via-viia3-fachada-loja-casas-bahiha-reproducao-twitter.jpg\",\"datePublished\":\"2023-09-27T10:27:03+00:00\",\"dateModified\":\"2023-09-27T14:02:05+00:00\",\"description\":\"A Casas Bahia informou que recebeu a ren\u00fancia de Abel Ornelas Vieira ao cargo de vice-presidente comercial e de opera\u00e7\u00f5es da companhia.\",\"breadcrumb\":{\"@id\":\"https:\/\/www.suno.com.br\/noticias\/casas-bahia-bhia3-comercial-operacoes-gpj\/#breadcrumb\"},\"inLanguage\":\"pt-BR\",\"potentialAction\":[{\"@type\":\"ReadAction\",\"target\":[\"https:\/\/www.suno.com.br\/noticias\/casas-bahia-bhia3-comercial-operacoes-gpj\/\"]}]},{\"@type\":\"ImageObject\",\"inLanguage\":\"pt-BR\",\"@id\":\"https:\/\/www.suno.com.br\/noticias\/casas-bahia-bhia3-comercial-operacoes-gpj\/#primaryimage\",\"url\":\"https:\/\/files.sunoresearch.com.br\/n\/uploads\/2022\/11\/via-viia3-fachada-loja-casas-bahiha-reproducao-twitter.jpg\",\"contentUrl\":\"https:\/\/files.sunoresearch.com.br\/n\/uploads\/2022\/11\/via-viia3-fachada-loja-casas-bahiha-reproducao-twitter.jpg\",\"width\":1200,\"height\":675,\"caption\":\"Fachada de loja das Casas Bahia, empresa operada pela Via (VIIA3). Foto: Divulga\u00e7\u00e3o\/Twitter\"},{\"@type\":\"BreadcrumbList\",\"@id\":\"https:\/\/www.suno.com.br\/noticias\/casas-bahia-bhia3-comercial-operacoes-gpj\/#breadcrumb\",\"itemListElement\":[{\"@type\":\"ListItem\",\"position\":1,\"name\":\"Not\u00edcias\",\"item\":\"https:\/\/www.suno.com.br\/noticias\/\"},{\"@type\":\"ListItem\",\"position\":2,\"name\":\"Neg\u00f3cios\",\"item\":\"https:\/\/www.suno.com.br\/noticias\/negocios\/\"},{\"@type\":\"ListItem\",\"position\":3,\"name\":\"Casas Bahia (BHIA3), ex-VIIA3: vice-presidente comercial e de opera\u00e7\u00f5es renuncia ao cargo\"}]},{\"@type\":\"WebSite\",\"@id\":\"https:\/\/www.suno.com.br\/noticias\/#website\",\"url\":\"https:\/\/www.suno.com.br\/noticias\/\",\"name\":\"Suno Not\u00edcias\",\"description\":\"Seu portal de informa\u00e7\u00e3o sobre o mundo dos investimentos\",\"publisher\":{\"@id\":\"https:\/\/www.suno.com.br\/noticias\/#organization\"},\"potentialAction\":[{\"@type\":\"SearchAction\",\"target\":{\"@type\":\"EntryPoint\",\"urlTemplate\":\"https:\/\/www.suno.com.br\/noticias\/?s={search_term_string}\"},\"query-input\":{\"@type\":\"PropertyValueSpecification\",\"valueRequired\":true,\"valueName\":\"search_term_string\"}}],\"inLanguage\":\"pt-BR\"},{\"@type\":\"Organization\",\"@id\":\"https:\/\/www.suno.com.br\/noticias\/#organization\",\"name\":\"Suno Not\u00edcias\",\"url\":\"https:\/\/www.suno.com.br\/noticias\/\",\"logo\":{\"@type\":\"ImageObject\",\"inLanguage\":\"pt-BR\",\"@id\":\"https:\/\/www.suno.com.br\/noticias\/#\/schema\/logo\/image\/\",\"url\":\"https:\/\/files.sunoresearch.com.br\/n\/uploads\/2021\/09\/suno-logo.png\",\"contentUrl\":\"https:\/\/files.sunoresearch.com.br\/n\/uploads\/2021\/09\/suno-logo.png\",\"width\":180,\"height\":180,\"caption\":\"Suno Not\u00edcias\"},\"image\":{\"@id\":\"https:\/\/www.suno.com.br\/noticias\/#\/schema\/logo\/image\/\"},\"sameAs\":[\"https:\/\/facebook.com\/sunoresearch\",\"https:\/\/x.com\/sunoresearch\",\"https:\/\/www.instagram.com\/suno\",\"https:\/\/www.linkedin.com\/company\/suno-research\/\",\"https:\/\/www.youtube.com\/c\/sunoresearch\"]},{\"@type\":\"Person\",\"@id\":\"https:\/\/www.suno.com.br\/noticias\/#\/schema\/person\/d0f32748bbca4bee871fa191ee4e2d40\",\"name\":\"Giovanni Porf\u00edrio Jacomino\",\"image\":{\"@type\":\"ImageObject\",\"inLanguage\":\"pt-BR\",\"@id\":\"https:\/\/www.suno.com.br\/noticias\/#\/schema\/person\/image\/\",\"url\":\"https:\/\/secure.gravatar.com\/avatar\/efb32e19b730a121cb7a80f41ffec01a?s=96&r=g\",\"contentUrl\":\"https:\/\/secure.gravatar.com\/avatar\/efb32e19b730a121cb7a80f41ffec01a?s=96&r=g\",\"caption\":\"Giovanni Porf\u00edrio Jacomino\"},\"description\":\"Giovanni Porf\u00edrio Jacomino \u00e9 jornalista formado pela Universidade Estadual de Londrina (UEL) e p\u00f3s-graduado em Produ\u00e7\u00e3o e Pr\u00e1ticas Jornal\u00edsticas na Contemporaneidade na Faculdade C\u00e1sper L\u00edbero (FCL). Foi editor web no Startupi e no Finsiders, atuando ainda como editor no TC Mover, portal de not\u00edcias da TradersClub, fazendo a cobertura de assuntos relacionados ao mercado financeiro interno e externo. Atualmente, \u00e9 Rep\u00f3rter do Suno Not\u00edcias.\",\"url\":\"https:\/\/www.suno.com.br\/noticias\/author\/giovanni-porfiriosuno-com-br\/\"}]}<\/script>\n<!-- \/ Yoast SEO plugin. -->","yoast_head_json":{"title":"Casas Bahia (BHIA3): vice-presidente comercial renuncia ao cargo","description":"A Casas Bahia informou que recebeu a ren\u00fancia de Abel Ornelas Vieira ao cargo de vice-presidente comercial e de opera\u00e7\u00f5es da companhia.","robots":{"index":"index","follow":"follow","max-snippet":"max-snippet:-1","max-image-preview":"max-image-preview:large","max-video-preview":"max-video-preview:-1"},"canonical":"https:\/\/www.suno.com.br\/noticias\/casas-bahia-bhia3-comercial-operacoes-gpj\/","og_locale":"pt_BR","og_type":"article","og_title":"Casas Bahia (BHIA3): vice-presidente comercial renuncia ao cargo","og_description":"A Casas Bahia informou que recebeu a ren\u00fancia de Abel Ornelas Vieira ao cargo de vice-presidente comercial e de opera\u00e7\u00f5es da companhia.","og_url":"https:\/\/www.suno.com.br\/noticias\/casas-bahia-bhia3-comercial-operacoes-gpj\/","og_site_name":"Suno Not\u00edcias","article_publisher":"https:\/\/facebook.com\/sunoresearch","og_image":[{"width":1200,"height":675,"url":"https:\/\/files.sunoresearch.com.br\/n\/uploads\/2022\/11\/via-viia3-fachada-loja-casas-bahiha-reproducao-twitter.jpg","type":"image\/jpeg"}],"author":"Giovanni Porf\u00edrio Jacomino","twitter_card":"summary_large_image","twitter_creator":"@sunoresearch","twitter_site":"@sunoresearch","twitter_misc":{"Escrito por":"Giovanni Porf\u00edrio Jacomino","Est. tempo de leitura":"6 minutos"},"schema":{"@context":"https:\/\/schema.org","@graph":[{"@type":"NewsArticle","@id":"https:\/\/www.suno.com.br\/noticias\/casas-bahia-bhia3-comercial-operacoes-gpj\/#article","isPartOf":{"@id":"https:\/\/www.suno.com.br\/noticias\/casas-bahia-bhia3-comercial-operacoes-gpj\/"},"author":{"name":"Giovanni Porf\u00edrio Jacomino","@id":"https:\/\/www.suno.com.br\/noticias\/#\/schema\/person\/d0f32748bbca4bee871fa191ee4e2d40"},"headline":"Casas Bahia (BHIA3), ex-VIIA3: vice-presidente comercial e de opera\u00e7\u00f5es renuncia ao cargo","datePublished":"2023-09-27T10:27:03+00:00","dateModified":"2023-09-27T14:02:05+00:00","mainEntityOfPage":{"@id":"https:\/\/www.suno.com.br\/noticias\/casas-bahia-bhia3-comercial-operacoes-gpj\/"},"wordCount":1109,"publisher":{"@id":"https:\/\/www.suno.com.br\/noticias\/#organization"},"image":{"@id":"https:\/\/www.suno.com.br\/noticias\/casas-bahia-bhia3-comercial-operacoes-gpj\/#primaryimage"},"thumbnailUrl":"https:\/\/files.sunoresearch.com.br\/n\/uploads\/2022\/11\/via-viia3-fachada-loja-casas-bahiha-reproducao-twitter.jpg","keywords":["Via (VIIA3)"],"articleSection":["Neg\u00f3cios"],"inLanguage":"pt-BR"},{"@type":"WebPage","@id":"https:\/\/www.suno.com.br\/noticias\/casas-bahia-bhia3-comercial-operacoes-gpj\/","url":"https:\/\/www.suno.com.br\/noticias\/casas-bahia-bhia3-comercial-operacoes-gpj\/","name":"Casas Bahia (BHIA3): vice-presidente comercial renuncia ao cargo","isPartOf":{"@id":"https:\/\/www.suno.com.br\/noticias\/#website"},"primaryImageOfPage":{"@id":"https:\/\/www.suno.com.br\/noticias\/casas-bahia-bhia3-comercial-operacoes-gpj\/#primaryimage"},"image":{"@id":"https:\/\/www.suno.com.br\/noticias\/casas-bahia-bhia3-comercial-operacoes-gpj\/#primaryimage"},"thumbnailUrl":"https:\/\/files.sunoresearch.com.br\/n\/uploads\/2022\/11\/via-viia3-fachada-loja-casas-bahiha-reproducao-twitter.jpg","datePublished":"2023-09-27T10:27:03+00:00","dateModified":"2023-09-27T14:02:05+00:00","description":"A Casas Bahia informou que recebeu a ren\u00fancia de Abel Ornelas Vieira ao cargo de vice-presidente comercial e de opera\u00e7\u00f5es da companhia.","breadcrumb":{"@id":"https:\/\/www.suno.com.br\/noticias\/casas-bahia-bhia3-comercial-operacoes-gpj\/#breadcrumb"},"inLanguage":"pt-BR","potentialAction":[{"@type":"ReadAction","target":["https:\/\/www.suno.com.br\/noticias\/casas-bahia-bhia3-comercial-operacoes-gpj\/"]}]},{"@type":"ImageObject","inLanguage":"pt-BR","@id":"https:\/\/www.suno.com.br\/noticias\/casas-bahia-bhia3-comercial-operacoes-gpj\/#primaryimage","url":"https:\/\/files.sunoresearch.com.br\/n\/uploads\/2022\/11\/via-viia3-fachada-loja-casas-bahiha-reproducao-twitter.jpg","contentUrl":"https:\/\/files.sunoresearch.com.br\/n\/uploads\/2022\/11\/via-viia3-fachada-loja-casas-bahiha-reproducao-twitter.jpg","width":1200,"height":675,"caption":"Fachada de loja das Casas Bahia, empresa operada pela Via (VIIA3). Foto: Divulga\u00e7\u00e3o\/Twitter"},{"@type":"BreadcrumbList","@id":"https:\/\/www.suno.com.br\/noticias\/casas-bahia-bhia3-comercial-operacoes-gpj\/#breadcrumb","itemListElement":[{"@type":"ListItem","position":1,"name":"Not\u00edcias","item":"https:\/\/www.suno.com.br\/noticias\/"},{"@type":"ListItem","position":2,"name":"Neg\u00f3cios","item":"https:\/\/www.suno.com.br\/noticias\/negocios\/"},{"@type":"ListItem","position":3,"name":"Casas Bahia (BHIA3), ex-VIIA3: vice-presidente comercial e de opera\u00e7\u00f5es renuncia ao cargo"}]},{"@type":"WebSite","@id":"https:\/\/www.suno.com.br\/noticias\/#website","url":"https:\/\/www.suno.com.br\/noticias\/","name":"Suno Not\u00edcias","description":"Seu portal de informa\u00e7\u00e3o sobre o mundo dos investimentos","publisher":{"@id":"https:\/\/www.suno.com.br\/noticias\/#organization"},"potentialAction":[{"@type":"SearchAction","target":{"@type":"EntryPoint","urlTemplate":"https:\/\/www.suno.com.br\/noticias\/?s={search_term_string}"},"query-input":{"@type":"PropertyValueSpecification","valueRequired":true,"valueName":"search_term_string"}}],"inLanguage":"pt-BR"},{"@type":"Organization","@id":"https:\/\/www.suno.com.br\/noticias\/#organization","name":"Suno Not\u00edcias","url":"https:\/\/www.suno.com.br\/noticias\/","logo":{"@type":"ImageObject","inLanguage":"pt-BR","@id":"https:\/\/www.suno.com.br\/noticias\/#\/schema\/logo\/image\/","url":"https:\/\/files.sunoresearch.com.br\/n\/uploads\/2021\/09\/suno-logo.png","contentUrl":"https:\/\/files.sunoresearch.com.br\/n\/uploads\/2021\/09\/suno-logo.png","width":180,"height":180,"caption":"Suno Not\u00edcias"},"image":{"@id":"https:\/\/www.suno.com.br\/noticias\/#\/schema\/logo\/image\/"},"sameAs":["https:\/\/facebook.com\/sunoresearch","https:\/\/x.com\/sunoresearch","https:\/\/www.instagram.com\/suno","https:\/\/www.linkedin.com\/company\/suno-research\/","https:\/\/www.youtube.com\/c\/sunoresearch"]},{"@type":"Person","@id":"https:\/\/www.suno.com.br\/noticias\/#\/schema\/person\/d0f32748bbca4bee871fa191ee4e2d40","name":"Giovanni Porf\u00edrio Jacomino","image":{"@type":"ImageObject","inLanguage":"pt-BR","@id":"https:\/\/www.suno.com.br\/noticias\/#\/schema\/person\/image\/","url":"https:\/\/secure.gravatar.com\/avatar\/efb32e19b730a121cb7a80f41ffec01a?s=96&r=g","contentUrl":"https:\/\/secure.gravatar.com\/avatar\/efb32e19b730a121cb7a80f41ffec01a?s=96&r=g","caption":"Giovanni Porf\u00edrio Jacomino"},"description":"Giovanni Porf\u00edrio Jacomino \u00e9 jornalista formado pela Universidade Estadual de Londrina (UEL) e p\u00f3s-graduado em Produ\u00e7\u00e3o e Pr\u00e1ticas Jornal\u00edsticas na Contemporaneidade na Faculdade C\u00e1sper L\u00edbero (FCL). Foi editor web no Startupi e no Finsiders, atuando ainda como editor no TC Mover, portal de not\u00edcias da TradersClub, fazendo a cobertura de assuntos relacionados ao mercado financeiro interno e externo. Atualmente, \u00e9 Rep\u00f3rter do Suno Not\u00edcias.","url":"https:\/\/www.suno.com.br\/noticias\/author\/giovanni-porfiriosuno-com-br\/"}]}},"default_loop_html":"<div class=\"cardsPage__listCard__boxs\"><div class=\"cardsPage__listCard__boxs__img\"><a href=\"https:\/\/www.suno.com.br\/noticias\/casas-bahia-bhia3-comercial-operacoes-gpj\/\"><img class=\"mask\" src=\"https:\/\/www.suno.com.br\/noticias\/wp-content\/themes\/suno\/resources\/images\/spotlight\/spotlight1img\/bg-mask.png\" alt=\"Image Mask\"\/><img src=\"https:\/\/files.sunoresearch.com.br\/n\/uploads\/2022\/11\/via-viia3-fachada-loja-casas-bahiha-reproducao-twitter-400x200.jpg\" alt=\"Casas Bahia (BHIA3), ex-VIIA3: vice-presidente comercial e de opera\u00e7\u00f5es renuncia ao cargo\"\/><\/a><span class=\"spotlightCategory\"><a href=\"https:\/\/www.suno.com.br\/noticias\/negocios\/\">Neg\u00f3cios<\/a><\/span><\/div><div class=\"cardsPage__listCard__boxs__content\"><a href=\"https:\/\/www.suno.com.br\/noticias\/casas-bahia-bhia3-comercial-operacoes-gpj\/\"><h2 class=\"content__title\">Casas Bahia (BHIA3), ex-VIIA3: vice-presidente comercial e de opera\u00e7\u00f5es renuncia ao cargo<\/h2><\/a><div class=\"newsContent__article__meta\"><div class=\"newsContent__article__meta__authorBox\"><a href=\"https:\/\/www.suno.com.br\/noticias\/author\/giovanni-porfiriosuno-com-br\/\" class=\"authorBox__avatar noMobi\"><img src=\"https:\/\/files.sunoresearch.com.br\/n\/uploads\/2024\/05\/DSCF4115-1-1-150x150.webp\" alt=\"Giovanni Porf\u00edrio Jacomino\"><\/a><div class=\"authorBox__name\"><span>por\n\t\t\t<a href=\"https:\/\/www.suno.com.br\/noticias\/author\/giovanni-porfiriosuno-com-br\/\"><span itemprop=\"author\">Giovanni Porf\u00edrio Jacomino<\/span><\/a><\/span><time datetime=\"2023-09-27T07:27:03-03:00\" itemprop=\"datePublished\">27\/09\/2023 07:27<\/time><\/div><\/div><\/div><\/div><\/div>","single_layout":"posts","amp_enabled":true,"_links":{"self":[{"href":"https:\/\/www.suno.com.br\/noticias\/wp-json\/wp\/v2\/posts\/462460"}],"collection":[{"href":"https:\/\/www.suno.com.br\/noticias\/wp-json\/wp\/v2\/posts"}],"about":[{"href":"https:\/\/www.suno.com.br\/noticias\/wp-json\/wp\/v2\/types\/post"}],"author":[{"embeddable":true,"href":"https:\/\/www.suno.com.br\/noticias\/wp-json\/wp\/v2\/users\/313"}],"replies":[{"embeddable":true,"href":"https:\/\/www.suno.com.br\/noticias\/wp-json\/wp\/v2\/comments?post=462460"}],"version-history":[{"count":3,"href":"https:\/\/www.suno.com.br\/noticias\/wp-json\/wp\/v2\/posts\/462460\/revisions"}],"predecessor-version":[{"id":462635,"href":"https:\/\/www.suno.com.br\/noticias\/wp-json\/wp\/v2\/posts\/462460\/revisions\/462635"}],"wp:featuredmedia":[{"embeddable":true,"href":"https:\/\/www.suno.com.br\/noticias\/wp-json\/wp\/v2\/media\/326121"}],"wp:attachment":[{"href":"https:\/\/www.suno.com.br\/noticias\/wp-json\/wp\/v2\/media?parent=462460"}],"wp:term":[{"taxonomy":"category","embeddable":true,"href":"https:\/\/www.suno.com.br\/noticias\/wp-json\/wp\/v2\/categories?post=462460"},{"taxonomy":"post_tag","embeddable":true,"href":"https:\/\/www.suno.com.br\/noticias\/wp-json\/wp\/v2\/tags?post=462460"},{"taxonomy":"suno_strategy","embeddable":true,"href":"https:\/\/www.suno.com.br\/noticias\/wp-json\/wp\/v2\/suno_strategy?post=462460"}],"curies":[{"name":"wp","href":"https:\/\/api.w.org\/{rel}","templated":true}]}}