{"id":462366,"date":"2023-09-26T22:03:19","date_gmt":"2023-09-27T01:03:19","guid":{"rendered":"https:\/\/www.suno.com.br\/noticias\/?p=462366"},"modified":"2023-09-26T22:03:28","modified_gmt":"2023-09-27T01:03:28","slug":"radar-natura-ntco3-auren-aure3-marisa-amar3","status":"publish","type":"post","link":"https:\/\/www.suno.com.br\/noticias\/radar-natura-ntco3-auren-aure3-marisa-amar3\/","title":{"rendered":"Radar: Natura (NTCO3) tem pre\u00e7o-alvo elevado, dividendos de Auren (AURE3) e parceria de Marisa (AMAR3) pode gerar receita milion\u00e1ria"},"content":{"rendered":"<p>O BB Investimentos elevou recomenda\u00e7\u00e3o de neutra para compra das a\u00e7\u00f5es da<strong>&nbsp;Natura&nbsp;<\/strong>(NTCO3) e o seu pre\u00e7o-alvo. Segundo o BB, h\u00e1 uma melhora na perspectiva para o desempenho financeiro da companhia, considerando positiva a venda da&nbsp;<a href=\"https:\/\/www.suno.com.br\/noticias\/natura-sinal-verde-venda-the-body-shop-cpf\/\">The Body Shop<\/a>.<\/p>\t<div class=\"wrapper-featured-image\">\n\t\t<figure class=\"spotlightImg\">\n\n\t\t\t<picture>\n\t\t\t\t<source media=\"(max-width: 768px)\" srcset=\"https:\/\/files.sunoresearch.com.br\/n\/uploads\/2021\/03\/fb35d009-natura-400x200.webp\">\n\t\t\t\t<img loading=\"lazy\" decoding=\"async\" class=\"newsContent__article__imgCapa lazyloadDisabled \" src=\"https:\/\/files.sunoresearch.com.br\/n\/uploads\/2021\/03\/fb35d009-natura-800x450.webp\" width=\"800\" height=\"450\" alt=\"Radar: Natura (NTCO3) tem pre\u00e7o-alvo elevado, dividendos de Auren (AURE3) e parceria de Marisa (AMAR3) pode gerar receita milion\u00e1ria\" fetchpriority=high \/>\n\t\t\t<\/picture>\n\n\t\t\t<figcaption class=\"wp-caption-text wp-caption-text--show\">Natura (NTCO3). Foto: Divulga\u00e7\u00e3o<\/figcaption>\n\t\t<\/figure>\n\t<\/div>\n\n\n\n\n\n\t<p>\n\t\t<a href=\"https:\/\/lp.suno.com.br\/planilha-da-vida-financeira\/\" target=\"_blank\" data-element=\"shortcode-suno-banner\" title=\"Banner SUNO, clique e saiba mais\">\n\t\t\t<picture>\n\t\t\t\t<source media=\"(max-width: 500px)\" srcset=\"https:\/\/files.sunoresearch.com.br\/n\/uploads\/2023\/04\/400x300-Planilha-vida-financeira-true.png\">\n\t\t\t\t<img class=\"newsContent__article__imgCapa newsContent__article__imgCapa--banner\"\n\t\t\t\t\tsrc=\"https:\/\/files.sunoresearch.com.br\/n\/uploads\/2023\/04\/1420x240-Planilha-vida-financeira-true.png\"\n\t\t\t\t\tdata-promo-id=\"106682\"\t\t\t\t\t\t\t\t\t\twidth='1420' height='240'\t\t\t\t\talt=\"https:\/\/files.sunoresearch.com.br\/n\/uploads\/2023\/04\/1420x240-Planilha-vida-financeira-true.png\"\n\t\t\t\t>\n\t\t\t<\/picture>\n\t\t<\/a>\n\t<\/p>\n\n\n\n\n\n\n\n<p>Para a equipe do BB, a execu\u00e7\u00e3o do&nbsp;<strong>plano de transforma\u00e7\u00e3o da Natura &amp; Co<\/strong>&nbsp;est\u00e1 permitindo margens mais elevadas. No entanto, os analistas ainda se mant\u00eam cautelosos com a recupera\u00e7\u00e3o da Avon International.&nbsp;<\/p>\n\n\n\n<p>No processo de transforma\u00e7\u00e3o desde 2022, a Natura &amp; Co vem buscando redesenhar a estrutura organizacional para deix\u00e1-la mais enxuta, dizem os analistas, reduzindo as despesas da holding e melhorando os neg\u00f3cios de baixo desempenho, como Avon e The Body Shop, aponta o BB. Al\u00e9m disso, faz parte da estrat\u00e9gia priorizar a gera\u00e7\u00e3o de caixas.&nbsp;<\/p>\n\n\n\n<p>\u201cOs resultados divulgados no&nbsp;<strong>2T23 da Natura<\/strong>&nbsp;deram continuidade \u00e0s melhoras observadas no 1T23, em especial no que se refere aos ganhos de&nbsp;<a href=\"https:\/\/www.suno.com.br\/artigos\/margem-ebitda\/\" target=\"_blank\" rel=\"noreferrer noopener\">margem Ebitda<\/a>&nbsp;Ajustada\u201d, afirma a casa de investimento.<\/p>\n\n\n\n<p>Neste contexto, o BB recomenda compra para as&nbsp;<strong>a\u00e7\u00f5es da Natura &amp; Co<\/strong>, com pre\u00e7o-alvo de R$ 18,20 \u2013 ante R$ 17,40 no relat\u00f3rio anterior.&nbsp;Nesta ter\u00e7a (26) os pap\u00e9is subiram 0,515, cotados a R$ 15,59.<\/p>\n\n\n\n<p>Al\u00e9m de Natura, confira outros destaques desta ter\u00e7a-feira:<\/p>\n\n\n\n<h2 class=\"wp-block-heading\">Promessa de dividendos: Auren (AURE3) deve pagar R$ 1,5bilh\u00e3o at\u00e9 o fim do ano<\/h2>\n\n\n\n<ul class=\"wp-block-list\">\n<li>Em nova an\u00e1lise sobre as a\u00e7\u00f5es da&nbsp;<a href=\"https:\/\/statusinvest.com.br\/acoes\/aure3?__hstc=189907700.57003753d8805be60d3d8f1693f0228c.1666093829288.1695697008731.1695769005341.267&amp;__hssc=189907700.16.1695769005341&amp;__hsfp=1589074867\" target=\"_blank\" rel=\"noreferrer noopener\">Auren (AURE3)<\/a>, analistas do BTG Pactual reafirmaram sua recomenda\u00e7\u00e3o de compra para os pap\u00e9is e destacara, o pagamento extraordin\u00e1rio de&nbsp;<strong>dividendos<\/strong>&nbsp;da empresa.<\/li>\n<\/ul>\n\n\n\n<ul class=\"wp-block-list\">\n<li>\u201cO CFO reiterou planos de pagar R$ 1,5 bilh\u00e3o em&nbsp;<strong>dividendos extraordin\u00e1rios<\/strong>&nbsp;(rendimento de 11%) at\u00e9 o fim do ano. Por conservadorismo, o cen\u00e1rio de pagamentos de impostos sobre a indeniza\u00e7\u00e3o j\u00e1 foi considerado em seu caso base\u201d, destaca o BTG.<\/li>\n<\/ul>\n\n\n\n<ul class=\"wp-block-list\">\n<li>\u201cA Auren encerrou o segundo trimestre com R$ 6,3 bilh\u00f5es em caixa e Alavancagem ND\/EBITDA de 0,3x. Em nosso modelo, estimamos um uso adicional de caixa em 2S23 de R$ 1,45 bilh\u00e3o em capex para Sol de Ja\u00edba (500 MWac), at\u00e9 R$ 673 milh\u00f5es em impostos cobran\u00e7as e R$ 1,5 bilh\u00e3o em&nbsp;<a href=\"https:\/\/www.suno.com.br\/guias\/dividendos\/\" target=\"_blank\" rel=\"noreferrer noopener\">dividendos<\/a>\u201c, completa a casa.<\/li>\n<\/ul>\n\n\n\n<ul class=\"wp-block-list\">\n<li>Segundo o BTG, a expectativa \u00e9 de que a&nbsp;<strong>Auren<\/strong>&nbsp;feche 2023 com um alavancagem confort\u00e1vel de cerca de 2,0x EBITDA.<\/li>\n<\/ul>\n\n\n\n<ul class=\"wp-block-list\">\n<li>O novo parecer dos analistas ocorreu ap\u00f3s um encontro com Mario Bertoncini, CFO da Auren.<\/li>\n<\/ul>\n\n\n\n<h2 class=\"wp-block-heading\">Marisa (AMAR3) fecha nova parceria e pode gerar receita adicional de R$ 30 milh\u00f5es<\/h2>\n\n\n\n<ul class=\"wp-block-list\">\n<li>A&nbsp;<a href=\"https:\/\/www.suno.com.br\/acoes\/amar3\/\" target=\"_blank\" rel=\"noreferrer noopener\"><strong>Marisa<\/strong>&nbsp;(AMAR3)<\/a>&nbsp;divulgou uma nova parceria com a Ademicon, maior administradora de cons\u00f3rcios independente em cr\u00e9ditos ativos do Brasil. A parceria resultar\u00e1 na cria\u00e7\u00e3o do Cons\u00f3rcio Marisa, conforme comunicado pela empresa nesta ter\u00e7a-feira (26).<\/li>\n<\/ul>\n\n\n\n<ul class=\"wp-block-list\">\n<li>A nova&nbsp;<strong>parceria da Marisa&nbsp;<\/strong>acontece depois da divulga\u00e7\u00e3o da parceria com a Credsystem e tamb\u00e9m ocorre ap\u00f3s a cria\u00e7\u00e3o do Hub de Servi\u00e7os que prop\u00f5e ofertas no setor de seguros.<\/li>\n<\/ul>\n\n\n\n<ul class=\"wp-block-list\">\n<li>O novo plano de neg\u00f3cios com a Ademicon conta com uma estimativa de gera\u00e7\u00e3o de receita adicional de R$ 30 milh\u00f5es em comiss\u00f5es para a varejista, considerando os pr\u00f3ximos 5 anos.<\/li>\n<\/ul>\n\n\n\n<ul class=\"wp-block-list\">\n<li>O&nbsp;<strong>Cons\u00f3rcio Marisa<\/strong>&nbsp;ser\u00e1 composto por cotas de cons\u00f3rcio de ve\u00edculos e de servi\u00e7os em geral. Alguns exemplos desses servi\u00e7os incluem viagens de lua de mel, formaturas, reformas e procedimentos est\u00e9ticos.<\/li>\n<\/ul>\n\n\n\n<ul class=\"wp-block-list\">\n<li>Conforme acordado entre as duas empresas, os cr\u00e9ditos no setor de ve\u00edculos v\u00e3o passar de R$ 36 mil para R$ 500 mil. J\u00e1 os cr\u00e9ditos no setor de servi\u00e7os sa\u00edram de R$ 20 mil e alcan\u00e7aram os R$ 40 mil.<\/li>\n<\/ul>\n\n\n\n<ul class=\"wp-block-list\">\n<li>Inicialmente, a compra do&nbsp;<strong>Cons\u00f3rcio Marisa<\/strong>&nbsp;vai acontecer pelo aplicativo da varejista. Posteriormente, essa aquisi\u00e7\u00e3o vai se dar por meio de totens que a empresa est\u00e1 planejando disponibilizar em suas lojas.<\/li>\n<\/ul>\n\n\n\n<ul class=\"wp-block-list\">\n<li>Em comunicado, a companhia diz que \u201ca nova parceria \u00e9 mais um movimento da Marisa rumo \u00e0 amplia\u00e7\u00e3o da oferta de produtos e servi\u00e7os de terceiros por meio de seus canais de vendas, elevando o potencial de rentabiliza\u00e7\u00e3o da opera\u00e7\u00e3o da varejista\u201d.<\/li>\n<\/ul>\n\n\n\n<ul class=\"wp-block-list\">\n<li>A empresa vai al\u00e9m e afirma que esse movimento representa \u201cmais um passo para a democratiza\u00e7\u00e3o do acesso ao cr\u00e9dito e serve como um grande aliado das clientes Marisa na busca por um&nbsp;<a href=\"https:\/\/www.suno.com.br\/guias\/planejamento-financeiro\/\" target=\"_blank\" rel=\"noreferrer noopener\">planejamento financeiro<\/a>&nbsp;eficiente\u201d.<\/li>\n<\/ul>\n\n\n\n<ul class=\"wp-block-list\">\n<li>Conforme previsto no acordo, novos produtos poder\u00e3o fazer parte do portf\u00f3lio do cons\u00f3rcio Marisa no futuro.<\/li>\n<\/ul>\n\n\n\n<ul class=\"wp-block-list\">\n<li>\u201cA Ademicon \u00e9 a maior administradora independente de cons\u00f3rcio do Brasil em cr\u00e9ditos ativos, h\u00e1 mais de 30 anos no mercado, atuando nos segmentos de im\u00f3veis, ve\u00edculos e servi\u00e7os\u201d, conclui a varejista em nota.<\/li>\n<\/ul>\n\n\n\t<p>\n\t\t<a href=\"https:\/\/lp.suno.com.br\/ebook-como-analisar-uma-acao\/\" target=\"_blank\" data-element=\"shortcode-suno-banner\" title=\"Banner SUNO, clique e saiba mais\">\n\t\t\t<picture>\n\t\t\t\t<source media=\"(max-width: 500px)\" srcset=\"https:\/\/files.sunoresearch.com.br\/n\/uploads\/2023\/03\/Ebook-Acoes-Mobile.jpg\">\n\t\t\t\t<img class=\"newsContent__article__imgCapa newsContent__article__imgCapa--banner\"\n\t\t\t\t\tsrc=\"https:\/\/files.sunoresearch.com.br\/n\/uploads\/2023\/03\/Ebook-Acoes-Desktop.jpg\"\n\t\t\t\t\tdata-promo-id=\"378302\"\t\t\t\t\t\t\t\t\t\twidth='1420' height='286'\t\t\t\t\talt=\"https:\/\/files.sunoresearch.com.br\/n\/uploads\/2023\/03\/Ebook-Acoes-Desktop.jpg\"\n\t\t\t\t>\n\t\t\t<\/picture>\n\t\t<\/a>\n\t<\/p>\n\n\n\n\n\n<h2 class=\"wp-block-heading\">Weg (WEGE3): BTG reitera compra das a\u00e7\u00f5es ap\u00f3s neg\u00f3cio com Regal Rexnord e prev\u00ea valoriza\u00e7\u00e3o de 40%<\/h2>\n\n\n\n<ul class=\"wp-block-list\">\n<li>O BTG Pactual reiterou recomenda\u00e7\u00e3o de compra para<strong>&nbsp;Weg<\/strong>&nbsp;(WEGE3) ap\u00f3s a companhia&nbsp;fechar um acordo para aquisi\u00e7\u00e3o de motores e geradores el\u00e9tricos do parque industrial da Regal Rexnord por US$ 400 milh\u00f5es. Para o BTG, a estrat\u00e9gia deixa espa\u00e7o para Weg ganhar participa\u00e7\u00e3o em mercados importantes como os Estados Unidos (EUA) e Europa.<\/li>\n<\/ul>\n\n\n\n<ul class=\"wp-block-list\">\n<li>\u201cO acordo amplia a<strong>&nbsp;presen\u00e7a produtiva da Weg&nbsp;<\/strong>fora do Brasil, particularmente na Am\u00e9rica do Norte, onde a companhia alcan\u00e7ou consider\u00e1vel escala e melhorou os retornos\u201d, diz a<strong>&nbsp;equipe do BTG<\/strong>.<\/li>\n<\/ul>\n\n\n\n<ul class=\"wp-block-list\">\n<li>O banco ainda cita que o m\u00faltiplo de aquisi\u00e7\u00e3o impl\u00edcito foi de 7,7x Ebitda de 2022, contra os atuais 20x estimados para 2023, o que demonstra uma estrat\u00e9gia de disciplina de&nbsp;<strong>capital da Weg<\/strong>.<\/li>\n<\/ul>\n\n\n\n<ul class=\"wp-block-list\">\n<li>Segundo analistas do BTG, o neg\u00f3cio tamb\u00e9m traz outras caracter\u00edsticas interessantes para a WEG, como a amplia\u00e7\u00e3o do portf\u00f3lio de produtos fabricados localmente e complementando linhas j\u00e1 existentes, acelera\u00e7\u00e3o de crescimento em mercados chaves e expans\u00e3o da presen\u00e7a industrial fora do Brasil,&nbsp; o que deve melhorar a escala operacional e efici\u00eancia de custos.&nbsp;<\/li>\n<\/ul>\n\n\n\n<ul class=\"wp-block-list\">\n<li>Neste contexto, o BTG recomenda compra das&nbsp;<strong>a\u00e7\u00f5es da Weg<\/strong>, com pre\u00e7o-alvo de R$ 50, o que significa um upside de 40%. Nesta ter\u00e7a (26), os pap\u00e9is da companhia ca\u00edram 0,13%, cotadas a R$ 36,08.<\/li>\n<\/ul>\n\n\n\n<h2 class=\"wp-block-heading\">Nubank (ROXO34): pela primeira vez em 19 meses, Bradesco BBI eleva recomenda\u00e7\u00e3o e aumenta pre\u00e7o-alvo<\/h2>\n\n\n\n<ul class=\"wp-block-list\">\n<li>Em novo parecer sobre as a\u00e7\u00f5es do&nbsp;<a href=\"https:\/\/www.suno.com.br\/noticias\/nubank-capta-ifc-milhoes-colombia-evm\/\" target=\"_blank\" rel=\"noreferrer noopener\"><strong>Nubank<\/strong>&nbsp;(ROXO34)<\/a>, analistas do Bradesco BBI elevaram sua recomenda\u00e7\u00e3o de venda para neutra. A decis\u00e3o se deu ap\u00f3s 19 meses da casa recomendando a venda dos pap\u00e9is a seus clientes.<\/li>\n<\/ul>\n\n\n\n<ul class=\"wp-block-list\">\n<li>O pre\u00e7o-alvo das&nbsp;<strong>a\u00e7\u00f5es do Nubank<\/strong>, nesse contexto, foi elevado de US$ 4,50 para US$ 8 pelos analistas do Bradesco BBI.<\/li>\n<\/ul>\n\n\n\n<ul class=\"wp-block-list\">\n<li>\u201cReconhecemos que a evolu\u00e7\u00e3o do banco no&nbsp;<a href=\"https:\/\/www.suno.com.br\/artigos\/curto-prazo\/\" target=\"_blank\" rel=\"noreferrer noopener\">curto prazo<\/a>&nbsp;mostra o forte hist\u00f3rico do time de gest\u00e3o. Incorporamos premissas agressivas tanto para o curto como para o&nbsp;<a href=\"https:\/\/www.suno.com.br\/artigos\/longo-prazo\/\" target=\"_blank\" rel=\"noreferrer noopener\">longo prazo<\/a>\u201c, dizem os especialistas da casa.<\/li>\n<\/ul>\n\n\n\n<ul class=\"wp-block-list\">\n<li>A proje\u00e7\u00e3o \u00e9 de que o banco deva registrar um aumento mais r\u00e1pido do que o esperado em termos de lucro \u2013 isso, ainda no curto prazo.<\/li>\n<\/ul>\n\n\n\n<ul class=\"wp-block-list\">\n<li>A expectativa do BBI \u00e9 de que a fintech consiga fazer isso ainda ganhando market share e segurando os custos em um patamar saud\u00e1vel.<\/li>\n<\/ul>\n\n\n\n<ul class=\"wp-block-list\">\n<li>Atualmente o banco j\u00e1 vem \u201ccrescendo de forma lucrativa\u201d, segundo o BBI, conseguindo controlar os juros.<\/li>\n<\/ul>\n\n\n\n<p>Da Natura \u00e0 Marisa, essas foram as empresas que se destacaram hoje. Para ler todas as mat\u00e9rias&nbsp;<strong><a href=\"https:\/\/www.suno.com.br\/noticias\/todos\/?utm_content=XYOE2ItQuUY.20201113&amp;utm_campaign=Track%2B&amp;utm_medium=video&amp;utm_source=telegram.sunoresearch\" target=\"_blank\" rel=\"noreferrer noopener\">clique aqui<\/a>.<\/strong><a href=\"https:\/\/lp.suno.com.br\/pv\/sr-premium\/o-proximo-passo-no-seus-investimentos\/?_fs=16412753060-15131594205\" target=\"_blank\" rel=\"noreferrer noopener\"><\/a><a href=\"https:\/\/lp.suno.com.br\/planilha-da-vida-financeira\/?_fs=16412753060-15131594205\" target=\"_blank\" rel=\"noreferrer noopener\"><\/a><a href=\"https:\/\/lp.suno.com.br\/pv\/sr-premium\/o-proximo-passo-no-seus-investimentos\/?_fs=16412753060-15131594205\" target=\"_blank\" rel=\"noreferrer noopener\"><\/a><a href=\"https:\/\/lp.suno.com.br\/planilha-da-vida-financeira\/?_fs=16412753060-15131594205\" target=\"_blank\" rel=\"noreferrer noopener\"><\/a><a href=\"https:\/\/lp.suno.com.br\/planilha-da-vida-financeira\/?_fs=16412753060-15131594205\" target=\"_blank\" rel=\"noreferrer noopener\"><\/a><a href=\"https:\/\/lp.suno.com.br\/planilha-da-vida-financeira\/?_fs=16412753060-15131594205\" target=\"_blank\" rel=\"noreferrer noopener\"><\/a><a href=\"https:\/\/lp.suno.com.br\/planilha-da-vida-financeira\/?_fs=16412753060-15131594205&amp;_fsRef=https%3A%2F%2Fwww.suno.com.br%2Fnoticias%2Fradar-via-viia3-hapvida-hapv3-itau-itub4%2F\" target=\"_blank\" rel=\"noreferrer noopener\"><\/a><a href=\"https:\/\/lp.suno.com.br\/planilha-da-vida-financeira\/?_fs=16412753060-15131594205&amp;_fsRef=https%3A%2F%2Fwww.suno.com.br%2Fnoticias%2Fradar-via-viia3-hapvida-hapv3-itau-itub4%2F\" target=\"_blank\" rel=\"noreferrer noopener\"><\/a><a href=\"https:\/\/lp.suno.com.br\/cl\/interno-fiis-distribuicao\/?_fs=16412753060-15131594205&amp;_fsRef=https%3A%2F%2Fwww.suno.com.br%2Fnoticias%2Fradar-via-viia3-hapvida-hapv3-itau-itub4%2F\" target=\"_blank\" rel=\"noreferrer noopener\"><\/a><a href=\"https:\/\/lp.suno.com.br\/planilha-da-vida-financeira\/?_fs=16412753060-15131594205&amp;_fsRef=https%3A%2F%2Fwww.suno.com.br%2Fnoticias%2Fradar-via-viia3-hapvida-hapv3-itau-itub4%2F\" target=\"_blank\" rel=\"noreferrer noopener\"><\/a><a href=\"https:\/\/lp.suno.com.br\/planilha-da-vida-financeira\/?utm_source=GoogleAds&amp;utm_medium=search&amp;utm_campaign=11.b.da.0.search&amp;utm_content=1141_responsivo-research-b&amp;_fs=16412753060-15131594205&amp;_fsRef=https%3A%2F%2Fwww.suno.com.br%2Fnoticias%2Fradar-via-viia3-hapvida-hapv3-itau-itub4%2F\" target=\"_blank\" rel=\"noreferrer noopener\"><\/a><a href=\"https:\/\/lp.suno.com.br\/planilha-da-vida-financeira\/?_fs=16412753060-15131594205&amp;_fsRef=https%3A%2F%2Fwww.suno.com.br%2Fnoticias%2Fradar-via-viia3-hapvida-hapv3-itau-itub4%2F\" target=\"_blank\" rel=\"noreferrer noopener\"><\/a><a href=\"https:\/\/lp.suno.com.br\/planilha-da-vida-financeira\/?_fs=16412753060-15131594205&amp;_fsRef=https%3A%2F%2Fwww.suno.com.br%2Fnoticias%2Fradar-via-viia3-hapvida-hapv3-itau-itub4%2F\" target=\"_blank\" rel=\"noreferrer noopener\"><\/a><a href=\"https:\/\/lp.suno.com.br\/cl\/interno-fiis-2023\/?_fs=16412753060-15131594205&amp;_fsRef=https%3A%2F%2Fwww.suno.com.br%2Fnoticias%2Fradar-via-viia3-hapvida-hapv3-itau-itub4%2F\" target=\"_blank\" rel=\"noreferrer noopener\"><\/a><a href=\"https:\/\/lp.suno.com.br\/planilha-da-vida-financeira\/?_fs=16412753060-15131594205&amp;_fsRef=https%3A%2F%2Fwww.suno.com.br%2Fnoticias%2Fradar-via-viia3-hapvida-hapv3-itau-itub4%2F\" target=\"_blank\" rel=\"noreferrer noopener\"><\/a><a href=\"https:\/\/lp.suno.com.br\/cl\/interno-fiis-2023\/?_fs=16412753060-15131594205&amp;_fsRef=https%3A%2F%2Fwww.suno.com.br%2Fnoticias%2Fradar-via-viia3-hapvida-hapv3-itau-itub4%2F\" target=\"_blank\" rel=\"noreferrer noopener\"><\/a><a href=\"https:\/\/lp.suno.com.br\/planilha-da-vida-financeira\/?_fs=16412753060-15131594205&amp;_fsRef=https%3A%2F%2Fwww.suno.com.br%2Fnoticias%2Fradar-via-viia3-hapvida-hapv3-itau-itub4%2F\" target=\"_blank\" rel=\"noreferrer noopener\"><\/a><a href=\"https:\/\/lp.suno.com.br\/planilha-da-vida-financeira\/?_fs=16412753060-15131594205&amp;_fsRef=https%3A%2F%2Fwww.suno.com.br%2Fnoticias%2Fradar-via-viia3-hapvida-hapv3-itau-itub4%2F\" target=\"_blank\" rel=\"noreferrer noopener\"><\/a><a href=\"https:\/\/lp.suno.com.br\/pv\/sr-fiis\/interno-2023\/?_fs=16412753060-15131594205&amp;_fsRef=https%3A%2F%2Fwww.suno.com.br%2Fnoticias%2Fweg-wege3-petrobras-petr4-receita-crescimento-analise-bba-va%2F\" target=\"_blank\" rel=\"noreferrer noopener\"><\/a><a href=\"https:\/\/lp.suno.com.br\/planilha-da-vida-financeira\/?_fs=16412753060-15131594205&amp;_fsRef=https%3A%2F%2Fwww.suno.com.br%2Fnoticias%2Fradar-petrobras-petr4-weg-wege3-taesa-taee11-minerva-beef3%2F\" target=\"_blank\" rel=\"noreferrer noopener\"><\/a><a href=\"https:\/\/lp.suno.com.br\/pv\/sr-fiis\/interno-2023\/?_fs=16412753060-15131594205&amp;_fsRef=https%3A%2F%2Fwww.suno.com.br%2Fnoticias%2Ftelefonica-vivt3-banco-recomenda-compra-reducao-capital-va%2F\" target=\"_blank\" rel=\"noreferrer noopener\"><\/a><a href=\"https:\/\/lp.suno.com.br\/planilha-da-vida-financeira\/?_fs=16412753060-15131594205&amp;_fsRef=https%3A%2F%2Fwww.suno.com.br%2Fnoticias%2Fradar-itausa-itsa4-braskem-brkm5-telefonica-vivt3%2F\" target=\"_blank\" rel=\"noreferrer noopener\"><\/a><a href=\"https:\/\/lp.suno.com.br\/planilha-da-vida-financeira\/?_fs=16412753060-15131594205&amp;_fsRef=https%3A%2F%2Fwww.suno.com.br%2Fnoticias%2Fradar-banco-do-brasil-bbas3-weg-wege3-nubank-roxo34%2F\" target=\"_blank\" rel=\"noreferrer noopener\"><\/a><a href=\"https:\/\/lp.suno.com.br\/planilha-da-vida-financeira\/?_fs=16412753060-15131594205&amp;_fsRef=https%3A%2F%2Fwww.suno.com.br%2Fnoticias%2Fradar-petrobras-petr4-magazine-luiza-mglu3-cemig-cmig4%2F\" target=\"_blank\" rel=\"noreferrer noopener\"><\/a><a href=\"https:\/\/lp.suno.com.br\/cl\/webinario-suno-black\/?_fs=16412753060-15131594205&amp;_fsRef=https%3A%2F%2Fwww.suno.com.br%2Fnoticias%2Fultrapar-ugpa3-bb-investimentos-eleva-preco-alvo-acoes-va%2F\" target=\"_blank\" rel=\"noreferrer noopener\"><\/a><a href=\"https:\/\/lp.suno.com.br\/planilha-da-vida-financeira\/?_fs=16412753060-15131594205&amp;_fsRef=https%3A%2F%2Fwww.suno.com.br%2Fnoticias%2Fradar-renner-lren3-ultrapar-ugpa3-petrobras-petr4%2F\" target=\"_blank\" rel=\"noreferrer noopener\"><\/a><a href=\"https:\/\/lp.suno.com.br\/cl\/webinario-suno-black\/?_fs=16412753060-15131594205&amp;_fsRef=https%3A%2F%2Fwww.suno.com.br%2Fnoticias%2Fallos-also3-banco-recomendacao-neutra-apos-venda-ativo-va%2F\" target=\"_blank\" rel=\"noreferrer noopener\"><\/a><\/p>\n\n\n\t<p>\n\t\t<a href=\"https:\/\/lp.suno.com.br\/planilha-da-vida-financeira\/\" target=\"_blank\" data-element=\"shortcode-suno-banner\" title=\"Banner SUNO, clique e saiba mais\">\n\t\t\t<picture>\n\t\t\t\t<source media=\"(max-width: 500px)\" srcset=\"https:\/\/files.sunoresearch.com.br\/n\/uploads\/2023\/04\/400x300-Planilha-vida-financeira-true.png\">\n\t\t\t\t<img class=\"newsContent__article__imgCapa newsContent__article__imgCapa--banner\"\n\t\t\t\t\tsrc=\"https:\/\/files.sunoresearch.com.br\/n\/uploads\/2023\/04\/1420x240-Planilha-vida-financeira-true.png\"\n\t\t\t\t\tdata-promo-id=\"383123\"\t\t\t\t\t\t\t\t\t\twidth='1420' height='240'\t\t\t\t\talt=\"https:\/\/files.sunoresearch.com.br\/n\/uploads\/2023\/04\/1420x240-Planilha-vida-financeira-true.png\"\n\t\t\t\t>\n\t\t\t<\/picture>\n\t\t<\/a>\n\t<\/p>\n\n\n","protected":false},"excerpt":{"rendered":"<p>O BB Investimentos elevou recomenda\u00e7\u00e3o de neutra para compra das a\u00e7\u00f5es da&nbsp;Natura&nbsp;(NTCO3) e o seu pre\u00e7o-alvo. Segundo o BB, h\u00e1 uma melhora na perspectiva para o desempenho financeiro da companhia, considerando positiva a venda da&nbsp;The Body Shop. Natura (NTCO3). Foto: Divulga\u00e7\u00e3o Para a equipe do BB, a execu\u00e7\u00e3o do&nbsp;plano de transforma\u00e7\u00e3o da Natura &amp; Co&nbsp;est\u00e1 [&hellip;]<\/p>\n","protected":false},"author":227,"featured_media":130410,"comment_status":"closed","ping_status":"closed","sticky":false,"template":"","format":"standard","meta":[],"categories":[64],"tags":[106963,574,107135,681],"suno_strategy":[],"class_list":["post-462366","post","type-post","status-publish","format-standard","has-post-thumbnail","hentry","category-negocios","tag-auren-aure3","tag-natura-ntco3","tag-roxo34","tag-weg-wege3"],"yoast_head":"<!-- This site is optimized with the Yoast SEO plugin v24.4 - https:\/\/yoast.com\/wordpress\/plugins\/seo\/ -->\n<title>Radar: Natura (NTCO3) tem pre\u00e7o-alvo elevado, dividendos de Auren (AURE3) e parceria de Marisa (AMAR3) pode gerar receita milion\u00e1ria<\/title>\n<meta name=\"description\" content=\"Natura (NTCO3) tem pre\u00e7o-alvo elevado em relat\u00f3rio, dividendos de Auren (AURE3) e parceria de Marisa (AMAR3) pode gerar receita milion\u00e1ria\" \/>\n<meta name=\"robots\" content=\"index, follow, max-snippet:-1, max-image-preview:large, max-video-preview:-1\" \/>\n<link rel=\"canonical\" href=\"https:\/\/www.suno.com.br\/noticias\/radar-natura-ntco3-auren-aure3-marisa-amar3\/\" \/>\n<meta property=\"og:locale\" content=\"pt_BR\" \/>\n<meta property=\"og:type\" content=\"article\" \/>\n<meta property=\"og:title\" content=\"Radar: Natura (NTCO3) tem pre\u00e7o-alvo elevado, dividendos de Auren (AURE3) e parceria de Marisa (AMAR3) pode gerar receita milion\u00e1ria\" \/>\n<meta property=\"og:description\" content=\"Natura (NTCO3) tem pre\u00e7o-alvo elevado em relat\u00f3rio, dividendos de Auren (AURE3) e parceria de Marisa (AMAR3) pode gerar receita milion\u00e1ria\" \/>\n<meta property=\"og:url\" content=\"https:\/\/www.suno.com.br\/noticias\/radar-natura-ntco3-auren-aure3-marisa-amar3\/\" \/>\n<meta property=\"og:site_name\" content=\"Suno Not\u00edcias\" \/>\n<meta property=\"article:publisher\" content=\"https:\/\/facebook.com\/sunoresearch\" \/>\n<meta property=\"og:image\" content=\"https:\/\/files.sunoresearch.com.br\/n\/uploads\/2021\/03\/fb35d009-natura.jpg\" \/>\n\t<meta property=\"og:image:width\" content=\"1200\" \/>\n\t<meta property=\"og:image:height\" content=\"800\" \/>\n\t<meta property=\"og:image:type\" content=\"image\/jpeg\" \/>\n<meta name=\"author\" content=\"Vanessa Loiola\" \/>\n<meta name=\"twitter:card\" content=\"summary_large_image\" \/>\n<meta name=\"twitter:creator\" content=\"@sunoresearch\" \/>\n<meta name=\"twitter:site\" content=\"@sunoresearch\" \/>\n<meta name=\"twitter:label1\" content=\"Escrito por\" \/>\n\t<meta name=\"twitter:data1\" content=\"Vanessa Loiola\" \/>\n\t<meta name=\"twitter:label2\" content=\"Est. tempo de leitura\" \/>\n\t<meta name=\"twitter:data2\" content=\"7 minutos\" \/>\n<script type=\"application\/ld+json\" class=\"yoast-schema-graph\">{\"@context\":\"https:\/\/schema.org\",\"@graph\":[{\"@type\":\"NewsArticle\",\"@id\":\"https:\/\/www.suno.com.br\/noticias\/radar-natura-ntco3-auren-aure3-marisa-amar3\/#article\",\"isPartOf\":{\"@id\":\"https:\/\/www.suno.com.br\/noticias\/radar-natura-ntco3-auren-aure3-marisa-amar3\/\"},\"author\":{\"name\":\"Vanessa Loiola\",\"@id\":\"https:\/\/www.suno.com.br\/noticias\/#\/schema\/person\/450c455ecff319bab1f1a0e643451479\"},\"headline\":\"Radar: Natura (NTCO3) tem pre\u00e7o-alvo elevado, dividendos de Auren (AURE3) e parceria de Marisa (AMAR3) pode gerar receita milion\u00e1ria\",\"datePublished\":\"2023-09-27T01:03:19+00:00\",\"dateModified\":\"2023-09-27T01:03:28+00:00\",\"mainEntityOfPage\":{\"@id\":\"https:\/\/www.suno.com.br\/noticias\/radar-natura-ntco3-auren-aure3-marisa-amar3\/\"},\"wordCount\":1309,\"publisher\":{\"@id\":\"https:\/\/www.suno.com.br\/noticias\/#organization\"},\"image\":{\"@id\":\"https:\/\/www.suno.com.br\/noticias\/radar-natura-ntco3-auren-aure3-marisa-amar3\/#primaryimage\"},\"thumbnailUrl\":\"https:\/\/files.sunoresearch.com.br\/n\/uploads\/2021\/03\/fb35d009-natura-jpg.webp\",\"keywords\":[\"Auren (AURE3)\",\"Natura (NTCO3)\",\"ROXO34\",\"Weg (WEGE3)\"],\"articleSection\":[\"Neg\u00f3cios\"],\"inLanguage\":\"pt-BR\"},{\"@type\":\"WebPage\",\"@id\":\"https:\/\/www.suno.com.br\/noticias\/radar-natura-ntco3-auren-aure3-marisa-amar3\/\",\"url\":\"https:\/\/www.suno.com.br\/noticias\/radar-natura-ntco3-auren-aure3-marisa-amar3\/\",\"name\":\"Radar: Natura (NTCO3) tem pre\u00e7o-alvo elevado, dividendos de Auren (AURE3) e parceria de Marisa (AMAR3) pode gerar receita milion\u00e1ria\",\"isPartOf\":{\"@id\":\"https:\/\/www.suno.com.br\/noticias\/#website\"},\"primaryImageOfPage\":{\"@id\":\"https:\/\/www.suno.com.br\/noticias\/radar-natura-ntco3-auren-aure3-marisa-amar3\/#primaryimage\"},\"image\":{\"@id\":\"https:\/\/www.suno.com.br\/noticias\/radar-natura-ntco3-auren-aure3-marisa-amar3\/#primaryimage\"},\"thumbnailUrl\":\"https:\/\/files.sunoresearch.com.br\/n\/uploads\/2021\/03\/fb35d009-natura-jpg.webp\",\"datePublished\":\"2023-09-27T01:03:19+00:00\",\"dateModified\":\"2023-09-27T01:03:28+00:00\",\"description\":\"Natura (NTCO3) tem pre\u00e7o-alvo elevado em relat\u00f3rio, dividendos de Auren (AURE3) e parceria de Marisa (AMAR3) pode gerar receita milion\u00e1ria\",\"breadcrumb\":{\"@id\":\"https:\/\/www.suno.com.br\/noticias\/radar-natura-ntco3-auren-aure3-marisa-amar3\/#breadcrumb\"},\"inLanguage\":\"pt-BR\",\"potentialAction\":[{\"@type\":\"ReadAction\",\"target\":[\"https:\/\/www.suno.com.br\/noticias\/radar-natura-ntco3-auren-aure3-marisa-amar3\/\"]}]},{\"@type\":\"ImageObject\",\"inLanguage\":\"pt-BR\",\"@id\":\"https:\/\/www.suno.com.br\/noticias\/radar-natura-ntco3-auren-aure3-marisa-amar3\/#primaryimage\",\"url\":\"https:\/\/files.sunoresearch.com.br\/n\/uploads\/2021\/03\/fb35d009-natura-jpg.webp\",\"contentUrl\":\"https:\/\/files.sunoresearch.com.br\/n\/uploads\/2021\/03\/fb35d009-natura-jpg.webp\",\"width\":1200,\"height\":800,\"caption\":\"Natura (NTCO3). Foto: Divulga\u00e7\u00e3o\"},{\"@type\":\"BreadcrumbList\",\"@id\":\"https:\/\/www.suno.com.br\/noticias\/radar-natura-ntco3-auren-aure3-marisa-amar3\/#breadcrumb\",\"itemListElement\":[{\"@type\":\"ListItem\",\"position\":1,\"name\":\"Not\u00edcias\",\"item\":\"https:\/\/www.suno.com.br\/noticias\/\"},{\"@type\":\"ListItem\",\"position\":2,\"name\":\"Neg\u00f3cios\",\"item\":\"https:\/\/www.suno.com.br\/noticias\/negocios\/\"},{\"@type\":\"ListItem\",\"position\":3,\"name\":\"Radar: Natura (NTCO3) tem pre\u00e7o-alvo elevado, dividendos de Auren (AURE3) e parceria de Marisa (AMAR3) pode gerar receita milion\u00e1ria\"}]},{\"@type\":\"WebSite\",\"@id\":\"https:\/\/www.suno.com.br\/noticias\/#website\",\"url\":\"https:\/\/www.suno.com.br\/noticias\/\",\"name\":\"Suno Not\u00edcias\",\"description\":\"Seu portal de informa\u00e7\u00e3o sobre o mundo dos investimentos\",\"publisher\":{\"@id\":\"https:\/\/www.suno.com.br\/noticias\/#organization\"},\"potentialAction\":[{\"@type\":\"SearchAction\",\"target\":{\"@type\":\"EntryPoint\",\"urlTemplate\":\"https:\/\/www.suno.com.br\/noticias\/?s={search_term_string}\"},\"query-input\":{\"@type\":\"PropertyValueSpecification\",\"valueRequired\":true,\"valueName\":\"search_term_string\"}}],\"inLanguage\":\"pt-BR\"},{\"@type\":\"Organization\",\"@id\":\"https:\/\/www.suno.com.br\/noticias\/#organization\",\"name\":\"Suno Not\u00edcias\",\"url\":\"https:\/\/www.suno.com.br\/noticias\/\",\"logo\":{\"@type\":\"ImageObject\",\"inLanguage\":\"pt-BR\",\"@id\":\"https:\/\/www.suno.com.br\/noticias\/#\/schema\/logo\/image\/\",\"url\":\"https:\/\/files.sunoresearch.com.br\/n\/uploads\/2021\/09\/suno-logo.png\",\"contentUrl\":\"https:\/\/files.sunoresearch.com.br\/n\/uploads\/2021\/09\/suno-logo.png\",\"width\":180,\"height\":180,\"caption\":\"Suno Not\u00edcias\"},\"image\":{\"@id\":\"https:\/\/www.suno.com.br\/noticias\/#\/schema\/logo\/image\/\"},\"sameAs\":[\"https:\/\/facebook.com\/sunoresearch\",\"https:\/\/x.com\/sunoresearch\",\"https:\/\/www.instagram.com\/suno\",\"https:\/\/www.linkedin.com\/company\/suno-research\/\",\"https:\/\/www.youtube.com\/c\/sunoresearch\"]},{\"@type\":\"Person\",\"@id\":\"https:\/\/www.suno.com.br\/noticias\/#\/schema\/person\/450c455ecff319bab1f1a0e643451479\",\"name\":\"Vanessa Loiola\",\"image\":{\"@type\":\"ImageObject\",\"inLanguage\":\"pt-BR\",\"@id\":\"https:\/\/www.suno.com.br\/noticias\/#\/schema\/person\/image\/\",\"url\":\"https:\/\/secure.gravatar.com\/avatar\/8b41117f9780831919eb38da349c3f20?s=96&r=g\",\"contentUrl\":\"https:\/\/secure.gravatar.com\/avatar\/8b41117f9780831919eb38da349c3f20?s=96&r=g\",\"caption\":\"Vanessa Loiola\"},\"description\":\"Jornalista formada pela PUC-SP, com experi\u00eancia na cobertura das editorias de economia, finan\u00e7as, bolsa de valores, pol\u00edtica, energia solar e entretenimento. Com passagem pela BM&amp;C News e RedeTV!\",\"url\":\"https:\/\/www.suno.com.br\/noticias\/author\/vanessal-loiolagmail-com\/\"}]}<\/script>\n<!-- \/ Yoast SEO plugin. -->","yoast_head_json":{"title":"Radar: Natura (NTCO3) tem pre\u00e7o-alvo elevado, dividendos de Auren (AURE3) e parceria de Marisa (AMAR3) pode gerar receita milion\u00e1ria","description":"Natura (NTCO3) tem pre\u00e7o-alvo elevado em relat\u00f3rio, dividendos de Auren (AURE3) e parceria de Marisa (AMAR3) pode gerar receita milion\u00e1ria","robots":{"index":"index","follow":"follow","max-snippet":"max-snippet:-1","max-image-preview":"max-image-preview:large","max-video-preview":"max-video-preview:-1"},"canonical":"https:\/\/www.suno.com.br\/noticias\/radar-natura-ntco3-auren-aure3-marisa-amar3\/","og_locale":"pt_BR","og_type":"article","og_title":"Radar: Natura (NTCO3) tem pre\u00e7o-alvo elevado, dividendos de Auren (AURE3) e parceria de Marisa (AMAR3) pode gerar receita milion\u00e1ria","og_description":"Natura (NTCO3) tem pre\u00e7o-alvo elevado em relat\u00f3rio, dividendos de Auren (AURE3) e parceria de Marisa (AMAR3) pode gerar receita milion\u00e1ria","og_url":"https:\/\/www.suno.com.br\/noticias\/radar-natura-ntco3-auren-aure3-marisa-amar3\/","og_site_name":"Suno Not\u00edcias","article_publisher":"https:\/\/facebook.com\/sunoresearch","og_image":[{"width":1200,"height":800,"url":"https:\/\/files.sunoresearch.com.br\/n\/uploads\/2021\/03\/fb35d009-natura.jpg","type":"image\/jpeg"}],"author":"Vanessa Loiola","twitter_card":"summary_large_image","twitter_creator":"@sunoresearch","twitter_site":"@sunoresearch","twitter_misc":{"Escrito por":"Vanessa Loiola","Est. tempo de leitura":"7 minutos"},"schema":{"@context":"https:\/\/schema.org","@graph":[{"@type":"NewsArticle","@id":"https:\/\/www.suno.com.br\/noticias\/radar-natura-ntco3-auren-aure3-marisa-amar3\/#article","isPartOf":{"@id":"https:\/\/www.suno.com.br\/noticias\/radar-natura-ntco3-auren-aure3-marisa-amar3\/"},"author":{"name":"Vanessa Loiola","@id":"https:\/\/www.suno.com.br\/noticias\/#\/schema\/person\/450c455ecff319bab1f1a0e643451479"},"headline":"Radar: Natura (NTCO3) tem pre\u00e7o-alvo elevado, dividendos de Auren (AURE3) e parceria de Marisa (AMAR3) pode gerar receita milion\u00e1ria","datePublished":"2023-09-27T01:03:19+00:00","dateModified":"2023-09-27T01:03:28+00:00","mainEntityOfPage":{"@id":"https:\/\/www.suno.com.br\/noticias\/radar-natura-ntco3-auren-aure3-marisa-amar3\/"},"wordCount":1309,"publisher":{"@id":"https:\/\/www.suno.com.br\/noticias\/#organization"},"image":{"@id":"https:\/\/www.suno.com.br\/noticias\/radar-natura-ntco3-auren-aure3-marisa-amar3\/#primaryimage"},"thumbnailUrl":"https:\/\/files.sunoresearch.com.br\/n\/uploads\/2021\/03\/fb35d009-natura-jpg.webp","keywords":["Auren (AURE3)","Natura (NTCO3)","ROXO34","Weg (WEGE3)"],"articleSection":["Neg\u00f3cios"],"inLanguage":"pt-BR"},{"@type":"WebPage","@id":"https:\/\/www.suno.com.br\/noticias\/radar-natura-ntco3-auren-aure3-marisa-amar3\/","url":"https:\/\/www.suno.com.br\/noticias\/radar-natura-ntco3-auren-aure3-marisa-amar3\/","name":"Radar: Natura (NTCO3) tem pre\u00e7o-alvo elevado, dividendos de Auren (AURE3) e parceria de Marisa (AMAR3) pode gerar receita milion\u00e1ria","isPartOf":{"@id":"https:\/\/www.suno.com.br\/noticias\/#website"},"primaryImageOfPage":{"@id":"https:\/\/www.suno.com.br\/noticias\/radar-natura-ntco3-auren-aure3-marisa-amar3\/#primaryimage"},"image":{"@id":"https:\/\/www.suno.com.br\/noticias\/radar-natura-ntco3-auren-aure3-marisa-amar3\/#primaryimage"},"thumbnailUrl":"https:\/\/files.sunoresearch.com.br\/n\/uploads\/2021\/03\/fb35d009-natura-jpg.webp","datePublished":"2023-09-27T01:03:19+00:00","dateModified":"2023-09-27T01:03:28+00:00","description":"Natura (NTCO3) tem pre\u00e7o-alvo elevado em relat\u00f3rio, dividendos de Auren (AURE3) e parceria de Marisa (AMAR3) pode gerar receita milion\u00e1ria","breadcrumb":{"@id":"https:\/\/www.suno.com.br\/noticias\/radar-natura-ntco3-auren-aure3-marisa-amar3\/#breadcrumb"},"inLanguage":"pt-BR","potentialAction":[{"@type":"ReadAction","target":["https:\/\/www.suno.com.br\/noticias\/radar-natura-ntco3-auren-aure3-marisa-amar3\/"]}]},{"@type":"ImageObject","inLanguage":"pt-BR","@id":"https:\/\/www.suno.com.br\/noticias\/radar-natura-ntco3-auren-aure3-marisa-amar3\/#primaryimage","url":"https:\/\/files.sunoresearch.com.br\/n\/uploads\/2021\/03\/fb35d009-natura-jpg.webp","contentUrl":"https:\/\/files.sunoresearch.com.br\/n\/uploads\/2021\/03\/fb35d009-natura-jpg.webp","width":1200,"height":800,"caption":"Natura (NTCO3). Foto: Divulga\u00e7\u00e3o"},{"@type":"BreadcrumbList","@id":"https:\/\/www.suno.com.br\/noticias\/radar-natura-ntco3-auren-aure3-marisa-amar3\/#breadcrumb","itemListElement":[{"@type":"ListItem","position":1,"name":"Not\u00edcias","item":"https:\/\/www.suno.com.br\/noticias\/"},{"@type":"ListItem","position":2,"name":"Neg\u00f3cios","item":"https:\/\/www.suno.com.br\/noticias\/negocios\/"},{"@type":"ListItem","position":3,"name":"Radar: Natura (NTCO3) tem pre\u00e7o-alvo elevado, dividendos de Auren (AURE3) e parceria de Marisa (AMAR3) pode gerar receita milion\u00e1ria"}]},{"@type":"WebSite","@id":"https:\/\/www.suno.com.br\/noticias\/#website","url":"https:\/\/www.suno.com.br\/noticias\/","name":"Suno Not\u00edcias","description":"Seu portal de informa\u00e7\u00e3o sobre o mundo dos investimentos","publisher":{"@id":"https:\/\/www.suno.com.br\/noticias\/#organization"},"potentialAction":[{"@type":"SearchAction","target":{"@type":"EntryPoint","urlTemplate":"https:\/\/www.suno.com.br\/noticias\/?s={search_term_string}"},"query-input":{"@type":"PropertyValueSpecification","valueRequired":true,"valueName":"search_term_string"}}],"inLanguage":"pt-BR"},{"@type":"Organization","@id":"https:\/\/www.suno.com.br\/noticias\/#organization","name":"Suno Not\u00edcias","url":"https:\/\/www.suno.com.br\/noticias\/","logo":{"@type":"ImageObject","inLanguage":"pt-BR","@id":"https:\/\/www.suno.com.br\/noticias\/#\/schema\/logo\/image\/","url":"https:\/\/files.sunoresearch.com.br\/n\/uploads\/2021\/09\/suno-logo.png","contentUrl":"https:\/\/files.sunoresearch.com.br\/n\/uploads\/2021\/09\/suno-logo.png","width":180,"height":180,"caption":"Suno Not\u00edcias"},"image":{"@id":"https:\/\/www.suno.com.br\/noticias\/#\/schema\/logo\/image\/"},"sameAs":["https:\/\/facebook.com\/sunoresearch","https:\/\/x.com\/sunoresearch","https:\/\/www.instagram.com\/suno","https:\/\/www.linkedin.com\/company\/suno-research\/","https:\/\/www.youtube.com\/c\/sunoresearch"]},{"@type":"Person","@id":"https:\/\/www.suno.com.br\/noticias\/#\/schema\/person\/450c455ecff319bab1f1a0e643451479","name":"Vanessa Loiola","image":{"@type":"ImageObject","inLanguage":"pt-BR","@id":"https:\/\/www.suno.com.br\/noticias\/#\/schema\/person\/image\/","url":"https:\/\/secure.gravatar.com\/avatar\/8b41117f9780831919eb38da349c3f20?s=96&r=g","contentUrl":"https:\/\/secure.gravatar.com\/avatar\/8b41117f9780831919eb38da349c3f20?s=96&r=g","caption":"Vanessa Loiola"},"description":"Jornalista formada pela PUC-SP, com experi\u00eancia na cobertura das editorias de economia, finan\u00e7as, bolsa de valores, pol\u00edtica, energia solar e entretenimento. Com passagem pela BM&amp;C News e RedeTV!","url":"https:\/\/www.suno.com.br\/noticias\/author\/vanessal-loiolagmail-com\/"}]}},"default_loop_html":"<div class=\"cardsPage__listCard__boxs\"><div class=\"cardsPage__listCard__boxs__img\"><a href=\"https:\/\/www.suno.com.br\/noticias\/radar-natura-ntco3-auren-aure3-marisa-amar3\/\"><img class=\"mask\" src=\"https:\/\/www.suno.com.br\/noticias\/wp-content\/themes\/suno\/resources\/images\/spotlight\/spotlight1img\/bg-mask.png\" alt=\"Image Mask\"\/><img src=\"https:\/\/files.sunoresearch.com.br\/n\/uploads\/2021\/03\/fb35d009-natura-400x200.webp\" alt=\"Radar: Natura (NTCO3) tem pre\u00e7o-alvo elevado, dividendos de Auren (AURE3) e parceria de Marisa (AMAR3) pode gerar receita milion\u00e1ria\"\/><\/a><span class=\"spotlightCategory\"><a href=\"https:\/\/www.suno.com.br\/noticias\/negocios\/\">Neg\u00f3cios<\/a><\/span><\/div><div class=\"cardsPage__listCard__boxs__content\"><a href=\"https:\/\/www.suno.com.br\/noticias\/radar-natura-ntco3-auren-aure3-marisa-amar3\/\"><h2 class=\"content__title\">Radar: Natura (NTCO3) tem pre\u00e7o-alvo elevado, dividendos de Auren (AURE3) e parceria de Marisa (AMAR3) pode gerar receita milion\u00e1ria<\/h2><\/a><div class=\"newsContent__article__meta\"><div class=\"newsContent__article__meta__authorBox\"><a href=\"https:\/\/www.suno.com.br\/noticias\/author\/vanessal-loiolagmail-com\/\" class=\"authorBox__avatar noMobi\"><img src=\"https:\/\/secure.gravatar.com\/avatar\/8b41117f9780831919eb38da349c3f20?s=96&#038;r=g\" alt=\"Vanessa Loiola\"><\/a><div class=\"authorBox__name\"><span>por\n\t\t\t<a href=\"https:\/\/www.suno.com.br\/noticias\/author\/vanessal-loiolagmail-com\/\"><span itemprop=\"author\">Vanessa Loiola<\/span><\/a><\/span><time datetime=\"2023-09-26T22:03:19-03:00\" itemprop=\"datePublished\">26\/09\/2023 22:03<\/time><\/div><\/div><\/div><\/div><\/div>","single_layout":"posts","amp_enabled":true,"_links":{"self":[{"href":"https:\/\/www.suno.com.br\/noticias\/wp-json\/wp\/v2\/posts\/462366"}],"collection":[{"href":"https:\/\/www.suno.com.br\/noticias\/wp-json\/wp\/v2\/posts"}],"about":[{"href":"https:\/\/www.suno.com.br\/noticias\/wp-json\/wp\/v2\/types\/post"}],"author":[{"embeddable":true,"href":"https:\/\/www.suno.com.br\/noticias\/wp-json\/wp\/v2\/users\/227"}],"replies":[{"embeddable":true,"href":"https:\/\/www.suno.com.br\/noticias\/wp-json\/wp\/v2\/comments?post=462366"}],"version-history":[{"count":2,"href":"https:\/\/www.suno.com.br\/noticias\/wp-json\/wp\/v2\/posts\/462366\/revisions"}],"predecessor-version":[{"id":462441,"href":"https:\/\/www.suno.com.br\/noticias\/wp-json\/wp\/v2\/posts\/462366\/revisions\/462441"}],"wp:featuredmedia":[{"embeddable":true,"href":"https:\/\/www.suno.com.br\/noticias\/wp-json\/wp\/v2\/media\/130410"}],"wp:attachment":[{"href":"https:\/\/www.suno.com.br\/noticias\/wp-json\/wp\/v2\/media?parent=462366"}],"wp:term":[{"taxonomy":"category","embeddable":true,"href":"https:\/\/www.suno.com.br\/noticias\/wp-json\/wp\/v2\/categories?post=462366"},{"taxonomy":"post_tag","embeddable":true,"href":"https:\/\/www.suno.com.br\/noticias\/wp-json\/wp\/v2\/tags?post=462366"},{"taxonomy":"suno_strategy","embeddable":true,"href":"https:\/\/www.suno.com.br\/noticias\/wp-json\/wp\/v2\/suno_strategy?post=462366"}],"curies":[{"name":"wp","href":"https:\/\/api.w.org\/{rel}","templated":true}]}}