{"id":462335,"date":"2023-09-26T19:22:14","date_gmt":"2023-09-26T22:22:14","guid":{"rendered":"https:\/\/www.suno.com.br\/noticias\/?p=462335"},"modified":"2023-09-26T19:59:24","modified_gmt":"2023-09-26T22:59:24","slug":"fundos-imobiliarios-hoje-260923-mxrf11-irdm11-ifix-jvj","status":"publish","type":"post","link":"https:\/\/www.suno.com.br\/noticias\/fundos-imobiliarios-hoje-260923-mxrf11-irdm11-ifix-jvj\/","title":{"rendered":"MXRF11 tem 4\u00ba dia sem ganho, IRDM11 sobe e IFIX registra pior sess\u00e3o em quase 7 meses"},"content":{"rendered":"<p>O IFIX, \u00cdndice de <a class=\"suno-keyword\" data-force=\"no\" data-priority=\"2\" href=\"https:\/\/www.suno.com.br\/fundos-imobiliarios\/\" target=\"_blank\" rel=\"noopener\"><strong>fundos imobili\u00e1rios<\/strong><\/a>, encerrou o dia de hoje (26) em queda, registrando uma varia\u00e7\u00e3o negativa de 0,47%, fechando aos 3.199,14 pontos. No decorrer da sess\u00e3o, o \u00edndice alcan\u00e7ou sua m\u00e1xima di\u00e1ria de 3.214,54 pontos, enquanto sua m\u00ednima foi de 3.196,86 pontos.<\/p>\t<div class=\"wrapper-featured-image\">\n\t\t<figure class=\"spotlightImg\">\n\n\t\t\t<picture>\n\t\t\t\t<source media=\"(max-width: 768px)\" srcset=\"https:\/\/files.sunoresearch.com.br\/n\/uploads\/2023\/07\/bolsa-exchange-acoes-400x200.jpg\">\n\t\t\t\t<img loading=\"lazy\" decoding=\"async\" class=\"newsContent__article__imgCapa lazyloadDisabled \" src=\"https:\/\/files.sunoresearch.com.br\/n\/uploads\/2023\/07\/bolsa-exchange-acoes-800x450.jpg\" width=\"800\" height=\"450\" alt=\"MXRF11 tem 4\u00ba dia sem ganho, IRDM11 sobe e IFIX registra pior sess\u00e3o em quase 7 meses\" fetchpriority=high \/>\n\t\t\t<\/picture>\n\n\t\t\t<figcaption class=\"wp-caption-text wp-caption-text--show\">BB Seguridade (BBSE3) escolhe CEO e Telef\u00f4nica (VIVT3) altera JCP.Foto: iStock<\/figcaption>\n\t\t<\/figure>\n\t<\/div>\n\n\n\n\n\n\t<p>\n\t\t<a href=\"https:\/\/lp2.suno.com.br\/cl\/black-friday-2025\/?utm_campaign=_SNCDF0E4858_\" target=\"_blank\" data-element=\"shortcode-suno-banner\" title=\"Banner SUNO, clique e saiba mais\">\n\t\t\t<picture>\n\t\t\t\t<source media=\"(max-width: 500px)\" srcset=\"https:\/\/files.sunoresearch.com.br\/n\/uploads\/2025\/10\/Artigos-e-Noticias-Banner-Home-artigos-01-Mobile_-400x300-1-png.webp\">\n\t\t\t\t<img class=\"newsContent__article__imgCapa newsContent__article__imgCapa--banner\"\n\t\t\t\t\tsrc=\"https:\/\/files.sunoresearch.com.br\/n\/uploads\/2025\/10\/Artigos-e-Noticias-Banner-Home-artigos-01-Desktop_-1420x240-1-png.webp\"\n\t\t\t\t\tdata-promo-id=\"311259\"\t\t\t\t\t\t\t\t\t\twidth='1420' height='240'\t\t\t\t\talt=\"https:\/\/files.sunoresearch.com.br\/n\/uploads\/2025\/10\/Artigos-e-Noticias-Banner-Home-artigos-01-Desktop_-1420x240-1-png.webp\"\n\t\t\t\t>\n\t\t\t<\/picture>\n\t\t<\/a>\n\t<\/p>\n\n\n\n\n\n<p>Na sess\u00e3o de hoje (26), o fundo imobili\u00e1rio <a class=\"suno-keyword\" target=\"_blank\" data-force=\"yes\" data-priority=\"2\" href=\"https:\/\/www.suno.com.br\/fundos-imobiliarios\/mxrf11\/\" rel=\"noopener\">MXRF11<\/a> teve seu 4\u00ba dia sem ganhos, o FII <a class=\"suno-keyword\" target=\"_blank\" data-force=\"yes\" data-priority=\"2\" href=\"https:\/\/www.suno.com.br\/fundos-imobiliarios\/irdm11\/\" rel=\"noopener\">IRDM11<\/a> registrou alta ap\u00f3s duas sess\u00f5es de queda e o IFIX teve o pior preg\u00e3o em quase 7 meses, ou seja, a maior baixa di\u00e1ria desde 29 de mar\u00e7o de 2023.<\/p>\n\n\n\n<p>Isso porque o <strong>MXRF11<\/strong> fechou o dia no zero a zero, enquanto o fundo imobili\u00e1rio <strong>IRDM11<\/strong> anotou leve alta de 0,19%.<\/p>\n\n\n\t<div data-element=\"shortcode-read-more\" class=\"knowMore\">\n\t\t\t\t<span class=\"knowMore__title\">Leia mais<\/span>\n\t\t\t\t<a class=\"knowMore__link\" href=\"https:\/\/www.suno.com.br\/noticias\/embraer-embr3-american-airlines-aall34-gpj\/\">\n\t\t\tEmbraer (EMBR3) e American Airlines (AALL34) assinam acordo para desenvolver avi\u00f5es sustent\u00e1veis\t\t<\/a>\n\t<\/div>\n\n\n\n\n<h2 class=\"wp-block-heading\"><a><\/a>Fundos imobili\u00e1rios que se destacaram hoje (26)<\/h2>\n\n\n\n<p>O fundo CACR11 apresentou a maior alta do dia, com um ganho de 0,92%. Em segundo lugar, o <a class=\"suno-keyword\" data-force=\"yes\" data-priority=\"2\" href=\"https:\/\/www.suno.com.br\/fundos-imobiliarios\/xppr11\/\" target=\"_blank\" rel=\"noopener\">XPPR11<\/a> registrou um aumento de 0,73%. Na terceira posi\u00e7\u00e3o das maiores altas, o <a class=\"suno-keyword\" data-force=\"yes\" data-priority=\"2\" href=\"https:\/\/www.suno.com.br\/fundos-imobiliarios\/cpts11\/\" target=\"_blank\" rel=\"noopener\"><strong>CPTS11<\/strong><\/a> teve um acr\u00e9scimo de 0,70%.<\/p>\n\n\n\n<p>MFII11 obteve um crescimento de 0,65%, ocupando o quarto lugar entre as maiores altas do dia. Em quinto lugar, o <a class=\"suno-keyword\" target=\"_blank\" data-force=\"yes\" data-priority=\"2\" href=\"https:\/\/www.suno.com.br\/fundos-imobiliarios\/rbrl11\/\" rel=\"noopener\">RBRL11<\/a> apresentou uma alta de 0,55%.<\/p>\n\n\n\n<p>J\u00e1 o <a class=\"suno-keyword\" data-force=\"yes\" data-priority=\"2\" href=\"https:\/\/www.suno.com.br\/fundos-imobiliarios\/vslh11\/\" target=\"_blank\" rel=\"noopener\">VSLH11<\/a> liderou as quedas do dia, com uma redu\u00e7\u00e3o de 4,49%. Em segundo lugar entre as maiores baixas, o <a class=\"suno-keyword\" data-force=\"yes\" data-priority=\"2\" href=\"https:\/\/www.suno.com.br\/fundos-imobiliarios\/hctr11\/\" target=\"_blank\" rel=\"noopener\">HCTR11<\/a> registrou uma queda de 3,87%. O <a class=\"suno-keyword\" data-force=\"yes\" data-priority=\"2\" href=\"https:\/\/www.suno.com.br\/fundos-imobiliarios\/rbrp11\/\" target=\"_blank\" rel=\"noopener\"><strong>RBRP11<\/strong><\/a> ocupou a terceira posi\u00e7\u00e3o nas baixas, com uma redu\u00e7\u00e3o de 3,11%.<\/p>\n\n\n\n<p>Em quarto lugar, o <a class=\"suno-keyword\" target=\"_blank\" data-force=\"yes\" data-priority=\"2\" href=\"https:\/\/www.suno.com.br\/fundos-imobiliarios\/btra11\/\" rel=\"noopener\">BTRA11<\/a> teve uma queda de 2,69%, enquanto o <a class=\"suno-keyword\" target=\"_blank\" data-force=\"yes\" data-priority=\"2\" href=\"https:\/\/www.suno.com.br\/fundos-imobiliarios\/brcr11\/\" rel=\"noopener\">BRCR11<\/a> ficou em quinta posi\u00e7\u00e3o entre as baixas, com uma queda de 2,60%.<\/p>\n\n\n\n<h2 class=\"wp-block-heading\"><a><\/a>Maiores altas do IFIX<\/h2>\n\n\n\n<ul class=\"wp-block-list\">\n<li>CACR11: +0,92%<\/li>\n\n\n\n<li>XPPR11: +0,73%<\/li>\n\n\n\n<li>CPTS11: +0,70%<\/li>\n\n\n\n<li>MFII11: +0,65%<\/li>\n\n\n\n<li>RBRL11: +0,55%<\/li>\n<\/ul>\n\n\n\n<h2 class=\"wp-block-heading\"><a><\/a>Maiores quedas do IFIX<\/h2>\n\n\n\n<ul class=\"wp-block-list\">\n<li>VSLH11: -4,49%<\/li>\n\n\n\n<li>HCTR11: -3,87%<\/li>\n\n\n\n<li>RBRP11: -3,11%<\/li>\n\n\n\n<li>BTRA11: -2,69%<\/li>\n\n\n\n<li>BRCR11: -2,60%<\/li>\n<\/ul>\n\n\n\n<p>Apesar da queda do IFIX, \u00e9 importante notar que o mercado de fundos imobili\u00e1rios, do qual o <strong>MXRF11<\/strong> faz parte, \u00e9 din\u00e2mico, e varia\u00e7\u00f5es fazem parte do cen\u00e1rio. Investidores devem continuar acompanhando de perto as movimenta\u00e7\u00f5es do mercado e considerar fatores diversos ao tomar decis\u00f5es de investimento.<\/p>\n\n\n\t<p>\n\t\t<a href=\"https:\/\/lp.suno.com.br\/ebook-como-analisar-uma-acao\/\" target=\"_blank\" data-element=\"shortcode-suno-banner\" title=\"Banner SUNO, clique e saiba mais\">\n\t\t\t<picture>\n\t\t\t\t<source media=\"(max-width: 500px)\" srcset=\"https:\/\/files.sunoresearch.com.br\/n\/uploads\/2023\/12\/Ebook-Acoes-Mobile.jpg\">\n\t\t\t\t<img class=\"newsContent__article__imgCapa newsContent__article__imgCapa--banner\"\n\t\t\t\t\tsrc=\"https:\/\/files.sunoresearch.com.br\/n\/uploads\/2023\/12\/Ebook-Acoes-Desktop.webp\"\n\t\t\t\t\tdata-promo-id=\"311260\"\t\t\t\t\t\t\t\t\t\twidth='1420' height='286'\t\t\t\t\talt=\"https:\/\/files.sunoresearch.com.br\/n\/uploads\/2023\/12\/Ebook-Acoes-Desktop.webp\"\n\t\t\t\t>\n\t\t\t<\/picture>\n\t\t<\/a>\n\t<\/p>\n\n\n","protected":false},"excerpt":{"rendered":"<p>O IFIX, \u00cdndice de fundos imobili\u00e1rios, encerrou o dia de hoje (26) em queda, registrando uma varia\u00e7\u00e3o negativa de 0,47%, fechando aos 3.199,14 pontos. No decorrer da sess\u00e3o, o \u00edndice alcan\u00e7ou sua m\u00e1xima di\u00e1ria de 3.214,54 pontos, enquanto sua m\u00ednima foi de 3.196,86 pontos. BB Seguridade (BBSE3) escolhe CEO e Telef\u00f4nica (VIVT3) altera JCP.Foto: iStock [&hellip;]<\/p>\n","protected":false},"author":173,"featured_media":425841,"comment_status":"closed","ping_status":"closed","sticky":false,"template":"","format":"standard","meta":[],"categories":[64],"tags":[315,105764,104577],"suno_strategy":[],"class_list":["post-462335","post","type-post","status-publish","format-standard","has-post-thumbnail","hentry","category-negocios","tag-fundos-imobiliarios-fiis","tag-irdm11","tag-mxrf11"],"yoast_head":"<!-- This site is optimized with the Yoast SEO plugin v24.4 - https:\/\/yoast.com\/wordpress\/plugins\/seo\/ -->\n<title>MXRF11 tem 4\u00ba dia sem ganho e IFIX registra pior sess\u00e3o em 7 meses<\/title>\n<meta name=\"description\" content=\"O fundo imobili\u00e1rio MXRF11 teve o 4\u00ba dia sem ganho, o IRDM11 registrou alta e o IFIX teve a sua pior sess\u00e3o em quase 7 meses. Veja destaques.\" \/>\n<meta name=\"robots\" content=\"index, follow, max-snippet:-1, max-image-preview:large, max-video-preview:-1\" \/>\n<link rel=\"canonical\" href=\"https:\/\/www.suno.com.br\/noticias\/fundos-imobiliarios-hoje-260923-mxrf11-irdm11-ifix-jvj\/\" \/>\n<meta property=\"og:locale\" content=\"pt_BR\" \/>\n<meta property=\"og:type\" content=\"article\" \/>\n<meta property=\"og:title\" content=\"MXRF11 tem 4\u00ba dia sem ganho e IFIX registra pior sess\u00e3o em 7 meses\" \/>\n<meta property=\"og:description\" content=\"O fundo imobili\u00e1rio MXRF11 teve o 4\u00ba dia sem ganho, o IRDM11 registrou alta e o IFIX teve a sua pior sess\u00e3o em quase 7 meses. Veja destaques.\" \/>\n<meta property=\"og:url\" content=\"https:\/\/www.suno.com.br\/noticias\/fundos-imobiliarios-hoje-260923-mxrf11-irdm11-ifix-jvj\/\" \/>\n<meta property=\"og:site_name\" content=\"Suno Not\u00edcias\" \/>\n<meta property=\"article:publisher\" content=\"https:\/\/facebook.com\/sunoresearch\" \/>\n<meta property=\"og:image\" content=\"https:\/\/files.sunoresearch.com.br\/n\/uploads\/2023\/07\/bolsa-exchange-acoes.jpg\" \/>\n\t<meta property=\"og:image:width\" content=\"1200\" \/>\n\t<meta property=\"og:image:height\" content=\"800\" \/>\n\t<meta property=\"og:image:type\" content=\"image\/jpeg\" \/>\n<meta name=\"author\" content=\"Jo\u00e3o Vitor\" \/>\n<meta name=\"twitter:card\" content=\"summary_large_image\" \/>\n<meta name=\"twitter:creator\" content=\"@sunoresearch\" \/>\n<meta name=\"twitter:site\" content=\"@sunoresearch\" \/>\n<meta name=\"twitter:label1\" content=\"Escrito por\" \/>\n\t<meta name=\"twitter:data1\" content=\"Jo\u00e3o Vitor\" \/>\n\t<meta name=\"twitter:label2\" content=\"Est. tempo de leitura\" \/>\n\t<meta name=\"twitter:data2\" content=\"2 minutos\" \/>\n<script type=\"application\/ld+json\" class=\"yoast-schema-graph\">{\"@context\":\"https:\/\/schema.org\",\"@graph\":[{\"@type\":\"NewsArticle\",\"@id\":\"https:\/\/www.suno.com.br\/noticias\/fundos-imobiliarios-hoje-260923-mxrf11-irdm11-ifix-jvj\/#article\",\"isPartOf\":{\"@id\":\"https:\/\/www.suno.com.br\/noticias\/fundos-imobiliarios-hoje-260923-mxrf11-irdm11-ifix-jvj\/\"},\"author\":{\"name\":\"Jo\u00e3o Vitor\",\"@id\":\"https:\/\/www.suno.com.br\/noticias\/#\/schema\/person\/87fc6973867c52dd884811905c43afba\"},\"headline\":\"MXRF11 tem 4\u00ba dia sem ganho, IRDM11 sobe e IFIX registra pior sess\u00e3o em quase 7 meses\",\"datePublished\":\"2023-09-26T22:22:14+00:00\",\"dateModified\":\"2023-09-26T22:59:24+00:00\",\"mainEntityOfPage\":{\"@id\":\"https:\/\/www.suno.com.br\/noticias\/fundos-imobiliarios-hoje-260923-mxrf11-irdm11-ifix-jvj\/\"},\"wordCount\":344,\"publisher\":{\"@id\":\"https:\/\/www.suno.com.br\/noticias\/#organization\"},\"image\":{\"@id\":\"https:\/\/www.suno.com.br\/noticias\/fundos-imobiliarios-hoje-260923-mxrf11-irdm11-ifix-jvj\/#primaryimage\"},\"thumbnailUrl\":\"https:\/\/files.sunoresearch.com.br\/n\/uploads\/2023\/07\/bolsa-exchange-acoes.jpg\",\"keywords\":[\"Fundos Imobili\u00e1rios (FIIs)\",\"IRDM11\",\"MXRF11\"],\"articleSection\":[\"Neg\u00f3cios\"],\"inLanguage\":\"pt-BR\"},{\"@type\":\"WebPage\",\"@id\":\"https:\/\/www.suno.com.br\/noticias\/fundos-imobiliarios-hoje-260923-mxrf11-irdm11-ifix-jvj\/\",\"url\":\"https:\/\/www.suno.com.br\/noticias\/fundos-imobiliarios-hoje-260923-mxrf11-irdm11-ifix-jvj\/\",\"name\":\"MXRF11 tem 4\u00ba dia sem ganho e IFIX registra pior sess\u00e3o em 7 meses\",\"isPartOf\":{\"@id\":\"https:\/\/www.suno.com.br\/noticias\/#website\"},\"primaryImageOfPage\":{\"@id\":\"https:\/\/www.suno.com.br\/noticias\/fundos-imobiliarios-hoje-260923-mxrf11-irdm11-ifix-jvj\/#primaryimage\"},\"image\":{\"@id\":\"https:\/\/www.suno.com.br\/noticias\/fundos-imobiliarios-hoje-260923-mxrf11-irdm11-ifix-jvj\/#primaryimage\"},\"thumbnailUrl\":\"https:\/\/files.sunoresearch.com.br\/n\/uploads\/2023\/07\/bolsa-exchange-acoes.jpg\",\"datePublished\":\"2023-09-26T22:22:14+00:00\",\"dateModified\":\"2023-09-26T22:59:24+00:00\",\"description\":\"O fundo imobili\u00e1rio MXRF11 teve o 4\u00ba dia sem ganho, o IRDM11 registrou alta e o IFIX teve a sua pior sess\u00e3o em quase 7 meses. Veja destaques.\",\"breadcrumb\":{\"@id\":\"https:\/\/www.suno.com.br\/noticias\/fundos-imobiliarios-hoje-260923-mxrf11-irdm11-ifix-jvj\/#breadcrumb\"},\"inLanguage\":\"pt-BR\",\"potentialAction\":[{\"@type\":\"ReadAction\",\"target\":[\"https:\/\/www.suno.com.br\/noticias\/fundos-imobiliarios-hoje-260923-mxrf11-irdm11-ifix-jvj\/\"]}]},{\"@type\":\"ImageObject\",\"inLanguage\":\"pt-BR\",\"@id\":\"https:\/\/www.suno.com.br\/noticias\/fundos-imobiliarios-hoje-260923-mxrf11-irdm11-ifix-jvj\/#primaryimage\",\"url\":\"https:\/\/files.sunoresearch.com.br\/n\/uploads\/2023\/07\/bolsa-exchange-acoes.jpg\",\"contentUrl\":\"https:\/\/files.sunoresearch.com.br\/n\/uploads\/2023\/07\/bolsa-exchange-acoes.jpg\",\"width\":1200,\"height\":800,\"caption\":\"BB Seguridade (BBSE3) escolhe CEO e Telef\u00f4nica (VIVT3) altera JCP.Foto: iStock\"},{\"@type\":\"BreadcrumbList\",\"@id\":\"https:\/\/www.suno.com.br\/noticias\/fundos-imobiliarios-hoje-260923-mxrf11-irdm11-ifix-jvj\/#breadcrumb\",\"itemListElement\":[{\"@type\":\"ListItem\",\"position\":1,\"name\":\"Not\u00edcias\",\"item\":\"https:\/\/www.suno.com.br\/noticias\/\"},{\"@type\":\"ListItem\",\"position\":2,\"name\":\"Neg\u00f3cios\",\"item\":\"https:\/\/www.suno.com.br\/noticias\/negocios\/\"},{\"@type\":\"ListItem\",\"position\":3,\"name\":\"MXRF11 tem 4\u00ba dia sem ganho, IRDM11 sobe e IFIX registra pior sess\u00e3o em quase 7 meses\"}]},{\"@type\":\"WebSite\",\"@id\":\"https:\/\/www.suno.com.br\/noticias\/#website\",\"url\":\"https:\/\/www.suno.com.br\/noticias\/\",\"name\":\"Suno Not\u00edcias\",\"description\":\"Seu portal de informa\u00e7\u00e3o sobre o mundo dos investimentos\",\"publisher\":{\"@id\":\"https:\/\/www.suno.com.br\/noticias\/#organization\"},\"potentialAction\":[{\"@type\":\"SearchAction\",\"target\":{\"@type\":\"EntryPoint\",\"urlTemplate\":\"https:\/\/www.suno.com.br\/noticias\/?s={search_term_string}\"},\"query-input\":{\"@type\":\"PropertyValueSpecification\",\"valueRequired\":true,\"valueName\":\"search_term_string\"}}],\"inLanguage\":\"pt-BR\"},{\"@type\":\"Organization\",\"@id\":\"https:\/\/www.suno.com.br\/noticias\/#organization\",\"name\":\"Suno Not\u00edcias\",\"url\":\"https:\/\/www.suno.com.br\/noticias\/\",\"logo\":{\"@type\":\"ImageObject\",\"inLanguage\":\"pt-BR\",\"@id\":\"https:\/\/www.suno.com.br\/noticias\/#\/schema\/logo\/image\/\",\"url\":\"https:\/\/files.sunoresearch.com.br\/n\/uploads\/2021\/09\/suno-logo.png\",\"contentUrl\":\"https:\/\/files.sunoresearch.com.br\/n\/uploads\/2021\/09\/suno-logo.png\",\"width\":180,\"height\":180,\"caption\":\"Suno Not\u00edcias\"},\"image\":{\"@id\":\"https:\/\/www.suno.com.br\/noticias\/#\/schema\/logo\/image\/\"},\"sameAs\":[\"https:\/\/facebook.com\/sunoresearch\",\"https:\/\/x.com\/sunoresearch\",\"https:\/\/www.instagram.com\/suno\",\"https:\/\/www.linkedin.com\/company\/suno-research\/\",\"https:\/\/www.youtube.com\/c\/sunoresearch\"]},{\"@type\":\"Person\",\"@id\":\"https:\/\/www.suno.com.br\/noticias\/#\/schema\/person\/87fc6973867c52dd884811905c43afba\",\"name\":\"Jo\u00e3o Vitor\",\"image\":{\"@type\":\"ImageObject\",\"inLanguage\":\"pt-BR\",\"@id\":\"https:\/\/www.suno.com.br\/noticias\/#\/schema\/person\/image\/\",\"url\":\"https:\/\/secure.gravatar.com\/avatar\/2843227ca03ccf8cc7ccca45204c127e?s=96&r=g\",\"contentUrl\":\"https:\/\/secure.gravatar.com\/avatar\/2843227ca03ccf8cc7ccca45204c127e?s=96&r=g\",\"caption\":\"Jo\u00e3o Vitor\"},\"description\":\"Redator profissional, com atua\u00e7\u00e3o no mercado editorial na produ\u00e7\u00e3o de not\u00edcias e conte\u00fados sobre o mercado de a\u00e7\u00f5es, fundos imobili\u00e1rios e economia popular. Graduando em Engenharia Qu\u00edmica pela Unesp, tamb\u00e9m j\u00e1 atuou como consultor financeiro.\",\"url\":\"https:\/\/www.suno.com.br\/noticias\/author\/joao-vitor-jacintho\/\"}]}<\/script>\n<!-- \/ Yoast SEO plugin. -->","yoast_head_json":{"title":"MXRF11 tem 4\u00ba dia sem ganho e IFIX registra pior sess\u00e3o em 7 meses","description":"O fundo imobili\u00e1rio MXRF11 teve o 4\u00ba dia sem ganho, o IRDM11 registrou alta e o IFIX teve a sua pior sess\u00e3o em quase 7 meses. Veja destaques.","robots":{"index":"index","follow":"follow","max-snippet":"max-snippet:-1","max-image-preview":"max-image-preview:large","max-video-preview":"max-video-preview:-1"},"canonical":"https:\/\/www.suno.com.br\/noticias\/fundos-imobiliarios-hoje-260923-mxrf11-irdm11-ifix-jvj\/","og_locale":"pt_BR","og_type":"article","og_title":"MXRF11 tem 4\u00ba dia sem ganho e IFIX registra pior sess\u00e3o em 7 meses","og_description":"O fundo imobili\u00e1rio MXRF11 teve o 4\u00ba dia sem ganho, o IRDM11 registrou alta e o IFIX teve a sua pior sess\u00e3o em quase 7 meses. Veja destaques.","og_url":"https:\/\/www.suno.com.br\/noticias\/fundos-imobiliarios-hoje-260923-mxrf11-irdm11-ifix-jvj\/","og_site_name":"Suno Not\u00edcias","article_publisher":"https:\/\/facebook.com\/sunoresearch","og_image":[{"width":1200,"height":800,"url":"https:\/\/files.sunoresearch.com.br\/n\/uploads\/2023\/07\/bolsa-exchange-acoes.jpg","type":"image\/jpeg"}],"author":"Jo\u00e3o Vitor","twitter_card":"summary_large_image","twitter_creator":"@sunoresearch","twitter_site":"@sunoresearch","twitter_misc":{"Escrito por":"Jo\u00e3o Vitor","Est. tempo de leitura":"2 minutos"},"schema":{"@context":"https:\/\/schema.org","@graph":[{"@type":"NewsArticle","@id":"https:\/\/www.suno.com.br\/noticias\/fundos-imobiliarios-hoje-260923-mxrf11-irdm11-ifix-jvj\/#article","isPartOf":{"@id":"https:\/\/www.suno.com.br\/noticias\/fundos-imobiliarios-hoje-260923-mxrf11-irdm11-ifix-jvj\/"},"author":{"name":"Jo\u00e3o Vitor","@id":"https:\/\/www.suno.com.br\/noticias\/#\/schema\/person\/87fc6973867c52dd884811905c43afba"},"headline":"MXRF11 tem 4\u00ba dia sem ganho, IRDM11 sobe e IFIX registra pior sess\u00e3o em quase 7 meses","datePublished":"2023-09-26T22:22:14+00:00","dateModified":"2023-09-26T22:59:24+00:00","mainEntityOfPage":{"@id":"https:\/\/www.suno.com.br\/noticias\/fundos-imobiliarios-hoje-260923-mxrf11-irdm11-ifix-jvj\/"},"wordCount":344,"publisher":{"@id":"https:\/\/www.suno.com.br\/noticias\/#organization"},"image":{"@id":"https:\/\/www.suno.com.br\/noticias\/fundos-imobiliarios-hoje-260923-mxrf11-irdm11-ifix-jvj\/#primaryimage"},"thumbnailUrl":"https:\/\/files.sunoresearch.com.br\/n\/uploads\/2023\/07\/bolsa-exchange-acoes.jpg","keywords":["Fundos Imobili\u00e1rios (FIIs)","IRDM11","MXRF11"],"articleSection":["Neg\u00f3cios"],"inLanguage":"pt-BR"},{"@type":"WebPage","@id":"https:\/\/www.suno.com.br\/noticias\/fundos-imobiliarios-hoje-260923-mxrf11-irdm11-ifix-jvj\/","url":"https:\/\/www.suno.com.br\/noticias\/fundos-imobiliarios-hoje-260923-mxrf11-irdm11-ifix-jvj\/","name":"MXRF11 tem 4\u00ba dia sem ganho e IFIX registra pior sess\u00e3o em 7 meses","isPartOf":{"@id":"https:\/\/www.suno.com.br\/noticias\/#website"},"primaryImageOfPage":{"@id":"https:\/\/www.suno.com.br\/noticias\/fundos-imobiliarios-hoje-260923-mxrf11-irdm11-ifix-jvj\/#primaryimage"},"image":{"@id":"https:\/\/www.suno.com.br\/noticias\/fundos-imobiliarios-hoje-260923-mxrf11-irdm11-ifix-jvj\/#primaryimage"},"thumbnailUrl":"https:\/\/files.sunoresearch.com.br\/n\/uploads\/2023\/07\/bolsa-exchange-acoes.jpg","datePublished":"2023-09-26T22:22:14+00:00","dateModified":"2023-09-26T22:59:24+00:00","description":"O fundo imobili\u00e1rio MXRF11 teve o 4\u00ba dia sem ganho, o IRDM11 registrou alta e o IFIX teve a sua pior sess\u00e3o em quase 7 meses. Veja destaques.","breadcrumb":{"@id":"https:\/\/www.suno.com.br\/noticias\/fundos-imobiliarios-hoje-260923-mxrf11-irdm11-ifix-jvj\/#breadcrumb"},"inLanguage":"pt-BR","potentialAction":[{"@type":"ReadAction","target":["https:\/\/www.suno.com.br\/noticias\/fundos-imobiliarios-hoje-260923-mxrf11-irdm11-ifix-jvj\/"]}]},{"@type":"ImageObject","inLanguage":"pt-BR","@id":"https:\/\/www.suno.com.br\/noticias\/fundos-imobiliarios-hoje-260923-mxrf11-irdm11-ifix-jvj\/#primaryimage","url":"https:\/\/files.sunoresearch.com.br\/n\/uploads\/2023\/07\/bolsa-exchange-acoes.jpg","contentUrl":"https:\/\/files.sunoresearch.com.br\/n\/uploads\/2023\/07\/bolsa-exchange-acoes.jpg","width":1200,"height":800,"caption":"BB Seguridade (BBSE3) escolhe CEO e Telef\u00f4nica (VIVT3) altera JCP.Foto: iStock"},{"@type":"BreadcrumbList","@id":"https:\/\/www.suno.com.br\/noticias\/fundos-imobiliarios-hoje-260923-mxrf11-irdm11-ifix-jvj\/#breadcrumb","itemListElement":[{"@type":"ListItem","position":1,"name":"Not\u00edcias","item":"https:\/\/www.suno.com.br\/noticias\/"},{"@type":"ListItem","position":2,"name":"Neg\u00f3cios","item":"https:\/\/www.suno.com.br\/noticias\/negocios\/"},{"@type":"ListItem","position":3,"name":"MXRF11 tem 4\u00ba dia sem ganho, IRDM11 sobe e IFIX registra pior sess\u00e3o em quase 7 meses"}]},{"@type":"WebSite","@id":"https:\/\/www.suno.com.br\/noticias\/#website","url":"https:\/\/www.suno.com.br\/noticias\/","name":"Suno Not\u00edcias","description":"Seu portal de informa\u00e7\u00e3o sobre o mundo dos investimentos","publisher":{"@id":"https:\/\/www.suno.com.br\/noticias\/#organization"},"potentialAction":[{"@type":"SearchAction","target":{"@type":"EntryPoint","urlTemplate":"https:\/\/www.suno.com.br\/noticias\/?s={search_term_string}"},"query-input":{"@type":"PropertyValueSpecification","valueRequired":true,"valueName":"search_term_string"}}],"inLanguage":"pt-BR"},{"@type":"Organization","@id":"https:\/\/www.suno.com.br\/noticias\/#organization","name":"Suno Not\u00edcias","url":"https:\/\/www.suno.com.br\/noticias\/","logo":{"@type":"ImageObject","inLanguage":"pt-BR","@id":"https:\/\/www.suno.com.br\/noticias\/#\/schema\/logo\/image\/","url":"https:\/\/files.sunoresearch.com.br\/n\/uploads\/2021\/09\/suno-logo.png","contentUrl":"https:\/\/files.sunoresearch.com.br\/n\/uploads\/2021\/09\/suno-logo.png","width":180,"height":180,"caption":"Suno Not\u00edcias"},"image":{"@id":"https:\/\/www.suno.com.br\/noticias\/#\/schema\/logo\/image\/"},"sameAs":["https:\/\/facebook.com\/sunoresearch","https:\/\/x.com\/sunoresearch","https:\/\/www.instagram.com\/suno","https:\/\/www.linkedin.com\/company\/suno-research\/","https:\/\/www.youtube.com\/c\/sunoresearch"]},{"@type":"Person","@id":"https:\/\/www.suno.com.br\/noticias\/#\/schema\/person\/87fc6973867c52dd884811905c43afba","name":"Jo\u00e3o Vitor","image":{"@type":"ImageObject","inLanguage":"pt-BR","@id":"https:\/\/www.suno.com.br\/noticias\/#\/schema\/person\/image\/","url":"https:\/\/secure.gravatar.com\/avatar\/2843227ca03ccf8cc7ccca45204c127e?s=96&r=g","contentUrl":"https:\/\/secure.gravatar.com\/avatar\/2843227ca03ccf8cc7ccca45204c127e?s=96&r=g","caption":"Jo\u00e3o Vitor"},"description":"Redator profissional, com atua\u00e7\u00e3o no mercado editorial na produ\u00e7\u00e3o de not\u00edcias e conte\u00fados sobre o mercado de a\u00e7\u00f5es, fundos imobili\u00e1rios e economia popular. Graduando em Engenharia Qu\u00edmica pela Unesp, tamb\u00e9m j\u00e1 atuou como consultor financeiro.","url":"https:\/\/www.suno.com.br\/noticias\/author\/joao-vitor-jacintho\/"}]}},"default_loop_html":"<div class=\"cardsPage__listCard__boxs\"><div class=\"cardsPage__listCard__boxs__img\"><a href=\"https:\/\/www.suno.com.br\/noticias\/fundos-imobiliarios-hoje-260923-mxrf11-irdm11-ifix-jvj\/\"><img class=\"mask\" src=\"https:\/\/www.suno.com.br\/noticias\/wp-content\/themes\/suno\/resources\/images\/spotlight\/spotlight1img\/bg-mask.png\" alt=\"Image Mask\"\/><img src=\"https:\/\/files.sunoresearch.com.br\/n\/uploads\/2023\/07\/bolsa-exchange-acoes-400x200.jpg\" alt=\"MXRF11 tem 4\u00ba dia sem ganho, IRDM11 sobe e IFIX registra pior sess\u00e3o em quase 7 meses\"\/><\/a><span class=\"spotlightCategory\"><a href=\"https:\/\/www.suno.com.br\/noticias\/negocios\/\">Neg\u00f3cios<\/a><\/span><\/div><div class=\"cardsPage__listCard__boxs__content\"><a href=\"https:\/\/www.suno.com.br\/noticias\/fundos-imobiliarios-hoje-260923-mxrf11-irdm11-ifix-jvj\/\"><h2 class=\"content__title\">MXRF11 tem 4\u00ba dia sem ganho, IRDM11 sobe e IFIX registra pior sess\u00e3o em quase 7 meses<\/h2><\/a><div class=\"newsContent__article__meta\"><div class=\"newsContent__article__meta__authorBox\"><a href=\"https:\/\/www.suno.com.br\/noticias\/author\/joao-vitor-jacintho\/\" class=\"authorBox__avatar noMobi\"><img src=\"https:\/\/secure.gravatar.com\/avatar\/2843227ca03ccf8cc7ccca45204c127e?s=96&#038;r=g\" alt=\"Jo\u00e3o Vitor Jacintho\"><\/a><div class=\"authorBox__name\"><span>por\n\t\t\t<a href=\"https:\/\/www.suno.com.br\/noticias\/author\/joao-vitor-jacintho\/\"><span itemprop=\"author\">Jo\u00e3o Vitor Jacintho<\/span><\/a><\/span><time datetime=\"2023-09-26T19:22:14-03:00\" itemprop=\"datePublished\">26\/09\/2023 19:22<\/time><\/div><\/div><\/div><\/div><\/div>","single_layout":"posts","amp_enabled":true,"_links":{"self":[{"href":"https:\/\/www.suno.com.br\/noticias\/wp-json\/wp\/v2\/posts\/462335"}],"collection":[{"href":"https:\/\/www.suno.com.br\/noticias\/wp-json\/wp\/v2\/posts"}],"about":[{"href":"https:\/\/www.suno.com.br\/noticias\/wp-json\/wp\/v2\/types\/post"}],"author":[{"embeddable":true,"href":"https:\/\/www.suno.com.br\/noticias\/wp-json\/wp\/v2\/users\/173"}],"replies":[{"embeddable":true,"href":"https:\/\/www.suno.com.br\/noticias\/wp-json\/wp\/v2\/comments?post=462335"}],"version-history":[{"count":2,"href":"https:\/\/www.suno.com.br\/noticias\/wp-json\/wp\/v2\/posts\/462335\/revisions"}],"predecessor-version":[{"id":462347,"href":"https:\/\/www.suno.com.br\/noticias\/wp-json\/wp\/v2\/posts\/462335\/revisions\/462347"}],"wp:featuredmedia":[{"embeddable":true,"href":"https:\/\/www.suno.com.br\/noticias\/wp-json\/wp\/v2\/media\/425841"}],"wp:attachment":[{"href":"https:\/\/www.suno.com.br\/noticias\/wp-json\/wp\/v2\/media?parent=462335"}],"wp:term":[{"taxonomy":"category","embeddable":true,"href":"https:\/\/www.suno.com.br\/noticias\/wp-json\/wp\/v2\/categories?post=462335"},{"taxonomy":"post_tag","embeddable":true,"href":"https:\/\/www.suno.com.br\/noticias\/wp-json\/wp\/v2\/tags?post=462335"},{"taxonomy":"suno_strategy","embeddable":true,"href":"https:\/\/www.suno.com.br\/noticias\/wp-json\/wp\/v2\/suno_strategy?post=462335"}],"curies":[{"name":"wp","href":"https:\/\/api.w.org\/{rel}","templated":true}]}}