{"id":462304,"date":"2023-09-26T22:17:02","date_gmt":"2023-09-27T01:17:02","guid":{"rendered":"https:\/\/www.suno.com.br\/noticias\/?p=462304"},"modified":"2023-09-26T22:17:07","modified_gmt":"2023-09-27T01:17:07","slug":"apagao-agosto-causas-ons","status":"publish","type":"post","link":"https:\/\/www.suno.com.br\/noticias\/apagao-agosto-causas-ons\/","title":{"rendered":"Desligamento das linhas de transmiss\u00e3o? ONS diz qual foi a causa do apag\u00e3o em agosto"},"content":{"rendered":"<p>A causa do <strong>apag\u00e3o <\/strong>n\u00e3o foi um desligamento de linhas de transmiss\u00e3o da Chesf, subsidi\u00e1ria da Eletrobras (ELET3), como tinha anunciado o Operador Nacional do Sistema El\u00e9trico (ONS). O desempenho abaixo do esperado em equipamentos de controle de tens\u00e3o de diferentes usinas e\u00f3licas e solares foi considerado a &#8220;causa raiz&#8221; do apag\u00e3o registrado em 15 de agosto, que afetou consumidores em 25 Estados e no Distrito Federal. A conclus\u00e3o consta em minuta do Relat\u00f3rio de An\u00e1lise de Perturba\u00e7\u00e3o (RAP), encaminhada na segunda-feira, 25, a agentes do setor pelo ONS.<\/p>\t<div class=\"wrapper-featured-image\">\n\t\t<figure class=\"spotlightImg\">\n\n\t\t\t<picture>\n\t\t\t\t<source media=\"(max-width: 768px)\" srcset=\"https:\/\/files.sunoresearch.com.br\/n\/uploads\/2022\/11\/dividendos-energia-eletrica-400x200.jpg\">\n\t\t\t\t<img loading=\"lazy\" decoding=\"async\" class=\"newsContent__article__imgCapa lazyloadDisabled \" src=\"https:\/\/files.sunoresearch.com.br\/n\/uploads\/2022\/11\/dividendos-energia-eletrica-800x450.jpg\" width=\"800\" height=\"450\" alt=\"Desligamento das linhas de transmiss\u00e3o? ONS diz qual foi a causa do apag\u00e3o em agosto\" fetchpriority=high \/>\n\t\t\t<\/picture>\n\n\t\t\t<figcaption class=\"wp-caption-text wp-caption-text--show\">Enel. Foto: Unsplash<\/figcaption>\n\t\t<\/figure>\n\t<\/div>\n\n\n\n\n\n\t<p>\n\t\t<a href=\"https:\/\/lp.suno.com.br\/planilha-da-vida-financeira\/\" target=\"_blank\" data-element=\"shortcode-suno-banner\" title=\"Banner SUNO, clique e saiba mais\">\n\t\t\t<picture>\n\t\t\t\t<source media=\"(max-width: 500px)\" srcset=\"https:\/\/files.sunoresearch.com.br\/n\/uploads\/2023\/04\/400x300-Planilha-vida-financeira-true.png\">\n\t\t\t\t<img class=\"newsContent__article__imgCapa newsContent__article__imgCapa--banner\"\n\t\t\t\t\tsrc=\"https:\/\/files.sunoresearch.com.br\/n\/uploads\/2023\/04\/1420x240-Planilha-vida-financeira-true.png\"\n\t\t\t\t\tdata-promo-id=\"106682\"\t\t\t\t\t\t\t\t\t\twidth='1420' height='240'\t\t\t\t\talt=\"https:\/\/files.sunoresearch.com.br\/n\/uploads\/2023\/04\/1420x240-Planilha-vida-financeira-true.png\"\n\t\t\t\t>\n\t\t\t<\/picture>\n\t\t<\/a>\n\t<\/p>\n\n\n\n\n\n\n\n<p>O documento tamb\u00e9m cita &#8220;centenas&#8221; de provid\u00eancias a serem tomadas at\u00e9 julho de 2024 por diferentes agentes do <strong>setor el\u00e9trico<\/strong>, incluindo o pr\u00f3prio ONS e geradores e\u00f3licos e fotovoltaicos. S\u00e3o a\u00e7\u00f5es como ajustes em prote\u00e7\u00f5es, quest\u00f5es relacionadas \u00e0 comunica\u00e7\u00e3o com os agentes no momento da recomposi\u00e7\u00e3o de fornecimento de energia, e a valida\u00e7\u00e3o dos modelos matem\u00e1ticos de todos os geradores e\u00f3licos e fotovoltaicos, citou o operador.<\/p>\n\n\n\n<p>Anteriormente, o <strong>ONS<\/strong> j\u00e1 tinha indicado que o &#8220;evento zero&#8221; do apag\u00e3o, identificado como sendo o desligamento da linha de transmiss\u00e3o Quixad\u00e1 &#8211; Fortaleza II, de <strong>propriedade da Chesf<\/strong>, subsidi\u00e1ria da Eletrobras, n\u00e3o teria causado sozinho uma falha das propor\u00e7\u00f5es da que ocorreu. Houve interrup\u00e7\u00e3o no fornecimento de 34,5% da carga total que estava sendo gerada no momento. O \u00f3rg\u00e3o j\u00e1 havia sinalizado que usinas de gera\u00e7\u00e3o pr\u00f3ximas a esta linha n\u00e3o apresentaram o desempenho esperado no que diz respeito ao controle de tens\u00e3o.<\/p>\n\n\n\n<p>&#8220;Esses dispositivos (equipamentos de controle de tens\u00e3o) das usinas deveriam compensar automaticamente a queda de tens\u00e3o decorrente da abertura da linha de transmiss\u00e3o. Por\u00e9m, o desempenho no momento da ocorr\u00eancia ficou aqu\u00e9m do previsto nos modelos matem\u00e1ticos fornecidos pelos agentes e testados em simula\u00e7\u00f5es pelo ONS&#8221;, explicou o operador.<\/p>\n\n\n\t<p>\n\t\t<a href=\"https:\/\/lp.suno.com.br\/ebook-como-analisar-uma-acao\/\" target=\"_blank\" data-element=\"shortcode-suno-banner\" title=\"Banner SUNO, clique e saiba mais\">\n\t\t\t<picture>\n\t\t\t\t<source media=\"(max-width: 500px)\" srcset=\"https:\/\/files.sunoresearch.com.br\/n\/uploads\/2023\/03\/Ebook-Acoes-Mobile.jpg\">\n\t\t\t\t<img class=\"newsContent__article__imgCapa newsContent__article__imgCapa--banner\"\n\t\t\t\t\tsrc=\"https:\/\/files.sunoresearch.com.br\/n\/uploads\/2023\/03\/Ebook-Acoes-Desktop.jpg\"\n\t\t\t\t\tdata-promo-id=\"378302\"\t\t\t\t\t\t\t\t\t\twidth='1420' height='286'\t\t\t\t\talt=\"https:\/\/files.sunoresearch.com.br\/n\/uploads\/2023\/03\/Ebook-Acoes-Desktop.jpg\"\n\t\t\t\t>\n\t\t\t<\/picture>\n\t\t<\/a>\n\t<\/p>\n\n\n\n\n\n<h2 class=\"wp-block-heading\">Iniciativas para evitar novo apag\u00e3o<\/h2>\n\n\n\n<p>Al\u00e9m das conclus\u00f5es e das provid\u00eancias a serem tomadas, a minuta tamb\u00e9m cita as iniciativas que j\u00e1 foram tomadas, como a redu\u00e7\u00e3o dos limites de interc\u00e2mbio entre submercados e outras medidas operativas na regi\u00e3o Nordeste, al\u00e9m da adapta\u00e7\u00e3o da base de dados oficial, pelo ONS, para representar a performance dos referidos parques e\u00f3licos e fotovoltaicos tal como observada em campo durante a perturba\u00e7\u00e3o, de modo a utiliz\u00e1-la nos estudos de car\u00e1ter operativo.<\/p>\n\n\n\n<p>O envio da minuta com as principais conclus\u00f5es do Operador sobre a apag\u00e3o faz parte das etapas e ritos de elabora\u00e7\u00e3o do relat\u00f3rio que dever\u00e1 ser finalizado at\u00e9 17 de outubro. Com a apresenta\u00e7\u00e3o da minuta aos agentes, estes poder\u00e3o se manifestar e fazer suas contribui\u00e7\u00f5es no relat\u00f3rio.<\/p>\n\n\n\n<p>Em recentes entrevistas, o diretor-geral do ONS, Luiz Carlos Ciocchi, tem dito que o relat\u00f3rio em elabora\u00e7\u00e3o \u00e9 um dos mais importante da hist\u00f3ria do ONS.<\/p>\n\n\n\n<p>&#8220;Ser\u00e1 fundamental para o aprimoramento do planejamento, da opera\u00e7\u00e3o, da regulamenta\u00e7\u00e3o e da integra\u00e7\u00e3o de novos projetos. S\u00e3o in\u00fameras as contribui\u00e7\u00f5es que traremos para o setor el\u00e9trico brasileiro e que tamb\u00e9m pode servir de par\u00e2metro para outros operadores no mundo&#8221;, voltou a dizer o executivo, em nota. A institui\u00e7\u00e3o considerou que as descobertas a partir do apag\u00e3o de agosto representam uma &#8220;mudan\u00e7a de paradigma&#8221; para o <strong>setor el\u00e9trico brasileiro<\/strong>.<\/p>\n\n\n\n<p>Na nota, Ciocchi reiterou que as li\u00e7\u00f5es aprendidas e as medidas que est\u00e3o sendo implantadas ap\u00f3s o <strong>apag\u00e3o<\/strong> ser\u00e3o essenciais para que novos parques de gera\u00e7\u00e3o de energia renov\u00e1vel continuem integrados \u00e0 matriz el\u00e9trica nacional. &#8220;O ONS j\u00e1 vem atuando por meio de um programa de moderniza\u00e7\u00e3o de seus processos e ferramentas, que ser\u00e1 acelerado, para continuar cumprindo a sua miss\u00e3o de ser um habilitador da evolu\u00e7\u00e3o do Setor El\u00e9trico Brasileiro, pelo bem da sociedade brasileira&#8221;, disse. Cerca de 85%  da <strong>matriz el\u00e9trica<\/strong> brasileira \u00e9 de fontes renov\u00e1veis, um patamar que coloca o Pa\u00eds em destaque no cen\u00e1rio de transi\u00e7\u00e3o energ\u00e9tica, j\u00e1 que essa \u00e9 a meta que muitos pa\u00edses buscam em um cen\u00e1rio de longo prazo.<\/p>\n\n\n\n<p><em>Com Estad\u00e3o Conte\u00fado<\/em><\/p>\n\n\n\t<p>\n\t\t<a href=\"https:\/\/lp.suno.com.br\/planilha-da-vida-financeira\/\" target=\"_blank\" data-element=\"shortcode-suno-banner\" title=\"Banner SUNO, clique e saiba mais\">\n\t\t\t<picture>\n\t\t\t\t<source media=\"(max-width: 500px)\" srcset=\"https:\/\/files.sunoresearch.com.br\/n\/uploads\/2023\/04\/400x300-Planilha-vida-financeira-true.png\">\n\t\t\t\t<img class=\"newsContent__article__imgCapa newsContent__article__imgCapa--banner\"\n\t\t\t\t\tsrc=\"https:\/\/files.sunoresearch.com.br\/n\/uploads\/2023\/04\/1420x240-Planilha-vida-financeira-true.png\"\n\t\t\t\t\tdata-promo-id=\"383123\"\t\t\t\t\t\t\t\t\t\twidth='1420' height='240'\t\t\t\t\talt=\"https:\/\/files.sunoresearch.com.br\/n\/uploads\/2023\/04\/1420x240-Planilha-vida-financeira-true.png\"\n\t\t\t\t>\n\t\t\t<\/picture>\n\t\t<\/a>\n\t<\/p>\n\n\n","protected":false},"excerpt":{"rendered":"<p>A causa do apag\u00e3o n\u00e3o foi um desligamento de linhas de transmiss\u00e3o da Chesf, subsidi\u00e1ria da Eletrobras (ELET3), como tinha anunciado o Operador Nacional do Sistema El\u00e9trico (ONS). O desempenho abaixo do esperado em equipamentos de controle de tens\u00e3o de diferentes usinas e\u00f3licas e solares foi considerado a &#8220;causa raiz&#8221; do apag\u00e3o registrado em 15 [&hellip;]<\/p>\n","protected":false},"author":43,"featured_media":317108,"comment_status":"closed","ping_status":"closed","sticky":false,"template":"","format":"standard","meta":[],"categories":[62],"tags":[455,106360],"suno_strategy":[],"class_list":["post-462304","post","type-post","status-publish","format-standard","has-post-thumbnail","hentry","category-economia","tag-eletrobras-elet3-elet5-elet6","tag-setor-eletrico"],"yoast_head":"<!-- This site is optimized with the Yoast SEO plugin v24.4 - https:\/\/yoast.com\/wordpress\/plugins\/seo\/ -->\n<title>Apag\u00e3o: ONS diz qual foi a causa do blecaute no pa\u00eds em agosto<\/title>\n<meta name=\"description\" content=\"A causa do apag\u00e3o n\u00e3o foi um desligamento de linhas de transmiss\u00e3o da Chesf, subsidi\u00e1ria da Eletrobras (ELET3), como tinha anunciado o ONS\" \/>\n<meta name=\"robots\" content=\"index, follow, max-snippet:-1, max-image-preview:large, max-video-preview:-1\" \/>\n<link rel=\"canonical\" href=\"https:\/\/www.suno.com.br\/noticias\/apagao-agosto-causas-ons\/\" \/>\n<meta property=\"og:locale\" content=\"pt_BR\" \/>\n<meta property=\"og:type\" content=\"article\" \/>\n<meta property=\"og:title\" content=\"Apag\u00e3o: ONS diz qual foi a causa do blecaute no pa\u00eds em agosto\" \/>\n<meta property=\"og:description\" content=\"A causa do apag\u00e3o n\u00e3o foi um desligamento de linhas de transmiss\u00e3o da Chesf, subsidi\u00e1ria da Eletrobras (ELET3), como tinha anunciado o ONS\" \/>\n<meta property=\"og:url\" content=\"https:\/\/www.suno.com.br\/noticias\/apagao-agosto-causas-ons\/\" \/>\n<meta property=\"og:site_name\" content=\"Suno Not\u00edcias\" \/>\n<meta property=\"article:publisher\" content=\"https:\/\/facebook.com\/sunoresearch\" \/>\n<meta property=\"article:author\" content=\"https:\/\/www.facebook.com\/sunonoticias\/\" \/>\n<meta property=\"og:image\" content=\"https:\/\/files.sunoresearch.com.br\/n\/uploads\/2022\/11\/dividendos-energia-eletrica-scaled.jpg\" \/>\n\t<meta property=\"og:image:width\" content=\"2560\" \/>\n\t<meta property=\"og:image:height\" content=\"1707\" \/>\n\t<meta property=\"og:image:type\" content=\"image\/jpeg\" \/>\n<meta name=\"author\" content=\"Reda\u00e7\u00e3o Suno Not\u00edcias\" \/>\n<meta name=\"twitter:card\" content=\"summary_large_image\" \/>\n<meta name=\"twitter:creator\" content=\"@https:\/\/twitter.com\/sunoresearch\" \/>\n<meta name=\"twitter:site\" content=\"@sunoresearch\" \/>\n<meta name=\"twitter:label1\" content=\"Escrito por\" \/>\n\t<meta name=\"twitter:data1\" content=\"Reda\u00e7\u00e3o Suno Not\u00edcias\" \/>\n\t<meta name=\"twitter:label2\" content=\"Est. tempo de leitura\" \/>\n\t<meta name=\"twitter:data2\" content=\"4 minutos\" \/>\n<script type=\"application\/ld+json\" class=\"yoast-schema-graph\">{\"@context\":\"https:\/\/schema.org\",\"@graph\":[{\"@type\":\"NewsArticle\",\"@id\":\"https:\/\/www.suno.com.br\/noticias\/apagao-agosto-causas-ons\/#article\",\"isPartOf\":{\"@id\":\"https:\/\/www.suno.com.br\/noticias\/apagao-agosto-causas-ons\/\"},\"author\":{\"name\":\"Reda\u00e7\u00e3o Suno Not\u00edcias\",\"@id\":\"https:\/\/www.suno.com.br\/noticias\/#\/schema\/person\/c1b1bd3727fa852bd045e9dbff3673ea\"},\"headline\":\"Desligamento das linhas de transmiss\u00e3o? ONS diz qual foi a causa do apag\u00e3o em agosto\",\"datePublished\":\"2023-09-27T01:17:02+00:00\",\"dateModified\":\"2023-09-27T01:17:07+00:00\",\"mainEntityOfPage\":{\"@id\":\"https:\/\/www.suno.com.br\/noticias\/apagao-agosto-causas-ons\/\"},\"wordCount\":747,\"publisher\":{\"@id\":\"https:\/\/www.suno.com.br\/noticias\/#organization\"},\"image\":{\"@id\":\"https:\/\/www.suno.com.br\/noticias\/apagao-agosto-causas-ons\/#primaryimage\"},\"thumbnailUrl\":\"https:\/\/files.sunoresearch.com.br\/n\/uploads\/2022\/11\/dividendos-energia-eletrica-scaled.jpg\",\"keywords\":[\"Eletrobras (ELET3\/ELET5\/ELET6)\",\"Setor el\u00e9trico\"],\"articleSection\":[\"Economia\"],\"inLanguage\":\"pt-BR\"},{\"@type\":\"WebPage\",\"@id\":\"https:\/\/www.suno.com.br\/noticias\/apagao-agosto-causas-ons\/\",\"url\":\"https:\/\/www.suno.com.br\/noticias\/apagao-agosto-causas-ons\/\",\"name\":\"Apag\u00e3o: ONS diz qual foi a causa do blecaute no pa\u00eds em agosto\",\"isPartOf\":{\"@id\":\"https:\/\/www.suno.com.br\/noticias\/#website\"},\"primaryImageOfPage\":{\"@id\":\"https:\/\/www.suno.com.br\/noticias\/apagao-agosto-causas-ons\/#primaryimage\"},\"image\":{\"@id\":\"https:\/\/www.suno.com.br\/noticias\/apagao-agosto-causas-ons\/#primaryimage\"},\"thumbnailUrl\":\"https:\/\/files.sunoresearch.com.br\/n\/uploads\/2022\/11\/dividendos-energia-eletrica-scaled.jpg\",\"datePublished\":\"2023-09-27T01:17:02+00:00\",\"dateModified\":\"2023-09-27T01:17:07+00:00\",\"description\":\"A causa do apag\u00e3o n\u00e3o foi um desligamento de linhas de transmiss\u00e3o da Chesf, subsidi\u00e1ria da Eletrobras (ELET3), como tinha anunciado o ONS\",\"breadcrumb\":{\"@id\":\"https:\/\/www.suno.com.br\/noticias\/apagao-agosto-causas-ons\/#breadcrumb\"},\"inLanguage\":\"pt-BR\",\"potentialAction\":[{\"@type\":\"ReadAction\",\"target\":[\"https:\/\/www.suno.com.br\/noticias\/apagao-agosto-causas-ons\/\"]}]},{\"@type\":\"ImageObject\",\"inLanguage\":\"pt-BR\",\"@id\":\"https:\/\/www.suno.com.br\/noticias\/apagao-agosto-causas-ons\/#primaryimage\",\"url\":\"https:\/\/files.sunoresearch.com.br\/n\/uploads\/2022\/11\/dividendos-energia-eletrica-scaled.jpg\",\"contentUrl\":\"https:\/\/files.sunoresearch.com.br\/n\/uploads\/2022\/11\/dividendos-energia-eletrica-scaled.jpg\",\"width\":2560,\"height\":1707,\"caption\":\"Enel. Foto: Unsplash\"},{\"@type\":\"BreadcrumbList\",\"@id\":\"https:\/\/www.suno.com.br\/noticias\/apagao-agosto-causas-ons\/#breadcrumb\",\"itemListElement\":[{\"@type\":\"ListItem\",\"position\":1,\"name\":\"Not\u00edcias\",\"item\":\"https:\/\/www.suno.com.br\/noticias\/\"},{\"@type\":\"ListItem\",\"position\":2,\"name\":\"Economia\",\"item\":\"https:\/\/www.suno.com.br\/noticias\/economia\/\"},{\"@type\":\"ListItem\",\"position\":3,\"name\":\"Desligamento das linhas de transmiss\u00e3o? ONS diz qual foi a causa do apag\u00e3o em agosto\"}]},{\"@type\":\"WebSite\",\"@id\":\"https:\/\/www.suno.com.br\/noticias\/#website\",\"url\":\"https:\/\/www.suno.com.br\/noticias\/\",\"name\":\"Suno Not\u00edcias\",\"description\":\"Seu portal de informa\u00e7\u00e3o sobre o mundo dos investimentos\",\"publisher\":{\"@id\":\"https:\/\/www.suno.com.br\/noticias\/#organization\"},\"potentialAction\":[{\"@type\":\"SearchAction\",\"target\":{\"@type\":\"EntryPoint\",\"urlTemplate\":\"https:\/\/www.suno.com.br\/noticias\/?s={search_term_string}\"},\"query-input\":{\"@type\":\"PropertyValueSpecification\",\"valueRequired\":true,\"valueName\":\"search_term_string\"}}],\"inLanguage\":\"pt-BR\"},{\"@type\":\"Organization\",\"@id\":\"https:\/\/www.suno.com.br\/noticias\/#organization\",\"name\":\"Suno Not\u00edcias\",\"url\":\"https:\/\/www.suno.com.br\/noticias\/\",\"logo\":{\"@type\":\"ImageObject\",\"inLanguage\":\"pt-BR\",\"@id\":\"https:\/\/www.suno.com.br\/noticias\/#\/schema\/logo\/image\/\",\"url\":\"https:\/\/files.sunoresearch.com.br\/n\/uploads\/2021\/09\/suno-logo.png\",\"contentUrl\":\"https:\/\/files.sunoresearch.com.br\/n\/uploads\/2021\/09\/suno-logo.png\",\"width\":180,\"height\":180,\"caption\":\"Suno Not\u00edcias\"},\"image\":{\"@id\":\"https:\/\/www.suno.com.br\/noticias\/#\/schema\/logo\/image\/\"},\"sameAs\":[\"https:\/\/facebook.com\/sunoresearch\",\"https:\/\/x.com\/sunoresearch\",\"https:\/\/www.instagram.com\/suno\",\"https:\/\/www.linkedin.com\/company\/suno-research\/\",\"https:\/\/www.youtube.com\/c\/sunoresearch\"]},{\"@type\":\"Person\",\"@id\":\"https:\/\/www.suno.com.br\/noticias\/#\/schema\/person\/c1b1bd3727fa852bd045e9dbff3673ea\",\"name\":\"Reda\u00e7\u00e3o Suno Not\u00edcias\",\"image\":{\"@type\":\"ImageObject\",\"inLanguage\":\"pt-BR\",\"@id\":\"https:\/\/www.suno.com.br\/noticias\/#\/schema\/person\/image\/\",\"url\":\"https:\/\/secure.gravatar.com\/avatar\/b8104b9b5a71985d5238ee59fbe418af?s=96&r=g\",\"contentUrl\":\"https:\/\/secure.gravatar.com\/avatar\/b8104b9b5a71985d5238ee59fbe418af?s=96&r=g\",\"caption\":\"Reda\u00e7\u00e3o Suno Not\u00edcias\"},\"description\":\"O Suno Not\u00edcias \u00e9 um portal de informa\u00e7\u00f5es sobre Mercado Financeiro, Pol\u00edtica, Neg\u00f3cios, Economia e Finan\u00e7as Pessoais.\",\"sameAs\":[\"https:\/\/www.suno.com.br\/noticias\",\"https:\/\/www.facebook.com\/sunonoticias\/\",\"https:\/\/www.instagram.com\/sunonoticias\/\",\"https:\/\/x.com\/https:\/\/twitter.com\/sunoresearch\",\"https:\/\/www.youtube.com\/sunonoticias\"],\"url\":\"https:\/\/www.suno.com.br\/noticias\/author\/redacao-suno\/\"}]}<\/script>\n<!-- \/ Yoast SEO plugin. -->","yoast_head_json":{"title":"Apag\u00e3o: ONS diz qual foi a causa do blecaute no pa\u00eds em agosto","description":"A causa do apag\u00e3o n\u00e3o foi um desligamento de linhas de transmiss\u00e3o da Chesf, subsidi\u00e1ria da Eletrobras (ELET3), como tinha anunciado o ONS","robots":{"index":"index","follow":"follow","max-snippet":"max-snippet:-1","max-image-preview":"max-image-preview:large","max-video-preview":"max-video-preview:-1"},"canonical":"https:\/\/www.suno.com.br\/noticias\/apagao-agosto-causas-ons\/","og_locale":"pt_BR","og_type":"article","og_title":"Apag\u00e3o: ONS diz qual foi a causa do blecaute no pa\u00eds em agosto","og_description":"A causa do apag\u00e3o n\u00e3o foi um desligamento de linhas de transmiss\u00e3o da Chesf, subsidi\u00e1ria da Eletrobras (ELET3), como tinha anunciado o ONS","og_url":"https:\/\/www.suno.com.br\/noticias\/apagao-agosto-causas-ons\/","og_site_name":"Suno Not\u00edcias","article_publisher":"https:\/\/facebook.com\/sunoresearch","article_author":"https:\/\/www.facebook.com\/sunonoticias\/","og_image":[{"width":2560,"height":1707,"url":"https:\/\/files.sunoresearch.com.br\/n\/uploads\/2022\/11\/dividendos-energia-eletrica-scaled.jpg","type":"image\/jpeg"}],"author":"Reda\u00e7\u00e3o Suno Not\u00edcias","twitter_card":"summary_large_image","twitter_creator":"@https:\/\/twitter.com\/sunoresearch","twitter_site":"@sunoresearch","twitter_misc":{"Escrito por":"Reda\u00e7\u00e3o Suno Not\u00edcias","Est. tempo de leitura":"4 minutos"},"schema":{"@context":"https:\/\/schema.org","@graph":[{"@type":"NewsArticle","@id":"https:\/\/www.suno.com.br\/noticias\/apagao-agosto-causas-ons\/#article","isPartOf":{"@id":"https:\/\/www.suno.com.br\/noticias\/apagao-agosto-causas-ons\/"},"author":{"name":"Reda\u00e7\u00e3o Suno Not\u00edcias","@id":"https:\/\/www.suno.com.br\/noticias\/#\/schema\/person\/c1b1bd3727fa852bd045e9dbff3673ea"},"headline":"Desligamento das linhas de transmiss\u00e3o? ONS diz qual foi a causa do apag\u00e3o em agosto","datePublished":"2023-09-27T01:17:02+00:00","dateModified":"2023-09-27T01:17:07+00:00","mainEntityOfPage":{"@id":"https:\/\/www.suno.com.br\/noticias\/apagao-agosto-causas-ons\/"},"wordCount":747,"publisher":{"@id":"https:\/\/www.suno.com.br\/noticias\/#organization"},"image":{"@id":"https:\/\/www.suno.com.br\/noticias\/apagao-agosto-causas-ons\/#primaryimage"},"thumbnailUrl":"https:\/\/files.sunoresearch.com.br\/n\/uploads\/2022\/11\/dividendos-energia-eletrica-scaled.jpg","keywords":["Eletrobras (ELET3\/ELET5\/ELET6)","Setor el\u00e9trico"],"articleSection":["Economia"],"inLanguage":"pt-BR"},{"@type":"WebPage","@id":"https:\/\/www.suno.com.br\/noticias\/apagao-agosto-causas-ons\/","url":"https:\/\/www.suno.com.br\/noticias\/apagao-agosto-causas-ons\/","name":"Apag\u00e3o: ONS diz qual foi a causa do blecaute no pa\u00eds em agosto","isPartOf":{"@id":"https:\/\/www.suno.com.br\/noticias\/#website"},"primaryImageOfPage":{"@id":"https:\/\/www.suno.com.br\/noticias\/apagao-agosto-causas-ons\/#primaryimage"},"image":{"@id":"https:\/\/www.suno.com.br\/noticias\/apagao-agosto-causas-ons\/#primaryimage"},"thumbnailUrl":"https:\/\/files.sunoresearch.com.br\/n\/uploads\/2022\/11\/dividendos-energia-eletrica-scaled.jpg","datePublished":"2023-09-27T01:17:02+00:00","dateModified":"2023-09-27T01:17:07+00:00","description":"A causa do apag\u00e3o n\u00e3o foi um desligamento de linhas de transmiss\u00e3o da Chesf, subsidi\u00e1ria da Eletrobras (ELET3), como tinha anunciado o ONS","breadcrumb":{"@id":"https:\/\/www.suno.com.br\/noticias\/apagao-agosto-causas-ons\/#breadcrumb"},"inLanguage":"pt-BR","potentialAction":[{"@type":"ReadAction","target":["https:\/\/www.suno.com.br\/noticias\/apagao-agosto-causas-ons\/"]}]},{"@type":"ImageObject","inLanguage":"pt-BR","@id":"https:\/\/www.suno.com.br\/noticias\/apagao-agosto-causas-ons\/#primaryimage","url":"https:\/\/files.sunoresearch.com.br\/n\/uploads\/2022\/11\/dividendos-energia-eletrica-scaled.jpg","contentUrl":"https:\/\/files.sunoresearch.com.br\/n\/uploads\/2022\/11\/dividendos-energia-eletrica-scaled.jpg","width":2560,"height":1707,"caption":"Enel. Foto: Unsplash"},{"@type":"BreadcrumbList","@id":"https:\/\/www.suno.com.br\/noticias\/apagao-agosto-causas-ons\/#breadcrumb","itemListElement":[{"@type":"ListItem","position":1,"name":"Not\u00edcias","item":"https:\/\/www.suno.com.br\/noticias\/"},{"@type":"ListItem","position":2,"name":"Economia","item":"https:\/\/www.suno.com.br\/noticias\/economia\/"},{"@type":"ListItem","position":3,"name":"Desligamento das linhas de transmiss\u00e3o? ONS diz qual foi a causa do apag\u00e3o em agosto"}]},{"@type":"WebSite","@id":"https:\/\/www.suno.com.br\/noticias\/#website","url":"https:\/\/www.suno.com.br\/noticias\/","name":"Suno Not\u00edcias","description":"Seu portal de informa\u00e7\u00e3o sobre o mundo dos investimentos","publisher":{"@id":"https:\/\/www.suno.com.br\/noticias\/#organization"},"potentialAction":[{"@type":"SearchAction","target":{"@type":"EntryPoint","urlTemplate":"https:\/\/www.suno.com.br\/noticias\/?s={search_term_string}"},"query-input":{"@type":"PropertyValueSpecification","valueRequired":true,"valueName":"search_term_string"}}],"inLanguage":"pt-BR"},{"@type":"Organization","@id":"https:\/\/www.suno.com.br\/noticias\/#organization","name":"Suno Not\u00edcias","url":"https:\/\/www.suno.com.br\/noticias\/","logo":{"@type":"ImageObject","inLanguage":"pt-BR","@id":"https:\/\/www.suno.com.br\/noticias\/#\/schema\/logo\/image\/","url":"https:\/\/files.sunoresearch.com.br\/n\/uploads\/2021\/09\/suno-logo.png","contentUrl":"https:\/\/files.sunoresearch.com.br\/n\/uploads\/2021\/09\/suno-logo.png","width":180,"height":180,"caption":"Suno Not\u00edcias"},"image":{"@id":"https:\/\/www.suno.com.br\/noticias\/#\/schema\/logo\/image\/"},"sameAs":["https:\/\/facebook.com\/sunoresearch","https:\/\/x.com\/sunoresearch","https:\/\/www.instagram.com\/suno","https:\/\/www.linkedin.com\/company\/suno-research\/","https:\/\/www.youtube.com\/c\/sunoresearch"]},{"@type":"Person","@id":"https:\/\/www.suno.com.br\/noticias\/#\/schema\/person\/c1b1bd3727fa852bd045e9dbff3673ea","name":"Reda\u00e7\u00e3o Suno Not\u00edcias","image":{"@type":"ImageObject","inLanguage":"pt-BR","@id":"https:\/\/www.suno.com.br\/noticias\/#\/schema\/person\/image\/","url":"https:\/\/secure.gravatar.com\/avatar\/b8104b9b5a71985d5238ee59fbe418af?s=96&r=g","contentUrl":"https:\/\/secure.gravatar.com\/avatar\/b8104b9b5a71985d5238ee59fbe418af?s=96&r=g","caption":"Reda\u00e7\u00e3o Suno Not\u00edcias"},"description":"O Suno Not\u00edcias \u00e9 um portal de informa\u00e7\u00f5es sobre Mercado Financeiro, Pol\u00edtica, Neg\u00f3cios, Economia e Finan\u00e7as Pessoais.","sameAs":["https:\/\/www.suno.com.br\/noticias","https:\/\/www.facebook.com\/sunonoticias\/","https:\/\/www.instagram.com\/sunonoticias\/","https:\/\/x.com\/https:\/\/twitter.com\/sunoresearch","https:\/\/www.youtube.com\/sunonoticias"],"url":"https:\/\/www.suno.com.br\/noticias\/author\/redacao-suno\/"}]}},"default_loop_html":"<div class=\"cardsPage__listCard__boxs\"><div class=\"cardsPage__listCard__boxs__img\"><a href=\"https:\/\/www.suno.com.br\/noticias\/apagao-agosto-causas-ons\/\"><img class=\"mask\" src=\"https:\/\/www.suno.com.br\/noticias\/wp-content\/themes\/suno\/resources\/images\/spotlight\/spotlight1img\/bg-mask.png\" alt=\"Image Mask\"\/><img src=\"https:\/\/files.sunoresearch.com.br\/n\/uploads\/2022\/11\/dividendos-energia-eletrica-400x200.jpg\" alt=\"Desligamento das linhas de transmiss\u00e3o? ONS diz qual foi a causa do apag\u00e3o em agosto\"\/><\/a><span class=\"spotlightCategory\"><a href=\"https:\/\/www.suno.com.br\/noticias\/economia\/\">Economia<\/a><\/span><\/div><div class=\"cardsPage__listCard__boxs__content\"><a href=\"https:\/\/www.suno.com.br\/noticias\/apagao-agosto-causas-ons\/\"><h2 class=\"content__title\">Desligamento das linhas de transmiss\u00e3o? ONS diz qual foi a causa do apag\u00e3o em agosto<\/h2><\/a><div class=\"newsContent__article__meta\"><div class=\"newsContent__article__meta__authorBox\"><a href=\"https:\/\/www.suno.com.br\/noticias\/author\/redacao-suno\/\" class=\"authorBox__avatar noMobi\"><img src=\"https:\/\/files.sunoresearch.com.br\/n\/uploads\/2020\/08\/0ace682d-redacao-1-150x150.webp\" alt=\"Reda\u00e7\u00e3o Suno Not\u00edcias\"><\/a><div class=\"authorBox__name\"><span>por\n\t\t\t<a href=\"https:\/\/www.suno.com.br\/noticias\/author\/redacao-suno\/\"><span itemprop=\"author\">Reda\u00e7\u00e3o Suno Not\u00edcias<\/span><\/a><\/span><time datetime=\"2023-09-26T22:17:02-03:00\" itemprop=\"datePublished\">26\/09\/2023 22:17<\/time><\/div><\/div><\/div><\/div><\/div>","single_layout":"posts","amp_enabled":true,"_links":{"self":[{"href":"https:\/\/www.suno.com.br\/noticias\/wp-json\/wp\/v2\/posts\/462304"}],"collection":[{"href":"https:\/\/www.suno.com.br\/noticias\/wp-json\/wp\/v2\/posts"}],"about":[{"href":"https:\/\/www.suno.com.br\/noticias\/wp-json\/wp\/v2\/types\/post"}],"author":[{"embeddable":true,"href":"https:\/\/www.suno.com.br\/noticias\/wp-json\/wp\/v2\/users\/43"}],"replies":[{"embeddable":true,"href":"https:\/\/www.suno.com.br\/noticias\/wp-json\/wp\/v2\/comments?post=462304"}],"version-history":[{"count":2,"href":"https:\/\/www.suno.com.br\/noticias\/wp-json\/wp\/v2\/posts\/462304\/revisions"}],"predecessor-version":[{"id":462443,"href":"https:\/\/www.suno.com.br\/noticias\/wp-json\/wp\/v2\/posts\/462304\/revisions\/462443"}],"wp:featuredmedia":[{"embeddable":true,"href":"https:\/\/www.suno.com.br\/noticias\/wp-json\/wp\/v2\/media\/317108"}],"wp:attachment":[{"href":"https:\/\/www.suno.com.br\/noticias\/wp-json\/wp\/v2\/media?parent=462304"}],"wp:term":[{"taxonomy":"category","embeddable":true,"href":"https:\/\/www.suno.com.br\/noticias\/wp-json\/wp\/v2\/categories?post=462304"},{"taxonomy":"post_tag","embeddable":true,"href":"https:\/\/www.suno.com.br\/noticias\/wp-json\/wp\/v2\/tags?post=462304"},{"taxonomy":"suno_strategy","embeddable":true,"href":"https:\/\/www.suno.com.br\/noticias\/wp-json\/wp\/v2\/suno_strategy?post=462304"}],"curies":[{"name":"wp","href":"https:\/\/api.w.org\/{rel}","templated":true}]}}